{"id":99923,"date":"2025-08-14T18:22:42","date_gmt":"2025-08-14T16:22:42","guid":{"rendered":"https:\/\/www.eslebedasauto.at\/?p=99923"},"modified":"2025-08-14T18:32:01","modified_gmt":"2025-08-14T16:32:01","slug":"alpine-a290-gts-der-e-hot-hatch-mit-rallye-erbe","status":"publish","type":"post","link":"https:\/\/www.eslebedasauto.at\/it\/alpine-a290-gts-der-e-hot-hatch-mit-rallye-erbe\/","title":{"rendered":"Alpine A290 GTS \u2013 Der E-Hot-Hatch mit Rallye-Erbe"},"content":{"rendered":"<p>Alpine b\u00e4ckt das hei\u00df ersehnte Comeback im Elektrosegment: Der A290 GTS zapft die Legende des Renault 5 Turbo an, bleibt dabei freilich futuristisch gestylt, mit breiteren Karosserien, X-Leuchten und 19\u2011Z\u00f6llern \u2013 ein echter Rallye-Flirt im City-M\u00e4ntelchen. Ein Hot-Hatch von heute, mit Augenzwinkern nach gestern.<\/p>\n\n\n\n<figure class=\"wp-block-gallery has-nested-images columns-default is-cropped wp-block-gallery-1 is-layout-flex wp-block-gallery-is-layout-flex\">\n<figure class=\"wp-block-image size-large\"><a href=\"https:\/\/www.eslebedasauto.at\/wp-content\/uploads\/2025\/08\/IMG_2754-scaled.jpg\"><img fetchpriority=\"high\" decoding=\"async\" width=\"1024\" height=\"768\" data-id=\"99989\" src=\"https:\/\/www.eslebedasauto.at\/wp-content\/uploads\/2025\/08\/IMG_2754-1024x768.jpg\" alt=\"\" class=\"wp-image-99989\" srcset=\"https:\/\/www.eslebedasauto.at\/wp-content\/uploads\/2025\/08\/IMG_2754-1024x768.jpg 1024w, https:\/\/www.eslebedasauto.at\/wp-content\/uploads\/2025\/08\/IMG_2754-300x225.jpg 300w, https:\/\/www.eslebedasauto.at\/wp-content\/uploads\/2025\/08\/IMG_2754-768x576.jpg 768w, https:\/\/www.eslebedasauto.at\/wp-content\/uploads\/2025\/08\/IMG_2754-1536x1152.jpg 1536w, https:\/\/www.eslebedasauto.at\/wp-content\/uploads\/2025\/08\/IMG_2754-2048x1536.jpg 2048w\" sizes=\"(max-width: 1024px) 100vw, 1024px\" \/><\/a><\/figure>\n\n\n\n<figure class=\"wp-block-image size-large\"><a href=\"https:\/\/www.eslebedasauto.at\/wp-content\/uploads\/2025\/08\/IMG_2742-scaled.jpg\"><img decoding=\"async\" width=\"1024\" height=\"768\" data-id=\"99977\" src=\"https:\/\/www.eslebedasauto.at\/wp-content\/uploads\/2025\/08\/IMG_2742-1024x768.jpg\" alt=\"\" class=\"wp-image-99977\" srcset=\"https:\/\/www.eslebedasauto.at\/wp-content\/uploads\/2025\/08\/IMG_2742-1024x768.jpg 1024w, https:\/\/www.eslebedasauto.at\/wp-content\/uploads\/2025\/08\/IMG_2742-300x225.jpg 300w, https:\/\/www.eslebedasauto.at\/wp-content\/uploads\/2025\/08\/IMG_2742-768x576.jpg 768w, https:\/\/www.eslebedasauto.at\/wp-content\/uploads\/2025\/08\/IMG_2742-1536x1152.jpg 1536w, https:\/\/www.eslebedasauto.at\/wp-content\/uploads\/2025\/08\/IMG_2742-2048x1536.jpg 2048w\" sizes=\"(max-width: 1024px) 100vw, 1024px\" \/><\/a><\/figure>\n\n\n\n<figure class=\"wp-block-image size-large\"><a href=\"https:\/\/www.eslebedasauto.at\/wp-content\/uploads\/2025\/08\/IMG_2730-scaled.jpg\"><img decoding=\"async\" width=\"1024\" height=\"768\" data-id=\"99967\" src=\"https:\/\/www.eslebedasauto.at\/wp-content\/uploads\/2025\/08\/IMG_2730-1024x768.jpg\" alt=\"\" class=\"wp-image-99967\" srcset=\"https:\/\/www.eslebedasauto.at\/wp-content\/uploads\/2025\/08\/IMG_2730-1024x768.jpg 1024w, https:\/\/www.eslebedasauto.at\/wp-content\/uploads\/2025\/08\/IMG_2730-300x225.jpg 300w, https:\/\/www.eslebedasauto.at\/wp-content\/uploads\/2025\/08\/IMG_2730-768x576.jpg 768w, https:\/\/www.eslebedasauto.at\/wp-content\/uploads\/2025\/08\/IMG_2730-1536x1152.jpg 1536w, https:\/\/www.eslebedasauto.at\/wp-content\/uploads\/2025\/08\/IMG_2730-2048x1536.jpg 2048w\" sizes=\"(max-width: 1024px) 100vw, 1024px\" \/><\/a><\/figure>\n<\/figure>\n\n\n\n<p>Das Fahrverhalten des Alpine A290 GTS ist sp\u00fcrbar auf Dynamik ausgelegt, ohne dabei v\u00f6llig den Alltagsnutzen aus den Augen zu verlieren. Auf der <strong>Landstra\u00dfe<\/strong> spielt der kleine Elektro-Hot-Hatch seine St\u00e4rken voll aus: Das pr\u00e4zise abgestimmte Fahrwerk, die progressive Lenkung und das geringe Gewicht (unter 1,5 Tonnen) sorgen f\u00fcr ein direktes, agiles Fahrgef\u00fchl. Die D\u00e4mpfer sind straff, aber nicht unkomfortabel \u2013 kurze Querfugen werden noch ausreichend gefiltert, ohne das Lenkgef\u00fchl zu verw\u00e4ssern. In schnell gefahrenen Kurven vermittelt der A290 GTS viel Vertrauen: Untersteuern tritt erst sp\u00e4t auf, die Vorderr\u00e4der bei\u00dfen sich f\u00f6rmlich in den Asphalt.<\/p>\n\n\n\n<p>Besonders auff\u00e4llig ist die <strong>eigens entwickelte Mehrlenker-Hinterachse<\/strong> \u2013 ein Feature, das in dieser Fahrzeugklasse selten zu finden ist. Sie tr\u00e4gt ma\u00dfgeblich dazu bei, dass der Alpine beim Einlenken sehr stabil bleibt, auch wenn es mal schneller ums Eck geht. Das ESP greift zur\u00fcckhaltend, aber effektiv ein \u2013 der GTS l\u00e4sst sich bewusst sportlich bewegen, ohne nerv\u00f6s oder \u00fcberfordert zu wirken.<\/p>\n\n\n\n<p>Auf der <strong>Autobahn<\/strong> hingegen zeigt sich eine gewisse Grenze: Zwar reicht die Leistung (218\u202fPS, 300\u202fNm) aus, um im Verkehr locker mitzuschwimmen und auch \u00dcberholman\u00f6ver z\u00fcgig abzuschlie\u00dfen, aber ab etwa <strong>130 km\/h<\/strong> nimmt der Vortrieb sp\u00fcrbar ab. Die H\u00f6chstgeschwindigkeit ist bei <strong>170 km\/h<\/strong> elektronisch begrenzt \u2013 und das merkt man. Der GTS ist nicht f\u00fcr Dauertempo auf der linken Spur gebaut, sondern eher f\u00fcr die dynamische Landstra\u00dfenhatz.<\/p>\n\n\n\n<p>Auch das Thema <strong>Wind- und Abrollger\u00e4usche<\/strong> f\u00e4llt bei Autobahntempo st\u00e4rker ins Gewicht. Trotz guter D\u00e4mmung bleibt das Fahrzeug insgesamt lauter als klassische Kompaktklasse-Stromer \u2013 was aber wohl auch dem sportlichen Ansatz geschuldet ist. Die Ger\u00e4uschkulisse ist nicht st\u00f6rend, aber pr\u00e4sent. Wer den GTS artgerecht h\u00e4lt, also unter 150\u202fkm\/h, erlebt ihn als ausreichend komfortabel.<\/p>\n\n\n\n<p>Ein Sonderthema ist der synthetische <strong>\u201eAlpine Drive Sound\u201c<\/strong>, der im Innenraum einen sportlich modulierten E-Sound erzeugt \u2013 Geschmacksache. Er reagiert dynamisch auf Fahrverhalten, l\u00e4sst sich aber auch deaktivieren. Die echten Soundfetischisten werden hier nichts Akustisches \u201ef\u00fchlen\u201c, aber der Versuch, Emotion \u00fcber Klang zu transportieren, ist sp\u00fcrbar.<\/p>\n\n\n\n<figure class=\"wp-block-gallery has-nested-images columns-4 is-cropped wp-block-gallery-2 is-layout-flex wp-block-gallery-is-layout-flex\">\n<figure class=\"wp-block-image size-large\"><a href=\"https:\/\/www.eslebedasauto.at\/wp-content\/uploads\/2025\/08\/IMG_2735-scaled.jpg\"><img loading=\"lazy\" decoding=\"async\" width=\"768\" height=\"1024\" data-id=\"99970\" src=\"https:\/\/www.eslebedasauto.at\/wp-content\/uploads\/2025\/08\/IMG_2735-768x1024.jpg\" alt=\"\" class=\"wp-image-99970\" srcset=\"https:\/\/www.eslebedasauto.at\/wp-content\/uploads\/2025\/08\/IMG_2735-768x1024.jpg 768w, https:\/\/www.eslebedasauto.at\/wp-content\/uploads\/2025\/08\/IMG_2735-225x300.jpg 225w, https:\/\/www.eslebedasauto.at\/wp-content\/uploads\/2025\/08\/IMG_2735-1152x1536.jpg 1152w, https:\/\/www.eslebedasauto.at\/wp-content\/uploads\/2025\/08\/IMG_2735-1536x2048.jpg 1536w, https:\/\/www.eslebedasauto.at\/wp-content\/uploads\/2025\/08\/IMG_2735-scaled.jpg 1920w\" sizes=\"(max-width: 768px) 100vw, 768px\" \/><\/a><\/figure>\n\n\n\n<figure class=\"wp-block-image size-large\"><a href=\"https:\/\/www.eslebedasauto.at\/wp-content\/uploads\/2025\/08\/IMG_2738-scaled.jpg\"><img loading=\"lazy\" decoding=\"async\" width=\"768\" height=\"1024\" data-id=\"99973\" src=\"https:\/\/www.eslebedasauto.at\/wp-content\/uploads\/2025\/08\/IMG_2738-768x1024.jpg\" alt=\"\" class=\"wp-image-99973\" srcset=\"https:\/\/www.eslebedasauto.at\/wp-content\/uploads\/2025\/08\/IMG_2738-768x1024.jpg 768w, https:\/\/www.eslebedasauto.at\/wp-content\/uploads\/2025\/08\/IMG_2738-225x300.jpg 225w, https:\/\/www.eslebedasauto.at\/wp-content\/uploads\/2025\/08\/IMG_2738-1152x1536.jpg 1152w, https:\/\/www.eslebedasauto.at\/wp-content\/uploads\/2025\/08\/IMG_2738-1536x2048.jpg 1536w, https:\/\/www.eslebedasauto.at\/wp-content\/uploads\/2025\/08\/IMG_2738-scaled.jpg 1920w\" sizes=\"(max-width: 768px) 100vw, 768px\" \/><\/a><\/figure>\n\n\n\n<figure class=\"wp-block-image size-large\"><a href=\"https:\/\/www.eslebedasauto.at\/wp-content\/uploads\/2025\/08\/IMG_2732-scaled.jpg\"><img loading=\"lazy\" decoding=\"async\" width=\"1024\" height=\"768\" data-id=\"99968\" src=\"https:\/\/www.eslebedasauto.at\/wp-content\/uploads\/2025\/08\/IMG_2732-1024x768.jpg\" alt=\"\" class=\"wp-image-99968\" srcset=\"https:\/\/www.eslebedasauto.at\/wp-content\/uploads\/2025\/08\/IMG_2732-1024x768.jpg 1024w, https:\/\/www.eslebedasauto.at\/wp-content\/uploads\/2025\/08\/IMG_2732-300x225.jpg 300w, https:\/\/www.eslebedasauto.at\/wp-content\/uploads\/2025\/08\/IMG_2732-768x576.jpg 768w, https:\/\/www.eslebedasauto.at\/wp-content\/uploads\/2025\/08\/IMG_2732-1536x1152.jpg 1536w, https:\/\/www.eslebedasauto.at\/wp-content\/uploads\/2025\/08\/IMG_2732-2048x1536.jpg 2048w\" sizes=\"(max-width: 1024px) 100vw, 1024px\" \/><\/a><\/figure>\n\n\n\n<figure class=\"wp-block-image size-large\"><a href=\"https:\/\/www.eslebedasauto.at\/wp-content\/uploads\/2025\/08\/IMG_2739-scaled.jpg\"><img loading=\"lazy\" decoding=\"async\" width=\"1024\" height=\"768\" data-id=\"99974\" src=\"https:\/\/www.eslebedasauto.at\/wp-content\/uploads\/2025\/08\/IMG_2739-1024x768.jpg\" alt=\"\" class=\"wp-image-99974\" srcset=\"https:\/\/www.eslebedasauto.at\/wp-content\/uploads\/2025\/08\/IMG_2739-1024x768.jpg 1024w, https:\/\/www.eslebedasauto.at\/wp-content\/uploads\/2025\/08\/IMG_2739-300x225.jpg 300w, https:\/\/www.eslebedasauto.at\/wp-content\/uploads\/2025\/08\/IMG_2739-768x576.jpg 768w, https:\/\/www.eslebedasauto.at\/wp-content\/uploads\/2025\/08\/IMG_2739-1536x1152.jpg 1536w, https:\/\/www.eslebedasauto.at\/wp-content\/uploads\/2025\/08\/IMG_2739-2048x1536.jpg 2048w\" sizes=\"(max-width: 1024px) 100vw, 1024px\" \/><\/a><\/figure>\n\n\n\n<figure class=\"wp-block-image size-large\"><a href=\"https:\/\/www.eslebedasauto.at\/wp-content\/uploads\/2025\/08\/IMG_2744-scaled.jpg\"><img loading=\"lazy\" decoding=\"async\" width=\"768\" height=\"1024\" data-id=\"99979\" src=\"https:\/\/www.eslebedasauto.at\/wp-content\/uploads\/2025\/08\/IMG_2744-768x1024.jpg\" alt=\"\" class=\"wp-image-99979\" srcset=\"https:\/\/www.eslebedasauto.at\/wp-content\/uploads\/2025\/08\/IMG_2744-768x1024.jpg 768w, https:\/\/www.eslebedasauto.at\/wp-content\/uploads\/2025\/08\/IMG_2744-225x300.jpg 225w, https:\/\/www.eslebedasauto.at\/wp-content\/uploads\/2025\/08\/IMG_2744-1152x1536.jpg 1152w, https:\/\/www.eslebedasauto.at\/wp-content\/uploads\/2025\/08\/IMG_2744-1536x2048.jpg 1536w, https:\/\/www.eslebedasauto.at\/wp-content\/uploads\/2025\/08\/IMG_2744-scaled.jpg 1920w\" sizes=\"(max-width: 768px) 100vw, 768px\" \/><\/a><\/figure>\n\n\n\n<figure class=\"wp-block-image size-large\"><a href=\"https:\/\/www.eslebedasauto.at\/wp-content\/uploads\/2025\/08\/IMG_2745-scaled.jpg\"><img loading=\"lazy\" decoding=\"async\" width=\"1024\" height=\"768\" data-id=\"99980\" src=\"https:\/\/www.eslebedasauto.at\/wp-content\/uploads\/2025\/08\/IMG_2745-1024x768.jpg\" alt=\"\" class=\"wp-image-99980\" srcset=\"https:\/\/www.eslebedasauto.at\/wp-content\/uploads\/2025\/08\/IMG_2745-1024x768.jpg 1024w, https:\/\/www.eslebedasauto.at\/wp-content\/uploads\/2025\/08\/IMG_2745-300x225.jpg 300w, https:\/\/www.eslebedasauto.at\/wp-content\/uploads\/2025\/08\/IMG_2745-768x576.jpg 768w, https:\/\/www.eslebedasauto.at\/wp-content\/uploads\/2025\/08\/IMG_2745-1536x1152.jpg 1536w, https:\/\/www.eslebedasauto.at\/wp-content\/uploads\/2025\/08\/IMG_2745-2048x1536.jpg 2048w\" sizes=\"(max-width: 1024px) 100vw, 1024px\" \/><\/a><\/figure>\n\n\n\n<figure class=\"wp-block-image size-large\"><a href=\"https:\/\/www.eslebedasauto.at\/wp-content\/uploads\/2025\/08\/IMG_2734-scaled.jpg\"><img loading=\"lazy\" decoding=\"async\" width=\"768\" height=\"1024\" data-id=\"99969\" src=\"https:\/\/www.eslebedasauto.at\/wp-content\/uploads\/2025\/08\/IMG_2734-768x1024.jpg\" alt=\"\" class=\"wp-image-99969\" srcset=\"https:\/\/www.eslebedasauto.at\/wp-content\/uploads\/2025\/08\/IMG_2734-768x1024.jpg 768w, https:\/\/www.eslebedasauto.at\/wp-content\/uploads\/2025\/08\/IMG_2734-225x300.jpg 225w, https:\/\/www.eslebedasauto.at\/wp-content\/uploads\/2025\/08\/IMG_2734-1152x1536.jpg 1152w, https:\/\/www.eslebedasauto.at\/wp-content\/uploads\/2025\/08\/IMG_2734-1536x2048.jpg 1536w, https:\/\/www.eslebedasauto.at\/wp-content\/uploads\/2025\/08\/IMG_2734-scaled.jpg 1920w\" sizes=\"(max-width: 768px) 100vw, 768px\" \/><\/a><\/figure>\n\n\n\n<figure class=\"wp-block-image size-large\"><a href=\"https:\/\/www.eslebedasauto.at\/wp-content\/uploads\/2025\/08\/IMG_2749-scaled.jpg\"><img loading=\"lazy\" decoding=\"async\" width=\"1024\" height=\"768\" data-id=\"99984\" src=\"https:\/\/www.eslebedasauto.at\/wp-content\/uploads\/2025\/08\/IMG_2749-1024x768.jpg\" alt=\"\" class=\"wp-image-99984\" srcset=\"https:\/\/www.eslebedasauto.at\/wp-content\/uploads\/2025\/08\/IMG_2749-1024x768.jpg 1024w, https:\/\/www.eslebedasauto.at\/wp-content\/uploads\/2025\/08\/IMG_2749-300x225.jpg 300w, https:\/\/www.eslebedasauto.at\/wp-content\/uploads\/2025\/08\/IMG_2749-768x576.jpg 768w, https:\/\/www.eslebedasauto.at\/wp-content\/uploads\/2025\/08\/IMG_2749-1536x1152.jpg 1536w, https:\/\/www.eslebedasauto.at\/wp-content\/uploads\/2025\/08\/IMG_2749-2048x1536.jpg 2048w\" sizes=\"(max-width: 1024px) 100vw, 1024px\" \/><\/a><\/figure>\n\n\n\n<figure class=\"wp-block-image size-large\"><a href=\"https:\/\/www.eslebedasauto.at\/wp-content\/uploads\/2025\/08\/IMG_2750-scaled.jpg\"><img loading=\"lazy\" decoding=\"async\" width=\"768\" height=\"1024\" data-id=\"99985\" src=\"https:\/\/www.eslebedasauto.at\/wp-content\/uploads\/2025\/08\/IMG_2750-768x1024.jpg\" alt=\"\" class=\"wp-image-99985\" srcset=\"https:\/\/www.eslebedasauto.at\/wp-content\/uploads\/2025\/08\/IMG_2750-768x1024.jpg 768w, https:\/\/www.eslebedasauto.at\/wp-content\/uploads\/2025\/08\/IMG_2750-225x300.jpg 225w, https:\/\/www.eslebedasauto.at\/wp-content\/uploads\/2025\/08\/IMG_2750-1152x1536.jpg 1152w, https:\/\/www.eslebedasauto.at\/wp-content\/uploads\/2025\/08\/IMG_2750-1536x2048.jpg 1536w, https:\/\/www.eslebedasauto.at\/wp-content\/uploads\/2025\/08\/IMG_2750-scaled.jpg 1920w\" sizes=\"(max-width: 768px) 100vw, 768px\" \/><\/a><\/figure>\n\n\n\n<figure class=\"wp-block-image size-large\"><a href=\"https:\/\/www.eslebedasauto.at\/wp-content\/uploads\/2025\/08\/IMG_2751-scaled.jpg\"><img loading=\"lazy\" decoding=\"async\" width=\"1024\" height=\"768\" data-id=\"99986\" src=\"https:\/\/www.eslebedasauto.at\/wp-content\/uploads\/2025\/08\/IMG_2751-1024x768.jpg\" alt=\"\" class=\"wp-image-99986\" srcset=\"https:\/\/www.eslebedasauto.at\/wp-content\/uploads\/2025\/08\/IMG_2751-1024x768.jpg 1024w, https:\/\/www.eslebedasauto.at\/wp-content\/uploads\/2025\/08\/IMG_2751-300x225.jpg 300w, https:\/\/www.eslebedasauto.at\/wp-content\/uploads\/2025\/08\/IMG_2751-768x576.jpg 768w, https:\/\/www.eslebedasauto.at\/wp-content\/uploads\/2025\/08\/IMG_2751-1536x1152.jpg 1536w, https:\/\/www.eslebedasauto.at\/wp-content\/uploads\/2025\/08\/IMG_2751-2048x1536.jpg 2048w\" sizes=\"(max-width: 1024px) 100vw, 1024px\" \/><\/a><\/figure>\n\n\n\n<figure class=\"wp-block-image size-large\"><a href=\"https:\/\/www.eslebedasauto.at\/wp-content\/uploads\/2025\/08\/IMG_2752-scaled.jpg\"><img loading=\"lazy\" decoding=\"async\" width=\"768\" height=\"1024\" data-id=\"99987\" src=\"https:\/\/www.eslebedasauto.at\/wp-content\/uploads\/2025\/08\/IMG_2752-768x1024.jpg\" alt=\"\" class=\"wp-image-99987\" srcset=\"https:\/\/www.eslebedasauto.at\/wp-content\/uploads\/2025\/08\/IMG_2752-768x1024.jpg 768w, https:\/\/www.eslebedasauto.at\/wp-content\/uploads\/2025\/08\/IMG_2752-225x300.jpg 225w, https:\/\/www.eslebedasauto.at\/wp-content\/uploads\/2025\/08\/IMG_2752-1152x1536.jpg 1152w, https:\/\/www.eslebedasauto.at\/wp-content\/uploads\/2025\/08\/IMG_2752-1536x2048.jpg 1536w, https:\/\/www.eslebedasauto.at\/wp-content\/uploads\/2025\/08\/IMG_2752-scaled.jpg 1920w\" sizes=\"(max-width: 768px) 100vw, 768px\" \/><\/a><\/figure>\n\n\n\n<figure class=\"wp-block-image size-large\"><a href=\"https:\/\/www.eslebedasauto.at\/wp-content\/uploads\/2025\/08\/IMG_2746-scaled.jpg\"><img loading=\"lazy\" decoding=\"async\" width=\"768\" height=\"1024\" data-id=\"99981\" src=\"https:\/\/www.eslebedasauto.at\/wp-content\/uploads\/2025\/08\/IMG_2746-768x1024.jpg\" alt=\"\" class=\"wp-image-99981\" srcset=\"https:\/\/www.eslebedasauto.at\/wp-content\/uploads\/2025\/08\/IMG_2746-768x1024.jpg 768w, https:\/\/www.eslebedasauto.at\/wp-content\/uploads\/2025\/08\/IMG_2746-225x300.jpg 225w, https:\/\/www.eslebedasauto.at\/wp-content\/uploads\/2025\/08\/IMG_2746-1152x1536.jpg 1152w, https:\/\/www.eslebedasauto.at\/wp-content\/uploads\/2025\/08\/IMG_2746-1536x2048.jpg 1536w, https:\/\/www.eslebedasauto.at\/wp-content\/uploads\/2025\/08\/IMG_2746-scaled.jpg 1920w\" sizes=\"(max-width: 768px) 100vw, 768px\" \/><\/a><\/figure>\n\n\n\n<figure class=\"wp-block-image size-large\"><a href=\"https:\/\/www.eslebedasauto.at\/wp-content\/uploads\/2025\/08\/IMG_2743-scaled.jpg\"><img loading=\"lazy\" decoding=\"async\" width=\"1024\" height=\"768\" data-id=\"99978\" src=\"https:\/\/www.eslebedasauto.at\/wp-content\/uploads\/2025\/08\/IMG_2743-1024x768.jpg\" alt=\"\" class=\"wp-image-99978\" srcset=\"https:\/\/www.eslebedasauto.at\/wp-content\/uploads\/2025\/08\/IMG_2743-1024x768.jpg 1024w, https:\/\/www.eslebedasauto.at\/wp-content\/uploads\/2025\/08\/IMG_2743-300x225.jpg 300w, https:\/\/www.eslebedasauto.at\/wp-content\/uploads\/2025\/08\/IMG_2743-768x576.jpg 768w, https:\/\/www.eslebedasauto.at\/wp-content\/uploads\/2025\/08\/IMG_2743-1536x1152.jpg 1536w, https:\/\/www.eslebedasauto.at\/wp-content\/uploads\/2025\/08\/IMG_2743-2048x1536.jpg 2048w\" sizes=\"(max-width: 1024px) 100vw, 1024px\" \/><\/a><\/figure>\n\n\n\n<figure class=\"wp-block-image size-large\"><a href=\"https:\/\/www.eslebedasauto.at\/wp-content\/uploads\/2025\/08\/DD62D62D-6852-4671-BC53-4578D03024FC-scaled.jpg\"><img loading=\"lazy\" decoding=\"async\" width=\"1024\" height=\"768\" data-id=\"99965\" src=\"https:\/\/www.eslebedasauto.at\/wp-content\/uploads\/2025\/08\/DD62D62D-6852-4671-BC53-4578D03024FC-1024x768.jpg\" alt=\"\" class=\"wp-image-99965\" srcset=\"https:\/\/www.eslebedasauto.at\/wp-content\/uploads\/2025\/08\/DD62D62D-6852-4671-BC53-4578D03024FC-1024x768.jpg 1024w, https:\/\/www.eslebedasauto.at\/wp-content\/uploads\/2025\/08\/DD62D62D-6852-4671-BC53-4578D03024FC-300x225.jpg 300w, https:\/\/www.eslebedasauto.at\/wp-content\/uploads\/2025\/08\/DD62D62D-6852-4671-BC53-4578D03024FC-768x576.jpg 768w, https:\/\/www.eslebedasauto.at\/wp-content\/uploads\/2025\/08\/DD62D62D-6852-4671-BC53-4578D03024FC-1536x1152.jpg 1536w, https:\/\/www.eslebedasauto.at\/wp-content\/uploads\/2025\/08\/DD62D62D-6852-4671-BC53-4578D03024FC-2048x1536.jpg 2048w\" sizes=\"(max-width: 1024px) 100vw, 1024px\" \/><\/a><\/figure>\n<\/figure>\n\n\n\n<p><\/p>\n\n\n\n<h2 id=\"technische-daten-alpine-a290-gts\" class=\"wp-block-heading\"><strong>Technische Daten \u2013 Alpine A290 GTS<\/strong><\/h2>\n\n\n\n<ul class=\"wp-block-list\">\n<li><strong>Antrieb<\/strong>: Frontantrieb, Elektromotor (Einmotorig)<\/li>\n\n\n\n<li><strong>Leistung<\/strong>: 160\u202fkW \/ 218\u202fPS<\/li>\n\n\n\n<li><strong>Drehmoment<\/strong>: 300\u202fNm<\/li>\n\n\n\n<li><strong>Batteriekapazit\u00e4t<\/strong>: 52\u202fkWh netto<\/li>\n\n\n\n<li><strong>Reichweite (WLTP)<\/strong>: bis zu 380\u202fkm<\/li>\n\n\n\n<li><strong>Beschleunigung (0\u2013100\u202fkm\/h)<\/strong>: 6,4\u202fSekunden<\/li>\n\n\n\n<li><strong>H\u00f6chstgeschwindigkeit<\/strong>: 170\u202fkm\/h (elektronisch begrenzt)<\/li>\n<\/ul>\n\n\n\n<hr class=\"wp-block-separator has-alpha-channel-opacity\"\/>\n\n\n\n<h2 id=\"ladeleistung\" class=\"wp-block-heading\"><strong>Ladeleistung<\/strong><\/h2>\n\n\n\n<ul class=\"wp-block-list\">\n<li><strong>AC-Laden<\/strong>: bis zu 11\u202fkW (dreiphasig, ca. 4,5 Stunden f\u00fcr Vollladung)<\/li>\n\n\n\n<li><strong>DC-Schnellladen<\/strong>: bis zu 100\u202fkW (10\u201380\u202f% in ca. 30 Minuten)<\/li>\n<\/ul>\n\n\n\n<hr class=\"wp-block-separator has-alpha-channel-opacity\"\/>\n\n\n\n<h2 id=\"abmessungen\" class=\"wp-block-heading\"><strong>Abmessungen<\/strong><\/h2>\n\n\n\n<ul class=\"wp-block-list\">\n<li><strong>L\u00e4nge<\/strong>: 3.990\u202fmm<\/li>\n\n\n\n<li><strong>Breite<\/strong>: 1.820\u202fmm<\/li>\n\n\n\n<li><strong>H\u00f6he<\/strong>: 1.520\u202fmm<\/li>\n\n\n\n<li><strong>Radstand<\/strong>: 2.530\u202fmm<\/li>\n\n\n\n<li><strong>Leergewicht<\/strong>: ca. 1.479\u202fkg<\/li>\n<\/ul>\n\n\n\n<hr class=\"wp-block-separator has-alpha-channel-opacity\"\/>\n\n\n\n<h2 id=\"fahrwerk-bremsen\" class=\"wp-block-heading\"><strong>Fahrwerk &amp; Bremsen<\/strong><\/h2>\n\n\n\n<ul class=\"wp-block-list\">\n<li><strong>Fahrwerk<\/strong>: speziell abgestimmte MacPherson-Federbeine vorn, Mehrlenkerachse hinten<\/li>\n\n\n\n<li><strong>Bremsanlage<\/strong>: 4-Kolben-Brembo-Bremss\u00e4ttel vorne<\/li>\n\n\n\n<li><strong>Bereifung<\/strong>: 225\/40 R19<\/li>\n<\/ul>\n\n\n\n<hr class=\"wp-block-separator has-alpha-channel-opacity\"\/>\n\n\n\n<h2 id=\"innenraum-ausstattung\" class=\"wp-block-heading\"><strong>Innenraum &amp; Ausstattung<\/strong><\/h2>\n\n\n\n<figure class=\"wp-block-gallery has-nested-images columns-8 is-cropped wp-block-gallery-3 is-layout-flex wp-block-gallery-is-layout-flex\">\n<figure class=\"wp-block-image size-large\"><a href=\"https:\/\/www.eslebedasauto.at\/wp-content\/uploads\/2025\/08\/IMG_2775-scaled.jpg\"><img loading=\"lazy\" decoding=\"async\" width=\"1024\" height=\"768\" data-id=\"100010\" src=\"https:\/\/www.eslebedasauto.at\/wp-content\/uploads\/2025\/08\/IMG_2775-1024x768.jpg\" alt=\"\" class=\"wp-image-100010\" srcset=\"https:\/\/www.eslebedasauto.at\/wp-content\/uploads\/2025\/08\/IMG_2775-1024x768.jpg 1024w, https:\/\/www.eslebedasauto.at\/wp-content\/uploads\/2025\/08\/IMG_2775-300x225.jpg 300w, https:\/\/www.eslebedasauto.at\/wp-content\/uploads\/2025\/08\/IMG_2775-768x576.jpg 768w, https:\/\/www.eslebedasauto.at\/wp-content\/uploads\/2025\/08\/IMG_2775-1536x1152.jpg 1536w, https:\/\/www.eslebedasauto.at\/wp-content\/uploads\/2025\/08\/IMG_2775-2048x1536.jpg 2048w\" sizes=\"(max-width: 1024px) 100vw, 1024px\" \/><\/a><\/figure>\n\n\n\n<figure class=\"wp-block-image size-large\"><a href=\"https:\/\/www.eslebedasauto.at\/wp-content\/uploads\/2025\/08\/IMG_2769-scaled.jpg\"><img loading=\"lazy\" decoding=\"async\" width=\"1024\" height=\"768\" data-id=\"100004\" src=\"https:\/\/www.eslebedasauto.at\/wp-content\/uploads\/2025\/08\/IMG_2769-1024x768.jpg\" alt=\"\" class=\"wp-image-100004\" srcset=\"https:\/\/www.eslebedasauto.at\/wp-content\/uploads\/2025\/08\/IMG_2769-1024x768.jpg 1024w, https:\/\/www.eslebedasauto.at\/wp-content\/uploads\/2025\/08\/IMG_2769-300x225.jpg 300w, https:\/\/www.eslebedasauto.at\/wp-content\/uploads\/2025\/08\/IMG_2769-768x576.jpg 768w, https:\/\/www.eslebedasauto.at\/wp-content\/uploads\/2025\/08\/IMG_2769-1536x1152.jpg 1536w, https:\/\/www.eslebedasauto.at\/wp-content\/uploads\/2025\/08\/IMG_2769-2048x1536.jpg 2048w\" sizes=\"(max-width: 1024px) 100vw, 1024px\" \/><\/a><\/figure>\n\n\n\n<figure class=\"wp-block-image size-large\"><a href=\"https:\/\/www.eslebedasauto.at\/wp-content\/uploads\/2025\/08\/IMG_2770-scaled.jpg\"><img loading=\"lazy\" decoding=\"async\" width=\"1024\" height=\"768\" data-id=\"100005\" src=\"https:\/\/www.eslebedasauto.at\/wp-content\/uploads\/2025\/08\/IMG_2770-1024x768.jpg\" alt=\"\" class=\"wp-image-100005\" srcset=\"https:\/\/www.eslebedasauto.at\/wp-content\/uploads\/2025\/08\/IMG_2770-1024x768.jpg 1024w, https:\/\/www.eslebedasauto.at\/wp-content\/uploads\/2025\/08\/IMG_2770-300x225.jpg 300w, https:\/\/www.eslebedasauto.at\/wp-content\/uploads\/2025\/08\/IMG_2770-768x576.jpg 768w, https:\/\/www.eslebedasauto.at\/wp-content\/uploads\/2025\/08\/IMG_2770-1536x1152.jpg 1536w, https:\/\/www.eslebedasauto.at\/wp-content\/uploads\/2025\/08\/IMG_2770-2048x1536.jpg 2048w\" sizes=\"(max-width: 1024px) 100vw, 1024px\" \/><\/a><\/figure>\n\n\n\n<figure class=\"wp-block-image size-large\"><a href=\"https:\/\/www.eslebedasauto.at\/wp-content\/uploads\/2025\/08\/IMG_2774-scaled.jpg\"><img loading=\"lazy\" decoding=\"async\" width=\"768\" height=\"1024\" data-id=\"100009\" src=\"https:\/\/www.eslebedasauto.at\/wp-content\/uploads\/2025\/08\/IMG_2774-768x1024.jpg\" alt=\"\" class=\"wp-image-100009\" srcset=\"https:\/\/www.eslebedasauto.at\/wp-content\/uploads\/2025\/08\/IMG_2774-768x1024.jpg 768w, https:\/\/www.eslebedasauto.at\/wp-content\/uploads\/2025\/08\/IMG_2774-225x300.jpg 225w, https:\/\/www.eslebedasauto.at\/wp-content\/uploads\/2025\/08\/IMG_2774-scaled.jpg 1920w\" sizes=\"(max-width: 768px) 100vw, 768px\" \/><\/a><\/figure>\n\n\n\n<figure class=\"wp-block-image size-large\"><a href=\"https:\/\/www.eslebedasauto.at\/wp-content\/uploads\/2025\/08\/IMG_2773-scaled.jpg\"><img loading=\"lazy\" decoding=\"async\" width=\"768\" height=\"1024\" data-id=\"100008\" src=\"https:\/\/www.eslebedasauto.at\/wp-content\/uploads\/2025\/08\/IMG_2773-768x1024.jpg\" alt=\"\" class=\"wp-image-100008\" srcset=\"https:\/\/www.eslebedasauto.at\/wp-content\/uploads\/2025\/08\/IMG_2773-768x1024.jpg 768w, https:\/\/www.eslebedasauto.at\/wp-content\/uploads\/2025\/08\/IMG_2773-225x300.jpg 225w, https:\/\/www.eslebedasauto.at\/wp-content\/uploads\/2025\/08\/IMG_2773-scaled.jpg 1920w\" sizes=\"(max-width: 768px) 100vw, 768px\" \/><\/a><\/figure>\n\n\n\n<figure class=\"wp-block-image size-large\"><a href=\"https:\/\/www.eslebedasauto.at\/wp-content\/uploads\/2025\/08\/IMG_2768-scaled.jpg\"><img loading=\"lazy\" decoding=\"async\" width=\"1024\" height=\"768\" data-id=\"100003\" src=\"https:\/\/www.eslebedasauto.at\/wp-content\/uploads\/2025\/08\/IMG_2768-1024x768.jpg\" alt=\"\" class=\"wp-image-100003\" srcset=\"https:\/\/www.eslebedasauto.at\/wp-content\/uploads\/2025\/08\/IMG_2768-1024x768.jpg 1024w, https:\/\/www.eslebedasauto.at\/wp-content\/uploads\/2025\/08\/IMG_2768-300x225.jpg 300w, https:\/\/www.eslebedasauto.at\/wp-content\/uploads\/2025\/08\/IMG_2768-768x576.jpg 768w, https:\/\/www.eslebedasauto.at\/wp-content\/uploads\/2025\/08\/IMG_2768-1536x1152.jpg 1536w, https:\/\/www.eslebedasauto.at\/wp-content\/uploads\/2025\/08\/IMG_2768-2048x1536.jpg 2048w\" sizes=\"(max-width: 1024px) 100vw, 1024px\" \/><\/a><\/figure>\n\n\n\n<figure class=\"wp-block-image size-large\"><a href=\"https:\/\/www.eslebedasauto.at\/wp-content\/uploads\/2025\/08\/IMG_2767-scaled.jpg\"><img loading=\"lazy\" decoding=\"async\" width=\"1024\" height=\"768\" data-id=\"100002\" src=\"https:\/\/www.eslebedasauto.at\/wp-content\/uploads\/2025\/08\/IMG_2767-1024x768.jpg\" alt=\"\" class=\"wp-image-100002\" srcset=\"https:\/\/www.eslebedasauto.at\/wp-content\/uploads\/2025\/08\/IMG_2767-1024x768.jpg 1024w, https:\/\/www.eslebedasauto.at\/wp-content\/uploads\/2025\/08\/IMG_2767-300x225.jpg 300w, https:\/\/www.eslebedasauto.at\/wp-content\/uploads\/2025\/08\/IMG_2767-768x576.jpg 768w, https:\/\/www.eslebedasauto.at\/wp-content\/uploads\/2025\/08\/IMG_2767-1536x1152.jpg 1536w, https:\/\/www.eslebedasauto.at\/wp-content\/uploads\/2025\/08\/IMG_2767-2048x1536.jpg 2048w\" sizes=\"(max-width: 1024px) 100vw, 1024px\" \/><\/a><\/figure>\n\n\n\n<figure class=\"wp-block-image size-large\"><a href=\"https:\/\/www.eslebedasauto.at\/wp-content\/uploads\/2025\/08\/IMG_2772-scaled.jpg\"><img loading=\"lazy\" decoding=\"async\" width=\"1024\" height=\"768\" data-id=\"100007\" src=\"https:\/\/www.eslebedasauto.at\/wp-content\/uploads\/2025\/08\/IMG_2772-1024x768.jpg\" alt=\"\" class=\"wp-image-100007\" srcset=\"https:\/\/www.eslebedasauto.at\/wp-content\/uploads\/2025\/08\/IMG_2772-1024x768.jpg 1024w, https:\/\/www.eslebedasauto.at\/wp-content\/uploads\/2025\/08\/IMG_2772-300x225.jpg 300w, https:\/\/www.eslebedasauto.at\/wp-content\/uploads\/2025\/08\/IMG_2772-768x576.jpg 768w, https:\/\/www.eslebedasauto.at\/wp-content\/uploads\/2025\/08\/IMG_2772-1536x1152.jpg 1536w, https:\/\/www.eslebedasauto.at\/wp-content\/uploads\/2025\/08\/IMG_2772-2048x1536.jpg 2048w\" sizes=\"(max-width: 1024px) 100vw, 1024px\" \/><\/a><\/figure>\n\n\n\n<figure class=\"wp-block-image size-large\"><a href=\"https:\/\/www.eslebedasauto.at\/wp-content\/uploads\/2025\/08\/IMG_2771-scaled.jpg\"><img loading=\"lazy\" decoding=\"async\" width=\"768\" height=\"1024\" data-id=\"100006\" src=\"https:\/\/www.eslebedasauto.at\/wp-content\/uploads\/2025\/08\/IMG_2771-768x1024.jpg\" alt=\"\" class=\"wp-image-100006\" srcset=\"https:\/\/www.eslebedasauto.at\/wp-content\/uploads\/2025\/08\/IMG_2771-768x1024.jpg 768w, https:\/\/www.eslebedasauto.at\/wp-content\/uploads\/2025\/08\/IMG_2771-225x300.jpg 225w, https:\/\/www.eslebedasauto.at\/wp-content\/uploads\/2025\/08\/IMG_2771-1152x1536.jpg 1152w, https:\/\/www.eslebedasauto.at\/wp-content\/uploads\/2025\/08\/IMG_2771-1536x2048.jpg 1536w, https:\/\/www.eslebedasauto.at\/wp-content\/uploads\/2025\/08\/IMG_2771-scaled.jpg 1920w\" sizes=\"(max-width: 768px) 100vw, 768px\" \/><\/a><\/figure>\n\n\n\n<figure class=\"wp-block-image size-large\"><a href=\"https:\/\/www.eslebedasauto.at\/wp-content\/uploads\/2025\/08\/IMG_2766-scaled.jpg\"><img loading=\"lazy\" decoding=\"async\" width=\"1024\" height=\"768\" data-id=\"100001\" src=\"https:\/\/www.eslebedasauto.at\/wp-content\/uploads\/2025\/08\/IMG_2766-1024x768.jpg\" alt=\"\" class=\"wp-image-100001\" srcset=\"https:\/\/www.eslebedasauto.at\/wp-content\/uploads\/2025\/08\/IMG_2766-1024x768.jpg 1024w, https:\/\/www.eslebedasauto.at\/wp-content\/uploads\/2025\/08\/IMG_2766-300x225.jpg 300w, https:\/\/www.eslebedasauto.at\/wp-content\/uploads\/2025\/08\/IMG_2766-768x576.jpg 768w, https:\/\/www.eslebedasauto.at\/wp-content\/uploads\/2025\/08\/IMG_2766-1536x1152.jpg 1536w, https:\/\/www.eslebedasauto.at\/wp-content\/uploads\/2025\/08\/IMG_2766-2048x1536.jpg 2048w\" sizes=\"(max-width: 1024px) 100vw, 1024px\" \/><\/a><\/figure>\n\n\n\n<figure class=\"wp-block-image size-large\"><a href=\"https:\/\/www.eslebedasauto.at\/wp-content\/uploads\/2025\/08\/IMG_2761-scaled.jpg\"><img loading=\"lazy\" decoding=\"async\" width=\"768\" height=\"1024\" data-id=\"99996\" src=\"https:\/\/www.eslebedasauto.at\/wp-content\/uploads\/2025\/08\/IMG_2761-768x1024.jpg\" alt=\"\" class=\"wp-image-99996\" srcset=\"https:\/\/www.eslebedasauto.at\/wp-content\/uploads\/2025\/08\/IMG_2761-768x1024.jpg 768w, https:\/\/www.eslebedasauto.at\/wp-content\/uploads\/2025\/08\/IMG_2761-225x300.jpg 225w, https:\/\/www.eslebedasauto.at\/wp-content\/uploads\/2025\/08\/IMG_2761-1152x1536.jpg 1152w, https:\/\/www.eslebedasauto.at\/wp-content\/uploads\/2025\/08\/IMG_2761-1536x2048.jpg 1536w, https:\/\/www.eslebedasauto.at\/wp-content\/uploads\/2025\/08\/IMG_2761-scaled.jpg 1920w\" sizes=\"(max-width: 768px) 100vw, 768px\" \/><\/a><\/figure>\n\n\n\n<figure class=\"wp-block-image size-large\"><a href=\"https:\/\/www.eslebedasauto.at\/wp-content\/uploads\/2025\/08\/IMG_2762-scaled.jpg\"><img loading=\"lazy\" decoding=\"async\" width=\"768\" height=\"1024\" data-id=\"99997\" src=\"https:\/\/www.eslebedasauto.at\/wp-content\/uploads\/2025\/08\/IMG_2762-768x1024.jpg\" alt=\"\" class=\"wp-image-99997\" srcset=\"https:\/\/www.eslebedasauto.at\/wp-content\/uploads\/2025\/08\/IMG_2762-768x1024.jpg 768w, https:\/\/www.eslebedasauto.at\/wp-content\/uploads\/2025\/08\/IMG_2762-225x300.jpg 225w, https:\/\/www.eslebedasauto.at\/wp-content\/uploads\/2025\/08\/IMG_2762-1152x1536.jpg 1152w, https:\/\/www.eslebedasauto.at\/wp-content\/uploads\/2025\/08\/IMG_2762-1536x2048.jpg 1536w, https:\/\/www.eslebedasauto.at\/wp-content\/uploads\/2025\/08\/IMG_2762-scaled.jpg 1920w\" sizes=\"(max-width: 768px) 100vw, 768px\" \/><\/a><\/figure>\n\n\n\n<figure class=\"wp-block-image size-large\"><a href=\"https:\/\/www.eslebedasauto.at\/wp-content\/uploads\/2025\/08\/IMG_2763-scaled.jpg\"><img loading=\"lazy\" decoding=\"async\" width=\"768\" height=\"1024\" data-id=\"99998\" src=\"https:\/\/www.eslebedasauto.at\/wp-content\/uploads\/2025\/08\/IMG_2763-768x1024.jpg\" alt=\"\" class=\"wp-image-99998\" srcset=\"https:\/\/www.eslebedasauto.at\/wp-content\/uploads\/2025\/08\/IMG_2763-768x1024.jpg 768w, https:\/\/www.eslebedasauto.at\/wp-content\/uploads\/2025\/08\/IMG_2763-225x300.jpg 225w, https:\/\/www.eslebedasauto.at\/wp-content\/uploads\/2025\/08\/IMG_2763-1152x1536.jpg 1152w, https:\/\/www.eslebedasauto.at\/wp-content\/uploads\/2025\/08\/IMG_2763-1536x2048.jpg 1536w, https:\/\/www.eslebedasauto.at\/wp-content\/uploads\/2025\/08\/IMG_2763-scaled.jpg 1920w\" sizes=\"(max-width: 768px) 100vw, 768px\" \/><\/a><\/figure>\n\n\n\n<figure class=\"wp-block-image size-large\"><a href=\"https:\/\/www.eslebedasauto.at\/wp-content\/uploads\/2025\/08\/IMG_2764-scaled.jpg\"><img loading=\"lazy\" decoding=\"async\" width=\"1024\" height=\"768\" data-id=\"99999\" src=\"https:\/\/www.eslebedasauto.at\/wp-content\/uploads\/2025\/08\/IMG_2764-1024x768.jpg\" alt=\"\" class=\"wp-image-99999\" srcset=\"https:\/\/www.eslebedasauto.at\/wp-content\/uploads\/2025\/08\/IMG_2764-1024x768.jpg 1024w, https:\/\/www.eslebedasauto.at\/wp-content\/uploads\/2025\/08\/IMG_2764-300x225.jpg 300w, https:\/\/www.eslebedasauto.at\/wp-content\/uploads\/2025\/08\/IMG_2764-768x576.jpg 768w, https:\/\/www.eslebedasauto.at\/wp-content\/uploads\/2025\/08\/IMG_2764-1536x1152.jpg 1536w, https:\/\/www.eslebedasauto.at\/wp-content\/uploads\/2025\/08\/IMG_2764-2048x1536.jpg 2048w\" sizes=\"(max-width: 1024px) 100vw, 1024px\" \/><\/a><\/figure>\n\n\n\n<figure class=\"wp-block-image size-large\"><a href=\"https:\/\/www.eslebedasauto.at\/wp-content\/uploads\/2025\/08\/IMG_2765-scaled.jpg\"><img loading=\"lazy\" decoding=\"async\" width=\"1024\" height=\"768\" data-id=\"100000\" src=\"https:\/\/www.eslebedasauto.at\/wp-content\/uploads\/2025\/08\/IMG_2765-1024x768.jpg\" alt=\"\" class=\"wp-image-100000\" srcset=\"https:\/\/www.eslebedasauto.at\/wp-content\/uploads\/2025\/08\/IMG_2765-1024x768.jpg 1024w, https:\/\/www.eslebedasauto.at\/wp-content\/uploads\/2025\/08\/IMG_2765-300x225.jpg 300w, https:\/\/www.eslebedasauto.at\/wp-content\/uploads\/2025\/08\/IMG_2765-768x576.jpg 768w, https:\/\/www.eslebedasauto.at\/wp-content\/uploads\/2025\/08\/IMG_2765-1536x1152.jpg 1536w, https:\/\/www.eslebedasauto.at\/wp-content\/uploads\/2025\/08\/IMG_2765-2048x1536.jpg 2048w\" sizes=\"(max-width: 1024px) 100vw, 1024px\" \/><\/a><\/figure>\n\n\n\n<figure class=\"wp-block-image size-large\"><a href=\"https:\/\/www.eslebedasauto.at\/wp-content\/uploads\/2025\/08\/IMG_2759-scaled.jpg\"><img loading=\"lazy\" decoding=\"async\" width=\"1024\" height=\"768\" data-id=\"99994\" src=\"https:\/\/www.eslebedasauto.at\/wp-content\/uploads\/2025\/08\/IMG_2759-1024x768.jpg\" alt=\"\" class=\"wp-image-99994\" srcset=\"https:\/\/www.eslebedasauto.at\/wp-content\/uploads\/2025\/08\/IMG_2759-1024x768.jpg 1024w, https:\/\/www.eslebedasauto.at\/wp-content\/uploads\/2025\/08\/IMG_2759-300x225.jpg 300w, https:\/\/www.eslebedasauto.at\/wp-content\/uploads\/2025\/08\/IMG_2759-768x576.jpg 768w, https:\/\/www.eslebedasauto.at\/wp-content\/uploads\/2025\/08\/IMG_2759-1536x1152.jpg 1536w, https:\/\/www.eslebedasauto.at\/wp-content\/uploads\/2025\/08\/IMG_2759-2048x1536.jpg 2048w\" sizes=\"(max-width: 1024px) 100vw, 1024px\" \/><\/a><\/figure>\n<\/figure>\n\n\n\n<ul class=\"wp-block-list\">\n<li><strong>Sitze<\/strong>: Sportsitze (optional Sabelt-Sitze)<\/li>\n\n\n\n<li><strong>Lenkrad<\/strong>: Multifunktion mit &#8222;OVERTAKE&#8220;-Taste (Boost-Funktion), Fahrmodusschalter<\/li>\n\n\n\n<li><strong>Infotainment<\/strong>: 10,1&#8243;-Touchscreen mit Google Automotive OS, Alpine Drive Sound<\/li>\n\n\n\n<li><strong>Assistenten<\/strong>: Spurhalteassistent, adaptiver Tempomat, R\u00fcckfahrkamera, Notbremsassistent<\/li>\n\n\n\n<li><strong>Kofferraumvolumen<\/strong>: ca. 326\u202fl<\/li>\n\n\n\n<li><strong>Anh\u00e4ngelast<\/strong>: nicht zul\u00e4ssig<\/li>\n<\/ul>\n\n\n\n<hr class=\"wp-block-separator has-alpha-channel-opacity\"\/>\n\n\n\n<h2 id=\"besonderheiten\" class=\"wp-block-heading\"><strong>Besonderheiten<\/strong><\/h2>\n\n\n\n<ul class=\"wp-block-list\">\n<li><strong>Drive Sound<\/strong>: synthetischer Motorsound abgestimmt mit Devialet<\/li>\n\n\n\n<li><strong>Gamification<\/strong>: Fahrtrainingsprogramm mit virtuellen Instruktionen (\u00e4hnlich \u201eGran Turismo\u201c)<\/li>\n\n\n\n<li><strong>Over-the-Air Updates<\/strong>: m\u00f6glich<\/li>\n\n\n\n<li><strong>Modellvarianten<\/strong>: A290, GT, GTS (h\u00f6chste Ausstattung)<\/li>\n<\/ul>\n\n\n\n<hr class=\"wp-block-separator has-alpha-channel-opacity\"\/>\n\n\n\n<h2 id=\"preis-stand-2025\" class=\"wp-block-heading\"><strong>Preis (Stand 2025)<\/strong><\/h2>\n\n\n\n<ul class=\"wp-block-list\">\n<li><strong>Basispreis A290 GTS<\/strong>: ca. 44.700\u202f\u20ac<\/li>\n<\/ul>\n\n\n\n<p><strong>Unterm Strich<\/strong>: Der A290 GTS ist ein exzellent abgestimmter Landstra\u00dfensportler mit ordentlich Punch f\u00fcr den Alltag. Auf der Autobahn bleibt er souver\u00e4n, aber eher ein Sprinter als ein Dauerl\u00e4ufer. Wer gern kurvige Strecken f\u00e4hrt, bekommt mit dem Alpine ein echtes Fahrerauto \u2013 elektrisch, knackig und \u00fcberraschend feinf\u00fchlig.<\/p>","protected":false},"excerpt":{"rendered":"<p>Alpine b\u00e4ckt das hei\u00df ersehnte Comeback im Elektrosegment: Der A290 GTS zapft die Legende des Renault 5 Turbo an, bleibt dabei freilich futuristisch gestylt, mit breiteren Karosserien, X-Leuchten und 19\u2011Z\u00f6llern \u2013 ein echter Rallye-Flirt im City-M\u00e4ntelchen. Ein Hot-Hatch von heute, mit Augenzwinkern nach gestern. Das Fahrverhalten des Alpine A290 GTS ist sp\u00fcrbar auf Dynamik ausgelegt,&hellip;&nbsp;<a href=\"https:\/\/www.eslebedasauto.at\/it\/alpine-a290-gts-der-e-hot-hatch-mit-rallye-erbe\/\" rel=\"bookmark\">Read More &raquo;<span class=\"screen-reader-text\">Alpine A290 GTS \u2013 Der E-Hot-Hatch mit Rallye-Erbe<\/span><\/a><\/p>","protected":false},"author":1,"featured_media":99975,"comment_status":"open","ping_status":"open","sticky":false,"template":"","format":"standard","meta":{"neve_meta_sidebar":"","neve_meta_container":"","neve_meta_enable_content_width":"","neve_meta_content_width":0,"neve_meta_title_alignment":"","neve_meta_author_avatar":"","neve_post_elements_order":"","neve_meta_disable_header":"","neve_meta_disable_footer":"","neve_meta_disable_title":"","neve_meta_reading_time":"","footnotes":""},"categories":[555,335],"tags":[],"class_list":["post-99923","post","type-post","status-publish","format-standard","has-post-thumbnail","hentry","category-electrofun","category-fahrberichte"],"yoast_head":"<!-- This site is optimized with the Yoast SEO plugin v26.8 - https:\/\/yoast.com\/product\/yoast-seo-wordpress\/ -->\n<title>Alpine A290 GTS \u2013 Der E-Hot-Hatch mit Rallye-Erbe - Es lebe das Auto<\/title>\n<meta name=\"description\" content=\"Im ausf\u00fchrlichen Fahrtest: Der Alpine A290 GTS \u00fcberzeugt mit 218 PS, sportlicher Abstimmung und moderner Technik. Alle Details zu Fahrverhalten, Technik &amp; Alltagstauglichkeit auf Landstra\u00dfe und Autobahn.\" \/>\n<meta name=\"robots\" content=\"index, follow, max-snippet:-1, max-image-preview:large, max-video-preview:-1\" \/>\n<link rel=\"canonical\" href=\"https:\/\/www.eslebedasauto.at\/it\/alpine-a290-gts-der-e-hot-hatch-mit-rallye-erbe\/\" \/>\n<meta property=\"og:locale\" content=\"it_IT\" \/>\n<meta property=\"og:type\" content=\"article\" \/>\n<meta property=\"og:title\" content=\"Alpine A290 GTS \u2013 Der E-Hot-Hatch mit Rallye-Erbe - Es lebe das Auto\" \/>\n<meta property=\"og:description\" content=\"Im ausf\u00fchrlichen Fahrtest: Der Alpine A290 GTS \u00fcberzeugt mit 218 PS, sportlicher Abstimmung und moderner Technik. Alle Details zu Fahrverhalten, Technik &amp; Alltagstauglichkeit auf Landstra\u00dfe und Autobahn.\" \/>\n<meta property=\"og:url\" content=\"https:\/\/www.eslebedasauto.at\/it\/alpine-a290-gts-der-e-hot-hatch-mit-rallye-erbe\/\" \/>\n<meta property=\"og:site_name\" content=\"Es lebe das Auto\" \/>\n<meta property=\"article:publisher\" content=\"https:\/\/www.facebook.com\/eslebedasauto.at\" \/>\n<meta property=\"article:published_time\" content=\"2025-08-14T16:22:42+00:00\" \/>\n<meta property=\"article:modified_time\" content=\"2025-08-14T16:32:01+00:00\" \/>\n<meta property=\"og:image\" content=\"https:\/\/www.eslebedasauto.at\/wp-content\/uploads\/2025\/08\/IMG_2740-scaled.jpg\" \/>\n\t<meta property=\"og:image:width\" content=\"2560\" \/>\n\t<meta property=\"og:image:height\" content=\"1920\" \/>\n\t<meta property=\"og:image:type\" content=\"image\/jpeg\" \/>\n<meta name=\"author\" content=\"Juergen\" \/>\n<meta name=\"twitter:card\" content=\"summary_large_image\" \/>\n<meta name=\"twitter:label1\" content=\"Scritto da\" \/>\n\t<meta name=\"twitter:data1\" content=\"Juergen\" \/>\n\t<meta name=\"twitter:label2\" content=\"Tempo di lettura stimato\" \/>\n\t<meta name=\"twitter:data2\" content=\"10 minuti\" \/>\n<script type=\"application\/ld+json\" class=\"yoast-schema-graph\">{\"@context\":\"https:\/\/schema.org\",\"@graph\":[{\"@type\":\"Article\",\"@id\":\"https:\/\/www.eslebedasauto.at\/alpine-a290-gts-der-e-hot-hatch-mit-rallye-erbe\/#article\",\"isPartOf\":{\"@id\":\"https:\/\/www.eslebedasauto.at\/alpine-a290-gts-der-e-hot-hatch-mit-rallye-erbe\/\"},\"author\":{\"name\":\"Juergen\",\"@id\":\"https:\/\/www.eslebedasauto.at\/#\/schema\/person\/4ecfb7fe1eb40654e5370227118c3fc2\"},\"headline\":\"Alpine A290 GTS \u2013 Der E-Hot-Hatch mit Rallye-Erbe\",\"datePublished\":\"2025-08-14T16:22:42+00:00\",\"dateModified\":\"2025-08-14T16:32:01+00:00\",\"mainEntityOfPage\":{\"@id\":\"https:\/\/www.eslebedasauto.at\/alpine-a290-gts-der-e-hot-hatch-mit-rallye-erbe\/\"},\"wordCount\":608,\"commentCount\":0,\"publisher\":{\"@id\":\"https:\/\/www.eslebedasauto.at\/#organization\"},\"image\":{\"@id\":\"https:\/\/www.eslebedasauto.at\/alpine-a290-gts-der-e-hot-hatch-mit-rallye-erbe\/#primaryimage\"},\"thumbnailUrl\":\"https:\/\/www.eslebedasauto.at\/wp-content\/uploads\/2025\/08\/IMG_2740-scaled.jpg\",\"articleSection\":[\"Electrofun\",\"Fahrberichte\"],\"inLanguage\":\"it-IT\",\"potentialAction\":[{\"@type\":\"CommentAction\",\"name\":\"Comment\",\"target\":[\"https:\/\/www.eslebedasauto.at\/alpine-a290-gts-der-e-hot-hatch-mit-rallye-erbe\/#respond\"]}]},{\"@type\":\"WebPage\",\"@id\":\"https:\/\/www.eslebedasauto.at\/alpine-a290-gts-der-e-hot-hatch-mit-rallye-erbe\/\",\"url\":\"https:\/\/www.eslebedasauto.at\/alpine-a290-gts-der-e-hot-hatch-mit-rallye-erbe\/\",\"name\":\"Alpine A290 GTS \u2013 Der E-Hot-Hatch mit Rallye-Erbe - Es lebe das Auto\",\"isPartOf\":{\"@id\":\"https:\/\/www.eslebedasauto.at\/#website\"},\"primaryImageOfPage\":{\"@id\":\"https:\/\/www.eslebedasauto.at\/alpine-a290-gts-der-e-hot-hatch-mit-rallye-erbe\/#primaryimage\"},\"image\":{\"@id\":\"https:\/\/www.eslebedasauto.at\/alpine-a290-gts-der-e-hot-hatch-mit-rallye-erbe\/#primaryimage\"},\"thumbnailUrl\":\"https:\/\/www.eslebedasauto.at\/wp-content\/uploads\/2025\/08\/IMG_2740-scaled.jpg\",\"datePublished\":\"2025-08-14T16:22:42+00:00\",\"dateModified\":\"2025-08-14T16:32:01+00:00\",\"description\":\"Im ausf\u00fchrlichen Fahrtest: Der Alpine A290 GTS \u00fcberzeugt mit 218 PS, sportlicher Abstimmung und moderner Technik. Alle Details zu Fahrverhalten, Technik & Alltagstauglichkeit auf Landstra\u00dfe und Autobahn.\",\"breadcrumb\":{\"@id\":\"https:\/\/www.eslebedasauto.at\/alpine-a290-gts-der-e-hot-hatch-mit-rallye-erbe\/#breadcrumb\"},\"inLanguage\":\"it-IT\",\"potentialAction\":[{\"@type\":\"ReadAction\",\"target\":[\"https:\/\/www.eslebedasauto.at\/alpine-a290-gts-der-e-hot-hatch-mit-rallye-erbe\/\"]}]},{\"@type\":\"ImageObject\",\"inLanguage\":\"it-IT\",\"@id\":\"https:\/\/www.eslebedasauto.at\/alpine-a290-gts-der-e-hot-hatch-mit-rallye-erbe\/#primaryimage\",\"url\":\"https:\/\/www.eslebedasauto.at\/wp-content\/uploads\/2025\/08\/IMG_2740-scaled.jpg\",\"contentUrl\":\"https:\/\/www.eslebedasauto.at\/wp-content\/uploads\/2025\/08\/IMG_2740-scaled.jpg\",\"width\":2560,\"height\":1920},{\"@type\":\"BreadcrumbList\",\"@id\":\"https:\/\/www.eslebedasauto.at\/alpine-a290-gts-der-e-hot-hatch-mit-rallye-erbe\/#breadcrumb\",\"itemListElement\":[{\"@type\":\"ListItem\",\"position\":1,\"name\":\"Startseite\",\"item\":\"https:\/\/www.eslebedasauto.at\/\"},{\"@type\":\"ListItem\",\"position\":2,\"name\":\"Alpine A290 GTS \u2013 Der E-Hot-Hatch mit Rallye-Erbe\"}]},{\"@type\":\"WebSite\",\"@id\":\"https:\/\/www.eslebedasauto.at\/#website\",\"url\":\"https:\/\/www.eslebedasauto.at\/\",\"name\":\"Es lebe das Auto\",\"description\":\"ein Hoch auf den Individualverkehr\",\"publisher\":{\"@id\":\"https:\/\/www.eslebedasauto.at\/#organization\"},\"potentialAction\":[{\"@type\":\"SearchAction\",\"target\":{\"@type\":\"EntryPoint\",\"urlTemplate\":\"https:\/\/www.eslebedasauto.at\/?s={search_term_string}\"},\"query-input\":{\"@type\":\"PropertyValueSpecification\",\"valueRequired\":true,\"valueName\":\"search_term_string\"}}],\"inLanguage\":\"it-IT\"},{\"@type\":\"Organization\",\"@id\":\"https:\/\/www.eslebedasauto.at\/#organization\",\"name\":\"eslebedasauto\",\"url\":\"https:\/\/www.eslebedasauto.at\/\",\"logo\":{\"@type\":\"ImageObject\",\"inLanguage\":\"it-IT\",\"@id\":\"https:\/\/www.eslebedasauto.at\/#\/schema\/logo\/image\/\",\"url\":\"https:\/\/www.eslebedasauto.at\/wp-content\/uploads\/2025\/10\/eldarund.png\",\"contentUrl\":\"https:\/\/www.eslebedasauto.at\/wp-content\/uploads\/2025\/10\/eldarund.png\",\"width\":1024,\"height\":1024,\"caption\":\"eslebedasauto\"},\"image\":{\"@id\":\"https:\/\/www.eslebedasauto.at\/#\/schema\/logo\/image\/\"},\"sameAs\":[\"https:\/\/www.facebook.com\/eslebedasauto.at\",\"https:\/\/www.instagram.com\/es_lebe_das_auto\/\"]},{\"@type\":\"Person\",\"@id\":\"https:\/\/www.eslebedasauto.at\/#\/schema\/person\/4ecfb7fe1eb40654e5370227118c3fc2\",\"name\":\"Juergen\",\"url\":\"https:\/\/www.eslebedasauto.at\/it\/author\/netzwerkkapitaene-og\/\"}]}<\/script>\n<!-- \/ Yoast SEO plugin. -->","yoast_head_json":{"title":"Alpine A290 GTS \u2013 Der E-Hot-Hatch mit Rallye-Erbe - Es lebe das Auto","description":"Im ausf\u00fchrlichen Fahrtest: Der Alpine A290 GTS \u00fcberzeugt mit 218 PS, sportlicher Abstimmung und moderner Technik. Alle Details zu Fahrverhalten, Technik & Alltagstauglichkeit auf Landstra\u00dfe und Autobahn.","robots":{"index":"index","follow":"follow","max-snippet":"max-snippet:-1","max-image-preview":"max-image-preview:large","max-video-preview":"max-video-preview:-1"},"canonical":"https:\/\/www.eslebedasauto.at\/it\/alpine-a290-gts-der-e-hot-hatch-mit-rallye-erbe\/","og_locale":"it_IT","og_type":"article","og_title":"Alpine A290 GTS \u2013 Der E-Hot-Hatch mit Rallye-Erbe - Es lebe das Auto","og_description":"Im ausf\u00fchrlichen Fahrtest: Der Alpine A290 GTS \u00fcberzeugt mit 218 PS, sportlicher Abstimmung und moderner Technik. Alle Details zu Fahrverhalten, Technik & Alltagstauglichkeit auf Landstra\u00dfe und Autobahn.","og_url":"https:\/\/www.eslebedasauto.at\/it\/alpine-a290-gts-der-e-hot-hatch-mit-rallye-erbe\/","og_site_name":"Es lebe das Auto","article_publisher":"https:\/\/www.facebook.com\/eslebedasauto.at","article_published_time":"2025-08-14T16:22:42+00:00","article_modified_time":"2025-08-14T16:32:01+00:00","og_image":[{"width":2560,"height":1920,"url":"https:\/\/www.eslebedasauto.at\/wp-content\/uploads\/2025\/08\/IMG_2740-scaled.jpg","type":"image\/jpeg"}],"author":"Juergen","twitter_card":"summary_large_image","twitter_misc":{"Scritto da":"Juergen","Tempo di lettura stimato":"10 minuti"},"schema":{"@context":"https:\/\/schema.org","@graph":[{"@type":"Article","@id":"https:\/\/www.eslebedasauto.at\/alpine-a290-gts-der-e-hot-hatch-mit-rallye-erbe\/#article","isPartOf":{"@id":"https:\/\/www.eslebedasauto.at\/alpine-a290-gts-der-e-hot-hatch-mit-rallye-erbe\/"},"author":{"name":"Juergen","@id":"https:\/\/www.eslebedasauto.at\/#\/schema\/person\/4ecfb7fe1eb40654e5370227118c3fc2"},"headline":"Alpine A290 GTS \u2013 Der E-Hot-Hatch mit Rallye-Erbe","datePublished":"2025-08-14T16:22:42+00:00","dateModified":"2025-08-14T16:32:01+00:00","mainEntityOfPage":{"@id":"https:\/\/www.eslebedasauto.at\/alpine-a290-gts-der-e-hot-hatch-mit-rallye-erbe\/"},"wordCount":608,"commentCount":0,"publisher":{"@id":"https:\/\/www.eslebedasauto.at\/#organization"},"image":{"@id":"https:\/\/www.eslebedasauto.at\/alpine-a290-gts-der-e-hot-hatch-mit-rallye-erbe\/#primaryimage"},"thumbnailUrl":"https:\/\/www.eslebedasauto.at\/wp-content\/uploads\/2025\/08\/IMG_2740-scaled.jpg","articleSection":["Electrofun","Fahrberichte"],"inLanguage":"it-IT","potentialAction":[{"@type":"CommentAction","name":"Comment","target":["https:\/\/www.eslebedasauto.at\/alpine-a290-gts-der-e-hot-hatch-mit-rallye-erbe\/#respond"]}]},{"@type":"WebPage","@id":"https:\/\/www.eslebedasauto.at\/alpine-a290-gts-der-e-hot-hatch-mit-rallye-erbe\/","url":"https:\/\/www.eslebedasauto.at\/alpine-a290-gts-der-e-hot-hatch-mit-rallye-erbe\/","name":"Alpine A290 GTS \u2013 Der E-Hot-Hatch mit Rallye-Erbe - Es lebe das Auto","isPartOf":{"@id":"https:\/\/www.eslebedasauto.at\/#website"},"primaryImageOfPage":{"@id":"https:\/\/www.eslebedasauto.at\/alpine-a290-gts-der-e-hot-hatch-mit-rallye-erbe\/#primaryimage"},"image":{"@id":"https:\/\/www.eslebedasauto.at\/alpine-a290-gts-der-e-hot-hatch-mit-rallye-erbe\/#primaryimage"},"thumbnailUrl":"https:\/\/www.eslebedasauto.at\/wp-content\/uploads\/2025\/08\/IMG_2740-scaled.jpg","datePublished":"2025-08-14T16:22:42+00:00","dateModified":"2025-08-14T16:32:01+00:00","description":"Im ausf\u00fchrlichen Fahrtest: Der Alpine A290 GTS \u00fcberzeugt mit 218 PS, sportlicher Abstimmung und moderner Technik. Alle Details zu Fahrverhalten, Technik & Alltagstauglichkeit auf Landstra\u00dfe und Autobahn.","breadcrumb":{"@id":"https:\/\/www.eslebedasauto.at\/alpine-a290-gts-der-e-hot-hatch-mit-rallye-erbe\/#breadcrumb"},"inLanguage":"it-IT","potentialAction":[{"@type":"ReadAction","target":["https:\/\/www.eslebedasauto.at\/alpine-a290-gts-der-e-hot-hatch-mit-rallye-erbe\/"]}]},{"@type":"ImageObject","inLanguage":"it-IT","@id":"https:\/\/www.eslebedasauto.at\/alpine-a290-gts-der-e-hot-hatch-mit-rallye-erbe\/#primaryimage","url":"https:\/\/www.eslebedasauto.at\/wp-content\/uploads\/2025\/08\/IMG_2740-scaled.jpg","contentUrl":"https:\/\/www.eslebedasauto.at\/wp-content\/uploads\/2025\/08\/IMG_2740-scaled.jpg","width":2560,"height":1920},{"@type":"BreadcrumbList","@id":"https:\/\/www.eslebedasauto.at\/alpine-a290-gts-der-e-hot-hatch-mit-rallye-erbe\/#breadcrumb","itemListElement":[{"@type":"ListItem","position":1,"name":"Startseite","item":"https:\/\/www.eslebedasauto.at\/"},{"@type":"ListItem","position":2,"name":"Alpine A290 GTS \u2013 Der E-Hot-Hatch mit Rallye-Erbe"}]},{"@type":"WebSite","@id":"https:\/\/www.eslebedasauto.at\/#website","url":"https:\/\/www.eslebedasauto.at\/","name":"Es lebe das Auto","description":"ein Hoch auf den Individualverkehr","publisher":{"@id":"https:\/\/www.eslebedasauto.at\/#organization"},"potentialAction":[{"@type":"SearchAction","target":{"@type":"EntryPoint","urlTemplate":"https:\/\/www.eslebedasauto.at\/?s={search_term_string}"},"query-input":{"@type":"PropertyValueSpecification","valueRequired":true,"valueName":"search_term_string"}}],"inLanguage":"it-IT"},{"@type":"Organization","@id":"https:\/\/www.eslebedasauto.at\/#organization","name":"eslebedasauto","url":"https:\/\/www.eslebedasauto.at\/","logo":{"@type":"ImageObject","inLanguage":"it-IT","@id":"https:\/\/www.eslebedasauto.at\/#\/schema\/logo\/image\/","url":"https:\/\/www.eslebedasauto.at\/wp-content\/uploads\/2025\/10\/eldarund.png","contentUrl":"https:\/\/www.eslebedasauto.at\/wp-content\/uploads\/2025\/10\/eldarund.png","width":1024,"height":1024,"caption":"eslebedasauto"},"image":{"@id":"https:\/\/www.eslebedasauto.at\/#\/schema\/logo\/image\/"},"sameAs":["https:\/\/www.facebook.com\/eslebedasauto.at","https:\/\/www.instagram.com\/es_lebe_das_auto\/"]},{"@type":"Person","@id":"https:\/\/www.eslebedasauto.at\/#\/schema\/person\/4ecfb7fe1eb40654e5370227118c3fc2","name":"Juergen","url":"https:\/\/www.eslebedasauto.at\/it\/author\/netzwerkkapitaene-og\/"}]}},"_links":{"self":[{"href":"https:\/\/www.eslebedasauto.at\/it\/wp-json\/wp\/v2\/posts\/99923","targetHints":{"allow":["GET"]}}],"collection":[{"href":"https:\/\/www.eslebedasauto.at\/it\/wp-json\/wp\/v2\/posts"}],"about":[{"href":"https:\/\/www.eslebedasauto.at\/it\/wp-json\/wp\/v2\/types\/post"}],"author":[{"embeddable":true,"href":"https:\/\/www.eslebedasauto.at\/it\/wp-json\/wp\/v2\/users\/1"}],"replies":[{"embeddable":true,"href":"https:\/\/www.eslebedasauto.at\/it\/wp-json\/wp\/v2\/comments?post=99923"}],"version-history":[{"count":3,"href":"https:\/\/www.eslebedasauto.at\/it\/wp-json\/wp\/v2\/posts\/99923\/revisions"}],"predecessor-version":[{"id":100016,"href":"https:\/\/www.eslebedasauto.at\/it\/wp-json\/wp\/v2\/posts\/99923\/revisions\/100016"}],"wp:featuredmedia":[{"embeddable":true,"href":"https:\/\/www.eslebedasauto.at\/it\/wp-json\/wp\/v2\/media\/99975"}],"wp:attachment":[{"href":"https:\/\/www.eslebedasauto.at\/it\/wp-json\/wp\/v2\/media?parent=99923"}],"wp:term":[{"taxonomy":"category","embeddable":true,"href":"https:\/\/www.eslebedasauto.at\/it\/wp-json\/wp\/v2\/categories?post=99923"},{"taxonomy":"post_tag","embeddable":true,"href":"https:\/\/www.eslebedasauto.at\/it\/wp-json\/wp\/v2\/tags?post=99923"}],"curies":[{"name":"wp","href":"https:\/\/api.w.org\/{rel}","templated":true}]}}