{"id":99391,"date":"2025-07-02T20:09:31","date_gmt":"2025-07-02T18:09:31","guid":{"rendered":"https:\/\/www.eslebedasauto.at\/?p=99391"},"modified":"2025-07-03T13:13:42","modified_gmt":"2025-07-03T11:13:42","slug":"ford-transit-custom-nugget-im-test-cleverer-camper-mit-klappdach","status":"publish","type":"post","link":"https:\/\/www.eslebedasauto.at\/it\/ford-transit-custom-nugget-im-test-cleverer-camper-mit-klappdach\/","title":{"rendered":"Ford Transit Custom Nugget im Test: Der clevere Camper f\u00fcr Alltag und Abenteuer"},"content":{"rendered":"<h2 id=\"wohnmobile-liegen-im-trend-und-der-ford-transit-custom-nugget-punktet-mit-aufstelldach-durchdachtem-innenraum-und-echtem-westfalia-know-how\" class=\"wp-block-heading\"><strong>Wohnmobile liegen im Trend \u2013 und der Ford Transit Custom Nugget punktet mit Aufstelldach, durchdachtem Innenraum und echtem Westfalia-Know-how.<\/strong><\/h2>\n\n\n\n<figure class=\"wp-block-image size-large\"><img fetchpriority=\"high\" decoding=\"async\" width=\"1024\" height=\"768\" src=\"https:\/\/www.eslebedasauto.at\/wp-content\/uploads\/2025\/07\/IMG_2707-1024x768.jpeg\" alt=\"\" class=\"wp-image-99393\" srcset=\"https:\/\/www.eslebedasauto.at\/wp-content\/uploads\/2025\/07\/IMG_2707-1024x768.jpeg 1024w, https:\/\/www.eslebedasauto.at\/wp-content\/uploads\/2025\/07\/IMG_2707-300x225.jpeg 300w, https:\/\/www.eslebedasauto.at\/wp-content\/uploads\/2025\/07\/IMG_2707-768x576.jpeg 768w, https:\/\/www.eslebedasauto.at\/wp-content\/uploads\/2025\/07\/IMG_2707-1536x1152.jpeg 1536w, https:\/\/www.eslebedasauto.at\/wp-content\/uploads\/2025\/07\/IMG_2707.jpeg 2048w\" sizes=\"(max-width: 1024px) 100vw, 1024px\" \/><\/figure>\n\n\n\n<p>Wer flexibel reisen will und dabei nicht auf Komfort verzichten m\u00f6chte, ist mit einem Campervan bestens beraten. Besonders praktisch: Modelle mit Klappdach. Der Ford Transit Custom Nugget geh\u00f6rt genau in diese Kategorie \u2013 und bringt einige \u00fcberzeugende Argumente mit.<\/p>\n\n\n\n<hr class=\"wp-block-separator has-alpha-channel-opacity\"\/>\n\n\n\n<figure class=\"wp-block-gallery has-nested-images columns-default is-cropped wp-block-gallery-1 is-layout-flex wp-block-gallery-is-layout-flex\">\n<figure class=\"wp-block-image size-large\"><img decoding=\"async\" width=\"1024\" height=\"768\" data-id=\"99399\" src=\"https:\/\/www.eslebedasauto.at\/wp-content\/uploads\/2025\/07\/IMG_2672-1024x768.jpeg\" alt=\"\" class=\"wp-image-99399\" srcset=\"https:\/\/www.eslebedasauto.at\/wp-content\/uploads\/2025\/07\/IMG_2672-1024x768.jpeg 1024w, https:\/\/www.eslebedasauto.at\/wp-content\/uploads\/2025\/07\/IMG_2672-300x225.jpeg 300w, https:\/\/www.eslebedasauto.at\/wp-content\/uploads\/2025\/07\/IMG_2672-768x576.jpeg 768w, https:\/\/www.eslebedasauto.at\/wp-content\/uploads\/2025\/07\/IMG_2672-1536x1152.jpeg 1536w, https:\/\/www.eslebedasauto.at\/wp-content\/uploads\/2025\/07\/IMG_2672.jpeg 2048w\" sizes=\"(max-width: 1024px) 100vw, 1024px\" \/><\/figure>\n\n\n\n<figure class=\"wp-block-image size-large\"><img decoding=\"async\" width=\"1024\" height=\"768\" data-id=\"99398\" src=\"https:\/\/www.eslebedasauto.at\/wp-content\/uploads\/2025\/07\/IMG_2671-1024x768.jpeg\" alt=\"\" class=\"wp-image-99398\" srcset=\"https:\/\/www.eslebedasauto.at\/wp-content\/uploads\/2025\/07\/IMG_2671-1024x768.jpeg 1024w, https:\/\/www.eslebedasauto.at\/wp-content\/uploads\/2025\/07\/IMG_2671-300x225.jpeg 300w, https:\/\/www.eslebedasauto.at\/wp-content\/uploads\/2025\/07\/IMG_2671-768x576.jpeg 768w, https:\/\/www.eslebedasauto.at\/wp-content\/uploads\/2025\/07\/IMG_2671-1536x1152.jpeg 1536w, https:\/\/www.eslebedasauto.at\/wp-content\/uploads\/2025\/07\/IMG_2671.jpeg 2048w\" sizes=\"(max-width: 1024px) 100vw, 1024px\" \/><\/figure>\n\n\n\n<figure class=\"wp-block-image size-large\"><img loading=\"lazy\" decoding=\"async\" width=\"1024\" height=\"768\" data-id=\"99397\" src=\"https:\/\/www.eslebedasauto.at\/wp-content\/uploads\/2025\/07\/IMG_2670-1024x768.jpeg\" alt=\"\" class=\"wp-image-99397\" srcset=\"https:\/\/www.eslebedasauto.at\/wp-content\/uploads\/2025\/07\/IMG_2670-1024x768.jpeg 1024w, https:\/\/www.eslebedasauto.at\/wp-content\/uploads\/2025\/07\/IMG_2670-300x225.jpeg 300w, https:\/\/www.eslebedasauto.at\/wp-content\/uploads\/2025\/07\/IMG_2670-768x576.jpeg 768w, https:\/\/www.eslebedasauto.at\/wp-content\/uploads\/2025\/07\/IMG_2670-1536x1152.jpeg 1536w, https:\/\/www.eslebedasauto.at\/wp-content\/uploads\/2025\/07\/IMG_2670.jpeg 2048w\" sizes=\"(max-width: 1024px) 100vw, 1024px\" \/><\/figure>\n<\/figure>\n\n\n\n<p><\/p>\n\n\n\n<h2 id=\"konkurrenz-fur-vw-und-mercedes\" class=\"wp-block-heading\"><strong>Konkurrenz f\u00fcr VW und Mercedes<\/strong><\/h2>\n\n\n\n<p>Der Nugget basiert auf dem Ford Transit Custom und tritt damit gegen Platzhirsche wie den VW California und die Mercedes V-Klasse Marco Polo an. Weitere werksseitige Alternativen gibt es kaum \u2013 stattdessen \u00fcbernehmen Spezialisten wie Westfalia, Hymer &amp; Co. den Umbau. Im Fall des Nugget hat Westfalia ganze Arbeit geleistet \u2013 das merkt man vom ersten Moment an.<\/p>\n\n\n\n<hr class=\"wp-block-separator has-alpha-channel-opacity\"\/>\n\n\n\n<figure class=\"wp-block-image size-large\"><img loading=\"lazy\" decoding=\"async\" width=\"768\" height=\"1024\" src=\"https:\/\/www.eslebedasauto.at\/wp-content\/uploads\/2025\/07\/IMG_2669-768x1024.jpeg\" alt=\"\" class=\"wp-image-99396\" srcset=\"https:\/\/www.eslebedasauto.at\/wp-content\/uploads\/2025\/07\/IMG_2669-768x1024.jpeg 768w, https:\/\/www.eslebedasauto.at\/wp-content\/uploads\/2025\/07\/IMG_2669-225x300.jpeg 225w, https:\/\/www.eslebedasauto.at\/wp-content\/uploads\/2025\/07\/IMG_2669-1152x1536.jpeg 1152w, https:\/\/www.eslebedasauto.at\/wp-content\/uploads\/2025\/07\/IMG_2669.jpeg 1536w\" sizes=\"(max-width: 768px) 100vw, 768px\" \/><\/figure>\n\n\n\n<h2 id=\"mehr-platz-auf-knopfdruck-das-aufstelldach-im-detail\" class=\"wp-block-heading\"><strong>Mehr Platz auf Knopfdruck: Das Aufstelldach im Detail<\/strong><\/h2>\n\n\n\n<p>Das zentrale Element des Nugget ist das Aufstelldach: Per Gasdruckfeder wird es in wenigen Sekunden hochgeschwenkt. So entsteht eine komfortable Stehh\u00f6he von bis zu 2,40 Metern. Unter dem Dach wartet ein bequemes Bett mit Lattenrost und Matratze auf die Reisenden \u2013 ideal f\u00fcr zwei Erwachsene oder drei Kinder. Seitliche Fenster sorgen f\u00fcr Frischluft, M\u00fcckennetz und LED-Leselampen runden den Schlafkomfort ab.<\/p>\n\n\n\n<figure class=\"wp-block-gallery has-nested-images columns-default is-cropped wp-block-gallery-2 is-layout-flex wp-block-gallery-is-layout-flex\">\n<figure class=\"wp-block-image size-large\"><img loading=\"lazy\" decoding=\"async\" width=\"768\" height=\"1024\" data-id=\"99401\" src=\"https:\/\/www.eslebedasauto.at\/wp-content\/uploads\/2025\/07\/IMG_2694-768x1024.jpeg\" alt=\"\" class=\"wp-image-99401\" srcset=\"https:\/\/www.eslebedasauto.at\/wp-content\/uploads\/2025\/07\/IMG_2694-768x1024.jpeg 768w, https:\/\/www.eslebedasauto.at\/wp-content\/uploads\/2025\/07\/IMG_2694-225x300.jpeg 225w, https:\/\/www.eslebedasauto.at\/wp-content\/uploads\/2025\/07\/IMG_2694-1152x1536.jpeg 1152w, https:\/\/www.eslebedasauto.at\/wp-content\/uploads\/2025\/07\/IMG_2694.jpeg 1536w\" sizes=\"(max-width: 768px) 100vw, 768px\" \/><\/figure>\n\n\n\n<figure class=\"wp-block-image size-large\"><img loading=\"lazy\" decoding=\"async\" width=\"1024\" height=\"768\" data-id=\"99400\" src=\"https:\/\/www.eslebedasauto.at\/wp-content\/uploads\/2025\/07\/IMG_2693-1024x768.jpeg\" alt=\"\" class=\"wp-image-99400\" srcset=\"https:\/\/www.eslebedasauto.at\/wp-content\/uploads\/2025\/07\/IMG_2693-1024x768.jpeg 1024w, https:\/\/www.eslebedasauto.at\/wp-content\/uploads\/2025\/07\/IMG_2693-300x225.jpeg 300w, https:\/\/www.eslebedasauto.at\/wp-content\/uploads\/2025\/07\/IMG_2693-768x576.jpeg 768w, https:\/\/www.eslebedasauto.at\/wp-content\/uploads\/2025\/07\/IMG_2693-1536x1152.jpeg 1536w, https:\/\/www.eslebedasauto.at\/wp-content\/uploads\/2025\/07\/IMG_2693.jpeg 2048w\" sizes=\"(max-width: 1024px) 100vw, 1024px\" \/><\/figure>\n<\/figure>\n\n\n\n<p><\/p>\n\n\n\n<p><strong>Gro\u00dfer Vorteil f\u00fcr den Alltag:<\/strong> Mit eingeklapptem Dach bleibt der Nugget unter 2,10 Meter hoch \u2013 und passt so in nahezu jede Tiefgarage. Auch ein Dachtr\u00e4ger l\u00e4sst sich problemlos montieren. Zudem reduziert die flache Silhouette den Luftwiderstand \u2013 man spart also Sprit.<\/p>\n\n\n\n<hr class=\"wp-block-separator has-alpha-channel-opacity\"\/>\n\n\n\n<h2 id=\"viel-komfort-auf-kompaktem-raum\" class=\"wp-block-heading\"><strong>Viel Komfort auf kompaktem Raum<\/strong><\/h2>\n\n\n\n<p>Der Innenraum ist clever aufgeteilt. Im Heck befindet sich eine vollwertige K\u00fcche mit Gasherd, Sp\u00fcle und K\u00fchlschrank. Ein zus\u00e4tzliches Doppelbett l\u00e4sst sich im Bereich der R\u00fccksitze aufklappen. Wird es nicht ben\u00f6tigt, dient der Platz als Essbereich mit Tisch und Sitzbank.<\/p>\n\n\n\n<figure class=\"wp-block-embed is-type-video is-provider-youtube wp-block-embed-youtube wp-embed-aspect-16-9 wp-has-aspect-ratio\"><div class=\"wp-block-embed__wrapper\">\n<div class=\"nv-iframe-embed\"><iframe hcb-fetch-image-from=\"https:\/\/www.youtube.com\/watch?v=hB9s-QrHync\" title=\"Ford Transit Custom Nugget\" width=\"1200\" height=\"675\" src=\"https:\/\/www.youtube.com\/embed\/hB9s-QrHync?feature=oembed\" frameborder=\"0\" allow=\"accelerometer; autoplay; clipboard-write; encrypted-media; gyroscope; picture-in-picture; web-share\" referrerpolicy=\"strict-origin-when-cross-origin\" allowfullscreen><\/iframe><\/div>\n<\/div><\/figure>\n\n\n\n<p>Ebenfalls an Bord: Ein herausnehmbares Camping-WC, Au\u00dfendusche, Standheizung und Sonnenmarkise. Die Ausstattung ist durchdacht und wirkt hochwertig verarbeitet \u2013 Westfalia bringt hier seine langj\u00e4hrige Camper-Erfahrung deutlich ein.<\/p>\n\n\n\n<figure class=\"wp-block-gallery has-nested-images columns-default is-cropped wp-block-gallery-3 is-layout-flex wp-block-gallery-is-layout-flex\">\n<figure class=\"wp-block-image size-large\"><img loading=\"lazy\" decoding=\"async\" width=\"1024\" height=\"768\" data-id=\"99392\" src=\"https:\/\/www.eslebedasauto.at\/wp-content\/uploads\/2025\/07\/IMG_2705-1024x768.jpeg\" alt=\"\" class=\"wp-image-99392\" srcset=\"https:\/\/www.eslebedasauto.at\/wp-content\/uploads\/2025\/07\/IMG_2705-1024x768.jpeg 1024w, https:\/\/www.eslebedasauto.at\/wp-content\/uploads\/2025\/07\/IMG_2705-300x225.jpeg 300w, https:\/\/www.eslebedasauto.at\/wp-content\/uploads\/2025\/07\/IMG_2705-768x576.jpeg 768w, https:\/\/www.eslebedasauto.at\/wp-content\/uploads\/2025\/07\/IMG_2705-1536x1152.jpeg 1536w, https:\/\/www.eslebedasauto.at\/wp-content\/uploads\/2025\/07\/IMG_2705.jpeg 2048w\" sizes=\"(max-width: 1024px) 100vw, 1024px\" \/><\/figure>\n\n\n\n<figure class=\"wp-block-image size-large\"><img loading=\"lazy\" decoding=\"async\" width=\"1024\" height=\"768\" data-id=\"99404\" src=\"https:\/\/www.eslebedasauto.at\/wp-content\/uploads\/2025\/07\/IMG_2702-1024x768.jpeg\" alt=\"\" class=\"wp-image-99404\" srcset=\"https:\/\/www.eslebedasauto.at\/wp-content\/uploads\/2025\/07\/IMG_2702-1024x768.jpeg 1024w, https:\/\/www.eslebedasauto.at\/wp-content\/uploads\/2025\/07\/IMG_2702-300x225.jpeg 300w, https:\/\/www.eslebedasauto.at\/wp-content\/uploads\/2025\/07\/IMG_2702-768x576.jpeg 768w, https:\/\/www.eslebedasauto.at\/wp-content\/uploads\/2025\/07\/IMG_2702-1536x1152.jpeg 1536w, https:\/\/www.eslebedasauto.at\/wp-content\/uploads\/2025\/07\/IMG_2702.jpeg 2048w\" sizes=\"(max-width: 1024px) 100vw, 1024px\" \/><\/figure>\n\n\n\n<figure class=\"wp-block-image size-large\"><img loading=\"lazy\" decoding=\"async\" width=\"1024\" height=\"768\" data-id=\"99403\" src=\"https:\/\/www.eslebedasauto.at\/wp-content\/uploads\/2025\/07\/IMG_2701-1024x768.jpeg\" alt=\"\" class=\"wp-image-99403\" srcset=\"https:\/\/www.eslebedasauto.at\/wp-content\/uploads\/2025\/07\/IMG_2701-1024x768.jpeg 1024w, https:\/\/www.eslebedasauto.at\/wp-content\/uploads\/2025\/07\/IMG_2701-300x225.jpeg 300w, https:\/\/www.eslebedasauto.at\/wp-content\/uploads\/2025\/07\/IMG_2701-768x576.jpeg 768w, https:\/\/www.eslebedasauto.at\/wp-content\/uploads\/2025\/07\/IMG_2701-1536x1152.jpeg 1536w, https:\/\/www.eslebedasauto.at\/wp-content\/uploads\/2025\/07\/IMG_2701.jpeg 2048w\" sizes=\"(max-width: 1024px) 100vw, 1024px\" \/><\/figure>\n<\/figure>\n\n\n\n<figure class=\"wp-block-image size-large\"><img loading=\"lazy\" decoding=\"async\" width=\"1024\" height=\"768\" src=\"https:\/\/www.eslebedasauto.at\/wp-content\/uploads\/2025\/07\/IMG_2708-1024x768.jpeg\" alt=\"\" class=\"wp-image-99408\" srcset=\"https:\/\/www.eslebedasauto.at\/wp-content\/uploads\/2025\/07\/IMG_2708-1024x768.jpeg 1024w, https:\/\/www.eslebedasauto.at\/wp-content\/uploads\/2025\/07\/IMG_2708-300x225.jpeg 300w, https:\/\/www.eslebedasauto.at\/wp-content\/uploads\/2025\/07\/IMG_2708-768x576.jpeg 768w, https:\/\/www.eslebedasauto.at\/wp-content\/uploads\/2025\/07\/IMG_2708-1536x1152.jpeg 1536w, https:\/\/www.eslebedasauto.at\/wp-content\/uploads\/2025\/07\/IMG_2708.jpeg 2048w\" sizes=\"(max-width: 1024px) 100vw, 1024px\" \/><\/figure>\n\n\n\n<hr class=\"wp-block-separator has-alpha-channel-opacity\"\/>\n\n\n\n<h2 id=\"wie-fahrt-sich-der-nugget\" class=\"wp-block-heading\"><strong>Wie f\u00e4hrt sich der Nugget?<\/strong><\/h2>\n\n\n\n<p>Mit seinem 170 PS starken Dieselmotor f\u00e4hrt sich der Nugget fast wie ein normaler Van \u2013 nur eben mit etwas mehr Gewicht. F\u00fcr entspannte Urlaubsfahrten reicht die Leistung vollkommen aus. Besonders angenehm: die optionale Automatik, die sich im Stadtverkehr oder bei Staus schnell bezahlt macht.<\/p>\n\n\n\n<figure class=\"wp-block-image size-large\"><img loading=\"lazy\" decoding=\"async\" width=\"1024\" height=\"768\" src=\"https:\/\/www.eslebedasauto.at\/wp-content\/uploads\/2025\/07\/IMG_2699-1024x768.jpeg\" alt=\"\" class=\"wp-image-99402\" srcset=\"https:\/\/www.eslebedasauto.at\/wp-content\/uploads\/2025\/07\/IMG_2699-1024x768.jpeg 1024w, https:\/\/www.eslebedasauto.at\/wp-content\/uploads\/2025\/07\/IMG_2699-300x225.jpeg 300w, https:\/\/www.eslebedasauto.at\/wp-content\/uploads\/2025\/07\/IMG_2699-768x576.jpeg 768w, https:\/\/www.eslebedasauto.at\/wp-content\/uploads\/2025\/07\/IMG_2699-1536x1152.jpeg 1536w, https:\/\/www.eslebedasauto.at\/wp-content\/uploads\/2025\/07\/IMG_2699.jpeg 2048w\" sizes=\"(max-width: 1024px) 100vw, 1024px\" \/><\/figure>\n\n\n\n<hr class=\"wp-block-separator has-alpha-channel-opacity\"\/>\n\n\n\n<h2 id=\"unterm-strich-allrounder-fur-stadt-und-strase\" class=\"wp-block-heading\"><strong>Unterm Strich: Allrounder f\u00fcr Stadt und Stra\u00dfe<\/strong><\/h2>\n\n\n\n<p>Der Ford Transit Custom Nugget ist ein idealer Reisebegleiter f\u00fcr Familien und Paare, die flexibel bleiben wollen \u2013 egal ob auf dem Campingplatz, bei St\u00e4dtetrips oder l\u00e4ngeren Roadtrips. Die Kombination aus Alltagstauglichkeit, cleverem Raumkonzept und guter Ausstattung \u00fcberzeugt auf ganzer Linie.<\/p>\n\n\n\n<p><strong>Preis: Nicht billig aber jeden Cent wert &#8211; der Nugget kostet in \u00d6sterreich ab 69.132 Euro<\/strong><\/p>\n\n\n\n<figure class=\"wp-block-image size-large\"><img loading=\"lazy\" decoding=\"async\" width=\"1024\" height=\"768\" src=\"https:\/\/www.eslebedasauto.at\/wp-content\/uploads\/2025\/07\/IMG_2703-1024x768.jpeg\" alt=\"\" class=\"wp-image-99405\" srcset=\"https:\/\/www.eslebedasauto.at\/wp-content\/uploads\/2025\/07\/IMG_2703-1024x768.jpeg 1024w, https:\/\/www.eslebedasauto.at\/wp-content\/uploads\/2025\/07\/IMG_2703-300x225.jpeg 300w, https:\/\/www.eslebedasauto.at\/wp-content\/uploads\/2025\/07\/IMG_2703-768x576.jpeg 768w, https:\/\/www.eslebedasauto.at\/wp-content\/uploads\/2025\/07\/IMG_2703-1536x1152.jpeg 1536w, https:\/\/www.eslebedasauto.at\/wp-content\/uploads\/2025\/07\/IMG_2703.jpeg 2048w\" sizes=\"(max-width: 1024px) 100vw, 1024px\" \/><\/figure>\n\n\n\n<hr class=\"wp-block-separator has-alpha-channel-opacity\"\/>\n\n\n\n<p><strong>Tipp f\u00fcr Camper-Fans:<\/strong> Wer oft in der Stadt parkt oder auch Tiefgaragenparkpl\u00e4tze nutzen will, wird das kompakte Ma\u00df des Nugget besonders zu sch\u00e4tzen wissen.<\/p>\n\n\n\n<figure class=\"wp-block-image size-large\"><img loading=\"lazy\" decoding=\"async\" width=\"768\" height=\"1024\" src=\"https:\/\/www.eslebedasauto.at\/wp-content\/uploads\/2025\/07\/IMG_2704-768x1024.jpeg\" alt=\"\" class=\"wp-image-99406\" srcset=\"https:\/\/www.eslebedasauto.at\/wp-content\/uploads\/2025\/07\/IMG_2704-768x1024.jpeg 768w, https:\/\/www.eslebedasauto.at\/wp-content\/uploads\/2025\/07\/IMG_2704-225x300.jpeg 225w, https:\/\/www.eslebedasauto.at\/wp-content\/uploads\/2025\/07\/IMG_2704-1152x1536.jpeg 1152w, https:\/\/www.eslebedasauto.at\/wp-content\/uploads\/2025\/07\/IMG_2704.jpeg 1536w\" sizes=\"(max-width: 768px) 100vw, 768px\" \/><\/figure>","protected":false},"excerpt":{"rendered":"<p>Der Ford Transit Custom Nugget ist ein idealer Reisebegleiter f\u00fcr Familien und Paare, die flexibel bleiben wollen.<\/p>","protected":false},"author":2,"featured_media":99394,"comment_status":"open","ping_status":"open","sticky":false,"template":"","format":"standard","meta":{"neve_meta_sidebar":"","neve_meta_container":"","neve_meta_enable_content_width":"","neve_meta_content_width":0,"neve_meta_title_alignment":"","neve_meta_author_avatar":"","neve_post_elements_order":"","neve_meta_disable_header":"","neve_meta_disable_footer":"","neve_meta_disable_title":"","neve_meta_reading_time":"","footnotes":""},"categories":[13,335],"tags":[],"class_list":["post-99391","post","type-post","status-publish","format-standard","has-post-thumbnail","hentry","category-diesel","category-fahrberichte"],"yoast_head":"<!-- This site is optimized with the Yoast SEO plugin v26.8 - https:\/\/yoast.com\/product\/yoast-seo-wordpress\/ -->\n<title>Ford Transit Custom Nugget im Test: Der clevere Camper f\u00fcr Alltag und Abenteuer - Es lebe das Auto<\/title>\n<meta name=\"description\" content=\"Der Ford Nugget \u00fcberzeugt als flexibles Wohnmobil mit Aufstelldach, durchdachter Ausstattung und Westfalia-Ausbau \u2013 ideal f\u00fcr Reisen mit Familie oder zu zweit.\" \/>\n<meta name=\"robots\" content=\"index, follow, max-snippet:-1, max-image-preview:large, max-video-preview:-1\" \/>\n<link rel=\"canonical\" href=\"https:\/\/www.eslebedasauto.at\/it\/ford-transit-custom-nugget-im-test-cleverer-camper-mit-klappdach\/\" \/>\n<meta property=\"og:locale\" content=\"it_IT\" \/>\n<meta property=\"og:type\" content=\"article\" \/>\n<meta property=\"og:title\" content=\"Ford Transit Custom Nugget im Test: Der clevere Camper f\u00fcr Alltag und Abenteuer - Es lebe das Auto\" \/>\n<meta property=\"og:description\" content=\"Der Ford Nugget \u00fcberzeugt als flexibles Wohnmobil mit Aufstelldach, durchdachter Ausstattung und Westfalia-Ausbau \u2013 ideal f\u00fcr Reisen mit Familie oder zu zweit.\" \/>\n<meta property=\"og:url\" content=\"https:\/\/www.eslebedasauto.at\/it\/ford-transit-custom-nugget-im-test-cleverer-camper-mit-klappdach\/\" \/>\n<meta property=\"og:site_name\" content=\"Es lebe das Auto\" \/>\n<meta property=\"article:publisher\" content=\"https:\/\/www.facebook.com\/eslebedasauto.at\" \/>\n<meta property=\"article:published_time\" content=\"2025-07-02T18:09:31+00:00\" \/>\n<meta property=\"article:modified_time\" content=\"2025-07-03T11:13:42+00:00\" \/>\n<meta property=\"og:image\" content=\"https:\/\/www.eslebedasauto.at\/wp-content\/uploads\/2025\/07\/IMG_2711.jpeg\" \/>\n\t<meta property=\"og:image:width\" content=\"2048\" \/>\n\t<meta property=\"og:image:height\" content=\"1536\" \/>\n\t<meta property=\"og:image:type\" content=\"image\/jpeg\" \/>\n<meta name=\"author\" content=\"gerhard\" \/>\n<meta name=\"twitter:card\" content=\"summary_large_image\" \/>\n<meta name=\"twitter:label1\" content=\"Scritto da\" \/>\n\t<meta name=\"twitter:data1\" content=\"gerhard\" \/>\n\t<meta name=\"twitter:label2\" content=\"Tempo di lettura stimato\" \/>\n\t<meta name=\"twitter:data2\" content=\"6 minuti\" \/>\n<script type=\"application\/ld+json\" class=\"yoast-schema-graph\">{\"@context\":\"https:\/\/schema.org\",\"@graph\":[{\"@type\":\"Article\",\"@id\":\"https:\/\/www.eslebedasauto.at\/ford-transit-custom-nugget-im-test-cleverer-camper-mit-klappdach\/#article\",\"isPartOf\":{\"@id\":\"https:\/\/www.eslebedasauto.at\/ford-transit-custom-nugget-im-test-cleverer-camper-mit-klappdach\/\"},\"author\":{\"name\":\"gerhard\",\"@id\":\"https:\/\/www.eslebedasauto.at\/#\/schema\/person\/fb81218b0bed500d225ff518f9f17033\"},\"headline\":\"Ford Transit Custom Nugget im Test: Der clevere Camper f\u00fcr Alltag und Abenteuer\",\"datePublished\":\"2025-07-02T18:09:31+00:00\",\"dateModified\":\"2025-07-03T11:13:42+00:00\",\"mainEntityOfPage\":{\"@id\":\"https:\/\/www.eslebedasauto.at\/ford-transit-custom-nugget-im-test-cleverer-camper-mit-klappdach\/\"},\"wordCount\":480,\"commentCount\":0,\"publisher\":{\"@id\":\"https:\/\/www.eslebedasauto.at\/#organization\"},\"image\":{\"@id\":\"https:\/\/www.eslebedasauto.at\/ford-transit-custom-nugget-im-test-cleverer-camper-mit-klappdach\/#primaryimage\"},\"thumbnailUrl\":\"https:\/\/www.eslebedasauto.at\/wp-content\/uploads\/2025\/07\/IMG_2711.jpeg\",\"articleSection\":[\"Diesel\",\"Fahrberichte\"],\"inLanguage\":\"it-IT\",\"potentialAction\":[{\"@type\":\"CommentAction\",\"name\":\"Comment\",\"target\":[\"https:\/\/www.eslebedasauto.at\/ford-transit-custom-nugget-im-test-cleverer-camper-mit-klappdach\/#respond\"]}]},{\"@type\":\"WebPage\",\"@id\":\"https:\/\/www.eslebedasauto.at\/ford-transit-custom-nugget-im-test-cleverer-camper-mit-klappdach\/\",\"url\":\"https:\/\/www.eslebedasauto.at\/ford-transit-custom-nugget-im-test-cleverer-camper-mit-klappdach\/\",\"name\":\"Ford Transit Custom Nugget im Test: Der clevere Camper f\u00fcr Alltag und Abenteuer - Es lebe das Auto\",\"isPartOf\":{\"@id\":\"https:\/\/www.eslebedasauto.at\/#website\"},\"primaryImageOfPage\":{\"@id\":\"https:\/\/www.eslebedasauto.at\/ford-transit-custom-nugget-im-test-cleverer-camper-mit-klappdach\/#primaryimage\"},\"image\":{\"@id\":\"https:\/\/www.eslebedasauto.at\/ford-transit-custom-nugget-im-test-cleverer-camper-mit-klappdach\/#primaryimage\"},\"thumbnailUrl\":\"https:\/\/www.eslebedasauto.at\/wp-content\/uploads\/2025\/07\/IMG_2711.jpeg\",\"datePublished\":\"2025-07-02T18:09:31+00:00\",\"dateModified\":\"2025-07-03T11:13:42+00:00\",\"description\":\"Der Ford Nugget \u00fcberzeugt als flexibles Wohnmobil mit Aufstelldach, durchdachter Ausstattung und Westfalia-Ausbau \u2013 ideal f\u00fcr Reisen mit Familie oder zu zweit.\",\"breadcrumb\":{\"@id\":\"https:\/\/www.eslebedasauto.at\/ford-transit-custom-nugget-im-test-cleverer-camper-mit-klappdach\/#breadcrumb\"},\"inLanguage\":\"it-IT\",\"potentialAction\":[{\"@type\":\"ReadAction\",\"target\":[\"https:\/\/www.eslebedasauto.at\/ford-transit-custom-nugget-im-test-cleverer-camper-mit-klappdach\/\"]}]},{\"@type\":\"ImageObject\",\"inLanguage\":\"it-IT\",\"@id\":\"https:\/\/www.eslebedasauto.at\/ford-transit-custom-nugget-im-test-cleverer-camper-mit-klappdach\/#primaryimage\",\"url\":\"https:\/\/www.eslebedasauto.at\/wp-content\/uploads\/2025\/07\/IMG_2711.jpeg\",\"contentUrl\":\"https:\/\/www.eslebedasauto.at\/wp-content\/uploads\/2025\/07\/IMG_2711.jpeg\",\"width\":2048,\"height\":1536},{\"@type\":\"BreadcrumbList\",\"@id\":\"https:\/\/www.eslebedasauto.at\/ford-transit-custom-nugget-im-test-cleverer-camper-mit-klappdach\/#breadcrumb\",\"itemListElement\":[{\"@type\":\"ListItem\",\"position\":1,\"name\":\"Startseite\",\"item\":\"https:\/\/www.eslebedasauto.at\/\"},{\"@type\":\"ListItem\",\"position\":2,\"name\":\"Ford Transit Custom Nugget im Test: Der clevere Camper f\u00fcr Alltag und Abenteuer\"}]},{\"@type\":\"WebSite\",\"@id\":\"https:\/\/www.eslebedasauto.at\/#website\",\"url\":\"https:\/\/www.eslebedasauto.at\/\",\"name\":\"Es lebe das Auto\",\"description\":\"ein Hoch auf den Individualverkehr\",\"publisher\":{\"@id\":\"https:\/\/www.eslebedasauto.at\/#organization\"},\"potentialAction\":[{\"@type\":\"SearchAction\",\"target\":{\"@type\":\"EntryPoint\",\"urlTemplate\":\"https:\/\/www.eslebedasauto.at\/?s={search_term_string}\"},\"query-input\":{\"@type\":\"PropertyValueSpecification\",\"valueRequired\":true,\"valueName\":\"search_term_string\"}}],\"inLanguage\":\"it-IT\"},{\"@type\":\"Organization\",\"@id\":\"https:\/\/www.eslebedasauto.at\/#organization\",\"name\":\"eslebedasauto\",\"url\":\"https:\/\/www.eslebedasauto.at\/\",\"logo\":{\"@type\":\"ImageObject\",\"inLanguage\":\"it-IT\",\"@id\":\"https:\/\/www.eslebedasauto.at\/#\/schema\/logo\/image\/\",\"url\":\"https:\/\/www.eslebedasauto.at\/wp-content\/uploads\/2025\/10\/eldarund.png\",\"contentUrl\":\"https:\/\/www.eslebedasauto.at\/wp-content\/uploads\/2025\/10\/eldarund.png\",\"width\":1024,\"height\":1024,\"caption\":\"eslebedasauto\"},\"image\":{\"@id\":\"https:\/\/www.eslebedasauto.at\/#\/schema\/logo\/image\/\"},\"sameAs\":[\"https:\/\/www.facebook.com\/eslebedasauto.at\",\"https:\/\/www.instagram.com\/es_lebe_das_auto\/\"]},{\"@type\":\"Person\",\"@id\":\"https:\/\/www.eslebedasauto.at\/#\/schema\/person\/fb81218b0bed500d225ff518f9f17033\",\"name\":\"gerhard\",\"url\":\"https:\/\/www.eslebedasauto.at\/it\/author\/gerhard\/\"}]}<\/script>\n<!-- \/ Yoast SEO plugin. -->","yoast_head_json":{"title":"Ford Transit Custom Nugget im Test: Der clevere Camper f\u00fcr Alltag und Abenteuer - Es lebe das Auto","description":"Der Ford Nugget \u00fcberzeugt als flexibles Wohnmobil mit Aufstelldach, durchdachter Ausstattung und Westfalia-Ausbau \u2013 ideal f\u00fcr Reisen mit Familie oder zu zweit.","robots":{"index":"index","follow":"follow","max-snippet":"max-snippet:-1","max-image-preview":"max-image-preview:large","max-video-preview":"max-video-preview:-1"},"canonical":"https:\/\/www.eslebedasauto.at\/it\/ford-transit-custom-nugget-im-test-cleverer-camper-mit-klappdach\/","og_locale":"it_IT","og_type":"article","og_title":"Ford Transit Custom Nugget im Test: Der clevere Camper f\u00fcr Alltag und Abenteuer - Es lebe das Auto","og_description":"Der Ford Nugget \u00fcberzeugt als flexibles Wohnmobil mit Aufstelldach, durchdachter Ausstattung und Westfalia-Ausbau \u2013 ideal f\u00fcr Reisen mit Familie oder zu zweit.","og_url":"https:\/\/www.eslebedasauto.at\/it\/ford-transit-custom-nugget-im-test-cleverer-camper-mit-klappdach\/","og_site_name":"Es lebe das Auto","article_publisher":"https:\/\/www.facebook.com\/eslebedasauto.at","article_published_time":"2025-07-02T18:09:31+00:00","article_modified_time":"2025-07-03T11:13:42+00:00","og_image":[{"width":2048,"height":1536,"url":"https:\/\/www.eslebedasauto.at\/wp-content\/uploads\/2025\/07\/IMG_2711.jpeg","type":"image\/jpeg"}],"author":"gerhard","twitter_card":"summary_large_image","twitter_misc":{"Scritto da":"gerhard","Tempo di lettura stimato":"6 minuti"},"schema":{"@context":"https:\/\/schema.org","@graph":[{"@type":"Article","@id":"https:\/\/www.eslebedasauto.at\/ford-transit-custom-nugget-im-test-cleverer-camper-mit-klappdach\/#article","isPartOf":{"@id":"https:\/\/www.eslebedasauto.at\/ford-transit-custom-nugget-im-test-cleverer-camper-mit-klappdach\/"},"author":{"name":"gerhard","@id":"https:\/\/www.eslebedasauto.at\/#\/schema\/person\/fb81218b0bed500d225ff518f9f17033"},"headline":"Ford Transit Custom Nugget im Test: Der clevere Camper f\u00fcr Alltag und Abenteuer","datePublished":"2025-07-02T18:09:31+00:00","dateModified":"2025-07-03T11:13:42+00:00","mainEntityOfPage":{"@id":"https:\/\/www.eslebedasauto.at\/ford-transit-custom-nugget-im-test-cleverer-camper-mit-klappdach\/"},"wordCount":480,"commentCount":0,"publisher":{"@id":"https:\/\/www.eslebedasauto.at\/#organization"},"image":{"@id":"https:\/\/www.eslebedasauto.at\/ford-transit-custom-nugget-im-test-cleverer-camper-mit-klappdach\/#primaryimage"},"thumbnailUrl":"https:\/\/www.eslebedasauto.at\/wp-content\/uploads\/2025\/07\/IMG_2711.jpeg","articleSection":["Diesel","Fahrberichte"],"inLanguage":"it-IT","potentialAction":[{"@type":"CommentAction","name":"Comment","target":["https:\/\/www.eslebedasauto.at\/ford-transit-custom-nugget-im-test-cleverer-camper-mit-klappdach\/#respond"]}]},{"@type":"WebPage","@id":"https:\/\/www.eslebedasauto.at\/ford-transit-custom-nugget-im-test-cleverer-camper-mit-klappdach\/","url":"https:\/\/www.eslebedasauto.at\/ford-transit-custom-nugget-im-test-cleverer-camper-mit-klappdach\/","name":"Ford Transit Custom Nugget im Test: Der clevere Camper f\u00fcr Alltag und Abenteuer - Es lebe das Auto","isPartOf":{"@id":"https:\/\/www.eslebedasauto.at\/#website"},"primaryImageOfPage":{"@id":"https:\/\/www.eslebedasauto.at\/ford-transit-custom-nugget-im-test-cleverer-camper-mit-klappdach\/#primaryimage"},"image":{"@id":"https:\/\/www.eslebedasauto.at\/ford-transit-custom-nugget-im-test-cleverer-camper-mit-klappdach\/#primaryimage"},"thumbnailUrl":"https:\/\/www.eslebedasauto.at\/wp-content\/uploads\/2025\/07\/IMG_2711.jpeg","datePublished":"2025-07-02T18:09:31+00:00","dateModified":"2025-07-03T11:13:42+00:00","description":"Der Ford Nugget \u00fcberzeugt als flexibles Wohnmobil mit Aufstelldach, durchdachter Ausstattung und Westfalia-Ausbau \u2013 ideal f\u00fcr Reisen mit Familie oder zu zweit.","breadcrumb":{"@id":"https:\/\/www.eslebedasauto.at\/ford-transit-custom-nugget-im-test-cleverer-camper-mit-klappdach\/#breadcrumb"},"inLanguage":"it-IT","potentialAction":[{"@type":"ReadAction","target":["https:\/\/www.eslebedasauto.at\/ford-transit-custom-nugget-im-test-cleverer-camper-mit-klappdach\/"]}]},{"@type":"ImageObject","inLanguage":"it-IT","@id":"https:\/\/www.eslebedasauto.at\/ford-transit-custom-nugget-im-test-cleverer-camper-mit-klappdach\/#primaryimage","url":"https:\/\/www.eslebedasauto.at\/wp-content\/uploads\/2025\/07\/IMG_2711.jpeg","contentUrl":"https:\/\/www.eslebedasauto.at\/wp-content\/uploads\/2025\/07\/IMG_2711.jpeg","width":2048,"height":1536},{"@type":"BreadcrumbList","@id":"https:\/\/www.eslebedasauto.at\/ford-transit-custom-nugget-im-test-cleverer-camper-mit-klappdach\/#breadcrumb","itemListElement":[{"@type":"ListItem","position":1,"name":"Startseite","item":"https:\/\/www.eslebedasauto.at\/"},{"@type":"ListItem","position":2,"name":"Ford Transit Custom Nugget im Test: Der clevere Camper f\u00fcr Alltag und Abenteuer"}]},{"@type":"WebSite","@id":"https:\/\/www.eslebedasauto.at\/#website","url":"https:\/\/www.eslebedasauto.at\/","name":"Es lebe das Auto","description":"ein Hoch auf den Individualverkehr","publisher":{"@id":"https:\/\/www.eslebedasauto.at\/#organization"},"potentialAction":[{"@type":"SearchAction","target":{"@type":"EntryPoint","urlTemplate":"https:\/\/www.eslebedasauto.at\/?s={search_term_string}"},"query-input":{"@type":"PropertyValueSpecification","valueRequired":true,"valueName":"search_term_string"}}],"inLanguage":"it-IT"},{"@type":"Organization","@id":"https:\/\/www.eslebedasauto.at\/#organization","name":"eslebedasauto","url":"https:\/\/www.eslebedasauto.at\/","logo":{"@type":"ImageObject","inLanguage":"it-IT","@id":"https:\/\/www.eslebedasauto.at\/#\/schema\/logo\/image\/","url":"https:\/\/www.eslebedasauto.at\/wp-content\/uploads\/2025\/10\/eldarund.png","contentUrl":"https:\/\/www.eslebedasauto.at\/wp-content\/uploads\/2025\/10\/eldarund.png","width":1024,"height":1024,"caption":"eslebedasauto"},"image":{"@id":"https:\/\/www.eslebedasauto.at\/#\/schema\/logo\/image\/"},"sameAs":["https:\/\/www.facebook.com\/eslebedasauto.at","https:\/\/www.instagram.com\/es_lebe_das_auto\/"]},{"@type":"Person","@id":"https:\/\/www.eslebedasauto.at\/#\/schema\/person\/fb81218b0bed500d225ff518f9f17033","name":"gerhard","url":"https:\/\/www.eslebedasauto.at\/it\/author\/gerhard\/"}]}},"_links":{"self":[{"href":"https:\/\/www.eslebedasauto.at\/it\/wp-json\/wp\/v2\/posts\/99391","targetHints":{"allow":["GET"]}}],"collection":[{"href":"https:\/\/www.eslebedasauto.at\/it\/wp-json\/wp\/v2\/posts"}],"about":[{"href":"https:\/\/www.eslebedasauto.at\/it\/wp-json\/wp\/v2\/types\/post"}],"author":[{"embeddable":true,"href":"https:\/\/www.eslebedasauto.at\/it\/wp-json\/wp\/v2\/users\/2"}],"replies":[{"embeddable":true,"href":"https:\/\/www.eslebedasauto.at\/it\/wp-json\/wp\/v2\/comments?post=99391"}],"version-history":[{"count":6,"href":"https:\/\/www.eslebedasauto.at\/it\/wp-json\/wp\/v2\/posts\/99391\/revisions"}],"predecessor-version":[{"id":99480,"href":"https:\/\/www.eslebedasauto.at\/it\/wp-json\/wp\/v2\/posts\/99391\/revisions\/99480"}],"wp:featuredmedia":[{"embeddable":true,"href":"https:\/\/www.eslebedasauto.at\/it\/wp-json\/wp\/v2\/media\/99394"}],"wp:attachment":[{"href":"https:\/\/www.eslebedasauto.at\/it\/wp-json\/wp\/v2\/media?parent=99391"}],"wp:term":[{"taxonomy":"category","embeddable":true,"href":"https:\/\/www.eslebedasauto.at\/it\/wp-json\/wp\/v2\/categories?post=99391"},{"taxonomy":"post_tag","embeddable":true,"href":"https:\/\/www.eslebedasauto.at\/it\/wp-json\/wp\/v2\/tags?post=99391"}],"curies":[{"name":"wp","href":"https:\/\/api.w.org\/{rel}","templated":true}]}}