{"id":98492,"date":"2025-04-16T08:31:53","date_gmt":"2025-04-16T06:31:53","guid":{"rendered":"https:\/\/www.eslebedasauto.at\/?p=98492"},"modified":"2025-04-21T16:57:45","modified_gmt":"2025-04-21T14:57:45","slug":"der-neue-kia-ev3","status":"publish","type":"post","link":"https:\/\/www.eslebedasauto.at\/it\/der-neue-kia-ev3\/","title":{"rendered":"Der neue Kia EV3 \u2013 Kompakt, elektrisch und durchdacht &#8211; ein erster Eindruck"},"content":{"rendered":"<p>Die Redaktion von Eslebedasauto hatte die Gelegenheit, den neuen Kia EV3 \u00fcber ein paar Tage hinweg zu testen. Der kompakte Elektro-SUV \u00fcberzeugte dabei mit seinem modernen Design, dem gro\u00dfz\u00fcgigen Raumangebot und jeder Menge durchdachter Details und viel Recyclingmaterialien.<\/p>\n\n\n\n<figure class=\"wp-block-gallery has-nested-images columns-default is-cropped wp-block-gallery-1 is-layout-flex wp-block-gallery-is-layout-flex\">\n<figure class=\"wp-block-image size-large\"><a href=\"https:\/\/www.eslebedasauto.at\/it\/img_1019-2\/\"><img fetchpriority=\"high\" decoding=\"async\" width=\"1024\" height=\"768\" data-id=\"98497\" src=\"https:\/\/www.eslebedasauto.at\/wp-content\/uploads\/2025\/04\/IMG_1019-1024x768.jpg\" alt=\"\" class=\"wp-image-98497\" srcset=\"https:\/\/www.eslebedasauto.at\/wp-content\/uploads\/2025\/04\/IMG_1019-1024x768.jpg 1024w, https:\/\/www.eslebedasauto.at\/wp-content\/uploads\/2025\/04\/IMG_1019-300x225.jpg 300w, https:\/\/www.eslebedasauto.at\/wp-content\/uploads\/2025\/04\/IMG_1019-768x576.jpg 768w, https:\/\/www.eslebedasauto.at\/wp-content\/uploads\/2025\/04\/IMG_1019-1536x1152.jpg 1536w, https:\/\/www.eslebedasauto.at\/wp-content\/uploads\/2025\/04\/IMG_1019-2048x1536.jpg 2048w\" sizes=\"(max-width: 1024px) 100vw, 1024px\" \/><\/a><\/figure>\n\n\n\n<figure class=\"wp-block-image size-large\"><a href=\"https:\/\/www.eslebedasauto.at\/it\/img_1020-2\/\"><img decoding=\"async\" width=\"768\" height=\"1024\" data-id=\"98498\" src=\"https:\/\/www.eslebedasauto.at\/wp-content\/uploads\/2025\/04\/IMG_1020-768x1024.jpg\" alt=\"\" class=\"wp-image-98498\" srcset=\"https:\/\/www.eslebedasauto.at\/wp-content\/uploads\/2025\/04\/IMG_1020-768x1024.jpg 768w, https:\/\/www.eslebedasauto.at\/wp-content\/uploads\/2025\/04\/IMG_1020-225x300.jpg 225w, https:\/\/www.eslebedasauto.at\/wp-content\/uploads\/2025\/04\/IMG_1020-1152x1536.jpg 1152w, https:\/\/www.eslebedasauto.at\/wp-content\/uploads\/2025\/04\/IMG_1020-1536x2048.jpg 1536w, https:\/\/www.eslebedasauto.at\/wp-content\/uploads\/2025\/04\/IMG_1020-scaled.jpg 1920w\" sizes=\"(max-width: 768px) 100vw, 768px\" \/><\/a><\/figure>\n\n\n\n<figure class=\"wp-block-image size-large\"><a href=\"https:\/\/www.eslebedasauto.at\/it\/img_1021-3\/\"><img decoding=\"async\" width=\"768\" height=\"1024\" data-id=\"98499\" src=\"https:\/\/www.eslebedasauto.at\/wp-content\/uploads\/2025\/04\/IMG_1021-768x1024.jpg\" alt=\"\" class=\"wp-image-98499\" srcset=\"https:\/\/www.eslebedasauto.at\/wp-content\/uploads\/2025\/04\/IMG_1021-768x1024.jpg 768w, https:\/\/www.eslebedasauto.at\/wp-content\/uploads\/2025\/04\/IMG_1021-225x300.jpg 225w, https:\/\/www.eslebedasauto.at\/wp-content\/uploads\/2025\/04\/IMG_1021-1152x1536.jpg 1152w, https:\/\/www.eslebedasauto.at\/wp-content\/uploads\/2025\/04\/IMG_1021-1536x2048.jpg 1536w, https:\/\/www.eslebedasauto.at\/wp-content\/uploads\/2025\/04\/IMG_1021-scaled.jpg 1920w\" sizes=\"(max-width: 768px) 100vw, 768px\" \/><\/a><\/figure>\n\n\n\n<figure class=\"wp-block-image size-large\"><a href=\"https:\/\/www.eslebedasauto.at\/it\/img_1022-3\/\"><img loading=\"lazy\" decoding=\"async\" width=\"1024\" height=\"768\" data-id=\"98500\" src=\"https:\/\/www.eslebedasauto.at\/wp-content\/uploads\/2025\/04\/IMG_1022-1024x768.jpg\" alt=\"\" class=\"wp-image-98500\" srcset=\"https:\/\/www.eslebedasauto.at\/wp-content\/uploads\/2025\/04\/IMG_1022-1024x768.jpg 1024w, https:\/\/www.eslebedasauto.at\/wp-content\/uploads\/2025\/04\/IMG_1022-300x225.jpg 300w, https:\/\/www.eslebedasauto.at\/wp-content\/uploads\/2025\/04\/IMG_1022-768x576.jpg 768w, https:\/\/www.eslebedasauto.at\/wp-content\/uploads\/2025\/04\/IMG_1022-1536x1152.jpg 1536w, https:\/\/www.eslebedasauto.at\/wp-content\/uploads\/2025\/04\/IMG_1022-2048x1536.jpg 2048w\" sizes=\"(max-width: 1024px) 100vw, 1024px\" \/><\/a><\/figure>\n\n\n\n<figure class=\"wp-block-image size-large\"><a href=\"https:\/\/www.eslebedasauto.at\/it\/img_1024-3\/\"><img loading=\"lazy\" decoding=\"async\" width=\"1024\" height=\"768\" data-id=\"98502\" src=\"https:\/\/www.eslebedasauto.at\/wp-content\/uploads\/2025\/04\/IMG_1024-1024x768.jpg\" alt=\"\" class=\"wp-image-98502\" srcset=\"https:\/\/www.eslebedasauto.at\/wp-content\/uploads\/2025\/04\/IMG_1024-1024x768.jpg 1024w, https:\/\/www.eslebedasauto.at\/wp-content\/uploads\/2025\/04\/IMG_1024-300x225.jpg 300w, https:\/\/www.eslebedasauto.at\/wp-content\/uploads\/2025\/04\/IMG_1024-768x576.jpg 768w, https:\/\/www.eslebedasauto.at\/wp-content\/uploads\/2025\/04\/IMG_1024-1536x1152.jpg 1536w, https:\/\/www.eslebedasauto.at\/wp-content\/uploads\/2025\/04\/IMG_1024-2048x1536.jpg 2048w\" sizes=\"(max-width: 1024px) 100vw, 1024px\" \/><\/a><\/figure>\n\n\n\n<figure class=\"wp-block-image size-large\"><a href=\"https:\/\/www.eslebedasauto.at\/it\/img_1025-2\/\"><img loading=\"lazy\" decoding=\"async\" width=\"768\" height=\"1024\" data-id=\"98503\" src=\"https:\/\/www.eslebedasauto.at\/wp-content\/uploads\/2025\/04\/IMG_1025-768x1024.jpg\" alt=\"\" class=\"wp-image-98503\" srcset=\"https:\/\/www.eslebedasauto.at\/wp-content\/uploads\/2025\/04\/IMG_1025-768x1024.jpg 768w, https:\/\/www.eslebedasauto.at\/wp-content\/uploads\/2025\/04\/IMG_1025-225x300.jpg 225w, https:\/\/www.eslebedasauto.at\/wp-content\/uploads\/2025\/04\/IMG_1025-1152x1536.jpg 1152w, https:\/\/www.eslebedasauto.at\/wp-content\/uploads\/2025\/04\/IMG_1025-1536x2048.jpg 1536w, https:\/\/www.eslebedasauto.at\/wp-content\/uploads\/2025\/04\/IMG_1025-scaled.jpg 1920w\" sizes=\"(max-width: 768px) 100vw, 768px\" \/><\/a><\/figure>\n\n\n\n<figure class=\"wp-block-image size-large\"><a href=\"https:\/\/www.eslebedasauto.at\/it\/img_1028-3\/\"><img loading=\"lazy\" decoding=\"async\" width=\"768\" height=\"1024\" data-id=\"98504\" src=\"https:\/\/www.eslebedasauto.at\/wp-content\/uploads\/2025\/04\/IMG_1028-768x1024.jpg\" alt=\"\" class=\"wp-image-98504\" srcset=\"https:\/\/www.eslebedasauto.at\/wp-content\/uploads\/2025\/04\/IMG_1028-768x1024.jpg 768w, https:\/\/www.eslebedasauto.at\/wp-content\/uploads\/2025\/04\/IMG_1028-225x300.jpg 225w, https:\/\/www.eslebedasauto.at\/wp-content\/uploads\/2025\/04\/IMG_1028-1152x1536.jpg 1152w, https:\/\/www.eslebedasauto.at\/wp-content\/uploads\/2025\/04\/IMG_1028-1536x2048.jpg 1536w, https:\/\/www.eslebedasauto.at\/wp-content\/uploads\/2025\/04\/IMG_1028-scaled.jpg 1920w\" sizes=\"(max-width: 768px) 100vw, 768px\" \/><\/a><\/figure>\n\n\n\n<figure class=\"wp-block-image size-large\"><a href=\"https:\/\/www.eslebedasauto.at\/it\/img_1033-2\/\"><img loading=\"lazy\" decoding=\"async\" width=\"768\" height=\"1024\" data-id=\"98509\" src=\"https:\/\/www.eslebedasauto.at\/wp-content\/uploads\/2025\/04\/IMG_1033-768x1024.jpg\" alt=\"\" class=\"wp-image-98509\" srcset=\"https:\/\/www.eslebedasauto.at\/wp-content\/uploads\/2025\/04\/IMG_1033-768x1024.jpg 768w, https:\/\/www.eslebedasauto.at\/wp-content\/uploads\/2025\/04\/IMG_1033-225x300.jpg 225w, https:\/\/www.eslebedasauto.at\/wp-content\/uploads\/2025\/04\/IMG_1033-1152x1536.jpg 1152w, https:\/\/www.eslebedasauto.at\/wp-content\/uploads\/2025\/04\/IMG_1033-1536x2048.jpg 1536w, https:\/\/www.eslebedasauto.at\/wp-content\/uploads\/2025\/04\/IMG_1033-scaled.jpg 1920w\" sizes=\"(max-width: 768px) 100vw, 768px\" \/><\/a><\/figure>\n\n\n\n<figure class=\"wp-block-image size-large\"><a href=\"https:\/\/www.eslebedasauto.at\/it\/img_1032-2\/\"><img loading=\"lazy\" decoding=\"async\" width=\"1024\" height=\"768\" data-id=\"98508\" src=\"https:\/\/www.eslebedasauto.at\/wp-content\/uploads\/2025\/04\/IMG_1032-1024x768.jpg\" alt=\"\" class=\"wp-image-98508\" srcset=\"https:\/\/www.eslebedasauto.at\/wp-content\/uploads\/2025\/04\/IMG_1032-1024x768.jpg 1024w, https:\/\/www.eslebedasauto.at\/wp-content\/uploads\/2025\/04\/IMG_1032-300x225.jpg 300w, https:\/\/www.eslebedasauto.at\/wp-content\/uploads\/2025\/04\/IMG_1032-768x576.jpg 768w, https:\/\/www.eslebedasauto.at\/wp-content\/uploads\/2025\/04\/IMG_1032-1536x1152.jpg 1536w, https:\/\/www.eslebedasauto.at\/wp-content\/uploads\/2025\/04\/IMG_1032-2048x1536.jpg 2048w\" sizes=\"(max-width: 1024px) 100vw, 1024px\" \/><\/a><\/figure>\n\n\n\n<figure class=\"wp-block-image size-large\"><a href=\"https:\/\/www.eslebedasauto.at\/it\/img_1029-2\/\"><img loading=\"lazy\" decoding=\"async\" width=\"768\" height=\"1024\" data-id=\"98505\" src=\"https:\/\/www.eslebedasauto.at\/wp-content\/uploads\/2025\/04\/IMG_1029-768x1024.jpg\" alt=\"\" class=\"wp-image-98505\" srcset=\"https:\/\/www.eslebedasauto.at\/wp-content\/uploads\/2025\/04\/IMG_1029-768x1024.jpg 768w, https:\/\/www.eslebedasauto.at\/wp-content\/uploads\/2025\/04\/IMG_1029-225x300.jpg 225w, https:\/\/www.eslebedasauto.at\/wp-content\/uploads\/2025\/04\/IMG_1029-1152x1536.jpg 1152w, https:\/\/www.eslebedasauto.at\/wp-content\/uploads\/2025\/04\/IMG_1029-1536x2048.jpg 1536w, https:\/\/www.eslebedasauto.at\/wp-content\/uploads\/2025\/04\/IMG_1029-scaled.jpg 1920w\" sizes=\"(max-width: 768px) 100vw, 768px\" \/><\/a><\/figure>\n<\/figure>\n\n\n\n<p><\/p>\n\n\n\n<h3 id=\"design-raumangebot\" class=\"wp-block-heading\"><strong>Design &amp; Raumangebot<\/strong><\/h3>\n\n\n\n<p>Mit einer L\u00e4nge von 4,30 Metern pr\u00e4sentiert sich der EV3 als kompakter SUV, der dennoch gro\u00dfz\u00fcgigen Innenraum bietet. Die kantige Karosserie mit den schmalen LED-Leuchten verleiht dem Fahrzeug ein markantes, modernes Erscheinungsbild. <strong>Besonders hervorzuheben ist der Innenraum<\/strong>: Die R\u00fccksitze bieten ausreichend Platz, und der Kofferraum fasst mindestens 460 Liter. Zus\u00e4tzlich steht ein 25-Liter-Frunk unter der vorderen Haube zur Verf\u00fcgung, ideal f\u00fcr das Verstauen des Ladekabels. \u200b<\/p>\n\n\n\n<h3 id=\"innenraum-bedienung\" class=\"wp-block-heading\">Innenraum &amp; Bedienung<\/h3>\n\n\n\n<p>Der Innenraum des EV3 ist modern und funktional gestaltet. Eine ausziehbare Ablagefl\u00e4che zwischen den Vordersitzen bietet Platz f\u00fcr einen Laptop oder eine kleine Mahlzeit \u2013 praktisch w\u00e4hrend des Ladevorgangs. Die Bedienung erfolgt \u00fcber ein zentrales Touchscreen-Display, erg\u00e4nzt durch physische Tasten, die sich aber dort und da unter eine Art Gummierung befinden und eine Walze unter dem Bildschirm f\u00fcr h\u00e4ufig genutzte Funktionen wie Klimaregelung und Lautst\u00e4rke. Wir lieben Schalter \ud83d\ude42<\/p>\n\n\n\n<figure class=\"wp-block-gallery has-nested-images columns-5 is-cropped wp-block-gallery-2 is-layout-flex wp-block-gallery-is-layout-flex\">\n<figure class=\"wp-block-image size-large\"><a href=\"https:\/\/www.eslebedasauto.at\/it\/img_1061-3\/\"><img loading=\"lazy\" decoding=\"async\" width=\"1024\" height=\"768\" data-id=\"98534\" src=\"https:\/\/www.eslebedasauto.at\/wp-content\/uploads\/2025\/04\/IMG_1061-1024x768.jpg\" alt=\"\" class=\"wp-image-98534\" srcset=\"https:\/\/www.eslebedasauto.at\/wp-content\/uploads\/2025\/04\/IMG_1061-1024x768.jpg 1024w, https:\/\/www.eslebedasauto.at\/wp-content\/uploads\/2025\/04\/IMG_1061-300x225.jpg 300w, https:\/\/www.eslebedasauto.at\/wp-content\/uploads\/2025\/04\/IMG_1061-768x576.jpg 768w, https:\/\/www.eslebedasauto.at\/wp-content\/uploads\/2025\/04\/IMG_1061-1536x1152.jpg 1536w, https:\/\/www.eslebedasauto.at\/wp-content\/uploads\/2025\/04\/IMG_1061-2048x1536.jpg 2048w\" sizes=\"(max-width: 1024px) 100vw, 1024px\" \/><\/a><\/figure>\n\n\n\n<figure class=\"wp-block-image size-large\"><a href=\"https:\/\/www.eslebedasauto.at\/it\/img_1060-2\/\"><img loading=\"lazy\" decoding=\"async\" width=\"1024\" height=\"768\" data-id=\"98533\" src=\"https:\/\/www.eslebedasauto.at\/wp-content\/uploads\/2025\/04\/IMG_1060-1024x768.jpg\" alt=\"\" class=\"wp-image-98533\" srcset=\"https:\/\/www.eslebedasauto.at\/wp-content\/uploads\/2025\/04\/IMG_1060-1024x768.jpg 1024w, https:\/\/www.eslebedasauto.at\/wp-content\/uploads\/2025\/04\/IMG_1060-300x225.jpg 300w, https:\/\/www.eslebedasauto.at\/wp-content\/uploads\/2025\/04\/IMG_1060-768x576.jpg 768w, https:\/\/www.eslebedasauto.at\/wp-content\/uploads\/2025\/04\/IMG_1060-1536x1152.jpg 1536w, https:\/\/www.eslebedasauto.at\/wp-content\/uploads\/2025\/04\/IMG_1060-2048x1536.jpg 2048w\" sizes=\"(max-width: 1024px) 100vw, 1024px\" \/><\/a><\/figure>\n\n\n\n<figure class=\"wp-block-image size-large\"><a href=\"https:\/\/www.eslebedasauto.at\/it\/img_1059-3\/\"><img loading=\"lazy\" decoding=\"async\" width=\"1024\" height=\"768\" data-id=\"98532\" src=\"https:\/\/www.eslebedasauto.at\/wp-content\/uploads\/2025\/04\/IMG_1059-1024x768.jpg\" alt=\"\" class=\"wp-image-98532\" srcset=\"https:\/\/www.eslebedasauto.at\/wp-content\/uploads\/2025\/04\/IMG_1059-1024x768.jpg 1024w, https:\/\/www.eslebedasauto.at\/wp-content\/uploads\/2025\/04\/IMG_1059-300x225.jpg 300w, https:\/\/www.eslebedasauto.at\/wp-content\/uploads\/2025\/04\/IMG_1059-768x576.jpg 768w, https:\/\/www.eslebedasauto.at\/wp-content\/uploads\/2025\/04\/IMG_1059-1536x1152.jpg 1536w, https:\/\/www.eslebedasauto.at\/wp-content\/uploads\/2025\/04\/IMG_1059-2048x1536.jpg 2048w\" sizes=\"(max-width: 1024px) 100vw, 1024px\" \/><\/a><\/figure>\n\n\n\n<figure class=\"wp-block-image size-large\"><a href=\"https:\/\/www.eslebedasauto.at\/it\/img_1058-2\/\"><img loading=\"lazy\" decoding=\"async\" width=\"1024\" height=\"768\" data-id=\"98531\" src=\"https:\/\/www.eslebedasauto.at\/wp-content\/uploads\/2025\/04\/IMG_1058-1024x768.jpg\" alt=\"\" class=\"wp-image-98531\" srcset=\"https:\/\/www.eslebedasauto.at\/wp-content\/uploads\/2025\/04\/IMG_1058-1024x768.jpg 1024w, https:\/\/www.eslebedasauto.at\/wp-content\/uploads\/2025\/04\/IMG_1058-300x225.jpg 300w, https:\/\/www.eslebedasauto.at\/wp-content\/uploads\/2025\/04\/IMG_1058-768x576.jpg 768w, https:\/\/www.eslebedasauto.at\/wp-content\/uploads\/2025\/04\/IMG_1058-1536x1152.jpg 1536w, https:\/\/www.eslebedasauto.at\/wp-content\/uploads\/2025\/04\/IMG_1058-2048x1536.jpg 2048w\" sizes=\"(max-width: 1024px) 100vw, 1024px\" \/><\/a><\/figure>\n\n\n\n<figure class=\"wp-block-image size-large\"><a href=\"https:\/\/www.eslebedasauto.at\/it\/img_1057\/\"><img loading=\"lazy\" decoding=\"async\" width=\"768\" height=\"1024\" data-id=\"98530\" src=\"https:\/\/www.eslebedasauto.at\/wp-content\/uploads\/2025\/04\/IMG_1057-768x1024.jpg\" alt=\"\" class=\"wp-image-98530\" srcset=\"https:\/\/www.eslebedasauto.at\/wp-content\/uploads\/2025\/04\/IMG_1057-768x1024.jpg 768w, https:\/\/www.eslebedasauto.at\/wp-content\/uploads\/2025\/04\/IMG_1057-225x300.jpg 225w, https:\/\/www.eslebedasauto.at\/wp-content\/uploads\/2025\/04\/IMG_1057-1152x1536.jpg 1152w, https:\/\/www.eslebedasauto.at\/wp-content\/uploads\/2025\/04\/IMG_1057-1536x2048.jpg 1536w, https:\/\/www.eslebedasauto.at\/wp-content\/uploads\/2025\/04\/IMG_1057-scaled.jpg 1920w\" sizes=\"(max-width: 768px) 100vw, 768px\" \/><\/a><\/figure>\n\n\n\n<figure class=\"wp-block-image size-large\"><a href=\"https:\/\/www.eslebedasauto.at\/it\/img_1056\/\"><img loading=\"lazy\" decoding=\"async\" width=\"768\" height=\"1024\" data-id=\"98529\" src=\"https:\/\/www.eslebedasauto.at\/wp-content\/uploads\/2025\/04\/IMG_1056-768x1024.jpg\" alt=\"\" class=\"wp-image-98529\" srcset=\"https:\/\/www.eslebedasauto.at\/wp-content\/uploads\/2025\/04\/IMG_1056-768x1024.jpg 768w, https:\/\/www.eslebedasauto.at\/wp-content\/uploads\/2025\/04\/IMG_1056-225x300.jpg 225w, https:\/\/www.eslebedasauto.at\/wp-content\/uploads\/2025\/04\/IMG_1056-1152x1536.jpg 1152w, https:\/\/www.eslebedasauto.at\/wp-content\/uploads\/2025\/04\/IMG_1056-1536x2048.jpg 1536w, https:\/\/www.eslebedasauto.at\/wp-content\/uploads\/2025\/04\/IMG_1056-scaled.jpg 1920w\" sizes=\"(max-width: 768px) 100vw, 768px\" \/><\/a><\/figure>\n\n\n\n<figure class=\"wp-block-image size-large\"><a href=\"https:\/\/www.eslebedasauto.at\/it\/img_1055\/\"><img loading=\"lazy\" decoding=\"async\" width=\"1024\" height=\"768\" data-id=\"98528\" src=\"https:\/\/www.eslebedasauto.at\/wp-content\/uploads\/2025\/04\/IMG_1055-1024x768.jpg\" alt=\"\" class=\"wp-image-98528\" srcset=\"https:\/\/www.eslebedasauto.at\/wp-content\/uploads\/2025\/04\/IMG_1055-1024x768.jpg 1024w, https:\/\/www.eslebedasauto.at\/wp-content\/uploads\/2025\/04\/IMG_1055-300x225.jpg 300w, https:\/\/www.eslebedasauto.at\/wp-content\/uploads\/2025\/04\/IMG_1055-768x576.jpg 768w, https:\/\/www.eslebedasauto.at\/wp-content\/uploads\/2025\/04\/IMG_1055-1536x1152.jpg 1536w, https:\/\/www.eslebedasauto.at\/wp-content\/uploads\/2025\/04\/IMG_1055-2048x1536.jpg 2048w\" sizes=\"(max-width: 1024px) 100vw, 1024px\" \/><\/a><\/figure>\n\n\n\n<figure class=\"wp-block-image size-large\"><a href=\"https:\/\/www.eslebedasauto.at\/it\/img_1054\/\"><img loading=\"lazy\" decoding=\"async\" width=\"1024\" height=\"768\" data-id=\"98527\" src=\"https:\/\/www.eslebedasauto.at\/wp-content\/uploads\/2025\/04\/IMG_1054-1024x768.jpg\" alt=\"\" class=\"wp-image-98527\" srcset=\"https:\/\/www.eslebedasauto.at\/wp-content\/uploads\/2025\/04\/IMG_1054-1024x768.jpg 1024w, https:\/\/www.eslebedasauto.at\/wp-content\/uploads\/2025\/04\/IMG_1054-300x225.jpg 300w, https:\/\/www.eslebedasauto.at\/wp-content\/uploads\/2025\/04\/IMG_1054-768x576.jpg 768w, https:\/\/www.eslebedasauto.at\/wp-content\/uploads\/2025\/04\/IMG_1054-1536x1152.jpg 1536w, https:\/\/www.eslebedasauto.at\/wp-content\/uploads\/2025\/04\/IMG_1054-2048x1536.jpg 2048w\" sizes=\"(max-width: 1024px) 100vw, 1024px\" \/><\/a><\/figure>\n\n\n\n<figure class=\"wp-block-image size-large\"><a href=\"https:\/\/www.eslebedasauto.at\/it\/img_1053\/\"><img loading=\"lazy\" decoding=\"async\" width=\"1024\" height=\"768\" data-id=\"98526\" src=\"https:\/\/www.eslebedasauto.at\/wp-content\/uploads\/2025\/04\/IMG_1053-1024x768.jpg\" alt=\"\" class=\"wp-image-98526\" srcset=\"https:\/\/www.eslebedasauto.at\/wp-content\/uploads\/2025\/04\/IMG_1053-1024x768.jpg 1024w, https:\/\/www.eslebedasauto.at\/wp-content\/uploads\/2025\/04\/IMG_1053-300x225.jpg 300w, https:\/\/www.eslebedasauto.at\/wp-content\/uploads\/2025\/04\/IMG_1053-768x576.jpg 768w, https:\/\/www.eslebedasauto.at\/wp-content\/uploads\/2025\/04\/IMG_1053-1536x1152.jpg 1536w, https:\/\/www.eslebedasauto.at\/wp-content\/uploads\/2025\/04\/IMG_1053-2048x1536.jpg 2048w\" sizes=\"(max-width: 1024px) 100vw, 1024px\" \/><\/a><\/figure>\n\n\n\n<figure class=\"wp-block-image size-large\"><a href=\"https:\/\/www.eslebedasauto.at\/it\/img_1052\/\"><img loading=\"lazy\" decoding=\"async\" width=\"1024\" height=\"768\" data-id=\"98525\" src=\"https:\/\/www.eslebedasauto.at\/wp-content\/uploads\/2025\/04\/IMG_1052-1024x768.jpg\" alt=\"\" class=\"wp-image-98525\" srcset=\"https:\/\/www.eslebedasauto.at\/wp-content\/uploads\/2025\/04\/IMG_1052-1024x768.jpg 1024w, https:\/\/www.eslebedasauto.at\/wp-content\/uploads\/2025\/04\/IMG_1052-300x225.jpg 300w, https:\/\/www.eslebedasauto.at\/wp-content\/uploads\/2025\/04\/IMG_1052-768x576.jpg 768w, https:\/\/www.eslebedasauto.at\/wp-content\/uploads\/2025\/04\/IMG_1052-1536x1152.jpg 1536w, https:\/\/www.eslebedasauto.at\/wp-content\/uploads\/2025\/04\/IMG_1052-2048x1536.jpg 2048w\" sizes=\"(max-width: 1024px) 100vw, 1024px\" \/><\/a><\/figure>\n\n\n\n<figure class=\"wp-block-image size-large\"><a href=\"https:\/\/www.eslebedasauto.at\/it\/img_1051\/\"><img loading=\"lazy\" decoding=\"async\" width=\"1024\" height=\"768\" data-id=\"98524\" src=\"https:\/\/www.eslebedasauto.at\/wp-content\/uploads\/2025\/04\/IMG_1051-1024x768.jpg\" alt=\"\" class=\"wp-image-98524\" srcset=\"https:\/\/www.eslebedasauto.at\/wp-content\/uploads\/2025\/04\/IMG_1051-1024x768.jpg 1024w, https:\/\/www.eslebedasauto.at\/wp-content\/uploads\/2025\/04\/IMG_1051-300x225.jpg 300w, https:\/\/www.eslebedasauto.at\/wp-content\/uploads\/2025\/04\/IMG_1051-768x576.jpg 768w, https:\/\/www.eslebedasauto.at\/wp-content\/uploads\/2025\/04\/IMG_1051-1536x1152.jpg 1536w, https:\/\/www.eslebedasauto.at\/wp-content\/uploads\/2025\/04\/IMG_1051-2048x1536.jpg 2048w\" sizes=\"(max-width: 1024px) 100vw, 1024px\" \/><\/a><\/figure>\n\n\n\n<figure class=\"wp-block-image size-large\"><a href=\"https:\/\/www.eslebedasauto.at\/it\/img_1050\/\"><img loading=\"lazy\" decoding=\"async\" width=\"1024\" height=\"768\" data-id=\"98523\" src=\"https:\/\/www.eslebedasauto.at\/wp-content\/uploads\/2025\/04\/IMG_1050-1024x768.jpg\" alt=\"\" class=\"wp-image-98523\" srcset=\"https:\/\/www.eslebedasauto.at\/wp-content\/uploads\/2025\/04\/IMG_1050-1024x768.jpg 1024w, https:\/\/www.eslebedasauto.at\/wp-content\/uploads\/2025\/04\/IMG_1050-300x225.jpg 300w, https:\/\/www.eslebedasauto.at\/wp-content\/uploads\/2025\/04\/IMG_1050-768x576.jpg 768w, https:\/\/www.eslebedasauto.at\/wp-content\/uploads\/2025\/04\/IMG_1050-1536x1152.jpg 1536w, https:\/\/www.eslebedasauto.at\/wp-content\/uploads\/2025\/04\/IMG_1050-2048x1536.jpg 2048w\" sizes=\"(max-width: 1024px) 100vw, 1024px\" \/><\/a><\/figure>\n\n\n\n<figure class=\"wp-block-image size-large\"><a href=\"https:\/\/www.eslebedasauto.at\/it\/img_1049\/\"><img loading=\"lazy\" decoding=\"async\" width=\"1024\" height=\"768\" data-id=\"98522\" src=\"https:\/\/www.eslebedasauto.at\/wp-content\/uploads\/2025\/04\/IMG_1049-1024x768.jpg\" alt=\"\" class=\"wp-image-98522\" srcset=\"https:\/\/www.eslebedasauto.at\/wp-content\/uploads\/2025\/04\/IMG_1049-1024x768.jpg 1024w, https:\/\/www.eslebedasauto.at\/wp-content\/uploads\/2025\/04\/IMG_1049-300x225.jpg 300w, https:\/\/www.eslebedasauto.at\/wp-content\/uploads\/2025\/04\/IMG_1049-768x576.jpg 768w, https:\/\/www.eslebedasauto.at\/wp-content\/uploads\/2025\/04\/IMG_1049-1536x1152.jpg 1536w, https:\/\/www.eslebedasauto.at\/wp-content\/uploads\/2025\/04\/IMG_1049-2048x1536.jpg 2048w\" sizes=\"(max-width: 1024px) 100vw, 1024px\" \/><\/a><\/figure>\n\n\n\n<figure class=\"wp-block-image size-large\"><a href=\"https:\/\/www.eslebedasauto.at\/it\/img_1048\/\"><img loading=\"lazy\" decoding=\"async\" width=\"1024\" height=\"768\" data-id=\"98521\" src=\"https:\/\/www.eslebedasauto.at\/wp-content\/uploads\/2025\/04\/IMG_1048-1024x768.jpg\" alt=\"\" class=\"wp-image-98521\" srcset=\"https:\/\/www.eslebedasauto.at\/wp-content\/uploads\/2025\/04\/IMG_1048-1024x768.jpg 1024w, https:\/\/www.eslebedasauto.at\/wp-content\/uploads\/2025\/04\/IMG_1048-300x225.jpg 300w, https:\/\/www.eslebedasauto.at\/wp-content\/uploads\/2025\/04\/IMG_1048-768x576.jpg 768w, https:\/\/www.eslebedasauto.at\/wp-content\/uploads\/2025\/04\/IMG_1048-1536x1152.jpg 1536w, https:\/\/www.eslebedasauto.at\/wp-content\/uploads\/2025\/04\/IMG_1048-2048x1536.jpg 2048w\" sizes=\"(max-width: 1024px) 100vw, 1024px\" \/><\/a><\/figure>\n\n\n\n<figure class=\"wp-block-image size-large\"><a href=\"https:\/\/www.eslebedasauto.at\/it\/img_1047\/\"><img loading=\"lazy\" decoding=\"async\" width=\"768\" height=\"1024\" data-id=\"98520\" src=\"https:\/\/www.eslebedasauto.at\/wp-content\/uploads\/2025\/04\/IMG_1047-768x1024.jpg\" alt=\"\" class=\"wp-image-98520\" srcset=\"https:\/\/www.eslebedasauto.at\/wp-content\/uploads\/2025\/04\/IMG_1047-768x1024.jpg 768w, https:\/\/www.eslebedasauto.at\/wp-content\/uploads\/2025\/04\/IMG_1047-225x300.jpg 225w, https:\/\/www.eslebedasauto.at\/wp-content\/uploads\/2025\/04\/IMG_1047-1152x1536.jpg 1152w, https:\/\/www.eslebedasauto.at\/wp-content\/uploads\/2025\/04\/IMG_1047-1536x2048.jpg 1536w, https:\/\/www.eslebedasauto.at\/wp-content\/uploads\/2025\/04\/IMG_1047-scaled.jpg 1920w\" sizes=\"(max-width: 768px) 100vw, 768px\" \/><\/a><\/figure>\n\n\n\n<figure class=\"wp-block-image size-large\"><a href=\"https:\/\/www.eslebedasauto.at\/it\/img_1046\/\"><img loading=\"lazy\" decoding=\"async\" width=\"768\" height=\"1024\" data-id=\"98519\" src=\"https:\/\/www.eslebedasauto.at\/wp-content\/uploads\/2025\/04\/IMG_1046-768x1024.jpg\" alt=\"\" class=\"wp-image-98519\" srcset=\"https:\/\/www.eslebedasauto.at\/wp-content\/uploads\/2025\/04\/IMG_1046-768x1024.jpg 768w, https:\/\/www.eslebedasauto.at\/wp-content\/uploads\/2025\/04\/IMG_1046-225x300.jpg 225w, https:\/\/www.eslebedasauto.at\/wp-content\/uploads\/2025\/04\/IMG_1046-1152x1536.jpg 1152w, https:\/\/www.eslebedasauto.at\/wp-content\/uploads\/2025\/04\/IMG_1046-1536x2048.jpg 1536w, https:\/\/www.eslebedasauto.at\/wp-content\/uploads\/2025\/04\/IMG_1046-scaled.jpg 1920w\" sizes=\"(max-width: 768px) 100vw, 768px\" \/><\/a><\/figure>\n\n\n\n<figure class=\"wp-block-image size-large\"><a href=\"https:\/\/www.eslebedasauto.at\/it\/img_1045\/\"><img loading=\"lazy\" decoding=\"async\" width=\"768\" height=\"1024\" data-id=\"98518\" src=\"https:\/\/www.eslebedasauto.at\/wp-content\/uploads\/2025\/04\/IMG_1045-768x1024.jpg\" alt=\"\" class=\"wp-image-98518\" srcset=\"https:\/\/www.eslebedasauto.at\/wp-content\/uploads\/2025\/04\/IMG_1045-768x1024.jpg 768w, https:\/\/www.eslebedasauto.at\/wp-content\/uploads\/2025\/04\/IMG_1045-225x300.jpg 225w, https:\/\/www.eslebedasauto.at\/wp-content\/uploads\/2025\/04\/IMG_1045-1152x1536.jpg 1152w, https:\/\/www.eslebedasauto.at\/wp-content\/uploads\/2025\/04\/IMG_1045-1536x2048.jpg 1536w, https:\/\/www.eslebedasauto.at\/wp-content\/uploads\/2025\/04\/IMG_1045-scaled.jpg 1920w\" sizes=\"(max-width: 768px) 100vw, 768px\" \/><\/a><\/figure>\n\n\n\n<figure class=\"wp-block-image size-large\"><a href=\"https:\/\/www.eslebedasauto.at\/it\/img_1044-2\/\"><img loading=\"lazy\" decoding=\"async\" width=\"1024\" height=\"768\" data-id=\"98517\" src=\"https:\/\/www.eslebedasauto.at\/wp-content\/uploads\/2025\/04\/IMG_1044-1024x768.jpg\" alt=\"\" class=\"wp-image-98517\" srcset=\"https:\/\/www.eslebedasauto.at\/wp-content\/uploads\/2025\/04\/IMG_1044-1024x768.jpg 1024w, https:\/\/www.eslebedasauto.at\/wp-content\/uploads\/2025\/04\/IMG_1044-300x225.jpg 300w, https:\/\/www.eslebedasauto.at\/wp-content\/uploads\/2025\/04\/IMG_1044-768x576.jpg 768w, https:\/\/www.eslebedasauto.at\/wp-content\/uploads\/2025\/04\/IMG_1044-1536x1152.jpg 1536w, https:\/\/www.eslebedasauto.at\/wp-content\/uploads\/2025\/04\/IMG_1044-2048x1536.jpg 2048w\" sizes=\"(max-width: 1024px) 100vw, 1024px\" \/><\/a><\/figure>\n\n\n\n<figure class=\"wp-block-image size-large\"><a href=\"https:\/\/www.eslebedasauto.at\/it\/img_1043-2\/\"><img loading=\"lazy\" decoding=\"async\" width=\"1024\" height=\"768\" data-id=\"98516\" src=\"https:\/\/www.eslebedasauto.at\/wp-content\/uploads\/2025\/04\/IMG_1043-1024x768.jpg\" alt=\"\" class=\"wp-image-98516\" srcset=\"https:\/\/www.eslebedasauto.at\/wp-content\/uploads\/2025\/04\/IMG_1043-1024x768.jpg 1024w, https:\/\/www.eslebedasauto.at\/wp-content\/uploads\/2025\/04\/IMG_1043-300x225.jpg 300w, https:\/\/www.eslebedasauto.at\/wp-content\/uploads\/2025\/04\/IMG_1043-768x576.jpg 768w, https:\/\/www.eslebedasauto.at\/wp-content\/uploads\/2025\/04\/IMG_1043-1536x1152.jpg 1536w, https:\/\/www.eslebedasauto.at\/wp-content\/uploads\/2025\/04\/IMG_1043-2048x1536.jpg 2048w\" sizes=\"(max-width: 1024px) 100vw, 1024px\" \/><\/a><\/figure>\n\n\n\n<figure class=\"wp-block-image size-large\"><a href=\"https:\/\/www.eslebedasauto.at\/it\/img_1041\/\"><img loading=\"lazy\" decoding=\"async\" width=\"768\" height=\"1024\" data-id=\"98515\" src=\"https:\/\/www.eslebedasauto.at\/wp-content\/uploads\/2025\/04\/IMG_1041-768x1024.jpg\" alt=\"\" class=\"wp-image-98515\" srcset=\"https:\/\/www.eslebedasauto.at\/wp-content\/uploads\/2025\/04\/IMG_1041-768x1024.jpg 768w, https:\/\/www.eslebedasauto.at\/wp-content\/uploads\/2025\/04\/IMG_1041-225x300.jpg 225w, https:\/\/www.eslebedasauto.at\/wp-content\/uploads\/2025\/04\/IMG_1041-1152x1536.jpg 1152w, https:\/\/www.eslebedasauto.at\/wp-content\/uploads\/2025\/04\/IMG_1041-1536x2048.jpg 1536w, https:\/\/www.eslebedasauto.at\/wp-content\/uploads\/2025\/04\/IMG_1041-scaled.jpg 1920w\" sizes=\"(max-width: 768px) 100vw, 768px\" \/><\/a><\/figure>\n\n\n\n<figure class=\"wp-block-image size-large\"><a href=\"https:\/\/www.eslebedasauto.at\/it\/img_1040-2\/\"><img loading=\"lazy\" decoding=\"async\" width=\"768\" height=\"1024\" data-id=\"98514\" src=\"https:\/\/www.eslebedasauto.at\/wp-content\/uploads\/2025\/04\/IMG_1040-768x1024.jpg\" alt=\"\" class=\"wp-image-98514\" srcset=\"https:\/\/www.eslebedasauto.at\/wp-content\/uploads\/2025\/04\/IMG_1040-768x1024.jpg 768w, https:\/\/www.eslebedasauto.at\/wp-content\/uploads\/2025\/04\/IMG_1040-225x300.jpg 225w, https:\/\/www.eslebedasauto.at\/wp-content\/uploads\/2025\/04\/IMG_1040-1152x1536.jpg 1152w, https:\/\/www.eslebedasauto.at\/wp-content\/uploads\/2025\/04\/IMG_1040-1536x2048.jpg 1536w, https:\/\/www.eslebedasauto.at\/wp-content\/uploads\/2025\/04\/IMG_1040-scaled.jpg 1920w\" sizes=\"(max-width: 768px) 100vw, 768px\" \/><\/a><\/figure>\n\n\n\n<figure class=\"wp-block-image size-large\"><a href=\"https:\/\/www.eslebedasauto.at\/it\/img_1038-2\/\"><img loading=\"lazy\" decoding=\"async\" width=\"1024\" height=\"768\" data-id=\"98513\" src=\"https:\/\/www.eslebedasauto.at\/wp-content\/uploads\/2025\/04\/IMG_1038-1024x768.jpg\" alt=\"\" class=\"wp-image-98513\" srcset=\"https:\/\/www.eslebedasauto.at\/wp-content\/uploads\/2025\/04\/IMG_1038-1024x768.jpg 1024w, https:\/\/www.eslebedasauto.at\/wp-content\/uploads\/2025\/04\/IMG_1038-300x225.jpg 300w, https:\/\/www.eslebedasauto.at\/wp-content\/uploads\/2025\/04\/IMG_1038-768x576.jpg 768w, https:\/\/www.eslebedasauto.at\/wp-content\/uploads\/2025\/04\/IMG_1038-1536x1152.jpg 1536w, https:\/\/www.eslebedasauto.at\/wp-content\/uploads\/2025\/04\/IMG_1038-2048x1536.jpg 2048w\" sizes=\"(max-width: 1024px) 100vw, 1024px\" \/><\/a><\/figure>\n\n\n\n<figure class=\"wp-block-image size-large\"><a href=\"https:\/\/www.eslebedasauto.at\/it\/img_1037-2\/\"><img loading=\"lazy\" decoding=\"async\" width=\"768\" height=\"1024\" data-id=\"98512\" src=\"https:\/\/www.eslebedasauto.at\/wp-content\/uploads\/2025\/04\/IMG_1037-768x1024.jpg\" alt=\"\" class=\"wp-image-98512\" srcset=\"https:\/\/www.eslebedasauto.at\/wp-content\/uploads\/2025\/04\/IMG_1037-768x1024.jpg 768w, https:\/\/www.eslebedasauto.at\/wp-content\/uploads\/2025\/04\/IMG_1037-225x300.jpg 225w, https:\/\/www.eslebedasauto.at\/wp-content\/uploads\/2025\/04\/IMG_1037-1152x1536.jpg 1152w, https:\/\/www.eslebedasauto.at\/wp-content\/uploads\/2025\/04\/IMG_1037-1536x2048.jpg 1536w, https:\/\/www.eslebedasauto.at\/wp-content\/uploads\/2025\/04\/IMG_1037-scaled.jpg 1920w\" sizes=\"(max-width: 768px) 100vw, 768px\" \/><\/a><\/figure>\n\n\n\n<figure class=\"wp-block-image size-large\"><a href=\"https:\/\/www.eslebedasauto.at\/it\/img_1036\/\"><img loading=\"lazy\" decoding=\"async\" width=\"768\" height=\"1024\" data-id=\"98511\" src=\"https:\/\/www.eslebedasauto.at\/wp-content\/uploads\/2025\/04\/IMG_1036-768x1024.jpg\" alt=\"\" class=\"wp-image-98511\" srcset=\"https:\/\/www.eslebedasauto.at\/wp-content\/uploads\/2025\/04\/IMG_1036-768x1024.jpg 768w, https:\/\/www.eslebedasauto.at\/wp-content\/uploads\/2025\/04\/IMG_1036-225x300.jpg 225w, https:\/\/www.eslebedasauto.at\/wp-content\/uploads\/2025\/04\/IMG_1036-1152x1536.jpg 1152w, https:\/\/www.eslebedasauto.at\/wp-content\/uploads\/2025\/04\/IMG_1036-1536x2048.jpg 1536w, https:\/\/www.eslebedasauto.at\/wp-content\/uploads\/2025\/04\/IMG_1036-scaled.jpg 1920w\" sizes=\"(max-width: 768px) 100vw, 768px\" \/><\/a><\/figure>\n<\/figure>\n\n\n\n<p><\/p>\n\n\n\n<h3 id=\"fahreigenschaften\" class=\"wp-block-heading\"><strong>Fahreigenschaften<\/strong><\/h3>\n\n\n\n<p>Angetrieben wird der EV3 von einem 150-kW-Elektromotor, der die Vorderr\u00e4der antreibt. Die Beschleunigung ist angemessen und angenehm, ohne \u00fcberm\u00e4\u00dfig sportlich zu wirken. Die Rekuperation l\u00e4sst sich \u00fcber Paddles am Lenkrad in mehreren Stufen einstellen, was eine individuelle Anpassung des Fahrverhaltens erm\u00f6glicht. \u200b<\/p>\n\n\n\n<h3 id=\"ladezeiten-reichweite\" class=\"wp-block-heading\"><strong>Ladezeiten &amp; Reichweite<\/strong><\/h3>\n\n\n\n<p>Die 96 kWh netto gro\u00dfe Batterie erm\u00f6glicht eine WLTP-Reichweite von bis zu 605 km. An einer 800-Volt-Schnelllades\u00e4ule l\u00e4sst sich der Akku in nur 31 Minuten von 10 auf 80 % aufladen. Auch an 400-Volt-Ladestationen sind mit bis zu 135 kW respektable Ladezeiten m\u00f6glich. \u200bWir konnten um die 515km mit dem neue EV 3 fahren, bevor wir die Lades\u00e4ule aufsuchen mussten.<\/p>\n\n\n\n<h3 id=\"fazit\" class=\"wp-block-heading\"><strong>Fazit<\/strong><\/h3>\n\n\n\n<p>\u00dcber den Testzeitraum hinterlie\u00df der Kia EV3 einen h\u00f6chst positiven Eindruck. Er kombiniert kompaktes Design mit durchdachten Details und bietet einen komfortablen Einstieg in die Elektromobilit\u00e4t. <\/p>\n\n\n\n<p>Der EV3 kostet als Earth plus in unserem Testwagen <strong>\u20ac 49.190 <\/strong>&nbsp;und somit ist der EV3 leider kein Sonderangebot mehr. Kommt man mit 58,3 kWh aus, kann man den EV3 aber auch schon f\u00fcr&nbsp;<strong>\u20ac<\/strong> <strong>36.840 <\/strong>&nbsp;bekommen.<br><\/p>\n\n\n\n<p><\/p>","protected":false},"excerpt":{"rendered":"<p>Der Kia EV3 kombiniert kompaktes Design mit durchdachten Details und bietet einen komfortablen Einstieg in die Elektromobilit\u00e4t.<\/p>","protected":false},"author":1,"featured_media":98495,"comment_status":"open","ping_status":"open","sticky":false,"template":"","format":"standard","meta":{"neve_meta_sidebar":"","neve_meta_container":"","neve_meta_enable_content_width":"","neve_meta_content_width":0,"neve_meta_title_alignment":"","neve_meta_author_avatar":"","neve_post_elements_order":"[\"title\",\"meta\",\"content\",\"comments\"]","neve_meta_disable_header":"","neve_meta_disable_footer":"","neve_meta_disable_title":"","neve_meta_reading_time":"","footnotes":""},"categories":[555,335],"tags":[],"class_list":["post-98492","post","type-post","status-publish","format-standard","has-post-thumbnail","hentry","category-electrofun","category-fahrberichte"],"yoast_head":"<!-- This site is optimized with the Yoast SEO plugin v26.8 - https:\/\/yoast.com\/product\/yoast-seo-wordpress\/ -->\n<title>KIA EV3 TEST - ESLEBEDASAUTO<\/title>\n<meta name=\"description\" content=\"Erster Eindruck des Kia EV3: Kompakter Elektro-SUV mit durchdachtem Design, gro\u00dfz\u00fcgigem Innenraum und angenehmen Fahreigenschaften.\u200bQuellen\" \/>\n<meta name=\"robots\" content=\"index, follow, max-snippet:-1, max-image-preview:large, max-video-preview:-1\" \/>\n<link rel=\"canonical\" href=\"https:\/\/www.eslebedasauto.at\/it\/der-neue-kia-ev3\/\" \/>\n<meta property=\"og:locale\" content=\"it_IT\" \/>\n<meta property=\"og:type\" content=\"article\" \/>\n<meta property=\"og:title\" content=\"KIA EV3 TEST - ESLEBEDASAUTO\" \/>\n<meta property=\"og:description\" content=\"Erster Eindruck des Kia EV3: Kompakter Elektro-SUV mit durchdachtem Design, gro\u00dfz\u00fcgigem Innenraum und angenehmen Fahreigenschaften.\u200bQuellen\" \/>\n<meta property=\"og:url\" content=\"https:\/\/www.eslebedasauto.at\/it\/der-neue-kia-ev3\/\" \/>\n<meta property=\"og:site_name\" content=\"Es lebe das Auto\" \/>\n<meta property=\"article:publisher\" content=\"https:\/\/www.facebook.com\/eslebedasauto.at\" \/>\n<meta property=\"article:published_time\" content=\"2025-04-16T06:31:53+00:00\" \/>\n<meta property=\"article:modified_time\" content=\"2025-04-21T14:57:45+00:00\" \/>\n<meta property=\"og:image\" content=\"https:\/\/www.eslebedasauto.at\/wp-content\/uploads\/2025\/04\/IMG_1017-scaled.jpg\" \/>\n\t<meta property=\"og:image:width\" content=\"2560\" \/>\n\t<meta property=\"og:image:height\" content=\"1920\" \/>\n\t<meta property=\"og:image:type\" content=\"image\/jpeg\" \/>\n<meta name=\"author\" content=\"Juergen\" \/>\n<meta name=\"twitter:card\" content=\"summary_large_image\" \/>\n<meta name=\"twitter:label1\" content=\"Scritto da\" \/>\n\t<meta name=\"twitter:data1\" content=\"Juergen\" \/>\n\t<meta name=\"twitter:label2\" content=\"Tempo di lettura stimato\" \/>\n\t<meta name=\"twitter:data2\" content=\"9 minuti\" \/>\n<script type=\"application\/ld+json\" class=\"yoast-schema-graph\">{\"@context\":\"https:\/\/schema.org\",\"@graph\":[{\"@type\":\"Article\",\"@id\":\"https:\/\/www.eslebedasauto.at\/der-neue-kia-ev3\/#article\",\"isPartOf\":{\"@id\":\"https:\/\/www.eslebedasauto.at\/der-neue-kia-ev3\/\"},\"author\":{\"name\":\"Juergen\",\"@id\":\"https:\/\/www.eslebedasauto.at\/#\/schema\/person\/4ecfb7fe1eb40654e5370227118c3fc2\"},\"headline\":\"Der neue Kia EV3 \u2013 Kompakt, elektrisch und durchdacht &#8211; ein erster Eindruck\",\"datePublished\":\"2025-04-16T06:31:53+00:00\",\"dateModified\":\"2025-04-21T14:57:45+00:00\",\"mainEntityOfPage\":{\"@id\":\"https:\/\/www.eslebedasauto.at\/der-neue-kia-ev3\/\"},\"wordCount\":376,\"commentCount\":0,\"publisher\":{\"@id\":\"https:\/\/www.eslebedasauto.at\/#organization\"},\"image\":{\"@id\":\"https:\/\/www.eslebedasauto.at\/der-neue-kia-ev3\/#primaryimage\"},\"thumbnailUrl\":\"https:\/\/www.eslebedasauto.at\/wp-content\/uploads\/2025\/04\/IMG_1017-scaled.jpg\",\"articleSection\":[\"Electrofun\",\"Fahrberichte\"],\"inLanguage\":\"it-IT\",\"potentialAction\":[{\"@type\":\"CommentAction\",\"name\":\"Comment\",\"target\":[\"https:\/\/www.eslebedasauto.at\/der-neue-kia-ev3\/#respond\"]}]},{\"@type\":\"WebPage\",\"@id\":\"https:\/\/www.eslebedasauto.at\/der-neue-kia-ev3\/\",\"url\":\"https:\/\/www.eslebedasauto.at\/der-neue-kia-ev3\/\",\"name\":\"KIA EV3 TEST - ESLEBEDASAUTO\",\"isPartOf\":{\"@id\":\"https:\/\/www.eslebedasauto.at\/#website\"},\"primaryImageOfPage\":{\"@id\":\"https:\/\/www.eslebedasauto.at\/der-neue-kia-ev3\/#primaryimage\"},\"image\":{\"@id\":\"https:\/\/www.eslebedasauto.at\/der-neue-kia-ev3\/#primaryimage\"},\"thumbnailUrl\":\"https:\/\/www.eslebedasauto.at\/wp-content\/uploads\/2025\/04\/IMG_1017-scaled.jpg\",\"datePublished\":\"2025-04-16T06:31:53+00:00\",\"dateModified\":\"2025-04-21T14:57:45+00:00\",\"description\":\"Erster Eindruck des Kia EV3: Kompakter Elektro-SUV mit durchdachtem Design, gro\u00dfz\u00fcgigem Innenraum und angenehmen Fahreigenschaften.\u200bQuellen\",\"breadcrumb\":{\"@id\":\"https:\/\/www.eslebedasauto.at\/der-neue-kia-ev3\/#breadcrumb\"},\"inLanguage\":\"it-IT\",\"potentialAction\":[{\"@type\":\"ReadAction\",\"target\":[\"https:\/\/www.eslebedasauto.at\/der-neue-kia-ev3\/\"]}]},{\"@type\":\"ImageObject\",\"inLanguage\":\"it-IT\",\"@id\":\"https:\/\/www.eslebedasauto.at\/der-neue-kia-ev3\/#primaryimage\",\"url\":\"https:\/\/www.eslebedasauto.at\/wp-content\/uploads\/2025\/04\/IMG_1017-scaled.jpg\",\"contentUrl\":\"https:\/\/www.eslebedasauto.at\/wp-content\/uploads\/2025\/04\/IMG_1017-scaled.jpg\",\"width\":2560,\"height\":1920},{\"@type\":\"BreadcrumbList\",\"@id\":\"https:\/\/www.eslebedasauto.at\/der-neue-kia-ev3\/#breadcrumb\",\"itemListElement\":[{\"@type\":\"ListItem\",\"position\":1,\"name\":\"Startseite\",\"item\":\"https:\/\/www.eslebedasauto.at\/\"},{\"@type\":\"ListItem\",\"position\":2,\"name\":\"Der neue Kia EV3 \u2013 Kompakt, elektrisch und durchdacht &#8211; ein erster Eindruck\"}]},{\"@type\":\"WebSite\",\"@id\":\"https:\/\/www.eslebedasauto.at\/#website\",\"url\":\"https:\/\/www.eslebedasauto.at\/\",\"name\":\"Es lebe das Auto\",\"description\":\"ein Hoch auf den Individualverkehr\",\"publisher\":{\"@id\":\"https:\/\/www.eslebedasauto.at\/#organization\"},\"potentialAction\":[{\"@type\":\"SearchAction\",\"target\":{\"@type\":\"EntryPoint\",\"urlTemplate\":\"https:\/\/www.eslebedasauto.at\/?s={search_term_string}\"},\"query-input\":{\"@type\":\"PropertyValueSpecification\",\"valueRequired\":true,\"valueName\":\"search_term_string\"}}],\"inLanguage\":\"it-IT\"},{\"@type\":\"Organization\",\"@id\":\"https:\/\/www.eslebedasauto.at\/#organization\",\"name\":\"eslebedasauto\",\"url\":\"https:\/\/www.eslebedasauto.at\/\",\"logo\":{\"@type\":\"ImageObject\",\"inLanguage\":\"it-IT\",\"@id\":\"https:\/\/www.eslebedasauto.at\/#\/schema\/logo\/image\/\",\"url\":\"https:\/\/www.eslebedasauto.at\/wp-content\/uploads\/2025\/10\/eldarund.png\",\"contentUrl\":\"https:\/\/www.eslebedasauto.at\/wp-content\/uploads\/2025\/10\/eldarund.png\",\"width\":1024,\"height\":1024,\"caption\":\"eslebedasauto\"},\"image\":{\"@id\":\"https:\/\/www.eslebedasauto.at\/#\/schema\/logo\/image\/\"},\"sameAs\":[\"https:\/\/www.facebook.com\/eslebedasauto.at\",\"https:\/\/www.instagram.com\/es_lebe_das_auto\/\"]},{\"@type\":\"Person\",\"@id\":\"https:\/\/www.eslebedasauto.at\/#\/schema\/person\/4ecfb7fe1eb40654e5370227118c3fc2\",\"name\":\"Juergen\",\"url\":\"https:\/\/www.eslebedasauto.at\/it\/author\/netzwerkkapitaene-og\/\"}]}<\/script>\n<!-- \/ Yoast SEO plugin. -->","yoast_head_json":{"title":"KIA EV3 TEST - ESLEBEDASAUTO","description":"Erster Eindruck des Kia EV3: Kompakter Elektro-SUV mit durchdachtem Design, gro\u00dfz\u00fcgigem Innenraum und angenehmen Fahreigenschaften.\u200bQuellen","robots":{"index":"index","follow":"follow","max-snippet":"max-snippet:-1","max-image-preview":"max-image-preview:large","max-video-preview":"max-video-preview:-1"},"canonical":"https:\/\/www.eslebedasauto.at\/it\/der-neue-kia-ev3\/","og_locale":"it_IT","og_type":"article","og_title":"KIA EV3 TEST - ESLEBEDASAUTO","og_description":"Erster Eindruck des Kia EV3: Kompakter Elektro-SUV mit durchdachtem Design, gro\u00dfz\u00fcgigem Innenraum und angenehmen Fahreigenschaften.\u200bQuellen","og_url":"https:\/\/www.eslebedasauto.at\/it\/der-neue-kia-ev3\/","og_site_name":"Es lebe das Auto","article_publisher":"https:\/\/www.facebook.com\/eslebedasauto.at","article_published_time":"2025-04-16T06:31:53+00:00","article_modified_time":"2025-04-21T14:57:45+00:00","og_image":[{"width":2560,"height":1920,"url":"https:\/\/www.eslebedasauto.at\/wp-content\/uploads\/2025\/04\/IMG_1017-scaled.jpg","type":"image\/jpeg"}],"author":"Juergen","twitter_card":"summary_large_image","twitter_misc":{"Scritto da":"Juergen","Tempo di lettura stimato":"9 minuti"},"schema":{"@context":"https:\/\/schema.org","@graph":[{"@type":"Article","@id":"https:\/\/www.eslebedasauto.at\/der-neue-kia-ev3\/#article","isPartOf":{"@id":"https:\/\/www.eslebedasauto.at\/der-neue-kia-ev3\/"},"author":{"name":"Juergen","@id":"https:\/\/www.eslebedasauto.at\/#\/schema\/person\/4ecfb7fe1eb40654e5370227118c3fc2"},"headline":"Der neue Kia EV3 \u2013 Kompakt, elektrisch und durchdacht &#8211; ein erster Eindruck","datePublished":"2025-04-16T06:31:53+00:00","dateModified":"2025-04-21T14:57:45+00:00","mainEntityOfPage":{"@id":"https:\/\/www.eslebedasauto.at\/der-neue-kia-ev3\/"},"wordCount":376,"commentCount":0,"publisher":{"@id":"https:\/\/www.eslebedasauto.at\/#organization"},"image":{"@id":"https:\/\/www.eslebedasauto.at\/der-neue-kia-ev3\/#primaryimage"},"thumbnailUrl":"https:\/\/www.eslebedasauto.at\/wp-content\/uploads\/2025\/04\/IMG_1017-scaled.jpg","articleSection":["Electrofun","Fahrberichte"],"inLanguage":"it-IT","potentialAction":[{"@type":"CommentAction","name":"Comment","target":["https:\/\/www.eslebedasauto.at\/der-neue-kia-ev3\/#respond"]}]},{"@type":"WebPage","@id":"https:\/\/www.eslebedasauto.at\/der-neue-kia-ev3\/","url":"https:\/\/www.eslebedasauto.at\/der-neue-kia-ev3\/","name":"KIA EV3 TEST - ESLEBEDASAUTO","isPartOf":{"@id":"https:\/\/www.eslebedasauto.at\/#website"},"primaryImageOfPage":{"@id":"https:\/\/www.eslebedasauto.at\/der-neue-kia-ev3\/#primaryimage"},"image":{"@id":"https:\/\/www.eslebedasauto.at\/der-neue-kia-ev3\/#primaryimage"},"thumbnailUrl":"https:\/\/www.eslebedasauto.at\/wp-content\/uploads\/2025\/04\/IMG_1017-scaled.jpg","datePublished":"2025-04-16T06:31:53+00:00","dateModified":"2025-04-21T14:57:45+00:00","description":"Erster Eindruck des Kia EV3: Kompakter Elektro-SUV mit durchdachtem Design, gro\u00dfz\u00fcgigem Innenraum und angenehmen Fahreigenschaften.\u200bQuellen","breadcrumb":{"@id":"https:\/\/www.eslebedasauto.at\/der-neue-kia-ev3\/#breadcrumb"},"inLanguage":"it-IT","potentialAction":[{"@type":"ReadAction","target":["https:\/\/www.eslebedasauto.at\/der-neue-kia-ev3\/"]}]},{"@type":"ImageObject","inLanguage":"it-IT","@id":"https:\/\/www.eslebedasauto.at\/der-neue-kia-ev3\/#primaryimage","url":"https:\/\/www.eslebedasauto.at\/wp-content\/uploads\/2025\/04\/IMG_1017-scaled.jpg","contentUrl":"https:\/\/www.eslebedasauto.at\/wp-content\/uploads\/2025\/04\/IMG_1017-scaled.jpg","width":2560,"height":1920},{"@type":"BreadcrumbList","@id":"https:\/\/www.eslebedasauto.at\/der-neue-kia-ev3\/#breadcrumb","itemListElement":[{"@type":"ListItem","position":1,"name":"Startseite","item":"https:\/\/www.eslebedasauto.at\/"},{"@type":"ListItem","position":2,"name":"Der neue Kia EV3 \u2013 Kompakt, elektrisch und durchdacht &#8211; ein erster Eindruck"}]},{"@type":"WebSite","@id":"https:\/\/www.eslebedasauto.at\/#website","url":"https:\/\/www.eslebedasauto.at\/","name":"Es lebe das Auto","description":"ein Hoch auf den Individualverkehr","publisher":{"@id":"https:\/\/www.eslebedasauto.at\/#organization"},"potentialAction":[{"@type":"SearchAction","target":{"@type":"EntryPoint","urlTemplate":"https:\/\/www.eslebedasauto.at\/?s={search_term_string}"},"query-input":{"@type":"PropertyValueSpecification","valueRequired":true,"valueName":"search_term_string"}}],"inLanguage":"it-IT"},{"@type":"Organization","@id":"https:\/\/www.eslebedasauto.at\/#organization","name":"eslebedasauto","url":"https:\/\/www.eslebedasauto.at\/","logo":{"@type":"ImageObject","inLanguage":"it-IT","@id":"https:\/\/www.eslebedasauto.at\/#\/schema\/logo\/image\/","url":"https:\/\/www.eslebedasauto.at\/wp-content\/uploads\/2025\/10\/eldarund.png","contentUrl":"https:\/\/www.eslebedasauto.at\/wp-content\/uploads\/2025\/10\/eldarund.png","width":1024,"height":1024,"caption":"eslebedasauto"},"image":{"@id":"https:\/\/www.eslebedasauto.at\/#\/schema\/logo\/image\/"},"sameAs":["https:\/\/www.facebook.com\/eslebedasauto.at","https:\/\/www.instagram.com\/es_lebe_das_auto\/"]},{"@type":"Person","@id":"https:\/\/www.eslebedasauto.at\/#\/schema\/person\/4ecfb7fe1eb40654e5370227118c3fc2","name":"Juergen","url":"https:\/\/www.eslebedasauto.at\/it\/author\/netzwerkkapitaene-og\/"}]}},"_links":{"self":[{"href":"https:\/\/www.eslebedasauto.at\/it\/wp-json\/wp\/v2\/posts\/98492","targetHints":{"allow":["GET"]}}],"collection":[{"href":"https:\/\/www.eslebedasauto.at\/it\/wp-json\/wp\/v2\/posts"}],"about":[{"href":"https:\/\/www.eslebedasauto.at\/it\/wp-json\/wp\/v2\/types\/post"}],"author":[{"embeddable":true,"href":"https:\/\/www.eslebedasauto.at\/it\/wp-json\/wp\/v2\/users\/1"}],"replies":[{"embeddable":true,"href":"https:\/\/www.eslebedasauto.at\/it\/wp-json\/wp\/v2\/comments?post=98492"}],"version-history":[{"count":5,"href":"https:\/\/www.eslebedasauto.at\/it\/wp-json\/wp\/v2\/posts\/98492\/revisions"}],"predecessor-version":[{"id":98565,"href":"https:\/\/www.eslebedasauto.at\/it\/wp-json\/wp\/v2\/posts\/98492\/revisions\/98565"}],"wp:featuredmedia":[{"embeddable":true,"href":"https:\/\/www.eslebedasauto.at\/it\/wp-json\/wp\/v2\/media\/98495"}],"wp:attachment":[{"href":"https:\/\/www.eslebedasauto.at\/it\/wp-json\/wp\/v2\/media?parent=98492"}],"wp:term":[{"taxonomy":"category","embeddable":true,"href":"https:\/\/www.eslebedasauto.at\/it\/wp-json\/wp\/v2\/categories?post=98492"},{"taxonomy":"post_tag","embeddable":true,"href":"https:\/\/www.eslebedasauto.at\/it\/wp-json\/wp\/v2\/tags?post=98492"}],"curies":[{"name":"wp","href":"https:\/\/api.w.org\/{rel}","templated":true}]}}