{"id":98436,"date":"2025-04-16T07:53:30","date_gmt":"2025-04-16T05:53:30","guid":{"rendered":"https:\/\/www.eslebedasauto.at\/?p=98436"},"modified":"2025-04-21T20:02:41","modified_gmt":"2025-04-21T18:02:41","slug":"porsche-macan-4-electric-im-test-elektrisierender-luxus","status":"publish","type":"post","link":"https:\/\/www.eslebedasauto.at\/it\/porsche-macan-4-electric-im-test-elektrisierender-luxus\/","title":{"rendered":"Porsche Macan 4 Electric im Test: Elektrisierender Luxus"},"content":{"rendered":"<p>Der vollelektrische Porsche Macan 4 Electric kombiniert sportliche Dynamik mit modernem Design und innovativer Technologie. In der von uns getesteten Variante in Tiefschwarzmetallic mit 21-Zoll-Leichtmetallfelgen pr\u00e4sentiert sich der SUV als echter Blickfang.<\/p>\n\n\n\n<figure class=\"wp-block-gallery has-nested-images columns-default is-cropped wp-block-gallery-1 is-layout-flex wp-block-gallery-is-layout-flex\">\n<figure class=\"wp-block-image size-large\"><a href=\"https:\/\/www.eslebedasauto.at\/wp-content\/uploads\/2025\/04\/IMG_0962-scaled.jpg\"><img fetchpriority=\"high\" decoding=\"async\" width=\"1024\" height=\"768\" data-id=\"98439\" src=\"https:\/\/www.eslebedasauto.at\/wp-content\/uploads\/2025\/04\/IMG_0962-1024x768.jpg\" alt=\"\" class=\"wp-image-98439\" srcset=\"https:\/\/www.eslebedasauto.at\/wp-content\/uploads\/2025\/04\/IMG_0962-1024x768.jpg 1024w, https:\/\/www.eslebedasauto.at\/wp-content\/uploads\/2025\/04\/IMG_0962-300x225.jpg 300w, https:\/\/www.eslebedasauto.at\/wp-content\/uploads\/2025\/04\/IMG_0962-768x576.jpg 768w, https:\/\/www.eslebedasauto.at\/wp-content\/uploads\/2025\/04\/IMG_0962-1536x1152.jpg 1536w, https:\/\/www.eslebedasauto.at\/wp-content\/uploads\/2025\/04\/IMG_0962-2048x1536.jpg 2048w\" sizes=\"(max-width: 1024px) 100vw, 1024px\" \/><\/a><\/figure>\n\n\n\n<figure class=\"wp-block-image size-large\"><a href=\"https:\/\/www.eslebedasauto.at\/wp-content\/uploads\/2025\/04\/IMG_0970.jpg\"><img decoding=\"async\" data-id=\"98447\" src=\"https:\/\/www.eslebedasauto.at\/wp-content\/uploads\/2025\/04\/IMG_0970.jpg\" alt=\"\" class=\"wp-image-98447\"\/><\/a><\/figure>\n\n\n\n<figure class=\"wp-block-image size-large\"><img decoding=\"async\" data-id=\"98448\" src=\"https:\/\/www.eslebedasauto.at\/wp-content\/uploads\/2025\/04\/IMG_0969.jpg\" alt=\"\" class=\"wp-image-98448\"\/><\/figure>\n<\/figure>\n\n\n\n<p><\/p>\n\n\n\n<h2 id=\"innenraum-hochwertigkeit-und-technologie-vereint\" class=\"wp-block-heading\">Innenraum: Hochwertigkeit und Technologie vereint<\/h2>\n\n\n\n<p>Im Innenraum \u00fcberzeugt der Macan 4 Electric mit hochwertigen Materialien und modernster Technologie. Das digitale Cockpit mit einem 12,6-Zoll-Kombiinstrument und einem 10,9-Zoll-Infotainment-Display bietet eine intuitive Bedienung. Optional ist ein zus\u00e4tzliches Display f\u00fcr den Beifahrer erh\u00e4ltlich. Auch ein Burmester Soundsystem k\u00f6nnte man sich anstelle des Bose Systems, das wirklich gut performt um \u20ac 4,800,00 g\u00f6nnen. <\/p>\n\n\n\n<h4 id=\"kritikpunkt-klappernder-beifahrergurt\" class=\"wp-block-heading\">Kritikpunkt: Klappernder Beifahrergurt<\/h4>\n\n\n\n<p>Ein Mangel, der uns w\u00e4hrend der Testfahrt auffiel, betrifft den Beifahrergurt. Bei ge\u00f6ffneten Fenstern und ohne Beifahrer schl\u00e4gt der Gurt an die B-S\u00e4ule, was zu st\u00f6renden Klapperger\u00e4uschen f\u00fchrt. Dieses Problem wurde auch von anderen Fahrern berichtet. Eine einfache L\u00f6sung, wie ein Gurtclip oder eine F\u00fchrung, w\u00e4re bei einem Fahrzeug dieser Preisklasse w\u00fcnschenswert. \u200b<\/p>\n\n\n\n<figure class=\"wp-block-gallery has-nested-images columns-8 is-cropped wp-block-gallery-2 is-layout-flex wp-block-gallery-is-layout-flex\">\n<figure class=\"wp-block-image size-large\"><a href=\"https:\/\/www.eslebedasauto.at\/wp-content\/uploads\/2025\/04\/IMG_0991-scaled.jpg\"><img decoding=\"async\" width=\"768\" height=\"1024\" data-id=\"98468\" src=\"https:\/\/www.eslebedasauto.at\/wp-content\/uploads\/2025\/04\/IMG_0991-768x1024.jpg\" alt=\"\" class=\"wp-image-98468\" srcset=\"https:\/\/www.eslebedasauto.at\/wp-content\/uploads\/2025\/04\/IMG_0991-768x1024.jpg 768w, https:\/\/www.eslebedasauto.at\/wp-content\/uploads\/2025\/04\/IMG_0991-225x300.jpg 225w, https:\/\/www.eslebedasauto.at\/wp-content\/uploads\/2025\/04\/IMG_0991-1152x1536.jpg 1152w, https:\/\/www.eslebedasauto.at\/wp-content\/uploads\/2025\/04\/IMG_0991-1536x2048.jpg 1536w, https:\/\/www.eslebedasauto.at\/wp-content\/uploads\/2025\/04\/IMG_0991-scaled.jpg 1920w\" sizes=\"(max-width: 768px) 100vw, 768px\" \/><\/a><\/figure>\n\n\n\n<figure class=\"wp-block-image size-large\"><a href=\"https:\/\/www.eslebedasauto.at\/wp-content\/uploads\/2025\/04\/IMG_0993-scaled.jpg\"><img decoding=\"async\" width=\"1024\" height=\"768\" data-id=\"98469\" src=\"https:\/\/www.eslebedasauto.at\/wp-content\/uploads\/2025\/04\/IMG_0993-1024x768.jpg\" alt=\"\" class=\"wp-image-98469\" srcset=\"https:\/\/www.eslebedasauto.at\/wp-content\/uploads\/2025\/04\/IMG_0993-1024x768.jpg 1024w, https:\/\/www.eslebedasauto.at\/wp-content\/uploads\/2025\/04\/IMG_0993-300x225.jpg 300w, https:\/\/www.eslebedasauto.at\/wp-content\/uploads\/2025\/04\/IMG_0993-768x576.jpg 768w, https:\/\/www.eslebedasauto.at\/wp-content\/uploads\/2025\/04\/IMG_0993-1536x1152.jpg 1536w, https:\/\/www.eslebedasauto.at\/wp-content\/uploads\/2025\/04\/IMG_0993-2048x1536.jpg 2048w\" sizes=\"(max-width: 1024px) 100vw, 1024px\" \/><\/a><\/figure>\n\n\n\n<figure class=\"wp-block-image size-large\"><a href=\"https:\/\/www.eslebedasauto.at\/wp-content\/uploads\/2025\/04\/IMG_0990.jpg\"><img decoding=\"async\" data-id=\"98467\" src=\"https:\/\/www.eslebedasauto.at\/wp-content\/uploads\/2025\/04\/IMG_0990.jpg\" alt=\"\" class=\"wp-image-98467\"\/><\/a><\/figure>\n\n\n\n<figure class=\"wp-block-image size-large\"><a href=\"https:\/\/www.eslebedasauto.at\/wp-content\/uploads\/2025\/04\/IMG_0989-scaled.jpg\"><img loading=\"lazy\" decoding=\"async\" width=\"1024\" height=\"768\" data-id=\"98466\" src=\"https:\/\/www.eslebedasauto.at\/wp-content\/uploads\/2025\/04\/IMG_0989-1024x768.jpg\" alt=\"\" class=\"wp-image-98466\" srcset=\"https:\/\/www.eslebedasauto.at\/wp-content\/uploads\/2025\/04\/IMG_0989-1024x768.jpg 1024w, https:\/\/www.eslebedasauto.at\/wp-content\/uploads\/2025\/04\/IMG_0989-300x225.jpg 300w, https:\/\/www.eslebedasauto.at\/wp-content\/uploads\/2025\/04\/IMG_0989-768x576.jpg 768w, https:\/\/www.eslebedasauto.at\/wp-content\/uploads\/2025\/04\/IMG_0989-1536x1152.jpg 1536w, https:\/\/www.eslebedasauto.at\/wp-content\/uploads\/2025\/04\/IMG_0989-2048x1536.jpg 2048w\" sizes=\"(max-width: 1024px) 100vw, 1024px\" \/><\/a><\/figure>\n\n\n\n<figure class=\"wp-block-image size-large\"><a href=\"https:\/\/www.eslebedasauto.at\/wp-content\/uploads\/2025\/04\/IMG_0987.jpg\"><img decoding=\"async\" data-id=\"98465\" src=\"https:\/\/www.eslebedasauto.at\/wp-content\/uploads\/2025\/04\/IMG_0987.jpg\" alt=\"\" class=\"wp-image-98465\"\/><\/a><\/figure>\n\n\n\n<figure class=\"wp-block-image size-large\"><a href=\"https:\/\/www.eslebedasauto.at\/wp-content\/uploads\/2025\/04\/IMG_0994.jpg\"><img decoding=\"async\" data-id=\"98470\" src=\"https:\/\/www.eslebedasauto.at\/wp-content\/uploads\/2025\/04\/IMG_0994.jpg\" alt=\"\" class=\"wp-image-98470\"\/><\/a><\/figure>\n\n\n\n<figure class=\"wp-block-image size-large\"><a href=\"https:\/\/www.eslebedasauto.at\/wp-content\/uploads\/2025\/04\/IMG_0988.jpg\"><img decoding=\"async\" data-id=\"98464\" src=\"https:\/\/www.eslebedasauto.at\/wp-content\/uploads\/2025\/04\/IMG_0988.jpg\" alt=\"\" class=\"wp-image-98464\"\/><\/a><\/figure>\n\n\n\n<figure class=\"wp-block-image size-large\"><a href=\"https:\/\/www.eslebedasauto.at\/wp-content\/uploads\/2025\/04\/IMG_0986.jpg\"><img decoding=\"async\" data-id=\"98463\" src=\"https:\/\/www.eslebedasauto.at\/wp-content\/uploads\/2025\/04\/IMG_0986.jpg\" alt=\"\" class=\"wp-image-98463\"\/><\/a><\/figure>\n\n\n\n<figure class=\"wp-block-image size-large\"><a href=\"https:\/\/www.eslebedasauto.at\/wp-content\/uploads\/2025\/04\/IMG_0981.jpg\"><img decoding=\"async\" data-id=\"98459\" src=\"https:\/\/www.eslebedasauto.at\/wp-content\/uploads\/2025\/04\/IMG_0981.jpg\" alt=\"\" class=\"wp-image-98459\"\/><\/a><\/figure>\n\n\n\n<figure class=\"wp-block-image size-large\"><a href=\"https:\/\/www.eslebedasauto.at\/wp-content\/uploads\/2025\/04\/IMG_0979-scaled.jpg\"><img loading=\"lazy\" decoding=\"async\" width=\"1920\" height=\"2560\" data-id=\"98457\" src=\"https:\/\/www.eslebedasauto.at\/wp-content\/uploads\/2025\/04\/IMG_0979-scaled.jpg\" alt=\"\" class=\"wp-image-98457\" srcset=\"https:\/\/www.eslebedasauto.at\/wp-content\/uploads\/2025\/04\/IMG_0979-scaled.jpg 1920w, https:\/\/www.eslebedasauto.at\/wp-content\/uploads\/2025\/04\/IMG_0979-225x300.jpg 225w\" sizes=\"(max-width: 1920px) 100vw, 1920px\" \/><\/a><\/figure>\n\n\n\n<figure class=\"wp-block-image size-large\"><a href=\"https:\/\/www.eslebedasauto.at\/wp-content\/uploads\/2025\/04\/IMG_0978.jpg\"><img decoding=\"async\" data-id=\"98456\" src=\"https:\/\/www.eslebedasauto.at\/wp-content\/uploads\/2025\/04\/IMG_0978.jpg\" alt=\"\" class=\"wp-image-98456\"\/><\/a><\/figure>\n\n\n\n<figure class=\"wp-block-image size-large\"><a href=\"https:\/\/www.eslebedasauto.at\/wp-content\/uploads\/2025\/04\/IMG_0980.jpg\"><img decoding=\"async\" data-id=\"98455\" src=\"https:\/\/www.eslebedasauto.at\/wp-content\/uploads\/2025\/04\/IMG_0980.jpg\" alt=\"\" class=\"wp-image-98455\"\/><\/a><\/figure>\n\n\n\n<figure class=\"wp-block-image size-large\"><a href=\"https:\/\/www.eslebedasauto.at\/wp-content\/uploads\/2025\/04\/IMG_0972-scaled.jpg\"><img loading=\"lazy\" decoding=\"async\" width=\"1920\" height=\"2560\" data-id=\"98452\" src=\"https:\/\/www.eslebedasauto.at\/wp-content\/uploads\/2025\/04\/IMG_0972-scaled.jpg\" alt=\"\" class=\"wp-image-98452\" srcset=\"https:\/\/www.eslebedasauto.at\/wp-content\/uploads\/2025\/04\/IMG_0972-scaled.jpg 1920w, https:\/\/www.eslebedasauto.at\/wp-content\/uploads\/2025\/04\/IMG_0972-225x300.jpg 225w\" sizes=\"(max-width: 1920px) 100vw, 1920px\" \/><\/a><\/figure>\n\n\n\n<figure class=\"wp-block-image size-large\"><a href=\"https:\/\/www.eslebedasauto.at\/wp-content\/uploads\/2025\/04\/IMG_0974-scaled.jpg\"><img loading=\"lazy\" decoding=\"async\" width=\"1920\" height=\"2560\" data-id=\"98451\" src=\"https:\/\/www.eslebedasauto.at\/wp-content\/uploads\/2025\/04\/IMG_0974-scaled.jpg\" alt=\"\" class=\"wp-image-98451\" srcset=\"https:\/\/www.eslebedasauto.at\/wp-content\/uploads\/2025\/04\/IMG_0974-scaled.jpg 1920w, https:\/\/www.eslebedasauto.at\/wp-content\/uploads\/2025\/04\/IMG_0974-225x300.jpg 225w\" sizes=\"(max-width: 1920px) 100vw, 1920px\" \/><\/a><\/figure>\n\n\n\n<figure class=\"wp-block-image size-large\"><a href=\"https:\/\/www.eslebedasauto.at\/wp-content\/uploads\/2025\/04\/IMG_0973-scaled.jpg\"><img loading=\"lazy\" decoding=\"async\" width=\"1920\" height=\"2560\" data-id=\"98445\" src=\"https:\/\/www.eslebedasauto.at\/wp-content\/uploads\/2025\/04\/IMG_0973-scaled.jpg\" alt=\"\" class=\"wp-image-98445\" srcset=\"https:\/\/www.eslebedasauto.at\/wp-content\/uploads\/2025\/04\/IMG_0973-scaled.jpg 1920w, https:\/\/www.eslebedasauto.at\/wp-content\/uploads\/2025\/04\/IMG_0973-225x300.jpg 225w\" sizes=\"(max-width: 1920px) 100vw, 1920px\" \/><\/a><\/figure>\n<\/figure>\n\n\n\n<p><\/p>\n\n\n\n<h2 id=\"fahreindruck-sportlichkeit-in-reinkultur\" class=\"wp-block-heading\">Fahreindruck: Sportlichkeit in Reinkultur<\/h2>\n\n\n\n<p>Mit einer Overboost-Leistung von bis zu 300 kW (408 PS) und einem Drehmoment von 650 Nm beschleunigt der Macan 4 Electric in 5,2 Sekunden von 0 auf 100 km\/h. Die H\u00f6chstgeschwindigkeit liegt bei 220 km\/h. Dank des Allradantriebs und des niedrigen Schwerpunkts durch die im Fahrzeugboden integrierte Batterie bietet der Macan ein agiles und sicheres Fahrverhalten.<\/p>\n\n\n\n<h2 id=\"aerodynamik-ausfahrbarer-heckspoiler-fur-optimale-performance\" class=\"wp-block-heading\"><strong>Aerodynamik: Ausfahrbarer Heckspoiler f\u00fcr optimale Performance<\/strong><\/h2>\n\n\n\n<p>Ein Highlight des Macan 4 Electric ist der automatisch ausfahrbare Heckspoiler, der je nach Geschwindigkeit und Fahrmodus seine Position anpasst. Im Normalmodus f\u00e4hrt der Spoiler automatisch aus, wenn eine Geschwindigkeit von etwa 55 km\/h \u00fcberschritten wird, und zieht sich bei Unterschreiten von ca. 35 km\/h wieder ein. In sportlicheren Fahrmodi kann der Spoiler auch manuell \u00fcber das Porsche Communication Management (PCM) aktiviert werden. Dieses Feature verbessert nicht nur die Aerodynamik, sondern verleiht dem Fahrzeug auch eine zus\u00e4tzliche sportliche Note.<\/p>\n\n\n\n<figure class=\"wp-block-gallery has-nested-images columns-default is-cropped wp-block-gallery-3 is-layout-flex wp-block-gallery-is-layout-flex\">\n<figure class=\"wp-block-image size-large\"><a href=\"https:\/\/www.eslebedasauto.at\/it\/?attachment_id=98462\"><img decoding=\"async\" data-id=\"98462\" src=\"https:\/\/www.eslebedasauto.at\/wp-content\/uploads\/2025\/04\/IMG_0982.jpg\" alt=\"\" class=\"wp-image-98462\"\/><\/a><\/figure>\n\n\n\n<figure class=\"wp-block-image size-large\"><a href=\"https:\/\/www.eslebedasauto.at\/it\/?attachment_id=98461\"><img decoding=\"async\" data-id=\"98461\" src=\"https:\/\/www.eslebedasauto.at\/wp-content\/uploads\/2025\/04\/IMG_0983.jpg\" alt=\"\" class=\"wp-image-98461\"\/><\/a><\/figure>\n\n\n\n<figure class=\"wp-block-image size-large\"><a href=\"https:\/\/www.eslebedasauto.at\/it\/?attachment_id=98460\"><img decoding=\"async\" data-id=\"98460\" src=\"https:\/\/www.eslebedasauto.at\/wp-content\/uploads\/2025\/04\/IMG_0984.jpg\" alt=\"\" class=\"wp-image-98460\"\/><\/a><\/figure>\n\n\n\n<figure class=\"wp-block-image size-large\"><a href=\"https:\/\/www.eslebedasauto.at\/it\/?attachment_id=98458\"><img loading=\"lazy\" decoding=\"async\" width=\"2560\" height=\"1920\" data-id=\"98458\" src=\"https:\/\/www.eslebedasauto.at\/wp-content\/uploads\/2025\/04\/IMG_0975-scaled.jpg\" alt=\"\" class=\"wp-image-98458\" srcset=\"https:\/\/www.eslebedasauto.at\/wp-content\/uploads\/2025\/04\/IMG_0975-scaled.jpg 2560w, https:\/\/www.eslebedasauto.at\/wp-content\/uploads\/2025\/04\/IMG_0975-300x225.jpg 300w\" sizes=\"(max-width: 2560px) 100vw, 2560px\" \/><\/a><\/figure>\n\n\n\n<figure class=\"wp-block-image size-large\"><a href=\"https:\/\/www.eslebedasauto.at\/it\/?attachment_id=98471\"><img decoding=\"async\" data-id=\"98471\" src=\"https:\/\/www.eslebedasauto.at\/wp-content\/uploads\/2025\/04\/IMG_0995.jpg\" alt=\"\" class=\"wp-image-98471\"\/><\/a><\/figure>\n<\/figure>\n\n\n\n<p><\/p>\n\n\n\n<h2 id=\"fahrwerk-hohenverstellbarkeit-fur-individuellen-fahrkomfort\" class=\"wp-block-heading\"><strong>Fahrwerk: H\u00f6henverstellbarkeit f\u00fcr individuellen Fahrkomfort<\/strong><\/h2>\n\n\n\n<p>Der Macan 4 Electric ist mit einem adaptiven Luftfahrwerk ausgestattet, das eine H\u00f6henverstellung erm\u00f6glicht. Dies erlaubt es dem Fahrer, die Fahrzeugh\u00f6he je nach Fahrsituation anzupassen \u2013 f\u00fcr mehr Bodenfreiheit im Gel\u00e4nde oder eine abgesenkte Karosserie f\u00fcr bessere Aerodynamik und Fahrstabilit\u00e4t auf der Autobahn. Diese Flexibilit\u00e4t tr\u00e4gt ma\u00dfgeblich zum hohen Fahrkomfort und zur Vielseitigkeit des Fahrzeugs bei.<\/p>\n\n\n\n<h2 id=\"ladezeiten-reichweite-alltagstauglichkeit-garantiert\" class=\"wp-block-heading\">Ladezeiten &amp; Reichweite: Alltagstauglichkeit garantiert<\/h2>\n\n\n\n<p>Die 96 kWh netto gro\u00dfe Batterie erm\u00f6glicht eine WLTP-Reichweite von bis zu 613 km. An einer 800-Volt-Schnelllades\u00e4ule l\u00e4sst sich der Akku in nur 21 Minuten von 10 auf 80 % aufladen. Auch an 400-Volt-Ladestationen sind mit bis zu 135 kW respektable Ladezeiten m\u00f6glich und diese haben wir auch erreicht, bei unserer Fahrt an den wundersch\u00f6nen Wolfgangsee und das <a href=\"https:\/\/payrgut.at\/\">Payrgut<\/a>.<\/p>\n\n\n\n<p><br><strong>Fazit: Der Macan 4 Electric setzt neue Ma\u00dfst\u00e4be<\/strong><\/p>\n\n\n\n<p>Der Porsche Macan 4 Electric kombiniert die typischen Porsche-Tugenden mit den Vorteilen der Elektromobilit\u00e4t. Er bietet sportliche Fahrleistungen, eine hohe Reichweite und ein luxuri\u00f6ses Ambiente. In der von uns getesteten Konfiguration in Tiefschwarzmetallic mit 21-Zoll-Felgen \u00fcberzeugt er auf ganzer Linie. Lediglich der klappernde Beifahrergurt tr\u00fcbt das ansonsten hervorragende Gesamtbild.\u200b<\/p>\n\n\n\n<figure class=\"wp-block-gallery has-nested-images columns-default is-cropped wp-block-gallery-4 is-layout-flex wp-block-gallery-is-layout-flex\">\n<figure class=\"wp-block-image size-large\"><a href=\"https:\/\/www.eslebedasauto.at\/it\/?attachment_id=98474\"><img decoding=\"async\" data-id=\"98474\" src=\"https:\/\/www.eslebedasauto.at\/wp-content\/uploads\/2025\/04\/IMG_0997.jpg\" alt=\"\" class=\"wp-image-98474\"\/><\/a><\/figure>\n\n\n\n<figure class=\"wp-block-image size-large\"><a href=\"https:\/\/www.eslebedasauto.at\/it\/?attachment_id=98473\"><img loading=\"lazy\" decoding=\"async\" width=\"768\" height=\"1024\" data-id=\"98473\" src=\"https:\/\/www.eslebedasauto.at\/wp-content\/uploads\/2025\/04\/IMG_0998-768x1024.jpg\" alt=\"\" class=\"wp-image-98473\" srcset=\"https:\/\/www.eslebedasauto.at\/wp-content\/uploads\/2025\/04\/IMG_0998-768x1024.jpg 768w, https:\/\/www.eslebedasauto.at\/wp-content\/uploads\/2025\/04\/IMG_0998-225x300.jpg 225w, https:\/\/www.eslebedasauto.at\/wp-content\/uploads\/2025\/04\/IMG_0998-scaled.jpg 1920w\" sizes=\"(max-width: 768px) 100vw, 768px\" \/><\/a><\/figure>\n\n\n\n<figure class=\"wp-block-image size-large\"><a href=\"https:\/\/www.eslebedasauto.at\/it\/?attachment_id=98472\"><img loading=\"lazy\" decoding=\"async\" width=\"2560\" height=\"1920\" data-id=\"98472\" src=\"https:\/\/www.eslebedasauto.at\/wp-content\/uploads\/2025\/04\/IMG_0996-scaled.jpg\" alt=\"\" class=\"wp-image-98472\" srcset=\"https:\/\/www.eslebedasauto.at\/wp-content\/uploads\/2025\/04\/IMG_0996-scaled.jpg 2560w, https:\/\/www.eslebedasauto.at\/wp-content\/uploads\/2025\/04\/IMG_0996-300x225.jpg 300w\" sizes=\"(max-width: 2560px) 100vw, 2560px\" \/><\/a><\/figure>\n\n\n\n<figure class=\"wp-block-image size-large\"><a href=\"https:\/\/www.eslebedasauto.at\/it\/?attachment_id=98450\"><img decoding=\"async\" data-id=\"98450\" src=\"https:\/\/www.eslebedasauto.at\/wp-content\/uploads\/2025\/04\/IMG_0966.jpg\" alt=\"\" class=\"wp-image-98450\"\/><\/a><\/figure>\n\n\n\n<figure class=\"wp-block-image size-large\"><a href=\"https:\/\/www.eslebedasauto.at\/it\/?attachment_id=98446\"><img loading=\"lazy\" decoding=\"async\" width=\"2560\" height=\"1440\" data-id=\"98446\" src=\"https:\/\/www.eslebedasauto.at\/wp-content\/uploads\/2025\/04\/IMG_0971-scaled.jpg\" alt=\"\" class=\"wp-image-98446\" srcset=\"https:\/\/www.eslebedasauto.at\/wp-content\/uploads\/2025\/04\/IMG_0971-scaled.jpg 2560w, https:\/\/www.eslebedasauto.at\/wp-content\/uploads\/2025\/04\/IMG_0971-300x169.jpg 300w\" sizes=\"(max-width: 2560px) 100vw, 2560px\" \/><\/a><\/figure>\n\n\n\n<figure class=\"wp-block-image size-large\"><a href=\"https:\/\/www.eslebedasauto.at\/it\/?attachment_id=98453\"><img decoding=\"async\" data-id=\"98453\" src=\"https:\/\/www.eslebedasauto.at\/wp-content\/uploads\/2025\/04\/IMG_0976.jpg\" alt=\"\" class=\"wp-image-98453\"\/><\/a><\/figure>\n\n\n\n<figure class=\"wp-block-image size-large\"><a href=\"https:\/\/www.eslebedasauto.at\/it\/?attachment_id=98443\"><img loading=\"lazy\" decoding=\"async\" width=\"2560\" height=\"1920\" data-id=\"98443\" src=\"https:\/\/www.eslebedasauto.at\/wp-content\/uploads\/2025\/04\/IMG_0963-scaled.jpg\" alt=\"\" class=\"wp-image-98443\" srcset=\"https:\/\/www.eslebedasauto.at\/wp-content\/uploads\/2025\/04\/IMG_0963-scaled.jpg 2560w, https:\/\/www.eslebedasauto.at\/wp-content\/uploads\/2025\/04\/IMG_0963-300x225.jpg 300w\" sizes=\"(max-width: 2560px) 100vw, 2560px\" \/><\/a><\/figure>\n<\/figure>\n\n\n\n<p><br><br><strong>Technische Daten im \u00dcberblick:<\/strong><\/p>\n\n\n\n<p><\/p>\n\n\n\n<p><strong>Ladezeit (AC, 11 kW, 0\u2013100 %):<\/strong> ca. 10 Stunden<br><strong>Leistung:<\/strong> 285 kW (387 PS) dauerhaft, bis zu 300 kW (408 PS) mit Overboost<br><strong>Drehmoment:<\/strong> 650 Nm<br><strong>Beschleunigung (0\u2013100 km\/h):<\/strong> 5,2 Sekunden<br><strong>H\u00f6chstgeschwindigkeit:<\/strong> 220 km\/h<br><strong>Batteriekapazit\u00e4t:<\/strong> 100 kWh brutto \/ 96 kWh netto<br><strong>Reichweite (WLTP):<\/strong> bis zu 613 km<br><strong>Ladezeit (DC, 800 V, 10\u201380 %):<\/strong> 21 Minuten<\/p>\n\n\n\n<p><strong>Preis: <\/strong><\/p>\n\n\n\n<p>Unser Testwagen kostet: <br><strong>106.813,94 \u20ac<\/strong><\/p>","protected":false},"excerpt":{"rendered":"<p>Der vollelektrische Porsche Macan 4 Electric kombiniert sportliche Dynamik mit modernem Design und innovativer Technologie. In der von uns getesteten Variante in Tiefschwarzmetallic mit 21-Zoll-Leichtmetallfelgen pr\u00e4sentiert sich der SUV als echter Blickfang. Innenraum: Hochwertigkeit und Technologie vereint Im Innenraum \u00fcberzeugt der Macan 4 Electric mit hochwertigen Materialien und modernster Technologie. Das digitale Cockpit mit einem&hellip;&nbsp;<a href=\"https:\/\/www.eslebedasauto.at\/it\/porsche-macan-4-electric-im-test-elektrisierender-luxus\/\" rel=\"bookmark\">Read More &raquo;<span class=\"screen-reader-text\">Porsche Macan 4 Electric im Test: Elektrisierender Luxus<\/span><\/a><\/p>","protected":false},"author":1,"featured_media":98439,"comment_status":"open","ping_status":"open","sticky":false,"template":"","format":"standard","meta":{"neve_meta_sidebar":"","neve_meta_container":"","neve_meta_enable_content_width":"","neve_meta_content_width":0,"neve_meta_title_alignment":"","neve_meta_author_avatar":"","neve_post_elements_order":"[\"title\",\"meta\",\"content\",\"comments\"]","neve_meta_disable_header":"","neve_meta_disable_footer":"","neve_meta_disable_title":"","neve_meta_reading_time":"","footnotes":""},"categories":[555,335],"tags":[],"class_list":["post-98436","post","type-post","status-publish","format-standard","has-post-thumbnail","hentry","category-electrofun","category-fahrberichte"],"yoast_head":"<!-- This site is optimized with the Yoast SEO plugin v26.8 - https:\/\/yoast.com\/product\/yoast-seo-wordpress\/ -->\n<title>Porsche Macan 4 Electric im Test: Elektrisierender Luxus<\/title>\n<meta name=\"description\" content=\"Der Porsche Macan 4 Electric im Test: Sportliches Design, beeindruckende Fahrleistungen und hochwertige Technik.\" \/>\n<meta name=\"robots\" content=\"index, follow, max-snippet:-1, max-image-preview:large, max-video-preview:-1\" \/>\n<link rel=\"canonical\" href=\"https:\/\/www.eslebedasauto.at\/it\/porsche-macan-4-electric-im-test-elektrisierender-luxus\/\" \/>\n<meta property=\"og:locale\" content=\"it_IT\" \/>\n<meta property=\"og:type\" content=\"article\" \/>\n<meta property=\"og:title\" content=\"Porsche Macan 4 Electric im Test: Elektrisierender Luxus\" \/>\n<meta property=\"og:description\" content=\"Der Porsche Macan 4 Electric im Test: Sportliches Design, beeindruckende Fahrleistungen und hochwertige Technik.\" \/>\n<meta property=\"og:url\" content=\"https:\/\/www.eslebedasauto.at\/it\/porsche-macan-4-electric-im-test-elektrisierender-luxus\/\" \/>\n<meta property=\"og:site_name\" content=\"Es lebe das Auto\" \/>\n<meta property=\"article:publisher\" content=\"https:\/\/www.facebook.com\/eslebedasauto.at\" \/>\n<meta property=\"article:published_time\" content=\"2025-04-16T05:53:30+00:00\" \/>\n<meta property=\"article:modified_time\" content=\"2025-04-21T18:02:41+00:00\" \/>\n<meta property=\"og:image\" content=\"https:\/\/www.eslebedasauto.at\/wp-content\/uploads\/2025\/04\/IMG_0962-scaled.jpg\" \/>\n\t<meta property=\"og:image:width\" content=\"2560\" \/>\n\t<meta property=\"og:image:height\" content=\"1920\" \/>\n\t<meta property=\"og:image:type\" content=\"image\/jpeg\" \/>\n<meta name=\"author\" content=\"Juergen\" \/>\n<meta name=\"twitter:card\" content=\"summary_large_image\" \/>\n<meta name=\"twitter:label1\" content=\"Scritto da\" \/>\n\t<meta name=\"twitter:data1\" content=\"Juergen\" \/>\n\t<meta name=\"twitter:label2\" content=\"Tempo di lettura stimato\" \/>\n\t<meta name=\"twitter:data2\" content=\"10 minuti\" \/>\n<script type=\"application\/ld+json\" class=\"yoast-schema-graph\">{\"@context\":\"https:\/\/schema.org\",\"@graph\":[{\"@type\":\"Article\",\"@id\":\"https:\/\/www.eslebedasauto.at\/porsche-macan-4-electric-im-test-elektrisierender-luxus\/#article\",\"isPartOf\":{\"@id\":\"https:\/\/www.eslebedasauto.at\/porsche-macan-4-electric-im-test-elektrisierender-luxus\/\"},\"author\":{\"name\":\"Juergen\",\"@id\":\"https:\/\/www.eslebedasauto.at\/#\/schema\/person\/4ecfb7fe1eb40654e5370227118c3fc2\"},\"headline\":\"Porsche Macan 4 Electric im Test: Elektrisierender Luxus\",\"datePublished\":\"2025-04-16T05:53:30+00:00\",\"dateModified\":\"2025-04-21T18:02:41+00:00\",\"mainEntityOfPage\":{\"@id\":\"https:\/\/www.eslebedasauto.at\/porsche-macan-4-electric-im-test-elektrisierender-luxus\/\"},\"wordCount\":550,\"commentCount\":0,\"publisher\":{\"@id\":\"https:\/\/www.eslebedasauto.at\/#organization\"},\"image\":{\"@id\":\"https:\/\/www.eslebedasauto.at\/porsche-macan-4-electric-im-test-elektrisierender-luxus\/#primaryimage\"},\"thumbnailUrl\":\"https:\/\/www.eslebedasauto.at\/wp-content\/uploads\/2025\/04\/IMG_0962-scaled.jpg\",\"articleSection\":[\"Electrofun\",\"Fahrberichte\"],\"inLanguage\":\"it-IT\",\"potentialAction\":[{\"@type\":\"CommentAction\",\"name\":\"Comment\",\"target\":[\"https:\/\/www.eslebedasauto.at\/porsche-macan-4-electric-im-test-elektrisierender-luxus\/#respond\"]}]},{\"@type\":\"WebPage\",\"@id\":\"https:\/\/www.eslebedasauto.at\/porsche-macan-4-electric-im-test-elektrisierender-luxus\/\",\"url\":\"https:\/\/www.eslebedasauto.at\/porsche-macan-4-electric-im-test-elektrisierender-luxus\/\",\"name\":\"Porsche Macan 4 Electric im Test: Elektrisierender Luxus\",\"isPartOf\":{\"@id\":\"https:\/\/www.eslebedasauto.at\/#website\"},\"primaryImageOfPage\":{\"@id\":\"https:\/\/www.eslebedasauto.at\/porsche-macan-4-electric-im-test-elektrisierender-luxus\/#primaryimage\"},\"image\":{\"@id\":\"https:\/\/www.eslebedasauto.at\/porsche-macan-4-electric-im-test-elektrisierender-luxus\/#primaryimage\"},\"thumbnailUrl\":\"https:\/\/www.eslebedasauto.at\/wp-content\/uploads\/2025\/04\/IMG_0962-scaled.jpg\",\"datePublished\":\"2025-04-16T05:53:30+00:00\",\"dateModified\":\"2025-04-21T18:02:41+00:00\",\"description\":\"Der Porsche Macan 4 Electric im Test: Sportliches Design, beeindruckende Fahrleistungen und hochwertige Technik.\",\"breadcrumb\":{\"@id\":\"https:\/\/www.eslebedasauto.at\/porsche-macan-4-electric-im-test-elektrisierender-luxus\/#breadcrumb\"},\"inLanguage\":\"it-IT\",\"potentialAction\":[{\"@type\":\"ReadAction\",\"target\":[\"https:\/\/www.eslebedasauto.at\/porsche-macan-4-electric-im-test-elektrisierender-luxus\/\"]}]},{\"@type\":\"ImageObject\",\"inLanguage\":\"it-IT\",\"@id\":\"https:\/\/www.eslebedasauto.at\/porsche-macan-4-electric-im-test-elektrisierender-luxus\/#primaryimage\",\"url\":\"https:\/\/www.eslebedasauto.at\/wp-content\/uploads\/2025\/04\/IMG_0962-scaled.jpg\",\"contentUrl\":\"https:\/\/www.eslebedasauto.at\/wp-content\/uploads\/2025\/04\/IMG_0962-scaled.jpg\",\"width\":2560,\"height\":1920},{\"@type\":\"BreadcrumbList\",\"@id\":\"https:\/\/www.eslebedasauto.at\/porsche-macan-4-electric-im-test-elektrisierender-luxus\/#breadcrumb\",\"itemListElement\":[{\"@type\":\"ListItem\",\"position\":1,\"name\":\"Startseite\",\"item\":\"https:\/\/www.eslebedasauto.at\/\"},{\"@type\":\"ListItem\",\"position\":2,\"name\":\"Porsche Macan 4 Electric im Test: Elektrisierender Luxus\"}]},{\"@type\":\"WebSite\",\"@id\":\"https:\/\/www.eslebedasauto.at\/#website\",\"url\":\"https:\/\/www.eslebedasauto.at\/\",\"name\":\"Es lebe das Auto\",\"description\":\"ein Hoch auf den Individualverkehr\",\"publisher\":{\"@id\":\"https:\/\/www.eslebedasauto.at\/#organization\"},\"potentialAction\":[{\"@type\":\"SearchAction\",\"target\":{\"@type\":\"EntryPoint\",\"urlTemplate\":\"https:\/\/www.eslebedasauto.at\/?s={search_term_string}\"},\"query-input\":{\"@type\":\"PropertyValueSpecification\",\"valueRequired\":true,\"valueName\":\"search_term_string\"}}],\"inLanguage\":\"it-IT\"},{\"@type\":\"Organization\",\"@id\":\"https:\/\/www.eslebedasauto.at\/#organization\",\"name\":\"eslebedasauto\",\"url\":\"https:\/\/www.eslebedasauto.at\/\",\"logo\":{\"@type\":\"ImageObject\",\"inLanguage\":\"it-IT\",\"@id\":\"https:\/\/www.eslebedasauto.at\/#\/schema\/logo\/image\/\",\"url\":\"https:\/\/www.eslebedasauto.at\/wp-content\/uploads\/2025\/10\/eldarund.png\",\"contentUrl\":\"https:\/\/www.eslebedasauto.at\/wp-content\/uploads\/2025\/10\/eldarund.png\",\"width\":1024,\"height\":1024,\"caption\":\"eslebedasauto\"},\"image\":{\"@id\":\"https:\/\/www.eslebedasauto.at\/#\/schema\/logo\/image\/\"},\"sameAs\":[\"https:\/\/www.facebook.com\/eslebedasauto.at\",\"https:\/\/www.instagram.com\/es_lebe_das_auto\/\"]},{\"@type\":\"Person\",\"@id\":\"https:\/\/www.eslebedasauto.at\/#\/schema\/person\/4ecfb7fe1eb40654e5370227118c3fc2\",\"name\":\"Juergen\",\"url\":\"https:\/\/www.eslebedasauto.at\/it\/author\/netzwerkkapitaene-og\/\"}]}<\/script>\n<!-- \/ Yoast SEO plugin. -->","yoast_head_json":{"title":"Porsche Macan 4 Electric im Test: Elektrisierender Luxus","description":"Der Porsche Macan 4 Electric im Test: Sportliches Design, beeindruckende Fahrleistungen und hochwertige Technik.","robots":{"index":"index","follow":"follow","max-snippet":"max-snippet:-1","max-image-preview":"max-image-preview:large","max-video-preview":"max-video-preview:-1"},"canonical":"https:\/\/www.eslebedasauto.at\/it\/porsche-macan-4-electric-im-test-elektrisierender-luxus\/","og_locale":"it_IT","og_type":"article","og_title":"Porsche Macan 4 Electric im Test: Elektrisierender Luxus","og_description":"Der Porsche Macan 4 Electric im Test: Sportliches Design, beeindruckende Fahrleistungen und hochwertige Technik.","og_url":"https:\/\/www.eslebedasauto.at\/it\/porsche-macan-4-electric-im-test-elektrisierender-luxus\/","og_site_name":"Es lebe das Auto","article_publisher":"https:\/\/www.facebook.com\/eslebedasauto.at","article_published_time":"2025-04-16T05:53:30+00:00","article_modified_time":"2025-04-21T18:02:41+00:00","og_image":[{"width":2560,"height":1920,"url":"https:\/\/www.eslebedasauto.at\/wp-content\/uploads\/2025\/04\/IMG_0962-scaled.jpg","type":"image\/jpeg"}],"author":"Juergen","twitter_card":"summary_large_image","twitter_misc":{"Scritto da":"Juergen","Tempo di lettura stimato":"10 minuti"},"schema":{"@context":"https:\/\/schema.org","@graph":[{"@type":"Article","@id":"https:\/\/www.eslebedasauto.at\/porsche-macan-4-electric-im-test-elektrisierender-luxus\/#article","isPartOf":{"@id":"https:\/\/www.eslebedasauto.at\/porsche-macan-4-electric-im-test-elektrisierender-luxus\/"},"author":{"name":"Juergen","@id":"https:\/\/www.eslebedasauto.at\/#\/schema\/person\/4ecfb7fe1eb40654e5370227118c3fc2"},"headline":"Porsche Macan 4 Electric im Test: Elektrisierender Luxus","datePublished":"2025-04-16T05:53:30+00:00","dateModified":"2025-04-21T18:02:41+00:00","mainEntityOfPage":{"@id":"https:\/\/www.eslebedasauto.at\/porsche-macan-4-electric-im-test-elektrisierender-luxus\/"},"wordCount":550,"commentCount":0,"publisher":{"@id":"https:\/\/www.eslebedasauto.at\/#organization"},"image":{"@id":"https:\/\/www.eslebedasauto.at\/porsche-macan-4-electric-im-test-elektrisierender-luxus\/#primaryimage"},"thumbnailUrl":"https:\/\/www.eslebedasauto.at\/wp-content\/uploads\/2025\/04\/IMG_0962-scaled.jpg","articleSection":["Electrofun","Fahrberichte"],"inLanguage":"it-IT","potentialAction":[{"@type":"CommentAction","name":"Comment","target":["https:\/\/www.eslebedasauto.at\/porsche-macan-4-electric-im-test-elektrisierender-luxus\/#respond"]}]},{"@type":"WebPage","@id":"https:\/\/www.eslebedasauto.at\/porsche-macan-4-electric-im-test-elektrisierender-luxus\/","url":"https:\/\/www.eslebedasauto.at\/porsche-macan-4-electric-im-test-elektrisierender-luxus\/","name":"Porsche Macan 4 Electric im Test: Elektrisierender Luxus","isPartOf":{"@id":"https:\/\/www.eslebedasauto.at\/#website"},"primaryImageOfPage":{"@id":"https:\/\/www.eslebedasauto.at\/porsche-macan-4-electric-im-test-elektrisierender-luxus\/#primaryimage"},"image":{"@id":"https:\/\/www.eslebedasauto.at\/porsche-macan-4-electric-im-test-elektrisierender-luxus\/#primaryimage"},"thumbnailUrl":"https:\/\/www.eslebedasauto.at\/wp-content\/uploads\/2025\/04\/IMG_0962-scaled.jpg","datePublished":"2025-04-16T05:53:30+00:00","dateModified":"2025-04-21T18:02:41+00:00","description":"Der Porsche Macan 4 Electric im Test: Sportliches Design, beeindruckende Fahrleistungen und hochwertige Technik.","breadcrumb":{"@id":"https:\/\/www.eslebedasauto.at\/porsche-macan-4-electric-im-test-elektrisierender-luxus\/#breadcrumb"},"inLanguage":"it-IT","potentialAction":[{"@type":"ReadAction","target":["https:\/\/www.eslebedasauto.at\/porsche-macan-4-electric-im-test-elektrisierender-luxus\/"]}]},{"@type":"ImageObject","inLanguage":"it-IT","@id":"https:\/\/www.eslebedasauto.at\/porsche-macan-4-electric-im-test-elektrisierender-luxus\/#primaryimage","url":"https:\/\/www.eslebedasauto.at\/wp-content\/uploads\/2025\/04\/IMG_0962-scaled.jpg","contentUrl":"https:\/\/www.eslebedasauto.at\/wp-content\/uploads\/2025\/04\/IMG_0962-scaled.jpg","width":2560,"height":1920},{"@type":"BreadcrumbList","@id":"https:\/\/www.eslebedasauto.at\/porsche-macan-4-electric-im-test-elektrisierender-luxus\/#breadcrumb","itemListElement":[{"@type":"ListItem","position":1,"name":"Startseite","item":"https:\/\/www.eslebedasauto.at\/"},{"@type":"ListItem","position":2,"name":"Porsche Macan 4 Electric im Test: Elektrisierender Luxus"}]},{"@type":"WebSite","@id":"https:\/\/www.eslebedasauto.at\/#website","url":"https:\/\/www.eslebedasauto.at\/","name":"Es lebe das Auto","description":"ein Hoch auf den Individualverkehr","publisher":{"@id":"https:\/\/www.eslebedasauto.at\/#organization"},"potentialAction":[{"@type":"SearchAction","target":{"@type":"EntryPoint","urlTemplate":"https:\/\/www.eslebedasauto.at\/?s={search_term_string}"},"query-input":{"@type":"PropertyValueSpecification","valueRequired":true,"valueName":"search_term_string"}}],"inLanguage":"it-IT"},{"@type":"Organization","@id":"https:\/\/www.eslebedasauto.at\/#organization","name":"eslebedasauto","url":"https:\/\/www.eslebedasauto.at\/","logo":{"@type":"ImageObject","inLanguage":"it-IT","@id":"https:\/\/www.eslebedasauto.at\/#\/schema\/logo\/image\/","url":"https:\/\/www.eslebedasauto.at\/wp-content\/uploads\/2025\/10\/eldarund.png","contentUrl":"https:\/\/www.eslebedasauto.at\/wp-content\/uploads\/2025\/10\/eldarund.png","width":1024,"height":1024,"caption":"eslebedasauto"},"image":{"@id":"https:\/\/www.eslebedasauto.at\/#\/schema\/logo\/image\/"},"sameAs":["https:\/\/www.facebook.com\/eslebedasauto.at","https:\/\/www.instagram.com\/es_lebe_das_auto\/"]},{"@type":"Person","@id":"https:\/\/www.eslebedasauto.at\/#\/schema\/person\/4ecfb7fe1eb40654e5370227118c3fc2","name":"Juergen","url":"https:\/\/www.eslebedasauto.at\/it\/author\/netzwerkkapitaene-og\/"}]}},"_links":{"self":[{"href":"https:\/\/www.eslebedasauto.at\/it\/wp-json\/wp\/v2\/posts\/98436","targetHints":{"allow":["GET"]}}],"collection":[{"href":"https:\/\/www.eslebedasauto.at\/it\/wp-json\/wp\/v2\/posts"}],"about":[{"href":"https:\/\/www.eslebedasauto.at\/it\/wp-json\/wp\/v2\/types\/post"}],"author":[{"embeddable":true,"href":"https:\/\/www.eslebedasauto.at\/it\/wp-json\/wp\/v2\/users\/1"}],"replies":[{"embeddable":true,"href":"https:\/\/www.eslebedasauto.at\/it\/wp-json\/wp\/v2\/comments?post=98436"}],"version-history":[{"count":10,"href":"https:\/\/www.eslebedasauto.at\/it\/wp-json\/wp\/v2\/posts\/98436\/revisions"}],"predecessor-version":[{"id":98646,"href":"https:\/\/www.eslebedasauto.at\/it\/wp-json\/wp\/v2\/posts\/98436\/revisions\/98646"}],"wp:featuredmedia":[{"embeddable":true,"href":"https:\/\/www.eslebedasauto.at\/it\/wp-json\/wp\/v2\/media\/98439"}],"wp:attachment":[{"href":"https:\/\/www.eslebedasauto.at\/it\/wp-json\/wp\/v2\/media?parent=98436"}],"wp:term":[{"taxonomy":"category","embeddable":true,"href":"https:\/\/www.eslebedasauto.at\/it\/wp-json\/wp\/v2\/categories?post=98436"},{"taxonomy":"post_tag","embeddable":true,"href":"https:\/\/www.eslebedasauto.at\/it\/wp-json\/wp\/v2\/tags?post=98436"}],"curies":[{"name":"wp","href":"https:\/\/api.w.org\/{rel}","templated":true}]}}