{"id":98344,"date":"2025-04-01T07:50:19","date_gmt":"2025-04-01T05:50:19","guid":{"rendered":"https:\/\/www.eslebedasauto.at\/?p=98344"},"modified":"2025-04-01T08:19:30","modified_gmt":"2025-04-01T06:19:30","slug":"polestar-4-im-test-suv-coupe-ohne-heckscheibe-mutig-modern-nicht-fehlerfrei","status":"publish","type":"post","link":"https:\/\/www.eslebedasauto.at\/it\/polestar-4-im-test-suv-coupe-ohne-heckscheibe-mutig-modern-nicht-fehlerfrei\/","title":{"rendered":"Polestar 4 im Test: SUV-Coup\u00e9 ohne Heckscheibe \u2013 mutig, modern, nicht fehlerfrei"},"content":{"rendered":"<h3 id=\"suv-ohne-ruckblick-was-der-verzicht-auf-die-heckscheibe-bringt\" class=\"wp-block-heading\"><strong>SUV ohne R\u00fcckblick \u2013 was der Verzicht auf die Heckscheibe bringt<\/strong><\/h3>\n\n\n\n<p>Ein Auto ohne Heckscheibe? Klingt nach einem gewagten Konzept \u2013 ist aber beim Polestar 4 Realit\u00e4t. Der Verzicht erlaubt ein verl\u00e4ngertes Panoramadach, mehr Kopffreiheit im Fond und ein ungew\u00f6hnlich luftiges Raumgef\u00fchl. Der digitale R\u00fcckspiegel \u00fcbernimmt die Sicht nach hinten \u2013 per Kamera. Bei Tag, Nacht und Regen funktionierte das gut, jedoch: Wer den Schulterblick gewohnt ist, muss sich umgew\u00f6hnen. Auch das freundliche Heben der Hand zum Dank im Rei\u00dfverschlussverkehr bleibt k\u00fcnftig leider unsichtbar.<\/p>\n\n\n\n<p><br><\/p>\n\n\n\n<figure class=\"wp-block-gallery has-nested-images columns-2 is-cropped wp-block-gallery-1 is-layout-flex wp-block-gallery-is-layout-flex\">\n<figure class=\"wp-block-image size-large\"><a href=\"https:\/\/www.eslebedasauto.at\/wp-content\/uploads\/2025\/04\/IMG_0772-2-scaled.jpg\"><img fetchpriority=\"high\" decoding=\"async\" width=\"1024\" height=\"768\" data-id=\"98350\" src=\"https:\/\/www.eslebedasauto.at\/wp-content\/uploads\/2025\/04\/IMG_0772-2-1024x768.jpg\" alt=\"\" class=\"wp-image-98350\" srcset=\"https:\/\/www.eslebedasauto.at\/wp-content\/uploads\/2025\/04\/IMG_0772-2-1024x768.jpg 1024w, https:\/\/www.eslebedasauto.at\/wp-content\/uploads\/2025\/04\/IMG_0772-2-300x225.jpg 300w\" sizes=\"(max-width: 1024px) 100vw, 1024px\" \/><\/a><\/figure>\n\n\n\n<figure class=\"wp-block-image size-large\"><a href=\"https:\/\/www.eslebedasauto.at\/wp-content\/uploads\/2025\/04\/IMG_0799-2-scaled.jpg\"><img decoding=\"async\" width=\"2560\" height=\"1440\" data-id=\"98364\" src=\"https:\/\/www.eslebedasauto.at\/wp-content\/uploads\/2025\/04\/IMG_0799-2-scaled.jpg\" alt=\"\" class=\"wp-image-98364\" srcset=\"https:\/\/www.eslebedasauto.at\/wp-content\/uploads\/2025\/04\/IMG_0799-2-scaled.jpg 2560w, https:\/\/www.eslebedasauto.at\/wp-content\/uploads\/2025\/04\/IMG_0799-2-300x169.jpg 300w\" sizes=\"(max-width: 2560px) 100vw, 2560px\" \/><\/a><\/figure>\n\n\n\n<figure class=\"wp-block-image size-large\"><a href=\"https:\/\/www.eslebedasauto.at\/wp-content\/uploads\/2025\/04\/IMG_0797-2.jpg\"><img decoding=\"async\" data-id=\"98363\" src=\"https:\/\/www.eslebedasauto.at\/wp-content\/uploads\/2025\/04\/IMG_0797-2.jpg\" alt=\"\" class=\"wp-image-98363\"\/><\/a><\/figure>\n<\/figure>\n\n\n\n<h3 id=\"innenraum-raumwunder-mit-minimalistischer-schwache\" class=\"wp-block-heading\"><br>I<strong>nnenraum: Raumwunder mit minimalistischer Schw\u00e4che<\/strong><\/h3>\n\n\n\n<p>Mit 4,84 m L\u00e4nge und cleverer Bauweise bietet der Polestar 4 ein Raumgef\u00fchl auf Oberklasse-Niveau \u2013 besonders im Fond. Die rahmenlosen T\u00fcren und das durchgehende Glasdach verst\u00e4rken diesen Eindruck. Das Ambiente ist hochwertig, auf Wunsch vegan, modern und fast komplett frei von klassischen Tasten. Das Bedienkonzept setzt radikal auf Touch. Alles l\u00e4uft \u00fcber das zentrale 15,4-Zoll-Display oder sensorgesteuerte Lenkradtasten. W\u00e4hrend Men\u00fcf\u00fchrung und Reaktionsgeschwindigkeit \u00fcberzeugen, bleibt das haptische Gef\u00fchl auf der Strecke \u2013 gerade bei der Fahrt nicht ideal.<\/p>\n\n\n\n<p><br><br><strong>Alltagserprobung: Sch\u00f6n, stark, aber nicht ganz ausgereift<\/strong><\/p>\n\n\n\n<figure class=\"wp-block-gallery has-nested-images columns-7 is-cropped wp-block-gallery-2 is-layout-flex wp-block-gallery-is-layout-flex\">\n<figure class=\"wp-block-image size-full\"><a href=\"https:\/\/www.eslebedasauto.at\/wp-content\/uploads\/2025\/04\/IMG_0853-2-scaled.jpg\"><img decoding=\"async\" width=\"1920\" height=\"2560\" data-id=\"98394\" src=\"https:\/\/www.eslebedasauto.at\/wp-content\/uploads\/2025\/04\/IMG_0853-2-scaled.jpg\" alt=\"\" class=\"wp-image-98394\" srcset=\"https:\/\/www.eslebedasauto.at\/wp-content\/uploads\/2025\/04\/IMG_0853-2-scaled.jpg 1920w, https:\/\/www.eslebedasauto.at\/wp-content\/uploads\/2025\/04\/IMG_0853-2-225x300.jpg 225w, https:\/\/www.eslebedasauto.at\/wp-content\/uploads\/2025\/04\/IMG_0853-2-768x1024.jpg 768w, https:\/\/www.eslebedasauto.at\/wp-content\/uploads\/2025\/04\/IMG_0853-2-1152x1536.jpg 1152w, https:\/\/www.eslebedasauto.at\/wp-content\/uploads\/2025\/04\/IMG_0853-2-1536x2048.jpg 1536w\" sizes=\"(max-width: 1920px) 100vw, 1920px\" \/><\/a><\/figure>\n\n\n\n<figure class=\"wp-block-image size-large\"><a href=\"https:\/\/www.eslebedasauto.at\/wp-content\/uploads\/2025\/04\/IMG_0854-2.jpg\"><img decoding=\"async\" data-id=\"98393\" src=\"https:\/\/www.eslebedasauto.at\/wp-content\/uploads\/2025\/04\/IMG_0854-2.jpg\" alt=\"\" class=\"wp-image-98393\"\/><\/a><\/figure>\n\n\n\n<figure class=\"wp-block-image size-large\"><a href=\"https:\/\/www.eslebedasauto.at\/wp-content\/uploads\/2025\/04\/IMG_0825-2.jpg\"><img decoding=\"async\" data-id=\"98385\" src=\"https:\/\/www.eslebedasauto.at\/wp-content\/uploads\/2025\/04\/IMG_0825-2.jpg\" alt=\"\" class=\"wp-image-98385\"\/><\/a><\/figure>\n\n\n\n<figure class=\"wp-block-image size-large\"><a href=\"https:\/\/www.eslebedasauto.at\/wp-content\/uploads\/2025\/04\/IMG_0824-2.jpg\"><img decoding=\"async\" data-id=\"98384\" src=\"https:\/\/www.eslebedasauto.at\/wp-content\/uploads\/2025\/04\/IMG_0824-2.jpg\" alt=\"\" class=\"wp-image-98384\"\/><\/a><\/figure>\n\n\n\n<figure class=\"wp-block-image size-large\"><a href=\"https:\/\/www.eslebedasauto.at\/wp-content\/uploads\/2025\/04\/IMG_0817-2.jpg\"><img decoding=\"async\" data-id=\"98379\" src=\"https:\/\/www.eslebedasauto.at\/wp-content\/uploads\/2025\/04\/IMG_0817-2.jpg\" alt=\"\" class=\"wp-image-98379\"\/><\/a><\/figure>\n\n\n\n<figure class=\"wp-block-image size-full\"><a href=\"https:\/\/www.eslebedasauto.at\/wp-content\/uploads\/2025\/04\/IMG_0816-2-scaled.jpg\"><img loading=\"lazy\" decoding=\"async\" width=\"2560\" height=\"1440\" data-id=\"98380\" src=\"https:\/\/www.eslebedasauto.at\/wp-content\/uploads\/2025\/04\/IMG_0816-2-scaled.jpg\" alt=\"\" class=\"wp-image-98380\" srcset=\"https:\/\/www.eslebedasauto.at\/wp-content\/uploads\/2025\/04\/IMG_0816-2-scaled.jpg 2560w, https:\/\/www.eslebedasauto.at\/wp-content\/uploads\/2025\/04\/IMG_0816-2-300x169.jpg 300w, https:\/\/www.eslebedasauto.at\/wp-content\/uploads\/2025\/04\/IMG_0816-2-1024x576.jpg 1024w, https:\/\/www.eslebedasauto.at\/wp-content\/uploads\/2025\/04\/IMG_0816-2-768x432.jpg 768w, https:\/\/www.eslebedasauto.at\/wp-content\/uploads\/2025\/04\/IMG_0816-2-1536x864.jpg 1536w, https:\/\/www.eslebedasauto.at\/wp-content\/uploads\/2025\/04\/IMG_0816-2-2048x1152.jpg 2048w\" sizes=\"(max-width: 2560px) 100vw, 2560px\" \/><\/a><\/figure>\n\n\n\n<figure class=\"wp-block-image size-large\"><a href=\"https:\/\/www.eslebedasauto.at\/wp-content\/uploads\/2025\/04\/IMG_0821-2.jpg\"><img decoding=\"async\" data-id=\"98381\" src=\"https:\/\/www.eslebedasauto.at\/wp-content\/uploads\/2025\/04\/IMG_0821-2.jpg\" alt=\"\" class=\"wp-image-98381\"\/><\/a><\/figure>\n\n\n\n<figure class=\"wp-block-image size-full\"><a href=\"https:\/\/www.eslebedasauto.at\/wp-content\/uploads\/2025\/04\/IMG_0822-2-scaled.jpg\"><img loading=\"lazy\" decoding=\"async\" width=\"1440\" height=\"2560\" data-id=\"98382\" src=\"https:\/\/www.eslebedasauto.at\/wp-content\/uploads\/2025\/04\/IMG_0822-2-scaled.jpg\" alt=\"\" class=\"wp-image-98382\" srcset=\"https:\/\/www.eslebedasauto.at\/wp-content\/uploads\/2025\/04\/IMG_0822-2-scaled.jpg 1440w, https:\/\/www.eslebedasauto.at\/wp-content\/uploads\/2025\/04\/IMG_0822-2-169x300.jpg 169w, https:\/\/www.eslebedasauto.at\/wp-content\/uploads\/2025\/04\/IMG_0822-2-576x1024.jpg 576w, https:\/\/www.eslebedasauto.at\/wp-content\/uploads\/2025\/04\/IMG_0822-2-768x1365.jpg 768w, https:\/\/www.eslebedasauto.at\/wp-content\/uploads\/2025\/04\/IMG_0822-2-864x1536.jpg 864w, https:\/\/www.eslebedasauto.at\/wp-content\/uploads\/2025\/04\/IMG_0822-2-1152x2048.jpg 1152w\" sizes=\"(max-width: 1440px) 100vw, 1440px\" \/><\/a><\/figure>\n\n\n\n<figure class=\"wp-block-image size-large\"><a href=\"https:\/\/www.eslebedasauto.at\/wp-content\/uploads\/2025\/04\/IMG_0823-2.jpg\"><img decoding=\"async\" data-id=\"98383\" src=\"https:\/\/www.eslebedasauto.at\/wp-content\/uploads\/2025\/04\/IMG_0823-2.jpg\" alt=\"\" class=\"wp-image-98383\"\/><\/a><\/figure>\n\n\n\n<figure class=\"wp-block-image size-large\"><a href=\"https:\/\/www.eslebedasauto.at\/wp-content\/uploads\/2025\/04\/IMG_0819-2.jpg\"><img decoding=\"async\" data-id=\"98378\" src=\"https:\/\/www.eslebedasauto.at\/wp-content\/uploads\/2025\/04\/IMG_0819-2.jpg\" alt=\"\" class=\"wp-image-98378\"\/><\/a><\/figure>\n\n\n\n<figure class=\"wp-block-image size-large\"><a href=\"https:\/\/www.eslebedasauto.at\/wp-content\/uploads\/2025\/04\/IMG_0813-2.jpg\"><img decoding=\"async\" data-id=\"98377\" src=\"https:\/\/www.eslebedasauto.at\/wp-content\/uploads\/2025\/04\/IMG_0813-2.jpg\" alt=\"\" class=\"wp-image-98377\"\/><\/a><\/figure>\n\n\n\n<figure class=\"wp-block-image size-full\"><a href=\"https:\/\/www.eslebedasauto.at\/wp-content\/uploads\/2025\/04\/IMG_0812-2-scaled.jpg\"><img loading=\"lazy\" decoding=\"async\" width=\"1441\" height=\"2560\" data-id=\"98376\" src=\"https:\/\/www.eslebedasauto.at\/wp-content\/uploads\/2025\/04\/IMG_0812-2-scaled.jpg\" alt=\"\" class=\"wp-image-98376\" srcset=\"https:\/\/www.eslebedasauto.at\/wp-content\/uploads\/2025\/04\/IMG_0812-2-scaled.jpg 1441w, https:\/\/www.eslebedasauto.at\/wp-content\/uploads\/2025\/04\/IMG_0812-2-169x300.jpg 169w, https:\/\/www.eslebedasauto.at\/wp-content\/uploads\/2025\/04\/IMG_0812-2-576x1024.jpg 576w, https:\/\/www.eslebedasauto.at\/wp-content\/uploads\/2025\/04\/IMG_0812-2-768x1365.jpg 768w, https:\/\/www.eslebedasauto.at\/wp-content\/uploads\/2025\/04\/IMG_0812-2-864x1536.jpg 864w, https:\/\/www.eslebedasauto.at\/wp-content\/uploads\/2025\/04\/IMG_0812-2-1153x2048.jpg 1153w\" sizes=\"(max-width: 1441px) 100vw, 1441px\" \/><\/a><\/figure>\n\n\n\n<figure class=\"wp-block-image size-full\"><a href=\"https:\/\/www.eslebedasauto.at\/wp-content\/uploads\/2025\/04\/IMG_0815-2-scaled.jpg\"><img loading=\"lazy\" decoding=\"async\" width=\"1440\" height=\"2560\" data-id=\"98375\" src=\"https:\/\/www.eslebedasauto.at\/wp-content\/uploads\/2025\/04\/IMG_0815-2-scaled.jpg\" alt=\"\" class=\"wp-image-98375\" srcset=\"https:\/\/www.eslebedasauto.at\/wp-content\/uploads\/2025\/04\/IMG_0815-2-scaled.jpg 1440w, https:\/\/www.eslebedasauto.at\/wp-content\/uploads\/2025\/04\/IMG_0815-2-169x300.jpg 169w, https:\/\/www.eslebedasauto.at\/wp-content\/uploads\/2025\/04\/IMG_0815-2-576x1024.jpg 576w, https:\/\/www.eslebedasauto.at\/wp-content\/uploads\/2025\/04\/IMG_0815-2-768x1365.jpg 768w, https:\/\/www.eslebedasauto.at\/wp-content\/uploads\/2025\/04\/IMG_0815-2-864x1536.jpg 864w, https:\/\/www.eslebedasauto.at\/wp-content\/uploads\/2025\/04\/IMG_0815-2-1152x2048.jpg 1152w\" sizes=\"(max-width: 1440px) 100vw, 1440px\" \/><\/a><\/figure>\n\n\n\n<figure class=\"wp-block-image size-full\"><a href=\"https:\/\/www.eslebedasauto.at\/wp-content\/uploads\/2025\/04\/IMG_0814-2-scaled.jpg\"><img loading=\"lazy\" decoding=\"async\" width=\"1440\" height=\"2560\" data-id=\"98374\" src=\"https:\/\/www.eslebedasauto.at\/wp-content\/uploads\/2025\/04\/IMG_0814-2-scaled.jpg\" alt=\"\" class=\"wp-image-98374\" srcset=\"https:\/\/www.eslebedasauto.at\/wp-content\/uploads\/2025\/04\/IMG_0814-2-scaled.jpg 1440w, https:\/\/www.eslebedasauto.at\/wp-content\/uploads\/2025\/04\/IMG_0814-2-169x300.jpg 169w, https:\/\/www.eslebedasauto.at\/wp-content\/uploads\/2025\/04\/IMG_0814-2-576x1024.jpg 576w, https:\/\/www.eslebedasauto.at\/wp-content\/uploads\/2025\/04\/IMG_0814-2-768x1366.jpg 768w, https:\/\/www.eslebedasauto.at\/wp-content\/uploads\/2025\/04\/IMG_0814-2-864x1536.jpg 864w, https:\/\/www.eslebedasauto.at\/wp-content\/uploads\/2025\/04\/IMG_0814-2-1152x2048.jpg 1152w\" sizes=\"(max-width: 1440px) 100vw, 1440px\" \/><\/a><\/figure>\n\n\n\n<figure class=\"wp-block-image size-full\"><a href=\"https:\/\/www.eslebedasauto.at\/wp-content\/uploads\/2025\/04\/IMG_0810-2-scaled.jpg\"><img loading=\"lazy\" decoding=\"async\" width=\"2560\" height=\"1440\" data-id=\"98373\" src=\"https:\/\/www.eslebedasauto.at\/wp-content\/uploads\/2025\/04\/IMG_0810-2-scaled.jpg\" alt=\"\" class=\"wp-image-98373\" srcset=\"https:\/\/www.eslebedasauto.at\/wp-content\/uploads\/2025\/04\/IMG_0810-2-scaled.jpg 2560w, https:\/\/www.eslebedasauto.at\/wp-content\/uploads\/2025\/04\/IMG_0810-2-300x169.jpg 300w, https:\/\/www.eslebedasauto.at\/wp-content\/uploads\/2025\/04\/IMG_0810-2-1024x576.jpg 1024w, https:\/\/www.eslebedasauto.at\/wp-content\/uploads\/2025\/04\/IMG_0810-2-768x432.jpg 768w, https:\/\/www.eslebedasauto.at\/wp-content\/uploads\/2025\/04\/IMG_0810-2-1536x864.jpg 1536w\" sizes=\"(max-width: 2560px) 100vw, 2560px\" \/><\/a><\/figure>\n\n\n\n<figure class=\"wp-block-image size-large\"><a href=\"https:\/\/www.eslebedasauto.at\/wp-content\/uploads\/2025\/04\/IMG_0809-2.jpg\"><img decoding=\"async\" data-id=\"98372\" src=\"https:\/\/www.eslebedasauto.at\/wp-content\/uploads\/2025\/04\/IMG_0809-2.jpg\" alt=\"\" class=\"wp-image-98372\"\/><\/a><\/figure>\n\n\n\n<figure class=\"wp-block-image size-full\"><a href=\"https:\/\/www.eslebedasauto.at\/wp-content\/uploads\/2025\/04\/IMG_0808-2-scaled.jpg\"><img loading=\"lazy\" decoding=\"async\" width=\"1440\" height=\"2560\" data-id=\"98371\" src=\"https:\/\/www.eslebedasauto.at\/wp-content\/uploads\/2025\/04\/IMG_0808-2-scaled.jpg\" alt=\"\" class=\"wp-image-98371\" srcset=\"https:\/\/www.eslebedasauto.at\/wp-content\/uploads\/2025\/04\/IMG_0808-2-scaled.jpg 1440w, https:\/\/www.eslebedasauto.at\/wp-content\/uploads\/2025\/04\/IMG_0808-2-169x300.jpg 169w\" sizes=\"(max-width: 1440px) 100vw, 1440px\" \/><\/a><\/figure>\n\n\n\n<figure class=\"wp-block-image size-full\"><a href=\"https:\/\/www.eslebedasauto.at\/wp-content\/uploads\/2025\/04\/IMG_0807-2-scaled.jpg\"><img loading=\"lazy\" decoding=\"async\" width=\"1440\" height=\"2560\" data-id=\"98370\" src=\"https:\/\/www.eslebedasauto.at\/wp-content\/uploads\/2025\/04\/IMG_0807-2-scaled.jpg\" alt=\"\" class=\"wp-image-98370\" srcset=\"https:\/\/www.eslebedasauto.at\/wp-content\/uploads\/2025\/04\/IMG_0807-2-scaled.jpg 1440w, https:\/\/www.eslebedasauto.at\/wp-content\/uploads\/2025\/04\/IMG_0807-2-169x300.jpg 169w, https:\/\/www.eslebedasauto.at\/wp-content\/uploads\/2025\/04\/IMG_0807-2-576x1024.jpg 576w, https:\/\/www.eslebedasauto.at\/wp-content\/uploads\/2025\/04\/IMG_0807-2-768x1365.jpg 768w, https:\/\/www.eslebedasauto.at\/wp-content\/uploads\/2025\/04\/IMG_0807-2-864x1536.jpg 864w\" sizes=\"(max-width: 1440px) 100vw, 1440px\" \/><\/a><\/figure>\n\n\n\n<figure class=\"wp-block-image size-large\"><a href=\"https:\/\/www.eslebedasauto.at\/wp-content\/uploads\/2025\/04\/IMG_0806-2.jpg\"><img decoding=\"async\" data-id=\"98369\" src=\"https:\/\/www.eslebedasauto.at\/wp-content\/uploads\/2025\/04\/IMG_0806-2.jpg\" alt=\"\" class=\"wp-image-98369\"\/><\/a><\/figure>\n\n\n\n<figure class=\"wp-block-image size-large\"><a href=\"https:\/\/www.eslebedasauto.at\/wp-content\/uploads\/2025\/04\/IMG_0796-2.jpg\"><img decoding=\"async\" data-id=\"98362\" src=\"https:\/\/www.eslebedasauto.at\/wp-content\/uploads\/2025\/04\/IMG_0796-2.jpg\" alt=\"\" class=\"wp-image-98362\"\/><\/a><\/figure>\n\n\n\n<figure class=\"wp-block-image size-large\"><a href=\"https:\/\/www.eslebedasauto.at\/wp-content\/uploads\/2025\/04\/IMG_0793-2.jpg\"><img decoding=\"async\" data-id=\"98361\" src=\"https:\/\/www.eslebedasauto.at\/wp-content\/uploads\/2025\/04\/IMG_0793-2.jpg\" alt=\"\" class=\"wp-image-98361\"\/><\/a><\/figure>\n\n\n\n<figure class=\"wp-block-image size-large\"><a href=\"https:\/\/www.eslebedasauto.at\/wp-content\/uploads\/2025\/04\/IMG_0795-2.jpg\"><img decoding=\"async\" data-id=\"98360\" src=\"https:\/\/www.eslebedasauto.at\/wp-content\/uploads\/2025\/04\/IMG_0795-2.jpg\" alt=\"\" class=\"wp-image-98360\"\/><\/a><\/figure>\n\n\n\n<figure class=\"wp-block-image size-large\"><a href=\"https:\/\/www.eslebedasauto.at\/wp-content\/uploads\/2025\/04\/IMG_0794-2-scaled.jpg\"><img loading=\"lazy\" decoding=\"async\" width=\"2560\" height=\"1920\" data-id=\"98359\" src=\"https:\/\/www.eslebedasauto.at\/wp-content\/uploads\/2025\/04\/IMG_0794-2-scaled.jpg\" alt=\"\" class=\"wp-image-98359\"\/><\/a><\/figure>\n\n\n\n<figure class=\"wp-block-image size-large\"><a href=\"https:\/\/www.eslebedasauto.at\/wp-content\/uploads\/2025\/04\/IMG_0792-2.jpg\"><img decoding=\"async\" data-id=\"98358\" src=\"https:\/\/www.eslebedasauto.at\/wp-content\/uploads\/2025\/04\/IMG_0792-2.jpg\" alt=\"\" class=\"wp-image-98358\"\/><\/a><\/figure>\n\n\n\n<figure class=\"wp-block-image size-large\"><a href=\"https:\/\/www.eslebedasauto.at\/wp-content\/uploads\/2025\/04\/IMG_0791-2.jpg\"><img decoding=\"async\" data-id=\"98357\" src=\"https:\/\/www.eslebedasauto.at\/wp-content\/uploads\/2025\/04\/IMG_0791-2.jpg\" alt=\"\" class=\"wp-image-98357\"\/><\/a><\/figure>\n<\/figure>\n\n\n\n<p><br>Unser Team testete den Polestar 4 zwei Wochen lang. Besonders positiv fiel dabei die <strong>exzellente Ger\u00e4uschd\u00e4mmung<\/strong> auf \u2013 auch bei Autobahntempo bleibt es angenehm leise. Die <strong>Assistenzsysteme<\/strong> geh\u00f6ren zu den besten auf dem Markt: Spurf\u00fchrung, Abstandshalter, Spurwechselassistent \u2013 alles funktioniert pr\u00e4zise und intuitiv. Auch die <strong>Lenkung<\/strong> ist ein echtes Highlight: direkt, feinf\u00fchlig und dabei komfortabel.<\/p>\n\n\n\n<p>Aber es gibt auch Schw\u00e4chen:<\/p>\n\n\n\n<p><strong>Der &#8222;Schl\u00fcssel&#8220;<\/strong> ist eigentlich eine Keycard in Form eines schl\u00fcssellosen Transponders \u2013 ohne Kn\u00f6pfe. T\u00fcr\u00f6ffnung bei Ann\u00e4herung klappte manchmal, manchmal nicht. Einmal wurden sogar w\u00e4hrend des T\u00fcr\u00f6ffnens die Griffe eingezogen \u2013 Finger eingeklemmt inklusive. Nicht sch\u00f6n.<\/p>\n\n\n\n<p><strong>Der Kofferraum<\/strong> (526 Liter, erweiterbar auf 1536 Liter) l\u00e4sst sich <strong>nur<\/strong> \u00fcber das Display oder die Fu\u00df-Geste \u00f6ffnen. Der \u00e4u\u00dfere Knopf funktionierte bei unserem Testwagen nicht.<\/p>\n\n\n\n<p><strong>Rahmenlose T\u00fcren<\/strong> sehen toll aus \u2013 sorgen aber bei Regen f\u00fcr nasse Sitze, da sich das Wasser auf der Scheibe sammelt und beim \u00d6ffnen nach innen l\u00e4uft.<\/p>\n\n\n\n<h3 id=\"fahrleistung-reichweite-power-und-komfort-im-gleichgewicht\" class=\"wp-block-heading\"><strong>Fahrleistung &amp; Reichweite: Power und Komfort im Gleichgewicht<\/strong><\/h3>\n\n\n\n<p>Getestet wurde die <strong>Long Range Dual Motor<\/strong>-Version mit:<\/p>\n\n\n\n<ul class=\"wp-block-list\">\n<li><strong>544 PS \/ 400 kW<\/strong><\/li>\n\n\n\n<li><strong>0\u2013100 km\/h in 3,8 Sekunden<\/strong><\/li>\n\n\n\n<li><strong>Allradantrieb<\/strong><\/li>\n\n\n\n<li><strong>Top-Speed: 205 km\/h<\/strong><\/li>\n\n\n\n<li><strong>100 kWh Batterie (Netto)<\/strong><\/li>\n\n\n\n<li><strong>Ladeleistung max: 208 kW<\/strong><\/li>\n\n\n\n<li><strong>0\u201380 % in ca. 30 Minuten (DC-Ladung)<\/strong><\/li>\n\n\n\n<li><strong>Verbrauch im Test: 21\u201322 kWh \/ 100 km<\/strong><\/li>\n\n\n\n<li><strong>Reichweite im Alltag (Fr\u00fchling, mit Winterbereifung): ca. 400\u2013420 km<\/strong><br><br><br><\/li>\n<\/ul>\n\n\n\n<figure class=\"wp-block-gallery has-nested-images columns-4 is-cropped wp-block-gallery-3 is-layout-flex wp-block-gallery-is-layout-flex\">\n<figure class=\"wp-block-image size-large\"><a href=\"https:\/\/www.eslebedasauto.at\/wp-content\/uploads\/2025\/04\/IMG_0850-2-scaled.jpg\"><img loading=\"lazy\" decoding=\"async\" width=\"576\" height=\"1024\" data-id=\"98392\" src=\"https:\/\/www.eslebedasauto.at\/wp-content\/uploads\/2025\/04\/IMG_0850-2-576x1024.jpg\" alt=\"\" class=\"wp-image-98392\" srcset=\"https:\/\/www.eslebedasauto.at\/wp-content\/uploads\/2025\/04\/IMG_0850-2-576x1024.jpg 576w, https:\/\/www.eslebedasauto.at\/wp-content\/uploads\/2025\/04\/IMG_0850-2-169x300.jpg 169w, https:\/\/www.eslebedasauto.at\/wp-content\/uploads\/2025\/04\/IMG_0850-2-768x1365.jpg 768w, https:\/\/www.eslebedasauto.at\/wp-content\/uploads\/2025\/04\/IMG_0850-2-864x1536.jpg 864w, https:\/\/www.eslebedasauto.at\/wp-content\/uploads\/2025\/04\/IMG_0850-2-1152x2048.jpg 1152w, https:\/\/www.eslebedasauto.at\/wp-content\/uploads\/2025\/04\/IMG_0850-2-scaled.jpg 1440w\" sizes=\"(max-width: 576px) 100vw, 576px\" \/><\/a><\/figure>\n\n\n\n<figure class=\"wp-block-image size-large\"><a href=\"https:\/\/www.eslebedasauto.at\/wp-content\/uploads\/2025\/04\/IMG_0849-2-scaled.jpg\"><img loading=\"lazy\" decoding=\"async\" width=\"1024\" height=\"576\" data-id=\"98390\" src=\"https:\/\/www.eslebedasauto.at\/wp-content\/uploads\/2025\/04\/IMG_0849-2-1024x576.jpg\" alt=\"\" class=\"wp-image-98390\" srcset=\"https:\/\/www.eslebedasauto.at\/wp-content\/uploads\/2025\/04\/IMG_0849-2-1024x576.jpg 1024w, https:\/\/www.eslebedasauto.at\/wp-content\/uploads\/2025\/04\/IMG_0849-2-300x169.jpg 300w, https:\/\/www.eslebedasauto.at\/wp-content\/uploads\/2025\/04\/IMG_0849-2-768x432.jpg 768w, https:\/\/www.eslebedasauto.at\/wp-content\/uploads\/2025\/04\/IMG_0849-2-1536x864.jpg 1536w, https:\/\/www.eslebedasauto.at\/wp-content\/uploads\/2025\/04\/IMG_0849-2-2048x1152.jpg 2048w\" sizes=\"(max-width: 1024px) 100vw, 1024px\" \/><\/a><\/figure>\n\n\n\n<figure class=\"wp-block-image size-large\"><a href=\"https:\/\/www.eslebedasauto.at\/wp-content\/uploads\/2025\/04\/IMG_0848-2-scaled.jpg\"><img loading=\"lazy\" decoding=\"async\" width=\"1024\" height=\"768\" data-id=\"98389\" src=\"https:\/\/www.eslebedasauto.at\/wp-content\/uploads\/2025\/04\/IMG_0848-2-1024x768.jpg\" alt=\"\" class=\"wp-image-98389\" srcset=\"https:\/\/www.eslebedasauto.at\/wp-content\/uploads\/2025\/04\/IMG_0848-2-1024x768.jpg 1024w, https:\/\/www.eslebedasauto.at\/wp-content\/uploads\/2025\/04\/IMG_0848-2-300x225.jpg 300w, https:\/\/www.eslebedasauto.at\/wp-content\/uploads\/2025\/04\/IMG_0848-2-768x576.jpg 768w, https:\/\/www.eslebedasauto.at\/wp-content\/uploads\/2025\/04\/IMG_0848-2-1536x1152.jpg 1536w, https:\/\/www.eslebedasauto.at\/wp-content\/uploads\/2025\/04\/IMG_0848-2-2048x1536.jpg 2048w\" sizes=\"(max-width: 1024px) 100vw, 1024px\" \/><\/a><\/figure>\n\n\n\n<figure class=\"wp-block-image size-large\"><a href=\"https:\/\/www.eslebedasauto.at\/wp-content\/uploads\/2025\/04\/IMG_0841-2.jpg\"><img decoding=\"async\" data-id=\"98388\" src=\"https:\/\/www.eslebedasauto.at\/wp-content\/uploads\/2025\/04\/IMG_0841-2.jpg\" alt=\"\" class=\"wp-image-98388\"\/><\/a><\/figure>\n\n\n\n<figure class=\"wp-block-image size-large\"><a href=\"https:\/\/www.eslebedasauto.at\/wp-content\/uploads\/2025\/04\/IMG_0847-2-scaled.jpg\"><img loading=\"lazy\" decoding=\"async\" width=\"768\" height=\"1024\" data-id=\"98387\" src=\"https:\/\/www.eslebedasauto.at\/wp-content\/uploads\/2025\/04\/IMG_0847-2-768x1024.jpg\" alt=\"\" class=\"wp-image-98387\" srcset=\"https:\/\/www.eslebedasauto.at\/wp-content\/uploads\/2025\/04\/IMG_0847-2-768x1024.jpg 768w, https:\/\/www.eslebedasauto.at\/wp-content\/uploads\/2025\/04\/IMG_0847-2-225x300.jpg 225w, https:\/\/www.eslebedasauto.at\/wp-content\/uploads\/2025\/04\/IMG_0847-2-1152x1536.jpg 1152w, https:\/\/www.eslebedasauto.at\/wp-content\/uploads\/2025\/04\/IMG_0847-2-1536x2048.jpg 1536w, https:\/\/www.eslebedasauto.at\/wp-content\/uploads\/2025\/04\/IMG_0847-2-scaled.jpg 1920w\" sizes=\"(max-width: 768px) 100vw, 768px\" \/><\/a><\/figure>\n\n\n\n<figure class=\"wp-block-image size-large\"><a href=\"https:\/\/www.eslebedasauto.at\/wp-content\/uploads\/2025\/04\/IMG_0846-2.jpg\"><img decoding=\"async\" data-id=\"98386\" src=\"https:\/\/www.eslebedasauto.at\/wp-content\/uploads\/2025\/04\/IMG_0846-2.jpg\" alt=\"\" class=\"wp-image-98386\"\/><\/a><\/figure>\n<\/figure>\n\n\n\n<p><br>Die Performance \u00fcberzeugt, ohne aufdringlich zu sein. Trotz der brachialen Leistung bleibt der Polestar ein komfortabler Gleiter \u2013 wenn man ihn l\u00e4sst. Ab 160 km\/h wird es innen allerdings deutlich lauter. Tempomat? Arbeitet zuverl\u00e4ssig \u2013 aber nur bis 130 km\/h.<\/p>\n\n\n\n<h3 id=\"kleiner-frunk-grose-ladeflache-aber-nicht-ganz-durchdacht\" class=\"wp-block-heading\"><strong>Kleiner Frunk, gro\u00dfe Ladefl\u00e4che \u2013 aber nicht ganz durchdacht<\/strong><\/h3>\n\n\n\n<p>Der vordere Stauraum (Frunk) bietet gerade einmal 15 Liter \u2013 mehr als ein Ladekabel passt nicht hinein. \u00c4rgerlich: Er l\u00e4sst sich nur per Hebel im Fu\u00dfraum \u00f6ffnen. Nicht gerade futuristisch. Positiv dagegen: Die Ladefl\u00e4che im Heck ist gro\u00df und eben, die R\u00fccksitze lassen sich flach umlegen, zus\u00e4tzlich gibt es eine 31-Liter-Wanne unter dem Ladeboden. Eine <strong>elektrisch klappbare Anh\u00e4ngerkupplung<\/strong> (1.720 \u20ac Aufpreis) zieht bis zu <strong>2 Tonnen<\/strong>.<\/p>\n\n\n\n<h3 id=\"software-und-navigation-google-inside-top-integration\" class=\"wp-block-heading\"><strong>Software und Navigation: Google inside, Top-Integration<\/strong><\/h3>\n\n\n\n<p>Das Infotainmentsystem basiert auf Android Automotive \u2013 mit nativem Google Maps, Sprachsteuerung und Play Store-Integration. Besonders praktisch: Ladeplanung funktioniert zuverl\u00e4ssig, inklusive Anzeige der verbleibenden Akkuladung bei Ankunft. Auch ohne App war die Smartphone-Anbindung per USB-C stabil und schnell.<\/p>\n\n\n\n<h3 id=\"preis-fazit-kein-schnappchen-aber-ein-statement\" class=\"wp-block-heading\"><strong>Preis &amp; Fazit: Kein Schn\u00e4ppchen \u2013 aber ein Statement<\/strong><\/h3>\n\n\n\n<p>Der Testwagen kostete rund <strong>65.900 Euro<\/strong> \u2013 kein Sonderangebot, aber angemessen f\u00fcr Ausstattung und Leistung. Die <strong>Basisversion startet bei 57.900 Euro<\/strong>, daf\u00fcr gibt\u2019s den Single Motor mit mehr Reichweite (aber weniger Power).<\/p>\n\n\n\n<figure class=\"wp-block-gallery has-nested-images columns-5 is-cropped wp-block-gallery-4 is-layout-flex wp-block-gallery-is-layout-flex\">\n<figure class=\"wp-block-image size-large\"><img loading=\"lazy\" decoding=\"async\" width=\"1920\" height=\"2560\" data-id=\"98354\" src=\"https:\/\/www.eslebedasauto.at\/wp-content\/uploads\/2025\/04\/IMG_0773-2-scaled.jpg\" alt=\"\" class=\"wp-image-98354\" srcset=\"https:\/\/www.eslebedasauto.at\/wp-content\/uploads\/2025\/04\/IMG_0773-2-scaled.jpg 1920w, https:\/\/www.eslebedasauto.at\/wp-content\/uploads\/2025\/04\/IMG_0773-2-225x300.jpg 225w\" sizes=\"(max-width: 1920px) 100vw, 1920px\" \/><\/figure>\n\n\n\n<figure class=\"wp-block-image size-large\"><img loading=\"lazy\" decoding=\"async\" width=\"1920\" height=\"2560\" data-id=\"98349\" src=\"https:\/\/www.eslebedasauto.at\/wp-content\/uploads\/2025\/04\/IMG_0786-2-scaled.jpg\" alt=\"\" class=\"wp-image-98349\" srcset=\"https:\/\/www.eslebedasauto.at\/wp-content\/uploads\/2025\/04\/IMG_0786-2-scaled.jpg 1920w, https:\/\/www.eslebedasauto.at\/wp-content\/uploads\/2025\/04\/IMG_0786-2-225x300.jpg 225w\" sizes=\"(max-width: 1920px) 100vw, 1920px\" \/><\/figure>\n\n\n\n<figure class=\"wp-block-image size-large\"><img loading=\"lazy\" decoding=\"async\" width=\"1920\" height=\"2560\" data-id=\"98348\" src=\"https:\/\/www.eslebedasauto.at\/wp-content\/uploads\/2025\/04\/IMG_0785-2-scaled.jpg\" alt=\"\" class=\"wp-image-98348\" srcset=\"https:\/\/www.eslebedasauto.at\/wp-content\/uploads\/2025\/04\/IMG_0785-2-scaled.jpg 1920w, https:\/\/www.eslebedasauto.at\/wp-content\/uploads\/2025\/04\/IMG_0785-2-225x300.jpg 225w\" sizes=\"(max-width: 1920px) 100vw, 1920px\" \/><\/figure>\n\n\n\n<figure class=\"wp-block-image size-large\"><img loading=\"lazy\" decoding=\"async\" width=\"2560\" height=\"1440\" data-id=\"98365\" src=\"https:\/\/www.eslebedasauto.at\/wp-content\/uploads\/2025\/04\/IMG_0798-2-scaled.jpg\" alt=\"\" class=\"wp-image-98365\" srcset=\"https:\/\/www.eslebedasauto.at\/wp-content\/uploads\/2025\/04\/IMG_0798-2-scaled.jpg 2560w, https:\/\/www.eslebedasauto.at\/wp-content\/uploads\/2025\/04\/IMG_0798-2-300x169.jpg 300w\" sizes=\"(max-width: 2560px) 100vw, 2560px\" \/><\/figure>\n\n\n\n<figure class=\"wp-block-image size-large\"><img loading=\"lazy\" decoding=\"async\" width=\"768\" height=\"1024\" data-id=\"98352\" src=\"https:\/\/www.eslebedasauto.at\/wp-content\/uploads\/2025\/04\/IMG_0784-2-768x1024.jpg\" alt=\"\" class=\"wp-image-98352\" srcset=\"https:\/\/www.eslebedasauto.at\/wp-content\/uploads\/2025\/04\/IMG_0784-2-768x1024.jpg 768w, https:\/\/www.eslebedasauto.at\/wp-content\/uploads\/2025\/04\/IMG_0784-2-225x300.jpg 225w, https:\/\/www.eslebedasauto.at\/wp-content\/uploads\/2025\/04\/IMG_0784-2-1152x1536.jpg 1152w, https:\/\/www.eslebedasauto.at\/wp-content\/uploads\/2025\/04\/IMG_0784-2-scaled.jpg 1920w\" sizes=\"(max-width: 768px) 100vw, 768px\" \/><\/figure>\n\n\n\n<figure class=\"wp-block-image size-large\"><img loading=\"lazy\" decoding=\"async\" width=\"576\" height=\"1024\" data-id=\"98347\" src=\"https:\/\/www.eslebedasauto.at\/wp-content\/uploads\/2025\/04\/IMG_0787-2-576x1024.jpg\" alt=\"\" class=\"wp-image-98347\" srcset=\"https:\/\/www.eslebedasauto.at\/wp-content\/uploads\/2025\/04\/IMG_0787-2-576x1024.jpg 576w, https:\/\/www.eslebedasauto.at\/wp-content\/uploads\/2025\/04\/IMG_0787-2-169x300.jpg 169w, https:\/\/www.eslebedasauto.at\/wp-content\/uploads\/2025\/04\/IMG_0787-2-768x1365.jpg 768w, https:\/\/www.eslebedasauto.at\/wp-content\/uploads\/2025\/04\/IMG_0787-2-864x1536.jpg 864w, https:\/\/www.eslebedasauto.at\/wp-content\/uploads\/2025\/04\/IMG_0787-2.jpg 1080w\" sizes=\"(max-width: 576px) 100vw, 576px\" \/><\/figure>\n\n\n\n<figure class=\"wp-block-image size-large\"><a href=\"https:\/\/www.eslebedasauto.at\/wp-content\/uploads\/2025\/04\/IMG_0802-2-scaled.jpg\"><img loading=\"lazy\" decoding=\"async\" width=\"2560\" height=\"1440\" data-id=\"98368\" src=\"https:\/\/www.eslebedasauto.at\/wp-content\/uploads\/2025\/04\/IMG_0802-2-scaled.jpg\" alt=\"\" class=\"wp-image-98368\" srcset=\"https:\/\/www.eslebedasauto.at\/wp-content\/uploads\/2025\/04\/IMG_0802-2-scaled.jpg 2560w, https:\/\/www.eslebedasauto.at\/wp-content\/uploads\/2025\/04\/IMG_0802-2-300x169.jpg 300w\" sizes=\"(max-width: 2560px) 100vw, 2560px\" \/><\/a><\/figure>\n\n\n\n<figure class=\"wp-block-image size-large\"><img fetchpriority=\"high\" decoding=\"async\" width=\"1024\" height=\"768\" data-id=\"98350\" src=\"https:\/\/www.eslebedasauto.at\/wp-content\/uploads\/2025\/04\/IMG_0772-2-1024x768.jpg\" alt=\"\" class=\"wp-image-98350\" srcset=\"https:\/\/www.eslebedasauto.at\/wp-content\/uploads\/2025\/04\/IMG_0772-2-1024x768.jpg 1024w, https:\/\/www.eslebedasauto.at\/wp-content\/uploads\/2025\/04\/IMG_0772-2-300x225.jpg 300w\" sizes=\"(max-width: 1024px) 100vw, 1024px\" \/><\/figure>\n\n\n\n<figure class=\"wp-block-image size-large\"><img loading=\"lazy\" decoding=\"async\" width=\"2560\" height=\"1440\" data-id=\"98367\" src=\"https:\/\/www.eslebedasauto.at\/wp-content\/uploads\/2025\/04\/IMG_0803-2-scaled.jpg\" alt=\"\" class=\"wp-image-98367\" srcset=\"https:\/\/www.eslebedasauto.at\/wp-content\/uploads\/2025\/04\/IMG_0803-2-scaled.jpg 2560w, https:\/\/www.eslebedasauto.at\/wp-content\/uploads\/2025\/04\/IMG_0803-2-300x169.jpg 300w\" sizes=\"(max-width: 2560px) 100vw, 2560px\" \/><\/figure>\n\n\n\n<figure class=\"wp-block-image size-large\"><img decoding=\"async\" data-id=\"98356\" src=\"https:\/\/www.eslebedasauto.at\/wp-content\/uploads\/2025\/04\/IMG_0782-2.jpg\" alt=\"\" class=\"wp-image-98356\"\/><\/figure>\n\n\n\n<figure class=\"wp-block-image size-large\"><img loading=\"lazy\" decoding=\"async\" width=\"1024\" height=\"768\" data-id=\"98353\" src=\"https:\/\/www.eslebedasauto.at\/wp-content\/uploads\/2025\/04\/IMG_0790-2-1024x768.jpg\" alt=\"\" class=\"wp-image-98353\" srcset=\"https:\/\/www.eslebedasauto.at\/wp-content\/uploads\/2025\/04\/IMG_0790-2-1024x768.jpg 1024w, https:\/\/www.eslebedasauto.at\/wp-content\/uploads\/2025\/04\/IMG_0790-2-300x225.jpg 300w, https:\/\/www.eslebedasauto.at\/wp-content\/uploads\/2025\/04\/IMG_0790-2-768x576.jpg 768w, https:\/\/www.eslebedasauto.at\/wp-content\/uploads\/2025\/04\/IMG_0790-2-1536x1152.jpg 1536w\" sizes=\"(max-width: 1024px) 100vw, 1024px\" \/><\/figure>\n\n\n\n<figure class=\"wp-block-image size-large\"><img loading=\"lazy\" decoding=\"async\" width=\"2560\" height=\"1920\" data-id=\"98355\" src=\"https:\/\/www.eslebedasauto.at\/wp-content\/uploads\/2025\/04\/IMG_0776-2-scaled.jpg\" alt=\"\" class=\"wp-image-98355\" srcset=\"https:\/\/www.eslebedasauto.at\/wp-content\/uploads\/2025\/04\/IMG_0776-2-scaled.jpg 2560w, https:\/\/www.eslebedasauto.at\/wp-content\/uploads\/2025\/04\/IMG_0776-2-300x225.jpg 300w\" sizes=\"(max-width: 2560px) 100vw, 2560px\" \/><\/figure>\n\n\n\n<figure class=\"wp-block-image size-large\"><img loading=\"lazy\" decoding=\"async\" width=\"768\" height=\"1024\" data-id=\"98351\" src=\"https:\/\/www.eslebedasauto.at\/wp-content\/uploads\/2025\/04\/IMG_0774-2-768x1024.jpg\" alt=\"\" class=\"wp-image-98351\" srcset=\"https:\/\/www.eslebedasauto.at\/wp-content\/uploads\/2025\/04\/IMG_0774-2-768x1024.jpg 768w, https:\/\/www.eslebedasauto.at\/wp-content\/uploads\/2025\/04\/IMG_0774-2-225x300.jpg 225w, https:\/\/www.eslebedasauto.at\/wp-content\/uploads\/2025\/04\/IMG_0774-2-1152x1536.jpg 1152w, https:\/\/www.eslebedasauto.at\/wp-content\/uploads\/2025\/04\/IMG_0774-2-scaled.jpg 1920w\" sizes=\"(max-width: 768px) 100vw, 768px\" \/><\/figure>\n<\/figure>\n\n\n\n<h4 id=\"fazit-nach-14-tagen\" class=\"wp-block-heading\"><br><strong>Fazit nach 14 Tagen<\/strong><\/h4>\n\n\n\n<p>Der Polestar 4 ist mutig, schnell und visuell ein echtes Statement. Er bietet viel Platz, starke Technik und ein au\u00dfergew\u00f6hnliches Fahrerlebnis. Doch die Zukunft verlangt mehr als nur Vision \u2013 sie muss auch funktionieren. Und da gibt\u2019s noch Luft nach oben.<\/p>\n\n\n\n<p><strong>+ Pluspunkte<\/strong><br>\u2713 Einzigartiges Design<br>\u2713 Mega Glasdach<br>\u2713 Gigantischer Innenraum<br>\u2713 Top-Fahrleistungen<br>\u2713 Perfekte Assistenzsysteme<br>\u2713 Exzellente Ger\u00e4uschd\u00e4mmung<\/p>\n\n\n\n<p><strong>\u2013 Minuspunkte<\/strong><br>\u2013 Bedienung teils umst\u00e4ndlich (nach Einstellung mit Shortcuts, durchaus durchdacht)<br>\u2013 Unzuverl\u00e4ssige T\u00fcr\u00f6ffnung<br>\u2013 Kofferraum-Handling nervt<br>\u2013 Regenn\u00e4sse durch T\u00fcren<br>\u2013 Kein echter Schl\u00fcssel<\/p>\n\n\n\n<p><strong>Bewertung: 8 von 10 Punkten<\/strong><br>Zukunft kann so gut aussehen \u2013 wenn sie noch etwas praktischer wird.<\/p>","protected":false},"excerpt":{"rendered":"<p>SUV ohne R\u00fcckblick \u2013 was der Verzicht auf die Heckscheibe bringt Ein Auto ohne Heckscheibe? Klingt nach einem gewagten Konzept \u2013 ist aber beim Polestar 4 Realit\u00e4t. Der Verzicht erlaubt ein verl\u00e4ngertes Panoramadach, mehr Kopffreiheit im Fond und ein ungew\u00f6hnlich luftiges Raumgef\u00fchl. Der digitale R\u00fcckspiegel \u00fcbernimmt die Sicht nach hinten \u2013 per Kamera. Bei Tag,&hellip;&nbsp;<a href=\"https:\/\/www.eslebedasauto.at\/it\/polestar-4-im-test-suv-coupe-ohne-heckscheibe-mutig-modern-nicht-fehlerfrei\/\" rel=\"bookmark\">Read More &raquo;<span class=\"screen-reader-text\">Polestar 4 im Test: SUV-Coup\u00e9 ohne Heckscheibe \u2013 mutig, modern, nicht fehlerfrei<\/span><\/a><\/p>","protected":false},"author":1,"featured_media":98390,"comment_status":"open","ping_status":"open","sticky":false,"template":"","format":"standard","meta":{"neve_meta_sidebar":"","neve_meta_container":"","neve_meta_enable_content_width":"","neve_meta_content_width":0,"neve_meta_title_alignment":"","neve_meta_author_avatar":"","neve_post_elements_order":"[\"title\",\"meta\",\"content\"]","neve_meta_disable_header":"","neve_meta_disable_footer":"","neve_meta_disable_title":"","neve_meta_reading_time":"","footnotes":""},"categories":[555,335],"tags":[],"class_list":["post-98344","post","type-post","status-publish","format-standard","has-post-thumbnail","hentry","category-electrofun","category-fahrberichte"],"yoast_head":"<!-- This site is optimized with the Yoast SEO plugin v26.8 - https:\/\/yoast.com\/product\/yoast-seo-wordpress\/ -->\n<title>Polestar 4 im Test: SUV-Coup\u00e9 ohne Heckscheibe<\/title>\n<meta name=\"description\" content=\"Der Polestar 4 ist futuristisch, stark und kompromisslos \u2013 sogar ohne Heckscheibe. Unsere Redaktion testete das SUV-Coup\u00e9 14 Tage im Alltag.\" \/>\n<meta name=\"robots\" content=\"index, follow, max-snippet:-1, max-image-preview:large, max-video-preview:-1\" \/>\n<link rel=\"canonical\" href=\"https:\/\/www.eslebedasauto.at\/it\/polestar-4-im-test-suv-coupe-ohne-heckscheibe-mutig-modern-nicht-fehlerfrei\/\" \/>\n<meta property=\"og:locale\" content=\"it_IT\" \/>\n<meta property=\"og:type\" content=\"article\" \/>\n<meta property=\"og:title\" content=\"Polestar 4 im Test: SUV-Coup\u00e9 ohne Heckscheibe\" \/>\n<meta property=\"og:description\" content=\"Der Polestar 4 ist futuristisch, stark und kompromisslos \u2013 sogar ohne Heckscheibe. Unsere Redaktion testete das SUV-Coup\u00e9 14 Tage im Alltag.\" \/>\n<meta property=\"og:url\" content=\"https:\/\/www.eslebedasauto.at\/it\/polestar-4-im-test-suv-coupe-ohne-heckscheibe-mutig-modern-nicht-fehlerfrei\/\" \/>\n<meta property=\"og:site_name\" content=\"Es lebe das Auto\" \/>\n<meta property=\"article:publisher\" content=\"https:\/\/www.facebook.com\/eslebedasauto.at\" \/>\n<meta property=\"article:published_time\" content=\"2025-04-01T05:50:19+00:00\" \/>\n<meta property=\"article:modified_time\" content=\"2025-04-01T06:19:30+00:00\" \/>\n<meta property=\"og:image\" content=\"https:\/\/www.eslebedasauto.at\/wp-content\/uploads\/2025\/04\/IMG_0849-2-scaled.jpg\" \/>\n\t<meta property=\"og:image:width\" content=\"2560\" \/>\n\t<meta property=\"og:image:height\" content=\"1440\" \/>\n\t<meta property=\"og:image:type\" content=\"image\/jpeg\" \/>\n<meta name=\"author\" content=\"Juergen\" \/>\n<meta name=\"twitter:card\" content=\"summary_large_image\" \/>\n<meta name=\"twitter:label1\" content=\"Scritto da\" \/>\n\t<meta name=\"twitter:data1\" content=\"Juergen\" \/>\n\t<meta name=\"twitter:label2\" content=\"Tempo di lettura stimato\" \/>\n\t<meta name=\"twitter:data2\" content=\"14 minuti\" \/>\n<script type=\"application\/ld+json\" class=\"yoast-schema-graph\">{\"@context\":\"https:\/\/schema.org\",\"@graph\":[{\"@type\":\"Article\",\"@id\":\"https:\/\/www.eslebedasauto.at\/polestar-4-im-test-suv-coupe-ohne-heckscheibe-mutig-modern-nicht-fehlerfrei\/#article\",\"isPartOf\":{\"@id\":\"https:\/\/www.eslebedasauto.at\/polestar-4-im-test-suv-coupe-ohne-heckscheibe-mutig-modern-nicht-fehlerfrei\/\"},\"author\":{\"name\":\"Juergen\",\"@id\":\"https:\/\/www.eslebedasauto.at\/#\/schema\/person\/4ecfb7fe1eb40654e5370227118c3fc2\"},\"headline\":\"Polestar 4 im Test: SUV-Coup\u00e9 ohne Heckscheibe \u2013 mutig, modern, nicht fehlerfrei\",\"datePublished\":\"2025-04-01T05:50:19+00:00\",\"dateModified\":\"2025-04-01T06:19:30+00:00\",\"mainEntityOfPage\":{\"@id\":\"https:\/\/www.eslebedasauto.at\/polestar-4-im-test-suv-coupe-ohne-heckscheibe-mutig-modern-nicht-fehlerfrei\/\"},\"wordCount\":712,\"commentCount\":0,\"publisher\":{\"@id\":\"https:\/\/www.eslebedasauto.at\/#organization\"},\"image\":{\"@id\":\"https:\/\/www.eslebedasauto.at\/polestar-4-im-test-suv-coupe-ohne-heckscheibe-mutig-modern-nicht-fehlerfrei\/#primaryimage\"},\"thumbnailUrl\":\"https:\/\/www.eslebedasauto.at\/wp-content\/uploads\/2025\/04\/IMG_0849-2-scaled.jpg\",\"articleSection\":[\"Electrofun\",\"Fahrberichte\"],\"inLanguage\":\"it-IT\",\"potentialAction\":[{\"@type\":\"CommentAction\",\"name\":\"Comment\",\"target\":[\"https:\/\/www.eslebedasauto.at\/polestar-4-im-test-suv-coupe-ohne-heckscheibe-mutig-modern-nicht-fehlerfrei\/#respond\"]}]},{\"@type\":\"WebPage\",\"@id\":\"https:\/\/www.eslebedasauto.at\/polestar-4-im-test-suv-coupe-ohne-heckscheibe-mutig-modern-nicht-fehlerfrei\/\",\"url\":\"https:\/\/www.eslebedasauto.at\/polestar-4-im-test-suv-coupe-ohne-heckscheibe-mutig-modern-nicht-fehlerfrei\/\",\"name\":\"Polestar 4 im Test: SUV-Coup\u00e9 ohne Heckscheibe\",\"isPartOf\":{\"@id\":\"https:\/\/www.eslebedasauto.at\/#website\"},\"primaryImageOfPage\":{\"@id\":\"https:\/\/www.eslebedasauto.at\/polestar-4-im-test-suv-coupe-ohne-heckscheibe-mutig-modern-nicht-fehlerfrei\/#primaryimage\"},\"image\":{\"@id\":\"https:\/\/www.eslebedasauto.at\/polestar-4-im-test-suv-coupe-ohne-heckscheibe-mutig-modern-nicht-fehlerfrei\/#primaryimage\"},\"thumbnailUrl\":\"https:\/\/www.eslebedasauto.at\/wp-content\/uploads\/2025\/04\/IMG_0849-2-scaled.jpg\",\"datePublished\":\"2025-04-01T05:50:19+00:00\",\"dateModified\":\"2025-04-01T06:19:30+00:00\",\"description\":\"Der Polestar 4 ist futuristisch, stark und kompromisslos \u2013 sogar ohne Heckscheibe. Unsere Redaktion testete das SUV-Coup\u00e9 14 Tage im Alltag.\",\"breadcrumb\":{\"@id\":\"https:\/\/www.eslebedasauto.at\/polestar-4-im-test-suv-coupe-ohne-heckscheibe-mutig-modern-nicht-fehlerfrei\/#breadcrumb\"},\"inLanguage\":\"it-IT\",\"potentialAction\":[{\"@type\":\"ReadAction\",\"target\":[\"https:\/\/www.eslebedasauto.at\/polestar-4-im-test-suv-coupe-ohne-heckscheibe-mutig-modern-nicht-fehlerfrei\/\"]}]},{\"@type\":\"ImageObject\",\"inLanguage\":\"it-IT\",\"@id\":\"https:\/\/www.eslebedasauto.at\/polestar-4-im-test-suv-coupe-ohne-heckscheibe-mutig-modern-nicht-fehlerfrei\/#primaryimage\",\"url\":\"https:\/\/www.eslebedasauto.at\/wp-content\/uploads\/2025\/04\/IMG_0849-2-scaled.jpg\",\"contentUrl\":\"https:\/\/www.eslebedasauto.at\/wp-content\/uploads\/2025\/04\/IMG_0849-2-scaled.jpg\",\"width\":2560,\"height\":1440},{\"@type\":\"BreadcrumbList\",\"@id\":\"https:\/\/www.eslebedasauto.at\/polestar-4-im-test-suv-coupe-ohne-heckscheibe-mutig-modern-nicht-fehlerfrei\/#breadcrumb\",\"itemListElement\":[{\"@type\":\"ListItem\",\"position\":1,\"name\":\"Startseite\",\"item\":\"https:\/\/www.eslebedasauto.at\/\"},{\"@type\":\"ListItem\",\"position\":2,\"name\":\"Polestar 4 im Test: SUV-Coup\u00e9 ohne Heckscheibe \u2013 mutig, modern, nicht fehlerfrei\"}]},{\"@type\":\"WebSite\",\"@id\":\"https:\/\/www.eslebedasauto.at\/#website\",\"url\":\"https:\/\/www.eslebedasauto.at\/\",\"name\":\"Es lebe das Auto\",\"description\":\"ein Hoch auf den Individualverkehr\",\"publisher\":{\"@id\":\"https:\/\/www.eslebedasauto.at\/#organization\"},\"potentialAction\":[{\"@type\":\"SearchAction\",\"target\":{\"@type\":\"EntryPoint\",\"urlTemplate\":\"https:\/\/www.eslebedasauto.at\/?s={search_term_string}\"},\"query-input\":{\"@type\":\"PropertyValueSpecification\",\"valueRequired\":true,\"valueName\":\"search_term_string\"}}],\"inLanguage\":\"it-IT\"},{\"@type\":\"Organization\",\"@id\":\"https:\/\/www.eslebedasauto.at\/#organization\",\"name\":\"eslebedasauto\",\"url\":\"https:\/\/www.eslebedasauto.at\/\",\"logo\":{\"@type\":\"ImageObject\",\"inLanguage\":\"it-IT\",\"@id\":\"https:\/\/www.eslebedasauto.at\/#\/schema\/logo\/image\/\",\"url\":\"https:\/\/www.eslebedasauto.at\/wp-content\/uploads\/2025\/10\/eldarund.png\",\"contentUrl\":\"https:\/\/www.eslebedasauto.at\/wp-content\/uploads\/2025\/10\/eldarund.png\",\"width\":1024,\"height\":1024,\"caption\":\"eslebedasauto\"},\"image\":{\"@id\":\"https:\/\/www.eslebedasauto.at\/#\/schema\/logo\/image\/\"},\"sameAs\":[\"https:\/\/www.facebook.com\/eslebedasauto.at\",\"https:\/\/www.instagram.com\/es_lebe_das_auto\/\"]},{\"@type\":\"Person\",\"@id\":\"https:\/\/www.eslebedasauto.at\/#\/schema\/person\/4ecfb7fe1eb40654e5370227118c3fc2\",\"name\":\"Juergen\",\"url\":\"https:\/\/www.eslebedasauto.at\/it\/author\/netzwerkkapitaene-og\/\"}]}<\/script>\n<!-- \/ Yoast SEO plugin. -->","yoast_head_json":{"title":"Polestar 4 im Test: SUV-Coup\u00e9 ohne Heckscheibe","description":"Der Polestar 4 ist futuristisch, stark und kompromisslos \u2013 sogar ohne Heckscheibe. Unsere Redaktion testete das SUV-Coup\u00e9 14 Tage im Alltag.","robots":{"index":"index","follow":"follow","max-snippet":"max-snippet:-1","max-image-preview":"max-image-preview:large","max-video-preview":"max-video-preview:-1"},"canonical":"https:\/\/www.eslebedasauto.at\/it\/polestar-4-im-test-suv-coupe-ohne-heckscheibe-mutig-modern-nicht-fehlerfrei\/","og_locale":"it_IT","og_type":"article","og_title":"Polestar 4 im Test: SUV-Coup\u00e9 ohne Heckscheibe","og_description":"Der Polestar 4 ist futuristisch, stark und kompromisslos \u2013 sogar ohne Heckscheibe. Unsere Redaktion testete das SUV-Coup\u00e9 14 Tage im Alltag.","og_url":"https:\/\/www.eslebedasauto.at\/it\/polestar-4-im-test-suv-coupe-ohne-heckscheibe-mutig-modern-nicht-fehlerfrei\/","og_site_name":"Es lebe das Auto","article_publisher":"https:\/\/www.facebook.com\/eslebedasauto.at","article_published_time":"2025-04-01T05:50:19+00:00","article_modified_time":"2025-04-01T06:19:30+00:00","og_image":[{"width":2560,"height":1440,"url":"https:\/\/www.eslebedasauto.at\/wp-content\/uploads\/2025\/04\/IMG_0849-2-scaled.jpg","type":"image\/jpeg"}],"author":"Juergen","twitter_card":"summary_large_image","twitter_misc":{"Scritto da":"Juergen","Tempo di lettura stimato":"14 minuti"},"schema":{"@context":"https:\/\/schema.org","@graph":[{"@type":"Article","@id":"https:\/\/www.eslebedasauto.at\/polestar-4-im-test-suv-coupe-ohne-heckscheibe-mutig-modern-nicht-fehlerfrei\/#article","isPartOf":{"@id":"https:\/\/www.eslebedasauto.at\/polestar-4-im-test-suv-coupe-ohne-heckscheibe-mutig-modern-nicht-fehlerfrei\/"},"author":{"name":"Juergen","@id":"https:\/\/www.eslebedasauto.at\/#\/schema\/person\/4ecfb7fe1eb40654e5370227118c3fc2"},"headline":"Polestar 4 im Test: SUV-Coup\u00e9 ohne Heckscheibe \u2013 mutig, modern, nicht fehlerfrei","datePublished":"2025-04-01T05:50:19+00:00","dateModified":"2025-04-01T06:19:30+00:00","mainEntityOfPage":{"@id":"https:\/\/www.eslebedasauto.at\/polestar-4-im-test-suv-coupe-ohne-heckscheibe-mutig-modern-nicht-fehlerfrei\/"},"wordCount":712,"commentCount":0,"publisher":{"@id":"https:\/\/www.eslebedasauto.at\/#organization"},"image":{"@id":"https:\/\/www.eslebedasauto.at\/polestar-4-im-test-suv-coupe-ohne-heckscheibe-mutig-modern-nicht-fehlerfrei\/#primaryimage"},"thumbnailUrl":"https:\/\/www.eslebedasauto.at\/wp-content\/uploads\/2025\/04\/IMG_0849-2-scaled.jpg","articleSection":["Electrofun","Fahrberichte"],"inLanguage":"it-IT","potentialAction":[{"@type":"CommentAction","name":"Comment","target":["https:\/\/www.eslebedasauto.at\/polestar-4-im-test-suv-coupe-ohne-heckscheibe-mutig-modern-nicht-fehlerfrei\/#respond"]}]},{"@type":"WebPage","@id":"https:\/\/www.eslebedasauto.at\/polestar-4-im-test-suv-coupe-ohne-heckscheibe-mutig-modern-nicht-fehlerfrei\/","url":"https:\/\/www.eslebedasauto.at\/polestar-4-im-test-suv-coupe-ohne-heckscheibe-mutig-modern-nicht-fehlerfrei\/","name":"Polestar 4 im Test: SUV-Coup\u00e9 ohne Heckscheibe","isPartOf":{"@id":"https:\/\/www.eslebedasauto.at\/#website"},"primaryImageOfPage":{"@id":"https:\/\/www.eslebedasauto.at\/polestar-4-im-test-suv-coupe-ohne-heckscheibe-mutig-modern-nicht-fehlerfrei\/#primaryimage"},"image":{"@id":"https:\/\/www.eslebedasauto.at\/polestar-4-im-test-suv-coupe-ohne-heckscheibe-mutig-modern-nicht-fehlerfrei\/#primaryimage"},"thumbnailUrl":"https:\/\/www.eslebedasauto.at\/wp-content\/uploads\/2025\/04\/IMG_0849-2-scaled.jpg","datePublished":"2025-04-01T05:50:19+00:00","dateModified":"2025-04-01T06:19:30+00:00","description":"Der Polestar 4 ist futuristisch, stark und kompromisslos \u2013 sogar ohne Heckscheibe. Unsere Redaktion testete das SUV-Coup\u00e9 14 Tage im Alltag.","breadcrumb":{"@id":"https:\/\/www.eslebedasauto.at\/polestar-4-im-test-suv-coupe-ohne-heckscheibe-mutig-modern-nicht-fehlerfrei\/#breadcrumb"},"inLanguage":"it-IT","potentialAction":[{"@type":"ReadAction","target":["https:\/\/www.eslebedasauto.at\/polestar-4-im-test-suv-coupe-ohne-heckscheibe-mutig-modern-nicht-fehlerfrei\/"]}]},{"@type":"ImageObject","inLanguage":"it-IT","@id":"https:\/\/www.eslebedasauto.at\/polestar-4-im-test-suv-coupe-ohne-heckscheibe-mutig-modern-nicht-fehlerfrei\/#primaryimage","url":"https:\/\/www.eslebedasauto.at\/wp-content\/uploads\/2025\/04\/IMG_0849-2-scaled.jpg","contentUrl":"https:\/\/www.eslebedasauto.at\/wp-content\/uploads\/2025\/04\/IMG_0849-2-scaled.jpg","width":2560,"height":1440},{"@type":"BreadcrumbList","@id":"https:\/\/www.eslebedasauto.at\/polestar-4-im-test-suv-coupe-ohne-heckscheibe-mutig-modern-nicht-fehlerfrei\/#breadcrumb","itemListElement":[{"@type":"ListItem","position":1,"name":"Startseite","item":"https:\/\/www.eslebedasauto.at\/"},{"@type":"ListItem","position":2,"name":"Polestar 4 im Test: SUV-Coup\u00e9 ohne Heckscheibe \u2013 mutig, modern, nicht fehlerfrei"}]},{"@type":"WebSite","@id":"https:\/\/www.eslebedasauto.at\/#website","url":"https:\/\/www.eslebedasauto.at\/","name":"Es lebe das Auto","description":"ein Hoch auf den Individualverkehr","publisher":{"@id":"https:\/\/www.eslebedasauto.at\/#organization"},"potentialAction":[{"@type":"SearchAction","target":{"@type":"EntryPoint","urlTemplate":"https:\/\/www.eslebedasauto.at\/?s={search_term_string}"},"query-input":{"@type":"PropertyValueSpecification","valueRequired":true,"valueName":"search_term_string"}}],"inLanguage":"it-IT"},{"@type":"Organization","@id":"https:\/\/www.eslebedasauto.at\/#organization","name":"eslebedasauto","url":"https:\/\/www.eslebedasauto.at\/","logo":{"@type":"ImageObject","inLanguage":"it-IT","@id":"https:\/\/www.eslebedasauto.at\/#\/schema\/logo\/image\/","url":"https:\/\/www.eslebedasauto.at\/wp-content\/uploads\/2025\/10\/eldarund.png","contentUrl":"https:\/\/www.eslebedasauto.at\/wp-content\/uploads\/2025\/10\/eldarund.png","width":1024,"height":1024,"caption":"eslebedasauto"},"image":{"@id":"https:\/\/www.eslebedasauto.at\/#\/schema\/logo\/image\/"},"sameAs":["https:\/\/www.facebook.com\/eslebedasauto.at","https:\/\/www.instagram.com\/es_lebe_das_auto\/"]},{"@type":"Person","@id":"https:\/\/www.eslebedasauto.at\/#\/schema\/person\/4ecfb7fe1eb40654e5370227118c3fc2","name":"Juergen","url":"https:\/\/www.eslebedasauto.at\/it\/author\/netzwerkkapitaene-og\/"}]}},"_links":{"self":[{"href":"https:\/\/www.eslebedasauto.at\/it\/wp-json\/wp\/v2\/posts\/98344","targetHints":{"allow":["GET"]}}],"collection":[{"href":"https:\/\/www.eslebedasauto.at\/it\/wp-json\/wp\/v2\/posts"}],"about":[{"href":"https:\/\/www.eslebedasauto.at\/it\/wp-json\/wp\/v2\/types\/post"}],"author":[{"embeddable":true,"href":"https:\/\/www.eslebedasauto.at\/it\/wp-json\/wp\/v2\/users\/1"}],"replies":[{"embeddable":true,"href":"https:\/\/www.eslebedasauto.at\/it\/wp-json\/wp\/v2\/comments?post=98344"}],"version-history":[{"count":7,"href":"https:\/\/www.eslebedasauto.at\/it\/wp-json\/wp\/v2\/posts\/98344\/revisions"}],"predecessor-version":[{"id":98398,"href":"https:\/\/www.eslebedasauto.at\/it\/wp-json\/wp\/v2\/posts\/98344\/revisions\/98398"}],"wp:featuredmedia":[{"embeddable":true,"href":"https:\/\/www.eslebedasauto.at\/it\/wp-json\/wp\/v2\/media\/98390"}],"wp:attachment":[{"href":"https:\/\/www.eslebedasauto.at\/it\/wp-json\/wp\/v2\/media?parent=98344"}],"wp:term":[{"taxonomy":"category","embeddable":true,"href":"https:\/\/www.eslebedasauto.at\/it\/wp-json\/wp\/v2\/categories?post=98344"},{"taxonomy":"post_tag","embeddable":true,"href":"https:\/\/www.eslebedasauto.at\/it\/wp-json\/wp\/v2\/tags?post=98344"}],"curies":[{"name":"wp","href":"https:\/\/api.w.org\/{rel}","templated":true}]}}