{"id":98094,"date":"2025-03-12T14:45:17","date_gmt":"2025-03-12T13:45:17","guid":{"rendered":"https:\/\/www.eslebedasauto.at\/?p=98094"},"modified":"2025-03-12T14:55:58","modified_gmt":"2025-03-12T13:55:58","slug":"unter-sternen-und-allrad-der-neue-subaru-forester-im-test","status":"publish","type":"post","link":"https:\/\/www.eslebedasauto.at\/it\/unter-sternen-und-allrad-der-neue-subaru-forester-im-test\/","title":{"rendered":"Unter Sternen und Allrad \u2013 Der neue Subaru Forester im Test"},"content":{"rendered":"<p>Wenn es um japanische Ingenieurskunst geht, dann wird schnell klar: Qualit\u00e4t ist dort nicht nur ein Versprechen, sondern eine Lebenseinstellung. Egal ob winzige Pr\u00e4zisionskameras oder gigantische Industrieanlagen \u2013 was aus Japan kommt, ist bis ins letzte Detail durchdacht und zuverl\u00e4ssig. Genauso verh\u00e4lt es sich mit den Autos von Subaru. Die Marke genie\u00dft weltweit einen Ruf f\u00fcr Robustheit, Langlebigkeit und ihre au\u00dfergew\u00f6hnliche Allradkompetenz.<\/p>\n\n\n\n<figure class=\"wp-block-gallery has-nested-images columns-default is-cropped wp-block-gallery-1 is-layout-flex wp-block-gallery-is-layout-flex\">\n<figure class=\"wp-block-image size-large\"><img fetchpriority=\"high\" decoding=\"async\" width=\"1024\" height=\"768\" data-id=\"98102\" src=\"https:\/\/www.eslebedasauto.at\/wp-content\/uploads\/2025\/03\/IMG_0549-1024x768.jpg\" alt=\"\" class=\"wp-image-98102\" srcset=\"https:\/\/www.eslebedasauto.at\/wp-content\/uploads\/2025\/03\/IMG_0549-1024x768.jpg 1024w, https:\/\/www.eslebedasauto.at\/wp-content\/uploads\/2025\/03\/IMG_0549-300x225.jpg 300w, https:\/\/www.eslebedasauto.at\/wp-content\/uploads\/2025\/03\/IMG_0549-768x576.jpg 768w, https:\/\/www.eslebedasauto.at\/wp-content\/uploads\/2025\/03\/IMG_0549-1536x1152.jpg 1536w, https:\/\/www.eslebedasauto.at\/wp-content\/uploads\/2025\/03\/IMG_0549-2048x1536.jpg 2048w\" sizes=\"(max-width: 1024px) 100vw, 1024px\" \/><\/figure>\n\n\n\n<figure class=\"wp-block-image size-large\"><img decoding=\"async\" width=\"1024\" height=\"768\" data-id=\"98099\" src=\"https:\/\/www.eslebedasauto.at\/wp-content\/uploads\/2025\/03\/IMG_0551-1024x768.jpg\" alt=\"\" class=\"wp-image-98099\" srcset=\"https:\/\/www.eslebedasauto.at\/wp-content\/uploads\/2025\/03\/IMG_0551-1024x768.jpg 1024w, https:\/\/www.eslebedasauto.at\/wp-content\/uploads\/2025\/03\/IMG_0551-300x225.jpg 300w, https:\/\/www.eslebedasauto.at\/wp-content\/uploads\/2025\/03\/IMG_0551-768x576.jpg 768w, https:\/\/www.eslebedasauto.at\/wp-content\/uploads\/2025\/03\/IMG_0551-1536x1152.jpg 1536w, https:\/\/www.eslebedasauto.at\/wp-content\/uploads\/2025\/03\/IMG_0551-2048x1536.jpg 2048w\" sizes=\"(max-width: 1024px) 100vw, 1024px\" \/><\/figure>\n\n\n\n<figure class=\"wp-block-image size-large\"><img decoding=\"async\" width=\"1024\" height=\"768\" data-id=\"98098\" src=\"https:\/\/www.eslebedasauto.at\/wp-content\/uploads\/2025\/03\/IMG_0556-1024x768.jpg\" alt=\"\" class=\"wp-image-98098\" srcset=\"https:\/\/www.eslebedasauto.at\/wp-content\/uploads\/2025\/03\/IMG_0556-1024x768.jpg 1024w, https:\/\/www.eslebedasauto.at\/wp-content\/uploads\/2025\/03\/IMG_0556-300x225.jpg 300w, https:\/\/www.eslebedasauto.at\/wp-content\/uploads\/2025\/03\/IMG_0556-768x576.jpg 768w, https:\/\/www.eslebedasauto.at\/wp-content\/uploads\/2025\/03\/IMG_0556-1536x1152.jpg 1536w, https:\/\/www.eslebedasauto.at\/wp-content\/uploads\/2025\/03\/IMG_0556-2048x1536.jpg 2048w\" sizes=\"(max-width: 1024px) 100vw, 1024px\" \/><\/figure>\n<\/figure>\n\n\n\n<p><br>Subaru ist aber nicht nur f\u00fcr seine legend\u00e4re Zuverl\u00e4ssigkeit bekannt \u2013 auch das Logo erz\u00e4hlt eine Geschichte. Die sechs Sterne im Emblem stehen f\u00fcr den <strong>Plejaden-Sternhaufen<\/strong> im Sternbild Stier. In Japan nennt man diese Sterne \u201eSubaru\u201c, was so viel wie \u201ezusammenf\u00fchren\u201c bedeutet \u2013 eine Anspielung auf die sechs Firmen, die einst die Subaru-Muttergesellschaft Fuji Heavy Industries formten. Mit diesem Blick in den Nachthimmel zeigt Subaru, dass Technik und Natur bei ihnen Hand in Hand gehen.<br><\/p>\n\n\n\n<figure class=\"wp-block-gallery has-nested-images columns-default is-cropped wp-block-gallery-2 is-layout-flex wp-block-gallery-is-layout-flex\">\n<figure class=\"wp-block-image size-large\"><img loading=\"lazy\" decoding=\"async\" width=\"768\" height=\"1024\" data-id=\"98100\" src=\"https:\/\/www.eslebedasauto.at\/wp-content\/uploads\/2025\/03\/IMG_0521-768x1024.jpg\" alt=\"\" class=\"wp-image-98100\" srcset=\"https:\/\/www.eslebedasauto.at\/wp-content\/uploads\/2025\/03\/IMG_0521-768x1024.jpg 768w, https:\/\/www.eslebedasauto.at\/wp-content\/uploads\/2025\/03\/IMG_0521-225x300.jpg 225w, https:\/\/www.eslebedasauto.at\/wp-content\/uploads\/2025\/03\/IMG_0521-1152x1536.jpg 1152w, https:\/\/www.eslebedasauto.at\/wp-content\/uploads\/2025\/03\/IMG_0521-1536x2048.jpg 1536w, https:\/\/www.eslebedasauto.at\/wp-content\/uploads\/2025\/03\/IMG_0521-scaled.jpg 1920w\" sizes=\"(max-width: 768px) 100vw, 768px\" \/><\/figure>\n\n\n\n<figure class=\"wp-block-image size-large\"><img loading=\"lazy\" decoding=\"async\" width=\"768\" height=\"1024\" data-id=\"98113\" src=\"https:\/\/www.eslebedasauto.at\/wp-content\/uploads\/2025\/03\/IMG_0538-768x1024.jpg\" alt=\"\" class=\"wp-image-98113\" srcset=\"https:\/\/www.eslebedasauto.at\/wp-content\/uploads\/2025\/03\/IMG_0538-768x1024.jpg 768w, https:\/\/www.eslebedasauto.at\/wp-content\/uploads\/2025\/03\/IMG_0538-225x300.jpg 225w, https:\/\/www.eslebedasauto.at\/wp-content\/uploads\/2025\/03\/IMG_0538-1152x1536.jpg 1152w, https:\/\/www.eslebedasauto.at\/wp-content\/uploads\/2025\/03\/IMG_0538-1536x2048.jpg 1536w, https:\/\/www.eslebedasauto.at\/wp-content\/uploads\/2025\/03\/IMG_0538-scaled.jpg 1920w\" sizes=\"(max-width: 768px) 100vw, 768px\" \/><\/figure>\n<\/figure>\n\n\n\n<p>Apropos Sterne und Technik: Genau aus diesem Grund war ich, vom EslebedasAuto Blog, auf Einladung von Subaru in Obertrum am See zu Gast \u2013 genauer gesagt auf der <a href=\"https:\/\/www.hausdernatur.at\/de\/sternwarte.html\">Sternwarte Vega<\/a>. Ein Ort, an dem sich astronomische Weitsicht und automobile Ingenieurskunst auf faszinierende Weise begegnen. Das Team von Subaru \u00d6sterreich empfing uns herzlich an diesem besonderen Ort, wo wir nicht nur einen tiefen Blick in die Sterne werfen konnten, sondern auch die Gelegenheit hatten, den neuen Subaru Forester auf Herz und Nieren zu testen. Mehr zu den Sternen, aber sp\u00e4ter.<\/p>\n\n\n\n<p>Die On-Road- und Offroad-Tests starteten direkt bei der Sternwarte Vega. Der neue Forester verspricht, genau das zu sein, was Subaru-Fans lieben: ein verl\u00e4sslicher Begleiter f\u00fcr alle Wege \u2013 oder auch f\u00fcr Wege, die gar keine sind. In gewohnt souver\u00e4ner Manier, mit Symmetrical AWD und einer beeindruckenden Bodenfreiheit ausgestattet, bleibt auch dieses Modell seinen Wurzeln treu.<\/p>\n\n\n\n<div class=\"wp-block-columns is-layout-flex wp-container-core-columns-is-layout-1 wp-block-columns-is-layout-flex\">\n<div class=\"wp-block-column is-layout-flow wp-block-column-is-layout-flow\" style=\"flex-basis:50%\">\n<figure class=\"wp-block-video\"><video controls poster=\"https:\/\/www.eslebedasauto.at\/wp-content\/uploads\/2025\/03\/IMG_0531-scaled.jpg\" src=\"https:\/\/www.eslebedasauto.at\/wp-content\/uploads\/2025\/03\/Subaru_Forester.mp4\"><\/video><\/figure>\n<\/div>\n\n\n\n<div class=\"wp-block-column is-layout-flow wp-block-column-is-layout-flow\" style=\"flex-basis:50%\">\n<figure class=\"wp-block-image size-large\"><img loading=\"lazy\" decoding=\"async\" width=\"1024\" height=\"895\" src=\"https:\/\/www.eslebedasauto.at\/wp-content\/uploads\/2025\/03\/Subaru-Logo-1024x895.jpg\" alt=\"\" class=\"wp-image-98104\" srcset=\"https:\/\/www.eslebedasauto.at\/wp-content\/uploads\/2025\/03\/Subaru-Logo-1024x895.jpg 1024w, https:\/\/www.eslebedasauto.at\/wp-content\/uploads\/2025\/03\/Subaru-Logo-300x262.jpg 300w, https:\/\/www.eslebedasauto.at\/wp-content\/uploads\/2025\/03\/Subaru-Logo-768x671.jpg 768w, https:\/\/www.eslebedasauto.at\/wp-content\/uploads\/2025\/03\/Subaru-Logo.jpg 1200w\" sizes=\"(max-width: 1024px) 100vw, 1024px\" \/><\/figure>\n<\/div>\n<\/div>\n\n\n\n<p><strong>Die Erfolgsgeschichte des Subaru Forester<\/strong><\/p>\n\n\n\n<p>Der Subaru Forester wurde erstmals 1997 vorgestellt und hat sich seither zu einem der erfolgreichsten Modelle der Marke entwickelt. Besonders in den USA ist der Forester eine feste Gr\u00f6\u00dfe im SUV-Segment. Dort ist er seit Jahren ein Bestseller, mit \u00fcber 2,5 Millionen verkauften Einheiten allein auf diesem Markt. Seine Kombination aus Alltagstauglichkeit, Offroad-Performance und bew\u00e4hrter Zuverl\u00e4ssigkeit macht ihn zum idealen Fahrzeug f\u00fcr Outdoor-Enthusiasten \u2013 eine Nische, in der Subaru seit Jahrzehnten Ma\u00dfst\u00e4be setzt.<\/p>\n\n\n\n<p><strong>Die Zielgruppe? <\/strong>Vor allem K\u00e4ufer ab 50 Jahren, die Wert auf Qualit\u00e4t, Sicherheit und Langzeitzuverl\u00e4ssigkeit legen. Viele von ihnen sind Barzahler, die genau wissen, worauf es bei einem Fahrzeug ankommt. Der Forester ist f\u00fcr diese Kundschaft eine attraktive Wahl, weil er ohne unn\u00f6tigen Schnickschnack kommt, aber mit allem ausgestattet ist, was ein echtes Abenteuerfahrzeug braucht.<br><br>Was sich unter der Haube und im Innenraum getan hat, das erfahrt ihr jetzt &#8230;<br><br><strong>Die Technik des neuen Subaru Forester<\/strong><\/p>\n\n\n\n<p>Der neue Forester 2.0ie Lineartronic ist mit einem 2,0-Liter-Boxermotor ausgestattet, der 100 kW (136 PS) leistet. In Kombination mit dem permanenten Allradantrieb und dem stufenlosen Automatikgetriebe (Lineartronic) bietet er eine harmonische und effiziente Fahrperformance. Die H\u00f6chstgeschwindigkeit liegt bei 188 km\/h, und die Beschleunigung von 0 auf 100 km\/h erfolgt in 12,2 Sekunden. Klarerweise liegen die Qualit\u00e4ten im Offroadbereich, aber auch auf Landstra\u00dfen f\u00e4hrt sich dieser Wagen au\u00dferordentlich gut. Gute Kurvenlage, perfekte Ger\u00e4uschd\u00e4mmung und z\u00fcgiges Vorankommen ohne Probleme.<\/p>\n\n\n\n<p>Mit einer L\u00e4nge von 4.670 mm, einer Breite von 1.830 mm und einer H\u00f6he von 1.730 mm bietet der Forester gro\u00dfz\u00fcgigen Innenraum f\u00fcr bis zu f\u00fcnf Personen. Das Kofferraumvolumen variiert zwischen 508 und 1.186 Litern, abh\u00e4ngig von der Sitzkonfiguration, und die maximale Zuladung liegt bei bis zu 417 kg. Die Anh\u00e4ngerzuglast wird mit knapp \u00fcber 2 Tonnen angegeben. Das l\u00e4sst sich schon mal ein kleiner Komet abtransportieren.<br><\/p>\n\n\n\n<figure class=\"wp-block-gallery has-nested-images columns-default is-cropped wp-block-gallery-3 is-layout-flex wp-block-gallery-is-layout-flex\">\n<figure class=\"wp-block-image size-large\"><img loading=\"lazy\" decoding=\"async\" width=\"1024\" height=\"683\" data-id=\"98111\" src=\"https:\/\/www.eslebedasauto.at\/wp-content\/uploads\/2025\/03\/25MY-Forester-Image-206-1024x683.jpg\" alt=\"\" class=\"wp-image-98111\" srcset=\"https:\/\/www.eslebedasauto.at\/wp-content\/uploads\/2025\/03\/25MY-Forester-Image-206-1024x683.jpg 1024w, https:\/\/www.eslebedasauto.at\/wp-content\/uploads\/2025\/03\/25MY-Forester-Image-206-300x200.jpg 300w, https:\/\/www.eslebedasauto.at\/wp-content\/uploads\/2025\/03\/25MY-Forester-Image-206-768x512.jpg 768w, https:\/\/www.eslebedasauto.at\/wp-content\/uploads\/2025\/03\/25MY-Forester-Image-206-1536x1024.jpg 1536w, https:\/\/www.eslebedasauto.at\/wp-content\/uploads\/2025\/03\/25MY-Forester-Image-206-2048x1365.jpg 2048w, https:\/\/www.eslebedasauto.at\/wp-content\/uploads\/2025\/03\/25MY-Forester-Image-206-930x620.jpg 930w\" sizes=\"(max-width: 1024px) 100vw, 1024px\" \/><\/figure>\n\n\n\n<figure class=\"wp-block-image size-large\"><img decoding=\"async\" data-id=\"98112\" src=\"https:\/\/www.eslebedasauto.at\/wp-content\/uploads\/2025\/03\/25MY-Forester-Image-210.jpg\" alt=\"\" class=\"wp-image-98112\"\/><\/figure>\n<\/figure>\n\n\n\n<h3 id=\"umfassende-sicherheitsfeatures-mit-eyesight\" class=\"wp-block-heading\"><br>Umfassende Sicherheitsfeatures mit EyeSight<\/h3>\n\n\n\n<p>Eines der herausragenden Features des neuen Forester ist das&nbsp;<strong>EyeSight-Fahrassistenzsystem<\/strong>&nbsp;von Subaru. Dank der zwei Stereokameras an der Windschutzscheibe \u00fcberwacht das System permanent die Stra\u00dfe und erkennt Fahrzeuge, Fu\u00dfg\u00e4nger und Fahrr\u00e4der. Es umfasst unter anderem:<\/p>\n\n\n\n<ul class=\"wp-block-list\">\n<li><strong>Adaptive Abstands- und Geschwindigkeitsregelung<\/strong><\/li>\n\n\n\n<li><strong>Notbremsassistent mit Kollisionsvermeidung<\/strong><\/li>\n\n\n\n<li><strong>Spurhalte- und Spurleitassistent<\/strong><\/li>\n\n\n\n<li><strong>M\u00fcdigkeitswarner und Verkehrszeichenerkennung<\/strong><\/li>\n<\/ul>\n\n\n\n<p>Diese Technologie macht den Forester nicht nur sicherer, sondern unterst\u00fctzt auch das entspannte Fahren auf langen Strecken und bei herausfordernden Bedingungen.<br><br>Besonders zu erw\u00e4hnen ist die stehts perfekte Rundumsicht in diesem Fahrzeug. Hier gibt es klare Vorgaben und seit dem letzten Modellaunch d\u00fcrfen gewisse Teile wie etwa das hintere seitliche Fenster vom Format her nicht ver\u00e4ndert werden. Toter Winkel war gestern!<\/p>\n\n\n\n<h3 id=\"outdoor-taugliches-equipment\" class=\"wp-block-heading\">Outdoor-taugliches Equipment<\/h3>\n\n\n\n<p>Subaru bietet f\u00fcr den Forester eine Vielzahl von Zubeh\u00f6r an, das speziell auf die Bed\u00fcrfnisse von Outdoor-Fans zugeschnitten ist, Gemeinsam mit Thule bilden Sie die Speerspitze wenn es um Minicampertum und Outdoorvergn\u00fcgen geht.<\/p>\n\n\n\n<ul class=\"wp-block-list\">\n<li><strong>Dachzelte<\/strong>: Ideal f\u00fcr Camping-Enthusiasten, die flexibel und unabh\u00e4ngig reisen m\u00f6chten.<\/li>\n\n\n\n<li><strong>Schuhstausysteme<\/strong>: Praktische L\u00f6sungen zur sauberen und ordentlichen Aufbewahrung von Schuhen im Fahrzeug.<\/li>\n\n\n\n<li><strong>Variable Stangen im Bereich der Hutablage<\/strong>: Erm\u00f6glichen eine flexible Organisation des Gep\u00e4ckraums und sichern die Ladung effektiv.<\/li>\n<\/ul>\n\n\n\n<h3 id=\"robuste-details-fur-den-alltag\" class=\"wp-block-heading\">Robuste Details f\u00fcr den Alltag<\/h3>\n\n\n\n<p>Der Forester ist mit strapazierf\u00e4higen Kunststoffelementen an den Ein- und Ausladebereichen ausgestattet, die vor Abnutzung sch\u00fctzen und die Langlebigkeit des Fahrzeugs erh\u00f6hen.<\/p>\n\n\n\n<h3 id=\"fahrassistenzsysteme-fur-sicheres-offroad-erlebnis\" class=\"wp-block-heading\">Fahrassistenzsysteme f\u00fcr sicheres Offroad-Erlebnis<\/h3>\n\n\n\n<p>F\u00fcr Fahrer, die neues Terrain erkunden m\u00f6chten, bietet der Forester hilfreiche Assistenzsysteme und diverse X Fahrmodi:<\/p>\n\n\n\n<ul class=\"wp-block-list\">\n<li><strong>Berganfahrassistent<\/strong>: Verhindert ein Zur\u00fcckrollen des Fahrzeugs beim Anfahren an Steigungen.<\/li>\n\n\n\n<li><strong>Bergabfahrassistent<\/strong>: Reguliert die Geschwindigkeit bei steilen Abfahrten und sorgt f\u00fcr kontrolliertes und sicheres Fahren im Gel\u00e4nde.<\/li>\n<\/ul>\n\n\n\n<p>Diese Funktionen machen den Forester besonders attraktiv f\u00fcr Offroad-Neulinge, die sicher und komfortabel unbekanntes Gel\u00e4nde erkunden m\u00f6chten.<br><br><strong>Die Testausfahrt \u2013 Natur, Fahrspa\u00df und Technik<\/strong><\/p>\n\n\n\n<p>Unsere Ausfahrt startete am Haunsberg und f\u00fchrte uns \u00fcber Obertrum bis nach Mattsee. Der erste Streckenabschnitt f\u00fchrte uns \u00fcber idyllische Wald- und Forstwege mit einigen steilen Passagen. Hier zeigte der Forester seine Offroad-Qualit\u00e4ten, auch wenn wir ihn keineswegs an seine Grenzen brachten \u2013 das wahre Potenzial dieser Fahrzeuge kommt erst in einem Offroadpark wie in Saalfelden am Steinernen Meer zur Geltung oder eben auf Almwegen, steilen Forststra\u00dfen und wie wir empfunden haben, weg vom Weg \ud83d\ude09 <\/p>\n\n\n\n<p>Nach einer kleinen Pause im charmanten Schlosscaf\u00e9 in Mattsee setzten wir unsere Fahrt auf Landstra\u00dfen fort und erreichten das \u00dcbungsgel\u00e4nde des ARB\u00d6. Hier konnten wir den Forester auf R\u00fcttelplatten, Wasserfont\u00e4nen und mit verschiedenen Drift- sowie Ausweichman\u00f6vern auf Herz und Nieren testen. Besonders beeindruckend war der EyeSight-Test, der einmal mehr bewies, wie vorausschauend dieses System arbeitet.<\/p>\n\n\n\n<div class=\"wp-block-columns is-layout-flex wp-container-core-columns-is-layout-2 wp-block-columns-is-layout-flex\">\n<div class=\"wp-block-column is-layout-flow wp-block-column-is-layout-flow\" style=\"flex-basis:50%\">\n<figure class=\"wp-block-video\"><video controls src=\"https:\/\/www.eslebedasauto.at\/wp-content\/uploads\/2025\/03\/Subaru_offroad.mp4\"><\/video><\/figure>\n<\/div>\n\n\n\n<div class=\"wp-block-column is-layout-flow wp-block-column-is-layout-flow\" style=\"flex-basis:50%\">\n<figure class=\"wp-block-image size-large\"><img loading=\"lazy\" decoding=\"async\" width=\"683\" height=\"1024\" src=\"https:\/\/www.eslebedasauto.at\/wp-content\/uploads\/2025\/03\/25MY-Forester-Image-106-683x1024.jpg\" alt=\"\" class=\"wp-image-98128\" srcset=\"https:\/\/www.eslebedasauto.at\/wp-content\/uploads\/2025\/03\/25MY-Forester-Image-106-683x1024.jpg 683w, https:\/\/www.eslebedasauto.at\/wp-content\/uploads\/2025\/03\/25MY-Forester-Image-106-200x300.jpg 200w, https:\/\/www.eslebedasauto.at\/wp-content\/uploads\/2025\/03\/25MY-Forester-Image-106-768x1152.jpg 768w, https:\/\/www.eslebedasauto.at\/wp-content\/uploads\/2025\/03\/25MY-Forester-Image-106-1024x1536.jpg 1024w, https:\/\/www.eslebedasauto.at\/wp-content\/uploads\/2025\/03\/25MY-Forester-Image-106-1365x2048.jpg 1365w, https:\/\/www.eslebedasauto.at\/wp-content\/uploads\/2025\/03\/25MY-Forester-Image-106-scaled.jpg 1707w\" sizes=\"(max-width: 683px) 100vw, 683px\" \/><\/figure>\n<\/div>\n<\/div>\n\n\n\n<p><strong>Der Blick zu den Sternen<\/strong><\/p>\n\n\n\n<p>Den kr\u00f6nenden Abschluss bildete das Abendprogramm auf der Sternwarte Vega. Nach einem galaktischen Sternemen\u00fc pr\u00e4sentierte uns der Leiter des Observatoriums faszinierende Einblicke in Zeitreisen und Entfernungen im Universum. Mit einem Blick durch Europas gr\u00f6\u00dftes Teleskop wurde dieser unvergessliche Tag perfekt abgerundet. Wie klein und unbedeutend man sich dabei vorkommt und trotzdem enorm welche M\u00f6glichkeiten und Entwicklungen die Menschheit schon erreicht hat.<br><br>Und wie immer am Ende unserer Berichte geht es um die Preise.<\/p>\n\n\n\n<figure class=\"wp-block-image size-large\"><img loading=\"lazy\" decoding=\"async\" width=\"768\" height=\"1024\" src=\"https:\/\/www.eslebedasauto.at\/wp-content\/uploads\/2025\/03\/IMG_0616-768x1024.jpg\" alt=\"\" class=\"wp-image-98117\" srcset=\"https:\/\/www.eslebedasauto.at\/wp-content\/uploads\/2025\/03\/IMG_0616-768x1024.jpg 768w, https:\/\/www.eslebedasauto.at\/wp-content\/uploads\/2025\/03\/IMG_0616-225x300.jpg 225w, https:\/\/www.eslebedasauto.at\/wp-content\/uploads\/2025\/03\/IMG_0616-1152x1536.jpg 1152w, https:\/\/www.eslebedasauto.at\/wp-content\/uploads\/2025\/03\/IMG_0616-1536x2048.jpg 1536w, https:\/\/www.eslebedasauto.at\/wp-content\/uploads\/2025\/03\/IMG_0616-scaled.jpg 1920w\" sizes=\"(max-width: 768px) 100vw, 768px\" \/><\/figure>\n\n\n\n<p><strong>Ausstattungslinien und Preise in \u00d6sterreich<\/strong><\/p>\n\n\n\n<p>In \u00d6sterreich ist der Forester in vier Ausstattungslinien erh\u00e4ltlich: Style, Style Xtra, Premium und Adventure. Die Preise beginnen bei 41.490 \u20ac f\u00fcr die Basisversion und reichen bis 47.490 \u20ac f\u00fcr die Top-Ausstattung Premium.<br><br>Ein herzliches Dankesch\u00f6n an Subaru f\u00fcr diese beeindruckende Vorf\u00fchrung \u2013 ein Tag, der in vielerlei Hinsicht \u201egrenzenlos\u201c war!<\/p>\n\n\n\n<p><br><\/p>\n\n\n\n<p><\/p>","protected":false},"excerpt":{"rendered":"<p>Wenn es um japanische Ingenieurskunst geht, dann wird schnell klar: Qualit\u00e4t ist dort nicht nur ein Versprechen, sondern eine Lebenseinstellung. <\/p>","protected":false},"author":1,"featured_media":98096,"comment_status":"open","ping_status":"open","sticky":false,"template":"","format":"standard","meta":{"neve_meta_sidebar":"","neve_meta_container":"","neve_meta_enable_content_width":"","neve_meta_content_width":0,"neve_meta_title_alignment":"","neve_meta_author_avatar":"","neve_post_elements_order":"","neve_meta_disable_header":"","neve_meta_disable_footer":"","neve_meta_disable_title":"","neve_meta_reading_time":"","footnotes":""},"categories":[1,335],"tags":[],"class_list":["post-98094","post","type-post","status-publish","format-standard","has-post-thumbnail","hentry","category-allgemein","category-fahrberichte"],"yoast_head":"<!-- This site is optimized with the Yoast SEO plugin v26.8 - https:\/\/yoast.com\/product\/yoast-seo-wordpress\/ -->\n<title>Unter Sternen und Allrad \u2013 Der neue Subaru Forester im Test - Es lebe das Auto<\/title>\n<meta name=\"description\" content=\"Wenn es um japanische Ingenieurskunst geht, dann wird schnell klar: Qualit\u00e4t ist dort nicht nur ein Versprechen, sondern eine Lebenseinstellung.\" \/>\n<meta name=\"robots\" content=\"index, follow, max-snippet:-1, max-image-preview:large, max-video-preview:-1\" \/>\n<link rel=\"canonical\" href=\"https:\/\/www.eslebedasauto.at\/it\/unter-sternen-und-allrad-der-neue-subaru-forester-im-test\/\" \/>\n<meta property=\"og:locale\" content=\"it_IT\" \/>\n<meta property=\"og:type\" content=\"article\" \/>\n<meta property=\"og:title\" content=\"Unter Sternen und Allrad \u2013 Der neue Subaru Forester im Test - Es lebe das Auto\" \/>\n<meta property=\"og:description\" content=\"Wenn es um japanische Ingenieurskunst geht, dann wird schnell klar: Qualit\u00e4t ist dort nicht nur ein Versprechen, sondern eine Lebenseinstellung.\" \/>\n<meta property=\"og:url\" content=\"https:\/\/www.eslebedasauto.at\/it\/unter-sternen-und-allrad-der-neue-subaru-forester-im-test\/\" \/>\n<meta property=\"og:site_name\" content=\"Es lebe das Auto\" \/>\n<meta property=\"article:publisher\" content=\"https:\/\/www.facebook.com\/eslebedasauto.at\" \/>\n<meta property=\"article:published_time\" content=\"2025-03-12T13:45:17+00:00\" \/>\n<meta property=\"article:modified_time\" content=\"2025-03-12T13:55:58+00:00\" \/>\n<meta property=\"og:image\" content=\"https:\/\/www.eslebedasauto.at\/wp-content\/uploads\/2025\/03\/IMG_0562-scaled.jpg\" \/>\n\t<meta property=\"og:image:width\" content=\"2560\" \/>\n\t<meta property=\"og:image:height\" content=\"1920\" \/>\n\t<meta property=\"og:image:type\" content=\"image\/jpeg\" \/>\n<meta name=\"author\" content=\"Juergen\" \/>\n<meta name=\"twitter:card\" content=\"summary_large_image\" \/>\n<meta name=\"twitter:label1\" content=\"Scritto da\" \/>\n\t<meta name=\"twitter:data1\" content=\"Juergen\" \/>\n\t<meta name=\"twitter:label2\" content=\"Tempo di lettura stimato\" \/>\n\t<meta name=\"twitter:data2\" content=\"9 minuti\" \/>\n<script type=\"application\/ld+json\" class=\"yoast-schema-graph\">{\"@context\":\"https:\/\/schema.org\",\"@graph\":[{\"@type\":\"Article\",\"@id\":\"https:\/\/www.eslebedasauto.at\/unter-sternen-und-allrad-der-neue-subaru-forester-im-test\/#article\",\"isPartOf\":{\"@id\":\"https:\/\/www.eslebedasauto.at\/unter-sternen-und-allrad-der-neue-subaru-forester-im-test\/\"},\"author\":{\"name\":\"Juergen\",\"@id\":\"https:\/\/www.eslebedasauto.at\/#\/schema\/person\/4ecfb7fe1eb40654e5370227118c3fc2\"},\"headline\":\"Unter Sternen und Allrad \u2013 Der neue Subaru Forester im Test\",\"datePublished\":\"2025-03-12T13:45:17+00:00\",\"dateModified\":\"2025-03-12T13:55:58+00:00\",\"mainEntityOfPage\":{\"@id\":\"https:\/\/www.eslebedasauto.at\/unter-sternen-und-allrad-der-neue-subaru-forester-im-test\/\"},\"wordCount\":1209,\"commentCount\":0,\"publisher\":{\"@id\":\"https:\/\/www.eslebedasauto.at\/#organization\"},\"image\":{\"@id\":\"https:\/\/www.eslebedasauto.at\/unter-sternen-und-allrad-der-neue-subaru-forester-im-test\/#primaryimage\"},\"thumbnailUrl\":\"https:\/\/www.eslebedasauto.at\/wp-content\/uploads\/2025\/03\/IMG_0562-scaled.jpg\",\"articleSection\":[\"Allgemein\",\"Fahrberichte\"],\"inLanguage\":\"it-IT\",\"potentialAction\":[{\"@type\":\"CommentAction\",\"name\":\"Comment\",\"target\":[\"https:\/\/www.eslebedasauto.at\/unter-sternen-und-allrad-der-neue-subaru-forester-im-test\/#respond\"]}]},{\"@type\":\"WebPage\",\"@id\":\"https:\/\/www.eslebedasauto.at\/unter-sternen-und-allrad-der-neue-subaru-forester-im-test\/\",\"url\":\"https:\/\/www.eslebedasauto.at\/unter-sternen-und-allrad-der-neue-subaru-forester-im-test\/\",\"name\":\"Unter Sternen und Allrad \u2013 Der neue Subaru Forester im Test - Es lebe das Auto\",\"isPartOf\":{\"@id\":\"https:\/\/www.eslebedasauto.at\/#website\"},\"primaryImageOfPage\":{\"@id\":\"https:\/\/www.eslebedasauto.at\/unter-sternen-und-allrad-der-neue-subaru-forester-im-test\/#primaryimage\"},\"image\":{\"@id\":\"https:\/\/www.eslebedasauto.at\/unter-sternen-und-allrad-der-neue-subaru-forester-im-test\/#primaryimage\"},\"thumbnailUrl\":\"https:\/\/www.eslebedasauto.at\/wp-content\/uploads\/2025\/03\/IMG_0562-scaled.jpg\",\"datePublished\":\"2025-03-12T13:45:17+00:00\",\"dateModified\":\"2025-03-12T13:55:58+00:00\",\"description\":\"Wenn es um japanische Ingenieurskunst geht, dann wird schnell klar: Qualit\u00e4t ist dort nicht nur ein Versprechen, sondern eine Lebenseinstellung.\",\"breadcrumb\":{\"@id\":\"https:\/\/www.eslebedasauto.at\/unter-sternen-und-allrad-der-neue-subaru-forester-im-test\/#breadcrumb\"},\"inLanguage\":\"it-IT\",\"potentialAction\":[{\"@type\":\"ReadAction\",\"target\":[\"https:\/\/www.eslebedasauto.at\/unter-sternen-und-allrad-der-neue-subaru-forester-im-test\/\"]}]},{\"@type\":\"ImageObject\",\"inLanguage\":\"it-IT\",\"@id\":\"https:\/\/www.eslebedasauto.at\/unter-sternen-und-allrad-der-neue-subaru-forester-im-test\/#primaryimage\",\"url\":\"https:\/\/www.eslebedasauto.at\/wp-content\/uploads\/2025\/03\/IMG_0562-scaled.jpg\",\"contentUrl\":\"https:\/\/www.eslebedasauto.at\/wp-content\/uploads\/2025\/03\/IMG_0562-scaled.jpg\",\"width\":2560,\"height\":1920},{\"@type\":\"BreadcrumbList\",\"@id\":\"https:\/\/www.eslebedasauto.at\/unter-sternen-und-allrad-der-neue-subaru-forester-im-test\/#breadcrumb\",\"itemListElement\":[{\"@type\":\"ListItem\",\"position\":1,\"name\":\"Startseite\",\"item\":\"https:\/\/www.eslebedasauto.at\/\"},{\"@type\":\"ListItem\",\"position\":2,\"name\":\"Unter Sternen und Allrad \u2013 Der neue Subaru Forester im Test\"}]},{\"@type\":\"WebSite\",\"@id\":\"https:\/\/www.eslebedasauto.at\/#website\",\"url\":\"https:\/\/www.eslebedasauto.at\/\",\"name\":\"Es lebe das Auto\",\"description\":\"ein Hoch auf den Individualverkehr\",\"publisher\":{\"@id\":\"https:\/\/www.eslebedasauto.at\/#organization\"},\"potentialAction\":[{\"@type\":\"SearchAction\",\"target\":{\"@type\":\"EntryPoint\",\"urlTemplate\":\"https:\/\/www.eslebedasauto.at\/?s={search_term_string}\"},\"query-input\":{\"@type\":\"PropertyValueSpecification\",\"valueRequired\":true,\"valueName\":\"search_term_string\"}}],\"inLanguage\":\"it-IT\"},{\"@type\":\"Organization\",\"@id\":\"https:\/\/www.eslebedasauto.at\/#organization\",\"name\":\"eslebedasauto\",\"url\":\"https:\/\/www.eslebedasauto.at\/\",\"logo\":{\"@type\":\"ImageObject\",\"inLanguage\":\"it-IT\",\"@id\":\"https:\/\/www.eslebedasauto.at\/#\/schema\/logo\/image\/\",\"url\":\"https:\/\/www.eslebedasauto.at\/wp-content\/uploads\/2025\/10\/eldarund.png\",\"contentUrl\":\"https:\/\/www.eslebedasauto.at\/wp-content\/uploads\/2025\/10\/eldarund.png\",\"width\":1024,\"height\":1024,\"caption\":\"eslebedasauto\"},\"image\":{\"@id\":\"https:\/\/www.eslebedasauto.at\/#\/schema\/logo\/image\/\"},\"sameAs\":[\"https:\/\/www.facebook.com\/eslebedasauto.at\",\"https:\/\/www.instagram.com\/es_lebe_das_auto\/\"]},{\"@type\":\"Person\",\"@id\":\"https:\/\/www.eslebedasauto.at\/#\/schema\/person\/4ecfb7fe1eb40654e5370227118c3fc2\",\"name\":\"Juergen\",\"url\":\"https:\/\/www.eslebedasauto.at\/it\/author\/netzwerkkapitaene-og\/\"}]}<\/script>\n<!-- \/ Yoast SEO plugin. -->","yoast_head_json":{"title":"Unter Sternen und Allrad \u2013 Der neue Subaru Forester im Test - Es lebe das Auto","description":"Wenn es um japanische Ingenieurskunst geht, dann wird schnell klar: Qualit\u00e4t ist dort nicht nur ein Versprechen, sondern eine Lebenseinstellung.","robots":{"index":"index","follow":"follow","max-snippet":"max-snippet:-1","max-image-preview":"max-image-preview:large","max-video-preview":"max-video-preview:-1"},"canonical":"https:\/\/www.eslebedasauto.at\/it\/unter-sternen-und-allrad-der-neue-subaru-forester-im-test\/","og_locale":"it_IT","og_type":"article","og_title":"Unter Sternen und Allrad \u2013 Der neue Subaru Forester im Test - Es lebe das Auto","og_description":"Wenn es um japanische Ingenieurskunst geht, dann wird schnell klar: Qualit\u00e4t ist dort nicht nur ein Versprechen, sondern eine Lebenseinstellung.","og_url":"https:\/\/www.eslebedasauto.at\/it\/unter-sternen-und-allrad-der-neue-subaru-forester-im-test\/","og_site_name":"Es lebe das Auto","article_publisher":"https:\/\/www.facebook.com\/eslebedasauto.at","article_published_time":"2025-03-12T13:45:17+00:00","article_modified_time":"2025-03-12T13:55:58+00:00","og_image":[{"width":2560,"height":1920,"url":"https:\/\/www.eslebedasauto.at\/wp-content\/uploads\/2025\/03\/IMG_0562-scaled.jpg","type":"image\/jpeg"}],"author":"Juergen","twitter_card":"summary_large_image","twitter_misc":{"Scritto da":"Juergen","Tempo di lettura stimato":"9 minuti"},"schema":{"@context":"https:\/\/schema.org","@graph":[{"@type":"Article","@id":"https:\/\/www.eslebedasauto.at\/unter-sternen-und-allrad-der-neue-subaru-forester-im-test\/#article","isPartOf":{"@id":"https:\/\/www.eslebedasauto.at\/unter-sternen-und-allrad-der-neue-subaru-forester-im-test\/"},"author":{"name":"Juergen","@id":"https:\/\/www.eslebedasauto.at\/#\/schema\/person\/4ecfb7fe1eb40654e5370227118c3fc2"},"headline":"Unter Sternen und Allrad \u2013 Der neue Subaru Forester im Test","datePublished":"2025-03-12T13:45:17+00:00","dateModified":"2025-03-12T13:55:58+00:00","mainEntityOfPage":{"@id":"https:\/\/www.eslebedasauto.at\/unter-sternen-und-allrad-der-neue-subaru-forester-im-test\/"},"wordCount":1209,"commentCount":0,"publisher":{"@id":"https:\/\/www.eslebedasauto.at\/#organization"},"image":{"@id":"https:\/\/www.eslebedasauto.at\/unter-sternen-und-allrad-der-neue-subaru-forester-im-test\/#primaryimage"},"thumbnailUrl":"https:\/\/www.eslebedasauto.at\/wp-content\/uploads\/2025\/03\/IMG_0562-scaled.jpg","articleSection":["Allgemein","Fahrberichte"],"inLanguage":"it-IT","potentialAction":[{"@type":"CommentAction","name":"Comment","target":["https:\/\/www.eslebedasauto.at\/unter-sternen-und-allrad-der-neue-subaru-forester-im-test\/#respond"]}]},{"@type":"WebPage","@id":"https:\/\/www.eslebedasauto.at\/unter-sternen-und-allrad-der-neue-subaru-forester-im-test\/","url":"https:\/\/www.eslebedasauto.at\/unter-sternen-und-allrad-der-neue-subaru-forester-im-test\/","name":"Unter Sternen und Allrad \u2013 Der neue Subaru Forester im Test - Es lebe das Auto","isPartOf":{"@id":"https:\/\/www.eslebedasauto.at\/#website"},"primaryImageOfPage":{"@id":"https:\/\/www.eslebedasauto.at\/unter-sternen-und-allrad-der-neue-subaru-forester-im-test\/#primaryimage"},"image":{"@id":"https:\/\/www.eslebedasauto.at\/unter-sternen-und-allrad-der-neue-subaru-forester-im-test\/#primaryimage"},"thumbnailUrl":"https:\/\/www.eslebedasauto.at\/wp-content\/uploads\/2025\/03\/IMG_0562-scaled.jpg","datePublished":"2025-03-12T13:45:17+00:00","dateModified":"2025-03-12T13:55:58+00:00","description":"Wenn es um japanische Ingenieurskunst geht, dann wird schnell klar: Qualit\u00e4t ist dort nicht nur ein Versprechen, sondern eine Lebenseinstellung.","breadcrumb":{"@id":"https:\/\/www.eslebedasauto.at\/unter-sternen-und-allrad-der-neue-subaru-forester-im-test\/#breadcrumb"},"inLanguage":"it-IT","potentialAction":[{"@type":"ReadAction","target":["https:\/\/www.eslebedasauto.at\/unter-sternen-und-allrad-der-neue-subaru-forester-im-test\/"]}]},{"@type":"ImageObject","inLanguage":"it-IT","@id":"https:\/\/www.eslebedasauto.at\/unter-sternen-und-allrad-der-neue-subaru-forester-im-test\/#primaryimage","url":"https:\/\/www.eslebedasauto.at\/wp-content\/uploads\/2025\/03\/IMG_0562-scaled.jpg","contentUrl":"https:\/\/www.eslebedasauto.at\/wp-content\/uploads\/2025\/03\/IMG_0562-scaled.jpg","width":2560,"height":1920},{"@type":"BreadcrumbList","@id":"https:\/\/www.eslebedasauto.at\/unter-sternen-und-allrad-der-neue-subaru-forester-im-test\/#breadcrumb","itemListElement":[{"@type":"ListItem","position":1,"name":"Startseite","item":"https:\/\/www.eslebedasauto.at\/"},{"@type":"ListItem","position":2,"name":"Unter Sternen und Allrad \u2013 Der neue Subaru Forester im Test"}]},{"@type":"WebSite","@id":"https:\/\/www.eslebedasauto.at\/#website","url":"https:\/\/www.eslebedasauto.at\/","name":"Es lebe das Auto","description":"ein Hoch auf den Individualverkehr","publisher":{"@id":"https:\/\/www.eslebedasauto.at\/#organization"},"potentialAction":[{"@type":"SearchAction","target":{"@type":"EntryPoint","urlTemplate":"https:\/\/www.eslebedasauto.at\/?s={search_term_string}"},"query-input":{"@type":"PropertyValueSpecification","valueRequired":true,"valueName":"search_term_string"}}],"inLanguage":"it-IT"},{"@type":"Organization","@id":"https:\/\/www.eslebedasauto.at\/#organization","name":"eslebedasauto","url":"https:\/\/www.eslebedasauto.at\/","logo":{"@type":"ImageObject","inLanguage":"it-IT","@id":"https:\/\/www.eslebedasauto.at\/#\/schema\/logo\/image\/","url":"https:\/\/www.eslebedasauto.at\/wp-content\/uploads\/2025\/10\/eldarund.png","contentUrl":"https:\/\/www.eslebedasauto.at\/wp-content\/uploads\/2025\/10\/eldarund.png","width":1024,"height":1024,"caption":"eslebedasauto"},"image":{"@id":"https:\/\/www.eslebedasauto.at\/#\/schema\/logo\/image\/"},"sameAs":["https:\/\/www.facebook.com\/eslebedasauto.at","https:\/\/www.instagram.com\/es_lebe_das_auto\/"]},{"@type":"Person","@id":"https:\/\/www.eslebedasauto.at\/#\/schema\/person\/4ecfb7fe1eb40654e5370227118c3fc2","name":"Juergen","url":"https:\/\/www.eslebedasauto.at\/it\/author\/netzwerkkapitaene-og\/"}]}},"_links":{"self":[{"href":"https:\/\/www.eslebedasauto.at\/it\/wp-json\/wp\/v2\/posts\/98094","targetHints":{"allow":["GET"]}}],"collection":[{"href":"https:\/\/www.eslebedasauto.at\/it\/wp-json\/wp\/v2\/posts"}],"about":[{"href":"https:\/\/www.eslebedasauto.at\/it\/wp-json\/wp\/v2\/types\/post"}],"author":[{"embeddable":true,"href":"https:\/\/www.eslebedasauto.at\/it\/wp-json\/wp\/v2\/users\/1"}],"replies":[{"embeddable":true,"href":"https:\/\/www.eslebedasauto.at\/it\/wp-json\/wp\/v2\/comments?post=98094"}],"version-history":[{"count":13,"href":"https:\/\/www.eslebedasauto.at\/it\/wp-json\/wp\/v2\/posts\/98094\/revisions"}],"predecessor-version":[{"id":98130,"href":"https:\/\/www.eslebedasauto.at\/it\/wp-json\/wp\/v2\/posts\/98094\/revisions\/98130"}],"wp:featuredmedia":[{"embeddable":true,"href":"https:\/\/www.eslebedasauto.at\/it\/wp-json\/wp\/v2\/media\/98096"}],"wp:attachment":[{"href":"https:\/\/www.eslebedasauto.at\/it\/wp-json\/wp\/v2\/media?parent=98094"}],"wp:term":[{"taxonomy":"category","embeddable":true,"href":"https:\/\/www.eslebedasauto.at\/it\/wp-json\/wp\/v2\/categories?post=98094"},{"taxonomy":"post_tag","embeddable":true,"href":"https:\/\/www.eslebedasauto.at\/it\/wp-json\/wp\/v2\/tags?post=98094"}],"curies":[{"name":"wp","href":"https:\/\/api.w.org\/{rel}","templated":true}]}}