{"id":97982,"date":"2025-03-01T09:27:17","date_gmt":"2025-03-01T08:27:17","guid":{"rendered":"https:\/\/www.eslebedasauto.at\/?p=97982"},"modified":"2025-03-01T09:28:25","modified_gmt":"2025-03-01T08:28:25","slug":"toyota-yaris-cross-unterwegs-am-see","status":"publish","type":"post","link":"https:\/\/www.eslebedasauto.at\/it\/toyota-yaris-cross-unterwegs-am-see\/","title":{"rendered":"Toyota Yaris Cross &#8211; Unterwegs am See"},"content":{"rendered":"<p>Mit dem Yaris Cross hat Toyota 2021 einen kompakten SUV auf Basis des Yaris vorgestellt. Nun wurde das Modell dezent \u00fcberarbeitet und bringt einige spannende Neuerungen mit. Wir haben das Allradmodell mit Hybridantrieb in der Active Drive-Ausstattung getestet und zeigen, was der kleine SUV kann.<\/p>\n\n\n\n<h3 id=\"bewahrtes-design-modernisierte-technik\" class=\"wp-block-heading\"><strong>Bew\u00e4hrtes Design, modernisierte Technik<\/strong><\/h3>\n\n\n\n<figure class=\"wp-block-gallery has-nested-images columns-default is-cropped wp-block-gallery-1 is-layout-flex wp-block-gallery-is-layout-flex\">\n<figure class=\"wp-block-image size-large\"><img fetchpriority=\"high\" decoding=\"async\" width=\"1024\" height=\"768\" data-id=\"97969\" src=\"https:\/\/www.eslebedasauto.at\/wp-content\/uploads\/2025\/03\/IMG_0292-1024x768.jpg\" alt=\"\" class=\"wp-image-97969\" srcset=\"https:\/\/www.eslebedasauto.at\/wp-content\/uploads\/2025\/03\/IMG_0292-1024x768.jpg 1024w, https:\/\/www.eslebedasauto.at\/wp-content\/uploads\/2025\/03\/IMG_0292-300x225.jpg 300w, https:\/\/www.eslebedasauto.at\/wp-content\/uploads\/2025\/03\/IMG_0292-768x576.jpg 768w, https:\/\/www.eslebedasauto.at\/wp-content\/uploads\/2025\/03\/IMG_0292-1536x1152.jpg 1536w, https:\/\/www.eslebedasauto.at\/wp-content\/uploads\/2025\/03\/IMG_0292-2048x1536.jpg 2048w\" sizes=\"(max-width: 1024px) 100vw, 1024px\" \/><\/figure>\n\n\n\n<figure class=\"wp-block-image size-large\"><img decoding=\"async\" width=\"768\" height=\"1024\" data-id=\"97968\" src=\"https:\/\/www.eslebedasauto.at\/wp-content\/uploads\/2025\/03\/IMG_0291-768x1024.jpg\" alt=\"\" class=\"wp-image-97968\" srcset=\"https:\/\/www.eslebedasauto.at\/wp-content\/uploads\/2025\/03\/IMG_0291-768x1024.jpg 768w, https:\/\/www.eslebedasauto.at\/wp-content\/uploads\/2025\/03\/IMG_0291-225x300.jpg 225w, https:\/\/www.eslebedasauto.at\/wp-content\/uploads\/2025\/03\/IMG_0291-1152x1536.jpg 1152w, https:\/\/www.eslebedasauto.at\/wp-content\/uploads\/2025\/03\/IMG_0291-1536x2048.jpg 1536w, https:\/\/www.eslebedasauto.at\/wp-content\/uploads\/2025\/03\/IMG_0291-scaled.jpg 1920w\" sizes=\"(max-width: 768px) 100vw, 768px\" \/><\/figure>\n\n\n\n<figure class=\"wp-block-image size-large\"><img decoding=\"async\" width=\"768\" height=\"1024\" data-id=\"97967\" src=\"https:\/\/www.eslebedasauto.at\/wp-content\/uploads\/2025\/03\/IMG_0290-768x1024.jpg\" alt=\"\" class=\"wp-image-97967\" srcset=\"https:\/\/www.eslebedasauto.at\/wp-content\/uploads\/2025\/03\/IMG_0290-768x1024.jpg 768w, https:\/\/www.eslebedasauto.at\/wp-content\/uploads\/2025\/03\/IMG_0290-225x300.jpg 225w, https:\/\/www.eslebedasauto.at\/wp-content\/uploads\/2025\/03\/IMG_0290-1152x1536.jpg 1152w, https:\/\/www.eslebedasauto.at\/wp-content\/uploads\/2025\/03\/IMG_0290-1536x2048.jpg 1536w, https:\/\/www.eslebedasauto.at\/wp-content\/uploads\/2025\/03\/IMG_0290-scaled.jpg 1920w\" sizes=\"(max-width: 768px) 100vw, 768px\" \/><\/figure>\n\n\n\n<figure class=\"wp-block-image size-large\"><img loading=\"lazy\" decoding=\"async\" width=\"768\" height=\"1024\" data-id=\"97966\" src=\"https:\/\/www.eslebedasauto.at\/wp-content\/uploads\/2025\/03\/IMG_0289-768x1024.jpg\" alt=\"\" class=\"wp-image-97966\" srcset=\"https:\/\/www.eslebedasauto.at\/wp-content\/uploads\/2025\/03\/IMG_0289-768x1024.jpg 768w, https:\/\/www.eslebedasauto.at\/wp-content\/uploads\/2025\/03\/IMG_0289-225x300.jpg 225w, https:\/\/www.eslebedasauto.at\/wp-content\/uploads\/2025\/03\/IMG_0289-1152x1536.jpg 1152w, https:\/\/www.eslebedasauto.at\/wp-content\/uploads\/2025\/03\/IMG_0289-1536x2048.jpg 1536w, https:\/\/www.eslebedasauto.at\/wp-content\/uploads\/2025\/03\/IMG_0289-scaled.jpg 1920w\" sizes=\"(max-width: 768px) 100vw, 768px\" \/><\/figure>\n\n\n\n<figure class=\"wp-block-image size-large\"><img loading=\"lazy\" decoding=\"async\" width=\"1024\" height=\"768\" data-id=\"97962\" src=\"https:\/\/www.eslebedasauto.at\/wp-content\/uploads\/2025\/03\/IMG_0285-1024x768.jpg\" alt=\"\" class=\"wp-image-97962\" srcset=\"https:\/\/www.eslebedasauto.at\/wp-content\/uploads\/2025\/03\/IMG_0285-1024x768.jpg 1024w, https:\/\/www.eslebedasauto.at\/wp-content\/uploads\/2025\/03\/IMG_0285-300x225.jpg 300w, https:\/\/www.eslebedasauto.at\/wp-content\/uploads\/2025\/03\/IMG_0285-768x576.jpg 768w, https:\/\/www.eslebedasauto.at\/wp-content\/uploads\/2025\/03\/IMG_0285-1536x1152.jpg 1536w, https:\/\/www.eslebedasauto.at\/wp-content\/uploads\/2025\/03\/IMG_0285-2048x1536.jpg 2048w\" sizes=\"(max-width: 1024px) 100vw, 1024px\" \/><\/figure>\n\n\n\n<figure class=\"wp-block-image size-large\"><img loading=\"lazy\" decoding=\"async\" width=\"1024\" height=\"768\" data-id=\"97958\" src=\"https:\/\/www.eslebedasauto.at\/wp-content\/uploads\/2025\/03\/IMG_0281-1024x768.jpg\" alt=\"\" class=\"wp-image-97958\" srcset=\"https:\/\/www.eslebedasauto.at\/wp-content\/uploads\/2025\/03\/IMG_0281-1024x768.jpg 1024w, https:\/\/www.eslebedasauto.at\/wp-content\/uploads\/2025\/03\/IMG_0281-300x225.jpg 300w, https:\/\/www.eslebedasauto.at\/wp-content\/uploads\/2025\/03\/IMG_0281-768x576.jpg 768w, https:\/\/www.eslebedasauto.at\/wp-content\/uploads\/2025\/03\/IMG_0281-1536x1152.jpg 1536w, https:\/\/www.eslebedasauto.at\/wp-content\/uploads\/2025\/03\/IMG_0281-2048x1536.jpg 2048w\" sizes=\"(max-width: 1024px) 100vw, 1024px\" \/><\/figure>\n<\/figure>\n\n\n\n<p>Optisch bleibt der Yaris Cross unver\u00e4ndert, da er sich nach wie vor frisch und modern pr\u00e4sentiert. Statt \u00e4u\u00dferer Anpassungen hat Toyota den Fokus auf die Technik gelegt. Besonders erfreulich: Der Yaris Cross bleibt einer der wenigen Allrad-Hybrid-SUVs in seiner Klasse \u2013 ein echtes Alleinstellungsmerkmal.<\/p>\n\n\n\n<p>Im Innenraum zeigt sich das neue Modelljahr mit einem digitalen Cockpit und einem verbesserten Multimediasystem. Der 10,5-Zoll-Touchscreen bietet eine modernere Benutzeroberfl\u00e4che und ist nun wieder mit einem praktischen Drehregler f\u00fcr die Lautst\u00e4rke ausgestattet. Auch Schnellwahl-Buttons erleichtern die Bedienung w\u00e4hrend der Fahrt.<\/p>\n\n\n\n<h3 id=\"ausstattung-alles-wichtige-serienmasig-dabei\" class=\"wp-block-heading\"><strong>Ausstattung: Alles Wichtige serienm\u00e4\u00dfig dabei<\/strong><\/h3>\n\n\n\n<p>Unser Testfahrzeug in der Ausstattungslinie &#8222;Active Drive&#8220; kostet 35.690 Euro und bringt bereits eine Menge Komfortfeatures mit:<\/p>\n\n\n\n<ul class=\"wp-block-list\">\n<li>Keyless-System<\/li>\n\n\n\n<li>17\u201c-Alufelgen<\/li>\n\n\n\n<li>Automatische Klimaanlage<\/li>\n\n\n\n<li>LED-Scheinwerfer und -R\u00fcckleuchten<\/li>\n\n\n\n<li>Toyota Smart Connect mit 10,5\u201c-Touchscreen<\/li>\n\n\n\n<li>R\u00fcckfahrkamera<\/li>\n\n\n\n<li>Induktive Ladestation<\/li>\n\n\n\n<li>Sitzheizung vorne &amp; Lenkradheizung<\/li>\n\n\n\n<li>Toyota Safety Sense 3.0-Assistenzsysteme<\/li>\n<\/ul>\n\n\n\n<p>Zus\u00e4tzlich hatten wir die Premiumlackierung und das Safety-Paket an Bord, wodurch der Endpreis auf 37.520 Euro stieg.<\/p>\n\n\n\n<h3 id=\"hybridantrieb-mit-mehr-leistung\" class=\"wp-block-heading\"><strong>Hybridantrieb mit mehr Leistung<\/strong><\/h3>\n\n\n\n<p>Toyota gilt als Pionier im Bereich Hybridtechnik und beweist das auch mit dem neuen Yaris Cross. Der 1,5-Liter-Dreizylinder leistet nun 130 PS (96 kW) \u2013 eine deutliche Steigerung gegen\u00fcber den vorherigen 116 PS. Dank des verbesserten E-Motors mit 185 Nm Drehmoment bietet der SUV nun noch mehr Durchzugskraft, vor allem beim Anfahren.<\/p>\n\n\n\n<p>Das CVT-Getriebe wurde ebenfalls optimiert und sorgt f\u00fcr eine harmonischere Zusammenarbeit mit dem Hybridantrieb. Das typische Aufheulen des Motors bei starker Beschleunigung wurde reduziert, was den Fahrkomfort deutlich verbessert.<\/p>\n\n\n\n<h3 id=\"fahrverhalten-und-verbrauch\" class=\"wp-block-heading\"><strong>Fahrverhalten und Verbrauch<\/strong><\/h3>\n\n\n\n<p>Trotz seiner kompakten Ma\u00dfe f\u00fchlt sich der Yaris Cross sehr souver\u00e4n an. Der Allradantrieb sorgt f\u00fcr optimale Traktion auf nassen oder rutschigen Stra\u00dfen, w\u00e4hrend verschiedene Fahrmodi (Trail, Snow, Normal) je nach Untergrund angepasst werden k\u00f6nnen.<\/p>\n\n\n\n<p>Besonders beeindruckend ist der Verbrauch: Toyota gibt ihn mit 4,8 bis 5,2 Litern pro 100 Kilometer an. In unserem Test erreichten wir sogar sensationelle 4,1 Liter \u2013 ein Spitzenwert f\u00fcr ein SUV mit Allradantrieb.<\/p>\n\n\n\n<h3 id=\"platzangebot-und-alltagstauglichkeit\" class=\"wp-block-heading\"><strong>Platzangebot und Alltagstauglichkeit<\/strong><\/h3>\n\n\n\n<p>Vorne bietet der Yaris Cross gro\u00dfz\u00fcgige Platzverh\u00e4ltnisse, w\u00e4hrend es im Fond klassen\u00fcblich etwas enger zugeht. Der Kofferraum \u00fcberzeugt mit 397 bis 1.097 Litern Volumen und ist damit \u00fcberdurchschnittlich gro\u00df f\u00fcr dieses Segment.<\/p>\n\n\n\n<figure class=\"wp-block-gallery has-nested-images columns-default is-cropped wp-block-gallery-2 is-layout-flex wp-block-gallery-is-layout-flex\">\n<figure class=\"wp-block-image size-large\"><img loading=\"lazy\" decoding=\"async\" width=\"768\" height=\"1024\" data-id=\"97972\" src=\"https:\/\/www.eslebedasauto.at\/wp-content\/uploads\/2025\/03\/IMG_0295-768x1024.jpg\" alt=\"\" class=\"wp-image-97972\" srcset=\"https:\/\/www.eslebedasauto.at\/wp-content\/uploads\/2025\/03\/IMG_0295-768x1024.jpg 768w, https:\/\/www.eslebedasauto.at\/wp-content\/uploads\/2025\/03\/IMG_0295-225x300.jpg 225w, https:\/\/www.eslebedasauto.at\/wp-content\/uploads\/2025\/03\/IMG_0295-1152x1536.jpg 1152w, https:\/\/www.eslebedasauto.at\/wp-content\/uploads\/2025\/03\/IMG_0295-1536x2048.jpg 1536w, https:\/\/www.eslebedasauto.at\/wp-content\/uploads\/2025\/03\/IMG_0295-scaled.jpg 1920w\" sizes=\"(max-width: 768px) 100vw, 768px\" \/><\/figure>\n\n\n\n<figure class=\"wp-block-image size-large\"><img loading=\"lazy\" decoding=\"async\" width=\"1024\" height=\"768\" data-id=\"97973\" src=\"https:\/\/www.eslebedasauto.at\/wp-content\/uploads\/2025\/03\/IMG_0296-1024x768.jpg\" alt=\"\" class=\"wp-image-97973\" srcset=\"https:\/\/www.eslebedasauto.at\/wp-content\/uploads\/2025\/03\/IMG_0296-1024x768.jpg 1024w, https:\/\/www.eslebedasauto.at\/wp-content\/uploads\/2025\/03\/IMG_0296-300x225.jpg 300w, https:\/\/www.eslebedasauto.at\/wp-content\/uploads\/2025\/03\/IMG_0296-768x576.jpg 768w, https:\/\/www.eslebedasauto.at\/wp-content\/uploads\/2025\/03\/IMG_0296-1536x1152.jpg 1536w, https:\/\/www.eslebedasauto.at\/wp-content\/uploads\/2025\/03\/IMG_0296-2048x1536.jpg 2048w\" sizes=\"(max-width: 1024px) 100vw, 1024px\" \/><\/figure>\n\n\n\n<figure class=\"wp-block-image size-large\"><img loading=\"lazy\" decoding=\"async\" width=\"768\" height=\"1024\" data-id=\"97974\" src=\"https:\/\/www.eslebedasauto.at\/wp-content\/uploads\/2025\/03\/IMG_0297-768x1024.jpg\" alt=\"\" class=\"wp-image-97974\" srcset=\"https:\/\/www.eslebedasauto.at\/wp-content\/uploads\/2025\/03\/IMG_0297-768x1024.jpg 768w, https:\/\/www.eslebedasauto.at\/wp-content\/uploads\/2025\/03\/IMG_0297-225x300.jpg 225w, https:\/\/www.eslebedasauto.at\/wp-content\/uploads\/2025\/03\/IMG_0297-1152x1536.jpg 1152w, https:\/\/www.eslebedasauto.at\/wp-content\/uploads\/2025\/03\/IMG_0297-1536x2048.jpg 1536w, https:\/\/www.eslebedasauto.at\/wp-content\/uploads\/2025\/03\/IMG_0297-scaled.jpg 1920w\" sizes=\"(max-width: 768px) 100vw, 768px\" \/><\/figure>\n\n\n\n<figure class=\"wp-block-image size-large\"><img loading=\"lazy\" decoding=\"async\" width=\"1024\" height=\"768\" data-id=\"97975\" src=\"https:\/\/www.eslebedasauto.at\/wp-content\/uploads\/2025\/03\/IMG_0298-1024x768.jpg\" alt=\"\" class=\"wp-image-97975\" srcset=\"https:\/\/www.eslebedasauto.at\/wp-content\/uploads\/2025\/03\/IMG_0298-1024x768.jpg 1024w, https:\/\/www.eslebedasauto.at\/wp-content\/uploads\/2025\/03\/IMG_0298-300x225.jpg 300w, https:\/\/www.eslebedasauto.at\/wp-content\/uploads\/2025\/03\/IMG_0298-768x576.jpg 768w, https:\/\/www.eslebedasauto.at\/wp-content\/uploads\/2025\/03\/IMG_0298-1536x1152.jpg 1536w, https:\/\/www.eslebedasauto.at\/wp-content\/uploads\/2025\/03\/IMG_0298-2048x1536.jpg 2048w\" sizes=\"(max-width: 1024px) 100vw, 1024px\" \/><\/figure>\n\n\n\n<figure class=\"wp-block-image size-large\"><img loading=\"lazy\" decoding=\"async\" width=\"1024\" height=\"768\" data-id=\"97976\" src=\"https:\/\/www.eslebedasauto.at\/wp-content\/uploads\/2025\/03\/IMG_0300-1024x768.jpg\" alt=\"\" class=\"wp-image-97976\" srcset=\"https:\/\/www.eslebedasauto.at\/wp-content\/uploads\/2025\/03\/IMG_0300-1024x768.jpg 1024w, https:\/\/www.eslebedasauto.at\/wp-content\/uploads\/2025\/03\/IMG_0300-300x225.jpg 300w, https:\/\/www.eslebedasauto.at\/wp-content\/uploads\/2025\/03\/IMG_0300-768x576.jpg 768w, https:\/\/www.eslebedasauto.at\/wp-content\/uploads\/2025\/03\/IMG_0300-1536x1152.jpg 1536w, https:\/\/www.eslebedasauto.at\/wp-content\/uploads\/2025\/03\/IMG_0300-2048x1536.jpg 2048w\" sizes=\"(max-width: 1024px) 100vw, 1024px\" \/><\/figure>\n\n\n\n<figure class=\"wp-block-image size-large\"><img loading=\"lazy\" decoding=\"async\" width=\"768\" height=\"1024\" data-id=\"97977\" src=\"https:\/\/www.eslebedasauto.at\/wp-content\/uploads\/2025\/03\/IMG_0301-768x1024.jpg\" alt=\"\" class=\"wp-image-97977\" srcset=\"https:\/\/www.eslebedasauto.at\/wp-content\/uploads\/2025\/03\/IMG_0301-768x1024.jpg 768w, https:\/\/www.eslebedasauto.at\/wp-content\/uploads\/2025\/03\/IMG_0301-225x300.jpg 225w, https:\/\/www.eslebedasauto.at\/wp-content\/uploads\/2025\/03\/IMG_0301-1152x1536.jpg 1152w, https:\/\/www.eslebedasauto.at\/wp-content\/uploads\/2025\/03\/IMG_0301-1536x2048.jpg 1536w, https:\/\/www.eslebedasauto.at\/wp-content\/uploads\/2025\/03\/IMG_0301-scaled.jpg 1920w\" sizes=\"(max-width: 768px) 100vw, 768px\" \/><\/figure>\n\n\n\n<figure class=\"wp-block-image size-large\"><img loading=\"lazy\" decoding=\"async\" width=\"1024\" height=\"768\" data-id=\"97978\" src=\"https:\/\/www.eslebedasauto.at\/wp-content\/uploads\/2025\/03\/IMG_0302-1024x768.jpg\" alt=\"\" class=\"wp-image-97978\" srcset=\"https:\/\/www.eslebedasauto.at\/wp-content\/uploads\/2025\/03\/IMG_0302-1024x768.jpg 1024w, https:\/\/www.eslebedasauto.at\/wp-content\/uploads\/2025\/03\/IMG_0302-300x225.jpg 300w, https:\/\/www.eslebedasauto.at\/wp-content\/uploads\/2025\/03\/IMG_0302-768x576.jpg 768w, https:\/\/www.eslebedasauto.at\/wp-content\/uploads\/2025\/03\/IMG_0302-1536x1152.jpg 1536w, https:\/\/www.eslebedasauto.at\/wp-content\/uploads\/2025\/03\/IMG_0302-2048x1536.jpg 2048w\" sizes=\"(max-width: 1024px) 100vw, 1024px\" \/><\/figure>\n\n\n\n<figure class=\"wp-block-image size-large\"><img loading=\"lazy\" decoding=\"async\" width=\"1024\" height=\"768\" data-id=\"97979\" src=\"https:\/\/www.eslebedasauto.at\/wp-content\/uploads\/2025\/03\/IMG_0303-1024x768.jpg\" alt=\"\" class=\"wp-image-97979\" srcset=\"https:\/\/www.eslebedasauto.at\/wp-content\/uploads\/2025\/03\/IMG_0303-1024x768.jpg 1024w, https:\/\/www.eslebedasauto.at\/wp-content\/uploads\/2025\/03\/IMG_0303-300x225.jpg 300w, https:\/\/www.eslebedasauto.at\/wp-content\/uploads\/2025\/03\/IMG_0303-768x576.jpg 768w, https:\/\/www.eslebedasauto.at\/wp-content\/uploads\/2025\/03\/IMG_0303-1536x1152.jpg 1536w, https:\/\/www.eslebedasauto.at\/wp-content\/uploads\/2025\/03\/IMG_0303-2048x1536.jpg 2048w\" sizes=\"(max-width: 1024px) 100vw, 1024px\" \/><\/figure>\n\n\n\n<figure class=\"wp-block-image size-large\"><img loading=\"lazy\" decoding=\"async\" width=\"768\" height=\"1024\" data-id=\"97980\" src=\"https:\/\/www.eslebedasauto.at\/wp-content\/uploads\/2025\/03\/IMG_0304-768x1024.jpg\" alt=\"\" class=\"wp-image-97980\" srcset=\"https:\/\/www.eslebedasauto.at\/wp-content\/uploads\/2025\/03\/IMG_0304-768x1024.jpg 768w, https:\/\/www.eslebedasauto.at\/wp-content\/uploads\/2025\/03\/IMG_0304-225x300.jpg 225w, https:\/\/www.eslebedasauto.at\/wp-content\/uploads\/2025\/03\/IMG_0304-1152x1536.jpg 1152w, https:\/\/www.eslebedasauto.at\/wp-content\/uploads\/2025\/03\/IMG_0304-1536x2048.jpg 1536w, https:\/\/www.eslebedasauto.at\/wp-content\/uploads\/2025\/03\/IMG_0304-scaled.jpg 1920w\" sizes=\"(max-width: 768px) 100vw, 768px\" \/><\/figure>\n\n\n\n<figure class=\"wp-block-image size-large\"><img loading=\"lazy\" decoding=\"async\" width=\"768\" height=\"1024\" data-id=\"97981\" src=\"https:\/\/www.eslebedasauto.at\/wp-content\/uploads\/2025\/03\/IMG_0305-768x1024.jpg\" alt=\"\" class=\"wp-image-97981\" srcset=\"https:\/\/www.eslebedasauto.at\/wp-content\/uploads\/2025\/03\/IMG_0305-768x1024.jpg 768w, https:\/\/www.eslebedasauto.at\/wp-content\/uploads\/2025\/03\/IMG_0305-225x300.jpg 225w, https:\/\/www.eslebedasauto.at\/wp-content\/uploads\/2025\/03\/IMG_0305-1152x1536.jpg 1152w, https:\/\/www.eslebedasauto.at\/wp-content\/uploads\/2025\/03\/IMG_0305-1536x2048.jpg 1536w, https:\/\/www.eslebedasauto.at\/wp-content\/uploads\/2025\/03\/IMG_0305-scaled.jpg 1920w\" sizes=\"(max-width: 768px) 100vw, 768px\" \/><\/figure>\n\n\n\n<figure class=\"wp-block-image size-large\"><img loading=\"lazy\" decoding=\"async\" width=\"1024\" height=\"768\" data-id=\"97971\" src=\"https:\/\/www.eslebedasauto.at\/wp-content\/uploads\/2025\/03\/IMG_0294-1024x768.jpg\" alt=\"\" class=\"wp-image-97971\" srcset=\"https:\/\/www.eslebedasauto.at\/wp-content\/uploads\/2025\/03\/IMG_0294-1024x768.jpg 1024w, https:\/\/www.eslebedasauto.at\/wp-content\/uploads\/2025\/03\/IMG_0294-300x225.jpg 300w, https:\/\/www.eslebedasauto.at\/wp-content\/uploads\/2025\/03\/IMG_0294-768x576.jpg 768w, https:\/\/www.eslebedasauto.at\/wp-content\/uploads\/2025\/03\/IMG_0294-1536x1152.jpg 1536w, https:\/\/www.eslebedasauto.at\/wp-content\/uploads\/2025\/03\/IMG_0294-2048x1536.jpg 2048w\" sizes=\"(max-width: 1024px) 100vw, 1024px\" \/><\/figure>\n\n\n\n<figure class=\"wp-block-image size-large\"><img loading=\"lazy\" decoding=\"async\" width=\"768\" height=\"1024\" data-id=\"97970\" src=\"https:\/\/www.eslebedasauto.at\/wp-content\/uploads\/2025\/03\/IMG_0293-768x1024.jpg\" alt=\"\" class=\"wp-image-97970\" srcset=\"https:\/\/www.eslebedasauto.at\/wp-content\/uploads\/2025\/03\/IMG_0293-768x1024.jpg 768w, https:\/\/www.eslebedasauto.at\/wp-content\/uploads\/2025\/03\/IMG_0293-225x300.jpg 225w, https:\/\/www.eslebedasauto.at\/wp-content\/uploads\/2025\/03\/IMG_0293-1152x1536.jpg 1152w, https:\/\/www.eslebedasauto.at\/wp-content\/uploads\/2025\/03\/IMG_0293-1536x2048.jpg 1536w, https:\/\/www.eslebedasauto.at\/wp-content\/uploads\/2025\/03\/IMG_0293-scaled.jpg 1920w\" sizes=\"(max-width: 768px) 100vw, 768px\" \/><\/figure>\n<\/figure>\n\n\n\n<h3 id=\"unser-fazit-hybrid-suv-mit-echten-starken\" class=\"wp-block-heading\"><strong>Unser Fazit: Hybrid-SUV mit echten St\u00e4rken<\/strong><\/h3>\n\n\n\n<p>Der Toyota Yaris Cross hat sich mit dem neuen Modelljahrgang weiter verbessert. Besonders die gesteigerte Systemleistung, das modernisierte Infotainment und die noch effizientere Hybrid-Technologie machen ihn zu einem der attraktivsten Modelle in seiner Klasse.<\/p>\n\n\n\n<p><strong>Was uns gef\u00e4llt:<\/strong>&nbsp;\u2714 Sparsamer und kraftvoller Hybridantrieb<br>\u2714 Umfangreiche Serienausstattung<br>\u2714 Gutes Platzangebot im Kofferraum<br>\u2714 Allradantrieb als seltene Option in diesem Segment<\/p>\n\n\n\n<p><strong>Was uns weniger gef\u00e4llt:<\/strong>&nbsp;\u2718 Der Tank k\u00f6nnte gr\u00f6\u00dfer sein<\/p>\n\n\n\n<p><strong>Testwertung:<\/strong><\/p>\n\n\n\n<ul class=\"wp-block-list\">\n<li>Sicherheit: 1<\/li>\n\n\n\n<li>Komfort &amp; Ausstattung: 1-<\/li>\n\n\n\n<li>Verbrauch: 1<\/li>\n\n\n\n<li>Fahrleistung: 2<\/li>\n\n\n\n<li>Fahrverhalten: 1<\/li>\n\n\n\n<li>Verarbeitung: 1<\/li>\n\n\n\n<li>Platzangebot vorne: 1<\/li>\n\n\n\n<li>Platzangebot hinten: 3<\/li>\n\n\n\n<li>Kofferraum: 2<\/li>\n\n\n\n<li>Bedienbarkeit: 2<\/li>\n\n\n\n<li>Ablagen: 2<\/li>\n\n\n\n<li>\u00dcbersichtlichkeit: 2<\/li>\n<\/ul>\n\n\n\n<p>Mehr Infos auf&nbsp;<a href=\"https:\/\/www.toyota.at\/\">Toyota.at<\/a>.<\/p>","protected":false},"excerpt":{"rendered":"<p>Mit dem Yaris Cross hat Toyota 2021 einen kompakten SUV auf Basis des Yaris vorgestellt. Nun wurde das Modell dezent \u00fcberarbeitet und bringt einige spannende Neuerungen mit. Wir haben das Allradmodell mit Hybridantrieb in der Active Drive-Ausstattung getestet und zeigen, was der kleine SUV kann. Bew\u00e4hrtes Design, modernisierte Technik Optisch bleibt der Yaris Cross unver\u00e4ndert,&hellip;&nbsp;<a href=\"https:\/\/www.eslebedasauto.at\/it\/toyota-yaris-cross-unterwegs-am-see\/\" rel=\"bookmark\">Read More &raquo;<span class=\"screen-reader-text\">Toyota Yaris Cross &#8211; Unterwegs am See<\/span><\/a><\/p>","protected":false},"author":1,"featured_media":97958,"comment_status":"open","ping_status":"open","sticky":false,"template":"","format":"standard","meta":{"neve_meta_sidebar":"","neve_meta_container":"","neve_meta_enable_content_width":"","neve_meta_content_width":0,"neve_meta_title_alignment":"","neve_meta_author_avatar":"","neve_post_elements_order":"","neve_meta_disable_header":"","neve_meta_disable_footer":"","neve_meta_disable_title":"","neve_meta_reading_time":"","footnotes":""},"categories":[12],"tags":[],"class_list":["post-97982","post","type-post","status-publish","format-standard","has-post-thumbnail","hentry","category-hybrid"],"yoast_head":"<!-- This site is optimized with the Yoast SEO plugin v26.8 - https:\/\/yoast.com\/product\/yoast-seo-wordpress\/ -->\n<title>Toyota Yaris Cross - Unterwegs am See - Es lebe das Auto<\/title>\n<meta name=\"robots\" content=\"index, follow, max-snippet:-1, max-image-preview:large, max-video-preview:-1\" \/>\n<link rel=\"canonical\" href=\"https:\/\/www.eslebedasauto.at\/it\/toyota-yaris-cross-unterwegs-am-see\/\" \/>\n<meta property=\"og:locale\" content=\"it_IT\" \/>\n<meta property=\"og:type\" content=\"article\" \/>\n<meta property=\"og:title\" content=\"Toyota Yaris Cross - Unterwegs am See - Es lebe das Auto\" \/>\n<meta property=\"og:description\" content=\"Mit dem Yaris Cross hat Toyota 2021 einen kompakten SUV auf Basis des Yaris vorgestellt. Nun wurde das Modell dezent \u00fcberarbeitet und bringt einige spannende Neuerungen mit. Wir haben das Allradmodell mit Hybridantrieb in der Active Drive-Ausstattung getestet und zeigen, was der kleine SUV kann. Bew\u00e4hrtes Design, modernisierte Technik Optisch bleibt der Yaris Cross unver\u00e4ndert,&hellip;&nbsp;Read More &raquo;Toyota Yaris Cross &#8211; Unterwegs am See\" \/>\n<meta property=\"og:url\" content=\"https:\/\/www.eslebedasauto.at\/it\/toyota-yaris-cross-unterwegs-am-see\/\" \/>\n<meta property=\"og:site_name\" content=\"Es lebe das Auto\" \/>\n<meta property=\"article:publisher\" content=\"https:\/\/www.facebook.com\/eslebedasauto.at\" \/>\n<meta property=\"article:published_time\" content=\"2025-03-01T08:27:17+00:00\" \/>\n<meta property=\"article:modified_time\" content=\"2025-03-01T08:28:25+00:00\" \/>\n<meta property=\"og:image\" content=\"https:\/\/www.eslebedasauto.at\/wp-content\/uploads\/2025\/03\/IMG_0281-scaled.jpg\" \/>\n\t<meta property=\"og:image:width\" content=\"2560\" \/>\n\t<meta property=\"og:image:height\" content=\"1920\" \/>\n\t<meta property=\"og:image:type\" content=\"image\/jpeg\" \/>\n<meta name=\"author\" content=\"Juergen\" \/>\n<meta name=\"twitter:card\" content=\"summary_large_image\" \/>\n<meta name=\"twitter:label1\" content=\"Scritto da\" \/>\n\t<meta name=\"twitter:data1\" content=\"Juergen\" \/>\n\t<meta name=\"twitter:label2\" content=\"Tempo di lettura stimato\" \/>\n\t<meta name=\"twitter:data2\" content=\"5 minuti\" \/>\n<script type=\"application\/ld+json\" class=\"yoast-schema-graph\">{\"@context\":\"https:\/\/schema.org\",\"@graph\":[{\"@type\":\"Article\",\"@id\":\"https:\/\/www.eslebedasauto.at\/toyota-yaris-cross-unterwegs-am-see\/#article\",\"isPartOf\":{\"@id\":\"https:\/\/www.eslebedasauto.at\/toyota-yaris-cross-unterwegs-am-see\/\"},\"author\":{\"name\":\"Juergen\",\"@id\":\"https:\/\/www.eslebedasauto.at\/#\/schema\/person\/4ecfb7fe1eb40654e5370227118c3fc2\"},\"headline\":\"Toyota Yaris Cross &#8211; Unterwegs am See\",\"datePublished\":\"2025-03-01T08:27:17+00:00\",\"dateModified\":\"2025-03-01T08:28:25+00:00\",\"mainEntityOfPage\":{\"@id\":\"https:\/\/www.eslebedasauto.at\/toyota-yaris-cross-unterwegs-am-see\/\"},\"wordCount\":507,\"commentCount\":0,\"publisher\":{\"@id\":\"https:\/\/www.eslebedasauto.at\/#organization\"},\"image\":{\"@id\":\"https:\/\/www.eslebedasauto.at\/toyota-yaris-cross-unterwegs-am-see\/#primaryimage\"},\"thumbnailUrl\":\"https:\/\/www.eslebedasauto.at\/wp-content\/uploads\/2025\/03\/IMG_0281-scaled.jpg\",\"articleSection\":[\"Hybrid\"],\"inLanguage\":\"it-IT\",\"potentialAction\":[{\"@type\":\"CommentAction\",\"name\":\"Comment\",\"target\":[\"https:\/\/www.eslebedasauto.at\/toyota-yaris-cross-unterwegs-am-see\/#respond\"]}]},{\"@type\":\"WebPage\",\"@id\":\"https:\/\/www.eslebedasauto.at\/toyota-yaris-cross-unterwegs-am-see\/\",\"url\":\"https:\/\/www.eslebedasauto.at\/toyota-yaris-cross-unterwegs-am-see\/\",\"name\":\"Toyota Yaris Cross - Unterwegs am See - Es lebe das Auto\",\"isPartOf\":{\"@id\":\"https:\/\/www.eslebedasauto.at\/#website\"},\"primaryImageOfPage\":{\"@id\":\"https:\/\/www.eslebedasauto.at\/toyota-yaris-cross-unterwegs-am-see\/#primaryimage\"},\"image\":{\"@id\":\"https:\/\/www.eslebedasauto.at\/toyota-yaris-cross-unterwegs-am-see\/#primaryimage\"},\"thumbnailUrl\":\"https:\/\/www.eslebedasauto.at\/wp-content\/uploads\/2025\/03\/IMG_0281-scaled.jpg\",\"datePublished\":\"2025-03-01T08:27:17+00:00\",\"dateModified\":\"2025-03-01T08:28:25+00:00\",\"breadcrumb\":{\"@id\":\"https:\/\/www.eslebedasauto.at\/toyota-yaris-cross-unterwegs-am-see\/#breadcrumb\"},\"inLanguage\":\"it-IT\",\"potentialAction\":[{\"@type\":\"ReadAction\",\"target\":[\"https:\/\/www.eslebedasauto.at\/toyota-yaris-cross-unterwegs-am-see\/\"]}]},{\"@type\":\"ImageObject\",\"inLanguage\":\"it-IT\",\"@id\":\"https:\/\/www.eslebedasauto.at\/toyota-yaris-cross-unterwegs-am-see\/#primaryimage\",\"url\":\"https:\/\/www.eslebedasauto.at\/wp-content\/uploads\/2025\/03\/IMG_0281-scaled.jpg\",\"contentUrl\":\"https:\/\/www.eslebedasauto.at\/wp-content\/uploads\/2025\/03\/IMG_0281-scaled.jpg\",\"width\":2560,\"height\":1920},{\"@type\":\"BreadcrumbList\",\"@id\":\"https:\/\/www.eslebedasauto.at\/toyota-yaris-cross-unterwegs-am-see\/#breadcrumb\",\"itemListElement\":[{\"@type\":\"ListItem\",\"position\":1,\"name\":\"Startseite\",\"item\":\"https:\/\/www.eslebedasauto.at\/\"},{\"@type\":\"ListItem\",\"position\":2,\"name\":\"Toyota Yaris Cross &#8211; Unterwegs am See\"}]},{\"@type\":\"WebSite\",\"@id\":\"https:\/\/www.eslebedasauto.at\/#website\",\"url\":\"https:\/\/www.eslebedasauto.at\/\",\"name\":\"Es lebe das Auto\",\"description\":\"ein Hoch auf den Individualverkehr\",\"publisher\":{\"@id\":\"https:\/\/www.eslebedasauto.at\/#organization\"},\"potentialAction\":[{\"@type\":\"SearchAction\",\"target\":{\"@type\":\"EntryPoint\",\"urlTemplate\":\"https:\/\/www.eslebedasauto.at\/?s={search_term_string}\"},\"query-input\":{\"@type\":\"PropertyValueSpecification\",\"valueRequired\":true,\"valueName\":\"search_term_string\"}}],\"inLanguage\":\"it-IT\"},{\"@type\":\"Organization\",\"@id\":\"https:\/\/www.eslebedasauto.at\/#organization\",\"name\":\"eslebedasauto\",\"url\":\"https:\/\/www.eslebedasauto.at\/\",\"logo\":{\"@type\":\"ImageObject\",\"inLanguage\":\"it-IT\",\"@id\":\"https:\/\/www.eslebedasauto.at\/#\/schema\/logo\/image\/\",\"url\":\"https:\/\/www.eslebedasauto.at\/wp-content\/uploads\/2025\/10\/eldarund.png\",\"contentUrl\":\"https:\/\/www.eslebedasauto.at\/wp-content\/uploads\/2025\/10\/eldarund.png\",\"width\":1024,\"height\":1024,\"caption\":\"eslebedasauto\"},\"image\":{\"@id\":\"https:\/\/www.eslebedasauto.at\/#\/schema\/logo\/image\/\"},\"sameAs\":[\"https:\/\/www.facebook.com\/eslebedasauto.at\",\"https:\/\/www.instagram.com\/es_lebe_das_auto\/\"]},{\"@type\":\"Person\",\"@id\":\"https:\/\/www.eslebedasauto.at\/#\/schema\/person\/4ecfb7fe1eb40654e5370227118c3fc2\",\"name\":\"Juergen\",\"url\":\"https:\/\/www.eslebedasauto.at\/it\/author\/netzwerkkapitaene-og\/\"}]}<\/script>\n<!-- \/ Yoast SEO plugin. -->","yoast_head_json":{"title":"Toyota Yaris Cross - Unterwegs am See - Es lebe das Auto","robots":{"index":"index","follow":"follow","max-snippet":"max-snippet:-1","max-image-preview":"max-image-preview:large","max-video-preview":"max-video-preview:-1"},"canonical":"https:\/\/www.eslebedasauto.at\/it\/toyota-yaris-cross-unterwegs-am-see\/","og_locale":"it_IT","og_type":"article","og_title":"Toyota Yaris Cross - Unterwegs am See - Es lebe das Auto","og_description":"Mit dem Yaris Cross hat Toyota 2021 einen kompakten SUV auf Basis des Yaris vorgestellt. Nun wurde das Modell dezent \u00fcberarbeitet und bringt einige spannende Neuerungen mit. Wir haben das Allradmodell mit Hybridantrieb in der Active Drive-Ausstattung getestet und zeigen, was der kleine SUV kann. Bew\u00e4hrtes Design, modernisierte Technik Optisch bleibt der Yaris Cross unver\u00e4ndert,&hellip;&nbsp;Read More &raquo;Toyota Yaris Cross &#8211; Unterwegs am See","og_url":"https:\/\/www.eslebedasauto.at\/it\/toyota-yaris-cross-unterwegs-am-see\/","og_site_name":"Es lebe das Auto","article_publisher":"https:\/\/www.facebook.com\/eslebedasauto.at","article_published_time":"2025-03-01T08:27:17+00:00","article_modified_time":"2025-03-01T08:28:25+00:00","og_image":[{"width":2560,"height":1920,"url":"https:\/\/www.eslebedasauto.at\/wp-content\/uploads\/2025\/03\/IMG_0281-scaled.jpg","type":"image\/jpeg"}],"author":"Juergen","twitter_card":"summary_large_image","twitter_misc":{"Scritto da":"Juergen","Tempo di lettura stimato":"5 minuti"},"schema":{"@context":"https:\/\/schema.org","@graph":[{"@type":"Article","@id":"https:\/\/www.eslebedasauto.at\/toyota-yaris-cross-unterwegs-am-see\/#article","isPartOf":{"@id":"https:\/\/www.eslebedasauto.at\/toyota-yaris-cross-unterwegs-am-see\/"},"author":{"name":"Juergen","@id":"https:\/\/www.eslebedasauto.at\/#\/schema\/person\/4ecfb7fe1eb40654e5370227118c3fc2"},"headline":"Toyota Yaris Cross &#8211; Unterwegs am See","datePublished":"2025-03-01T08:27:17+00:00","dateModified":"2025-03-01T08:28:25+00:00","mainEntityOfPage":{"@id":"https:\/\/www.eslebedasauto.at\/toyota-yaris-cross-unterwegs-am-see\/"},"wordCount":507,"commentCount":0,"publisher":{"@id":"https:\/\/www.eslebedasauto.at\/#organization"},"image":{"@id":"https:\/\/www.eslebedasauto.at\/toyota-yaris-cross-unterwegs-am-see\/#primaryimage"},"thumbnailUrl":"https:\/\/www.eslebedasauto.at\/wp-content\/uploads\/2025\/03\/IMG_0281-scaled.jpg","articleSection":["Hybrid"],"inLanguage":"it-IT","potentialAction":[{"@type":"CommentAction","name":"Comment","target":["https:\/\/www.eslebedasauto.at\/toyota-yaris-cross-unterwegs-am-see\/#respond"]}]},{"@type":"WebPage","@id":"https:\/\/www.eslebedasauto.at\/toyota-yaris-cross-unterwegs-am-see\/","url":"https:\/\/www.eslebedasauto.at\/toyota-yaris-cross-unterwegs-am-see\/","name":"Toyota Yaris Cross - Unterwegs am See - Es lebe das Auto","isPartOf":{"@id":"https:\/\/www.eslebedasauto.at\/#website"},"primaryImageOfPage":{"@id":"https:\/\/www.eslebedasauto.at\/toyota-yaris-cross-unterwegs-am-see\/#primaryimage"},"image":{"@id":"https:\/\/www.eslebedasauto.at\/toyota-yaris-cross-unterwegs-am-see\/#primaryimage"},"thumbnailUrl":"https:\/\/www.eslebedasauto.at\/wp-content\/uploads\/2025\/03\/IMG_0281-scaled.jpg","datePublished":"2025-03-01T08:27:17+00:00","dateModified":"2025-03-01T08:28:25+00:00","breadcrumb":{"@id":"https:\/\/www.eslebedasauto.at\/toyota-yaris-cross-unterwegs-am-see\/#breadcrumb"},"inLanguage":"it-IT","potentialAction":[{"@type":"ReadAction","target":["https:\/\/www.eslebedasauto.at\/toyota-yaris-cross-unterwegs-am-see\/"]}]},{"@type":"ImageObject","inLanguage":"it-IT","@id":"https:\/\/www.eslebedasauto.at\/toyota-yaris-cross-unterwegs-am-see\/#primaryimage","url":"https:\/\/www.eslebedasauto.at\/wp-content\/uploads\/2025\/03\/IMG_0281-scaled.jpg","contentUrl":"https:\/\/www.eslebedasauto.at\/wp-content\/uploads\/2025\/03\/IMG_0281-scaled.jpg","width":2560,"height":1920},{"@type":"BreadcrumbList","@id":"https:\/\/www.eslebedasauto.at\/toyota-yaris-cross-unterwegs-am-see\/#breadcrumb","itemListElement":[{"@type":"ListItem","position":1,"name":"Startseite","item":"https:\/\/www.eslebedasauto.at\/"},{"@type":"ListItem","position":2,"name":"Toyota Yaris Cross &#8211; Unterwegs am See"}]},{"@type":"WebSite","@id":"https:\/\/www.eslebedasauto.at\/#website","url":"https:\/\/www.eslebedasauto.at\/","name":"Es lebe das Auto","description":"ein Hoch auf den Individualverkehr","publisher":{"@id":"https:\/\/www.eslebedasauto.at\/#organization"},"potentialAction":[{"@type":"SearchAction","target":{"@type":"EntryPoint","urlTemplate":"https:\/\/www.eslebedasauto.at\/?s={search_term_string}"},"query-input":{"@type":"PropertyValueSpecification","valueRequired":true,"valueName":"search_term_string"}}],"inLanguage":"it-IT"},{"@type":"Organization","@id":"https:\/\/www.eslebedasauto.at\/#organization","name":"eslebedasauto","url":"https:\/\/www.eslebedasauto.at\/","logo":{"@type":"ImageObject","inLanguage":"it-IT","@id":"https:\/\/www.eslebedasauto.at\/#\/schema\/logo\/image\/","url":"https:\/\/www.eslebedasauto.at\/wp-content\/uploads\/2025\/10\/eldarund.png","contentUrl":"https:\/\/www.eslebedasauto.at\/wp-content\/uploads\/2025\/10\/eldarund.png","width":1024,"height":1024,"caption":"eslebedasauto"},"image":{"@id":"https:\/\/www.eslebedasauto.at\/#\/schema\/logo\/image\/"},"sameAs":["https:\/\/www.facebook.com\/eslebedasauto.at","https:\/\/www.instagram.com\/es_lebe_das_auto\/"]},{"@type":"Person","@id":"https:\/\/www.eslebedasauto.at\/#\/schema\/person\/4ecfb7fe1eb40654e5370227118c3fc2","name":"Juergen","url":"https:\/\/www.eslebedasauto.at\/it\/author\/netzwerkkapitaene-og\/"}]}},"_links":{"self":[{"href":"https:\/\/www.eslebedasauto.at\/it\/wp-json\/wp\/v2\/posts\/97982","targetHints":{"allow":["GET"]}}],"collection":[{"href":"https:\/\/www.eslebedasauto.at\/it\/wp-json\/wp\/v2\/posts"}],"about":[{"href":"https:\/\/www.eslebedasauto.at\/it\/wp-json\/wp\/v2\/types\/post"}],"author":[{"embeddable":true,"href":"https:\/\/www.eslebedasauto.at\/it\/wp-json\/wp\/v2\/users\/1"}],"replies":[{"embeddable":true,"href":"https:\/\/www.eslebedasauto.at\/it\/wp-json\/wp\/v2\/comments?post=97982"}],"version-history":[{"count":2,"href":"https:\/\/www.eslebedasauto.at\/it\/wp-json\/wp\/v2\/posts\/97982\/revisions"}],"predecessor-version":[{"id":97985,"href":"https:\/\/www.eslebedasauto.at\/it\/wp-json\/wp\/v2\/posts\/97982\/revisions\/97985"}],"wp:featuredmedia":[{"embeddable":true,"href":"https:\/\/www.eslebedasauto.at\/it\/wp-json\/wp\/v2\/media\/97958"}],"wp:attachment":[{"href":"https:\/\/www.eslebedasauto.at\/it\/wp-json\/wp\/v2\/media?parent=97982"}],"wp:term":[{"taxonomy":"category","embeddable":true,"href":"https:\/\/www.eslebedasauto.at\/it\/wp-json\/wp\/v2\/categories?post=97982"},{"taxonomy":"post_tag","embeddable":true,"href":"https:\/\/www.eslebedasauto.at\/it\/wp-json\/wp\/v2\/tags?post=97982"}],"curies":[{"name":"wp","href":"https:\/\/api.w.org\/{rel}","templated":true}]}}