{"id":97885,"date":"2025-02-22T19:42:59","date_gmt":"2025-02-22T18:42:59","guid":{"rendered":"https:\/\/www.eslebedasauto.at\/?p=97885"},"modified":"2025-02-22T19:53:24","modified_gmt":"2025-02-22T18:53:24","slug":"mazda-cx-80-schoener-wohnen","status":"publish","type":"post","link":"https:\/\/www.eslebedasauto.at\/it\/mazda-cx-80-schoener-wohnen\/","title":{"rendered":"Mazda CX-80. Sch\u00f6ner Wohnen."},"content":{"rendered":"<h2 id=\"feines-interieur-ambiente-trifft-beim-mazda-cx-80-auf-tolle-technik-und-ganz-viel-platz\" class=\"wp-block-heading\">Feines Interieur-Ambiente trifft beim Mazda CX-80 auf tolle Technik und ganz viel Platz.<\/h2>\n\n\n\n<p>Auf den ersten Blick erfasst man gar nicht, wie gro\u00df der CX-80 im Vergleich zu seinem Genspender CX-60 geworden ist. Erst, wenn man das SUV in der heimischen Garage in Tetris-Manier einparken muss, werden einem schnell die Grenzen aufgezeigt. <\/p>\n\n\n\n<figure class=\"wp-block-image size-large\"><img fetchpriority=\"high\" decoding=\"async\" width=\"1024\" height=\"768\" src=\"https:\/\/www.eslebedasauto.at\/wp-content\/uploads\/2025\/02\/cx80-garage-1024x768.jpg\" alt=\"\" class=\"wp-image-97886\" srcset=\"https:\/\/www.eslebedasauto.at\/wp-content\/uploads\/2025\/02\/cx80-garage-1024x768.jpg 1024w, https:\/\/www.eslebedasauto.at\/wp-content\/uploads\/2025\/02\/cx80-garage-300x225.jpg 300w, https:\/\/www.eslebedasauto.at\/wp-content\/uploads\/2025\/02\/cx80-garage-768x576.jpg 768w, https:\/\/www.eslebedasauto.at\/wp-content\/uploads\/2025\/02\/cx80-garage-1536x1152.jpg 1536w, https:\/\/www.eslebedasauto.at\/wp-content\/uploads\/2025\/02\/cx80-garage.jpg 2048w\" sizes=\"(max-width: 1024px) 100vw, 1024px\" \/><\/figure>\n\n\n\n<p><strong>Erster Eindruck: Definitiv kein Auto f\u00fcr italienische Innenst\u00e4dte.<\/strong> Zweiter Eindruck: Dank sehr guter \u00dcbersicht und hochaufl\u00f6sender Kameratechnik geht&#8217;s mit etwas Eingew\u00f6hnung ganz gut beim Einparken und Durchwuseln. Aber wir schreiben hier nicht \u00fcber\u00b4s Einparken, wir gehen der Frage nach, wie sich so ein Mazda CX-80 f\u00e4hrt, beziehungsweise, wie der t\u00e4gliche Umgang damit abl\u00e4uft.<\/p>\n\n\n\n<figure class=\"wp-block-image size-large\"><img decoding=\"async\" width=\"1024\" height=\"768\" src=\"https:\/\/www.eslebedasauto.at\/wp-content\/uploads\/2025\/02\/IMG_1317-1024x768.jpeg\" alt=\"\" class=\"wp-image-97905\" srcset=\"https:\/\/www.eslebedasauto.at\/wp-content\/uploads\/2025\/02\/IMG_1317-1024x768.jpeg 1024w, https:\/\/www.eslebedasauto.at\/wp-content\/uploads\/2025\/02\/IMG_1317-300x225.jpeg 300w, https:\/\/www.eslebedasauto.at\/wp-content\/uploads\/2025\/02\/IMG_1317-768x576.jpeg 768w, https:\/\/www.eslebedasauto.at\/wp-content\/uploads\/2025\/02\/IMG_1317-1536x1152.jpeg 1536w, https:\/\/www.eslebedasauto.at\/wp-content\/uploads\/2025\/02\/IMG_1317.jpeg 2048w\" sizes=\"(max-width: 1024px) 100vw, 1024px\" \/><\/figure>\n\n\n\n<p><strong>Rein optisch erkennt man die neue L\u00e4nge nicht sofort.<\/strong> Bis zur C-S\u00e4ule ist das Auto identisch mit dem CX-60, danach geht\u00b4s dann in die L\u00e4nge. Der gewonnene Platz beschert dem CX-80 eine brauchbare dritte Sitzreihe sowie einen riesigen Kofferraum, der sich in Richtung M\u00f6belcenter (max. 1917 Liter) erweitern l\u00e4sst. Reihe drei wird dann mit einem Handgriff eingeebnet &#8211; die mittleren Sitze lassen sich verschieben oder ebenfalls umlegen.<\/p>\n\n\n\n<figure class=\"wp-block-gallery has-nested-images columns-default is-cropped wp-block-gallery-1 is-layout-flex wp-block-gallery-is-layout-flex\">\n<figure class=\"wp-block-image size-large\"><img decoding=\"async\" width=\"1024\" height=\"768\" data-id=\"97909\" src=\"https:\/\/www.eslebedasauto.at\/wp-content\/uploads\/2025\/02\/IMG_1318-1024x768.jpeg\" alt=\"\" class=\"wp-image-97909\" srcset=\"https:\/\/www.eslebedasauto.at\/wp-content\/uploads\/2025\/02\/IMG_1318-1024x768.jpeg 1024w, https:\/\/www.eslebedasauto.at\/wp-content\/uploads\/2025\/02\/IMG_1318-300x225.jpeg 300w, https:\/\/www.eslebedasauto.at\/wp-content\/uploads\/2025\/02\/IMG_1318-768x576.jpeg 768w, https:\/\/www.eslebedasauto.at\/wp-content\/uploads\/2025\/02\/IMG_1318-1536x1152.jpeg 1536w, https:\/\/www.eslebedasauto.at\/wp-content\/uploads\/2025\/02\/IMG_1318.jpeg 2048w\" sizes=\"(max-width: 1024px) 100vw, 1024px\" \/><\/figure>\n\n\n\n<figure class=\"wp-block-image size-large\"><img loading=\"lazy\" decoding=\"async\" width=\"1024\" height=\"768\" data-id=\"97910\" src=\"https:\/\/www.eslebedasauto.at\/wp-content\/uploads\/2025\/02\/IMG_1319-1024x768.jpeg\" alt=\"\" class=\"wp-image-97910\" srcset=\"https:\/\/www.eslebedasauto.at\/wp-content\/uploads\/2025\/02\/IMG_1319-1024x768.jpeg 1024w, https:\/\/www.eslebedasauto.at\/wp-content\/uploads\/2025\/02\/IMG_1319-300x225.jpeg 300w, https:\/\/www.eslebedasauto.at\/wp-content\/uploads\/2025\/02\/IMG_1319-768x576.jpeg 768w, https:\/\/www.eslebedasauto.at\/wp-content\/uploads\/2025\/02\/IMG_1319-1536x1152.jpeg 1536w, https:\/\/www.eslebedasauto.at\/wp-content\/uploads\/2025\/02\/IMG_1319.jpeg 2048w\" sizes=\"(max-width: 1024px) 100vw, 1024px\" \/><\/figure>\n\n\n\n<figure class=\"wp-block-image size-large\"><img loading=\"lazy\" decoding=\"async\" width=\"1024\" height=\"768\" data-id=\"97912\" src=\"https:\/\/www.eslebedasauto.at\/wp-content\/uploads\/2025\/02\/IMG_1321-1024x768.jpeg\" alt=\"\" class=\"wp-image-97912\" srcset=\"https:\/\/www.eslebedasauto.at\/wp-content\/uploads\/2025\/02\/IMG_1321-1024x768.jpeg 1024w, https:\/\/www.eslebedasauto.at\/wp-content\/uploads\/2025\/02\/IMG_1321-300x225.jpeg 300w, https:\/\/www.eslebedasauto.at\/wp-content\/uploads\/2025\/02\/IMG_1321-768x576.jpeg 768w, https:\/\/www.eslebedasauto.at\/wp-content\/uploads\/2025\/02\/IMG_1321-1536x1152.jpeg 1536w, https:\/\/www.eslebedasauto.at\/wp-content\/uploads\/2025\/02\/IMG_1321.jpeg 2048w\" sizes=\"(max-width: 1024px) 100vw, 1024px\" \/><\/figure>\n\n\n\n<figure class=\"wp-block-image size-large\"><img loading=\"lazy\" decoding=\"async\" width=\"1024\" height=\"768\" data-id=\"97911\" src=\"https:\/\/www.eslebedasauto.at\/wp-content\/uploads\/2025\/02\/IMG_1320-1024x768.jpeg\" alt=\"\" class=\"wp-image-97911\" srcset=\"https:\/\/www.eslebedasauto.at\/wp-content\/uploads\/2025\/02\/IMG_1320-1024x768.jpeg 1024w, https:\/\/www.eslebedasauto.at\/wp-content\/uploads\/2025\/02\/IMG_1320-300x225.jpeg 300w, https:\/\/www.eslebedasauto.at\/wp-content\/uploads\/2025\/02\/IMG_1320-768x576.jpeg 768w, https:\/\/www.eslebedasauto.at\/wp-content\/uploads\/2025\/02\/IMG_1320-1536x1152.jpeg 1536w, https:\/\/www.eslebedasauto.at\/wp-content\/uploads\/2025\/02\/IMG_1320.jpeg 2048w\" sizes=\"(max-width: 1024px) 100vw, 1024px\" \/><\/figure>\n<\/figure>\n\n\n\n<p><\/p>\n\n\n\n<p><strong>Das Interieur ist einfach eine Wucht.<\/strong> Mazda steckt da ganz viel Liebe hinein. Das reicht vom super-edlen Stitching am Dashboard, \u00fcber feinste Lederverarbeitung bis zum h\u00f6chst geschmackvollen Materialmix. <strong>Bei der Bedienung geht Mazda gewohnte Wege<\/strong> &#8211; die meisten Einstellungen erfolgen \u00fcber den massiven Dreh-Dr\u00fcck-Controller auf der Mittelkonsole. Hin und wieder darf man auch touchen &#8211; zum Beispiel bei der Bedienung von Apple Carplay.<\/p>\n\n\n\n<figure class=\"wp-block-image size-large\"><img loading=\"lazy\" decoding=\"async\" width=\"1024\" height=\"768\" src=\"https:\/\/www.eslebedasauto.at\/wp-content\/uploads\/2025\/02\/IMG_1309-1024x768.jpeg\" alt=\"\" class=\"wp-image-97903\" srcset=\"https:\/\/www.eslebedasauto.at\/wp-content\/uploads\/2025\/02\/IMG_1309-1024x768.jpeg 1024w, https:\/\/www.eslebedasauto.at\/wp-content\/uploads\/2025\/02\/IMG_1309-300x225.jpeg 300w, https:\/\/www.eslebedasauto.at\/wp-content\/uploads\/2025\/02\/IMG_1309-768x576.jpeg 768w, https:\/\/www.eslebedasauto.at\/wp-content\/uploads\/2025\/02\/IMG_1309-1536x1152.jpeg 1536w, https:\/\/www.eslebedasauto.at\/wp-content\/uploads\/2025\/02\/IMG_1309.jpeg 2048w\" sizes=\"(max-width: 1024px) 100vw, 1024px\" \/><\/figure>\n\n\n\n<p><strong>Zahlreiche haptische Schalter am Lenkrad oder auf der Mittelkonsole erleichtern einem das Leben zus\u00e4tzlich. <\/strong>Sch\u00f6n fanden wir au\u00dferdem den fein klickenden Volume-Knopf. Ebenfalls eine Erw\u00e4hnung wert ist der Schalter links neben dem Lenkrad, mit dem man viele st\u00f6rende Ger\u00e4uschquellen &#8211; auch den leidigen Geschwindigkeitswarner &#8211; wegdr\u00fccken kann.<\/p>\n\n\n\n<figure class=\"wp-block-gallery has-nested-images columns-default is-cropped wp-block-gallery-2 is-layout-flex wp-block-gallery-is-layout-flex\">\n<figure class=\"wp-block-image size-large\"><img loading=\"lazy\" decoding=\"async\" width=\"1024\" height=\"768\" data-id=\"97913\" src=\"https:\/\/www.eslebedasauto.at\/wp-content\/uploads\/2025\/02\/IMG_1172-1024x768.jpeg\" alt=\"\" class=\"wp-image-97913\" srcset=\"https:\/\/www.eslebedasauto.at\/wp-content\/uploads\/2025\/02\/IMG_1172-1024x768.jpeg 1024w, https:\/\/www.eslebedasauto.at\/wp-content\/uploads\/2025\/02\/IMG_1172-300x225.jpeg 300w, https:\/\/www.eslebedasauto.at\/wp-content\/uploads\/2025\/02\/IMG_1172-768x576.jpeg 768w, https:\/\/www.eslebedasauto.at\/wp-content\/uploads\/2025\/02\/IMG_1172-1536x1152.jpeg 1536w, https:\/\/www.eslebedasauto.at\/wp-content\/uploads\/2025\/02\/IMG_1172.jpeg 2048w\" sizes=\"(max-width: 1024px) 100vw, 1024px\" \/><\/figure>\n<\/figure>\n\n\n\n<p><strong>Mazda \u00fcbernimmt die Antriebe des Mazda CX-60.<\/strong> <strong>Unser Testwagen war mit dem 327 PS starken Plug-in-Hybrid Antrieb ausgestattet.<\/strong> Es g\u00e4be den CX-80 auch mit V6-Diesel. Ist der Akku voll geladen, kommt man damit rund 60 Kilometer weit rein elektrisch. Auf der Langstrecke f\u00e4hrt man dann im Hybrid-Modus. Dabei wird unbemerkt zwischen Verbrenner und Elektromotor hin und her geswitcht. Das spart dann Sprit. Im Zuge unserer Testfahrt verzeichneten wir so einen Langstreckenschnitt von 8,7 Liter Super auf 100 Kilometer &#8211; wohlgemerkt mit sehr hohem Autobahnanteil. Dieser Wert geht angesichts der schieren Gr\u00f6\u00dfe des CX-80 voll in Ordnung. F\u00e4hrt man innerst\u00e4dtisch, sinkt dieser Wert nat\u00fcrlich drastisch &#8211; Voraussetzung ist allerdings ein stets gef\u00fcllter Akku.<\/p>\n\n\n\n<figure class=\"wp-block-image size-large\"><img loading=\"lazy\" decoding=\"async\" width=\"1024\" height=\"768\" src=\"https:\/\/www.eslebedasauto.at\/wp-content\/uploads\/2025\/02\/IMG_1289-1024x768.jpeg\" alt=\"\" class=\"wp-image-97899\" srcset=\"https:\/\/www.eslebedasauto.at\/wp-content\/uploads\/2025\/02\/IMG_1289-1024x768.jpeg 1024w, https:\/\/www.eslebedasauto.at\/wp-content\/uploads\/2025\/02\/IMG_1289-300x225.jpeg 300w, https:\/\/www.eslebedasauto.at\/wp-content\/uploads\/2025\/02\/IMG_1289-768x576.jpeg 768w, https:\/\/www.eslebedasauto.at\/wp-content\/uploads\/2025\/02\/IMG_1289-1536x1152.jpeg 1536w, https:\/\/www.eslebedasauto.at\/wp-content\/uploads\/2025\/02\/IMG_1289.jpeg 2048w\" sizes=\"(max-width: 1024px) 100vw, 1024px\" \/><\/figure>\n\n\n\n<p><strong>Der Fahrkomfort entspricht dem edlen Ambiente.<\/strong> W\u00e4hrend man sich in die bequemen vielfach verstellbaren Ledersitze kuschelt, d\u00e4mpft die Federung des Mazda CX-80 jegliche Stra\u00dfensch\u00e4den gut weg. Die leichtg\u00e4ngige aber dennoch pr\u00e4zise Lenkung passt ebenfalls hervorragend ins Bild. Am besten ist man da klarerweise im Komfortmodus unterwegs &#8211; dann h\u00e4lt sich auch die teilweise st\u00f6rende Akustik des hochdrehenden Vierzylinder-Motors in Grenzen.<\/p>\n\n\n\n<figure class=\"wp-block-gallery has-nested-images columns-default is-cropped wp-block-gallery-3 is-layout-flex wp-block-gallery-is-layout-flex\">\n<figure class=\"wp-block-image size-large\"><img loading=\"lazy\" decoding=\"async\" width=\"1024\" height=\"768\" data-id=\"97894\" src=\"https:\/\/www.eslebedasauto.at\/wp-content\/uploads\/2025\/02\/IMG_1302-1024x768.jpeg\" alt=\"\" class=\"wp-image-97894\" srcset=\"https:\/\/www.eslebedasauto.at\/wp-content\/uploads\/2025\/02\/IMG_1302-1024x768.jpeg 1024w, https:\/\/www.eslebedasauto.at\/wp-content\/uploads\/2025\/02\/IMG_1302-300x225.jpeg 300w, https:\/\/www.eslebedasauto.at\/wp-content\/uploads\/2025\/02\/IMG_1302-768x576.jpeg 768w, https:\/\/www.eslebedasauto.at\/wp-content\/uploads\/2025\/02\/IMG_1302-1536x1152.jpeg 1536w, https:\/\/www.eslebedasauto.at\/wp-content\/uploads\/2025\/02\/IMG_1302.jpeg 2048w\" sizes=\"(max-width: 1024px) 100vw, 1024px\" \/><\/figure>\n\n\n\n<figure class=\"wp-block-image size-large\"><img loading=\"lazy\" decoding=\"async\" width=\"1024\" height=\"768\" data-id=\"97892\" src=\"https:\/\/www.eslebedasauto.at\/wp-content\/uploads\/2025\/02\/IMG_1297-1024x768.jpeg\" alt=\"\" class=\"wp-image-97892\" srcset=\"https:\/\/www.eslebedasauto.at\/wp-content\/uploads\/2025\/02\/IMG_1297-1024x768.jpeg 1024w, https:\/\/www.eslebedasauto.at\/wp-content\/uploads\/2025\/02\/IMG_1297-300x225.jpeg 300w, https:\/\/www.eslebedasauto.at\/wp-content\/uploads\/2025\/02\/IMG_1297-768x576.jpeg 768w, https:\/\/www.eslebedasauto.at\/wp-content\/uploads\/2025\/02\/IMG_1297-1536x1152.jpeg 1536w, https:\/\/www.eslebedasauto.at\/wp-content\/uploads\/2025\/02\/IMG_1297.jpeg 2048w\" sizes=\"(max-width: 1024px) 100vw, 1024px\" \/><\/figure>\n<\/figure>\n\n\n\n<figure class=\"wp-block-image size-large\"><img loading=\"lazy\" decoding=\"async\" width=\"1024\" height=\"768\" src=\"https:\/\/www.eslebedasauto.at\/wp-content\/uploads\/2025\/02\/IMG_1293-1024x768.jpeg\" alt=\"\" class=\"wp-image-97900\" srcset=\"https:\/\/www.eslebedasauto.at\/wp-content\/uploads\/2025\/02\/IMG_1293-1024x768.jpeg 1024w, https:\/\/www.eslebedasauto.at\/wp-content\/uploads\/2025\/02\/IMG_1293-300x225.jpeg 300w, https:\/\/www.eslebedasauto.at\/wp-content\/uploads\/2025\/02\/IMG_1293-768x576.jpeg 768w, https:\/\/www.eslebedasauto.at\/wp-content\/uploads\/2025\/02\/IMG_1293-1536x1152.jpeg 1536w, https:\/\/www.eslebedasauto.at\/wp-content\/uploads\/2025\/02\/IMG_1293.jpeg 2048w\" sizes=\"(max-width: 1024px) 100vw, 1024px\" \/><\/figure>\n\n\n\n<h3 id=\"unterm-strich\" class=\"wp-block-heading\">Unterm Strich<\/h3>\n\n\n\n<p><strong>Mazda bietet mit dem CX-80 eine h\u00f6chst interessante Alternative im Bereich der gro\u00dfen SUV an.<\/strong> Vor allem das feine Wohnambiente und die tolle Verarbeitungsqualit\u00e4t begeistern &#8211; da kann sich so mancher Premiumanbieter eine Scheibe abschneiden. Ob es der Plug-in-Hybrid oder der V6-Diesel sein soll, ist Geschmackssache. Beide Motoren passen recht gut zum Mazda CX-80. Kommen wir zum Preis &#8211; auch hier punktet Mazda: Ab EUR 61.200 steht das gro\u00dfe SUV mit Plug-in-Hybrid Motor in der Preisliste.<\/p>\n\n\n\n<p><\/p>","protected":false},"excerpt":{"rendered":"<p>Feines Interieur-Ambiente trifft beim Mazda CX-80 auf tolle Technik und ganz viel Platz.<\/p>","protected":false},"author":2,"featured_media":97907,"comment_status":"open","ping_status":"open","sticky":false,"template":"","format":"standard","meta":{"neve_meta_sidebar":"","neve_meta_container":"","neve_meta_enable_content_width":"","neve_meta_content_width":0,"neve_meta_title_alignment":"","neve_meta_author_avatar":"","neve_post_elements_order":"","neve_meta_disable_header":"","neve_meta_disable_footer":"","neve_meta_disable_title":"","neve_meta_reading_time":"","footnotes":""},"categories":[335,12],"tags":[],"class_list":["post-97885","post","type-post","status-publish","format-standard","has-post-thumbnail","hentry","category-fahrberichte","category-hybrid"],"yoast_head":"<!-- This site is optimized with the Yoast SEO plugin v26.8 - https:\/\/yoast.com\/product\/yoast-seo-wordpress\/ -->\n<title>Mazda CX-80. Sch\u00f6ner Wohnen. - Es lebe das Auto<\/title>\n<meta name=\"robots\" content=\"index, follow, max-snippet:-1, max-image-preview:large, max-video-preview:-1\" \/>\n<link rel=\"canonical\" href=\"https:\/\/www.eslebedasauto.at\/it\/mazda-cx-80-schoener-wohnen\/\" \/>\n<meta property=\"og:locale\" content=\"it_IT\" \/>\n<meta property=\"og:type\" content=\"article\" \/>\n<meta property=\"og:title\" content=\"Mazda CX-80. Sch\u00f6ner Wohnen. - Es lebe das Auto\" \/>\n<meta property=\"og:description\" content=\"Feines Interieur-Ambiente trifft beim Mazda CX-80 auf tolle Technik und ganz viel Platz.\" \/>\n<meta property=\"og:url\" content=\"https:\/\/www.eslebedasauto.at\/it\/mazda-cx-80-schoener-wohnen\/\" \/>\n<meta property=\"og:site_name\" content=\"Es lebe das Auto\" \/>\n<meta property=\"article:publisher\" content=\"https:\/\/www.facebook.com\/eslebedasauto.at\" \/>\n<meta property=\"article:published_time\" content=\"2025-02-22T18:42:59+00:00\" \/>\n<meta property=\"article:modified_time\" content=\"2025-02-22T18:53:24+00:00\" \/>\n<meta property=\"og:image\" content=\"https:\/\/www.eslebedasauto.at\/wp-content\/uploads\/2025\/02\/IMG_1312.jpeg\" \/>\n\t<meta property=\"og:image:width\" content=\"2048\" \/>\n\t<meta property=\"og:image:height\" content=\"1536\" \/>\n\t<meta property=\"og:image:type\" content=\"image\/jpeg\" \/>\n<meta name=\"author\" content=\"gerhard\" \/>\n<meta name=\"twitter:card\" content=\"summary_large_image\" \/>\n<meta name=\"twitter:label1\" content=\"Scritto da\" \/>\n\t<meta name=\"twitter:data1\" content=\"gerhard\" \/>\n\t<meta name=\"twitter:label2\" content=\"Tempo di lettura stimato\" \/>\n\t<meta name=\"twitter:data2\" content=\"6 minuti\" \/>\n<script type=\"application\/ld+json\" class=\"yoast-schema-graph\">{\"@context\":\"https:\/\/schema.org\",\"@graph\":[{\"@type\":\"Article\",\"@id\":\"https:\/\/www.eslebedasauto.at\/mazda-cx-80-schoener-wohnen\/#article\",\"isPartOf\":{\"@id\":\"https:\/\/www.eslebedasauto.at\/mazda-cx-80-schoener-wohnen\/\"},\"author\":{\"name\":\"gerhard\",\"@id\":\"https:\/\/www.eslebedasauto.at\/#\/schema\/person\/fb81218b0bed500d225ff518f9f17033\"},\"headline\":\"Mazda CX-80. Sch\u00f6ner Wohnen.\",\"datePublished\":\"2025-02-22T18:42:59+00:00\",\"dateModified\":\"2025-02-22T18:53:24+00:00\",\"mainEntityOfPage\":{\"@id\":\"https:\/\/www.eslebedasauto.at\/mazda-cx-80-schoener-wohnen\/\"},\"wordCount\":576,\"commentCount\":0,\"publisher\":{\"@id\":\"https:\/\/www.eslebedasauto.at\/#organization\"},\"image\":{\"@id\":\"https:\/\/www.eslebedasauto.at\/mazda-cx-80-schoener-wohnen\/#primaryimage\"},\"thumbnailUrl\":\"https:\/\/www.eslebedasauto.at\/wp-content\/uploads\/2025\/02\/IMG_1312.jpeg\",\"articleSection\":[\"Fahrberichte\",\"Hybrid\"],\"inLanguage\":\"it-IT\",\"potentialAction\":[{\"@type\":\"CommentAction\",\"name\":\"Comment\",\"target\":[\"https:\/\/www.eslebedasauto.at\/mazda-cx-80-schoener-wohnen\/#respond\"]}]},{\"@type\":\"WebPage\",\"@id\":\"https:\/\/www.eslebedasauto.at\/mazda-cx-80-schoener-wohnen\/\",\"url\":\"https:\/\/www.eslebedasauto.at\/mazda-cx-80-schoener-wohnen\/\",\"name\":\"Mazda CX-80. Sch\u00f6ner Wohnen. - Es lebe das Auto\",\"isPartOf\":{\"@id\":\"https:\/\/www.eslebedasauto.at\/#website\"},\"primaryImageOfPage\":{\"@id\":\"https:\/\/www.eslebedasauto.at\/mazda-cx-80-schoener-wohnen\/#primaryimage\"},\"image\":{\"@id\":\"https:\/\/www.eslebedasauto.at\/mazda-cx-80-schoener-wohnen\/#primaryimage\"},\"thumbnailUrl\":\"https:\/\/www.eslebedasauto.at\/wp-content\/uploads\/2025\/02\/IMG_1312.jpeg\",\"datePublished\":\"2025-02-22T18:42:59+00:00\",\"dateModified\":\"2025-02-22T18:53:24+00:00\",\"breadcrumb\":{\"@id\":\"https:\/\/www.eslebedasauto.at\/mazda-cx-80-schoener-wohnen\/#breadcrumb\"},\"inLanguage\":\"it-IT\",\"potentialAction\":[{\"@type\":\"ReadAction\",\"target\":[\"https:\/\/www.eslebedasauto.at\/mazda-cx-80-schoener-wohnen\/\"]}]},{\"@type\":\"ImageObject\",\"inLanguage\":\"it-IT\",\"@id\":\"https:\/\/www.eslebedasauto.at\/mazda-cx-80-schoener-wohnen\/#primaryimage\",\"url\":\"https:\/\/www.eslebedasauto.at\/wp-content\/uploads\/2025\/02\/IMG_1312.jpeg\",\"contentUrl\":\"https:\/\/www.eslebedasauto.at\/wp-content\/uploads\/2025\/02\/IMG_1312.jpeg\",\"width\":2048,\"height\":1536},{\"@type\":\"BreadcrumbList\",\"@id\":\"https:\/\/www.eslebedasauto.at\/mazda-cx-80-schoener-wohnen\/#breadcrumb\",\"itemListElement\":[{\"@type\":\"ListItem\",\"position\":1,\"name\":\"Startseite\",\"item\":\"https:\/\/www.eslebedasauto.at\/\"},{\"@type\":\"ListItem\",\"position\":2,\"name\":\"Mazda CX-80. Sch\u00f6ner Wohnen.\"}]},{\"@type\":\"WebSite\",\"@id\":\"https:\/\/www.eslebedasauto.at\/#website\",\"url\":\"https:\/\/www.eslebedasauto.at\/\",\"name\":\"Es lebe das Auto\",\"description\":\"ein Hoch auf den Individualverkehr\",\"publisher\":{\"@id\":\"https:\/\/www.eslebedasauto.at\/#organization\"},\"potentialAction\":[{\"@type\":\"SearchAction\",\"target\":{\"@type\":\"EntryPoint\",\"urlTemplate\":\"https:\/\/www.eslebedasauto.at\/?s={search_term_string}\"},\"query-input\":{\"@type\":\"PropertyValueSpecification\",\"valueRequired\":true,\"valueName\":\"search_term_string\"}}],\"inLanguage\":\"it-IT\"},{\"@type\":\"Organization\",\"@id\":\"https:\/\/www.eslebedasauto.at\/#organization\",\"name\":\"eslebedasauto\",\"url\":\"https:\/\/www.eslebedasauto.at\/\",\"logo\":{\"@type\":\"ImageObject\",\"inLanguage\":\"it-IT\",\"@id\":\"https:\/\/www.eslebedasauto.at\/#\/schema\/logo\/image\/\",\"url\":\"https:\/\/www.eslebedasauto.at\/wp-content\/uploads\/2025\/10\/eldarund.png\",\"contentUrl\":\"https:\/\/www.eslebedasauto.at\/wp-content\/uploads\/2025\/10\/eldarund.png\",\"width\":1024,\"height\":1024,\"caption\":\"eslebedasauto\"},\"image\":{\"@id\":\"https:\/\/www.eslebedasauto.at\/#\/schema\/logo\/image\/\"},\"sameAs\":[\"https:\/\/www.facebook.com\/eslebedasauto.at\",\"https:\/\/www.instagram.com\/es_lebe_das_auto\/\"]},{\"@type\":\"Person\",\"@id\":\"https:\/\/www.eslebedasauto.at\/#\/schema\/person\/fb81218b0bed500d225ff518f9f17033\",\"name\":\"gerhard\",\"url\":\"https:\/\/www.eslebedasauto.at\/it\/author\/gerhard\/\"}]}<\/script>\n<!-- \/ Yoast SEO plugin. -->","yoast_head_json":{"title":"Mazda CX-80. Sch\u00f6ner Wohnen. - Es lebe das Auto","robots":{"index":"index","follow":"follow","max-snippet":"max-snippet:-1","max-image-preview":"max-image-preview:large","max-video-preview":"max-video-preview:-1"},"canonical":"https:\/\/www.eslebedasauto.at\/it\/mazda-cx-80-schoener-wohnen\/","og_locale":"it_IT","og_type":"article","og_title":"Mazda CX-80. Sch\u00f6ner Wohnen. - Es lebe das Auto","og_description":"Feines Interieur-Ambiente trifft beim Mazda CX-80 auf tolle Technik und ganz viel Platz.","og_url":"https:\/\/www.eslebedasauto.at\/it\/mazda-cx-80-schoener-wohnen\/","og_site_name":"Es lebe das Auto","article_publisher":"https:\/\/www.facebook.com\/eslebedasauto.at","article_published_time":"2025-02-22T18:42:59+00:00","article_modified_time":"2025-02-22T18:53:24+00:00","og_image":[{"width":2048,"height":1536,"url":"https:\/\/www.eslebedasauto.at\/wp-content\/uploads\/2025\/02\/IMG_1312.jpeg","type":"image\/jpeg"}],"author":"gerhard","twitter_card":"summary_large_image","twitter_misc":{"Scritto da":"gerhard","Tempo di lettura stimato":"6 minuti"},"schema":{"@context":"https:\/\/schema.org","@graph":[{"@type":"Article","@id":"https:\/\/www.eslebedasauto.at\/mazda-cx-80-schoener-wohnen\/#article","isPartOf":{"@id":"https:\/\/www.eslebedasauto.at\/mazda-cx-80-schoener-wohnen\/"},"author":{"name":"gerhard","@id":"https:\/\/www.eslebedasauto.at\/#\/schema\/person\/fb81218b0bed500d225ff518f9f17033"},"headline":"Mazda CX-80. Sch\u00f6ner Wohnen.","datePublished":"2025-02-22T18:42:59+00:00","dateModified":"2025-02-22T18:53:24+00:00","mainEntityOfPage":{"@id":"https:\/\/www.eslebedasauto.at\/mazda-cx-80-schoener-wohnen\/"},"wordCount":576,"commentCount":0,"publisher":{"@id":"https:\/\/www.eslebedasauto.at\/#organization"},"image":{"@id":"https:\/\/www.eslebedasauto.at\/mazda-cx-80-schoener-wohnen\/#primaryimage"},"thumbnailUrl":"https:\/\/www.eslebedasauto.at\/wp-content\/uploads\/2025\/02\/IMG_1312.jpeg","articleSection":["Fahrberichte","Hybrid"],"inLanguage":"it-IT","potentialAction":[{"@type":"CommentAction","name":"Comment","target":["https:\/\/www.eslebedasauto.at\/mazda-cx-80-schoener-wohnen\/#respond"]}]},{"@type":"WebPage","@id":"https:\/\/www.eslebedasauto.at\/mazda-cx-80-schoener-wohnen\/","url":"https:\/\/www.eslebedasauto.at\/mazda-cx-80-schoener-wohnen\/","name":"Mazda CX-80. Sch\u00f6ner Wohnen. - Es lebe das Auto","isPartOf":{"@id":"https:\/\/www.eslebedasauto.at\/#website"},"primaryImageOfPage":{"@id":"https:\/\/www.eslebedasauto.at\/mazda-cx-80-schoener-wohnen\/#primaryimage"},"image":{"@id":"https:\/\/www.eslebedasauto.at\/mazda-cx-80-schoener-wohnen\/#primaryimage"},"thumbnailUrl":"https:\/\/www.eslebedasauto.at\/wp-content\/uploads\/2025\/02\/IMG_1312.jpeg","datePublished":"2025-02-22T18:42:59+00:00","dateModified":"2025-02-22T18:53:24+00:00","breadcrumb":{"@id":"https:\/\/www.eslebedasauto.at\/mazda-cx-80-schoener-wohnen\/#breadcrumb"},"inLanguage":"it-IT","potentialAction":[{"@type":"ReadAction","target":["https:\/\/www.eslebedasauto.at\/mazda-cx-80-schoener-wohnen\/"]}]},{"@type":"ImageObject","inLanguage":"it-IT","@id":"https:\/\/www.eslebedasauto.at\/mazda-cx-80-schoener-wohnen\/#primaryimage","url":"https:\/\/www.eslebedasauto.at\/wp-content\/uploads\/2025\/02\/IMG_1312.jpeg","contentUrl":"https:\/\/www.eslebedasauto.at\/wp-content\/uploads\/2025\/02\/IMG_1312.jpeg","width":2048,"height":1536},{"@type":"BreadcrumbList","@id":"https:\/\/www.eslebedasauto.at\/mazda-cx-80-schoener-wohnen\/#breadcrumb","itemListElement":[{"@type":"ListItem","position":1,"name":"Startseite","item":"https:\/\/www.eslebedasauto.at\/"},{"@type":"ListItem","position":2,"name":"Mazda CX-80. Sch\u00f6ner Wohnen."}]},{"@type":"WebSite","@id":"https:\/\/www.eslebedasauto.at\/#website","url":"https:\/\/www.eslebedasauto.at\/","name":"Es lebe das Auto","description":"ein Hoch auf den Individualverkehr","publisher":{"@id":"https:\/\/www.eslebedasauto.at\/#organization"},"potentialAction":[{"@type":"SearchAction","target":{"@type":"EntryPoint","urlTemplate":"https:\/\/www.eslebedasauto.at\/?s={search_term_string}"},"query-input":{"@type":"PropertyValueSpecification","valueRequired":true,"valueName":"search_term_string"}}],"inLanguage":"it-IT"},{"@type":"Organization","@id":"https:\/\/www.eslebedasauto.at\/#organization","name":"eslebedasauto","url":"https:\/\/www.eslebedasauto.at\/","logo":{"@type":"ImageObject","inLanguage":"it-IT","@id":"https:\/\/www.eslebedasauto.at\/#\/schema\/logo\/image\/","url":"https:\/\/www.eslebedasauto.at\/wp-content\/uploads\/2025\/10\/eldarund.png","contentUrl":"https:\/\/www.eslebedasauto.at\/wp-content\/uploads\/2025\/10\/eldarund.png","width":1024,"height":1024,"caption":"eslebedasauto"},"image":{"@id":"https:\/\/www.eslebedasauto.at\/#\/schema\/logo\/image\/"},"sameAs":["https:\/\/www.facebook.com\/eslebedasauto.at","https:\/\/www.instagram.com\/es_lebe_das_auto\/"]},{"@type":"Person","@id":"https:\/\/www.eslebedasauto.at\/#\/schema\/person\/fb81218b0bed500d225ff518f9f17033","name":"gerhard","url":"https:\/\/www.eslebedasauto.at\/it\/author\/gerhard\/"}]}},"_links":{"self":[{"href":"https:\/\/www.eslebedasauto.at\/it\/wp-json\/wp\/v2\/posts\/97885","targetHints":{"allow":["GET"]}}],"collection":[{"href":"https:\/\/www.eslebedasauto.at\/it\/wp-json\/wp\/v2\/posts"}],"about":[{"href":"https:\/\/www.eslebedasauto.at\/it\/wp-json\/wp\/v2\/types\/post"}],"author":[{"embeddable":true,"href":"https:\/\/www.eslebedasauto.at\/it\/wp-json\/wp\/v2\/users\/2"}],"replies":[{"embeddable":true,"href":"https:\/\/www.eslebedasauto.at\/it\/wp-json\/wp\/v2\/comments?post=97885"}],"version-history":[{"count":9,"href":"https:\/\/www.eslebedasauto.at\/it\/wp-json\/wp\/v2\/posts\/97885\/revisions"}],"predecessor-version":[{"id":97925,"href":"https:\/\/www.eslebedasauto.at\/it\/wp-json\/wp\/v2\/posts\/97885\/revisions\/97925"}],"wp:featuredmedia":[{"embeddable":true,"href":"https:\/\/www.eslebedasauto.at\/it\/wp-json\/wp\/v2\/media\/97907"}],"wp:attachment":[{"href":"https:\/\/www.eslebedasauto.at\/it\/wp-json\/wp\/v2\/media?parent=97885"}],"wp:term":[{"taxonomy":"category","embeddable":true,"href":"https:\/\/www.eslebedasauto.at\/it\/wp-json\/wp\/v2\/categories?post=97885"},{"taxonomy":"post_tag","embeddable":true,"href":"https:\/\/www.eslebedasauto.at\/it\/wp-json\/wp\/v2\/tags?post=97885"}],"curies":[{"name":"wp","href":"https:\/\/api.w.org\/{rel}","templated":true}]}}