{"id":97878,"date":"2025-06-09T09:56:17","date_gmt":"2025-06-09T07:56:17","guid":{"rendered":"https:\/\/www.eslebedasauto.at\/?p=97878"},"modified":"2025-06-09T10:02:35","modified_gmt":"2025-06-09T08:02:35","slug":"opel-mokka-frisch-aufgebrueht","status":"publish","type":"post","link":"https:\/\/www.eslebedasauto.at\/it\/opel-mokka-frisch-aufgebrueht\/","title":{"rendered":"Opel Mokka &#8211; frisch aufgebr\u00fcht."},"content":{"rendered":"<h2 id=\"opel-hat-kurzlich-den-mokka-aufgefrischt-und-wir-sind-die-beiden-wohl-interessantesten-varianten-fur-euch-gefahren\" class=\"wp-block-heading\">Opel hat k\u00fcrzlich den Mokka aufgefrischt &#8211; und wir sind die beiden wohl interessantesten Varianten f\u00fcr euch gefahren.<\/h2>\n\n\n\n<figure class=\"wp-block-gallery has-nested-images columns-default is-cropped wp-block-gallery-1 is-layout-flex wp-block-gallery-is-layout-flex\">\n<figure class=\"wp-block-image size-large\"><img fetchpriority=\"high\" decoding=\"async\" width=\"1024\" height=\"768\" data-id=\"99218\" src=\"https:\/\/www.eslebedasauto.at\/wp-content\/uploads\/2025\/06\/d5b22c4e-2a9d-4ba2-9d24-1dec8889fb6f-1024x768.jpg\" alt=\"\" class=\"wp-image-99218\" srcset=\"https:\/\/www.eslebedasauto.at\/wp-content\/uploads\/2025\/06\/d5b22c4e-2a9d-4ba2-9d24-1dec8889fb6f-1024x768.jpg 1024w, https:\/\/www.eslebedasauto.at\/wp-content\/uploads\/2025\/06\/d5b22c4e-2a9d-4ba2-9d24-1dec8889fb6f-300x225.jpg 300w, https:\/\/www.eslebedasauto.at\/wp-content\/uploads\/2025\/06\/d5b22c4e-2a9d-4ba2-9d24-1dec8889fb6f-768x576.jpg 768w, https:\/\/www.eslebedasauto.at\/wp-content\/uploads\/2025\/06\/d5b22c4e-2a9d-4ba2-9d24-1dec8889fb6f-1536x1152.jpg 1536w, https:\/\/www.eslebedasauto.at\/wp-content\/uploads\/2025\/06\/d5b22c4e-2a9d-4ba2-9d24-1dec8889fb6f.jpg 2000w\" sizes=\"(max-width: 1024px) 100vw, 1024px\" \/><\/figure>\n\n\n\n<figure class=\"wp-block-image size-large\"><img decoding=\"async\" width=\"768\" height=\"1024\" data-id=\"99215\" src=\"https:\/\/www.eslebedasauto.at\/wp-content\/uploads\/2025\/06\/IMG_2434-768x1024.jpeg\" alt=\"\" class=\"wp-image-99215\" srcset=\"https:\/\/www.eslebedasauto.at\/wp-content\/uploads\/2025\/06\/IMG_2434-768x1024.jpeg 768w, https:\/\/www.eslebedasauto.at\/wp-content\/uploads\/2025\/06\/IMG_2434-225x300.jpeg 225w, https:\/\/www.eslebedasauto.at\/wp-content\/uploads\/2025\/06\/IMG_2434-1152x1536.jpeg 1152w, https:\/\/www.eslebedasauto.at\/wp-content\/uploads\/2025\/06\/IMG_2434.jpeg 1536w\" sizes=\"(max-width: 768px) 100vw, 768px\" \/><\/figure>\n<\/figure>\n\n\n\n<p>Die \u00dcberarbeitung fiel betont dezent aus. Rein optisch war eigentlich nix notwendig, steht doch das kompakteste der drei Opel-SUV nach wie vor taufrisch auf der Stra\u00dfe. Lediglich an der neuen Licht-Grafik, der sachte \u00fcberarbeiteten Frontsch\u00fcrze und an den neuen frischen Farben erkennen echte Fans den 2025er-Jahrgang. <\/p>\n\n\n\n<figure class=\"wp-block-image size-large\"><img decoding=\"async\" width=\"1024\" height=\"768\" src=\"https:\/\/www.eslebedasauto.at\/wp-content\/uploads\/2025\/06\/IMG_2438-1024x768.jpeg\" alt=\"\" class=\"wp-image-99225\" srcset=\"https:\/\/www.eslebedasauto.at\/wp-content\/uploads\/2025\/06\/IMG_2438-1024x768.jpeg 1024w, https:\/\/www.eslebedasauto.at\/wp-content\/uploads\/2025\/06\/IMG_2438-300x225.jpeg 300w, https:\/\/www.eslebedasauto.at\/wp-content\/uploads\/2025\/06\/IMG_2438-768x576.jpeg 768w, https:\/\/www.eslebedasauto.at\/wp-content\/uploads\/2025\/06\/IMG_2438-1536x1152.jpeg 1536w, https:\/\/www.eslebedasauto.at\/wp-content\/uploads\/2025\/06\/IMG_2438.jpeg 2048w\" sizes=\"(max-width: 1024px) 100vw, 1024px\" \/><\/figure>\n\n\n\n<h3 id=\"wir-hatten-jetzt-sowohl-die-mildhybrid-als-auch-die-vollelektrische-variante-des-kleinen-opel-suvs-bei-uns-im-fuhrpark\" class=\"wp-block-heading\">Wir hatten jetzt sowohl die Mildhybrid-, als auch die vollelektrische Variante des kleinen Opel SUVs bei uns im Fuhrpark.<\/h3>\n\n\n\n<p><strong>Die vollelektrische Variante &#8211; der Mokka e &#8211; leistet nun die mittlerweile im Stellantis-Konzern \u00fcblichen 156 PS <\/strong>und bietet damit realistische 350 Kilometer Reichweite. Der neue Antriebsstrang ist deutlich sparsamer geworden &#8211; im Schnitt gibt die Werksangabe 15 kWh Verbrauch \u00fcber die 100 Kilometer an &#8211; und diese Werksangabe l\u00fcgt nicht. Im Gegenteil: Wir schafften im gemischten Fahrbetrieb inklusive mehrerer hundert Kilometer Autobahn einen Verbrauchsschnitt von 14,0 kWh auf hundert Kilometer &#8211; wohlgemerkt normal gefahren, also keine Schleichfahrt &#8211; halt immer im Rahmen des Gesetzes.<\/p>\n\n\n\n<figure class=\"wp-block-image size-large\"><img loading=\"lazy\" decoding=\"async\" width=\"1024\" height=\"768\" src=\"https:\/\/www.eslebedasauto.at\/wp-content\/uploads\/2025\/06\/IMG_2550-1024x768.jpeg\" alt=\"\" class=\"wp-image-99217\" srcset=\"https:\/\/www.eslebedasauto.at\/wp-content\/uploads\/2025\/06\/IMG_2550-1024x768.jpeg 1024w, https:\/\/www.eslebedasauto.at\/wp-content\/uploads\/2025\/06\/IMG_2550-300x225.jpeg 300w, https:\/\/www.eslebedasauto.at\/wp-content\/uploads\/2025\/06\/IMG_2550-768x576.jpeg 768w, https:\/\/www.eslebedasauto.at\/wp-content\/uploads\/2025\/06\/IMG_2550-1536x1152.jpeg 1536w, https:\/\/www.eslebedasauto.at\/wp-content\/uploads\/2025\/06\/IMG_2550.jpeg 2048w\" sizes=\"(max-width: 1024px) 100vw, 1024px\" \/><\/figure>\n\n\n\n<p>Nat\u00fcrlich waren die Bedingungen ideal &#8211; fr\u00fchlingshafte 16 Grad, weder Heizung noch Klimatisierung wurden verwendet. Dennoch muss man anmerken, dass man hier auch im Winter mit sehr guten Verbrauchswerten rechnen darf. In einem unserer letzten Wintereins\u00e4tze mit dem Opel Mokka e blieben wir im Schnitt unter der 18-kWh-Marke.<\/p>\n\n\n\n<figure class=\"wp-block-image size-large\"><img loading=\"lazy\" decoding=\"async\" width=\"1024\" height=\"768\" src=\"https:\/\/www.eslebedasauto.at\/wp-content\/uploads\/2025\/06\/IMG_2431-1024x768.jpeg\" alt=\"\" class=\"wp-image-99214\" srcset=\"https:\/\/www.eslebedasauto.at\/wp-content\/uploads\/2025\/06\/IMG_2431-1024x768.jpeg 1024w, https:\/\/www.eslebedasauto.at\/wp-content\/uploads\/2025\/06\/IMG_2431-300x225.jpeg 300w, https:\/\/www.eslebedasauto.at\/wp-content\/uploads\/2025\/06\/IMG_2431-768x576.jpeg 768w, https:\/\/www.eslebedasauto.at\/wp-content\/uploads\/2025\/06\/IMG_2431-1536x1152.jpeg 1536w, https:\/\/www.eslebedasauto.at\/wp-content\/uploads\/2025\/06\/IMG_2431.jpeg 2048w\" sizes=\"(max-width: 1024px) 100vw, 1024px\" \/><\/figure>\n\n\n\n<h4 id=\"es-gilt-die-einfache-rechnung-kleiner-akku-wenig-gewicht-wenig-verbrauch-gute-reichweite\" class=\"wp-block-heading\">Es gilt die einfache Rechnung: Kleiner Akku = wenig Gewicht = wenig Verbrauch = gute Reichweite.<\/h4>\n\n\n\n<p>Zus\u00e4tzlich l\u00e4sst sich ein klein dimensionierter Akku auch schnell wieder aufladen &#8211; da reicht auch die maximale Ladeleistung von lediglich 100 kW f\u00fcr kurze Ladestopps v\u00f6llig aus, w\u00e4hrend man beim Hofer seinen Wocheneinkauf t\u00e4tigt.<\/p>\n\n\n\n<figure class=\"wp-block-image size-large\"><img loading=\"lazy\" decoding=\"async\" width=\"1024\" height=\"768\" src=\"https:\/\/www.eslebedasauto.at\/wp-content\/uploads\/2025\/06\/IMG_2422-1024x768.jpeg\" alt=\"\" class=\"wp-image-99223\" srcset=\"https:\/\/www.eslebedasauto.at\/wp-content\/uploads\/2025\/06\/IMG_2422-1024x768.jpeg 1024w, https:\/\/www.eslebedasauto.at\/wp-content\/uploads\/2025\/06\/IMG_2422-300x225.jpeg 300w, https:\/\/www.eslebedasauto.at\/wp-content\/uploads\/2025\/06\/IMG_2422-768x576.jpeg 768w, https:\/\/www.eslebedasauto.at\/wp-content\/uploads\/2025\/06\/IMG_2422-1536x1152.jpeg 1536w, https:\/\/www.eslebedasauto.at\/wp-content\/uploads\/2025\/06\/IMG_2422.jpeg 2048w\" sizes=\"(max-width: 1024px) 100vw, 1024px\" \/><\/figure>\n\n\n\n<p><strong>Unser zweiter Opel Mokka Testwagen war mit dem 145 PS starken Mildhybrid-Motor ausgestattet.<\/strong> Wenn man Mildhybrid h\u00f6rt, denkt man meistens an eher zarte, unmerkliche Elektrounterst\u00fctzung. Im Falles dieses Autos ist das aber nicht so. Es hat uns immer wieder verwundert, wie oft man hier rein elektrisch Land gewinnt &#8211; und das nicht nur in Tiefgaragen oder im Stop &amp; Go Verkehr.<\/p>\n\n\n\n<figure class=\"wp-block-image size-large\"><img loading=\"lazy\" decoding=\"async\" width=\"1024\" height=\"768\" src=\"https:\/\/www.eslebedasauto.at\/wp-content\/uploads\/2025\/06\/ec86b6fc-015b-4484-abe5-bd030570e4dd-1024x768.jpeg\" alt=\"\" class=\"wp-image-99226\" srcset=\"https:\/\/www.eslebedasauto.at\/wp-content\/uploads\/2025\/06\/ec86b6fc-015b-4484-abe5-bd030570e4dd-1024x768.jpeg 1024w, https:\/\/www.eslebedasauto.at\/wp-content\/uploads\/2025\/06\/ec86b6fc-015b-4484-abe5-bd030570e4dd-300x225.jpeg 300w, https:\/\/www.eslebedasauto.at\/wp-content\/uploads\/2025\/06\/ec86b6fc-015b-4484-abe5-bd030570e4dd-768x576.jpeg 768w, https:\/\/www.eslebedasauto.at\/wp-content\/uploads\/2025\/06\/ec86b6fc-015b-4484-abe5-bd030570e4dd-1536x1152.jpeg 1536w, https:\/\/www.eslebedasauto.at\/wp-content\/uploads\/2025\/06\/ec86b6fc-015b-4484-abe5-bd030570e4dd.jpeg 2000w\" sizes=\"(max-width: 1024px) 100vw, 1024px\" \/><\/figure>\n\n\n\n<p><strong>Im Opel Mokka Mildhybrid erkennt man sofort, wenn man im E-Mode f\u00e4hrt.<\/strong> Dann erstrahlt n\u00e4mlich die Tachoanzeige leuchtend blau, w\u00e4hrend sie in Verbrennerfahrt unscheinbar wei\u00df aufscheint. Das stachelt an. Immer wieder versucht man die Farbe ins Blaue zu wechseln, indem man den Mokka auf der Autobahn segeln l\u00e4sst oder einfach das Gas etwas lupft. So erreicht man dann sehr ordentliche Verbrauchswerte &#8211; unser Schnitt lag bei 4,3 Liter Super auf hundert Kilometern.<\/p>\n\n\n\n<figure class=\"wp-block-gallery has-nested-images columns-default is-cropped wp-block-gallery-2 is-layout-flex wp-block-gallery-is-layout-flex\">\n<figure class=\"wp-block-image size-large\"><img loading=\"lazy\" decoding=\"async\" width=\"1024\" height=\"768\" data-id=\"99227\" src=\"https:\/\/www.eslebedasauto.at\/wp-content\/uploads\/2025\/06\/3a7c1321-df56-4ec1-a201-c8e5272091a9-1024x768.jpeg\" alt=\"\" class=\"wp-image-99227\" srcset=\"https:\/\/www.eslebedasauto.at\/wp-content\/uploads\/2025\/06\/3a7c1321-df56-4ec1-a201-c8e5272091a9-1024x768.jpeg 1024w, https:\/\/www.eslebedasauto.at\/wp-content\/uploads\/2025\/06\/3a7c1321-df56-4ec1-a201-c8e5272091a9-300x225.jpeg 300w, https:\/\/www.eslebedasauto.at\/wp-content\/uploads\/2025\/06\/3a7c1321-df56-4ec1-a201-c8e5272091a9-768x576.jpeg 768w, https:\/\/www.eslebedasauto.at\/wp-content\/uploads\/2025\/06\/3a7c1321-df56-4ec1-a201-c8e5272091a9-1536x1152.jpeg 1536w, https:\/\/www.eslebedasauto.at\/wp-content\/uploads\/2025\/06\/3a7c1321-df56-4ec1-a201-c8e5272091a9.jpeg 2000w\" sizes=\"(max-width: 1024px) 100vw, 1024px\" \/><\/figure>\n\n\n\n<figure class=\"wp-block-image size-large\"><img loading=\"lazy\" decoding=\"async\" width=\"1024\" height=\"768\" data-id=\"99228\" src=\"https:\/\/www.eslebedasauto.at\/wp-content\/uploads\/2025\/06\/IMG_2284-1024x768.jpeg\" alt=\"\" class=\"wp-image-99228\" srcset=\"https:\/\/www.eslebedasauto.at\/wp-content\/uploads\/2025\/06\/IMG_2284-1024x768.jpeg 1024w, https:\/\/www.eslebedasauto.at\/wp-content\/uploads\/2025\/06\/IMG_2284-300x225.jpeg 300w, https:\/\/www.eslebedasauto.at\/wp-content\/uploads\/2025\/06\/IMG_2284-768x576.jpeg 768w, https:\/\/www.eslebedasauto.at\/wp-content\/uploads\/2025\/06\/IMG_2284-1536x1152.jpeg 1536w, https:\/\/www.eslebedasauto.at\/wp-content\/uploads\/2025\/06\/IMG_2284.jpeg 2048w\" sizes=\"(max-width: 1024px) 100vw, 1024px\" \/><\/figure>\n<\/figure>\n\n\n\n<p><strong>Bei unserer Testfahrt gefiel uns der neue Opel Mokka &#8211; egal ob Electric oder Mildhybrid &#8211; vor allem durch sein spa\u00dfiges Fahrverhalten<\/strong> &#8211; er punktet da in allen Bereichen, egal ob man die Kurve liebt, auf der Autobahn dahinstr\u00f6mt oder in der verzwickten Innenstadt erfolgreich nach einem Parkplatz sucht. Die relativ geringe Motorleistung reicht dabei in beiden F\u00e4llen v\u00f6llig aus.<\/p>\n\n\n\n<figure class=\"wp-block-image size-large\"><img loading=\"lazy\" decoding=\"async\" width=\"1024\" height=\"671\" src=\"https:\/\/www.eslebedasauto.at\/wp-content\/uploads\/2025\/02\/aum_photo_20250219_247115-1024x671.jpg\" alt=\"\" class=\"wp-image-97883\" srcset=\"https:\/\/www.eslebedasauto.at\/wp-content\/uploads\/2025\/02\/aum_photo_20250219_247115-1024x671.jpg 1024w, https:\/\/www.eslebedasauto.at\/wp-content\/uploads\/2025\/02\/aum_photo_20250219_247115-300x197.jpg 300w, https:\/\/www.eslebedasauto.at\/wp-content\/uploads\/2025\/02\/aum_photo_20250219_247115-768x503.jpg 768w, https:\/\/www.eslebedasauto.at\/wp-content\/uploads\/2025\/02\/aum_photo_20250219_247115-1536x1007.jpg 1536w, https:\/\/www.eslebedasauto.at\/wp-content\/uploads\/2025\/02\/aum_photo_20250219_247115-2048x1343.jpg 2048w\" sizes=\"(max-width: 1024px) 100vw, 1024px\" \/><figcaption class=\"wp-element-caption\">Wer m\u00f6chte, fragt im neuen Opel Mokka ChatGPT um Auskunft.<\/figcaption><\/figure>\n\n\n\n<p><\/p>\n\n\n\n<p>Preislich startet der Opel Mokka e ab EUR 35.999,-<br>Der Opel Mokka Mildhybrid steht ab EUR 29.790,- in der Preisliste.<\/p>\n\n\n\n<p><\/p>","protected":false},"excerpt":{"rendered":"<p>Wir hatten jetzt sowohl die Mildhybrid-, als auch die vollelektrische Variante des kleinen Opel SUVs bei uns im Fuhrpark.<\/p>","protected":false},"author":2,"featured_media":99216,"comment_status":"open","ping_status":"open","sticky":false,"template":"","format":"standard","meta":{"neve_meta_sidebar":"","neve_meta_container":"","neve_meta_enable_content_width":"","neve_meta_content_width":0,"neve_meta_title_alignment":"","neve_meta_author_avatar":"","neve_post_elements_order":"","neve_meta_disable_header":"","neve_meta_disable_footer":"","neve_meta_disable_title":"","neve_meta_reading_time":"","footnotes":""},"categories":[555,335,12],"tags":[],"class_list":["post-97878","post","type-post","status-publish","format-standard","has-post-thumbnail","hentry","category-electrofun","category-fahrberichte","category-hybrid"],"yoast_head":"<!-- This site is optimized with the Yoast SEO plugin v26.8 - https:\/\/yoast.com\/product\/yoast-seo-wordpress\/ -->\n<title>Opel Mokka - frisch aufgebr\u00fcht. - Es lebe das Auto<\/title>\n<meta name=\"description\" content=\"Wir hatten jetzt sowohl die Mildhybrid-, als auch die vollelektrische Variante des kleinen Opel SUVs bei uns im Fuhrpark.\" \/>\n<meta name=\"robots\" content=\"index, follow, max-snippet:-1, max-image-preview:large, max-video-preview:-1\" \/>\n<link rel=\"canonical\" href=\"https:\/\/www.eslebedasauto.at\/it\/opel-mokka-frisch-aufgebrueht\/\" \/>\n<meta property=\"og:locale\" content=\"it_IT\" \/>\n<meta property=\"og:type\" content=\"article\" \/>\n<meta property=\"og:title\" content=\"Opel Mokka - frisch aufgebr\u00fcht. - Es lebe das Auto\" \/>\n<meta property=\"og:description\" content=\"Wir hatten jetzt sowohl die Mildhybrid-, als auch die vollelektrische Variante des kleinen Opel SUVs bei uns im Fuhrpark.\" \/>\n<meta property=\"og:url\" content=\"https:\/\/www.eslebedasauto.at\/it\/opel-mokka-frisch-aufgebrueht\/\" \/>\n<meta property=\"og:site_name\" content=\"Es lebe das Auto\" \/>\n<meta property=\"article:publisher\" content=\"https:\/\/www.facebook.com\/eslebedasauto.at\" \/>\n<meta property=\"article:published_time\" content=\"2025-06-09T07:56:17+00:00\" \/>\n<meta property=\"article:modified_time\" content=\"2025-06-09T08:02:35+00:00\" \/>\n<meta property=\"og:image\" content=\"https:\/\/www.eslebedasauto.at\/wp-content\/uploads\/2025\/06\/IMG_2439.jpeg\" \/>\n\t<meta property=\"og:image:width\" content=\"2048\" \/>\n\t<meta property=\"og:image:height\" content=\"1536\" \/>\n\t<meta property=\"og:image:type\" content=\"image\/jpeg\" \/>\n<meta name=\"author\" content=\"gerhard\" \/>\n<meta name=\"twitter:card\" content=\"summary_large_image\" \/>\n<meta name=\"twitter:label1\" content=\"Scritto da\" \/>\n\t<meta name=\"twitter:data1\" content=\"gerhard\" \/>\n\t<meta name=\"twitter:label2\" content=\"Tempo di lettura stimato\" \/>\n\t<meta name=\"twitter:data2\" content=\"5 minuti\" \/>\n<script type=\"application\/ld+json\" class=\"yoast-schema-graph\">{\"@context\":\"https:\/\/schema.org\",\"@graph\":[{\"@type\":\"Article\",\"@id\":\"https:\/\/www.eslebedasauto.at\/opel-mokka-frisch-aufgebrueht\/#article\",\"isPartOf\":{\"@id\":\"https:\/\/www.eslebedasauto.at\/opel-mokka-frisch-aufgebrueht\/\"},\"author\":{\"name\":\"gerhard\",\"@id\":\"https:\/\/www.eslebedasauto.at\/#\/schema\/person\/fb81218b0bed500d225ff518f9f17033\"},\"headline\":\"Opel Mokka &#8211; frisch aufgebr\u00fcht.\",\"datePublished\":\"2025-06-09T07:56:17+00:00\",\"dateModified\":\"2025-06-09T08:02:35+00:00\",\"mainEntityOfPage\":{\"@id\":\"https:\/\/www.eslebedasauto.at\/opel-mokka-frisch-aufgebrueht\/\"},\"wordCount\":507,\"commentCount\":0,\"publisher\":{\"@id\":\"https:\/\/www.eslebedasauto.at\/#organization\"},\"image\":{\"@id\":\"https:\/\/www.eslebedasauto.at\/opel-mokka-frisch-aufgebrueht\/#primaryimage\"},\"thumbnailUrl\":\"https:\/\/www.eslebedasauto.at\/wp-content\/uploads\/2025\/06\/IMG_2439.jpeg\",\"articleSection\":[\"Electrofun\",\"Fahrberichte\",\"Hybrid\"],\"inLanguage\":\"it-IT\",\"potentialAction\":[{\"@type\":\"CommentAction\",\"name\":\"Comment\",\"target\":[\"https:\/\/www.eslebedasauto.at\/opel-mokka-frisch-aufgebrueht\/#respond\"]}]},{\"@type\":\"WebPage\",\"@id\":\"https:\/\/www.eslebedasauto.at\/opel-mokka-frisch-aufgebrueht\/\",\"url\":\"https:\/\/www.eslebedasauto.at\/opel-mokka-frisch-aufgebrueht\/\",\"name\":\"Opel Mokka - frisch aufgebr\u00fcht. - Es lebe das Auto\",\"isPartOf\":{\"@id\":\"https:\/\/www.eslebedasauto.at\/#website\"},\"primaryImageOfPage\":{\"@id\":\"https:\/\/www.eslebedasauto.at\/opel-mokka-frisch-aufgebrueht\/#primaryimage\"},\"image\":{\"@id\":\"https:\/\/www.eslebedasauto.at\/opel-mokka-frisch-aufgebrueht\/#primaryimage\"},\"thumbnailUrl\":\"https:\/\/www.eslebedasauto.at\/wp-content\/uploads\/2025\/06\/IMG_2439.jpeg\",\"datePublished\":\"2025-06-09T07:56:17+00:00\",\"dateModified\":\"2025-06-09T08:02:35+00:00\",\"description\":\"Wir hatten jetzt sowohl die Mildhybrid-, als auch die vollelektrische Variante des kleinen Opel SUVs bei uns im Fuhrpark.\",\"breadcrumb\":{\"@id\":\"https:\/\/www.eslebedasauto.at\/opel-mokka-frisch-aufgebrueht\/#breadcrumb\"},\"inLanguage\":\"it-IT\",\"potentialAction\":[{\"@type\":\"ReadAction\",\"target\":[\"https:\/\/www.eslebedasauto.at\/opel-mokka-frisch-aufgebrueht\/\"]}]},{\"@type\":\"ImageObject\",\"inLanguage\":\"it-IT\",\"@id\":\"https:\/\/www.eslebedasauto.at\/opel-mokka-frisch-aufgebrueht\/#primaryimage\",\"url\":\"https:\/\/www.eslebedasauto.at\/wp-content\/uploads\/2025\/06\/IMG_2439.jpeg\",\"contentUrl\":\"https:\/\/www.eslebedasauto.at\/wp-content\/uploads\/2025\/06\/IMG_2439.jpeg\",\"width\":2048,\"height\":1536},{\"@type\":\"BreadcrumbList\",\"@id\":\"https:\/\/www.eslebedasauto.at\/opel-mokka-frisch-aufgebrueht\/#breadcrumb\",\"itemListElement\":[{\"@type\":\"ListItem\",\"position\":1,\"name\":\"Startseite\",\"item\":\"https:\/\/www.eslebedasauto.at\/\"},{\"@type\":\"ListItem\",\"position\":2,\"name\":\"Opel Mokka &#8211; frisch aufgebr\u00fcht.\"}]},{\"@type\":\"WebSite\",\"@id\":\"https:\/\/www.eslebedasauto.at\/#website\",\"url\":\"https:\/\/www.eslebedasauto.at\/\",\"name\":\"Es lebe das Auto\",\"description\":\"ein Hoch auf den Individualverkehr\",\"publisher\":{\"@id\":\"https:\/\/www.eslebedasauto.at\/#organization\"},\"potentialAction\":[{\"@type\":\"SearchAction\",\"target\":{\"@type\":\"EntryPoint\",\"urlTemplate\":\"https:\/\/www.eslebedasauto.at\/?s={search_term_string}\"},\"query-input\":{\"@type\":\"PropertyValueSpecification\",\"valueRequired\":true,\"valueName\":\"search_term_string\"}}],\"inLanguage\":\"it-IT\"},{\"@type\":\"Organization\",\"@id\":\"https:\/\/www.eslebedasauto.at\/#organization\",\"name\":\"eslebedasauto\",\"url\":\"https:\/\/www.eslebedasauto.at\/\",\"logo\":{\"@type\":\"ImageObject\",\"inLanguage\":\"it-IT\",\"@id\":\"https:\/\/www.eslebedasauto.at\/#\/schema\/logo\/image\/\",\"url\":\"https:\/\/www.eslebedasauto.at\/wp-content\/uploads\/2025\/10\/eldarund.png\",\"contentUrl\":\"https:\/\/www.eslebedasauto.at\/wp-content\/uploads\/2025\/10\/eldarund.png\",\"width\":1024,\"height\":1024,\"caption\":\"eslebedasauto\"},\"image\":{\"@id\":\"https:\/\/www.eslebedasauto.at\/#\/schema\/logo\/image\/\"},\"sameAs\":[\"https:\/\/www.facebook.com\/eslebedasauto.at\",\"https:\/\/www.instagram.com\/es_lebe_das_auto\/\"]},{\"@type\":\"Person\",\"@id\":\"https:\/\/www.eslebedasauto.at\/#\/schema\/person\/fb81218b0bed500d225ff518f9f17033\",\"name\":\"gerhard\",\"url\":\"https:\/\/www.eslebedasauto.at\/it\/author\/gerhard\/\"}]}<\/script>\n<!-- \/ Yoast SEO plugin. -->","yoast_head_json":{"title":"Opel Mokka - frisch aufgebr\u00fcht. - Es lebe das Auto","description":"Wir hatten jetzt sowohl die Mildhybrid-, als auch die vollelektrische Variante des kleinen Opel SUVs bei uns im Fuhrpark.","robots":{"index":"index","follow":"follow","max-snippet":"max-snippet:-1","max-image-preview":"max-image-preview:large","max-video-preview":"max-video-preview:-1"},"canonical":"https:\/\/www.eslebedasauto.at\/it\/opel-mokka-frisch-aufgebrueht\/","og_locale":"it_IT","og_type":"article","og_title":"Opel Mokka - frisch aufgebr\u00fcht. - Es lebe das Auto","og_description":"Wir hatten jetzt sowohl die Mildhybrid-, als auch die vollelektrische Variante des kleinen Opel SUVs bei uns im Fuhrpark.","og_url":"https:\/\/www.eslebedasauto.at\/it\/opel-mokka-frisch-aufgebrueht\/","og_site_name":"Es lebe das Auto","article_publisher":"https:\/\/www.facebook.com\/eslebedasauto.at","article_published_time":"2025-06-09T07:56:17+00:00","article_modified_time":"2025-06-09T08:02:35+00:00","og_image":[{"width":2048,"height":1536,"url":"https:\/\/www.eslebedasauto.at\/wp-content\/uploads\/2025\/06\/IMG_2439.jpeg","type":"image\/jpeg"}],"author":"gerhard","twitter_card":"summary_large_image","twitter_misc":{"Scritto da":"gerhard","Tempo di lettura stimato":"5 minuti"},"schema":{"@context":"https:\/\/schema.org","@graph":[{"@type":"Article","@id":"https:\/\/www.eslebedasauto.at\/opel-mokka-frisch-aufgebrueht\/#article","isPartOf":{"@id":"https:\/\/www.eslebedasauto.at\/opel-mokka-frisch-aufgebrueht\/"},"author":{"name":"gerhard","@id":"https:\/\/www.eslebedasauto.at\/#\/schema\/person\/fb81218b0bed500d225ff518f9f17033"},"headline":"Opel Mokka &#8211; frisch aufgebr\u00fcht.","datePublished":"2025-06-09T07:56:17+00:00","dateModified":"2025-06-09T08:02:35+00:00","mainEntityOfPage":{"@id":"https:\/\/www.eslebedasauto.at\/opel-mokka-frisch-aufgebrueht\/"},"wordCount":507,"commentCount":0,"publisher":{"@id":"https:\/\/www.eslebedasauto.at\/#organization"},"image":{"@id":"https:\/\/www.eslebedasauto.at\/opel-mokka-frisch-aufgebrueht\/#primaryimage"},"thumbnailUrl":"https:\/\/www.eslebedasauto.at\/wp-content\/uploads\/2025\/06\/IMG_2439.jpeg","articleSection":["Electrofun","Fahrberichte","Hybrid"],"inLanguage":"it-IT","potentialAction":[{"@type":"CommentAction","name":"Comment","target":["https:\/\/www.eslebedasauto.at\/opel-mokka-frisch-aufgebrueht\/#respond"]}]},{"@type":"WebPage","@id":"https:\/\/www.eslebedasauto.at\/opel-mokka-frisch-aufgebrueht\/","url":"https:\/\/www.eslebedasauto.at\/opel-mokka-frisch-aufgebrueht\/","name":"Opel Mokka - frisch aufgebr\u00fcht. - Es lebe das Auto","isPartOf":{"@id":"https:\/\/www.eslebedasauto.at\/#website"},"primaryImageOfPage":{"@id":"https:\/\/www.eslebedasauto.at\/opel-mokka-frisch-aufgebrueht\/#primaryimage"},"image":{"@id":"https:\/\/www.eslebedasauto.at\/opel-mokka-frisch-aufgebrueht\/#primaryimage"},"thumbnailUrl":"https:\/\/www.eslebedasauto.at\/wp-content\/uploads\/2025\/06\/IMG_2439.jpeg","datePublished":"2025-06-09T07:56:17+00:00","dateModified":"2025-06-09T08:02:35+00:00","description":"Wir hatten jetzt sowohl die Mildhybrid-, als auch die vollelektrische Variante des kleinen Opel SUVs bei uns im Fuhrpark.","breadcrumb":{"@id":"https:\/\/www.eslebedasauto.at\/opel-mokka-frisch-aufgebrueht\/#breadcrumb"},"inLanguage":"it-IT","potentialAction":[{"@type":"ReadAction","target":["https:\/\/www.eslebedasauto.at\/opel-mokka-frisch-aufgebrueht\/"]}]},{"@type":"ImageObject","inLanguage":"it-IT","@id":"https:\/\/www.eslebedasauto.at\/opel-mokka-frisch-aufgebrueht\/#primaryimage","url":"https:\/\/www.eslebedasauto.at\/wp-content\/uploads\/2025\/06\/IMG_2439.jpeg","contentUrl":"https:\/\/www.eslebedasauto.at\/wp-content\/uploads\/2025\/06\/IMG_2439.jpeg","width":2048,"height":1536},{"@type":"BreadcrumbList","@id":"https:\/\/www.eslebedasauto.at\/opel-mokka-frisch-aufgebrueht\/#breadcrumb","itemListElement":[{"@type":"ListItem","position":1,"name":"Startseite","item":"https:\/\/www.eslebedasauto.at\/"},{"@type":"ListItem","position":2,"name":"Opel Mokka &#8211; frisch aufgebr\u00fcht."}]},{"@type":"WebSite","@id":"https:\/\/www.eslebedasauto.at\/#website","url":"https:\/\/www.eslebedasauto.at\/","name":"Es lebe das Auto","description":"ein Hoch auf den Individualverkehr","publisher":{"@id":"https:\/\/www.eslebedasauto.at\/#organization"},"potentialAction":[{"@type":"SearchAction","target":{"@type":"EntryPoint","urlTemplate":"https:\/\/www.eslebedasauto.at\/?s={search_term_string}"},"query-input":{"@type":"PropertyValueSpecification","valueRequired":true,"valueName":"search_term_string"}}],"inLanguage":"it-IT"},{"@type":"Organization","@id":"https:\/\/www.eslebedasauto.at\/#organization","name":"eslebedasauto","url":"https:\/\/www.eslebedasauto.at\/","logo":{"@type":"ImageObject","inLanguage":"it-IT","@id":"https:\/\/www.eslebedasauto.at\/#\/schema\/logo\/image\/","url":"https:\/\/www.eslebedasauto.at\/wp-content\/uploads\/2025\/10\/eldarund.png","contentUrl":"https:\/\/www.eslebedasauto.at\/wp-content\/uploads\/2025\/10\/eldarund.png","width":1024,"height":1024,"caption":"eslebedasauto"},"image":{"@id":"https:\/\/www.eslebedasauto.at\/#\/schema\/logo\/image\/"},"sameAs":["https:\/\/www.facebook.com\/eslebedasauto.at","https:\/\/www.instagram.com\/es_lebe_das_auto\/"]},{"@type":"Person","@id":"https:\/\/www.eslebedasauto.at\/#\/schema\/person\/fb81218b0bed500d225ff518f9f17033","name":"gerhard","url":"https:\/\/www.eslebedasauto.at\/it\/author\/gerhard\/"}]}},"_links":{"self":[{"href":"https:\/\/www.eslebedasauto.at\/it\/wp-json\/wp\/v2\/posts\/97878","targetHints":{"allow":["GET"]}}],"collection":[{"href":"https:\/\/www.eslebedasauto.at\/it\/wp-json\/wp\/v2\/posts"}],"about":[{"href":"https:\/\/www.eslebedasauto.at\/it\/wp-json\/wp\/v2\/types\/post"}],"author":[{"embeddable":true,"href":"https:\/\/www.eslebedasauto.at\/it\/wp-json\/wp\/v2\/users\/2"}],"replies":[{"embeddable":true,"href":"https:\/\/www.eslebedasauto.at\/it\/wp-json\/wp\/v2\/comments?post=97878"}],"version-history":[{"count":4,"href":"https:\/\/www.eslebedasauto.at\/it\/wp-json\/wp\/v2\/posts\/97878\/revisions"}],"predecessor-version":[{"id":99229,"href":"https:\/\/www.eslebedasauto.at\/it\/wp-json\/wp\/v2\/posts\/97878\/revisions\/99229"}],"wp:featuredmedia":[{"embeddable":true,"href":"https:\/\/www.eslebedasauto.at\/it\/wp-json\/wp\/v2\/media\/99216"}],"wp:attachment":[{"href":"https:\/\/www.eslebedasauto.at\/it\/wp-json\/wp\/v2\/media?parent=97878"}],"wp:term":[{"taxonomy":"category","embeddable":true,"href":"https:\/\/www.eslebedasauto.at\/it\/wp-json\/wp\/v2\/categories?post=97878"},{"taxonomy":"post_tag","embeddable":true,"href":"https:\/\/www.eslebedasauto.at\/it\/wp-json\/wp\/v2\/tags?post=97878"}],"curies":[{"name":"wp","href":"https:\/\/api.w.org\/{rel}","templated":true}]}}