{"id":97783,"date":"2025-02-10T14:47:52","date_gmt":"2025-02-10T13:47:52","guid":{"rendered":"https:\/\/www.eslebedasauto.at\/?p=97783"},"modified":"2025-02-10T14:52:17","modified_gmt":"2025-02-10T13:52:17","slug":"nissan-juke-hybrid-2025-test","status":"publish","type":"post","link":"https:\/\/www.eslebedasauto.at\/it\/nissan-juke-hybrid-2025-test\/","title":{"rendered":"Mehr Platz, mehr Komfort, weniger Exzentrik \u2013 Der neue Nissan Juke im Test"},"content":{"rendered":"<p>Der Nissan Juke geht in die n\u00e4chste Runde und pr\u00e4sentiert sich mit mehr Platz, mehr Komfort und einem Facelift f\u00fcr 2024\/25. Optisch bleibt er ein Hingucker, technisch gibt&#8217;s einige Verbesserungen. Wir haben das SUV-Coup\u00e9 mit Dreizylinder-Benziner und Hybridantrieb im Raum Linz getestet.<\/p>\n\n\n\n<h3 id=\"kompakt-und-auffallend-das-design-bleibt-eigenwillig\" class=\"wp-block-heading\">Kompakt und auffallend: Das Design bleibt eigenwillig<\/h3>\n\n\n\n<figure class=\"wp-block-gallery has-nested-images columns-default is-cropped wp-block-gallery-1 is-layout-flex wp-block-gallery-is-layout-flex\">\n<figure class=\"wp-block-image size-full\"><img fetchpriority=\"high\" decoding=\"async\" width=\"2560\" height=\"1920\" data-id=\"97695\" src=\"https:\/\/www.eslebedasauto.at\/wp-content\/uploads\/2025\/02\/IMG_0237-scaled.jpg\" alt=\"\" class=\"wp-image-97695\" srcset=\"https:\/\/www.eslebedasauto.at\/wp-content\/uploads\/2025\/02\/IMG_0237-scaled.jpg 2560w, https:\/\/www.eslebedasauto.at\/wp-content\/uploads\/2025\/02\/IMG_0237-300x225.jpg 300w, https:\/\/www.eslebedasauto.at\/wp-content\/uploads\/2025\/02\/IMG_0237-1024x768.jpg 1024w, https:\/\/www.eslebedasauto.at\/wp-content\/uploads\/2025\/02\/IMG_0237-768x576.jpg 768w, https:\/\/www.eslebedasauto.at\/wp-content\/uploads\/2025\/02\/IMG_0237-1536x1152.jpg 1536w, https:\/\/www.eslebedasauto.at\/wp-content\/uploads\/2025\/02\/IMG_0237-2048x1536.jpg 2048w\" sizes=\"(max-width: 2560px) 100vw, 2560px\" \/><\/figure>\n\n\n\n<figure class=\"wp-block-image size-full\"><img decoding=\"async\" width=\"1920\" height=\"2560\" data-id=\"97694\" src=\"https:\/\/www.eslebedasauto.at\/wp-content\/uploads\/2025\/02\/IMG_0236-scaled.jpg\" alt=\"\" class=\"wp-image-97694\" srcset=\"https:\/\/www.eslebedasauto.at\/wp-content\/uploads\/2025\/02\/IMG_0236-scaled.jpg 1920w, https:\/\/www.eslebedasauto.at\/wp-content\/uploads\/2025\/02\/IMG_0236-225x300.jpg 225w, https:\/\/www.eslebedasauto.at\/wp-content\/uploads\/2025\/02\/IMG_0236-768x1024.jpg 768w, https:\/\/www.eslebedasauto.at\/wp-content\/uploads\/2025\/02\/IMG_0236-1152x1536.jpg 1152w, https:\/\/www.eslebedasauto.at\/wp-content\/uploads\/2025\/02\/IMG_0236-1536x2048.jpg 1536w\" sizes=\"(max-width: 1920px) 100vw, 1920px\" \/><\/figure>\n\n\n\n<figure class=\"wp-block-image size-full\"><img decoding=\"async\" width=\"1920\" height=\"2560\" data-id=\"97680\" src=\"https:\/\/www.eslebedasauto.at\/wp-content\/uploads\/2025\/02\/IMG_0214-scaled.jpg\" alt=\"\" class=\"wp-image-97680\" srcset=\"https:\/\/www.eslebedasauto.at\/wp-content\/uploads\/2025\/02\/IMG_0214-scaled.jpg 1920w, https:\/\/www.eslebedasauto.at\/wp-content\/uploads\/2025\/02\/IMG_0214-225x300.jpg 225w, https:\/\/www.eslebedasauto.at\/wp-content\/uploads\/2025\/02\/IMG_0214-768x1024.jpg 768w, https:\/\/www.eslebedasauto.at\/wp-content\/uploads\/2025\/02\/IMG_0214-1152x1536.jpg 1152w, https:\/\/www.eslebedasauto.at\/wp-content\/uploads\/2025\/02\/IMG_0214-1536x2048.jpg 1536w\" sizes=\"(max-width: 1920px) 100vw, 1920px\" \/><\/figure>\n\n\n\n<figure class=\"wp-block-image size-full\"><img loading=\"lazy\" decoding=\"async\" width=\"1920\" height=\"2560\" data-id=\"97679\" src=\"https:\/\/www.eslebedasauto.at\/wp-content\/uploads\/2025\/02\/IMG_0213-scaled.jpg\" alt=\"\" class=\"wp-image-97679\" srcset=\"https:\/\/www.eslebedasauto.at\/wp-content\/uploads\/2025\/02\/IMG_0213-scaled.jpg 1920w, https:\/\/www.eslebedasauto.at\/wp-content\/uploads\/2025\/02\/IMG_0213-225x300.jpg 225w, https:\/\/www.eslebedasauto.at\/wp-content\/uploads\/2025\/02\/IMG_0213-768x1024.jpg 768w, https:\/\/www.eslebedasauto.at\/wp-content\/uploads\/2025\/02\/IMG_0213-1152x1536.jpg 1152w, https:\/\/www.eslebedasauto.at\/wp-content\/uploads\/2025\/02\/IMG_0213-1536x2048.jpg 1536w\" sizes=\"(max-width: 1920px) 100vw, 1920px\" \/><\/figure>\n\n\n\n<figure class=\"wp-block-image size-full\"><img loading=\"lazy\" decoding=\"async\" width=\"1920\" height=\"2560\" data-id=\"97677\" src=\"https:\/\/www.eslebedasauto.at\/wp-content\/uploads\/2025\/02\/IMG_0211-scaled.jpg\" alt=\"\" class=\"wp-image-97677\" srcset=\"https:\/\/www.eslebedasauto.at\/wp-content\/uploads\/2025\/02\/IMG_0211-scaled.jpg 1920w, https:\/\/www.eslebedasauto.at\/wp-content\/uploads\/2025\/02\/IMG_0211-225x300.jpg 225w, https:\/\/www.eslebedasauto.at\/wp-content\/uploads\/2025\/02\/IMG_0211-768x1024.jpg 768w, https:\/\/www.eslebedasauto.at\/wp-content\/uploads\/2025\/02\/IMG_0211-1152x1536.jpg 1152w, https:\/\/www.eslebedasauto.at\/wp-content\/uploads\/2025\/02\/IMG_0211-1536x2048.jpg 1536w\" sizes=\"(max-width: 1920px) 100vw, 1920px\" \/><\/figure>\n\n\n\n<figure class=\"wp-block-image size-full\"><img loading=\"lazy\" decoding=\"async\" width=\"1920\" height=\"2560\" data-id=\"97676\" src=\"https:\/\/www.eslebedasauto.at\/wp-content\/uploads\/2025\/02\/IMG_0210-scaled.jpg\" alt=\"\" class=\"wp-image-97676\" srcset=\"https:\/\/www.eslebedasauto.at\/wp-content\/uploads\/2025\/02\/IMG_0210-scaled.jpg 1920w, https:\/\/www.eslebedasauto.at\/wp-content\/uploads\/2025\/02\/IMG_0210-225x300.jpg 225w, https:\/\/www.eslebedasauto.at\/wp-content\/uploads\/2025\/02\/IMG_0210-768x1024.jpg 768w, https:\/\/www.eslebedasauto.at\/wp-content\/uploads\/2025\/02\/IMG_0210-1152x1536.jpg 1152w, https:\/\/www.eslebedasauto.at\/wp-content\/uploads\/2025\/02\/IMG_0210-1536x2048.jpg 1536w\" sizes=\"(max-width: 1920px) 100vw, 1920px\" \/><\/figure>\n<\/figure>\n\n\n\n<p><\/p>\n\n\n\n<p><strong>Mit einer L\u00e4nge von 4,21 Metern bleibt der Juke ein Kleinwagen-SUV.<\/strong> Die \u00fcberarbeitete Farbpalette bringt unter anderem einen neuen, knalligen Gelbton, den wir im Eslebedasauto-Test fahren durften. Die Front mit runden Scheinwerfern und dreidimensionalem V-K\u00fchlergrill bleibt ikonisch, die hochgezogene C-S\u00e4ule mit versteckten T\u00fcrgriffen sorgt weiterhin f\u00fcr Diskussionen, auch bei unseren Kleinsten, die schon mal das Stockerl zum T\u00fcr\u00f6ffnen ben\u00f6tigen. Das coup\u00e9artige schwarze Dach ist schick, f\u00fchrt aber zu einer miserablen Rundumsicht \u2013 Abhilfe schaffen optionale 360-Grad-Kameras.<\/p>\n\n\n\n<h3 id=\"mehr-platz-mehr-technik-aber-noch-nicht-perfekt\" class=\"wp-block-heading\">Mehr Platz, mehr Technik \u2013 aber noch nicht perfekt<\/h3>\n\n\n\n<p><strong>Der Innenraum wurde modernisiert:<\/strong> Ein 12,3-Zoll-Zentraldisplay und ein digitales Kombiinstrument sorgen f\u00fcr einen zeitgem\u00e4\u00dfen Look. Apple CarPlay und Android Auto funktionieren nun kabellos, eine induktive Ladestation ist ebenfalls an Bord. Die Sprachsteuerung reagiert besser, jedoch sind einige Funktionen noch umst\u00e4ndlich zu bedienen. Auch Kunstledersitze f\u00fchlen sich wertig an, die samtige Ummantlung und Verkleidung mag gefallen, jedoch im Alltag &#8222;a Hund&#8220;, wie der geneigte \u00d6sterreicher zu sagen pflegt.<\/p>\n\n\n\n<figure class=\"wp-block-gallery has-nested-images columns-5 is-cropped wp-block-gallery-2 is-layout-flex wp-block-gallery-is-layout-flex\">\n<figure class=\"wp-block-image size-large\"><img loading=\"lazy\" decoding=\"async\" width=\"1024\" height=\"768\" data-id=\"97692\" src=\"https:\/\/www.eslebedasauto.at\/wp-content\/uploads\/2025\/02\/IMG_0234-1024x768.jpg\" alt=\"\" class=\"wp-image-97692\" srcset=\"https:\/\/www.eslebedasauto.at\/wp-content\/uploads\/2025\/02\/IMG_0234-1024x768.jpg 1024w, https:\/\/www.eslebedasauto.at\/wp-content\/uploads\/2025\/02\/IMG_0234-300x225.jpg 300w, https:\/\/www.eslebedasauto.at\/wp-content\/uploads\/2025\/02\/IMG_0234-768x576.jpg 768w, https:\/\/www.eslebedasauto.at\/wp-content\/uploads\/2025\/02\/IMG_0234-1536x1152.jpg 1536w, https:\/\/www.eslebedasauto.at\/wp-content\/uploads\/2025\/02\/IMG_0234-2048x1536.jpg 2048w\" sizes=\"(max-width: 1024px) 100vw, 1024px\" \/><\/figure>\n\n\n\n<figure class=\"wp-block-image size-large\"><img loading=\"lazy\" decoding=\"async\" width=\"768\" height=\"1024\" data-id=\"97691\" src=\"https:\/\/www.eslebedasauto.at\/wp-content\/uploads\/2025\/02\/IMG_0232-768x1024.jpg\" alt=\"\" class=\"wp-image-97691\" srcset=\"https:\/\/www.eslebedasauto.at\/wp-content\/uploads\/2025\/02\/IMG_0232-768x1024.jpg 768w, https:\/\/www.eslebedasauto.at\/wp-content\/uploads\/2025\/02\/IMG_0232-225x300.jpg 225w, https:\/\/www.eslebedasauto.at\/wp-content\/uploads\/2025\/02\/IMG_0232-1152x1536.jpg 1152w, https:\/\/www.eslebedasauto.at\/wp-content\/uploads\/2025\/02\/IMG_0232-1536x2048.jpg 1536w, https:\/\/www.eslebedasauto.at\/wp-content\/uploads\/2025\/02\/IMG_0232-scaled.jpg 1920w\" sizes=\"(max-width: 768px) 100vw, 768px\" \/><\/figure>\n\n\n\n<figure class=\"wp-block-image size-large\"><img loading=\"lazy\" decoding=\"async\" width=\"768\" height=\"1024\" data-id=\"97690\" src=\"https:\/\/www.eslebedasauto.at\/wp-content\/uploads\/2025\/02\/IMG_0231-768x1024.jpg\" alt=\"\" class=\"wp-image-97690\" srcset=\"https:\/\/www.eslebedasauto.at\/wp-content\/uploads\/2025\/02\/IMG_0231-768x1024.jpg 768w, https:\/\/www.eslebedasauto.at\/wp-content\/uploads\/2025\/02\/IMG_0231-225x300.jpg 225w, https:\/\/www.eslebedasauto.at\/wp-content\/uploads\/2025\/02\/IMG_0231-1152x1536.jpg 1152w, https:\/\/www.eslebedasauto.at\/wp-content\/uploads\/2025\/02\/IMG_0231-1536x2048.jpg 1536w, https:\/\/www.eslebedasauto.at\/wp-content\/uploads\/2025\/02\/IMG_0231-scaled.jpg 1920w\" sizes=\"(max-width: 768px) 100vw, 768px\" \/><\/figure>\n\n\n\n<figure class=\"wp-block-image size-large\"><img loading=\"lazy\" decoding=\"async\" width=\"768\" height=\"1024\" data-id=\"97689\" src=\"https:\/\/www.eslebedasauto.at\/wp-content\/uploads\/2025\/02\/IMG_0230-768x1024.jpg\" alt=\"\" class=\"wp-image-97689\" srcset=\"https:\/\/www.eslebedasauto.at\/wp-content\/uploads\/2025\/02\/IMG_0230-768x1024.jpg 768w, https:\/\/www.eslebedasauto.at\/wp-content\/uploads\/2025\/02\/IMG_0230-225x300.jpg 225w, https:\/\/www.eslebedasauto.at\/wp-content\/uploads\/2025\/02\/IMG_0230-1152x1536.jpg 1152w, https:\/\/www.eslebedasauto.at\/wp-content\/uploads\/2025\/02\/IMG_0230-1536x2048.jpg 1536w, https:\/\/www.eslebedasauto.at\/wp-content\/uploads\/2025\/02\/IMG_0230-scaled.jpg 1920w\" sizes=\"(max-width: 768px) 100vw, 768px\" \/><\/figure>\n\n\n\n<figure class=\"wp-block-image size-large\"><img loading=\"lazy\" decoding=\"async\" width=\"768\" height=\"1024\" data-id=\"97688\" src=\"https:\/\/www.eslebedasauto.at\/wp-content\/uploads\/2025\/02\/IMG_0229-768x1024.jpg\" alt=\"\" class=\"wp-image-97688\" srcset=\"https:\/\/www.eslebedasauto.at\/wp-content\/uploads\/2025\/02\/IMG_0229-768x1024.jpg 768w, https:\/\/www.eslebedasauto.at\/wp-content\/uploads\/2025\/02\/IMG_0229-225x300.jpg 225w, https:\/\/www.eslebedasauto.at\/wp-content\/uploads\/2025\/02\/IMG_0229-1152x1536.jpg 1152w, https:\/\/www.eslebedasauto.at\/wp-content\/uploads\/2025\/02\/IMG_0229-1536x2048.jpg 1536w, https:\/\/www.eslebedasauto.at\/wp-content\/uploads\/2025\/02\/IMG_0229-scaled.jpg 1920w\" sizes=\"(max-width: 768px) 100vw, 768px\" \/><\/figure>\n\n\n\n<figure class=\"wp-block-image size-large\"><img loading=\"lazy\" decoding=\"async\" width=\"768\" height=\"1024\" data-id=\"97687\" src=\"https:\/\/www.eslebedasauto.at\/wp-content\/uploads\/2025\/02\/IMG_0228-768x1024.jpg\" alt=\"\" class=\"wp-image-97687\" srcset=\"https:\/\/www.eslebedasauto.at\/wp-content\/uploads\/2025\/02\/IMG_0228-768x1024.jpg 768w, https:\/\/www.eslebedasauto.at\/wp-content\/uploads\/2025\/02\/IMG_0228-225x300.jpg 225w, https:\/\/www.eslebedasauto.at\/wp-content\/uploads\/2025\/02\/IMG_0228-1152x1536.jpg 1152w, https:\/\/www.eslebedasauto.at\/wp-content\/uploads\/2025\/02\/IMG_0228-1536x2048.jpg 1536w, https:\/\/www.eslebedasauto.at\/wp-content\/uploads\/2025\/02\/IMG_0228-scaled.jpg 1920w\" sizes=\"(max-width: 768px) 100vw, 768px\" \/><\/figure>\n\n\n\n<figure class=\"wp-block-image size-large\"><img loading=\"lazy\" decoding=\"async\" width=\"1024\" height=\"768\" data-id=\"97686\" src=\"https:\/\/www.eslebedasauto.at\/wp-content\/uploads\/2025\/02\/IMG_0227-1024x768.jpg\" alt=\"\" class=\"wp-image-97686\" srcset=\"https:\/\/www.eslebedasauto.at\/wp-content\/uploads\/2025\/02\/IMG_0227-1024x768.jpg 1024w, https:\/\/www.eslebedasauto.at\/wp-content\/uploads\/2025\/02\/IMG_0227-300x225.jpg 300w, https:\/\/www.eslebedasauto.at\/wp-content\/uploads\/2025\/02\/IMG_0227-768x576.jpg 768w, https:\/\/www.eslebedasauto.at\/wp-content\/uploads\/2025\/02\/IMG_0227-1536x1152.jpg 1536w, https:\/\/www.eslebedasauto.at\/wp-content\/uploads\/2025\/02\/IMG_0227-2048x1536.jpg 2048w\" sizes=\"(max-width: 1024px) 100vw, 1024px\" \/><\/figure>\n\n\n\n<figure class=\"wp-block-image size-large\"><img loading=\"lazy\" decoding=\"async\" width=\"768\" height=\"1024\" data-id=\"97684\" src=\"https:\/\/www.eslebedasauto.at\/wp-content\/uploads\/2025\/02\/IMG_0225-768x1024.jpg\" alt=\"\" class=\"wp-image-97684\" srcset=\"https:\/\/www.eslebedasauto.at\/wp-content\/uploads\/2025\/02\/IMG_0225-768x1024.jpg 768w, https:\/\/www.eslebedasauto.at\/wp-content\/uploads\/2025\/02\/IMG_0225-225x300.jpg 225w, https:\/\/www.eslebedasauto.at\/wp-content\/uploads\/2025\/02\/IMG_0225-1152x1536.jpg 1152w, https:\/\/www.eslebedasauto.at\/wp-content\/uploads\/2025\/02\/IMG_0225-1536x2048.jpg 1536w, https:\/\/www.eslebedasauto.at\/wp-content\/uploads\/2025\/02\/IMG_0225-scaled.jpg 1920w\" sizes=\"(max-width: 768px) 100vw, 768px\" \/><\/figure>\n\n\n\n<figure class=\"wp-block-image size-large\"><img loading=\"lazy\" decoding=\"async\" width=\"768\" height=\"1024\" data-id=\"97683\" src=\"https:\/\/www.eslebedasauto.at\/wp-content\/uploads\/2025\/02\/IMG_0224-768x1024.jpg\" alt=\"\" class=\"wp-image-97683\" srcset=\"https:\/\/www.eslebedasauto.at\/wp-content\/uploads\/2025\/02\/IMG_0224-768x1024.jpg 768w, https:\/\/www.eslebedasauto.at\/wp-content\/uploads\/2025\/02\/IMG_0224-225x300.jpg 225w, https:\/\/www.eslebedasauto.at\/wp-content\/uploads\/2025\/02\/IMG_0224-1152x1536.jpg 1152w, https:\/\/www.eslebedasauto.at\/wp-content\/uploads\/2025\/02\/IMG_0224-1536x2048.jpg 1536w, https:\/\/www.eslebedasauto.at\/wp-content\/uploads\/2025\/02\/IMG_0224-scaled.jpg 1920w\" sizes=\"(max-width: 768px) 100vw, 768px\" \/><\/figure>\n\n\n\n<figure class=\"wp-block-image size-large\"><img loading=\"lazy\" decoding=\"async\" width=\"768\" height=\"1024\" data-id=\"97681\" src=\"https:\/\/www.eslebedasauto.at\/wp-content\/uploads\/2025\/02\/IMG_0215-768x1024.jpg\" alt=\"\" class=\"wp-image-97681\" srcset=\"https:\/\/www.eslebedasauto.at\/wp-content\/uploads\/2025\/02\/IMG_0215-768x1024.jpg 768w, https:\/\/www.eslebedasauto.at\/wp-content\/uploads\/2025\/02\/IMG_0215-225x300.jpg 225w, https:\/\/www.eslebedasauto.at\/wp-content\/uploads\/2025\/02\/IMG_0215-1152x1536.jpg 1152w, https:\/\/www.eslebedasauto.at\/wp-content\/uploads\/2025\/02\/IMG_0215-1536x2048.jpg 1536w, https:\/\/www.eslebedasauto.at\/wp-content\/uploads\/2025\/02\/IMG_0215-scaled.jpg 1920w\" sizes=\"(max-width: 768px) 100vw, 768px\" \/><\/figure>\n<\/figure>\n\n\n\n<p><\/p>\n\n\n\n<p><strong>Der Juke ist ger\u00e4umiger als fr\u00fcher:<\/strong> Dank eines um zehn Zentimeter verl\u00e4ngerten Radstands gibt es im Fond 5,8 cm mehr Beinfreiheit. Der Kofferraum w\u00e4chst auf 422 Liter (Hybrid: 305 Liter). Die hohe Ladekante von 78 cm bleibt allerdings unpraktisch.<\/p>\n\n\n\n<h3 id=\"hybridantrieb-im-test-spritzig-aber-ned-furs-hoazn-%f0%9f%98%89\" class=\"wp-block-heading\">Hybridantrieb im Test: Spritzig, aber ned f\u00fcrs Hoaz\u00b4n \ud83d\ude09<\/h3>\n\n\n\n<p>Seit 2022 gibt es neben dem 114 PS starken Dreizylinder-Turbobenziner auch einen Hybrid mit 143 PS. Dieser kombiniert einen 1,6-Liter-Saugbenziner mit einem Elektromotor. Der Juke startet meist elektrisch und schaltet ab etwa 50 km\/h den Verbrenner zu. Besonders in der Stadt ist das System angenehm sparsam. Der Verbrauch liegt im Schnitt bei 6,1 l\/100 km, innerorts sogar bei nur 5,1 l.<\/p>\n\n\n\n<figure class=\"wp-block-gallery has-nested-images columns-default is-cropped wp-block-gallery-3 is-layout-flex wp-block-gallery-is-layout-flex\">\n<figure class=\"wp-block-image size-large\"><img loading=\"lazy\" decoding=\"async\" width=\"1024\" height=\"768\" data-id=\"97672\" src=\"https:\/\/www.eslebedasauto.at\/wp-content\/uploads\/2025\/02\/IMG_0206-1024x768.jpg\" alt=\"\" class=\"wp-image-97672\" srcset=\"https:\/\/www.eslebedasauto.at\/wp-content\/uploads\/2025\/02\/IMG_0206-1024x768.jpg 1024w, https:\/\/www.eslebedasauto.at\/wp-content\/uploads\/2025\/02\/IMG_0206-300x225.jpg 300w, https:\/\/www.eslebedasauto.at\/wp-content\/uploads\/2025\/02\/IMG_0206-768x576.jpg 768w, https:\/\/www.eslebedasauto.at\/wp-content\/uploads\/2025\/02\/IMG_0206-1536x1152.jpg 1536w, https:\/\/www.eslebedasauto.at\/wp-content\/uploads\/2025\/02\/IMG_0206-2048x1536.jpg 2048w\" sizes=\"(max-width: 1024px) 100vw, 1024px\" \/><\/figure>\n\n\n\n<figure class=\"wp-block-image size-large\"><img loading=\"lazy\" decoding=\"async\" width=\"768\" height=\"1024\" data-id=\"97674\" src=\"https:\/\/www.eslebedasauto.at\/wp-content\/uploads\/2025\/02\/IMG_0208-768x1024.jpg\" alt=\"\" class=\"wp-image-97674\" srcset=\"https:\/\/www.eslebedasauto.at\/wp-content\/uploads\/2025\/02\/IMG_0208-768x1024.jpg 768w, https:\/\/www.eslebedasauto.at\/wp-content\/uploads\/2025\/02\/IMG_0208-225x300.jpg 225w, https:\/\/www.eslebedasauto.at\/wp-content\/uploads\/2025\/02\/IMG_0208-1152x1536.jpg 1152w, https:\/\/www.eslebedasauto.at\/wp-content\/uploads\/2025\/02\/IMG_0208-1536x2048.jpg 1536w, https:\/\/www.eslebedasauto.at\/wp-content\/uploads\/2025\/02\/IMG_0208-scaled.jpg 1920w\" sizes=\"(max-width: 768px) 100vw, 768px\" \/><\/figure>\n\n\n\n<figure class=\"wp-block-image size-large\"><img loading=\"lazy\" decoding=\"async\" width=\"1024\" height=\"768\" data-id=\"97678\" src=\"https:\/\/www.eslebedasauto.at\/wp-content\/uploads\/2025\/02\/IMG_0212-1024x768.jpg\" alt=\"\" class=\"wp-image-97678\" srcset=\"https:\/\/www.eslebedasauto.at\/wp-content\/uploads\/2025\/02\/IMG_0212-1024x768.jpg 1024w, https:\/\/www.eslebedasauto.at\/wp-content\/uploads\/2025\/02\/IMG_0212-300x225.jpg 300w, https:\/\/www.eslebedasauto.at\/wp-content\/uploads\/2025\/02\/IMG_0212-768x576.jpg 768w, https:\/\/www.eslebedasauto.at\/wp-content\/uploads\/2025\/02\/IMG_0212-1536x1152.jpg 1536w, https:\/\/www.eslebedasauto.at\/wp-content\/uploads\/2025\/02\/IMG_0212-2048x1536.jpg 2048w\" sizes=\"(max-width: 1024px) 100vw, 1024px\" \/><\/figure>\n\n\n\n<figure class=\"wp-block-image size-large\"><img loading=\"lazy\" decoding=\"async\" width=\"1024\" height=\"768\" data-id=\"97673\" src=\"https:\/\/www.eslebedasauto.at\/wp-content\/uploads\/2025\/02\/IMG_0207-1024x768.jpg\" alt=\"\" class=\"wp-image-97673\" srcset=\"https:\/\/www.eslebedasauto.at\/wp-content\/uploads\/2025\/02\/IMG_0207-1024x768.jpg 1024w, https:\/\/www.eslebedasauto.at\/wp-content\/uploads\/2025\/02\/IMG_0207-300x225.jpg 300w, https:\/\/www.eslebedasauto.at\/wp-content\/uploads\/2025\/02\/IMG_0207-768x576.jpg 768w, https:\/\/www.eslebedasauto.at\/wp-content\/uploads\/2025\/02\/IMG_0207-1536x1152.jpg 1536w, https:\/\/www.eslebedasauto.at\/wp-content\/uploads\/2025\/02\/IMG_0207-2048x1536.jpg 2048w\" sizes=\"(max-width: 1024px) 100vw, 1024px\" \/><\/figure>\n<\/figure>\n\n\n\n<p><strong>Das Multi-Mode-Getriebe wechselt oft hektisch zwischen den Fahrstufen<\/strong>, was f\u00fcr manche gew\u00f6hnungsbed\u00fcrftig sein d\u00fcrfte. Zwar kann der Juke Hybrid mit seiner Beschleunigung punkten \u2013 von 60 auf 100 km\/h in knapp sieben Sekunden \u2013 doch hohe Drehzahlen lassen den Benziner laut aufheulen. Mit einer H\u00f6chstgeschwindigkeit von 166 km\/h ist er kein Autobahn-Sprinter.<\/p>\n\n\n\n<h3 id=\"preise-und-fazit\" class=\"wp-block-heading\">Preise und Fazit<\/h3>\n\n\n\n<p><strong>G\u00fcnstig ist der Juke nicht mehr:<\/strong> Ab 24.790 Euro geht\u2019s los, mit Doppelkupplungs-Automatik ab 26.290 Euro. Damit liegt er rund 4000 Euro \u00fcber seinem Vorg\u00e4nger. Konkurrenz gibt\u2019s genug \u2013 vom VW T-Cross \u00fcber den Ford Puma bis hin zum Peugeot 2008.<\/p>\n\n\n\n<p><\/p>\n\n\n\n<p>Unser Fazit: <strong>Der Juke bleibt ein Auto f\u00fcr Individualisten.<\/strong> Wer auf extravagantes Design und moderne Technik steht, ist hier richtig. Wer mehr Wert auf Komfort und \u00dcbersichtlichkeit legt, findet anderswo vielleicht die bessere Wahl.<\/p>","protected":false},"excerpt":{"rendered":"<p>Der Nissan Juke geht in die n\u00e4chste Runde und pr\u00e4sentiert sich mit mehr Platz, mehr Komfort und einem Facelift f\u00fcr 2024\/25.<\/p>","protected":false},"author":1,"featured_media":97673,"comment_status":"open","ping_status":"open","sticky":false,"template":"","format":"standard","meta":{"neve_meta_sidebar":"","neve_meta_container":"","neve_meta_enable_content_width":"","neve_meta_content_width":0,"neve_meta_title_alignment":"","neve_meta_author_avatar":"","neve_post_elements_order":"","neve_meta_disable_header":"","neve_meta_disable_footer":"","neve_meta_disable_title":"","neve_meta_reading_time":"","footnotes":""},"categories":[335,12],"tags":[],"class_list":["post-97783","post","type-post","status-publish","format-standard","has-post-thumbnail","hentry","category-fahrberichte","category-hybrid"],"yoast_head":"<!-- This site is optimized with the Yoast SEO plugin v26.8 - https:\/\/yoast.com\/product\/yoast-seo-wordpress\/ -->\n<title>Nissan Juke - der neue Hybrid im Eslebedasauto Test.<\/title>\n<meta name=\"description\" content=\"Der Nissan Juke geht in die n\u00e4chste Runde und pr\u00e4sentiert sich mit mehr Platz, mehr Komfort und einem Facelift f\u00fcr 2024\/25.\" \/>\n<meta name=\"robots\" content=\"index, follow, max-snippet:-1, max-image-preview:large, max-video-preview:-1\" \/>\n<link rel=\"canonical\" href=\"https:\/\/www.eslebedasauto.at\/it\/nissan-juke-hybrid-2025-test\/\" \/>\n<meta property=\"og:locale\" content=\"it_IT\" \/>\n<meta property=\"og:type\" content=\"article\" \/>\n<meta property=\"og:title\" content=\"Nissan Juke - der neue Hybrid im Eslebedasauto Test.\" \/>\n<meta property=\"og:description\" content=\"Der Nissan Juke geht in die n\u00e4chste Runde und pr\u00e4sentiert sich mit mehr Platz, mehr Komfort und einem Facelift f\u00fcr 2024\/25.\" \/>\n<meta property=\"og:url\" content=\"https:\/\/www.eslebedasauto.at\/it\/nissan-juke-hybrid-2025-test\/\" \/>\n<meta property=\"og:site_name\" content=\"Es lebe das Auto\" \/>\n<meta property=\"article:publisher\" content=\"https:\/\/www.facebook.com\/eslebedasauto.at\" \/>\n<meta property=\"article:published_time\" content=\"2025-02-10T13:47:52+00:00\" \/>\n<meta property=\"article:modified_time\" content=\"2025-02-10T13:52:17+00:00\" \/>\n<meta property=\"og:image\" content=\"https:\/\/www.eslebedasauto.at\/wp-content\/uploads\/2025\/02\/IMG_0207-scaled.jpg\" \/>\n\t<meta property=\"og:image:width\" content=\"2560\" \/>\n\t<meta property=\"og:image:height\" content=\"1920\" \/>\n\t<meta property=\"og:image:type\" content=\"image\/jpeg\" \/>\n<meta name=\"author\" content=\"Juergen\" \/>\n<meta name=\"twitter:card\" content=\"summary_large_image\" \/>\n<meta name=\"twitter:label1\" content=\"Scritto da\" \/>\n\t<meta name=\"twitter:data1\" content=\"Juergen\" \/>\n\t<meta name=\"twitter:label2\" content=\"Tempo di lettura stimato\" \/>\n\t<meta name=\"twitter:data2\" content=\"7 minuti\" \/>\n<script type=\"application\/ld+json\" class=\"yoast-schema-graph\">{\"@context\":\"https:\/\/schema.org\",\"@graph\":[{\"@type\":\"Article\",\"@id\":\"https:\/\/www.eslebedasauto.at\/nissan-juke-hybrid-2025-test\/#article\",\"isPartOf\":{\"@id\":\"https:\/\/www.eslebedasauto.at\/nissan-juke-hybrid-2025-test\/\"},\"author\":{\"name\":\"Juergen\",\"@id\":\"https:\/\/www.eslebedasauto.at\/#\/schema\/person\/4ecfb7fe1eb40654e5370227118c3fc2\"},\"headline\":\"Mehr Platz, mehr Komfort, weniger Exzentrik \u2013 Der neue Nissan Juke im Test\",\"datePublished\":\"2025-02-10T13:47:52+00:00\",\"dateModified\":\"2025-02-10T13:52:17+00:00\",\"mainEntityOfPage\":{\"@id\":\"https:\/\/www.eslebedasauto.at\/nissan-juke-hybrid-2025-test\/\"},\"wordCount\":464,\"commentCount\":0,\"publisher\":{\"@id\":\"https:\/\/www.eslebedasauto.at\/#organization\"},\"image\":{\"@id\":\"https:\/\/www.eslebedasauto.at\/nissan-juke-hybrid-2025-test\/#primaryimage\"},\"thumbnailUrl\":\"https:\/\/www.eslebedasauto.at\/wp-content\/uploads\/2025\/02\/IMG_0207-scaled.jpg\",\"articleSection\":[\"Fahrberichte\",\"Hybrid\"],\"inLanguage\":\"it-IT\",\"potentialAction\":[{\"@type\":\"CommentAction\",\"name\":\"Comment\",\"target\":[\"https:\/\/www.eslebedasauto.at\/nissan-juke-hybrid-2025-test\/#respond\"]}]},{\"@type\":\"WebPage\",\"@id\":\"https:\/\/www.eslebedasauto.at\/nissan-juke-hybrid-2025-test\/\",\"url\":\"https:\/\/www.eslebedasauto.at\/nissan-juke-hybrid-2025-test\/\",\"name\":\"Nissan Juke - der neue Hybrid im Eslebedasauto Test.\",\"isPartOf\":{\"@id\":\"https:\/\/www.eslebedasauto.at\/#website\"},\"primaryImageOfPage\":{\"@id\":\"https:\/\/www.eslebedasauto.at\/nissan-juke-hybrid-2025-test\/#primaryimage\"},\"image\":{\"@id\":\"https:\/\/www.eslebedasauto.at\/nissan-juke-hybrid-2025-test\/#primaryimage\"},\"thumbnailUrl\":\"https:\/\/www.eslebedasauto.at\/wp-content\/uploads\/2025\/02\/IMG_0207-scaled.jpg\",\"datePublished\":\"2025-02-10T13:47:52+00:00\",\"dateModified\":\"2025-02-10T13:52:17+00:00\",\"description\":\"Der Nissan Juke geht in die n\u00e4chste Runde und pr\u00e4sentiert sich mit mehr Platz, mehr Komfort und einem Facelift f\u00fcr 2024\/25.\",\"breadcrumb\":{\"@id\":\"https:\/\/www.eslebedasauto.at\/nissan-juke-hybrid-2025-test\/#breadcrumb\"},\"inLanguage\":\"it-IT\",\"potentialAction\":[{\"@type\":\"ReadAction\",\"target\":[\"https:\/\/www.eslebedasauto.at\/nissan-juke-hybrid-2025-test\/\"]}]},{\"@type\":\"ImageObject\",\"inLanguage\":\"it-IT\",\"@id\":\"https:\/\/www.eslebedasauto.at\/nissan-juke-hybrid-2025-test\/#primaryimage\",\"url\":\"https:\/\/www.eslebedasauto.at\/wp-content\/uploads\/2025\/02\/IMG_0207-scaled.jpg\",\"contentUrl\":\"https:\/\/www.eslebedasauto.at\/wp-content\/uploads\/2025\/02\/IMG_0207-scaled.jpg\",\"width\":2560,\"height\":1920},{\"@type\":\"BreadcrumbList\",\"@id\":\"https:\/\/www.eslebedasauto.at\/nissan-juke-hybrid-2025-test\/#breadcrumb\",\"itemListElement\":[{\"@type\":\"ListItem\",\"position\":1,\"name\":\"Startseite\",\"item\":\"https:\/\/www.eslebedasauto.at\/\"},{\"@type\":\"ListItem\",\"position\":2,\"name\":\"Mehr Platz, mehr Komfort, weniger Exzentrik \u2013 Der neue Nissan Juke im Test\"}]},{\"@type\":\"WebSite\",\"@id\":\"https:\/\/www.eslebedasauto.at\/#website\",\"url\":\"https:\/\/www.eslebedasauto.at\/\",\"name\":\"Es lebe das Auto\",\"description\":\"ein Hoch auf den Individualverkehr\",\"publisher\":{\"@id\":\"https:\/\/www.eslebedasauto.at\/#organization\"},\"potentialAction\":[{\"@type\":\"SearchAction\",\"target\":{\"@type\":\"EntryPoint\",\"urlTemplate\":\"https:\/\/www.eslebedasauto.at\/?s={search_term_string}\"},\"query-input\":{\"@type\":\"PropertyValueSpecification\",\"valueRequired\":true,\"valueName\":\"search_term_string\"}}],\"inLanguage\":\"it-IT\"},{\"@type\":\"Organization\",\"@id\":\"https:\/\/www.eslebedasauto.at\/#organization\",\"name\":\"eslebedasauto\",\"url\":\"https:\/\/www.eslebedasauto.at\/\",\"logo\":{\"@type\":\"ImageObject\",\"inLanguage\":\"it-IT\",\"@id\":\"https:\/\/www.eslebedasauto.at\/#\/schema\/logo\/image\/\",\"url\":\"https:\/\/www.eslebedasauto.at\/wp-content\/uploads\/2025\/10\/eldarund.png\",\"contentUrl\":\"https:\/\/www.eslebedasauto.at\/wp-content\/uploads\/2025\/10\/eldarund.png\",\"width\":1024,\"height\":1024,\"caption\":\"eslebedasauto\"},\"image\":{\"@id\":\"https:\/\/www.eslebedasauto.at\/#\/schema\/logo\/image\/\"},\"sameAs\":[\"https:\/\/www.facebook.com\/eslebedasauto.at\",\"https:\/\/www.instagram.com\/es_lebe_das_auto\/\"]},{\"@type\":\"Person\",\"@id\":\"https:\/\/www.eslebedasauto.at\/#\/schema\/person\/4ecfb7fe1eb40654e5370227118c3fc2\",\"name\":\"Juergen\",\"url\":\"https:\/\/www.eslebedasauto.at\/it\/author\/netzwerkkapitaene-og\/\"}]}<\/script>\n<!-- \/ Yoast SEO plugin. -->","yoast_head_json":{"title":"Nissan Juke - der neue Hybrid im Eslebedasauto Test.","description":"Der Nissan Juke geht in die n\u00e4chste Runde und pr\u00e4sentiert sich mit mehr Platz, mehr Komfort und einem Facelift f\u00fcr 2024\/25.","robots":{"index":"index","follow":"follow","max-snippet":"max-snippet:-1","max-image-preview":"max-image-preview:large","max-video-preview":"max-video-preview:-1"},"canonical":"https:\/\/www.eslebedasauto.at\/it\/nissan-juke-hybrid-2025-test\/","og_locale":"it_IT","og_type":"article","og_title":"Nissan Juke - der neue Hybrid im Eslebedasauto Test.","og_description":"Der Nissan Juke geht in die n\u00e4chste Runde und pr\u00e4sentiert sich mit mehr Platz, mehr Komfort und einem Facelift f\u00fcr 2024\/25.","og_url":"https:\/\/www.eslebedasauto.at\/it\/nissan-juke-hybrid-2025-test\/","og_site_name":"Es lebe das Auto","article_publisher":"https:\/\/www.facebook.com\/eslebedasauto.at","article_published_time":"2025-02-10T13:47:52+00:00","article_modified_time":"2025-02-10T13:52:17+00:00","og_image":[{"width":2560,"height":1920,"url":"https:\/\/www.eslebedasauto.at\/wp-content\/uploads\/2025\/02\/IMG_0207-scaled.jpg","type":"image\/jpeg"}],"author":"Juergen","twitter_card":"summary_large_image","twitter_misc":{"Scritto da":"Juergen","Tempo di lettura stimato":"7 minuti"},"schema":{"@context":"https:\/\/schema.org","@graph":[{"@type":"Article","@id":"https:\/\/www.eslebedasauto.at\/nissan-juke-hybrid-2025-test\/#article","isPartOf":{"@id":"https:\/\/www.eslebedasauto.at\/nissan-juke-hybrid-2025-test\/"},"author":{"name":"Juergen","@id":"https:\/\/www.eslebedasauto.at\/#\/schema\/person\/4ecfb7fe1eb40654e5370227118c3fc2"},"headline":"Mehr Platz, mehr Komfort, weniger Exzentrik \u2013 Der neue Nissan Juke im Test","datePublished":"2025-02-10T13:47:52+00:00","dateModified":"2025-02-10T13:52:17+00:00","mainEntityOfPage":{"@id":"https:\/\/www.eslebedasauto.at\/nissan-juke-hybrid-2025-test\/"},"wordCount":464,"commentCount":0,"publisher":{"@id":"https:\/\/www.eslebedasauto.at\/#organization"},"image":{"@id":"https:\/\/www.eslebedasauto.at\/nissan-juke-hybrid-2025-test\/#primaryimage"},"thumbnailUrl":"https:\/\/www.eslebedasauto.at\/wp-content\/uploads\/2025\/02\/IMG_0207-scaled.jpg","articleSection":["Fahrberichte","Hybrid"],"inLanguage":"it-IT","potentialAction":[{"@type":"CommentAction","name":"Comment","target":["https:\/\/www.eslebedasauto.at\/nissan-juke-hybrid-2025-test\/#respond"]}]},{"@type":"WebPage","@id":"https:\/\/www.eslebedasauto.at\/nissan-juke-hybrid-2025-test\/","url":"https:\/\/www.eslebedasauto.at\/nissan-juke-hybrid-2025-test\/","name":"Nissan Juke - der neue Hybrid im Eslebedasauto Test.","isPartOf":{"@id":"https:\/\/www.eslebedasauto.at\/#website"},"primaryImageOfPage":{"@id":"https:\/\/www.eslebedasauto.at\/nissan-juke-hybrid-2025-test\/#primaryimage"},"image":{"@id":"https:\/\/www.eslebedasauto.at\/nissan-juke-hybrid-2025-test\/#primaryimage"},"thumbnailUrl":"https:\/\/www.eslebedasauto.at\/wp-content\/uploads\/2025\/02\/IMG_0207-scaled.jpg","datePublished":"2025-02-10T13:47:52+00:00","dateModified":"2025-02-10T13:52:17+00:00","description":"Der Nissan Juke geht in die n\u00e4chste Runde und pr\u00e4sentiert sich mit mehr Platz, mehr Komfort und einem Facelift f\u00fcr 2024\/25.","breadcrumb":{"@id":"https:\/\/www.eslebedasauto.at\/nissan-juke-hybrid-2025-test\/#breadcrumb"},"inLanguage":"it-IT","potentialAction":[{"@type":"ReadAction","target":["https:\/\/www.eslebedasauto.at\/nissan-juke-hybrid-2025-test\/"]}]},{"@type":"ImageObject","inLanguage":"it-IT","@id":"https:\/\/www.eslebedasauto.at\/nissan-juke-hybrid-2025-test\/#primaryimage","url":"https:\/\/www.eslebedasauto.at\/wp-content\/uploads\/2025\/02\/IMG_0207-scaled.jpg","contentUrl":"https:\/\/www.eslebedasauto.at\/wp-content\/uploads\/2025\/02\/IMG_0207-scaled.jpg","width":2560,"height":1920},{"@type":"BreadcrumbList","@id":"https:\/\/www.eslebedasauto.at\/nissan-juke-hybrid-2025-test\/#breadcrumb","itemListElement":[{"@type":"ListItem","position":1,"name":"Startseite","item":"https:\/\/www.eslebedasauto.at\/"},{"@type":"ListItem","position":2,"name":"Mehr Platz, mehr Komfort, weniger Exzentrik \u2013 Der neue Nissan Juke im Test"}]},{"@type":"WebSite","@id":"https:\/\/www.eslebedasauto.at\/#website","url":"https:\/\/www.eslebedasauto.at\/","name":"Es lebe das Auto","description":"ein Hoch auf den Individualverkehr","publisher":{"@id":"https:\/\/www.eslebedasauto.at\/#organization"},"potentialAction":[{"@type":"SearchAction","target":{"@type":"EntryPoint","urlTemplate":"https:\/\/www.eslebedasauto.at\/?s={search_term_string}"},"query-input":{"@type":"PropertyValueSpecification","valueRequired":true,"valueName":"search_term_string"}}],"inLanguage":"it-IT"},{"@type":"Organization","@id":"https:\/\/www.eslebedasauto.at\/#organization","name":"eslebedasauto","url":"https:\/\/www.eslebedasauto.at\/","logo":{"@type":"ImageObject","inLanguage":"it-IT","@id":"https:\/\/www.eslebedasauto.at\/#\/schema\/logo\/image\/","url":"https:\/\/www.eslebedasauto.at\/wp-content\/uploads\/2025\/10\/eldarund.png","contentUrl":"https:\/\/www.eslebedasauto.at\/wp-content\/uploads\/2025\/10\/eldarund.png","width":1024,"height":1024,"caption":"eslebedasauto"},"image":{"@id":"https:\/\/www.eslebedasauto.at\/#\/schema\/logo\/image\/"},"sameAs":["https:\/\/www.facebook.com\/eslebedasauto.at","https:\/\/www.instagram.com\/es_lebe_das_auto\/"]},{"@type":"Person","@id":"https:\/\/www.eslebedasauto.at\/#\/schema\/person\/4ecfb7fe1eb40654e5370227118c3fc2","name":"Juergen","url":"https:\/\/www.eslebedasauto.at\/it\/author\/netzwerkkapitaene-og\/"}]}},"_links":{"self":[{"href":"https:\/\/www.eslebedasauto.at\/it\/wp-json\/wp\/v2\/posts\/97783","targetHints":{"allow":["GET"]}}],"collection":[{"href":"https:\/\/www.eslebedasauto.at\/it\/wp-json\/wp\/v2\/posts"}],"about":[{"href":"https:\/\/www.eslebedasauto.at\/it\/wp-json\/wp\/v2\/types\/post"}],"author":[{"embeddable":true,"href":"https:\/\/www.eslebedasauto.at\/it\/wp-json\/wp\/v2\/users\/1"}],"replies":[{"embeddable":true,"href":"https:\/\/www.eslebedasauto.at\/it\/wp-json\/wp\/v2\/comments?post=97783"}],"version-history":[{"count":6,"href":"https:\/\/www.eslebedasauto.at\/it\/wp-json\/wp\/v2\/posts\/97783\/revisions"}],"predecessor-version":[{"id":97793,"href":"https:\/\/www.eslebedasauto.at\/it\/wp-json\/wp\/v2\/posts\/97783\/revisions\/97793"}],"wp:featuredmedia":[{"embeddable":true,"href":"https:\/\/www.eslebedasauto.at\/it\/wp-json\/wp\/v2\/media\/97673"}],"wp:attachment":[{"href":"https:\/\/www.eslebedasauto.at\/it\/wp-json\/wp\/v2\/media?parent=97783"}],"wp:term":[{"taxonomy":"category","embeddable":true,"href":"https:\/\/www.eslebedasauto.at\/it\/wp-json\/wp\/v2\/categories?post=97783"},{"taxonomy":"post_tag","embeddable":true,"href":"https:\/\/www.eslebedasauto.at\/it\/wp-json\/wp\/v2\/tags?post=97783"}],"curies":[{"name":"wp","href":"https:\/\/api.w.org\/{rel}","templated":true}]}}