{"id":97146,"date":"2024-12-05T10:04:37","date_gmt":"2024-12-05T09:04:37","guid":{"rendered":"https:\/\/www.eslebedasauto.at\/?p=97146"},"modified":"2024-12-05T10:16:10","modified_gmt":"2024-12-05T09:16:10","slug":"dacia-duster-4x4-test","status":"publish","type":"post","link":"https:\/\/www.eslebedasauto.at\/it\/dacia-duster-4x4-test\/","title":{"rendered":"Dacia Duster 4&#215;4: Erfrischend rustikal."},"content":{"rendered":"<h2 id=\"die-neueste-generation-des-dacia-duster-zeigt-sich-als-auto-fur-fast-alle-gelegenheiten\" class=\"wp-block-heading\">Die neueste Generation des Dacia Duster zeigt sich als Auto f\u00fcr fast alle Gelegenheiten. <\/h2>\n\n\n\n<figure class=\"wp-block-image size-large\"><img fetchpriority=\"high\" decoding=\"async\" width=\"1024\" height=\"768\" src=\"https:\/\/www.eslebedasauto.at\/wp-content\/uploads\/2024\/11\/IMG_9497-1024x768.jpg\" alt=\"\" class=\"wp-image-97134\" srcset=\"https:\/\/www.eslebedasauto.at\/wp-content\/uploads\/2024\/11\/IMG_9497-1024x768.jpg 1024w, https:\/\/www.eslebedasauto.at\/wp-content\/uploads\/2024\/11\/IMG_9497-300x225.jpg 300w, https:\/\/www.eslebedasauto.at\/wp-content\/uploads\/2024\/11\/IMG_9497-768x576.jpg 768w, https:\/\/www.eslebedasauto.at\/wp-content\/uploads\/2024\/11\/IMG_9497-1536x1152.jpg 1536w, https:\/\/www.eslebedasauto.at\/wp-content\/uploads\/2024\/11\/IMG_9497-2048x1536.jpg 2048w\" sizes=\"(max-width: 1024px) 100vw, 1024px\" \/><\/figure>\n\n\n\n<p>Ob als <strong>Transportmittel f\u00fcr Waidmann und Hund zur morgendlichen Pirsch<\/strong> dank \u00fcppiger Bodenfreiheit, Allrad und einem B\u00f6schungswinkel f\u00fcr \u00fcber 30 Grad oder als <strong>kuscheliges Liebesnest f\u00fcr das Sch\u00e4ferst\u00fcndchen nach der abendlichen Pirsch<\/strong>. Daf\u00fcr steht dann bei Bedarf ein durchaus brauchbares Bett im Heck bereit.<\/p>\n\n\n\n<figure class=\"wp-block-gallery has-nested-images columns-default is-cropped wp-block-gallery-1 is-layout-flex wp-block-gallery-is-layout-flex\">\n<figure class=\"wp-block-image size-large\"><img decoding=\"async\" width=\"768\" height=\"1024\" data-id=\"97138\" src=\"https:\/\/www.eslebedasauto.at\/wp-content\/uploads\/2024\/11\/IMG_9506-768x1024.jpg\" alt=\"\" class=\"wp-image-97138\" srcset=\"https:\/\/www.eslebedasauto.at\/wp-content\/uploads\/2024\/11\/IMG_9506-768x1024.jpg 768w, https:\/\/www.eslebedasauto.at\/wp-content\/uploads\/2024\/11\/IMG_9506-225x300.jpg 225w, https:\/\/www.eslebedasauto.at\/wp-content\/uploads\/2024\/11\/IMG_9506-1152x1536.jpg 1152w, https:\/\/www.eslebedasauto.at\/wp-content\/uploads\/2024\/11\/IMG_9506-1536x2048.jpg 1536w, https:\/\/www.eslebedasauto.at\/wp-content\/uploads\/2024\/11\/IMG_9506-scaled.jpg 1920w\" sizes=\"(max-width: 768px) 100vw, 768px\" \/><\/figure>\n\n\n\n<figure class=\"wp-block-image size-large\"><img decoding=\"async\" width=\"1024\" height=\"768\" data-id=\"97137\" src=\"https:\/\/www.eslebedasauto.at\/wp-content\/uploads\/2024\/11\/IMG_9504-1024x768.jpg\" alt=\"\" class=\"wp-image-97137\" srcset=\"https:\/\/www.eslebedasauto.at\/wp-content\/uploads\/2024\/11\/IMG_9504-1024x768.jpg 1024w, https:\/\/www.eslebedasauto.at\/wp-content\/uploads\/2024\/11\/IMG_9504-300x225.jpg 300w, https:\/\/www.eslebedasauto.at\/wp-content\/uploads\/2024\/11\/IMG_9504-768x576.jpg 768w, https:\/\/www.eslebedasauto.at\/wp-content\/uploads\/2024\/11\/IMG_9504-1536x1152.jpg 1536w, https:\/\/www.eslebedasauto.at\/wp-content\/uploads\/2024\/11\/IMG_9504-2048x1536.jpg 2048w\" sizes=\"(max-width: 1024px) 100vw, 1024px\" \/><\/figure>\n\n\n\n<figure class=\"wp-block-image size-large\"><img loading=\"lazy\" decoding=\"async\" width=\"768\" height=\"1024\" data-id=\"97133\" src=\"https:\/\/www.eslebedasauto.at\/wp-content\/uploads\/2024\/11\/IMG_9496-768x1024.jpg\" alt=\"\" class=\"wp-image-97133\" srcset=\"https:\/\/www.eslebedasauto.at\/wp-content\/uploads\/2024\/11\/IMG_9496-768x1024.jpg 768w, https:\/\/www.eslebedasauto.at\/wp-content\/uploads\/2024\/11\/IMG_9496-225x300.jpg 225w, https:\/\/www.eslebedasauto.at\/wp-content\/uploads\/2024\/11\/IMG_9496-1152x1536.jpg 1152w, https:\/\/www.eslebedasauto.at\/wp-content\/uploads\/2024\/11\/IMG_9496-1536x2048.jpg 1536w, https:\/\/www.eslebedasauto.at\/wp-content\/uploads\/2024\/11\/IMG_9496-scaled.jpg 1920w\" sizes=\"(max-width: 768px) 100vw, 768px\" \/><\/figure>\n\n\n\n<figure class=\"wp-block-image size-large\"><img loading=\"lazy\" decoding=\"async\" width=\"768\" height=\"1024\" data-id=\"97135\" src=\"https:\/\/www.eslebedasauto.at\/wp-content\/uploads\/2024\/11\/IMG_9500-768x1024.jpg\" alt=\"\" class=\"wp-image-97135\" srcset=\"https:\/\/www.eslebedasauto.at\/wp-content\/uploads\/2024\/11\/IMG_9500-768x1024.jpg 768w, https:\/\/www.eslebedasauto.at\/wp-content\/uploads\/2024\/11\/IMG_9500-225x300.jpg 225w, https:\/\/www.eslebedasauto.at\/wp-content\/uploads\/2024\/11\/IMG_9500-1152x1536.jpg 1152w, https:\/\/www.eslebedasauto.at\/wp-content\/uploads\/2024\/11\/IMG_9500-1536x2048.jpg 1536w, https:\/\/www.eslebedasauto.at\/wp-content\/uploads\/2024\/11\/IMG_9500-scaled.jpg 1920w\" sizes=\"(max-width: 768px) 100vw, 768px\" \/><\/figure>\n\n\n\n<figure class=\"wp-block-image size-large\"><img loading=\"lazy\" decoding=\"async\" width=\"768\" height=\"1024\" data-id=\"97113\" src=\"https:\/\/www.eslebedasauto.at\/wp-content\/uploads\/2024\/11\/IMG_9471-768x1024.jpg\" alt=\"\" class=\"wp-image-97113\" srcset=\"https:\/\/www.eslebedasauto.at\/wp-content\/uploads\/2024\/11\/IMG_9471-768x1024.jpg 768w, https:\/\/www.eslebedasauto.at\/wp-content\/uploads\/2024\/11\/IMG_9471-225x300.jpg 225w, https:\/\/www.eslebedasauto.at\/wp-content\/uploads\/2024\/11\/IMG_9471-1152x1536.jpg 1152w, https:\/\/www.eslebedasauto.at\/wp-content\/uploads\/2024\/11\/IMG_9471-1536x2048.jpg 1536w, https:\/\/www.eslebedasauto.at\/wp-content\/uploads\/2024\/11\/IMG_9471-scaled.jpg 1920w\" sizes=\"(max-width: 768px) 100vw, 768px\" \/><\/figure>\n<\/figure>\n\n\n\n<p><\/p>\n\n\n\n<p><strong>Zwischen diesen beiden Einsatzgebieten liegt das normale Leben.<\/strong> Der Duster hat jetzt eine Gr\u00f6\u00dfe erreicht, wo er auch als Fahrzeug f\u00fcr abenteuerlustige Familien oder als robuster Firmenwagen perfekt passt. Dass der Dacia jetzt um einiges weniger karg als sein Vorg\u00e4nger daher kommt, spielt da nat\u00fcrlich auch mit. Das war fr\u00fcher ganz anders.<\/p>\n\n\n\n<figure class=\"wp-block-image size-large\"><img loading=\"lazy\" decoding=\"async\" width=\"1024\" height=\"768\" src=\"https:\/\/www.eslebedasauto.at\/wp-content\/uploads\/2024\/12\/IMG_0227-1024x768.jpeg\" alt=\"\" class=\"wp-image-97210\" srcset=\"https:\/\/www.eslebedasauto.at\/wp-content\/uploads\/2024\/12\/IMG_0227-1024x768.jpeg 1024w, https:\/\/www.eslebedasauto.at\/wp-content\/uploads\/2024\/12\/IMG_0227-300x225.jpeg 300w, https:\/\/www.eslebedasauto.at\/wp-content\/uploads\/2024\/12\/IMG_0227-768x576.jpeg 768w, https:\/\/www.eslebedasauto.at\/wp-content\/uploads\/2024\/12\/IMG_0227-1536x1152.jpeg 1536w, https:\/\/www.eslebedasauto.at\/wp-content\/uploads\/2024\/12\/IMG_0227.jpeg 2048w\" sizes=\"(max-width: 1024px) 100vw, 1024px\" \/><\/figure>\n\n\n\n<p><strong>Mit dem\u00a0Duster\u00a0wagte sich Dacia 2010 ins SUV-Segment<\/strong> und verbl\u00fcffte die automobile Welt vor allem mit einem bis dahin g\u00e4nzlich unbekannten Preis-Leistungsverh\u00e4ltnis. Sprich, der Dacia Duster war ein billiges Auto. Inzwischen hat sich der Dacia\u00a0in seinem Segment etabliert &#8211; die Verkaufszahlen sprechen f\u00fcr sich. Die nun dritte Generation macht nun Schluss mit &#8222;billig&#8220;. Der spr\u00f6de Anstrich ist verflogen und wenn man sich unseren (sehr gut ausgestatteten) Testwagen so ansieht, dann ist da keine Rede mehr von Verzicht.<\/p>\n\n\n\n<figure class=\"wp-block-image size-large\"><img loading=\"lazy\" decoding=\"async\" width=\"1024\" height=\"768\" src=\"https:\/\/www.eslebedasauto.at\/wp-content\/uploads\/2024\/12\/IMG_0225-1024x768.jpeg\" alt=\"\" class=\"wp-image-97211\" srcset=\"https:\/\/www.eslebedasauto.at\/wp-content\/uploads\/2024\/12\/IMG_0225-1024x768.jpeg 1024w, https:\/\/www.eslebedasauto.at\/wp-content\/uploads\/2024\/12\/IMG_0225-300x225.jpeg 300w, https:\/\/www.eslebedasauto.at\/wp-content\/uploads\/2024\/12\/IMG_0225-768x576.jpeg 768w, https:\/\/www.eslebedasauto.at\/wp-content\/uploads\/2024\/12\/IMG_0225-1536x1152.jpeg 1536w, https:\/\/www.eslebedasauto.at\/wp-content\/uploads\/2024\/12\/IMG_0225.jpeg 2048w\" sizes=\"(max-width: 1024px) 100vw, 1024px\" \/><\/figure>\n\n\n\n<h4 id=\"der-dacia-duster-hat-sich-zu-einem-durchaus-feschen-suv-gemausert\" class=\"wp-block-heading\">Der Dacia Duster hat sich zu einem durchaus feschen SUV gemausert.<\/h4>\n\n\n\n<p>Daf\u00fcr sorgen die gro\u00dfen 18-Zoll R\u00e4der (Serie 17 Zoll) und geschickt eingesetzte Kupfer-farbene Akzente innen und au\u00dfen. Angesichts der kurzen Karosserie\u00fcberh\u00e4nge vorne und hinten, der \u00fcppigen Bodenfreiheit und der unlackierten Sto\u00dff\u00e4ngern wird schnell klar, dass dieses Auto nicht nur in der City zuhause ist, sondern auch den einen oder anderen Abstecher ins Gel\u00e4nde verkraftet. Den passenden Allradantrieb inklusive diverser Fahrprogramme hat der Duster auch an Bord.<\/p>\n\n\n\n<figure class=\"wp-block-image size-large\"><img loading=\"lazy\" decoding=\"async\" width=\"1024\" height=\"768\" src=\"https:\/\/www.eslebedasauto.at\/wp-content\/uploads\/2024\/11\/IMG_9508-1024x768.jpg\" alt=\"\" class=\"wp-image-97140\" srcset=\"https:\/\/www.eslebedasauto.at\/wp-content\/uploads\/2024\/11\/IMG_9508-1024x768.jpg 1024w, https:\/\/www.eslebedasauto.at\/wp-content\/uploads\/2024\/11\/IMG_9508-300x225.jpg 300w, https:\/\/www.eslebedasauto.at\/wp-content\/uploads\/2024\/11\/IMG_9508-768x576.jpg 768w, https:\/\/www.eslebedasauto.at\/wp-content\/uploads\/2024\/11\/IMG_9508-1536x1152.jpg 1536w, https:\/\/www.eslebedasauto.at\/wp-content\/uploads\/2024\/11\/IMG_9508-2048x1536.jpg 2048w\" sizes=\"(max-width: 1024px) 100vw, 1024px\" \/><\/figure>\n\n\n\n<p><strong>Auch innen hat der Duster seine Spr\u00f6dheit etwas abgelegt.<\/strong> Die Interieur-Architektur ist modern &#8211; auch hier haben Bildschirme Einzug gehalten. Robustheit bestimmt aber die Szenerie. Dacia ist es gelungen, die Materialen so zu mixen, dass es gar nicht so sehr auff\u00e4llt, dass es sich in vielen Bereichen noch um Hartplastik handelt. Bei der Bedienung herrscht Klarheit: Der Mix aus Touchscreen und  herk\u00f6mmlichen Schaltern stimmt &#8211; wer m\u00f6chte bedient diese auch mit Handschuhen, so griffig sind sie. Ebenfalls an Bord sind Features, wie Apple Carplay oder Android Auto.<\/p>\n\n\n\n<figure class=\"wp-block-image size-large\"><img loading=\"lazy\" decoding=\"async\" width=\"1024\" height=\"768\" src=\"https:\/\/www.eslebedasauto.at\/wp-content\/uploads\/2024\/12\/IMG_0230-1024x768.jpeg\" alt=\"\" class=\"wp-image-97212\" srcset=\"https:\/\/www.eslebedasauto.at\/wp-content\/uploads\/2024\/12\/IMG_0230-1024x768.jpeg 1024w, https:\/\/www.eslebedasauto.at\/wp-content\/uploads\/2024\/12\/IMG_0230-300x225.jpeg 300w, https:\/\/www.eslebedasauto.at\/wp-content\/uploads\/2024\/12\/IMG_0230-768x576.jpeg 768w, https:\/\/www.eslebedasauto.at\/wp-content\/uploads\/2024\/12\/IMG_0230-1536x1152.jpeg 1536w, https:\/\/www.eslebedasauto.at\/wp-content\/uploads\/2024\/12\/IMG_0230.jpeg 2048w\" sizes=\"(max-width: 1024px) 100vw, 1024px\" \/><\/figure>\n\n\n\n<h4 id=\"die-materialien-sind-zwar-einfach-aber-sauber-verarbeitet-und-pflegeleicht\" class=\"wp-block-heading\">Die Materialien sind zwar einfach, aber sauber verarbeitet und pflegeleicht.<\/h4>\n\n\n\n<p><strong>Die Sitze sind mit einem Neopren-\u00e4hnlichen Material bezogen<\/strong> &#8211; sie wirken als k\u00f6nne man sie mit dem K\u00e4rcher abdampfen, sind aber dank Lordosenst\u00fctze recht bequem. Leider w\u00e4rmt sich das Material nur langsam auf &#8211; ohne Sitzheizung wird der morgendliche Kaltstart zur kalten Qual f\u00fcr den verl\u00e4ngerten R\u00fccken. Ebenfalls eine Qual ist der penetrante Geruch, den die verarbeiteten Materialien aussto\u00dfen &#8211; das Auto schreit nach einem Wunderbaum!<\/p>\n\n\n\n<figure class=\"wp-block-gallery has-nested-images columns-default is-cropped wp-block-gallery-2 is-layout-flex wp-block-gallery-is-layout-flex\">\n<figure class=\"wp-block-image size-large\"><img loading=\"lazy\" decoding=\"async\" width=\"1024\" height=\"768\" data-id=\"97213\" src=\"https:\/\/www.eslebedasauto.at\/wp-content\/uploads\/2024\/12\/IMG_0241-1024x768.jpeg\" alt=\"\" class=\"wp-image-97213\" srcset=\"https:\/\/www.eslebedasauto.at\/wp-content\/uploads\/2024\/12\/IMG_0241-1024x768.jpeg 1024w, https:\/\/www.eslebedasauto.at\/wp-content\/uploads\/2024\/12\/IMG_0241-300x225.jpeg 300w, https:\/\/www.eslebedasauto.at\/wp-content\/uploads\/2024\/12\/IMG_0241-768x576.jpeg 768w, https:\/\/www.eslebedasauto.at\/wp-content\/uploads\/2024\/12\/IMG_0241-1536x1152.jpeg 1536w, https:\/\/www.eslebedasauto.at\/wp-content\/uploads\/2024\/12\/IMG_0241.jpeg 2048w\" sizes=\"(max-width: 1024px) 100vw, 1024px\" \/><\/figure>\n\n\n\n<figure class=\"wp-block-image size-large\"><img loading=\"lazy\" decoding=\"async\" width=\"1024\" height=\"768\" data-id=\"97216\" src=\"https:\/\/www.eslebedasauto.at\/wp-content\/uploads\/2024\/12\/IMG_0239-1024x768.jpeg\" alt=\"\" class=\"wp-image-97216\" srcset=\"https:\/\/www.eslebedasauto.at\/wp-content\/uploads\/2024\/12\/IMG_0239-1024x768.jpeg 1024w, https:\/\/www.eslebedasauto.at\/wp-content\/uploads\/2024\/12\/IMG_0239-300x225.jpeg 300w, https:\/\/www.eslebedasauto.at\/wp-content\/uploads\/2024\/12\/IMG_0239-768x576.jpeg 768w, https:\/\/www.eslebedasauto.at\/wp-content\/uploads\/2024\/12\/IMG_0239-1536x1152.jpeg 1536w, https:\/\/www.eslebedasauto.at\/wp-content\/uploads\/2024\/12\/IMG_0239.jpeg 2048w\" sizes=\"(max-width: 1024px) 100vw, 1024px\" \/><\/figure>\n\n\n\n<figure class=\"wp-block-image size-large\"><img loading=\"lazy\" decoding=\"async\" width=\"1024\" height=\"768\" data-id=\"97215\" src=\"https:\/\/www.eslebedasauto.at\/wp-content\/uploads\/2024\/12\/IMG_0245-1024x768.jpeg\" alt=\"\" class=\"wp-image-97215\" srcset=\"https:\/\/www.eslebedasauto.at\/wp-content\/uploads\/2024\/12\/IMG_0245-1024x768.jpeg 1024w, https:\/\/www.eslebedasauto.at\/wp-content\/uploads\/2024\/12\/IMG_0245-300x225.jpeg 300w, https:\/\/www.eslebedasauto.at\/wp-content\/uploads\/2024\/12\/IMG_0245-768x576.jpeg 768w, https:\/\/www.eslebedasauto.at\/wp-content\/uploads\/2024\/12\/IMG_0245-1536x1152.jpeg 1536w, https:\/\/www.eslebedasauto.at\/wp-content\/uploads\/2024\/12\/IMG_0245.jpeg 2048w\" sizes=\"(max-width: 1024px) 100vw, 1024px\" \/><\/figure>\n\n\n\n<figure class=\"wp-block-image size-large\"><img loading=\"lazy\" decoding=\"async\" width=\"1024\" height=\"768\" data-id=\"97214\" src=\"https:\/\/www.eslebedasauto.at\/wp-content\/uploads\/2024\/12\/IMG_0242-1024x768.jpeg\" alt=\"\" class=\"wp-image-97214\" srcset=\"https:\/\/www.eslebedasauto.at\/wp-content\/uploads\/2024\/12\/IMG_0242-1024x768.jpeg 1024w, https:\/\/www.eslebedasauto.at\/wp-content\/uploads\/2024\/12\/IMG_0242-300x225.jpeg 300w, https:\/\/www.eslebedasauto.at\/wp-content\/uploads\/2024\/12\/IMG_0242-768x576.jpeg 768w, https:\/\/www.eslebedasauto.at\/wp-content\/uploads\/2024\/12\/IMG_0242-1536x1152.jpeg 1536w, https:\/\/www.eslebedasauto.at\/wp-content\/uploads\/2024\/12\/IMG_0242.jpeg 2048w\" sizes=\"(max-width: 1024px) 100vw, 1024px\" \/><\/figure>\n<\/figure>\n\n\n\n<h4 id=\"der-hohepunkt-wartet-im-heckabteil\" class=\"wp-block-heading\">Der H\u00f6hepunkt wartet im Heckabteil. <\/h4>\n\n\n\n<p>Dort hat Dacia als Extra ein brauchbares Klappbett untergebracht, welches dank Lattenrost und ordentlicher Matratze gar nicht so unbequem ist. Mit etwas \u00dcbung und Geschick ist das auch relativ schnell aufgebaut.<\/p>\n\n\n\n<figure class=\"wp-block-gallery has-nested-images columns-default is-cropped wp-block-gallery-3 is-layout-flex wp-block-gallery-is-layout-flex\">\n<figure class=\"wp-block-image size-large\"><img loading=\"lazy\" decoding=\"async\" width=\"768\" height=\"1024\" data-id=\"97127\" src=\"https:\/\/www.eslebedasauto.at\/wp-content\/uploads\/2024\/11\/IMG_9489-768x1024.jpg\" alt=\"\" class=\"wp-image-97127\" srcset=\"https:\/\/www.eslebedasauto.at\/wp-content\/uploads\/2024\/11\/IMG_9489-768x1024.jpg 768w, https:\/\/www.eslebedasauto.at\/wp-content\/uploads\/2024\/11\/IMG_9489-225x300.jpg 225w, https:\/\/www.eslebedasauto.at\/wp-content\/uploads\/2024\/11\/IMG_9489-1152x1536.jpg 1152w, https:\/\/www.eslebedasauto.at\/wp-content\/uploads\/2024\/11\/IMG_9489-1536x2048.jpg 1536w, https:\/\/www.eslebedasauto.at\/wp-content\/uploads\/2024\/11\/IMG_9489-scaled.jpg 1920w\" sizes=\"(max-width: 768px) 100vw, 768px\" \/><\/figure>\n\n\n\n<figure class=\"wp-block-image size-large\"><img loading=\"lazy\" decoding=\"async\" width=\"768\" height=\"1024\" data-id=\"97125\" src=\"https:\/\/www.eslebedasauto.at\/wp-content\/uploads\/2024\/11\/IMG_9487-768x1024.jpg\" alt=\"\" class=\"wp-image-97125\" srcset=\"https:\/\/www.eslebedasauto.at\/wp-content\/uploads\/2024\/11\/IMG_9487-768x1024.jpg 768w, https:\/\/www.eslebedasauto.at\/wp-content\/uploads\/2024\/11\/IMG_9487-225x300.jpg 225w, https:\/\/www.eslebedasauto.at\/wp-content\/uploads\/2024\/11\/IMG_9487-1152x1536.jpg 1152w, https:\/\/www.eslebedasauto.at\/wp-content\/uploads\/2024\/11\/IMG_9487-1536x2048.jpg 1536w, https:\/\/www.eslebedasauto.at\/wp-content\/uploads\/2024\/11\/IMG_9487-scaled.jpg 1920w\" sizes=\"(max-width: 768px) 100vw, 768px\" \/><\/figure>\n\n\n\n<figure class=\"wp-block-image size-large\"><img loading=\"lazy\" decoding=\"async\" width=\"768\" height=\"1024\" data-id=\"97124\" src=\"https:\/\/www.eslebedasauto.at\/wp-content\/uploads\/2024\/11\/IMG_9486-768x1024.jpg\" alt=\"\" class=\"wp-image-97124\" srcset=\"https:\/\/www.eslebedasauto.at\/wp-content\/uploads\/2024\/11\/IMG_9486-768x1024.jpg 768w, https:\/\/www.eslebedasauto.at\/wp-content\/uploads\/2024\/11\/IMG_9486-225x300.jpg 225w, https:\/\/www.eslebedasauto.at\/wp-content\/uploads\/2024\/11\/IMG_9486-1152x1536.jpg 1152w, https:\/\/www.eslebedasauto.at\/wp-content\/uploads\/2024\/11\/IMG_9486-1536x2048.jpg 1536w, https:\/\/www.eslebedasauto.at\/wp-content\/uploads\/2024\/11\/IMG_9486-scaled.jpg 1920w\" sizes=\"(max-width: 768px) 100vw, 768px\" \/><\/figure>\n\n\n\n<figure class=\"wp-block-image size-large\"><img loading=\"lazy\" decoding=\"async\" width=\"768\" height=\"1024\" data-id=\"97123\" src=\"https:\/\/www.eslebedasauto.at\/wp-content\/uploads\/2024\/11\/IMG_9485-768x1024.jpg\" alt=\"\" class=\"wp-image-97123\" srcset=\"https:\/\/www.eslebedasauto.at\/wp-content\/uploads\/2024\/11\/IMG_9485-768x1024.jpg 768w, https:\/\/www.eslebedasauto.at\/wp-content\/uploads\/2024\/11\/IMG_9485-225x300.jpg 225w, https:\/\/www.eslebedasauto.at\/wp-content\/uploads\/2024\/11\/IMG_9485-1152x1536.jpg 1152w, https:\/\/www.eslebedasauto.at\/wp-content\/uploads\/2024\/11\/IMG_9485-1536x2048.jpg 1536w, https:\/\/www.eslebedasauto.at\/wp-content\/uploads\/2024\/11\/IMG_9485-scaled.jpg 1920w\" sizes=\"(max-width: 768px) 100vw, 768px\" \/><\/figure>\n\n\n\n<figure class=\"wp-block-image size-large\"><img loading=\"lazy\" decoding=\"async\" width=\"768\" height=\"1024\" data-id=\"97126\" src=\"https:\/\/www.eslebedasauto.at\/wp-content\/uploads\/2024\/11\/IMG_9488-768x1024.jpg\" alt=\"\" class=\"wp-image-97126\" srcset=\"https:\/\/www.eslebedasauto.at\/wp-content\/uploads\/2024\/11\/IMG_9488-768x1024.jpg 768w, https:\/\/www.eslebedasauto.at\/wp-content\/uploads\/2024\/11\/IMG_9488-225x300.jpg 225w, https:\/\/www.eslebedasauto.at\/wp-content\/uploads\/2024\/11\/IMG_9488-1152x1536.jpg 1152w, https:\/\/www.eslebedasauto.at\/wp-content\/uploads\/2024\/11\/IMG_9488-1536x2048.jpg 1536w, https:\/\/www.eslebedasauto.at\/wp-content\/uploads\/2024\/11\/IMG_9488-scaled.jpg 1920w\" sizes=\"(max-width: 768px) 100vw, 768px\" \/><\/figure>\n\n\n\n<figure class=\"wp-block-image size-large\"><img loading=\"lazy\" decoding=\"async\" width=\"1024\" height=\"768\" data-id=\"97122\" src=\"https:\/\/www.eslebedasauto.at\/wp-content\/uploads\/2024\/11\/IMG_9484-1024x768.jpg\" alt=\"\" class=\"wp-image-97122\" srcset=\"https:\/\/www.eslebedasauto.at\/wp-content\/uploads\/2024\/11\/IMG_9484-1024x768.jpg 1024w, https:\/\/www.eslebedasauto.at\/wp-content\/uploads\/2024\/11\/IMG_9484-300x225.jpg 300w, https:\/\/www.eslebedasauto.at\/wp-content\/uploads\/2024\/11\/IMG_9484-768x576.jpg 768w, https:\/\/www.eslebedasauto.at\/wp-content\/uploads\/2024\/11\/IMG_9484-1536x1152.jpg 1536w, https:\/\/www.eslebedasauto.at\/wp-content\/uploads\/2024\/11\/IMG_9484-2048x1536.jpg 2048w\" sizes=\"(max-width: 1024px) 100vw, 1024px\" \/><\/figure>\n<\/figure>\n\n\n\n<p><\/p>\n\n\n\n<p><strong>Als TCe130 4&#215;4 liefert der Duster brauchbaren aber nicht \u00fcberbordenden Vortrieb f\u00fcr alle Gelegenheiten.<\/strong> Der Vierzylinder-Benziner verbraucht im Schnitt rund sieben Liter Super und bleibt akustisch stets pr\u00e4sent &#8211; die daran gekoppelte 6-Gang Handschaltung l\u00e4sst sich zwar etwas langwegig aber dennoch halbwegs pr\u00e4zise schalten. Das Fahrwerk ist ausreichend kommod &#8211; man merkt ihm allerdings die Offroad-Tauglichkeit etwas an. Zusammengefasst passt die Fahrscharakteristik perfekt zum rustikalen Charakter des Duster.<\/p>\n\n\n\n<figure class=\"wp-block-image size-large\"><img loading=\"lazy\" decoding=\"async\" width=\"1024\" height=\"768\" src=\"https:\/\/www.eslebedasauto.at\/wp-content\/uploads\/2024\/11\/IMG_9493-1024x768.jpg\" alt=\"\" class=\"wp-image-97130\" srcset=\"https:\/\/www.eslebedasauto.at\/wp-content\/uploads\/2024\/11\/IMG_9493-1024x768.jpg 1024w, https:\/\/www.eslebedasauto.at\/wp-content\/uploads\/2024\/11\/IMG_9493-300x225.jpg 300w, https:\/\/www.eslebedasauto.at\/wp-content\/uploads\/2024\/11\/IMG_9493-768x576.jpg 768w, https:\/\/www.eslebedasauto.at\/wp-content\/uploads\/2024\/11\/IMG_9493-1536x1152.jpg 1536w, https:\/\/www.eslebedasauto.at\/wp-content\/uploads\/2024\/11\/IMG_9493-2048x1536.jpg 2048w\" sizes=\"(max-width: 1024px) 100vw, 1024px\" \/><\/figure>\n\n\n\n<h4 id=\"unterm-strich\" class=\"wp-block-heading\">Unterm Strich<\/h4>\n\n\n\n<p><strong>Ob im Gel\u00e4nde oder auf der Stra\u00dfe, der Duster \u00fcberzeugt mit seinem Allradantrieb und zahlreichen Extras, die ihn ideal f\u00fcr spontane Reisen und Outdoor-Erlebnisse machen.<\/strong> Ein Fahrzeug, das nicht nur robust ist, sondern auch den Komfort bietet, um aus jedem Abenteuer das Beste herauszuholen. Und zu guter Letzt steht da noch der Preis: Dacia bietet den Duster in der schon recht guten Grundausstattung um 23.790 Euro an. Unser sehr gut ausgestatteter Testwagen &#8222;Extreme&#8220; mit Extras wie Technik-, City-Paket und 18-Zoll-R\u00e4dern liegt immer noch deutlich unter der 30.000 Euro Grenze. Wenn das kein verlockendes Angebot ist.<\/p>\n\n\n\n<p>Das gesamte Zubeh\u00f6r findet man hier: <a href=\"https:\/\/www.dacia.at\/zubehoer\/katalog.html?bodyCode=SUV&amp;projectCode=X1310\">Dacia Zubeh\u00f6r<\/a><\/p>\n\n\n\n<p><\/p>\n\n\n\n<p><\/p>","protected":false},"excerpt":{"rendered":"<p>Der Dacia Duster hat jetzt eine Gr\u00f6\u00dfe erreicht, wo er auch als Fahrzeug f\u00fcr abenteuerlustige Familien oder als robuster Firmenwagen perfekt passt.<\/p>","protected":false},"author":1,"featured_media":97142,"comment_status":"open","ping_status":"open","sticky":false,"template":"","format":"standard","meta":{"neve_meta_sidebar":"","neve_meta_container":"","neve_meta_enable_content_width":"","neve_meta_content_width":0,"neve_meta_title_alignment":"","neve_meta_author_avatar":"","neve_post_elements_order":"","neve_meta_disable_header":"","neve_meta_disable_footer":"","neve_meta_disable_title":"","neve_meta_reading_time":"","footnotes":""},"categories":[14,335],"tags":[],"class_list":["post-97146","post","type-post","status-publish","format-standard","has-post-thumbnail","hentry","category-benzin","category-fahrberichte"],"yoast_head":"<!-- This site is optimized with the Yoast SEO plugin v26.8 - https:\/\/yoast.com\/product\/yoast-seo-wordpress\/ -->\n<title>Dacia Duster 4x4: Erfrischend rustikal. - Es lebe das Auto<\/title>\n<meta name=\"description\" content=\"Der Dacia Duster hat eine Gr\u00f6\u00dfe erreicht, wo er auch als Fahrzeug f\u00fcr abenteuerlustige Familien oder als robuster Firmenwagen perfekt passt.\" \/>\n<meta name=\"robots\" content=\"index, follow, max-snippet:-1, max-image-preview:large, max-video-preview:-1\" \/>\n<link rel=\"canonical\" href=\"https:\/\/www.eslebedasauto.at\/it\/dacia-duster-4x4-test\/\" \/>\n<meta property=\"og:locale\" content=\"it_IT\" \/>\n<meta property=\"og:type\" content=\"article\" \/>\n<meta property=\"og:title\" content=\"Dacia Duster 4x4: Erfrischend rustikal. - Es lebe das Auto\" \/>\n<meta property=\"og:description\" content=\"Der Dacia Duster hat eine Gr\u00f6\u00dfe erreicht, wo er auch als Fahrzeug f\u00fcr abenteuerlustige Familien oder als robuster Firmenwagen perfekt passt.\" \/>\n<meta property=\"og:url\" content=\"https:\/\/www.eslebedasauto.at\/it\/dacia-duster-4x4-test\/\" \/>\n<meta property=\"og:site_name\" content=\"Es lebe das Auto\" \/>\n<meta property=\"article:publisher\" content=\"https:\/\/www.facebook.com\/eslebedasauto.at\" \/>\n<meta property=\"article:published_time\" content=\"2024-12-05T09:04:37+00:00\" \/>\n<meta property=\"article:modified_time\" content=\"2024-12-05T09:16:10+00:00\" \/>\n<meta property=\"og:image\" content=\"https:\/\/www.eslebedasauto.at\/wp-content\/uploads\/2024\/11\/IMG_9512-scaled.jpg\" \/>\n\t<meta property=\"og:image:width\" content=\"2560\" \/>\n\t<meta property=\"og:image:height\" content=\"1920\" \/>\n\t<meta property=\"og:image:type\" content=\"image\/jpeg\" \/>\n<meta name=\"author\" content=\"Juergen\" \/>\n<meta name=\"twitter:card\" content=\"summary_large_image\" \/>\n<meta name=\"twitter:label1\" content=\"Scritto da\" \/>\n\t<meta name=\"twitter:data1\" content=\"Juergen\" \/>\n\t<meta name=\"twitter:label2\" content=\"Tempo di lettura stimato\" \/>\n\t<meta name=\"twitter:data2\" content=\"8 minuti\" \/>\n<script type=\"application\/ld+json\" class=\"yoast-schema-graph\">{\"@context\":\"https:\/\/schema.org\",\"@graph\":[{\"@type\":\"Article\",\"@id\":\"https:\/\/www.eslebedasauto.at\/dacia-duster-4x4-test\/#article\",\"isPartOf\":{\"@id\":\"https:\/\/www.eslebedasauto.at\/dacia-duster-4x4-test\/\"},\"author\":{\"name\":\"Juergen\",\"@id\":\"https:\/\/www.eslebedasauto.at\/#\/schema\/person\/4ecfb7fe1eb40654e5370227118c3fc2\"},\"headline\":\"Dacia Duster 4&#215;4: Erfrischend rustikal.\",\"datePublished\":\"2024-12-05T09:04:37+00:00\",\"dateModified\":\"2024-12-05T09:16:10+00:00\",\"mainEntityOfPage\":{\"@id\":\"https:\/\/www.eslebedasauto.at\/dacia-duster-4x4-test\/\"},\"wordCount\":689,\"commentCount\":0,\"publisher\":{\"@id\":\"https:\/\/www.eslebedasauto.at\/#organization\"},\"image\":{\"@id\":\"https:\/\/www.eslebedasauto.at\/dacia-duster-4x4-test\/#primaryimage\"},\"thumbnailUrl\":\"https:\/\/www.eslebedasauto.at\/wp-content\/uploads\/2024\/11\/IMG_9512-scaled.jpg\",\"articleSection\":[\"Benzin\",\"Fahrberichte\"],\"inLanguage\":\"it-IT\",\"potentialAction\":[{\"@type\":\"CommentAction\",\"name\":\"Comment\",\"target\":[\"https:\/\/www.eslebedasauto.at\/dacia-duster-4x4-test\/#respond\"]}]},{\"@type\":\"WebPage\",\"@id\":\"https:\/\/www.eslebedasauto.at\/dacia-duster-4x4-test\/\",\"url\":\"https:\/\/www.eslebedasauto.at\/dacia-duster-4x4-test\/\",\"name\":\"Dacia Duster 4x4: Erfrischend rustikal. - Es lebe das Auto\",\"isPartOf\":{\"@id\":\"https:\/\/www.eslebedasauto.at\/#website\"},\"primaryImageOfPage\":{\"@id\":\"https:\/\/www.eslebedasauto.at\/dacia-duster-4x4-test\/#primaryimage\"},\"image\":{\"@id\":\"https:\/\/www.eslebedasauto.at\/dacia-duster-4x4-test\/#primaryimage\"},\"thumbnailUrl\":\"https:\/\/www.eslebedasauto.at\/wp-content\/uploads\/2024\/11\/IMG_9512-scaled.jpg\",\"datePublished\":\"2024-12-05T09:04:37+00:00\",\"dateModified\":\"2024-12-05T09:16:10+00:00\",\"description\":\"Der Dacia Duster hat eine Gr\u00f6\u00dfe erreicht, wo er auch als Fahrzeug f\u00fcr abenteuerlustige Familien oder als robuster Firmenwagen perfekt passt.\",\"breadcrumb\":{\"@id\":\"https:\/\/www.eslebedasauto.at\/dacia-duster-4x4-test\/#breadcrumb\"},\"inLanguage\":\"it-IT\",\"potentialAction\":[{\"@type\":\"ReadAction\",\"target\":[\"https:\/\/www.eslebedasauto.at\/dacia-duster-4x4-test\/\"]}]},{\"@type\":\"ImageObject\",\"inLanguage\":\"it-IT\",\"@id\":\"https:\/\/www.eslebedasauto.at\/dacia-duster-4x4-test\/#primaryimage\",\"url\":\"https:\/\/www.eslebedasauto.at\/wp-content\/uploads\/2024\/11\/IMG_9512-scaled.jpg\",\"contentUrl\":\"https:\/\/www.eslebedasauto.at\/wp-content\/uploads\/2024\/11\/IMG_9512-scaled.jpg\",\"width\":2560,\"height\":1920},{\"@type\":\"BreadcrumbList\",\"@id\":\"https:\/\/www.eslebedasauto.at\/dacia-duster-4x4-test\/#breadcrumb\",\"itemListElement\":[{\"@type\":\"ListItem\",\"position\":1,\"name\":\"Startseite\",\"item\":\"https:\/\/www.eslebedasauto.at\/\"},{\"@type\":\"ListItem\",\"position\":2,\"name\":\"Dacia Duster 4&#215;4: Erfrischend rustikal.\"}]},{\"@type\":\"WebSite\",\"@id\":\"https:\/\/www.eslebedasauto.at\/#website\",\"url\":\"https:\/\/www.eslebedasauto.at\/\",\"name\":\"Es lebe das Auto\",\"description\":\"ein Hoch auf den Individualverkehr\",\"publisher\":{\"@id\":\"https:\/\/www.eslebedasauto.at\/#organization\"},\"potentialAction\":[{\"@type\":\"SearchAction\",\"target\":{\"@type\":\"EntryPoint\",\"urlTemplate\":\"https:\/\/www.eslebedasauto.at\/?s={search_term_string}\"},\"query-input\":{\"@type\":\"PropertyValueSpecification\",\"valueRequired\":true,\"valueName\":\"search_term_string\"}}],\"inLanguage\":\"it-IT\"},{\"@type\":\"Organization\",\"@id\":\"https:\/\/www.eslebedasauto.at\/#organization\",\"name\":\"eslebedasauto\",\"url\":\"https:\/\/www.eslebedasauto.at\/\",\"logo\":{\"@type\":\"ImageObject\",\"inLanguage\":\"it-IT\",\"@id\":\"https:\/\/www.eslebedasauto.at\/#\/schema\/logo\/image\/\",\"url\":\"https:\/\/www.eslebedasauto.at\/wp-content\/uploads\/2025\/10\/eldarund.png\",\"contentUrl\":\"https:\/\/www.eslebedasauto.at\/wp-content\/uploads\/2025\/10\/eldarund.png\",\"width\":1024,\"height\":1024,\"caption\":\"eslebedasauto\"},\"image\":{\"@id\":\"https:\/\/www.eslebedasauto.at\/#\/schema\/logo\/image\/\"},\"sameAs\":[\"https:\/\/www.facebook.com\/eslebedasauto.at\",\"https:\/\/www.instagram.com\/es_lebe_das_auto\/\"]},{\"@type\":\"Person\",\"@id\":\"https:\/\/www.eslebedasauto.at\/#\/schema\/person\/4ecfb7fe1eb40654e5370227118c3fc2\",\"name\":\"Juergen\",\"url\":\"https:\/\/www.eslebedasauto.at\/it\/author\/netzwerkkapitaene-og\/\"}]}<\/script>\n<!-- \/ Yoast SEO plugin. -->","yoast_head_json":{"title":"Dacia Duster 4x4: Erfrischend rustikal. - Es lebe das Auto","description":"Der Dacia Duster hat eine Gr\u00f6\u00dfe erreicht, wo er auch als Fahrzeug f\u00fcr abenteuerlustige Familien oder als robuster Firmenwagen perfekt passt.","robots":{"index":"index","follow":"follow","max-snippet":"max-snippet:-1","max-image-preview":"max-image-preview:large","max-video-preview":"max-video-preview:-1"},"canonical":"https:\/\/www.eslebedasauto.at\/it\/dacia-duster-4x4-test\/","og_locale":"it_IT","og_type":"article","og_title":"Dacia Duster 4x4: Erfrischend rustikal. - Es lebe das Auto","og_description":"Der Dacia Duster hat eine Gr\u00f6\u00dfe erreicht, wo er auch als Fahrzeug f\u00fcr abenteuerlustige Familien oder als robuster Firmenwagen perfekt passt.","og_url":"https:\/\/www.eslebedasauto.at\/it\/dacia-duster-4x4-test\/","og_site_name":"Es lebe das Auto","article_publisher":"https:\/\/www.facebook.com\/eslebedasauto.at","article_published_time":"2024-12-05T09:04:37+00:00","article_modified_time":"2024-12-05T09:16:10+00:00","og_image":[{"width":2560,"height":1920,"url":"https:\/\/www.eslebedasauto.at\/wp-content\/uploads\/2024\/11\/IMG_9512-scaled.jpg","type":"image\/jpeg"}],"author":"Juergen","twitter_card":"summary_large_image","twitter_misc":{"Scritto da":"Juergen","Tempo di lettura stimato":"8 minuti"},"schema":{"@context":"https:\/\/schema.org","@graph":[{"@type":"Article","@id":"https:\/\/www.eslebedasauto.at\/dacia-duster-4x4-test\/#article","isPartOf":{"@id":"https:\/\/www.eslebedasauto.at\/dacia-duster-4x4-test\/"},"author":{"name":"Juergen","@id":"https:\/\/www.eslebedasauto.at\/#\/schema\/person\/4ecfb7fe1eb40654e5370227118c3fc2"},"headline":"Dacia Duster 4&#215;4: Erfrischend rustikal.","datePublished":"2024-12-05T09:04:37+00:00","dateModified":"2024-12-05T09:16:10+00:00","mainEntityOfPage":{"@id":"https:\/\/www.eslebedasauto.at\/dacia-duster-4x4-test\/"},"wordCount":689,"commentCount":0,"publisher":{"@id":"https:\/\/www.eslebedasauto.at\/#organization"},"image":{"@id":"https:\/\/www.eslebedasauto.at\/dacia-duster-4x4-test\/#primaryimage"},"thumbnailUrl":"https:\/\/www.eslebedasauto.at\/wp-content\/uploads\/2024\/11\/IMG_9512-scaled.jpg","articleSection":["Benzin","Fahrberichte"],"inLanguage":"it-IT","potentialAction":[{"@type":"CommentAction","name":"Comment","target":["https:\/\/www.eslebedasauto.at\/dacia-duster-4x4-test\/#respond"]}]},{"@type":"WebPage","@id":"https:\/\/www.eslebedasauto.at\/dacia-duster-4x4-test\/","url":"https:\/\/www.eslebedasauto.at\/dacia-duster-4x4-test\/","name":"Dacia Duster 4x4: Erfrischend rustikal. - Es lebe das Auto","isPartOf":{"@id":"https:\/\/www.eslebedasauto.at\/#website"},"primaryImageOfPage":{"@id":"https:\/\/www.eslebedasauto.at\/dacia-duster-4x4-test\/#primaryimage"},"image":{"@id":"https:\/\/www.eslebedasauto.at\/dacia-duster-4x4-test\/#primaryimage"},"thumbnailUrl":"https:\/\/www.eslebedasauto.at\/wp-content\/uploads\/2024\/11\/IMG_9512-scaled.jpg","datePublished":"2024-12-05T09:04:37+00:00","dateModified":"2024-12-05T09:16:10+00:00","description":"Der Dacia Duster hat eine Gr\u00f6\u00dfe erreicht, wo er auch als Fahrzeug f\u00fcr abenteuerlustige Familien oder als robuster Firmenwagen perfekt passt.","breadcrumb":{"@id":"https:\/\/www.eslebedasauto.at\/dacia-duster-4x4-test\/#breadcrumb"},"inLanguage":"it-IT","potentialAction":[{"@type":"ReadAction","target":["https:\/\/www.eslebedasauto.at\/dacia-duster-4x4-test\/"]}]},{"@type":"ImageObject","inLanguage":"it-IT","@id":"https:\/\/www.eslebedasauto.at\/dacia-duster-4x4-test\/#primaryimage","url":"https:\/\/www.eslebedasauto.at\/wp-content\/uploads\/2024\/11\/IMG_9512-scaled.jpg","contentUrl":"https:\/\/www.eslebedasauto.at\/wp-content\/uploads\/2024\/11\/IMG_9512-scaled.jpg","width":2560,"height":1920},{"@type":"BreadcrumbList","@id":"https:\/\/www.eslebedasauto.at\/dacia-duster-4x4-test\/#breadcrumb","itemListElement":[{"@type":"ListItem","position":1,"name":"Startseite","item":"https:\/\/www.eslebedasauto.at\/"},{"@type":"ListItem","position":2,"name":"Dacia Duster 4&#215;4: Erfrischend rustikal."}]},{"@type":"WebSite","@id":"https:\/\/www.eslebedasauto.at\/#website","url":"https:\/\/www.eslebedasauto.at\/","name":"Es lebe das Auto","description":"ein Hoch auf den Individualverkehr","publisher":{"@id":"https:\/\/www.eslebedasauto.at\/#organization"},"potentialAction":[{"@type":"SearchAction","target":{"@type":"EntryPoint","urlTemplate":"https:\/\/www.eslebedasauto.at\/?s={search_term_string}"},"query-input":{"@type":"PropertyValueSpecification","valueRequired":true,"valueName":"search_term_string"}}],"inLanguage":"it-IT"},{"@type":"Organization","@id":"https:\/\/www.eslebedasauto.at\/#organization","name":"eslebedasauto","url":"https:\/\/www.eslebedasauto.at\/","logo":{"@type":"ImageObject","inLanguage":"it-IT","@id":"https:\/\/www.eslebedasauto.at\/#\/schema\/logo\/image\/","url":"https:\/\/www.eslebedasauto.at\/wp-content\/uploads\/2025\/10\/eldarund.png","contentUrl":"https:\/\/www.eslebedasauto.at\/wp-content\/uploads\/2025\/10\/eldarund.png","width":1024,"height":1024,"caption":"eslebedasauto"},"image":{"@id":"https:\/\/www.eslebedasauto.at\/#\/schema\/logo\/image\/"},"sameAs":["https:\/\/www.facebook.com\/eslebedasauto.at","https:\/\/www.instagram.com\/es_lebe_das_auto\/"]},{"@type":"Person","@id":"https:\/\/www.eslebedasauto.at\/#\/schema\/person\/4ecfb7fe1eb40654e5370227118c3fc2","name":"Juergen","url":"https:\/\/www.eslebedasauto.at\/it\/author\/netzwerkkapitaene-og\/"}]}},"_links":{"self":[{"href":"https:\/\/www.eslebedasauto.at\/it\/wp-json\/wp\/v2\/posts\/97146","targetHints":{"allow":["GET"]}}],"collection":[{"href":"https:\/\/www.eslebedasauto.at\/it\/wp-json\/wp\/v2\/posts"}],"about":[{"href":"https:\/\/www.eslebedasauto.at\/it\/wp-json\/wp\/v2\/types\/post"}],"author":[{"embeddable":true,"href":"https:\/\/www.eslebedasauto.at\/it\/wp-json\/wp\/v2\/users\/1"}],"replies":[{"embeddable":true,"href":"https:\/\/www.eslebedasauto.at\/it\/wp-json\/wp\/v2\/comments?post=97146"}],"version-history":[{"count":7,"href":"https:\/\/www.eslebedasauto.at\/it\/wp-json\/wp\/v2\/posts\/97146\/revisions"}],"predecessor-version":[{"id":97222,"href":"https:\/\/www.eslebedasauto.at\/it\/wp-json\/wp\/v2\/posts\/97146\/revisions\/97222"}],"wp:featuredmedia":[{"embeddable":true,"href":"https:\/\/www.eslebedasauto.at\/it\/wp-json\/wp\/v2\/media\/97142"}],"wp:attachment":[{"href":"https:\/\/www.eslebedasauto.at\/it\/wp-json\/wp\/v2\/media?parent=97146"}],"wp:term":[{"taxonomy":"category","embeddable":true,"href":"https:\/\/www.eslebedasauto.at\/it\/wp-json\/wp\/v2\/categories?post=97146"},{"taxonomy":"post_tag","embeddable":true,"href":"https:\/\/www.eslebedasauto.at\/it\/wp-json\/wp\/v2\/tags?post=97146"}],"curies":[{"name":"wp","href":"https:\/\/api.w.org\/{rel}","templated":true}]}}