{"id":97011,"date":"2025-04-07T08:08:00","date_gmt":"2025-04-07T06:08:00","guid":{"rendered":"https:\/\/www.eslebedasauto.at\/?p=97011"},"modified":"2025-04-07T12:19:34","modified_gmt":"2025-04-07T10:19:34","slug":"ds-3-e-tense-praxistest","status":"publish","type":"post","link":"https:\/\/www.eslebedasauto.at\/it\/ds-3-e-tense-praxistest\/","title":{"rendered":"Wie viel Akku braucht der Mensch?"},"content":{"rendered":"<p><\/p>\n\n\n\n<h4 id=\"die-e-mobilitat-kommt-jetzt-immer-mehr-in-die-gange-und-der-anfangliche-reichweiten-hype-hat-sich-im-alltag-ein-wenig-relativiert-wieviel-reichweite-und-somit-akku-braucht-man-fur-einen-entspannten-a\" class=\"wp-block-heading\">Die E-Mobilit\u00e4t kommt jetzt immer mehr in die G\u00e4nge und der anf\u00e4ngliche Reichweiten-Hype hat sich im Alltag ein wenig relativiert. Wieviel Reichweite und somit Akku braucht man f\u00fcr einen entspannten Alltag wirklich?<\/h4>\n\n\n\n<p>Das Angebot an Elektroautos aller Art hat sich im letzten Jahr deutlich erh\u00f6ht, auch im unteren Preissegment &#8211; die Ausrede, kein passendes zu finden schw\u00e4cht sich merklich ab. Ebenso deutlich gr\u00f6\u00dfer geworden ist die Anzahl an \u00f6ffentlichen Ladem\u00f6glichkeiten, wie auch deren unkomplizierte und jetzt auch weitgehende fehlerfreie Bedienung.<\/p>\n\n\n\n<p><strong>In Sachen Reichweite geht\u00b4s in erster Linie nat\u00fcrlich darum, f\u00fcr welche Zwecke man sein Elektroauto eigentlich braucht.<\/strong> Nat\u00fcrlich gibt es auch hier kompromisslose Langstreckenfahrer, die auch mit Elektroantrieb auf\u00b4s Kilometerfressen nicht verzichten m\u00f6chten. Die gro\u00dfe Mehrheit wird sein E-Mobil aber ganz normal im t\u00e4glichen Alltag bewegen und somit im Schnitt nicht mehr als 40 bis 50 Kilometer damit pro Tag abspulen. Und da kommen dann auch leistbare E-Autos mit relativ kleinem Akku, moderater Leistung und eher bodenst\u00e4ndiger Technik ins Spiel.<\/p>\n\n\n\n<p><strong>Der Automobilkonzern Stellantis hat gleich mehrere dieser &#8222;bodenst\u00e4ndigen&#8220; Fahrzeuge im Programm.<\/strong> Seit neuestem startet die Palette mit dem chinesisch-st\u00e4mmigen <strong>Leapmotor T03<\/strong> (95 PS, 37,3 kWh Akku, 265 km WLTP Reichweite), hantelt sich hoch \u00fcber den <strong><a href=\"https:\/\/www.eslebedasauto.at\/it\/citroen-c3-ec3-vorstellung\/\">Citroen eC3<\/a><\/strong> (113 PS, 44 kWh Akku, 326 km WLTP Reichweite) bis hin zur breit aufgestellten e-CMP-Plattform mit 156 PS und 54 kWh Akku, welche unter anderem in Fahrzeugen wie  dem <strong>Peugeot E208<\/strong>, <strong>Opel Corsa e, Citroen eC4, Fiat 600e<\/strong> oder auch dem <strong>DS 3 E-Tense<\/strong> zum Einsatz kommt.<\/p>\n\n\n\n<figure class=\"wp-block-image size-large\"><img fetchpriority=\"high\" decoding=\"async\" width=\"1024\" height=\"768\" src=\"https:\/\/www.eslebedasauto.at\/wp-content\/uploads\/2024\/11\/IMG_0211-1024x768.jpeg\" alt=\"\" class=\"wp-image-97031\" srcset=\"https:\/\/www.eslebedasauto.at\/wp-content\/uploads\/2024\/11\/IMG_0211-1024x768.jpeg 1024w, https:\/\/www.eslebedasauto.at\/wp-content\/uploads\/2024\/11\/IMG_0211-300x225.jpeg 300w, https:\/\/www.eslebedasauto.at\/wp-content\/uploads\/2024\/11\/IMG_0211-768x576.jpeg 768w, https:\/\/www.eslebedasauto.at\/wp-content\/uploads\/2024\/11\/IMG_0211-1536x1152.jpeg 1536w, https:\/\/www.eslebedasauto.at\/wp-content\/uploads\/2024\/11\/IMG_0211-2048x1536.jpeg 2048w\" sizes=\"(max-width: 1024px) 100vw, 1024px\" \/><\/figure>\n\n\n\n<h3 id=\"die-vorteile-eines-kleinen-akkus-liegen-auf-der-hand\" class=\"wp-block-heading\">Die Vorteile eines kleinen Akkus liegen auf der Hand.<\/h3>\n\n\n\n<ul class=\"wp-block-list\">\n<li><strong>Niedriges Gewicht<\/strong> &#8211; bedeutet niedrigeren Verbrauch und besseres Handling<\/li>\n\n\n\n<li><strong>Ein kleiner Akku ist schneller wieder voll<\/strong> &#8211; auch ohne massiv hoher Ladeleistung.<\/li>\n\n\n\n<li><strong>Kleiner Akku &#8211; Kleines Auto<\/strong> &#8211; warum sollte man immer mit einem Riesen-SUV durch die Gegend fahren.<\/li>\n\n\n\n<li><strong>Niedrigerer Preis <\/strong>&#8211; das teuerste am E-Auto ist noch immer die Batterie<\/li>\n<\/ul>\n\n\n\n<h3 id=\"was-kann-ein-klein-dimensionierter-stromer-a-la-ds-3-e-tense-im-alltag\" class=\"wp-block-heading\">Was kann ein klein dimensionierter Stromer \u00e1 la DS 3 E-Tense im Alltag?<\/h3>\n\n\n\n<p><strong>\u00dcberraschend viel. Wir hatten den kleinen Stromer f\u00fcr einen Alltagstest bei uns zu Besuch und konnten dem Auto gleich ordentlich auf den Zahn f\u00fchlen.<\/strong> Die meisten, die sich so ein Auto kaufen, haben zuhause in der Regel eine Ladem\u00f6glichkeit zur Verf\u00fcgung. Dort kann dann der Stromer bei Bedarf preisg\u00fcnstig und batterieschonend aufgeladen werden &#8211; was aber nicht hei\u00dft, dass er dort dauernd an der Wallbox h\u00e4ngen muss. So ein <strong>DS 3 E-Tense schafft n\u00e4mlich eine recht brauchbare Reichweite<\/strong> &#8211; dank niedrigem Verbrauch (Winter-Testschnitt 17 kWh\/100km) sind 300 Kilometer auch in der kalten Jahreszeit drinnen, im Sommer geht\u00b4s dann nochmals rund 50 Kilometer weiter. Und wer dann jeden Tag zum Bespiel in die Arbeit pendelt und so seine durchschnittlichen 50 Kilometer abspult, der wird dann auch nur einmal w\u00f6chentlich daheim laden m\u00fcssen.<\/p>\n\n\n\n<p><strong>Anders sieht die Sache klarerweise aus, wenn man nicht zuhause laden kann.<\/strong> Dann ist man auf \u00f6ffentliche Ladestationen angewiesen &#8211; die a) mehr Geld kosten und b) nicht immer verf\u00fcgbar sind. Der Vorteil dieser Lades\u00e4ulen liegt in der h\u00f6heren Ladegeschwindigkeit &#8211; da passt es oft ganz gut, wenn man w\u00e4hrend seines Wocheneinkaufs bei Hofer &amp; Co, den DS 3 an einer der dort aufgestellten Lades\u00e4ulen f\u00fcttert. Ein halbst\u00fcndiger Einkauf bef\u00f6rdert dann den Ladestand schnell wieder in brauchbare H\u00f6hen.<\/p>\n\n\n\n<figure class=\"wp-block-image size-large\"><img decoding=\"async\" width=\"1024\" height=\"768\" src=\"https:\/\/www.eslebedasauto.at\/wp-content\/uploads\/2024\/11\/IMG_0179-1-1024x768.jpeg\" alt=\"\" class=\"wp-image-97032\" srcset=\"https:\/\/www.eslebedasauto.at\/wp-content\/uploads\/2024\/11\/IMG_0179-1-1024x768.jpeg 1024w, https:\/\/www.eslebedasauto.at\/wp-content\/uploads\/2024\/11\/IMG_0179-1-300x225.jpeg 300w, https:\/\/www.eslebedasauto.at\/wp-content\/uploads\/2024\/11\/IMG_0179-1-768x576.jpeg 768w, https:\/\/www.eslebedasauto.at\/wp-content\/uploads\/2024\/11\/IMG_0179-1-1536x1152.jpeg 1536w, https:\/\/www.eslebedasauto.at\/wp-content\/uploads\/2024\/11\/IMG_0179-1-2048x1536.jpeg 2048w\" sizes=\"(max-width: 1024px) 100vw, 1024px\" \/><\/figure>\n\n\n\n<blockquote class=\"wp-block-quote is-layout-flow wp-block-quote-is-layout-flow\">\n<blockquote class=\"wp-block-quote has-text-align-center is-layout-flow wp-block-quote-is-layout-flow\">\n<p><em><strong>An einer 100 kW-Schnellladestation ist der Akku in 30 Minuten zu 80 Prozent geladen, zu Hause an der Wallbox dauert es rund&nbsp;5:45&nbsp;Stunden. Das sind zwar keine Spitzenwerte \u2013 in der Realit\u00e4t reicht diese Ladeleistung ob der kleinen Akkugr\u00f6\u00dfe aber locker aus.<\/strong><\/em><\/p>\n<cite>#eslebedasauto<\/cite><\/blockquote>\n<\/blockquote>\n\n\n\n<h3 id=\"und-wenn-es-dann-auf-urlaub-damit-gehen-soll\" class=\"wp-block-heading\">Und wenn es dann auf Urlaub damit gehen soll?<\/h3>\n\n\n\n<p><strong>Es soll auch Leute geben, die mit dem kleinen Franzosen auf gro\u00dfe Reise gehen m\u00f6chten. <\/strong>Auch das ist kein Riesenproblem &#8211; man muss sich halt ein wenig darauf einstellen und etwas Streckenplanung geh\u00f6rt auch dazu. Auf der Autobahn sinkt klarerweise die Reichweite ein wenig ab &#8211; wer sich tempom\u00e4\u00dfig ein wenig zur\u00fcckh\u00e4lt, sollte aber mit dem DS 3 E-Tense rund 250 Kilometer am St\u00fcck schaffen. Danach gilt es eine der inzwischen zahlreichen Schnellladestationen aufzusuchen und sich eine rund halbst\u00fcndige Kaffee- bzw. Pinkelpause zu g\u00f6nnen. Echte Langstreckentiere werden jetzt zwar h\u00f6hnisch aufheulen, aber wenn man sich ehrlich ist, hat man nach zwei, drei Stunden im Urlaubsverkehr sowieso eine Pause n\u00f6tig.<\/p>\n\n\n\n<h3 id=\"uber-den-ds-3-e-tense\" class=\"wp-block-heading has-text-align-center\">\u00dcber den DS 3 E-Tense<\/h3>\n\n\n\n<p><strong>Grunds\u00e4tzlich geh\u00f6rt der DS 3 Crossback ins Premium-Eck<\/strong> &#8211; das sp\u00fcrt man deutlich. Zuerst mal an der Kassa &#8211; der DS 3 E-Tense ist nicht billig. Sein Listenpreis startet ab 43.320 Euro und bef\u00f6rdert ihn mitten in den elit\u00e4ren Kreis von Audi und BMW. Daf\u00fcr erh\u00e4lt man aber die gewohnt hohe DS-Qualit\u00e4t. <strong>Ger\u00e4uschd\u00e4mmung, Verarbeitung und Materialg\u00fcte sind wirklich spitze.<\/strong> Gerade bei einem Elektroauto werden st\u00f6rende Ger\u00e4usche schnell nervig &#8211; vor allem wenn es sich um Knarzen oder Knirschen aufgrund schleissiger Verarbeitung handelt &#8211; im DS 3 E-Tense aber: STILLE. <\/p>\n\n\n\n<p><\/p>\n\n\n\n<figure class=\"wp-block-image size-large\"><img decoding=\"async\" width=\"1024\" height=\"768\" src=\"https:\/\/www.eslebedasauto.at\/wp-content\/uploads\/2024\/11\/IMG_0208-1024x768.jpeg\" alt=\"\" class=\"wp-image-97028\" srcset=\"https:\/\/www.eslebedasauto.at\/wp-content\/uploads\/2024\/11\/IMG_0208-1024x768.jpeg 1024w, https:\/\/www.eslebedasauto.at\/wp-content\/uploads\/2024\/11\/IMG_0208-300x225.jpeg 300w, https:\/\/www.eslebedasauto.at\/wp-content\/uploads\/2024\/11\/IMG_0208-768x576.jpeg 768w, https:\/\/www.eslebedasauto.at\/wp-content\/uploads\/2024\/11\/IMG_0208-1536x1152.jpeg 1536w, https:\/\/www.eslebedasauto.at\/wp-content\/uploads\/2024\/11\/IMG_0208-2048x1536.jpeg 2048w\" sizes=\"(max-width: 1024px) 100vw, 1024px\" \/><\/figure>\n\n\n\n<h5 id=\"seit-seiner-einfuhrung-als-eigenstandiges-modell-im-jahr-2019-wird-der-ds-3-crossback-als-einstieg-in-die-stellantis-premiumlinie-gefuhrt-ihn-gibt-es-in-osterreich-ausschlieslich-als-elektroau\" class=\"wp-block-heading\">Seit seiner Einf\u00fchrung als eigenst\u00e4ndiges Modell im Jahr 2019 wird der DS 3 Crossback als Einstieg in die Stellantis-Premiumlinie gef\u00fchrt &#8211; ihn gibt es in \u00d6sterreich ausschlie\u00dflich als Elektroauto. <\/h5>\n\n\n\n<p><strong>Mit einer L\u00e4nge von 4,12 Metern geh\u00f6rt der DS 3 zu den kompakten SUV<\/strong>, auff\u00e4llig ist sein markantes Design: Der K\u00fchlergrill in markentypischer Rautenoptik, geschwungene Scheinwerfer, die heruntergezogenen LED-Tagfahrlichter und ein auff\u00e4lliger \u201eH\u00f6cker\u201c an der Fensterlinie verleihen ihm einen unverwechselbaren Look. Am Heck sorgt eine Zierleiste mit dem DS-Schriftzug zwischen den schmalen Heckleuchten f\u00fcr Eleganz und optische Breite. Der DS 3 E-Tense ist wie oben erw\u00e4hnt mit einem 115 kW (156 PS) starken Motor, einem 54 kWh fassenden Akku und einer maximalen Ladeleistung von 100 kW ausgestattet.<\/p>\n\n\n\n<figure class=\"wp-block-image size-large\"><img loading=\"lazy\" decoding=\"async\" width=\"1024\" height=\"768\" src=\"https:\/\/www.eslebedasauto.at\/wp-content\/uploads\/2024\/11\/IMG_0206-1024x768.jpeg\" alt=\"\" class=\"wp-image-97026\" srcset=\"https:\/\/www.eslebedasauto.at\/wp-content\/uploads\/2024\/11\/IMG_0206-1024x768.jpeg 1024w, https:\/\/www.eslebedasauto.at\/wp-content\/uploads\/2024\/11\/IMG_0206-300x225.jpeg 300w, https:\/\/www.eslebedasauto.at\/wp-content\/uploads\/2024\/11\/IMG_0206-768x576.jpeg 768w, https:\/\/www.eslebedasauto.at\/wp-content\/uploads\/2024\/11\/IMG_0206-1536x1152.jpeg 1536w, https:\/\/www.eslebedasauto.at\/wp-content\/uploads\/2024\/11\/IMG_0206-2048x1536.jpeg 2048w\" sizes=\"(max-width: 1024px) 100vw, 1024px\" \/><\/figure>\n\n\n\n<p><strong>Fahrdynamisch spielt der DS 3 E-Tense typisch franz\u00f6sisch auf.<\/strong>&nbsp;Wer Komfort liebt, der wird auch den kleinen DS lieben. Das SUV federt flauschig und auch die sehr leichtg\u00e4ngige Lenkung passt da hervorragend dazu. DS schafft n\u00e4mlich das Kunstst\u00fcck die Lenkbarkeit trotzdem sehr pr\u00e4zise zu halten. Wie bei Stellantis \u00fcblich bietet auch der DS 3 drei verschiedene Fahrmodi von Eco \u00fcber Normal bis Sport. Die vollen 115 kW stehen nur in der Sport-Einstellung zur Verf\u00fcgung aber auch mit Eco oder Normal l\u00e4sst es sich vortrefflich anstr\u00f6men. Wer st\u00e4rker rekuperieren will, wird \u00fcbrigens entt\u00e4uscht \u2013 da stellt DS nur eine relativ softe \u201eBrake\u201c-Einstellung \u00fcber den Fahrtrichtungshebel zur Verf\u00fcgung. Damit f\u00e4hrt sich der DS 3 E-Tense dann gef\u00fchlsm\u00e4\u00dfig eher wie ein Verbrenner mit Motorbremse \u2013 <strong>One-Pedal-Driving gibt\u00b4s hier nicht<\/strong>.<\/p>\n\n\n\n<p><strong>Zus\u00e4tzlich zum st\u00e4rkeren Elektromotor erhielt auch der Akku beim letzten Facelift ein Upgrade und speichert jetzt 54 kWh<\/strong>, was laut WLTP-Messung eine Reichweite von 564 Kilometern in der Stadt und 404 Kilometern au\u00dferhalb erm\u00f6glichen soll. Unser gemischter Testverbrauch lag bei 17 kWh, bei w\u00e4rmeren Temperaturen k\u00f6nnte aber der WLTP-Verbrauch von 15,3 kWh und eine Reichweite um rund 400 Kilometer machbar sein. <\/p>\n\n\n\n<figure class=\"wp-block-image size-large\"><img loading=\"lazy\" decoding=\"async\" width=\"1024\" height=\"768\" src=\"https:\/\/www.eslebedasauto.at\/wp-content\/uploads\/2024\/11\/IMG_0207-1024x768.jpeg\" alt=\"\" class=\"wp-image-97027\" srcset=\"https:\/\/www.eslebedasauto.at\/wp-content\/uploads\/2024\/11\/IMG_0207-1024x768.jpeg 1024w, https:\/\/www.eslebedasauto.at\/wp-content\/uploads\/2024\/11\/IMG_0207-300x225.jpeg 300w, https:\/\/www.eslebedasauto.at\/wp-content\/uploads\/2024\/11\/IMG_0207-768x576.jpeg 768w, https:\/\/www.eslebedasauto.at\/wp-content\/uploads\/2024\/11\/IMG_0207-1536x1152.jpeg 1536w, https:\/\/www.eslebedasauto.at\/wp-content\/uploads\/2024\/11\/IMG_0207-2048x1536.jpeg 2048w\" sizes=\"(max-width: 1024px) 100vw, 1024px\" \/><\/figure>\n\n\n\n<p><strong>Auch technisch wurde der DS 3 aufger\u00fcstet:<\/strong> Lichtstarke LED-Scheinwerfer mit Matrix-Technik machen n\u00e4chtliche \u00dcberlandfahrten zum Genuss, ein adaptiver Tempomat f\u00fcr halbautomatisiertes Fahren und ein 360-Grad-Kamera-System geh\u00f6ren ebenfalls zur Ausstattung.<\/p>\n\n\n\n<figure class=\"wp-block-image size-large\"><img loading=\"lazy\" decoding=\"async\" width=\"768\" height=\"1024\" src=\"https:\/\/www.eslebedasauto.at\/wp-content\/uploads\/2024\/11\/IMG_0209-768x1024.jpeg\" alt=\"\" class=\"wp-image-97029\" srcset=\"https:\/\/www.eslebedasauto.at\/wp-content\/uploads\/2024\/11\/IMG_0209-768x1024.jpeg 768w, https:\/\/www.eslebedasauto.at\/wp-content\/uploads\/2024\/11\/IMG_0209-225x300.jpeg 225w, https:\/\/www.eslebedasauto.at\/wp-content\/uploads\/2024\/11\/IMG_0209-1152x1536.jpeg 1152w, https:\/\/www.eslebedasauto.at\/wp-content\/uploads\/2024\/11\/IMG_0209-1536x2048.jpeg 1536w, https:\/\/www.eslebedasauto.at\/wp-content\/uploads\/2024\/11\/IMG_0209-scaled.jpeg 1920w\" sizes=\"(max-width: 768px) 100vw, 768px\" \/><\/figure>\n\n\n\n<p><strong>Der Innenraum bietet Komfort mit hochwertigen Ledersitzen<\/strong>&nbsp;\u2013 hinten sollte man sich allerdings auf eingeschr\u00e4nkten Knieraum gefasst machen. Der Kofferraum fasst 350 bis 1050 Liter \u2013 das liegt im Klassenschnitt. Bei der Bedienung geht DS komplett eigene Wege \u2013 vor allem die rautenf\u00f6rmigen Bedientasten auf der Mittelkonsole sind etwas verstreut angeordnet aber nach l\u00e4ngerer Eingew\u00f6hnung halbwegs blind ertastbar. Ansonsten ist das Infotainmentsystem typisch Stellantis und somit weitgehend r\u00e4tselfrei und einfach bedienbar.<\/p>\n\n\n\n<figure class=\"wp-block-image size-large\"><img loading=\"lazy\" decoding=\"async\" width=\"1024\" height=\"768\" src=\"https:\/\/www.eslebedasauto.at\/wp-content\/uploads\/2024\/11\/IMG_0210-1024x768.jpeg\" alt=\"\" class=\"wp-image-97030\" srcset=\"https:\/\/www.eslebedasauto.at\/wp-content\/uploads\/2024\/11\/IMG_0210-1024x768.jpeg 1024w, https:\/\/www.eslebedasauto.at\/wp-content\/uploads\/2024\/11\/IMG_0210-300x225.jpeg 300w, https:\/\/www.eslebedasauto.at\/wp-content\/uploads\/2024\/11\/IMG_0210-768x576.jpeg 768w, https:\/\/www.eslebedasauto.at\/wp-content\/uploads\/2024\/11\/IMG_0210-1536x1152.jpeg 1536w, https:\/\/www.eslebedasauto.at\/wp-content\/uploads\/2024\/11\/IMG_0210-2048x1536.jpeg 2048w\" sizes=\"(max-width: 1024px) 100vw, 1024px\" \/><\/figure>\n\n\n\n<figure class=\"wp-block-gallery has-nested-images columns-default is-cropped wp-block-gallery-1 is-layout-flex wp-block-gallery-is-layout-flex\">\n<figure class=\"wp-block-image size-large\"><img loading=\"lazy\" decoding=\"async\" width=\"1024\" height=\"768\" data-id=\"97024\" src=\"https:\/\/www.eslebedasauto.at\/wp-content\/uploads\/2024\/11\/IMG_0204-1024x768.jpeg\" alt=\"\" class=\"wp-image-97024\" srcset=\"https:\/\/www.eslebedasauto.at\/wp-content\/uploads\/2024\/11\/IMG_0204-1024x768.jpeg 1024w, https:\/\/www.eslebedasauto.at\/wp-content\/uploads\/2024\/11\/IMG_0204-300x225.jpeg 300w, https:\/\/www.eslebedasauto.at\/wp-content\/uploads\/2024\/11\/IMG_0204-768x576.jpeg 768w, https:\/\/www.eslebedasauto.at\/wp-content\/uploads\/2024\/11\/IMG_0204-1536x1152.jpeg 1536w, https:\/\/www.eslebedasauto.at\/wp-content\/uploads\/2024\/11\/IMG_0204-2048x1536.jpeg 2048w\" sizes=\"(max-width: 1024px) 100vw, 1024px\" \/><\/figure>\n\n\n\n<figure class=\"wp-block-image size-large\"><img loading=\"lazy\" decoding=\"async\" width=\"1024\" height=\"768\" data-id=\"97023\" src=\"https:\/\/www.eslebedasauto.at\/wp-content\/uploads\/2024\/11\/IMG_0203-1024x768.jpeg\" alt=\"\" class=\"wp-image-97023\" srcset=\"https:\/\/www.eslebedasauto.at\/wp-content\/uploads\/2024\/11\/IMG_0203-1024x768.jpeg 1024w, https:\/\/www.eslebedasauto.at\/wp-content\/uploads\/2024\/11\/IMG_0203-300x225.jpeg 300w, https:\/\/www.eslebedasauto.at\/wp-content\/uploads\/2024\/11\/IMG_0203-768x576.jpeg 768w, https:\/\/www.eslebedasauto.at\/wp-content\/uploads\/2024\/11\/IMG_0203-1536x1152.jpeg 1536w, https:\/\/www.eslebedasauto.at\/wp-content\/uploads\/2024\/11\/IMG_0203-2048x1536.jpeg 2048w\" sizes=\"(max-width: 1024px) 100vw, 1024px\" \/><\/figure>\n<\/figure>\n\n\n\n<p><br>Mit Preisen ab 43.320 Euro und bis zu 50.590 Euro in der Top-Version ist der DS 3 E-Tense die stilvolle franz\u00f6sische Antwort auf urbane Elektromobilit\u00e4t.<\/p>\n\n\n\n<p><\/p>","protected":false},"excerpt":{"rendered":"<p>Die E-Mobilit\u00e4t kommt jetzt immer mehr in die G\u00e4nge und der anf\u00e4ngliche Reichweiten-Hype hat sich im Alltag ein wenig relativiert. Wieviel Reichweite und somit Akku braucht man f\u00fcr einen entspannten Alltag wirklich?<\/p>","protected":false},"author":2,"featured_media":98416,"comment_status":"open","ping_status":"open","sticky":false,"template":"","format":"standard","meta":{"neve_meta_sidebar":"","neve_meta_container":"","neve_meta_enable_content_width":"","neve_meta_content_width":0,"neve_meta_title_alignment":"","neve_meta_author_avatar":"","neve_post_elements_order":"","neve_meta_disable_header":"","neve_meta_disable_footer":"","neve_meta_disable_title":"","neve_meta_reading_time":"","footnotes":""},"categories":[555,335],"tags":[],"class_list":["post-97011","post","type-post","status-publish","format-standard","has-post-thumbnail","hentry","category-electrofun","category-fahrberichte"],"yoast_head":"<!-- This site is optimized with the Yoast SEO plugin v26.8 - https:\/\/yoast.com\/product\/yoast-seo-wordpress\/ -->\n<title>Wie viel Akku braucht der Mensch? - Es lebe das Auto<\/title>\n<meta name=\"description\" content=\"Die E-Mobilit\u00e4t kommt jetzt immer mehr in die G\u00e4nge und der anf\u00e4ngliche Reichweiten-Hype hat sich im Alltag ein wenig relativiert. Wieviel Reichweite und somit Akku braucht man f\u00fcr einen entspannten Alltag wirklich?\" \/>\n<meta name=\"robots\" content=\"index, follow, max-snippet:-1, max-image-preview:large, max-video-preview:-1\" \/>\n<link rel=\"canonical\" href=\"https:\/\/www.eslebedasauto.at\/it\/ds-3-e-tense-praxistest\/\" \/>\n<meta property=\"og:locale\" content=\"it_IT\" \/>\n<meta property=\"og:type\" content=\"article\" \/>\n<meta property=\"og:title\" content=\"Wie viel Akku braucht der Mensch? - Es lebe das Auto\" \/>\n<meta property=\"og:description\" content=\"Die E-Mobilit\u00e4t kommt jetzt immer mehr in die G\u00e4nge und der anf\u00e4ngliche Reichweiten-Hype hat sich im Alltag ein wenig relativiert. Wieviel Reichweite und somit Akku braucht man f\u00fcr einen entspannten Alltag wirklich?\" \/>\n<meta property=\"og:url\" content=\"https:\/\/www.eslebedasauto.at\/it\/ds-3-e-tense-praxistest\/\" \/>\n<meta property=\"og:site_name\" content=\"Es lebe das Auto\" \/>\n<meta property=\"article:publisher\" content=\"https:\/\/www.facebook.com\/eslebedasauto.at\" \/>\n<meta property=\"article:published_time\" content=\"2025-04-07T06:08:00+00:00\" \/>\n<meta property=\"article:modified_time\" content=\"2025-04-07T10:19:34+00:00\" \/>\n<meta property=\"og:image\" content=\"https:\/\/www.eslebedasauto.at\/wp-content\/uploads\/2025\/04\/IMG_6741.jpg\" \/>\n\t<meta property=\"og:image:width\" content=\"2016\" \/>\n\t<meta property=\"og:image:height\" content=\"1512\" \/>\n\t<meta property=\"og:image:type\" content=\"image\/jpeg\" \/>\n<meta name=\"author\" content=\"gerhard\" \/>\n<meta name=\"twitter:card\" content=\"summary_large_image\" \/>\n<meta name=\"twitter:label1\" content=\"Scritto da\" \/>\n\t<meta name=\"twitter:data1\" content=\"gerhard\" \/>\n\t<meta name=\"twitter:label2\" content=\"Tempo di lettura stimato\" \/>\n\t<meta name=\"twitter:data2\" content=\"9 minuti\" \/>\n<script type=\"application\/ld+json\" class=\"yoast-schema-graph\">{\"@context\":\"https:\/\/schema.org\",\"@graph\":[{\"@type\":\"Article\",\"@id\":\"https:\/\/www.eslebedasauto.at\/ds-3-e-tense-praxistest\/#article\",\"isPartOf\":{\"@id\":\"https:\/\/www.eslebedasauto.at\/ds-3-e-tense-praxistest\/\"},\"author\":{\"name\":\"gerhard\",\"@id\":\"https:\/\/www.eslebedasauto.at\/#\/schema\/person\/fb81218b0bed500d225ff518f9f17033\"},\"headline\":\"Wie viel Akku braucht der Mensch?\",\"datePublished\":\"2025-04-07T06:08:00+00:00\",\"dateModified\":\"2025-04-07T10:19:34+00:00\",\"mainEntityOfPage\":{\"@id\":\"https:\/\/www.eslebedasauto.at\/ds-3-e-tense-praxistest\/\"},\"wordCount\":1270,\"commentCount\":0,\"publisher\":{\"@id\":\"https:\/\/www.eslebedasauto.at\/#organization\"},\"image\":{\"@id\":\"https:\/\/www.eslebedasauto.at\/ds-3-e-tense-praxistest\/#primaryimage\"},\"thumbnailUrl\":\"https:\/\/www.eslebedasauto.at\/wp-content\/uploads\/2025\/04\/IMG_6741.jpg\",\"articleSection\":[\"Electrofun\",\"Fahrberichte\"],\"inLanguage\":\"it-IT\",\"potentialAction\":[{\"@type\":\"CommentAction\",\"name\":\"Comment\",\"target\":[\"https:\/\/www.eslebedasauto.at\/ds-3-e-tense-praxistest\/#respond\"]}]},{\"@type\":\"WebPage\",\"@id\":\"https:\/\/www.eslebedasauto.at\/ds-3-e-tense-praxistest\/\",\"url\":\"https:\/\/www.eslebedasauto.at\/ds-3-e-tense-praxistest\/\",\"name\":\"Wie viel Akku braucht der Mensch? - Es lebe das Auto\",\"isPartOf\":{\"@id\":\"https:\/\/www.eslebedasauto.at\/#website\"},\"primaryImageOfPage\":{\"@id\":\"https:\/\/www.eslebedasauto.at\/ds-3-e-tense-praxistest\/#primaryimage\"},\"image\":{\"@id\":\"https:\/\/www.eslebedasauto.at\/ds-3-e-tense-praxistest\/#primaryimage\"},\"thumbnailUrl\":\"https:\/\/www.eslebedasauto.at\/wp-content\/uploads\/2025\/04\/IMG_6741.jpg\",\"datePublished\":\"2025-04-07T06:08:00+00:00\",\"dateModified\":\"2025-04-07T10:19:34+00:00\",\"description\":\"Die E-Mobilit\u00e4t kommt jetzt immer mehr in die G\u00e4nge und der anf\u00e4ngliche Reichweiten-Hype hat sich im Alltag ein wenig relativiert. Wieviel Reichweite und somit Akku braucht man f\u00fcr einen entspannten Alltag wirklich?\",\"breadcrumb\":{\"@id\":\"https:\/\/www.eslebedasauto.at\/ds-3-e-tense-praxistest\/#breadcrumb\"},\"inLanguage\":\"it-IT\",\"potentialAction\":[{\"@type\":\"ReadAction\",\"target\":[\"https:\/\/www.eslebedasauto.at\/ds-3-e-tense-praxistest\/\"]}]},{\"@type\":\"ImageObject\",\"inLanguage\":\"it-IT\",\"@id\":\"https:\/\/www.eslebedasauto.at\/ds-3-e-tense-praxistest\/#primaryimage\",\"url\":\"https:\/\/www.eslebedasauto.at\/wp-content\/uploads\/2025\/04\/IMG_6741.jpg\",\"contentUrl\":\"https:\/\/www.eslebedasauto.at\/wp-content\/uploads\/2025\/04\/IMG_6741.jpg\",\"width\":2016,\"height\":1512},{\"@type\":\"BreadcrumbList\",\"@id\":\"https:\/\/www.eslebedasauto.at\/ds-3-e-tense-praxistest\/#breadcrumb\",\"itemListElement\":[{\"@type\":\"ListItem\",\"position\":1,\"name\":\"Startseite\",\"item\":\"https:\/\/www.eslebedasauto.at\/\"},{\"@type\":\"ListItem\",\"position\":2,\"name\":\"Wie viel Akku braucht der Mensch?\"}]},{\"@type\":\"WebSite\",\"@id\":\"https:\/\/www.eslebedasauto.at\/#website\",\"url\":\"https:\/\/www.eslebedasauto.at\/\",\"name\":\"Es lebe das Auto\",\"description\":\"ein Hoch auf den Individualverkehr\",\"publisher\":{\"@id\":\"https:\/\/www.eslebedasauto.at\/#organization\"},\"potentialAction\":[{\"@type\":\"SearchAction\",\"target\":{\"@type\":\"EntryPoint\",\"urlTemplate\":\"https:\/\/www.eslebedasauto.at\/?s={search_term_string}\"},\"query-input\":{\"@type\":\"PropertyValueSpecification\",\"valueRequired\":true,\"valueName\":\"search_term_string\"}}],\"inLanguage\":\"it-IT\"},{\"@type\":\"Organization\",\"@id\":\"https:\/\/www.eslebedasauto.at\/#organization\",\"name\":\"eslebedasauto\",\"url\":\"https:\/\/www.eslebedasauto.at\/\",\"logo\":{\"@type\":\"ImageObject\",\"inLanguage\":\"it-IT\",\"@id\":\"https:\/\/www.eslebedasauto.at\/#\/schema\/logo\/image\/\",\"url\":\"https:\/\/www.eslebedasauto.at\/wp-content\/uploads\/2025\/10\/eldarund.png\",\"contentUrl\":\"https:\/\/www.eslebedasauto.at\/wp-content\/uploads\/2025\/10\/eldarund.png\",\"width\":1024,\"height\":1024,\"caption\":\"eslebedasauto\"},\"image\":{\"@id\":\"https:\/\/www.eslebedasauto.at\/#\/schema\/logo\/image\/\"},\"sameAs\":[\"https:\/\/www.facebook.com\/eslebedasauto.at\",\"https:\/\/www.instagram.com\/es_lebe_das_auto\/\"]},{\"@type\":\"Person\",\"@id\":\"https:\/\/www.eslebedasauto.at\/#\/schema\/person\/fb81218b0bed500d225ff518f9f17033\",\"name\":\"gerhard\",\"url\":\"https:\/\/www.eslebedasauto.at\/it\/author\/gerhard\/\"}]}<\/script>\n<!-- \/ Yoast SEO plugin. -->","yoast_head_json":{"title":"Wie viel Akku braucht der Mensch? - Es lebe das Auto","description":"Die E-Mobilit\u00e4t kommt jetzt immer mehr in die G\u00e4nge und der anf\u00e4ngliche Reichweiten-Hype hat sich im Alltag ein wenig relativiert. Wieviel Reichweite und somit Akku braucht man f\u00fcr einen entspannten Alltag wirklich?","robots":{"index":"index","follow":"follow","max-snippet":"max-snippet:-1","max-image-preview":"max-image-preview:large","max-video-preview":"max-video-preview:-1"},"canonical":"https:\/\/www.eslebedasauto.at\/it\/ds-3-e-tense-praxistest\/","og_locale":"it_IT","og_type":"article","og_title":"Wie viel Akku braucht der Mensch? - Es lebe das Auto","og_description":"Die E-Mobilit\u00e4t kommt jetzt immer mehr in die G\u00e4nge und der anf\u00e4ngliche Reichweiten-Hype hat sich im Alltag ein wenig relativiert. Wieviel Reichweite und somit Akku braucht man f\u00fcr einen entspannten Alltag wirklich?","og_url":"https:\/\/www.eslebedasauto.at\/it\/ds-3-e-tense-praxistest\/","og_site_name":"Es lebe das Auto","article_publisher":"https:\/\/www.facebook.com\/eslebedasauto.at","article_published_time":"2025-04-07T06:08:00+00:00","article_modified_time":"2025-04-07T10:19:34+00:00","og_image":[{"width":2016,"height":1512,"url":"https:\/\/www.eslebedasauto.at\/wp-content\/uploads\/2025\/04\/IMG_6741.jpg","type":"image\/jpeg"}],"author":"gerhard","twitter_card":"summary_large_image","twitter_misc":{"Scritto da":"gerhard","Tempo di lettura stimato":"9 minuti"},"schema":{"@context":"https:\/\/schema.org","@graph":[{"@type":"Article","@id":"https:\/\/www.eslebedasauto.at\/ds-3-e-tense-praxistest\/#article","isPartOf":{"@id":"https:\/\/www.eslebedasauto.at\/ds-3-e-tense-praxistest\/"},"author":{"name":"gerhard","@id":"https:\/\/www.eslebedasauto.at\/#\/schema\/person\/fb81218b0bed500d225ff518f9f17033"},"headline":"Wie viel Akku braucht der Mensch?","datePublished":"2025-04-07T06:08:00+00:00","dateModified":"2025-04-07T10:19:34+00:00","mainEntityOfPage":{"@id":"https:\/\/www.eslebedasauto.at\/ds-3-e-tense-praxistest\/"},"wordCount":1270,"commentCount":0,"publisher":{"@id":"https:\/\/www.eslebedasauto.at\/#organization"},"image":{"@id":"https:\/\/www.eslebedasauto.at\/ds-3-e-tense-praxistest\/#primaryimage"},"thumbnailUrl":"https:\/\/www.eslebedasauto.at\/wp-content\/uploads\/2025\/04\/IMG_6741.jpg","articleSection":["Electrofun","Fahrberichte"],"inLanguage":"it-IT","potentialAction":[{"@type":"CommentAction","name":"Comment","target":["https:\/\/www.eslebedasauto.at\/ds-3-e-tense-praxistest\/#respond"]}]},{"@type":"WebPage","@id":"https:\/\/www.eslebedasauto.at\/ds-3-e-tense-praxistest\/","url":"https:\/\/www.eslebedasauto.at\/ds-3-e-tense-praxistest\/","name":"Wie viel Akku braucht der Mensch? - Es lebe das Auto","isPartOf":{"@id":"https:\/\/www.eslebedasauto.at\/#website"},"primaryImageOfPage":{"@id":"https:\/\/www.eslebedasauto.at\/ds-3-e-tense-praxistest\/#primaryimage"},"image":{"@id":"https:\/\/www.eslebedasauto.at\/ds-3-e-tense-praxistest\/#primaryimage"},"thumbnailUrl":"https:\/\/www.eslebedasauto.at\/wp-content\/uploads\/2025\/04\/IMG_6741.jpg","datePublished":"2025-04-07T06:08:00+00:00","dateModified":"2025-04-07T10:19:34+00:00","description":"Die E-Mobilit\u00e4t kommt jetzt immer mehr in die G\u00e4nge und der anf\u00e4ngliche Reichweiten-Hype hat sich im Alltag ein wenig relativiert. Wieviel Reichweite und somit Akku braucht man f\u00fcr einen entspannten Alltag wirklich?","breadcrumb":{"@id":"https:\/\/www.eslebedasauto.at\/ds-3-e-tense-praxistest\/#breadcrumb"},"inLanguage":"it-IT","potentialAction":[{"@type":"ReadAction","target":["https:\/\/www.eslebedasauto.at\/ds-3-e-tense-praxistest\/"]}]},{"@type":"ImageObject","inLanguage":"it-IT","@id":"https:\/\/www.eslebedasauto.at\/ds-3-e-tense-praxistest\/#primaryimage","url":"https:\/\/www.eslebedasauto.at\/wp-content\/uploads\/2025\/04\/IMG_6741.jpg","contentUrl":"https:\/\/www.eslebedasauto.at\/wp-content\/uploads\/2025\/04\/IMG_6741.jpg","width":2016,"height":1512},{"@type":"BreadcrumbList","@id":"https:\/\/www.eslebedasauto.at\/ds-3-e-tense-praxistest\/#breadcrumb","itemListElement":[{"@type":"ListItem","position":1,"name":"Startseite","item":"https:\/\/www.eslebedasauto.at\/"},{"@type":"ListItem","position":2,"name":"Wie viel Akku braucht der Mensch?"}]},{"@type":"WebSite","@id":"https:\/\/www.eslebedasauto.at\/#website","url":"https:\/\/www.eslebedasauto.at\/","name":"Es lebe das Auto","description":"ein Hoch auf den Individualverkehr","publisher":{"@id":"https:\/\/www.eslebedasauto.at\/#organization"},"potentialAction":[{"@type":"SearchAction","target":{"@type":"EntryPoint","urlTemplate":"https:\/\/www.eslebedasauto.at\/?s={search_term_string}"},"query-input":{"@type":"PropertyValueSpecification","valueRequired":true,"valueName":"search_term_string"}}],"inLanguage":"it-IT"},{"@type":"Organization","@id":"https:\/\/www.eslebedasauto.at\/#organization","name":"eslebedasauto","url":"https:\/\/www.eslebedasauto.at\/","logo":{"@type":"ImageObject","inLanguage":"it-IT","@id":"https:\/\/www.eslebedasauto.at\/#\/schema\/logo\/image\/","url":"https:\/\/www.eslebedasauto.at\/wp-content\/uploads\/2025\/10\/eldarund.png","contentUrl":"https:\/\/www.eslebedasauto.at\/wp-content\/uploads\/2025\/10\/eldarund.png","width":1024,"height":1024,"caption":"eslebedasauto"},"image":{"@id":"https:\/\/www.eslebedasauto.at\/#\/schema\/logo\/image\/"},"sameAs":["https:\/\/www.facebook.com\/eslebedasauto.at","https:\/\/www.instagram.com\/es_lebe_das_auto\/"]},{"@type":"Person","@id":"https:\/\/www.eslebedasauto.at\/#\/schema\/person\/fb81218b0bed500d225ff518f9f17033","name":"gerhard","url":"https:\/\/www.eslebedasauto.at\/it\/author\/gerhard\/"}]}},"_links":{"self":[{"href":"https:\/\/www.eslebedasauto.at\/it\/wp-json\/wp\/v2\/posts\/97011","targetHints":{"allow":["GET"]}}],"collection":[{"href":"https:\/\/www.eslebedasauto.at\/it\/wp-json\/wp\/v2\/posts"}],"about":[{"href":"https:\/\/www.eslebedasauto.at\/it\/wp-json\/wp\/v2\/types\/post"}],"author":[{"embeddable":true,"href":"https:\/\/www.eslebedasauto.at\/it\/wp-json\/wp\/v2\/users\/2"}],"replies":[{"embeddable":true,"href":"https:\/\/www.eslebedasauto.at\/it\/wp-json\/wp\/v2\/comments?post=97011"}],"version-history":[{"count":7,"href":"https:\/\/www.eslebedasauto.at\/it\/wp-json\/wp\/v2\/posts\/97011\/revisions"}],"predecessor-version":[{"id":98421,"href":"https:\/\/www.eslebedasauto.at\/it\/wp-json\/wp\/v2\/posts\/97011\/revisions\/98421"}],"wp:featuredmedia":[{"embeddable":true,"href":"https:\/\/www.eslebedasauto.at\/it\/wp-json\/wp\/v2\/media\/98416"}],"wp:attachment":[{"href":"https:\/\/www.eslebedasauto.at\/it\/wp-json\/wp\/v2\/media?parent=97011"}],"wp:term":[{"taxonomy":"category","embeddable":true,"href":"https:\/\/www.eslebedasauto.at\/it\/wp-json\/wp\/v2\/categories?post=97011"},{"taxonomy":"post_tag","embeddable":true,"href":"https:\/\/www.eslebedasauto.at\/it\/wp-json\/wp\/v2\/tags?post=97011"}],"curies":[{"name":"wp","href":"https:\/\/api.w.org\/{rel}","templated":true}]}}