{"id":96135,"date":"2024-08-03T20:01:09","date_gmt":"2024-08-03T18:01:09","guid":{"rendered":"https:\/\/www.eslebedasauto.at\/?p=96135"},"modified":"2024-08-03T20:05:50","modified_gmt":"2024-08-03T18:05:50","slug":"fiat-600e-test","status":"publish","type":"post","link":"https:\/\/www.eslebedasauto.at\/it\/fiat-600e-test\/","title":{"rendered":"Seicento reloaded"},"content":{"rendered":"<h3 id=\"der-neue-fiat-600-ist-mehr-als-eine-nummer-groser-als-der-500er-als-elektroversion-war-er-nun-zu-gast-in-unserem-testfuhrpark\" class=\"wp-block-heading\">Der neue Fiat 600 ist mehr als eine Nummer gr\u00f6\u00dfer als der 500er &#8211; als Elektroversion war er nun zu Gast in unserem Testfuhrpark.<\/h3>\n\n\n\n<figure class=\"wp-block-image size-large\"><img fetchpriority=\"high\" decoding=\"async\" width=\"1024\" height=\"768\" src=\"https:\/\/www.eslebedasauto.at\/wp-content\/uploads\/2024\/07\/IMG_7966-1024x768.jpeg\" alt=\"\" class=\"wp-image-96060\" srcset=\"https:\/\/www.eslebedasauto.at\/wp-content\/uploads\/2024\/07\/IMG_7966-1024x768.jpeg 1024w, https:\/\/www.eslebedasauto.at\/wp-content\/uploads\/2024\/07\/IMG_7966-300x225.jpeg 300w, https:\/\/www.eslebedasauto.at\/wp-content\/uploads\/2024\/07\/IMG_7966-768x576.jpeg 768w, https:\/\/www.eslebedasauto.at\/wp-content\/uploads\/2024\/07\/IMG_7966-1536x1152.jpeg 1536w, https:\/\/www.eslebedasauto.at\/wp-content\/uploads\/2024\/07\/IMG_7966.jpeg 2048w\" sizes=\"(max-width: 1024px) 100vw, 1024px\" \/><\/figure>\n\n\n\n<p><strong>Als weiteres E-Mobil auf der bew\u00e4hrten Stellantis-Plattform pr\u00e4sentiert sich der neue Fiat 600e als einerseits witzig-sympathisches und andererseits aber auch als absolut alltagstaugliches Auto f\u00fcr Italophile. <\/strong><\/p>\n\n\n\n<p>Stellantis macht das ganz hervorragend, dieselbe Technik f\u00fcr jede Marke einzigartig zu pr\u00e4sentieren. Neben der eigenst\u00e4ndigen Markenoptik, gelingt es Stellantis auch formidabel, jedem Fahrzeug auch fahrdynamisch einen eigenst\u00e4ndigen Look zu verpassen. <\/p>\n\n\n\n<figure class=\"wp-block-image size-large\"><img decoding=\"async\" width=\"1024\" height=\"768\" src=\"https:\/\/www.eslebedasauto.at\/wp-content\/uploads\/2024\/07\/IMG_7967-1024x768.jpeg\" alt=\"\" class=\"wp-image-96061\" srcset=\"https:\/\/www.eslebedasauto.at\/wp-content\/uploads\/2024\/07\/IMG_7967-1024x768.jpeg 1024w, https:\/\/www.eslebedasauto.at\/wp-content\/uploads\/2024\/07\/IMG_7967-300x225.jpeg 300w, https:\/\/www.eslebedasauto.at\/wp-content\/uploads\/2024\/07\/IMG_7967-768x576.jpeg 768w, https:\/\/www.eslebedasauto.at\/wp-content\/uploads\/2024\/07\/IMG_7967-1536x1152.jpeg 1536w, https:\/\/www.eslebedasauto.at\/wp-content\/uploads\/2024\/07\/IMG_7967.jpeg 2048w\" sizes=\"(max-width: 1024px) 100vw, 1024px\" \/><\/figure>\n\n\n\n<p>Da darf ein <a href=\"https:\/\/www.eslebedasauto.at\/it\/alfa-benennt-milano-um\/\">Alfa Romeo Junior<\/a> sportlich und knackig sein, w\u00e4hrend der <a href=\"https:\/\/www.eslebedasauto.at\/it\/ds-3-e-tense-test\/\">DS 3<\/a> das sanfte Modepupperl macht und der <a href=\"https:\/\/www.eslebedasauto.at\/it\/peugeot-e-308-niederschwellig-elektrisch\/\">Peugeot e-308<\/a> sowie sein kleiner Bruder<a href=\"https:\/\/www.eslebedasauto.at\/it\/mit-dem-strom-schwimmen\/\"> e-208<\/a> genau in der Mitte liegen. Und da w\u00e4ren dann auch noch der unverwechselbare <a href=\"https:\/\/www.eslebedasauto.at\/it\/opel-astra-e-test\/\">Opel Astra-e<\/a>, der Corsa oder der coole <a href=\"https:\/\/www.eslebedasauto.at\/it\/so-sehen-seriensieger-aus\/\">Jeep Avenger<\/a>. Jetzt darf auch der Fiat 600e seinen eigenen, unverwechselbaren Charakter ausspielen.<\/p>\n\n\n\n<figure class=\"wp-block-gallery has-nested-images columns-default is-cropped wp-block-gallery-1 is-layout-flex wp-block-gallery-is-layout-flex\">\n<figure class=\"wp-block-image size-large\"><img decoding=\"async\" width=\"1024\" height=\"768\" data-id=\"96052\" src=\"https:\/\/www.eslebedasauto.at\/wp-content\/uploads\/2024\/07\/IMG_7958-1024x768.jpeg\" alt=\"\" class=\"wp-image-96052\" srcset=\"https:\/\/www.eslebedasauto.at\/wp-content\/uploads\/2024\/07\/IMG_7958-1024x768.jpeg 1024w, https:\/\/www.eslebedasauto.at\/wp-content\/uploads\/2024\/07\/IMG_7958-300x225.jpeg 300w, https:\/\/www.eslebedasauto.at\/wp-content\/uploads\/2024\/07\/IMG_7958-768x576.jpeg 768w, https:\/\/www.eslebedasauto.at\/wp-content\/uploads\/2024\/07\/IMG_7958-1536x1152.jpeg 1536w, https:\/\/www.eslebedasauto.at\/wp-content\/uploads\/2024\/07\/IMG_7958.jpeg 2048w\" sizes=\"(max-width: 1024px) 100vw, 1024px\" \/><\/figure>\n\n\n\n<figure class=\"wp-block-image size-large\"><img loading=\"lazy\" decoding=\"async\" width=\"1024\" height=\"768\" data-id=\"96053\" src=\"https:\/\/www.eslebedasauto.at\/wp-content\/uploads\/2024\/07\/IMG_7959-1024x768.jpeg\" alt=\"\" class=\"wp-image-96053\" srcset=\"https:\/\/www.eslebedasauto.at\/wp-content\/uploads\/2024\/07\/IMG_7959-1024x768.jpeg 1024w, https:\/\/www.eslebedasauto.at\/wp-content\/uploads\/2024\/07\/IMG_7959-300x225.jpeg 300w, https:\/\/www.eslebedasauto.at\/wp-content\/uploads\/2024\/07\/IMG_7959-768x576.jpeg 768w, https:\/\/www.eslebedasauto.at\/wp-content\/uploads\/2024\/07\/IMG_7959-1536x1152.jpeg 1536w, https:\/\/www.eslebedasauto.at\/wp-content\/uploads\/2024\/07\/IMG_7959.jpeg 2048w\" sizes=\"(max-width: 1024px) 100vw, 1024px\" \/><\/figure>\n<\/figure>\n\n\n\n<figure class=\"wp-block-image size-large\"><img loading=\"lazy\" decoding=\"async\" width=\"1024\" height=\"768\" src=\"https:\/\/www.eslebedasauto.at\/wp-content\/uploads\/2024\/07\/IMG_7957-1024x768.jpeg\" alt=\"\" class=\"wp-image-96051\" srcset=\"https:\/\/www.eslebedasauto.at\/wp-content\/uploads\/2024\/07\/IMG_7957-1024x768.jpeg 1024w, https:\/\/www.eslebedasauto.at\/wp-content\/uploads\/2024\/07\/IMG_7957-300x225.jpeg 300w, https:\/\/www.eslebedasauto.at\/wp-content\/uploads\/2024\/07\/IMG_7957-768x576.jpeg 768w, https:\/\/www.eslebedasauto.at\/wp-content\/uploads\/2024\/07\/IMG_7957-1536x1152.jpeg 1536w, https:\/\/www.eslebedasauto.at\/wp-content\/uploads\/2024\/07\/IMG_7957.jpeg 2048w\" sizes=\"(max-width: 1024px) 100vw, 1024px\" \/><\/figure>\n\n\n\n<figure class=\"wp-block-gallery has-nested-images columns-default is-cropped wp-block-gallery-2 is-layout-flex wp-block-gallery-is-layout-flex\">\n<figure class=\"wp-block-image size-large\"><img loading=\"lazy\" decoding=\"async\" width=\"1024\" height=\"768\" data-id=\"96050\" src=\"https:\/\/www.eslebedasauto.at\/wp-content\/uploads\/2024\/07\/c9bbd08a-b035-4229-a483-e72b58c19188-1024x768.jpg\" alt=\"\" class=\"wp-image-96050\" srcset=\"https:\/\/www.eslebedasauto.at\/wp-content\/uploads\/2024\/07\/c9bbd08a-b035-4229-a483-e72b58c19188-1024x768.jpg 1024w, https:\/\/www.eslebedasauto.at\/wp-content\/uploads\/2024\/07\/c9bbd08a-b035-4229-a483-e72b58c19188-300x225.jpg 300w, https:\/\/www.eslebedasauto.at\/wp-content\/uploads\/2024\/07\/c9bbd08a-b035-4229-a483-e72b58c19188-768x576.jpg 768w, https:\/\/www.eslebedasauto.at\/wp-content\/uploads\/2024\/07\/c9bbd08a-b035-4229-a483-e72b58c19188-1536x1152.jpg 1536w, https:\/\/www.eslebedasauto.at\/wp-content\/uploads\/2024\/07\/c9bbd08a-b035-4229-a483-e72b58c19188.jpg 1600w\" sizes=\"(max-width: 1024px) 100vw, 1024px\" \/><\/figure>\n\n\n\n<figure class=\"wp-block-image size-large\"><img loading=\"lazy\" decoding=\"async\" width=\"1024\" height=\"768\" data-id=\"96049\" src=\"https:\/\/www.eslebedasauto.at\/wp-content\/uploads\/2024\/07\/526f86b2-fe5d-4df5-8d72-67f68be5d199-1024x768.jpg\" alt=\"\" class=\"wp-image-96049\" srcset=\"https:\/\/www.eslebedasauto.at\/wp-content\/uploads\/2024\/07\/526f86b2-fe5d-4df5-8d72-67f68be5d199-1024x768.jpg 1024w, https:\/\/www.eslebedasauto.at\/wp-content\/uploads\/2024\/07\/526f86b2-fe5d-4df5-8d72-67f68be5d199-300x225.jpg 300w, https:\/\/www.eslebedasauto.at\/wp-content\/uploads\/2024\/07\/526f86b2-fe5d-4df5-8d72-67f68be5d199-768x576.jpg 768w, https:\/\/www.eslebedasauto.at\/wp-content\/uploads\/2024\/07\/526f86b2-fe5d-4df5-8d72-67f68be5d199-1536x1152.jpg 1536w, https:\/\/www.eslebedasauto.at\/wp-content\/uploads\/2024\/07\/526f86b2-fe5d-4df5-8d72-67f68be5d199.jpg 1600w\" sizes=\"(max-width: 1024px) 100vw, 1024px\" \/><\/figure>\n<\/figure>\n\n\n\n<p><strong>Optisch lehnt er sich am erfolgreichen Cinquecento an<\/strong> &#8211; auch er spielt auf der Klaviatur des Kindchenschemas. Bunte Farben, freundlich dreinblickende Scheinwerfer mit Augenaufschlag und ein lustig l\u00e4chelnder Sto\u00dff\u00e4nger &#8211; den muss man fast lieb haben. Der Rest ist gekonnt gemachter Crossover-Look &#8211; ein Hauch von SUV umweht ihn zus\u00e4tzlich. Mit dem Fiat\u00a0600e\u00a0bieten die Italiener jetzt einen erwachsenen, vollelektrischen Crossover f\u00fcr Familien an. Denn Platz hat der gro\u00dfe Bruder des knuffigen 500e definitiv.<\/p>\n\n\n\n<figure class=\"wp-block-image size-large\"><img loading=\"lazy\" decoding=\"async\" width=\"1024\" height=\"768\" src=\"https:\/\/www.eslebedasauto.at\/wp-content\/uploads\/2024\/07\/4e2747bf-5150-48bd-a545-37e13c1e8672-1024x768.jpg\" alt=\"\" class=\"wp-image-96063\" srcset=\"https:\/\/www.eslebedasauto.at\/wp-content\/uploads\/2024\/07\/4e2747bf-5150-48bd-a545-37e13c1e8672-1024x768.jpg 1024w, https:\/\/www.eslebedasauto.at\/wp-content\/uploads\/2024\/07\/4e2747bf-5150-48bd-a545-37e13c1e8672-300x225.jpg 300w, https:\/\/www.eslebedasauto.at\/wp-content\/uploads\/2024\/07\/4e2747bf-5150-48bd-a545-37e13c1e8672-768x576.jpg 768w, https:\/\/www.eslebedasauto.at\/wp-content\/uploads\/2024\/07\/4e2747bf-5150-48bd-a545-37e13c1e8672-1536x1152.jpg 1536w, https:\/\/www.eslebedasauto.at\/wp-content\/uploads\/2024\/07\/4e2747bf-5150-48bd-a545-37e13c1e8672.jpg 1600w\" sizes=\"(max-width: 1024px) 100vw, 1024px\" \/><\/figure>\n\n\n\n<p><strong>Man sitzt auf allen Pl\u00e4tzen unbeengt und bequem.<\/strong> Auch der fast 400 Liter gro\u00dfe Kofferraum verdaut bei Bedarf jede Menge Gep\u00e4ck. Das liegt vor allem am langen Radstand &#8211; der 600er streckt sich insgesamt auf 4,17 Meter L\u00e4nge, da geht schon was in Sachen Platz.<\/p>\n\n\n\n<figure class=\"wp-block-gallery has-nested-images columns-default is-cropped wp-block-gallery-3 is-layout-flex wp-block-gallery-is-layout-flex\">\n<figure class=\"wp-block-image size-large\"><img loading=\"lazy\" decoding=\"async\" width=\"1024\" height=\"768\" data-id=\"96062\" src=\"https:\/\/www.eslebedasauto.at\/wp-content\/uploads\/2024\/07\/IMG_7968-1024x768.jpeg\" alt=\"\" class=\"wp-image-96062\" srcset=\"https:\/\/www.eslebedasauto.at\/wp-content\/uploads\/2024\/07\/IMG_7968-1024x768.jpeg 1024w, https:\/\/www.eslebedasauto.at\/wp-content\/uploads\/2024\/07\/IMG_7968-300x225.jpeg 300w, https:\/\/www.eslebedasauto.at\/wp-content\/uploads\/2024\/07\/IMG_7968-768x576.jpeg 768w, https:\/\/www.eslebedasauto.at\/wp-content\/uploads\/2024\/07\/IMG_7968-1536x1152.jpeg 1536w, https:\/\/www.eslebedasauto.at\/wp-content\/uploads\/2024\/07\/IMG_7968.jpeg 2048w\" sizes=\"(max-width: 1024px) 100vw, 1024px\" \/><\/figure>\n\n\n\n<figure class=\"wp-block-image size-large\"><img loading=\"lazy\" decoding=\"async\" width=\"768\" height=\"1024\" data-id=\"96064\" src=\"https:\/\/www.eslebedasauto.at\/wp-content\/uploads\/2024\/07\/dc240bd2-fdba-4c86-8449-12ed1cafe569-768x1024.jpg\" alt=\"\" class=\"wp-image-96064\" srcset=\"https:\/\/www.eslebedasauto.at\/wp-content\/uploads\/2024\/07\/dc240bd2-fdba-4c86-8449-12ed1cafe569-768x1024.jpg 768w, https:\/\/www.eslebedasauto.at\/wp-content\/uploads\/2024\/07\/dc240bd2-fdba-4c86-8449-12ed1cafe569-225x300.jpg 225w, https:\/\/www.eslebedasauto.at\/wp-content\/uploads\/2024\/07\/dc240bd2-fdba-4c86-8449-12ed1cafe569-1152x1536.jpg 1152w, https:\/\/www.eslebedasauto.at\/wp-content\/uploads\/2024\/07\/dc240bd2-fdba-4c86-8449-12ed1cafe569.jpg 1200w\" sizes=\"(max-width: 768px) 100vw, 768px\" \/><\/figure>\n<\/figure>\n\n\n\n<p><strong>Unser &#8222;LaPrima&#8220;-Testwagen ist toll ausgestattet.<\/strong> Innen dominiert wei\u00dfes Kunstleder auf fesch abgesteppten Sitzen. Das Cockpit wird von zwei Bildschirmen dominiert &#8211; dennoch gibt es noch Tasten f\u00fcr\u00b4s Klima, die Lautst\u00e4rke und die Fahrtrichtung. Auch das Multifunktionslenkrad tr\u00e4gt griffige Schalter &#8211; die Lautst\u00e4rke- und Senderregelung  auf der R\u00fcckseite des Lenkradkranzes hat in diesem Fiat ausgedient. Unten in der Mitte des Armaturenbretts befindet sich ein gro\u00dfes Ablagefach &#8211; dieses wird, wie beim Jeep Avenger, wie bei einer iPad-H\u00fclle verschlossen. Mit \u00fcppigen 15 Litern Gesamtvolumen besitzen die Ablagen im Fiat 600e \u00fcbrigens ebenfalls eine familienfreundliche Dimension.<\/p>\n\n\n\n<figure class=\"wp-block-image size-large\"><img loading=\"lazy\" decoding=\"async\" width=\"1024\" height=\"768\" src=\"https:\/\/www.eslebedasauto.at\/wp-content\/uploads\/2024\/07\/IMG_7960-1024x768.jpeg\" alt=\"\" class=\"wp-image-96054\" srcset=\"https:\/\/www.eslebedasauto.at\/wp-content\/uploads\/2024\/07\/IMG_7960-1024x768.jpeg 1024w, https:\/\/www.eslebedasauto.at\/wp-content\/uploads\/2024\/07\/IMG_7960-300x225.jpeg 300w, https:\/\/www.eslebedasauto.at\/wp-content\/uploads\/2024\/07\/IMG_7960-768x576.jpeg 768w, https:\/\/www.eslebedasauto.at\/wp-content\/uploads\/2024\/07\/IMG_7960-1536x1152.jpeg 1536w, https:\/\/www.eslebedasauto.at\/wp-content\/uploads\/2024\/07\/IMG_7960.jpeg 2048w\" sizes=\"(max-width: 1024px) 100vw, 1024px\" \/><\/figure>\n\n\n\n<figure class=\"wp-block-gallery has-nested-images columns-default is-cropped wp-block-gallery-4 is-layout-flex wp-block-gallery-is-layout-flex\">\n<figure class=\"wp-block-image size-large\"><img loading=\"lazy\" decoding=\"async\" width=\"1024\" height=\"768\" data-id=\"96039\" src=\"https:\/\/www.eslebedasauto.at\/wp-content\/uploads\/2024\/07\/IMG_7954-1024x768.jpeg\" alt=\"\" class=\"wp-image-96039\" srcset=\"https:\/\/www.eslebedasauto.at\/wp-content\/uploads\/2024\/07\/IMG_7954-1024x768.jpeg 1024w, https:\/\/www.eslebedasauto.at\/wp-content\/uploads\/2024\/07\/IMG_7954-300x225.jpeg 300w, https:\/\/www.eslebedasauto.at\/wp-content\/uploads\/2024\/07\/IMG_7954-768x576.jpeg 768w, https:\/\/www.eslebedasauto.at\/wp-content\/uploads\/2024\/07\/IMG_7954-1536x1152.jpeg 1536w, https:\/\/www.eslebedasauto.at\/wp-content\/uploads\/2024\/07\/IMG_7954.jpeg 2048w\" sizes=\"(max-width: 1024px) 100vw, 1024px\" \/><\/figure>\n\n\n\n<figure class=\"wp-block-image size-large\"><img loading=\"lazy\" decoding=\"async\" width=\"1024\" height=\"768\" data-id=\"96038\" src=\"https:\/\/www.eslebedasauto.at\/wp-content\/uploads\/2024\/07\/IMG_7953-1024x768.jpeg\" alt=\"\" class=\"wp-image-96038\" srcset=\"https:\/\/www.eslebedasauto.at\/wp-content\/uploads\/2024\/07\/IMG_7953-1024x768.jpeg 1024w, https:\/\/www.eslebedasauto.at\/wp-content\/uploads\/2024\/07\/IMG_7953-300x225.jpeg 300w, https:\/\/www.eslebedasauto.at\/wp-content\/uploads\/2024\/07\/IMG_7953-768x576.jpeg 768w, https:\/\/www.eslebedasauto.at\/wp-content\/uploads\/2024\/07\/IMG_7953-1536x1152.jpeg 1536w, https:\/\/www.eslebedasauto.at\/wp-content\/uploads\/2024\/07\/IMG_7953.jpeg 2048w\" sizes=\"(max-width: 1024px) 100vw, 1024px\" \/><\/figure>\n\n\n\n<figure class=\"wp-block-image size-large\"><img loading=\"lazy\" decoding=\"async\" width=\"1024\" height=\"768\" data-id=\"96037\" src=\"https:\/\/www.eslebedasauto.at\/wp-content\/uploads\/2024\/07\/IMG_7952-1024x768.jpeg\" alt=\"\" class=\"wp-image-96037\" srcset=\"https:\/\/www.eslebedasauto.at\/wp-content\/uploads\/2024\/07\/IMG_7952-1024x768.jpeg 1024w, https:\/\/www.eslebedasauto.at\/wp-content\/uploads\/2024\/07\/IMG_7952-300x225.jpeg 300w, https:\/\/www.eslebedasauto.at\/wp-content\/uploads\/2024\/07\/IMG_7952-768x576.jpeg 768w, https:\/\/www.eslebedasauto.at\/wp-content\/uploads\/2024\/07\/IMG_7952-1536x1152.jpeg 1536w, https:\/\/www.eslebedasauto.at\/wp-content\/uploads\/2024\/07\/IMG_7952.jpeg 2048w\" sizes=\"(max-width: 1024px) 100vw, 1024px\" \/><\/figure>\n\n\n\n<figure class=\"wp-block-image size-large\"><img loading=\"lazy\" decoding=\"async\" width=\"1024\" height=\"768\" data-id=\"96036\" src=\"https:\/\/www.eslebedasauto.at\/wp-content\/uploads\/2024\/07\/IMG_7951-1024x768.jpeg\" alt=\"\" class=\"wp-image-96036\" srcset=\"https:\/\/www.eslebedasauto.at\/wp-content\/uploads\/2024\/07\/IMG_7951-1024x768.jpeg 1024w, https:\/\/www.eslebedasauto.at\/wp-content\/uploads\/2024\/07\/IMG_7951-300x225.jpeg 300w, https:\/\/www.eslebedasauto.at\/wp-content\/uploads\/2024\/07\/IMG_7951-768x576.jpeg 768w, https:\/\/www.eslebedasauto.at\/wp-content\/uploads\/2024\/07\/IMG_7951-1536x1152.jpeg 1536w, https:\/\/www.eslebedasauto.at\/wp-content\/uploads\/2024\/07\/IMG_7951.jpeg 2048w\" sizes=\"(max-width: 1024px) 100vw, 1024px\" \/><\/figure>\n\n\n\n<figure class=\"wp-block-image size-large\"><img loading=\"lazy\" decoding=\"async\" width=\"1024\" height=\"768\" data-id=\"96035\" src=\"https:\/\/www.eslebedasauto.at\/wp-content\/uploads\/2024\/07\/IMG_7950-1024x768.jpeg\" alt=\"\" class=\"wp-image-96035\" srcset=\"https:\/\/www.eslebedasauto.at\/wp-content\/uploads\/2024\/07\/IMG_7950-1024x768.jpeg 1024w, https:\/\/www.eslebedasauto.at\/wp-content\/uploads\/2024\/07\/IMG_7950-300x225.jpeg 300w, https:\/\/www.eslebedasauto.at\/wp-content\/uploads\/2024\/07\/IMG_7950-768x576.jpeg 768w, https:\/\/www.eslebedasauto.at\/wp-content\/uploads\/2024\/07\/IMG_7950-1536x1152.jpeg 1536w, https:\/\/www.eslebedasauto.at\/wp-content\/uploads\/2024\/07\/IMG_7950.jpeg 2048w\" sizes=\"(max-width: 1024px) 100vw, 1024px\" \/><\/figure>\n<\/figure>\n\n\n\n<p><strong>Der Fiat 600 ist entweder vollelektrisch oder hybrid betrieben erh\u00e4ltlich. <\/strong>Wir hatten dieses mal den Vollelektriker im Fuhrpark. Stellantis bietet diesen Antrieb mittlerweile fl\u00e4chendeckend an &#8211; er gef\u00e4llt mit volksnaher Leistung, guter Reichweite und dank relativ kleinem Akku mit vertr\u00e4glichem Gewicht. 156 PS reichen im normalen Alltag v\u00f6llig aus &#8211; der 54 kWh fassende Akku erlaubt realistische Reichweiten von rund 360 Kilometern &#8211; innerst\u00e4dtisch k\u00f6nnen es nat\u00fcrlich auch um einiges mehr werden. Auch die Ladeleistung \u00fcbertreibt es mit maximal 100 kW nicht &#8211; schlie\u00dflich ist ja auch der Akku nicht allzu riesig und dementsprechend schnell wieder gut geladen.<\/p>\n\n\n\n<p><strong>Der Fiat 600e f\u00e4hrt sich mit diesem Antrieb angenehm ausgewogen<\/strong> &#8211; da gibt es klarerweise keine Leistungseskalation &#8211; wir w\u00fcrden sagen, die Leistung passt zum komfortablen Fiat. Markentypisch leicht ist die Lenkung ausgelegt &#8211; an das muss man sich zuerst einmal gew\u00f6hnen &#8211; ist das geschehen liebt man diese Leichtigkeit vor allem im innerst\u00e4dtischen Betrieb.<\/p>\n\n\n\n<h4 id=\"unterm-strich\" class=\"wp-block-heading\">Unterm Strich<\/h4>\n\n\n\n<p>Ausgewogen, alltagstauglich und total sympathisch. Der neue Fiat 600e erg\u00e4nzt die Stellantis-Palette perfekt. Er empfiehlt sich f\u00fcr Leute, die sich mit ihrem Elektroauto nicht in der grauen Ma\u00dfe der kommenden Chinesen verstecken m\u00f6chten.<\/p>\n\n\n\n<p><strong>Daten Fakten Fiat 600e LaPrima<\/strong><\/p>\n\n\n\n<p>Leistung: 115 kW \/ 156 PS<br>0 &#8211; 100 km\/h: 9,0 Sek.<br>WLTP-Reichweite: 400 km \/ 600 km (Stadt)<br>WLTP-Durchschnittsverbrauch: 15,1 kWh<br>Preis: EUR 42.000<\/p>\n\n\n\n<p><\/p>","protected":false},"excerpt":{"rendered":"<p>Der schicke 600e ist mit einem halben Meter mehr Fahrzeugl\u00e4nge und als F\u00fcnft\u00fcrer ein ausgewachsener Kleinwagen f\u00fcr die modebewusste Familie.<\/p>","protected":false},"author":2,"featured_media":96051,"comment_status":"open","ping_status":"open","sticky":false,"template":"","format":"standard","meta":{"neve_meta_sidebar":"","neve_meta_container":"","neve_meta_enable_content_width":"","neve_meta_content_width":0,"neve_meta_title_alignment":"","neve_meta_author_avatar":"","neve_post_elements_order":"","neve_meta_disable_header":"","neve_meta_disable_footer":"","neve_meta_disable_title":"","neve_meta_reading_time":"","footnotes":""},"categories":[555,335],"tags":[],"class_list":["post-96135","post","type-post","status-publish","format-standard","has-post-thumbnail","hentry","category-electrofun","category-fahrberichte"],"yoast_head":"<!-- This site is optimized with the Yoast SEO plugin v26.8 - https:\/\/yoast.com\/product\/yoast-seo-wordpress\/ -->\n<title>Seicento reloaded - Es lebe das Auto<\/title>\n<meta name=\"description\" content=\"Der schicke 600e ist mit einem halben Meter mehr Fahrzeugl\u00e4nge und als F\u00fcnft\u00fcrer ein ausgewachsener Kleinwagen f\u00fcr die modebewusste Familie.\" \/>\n<meta name=\"robots\" content=\"index, follow, max-snippet:-1, max-image-preview:large, max-video-preview:-1\" \/>\n<link rel=\"canonical\" href=\"https:\/\/www.eslebedasauto.at\/it\/fiat-600e-test\/\" \/>\n<meta property=\"og:locale\" content=\"it_IT\" \/>\n<meta property=\"og:type\" content=\"article\" \/>\n<meta property=\"og:title\" content=\"Seicento reloaded - Es lebe das Auto\" \/>\n<meta property=\"og:description\" content=\"Der schicke 600e ist mit einem halben Meter mehr Fahrzeugl\u00e4nge und als F\u00fcnft\u00fcrer ein ausgewachsener Kleinwagen f\u00fcr die modebewusste Familie.\" \/>\n<meta property=\"og:url\" content=\"https:\/\/www.eslebedasauto.at\/it\/fiat-600e-test\/\" \/>\n<meta property=\"og:site_name\" content=\"Es lebe das Auto\" \/>\n<meta property=\"article:publisher\" content=\"https:\/\/www.facebook.com\/eslebedasauto.at\" \/>\n<meta property=\"article:published_time\" content=\"2024-08-03T18:01:09+00:00\" \/>\n<meta property=\"article:modified_time\" content=\"2024-08-03T18:05:50+00:00\" \/>\n<meta property=\"og:image\" content=\"https:\/\/www.eslebedasauto.at\/wp-content\/uploads\/2024\/07\/IMG_7957.jpeg\" \/>\n\t<meta property=\"og:image:width\" content=\"2048\" \/>\n\t<meta property=\"og:image:height\" content=\"1536\" \/>\n\t<meta property=\"og:image:type\" content=\"image\/jpeg\" \/>\n<meta name=\"author\" content=\"gerhard\" \/>\n<meta name=\"twitter:card\" content=\"summary_large_image\" \/>\n<meta name=\"twitter:label1\" content=\"Scritto da\" \/>\n\t<meta name=\"twitter:data1\" content=\"gerhard\" \/>\n\t<meta name=\"twitter:label2\" content=\"Tempo di lettura stimato\" \/>\n\t<meta name=\"twitter:data2\" content=\"7 minuti\" \/>\n<script type=\"application\/ld+json\" class=\"yoast-schema-graph\">{\"@context\":\"https:\/\/schema.org\",\"@graph\":[{\"@type\":\"Article\",\"@id\":\"https:\/\/www.eslebedasauto.at\/fiat-600e-test\/#article\",\"isPartOf\":{\"@id\":\"https:\/\/www.eslebedasauto.at\/fiat-600e-test\/\"},\"author\":{\"name\":\"gerhard\",\"@id\":\"https:\/\/www.eslebedasauto.at\/#\/schema\/person\/fb81218b0bed500d225ff518f9f17033\"},\"headline\":\"Seicento reloaded\",\"datePublished\":\"2024-08-03T18:01:09+00:00\",\"dateModified\":\"2024-08-03T18:05:50+00:00\",\"mainEntityOfPage\":{\"@id\":\"https:\/\/www.eslebedasauto.at\/fiat-600e-test\/\"},\"wordCount\":600,\"commentCount\":0,\"publisher\":{\"@id\":\"https:\/\/www.eslebedasauto.at\/#organization\"},\"image\":{\"@id\":\"https:\/\/www.eslebedasauto.at\/fiat-600e-test\/#primaryimage\"},\"thumbnailUrl\":\"https:\/\/www.eslebedasauto.at\/wp-content\/uploads\/2024\/07\/IMG_7957.jpeg\",\"articleSection\":[\"Electrofun\",\"Fahrberichte\"],\"inLanguage\":\"it-IT\",\"potentialAction\":[{\"@type\":\"CommentAction\",\"name\":\"Comment\",\"target\":[\"https:\/\/www.eslebedasauto.at\/fiat-600e-test\/#respond\"]}]},{\"@type\":\"WebPage\",\"@id\":\"https:\/\/www.eslebedasauto.at\/fiat-600e-test\/\",\"url\":\"https:\/\/www.eslebedasauto.at\/fiat-600e-test\/\",\"name\":\"Seicento reloaded - Es lebe das Auto\",\"isPartOf\":{\"@id\":\"https:\/\/www.eslebedasauto.at\/#website\"},\"primaryImageOfPage\":{\"@id\":\"https:\/\/www.eslebedasauto.at\/fiat-600e-test\/#primaryimage\"},\"image\":{\"@id\":\"https:\/\/www.eslebedasauto.at\/fiat-600e-test\/#primaryimage\"},\"thumbnailUrl\":\"https:\/\/www.eslebedasauto.at\/wp-content\/uploads\/2024\/07\/IMG_7957.jpeg\",\"datePublished\":\"2024-08-03T18:01:09+00:00\",\"dateModified\":\"2024-08-03T18:05:50+00:00\",\"description\":\"Der schicke 600e ist mit einem halben Meter mehr Fahrzeugl\u00e4nge und als F\u00fcnft\u00fcrer ein ausgewachsener Kleinwagen f\u00fcr die modebewusste Familie.\",\"breadcrumb\":{\"@id\":\"https:\/\/www.eslebedasauto.at\/fiat-600e-test\/#breadcrumb\"},\"inLanguage\":\"it-IT\",\"potentialAction\":[{\"@type\":\"ReadAction\",\"target\":[\"https:\/\/www.eslebedasauto.at\/fiat-600e-test\/\"]}]},{\"@type\":\"ImageObject\",\"inLanguage\":\"it-IT\",\"@id\":\"https:\/\/www.eslebedasauto.at\/fiat-600e-test\/#primaryimage\",\"url\":\"https:\/\/www.eslebedasauto.at\/wp-content\/uploads\/2024\/07\/IMG_7957.jpeg\",\"contentUrl\":\"https:\/\/www.eslebedasauto.at\/wp-content\/uploads\/2024\/07\/IMG_7957.jpeg\",\"width\":2048,\"height\":1536},{\"@type\":\"BreadcrumbList\",\"@id\":\"https:\/\/www.eslebedasauto.at\/fiat-600e-test\/#breadcrumb\",\"itemListElement\":[{\"@type\":\"ListItem\",\"position\":1,\"name\":\"Startseite\",\"item\":\"https:\/\/www.eslebedasauto.at\/\"},{\"@type\":\"ListItem\",\"position\":2,\"name\":\"Seicento reloaded\"}]},{\"@type\":\"WebSite\",\"@id\":\"https:\/\/www.eslebedasauto.at\/#website\",\"url\":\"https:\/\/www.eslebedasauto.at\/\",\"name\":\"Es lebe das Auto\",\"description\":\"ein Hoch auf den Individualverkehr\",\"publisher\":{\"@id\":\"https:\/\/www.eslebedasauto.at\/#organization\"},\"potentialAction\":[{\"@type\":\"SearchAction\",\"target\":{\"@type\":\"EntryPoint\",\"urlTemplate\":\"https:\/\/www.eslebedasauto.at\/?s={search_term_string}\"},\"query-input\":{\"@type\":\"PropertyValueSpecification\",\"valueRequired\":true,\"valueName\":\"search_term_string\"}}],\"inLanguage\":\"it-IT\"},{\"@type\":\"Organization\",\"@id\":\"https:\/\/www.eslebedasauto.at\/#organization\",\"name\":\"eslebedasauto\",\"url\":\"https:\/\/www.eslebedasauto.at\/\",\"logo\":{\"@type\":\"ImageObject\",\"inLanguage\":\"it-IT\",\"@id\":\"https:\/\/www.eslebedasauto.at\/#\/schema\/logo\/image\/\",\"url\":\"https:\/\/www.eslebedasauto.at\/wp-content\/uploads\/2025\/10\/eldarund.png\",\"contentUrl\":\"https:\/\/www.eslebedasauto.at\/wp-content\/uploads\/2025\/10\/eldarund.png\",\"width\":1024,\"height\":1024,\"caption\":\"eslebedasauto\"},\"image\":{\"@id\":\"https:\/\/www.eslebedasauto.at\/#\/schema\/logo\/image\/\"},\"sameAs\":[\"https:\/\/www.facebook.com\/eslebedasauto.at\",\"https:\/\/www.instagram.com\/es_lebe_das_auto\/\"]},{\"@type\":\"Person\",\"@id\":\"https:\/\/www.eslebedasauto.at\/#\/schema\/person\/fb81218b0bed500d225ff518f9f17033\",\"name\":\"gerhard\",\"url\":\"https:\/\/www.eslebedasauto.at\/it\/author\/gerhard\/\"}]}<\/script>\n<!-- \/ Yoast SEO plugin. -->","yoast_head_json":{"title":"Seicento reloaded - Es lebe das Auto","description":"Der schicke 600e ist mit einem halben Meter mehr Fahrzeugl\u00e4nge und als F\u00fcnft\u00fcrer ein ausgewachsener Kleinwagen f\u00fcr die modebewusste Familie.","robots":{"index":"index","follow":"follow","max-snippet":"max-snippet:-1","max-image-preview":"max-image-preview:large","max-video-preview":"max-video-preview:-1"},"canonical":"https:\/\/www.eslebedasauto.at\/it\/fiat-600e-test\/","og_locale":"it_IT","og_type":"article","og_title":"Seicento reloaded - Es lebe das Auto","og_description":"Der schicke 600e ist mit einem halben Meter mehr Fahrzeugl\u00e4nge und als F\u00fcnft\u00fcrer ein ausgewachsener Kleinwagen f\u00fcr die modebewusste Familie.","og_url":"https:\/\/www.eslebedasauto.at\/it\/fiat-600e-test\/","og_site_name":"Es lebe das Auto","article_publisher":"https:\/\/www.facebook.com\/eslebedasauto.at","article_published_time":"2024-08-03T18:01:09+00:00","article_modified_time":"2024-08-03T18:05:50+00:00","og_image":[{"width":2048,"height":1536,"url":"https:\/\/www.eslebedasauto.at\/wp-content\/uploads\/2024\/07\/IMG_7957.jpeg","type":"image\/jpeg"}],"author":"gerhard","twitter_card":"summary_large_image","twitter_misc":{"Scritto da":"gerhard","Tempo di lettura stimato":"7 minuti"},"schema":{"@context":"https:\/\/schema.org","@graph":[{"@type":"Article","@id":"https:\/\/www.eslebedasauto.at\/fiat-600e-test\/#article","isPartOf":{"@id":"https:\/\/www.eslebedasauto.at\/fiat-600e-test\/"},"author":{"name":"gerhard","@id":"https:\/\/www.eslebedasauto.at\/#\/schema\/person\/fb81218b0bed500d225ff518f9f17033"},"headline":"Seicento reloaded","datePublished":"2024-08-03T18:01:09+00:00","dateModified":"2024-08-03T18:05:50+00:00","mainEntityOfPage":{"@id":"https:\/\/www.eslebedasauto.at\/fiat-600e-test\/"},"wordCount":600,"commentCount":0,"publisher":{"@id":"https:\/\/www.eslebedasauto.at\/#organization"},"image":{"@id":"https:\/\/www.eslebedasauto.at\/fiat-600e-test\/#primaryimage"},"thumbnailUrl":"https:\/\/www.eslebedasauto.at\/wp-content\/uploads\/2024\/07\/IMG_7957.jpeg","articleSection":["Electrofun","Fahrberichte"],"inLanguage":"it-IT","potentialAction":[{"@type":"CommentAction","name":"Comment","target":["https:\/\/www.eslebedasauto.at\/fiat-600e-test\/#respond"]}]},{"@type":"WebPage","@id":"https:\/\/www.eslebedasauto.at\/fiat-600e-test\/","url":"https:\/\/www.eslebedasauto.at\/fiat-600e-test\/","name":"Seicento reloaded - Es lebe das Auto","isPartOf":{"@id":"https:\/\/www.eslebedasauto.at\/#website"},"primaryImageOfPage":{"@id":"https:\/\/www.eslebedasauto.at\/fiat-600e-test\/#primaryimage"},"image":{"@id":"https:\/\/www.eslebedasauto.at\/fiat-600e-test\/#primaryimage"},"thumbnailUrl":"https:\/\/www.eslebedasauto.at\/wp-content\/uploads\/2024\/07\/IMG_7957.jpeg","datePublished":"2024-08-03T18:01:09+00:00","dateModified":"2024-08-03T18:05:50+00:00","description":"Der schicke 600e ist mit einem halben Meter mehr Fahrzeugl\u00e4nge und als F\u00fcnft\u00fcrer ein ausgewachsener Kleinwagen f\u00fcr die modebewusste Familie.","breadcrumb":{"@id":"https:\/\/www.eslebedasauto.at\/fiat-600e-test\/#breadcrumb"},"inLanguage":"it-IT","potentialAction":[{"@type":"ReadAction","target":["https:\/\/www.eslebedasauto.at\/fiat-600e-test\/"]}]},{"@type":"ImageObject","inLanguage":"it-IT","@id":"https:\/\/www.eslebedasauto.at\/fiat-600e-test\/#primaryimage","url":"https:\/\/www.eslebedasauto.at\/wp-content\/uploads\/2024\/07\/IMG_7957.jpeg","contentUrl":"https:\/\/www.eslebedasauto.at\/wp-content\/uploads\/2024\/07\/IMG_7957.jpeg","width":2048,"height":1536},{"@type":"BreadcrumbList","@id":"https:\/\/www.eslebedasauto.at\/fiat-600e-test\/#breadcrumb","itemListElement":[{"@type":"ListItem","position":1,"name":"Startseite","item":"https:\/\/www.eslebedasauto.at\/"},{"@type":"ListItem","position":2,"name":"Seicento reloaded"}]},{"@type":"WebSite","@id":"https:\/\/www.eslebedasauto.at\/#website","url":"https:\/\/www.eslebedasauto.at\/","name":"Es lebe das Auto","description":"ein Hoch auf den Individualverkehr","publisher":{"@id":"https:\/\/www.eslebedasauto.at\/#organization"},"potentialAction":[{"@type":"SearchAction","target":{"@type":"EntryPoint","urlTemplate":"https:\/\/www.eslebedasauto.at\/?s={search_term_string}"},"query-input":{"@type":"PropertyValueSpecification","valueRequired":true,"valueName":"search_term_string"}}],"inLanguage":"it-IT"},{"@type":"Organization","@id":"https:\/\/www.eslebedasauto.at\/#organization","name":"eslebedasauto","url":"https:\/\/www.eslebedasauto.at\/","logo":{"@type":"ImageObject","inLanguage":"it-IT","@id":"https:\/\/www.eslebedasauto.at\/#\/schema\/logo\/image\/","url":"https:\/\/www.eslebedasauto.at\/wp-content\/uploads\/2025\/10\/eldarund.png","contentUrl":"https:\/\/www.eslebedasauto.at\/wp-content\/uploads\/2025\/10\/eldarund.png","width":1024,"height":1024,"caption":"eslebedasauto"},"image":{"@id":"https:\/\/www.eslebedasauto.at\/#\/schema\/logo\/image\/"},"sameAs":["https:\/\/www.facebook.com\/eslebedasauto.at","https:\/\/www.instagram.com\/es_lebe_das_auto\/"]},{"@type":"Person","@id":"https:\/\/www.eslebedasauto.at\/#\/schema\/person\/fb81218b0bed500d225ff518f9f17033","name":"gerhard","url":"https:\/\/www.eslebedasauto.at\/it\/author\/gerhard\/"}]}},"_links":{"self":[{"href":"https:\/\/www.eslebedasauto.at\/it\/wp-json\/wp\/v2\/posts\/96135","targetHints":{"allow":["GET"]}}],"collection":[{"href":"https:\/\/www.eslebedasauto.at\/it\/wp-json\/wp\/v2\/posts"}],"about":[{"href":"https:\/\/www.eslebedasauto.at\/it\/wp-json\/wp\/v2\/types\/post"}],"author":[{"embeddable":true,"href":"https:\/\/www.eslebedasauto.at\/it\/wp-json\/wp\/v2\/users\/2"}],"replies":[{"embeddable":true,"href":"https:\/\/www.eslebedasauto.at\/it\/wp-json\/wp\/v2\/comments?post=96135"}],"version-history":[{"count":7,"href":"https:\/\/www.eslebedasauto.at\/it\/wp-json\/wp\/v2\/posts\/96135\/revisions"}],"predecessor-version":[{"id":96143,"href":"https:\/\/www.eslebedasauto.at\/it\/wp-json\/wp\/v2\/posts\/96135\/revisions\/96143"}],"wp:featuredmedia":[{"embeddable":true,"href":"https:\/\/www.eslebedasauto.at\/it\/wp-json\/wp\/v2\/media\/96051"}],"wp:attachment":[{"href":"https:\/\/www.eslebedasauto.at\/it\/wp-json\/wp\/v2\/media?parent=96135"}],"wp:term":[{"taxonomy":"category","embeddable":true,"href":"https:\/\/www.eslebedasauto.at\/it\/wp-json\/wp\/v2\/categories?post=96135"},{"taxonomy":"post_tag","embeddable":true,"href":"https:\/\/www.eslebedasauto.at\/it\/wp-json\/wp\/v2\/tags?post=96135"}],"curies":[{"name":"wp","href":"https:\/\/api.w.org\/{rel}","templated":true}]}}