{"id":95886,"date":"2024-07-02T17:37:23","date_gmt":"2024-07-02T15:37:23","guid":{"rendered":"https:\/\/www.eslebedasauto.at\/?p=95886"},"modified":"2024-07-02T19:39:05","modified_gmt":"2024-07-02T17:39:05","slug":"byd-seal-u-probiers-mal-mit-gemuetlichkeit","status":"publish","type":"post","link":"https:\/\/www.eslebedasauto.at\/it\/byd-seal-u-probiers-mal-mit-gemuetlichkeit\/","title":{"rendered":"BYD Seal U. Probier\u2018s mal mit Gem\u00fctlichkeit."},"content":{"rendered":"<h3 id=\"nicht-volkswagen-ist-hauptsponsor-der-fusball-em-sondern-byd-das-gibt-zu-denken-wir-sind-mit-dem-byd-seal-u-gefahren\" class=\"wp-block-heading\">Nicht Volkswagen ist Hauptsponsor der Fu\u00dfball-EM, sondern BYD. Das gibt zu denken. Wir sind mit dem BYD Seal U gefahren.<\/h3>\n\n\n\n<figure class=\"wp-block-gallery has-nested-images columns-4 is-cropped wp-block-gallery-1 is-layout-flex wp-block-gallery-is-layout-flex\">\n<figure class=\"wp-block-image size-large\"><a href=\"https:\/\/www.eslebedasauto.at\/wp-content\/uploads\/2024\/07\/IMG_7687-scaled.jpg\"><img fetchpriority=\"high\" decoding=\"async\" width=\"768\" height=\"1024\" data-id=\"95896\" src=\"https:\/\/www.eslebedasauto.at\/wp-content\/uploads\/2024\/07\/IMG_7687-768x1024.jpg\" alt=\"\" class=\"wp-image-95896\" srcset=\"https:\/\/www.eslebedasauto.at\/wp-content\/uploads\/2024\/07\/IMG_7687-768x1024.jpg 768w, https:\/\/www.eslebedasauto.at\/wp-content\/uploads\/2024\/07\/IMG_7687-225x300.jpg 225w, https:\/\/www.eslebedasauto.at\/wp-content\/uploads\/2024\/07\/IMG_7687-1152x1536.jpg 1152w, https:\/\/www.eslebedasauto.at\/wp-content\/uploads\/2024\/07\/IMG_7687-1536x2048.jpg 1536w, https:\/\/www.eslebedasauto.at\/wp-content\/uploads\/2024\/07\/IMG_7687-scaled.jpg 1920w\" sizes=\"(max-width: 768px) 100vw, 768px\" \/><\/a><\/figure>\n\n\n\n<figure class=\"wp-block-image size-large\"><a href=\"https:\/\/www.eslebedasauto.at\/wp-content\/uploads\/2024\/07\/IMG_7701-scaled.jpg\"><img decoding=\"async\" width=\"1024\" height=\"768\" data-id=\"95903\" src=\"https:\/\/www.eslebedasauto.at\/wp-content\/uploads\/2024\/07\/IMG_7701-1024x768.jpg\" alt=\"\" class=\"wp-image-95903\" srcset=\"https:\/\/www.eslebedasauto.at\/wp-content\/uploads\/2024\/07\/IMG_7701-1024x768.jpg 1024w, https:\/\/www.eslebedasauto.at\/wp-content\/uploads\/2024\/07\/IMG_7701-300x225.jpg 300w, https:\/\/www.eslebedasauto.at\/wp-content\/uploads\/2024\/07\/IMG_7701-768x576.jpg 768w, https:\/\/www.eslebedasauto.at\/wp-content\/uploads\/2024\/07\/IMG_7701-1536x1152.jpg 1536w, https:\/\/www.eslebedasauto.at\/wp-content\/uploads\/2024\/07\/IMG_7701-2048x1536.jpg 2048w\" sizes=\"(max-width: 1024px) 100vw, 1024px\" \/><\/a><\/figure>\n\n\n\n<figure class=\"wp-block-image size-large\"><a href=\"https:\/\/www.eslebedasauto.at\/wp-content\/uploads\/2024\/07\/IMG_7689-scaled.jpg\"><img decoding=\"async\" width=\"768\" height=\"1024\" data-id=\"95897\" src=\"https:\/\/www.eslebedasauto.at\/wp-content\/uploads\/2024\/07\/IMG_7689-768x1024.jpg\" alt=\"\" class=\"wp-image-95897\" srcset=\"https:\/\/www.eslebedasauto.at\/wp-content\/uploads\/2024\/07\/IMG_7689-768x1024.jpg 768w, https:\/\/www.eslebedasauto.at\/wp-content\/uploads\/2024\/07\/IMG_7689-225x300.jpg 225w, https:\/\/www.eslebedasauto.at\/wp-content\/uploads\/2024\/07\/IMG_7689-1152x1536.jpg 1152w, https:\/\/www.eslebedasauto.at\/wp-content\/uploads\/2024\/07\/IMG_7689-1536x2048.jpg 1536w, https:\/\/www.eslebedasauto.at\/wp-content\/uploads\/2024\/07\/IMG_7689-scaled.jpg 1920w\" sizes=\"(max-width: 768px) 100vw, 768px\" \/><\/a><\/figure>\n\n\n\n<figure class=\"wp-block-image size-large\"><a href=\"https:\/\/www.eslebedasauto.at\/wp-content\/uploads\/2024\/07\/IMG_7681-scaled.jpg\"><img loading=\"lazy\" decoding=\"async\" width=\"1024\" height=\"768\" data-id=\"95891\" src=\"https:\/\/www.eslebedasauto.at\/wp-content\/uploads\/2024\/07\/IMG_7681-1024x768.jpg\" alt=\"\" class=\"wp-image-95891\" srcset=\"https:\/\/www.eslebedasauto.at\/wp-content\/uploads\/2024\/07\/IMG_7681-1024x768.jpg 1024w, https:\/\/www.eslebedasauto.at\/wp-content\/uploads\/2024\/07\/IMG_7681-300x225.jpg 300w, https:\/\/www.eslebedasauto.at\/wp-content\/uploads\/2024\/07\/IMG_7681-768x576.jpg 768w, https:\/\/www.eslebedasauto.at\/wp-content\/uploads\/2024\/07\/IMG_7681-1536x1152.jpg 1536w, https:\/\/www.eslebedasauto.at\/wp-content\/uploads\/2024\/07\/IMG_7681-2048x1536.jpg 2048w\" sizes=\"(max-width: 1024px) 100vw, 1024px\" \/><\/a><\/figure>\n<\/figure>\n\n\n\n<p>BYD f\u00e4hrt gerade auf Rekordkurs. Nachdem die Chinesen VW in China als gr\u00f6\u00dfter Autohersteller \u00fcberholt haben, holen sie sich in Europa dank der Fu\u00dfball-EM die mediale F\u00fchrung. Die dahinter steckende wirtschaftliche Power wird wohl weitere Erfolge einfahren, Tesla wurde letztes Jahr bereits weltweit \u00fcberholt und auch hierzulande werden Autos der Marke BYD gerne gekauft.<\/p>\n\n\n\n<p><strong>Nach dem <a href=\"https:\/\/www.eslebedasauto.at\/it\/byd-atto-3-test\/\">Atto 3<\/a> und dem <a href=\"https:\/\/www.eslebedasauto.at\/it\/byd-dolphin-test\/\">Dolphin<\/a> haben wir nun das n\u00e4chste Modell der BYD-Flotte \u2013 den Seal U \u2013 f\u00fcr eine Testfahrt bekommen.<\/strong>&nbsp;Der BYD&nbsp;Seal&nbsp;U, ein Mittelklasse-SUV ist 4,79 Meter lang und (auch) batterieelektrisch betrieben. Auch hier hat Wolfgang Egger, der ehemaligen Audi-Designer, Hand angelegt, was man vor allem an der \u201eaudiesken\u201c Seitenlinie erkennt, w\u00e4hrend das Heck ein klein wenig in Richtung Porsche Macan abdriftet. Bei der Front sind Egger dann ein wenig die Vorbilder ausgegangen \u2013 die ist ziemlich \u201echinesisch\u201c. Gesamt gesehen, steht der Seal U schon sehr beeindruckend auf der Stra\u00dfe \u2013 die h\u00fcbsche Testwagenfarbe mit dem klingenden Namen \u201eTian Qing\u201c steht dem BYD Seal U \u00fcbrigens ausgezeichnet.<\/p>\n\n\n\n<p><strong>Der Blick ins Auto zeigt einen sehr edel wirkenden Innenraum.<\/strong>&nbsp;Die Atmosph\u00e4re ist hell und luftig, die Materialen wirken edel \u2013 freilich sollte man vorher nicht in einem Audi oder \u00e4hnlichem gesessen sein. Ob diese Anmutung auch nach mehreren Jahren noch so wirkt, k\u00f6nnen wir nat\u00fcrlich jetzt noch nicht wissen. Wie in allen BYD Modellen l\u00e4sst sich auch hier der gro\u00dfe mittige Touchscreen quer oder hochkant drehen.&nbsp;<\/p>\n\n\n\n<p><strong>An die Bedienung muss man sich gew\u00f6hnen,<\/strong>&nbsp;aber das ist bei fast allen modernen Autos so. Was aber gleich auff\u00e4llt, sind die vielf\u00e4ltigen Warnt\u00f6ne, die der an und f\u00fcr sich sehr leise Wagen bei jeder Gelegenheit lautstark ausst\u00f6\u00dft. Das nervt definitiv, zumal sich das ganze Gepl\u00e4rr nur widerspenstig abstellen l\u00e4sst.<\/p>\n\n\n\n<p><strong>Die mit Kunstleder bezogenen Sitze passen gut, sie lassen sich vielf\u00e4ltig verstellen.<\/strong>&nbsp;Auch hinten sitzt man angenehm. Der Kofferraum liegt mit einem Minimalvolumen von 552 Litern eher im unteren Bereich, er kann aber auf 1440 Liter erweitert werden. Generell ist das Fahrzeug sehr auf Komfort getrimmt \u2013 auch beim Fahrverhalten.<\/p>\n\n\n\n<figure class=\"wp-block-video\"><video controls poster=\"https:\/\/www.eslebedasauto.at\/wp-content\/uploads\/2024\/07\/IMG_7680-scaled.jpg\" src=\"https:\/\/www.eslebedasauto.at\/wp-content\/uploads\/2024\/07\/export_1719736941485.mov\" playsinline><\/video><\/figure>\n\n\n\n<p><strong>Die Lenkung das Fahrwerk des BYD Seal U erinnern ein wenig an die Amischlitten der F\u00fcnfziger.<\/strong>&nbsp;Das Lenkrad l\u00e4sst sich mit zwei Finger f\u00fchren und ist sehr indirekt \u00fcbersetzt \u2013 wie in alten Filmen muss man oft minimal korrigieren. Ebenso wie die au\u00dfergew\u00f6hnlich weiche Fahrwerksauslegung. Sowas hatten wir schon lange nicht mehr \u2013 die Konkurrenz setzt hier eher auf die sportlich-straffe Fortbewegung. Sei wie sei \u2013 es gibt sicher jede Menge Menschen, die auf Komfort abfahren und denen gesteigerte Kurvengeschwindigkeiten powidl sind.<\/p>\n\n\n\n<figure class=\"wp-block-gallery has-nested-images columns-6 is-cropped wp-block-gallery-2 is-layout-flex wp-block-gallery-is-layout-flex\">\n<figure class=\"wp-block-image size-large\"><a href=\"https:\/\/www.eslebedasauto.at\/wp-content\/uploads\/2024\/07\/IMG_7694-scaled.jpg\"><img loading=\"lazy\" decoding=\"async\" width=\"768\" height=\"1024\" data-id=\"95900\" src=\"https:\/\/www.eslebedasauto.at\/wp-content\/uploads\/2024\/07\/IMG_7694-768x1024.jpg\" alt=\"\" class=\"wp-image-95900\" srcset=\"https:\/\/www.eslebedasauto.at\/wp-content\/uploads\/2024\/07\/IMG_7694-768x1024.jpg 768w, https:\/\/www.eslebedasauto.at\/wp-content\/uploads\/2024\/07\/IMG_7694-225x300.jpg 225w, https:\/\/www.eslebedasauto.at\/wp-content\/uploads\/2024\/07\/IMG_7694-1152x1536.jpg 1152w, https:\/\/www.eslebedasauto.at\/wp-content\/uploads\/2024\/07\/IMG_7694-1536x2048.jpg 1536w, https:\/\/www.eslebedasauto.at\/wp-content\/uploads\/2024\/07\/IMG_7694-scaled.jpg 1920w\" sizes=\"(max-width: 768px) 100vw, 768px\" \/><\/a><\/figure>\n\n\n\n<figure class=\"wp-block-image size-large\"><a href=\"https:\/\/www.eslebedasauto.at\/wp-content\/uploads\/2024\/07\/IMG_7728-scaled.jpg\"><img loading=\"lazy\" decoding=\"async\" width=\"768\" height=\"1024\" data-id=\"95909\" src=\"https:\/\/www.eslebedasauto.at\/wp-content\/uploads\/2024\/07\/IMG_7728-768x1024.jpg\" alt=\"\" class=\"wp-image-95909\" srcset=\"https:\/\/www.eslebedasauto.at\/wp-content\/uploads\/2024\/07\/IMG_7728-768x1024.jpg 768w, https:\/\/www.eslebedasauto.at\/wp-content\/uploads\/2024\/07\/IMG_7728-225x300.jpg 225w, https:\/\/www.eslebedasauto.at\/wp-content\/uploads\/2024\/07\/IMG_7728-1152x1536.jpg 1152w, https:\/\/www.eslebedasauto.at\/wp-content\/uploads\/2024\/07\/IMG_7728-1536x2048.jpg 1536w, https:\/\/www.eslebedasauto.at\/wp-content\/uploads\/2024\/07\/IMG_7728-scaled.jpg 1920w\" sizes=\"(max-width: 768px) 100vw, 768px\" \/><\/a><\/figure>\n\n\n\n<figure class=\"wp-block-image size-large\"><a href=\"https:\/\/www.eslebedasauto.at\/wp-content\/uploads\/2024\/07\/IMG_7701-scaled.jpg\"><img decoding=\"async\" width=\"1024\" height=\"768\" data-id=\"95903\" src=\"https:\/\/www.eslebedasauto.at\/wp-content\/uploads\/2024\/07\/IMG_7701-1024x768.jpg\" alt=\"\" class=\"wp-image-95903\" srcset=\"https:\/\/www.eslebedasauto.at\/wp-content\/uploads\/2024\/07\/IMG_7701-1024x768.jpg 1024w, https:\/\/www.eslebedasauto.at\/wp-content\/uploads\/2024\/07\/IMG_7701-300x225.jpg 300w, https:\/\/www.eslebedasauto.at\/wp-content\/uploads\/2024\/07\/IMG_7701-768x576.jpg 768w, https:\/\/www.eslebedasauto.at\/wp-content\/uploads\/2024\/07\/IMG_7701-1536x1152.jpg 1536w, https:\/\/www.eslebedasauto.at\/wp-content\/uploads\/2024\/07\/IMG_7701-2048x1536.jpg 2048w\" sizes=\"(max-width: 1024px) 100vw, 1024px\" \/><\/a><\/figure>\n\n\n\n<figure class=\"wp-block-image size-large\"><a href=\"https:\/\/www.eslebedasauto.at\/wp-content\/uploads\/2024\/07\/IMG_7704-scaled.jpg\"><img loading=\"lazy\" decoding=\"async\" width=\"1024\" height=\"768\" data-id=\"95906\" src=\"https:\/\/www.eslebedasauto.at\/wp-content\/uploads\/2024\/07\/IMG_7704-1024x768.jpg\" alt=\"\" class=\"wp-image-95906\" srcset=\"https:\/\/www.eslebedasauto.at\/wp-content\/uploads\/2024\/07\/IMG_7704-1024x768.jpg 1024w, https:\/\/www.eslebedasauto.at\/wp-content\/uploads\/2024\/07\/IMG_7704-300x225.jpg 300w, https:\/\/www.eslebedasauto.at\/wp-content\/uploads\/2024\/07\/IMG_7704-768x576.jpg 768w, https:\/\/www.eslebedasauto.at\/wp-content\/uploads\/2024\/07\/IMG_7704-1536x1152.jpg 1536w, https:\/\/www.eslebedasauto.at\/wp-content\/uploads\/2024\/07\/IMG_7704-2048x1536.jpg 2048w\" sizes=\"(max-width: 1024px) 100vw, 1024px\" \/><\/a><\/figure>\n\n\n\n<figure class=\"wp-block-image size-large\"><a href=\"https:\/\/www.eslebedasauto.at\/wp-content\/uploads\/2024\/07\/IMG_7724-scaled.jpg\"><img loading=\"lazy\" decoding=\"async\" width=\"768\" height=\"1024\" data-id=\"95907\" src=\"https:\/\/www.eslebedasauto.at\/wp-content\/uploads\/2024\/07\/IMG_7724-768x1024.jpg\" alt=\"\" class=\"wp-image-95907\" srcset=\"https:\/\/www.eslebedasauto.at\/wp-content\/uploads\/2024\/07\/IMG_7724-768x1024.jpg 768w, https:\/\/www.eslebedasauto.at\/wp-content\/uploads\/2024\/07\/IMG_7724-225x300.jpg 225w, https:\/\/www.eslebedasauto.at\/wp-content\/uploads\/2024\/07\/IMG_7724-1152x1536.jpg 1152w, https:\/\/www.eslebedasauto.at\/wp-content\/uploads\/2024\/07\/IMG_7724-1536x2048.jpg 1536w, https:\/\/www.eslebedasauto.at\/wp-content\/uploads\/2024\/07\/IMG_7724-scaled.jpg 1920w\" sizes=\"(max-width: 768px) 100vw, 768px\" \/><\/a><\/figure>\n\n\n\n<figure class=\"wp-block-image size-large\"><a href=\"https:\/\/www.eslebedasauto.at\/wp-content\/uploads\/2024\/07\/IMG_7727-scaled.jpg\"><img loading=\"lazy\" decoding=\"async\" width=\"768\" height=\"1024\" data-id=\"95908\" src=\"https:\/\/www.eslebedasauto.at\/wp-content\/uploads\/2024\/07\/IMG_7727-768x1024.jpg\" alt=\"\" class=\"wp-image-95908\" srcset=\"https:\/\/www.eslebedasauto.at\/wp-content\/uploads\/2024\/07\/IMG_7727-768x1024.jpg 768w, https:\/\/www.eslebedasauto.at\/wp-content\/uploads\/2024\/07\/IMG_7727-225x300.jpg 225w, https:\/\/www.eslebedasauto.at\/wp-content\/uploads\/2024\/07\/IMG_7727-1152x1536.jpg 1152w, https:\/\/www.eslebedasauto.at\/wp-content\/uploads\/2024\/07\/IMG_7727-1536x2048.jpg 1536w, https:\/\/www.eslebedasauto.at\/wp-content\/uploads\/2024\/07\/IMG_7727-scaled.jpg 1920w\" sizes=\"(max-width: 768px) 100vw, 768px\" \/><\/a><\/figure>\n<\/figure>\n\n\n\n<p><strong>Passend zum bequemen Fortkommen hat BYD im Seal U einen sehr braven Antrieb eingebaut.<\/strong>&nbsp;Die 160 kW (218 PS) Leistung des vorn sitzenden Elektromotors sind gerade noch ausreichend, um das SUV ad\u00e4quat zu bewegen. Auch das mit 330 Newtonmeter relativ geringe Drehmoment sind f\u00fcr ein Auto dieser Gr\u00f6\u00dfe fast schon zu wenig. Anf\u00e4nglich dachten wir, wir seien im ECO-Modus unterwegs, obwohl NORMAL ausgew\u00e4hlt war. Wir haben dann dauerhaft auf SPORT umgeschaltet \u2013 das zieht einem leider aber dann auch nicht die sprichw\u00f6rtliche Wurst vom Brot.<\/p>\n\n\n\n<p><strong>Auch beim Laden l\u00e4sst sich der&nbsp;Seal&nbsp;U Zeit:<\/strong>&nbsp;Die 87 kWh gro\u00dfe Batterie des Modells \u201eDesign\u201c wird mit maximal 140 kW geladen. Dennoch ist BYD auf seine Batterie stolz, denn der \u201eBlade\u201c genannte Akku im Wagenboden baut sehr flach, was eine relativ niedrige Sitzposition erm\u00f6glicht. Auch gut: Die Lithium-Eisen-Phosphat-Zellen, die BYD verwendet, ben\u00f6tigen keine kritischen Elemente wie Kobalt, das unter oft fragw\u00fcrdigen Bedingungen gef\u00f6rdert wird.<\/p>\n\n\n\n<p><strong>Der softe Charakter des BYD Seal U hat \u2013 neben aller Gem\u00fctlichkeit \u2013 noch weitere Vorteile:<\/strong>\u00a0Man l\u00e4sst es einfach langsamer und dadurch effizienter angehen. Die 500 Kilometer WLTP-Reichweite schafft der Wagen zwar nicht ganz aber rund 450 km sollten sich in den meisten F\u00e4llen ausgehen. Wir hatten einen Testschnitt von rund 20 kWh auf hundert Kilometer.<\/p>\n\n\n\n<p><strong>Unterm Strich<\/strong><\/p>\n\n\n\n<p>Wer ein familientaugliches, extrem komfortables SUV ohne ausgepr\u00e4gte sportliche All\u00fcren sucht und auf Marken-Image pfeift, der sollte sich den BYD Seal U einmal n\u00e4her ansehen und vor allem einmal intensiv Probe fahren. Und das Beste kommt zum Schluss \u2013 der BYD Seal U startet als \u201eComfort\u201c mit \u00d6sterreich-Paket schon sehr gut ausgestattet mit einem Kampfpreis von 39.980 Euro (iinkl. E-Mobilit\u00e4tsbonus). Die voll best\u00fcckte \u201eDesign\u201c-Variante tr\u00e4gt mit 42.980 Euro ebenfalls einen hochinteressanten Preis.<\/p>\n\n\n\n<p><br><strong>Daten Fakten BYD&nbsp;Seal&nbsp;U Design<\/strong><br>Antrieb: 1 E-Motor, 160 kW, FWD<br>Drehmoment: 330 Nm<br>H\u00f6chstgeschwindigkeit: 175 km\/h<br>0 auf 100 km\/h: 9,6 Sek.<br>WLTP-Durchschnittsverbrauch: 17,4 kWh<br>Reichweite (WLTP): 500 km<br>Ladeleistung: 11 kW AC\/140 kW DC<br>Basispreis: ab 36.980 Euro<\/p>\n\n\n\n<p>(Video &amp; Bild &#8211; Die Netzwerkkapit\u00e4ne)<\/p>","protected":false},"excerpt":{"rendered":"<p>Wer ein familientaugliches, extrem komfortables SUV ohne ausgepr\u00e4gte sportliche All\u00fcren sucht und auf Marken-Image pfeift, der sollte sich den BYD Seal U einmal n\u00e4her ansehen<\/p>","protected":false},"author":2,"featured_media":95889,"comment_status":"open","ping_status":"open","sticky":false,"template":"","format":"standard","meta":{"neve_meta_sidebar":"","neve_meta_container":"","neve_meta_enable_content_width":"","neve_meta_content_width":0,"neve_meta_title_alignment":"","neve_meta_author_avatar":"","neve_post_elements_order":"","neve_meta_disable_header":"","neve_meta_disable_footer":"","neve_meta_disable_title":"","neve_meta_reading_time":"","footnotes":""},"categories":[1],"tags":[],"class_list":["post-95886","post","type-post","status-publish","format-standard","has-post-thumbnail","hentry","category-allgemein"],"yoast_head":"<!-- This site is optimized with the Yoast SEO plugin v26.8 - https:\/\/yoast.com\/product\/yoast-seo-wordpress\/ -->\n<title>BYD Seal U. Probier\u2018s mal mit Gem\u00fctlichkeit. - Es lebe das Auto<\/title>\n<meta name=\"robots\" content=\"index, follow, max-snippet:-1, max-image-preview:large, max-video-preview:-1\" \/>\n<link rel=\"canonical\" href=\"https:\/\/www.eslebedasauto.at\/it\/byd-seal-u-probiers-mal-mit-gemuetlichkeit\/\" \/>\n<meta property=\"og:locale\" content=\"it_IT\" \/>\n<meta property=\"og:type\" content=\"article\" \/>\n<meta property=\"og:title\" content=\"BYD Seal U. Probier\u2018s mal mit Gem\u00fctlichkeit. - Es lebe das Auto\" \/>\n<meta property=\"og:description\" content=\"Wer ein familientaugliches, extrem komfortables SUV ohne ausgepr\u00e4gte sportliche All\u00fcren sucht und auf Marken-Image pfeift, der sollte sich den BYD Seal U einmal n\u00e4her ansehen\" \/>\n<meta property=\"og:url\" content=\"https:\/\/www.eslebedasauto.at\/it\/byd-seal-u-probiers-mal-mit-gemuetlichkeit\/\" \/>\n<meta property=\"og:site_name\" content=\"Es lebe das Auto\" \/>\n<meta property=\"article:publisher\" content=\"https:\/\/www.facebook.com\/eslebedasauto.at\" \/>\n<meta property=\"article:published_time\" content=\"2024-07-02T15:37:23+00:00\" \/>\n<meta property=\"article:modified_time\" content=\"2024-07-02T17:39:05+00:00\" \/>\n<meta property=\"og:image\" content=\"https:\/\/www.eslebedasauto.at\/wp-content\/uploads\/2024\/07\/IMG_7677-scaled.jpg\" \/>\n\t<meta property=\"og:image:width\" content=\"2560\" \/>\n\t<meta property=\"og:image:height\" content=\"1920\" \/>\n\t<meta property=\"og:image:type\" content=\"image\/jpeg\" \/>\n<meta name=\"author\" content=\"gerhard\" \/>\n<meta name=\"twitter:card\" content=\"summary_large_image\" \/>\n<meta name=\"twitter:label1\" content=\"Scritto da\" \/>\n\t<meta name=\"twitter:data1\" content=\"gerhard\" \/>\n\t<meta name=\"twitter:label2\" content=\"Tempo di lettura stimato\" \/>\n\t<meta name=\"twitter:data2\" content=\"7 minuti\" \/>\n<script type=\"application\/ld+json\" class=\"yoast-schema-graph\">{\"@context\":\"https:\/\/schema.org\",\"@graph\":[{\"@type\":\"Article\",\"@id\":\"https:\/\/www.eslebedasauto.at\/byd-seal-u-probiers-mal-mit-gemuetlichkeit\/#article\",\"isPartOf\":{\"@id\":\"https:\/\/www.eslebedasauto.at\/byd-seal-u-probiers-mal-mit-gemuetlichkeit\/\"},\"author\":{\"name\":\"gerhard\",\"@id\":\"https:\/\/www.eslebedasauto.at\/#\/schema\/person\/fb81218b0bed500d225ff518f9f17033\"},\"headline\":\"BYD Seal U. Probier\u2018s mal mit Gem\u00fctlichkeit.\",\"datePublished\":\"2024-07-02T15:37:23+00:00\",\"dateModified\":\"2024-07-02T17:39:05+00:00\",\"mainEntityOfPage\":{\"@id\":\"https:\/\/www.eslebedasauto.at\/byd-seal-u-probiers-mal-mit-gemuetlichkeit\/\"},\"wordCount\":800,\"commentCount\":0,\"publisher\":{\"@id\":\"https:\/\/www.eslebedasauto.at\/#organization\"},\"image\":{\"@id\":\"https:\/\/www.eslebedasauto.at\/byd-seal-u-probiers-mal-mit-gemuetlichkeit\/#primaryimage\"},\"thumbnailUrl\":\"https:\/\/www.eslebedasauto.at\/wp-content\/uploads\/2024\/07\/IMG_7677-scaled.jpg\",\"articleSection\":[\"Allgemein\"],\"inLanguage\":\"it-IT\",\"potentialAction\":[{\"@type\":\"CommentAction\",\"name\":\"Comment\",\"target\":[\"https:\/\/www.eslebedasauto.at\/byd-seal-u-probiers-mal-mit-gemuetlichkeit\/#respond\"]}]},{\"@type\":\"WebPage\",\"@id\":\"https:\/\/www.eslebedasauto.at\/byd-seal-u-probiers-mal-mit-gemuetlichkeit\/\",\"url\":\"https:\/\/www.eslebedasauto.at\/byd-seal-u-probiers-mal-mit-gemuetlichkeit\/\",\"name\":\"BYD Seal U. Probier\u2018s mal mit Gem\u00fctlichkeit. - Es lebe das Auto\",\"isPartOf\":{\"@id\":\"https:\/\/www.eslebedasauto.at\/#website\"},\"primaryImageOfPage\":{\"@id\":\"https:\/\/www.eslebedasauto.at\/byd-seal-u-probiers-mal-mit-gemuetlichkeit\/#primaryimage\"},\"image\":{\"@id\":\"https:\/\/www.eslebedasauto.at\/byd-seal-u-probiers-mal-mit-gemuetlichkeit\/#primaryimage\"},\"thumbnailUrl\":\"https:\/\/www.eslebedasauto.at\/wp-content\/uploads\/2024\/07\/IMG_7677-scaled.jpg\",\"datePublished\":\"2024-07-02T15:37:23+00:00\",\"dateModified\":\"2024-07-02T17:39:05+00:00\",\"breadcrumb\":{\"@id\":\"https:\/\/www.eslebedasauto.at\/byd-seal-u-probiers-mal-mit-gemuetlichkeit\/#breadcrumb\"},\"inLanguage\":\"it-IT\",\"potentialAction\":[{\"@type\":\"ReadAction\",\"target\":[\"https:\/\/www.eslebedasauto.at\/byd-seal-u-probiers-mal-mit-gemuetlichkeit\/\"]}]},{\"@type\":\"ImageObject\",\"inLanguage\":\"it-IT\",\"@id\":\"https:\/\/www.eslebedasauto.at\/byd-seal-u-probiers-mal-mit-gemuetlichkeit\/#primaryimage\",\"url\":\"https:\/\/www.eslebedasauto.at\/wp-content\/uploads\/2024\/07\/IMG_7677-scaled.jpg\",\"contentUrl\":\"https:\/\/www.eslebedasauto.at\/wp-content\/uploads\/2024\/07\/IMG_7677-scaled.jpg\",\"width\":2560,\"height\":1920},{\"@type\":\"BreadcrumbList\",\"@id\":\"https:\/\/www.eslebedasauto.at\/byd-seal-u-probiers-mal-mit-gemuetlichkeit\/#breadcrumb\",\"itemListElement\":[{\"@type\":\"ListItem\",\"position\":1,\"name\":\"Startseite\",\"item\":\"https:\/\/www.eslebedasauto.at\/\"},{\"@type\":\"ListItem\",\"position\":2,\"name\":\"BYD Seal U. Probier\u2018s mal mit Gem\u00fctlichkeit.\"}]},{\"@type\":\"WebSite\",\"@id\":\"https:\/\/www.eslebedasauto.at\/#website\",\"url\":\"https:\/\/www.eslebedasauto.at\/\",\"name\":\"Es lebe das Auto\",\"description\":\"ein Hoch auf den Individualverkehr\",\"publisher\":{\"@id\":\"https:\/\/www.eslebedasauto.at\/#organization\"},\"potentialAction\":[{\"@type\":\"SearchAction\",\"target\":{\"@type\":\"EntryPoint\",\"urlTemplate\":\"https:\/\/www.eslebedasauto.at\/?s={search_term_string}\"},\"query-input\":{\"@type\":\"PropertyValueSpecification\",\"valueRequired\":true,\"valueName\":\"search_term_string\"}}],\"inLanguage\":\"it-IT\"},{\"@type\":\"Organization\",\"@id\":\"https:\/\/www.eslebedasauto.at\/#organization\",\"name\":\"eslebedasauto\",\"url\":\"https:\/\/www.eslebedasauto.at\/\",\"logo\":{\"@type\":\"ImageObject\",\"inLanguage\":\"it-IT\",\"@id\":\"https:\/\/www.eslebedasauto.at\/#\/schema\/logo\/image\/\",\"url\":\"https:\/\/www.eslebedasauto.at\/wp-content\/uploads\/2025\/10\/eldarund.png\",\"contentUrl\":\"https:\/\/www.eslebedasauto.at\/wp-content\/uploads\/2025\/10\/eldarund.png\",\"width\":1024,\"height\":1024,\"caption\":\"eslebedasauto\"},\"image\":{\"@id\":\"https:\/\/www.eslebedasauto.at\/#\/schema\/logo\/image\/\"},\"sameAs\":[\"https:\/\/www.facebook.com\/eslebedasauto.at\",\"https:\/\/www.instagram.com\/es_lebe_das_auto\/\"]},{\"@type\":\"Person\",\"@id\":\"https:\/\/www.eslebedasauto.at\/#\/schema\/person\/fb81218b0bed500d225ff518f9f17033\",\"name\":\"gerhard\",\"url\":\"https:\/\/www.eslebedasauto.at\/it\/author\/gerhard\/\"}]}<\/script>\n<!-- \/ Yoast SEO plugin. -->","yoast_head_json":{"title":"BYD Seal U. Probier\u2018s mal mit Gem\u00fctlichkeit. - Es lebe das Auto","robots":{"index":"index","follow":"follow","max-snippet":"max-snippet:-1","max-image-preview":"max-image-preview:large","max-video-preview":"max-video-preview:-1"},"canonical":"https:\/\/www.eslebedasauto.at\/it\/byd-seal-u-probiers-mal-mit-gemuetlichkeit\/","og_locale":"it_IT","og_type":"article","og_title":"BYD Seal U. Probier\u2018s mal mit Gem\u00fctlichkeit. - Es lebe das Auto","og_description":"Wer ein familientaugliches, extrem komfortables SUV ohne ausgepr\u00e4gte sportliche All\u00fcren sucht und auf Marken-Image pfeift, der sollte sich den BYD Seal U einmal n\u00e4her ansehen","og_url":"https:\/\/www.eslebedasauto.at\/it\/byd-seal-u-probiers-mal-mit-gemuetlichkeit\/","og_site_name":"Es lebe das Auto","article_publisher":"https:\/\/www.facebook.com\/eslebedasauto.at","article_published_time":"2024-07-02T15:37:23+00:00","article_modified_time":"2024-07-02T17:39:05+00:00","og_image":[{"width":2560,"height":1920,"url":"https:\/\/www.eslebedasauto.at\/wp-content\/uploads\/2024\/07\/IMG_7677-scaled.jpg","type":"image\/jpeg"}],"author":"gerhard","twitter_card":"summary_large_image","twitter_misc":{"Scritto da":"gerhard","Tempo di lettura stimato":"7 minuti"},"schema":{"@context":"https:\/\/schema.org","@graph":[{"@type":"Article","@id":"https:\/\/www.eslebedasauto.at\/byd-seal-u-probiers-mal-mit-gemuetlichkeit\/#article","isPartOf":{"@id":"https:\/\/www.eslebedasauto.at\/byd-seal-u-probiers-mal-mit-gemuetlichkeit\/"},"author":{"name":"gerhard","@id":"https:\/\/www.eslebedasauto.at\/#\/schema\/person\/fb81218b0bed500d225ff518f9f17033"},"headline":"BYD Seal U. Probier\u2018s mal mit Gem\u00fctlichkeit.","datePublished":"2024-07-02T15:37:23+00:00","dateModified":"2024-07-02T17:39:05+00:00","mainEntityOfPage":{"@id":"https:\/\/www.eslebedasauto.at\/byd-seal-u-probiers-mal-mit-gemuetlichkeit\/"},"wordCount":800,"commentCount":0,"publisher":{"@id":"https:\/\/www.eslebedasauto.at\/#organization"},"image":{"@id":"https:\/\/www.eslebedasauto.at\/byd-seal-u-probiers-mal-mit-gemuetlichkeit\/#primaryimage"},"thumbnailUrl":"https:\/\/www.eslebedasauto.at\/wp-content\/uploads\/2024\/07\/IMG_7677-scaled.jpg","articleSection":["Allgemein"],"inLanguage":"it-IT","potentialAction":[{"@type":"CommentAction","name":"Comment","target":["https:\/\/www.eslebedasauto.at\/byd-seal-u-probiers-mal-mit-gemuetlichkeit\/#respond"]}]},{"@type":"WebPage","@id":"https:\/\/www.eslebedasauto.at\/byd-seal-u-probiers-mal-mit-gemuetlichkeit\/","url":"https:\/\/www.eslebedasauto.at\/byd-seal-u-probiers-mal-mit-gemuetlichkeit\/","name":"BYD Seal U. Probier\u2018s mal mit Gem\u00fctlichkeit. - Es lebe das Auto","isPartOf":{"@id":"https:\/\/www.eslebedasauto.at\/#website"},"primaryImageOfPage":{"@id":"https:\/\/www.eslebedasauto.at\/byd-seal-u-probiers-mal-mit-gemuetlichkeit\/#primaryimage"},"image":{"@id":"https:\/\/www.eslebedasauto.at\/byd-seal-u-probiers-mal-mit-gemuetlichkeit\/#primaryimage"},"thumbnailUrl":"https:\/\/www.eslebedasauto.at\/wp-content\/uploads\/2024\/07\/IMG_7677-scaled.jpg","datePublished":"2024-07-02T15:37:23+00:00","dateModified":"2024-07-02T17:39:05+00:00","breadcrumb":{"@id":"https:\/\/www.eslebedasauto.at\/byd-seal-u-probiers-mal-mit-gemuetlichkeit\/#breadcrumb"},"inLanguage":"it-IT","potentialAction":[{"@type":"ReadAction","target":["https:\/\/www.eslebedasauto.at\/byd-seal-u-probiers-mal-mit-gemuetlichkeit\/"]}]},{"@type":"ImageObject","inLanguage":"it-IT","@id":"https:\/\/www.eslebedasauto.at\/byd-seal-u-probiers-mal-mit-gemuetlichkeit\/#primaryimage","url":"https:\/\/www.eslebedasauto.at\/wp-content\/uploads\/2024\/07\/IMG_7677-scaled.jpg","contentUrl":"https:\/\/www.eslebedasauto.at\/wp-content\/uploads\/2024\/07\/IMG_7677-scaled.jpg","width":2560,"height":1920},{"@type":"BreadcrumbList","@id":"https:\/\/www.eslebedasauto.at\/byd-seal-u-probiers-mal-mit-gemuetlichkeit\/#breadcrumb","itemListElement":[{"@type":"ListItem","position":1,"name":"Startseite","item":"https:\/\/www.eslebedasauto.at\/"},{"@type":"ListItem","position":2,"name":"BYD Seal U. Probier\u2018s mal mit Gem\u00fctlichkeit."}]},{"@type":"WebSite","@id":"https:\/\/www.eslebedasauto.at\/#website","url":"https:\/\/www.eslebedasauto.at\/","name":"Es lebe das Auto","description":"ein Hoch auf den Individualverkehr","publisher":{"@id":"https:\/\/www.eslebedasauto.at\/#organization"},"potentialAction":[{"@type":"SearchAction","target":{"@type":"EntryPoint","urlTemplate":"https:\/\/www.eslebedasauto.at\/?s={search_term_string}"},"query-input":{"@type":"PropertyValueSpecification","valueRequired":true,"valueName":"search_term_string"}}],"inLanguage":"it-IT"},{"@type":"Organization","@id":"https:\/\/www.eslebedasauto.at\/#organization","name":"eslebedasauto","url":"https:\/\/www.eslebedasauto.at\/","logo":{"@type":"ImageObject","inLanguage":"it-IT","@id":"https:\/\/www.eslebedasauto.at\/#\/schema\/logo\/image\/","url":"https:\/\/www.eslebedasauto.at\/wp-content\/uploads\/2025\/10\/eldarund.png","contentUrl":"https:\/\/www.eslebedasauto.at\/wp-content\/uploads\/2025\/10\/eldarund.png","width":1024,"height":1024,"caption":"eslebedasauto"},"image":{"@id":"https:\/\/www.eslebedasauto.at\/#\/schema\/logo\/image\/"},"sameAs":["https:\/\/www.facebook.com\/eslebedasauto.at","https:\/\/www.instagram.com\/es_lebe_das_auto\/"]},{"@type":"Person","@id":"https:\/\/www.eslebedasauto.at\/#\/schema\/person\/fb81218b0bed500d225ff518f9f17033","name":"gerhard","url":"https:\/\/www.eslebedasauto.at\/it\/author\/gerhard\/"}]}},"_links":{"self":[{"href":"https:\/\/www.eslebedasauto.at\/it\/wp-json\/wp\/v2\/posts\/95886","targetHints":{"allow":["GET"]}}],"collection":[{"href":"https:\/\/www.eslebedasauto.at\/it\/wp-json\/wp\/v2\/posts"}],"about":[{"href":"https:\/\/www.eslebedasauto.at\/it\/wp-json\/wp\/v2\/types\/post"}],"author":[{"embeddable":true,"href":"https:\/\/www.eslebedasauto.at\/it\/wp-json\/wp\/v2\/users\/2"}],"replies":[{"embeddable":true,"href":"https:\/\/www.eslebedasauto.at\/it\/wp-json\/wp\/v2\/comments?post=95886"}],"version-history":[{"count":5,"href":"https:\/\/www.eslebedasauto.at\/it\/wp-json\/wp\/v2\/posts\/95886\/revisions"}],"predecessor-version":[{"id":95922,"href":"https:\/\/www.eslebedasauto.at\/it\/wp-json\/wp\/v2\/posts\/95886\/revisions\/95922"}],"wp:featuredmedia":[{"embeddable":true,"href":"https:\/\/www.eslebedasauto.at\/it\/wp-json\/wp\/v2\/media\/95889"}],"wp:attachment":[{"href":"https:\/\/www.eslebedasauto.at\/it\/wp-json\/wp\/v2\/media?parent=95886"}],"wp:term":[{"taxonomy":"category","embeddable":true,"href":"https:\/\/www.eslebedasauto.at\/it\/wp-json\/wp\/v2\/categories?post=95886"},{"taxonomy":"post_tag","embeddable":true,"href":"https:\/\/www.eslebedasauto.at\/it\/wp-json\/wp\/v2\/tags?post=95886"}],"curies":[{"name":"wp","href":"https:\/\/api.w.org\/{rel}","templated":true}]}}