{"id":95208,"date":"2024-04-16T08:14:55","date_gmt":"2024-04-16T06:14:55","guid":{"rendered":"https:\/\/www.eslebedasauto.at\/?p=95208"},"modified":"2024-04-16T08:14:56","modified_gmt":"2024-04-16T06:14:56","slug":"alfa-benennt-milano-um","status":"publish","type":"post","link":"https:\/\/www.eslebedasauto.at\/it\/alfa-benennt-milano-um\/","title":{"rendered":"Italienische Kom\u00f6die bei Alfa Romeo"},"content":{"rendered":"<p><\/p>\n\n\n\n<h3 id=\"auf-druck-der-italienischen-regierung-macht-alfa-romeo-einen-ruckzieher-und-benennt-seinen-erst-kurzlich-vorgestellten-kompakt-suv-milano-auf-junior-um\" class=\"wp-block-heading\">Auf Druck der italienischen Regierung macht Alfa Romeo einen R\u00fcckzieher und benennt seinen erst k\u00fcrzlich vorgestellten Kompakt-SUV \u201eMilano\u201c auf \u201eJunior\u201c um.<\/h3>\n\n\n\n<p>Ein Minister der rechtspopulistischen italienischen Regierung hatte zuvor die Verwendung des St\u00e4dtenamens als gesetzeswidrig kritisiert, weil das Modell nicht \u201eMade in Italy\u201c sei, sondern im polnischen Tichy gefertigt werde. \u201e<em>Wir haben uns entschlossen, den Namen zu \u00e4ndern, obwohl wir dazu nicht verpflichtet sind<\/em>\u201c, kommentiert Alfa Romeo-Chef Jean-Philippe Imparato den \u00fcberraschenden Namenswechsel. Man wolle \u201ejegliche Kontroverse vermeiden\u201c.<\/p>\n\n\n\n<figure class=\"wp-block-image size-large\"><img fetchpriority=\"high\" decoding=\"async\" width=\"1024\" height=\"656\" src=\"https:\/\/www.eslebedasauto.at\/wp-content\/uploads\/2024\/04\/ampnet_photo_20240412_235484-1024x656.jpeg\" alt=\"\" class=\"wp-image-95211\" srcset=\"https:\/\/www.eslebedasauto.at\/wp-content\/uploads\/2024\/04\/ampnet_photo_20240412_235484-1024x656.jpeg 1024w, https:\/\/www.eslebedasauto.at\/wp-content\/uploads\/2024\/04\/ampnet_photo_20240412_235484-300x192.jpeg 300w, https:\/\/www.eslebedasauto.at\/wp-content\/uploads\/2024\/04\/ampnet_photo_20240412_235484-768x492.jpeg 768w, https:\/\/www.eslebedasauto.at\/wp-content\/uploads\/2024\/04\/ampnet_photo_20240412_235484-1536x985.jpeg 1536w, https:\/\/www.eslebedasauto.at\/wp-content\/uploads\/2024\/04\/ampnet_photo_20240412_235484-2048x1313.jpeg 2048w, https:\/\/www.eslebedasauto.at\/wp-content\/uploads\/2024\/04\/ampnet_photo_20240412_235484-800x513.jpeg 800w, https:\/\/www.eslebedasauto.at\/wp-content\/uploads\/2024\/04\/ampnet_photo_20240412_235484-1160x744.jpeg 1160w\" sizes=\"(max-width: 1024px) 100vw, 1024px\" \/><\/figure>\n\n\n\n<p>Der aus einer Reihe von \u00f6ffentlichen Vorschl\u00e4gen ausgew\u00e4hlte Modellname Milano war urspr\u00fcnglich dazu auserkoren, die Stadt zu ehren, in der die Geschichte von Alfa Romeo im Jahr 1910 begann. Doch nun soll der Name Junior, der \u201e<em>von Anfang an zu unseren Favoriten und zu den Favoriten des Publikums gez\u00e4hlt hat<\/em>\u201c, so Imparato, zum Zug kommen.<\/p>\n\n\n\n<figure class=\"wp-block-image size-large\"><img decoding=\"async\" width=\"1024\" height=\"701\" src=\"https:\/\/www.eslebedasauto.at\/wp-content\/uploads\/2024\/04\/ampnet_photo_20240412_235492-1024x701.jpeg\" alt=\"\" class=\"wp-image-95210\" srcset=\"https:\/\/www.eslebedasauto.at\/wp-content\/uploads\/2024\/04\/ampnet_photo_20240412_235492-1024x701.jpeg 1024w, https:\/\/www.eslebedasauto.at\/wp-content\/uploads\/2024\/04\/ampnet_photo_20240412_235492-300x205.jpeg 300w, https:\/\/www.eslebedasauto.at\/wp-content\/uploads\/2024\/04\/ampnet_photo_20240412_235492-768x526.jpeg 768w, https:\/\/www.eslebedasauto.at\/wp-content\/uploads\/2024\/04\/ampnet_photo_20240412_235492-1536x1051.jpeg 1536w, https:\/\/www.eslebedasauto.at\/wp-content\/uploads\/2024\/04\/ampnet_photo_20240412_235492-2048x1402.jpeg 2048w, https:\/\/www.eslebedasauto.at\/wp-content\/uploads\/2024\/04\/ampnet_photo_20240412_235492-800x548.jpeg 800w, https:\/\/www.eslebedasauto.at\/wp-content\/uploads\/2024\/04\/ampnet_photo_20240412_235492-1160x794.jpeg 1160w\" sizes=\"(max-width: 1024px) 100vw, 1024px\" \/><\/figure>\n\n\n\n<p>Auch der Pr\u00e4sident des Verbandes der italienischen Alfa Romeo H\u00e4ndler, Stefano Odorici, schwenkt auf Linie und lobt den Namenswechsel:<\/p>\n\n\n\n<blockquote class=\"wp-block-quote has-text-align-center is-layout-flow wp-block-quote-is-layout-flow\">\n<p><em>\u201eEine Kontroverse w\u00fcrde die Begeisterung und die enorme Aufmerksamkeit beeintr\u00e4chtigen, die das neue Fahrzeug erf\u00e4hrt. Junior und Milano sind beides sch\u00f6ne Bezeichnungen, die ihre Wurzeln in der Geschichte der Marke Alfa Romeo haben\u201c.<\/em><\/p>\n<\/blockquote>\n\n\n\n<p>Die Bezeichnung Junior verwendete Alfa Romeo erstmals im Jahr 1966 f\u00fcr eine Variante des Alfa Romeo Giulia Sprint GT, die vor allem ein j\u00fcngeres Publikum ansprechen sollte. Dem&nbsp;Alfa Romeo GT 1300 Junior&nbsp;folgte bald der Alfa Romeo Spider 1300 Junior.&nbsp;<\/p>\n\n\n\n<p><strong>Also, alles keine gro\u00dfe Aff\u00e4re, oder?<\/strong> \u00dcber die sicher nicht unbetr\u00e4chtlichen Kosten, die Alfa Romeo durch diese Namens\u00e4nderung zu tragen hat, redet aber keiner der umtriebigen Politiker.<\/p>","protected":false},"excerpt":{"rendered":"<p>Aus Milano wird Junior. Grunds\u00e4tzlich keine gro\u00dfe Aff\u00e4re, oder? \u00dcber die sicher nicht unbetr\u00e4chtlichen Kosten, die Alfa Romeo durch diese Namens\u00e4nderung zu tragen hat, redet aber keiner der umtriebigen Politiker.<\/p>","protected":false},"author":2,"featured_media":95212,"comment_status":"open","ping_status":"open","sticky":false,"template":"","format":"standard","meta":{"neve_meta_sidebar":"","neve_meta_container":"","neve_meta_enable_content_width":"","neve_meta_content_width":0,"neve_meta_title_alignment":"","neve_meta_author_avatar":"","neve_post_elements_order":"","neve_meta_disable_header":"","neve_meta_disable_footer":"","neve_meta_disable_title":"","neve_meta_reading_time":"","footnotes":""},"categories":[598],"tags":[],"class_list":["post-95208","post","type-post","status-publish","format-standard","has-post-thumbnail","hentry","category-shortmotornews"],"yoast_head":"<!-- This site is optimized with the Yoast SEO plugin v26.8 - https:\/\/yoast.com\/product\/yoast-seo-wordpress\/ -->\n<title>Italienische Kom\u00f6die bei Alfa Romeo - Es lebe das Auto<\/title>\n<meta name=\"description\" content=\"Aus Milano wird Junior. Grunds\u00e4tzlich keine gro\u00dfe Aff\u00e4re, oder? \u00dcber die sicher nicht unbetr\u00e4chtlichen Kosten, die Alfa Romeo durch diese Namens\u00e4nderung zu tragen hat, redet aber keiner der umtriebigen Politiker.\" \/>\n<meta name=\"robots\" content=\"index, follow, max-snippet:-1, max-image-preview:large, max-video-preview:-1\" \/>\n<link rel=\"canonical\" href=\"https:\/\/www.eslebedasauto.at\/it\/alfa-benennt-milano-um\/\" \/>\n<meta property=\"og:locale\" content=\"it_IT\" \/>\n<meta property=\"og:type\" content=\"article\" \/>\n<meta property=\"og:title\" content=\"Italienische Kom\u00f6die bei Alfa Romeo - Es lebe das Auto\" \/>\n<meta property=\"og:description\" content=\"Aus Milano wird Junior. Grunds\u00e4tzlich keine gro\u00dfe Aff\u00e4re, oder? \u00dcber die sicher nicht unbetr\u00e4chtlichen Kosten, die Alfa Romeo durch diese Namens\u00e4nderung zu tragen hat, redet aber keiner der umtriebigen Politiker.\" \/>\n<meta property=\"og:url\" content=\"https:\/\/www.eslebedasauto.at\/it\/alfa-benennt-milano-um\/\" \/>\n<meta property=\"og:site_name\" content=\"Es lebe das Auto\" \/>\n<meta property=\"article:publisher\" content=\"https:\/\/www.facebook.com\/eslebedasauto.at\" \/>\n<meta property=\"article:published_time\" content=\"2024-04-16T06:14:55+00:00\" \/>\n<meta property=\"article:modified_time\" content=\"2024-04-16T06:14:56+00:00\" \/>\n<meta property=\"og:image\" content=\"https:\/\/www.eslebedasauto.at\/wp-content\/uploads\/2024\/04\/ampnet_photo_20240412_235483-scaled.jpeg\" \/>\n\t<meta property=\"og:image:width\" content=\"2560\" \/>\n\t<meta property=\"og:image:height\" content=\"1604\" \/>\n\t<meta property=\"og:image:type\" content=\"image\/jpeg\" \/>\n<meta name=\"author\" content=\"gerhard\" \/>\n<meta name=\"twitter:card\" content=\"summary_large_image\" \/>\n<meta name=\"twitter:label1\" content=\"Scritto da\" \/>\n\t<meta name=\"twitter:data1\" content=\"gerhard\" \/>\n\t<meta name=\"twitter:label2\" content=\"Tempo di lettura stimato\" \/>\n\t<meta name=\"twitter:data2\" content=\"2 minuti\" \/>\n<script type=\"application\/ld+json\" class=\"yoast-schema-graph\">{\"@context\":\"https:\/\/schema.org\",\"@graph\":[{\"@type\":\"Article\",\"@id\":\"https:\/\/www.eslebedasauto.at\/alfa-benennt-milano-um\/#article\",\"isPartOf\":{\"@id\":\"https:\/\/www.eslebedasauto.at\/alfa-benennt-milano-um\/\"},\"author\":{\"name\":\"gerhard\",\"@id\":\"https:\/\/www.eslebedasauto.at\/#\/schema\/person\/fb81218b0bed500d225ff518f9f17033\"},\"headline\":\"Italienische Kom\u00f6die bei Alfa Romeo\",\"datePublished\":\"2024-04-16T06:14:55+00:00\",\"dateModified\":\"2024-04-16T06:14:56+00:00\",\"mainEntityOfPage\":{\"@id\":\"https:\/\/www.eslebedasauto.at\/alfa-benennt-milano-um\/\"},\"wordCount\":276,\"commentCount\":0,\"publisher\":{\"@id\":\"https:\/\/www.eslebedasauto.at\/#organization\"},\"image\":{\"@id\":\"https:\/\/www.eslebedasauto.at\/alfa-benennt-milano-um\/#primaryimage\"},\"thumbnailUrl\":\"https:\/\/www.eslebedasauto.at\/wp-content\/uploads\/2024\/04\/ampnet_photo_20240412_235483-scaled.jpeg\",\"articleSection\":[\"Shortmotornews\"],\"inLanguage\":\"it-IT\",\"potentialAction\":[{\"@type\":\"CommentAction\",\"name\":\"Comment\",\"target\":[\"https:\/\/www.eslebedasauto.at\/alfa-benennt-milano-um\/#respond\"]}]},{\"@type\":\"WebPage\",\"@id\":\"https:\/\/www.eslebedasauto.at\/alfa-benennt-milano-um\/\",\"url\":\"https:\/\/www.eslebedasauto.at\/alfa-benennt-milano-um\/\",\"name\":\"Italienische Kom\u00f6die bei Alfa Romeo - Es lebe das Auto\",\"isPartOf\":{\"@id\":\"https:\/\/www.eslebedasauto.at\/#website\"},\"primaryImageOfPage\":{\"@id\":\"https:\/\/www.eslebedasauto.at\/alfa-benennt-milano-um\/#primaryimage\"},\"image\":{\"@id\":\"https:\/\/www.eslebedasauto.at\/alfa-benennt-milano-um\/#primaryimage\"},\"thumbnailUrl\":\"https:\/\/www.eslebedasauto.at\/wp-content\/uploads\/2024\/04\/ampnet_photo_20240412_235483-scaled.jpeg\",\"datePublished\":\"2024-04-16T06:14:55+00:00\",\"dateModified\":\"2024-04-16T06:14:56+00:00\",\"description\":\"Aus Milano wird Junior. Grunds\u00e4tzlich keine gro\u00dfe Aff\u00e4re, oder? \u00dcber die sicher nicht unbetr\u00e4chtlichen Kosten, die Alfa Romeo durch diese Namens\u00e4nderung zu tragen hat, redet aber keiner der umtriebigen Politiker.\",\"breadcrumb\":{\"@id\":\"https:\/\/www.eslebedasauto.at\/alfa-benennt-milano-um\/#breadcrumb\"},\"inLanguage\":\"it-IT\",\"potentialAction\":[{\"@type\":\"ReadAction\",\"target\":[\"https:\/\/www.eslebedasauto.at\/alfa-benennt-milano-um\/\"]}]},{\"@type\":\"ImageObject\",\"inLanguage\":\"it-IT\",\"@id\":\"https:\/\/www.eslebedasauto.at\/alfa-benennt-milano-um\/#primaryimage\",\"url\":\"https:\/\/www.eslebedasauto.at\/wp-content\/uploads\/2024\/04\/ampnet_photo_20240412_235483-scaled.jpeg\",\"contentUrl\":\"https:\/\/www.eslebedasauto.at\/wp-content\/uploads\/2024\/04\/ampnet_photo_20240412_235483-scaled.jpeg\",\"width\":2560,\"height\":1604},{\"@type\":\"BreadcrumbList\",\"@id\":\"https:\/\/www.eslebedasauto.at\/alfa-benennt-milano-um\/#breadcrumb\",\"itemListElement\":[{\"@type\":\"ListItem\",\"position\":1,\"name\":\"Startseite\",\"item\":\"https:\/\/www.eslebedasauto.at\/\"},{\"@type\":\"ListItem\",\"position\":2,\"name\":\"Italienische Kom\u00f6die bei Alfa Romeo\"}]},{\"@type\":\"WebSite\",\"@id\":\"https:\/\/www.eslebedasauto.at\/#website\",\"url\":\"https:\/\/www.eslebedasauto.at\/\",\"name\":\"Es lebe das Auto\",\"description\":\"ein Hoch auf den Individualverkehr\",\"publisher\":{\"@id\":\"https:\/\/www.eslebedasauto.at\/#organization\"},\"potentialAction\":[{\"@type\":\"SearchAction\",\"target\":{\"@type\":\"EntryPoint\",\"urlTemplate\":\"https:\/\/www.eslebedasauto.at\/?s={search_term_string}\"},\"query-input\":{\"@type\":\"PropertyValueSpecification\",\"valueRequired\":true,\"valueName\":\"search_term_string\"}}],\"inLanguage\":\"it-IT\"},{\"@type\":\"Organization\",\"@id\":\"https:\/\/www.eslebedasauto.at\/#organization\",\"name\":\"eslebedasauto\",\"url\":\"https:\/\/www.eslebedasauto.at\/\",\"logo\":{\"@type\":\"ImageObject\",\"inLanguage\":\"it-IT\",\"@id\":\"https:\/\/www.eslebedasauto.at\/#\/schema\/logo\/image\/\",\"url\":\"https:\/\/www.eslebedasauto.at\/wp-content\/uploads\/2025\/10\/eldarund.png\",\"contentUrl\":\"https:\/\/www.eslebedasauto.at\/wp-content\/uploads\/2025\/10\/eldarund.png\",\"width\":1024,\"height\":1024,\"caption\":\"eslebedasauto\"},\"image\":{\"@id\":\"https:\/\/www.eslebedasauto.at\/#\/schema\/logo\/image\/\"},\"sameAs\":[\"https:\/\/www.facebook.com\/eslebedasauto.at\",\"https:\/\/www.instagram.com\/es_lebe_das_auto\/\"]},{\"@type\":\"Person\",\"@id\":\"https:\/\/www.eslebedasauto.at\/#\/schema\/person\/fb81218b0bed500d225ff518f9f17033\",\"name\":\"gerhard\",\"url\":\"https:\/\/www.eslebedasauto.at\/it\/author\/gerhard\/\"}]}<\/script>\n<!-- \/ Yoast SEO plugin. -->","yoast_head_json":{"title":"Italienische Kom\u00f6die bei Alfa Romeo - Es lebe das Auto","description":"Aus Milano wird Junior. Grunds\u00e4tzlich keine gro\u00dfe Aff\u00e4re, oder? \u00dcber die sicher nicht unbetr\u00e4chtlichen Kosten, die Alfa Romeo durch diese Namens\u00e4nderung zu tragen hat, redet aber keiner der umtriebigen Politiker.","robots":{"index":"index","follow":"follow","max-snippet":"max-snippet:-1","max-image-preview":"max-image-preview:large","max-video-preview":"max-video-preview:-1"},"canonical":"https:\/\/www.eslebedasauto.at\/it\/alfa-benennt-milano-um\/","og_locale":"it_IT","og_type":"article","og_title":"Italienische Kom\u00f6die bei Alfa Romeo - Es lebe das Auto","og_description":"Aus Milano wird Junior. Grunds\u00e4tzlich keine gro\u00dfe Aff\u00e4re, oder? \u00dcber die sicher nicht unbetr\u00e4chtlichen Kosten, die Alfa Romeo durch diese Namens\u00e4nderung zu tragen hat, redet aber keiner der umtriebigen Politiker.","og_url":"https:\/\/www.eslebedasauto.at\/it\/alfa-benennt-milano-um\/","og_site_name":"Es lebe das Auto","article_publisher":"https:\/\/www.facebook.com\/eslebedasauto.at","article_published_time":"2024-04-16T06:14:55+00:00","article_modified_time":"2024-04-16T06:14:56+00:00","og_image":[{"width":2560,"height":1604,"url":"https:\/\/www.eslebedasauto.at\/wp-content\/uploads\/2024\/04\/ampnet_photo_20240412_235483-scaled.jpeg","type":"image\/jpeg"}],"author":"gerhard","twitter_card":"summary_large_image","twitter_misc":{"Scritto da":"gerhard","Tempo di lettura stimato":"2 minuti"},"schema":{"@context":"https:\/\/schema.org","@graph":[{"@type":"Article","@id":"https:\/\/www.eslebedasauto.at\/alfa-benennt-milano-um\/#article","isPartOf":{"@id":"https:\/\/www.eslebedasauto.at\/alfa-benennt-milano-um\/"},"author":{"name":"gerhard","@id":"https:\/\/www.eslebedasauto.at\/#\/schema\/person\/fb81218b0bed500d225ff518f9f17033"},"headline":"Italienische Kom\u00f6die bei Alfa Romeo","datePublished":"2024-04-16T06:14:55+00:00","dateModified":"2024-04-16T06:14:56+00:00","mainEntityOfPage":{"@id":"https:\/\/www.eslebedasauto.at\/alfa-benennt-milano-um\/"},"wordCount":276,"commentCount":0,"publisher":{"@id":"https:\/\/www.eslebedasauto.at\/#organization"},"image":{"@id":"https:\/\/www.eslebedasauto.at\/alfa-benennt-milano-um\/#primaryimage"},"thumbnailUrl":"https:\/\/www.eslebedasauto.at\/wp-content\/uploads\/2024\/04\/ampnet_photo_20240412_235483-scaled.jpeg","articleSection":["Shortmotornews"],"inLanguage":"it-IT","potentialAction":[{"@type":"CommentAction","name":"Comment","target":["https:\/\/www.eslebedasauto.at\/alfa-benennt-milano-um\/#respond"]}]},{"@type":"WebPage","@id":"https:\/\/www.eslebedasauto.at\/alfa-benennt-milano-um\/","url":"https:\/\/www.eslebedasauto.at\/alfa-benennt-milano-um\/","name":"Italienische Kom\u00f6die bei Alfa Romeo - Es lebe das Auto","isPartOf":{"@id":"https:\/\/www.eslebedasauto.at\/#website"},"primaryImageOfPage":{"@id":"https:\/\/www.eslebedasauto.at\/alfa-benennt-milano-um\/#primaryimage"},"image":{"@id":"https:\/\/www.eslebedasauto.at\/alfa-benennt-milano-um\/#primaryimage"},"thumbnailUrl":"https:\/\/www.eslebedasauto.at\/wp-content\/uploads\/2024\/04\/ampnet_photo_20240412_235483-scaled.jpeg","datePublished":"2024-04-16T06:14:55+00:00","dateModified":"2024-04-16T06:14:56+00:00","description":"Aus Milano wird Junior. Grunds\u00e4tzlich keine gro\u00dfe Aff\u00e4re, oder? \u00dcber die sicher nicht unbetr\u00e4chtlichen Kosten, die Alfa Romeo durch diese Namens\u00e4nderung zu tragen hat, redet aber keiner der umtriebigen Politiker.","breadcrumb":{"@id":"https:\/\/www.eslebedasauto.at\/alfa-benennt-milano-um\/#breadcrumb"},"inLanguage":"it-IT","potentialAction":[{"@type":"ReadAction","target":["https:\/\/www.eslebedasauto.at\/alfa-benennt-milano-um\/"]}]},{"@type":"ImageObject","inLanguage":"it-IT","@id":"https:\/\/www.eslebedasauto.at\/alfa-benennt-milano-um\/#primaryimage","url":"https:\/\/www.eslebedasauto.at\/wp-content\/uploads\/2024\/04\/ampnet_photo_20240412_235483-scaled.jpeg","contentUrl":"https:\/\/www.eslebedasauto.at\/wp-content\/uploads\/2024\/04\/ampnet_photo_20240412_235483-scaled.jpeg","width":2560,"height":1604},{"@type":"BreadcrumbList","@id":"https:\/\/www.eslebedasauto.at\/alfa-benennt-milano-um\/#breadcrumb","itemListElement":[{"@type":"ListItem","position":1,"name":"Startseite","item":"https:\/\/www.eslebedasauto.at\/"},{"@type":"ListItem","position":2,"name":"Italienische Kom\u00f6die bei Alfa Romeo"}]},{"@type":"WebSite","@id":"https:\/\/www.eslebedasauto.at\/#website","url":"https:\/\/www.eslebedasauto.at\/","name":"Es lebe das Auto","description":"ein Hoch auf den Individualverkehr","publisher":{"@id":"https:\/\/www.eslebedasauto.at\/#organization"},"potentialAction":[{"@type":"SearchAction","target":{"@type":"EntryPoint","urlTemplate":"https:\/\/www.eslebedasauto.at\/?s={search_term_string}"},"query-input":{"@type":"PropertyValueSpecification","valueRequired":true,"valueName":"search_term_string"}}],"inLanguage":"it-IT"},{"@type":"Organization","@id":"https:\/\/www.eslebedasauto.at\/#organization","name":"eslebedasauto","url":"https:\/\/www.eslebedasauto.at\/","logo":{"@type":"ImageObject","inLanguage":"it-IT","@id":"https:\/\/www.eslebedasauto.at\/#\/schema\/logo\/image\/","url":"https:\/\/www.eslebedasauto.at\/wp-content\/uploads\/2025\/10\/eldarund.png","contentUrl":"https:\/\/www.eslebedasauto.at\/wp-content\/uploads\/2025\/10\/eldarund.png","width":1024,"height":1024,"caption":"eslebedasauto"},"image":{"@id":"https:\/\/www.eslebedasauto.at\/#\/schema\/logo\/image\/"},"sameAs":["https:\/\/www.facebook.com\/eslebedasauto.at","https:\/\/www.instagram.com\/es_lebe_das_auto\/"]},{"@type":"Person","@id":"https:\/\/www.eslebedasauto.at\/#\/schema\/person\/fb81218b0bed500d225ff518f9f17033","name":"gerhard","url":"https:\/\/www.eslebedasauto.at\/it\/author\/gerhard\/"}]}},"_links":{"self":[{"href":"https:\/\/www.eslebedasauto.at\/it\/wp-json\/wp\/v2\/posts\/95208","targetHints":{"allow":["GET"]}}],"collection":[{"href":"https:\/\/www.eslebedasauto.at\/it\/wp-json\/wp\/v2\/posts"}],"about":[{"href":"https:\/\/www.eslebedasauto.at\/it\/wp-json\/wp\/v2\/types\/post"}],"author":[{"embeddable":true,"href":"https:\/\/www.eslebedasauto.at\/it\/wp-json\/wp\/v2\/users\/2"}],"replies":[{"embeddable":true,"href":"https:\/\/www.eslebedasauto.at\/it\/wp-json\/wp\/v2\/comments?post=95208"}],"version-history":[{"count":2,"href":"https:\/\/www.eslebedasauto.at\/it\/wp-json\/wp\/v2\/posts\/95208\/revisions"}],"predecessor-version":[{"id":95213,"href":"https:\/\/www.eslebedasauto.at\/it\/wp-json\/wp\/v2\/posts\/95208\/revisions\/95213"}],"wp:featuredmedia":[{"embeddable":true,"href":"https:\/\/www.eslebedasauto.at\/it\/wp-json\/wp\/v2\/media\/95212"}],"wp:attachment":[{"href":"https:\/\/www.eslebedasauto.at\/it\/wp-json\/wp\/v2\/media?parent=95208"}],"wp:term":[{"taxonomy":"category","embeddable":true,"href":"https:\/\/www.eslebedasauto.at\/it\/wp-json\/wp\/v2\/categories?post=95208"},{"taxonomy":"post_tag","embeddable":true,"href":"https:\/\/www.eslebedasauto.at\/it\/wp-json\/wp\/v2\/tags?post=95208"}],"curies":[{"name":"wp","href":"https:\/\/api.w.org\/{rel}","templated":true}]}}