{"id":94891,"date":"2024-03-27T11:07:26","date_gmt":"2024-03-27T10:07:26","guid":{"rendered":"https:\/\/www.eslebedasauto.at\/?p=94891"},"modified":"2024-03-27T11:09:32","modified_gmt":"2024-03-27T10:09:32","slug":"abarth-695-competizione-test","status":"publish","type":"post","link":"https:\/\/www.eslebedasauto.at\/it\/abarth-695-competizione-test\/","title":{"rendered":"Abarth 695 &#8211; Luigi eskaliert"},"content":{"rendered":"<h2 id=\"hart-laut-schnell-und-oft-auch-ein-wenig-hoppelig-der-abarth-695-competizione-im-fahrbericht\" class=\"wp-block-heading\">Hart, laut, schnell und oft auch ein wenig hoppelig. Der Abarth 695 Competizione im Fahrbericht.<\/h2>\n\n\n\n<figure class=\"wp-block-image size-large\"><img fetchpriority=\"high\" decoding=\"async\" width=\"1024\" height=\"768\" src=\"https:\/\/www.eslebedasauto.at\/wp-content\/uploads\/2024\/03\/IMG_6612-1024x768.jpeg\" alt=\"\" class=\"wp-image-94763\" srcset=\"https:\/\/www.eslebedasauto.at\/wp-content\/uploads\/2024\/03\/IMG_6612-1024x768.jpeg 1024w, https:\/\/www.eslebedasauto.at\/wp-content\/uploads\/2024\/03\/IMG_6612-300x225.jpeg 300w, https:\/\/www.eslebedasauto.at\/wp-content\/uploads\/2024\/03\/IMG_6612-768x576.jpeg 768w, https:\/\/www.eslebedasauto.at\/wp-content\/uploads\/2024\/03\/IMG_6612-1536x1152.jpeg 1536w, https:\/\/www.eslebedasauto.at\/wp-content\/uploads\/2024\/03\/IMG_6612-800x600.jpeg 800w, https:\/\/www.eslebedasauto.at\/wp-content\/uploads\/2024\/03\/IMG_6612-1160x870.jpeg 1160w, https:\/\/www.eslebedasauto.at\/wp-content\/uploads\/2024\/03\/IMG_6612.jpeg 2048w\" sizes=\"(max-width: 1024px) 100vw, 1024px\" \/><\/figure>\n\n\n\n<p><strong>Unser Abarth 695 Testwagen sieht eigentlich relativ harmlos aus.<\/strong> Saftig in Racing Orange lackiert, dunkle 17-Zoll \u201eSupersport\u201c-Felgen, dahinter leuchten gelbe Brembo Bremss\u00e4ttel hervor. Ein paar Logos haben sie rundum auch noch drauf geklebt und damit man den 695er auch von hinten erkennt, gibt\u00b4s am Heck zwei verchromte Doppelausp\u00fcffchen links und rechts \u2013 sie geh\u00f6ren zur <strong>Record Monza Sovrapposto Auspuffanlage<\/strong> der Competizione-Version.<\/p>\n\n\n\n<figure class=\"wp-block-gallery has-nested-images columns-default is-cropped wp-block-gallery-1 is-layout-flex wp-block-gallery-is-layout-flex\">\n<figure class=\"wp-block-image size-large\"><img decoding=\"async\" width=\"1024\" height=\"768\" data-id=\"94762\" src=\"https:\/\/www.eslebedasauto.at\/wp-content\/uploads\/2024\/03\/IMG_6611-1024x768.jpeg\" alt=\"\" class=\"wp-image-94762\" srcset=\"https:\/\/www.eslebedasauto.at\/wp-content\/uploads\/2024\/03\/IMG_6611-1024x768.jpeg 1024w, https:\/\/www.eslebedasauto.at\/wp-content\/uploads\/2024\/03\/IMG_6611-300x225.jpeg 300w, https:\/\/www.eslebedasauto.at\/wp-content\/uploads\/2024\/03\/IMG_6611-768x576.jpeg 768w, https:\/\/www.eslebedasauto.at\/wp-content\/uploads\/2024\/03\/IMG_6611-1536x1152.jpeg 1536w, https:\/\/www.eslebedasauto.at\/wp-content\/uploads\/2024\/03\/IMG_6611-800x600.jpeg 800w, https:\/\/www.eslebedasauto.at\/wp-content\/uploads\/2024\/03\/IMG_6611-1160x870.jpeg 1160w, https:\/\/www.eslebedasauto.at\/wp-content\/uploads\/2024\/03\/IMG_6611.jpeg 2048w\" sizes=\"(max-width: 1024px) 100vw, 1024px\" \/><\/figure>\n\n\n\n<figure class=\"wp-block-image size-large\"><img decoding=\"async\" width=\"1024\" height=\"768\" data-id=\"94757\" src=\"https:\/\/www.eslebedasauto.at\/wp-content\/uploads\/2024\/03\/IMG_6603-1024x768.jpeg\" alt=\"\" class=\"wp-image-94757\" srcset=\"https:\/\/www.eslebedasauto.at\/wp-content\/uploads\/2024\/03\/IMG_6603-1024x768.jpeg 1024w, https:\/\/www.eslebedasauto.at\/wp-content\/uploads\/2024\/03\/IMG_6603-300x225.jpeg 300w, https:\/\/www.eslebedasauto.at\/wp-content\/uploads\/2024\/03\/IMG_6603-768x576.jpeg 768w, https:\/\/www.eslebedasauto.at\/wp-content\/uploads\/2024\/03\/IMG_6603-1536x1152.jpeg 1536w, https:\/\/www.eslebedasauto.at\/wp-content\/uploads\/2024\/03\/IMG_6603-800x600.jpeg 800w, https:\/\/www.eslebedasauto.at\/wp-content\/uploads\/2024\/03\/IMG_6603-1160x870.jpeg 1160w, https:\/\/www.eslebedasauto.at\/wp-content\/uploads\/2024\/03\/IMG_6603.jpeg 2048w\" sizes=\"(max-width: 1024px) 100vw, 1024px\" \/><\/figure>\n<\/figure>\n\n\n\n<figure class=\"wp-block-gallery has-nested-images columns-default is-cropped wp-block-gallery-2 is-layout-flex wp-block-gallery-is-layout-flex\">\n<figure class=\"wp-block-image size-large\"><img loading=\"lazy\" decoding=\"async\" width=\"1024\" height=\"768\" data-id=\"94764\" src=\"https:\/\/www.eslebedasauto.at\/wp-content\/uploads\/2024\/03\/IMG_6613-1024x768.jpeg\" alt=\"\" class=\"wp-image-94764\" srcset=\"https:\/\/www.eslebedasauto.at\/wp-content\/uploads\/2024\/03\/IMG_6613-1024x768.jpeg 1024w, https:\/\/www.eslebedasauto.at\/wp-content\/uploads\/2024\/03\/IMG_6613-300x225.jpeg 300w, https:\/\/www.eslebedasauto.at\/wp-content\/uploads\/2024\/03\/IMG_6613-768x576.jpeg 768w, https:\/\/www.eslebedasauto.at\/wp-content\/uploads\/2024\/03\/IMG_6613-1536x1152.jpeg 1536w, https:\/\/www.eslebedasauto.at\/wp-content\/uploads\/2024\/03\/IMG_6613-800x600.jpeg 800w, https:\/\/www.eslebedasauto.at\/wp-content\/uploads\/2024\/03\/IMG_6613-1160x870.jpeg 1160w, https:\/\/www.eslebedasauto.at\/wp-content\/uploads\/2024\/03\/IMG_6613.jpeg 2048w\" sizes=\"(max-width: 1024px) 100vw, 1024px\" \/><\/figure>\n\n\n\n<figure class=\"wp-block-image size-large\"><img loading=\"lazy\" decoding=\"async\" width=\"1024\" height=\"768\" data-id=\"94756\" src=\"https:\/\/www.eslebedasauto.at\/wp-content\/uploads\/2024\/03\/IMG_6602-1024x768.jpeg\" alt=\"\" class=\"wp-image-94756\" srcset=\"https:\/\/www.eslebedasauto.at\/wp-content\/uploads\/2024\/03\/IMG_6602-1024x768.jpeg 1024w, https:\/\/www.eslebedasauto.at\/wp-content\/uploads\/2024\/03\/IMG_6602-300x225.jpeg 300w, https:\/\/www.eslebedasauto.at\/wp-content\/uploads\/2024\/03\/IMG_6602-768x576.jpeg 768w, https:\/\/www.eslebedasauto.at\/wp-content\/uploads\/2024\/03\/IMG_6602-1536x1152.jpeg 1536w, https:\/\/www.eslebedasauto.at\/wp-content\/uploads\/2024\/03\/IMG_6602-800x600.jpeg 800w, https:\/\/www.eslebedasauto.at\/wp-content\/uploads\/2024\/03\/IMG_6602-1160x870.jpeg 1160w, https:\/\/www.eslebedasauto.at\/wp-content\/uploads\/2024\/03\/IMG_6602.jpeg 2048w\" sizes=\"(max-width: 1024px) 100vw, 1024px\" \/><\/figure>\n<\/figure>\n\n\n\n<p><strong>Innen dann deftige Sabelt Racing-Schalen<\/strong> (Teil des Competizione Kits um EUR 2,400,-), Alcantara am Armaturenbrett und Lenkrad locker verteilt, sowie ein aus dem Dashboard-Ausleger ragender kugelrunder Alu-Schaltknauf. Hinterm Lenkrad bunte Digitalanzeigen, eine analoge Ladedruckanzeige und ein unscheinbarer Knopf mit Skorpion-Logo. Den Rest kennen wir aus den verbrennenden Normalo-Cinques.<\/p>\n\n\n\n<figure class=\"wp-block-image size-large\"><img loading=\"lazy\" decoding=\"async\" width=\"1024\" height=\"768\" src=\"https:\/\/www.eslebedasauto.at\/wp-content\/uploads\/2024\/03\/IMG_6605-1024x768.jpeg\" alt=\"\" class=\"wp-image-94758\" srcset=\"https:\/\/www.eslebedasauto.at\/wp-content\/uploads\/2024\/03\/IMG_6605-1024x768.jpeg 1024w, https:\/\/www.eslebedasauto.at\/wp-content\/uploads\/2024\/03\/IMG_6605-300x225.jpeg 300w, https:\/\/www.eslebedasauto.at\/wp-content\/uploads\/2024\/03\/IMG_6605-768x576.jpeg 768w, https:\/\/www.eslebedasauto.at\/wp-content\/uploads\/2024\/03\/IMG_6605-1536x1152.jpeg 1536w, https:\/\/www.eslebedasauto.at\/wp-content\/uploads\/2024\/03\/IMG_6605-800x600.jpeg 800w, https:\/\/www.eslebedasauto.at\/wp-content\/uploads\/2024\/03\/IMG_6605-1160x870.jpeg 1160w, https:\/\/www.eslebedasauto.at\/wp-content\/uploads\/2024\/03\/IMG_6605.jpeg 2048w\" sizes=\"(max-width: 1024px) 100vw, 1024px\" \/><\/figure>\n\n\n\n<figure class=\"wp-block-gallery has-nested-images columns-default is-cropped wp-block-gallery-3 is-layout-flex wp-block-gallery-is-layout-flex\">\n<figure class=\"wp-block-image size-large\"><img loading=\"lazy\" decoding=\"async\" width=\"1024\" height=\"768\" data-id=\"94897\" src=\"https:\/\/www.eslebedasauto.at\/wp-content\/uploads\/2024\/03\/IMG_6622-1024x768.jpeg\" alt=\"\" class=\"wp-image-94897\" srcset=\"https:\/\/www.eslebedasauto.at\/wp-content\/uploads\/2024\/03\/IMG_6622-1024x768.jpeg 1024w, https:\/\/www.eslebedasauto.at\/wp-content\/uploads\/2024\/03\/IMG_6622-300x225.jpeg 300w, https:\/\/www.eslebedasauto.at\/wp-content\/uploads\/2024\/03\/IMG_6622-768x576.jpeg 768w, https:\/\/www.eslebedasauto.at\/wp-content\/uploads\/2024\/03\/IMG_6622-1536x1152.jpeg 1536w, https:\/\/www.eslebedasauto.at\/wp-content\/uploads\/2024\/03\/IMG_6622-800x600.jpeg 800w, https:\/\/www.eslebedasauto.at\/wp-content\/uploads\/2024\/03\/IMG_6622-1160x870.jpeg 1160w, https:\/\/www.eslebedasauto.at\/wp-content\/uploads\/2024\/03\/IMG_6622.jpeg 2048w\" sizes=\"(max-width: 1024px) 100vw, 1024px\" \/><\/figure>\n\n\n\n<figure class=\"wp-block-image size-large\"><img loading=\"lazy\" decoding=\"async\" width=\"1024\" height=\"768\" data-id=\"94896\" src=\"https:\/\/www.eslebedasauto.at\/wp-content\/uploads\/2024\/03\/IMG_6621-1024x768.jpeg\" alt=\"\" class=\"wp-image-94896\" srcset=\"https:\/\/www.eslebedasauto.at\/wp-content\/uploads\/2024\/03\/IMG_6621-1024x768.jpeg 1024w, https:\/\/www.eslebedasauto.at\/wp-content\/uploads\/2024\/03\/IMG_6621-300x225.jpeg 300w, https:\/\/www.eslebedasauto.at\/wp-content\/uploads\/2024\/03\/IMG_6621-768x576.jpeg 768w, https:\/\/www.eslebedasauto.at\/wp-content\/uploads\/2024\/03\/IMG_6621-1536x1152.jpeg 1536w, https:\/\/www.eslebedasauto.at\/wp-content\/uploads\/2024\/03\/IMG_6621-800x600.jpeg 800w, https:\/\/www.eslebedasauto.at\/wp-content\/uploads\/2024\/03\/IMG_6621-1160x870.jpeg 1160w, https:\/\/www.eslebedasauto.at\/wp-content\/uploads\/2024\/03\/IMG_6621.jpeg 2048w\" sizes=\"(max-width: 1024px) 100vw, 1024px\" \/><\/figure>\n<\/figure>\n\n\n\n<p>Steigen wir ein. <strong>Die Schalensitze verzeihen kein Gramm zu viel auf den Rippen, sie sitzen eng und geizen auch ein wenig mit Komfort<\/strong> \u2013 klar, sie kommen auch aus dem Rennsport. Leider l\u00e4sst sich das Lenkrad nicht horizontal verstellen \u2013 sofern man nicht den italienischem Normma\u00df f\u00fcr Sportfahrer entspricht, sitzt man nicht hundertprozentig perfekt im Auto integriert \u2013 f\u00fcr ein Sportauto einen Hauch zu hoch, das liegt auch an den Sitzen, die sich nicht in der H\u00f6he verstellen lassen. Gew\u00f6hnungssache.<\/p>\n\n\n\n<figure class=\"wp-block-image size-large\"><img loading=\"lazy\" decoding=\"async\" width=\"1024\" height=\"768\" src=\"https:\/\/www.eslebedasauto.at\/wp-content\/uploads\/2024\/03\/IMG_6619-1024x768.jpeg\" alt=\"\" class=\"wp-image-94894\" srcset=\"https:\/\/www.eslebedasauto.at\/wp-content\/uploads\/2024\/03\/IMG_6619-1024x768.jpeg 1024w, https:\/\/www.eslebedasauto.at\/wp-content\/uploads\/2024\/03\/IMG_6619-300x225.jpeg 300w, https:\/\/www.eslebedasauto.at\/wp-content\/uploads\/2024\/03\/IMG_6619-768x576.jpeg 768w, https:\/\/www.eslebedasauto.at\/wp-content\/uploads\/2024\/03\/IMG_6619-1536x1152.jpeg 1536w, https:\/\/www.eslebedasauto.at\/wp-content\/uploads\/2024\/03\/IMG_6619-800x600.jpeg 800w, https:\/\/www.eslebedasauto.at\/wp-content\/uploads\/2024\/03\/IMG_6619-1160x870.jpeg 1160w, https:\/\/www.eslebedasauto.at\/wp-content\/uploads\/2024\/03\/IMG_6619.jpeg 2048w\" sizes=\"(max-width: 1024px) 100vw, 1024px\" \/><\/figure>\n\n\n\n<p>Daf\u00fcr liegt das griffige Lenkrad perfekt in der Hand \u2013 diese f\u00e4llt wie von selbst auf den erh\u00f6ht angeordneten Schalthebel. <strong>Gestartet wird per Schl\u00fcsseldreh<\/strong> \u2013 hier erkennt man, dass das System 695 nicht das allerneueste ist. Der kleine 180 PS starke 1400er-Turbo hustet rau auf und f\u00e4llt relativ schnell in einen sauberen Leerlauf. Die Erste rastet pr\u00e4zise ein und der kleine Abarth nimmt rasch Fahrt auf. Noch ist der Motor kalt, will warmgefahren werden. Ist dies geschehen, darf gedreht werden. Sp\u00e4testens jetzt sollte man den Skorpion-Knopf dr\u00fccken.<\/p>\n\n\n\n<figure class=\"wp-block-image size-large\"><img loading=\"lazy\" decoding=\"async\" width=\"1024\" height=\"768\" src=\"https:\/\/www.eslebedasauto.at\/wp-content\/uploads\/2024\/03\/IMG_6620-1024x768.jpeg\" alt=\"\" class=\"wp-image-94895\" srcset=\"https:\/\/www.eslebedasauto.at\/wp-content\/uploads\/2024\/03\/IMG_6620-1024x768.jpeg 1024w, https:\/\/www.eslebedasauto.at\/wp-content\/uploads\/2024\/03\/IMG_6620-300x225.jpeg 300w, https:\/\/www.eslebedasauto.at\/wp-content\/uploads\/2024\/03\/IMG_6620-768x576.jpeg 768w, https:\/\/www.eslebedasauto.at\/wp-content\/uploads\/2024\/03\/IMG_6620-1536x1152.jpeg 1536w, https:\/\/www.eslebedasauto.at\/wp-content\/uploads\/2024\/03\/IMG_6620-800x600.jpeg 800w, https:\/\/www.eslebedasauto.at\/wp-content\/uploads\/2024\/03\/IMG_6620-1160x870.jpeg 1160w, https:\/\/www.eslebedasauto.at\/wp-content\/uploads\/2024\/03\/IMG_6620.jpeg 2048w\" sizes=\"(max-width: 1024px) 100vw, 1024px\" \/><\/figure>\n\n\n\n<p><strong>Ist der Sportmodus aktiviert, giert der\u00a0695 Abarth\u00a0nicht nur nach Drehzahlen, er wird auch so richtig laut<\/strong>. Und das sogar schon am Stand oder bei langsamer Fahrt. Da entstr\u00f6mt den netten Auspuffr\u00f6hrchen am Heck richtig dreckiger Sound, der dann im Verbund mit ger\u00e4uschvollem Pfeifen des Garret-Laders f\u00fcr Aufsehen sorgt. Im mittleren Drehzahlbereich legt sich der Sturm dann ein wenig, um ab 4000 Touren wieder aufzubrausen. Beim Thema Sound haben die Italiener wie immer ganze Arbeit geleistet. Das ist Emotion pur. Und diese wird dann auch fahrdynamisch sp\u00fcrbar.<\/p>\n\n\n\n<figure class=\"wp-block-image size-large\"><img loading=\"lazy\" decoding=\"async\" width=\"1024\" height=\"768\" src=\"https:\/\/www.eslebedasauto.at\/wp-content\/uploads\/2024\/03\/IMG_6614-1024x768.jpeg\" alt=\"\" class=\"wp-image-94892\" srcset=\"https:\/\/www.eslebedasauto.at\/wp-content\/uploads\/2024\/03\/IMG_6614-1024x768.jpeg 1024w, https:\/\/www.eslebedasauto.at\/wp-content\/uploads\/2024\/03\/IMG_6614-300x225.jpeg 300w, https:\/\/www.eslebedasauto.at\/wp-content\/uploads\/2024\/03\/IMG_6614-768x576.jpeg 768w, https:\/\/www.eslebedasauto.at\/wp-content\/uploads\/2024\/03\/IMG_6614-1536x1152.jpeg 1536w, https:\/\/www.eslebedasauto.at\/wp-content\/uploads\/2024\/03\/IMG_6614-800x600.jpeg 800w, https:\/\/www.eslebedasauto.at\/wp-content\/uploads\/2024\/03\/IMG_6614-1160x870.jpeg 1160w, https:\/\/www.eslebedasauto.at\/wp-content\/uploads\/2024\/03\/IMG_6614.jpeg 2048w\" sizes=\"(max-width: 1024px) 100vw, 1024px\" \/><\/figure>\n\n\n\n<p>Der Abarth 695 f\u00e4hrt sich genauso wie man es erwartet. <strong>Trocken und pr\u00e4zise l\u00e4sst sich der Kleine um die Ecke treiben.<\/strong> Die Lenkung spielt hier ebenso perfekt mit, wie die bissige Brembo-Bremse, das fein schaltbare Getriebe und das perfekt abgestimmte und eigentlich gar nicht so harte Fahrwerk. Nat\u00fcrlich sollte die Stra\u00dfe frei von Verwerfungen oder Sch\u00e4den sein, sonst neigt der 695 ein wenig zum Hoppeln. Man kommt schnell in einen s\u00fcchtig machenden Flow, wenn man kurvige Strecken abarbeitet. Das kleine Auto macht einfach einen Heidenspa\u00df \u2013 da muss man gar nicht brachial schnell damit unterwegs sein.<\/p>\n\n\n\n<figure class=\"wp-block-image size-large\"><img loading=\"lazy\" decoding=\"async\" width=\"1024\" height=\"768\" src=\"https:\/\/www.eslebedasauto.at\/wp-content\/uploads\/2024\/03\/IMG_6627-1024x768.jpeg\" alt=\"\" class=\"wp-image-94900\" srcset=\"https:\/\/www.eslebedasauto.at\/wp-content\/uploads\/2024\/03\/IMG_6627-1024x768.jpeg 1024w, https:\/\/www.eslebedasauto.at\/wp-content\/uploads\/2024\/03\/IMG_6627-300x225.jpeg 300w, https:\/\/www.eslebedasauto.at\/wp-content\/uploads\/2024\/03\/IMG_6627-768x576.jpeg 768w, https:\/\/www.eslebedasauto.at\/wp-content\/uploads\/2024\/03\/IMG_6627-1536x1152.jpeg 1536w, https:\/\/www.eslebedasauto.at\/wp-content\/uploads\/2024\/03\/IMG_6627-800x600.jpeg 800w, https:\/\/www.eslebedasauto.at\/wp-content\/uploads\/2024\/03\/IMG_6627-1160x870.jpeg 1160w, https:\/\/www.eslebedasauto.at\/wp-content\/uploads\/2024\/03\/IMG_6627.jpeg 2048w\" sizes=\"(max-width: 1024px) 100vw, 1024px\" \/><\/figure>\n\n\n\n<p>Was auch nicht unwichtig ist: <strong>Auch im Alltag schl\u00e4gt sich der\u00a0Abarth\u00a0695 mit seiner umklappbaren zweigeteilten R\u00fccksitzbank recht solide. <\/strong>Wer ihn leise und sparsam will, l\u00e4sst einfach die Finger vom Knopf mit dem Skorpion. Dann gibt sich der kleine Italiener kultiviert, schiebt aber trotzdem gut an.<\/p>\n\n\n\n<figure class=\"wp-block-image size-large\"><img loading=\"lazy\" decoding=\"async\" width=\"1024\" height=\"768\" src=\"https:\/\/www.eslebedasauto.at\/wp-content\/uploads\/2024\/03\/IMG_6625-1024x768.jpeg\" alt=\"\" class=\"wp-image-94899\" srcset=\"https:\/\/www.eslebedasauto.at\/wp-content\/uploads\/2024\/03\/IMG_6625-1024x768.jpeg 1024w, https:\/\/www.eslebedasauto.at\/wp-content\/uploads\/2024\/03\/IMG_6625-300x225.jpeg 300w, https:\/\/www.eslebedasauto.at\/wp-content\/uploads\/2024\/03\/IMG_6625-768x576.jpeg 768w, https:\/\/www.eslebedasauto.at\/wp-content\/uploads\/2024\/03\/IMG_6625-1536x1152.jpeg 1536w, https:\/\/www.eslebedasauto.at\/wp-content\/uploads\/2024\/03\/IMG_6625-800x600.jpeg 800w, https:\/\/www.eslebedasauto.at\/wp-content\/uploads\/2024\/03\/IMG_6625-1160x870.jpeg 1160w, https:\/\/www.eslebedasauto.at\/wp-content\/uploads\/2024\/03\/IMG_6625.jpeg 2048w\" sizes=\"(max-width: 1024px) 100vw, 1024px\" \/><\/figure>\n\n\n\n<p><strong>Unterm Strich<\/strong><br>Es ist zu bef\u00fcrchten \u2013 oder besser es ist so gut wie sicher, dass es sich beim verbrennenden Abarth 695 um ein aussterbendes Tier handelt. Sein elektrifizierter Nachfolger, der <a href=\"https:\/\/www.eslebedasauto.at\/it\/abarth-500e-cabrio-test\/\">Abarth 500e<\/a> wohnt ja auch schon im selben Stall. Auch er ist ein lustiger Kerl, wenngleich deutlich schwerer und charakterlich komplett anders. Wer den \u201eechten\u201c Luigi als kernigen 695er m\u00f6chte, sollte schnell zuschlagen, sonst k\u00f6nnte es zu sp\u00e4t sein. Ab EUR 33.130 beim freundlichen Abarth-H\u00e4ndler.<\/p>\n\n\n\n<figure class=\"wp-block-image size-large\"><img loading=\"lazy\" decoding=\"async\" width=\"1024\" height=\"768\" src=\"https:\/\/www.eslebedasauto.at\/wp-content\/uploads\/2024\/03\/IMG_6614-1024x768.jpeg\" alt=\"\" class=\"wp-image-94892\" srcset=\"https:\/\/www.eslebedasauto.at\/wp-content\/uploads\/2024\/03\/IMG_6614-1024x768.jpeg 1024w, https:\/\/www.eslebedasauto.at\/wp-content\/uploads\/2024\/03\/IMG_6614-300x225.jpeg 300w, https:\/\/www.eslebedasauto.at\/wp-content\/uploads\/2024\/03\/IMG_6614-768x576.jpeg 768w, https:\/\/www.eslebedasauto.at\/wp-content\/uploads\/2024\/03\/IMG_6614-1536x1152.jpeg 1536w, https:\/\/www.eslebedasauto.at\/wp-content\/uploads\/2024\/03\/IMG_6614-800x600.jpeg 800w, https:\/\/www.eslebedasauto.at\/wp-content\/uploads\/2024\/03\/IMG_6614-1160x870.jpeg 1160w, https:\/\/www.eslebedasauto.at\/wp-content\/uploads\/2024\/03\/IMG_6614.jpeg 2048w\" sizes=\"(max-width: 1024px) 100vw, 1024px\" \/><\/figure>\n\n\n\n<h4 id=\"daten-fakten-abarth-695-competizione\" class=\"wp-block-heading\">Daten Fakten Abarth 695 Competizione<\/h4>\n\n\n\n<p>Motor: Vierzylinder-Turbobenziner<br>Hubraum: 1368 ccm<br>Leistung: 180 PS<br>Drehmoment: 250 Nm bei 3000 U\/min<br>0-100 km\/h: 6,7 Sekunden<br>H\u00f6chstgeschwindigkeit: 227 km\/h<br>Testverbrauch: ca. 9 Liter<br>Grundpreis Abarth 695: 33.130 Euro<br>Testwagenpreis Abarth 695 Competizione: 37.068 Euro<\/p>","protected":false},"excerpt":{"rendered":"<p>Sabelt Racing-Schalensitze, Record Monza Sovrapposto Auspuff, Brembo-Bremsanlage, Garret-Turbolader \u2013 die Ausstattung des Abarth 695 Competizione liest sich wie das \u201eWho-is-who\u201c des Motorsports.<\/p>","protected":false},"author":2,"featured_media":94759,"comment_status":"open","ping_status":"open","sticky":false,"template":"","format":"standard","meta":{"neve_meta_sidebar":"","neve_meta_container":"","neve_meta_enable_content_width":"","neve_meta_content_width":0,"neve_meta_title_alignment":"","neve_meta_author_avatar":"","neve_post_elements_order":"","neve_meta_disable_header":"","neve_meta_disable_footer":"","neve_meta_disable_title":"","neve_meta_reading_time":"","footnotes":""},"categories":[14,335,598],"tags":[],"class_list":["post-94891","post","type-post","status-publish","format-standard","has-post-thumbnail","hentry","category-benzin","category-fahrberichte","category-shortmotornews"],"yoast_head":"<!-- This site is optimized with the Yoast SEO plugin v26.8 - https:\/\/yoast.com\/product\/yoast-seo-wordpress\/ -->\n<title>Abarth 695 - Luigi eskaliert - Es lebe das Auto<\/title>\n<meta name=\"description\" content=\"Sabelt Racing-Schalensitze, Record Monza Sovrapposto Auspuff, Brembo-Bremsanlage, Garret-Turbolader \u2013 die Ausstattung des Abarth 695 Competizione liest sich wie das \u201eWho-is-who\u201c des Motorsports.\" \/>\n<meta name=\"robots\" content=\"index, follow, max-snippet:-1, max-image-preview:large, max-video-preview:-1\" \/>\n<link rel=\"canonical\" href=\"https:\/\/www.eslebedasauto.at\/it\/abarth-695-competizione-test\/\" \/>\n<meta property=\"og:locale\" content=\"it_IT\" \/>\n<meta property=\"og:type\" content=\"article\" \/>\n<meta property=\"og:title\" content=\"Abarth 695 - Luigi eskaliert - Es lebe das Auto\" \/>\n<meta property=\"og:description\" content=\"Sabelt Racing-Schalensitze, Record Monza Sovrapposto Auspuff, Brembo-Bremsanlage, Garret-Turbolader \u2013 die Ausstattung des Abarth 695 Competizione liest sich wie das \u201eWho-is-who\u201c des Motorsports.\" \/>\n<meta property=\"og:url\" content=\"https:\/\/www.eslebedasauto.at\/it\/abarth-695-competizione-test\/\" \/>\n<meta property=\"og:site_name\" content=\"Es lebe das Auto\" \/>\n<meta property=\"article:publisher\" content=\"https:\/\/www.facebook.com\/eslebedasauto.at\" \/>\n<meta property=\"article:published_time\" content=\"2024-03-27T10:07:26+00:00\" \/>\n<meta property=\"article:modified_time\" content=\"2024-03-27T10:09:32+00:00\" \/>\n<meta property=\"og:image\" content=\"https:\/\/www.eslebedasauto.at\/wp-content\/uploads\/2024\/03\/IMG_6606.jpeg\" \/>\n\t<meta property=\"og:image:width\" content=\"2048\" \/>\n\t<meta property=\"og:image:height\" content=\"1536\" \/>\n\t<meta property=\"og:image:type\" content=\"image\/jpeg\" \/>\n<meta name=\"author\" content=\"gerhard\" \/>\n<meta name=\"twitter:card\" content=\"summary_large_image\" \/>\n<meta name=\"twitter:label1\" content=\"Scritto da\" \/>\n\t<meta name=\"twitter:data1\" content=\"gerhard\" \/>\n\t<meta name=\"twitter:label2\" content=\"Tempo di lettura stimato\" \/>\n\t<meta name=\"twitter:data2\" content=\"7 minuti\" \/>\n<script type=\"application\/ld+json\" class=\"yoast-schema-graph\">{\"@context\":\"https:\/\/schema.org\",\"@graph\":[{\"@type\":\"Article\",\"@id\":\"https:\/\/www.eslebedasauto.at\/abarth-695-competizione-test\/#article\",\"isPartOf\":{\"@id\":\"https:\/\/www.eslebedasauto.at\/abarth-695-competizione-test\/\"},\"author\":{\"name\":\"gerhard\",\"@id\":\"https:\/\/www.eslebedasauto.at\/#\/schema\/person\/fb81218b0bed500d225ff518f9f17033\"},\"headline\":\"Abarth 695 &#8211; Luigi eskaliert\",\"datePublished\":\"2024-03-27T10:07:26+00:00\",\"dateModified\":\"2024-03-27T10:09:32+00:00\",\"mainEntityOfPage\":{\"@id\":\"https:\/\/www.eslebedasauto.at\/abarth-695-competizione-test\/\"},\"wordCount\":647,\"commentCount\":0,\"publisher\":{\"@id\":\"https:\/\/www.eslebedasauto.at\/#organization\"},\"image\":{\"@id\":\"https:\/\/www.eslebedasauto.at\/abarth-695-competizione-test\/#primaryimage\"},\"thumbnailUrl\":\"https:\/\/www.eslebedasauto.at\/wp-content\/uploads\/2024\/03\/IMG_6606.jpeg\",\"articleSection\":[\"Benzin\",\"Fahrberichte\",\"Shortmotornews\"],\"inLanguage\":\"it-IT\",\"potentialAction\":[{\"@type\":\"CommentAction\",\"name\":\"Comment\",\"target\":[\"https:\/\/www.eslebedasauto.at\/abarth-695-competizione-test\/#respond\"]}]},{\"@type\":\"WebPage\",\"@id\":\"https:\/\/www.eslebedasauto.at\/abarth-695-competizione-test\/\",\"url\":\"https:\/\/www.eslebedasauto.at\/abarth-695-competizione-test\/\",\"name\":\"Abarth 695 - Luigi eskaliert - Es lebe das Auto\",\"isPartOf\":{\"@id\":\"https:\/\/www.eslebedasauto.at\/#website\"},\"primaryImageOfPage\":{\"@id\":\"https:\/\/www.eslebedasauto.at\/abarth-695-competizione-test\/#primaryimage\"},\"image\":{\"@id\":\"https:\/\/www.eslebedasauto.at\/abarth-695-competizione-test\/#primaryimage\"},\"thumbnailUrl\":\"https:\/\/www.eslebedasauto.at\/wp-content\/uploads\/2024\/03\/IMG_6606.jpeg\",\"datePublished\":\"2024-03-27T10:07:26+00:00\",\"dateModified\":\"2024-03-27T10:09:32+00:00\",\"description\":\"Sabelt Racing-Schalensitze, Record Monza Sovrapposto Auspuff, Brembo-Bremsanlage, Garret-Turbolader \u2013 die Ausstattung des Abarth 695 Competizione liest sich wie das \u201eWho-is-who\u201c des Motorsports.\",\"breadcrumb\":{\"@id\":\"https:\/\/www.eslebedasauto.at\/abarth-695-competizione-test\/#breadcrumb\"},\"inLanguage\":\"it-IT\",\"potentialAction\":[{\"@type\":\"ReadAction\",\"target\":[\"https:\/\/www.eslebedasauto.at\/abarth-695-competizione-test\/\"]}]},{\"@type\":\"ImageObject\",\"inLanguage\":\"it-IT\",\"@id\":\"https:\/\/www.eslebedasauto.at\/abarth-695-competizione-test\/#primaryimage\",\"url\":\"https:\/\/www.eslebedasauto.at\/wp-content\/uploads\/2024\/03\/IMG_6606.jpeg\",\"contentUrl\":\"https:\/\/www.eslebedasauto.at\/wp-content\/uploads\/2024\/03\/IMG_6606.jpeg\",\"width\":2048,\"height\":1536},{\"@type\":\"BreadcrumbList\",\"@id\":\"https:\/\/www.eslebedasauto.at\/abarth-695-competizione-test\/#breadcrumb\",\"itemListElement\":[{\"@type\":\"ListItem\",\"position\":1,\"name\":\"Startseite\",\"item\":\"https:\/\/www.eslebedasauto.at\/\"},{\"@type\":\"ListItem\",\"position\":2,\"name\":\"Abarth 695 &#8211; Luigi eskaliert\"}]},{\"@type\":\"WebSite\",\"@id\":\"https:\/\/www.eslebedasauto.at\/#website\",\"url\":\"https:\/\/www.eslebedasauto.at\/\",\"name\":\"Es lebe das Auto\",\"description\":\"ein Hoch auf den Individualverkehr\",\"publisher\":{\"@id\":\"https:\/\/www.eslebedasauto.at\/#organization\"},\"potentialAction\":[{\"@type\":\"SearchAction\",\"target\":{\"@type\":\"EntryPoint\",\"urlTemplate\":\"https:\/\/www.eslebedasauto.at\/?s={search_term_string}\"},\"query-input\":{\"@type\":\"PropertyValueSpecification\",\"valueRequired\":true,\"valueName\":\"search_term_string\"}}],\"inLanguage\":\"it-IT\"},{\"@type\":\"Organization\",\"@id\":\"https:\/\/www.eslebedasauto.at\/#organization\",\"name\":\"eslebedasauto\",\"url\":\"https:\/\/www.eslebedasauto.at\/\",\"logo\":{\"@type\":\"ImageObject\",\"inLanguage\":\"it-IT\",\"@id\":\"https:\/\/www.eslebedasauto.at\/#\/schema\/logo\/image\/\",\"url\":\"https:\/\/www.eslebedasauto.at\/wp-content\/uploads\/2025\/10\/eldarund.png\",\"contentUrl\":\"https:\/\/www.eslebedasauto.at\/wp-content\/uploads\/2025\/10\/eldarund.png\",\"width\":1024,\"height\":1024,\"caption\":\"eslebedasauto\"},\"image\":{\"@id\":\"https:\/\/www.eslebedasauto.at\/#\/schema\/logo\/image\/\"},\"sameAs\":[\"https:\/\/www.facebook.com\/eslebedasauto.at\",\"https:\/\/www.instagram.com\/es_lebe_das_auto\/\"]},{\"@type\":\"Person\",\"@id\":\"https:\/\/www.eslebedasauto.at\/#\/schema\/person\/fb81218b0bed500d225ff518f9f17033\",\"name\":\"gerhard\",\"url\":\"https:\/\/www.eslebedasauto.at\/it\/author\/gerhard\/\"}]}<\/script>\n<!-- \/ Yoast SEO plugin. -->","yoast_head_json":{"title":"Abarth 695 - Luigi eskaliert - Es lebe das Auto","description":"Sabelt Racing-Schalensitze, Record Monza Sovrapposto Auspuff, Brembo-Bremsanlage, Garret-Turbolader \u2013 die Ausstattung des Abarth 695 Competizione liest sich wie das \u201eWho-is-who\u201c des Motorsports.","robots":{"index":"index","follow":"follow","max-snippet":"max-snippet:-1","max-image-preview":"max-image-preview:large","max-video-preview":"max-video-preview:-1"},"canonical":"https:\/\/www.eslebedasauto.at\/it\/abarth-695-competizione-test\/","og_locale":"it_IT","og_type":"article","og_title":"Abarth 695 - Luigi eskaliert - Es lebe das Auto","og_description":"Sabelt Racing-Schalensitze, Record Monza Sovrapposto Auspuff, Brembo-Bremsanlage, Garret-Turbolader \u2013 die Ausstattung des Abarth 695 Competizione liest sich wie das \u201eWho-is-who\u201c des Motorsports.","og_url":"https:\/\/www.eslebedasauto.at\/it\/abarth-695-competizione-test\/","og_site_name":"Es lebe das Auto","article_publisher":"https:\/\/www.facebook.com\/eslebedasauto.at","article_published_time":"2024-03-27T10:07:26+00:00","article_modified_time":"2024-03-27T10:09:32+00:00","og_image":[{"width":2048,"height":1536,"url":"https:\/\/www.eslebedasauto.at\/wp-content\/uploads\/2024\/03\/IMG_6606.jpeg","type":"image\/jpeg"}],"author":"gerhard","twitter_card":"summary_large_image","twitter_misc":{"Scritto da":"gerhard","Tempo di lettura stimato":"7 minuti"},"schema":{"@context":"https:\/\/schema.org","@graph":[{"@type":"Article","@id":"https:\/\/www.eslebedasauto.at\/abarth-695-competizione-test\/#article","isPartOf":{"@id":"https:\/\/www.eslebedasauto.at\/abarth-695-competizione-test\/"},"author":{"name":"gerhard","@id":"https:\/\/www.eslebedasauto.at\/#\/schema\/person\/fb81218b0bed500d225ff518f9f17033"},"headline":"Abarth 695 &#8211; Luigi eskaliert","datePublished":"2024-03-27T10:07:26+00:00","dateModified":"2024-03-27T10:09:32+00:00","mainEntityOfPage":{"@id":"https:\/\/www.eslebedasauto.at\/abarth-695-competizione-test\/"},"wordCount":647,"commentCount":0,"publisher":{"@id":"https:\/\/www.eslebedasauto.at\/#organization"},"image":{"@id":"https:\/\/www.eslebedasauto.at\/abarth-695-competizione-test\/#primaryimage"},"thumbnailUrl":"https:\/\/www.eslebedasauto.at\/wp-content\/uploads\/2024\/03\/IMG_6606.jpeg","articleSection":["Benzin","Fahrberichte","Shortmotornews"],"inLanguage":"it-IT","potentialAction":[{"@type":"CommentAction","name":"Comment","target":["https:\/\/www.eslebedasauto.at\/abarth-695-competizione-test\/#respond"]}]},{"@type":"WebPage","@id":"https:\/\/www.eslebedasauto.at\/abarth-695-competizione-test\/","url":"https:\/\/www.eslebedasauto.at\/abarth-695-competizione-test\/","name":"Abarth 695 - Luigi eskaliert - Es lebe das Auto","isPartOf":{"@id":"https:\/\/www.eslebedasauto.at\/#website"},"primaryImageOfPage":{"@id":"https:\/\/www.eslebedasauto.at\/abarth-695-competizione-test\/#primaryimage"},"image":{"@id":"https:\/\/www.eslebedasauto.at\/abarth-695-competizione-test\/#primaryimage"},"thumbnailUrl":"https:\/\/www.eslebedasauto.at\/wp-content\/uploads\/2024\/03\/IMG_6606.jpeg","datePublished":"2024-03-27T10:07:26+00:00","dateModified":"2024-03-27T10:09:32+00:00","description":"Sabelt Racing-Schalensitze, Record Monza Sovrapposto Auspuff, Brembo-Bremsanlage, Garret-Turbolader \u2013 die Ausstattung des Abarth 695 Competizione liest sich wie das \u201eWho-is-who\u201c des Motorsports.","breadcrumb":{"@id":"https:\/\/www.eslebedasauto.at\/abarth-695-competizione-test\/#breadcrumb"},"inLanguage":"it-IT","potentialAction":[{"@type":"ReadAction","target":["https:\/\/www.eslebedasauto.at\/abarth-695-competizione-test\/"]}]},{"@type":"ImageObject","inLanguage":"it-IT","@id":"https:\/\/www.eslebedasauto.at\/abarth-695-competizione-test\/#primaryimage","url":"https:\/\/www.eslebedasauto.at\/wp-content\/uploads\/2024\/03\/IMG_6606.jpeg","contentUrl":"https:\/\/www.eslebedasauto.at\/wp-content\/uploads\/2024\/03\/IMG_6606.jpeg","width":2048,"height":1536},{"@type":"BreadcrumbList","@id":"https:\/\/www.eslebedasauto.at\/abarth-695-competizione-test\/#breadcrumb","itemListElement":[{"@type":"ListItem","position":1,"name":"Startseite","item":"https:\/\/www.eslebedasauto.at\/"},{"@type":"ListItem","position":2,"name":"Abarth 695 &#8211; Luigi eskaliert"}]},{"@type":"WebSite","@id":"https:\/\/www.eslebedasauto.at\/#website","url":"https:\/\/www.eslebedasauto.at\/","name":"Es lebe das Auto","description":"ein Hoch auf den Individualverkehr","publisher":{"@id":"https:\/\/www.eslebedasauto.at\/#organization"},"potentialAction":[{"@type":"SearchAction","target":{"@type":"EntryPoint","urlTemplate":"https:\/\/www.eslebedasauto.at\/?s={search_term_string}"},"query-input":{"@type":"PropertyValueSpecification","valueRequired":true,"valueName":"search_term_string"}}],"inLanguage":"it-IT"},{"@type":"Organization","@id":"https:\/\/www.eslebedasauto.at\/#organization","name":"eslebedasauto","url":"https:\/\/www.eslebedasauto.at\/","logo":{"@type":"ImageObject","inLanguage":"it-IT","@id":"https:\/\/www.eslebedasauto.at\/#\/schema\/logo\/image\/","url":"https:\/\/www.eslebedasauto.at\/wp-content\/uploads\/2025\/10\/eldarund.png","contentUrl":"https:\/\/www.eslebedasauto.at\/wp-content\/uploads\/2025\/10\/eldarund.png","width":1024,"height":1024,"caption":"eslebedasauto"},"image":{"@id":"https:\/\/www.eslebedasauto.at\/#\/schema\/logo\/image\/"},"sameAs":["https:\/\/www.facebook.com\/eslebedasauto.at","https:\/\/www.instagram.com\/es_lebe_das_auto\/"]},{"@type":"Person","@id":"https:\/\/www.eslebedasauto.at\/#\/schema\/person\/fb81218b0bed500d225ff518f9f17033","name":"gerhard","url":"https:\/\/www.eslebedasauto.at\/it\/author\/gerhard\/"}]}},"_links":{"self":[{"href":"https:\/\/www.eslebedasauto.at\/it\/wp-json\/wp\/v2\/posts\/94891","targetHints":{"allow":["GET"]}}],"collection":[{"href":"https:\/\/www.eslebedasauto.at\/it\/wp-json\/wp\/v2\/posts"}],"about":[{"href":"https:\/\/www.eslebedasauto.at\/it\/wp-json\/wp\/v2\/types\/post"}],"author":[{"embeddable":true,"href":"https:\/\/www.eslebedasauto.at\/it\/wp-json\/wp\/v2\/users\/2"}],"replies":[{"embeddable":true,"href":"https:\/\/www.eslebedasauto.at\/it\/wp-json\/wp\/v2\/comments?post=94891"}],"version-history":[{"count":2,"href":"https:\/\/www.eslebedasauto.at\/it\/wp-json\/wp\/v2\/posts\/94891\/revisions"}],"predecessor-version":[{"id":94903,"href":"https:\/\/www.eslebedasauto.at\/it\/wp-json\/wp\/v2\/posts\/94891\/revisions\/94903"}],"wp:featuredmedia":[{"embeddable":true,"href":"https:\/\/www.eslebedasauto.at\/it\/wp-json\/wp\/v2\/media\/94759"}],"wp:attachment":[{"href":"https:\/\/www.eslebedasauto.at\/it\/wp-json\/wp\/v2\/media?parent=94891"}],"wp:term":[{"taxonomy":"category","embeddable":true,"href":"https:\/\/www.eslebedasauto.at\/it\/wp-json\/wp\/v2\/categories?post=94891"},{"taxonomy":"post_tag","embeddable":true,"href":"https:\/\/www.eslebedasauto.at\/it\/wp-json\/wp\/v2\/tags?post=94891"}],"curies":[{"name":"wp","href":"https:\/\/api.w.org\/{rel}","templated":true}]}}