{"id":94848,"date":"2024-05-06T12:45:00","date_gmt":"2024-05-06T10:45:00","guid":{"rendered":"https:\/\/www.eslebedasauto.at\/?p=94848"},"modified":"2024-06-21T10:00:19","modified_gmt":"2024-06-21T08:00:19","slug":"nissan-ariya-e-4orce-test","status":"publish","type":"post","link":"https:\/\/www.eslebedasauto.at\/it\/nissan-ariya-e-4orce-test\/","title":{"rendered":"Unterwegs im Nissan Ariya"},"content":{"rendered":"<h2 id=\"wer-3000-euro-beim-kauf-des-vollelektrischen-nissan-ariya-drauflegt-bekommt-einem-zweiten-motor-an-der-hinterachse-und-allrad\" class=\"wp-block-heading\">Wer 3000 Euro beim Kauf des vollelektrischen Nissan Ariya drauflegt, bekommt einem zweiten Motor an der Hinterachse &#8211; und Allrad. <\/h2>\n\n\n\n<figure class=\"wp-block-gallery has-nested-images columns-4 is-cropped wp-block-gallery-1 is-layout-flex wp-block-gallery-is-layout-flex\">\n<figure class=\"wp-block-image size-large\"><a href=\"https:\/\/www.eslebedasauto.at\/wp-content\/uploads\/2024\/06\/IMG_7026.jpeg\"><img fetchpriority=\"high\" decoding=\"async\" width=\"1024\" height=\"768\" data-id=\"95751\" src=\"https:\/\/www.eslebedasauto.at\/wp-content\/uploads\/2024\/06\/IMG_7026-1024x768.jpeg\" alt=\"\" class=\"wp-image-95751\" srcset=\"https:\/\/www.eslebedasauto.at\/wp-content\/uploads\/2024\/06\/IMG_7026-1024x768.jpeg 1024w, https:\/\/www.eslebedasauto.at\/wp-content\/uploads\/2024\/06\/IMG_7026-300x225.jpeg 300w, https:\/\/www.eslebedasauto.at\/wp-content\/uploads\/2024\/06\/IMG_7026-768x576.jpeg 768w, https:\/\/www.eslebedasauto.at\/wp-content\/uploads\/2024\/06\/IMG_7026-1536x1152.jpeg 1536w, https:\/\/www.eslebedasauto.at\/wp-content\/uploads\/2024\/06\/IMG_7026-800x600.jpeg 800w, https:\/\/www.eslebedasauto.at\/wp-content\/uploads\/2024\/06\/IMG_7026-1160x870.jpeg 1160w, https:\/\/www.eslebedasauto.at\/wp-content\/uploads\/2024\/06\/IMG_7026.jpeg 2048w\" sizes=\"(max-width: 1024px) 100vw, 1024px\" \/><\/a><\/figure>\n\n\n\n<figure class=\"wp-block-image size-large\"><a href=\"https:\/\/www.eslebedasauto.at\/wp-content\/uploads\/2024\/06\/IMG_7039.jpeg\"><img decoding=\"async\" width=\"1024\" height=\"768\" data-id=\"95757\" src=\"https:\/\/www.eslebedasauto.at\/wp-content\/uploads\/2024\/06\/IMG_7039-1024x768.jpeg\" alt=\"\" class=\"wp-image-95757\" srcset=\"https:\/\/www.eslebedasauto.at\/wp-content\/uploads\/2024\/06\/IMG_7039-1024x768.jpeg 1024w, https:\/\/www.eslebedasauto.at\/wp-content\/uploads\/2024\/06\/IMG_7039-300x225.jpeg 300w, https:\/\/www.eslebedasauto.at\/wp-content\/uploads\/2024\/06\/IMG_7039-768x576.jpeg 768w, https:\/\/www.eslebedasauto.at\/wp-content\/uploads\/2024\/06\/IMG_7039-1536x1152.jpeg 1536w, https:\/\/www.eslebedasauto.at\/wp-content\/uploads\/2024\/06\/IMG_7039-800x600.jpeg 800w, https:\/\/www.eslebedasauto.at\/wp-content\/uploads\/2024\/06\/IMG_7039-1160x870.jpeg 1160w, https:\/\/www.eslebedasauto.at\/wp-content\/uploads\/2024\/06\/IMG_7039.jpeg 2048w\" sizes=\"(max-width: 1024px) 100vw, 1024px\" \/><\/a><\/figure>\n<\/figure>\n\n\n\n<figure class=\"wp-block-image size-large\"><img decoding=\"async\" width=\"1024\" height=\"768\" src=\"https:\/\/www.eslebedasauto.at\/wp-content\/uploads\/2024\/06\/IMG_7040-1024x768.jpeg\" alt=\"\" class=\"wp-image-95758\" srcset=\"https:\/\/www.eslebedasauto.at\/wp-content\/uploads\/2024\/06\/IMG_7040-1024x768.jpeg 1024w, https:\/\/www.eslebedasauto.at\/wp-content\/uploads\/2024\/06\/IMG_7040-300x225.jpeg 300w, https:\/\/www.eslebedasauto.at\/wp-content\/uploads\/2024\/06\/IMG_7040-768x576.jpeg 768w, https:\/\/www.eslebedasauto.at\/wp-content\/uploads\/2024\/06\/IMG_7040-1536x1152.jpeg 1536w, https:\/\/www.eslebedasauto.at\/wp-content\/uploads\/2024\/06\/IMG_7040-800x600.jpeg 800w, https:\/\/www.eslebedasauto.at\/wp-content\/uploads\/2024\/06\/IMG_7040-1160x870.jpeg 1160w, https:\/\/www.eslebedasauto.at\/wp-content\/uploads\/2024\/06\/IMG_7040.jpeg 2048w\" sizes=\"(max-width: 1024px) 100vw, 1024px\" \/><\/figure>\n\n\n\n<p>Neben der jetzt getesteten 306 PS starken Allradvariante wird der Ariya auch als 2WD (Vorderradantrieb) mit 218 PS (Akku 63 kWh) sowie 242 PS (Akku 87 kWh) angeboten. Die st\u00e4rkere <a href=\"https:\/\/www.eslebedasauto.at\/it\/nissan-ariya-test\/\">2WD-Variante<\/a> hatten wir im Testfuhrpark.&nbsp;<\/p>\n\n\n\n<h3 id=\"wer-den-nissan-ariya-das-erste-mal-sieht-und-das-sind-viele-leute-denn-der-wagen-steht-nicht-gerade-an-jeder-ecke-rum-der-kommt-gleich-mal-ins-staunen\" class=\"wp-block-heading\">Wer den Nissan Ariya das erste mal sieht &#8211; und das sind viele Leute, denn der Wagen steht nicht gerade an jeder Ecke rum &#8211; der kommt gleich mal ins Staunen. <\/h3>\n\n\n\n<p>Erstens wirkt das SUV mit seinen klaren, horizontalen Linie extrem massiv. Beim Einsteigen dann der zweite Aha-Effekt &#8211; Nissan hat dem Ariya ein ger\u00e4umiges, \u00fcberraschend edles Interieur verpasst.<\/p>\n\n\n\n<figure class=\"wp-block-gallery has-nested-images columns-default is-cropped wp-block-gallery-2 is-layout-flex wp-block-gallery-is-layout-flex\">\n<figure class=\"wp-block-image size-large\"><a href=\"https:\/\/www.eslebedasauto.at\/wp-content\/uploads\/2024\/06\/IMG_7033.jpeg\"><img loading=\"lazy\" decoding=\"async\" width=\"768\" height=\"1024\" data-id=\"95763\" src=\"https:\/\/www.eslebedasauto.at\/wp-content\/uploads\/2024\/06\/IMG_7033-768x1024.jpeg\" alt=\"\" class=\"wp-image-95763\" srcset=\"https:\/\/www.eslebedasauto.at\/wp-content\/uploads\/2024\/06\/IMG_7033-768x1024.jpeg 768w, https:\/\/www.eslebedasauto.at\/wp-content\/uploads\/2024\/06\/IMG_7033-225x300.jpeg 225w, https:\/\/www.eslebedasauto.at\/wp-content\/uploads\/2024\/06\/IMG_7033-1152x1536.jpeg 1152w, https:\/\/www.eslebedasauto.at\/wp-content\/uploads\/2024\/06\/IMG_7033-800x1067.jpeg 800w, https:\/\/www.eslebedasauto.at\/wp-content\/uploads\/2024\/06\/IMG_7033-1160x1547.jpeg 1160w, https:\/\/www.eslebedasauto.at\/wp-content\/uploads\/2024\/06\/IMG_7033.jpeg 1536w\" sizes=\"(max-width: 768px) 100vw, 768px\" \/><\/a><\/figure>\n\n\n\n<figure class=\"wp-block-image size-large\"><a href=\"https:\/\/www.eslebedasauto.at\/wp-content\/uploads\/2024\/06\/IMG_7030.jpeg\"><img loading=\"lazy\" decoding=\"async\" width=\"1024\" height=\"768\" data-id=\"95760\" src=\"https:\/\/www.eslebedasauto.at\/wp-content\/uploads\/2024\/06\/IMG_7030-1024x768.jpeg\" alt=\"\" class=\"wp-image-95760\" srcset=\"https:\/\/www.eslebedasauto.at\/wp-content\/uploads\/2024\/06\/IMG_7030-1024x768.jpeg 1024w, https:\/\/www.eslebedasauto.at\/wp-content\/uploads\/2024\/06\/IMG_7030-300x225.jpeg 300w, https:\/\/www.eslebedasauto.at\/wp-content\/uploads\/2024\/06\/IMG_7030-768x576.jpeg 768w, https:\/\/www.eslebedasauto.at\/wp-content\/uploads\/2024\/06\/IMG_7030-1536x1152.jpeg 1536w, https:\/\/www.eslebedasauto.at\/wp-content\/uploads\/2024\/06\/IMG_7030-800x600.jpeg 800w, https:\/\/www.eslebedasauto.at\/wp-content\/uploads\/2024\/06\/IMG_7030-1160x870.jpeg 1160w, https:\/\/www.eslebedasauto.at\/wp-content\/uploads\/2024\/06\/IMG_7030.jpeg 2048w\" sizes=\"(max-width: 1024px) 100vw, 1024px\" \/><\/a><\/figure>\n\n\n\n<figure class=\"wp-block-image size-large\"><a href=\"https:\/\/www.eslebedasauto.at\/wp-content\/uploads\/2024\/03\/IMG_6842-scaled.jpg\"><img loading=\"lazy\" decoding=\"async\" width=\"768\" height=\"1024\" data-id=\"94839\" src=\"https:\/\/www.eslebedasauto.at\/wp-content\/uploads\/2024\/03\/IMG_6842-768x1024.jpg\" alt=\"\" class=\"wp-image-94839\" srcset=\"https:\/\/www.eslebedasauto.at\/wp-content\/uploads\/2024\/03\/IMG_6842-768x1024.jpg 768w, https:\/\/www.eslebedasauto.at\/wp-content\/uploads\/2024\/03\/IMG_6842-225x300.jpg 225w, https:\/\/www.eslebedasauto.at\/wp-content\/uploads\/2024\/03\/IMG_6842-1152x1536.jpg 1152w, https:\/\/www.eslebedasauto.at\/wp-content\/uploads\/2024\/03\/IMG_6842-1536x2048.jpg 1536w, https:\/\/www.eslebedasauto.at\/wp-content\/uploads\/2024\/03\/IMG_6842-800x1067.jpg 800w, https:\/\/www.eslebedasauto.at\/wp-content\/uploads\/2024\/03\/IMG_6842-1160x1547.jpg 1160w, https:\/\/www.eslebedasauto.at\/wp-content\/uploads\/2024\/03\/IMG_6842-scaled.jpg 1920w\" sizes=\"(max-width: 768px) 100vw, 768px\" \/><\/a><\/figure>\n\n\n\n<figure class=\"wp-block-image size-large\"><a href=\"https:\/\/www.eslebedasauto.at\/wp-content\/uploads\/2024\/03\/IMG_6831-scaled.jpg\"><img loading=\"lazy\" decoding=\"async\" width=\"768\" height=\"1024\" data-id=\"94829\" src=\"https:\/\/www.eslebedasauto.at\/wp-content\/uploads\/2024\/03\/IMG_6831-768x1024.jpg\" alt=\"\" class=\"wp-image-94829\" srcset=\"https:\/\/www.eslebedasauto.at\/wp-content\/uploads\/2024\/03\/IMG_6831-768x1024.jpg 768w, https:\/\/www.eslebedasauto.at\/wp-content\/uploads\/2024\/03\/IMG_6831-225x300.jpg 225w, https:\/\/www.eslebedasauto.at\/wp-content\/uploads\/2024\/03\/IMG_6831-1152x1536.jpg 1152w, https:\/\/www.eslebedasauto.at\/wp-content\/uploads\/2024\/03\/IMG_6831-1536x2048.jpg 1536w, https:\/\/www.eslebedasauto.at\/wp-content\/uploads\/2024\/03\/IMG_6831-800x1067.jpg 800w, https:\/\/www.eslebedasauto.at\/wp-content\/uploads\/2024\/03\/IMG_6831-1160x1547.jpg 1160w, https:\/\/www.eslebedasauto.at\/wp-content\/uploads\/2024\/03\/IMG_6831-scaled.jpg 1920w\" sizes=\"(max-width: 768px) 100vw, 768px\" \/><\/a><\/figure>\n\n\n\n<figure class=\"wp-block-image size-large\"><a href=\"https:\/\/www.eslebedasauto.at\/wp-content\/uploads\/2024\/03\/IMG_6830-scaled.jpg\"><img loading=\"lazy\" decoding=\"async\" width=\"768\" height=\"1024\" data-id=\"94828\" src=\"https:\/\/www.eslebedasauto.at\/wp-content\/uploads\/2024\/03\/IMG_6830-768x1024.jpg\" alt=\"\" class=\"wp-image-94828\" srcset=\"https:\/\/www.eslebedasauto.at\/wp-content\/uploads\/2024\/03\/IMG_6830-768x1024.jpg 768w, https:\/\/www.eslebedasauto.at\/wp-content\/uploads\/2024\/03\/IMG_6830-225x300.jpg 225w, https:\/\/www.eslebedasauto.at\/wp-content\/uploads\/2024\/03\/IMG_6830-1152x1536.jpg 1152w, https:\/\/www.eslebedasauto.at\/wp-content\/uploads\/2024\/03\/IMG_6830-1536x2048.jpg 1536w, https:\/\/www.eslebedasauto.at\/wp-content\/uploads\/2024\/03\/IMG_6830-800x1067.jpg 800w, https:\/\/www.eslebedasauto.at\/wp-content\/uploads\/2024\/03\/IMG_6830-1160x1547.jpg 1160w, https:\/\/www.eslebedasauto.at\/wp-content\/uploads\/2024\/03\/IMG_6830-scaled.jpg 1920w\" sizes=\"(max-width: 768px) 100vw, 768px\" \/><\/a><\/figure>\n\n\n\n<figure class=\"wp-block-image size-large\"><a href=\"https:\/\/www.eslebedasauto.at\/wp-content\/uploads\/2024\/03\/IMG_6829-scaled.jpg\"><img loading=\"lazy\" decoding=\"async\" width=\"768\" height=\"1024\" data-id=\"94827\" src=\"https:\/\/www.eslebedasauto.at\/wp-content\/uploads\/2024\/03\/IMG_6829-768x1024.jpg\" alt=\"\" class=\"wp-image-94827\" srcset=\"https:\/\/www.eslebedasauto.at\/wp-content\/uploads\/2024\/03\/IMG_6829-768x1024.jpg 768w, https:\/\/www.eslebedasauto.at\/wp-content\/uploads\/2024\/03\/IMG_6829-225x300.jpg 225w, https:\/\/www.eslebedasauto.at\/wp-content\/uploads\/2024\/03\/IMG_6829-1152x1536.jpg 1152w, https:\/\/www.eslebedasauto.at\/wp-content\/uploads\/2024\/03\/IMG_6829-1536x2048.jpg 1536w, https:\/\/www.eslebedasauto.at\/wp-content\/uploads\/2024\/03\/IMG_6829-800x1067.jpg 800w, https:\/\/www.eslebedasauto.at\/wp-content\/uploads\/2024\/03\/IMG_6829-1160x1547.jpg 1160w, https:\/\/www.eslebedasauto.at\/wp-content\/uploads\/2024\/03\/IMG_6829-scaled.jpg 1920w\" sizes=\"(max-width: 768px) 100vw, 768px\" \/><\/a><\/figure>\n<\/figure>\n\n\n\n<h3 id=\"der-crossover-zielt-auf-mitbewerber-wie-den-hyundai-ioniq-5-den-mercedes-eqb-oder-den-vw-id-4-ab\" class=\"wp-block-heading\">Der Crossover zielt auf Mitbewerber wie den Hyundai Ioniq 5, den Mercedes EQB oder den VW ID.4 ab.<\/h3>\n\n\n\n<figure class=\"wp-block-gallery has-nested-images columns-default is-cropped wp-block-gallery-3 is-layout-flex wp-block-gallery-is-layout-flex\">\n<figure class=\"wp-block-image size-large\"><a href=\"https:\/\/www.eslebedasauto.at\/wp-content\/uploads\/2024\/03\/IMG_6844-scaled.jpg\"><img loading=\"lazy\" decoding=\"async\" width=\"768\" height=\"1024\" data-id=\"94841\" src=\"https:\/\/www.eslebedasauto.at\/wp-content\/uploads\/2024\/03\/IMG_6844-768x1024.jpg\" alt=\"\" class=\"wp-image-94841\" srcset=\"https:\/\/www.eslebedasauto.at\/wp-content\/uploads\/2024\/03\/IMG_6844-768x1024.jpg 768w, https:\/\/www.eslebedasauto.at\/wp-content\/uploads\/2024\/03\/IMG_6844-225x300.jpg 225w, https:\/\/www.eslebedasauto.at\/wp-content\/uploads\/2024\/03\/IMG_6844-1152x1536.jpg 1152w, https:\/\/www.eslebedasauto.at\/wp-content\/uploads\/2024\/03\/IMG_6844-1536x2048.jpg 1536w, https:\/\/www.eslebedasauto.at\/wp-content\/uploads\/2024\/03\/IMG_6844-800x1067.jpg 800w, https:\/\/www.eslebedasauto.at\/wp-content\/uploads\/2024\/03\/IMG_6844-1160x1547.jpg 1160w, https:\/\/www.eslebedasauto.at\/wp-content\/uploads\/2024\/03\/IMG_6844-scaled.jpg 1920w\" sizes=\"(max-width: 768px) 100vw, 768px\" \/><\/a><\/figure>\n\n\n\n<figure class=\"wp-block-image size-large\"><a href=\"https:\/\/www.eslebedasauto.at\/wp-content\/uploads\/2024\/03\/IMG_6839-scaled.jpg\"><img loading=\"lazy\" decoding=\"async\" width=\"1024\" height=\"768\" data-id=\"94837\" src=\"https:\/\/www.eslebedasauto.at\/wp-content\/uploads\/2024\/03\/IMG_6839-1024x768.jpg\" alt=\"\" class=\"wp-image-94837\" srcset=\"https:\/\/www.eslebedasauto.at\/wp-content\/uploads\/2024\/03\/IMG_6839-1024x768.jpg 1024w, https:\/\/www.eslebedasauto.at\/wp-content\/uploads\/2024\/03\/IMG_6839-300x225.jpg 300w, https:\/\/www.eslebedasauto.at\/wp-content\/uploads\/2024\/03\/IMG_6839-768x576.jpg 768w, https:\/\/www.eslebedasauto.at\/wp-content\/uploads\/2024\/03\/IMG_6839-1536x1152.jpg 1536w, https:\/\/www.eslebedasauto.at\/wp-content\/uploads\/2024\/03\/IMG_6839-2048x1536.jpg 2048w, https:\/\/www.eslebedasauto.at\/wp-content\/uploads\/2024\/03\/IMG_6839-800x600.jpg 800w, https:\/\/www.eslebedasauto.at\/wp-content\/uploads\/2024\/03\/IMG_6839-1160x870.jpg 1160w\" sizes=\"(max-width: 1024px) 100vw, 1024px\" \/><\/a><\/figure>\n\n\n\n<figure class=\"wp-block-image size-large\"><a href=\"https:\/\/www.eslebedasauto.at\/wp-content\/uploads\/2024\/03\/IMG_6838-scaled.jpg\"><img loading=\"lazy\" decoding=\"async\" width=\"1024\" height=\"768\" data-id=\"94836\" src=\"https:\/\/www.eslebedasauto.at\/wp-content\/uploads\/2024\/03\/IMG_6838-1024x768.jpg\" alt=\"\" class=\"wp-image-94836\" srcset=\"https:\/\/www.eslebedasauto.at\/wp-content\/uploads\/2024\/03\/IMG_6838-1024x768.jpg 1024w, https:\/\/www.eslebedasauto.at\/wp-content\/uploads\/2024\/03\/IMG_6838-300x225.jpg 300w, https:\/\/www.eslebedasauto.at\/wp-content\/uploads\/2024\/03\/IMG_6838-768x576.jpg 768w, https:\/\/www.eslebedasauto.at\/wp-content\/uploads\/2024\/03\/IMG_6838-1536x1152.jpg 1536w, https:\/\/www.eslebedasauto.at\/wp-content\/uploads\/2024\/03\/IMG_6838-2048x1536.jpg 2048w, https:\/\/www.eslebedasauto.at\/wp-content\/uploads\/2024\/03\/IMG_6838-800x600.jpg 800w, https:\/\/www.eslebedasauto.at\/wp-content\/uploads\/2024\/03\/IMG_6838-1160x870.jpg 1160w\" sizes=\"(max-width: 1024px) 100vw, 1024px\" \/><\/a><\/figure>\n\n\n\n<figure class=\"wp-block-image size-large\"><a href=\"https:\/\/www.eslebedasauto.at\/wp-content\/uploads\/2024\/03\/IMG_6837-scaled.jpg\"><img loading=\"lazy\" decoding=\"async\" width=\"768\" height=\"1024\" data-id=\"94835\" src=\"https:\/\/www.eslebedasauto.at\/wp-content\/uploads\/2024\/03\/IMG_6837-768x1024.jpg\" alt=\"\" class=\"wp-image-94835\" srcset=\"https:\/\/www.eslebedasauto.at\/wp-content\/uploads\/2024\/03\/IMG_6837-768x1024.jpg 768w, https:\/\/www.eslebedasauto.at\/wp-content\/uploads\/2024\/03\/IMG_6837-225x300.jpg 225w, https:\/\/www.eslebedasauto.at\/wp-content\/uploads\/2024\/03\/IMG_6837-1152x1536.jpg 1152w, https:\/\/www.eslebedasauto.at\/wp-content\/uploads\/2024\/03\/IMG_6837-1536x2048.jpg 1536w, https:\/\/www.eslebedasauto.at\/wp-content\/uploads\/2024\/03\/IMG_6837-800x1067.jpg 800w, https:\/\/www.eslebedasauto.at\/wp-content\/uploads\/2024\/03\/IMG_6837-1160x1547.jpg 1160w, https:\/\/www.eslebedasauto.at\/wp-content\/uploads\/2024\/03\/IMG_6837-scaled.jpg 1920w\" sizes=\"(max-width: 768px) 100vw, 768px\" \/><\/a><\/figure>\n\n\n\n<figure class=\"wp-block-image size-large\"><a href=\"https:\/\/www.eslebedasauto.at\/wp-content\/uploads\/2024\/03\/IMG_6836-scaled.jpg\"><img loading=\"lazy\" decoding=\"async\" width=\"768\" height=\"1024\" data-id=\"94834\" src=\"https:\/\/www.eslebedasauto.at\/wp-content\/uploads\/2024\/03\/IMG_6836-768x1024.jpg\" alt=\"\" class=\"wp-image-94834\" srcset=\"https:\/\/www.eslebedasauto.at\/wp-content\/uploads\/2024\/03\/IMG_6836-768x1024.jpg 768w, https:\/\/www.eslebedasauto.at\/wp-content\/uploads\/2024\/03\/IMG_6836-225x300.jpg 225w, https:\/\/www.eslebedasauto.at\/wp-content\/uploads\/2024\/03\/IMG_6836-1152x1536.jpg 1152w, https:\/\/www.eslebedasauto.at\/wp-content\/uploads\/2024\/03\/IMG_6836-1536x2048.jpg 1536w, https:\/\/www.eslebedasauto.at\/wp-content\/uploads\/2024\/03\/IMG_6836-800x1067.jpg 800w, https:\/\/www.eslebedasauto.at\/wp-content\/uploads\/2024\/03\/IMG_6836-1160x1547.jpg 1160w, https:\/\/www.eslebedasauto.at\/wp-content\/uploads\/2024\/03\/IMG_6836-scaled.jpg 1920w\" sizes=\"(max-width: 768px) 100vw, 768px\" \/><\/a><\/figure>\n\n\n\n<figure class=\"wp-block-image size-large\"><a href=\"https:\/\/www.eslebedasauto.at\/wp-content\/uploads\/2024\/03\/IMG_6834-scaled.jpg\"><img loading=\"lazy\" decoding=\"async\" width=\"768\" height=\"1024\" data-id=\"94832\" src=\"https:\/\/www.eslebedasauto.at\/wp-content\/uploads\/2024\/03\/IMG_6834-768x1024.jpg\" alt=\"\" class=\"wp-image-94832\" srcset=\"https:\/\/www.eslebedasauto.at\/wp-content\/uploads\/2024\/03\/IMG_6834-768x1024.jpg 768w, https:\/\/www.eslebedasauto.at\/wp-content\/uploads\/2024\/03\/IMG_6834-225x300.jpg 225w, https:\/\/www.eslebedasauto.at\/wp-content\/uploads\/2024\/03\/IMG_6834-1152x1536.jpg 1152w, https:\/\/www.eslebedasauto.at\/wp-content\/uploads\/2024\/03\/IMG_6834-1536x2048.jpg 1536w, https:\/\/www.eslebedasauto.at\/wp-content\/uploads\/2024\/03\/IMG_6834-800x1067.jpg 800w, https:\/\/www.eslebedasauto.at\/wp-content\/uploads\/2024\/03\/IMG_6834-1160x1547.jpg 1160w, https:\/\/www.eslebedasauto.at\/wp-content\/uploads\/2024\/03\/IMG_6834-scaled.jpg 1920w\" sizes=\"(max-width: 768px) 100vw, 768px\" \/><\/a><\/figure>\n\n\n\n<figure class=\"wp-block-image size-large\"><a href=\"https:\/\/www.eslebedasauto.at\/wp-content\/uploads\/2024\/03\/IMG_6833-scaled.jpg\"><img loading=\"lazy\" decoding=\"async\" width=\"768\" height=\"1024\" data-id=\"94831\" src=\"https:\/\/www.eslebedasauto.at\/wp-content\/uploads\/2024\/03\/IMG_6833-768x1024.jpg\" alt=\"\" class=\"wp-image-94831\" srcset=\"https:\/\/www.eslebedasauto.at\/wp-content\/uploads\/2024\/03\/IMG_6833-768x1024.jpg 768w, https:\/\/www.eslebedasauto.at\/wp-content\/uploads\/2024\/03\/IMG_6833-225x300.jpg 225w, https:\/\/www.eslebedasauto.at\/wp-content\/uploads\/2024\/03\/IMG_6833-1152x1536.jpg 1152w, https:\/\/www.eslebedasauto.at\/wp-content\/uploads\/2024\/03\/IMG_6833-1536x2048.jpg 1536w, https:\/\/www.eslebedasauto.at\/wp-content\/uploads\/2024\/03\/IMG_6833-800x1067.jpg 800w, https:\/\/www.eslebedasauto.at\/wp-content\/uploads\/2024\/03\/IMG_6833-1160x1547.jpg 1160w, https:\/\/www.eslebedasauto.at\/wp-content\/uploads\/2024\/03\/IMG_6833-scaled.jpg 1920w\" sizes=\"(max-width: 768px) 100vw, 768px\" \/><\/a><\/figure>\n\n\n\n<figure class=\"wp-block-image size-large\"><a href=\"https:\/\/www.eslebedasauto.at\/wp-content\/uploads\/2024\/03\/IMG_6832-scaled.jpg\"><img loading=\"lazy\" decoding=\"async\" width=\"768\" height=\"1024\" data-id=\"94830\" src=\"https:\/\/www.eslebedasauto.at\/wp-content\/uploads\/2024\/03\/IMG_6832-768x1024.jpg\" alt=\"\" class=\"wp-image-94830\" srcset=\"https:\/\/www.eslebedasauto.at\/wp-content\/uploads\/2024\/03\/IMG_6832-768x1024.jpg 768w, https:\/\/www.eslebedasauto.at\/wp-content\/uploads\/2024\/03\/IMG_6832-225x300.jpg 225w, https:\/\/www.eslebedasauto.at\/wp-content\/uploads\/2024\/03\/IMG_6832-1152x1536.jpg 1152w, https:\/\/www.eslebedasauto.at\/wp-content\/uploads\/2024\/03\/IMG_6832-1536x2048.jpg 1536w, https:\/\/www.eslebedasauto.at\/wp-content\/uploads\/2024\/03\/IMG_6832-800x1067.jpg 800w, https:\/\/www.eslebedasauto.at\/wp-content\/uploads\/2024\/03\/IMG_6832-1160x1547.jpg 1160w, https:\/\/www.eslebedasauto.at\/wp-content\/uploads\/2024\/03\/IMG_6832-scaled.jpg 1920w\" sizes=\"(max-width: 768px) 100vw, 768px\" \/><\/a><\/figure>\n\n\n\n<figure class=\"wp-block-image size-large\"><a href=\"https:\/\/www.eslebedasauto.at\/wp-content\/uploads\/2024\/03\/IMG_6827-scaled.jpg\"><img loading=\"lazy\" decoding=\"async\" width=\"768\" height=\"1024\" data-id=\"94825\" src=\"https:\/\/www.eslebedasauto.at\/wp-content\/uploads\/2024\/03\/IMG_6827-768x1024.jpg\" alt=\"\" class=\"wp-image-94825\" srcset=\"https:\/\/www.eslebedasauto.at\/wp-content\/uploads\/2024\/03\/IMG_6827-768x1024.jpg 768w, https:\/\/www.eslebedasauto.at\/wp-content\/uploads\/2024\/03\/IMG_6827-225x300.jpg 225w, https:\/\/www.eslebedasauto.at\/wp-content\/uploads\/2024\/03\/IMG_6827-1152x1536.jpg 1152w, https:\/\/www.eslebedasauto.at\/wp-content\/uploads\/2024\/03\/IMG_6827-1536x2048.jpg 1536w, https:\/\/www.eslebedasauto.at\/wp-content\/uploads\/2024\/03\/IMG_6827-800x1067.jpg 800w, https:\/\/www.eslebedasauto.at\/wp-content\/uploads\/2024\/03\/IMG_6827-1160x1547.jpg 1160w, https:\/\/www.eslebedasauto.at\/wp-content\/uploads\/2024\/03\/IMG_6827-scaled.jpg 1920w\" sizes=\"(max-width: 768px) 100vw, 768px\" \/><\/a><\/figure>\n\n\n\n<figure class=\"wp-block-image size-large\"><a href=\"https:\/\/www.eslebedasauto.at\/wp-content\/uploads\/2024\/03\/IMG_6826-scaled.jpg\"><img loading=\"lazy\" decoding=\"async\" width=\"768\" height=\"1024\" data-id=\"94824\" src=\"https:\/\/www.eslebedasauto.at\/wp-content\/uploads\/2024\/03\/IMG_6826-768x1024.jpg\" alt=\"\" class=\"wp-image-94824\" srcset=\"https:\/\/www.eslebedasauto.at\/wp-content\/uploads\/2024\/03\/IMG_6826-768x1024.jpg 768w, https:\/\/www.eslebedasauto.at\/wp-content\/uploads\/2024\/03\/IMG_6826-225x300.jpg 225w, https:\/\/www.eslebedasauto.at\/wp-content\/uploads\/2024\/03\/IMG_6826-1152x1536.jpg 1152w, https:\/\/www.eslebedasauto.at\/wp-content\/uploads\/2024\/03\/IMG_6826-1536x2048.jpg 1536w, https:\/\/www.eslebedasauto.at\/wp-content\/uploads\/2024\/03\/IMG_6826-800x1067.jpg 800w, https:\/\/www.eslebedasauto.at\/wp-content\/uploads\/2024\/03\/IMG_6826-1160x1547.jpg 1160w, https:\/\/www.eslebedasauto.at\/wp-content\/uploads\/2024\/03\/IMG_6826-scaled.jpg 1920w\" sizes=\"(max-width: 768px) 100vw, 768px\" \/><\/a><\/figure>\n\n\n\n<figure class=\"wp-block-image size-large\"><a href=\"https:\/\/www.eslebedasauto.at\/wp-content\/uploads\/2024\/03\/IMG_6825-scaled.jpg\"><img loading=\"lazy\" decoding=\"async\" width=\"1024\" height=\"768\" data-id=\"94823\" src=\"https:\/\/www.eslebedasauto.at\/wp-content\/uploads\/2024\/03\/IMG_6825-1024x768.jpg\" alt=\"\" class=\"wp-image-94823\" srcset=\"https:\/\/www.eslebedasauto.at\/wp-content\/uploads\/2024\/03\/IMG_6825-1024x768.jpg 1024w, https:\/\/www.eslebedasauto.at\/wp-content\/uploads\/2024\/03\/IMG_6825-300x225.jpg 300w, https:\/\/www.eslebedasauto.at\/wp-content\/uploads\/2024\/03\/IMG_6825-768x576.jpg 768w, https:\/\/www.eslebedasauto.at\/wp-content\/uploads\/2024\/03\/IMG_6825-1536x1152.jpg 1536w, https:\/\/www.eslebedasauto.at\/wp-content\/uploads\/2024\/03\/IMG_6825-2048x1536.jpg 2048w, https:\/\/www.eslebedasauto.at\/wp-content\/uploads\/2024\/03\/IMG_6825-800x600.jpg 800w, https:\/\/www.eslebedasauto.at\/wp-content\/uploads\/2024\/03\/IMG_6825-1160x870.jpg 1160w\" sizes=\"(max-width: 1024px) 100vw, 1024px\" \/><\/a><\/figure>\n<\/figure>\n\n\n\n<h3 id=\"das-topmodell-und-somit-auch-unser-testauto-verfugt-uber-allradantrieb-und-tragt-die-bezeichnung-e-4orce\" class=\"wp-block-heading\">Das Topmodell und somit auch unser Testauto, verf\u00fcgt \u00fcber Allradantrieb und tr\u00e4gt die Bezeichnung &#8222;e-4orce&#8220;. <\/h3>\n\n\n\n<p>Es ist nur mit dem Evolve Pack erh\u00e4ltlich und hat eine Systemleistung von 225 kW (306 PS). Der Ariya e-4orce beschleunigt in 5,7 Sekunden auf 100 km\/h und hat eine H\u00f6chstgeschwindigkeit von 200 km\/h. Die WLTP-Reichweite betr\u00e4gt bis zu 400 Kilometer. Im Test schafften wir rund 330 Kilometer am St\u00fcck.<\/p>\n\n\n\n<figure class=\"wp-block-image size-large\"><img loading=\"lazy\" decoding=\"async\" width=\"1024\" height=\"768\" src=\"https:\/\/www.eslebedasauto.at\/wp-content\/uploads\/2024\/06\/IMG_7025-1024x768.jpeg\" alt=\"\" class=\"wp-image-95750\" srcset=\"https:\/\/www.eslebedasauto.at\/wp-content\/uploads\/2024\/06\/IMG_7025-1024x768.jpeg 1024w, https:\/\/www.eslebedasauto.at\/wp-content\/uploads\/2024\/06\/IMG_7025-300x225.jpeg 300w, https:\/\/www.eslebedasauto.at\/wp-content\/uploads\/2024\/06\/IMG_7025-768x576.jpeg 768w, https:\/\/www.eslebedasauto.at\/wp-content\/uploads\/2024\/06\/IMG_7025-1536x1152.jpeg 1536w, https:\/\/www.eslebedasauto.at\/wp-content\/uploads\/2024\/06\/IMG_7025-800x600.jpeg 800w, https:\/\/www.eslebedasauto.at\/wp-content\/uploads\/2024\/06\/IMG_7025-1160x870.jpeg 1160w, https:\/\/www.eslebedasauto.at\/wp-content\/uploads\/2024\/06\/IMG_7025.jpeg 2048w\" sizes=\"(max-width: 1024px) 100vw, 1024px\" \/><\/figure>\n\n\n\n<p><strong>Geladen wird der Akku des Nissan&nbsp;Ariya&nbsp;an Schnellladern mit maximal 130 kW,<\/strong>&nbsp;an Wechselstrom-S\u00e4ulen oder entsprechenden Wallboxen flie\u00dfen optional bis zu 22 kW pro Stunde in die Batterie. Leider gibt es keine automatische Vorkonditionierung des Akkus. Zwar zeigt der Routenplaner am Navi die Restkapazit\u00e4t sowie die Ladestationen an, als Fahrer muss man das Vortemperieren jedoch eine halbe Stunde vorher manuell im Men\u00fc des Infotainment-Systems vornehmen.<\/p>\n\n\n\n<figure class=\"wp-block-gallery has-nested-images columns-default is-cropped wp-block-gallery-4 is-layout-flex wp-block-gallery-is-layout-flex\">\n<figure class=\"wp-block-image size-large\"><a href=\"https:\/\/www.eslebedasauto.at\/wp-content\/uploads\/2024\/06\/IMG_7024.jpeg\"><img loading=\"lazy\" decoding=\"async\" width=\"1024\" height=\"768\" data-id=\"95749\" src=\"https:\/\/www.eslebedasauto.at\/wp-content\/uploads\/2024\/06\/IMG_7024-1024x768.jpeg\" alt=\"\" class=\"wp-image-95749\" srcset=\"https:\/\/www.eslebedasauto.at\/wp-content\/uploads\/2024\/06\/IMG_7024-1024x768.jpeg 1024w, https:\/\/www.eslebedasauto.at\/wp-content\/uploads\/2024\/06\/IMG_7024-300x225.jpeg 300w, https:\/\/www.eslebedasauto.at\/wp-content\/uploads\/2024\/06\/IMG_7024-768x576.jpeg 768w, https:\/\/www.eslebedasauto.at\/wp-content\/uploads\/2024\/06\/IMG_7024-1536x1152.jpeg 1536w, https:\/\/www.eslebedasauto.at\/wp-content\/uploads\/2024\/06\/IMG_7024-800x600.jpeg 800w, https:\/\/www.eslebedasauto.at\/wp-content\/uploads\/2024\/06\/IMG_7024-1160x870.jpeg 1160w, https:\/\/www.eslebedasauto.at\/wp-content\/uploads\/2024\/06\/IMG_7024.jpeg 2048w\" sizes=\"(max-width: 1024px) 100vw, 1024px\" \/><\/a><\/figure>\n\n\n\n<figure class=\"wp-block-image size-large\"><a href=\"https:\/\/www.eslebedasauto.at\/wp-content\/uploads\/2024\/06\/IMG_7035.jpeg\"><img loading=\"lazy\" decoding=\"async\" width=\"1024\" height=\"768\" data-id=\"95754\" src=\"https:\/\/www.eslebedasauto.at\/wp-content\/uploads\/2024\/06\/IMG_7035-1024x768.jpeg\" alt=\"\" class=\"wp-image-95754\" srcset=\"https:\/\/www.eslebedasauto.at\/wp-content\/uploads\/2024\/06\/IMG_7035-1024x768.jpeg 1024w, https:\/\/www.eslebedasauto.at\/wp-content\/uploads\/2024\/06\/IMG_7035-300x225.jpeg 300w, https:\/\/www.eslebedasauto.at\/wp-content\/uploads\/2024\/06\/IMG_7035-768x576.jpeg 768w, https:\/\/www.eslebedasauto.at\/wp-content\/uploads\/2024\/06\/IMG_7035-1536x1152.jpeg 1536w, https:\/\/www.eslebedasauto.at\/wp-content\/uploads\/2024\/06\/IMG_7035-800x600.jpeg 800w, https:\/\/www.eslebedasauto.at\/wp-content\/uploads\/2024\/06\/IMG_7035-1160x870.jpeg 1160w, https:\/\/www.eslebedasauto.at\/wp-content\/uploads\/2024\/06\/IMG_7035.jpeg 2048w\" sizes=\"(max-width: 1024px) 100vw, 1024px\" \/><\/a><\/figure>\n<\/figure>\n\n\n\n<h4 id=\"der-nissan-ariya-bietet-sehr-hohen-fahrkomfort-und-ist-angenehm-leise-nissan-ist-die-gerauschdammung-sehr-gut-gelungen-da-hort-man-nicht-einmal-das-abrollen-der-riesigen-reifen\" class=\"wp-block-heading\">Der Nissan Ariya bietet sehr hohen Fahrkomfort und ist angenehm leise. Nissan ist die Ger\u00e4uschd\u00e4mmung  sehr gut gelungen &#8211; da h\u00f6rt man nicht einmal das Abrollen der riesigen Reifen.  <\/h4>\n\n\n\n<p>Im Innenraum gibt es viel Platz &#8211; auch in der zweiten Reihe. Der Kofferraum der Allradversion ist mit 415 Litern zwar etwas klein, kann aber durch Umklappen der R\u00fccksitze erweitert werden. Als Fahrer hat man zwei 12,3-Zoll-Displays gut im Blick &#8211; leider passt das etwas grobschlachtige Infodesign nicht ganz zum edlen Ambiente des restlichen Interieurs.<\/p>\n\n\n\n<p>Im Ariya funktioniert fast alles elektrisch &#8211; so kann man die Mittelkonsole elektrisch nach hinten verschieben, um Platz zu schaffen und auch das kleine mittlere Handschuhfach l\u00e4sst sich so \u00f6ffnen und schlie\u00dfen. Ebenfalls elektronisch, der innere R\u00fcckspiegel. Ist gew\u00f6hnungsbed\u00fcrftig und kann abgeschaltet werden.<\/p>\n\n\n\n<figure class=\"wp-block-image size-large\"><img loading=\"lazy\" decoding=\"async\" width=\"1024\" height=\"768\" src=\"https:\/\/www.eslebedasauto.at\/wp-content\/uploads\/2024\/06\/IMG_7022-1024x768.jpeg\" alt=\"\" class=\"wp-image-95748\" srcset=\"https:\/\/www.eslebedasauto.at\/wp-content\/uploads\/2024\/06\/IMG_7022-1024x768.jpeg 1024w, https:\/\/www.eslebedasauto.at\/wp-content\/uploads\/2024\/06\/IMG_7022-300x225.jpeg 300w, https:\/\/www.eslebedasauto.at\/wp-content\/uploads\/2024\/06\/IMG_7022-768x576.jpeg 768w, https:\/\/www.eslebedasauto.at\/wp-content\/uploads\/2024\/06\/IMG_7022-1536x1152.jpeg 1536w, https:\/\/www.eslebedasauto.at\/wp-content\/uploads\/2024\/06\/IMG_7022-800x600.jpeg 800w, https:\/\/www.eslebedasauto.at\/wp-content\/uploads\/2024\/06\/IMG_7022-1160x870.jpeg 1160w, https:\/\/www.eslebedasauto.at\/wp-content\/uploads\/2024\/06\/IMG_7022.jpeg 2048w\" sizes=\"(max-width: 1024px) 100vw, 1024px\" \/><\/figure>\n\n\n\n<p>Insgesamt hinterl\u00e4sst der Nissan Ariya einen sehr hochwertigen Eindruck mit Alcantara an den T\u00fcrverkleidungen und Holzdekor um das Klima-Bedienfeld herum. Er ist auch gut vernetzt und l\u00e4sst sich einfach bedienen.<\/p>\n\n\n\n<h4 id=\"nissan-ariya-225-kw-87-kwh-allrad-technische-daten\" class=\"wp-block-heading\">Nissan Ariya (225 kW, 87 kWh, Allrad) &#8211; Technische Daten<\/h4>\n\n\n\n<figure class=\"wp-block-table\"><table><tbody><tr><td>Elektroauto Modell<\/td><td><strong>Nissan Ariya (225 kW, 87 kWh, Allrad)<\/strong><\/td><\/tr><tr><td>Markteinf\u00fchrung, Produktionszeitraum<\/td><td>seit 2022<\/td><\/tr><tr><td>Fahrzeugklasse<\/td><td>SUV<\/td><\/tr><tr><td>Karosserieversion<\/td><td>Kombilimousine<\/td><\/tr><tr><td>Anzahl Sitze<\/td><td>5 Sitzpl\u00e4tze<\/td><\/tr><tr><td>Anzahl T\u00fcren<\/td><td>\u2013<\/td><\/tr><tr><td>Antriebsart<\/td><td>Allradantrieb<\/td><\/tr><tr><td>Getriebeart<\/td><td>\u2013<\/td><\/tr><tr><td>Elektromotor Typ<\/td><td>\u2013<\/td><\/tr><tr><td>Elektromotor Leistung maximal<\/td><td>225 kW (306 PS)<\/td><\/tr><tr><td>Elektromotor 30-Minuten-Leistung<\/td><td>\u2013<\/td><\/tr><tr><td>Elektromotor Drehmoment<\/td><td>600 Nm<\/td><\/tr><tr><td>Batterietyp<\/td><td>Lithium-Ionen<\/td><\/tr><tr><td>Batteriekapazit\u00e4t<\/td><td>87,0 kWh netto<\/td><\/tr><tr><td>Stromverbrauch kombiniert nach WLTP<\/td><td>20,4-19,8 kWh\/100 km<\/td><\/tr><tr><td>CO2-Emission<\/td><td>0 g\/km<\/td><\/tr><tr><td>Elektrische Reichweite kombiniert nach WLTP<\/td><td>498-513 km<\/td><\/tr><tr><td>Elektrische Reichweite st\u00e4dtisch nach WLTP<\/td><td>\u2013<\/td><\/tr><tr><td>Maximale Ladeleistung DC<\/td><td>130,0 kW, CCS<\/td><\/tr><tr><td>Maximale Ladeleistung AC<\/td><td>22,0 kW, Typ 2, dreiphasig<\/td><\/tr><tr><td>Ladezeit DC Ladestation<\/td><td>\u2013<\/td><\/tr><tr><td>Ladezeit AC Ladestation<\/td><td>\u2013<\/td><\/tr><tr><td>L\u00e4nge<\/td><td>4595 mm<\/td><\/tr><tr><td>Breite<\/td><td>1850 mm<\/td><\/tr><tr><td>Breite inklusive Au\u00dfenspiegel<\/td><td>2172 mm<\/td><\/tr><tr><td>H\u00f6he<\/td><td>1650 mm<\/td><\/tr><tr><td>Radstand<\/td><td>2775 mm<\/td><\/tr><tr><td>Leergewicht<\/td><td>2259-2315 kg<\/td><\/tr><tr><td>Zul\u00e4ssiges Gesamtgewicht<\/td><td>2655 kg<\/td><\/tr><tr><td>Zuladung<\/td><td>340-396 kg<\/td><\/tr><tr><td>St\u00fctzlast<\/td><td>75 kg<\/td><\/tr><tr><td>Dachlast<\/td><td>75 kg<\/td><\/tr><tr><td>Anh\u00e4ngelast ungebremst<\/td><td>750 kg<\/td><\/tr><tr><td>Anh\u00e4ngelast gebremst<\/td><td>1500 kg<\/td><\/tr><tr><td>Gep\u00e4ckraumvolumen<\/td><td>415 l<\/td><\/tr><tr><td>Gep\u00e4ckraumvolumen bei umgeklappter R\u00fcckbank<\/td><td>1280 l<\/td><\/tr><tr><td>H\u00f6chstgeschwindigkeit<\/td><td>200 km\/h<\/td><\/tr><tr><td>Beschleunigung 0-100 km\/h<\/td><td>5,7 s<\/td><\/tr><tr><td>Wendekreisdurchmesser<\/td><td>10,8 m<\/td><\/tr><\/tbody><\/table><\/figure>","protected":false},"excerpt":{"rendered":"<p>Wir waren mit der allradgetriebenen e-4orce Variante des Nissan Ariya unterwegs.<\/p>","protected":false},"author":1,"featured_media":95748,"comment_status":"open","ping_status":"open","sticky":false,"template":"","format":"standard","meta":{"neve_meta_sidebar":"","neve_meta_container":"","neve_meta_enable_content_width":"","neve_meta_content_width":0,"neve_meta_title_alignment":"","neve_meta_author_avatar":"","neve_post_elements_order":"","neve_meta_disable_header":"","neve_meta_disable_footer":"","neve_meta_disable_title":"","neve_meta_reading_time":"","footnotes":""},"categories":[555,335],"tags":[],"class_list":["post-94848","post","type-post","status-publish","format-standard","has-post-thumbnail","hentry","category-electrofun","category-fahrberichte"],"yoast_head":"<!-- This site is optimized with the Yoast SEO plugin v26.8 - https:\/\/yoast.com\/product\/yoast-seo-wordpress\/ -->\n<title>Unterwegs im Nissan Ariya - Es lebe das Auto<\/title>\n<meta name=\"description\" content=\"Der neue Nissan Ariya 4WD. Jetzt mit noch mehr Wumms auf der Stra\u00dfe. Es lebe das Auto hat ihn getestet und ihn f\u00fcr gut befunden.\" \/>\n<meta name=\"robots\" content=\"index, follow, max-snippet:-1, max-image-preview:large, max-video-preview:-1\" \/>\n<link rel=\"canonical\" href=\"https:\/\/www.eslebedasauto.at\/it\/nissan-ariya-e-4orce-test\/\" \/>\n<meta property=\"og:locale\" content=\"it_IT\" \/>\n<meta property=\"og:type\" content=\"article\" \/>\n<meta property=\"og:title\" content=\"Unterwegs im Nissan Ariya - Es lebe das Auto\" \/>\n<meta property=\"og:description\" content=\"Der neue Nissan Ariya 4WD. Jetzt mit noch mehr Wumms auf der Stra\u00dfe. Es lebe das Auto hat ihn getestet und ihn f\u00fcr gut befunden.\" \/>\n<meta property=\"og:url\" content=\"https:\/\/www.eslebedasauto.at\/it\/nissan-ariya-e-4orce-test\/\" \/>\n<meta property=\"og:site_name\" content=\"Es lebe das Auto\" \/>\n<meta property=\"article:publisher\" content=\"https:\/\/www.facebook.com\/eslebedasauto.at\" \/>\n<meta property=\"article:published_time\" content=\"2024-05-06T10:45:00+00:00\" \/>\n<meta property=\"article:modified_time\" content=\"2024-06-21T08:00:19+00:00\" \/>\n<meta property=\"og:image\" content=\"https:\/\/www.eslebedasauto.at\/wp-content\/uploads\/2024\/06\/IMG_7022.jpeg\" \/>\n\t<meta property=\"og:image:width\" content=\"2048\" \/>\n\t<meta property=\"og:image:height\" content=\"1536\" \/>\n\t<meta property=\"og:image:type\" content=\"image\/jpeg\" \/>\n<meta name=\"author\" content=\"Juergen\" \/>\n<meta name=\"twitter:card\" content=\"summary_large_image\" \/>\n<meta name=\"twitter:label1\" content=\"Scritto da\" \/>\n\t<meta name=\"twitter:data1\" content=\"Juergen\" \/>\n\t<meta name=\"twitter:label2\" content=\"Tempo di lettura stimato\" \/>\n\t<meta name=\"twitter:data2\" content=\"9 minuti\" \/>\n<script type=\"application\/ld+json\" class=\"yoast-schema-graph\">{\"@context\":\"https:\/\/schema.org\",\"@graph\":[{\"@type\":\"Article\",\"@id\":\"https:\/\/www.eslebedasauto.at\/nissan-ariya-e-4orce-test\/#article\",\"isPartOf\":{\"@id\":\"https:\/\/www.eslebedasauto.at\/nissan-ariya-e-4orce-test\/\"},\"author\":{\"name\":\"Juergen\",\"@id\":\"https:\/\/www.eslebedasauto.at\/#\/schema\/person\/4ecfb7fe1eb40654e5370227118c3fc2\"},\"headline\":\"Unterwegs im Nissan Ariya\",\"datePublished\":\"2024-05-06T10:45:00+00:00\",\"dateModified\":\"2024-06-21T08:00:19+00:00\",\"mainEntityOfPage\":{\"@id\":\"https:\/\/www.eslebedasauto.at\/nissan-ariya-e-4orce-test\/\"},\"wordCount\":589,\"commentCount\":0,\"publisher\":{\"@id\":\"https:\/\/www.eslebedasauto.at\/#organization\"},\"image\":{\"@id\":\"https:\/\/www.eslebedasauto.at\/nissan-ariya-e-4orce-test\/#primaryimage\"},\"thumbnailUrl\":\"https:\/\/www.eslebedasauto.at\/wp-content\/uploads\/2024\/06\/IMG_7022.jpeg\",\"articleSection\":[\"Electrofun\",\"Fahrberichte\"],\"inLanguage\":\"it-IT\",\"potentialAction\":[{\"@type\":\"CommentAction\",\"name\":\"Comment\",\"target\":[\"https:\/\/www.eslebedasauto.at\/nissan-ariya-e-4orce-test\/#respond\"]}]},{\"@type\":\"WebPage\",\"@id\":\"https:\/\/www.eslebedasauto.at\/nissan-ariya-e-4orce-test\/\",\"url\":\"https:\/\/www.eslebedasauto.at\/nissan-ariya-e-4orce-test\/\",\"name\":\"Unterwegs im Nissan Ariya - Es lebe das Auto\",\"isPartOf\":{\"@id\":\"https:\/\/www.eslebedasauto.at\/#website\"},\"primaryImageOfPage\":{\"@id\":\"https:\/\/www.eslebedasauto.at\/nissan-ariya-e-4orce-test\/#primaryimage\"},\"image\":{\"@id\":\"https:\/\/www.eslebedasauto.at\/nissan-ariya-e-4orce-test\/#primaryimage\"},\"thumbnailUrl\":\"https:\/\/www.eslebedasauto.at\/wp-content\/uploads\/2024\/06\/IMG_7022.jpeg\",\"datePublished\":\"2024-05-06T10:45:00+00:00\",\"dateModified\":\"2024-06-21T08:00:19+00:00\",\"description\":\"Der neue Nissan Ariya 4WD. Jetzt mit noch mehr Wumms auf der Stra\u00dfe. Es lebe das Auto hat ihn getestet und ihn f\u00fcr gut befunden.\",\"breadcrumb\":{\"@id\":\"https:\/\/www.eslebedasauto.at\/nissan-ariya-e-4orce-test\/#breadcrumb\"},\"inLanguage\":\"it-IT\",\"potentialAction\":[{\"@type\":\"ReadAction\",\"target\":[\"https:\/\/www.eslebedasauto.at\/nissan-ariya-e-4orce-test\/\"]}]},{\"@type\":\"ImageObject\",\"inLanguage\":\"it-IT\",\"@id\":\"https:\/\/www.eslebedasauto.at\/nissan-ariya-e-4orce-test\/#primaryimage\",\"url\":\"https:\/\/www.eslebedasauto.at\/wp-content\/uploads\/2024\/06\/IMG_7022.jpeg\",\"contentUrl\":\"https:\/\/www.eslebedasauto.at\/wp-content\/uploads\/2024\/06\/IMG_7022.jpeg\",\"width\":2048,\"height\":1536},{\"@type\":\"BreadcrumbList\",\"@id\":\"https:\/\/www.eslebedasauto.at\/nissan-ariya-e-4orce-test\/#breadcrumb\",\"itemListElement\":[{\"@type\":\"ListItem\",\"position\":1,\"name\":\"Startseite\",\"item\":\"https:\/\/www.eslebedasauto.at\/\"},{\"@type\":\"ListItem\",\"position\":2,\"name\":\"Unterwegs im Nissan Ariya\"}]},{\"@type\":\"WebSite\",\"@id\":\"https:\/\/www.eslebedasauto.at\/#website\",\"url\":\"https:\/\/www.eslebedasauto.at\/\",\"name\":\"Es lebe das Auto\",\"description\":\"ein Hoch auf den Individualverkehr\",\"publisher\":{\"@id\":\"https:\/\/www.eslebedasauto.at\/#organization\"},\"potentialAction\":[{\"@type\":\"SearchAction\",\"target\":{\"@type\":\"EntryPoint\",\"urlTemplate\":\"https:\/\/www.eslebedasauto.at\/?s={search_term_string}\"},\"query-input\":{\"@type\":\"PropertyValueSpecification\",\"valueRequired\":true,\"valueName\":\"search_term_string\"}}],\"inLanguage\":\"it-IT\"},{\"@type\":\"Organization\",\"@id\":\"https:\/\/www.eslebedasauto.at\/#organization\",\"name\":\"eslebedasauto\",\"url\":\"https:\/\/www.eslebedasauto.at\/\",\"logo\":{\"@type\":\"ImageObject\",\"inLanguage\":\"it-IT\",\"@id\":\"https:\/\/www.eslebedasauto.at\/#\/schema\/logo\/image\/\",\"url\":\"https:\/\/www.eslebedasauto.at\/wp-content\/uploads\/2025\/10\/eldarund.png\",\"contentUrl\":\"https:\/\/www.eslebedasauto.at\/wp-content\/uploads\/2025\/10\/eldarund.png\",\"width\":1024,\"height\":1024,\"caption\":\"eslebedasauto\"},\"image\":{\"@id\":\"https:\/\/www.eslebedasauto.at\/#\/schema\/logo\/image\/\"},\"sameAs\":[\"https:\/\/www.facebook.com\/eslebedasauto.at\",\"https:\/\/www.instagram.com\/es_lebe_das_auto\/\"]},{\"@type\":\"Person\",\"@id\":\"https:\/\/www.eslebedasauto.at\/#\/schema\/person\/4ecfb7fe1eb40654e5370227118c3fc2\",\"name\":\"Juergen\",\"url\":\"https:\/\/www.eslebedasauto.at\/it\/author\/netzwerkkapitaene-og\/\"}]}<\/script>\n<!-- \/ Yoast SEO plugin. -->","yoast_head_json":{"title":"Unterwegs im Nissan Ariya - Es lebe das Auto","description":"Der neue Nissan Ariya 4WD. Jetzt mit noch mehr Wumms auf der Stra\u00dfe. Es lebe das Auto hat ihn getestet und ihn f\u00fcr gut befunden.","robots":{"index":"index","follow":"follow","max-snippet":"max-snippet:-1","max-image-preview":"max-image-preview:large","max-video-preview":"max-video-preview:-1"},"canonical":"https:\/\/www.eslebedasauto.at\/it\/nissan-ariya-e-4orce-test\/","og_locale":"it_IT","og_type":"article","og_title":"Unterwegs im Nissan Ariya - Es lebe das Auto","og_description":"Der neue Nissan Ariya 4WD. Jetzt mit noch mehr Wumms auf der Stra\u00dfe. Es lebe das Auto hat ihn getestet und ihn f\u00fcr gut befunden.","og_url":"https:\/\/www.eslebedasauto.at\/it\/nissan-ariya-e-4orce-test\/","og_site_name":"Es lebe das Auto","article_publisher":"https:\/\/www.facebook.com\/eslebedasauto.at","article_published_time":"2024-05-06T10:45:00+00:00","article_modified_time":"2024-06-21T08:00:19+00:00","og_image":[{"width":2048,"height":1536,"url":"https:\/\/www.eslebedasauto.at\/wp-content\/uploads\/2024\/06\/IMG_7022.jpeg","type":"image\/jpeg"}],"author":"Juergen","twitter_card":"summary_large_image","twitter_misc":{"Scritto da":"Juergen","Tempo di lettura stimato":"9 minuti"},"schema":{"@context":"https:\/\/schema.org","@graph":[{"@type":"Article","@id":"https:\/\/www.eslebedasauto.at\/nissan-ariya-e-4orce-test\/#article","isPartOf":{"@id":"https:\/\/www.eslebedasauto.at\/nissan-ariya-e-4orce-test\/"},"author":{"name":"Juergen","@id":"https:\/\/www.eslebedasauto.at\/#\/schema\/person\/4ecfb7fe1eb40654e5370227118c3fc2"},"headline":"Unterwegs im Nissan Ariya","datePublished":"2024-05-06T10:45:00+00:00","dateModified":"2024-06-21T08:00:19+00:00","mainEntityOfPage":{"@id":"https:\/\/www.eslebedasauto.at\/nissan-ariya-e-4orce-test\/"},"wordCount":589,"commentCount":0,"publisher":{"@id":"https:\/\/www.eslebedasauto.at\/#organization"},"image":{"@id":"https:\/\/www.eslebedasauto.at\/nissan-ariya-e-4orce-test\/#primaryimage"},"thumbnailUrl":"https:\/\/www.eslebedasauto.at\/wp-content\/uploads\/2024\/06\/IMG_7022.jpeg","articleSection":["Electrofun","Fahrberichte"],"inLanguage":"it-IT","potentialAction":[{"@type":"CommentAction","name":"Comment","target":["https:\/\/www.eslebedasauto.at\/nissan-ariya-e-4orce-test\/#respond"]}]},{"@type":"WebPage","@id":"https:\/\/www.eslebedasauto.at\/nissan-ariya-e-4orce-test\/","url":"https:\/\/www.eslebedasauto.at\/nissan-ariya-e-4orce-test\/","name":"Unterwegs im Nissan Ariya - Es lebe das Auto","isPartOf":{"@id":"https:\/\/www.eslebedasauto.at\/#website"},"primaryImageOfPage":{"@id":"https:\/\/www.eslebedasauto.at\/nissan-ariya-e-4orce-test\/#primaryimage"},"image":{"@id":"https:\/\/www.eslebedasauto.at\/nissan-ariya-e-4orce-test\/#primaryimage"},"thumbnailUrl":"https:\/\/www.eslebedasauto.at\/wp-content\/uploads\/2024\/06\/IMG_7022.jpeg","datePublished":"2024-05-06T10:45:00+00:00","dateModified":"2024-06-21T08:00:19+00:00","description":"Der neue Nissan Ariya 4WD. Jetzt mit noch mehr Wumms auf der Stra\u00dfe. Es lebe das Auto hat ihn getestet und ihn f\u00fcr gut befunden.","breadcrumb":{"@id":"https:\/\/www.eslebedasauto.at\/nissan-ariya-e-4orce-test\/#breadcrumb"},"inLanguage":"it-IT","potentialAction":[{"@type":"ReadAction","target":["https:\/\/www.eslebedasauto.at\/nissan-ariya-e-4orce-test\/"]}]},{"@type":"ImageObject","inLanguage":"it-IT","@id":"https:\/\/www.eslebedasauto.at\/nissan-ariya-e-4orce-test\/#primaryimage","url":"https:\/\/www.eslebedasauto.at\/wp-content\/uploads\/2024\/06\/IMG_7022.jpeg","contentUrl":"https:\/\/www.eslebedasauto.at\/wp-content\/uploads\/2024\/06\/IMG_7022.jpeg","width":2048,"height":1536},{"@type":"BreadcrumbList","@id":"https:\/\/www.eslebedasauto.at\/nissan-ariya-e-4orce-test\/#breadcrumb","itemListElement":[{"@type":"ListItem","position":1,"name":"Startseite","item":"https:\/\/www.eslebedasauto.at\/"},{"@type":"ListItem","position":2,"name":"Unterwegs im Nissan Ariya"}]},{"@type":"WebSite","@id":"https:\/\/www.eslebedasauto.at\/#website","url":"https:\/\/www.eslebedasauto.at\/","name":"Es lebe das Auto","description":"ein Hoch auf den Individualverkehr","publisher":{"@id":"https:\/\/www.eslebedasauto.at\/#organization"},"potentialAction":[{"@type":"SearchAction","target":{"@type":"EntryPoint","urlTemplate":"https:\/\/www.eslebedasauto.at\/?s={search_term_string}"},"query-input":{"@type":"PropertyValueSpecification","valueRequired":true,"valueName":"search_term_string"}}],"inLanguage":"it-IT"},{"@type":"Organization","@id":"https:\/\/www.eslebedasauto.at\/#organization","name":"eslebedasauto","url":"https:\/\/www.eslebedasauto.at\/","logo":{"@type":"ImageObject","inLanguage":"it-IT","@id":"https:\/\/www.eslebedasauto.at\/#\/schema\/logo\/image\/","url":"https:\/\/www.eslebedasauto.at\/wp-content\/uploads\/2025\/10\/eldarund.png","contentUrl":"https:\/\/www.eslebedasauto.at\/wp-content\/uploads\/2025\/10\/eldarund.png","width":1024,"height":1024,"caption":"eslebedasauto"},"image":{"@id":"https:\/\/www.eslebedasauto.at\/#\/schema\/logo\/image\/"},"sameAs":["https:\/\/www.facebook.com\/eslebedasauto.at","https:\/\/www.instagram.com\/es_lebe_das_auto\/"]},{"@type":"Person","@id":"https:\/\/www.eslebedasauto.at\/#\/schema\/person\/4ecfb7fe1eb40654e5370227118c3fc2","name":"Juergen","url":"https:\/\/www.eslebedasauto.at\/it\/author\/netzwerkkapitaene-og\/"}]}},"_links":{"self":[{"href":"https:\/\/www.eslebedasauto.at\/it\/wp-json\/wp\/v2\/posts\/94848","targetHints":{"allow":["GET"]}}],"collection":[{"href":"https:\/\/www.eslebedasauto.at\/it\/wp-json\/wp\/v2\/posts"}],"about":[{"href":"https:\/\/www.eslebedasauto.at\/it\/wp-json\/wp\/v2\/types\/post"}],"author":[{"embeddable":true,"href":"https:\/\/www.eslebedasauto.at\/it\/wp-json\/wp\/v2\/users\/1"}],"replies":[{"embeddable":true,"href":"https:\/\/www.eslebedasauto.at\/it\/wp-json\/wp\/v2\/comments?post=94848"}],"version-history":[{"count":7,"href":"https:\/\/www.eslebedasauto.at\/it\/wp-json\/wp\/v2\/posts\/94848\/revisions"}],"predecessor-version":[{"id":95800,"href":"https:\/\/www.eslebedasauto.at\/it\/wp-json\/wp\/v2\/posts\/94848\/revisions\/95800"}],"wp:featuredmedia":[{"embeddable":true,"href":"https:\/\/www.eslebedasauto.at\/it\/wp-json\/wp\/v2\/media\/95748"}],"wp:attachment":[{"href":"https:\/\/www.eslebedasauto.at\/it\/wp-json\/wp\/v2\/media?parent=94848"}],"wp:term":[{"taxonomy":"category","embeddable":true,"href":"https:\/\/www.eslebedasauto.at\/it\/wp-json\/wp\/v2\/categories?post=94848"},{"taxonomy":"post_tag","embeddable":true,"href":"https:\/\/www.eslebedasauto.at\/it\/wp-json\/wp\/v2\/tags?post=94848"}],"curies":[{"name":"wp","href":"https:\/\/api.w.org\/{rel}","templated":true}]}}