{"id":94427,"date":"2024-01-12T12:34:34","date_gmt":"2024-01-12T11:34:34","guid":{"rendered":"https:\/\/www.eslebedasauto.at\/?p=94427"},"modified":"2024-01-12T12:35:37","modified_gmt":"2024-01-12T11:35:37","slug":"toyota-gr-yaris-2024","status":"publish","type":"post","link":"https:\/\/www.eslebedasauto.at\/it\/toyota-gr-yaris-2024\/","title":{"rendered":"Der neue Toyota GR Yaris"},"content":{"rendered":"<p><\/p>\n\n\n\n<h2 id=\"nichts-weniger-als-der-starkste-serien-dreizylinder-aller-zeiten-verrichtet-in-neuen-gr-yaris-jahrgang-seine-dienste\" class=\"wp-block-heading\">Nichts weniger als der st\u00e4rkste Serien-Dreizylinder aller Zeiten verrichtet in neuen GR Yaris Jahrgang seine Dienste.<\/h2>\n\n\n\n<figure class=\"wp-block-image size-large\"><img fetchpriority=\"high\" decoding=\"async\" width=\"1024\" height=\"768\" src=\"https:\/\/www.eslebedasauto.at\/wp-content\/uploads\/2024\/01\/84783-toyota-yaris-gr-front-3-4-1024x768.jpg\" alt=\"\" class=\"wp-image-94430\" srcset=\"https:\/\/www.eslebedasauto.at\/wp-content\/uploads\/2024\/01\/84783-toyota-yaris-gr-front-3-4-1024x768.jpg 1024w, https:\/\/www.eslebedasauto.at\/wp-content\/uploads\/2024\/01\/84783-toyota-yaris-gr-front-3-4-300x225.jpg 300w, https:\/\/www.eslebedasauto.at\/wp-content\/uploads\/2024\/01\/84783-toyota-yaris-gr-front-3-4-768x576.jpg 768w, https:\/\/www.eslebedasauto.at\/wp-content\/uploads\/2024\/01\/84783-toyota-yaris-gr-front-3-4-1536x1152.jpg 1536w, https:\/\/www.eslebedasauto.at\/wp-content\/uploads\/2024\/01\/84783-toyota-yaris-gr-front-3-4-2048x1537.jpg 2048w, https:\/\/www.eslebedasauto.at\/wp-content\/uploads\/2024\/01\/84783-toyota-yaris-gr-front-3-4-800x600.jpg 800w, https:\/\/www.eslebedasauto.at\/wp-content\/uploads\/2024\/01\/84783-toyota-yaris-gr-front-3-4-1160x870.jpg 1160w\" sizes=\"(max-width: 1024px) 100vw, 1024px\" \/><\/figure>\n\n\n\n<p>Er serviert satte 280 PS an alle Viere und ist an ein neues Achtgang-Automatikgetriebe gekoppelt. Gazoo Racing verst\u00e4rkte zudem das Sportfahrwerk und gestaltete das Interieur des kleinen Sportlers v\u00f6llig neu. Ziel war es, ein noch authentischeres Sportwagengef\u00fchl zu erzielen.<\/p>\n\n\n\n<figure class=\"wp-block-image size-large\"><img decoding=\"async\" width=\"768\" height=\"1024\" src=\"https:\/\/www.eslebedasauto.at\/wp-content\/uploads\/2024\/01\/84793-toyota-yaris-studio-gr-badge-steering-wheel-start-stop-21-768x1024.jpg\" alt=\"\" class=\"wp-image-94428\" srcset=\"https:\/\/www.eslebedasauto.at\/wp-content\/uploads\/2024\/01\/84793-toyota-yaris-studio-gr-badge-steering-wheel-start-stop-21-768x1024.jpg 768w, https:\/\/www.eslebedasauto.at\/wp-content\/uploads\/2024\/01\/84793-toyota-yaris-studio-gr-badge-steering-wheel-start-stop-21-225x300.jpg 225w, https:\/\/www.eslebedasauto.at\/wp-content\/uploads\/2024\/01\/84793-toyota-yaris-studio-gr-badge-steering-wheel-start-stop-21-1152x1536.jpg 1152w, https:\/\/www.eslebedasauto.at\/wp-content\/uploads\/2024\/01\/84793-toyota-yaris-studio-gr-badge-steering-wheel-start-stop-21-1536x2048.jpg 1536w, https:\/\/www.eslebedasauto.at\/wp-content\/uploads\/2024\/01\/84793-toyota-yaris-studio-gr-badge-steering-wheel-start-stop-21-800x1067.jpg 800w, https:\/\/www.eslebedasauto.at\/wp-content\/uploads\/2024\/01\/84793-toyota-yaris-studio-gr-badge-steering-wheel-start-stop-21-1160x1547.jpg 1160w, https:\/\/www.eslebedasauto.at\/wp-content\/uploads\/2024\/01\/84793-toyota-yaris-studio-gr-badge-steering-wheel-start-stop-21-scaled.jpg 1919w\" sizes=\"(max-width: 768px) 100vw, 768px\" \/><\/figure>\n\n\n\n<p>Premiere feiert der neue Toyota GR Yaris am Tokyo Auto Salon ab 12.1.2024.<\/p>","protected":false},"excerpt":{"rendered":"<p>Toyota versch\u00e4rft seinen Parade-Kompaktsportler GR Yaris und verpasst ihm den st\u00e4rksten Dreizylindermotor aller Zeiten.<\/p>","protected":false},"author":2,"featured_media":94429,"comment_status":"open","ping_status":"open","sticky":false,"template":"","format":"standard","meta":{"neve_meta_sidebar":"","neve_meta_container":"","neve_meta_enable_content_width":"","neve_meta_content_width":0,"neve_meta_title_alignment":"","neve_meta_author_avatar":"","neve_post_elements_order":"","neve_meta_disable_header":"","neve_meta_disable_footer":"","neve_meta_disable_title":"","neve_meta_reading_time":"","footnotes":""},"categories":[14,598],"tags":[],"class_list":["post-94427","post","type-post","status-publish","format-standard","has-post-thumbnail","hentry","category-benzin","category-shortmotornews"],"yoast_head":"<!-- This site is optimized with the Yoast SEO plugin v26.8 - https:\/\/yoast.com\/product\/yoast-seo-wordpress\/ -->\n<title>Der neue Toyota GR Yaris - Es lebe das Auto<\/title>\n<meta name=\"description\" content=\"Toyota versch\u00e4rft seinen Parade-Kompaktsportler GR Yaris und verpasst ihm den st\u00e4rksten Dreizylindermotor aller Zeiten.\" \/>\n<meta name=\"robots\" content=\"index, follow, max-snippet:-1, max-image-preview:large, max-video-preview:-1\" \/>\n<link rel=\"canonical\" href=\"https:\/\/www.eslebedasauto.at\/it\/toyota-gr-yaris-2024\/\" \/>\n<meta property=\"og:locale\" content=\"it_IT\" \/>\n<meta property=\"og:type\" content=\"article\" \/>\n<meta property=\"og:title\" content=\"Der neue Toyota GR Yaris - Es lebe das Auto\" \/>\n<meta property=\"og:description\" content=\"Toyota versch\u00e4rft seinen Parade-Kompaktsportler GR Yaris und verpasst ihm den st\u00e4rksten Dreizylindermotor aller Zeiten.\" \/>\n<meta property=\"og:url\" content=\"https:\/\/www.eslebedasauto.at\/it\/toyota-gr-yaris-2024\/\" \/>\n<meta property=\"og:site_name\" content=\"Es lebe das Auto\" \/>\n<meta property=\"article:publisher\" content=\"https:\/\/www.facebook.com\/eslebedasauto.at\" \/>\n<meta property=\"article:published_time\" content=\"2024-01-12T11:34:34+00:00\" \/>\n<meta property=\"article:modified_time\" content=\"2024-01-12T11:35:37+00:00\" \/>\n<meta property=\"og:image\" content=\"https:\/\/www.eslebedasauto.at\/wp-content\/uploads\/2024\/01\/84789-toyota-yaris-gr-sidetotal-scaled.jpg\" \/>\n\t<meta property=\"og:image:width\" content=\"2560\" \/>\n\t<meta property=\"og:image:height\" content=\"1919\" \/>\n\t<meta property=\"og:image:type\" content=\"image\/jpeg\" \/>\n<meta name=\"author\" content=\"gerhard\" \/>\n<meta name=\"twitter:card\" content=\"summary_large_image\" \/>\n<meta name=\"twitter:label1\" content=\"Scritto da\" \/>\n\t<meta name=\"twitter:data1\" content=\"gerhard\" \/>\n\t<meta name=\"twitter:label2\" content=\"Tempo di lettura stimato\" \/>\n\t<meta name=\"twitter:data2\" content=\"1 minuto\" \/>\n<script type=\"application\/ld+json\" class=\"yoast-schema-graph\">{\"@context\":\"https:\/\/schema.org\",\"@graph\":[{\"@type\":\"Article\",\"@id\":\"https:\/\/www.eslebedasauto.at\/toyota-gr-yaris-2024\/#article\",\"isPartOf\":{\"@id\":\"https:\/\/www.eslebedasauto.at\/toyota-gr-yaris-2024\/\"},\"author\":{\"name\":\"gerhard\",\"@id\":\"https:\/\/www.eslebedasauto.at\/#\/schema\/person\/fb81218b0bed500d225ff518f9f17033\"},\"headline\":\"Der neue Toyota GR Yaris\",\"datePublished\":\"2024-01-12T11:34:34+00:00\",\"dateModified\":\"2024-01-12T11:35:37+00:00\",\"mainEntityOfPage\":{\"@id\":\"https:\/\/www.eslebedasauto.at\/toyota-gr-yaris-2024\/\"},\"wordCount\":75,\"commentCount\":0,\"publisher\":{\"@id\":\"https:\/\/www.eslebedasauto.at\/#organization\"},\"image\":{\"@id\":\"https:\/\/www.eslebedasauto.at\/toyota-gr-yaris-2024\/#primaryimage\"},\"thumbnailUrl\":\"https:\/\/www.eslebedasauto.at\/wp-content\/uploads\/2024\/01\/84789-toyota-yaris-gr-sidetotal-scaled.jpg\",\"articleSection\":[\"Benzin\",\"Shortmotornews\"],\"inLanguage\":\"it-IT\",\"potentialAction\":[{\"@type\":\"CommentAction\",\"name\":\"Comment\",\"target\":[\"https:\/\/www.eslebedasauto.at\/toyota-gr-yaris-2024\/#respond\"]}]},{\"@type\":\"WebPage\",\"@id\":\"https:\/\/www.eslebedasauto.at\/toyota-gr-yaris-2024\/\",\"url\":\"https:\/\/www.eslebedasauto.at\/toyota-gr-yaris-2024\/\",\"name\":\"Der neue Toyota GR Yaris - Es lebe das Auto\",\"isPartOf\":{\"@id\":\"https:\/\/www.eslebedasauto.at\/#website\"},\"primaryImageOfPage\":{\"@id\":\"https:\/\/www.eslebedasauto.at\/toyota-gr-yaris-2024\/#primaryimage\"},\"image\":{\"@id\":\"https:\/\/www.eslebedasauto.at\/toyota-gr-yaris-2024\/#primaryimage\"},\"thumbnailUrl\":\"https:\/\/www.eslebedasauto.at\/wp-content\/uploads\/2024\/01\/84789-toyota-yaris-gr-sidetotal-scaled.jpg\",\"datePublished\":\"2024-01-12T11:34:34+00:00\",\"dateModified\":\"2024-01-12T11:35:37+00:00\",\"description\":\"Toyota versch\u00e4rft seinen Parade-Kompaktsportler GR Yaris und verpasst ihm den st\u00e4rksten Dreizylindermotor aller Zeiten.\",\"breadcrumb\":{\"@id\":\"https:\/\/www.eslebedasauto.at\/toyota-gr-yaris-2024\/#breadcrumb\"},\"inLanguage\":\"it-IT\",\"potentialAction\":[{\"@type\":\"ReadAction\",\"target\":[\"https:\/\/www.eslebedasauto.at\/toyota-gr-yaris-2024\/\"]}]},{\"@type\":\"ImageObject\",\"inLanguage\":\"it-IT\",\"@id\":\"https:\/\/www.eslebedasauto.at\/toyota-gr-yaris-2024\/#primaryimage\",\"url\":\"https:\/\/www.eslebedasauto.at\/wp-content\/uploads\/2024\/01\/84789-toyota-yaris-gr-sidetotal-scaled.jpg\",\"contentUrl\":\"https:\/\/www.eslebedasauto.at\/wp-content\/uploads\/2024\/01\/84789-toyota-yaris-gr-sidetotal-scaled.jpg\",\"width\":2560,\"height\":1919},{\"@type\":\"BreadcrumbList\",\"@id\":\"https:\/\/www.eslebedasauto.at\/toyota-gr-yaris-2024\/#breadcrumb\",\"itemListElement\":[{\"@type\":\"ListItem\",\"position\":1,\"name\":\"Startseite\",\"item\":\"https:\/\/www.eslebedasauto.at\/\"},{\"@type\":\"ListItem\",\"position\":2,\"name\":\"Der neue Toyota GR Yaris\"}]},{\"@type\":\"WebSite\",\"@id\":\"https:\/\/www.eslebedasauto.at\/#website\",\"url\":\"https:\/\/www.eslebedasauto.at\/\",\"name\":\"Es lebe das Auto\",\"description\":\"ein Hoch auf den Individualverkehr\",\"publisher\":{\"@id\":\"https:\/\/www.eslebedasauto.at\/#organization\"},\"potentialAction\":[{\"@type\":\"SearchAction\",\"target\":{\"@type\":\"EntryPoint\",\"urlTemplate\":\"https:\/\/www.eslebedasauto.at\/?s={search_term_string}\"},\"query-input\":{\"@type\":\"PropertyValueSpecification\",\"valueRequired\":true,\"valueName\":\"search_term_string\"}}],\"inLanguage\":\"it-IT\"},{\"@type\":\"Organization\",\"@id\":\"https:\/\/www.eslebedasauto.at\/#organization\",\"name\":\"eslebedasauto\",\"url\":\"https:\/\/www.eslebedasauto.at\/\",\"logo\":{\"@type\":\"ImageObject\",\"inLanguage\":\"it-IT\",\"@id\":\"https:\/\/www.eslebedasauto.at\/#\/schema\/logo\/image\/\",\"url\":\"https:\/\/www.eslebedasauto.at\/wp-content\/uploads\/2025\/10\/eldarund.png\",\"contentUrl\":\"https:\/\/www.eslebedasauto.at\/wp-content\/uploads\/2025\/10\/eldarund.png\",\"width\":1024,\"height\":1024,\"caption\":\"eslebedasauto\"},\"image\":{\"@id\":\"https:\/\/www.eslebedasauto.at\/#\/schema\/logo\/image\/\"},\"sameAs\":[\"https:\/\/www.facebook.com\/eslebedasauto.at\",\"https:\/\/www.instagram.com\/es_lebe_das_auto\/\"]},{\"@type\":\"Person\",\"@id\":\"https:\/\/www.eslebedasauto.at\/#\/schema\/person\/fb81218b0bed500d225ff518f9f17033\",\"name\":\"gerhard\",\"url\":\"https:\/\/www.eslebedasauto.at\/it\/author\/gerhard\/\"}]}<\/script>\n<!-- \/ Yoast SEO plugin. -->","yoast_head_json":{"title":"Der neue Toyota GR Yaris - Es lebe das Auto","description":"Toyota versch\u00e4rft seinen Parade-Kompaktsportler GR Yaris und verpasst ihm den st\u00e4rksten Dreizylindermotor aller Zeiten.","robots":{"index":"index","follow":"follow","max-snippet":"max-snippet:-1","max-image-preview":"max-image-preview:large","max-video-preview":"max-video-preview:-1"},"canonical":"https:\/\/www.eslebedasauto.at\/it\/toyota-gr-yaris-2024\/","og_locale":"it_IT","og_type":"article","og_title":"Der neue Toyota GR Yaris - Es lebe das Auto","og_description":"Toyota versch\u00e4rft seinen Parade-Kompaktsportler GR Yaris und verpasst ihm den st\u00e4rksten Dreizylindermotor aller Zeiten.","og_url":"https:\/\/www.eslebedasauto.at\/it\/toyota-gr-yaris-2024\/","og_site_name":"Es lebe das Auto","article_publisher":"https:\/\/www.facebook.com\/eslebedasauto.at","article_published_time":"2024-01-12T11:34:34+00:00","article_modified_time":"2024-01-12T11:35:37+00:00","og_image":[{"width":2560,"height":1919,"url":"https:\/\/www.eslebedasauto.at\/wp-content\/uploads\/2024\/01\/84789-toyota-yaris-gr-sidetotal-scaled.jpg","type":"image\/jpeg"}],"author":"gerhard","twitter_card":"summary_large_image","twitter_misc":{"Scritto da":"gerhard","Tempo di lettura stimato":"1 minuto"},"schema":{"@context":"https:\/\/schema.org","@graph":[{"@type":"Article","@id":"https:\/\/www.eslebedasauto.at\/toyota-gr-yaris-2024\/#article","isPartOf":{"@id":"https:\/\/www.eslebedasauto.at\/toyota-gr-yaris-2024\/"},"author":{"name":"gerhard","@id":"https:\/\/www.eslebedasauto.at\/#\/schema\/person\/fb81218b0bed500d225ff518f9f17033"},"headline":"Der neue Toyota GR Yaris","datePublished":"2024-01-12T11:34:34+00:00","dateModified":"2024-01-12T11:35:37+00:00","mainEntityOfPage":{"@id":"https:\/\/www.eslebedasauto.at\/toyota-gr-yaris-2024\/"},"wordCount":75,"commentCount":0,"publisher":{"@id":"https:\/\/www.eslebedasauto.at\/#organization"},"image":{"@id":"https:\/\/www.eslebedasauto.at\/toyota-gr-yaris-2024\/#primaryimage"},"thumbnailUrl":"https:\/\/www.eslebedasauto.at\/wp-content\/uploads\/2024\/01\/84789-toyota-yaris-gr-sidetotal-scaled.jpg","articleSection":["Benzin","Shortmotornews"],"inLanguage":"it-IT","potentialAction":[{"@type":"CommentAction","name":"Comment","target":["https:\/\/www.eslebedasauto.at\/toyota-gr-yaris-2024\/#respond"]}]},{"@type":"WebPage","@id":"https:\/\/www.eslebedasauto.at\/toyota-gr-yaris-2024\/","url":"https:\/\/www.eslebedasauto.at\/toyota-gr-yaris-2024\/","name":"Der neue Toyota GR Yaris - Es lebe das Auto","isPartOf":{"@id":"https:\/\/www.eslebedasauto.at\/#website"},"primaryImageOfPage":{"@id":"https:\/\/www.eslebedasauto.at\/toyota-gr-yaris-2024\/#primaryimage"},"image":{"@id":"https:\/\/www.eslebedasauto.at\/toyota-gr-yaris-2024\/#primaryimage"},"thumbnailUrl":"https:\/\/www.eslebedasauto.at\/wp-content\/uploads\/2024\/01\/84789-toyota-yaris-gr-sidetotal-scaled.jpg","datePublished":"2024-01-12T11:34:34+00:00","dateModified":"2024-01-12T11:35:37+00:00","description":"Toyota versch\u00e4rft seinen Parade-Kompaktsportler GR Yaris und verpasst ihm den st\u00e4rksten Dreizylindermotor aller Zeiten.","breadcrumb":{"@id":"https:\/\/www.eslebedasauto.at\/toyota-gr-yaris-2024\/#breadcrumb"},"inLanguage":"it-IT","potentialAction":[{"@type":"ReadAction","target":["https:\/\/www.eslebedasauto.at\/toyota-gr-yaris-2024\/"]}]},{"@type":"ImageObject","inLanguage":"it-IT","@id":"https:\/\/www.eslebedasauto.at\/toyota-gr-yaris-2024\/#primaryimage","url":"https:\/\/www.eslebedasauto.at\/wp-content\/uploads\/2024\/01\/84789-toyota-yaris-gr-sidetotal-scaled.jpg","contentUrl":"https:\/\/www.eslebedasauto.at\/wp-content\/uploads\/2024\/01\/84789-toyota-yaris-gr-sidetotal-scaled.jpg","width":2560,"height":1919},{"@type":"BreadcrumbList","@id":"https:\/\/www.eslebedasauto.at\/toyota-gr-yaris-2024\/#breadcrumb","itemListElement":[{"@type":"ListItem","position":1,"name":"Startseite","item":"https:\/\/www.eslebedasauto.at\/"},{"@type":"ListItem","position":2,"name":"Der neue Toyota GR Yaris"}]},{"@type":"WebSite","@id":"https:\/\/www.eslebedasauto.at\/#website","url":"https:\/\/www.eslebedasauto.at\/","name":"Es lebe das Auto","description":"ein Hoch auf den Individualverkehr","publisher":{"@id":"https:\/\/www.eslebedasauto.at\/#organization"},"potentialAction":[{"@type":"SearchAction","target":{"@type":"EntryPoint","urlTemplate":"https:\/\/www.eslebedasauto.at\/?s={search_term_string}"},"query-input":{"@type":"PropertyValueSpecification","valueRequired":true,"valueName":"search_term_string"}}],"inLanguage":"it-IT"},{"@type":"Organization","@id":"https:\/\/www.eslebedasauto.at\/#organization","name":"eslebedasauto","url":"https:\/\/www.eslebedasauto.at\/","logo":{"@type":"ImageObject","inLanguage":"it-IT","@id":"https:\/\/www.eslebedasauto.at\/#\/schema\/logo\/image\/","url":"https:\/\/www.eslebedasauto.at\/wp-content\/uploads\/2025\/10\/eldarund.png","contentUrl":"https:\/\/www.eslebedasauto.at\/wp-content\/uploads\/2025\/10\/eldarund.png","width":1024,"height":1024,"caption":"eslebedasauto"},"image":{"@id":"https:\/\/www.eslebedasauto.at\/#\/schema\/logo\/image\/"},"sameAs":["https:\/\/www.facebook.com\/eslebedasauto.at","https:\/\/www.instagram.com\/es_lebe_das_auto\/"]},{"@type":"Person","@id":"https:\/\/www.eslebedasauto.at\/#\/schema\/person\/fb81218b0bed500d225ff518f9f17033","name":"gerhard","url":"https:\/\/www.eslebedasauto.at\/it\/author\/gerhard\/"}]}},"_links":{"self":[{"href":"https:\/\/www.eslebedasauto.at\/it\/wp-json\/wp\/v2\/posts\/94427","targetHints":{"allow":["GET"]}}],"collection":[{"href":"https:\/\/www.eslebedasauto.at\/it\/wp-json\/wp\/v2\/posts"}],"about":[{"href":"https:\/\/www.eslebedasauto.at\/it\/wp-json\/wp\/v2\/types\/post"}],"author":[{"embeddable":true,"href":"https:\/\/www.eslebedasauto.at\/it\/wp-json\/wp\/v2\/users\/2"}],"replies":[{"embeddable":true,"href":"https:\/\/www.eslebedasauto.at\/it\/wp-json\/wp\/v2\/comments?post=94427"}],"version-history":[{"count":1,"href":"https:\/\/www.eslebedasauto.at\/it\/wp-json\/wp\/v2\/posts\/94427\/revisions"}],"predecessor-version":[{"id":94431,"href":"https:\/\/www.eslebedasauto.at\/it\/wp-json\/wp\/v2\/posts\/94427\/revisions\/94431"}],"wp:featuredmedia":[{"embeddable":true,"href":"https:\/\/www.eslebedasauto.at\/it\/wp-json\/wp\/v2\/media\/94429"}],"wp:attachment":[{"href":"https:\/\/www.eslebedasauto.at\/it\/wp-json\/wp\/v2\/media?parent=94427"}],"wp:term":[{"taxonomy":"category","embeddable":true,"href":"https:\/\/www.eslebedasauto.at\/it\/wp-json\/wp\/v2\/categories?post=94427"},{"taxonomy":"post_tag","embeddable":true,"href":"https:\/\/www.eslebedasauto.at\/it\/wp-json\/wp\/v2\/tags?post=94427"}],"curies":[{"name":"wp","href":"https:\/\/api.w.org\/{rel}","templated":true}]}}