{"id":94423,"date":"2024-01-12T12:30:01","date_gmt":"2024-01-12T11:30:01","guid":{"rendered":"https:\/\/www.eslebedasauto.at\/?p=94423"},"modified":"2024-01-12T12:36:11","modified_gmt":"2024-01-12T11:36:11","slug":"abarth-600e-neu","status":"publish","type":"post","link":"https:\/\/www.eslebedasauto.at\/it\/abarth-600e-neu\/","title":{"rendered":"Abarth legt nach."},"content":{"rendered":"<h2 id=\"mit-dem-500e-hat-abarth-im-vergangenen-jahr-sein-erstes-elektroauto-auf-den-markt-gebracht-jetzt-folgt-ein-kraftiger-nachschlag\" class=\"wp-block-heading\">Mit dem <a href=\"https:\/\/www.eslebedasauto.at\/it\/abarth-500e-cabrio-test\/\">500e <\/a>hat Abarth im vergangenen Jahr sein erstes Elektroauto auf den Markt gebracht. Jetzt folgt ein kr\u00e4ftiger Nachschlag.<\/h2>\n\n\n\n<figure class=\"wp-block-image size-large\"><img fetchpriority=\"high\" decoding=\"async\" width=\"1024\" height=\"683\" src=\"https:\/\/www.eslebedasauto.at\/wp-content\/uploads\/2024\/01\/ampnet_photo_20240111_232032-1024x683.jpg\" alt=\"\" class=\"wp-image-94424\" srcset=\"https:\/\/www.eslebedasauto.at\/wp-content\/uploads\/2024\/01\/ampnet_photo_20240111_232032-1024x683.jpg 1024w, https:\/\/www.eslebedasauto.at\/wp-content\/uploads\/2024\/01\/ampnet_photo_20240111_232032-300x200.jpg 300w, https:\/\/www.eslebedasauto.at\/wp-content\/uploads\/2024\/01\/ampnet_photo_20240111_232032-768x512.jpg 768w, https:\/\/www.eslebedasauto.at\/wp-content\/uploads\/2024\/01\/ampnet_photo_20240111_232032-1536x1024.jpg 1536w, https:\/\/www.eslebedasauto.at\/wp-content\/uploads\/2024\/01\/ampnet_photo_20240111_232032-2048x1366.jpg 2048w, https:\/\/www.eslebedasauto.at\/wp-content\/uploads\/2024\/01\/ampnet_photo_20240111_232032-800x534.jpg 800w, https:\/\/www.eslebedasauto.at\/wp-content\/uploads\/2024\/01\/ampnet_photo_20240111_232032-1160x774.jpg 1160w\" sizes=\"(max-width: 1024px) 100vw, 1024px\" \/><figcaption class=\"wp-element-caption\">photo: Simon Palfrader\u00a9\neditorial use only<\/figcaption><\/figure>\n\n\n\n<p>Es wird das bis dato st\u00e4rkste Serienfahrzeug der Marke. Basis d\u00fcrfte der Fiat 600 sein, der 115 kW (156 PS) leistet. Das Fahrzeug steht auf einer Performance-Variante der aktuellen Elektro-Plattform des Konzerns. Ein Merkmal ist beispielsweise ein neu entwickeltes Sperrdifferenzial, das an die spezifischen Bed\u00fcrfnisse eines elektrischen Antriebsstrangs und dessen fahrdynamische Eigenschaften angepasst wurde. Das Bremssystem ist mit gr\u00f6\u00dferen Scheiben zur besseren W\u00e4rmeableitung und Verringerung von Fading ausgestattet.<\/p>","protected":false},"excerpt":{"rendered":"<p>Abarth und Stellantis Motorsport entwickeln ein neues vollelektrisches Modell mit einer Leistung von 240 PS.<\/p>","protected":false},"author":2,"featured_media":94425,"comment_status":"open","ping_status":"open","sticky":false,"template":"","format":"standard","meta":{"neve_meta_sidebar":"","neve_meta_container":"","neve_meta_enable_content_width":"","neve_meta_content_width":0,"neve_meta_title_alignment":"","neve_meta_author_avatar":"","neve_post_elements_order":"","neve_meta_disable_header":"","neve_meta_disable_footer":"","neve_meta_disable_title":"","neve_meta_reading_time":"","footnotes":""},"categories":[555,598],"tags":[],"class_list":["post-94423","post","type-post","status-publish","format-standard","has-post-thumbnail","hentry","category-electrofun","category-shortmotornews"],"yoast_head":"<!-- This site is optimized with the Yoast SEO plugin v26.8 - https:\/\/yoast.com\/product\/yoast-seo-wordpress\/ -->\n<title>Abarth legt nach. - Es lebe das Auto<\/title>\n<meta name=\"description\" content=\"Abarth und Stellantis Motorsport entwickeln ein neues vollelektrisches Modell mit einer Leistung von 240 PS.\" \/>\n<meta name=\"robots\" content=\"index, follow, max-snippet:-1, max-image-preview:large, max-video-preview:-1\" \/>\n<link rel=\"canonical\" href=\"https:\/\/www.eslebedasauto.at\/it\/abarth-600e-neu\/\" \/>\n<meta property=\"og:locale\" content=\"it_IT\" \/>\n<meta property=\"og:type\" content=\"article\" \/>\n<meta property=\"og:title\" content=\"Abarth legt nach. - Es lebe das Auto\" \/>\n<meta property=\"og:description\" content=\"Abarth und Stellantis Motorsport entwickeln ein neues vollelektrisches Modell mit einer Leistung von 240 PS.\" \/>\n<meta property=\"og:url\" content=\"https:\/\/www.eslebedasauto.at\/it\/abarth-600e-neu\/\" \/>\n<meta property=\"og:site_name\" content=\"Es lebe das Auto\" \/>\n<meta property=\"article:publisher\" content=\"https:\/\/www.facebook.com\/eslebedasauto.at\" \/>\n<meta property=\"article:published_time\" content=\"2024-01-12T11:30:01+00:00\" \/>\n<meta property=\"article:modified_time\" content=\"2024-01-12T11:36:11+00:00\" \/>\n<meta property=\"og:image\" content=\"https:\/\/www.eslebedasauto.at\/wp-content\/uploads\/2024\/01\/ampnet_photo_20240111_232035.jpg\" \/>\n\t<meta property=\"og:image:width\" content=\"2508\" \/>\n\t<meta property=\"og:image:height\" content=\"1672\" \/>\n\t<meta property=\"og:image:type\" content=\"image\/jpeg\" \/>\n<meta name=\"author\" content=\"gerhard\" \/>\n<meta name=\"twitter:card\" content=\"summary_large_image\" \/>\n<meta name=\"twitter:label1\" content=\"Scritto da\" \/>\n\t<meta name=\"twitter:data1\" content=\"gerhard\" \/>\n\t<meta name=\"twitter:label2\" content=\"Tempo di lettura stimato\" \/>\n\t<meta name=\"twitter:data2\" content=\"1 minuto\" \/>\n<script type=\"application\/ld+json\" class=\"yoast-schema-graph\">{\"@context\":\"https:\/\/schema.org\",\"@graph\":[{\"@type\":\"Article\",\"@id\":\"https:\/\/www.eslebedasauto.at\/abarth-600e-neu\/#article\",\"isPartOf\":{\"@id\":\"https:\/\/www.eslebedasauto.at\/abarth-600e-neu\/\"},\"author\":{\"name\":\"gerhard\",\"@id\":\"https:\/\/www.eslebedasauto.at\/#\/schema\/person\/fb81218b0bed500d225ff518f9f17033\"},\"headline\":\"Abarth legt nach.\",\"datePublished\":\"2024-01-12T11:30:01+00:00\",\"dateModified\":\"2024-01-12T11:36:11+00:00\",\"mainEntityOfPage\":{\"@id\":\"https:\/\/www.eslebedasauto.at\/abarth-600e-neu\/\"},\"wordCount\":100,\"commentCount\":0,\"publisher\":{\"@id\":\"https:\/\/www.eslebedasauto.at\/#organization\"},\"image\":{\"@id\":\"https:\/\/www.eslebedasauto.at\/abarth-600e-neu\/#primaryimage\"},\"thumbnailUrl\":\"https:\/\/www.eslebedasauto.at\/wp-content\/uploads\/2024\/01\/ampnet_photo_20240111_232035.jpg\",\"articleSection\":[\"Electrofun\",\"Shortmotornews\"],\"inLanguage\":\"it-IT\",\"potentialAction\":[{\"@type\":\"CommentAction\",\"name\":\"Comment\",\"target\":[\"https:\/\/www.eslebedasauto.at\/abarth-600e-neu\/#respond\"]}]},{\"@type\":\"WebPage\",\"@id\":\"https:\/\/www.eslebedasauto.at\/abarth-600e-neu\/\",\"url\":\"https:\/\/www.eslebedasauto.at\/abarth-600e-neu\/\",\"name\":\"Abarth legt nach. - Es lebe das Auto\",\"isPartOf\":{\"@id\":\"https:\/\/www.eslebedasauto.at\/#website\"},\"primaryImageOfPage\":{\"@id\":\"https:\/\/www.eslebedasauto.at\/abarth-600e-neu\/#primaryimage\"},\"image\":{\"@id\":\"https:\/\/www.eslebedasauto.at\/abarth-600e-neu\/#primaryimage\"},\"thumbnailUrl\":\"https:\/\/www.eslebedasauto.at\/wp-content\/uploads\/2024\/01\/ampnet_photo_20240111_232035.jpg\",\"datePublished\":\"2024-01-12T11:30:01+00:00\",\"dateModified\":\"2024-01-12T11:36:11+00:00\",\"description\":\"Abarth und Stellantis Motorsport entwickeln ein neues vollelektrisches Modell mit einer Leistung von 240 PS.\",\"breadcrumb\":{\"@id\":\"https:\/\/www.eslebedasauto.at\/abarth-600e-neu\/#breadcrumb\"},\"inLanguage\":\"it-IT\",\"potentialAction\":[{\"@type\":\"ReadAction\",\"target\":[\"https:\/\/www.eslebedasauto.at\/abarth-600e-neu\/\"]}]},{\"@type\":\"ImageObject\",\"inLanguage\":\"it-IT\",\"@id\":\"https:\/\/www.eslebedasauto.at\/abarth-600e-neu\/#primaryimage\",\"url\":\"https:\/\/www.eslebedasauto.at\/wp-content\/uploads\/2024\/01\/ampnet_photo_20240111_232035.jpg\",\"contentUrl\":\"https:\/\/www.eslebedasauto.at\/wp-content\/uploads\/2024\/01\/ampnet_photo_20240111_232035.jpg\",\"width\":2508,\"height\":1672},{\"@type\":\"BreadcrumbList\",\"@id\":\"https:\/\/www.eslebedasauto.at\/abarth-600e-neu\/#breadcrumb\",\"itemListElement\":[{\"@type\":\"ListItem\",\"position\":1,\"name\":\"Startseite\",\"item\":\"https:\/\/www.eslebedasauto.at\/\"},{\"@type\":\"ListItem\",\"position\":2,\"name\":\"Abarth legt nach.\"}]},{\"@type\":\"WebSite\",\"@id\":\"https:\/\/www.eslebedasauto.at\/#website\",\"url\":\"https:\/\/www.eslebedasauto.at\/\",\"name\":\"Es lebe das Auto\",\"description\":\"ein Hoch auf den Individualverkehr\",\"publisher\":{\"@id\":\"https:\/\/www.eslebedasauto.at\/#organization\"},\"potentialAction\":[{\"@type\":\"SearchAction\",\"target\":{\"@type\":\"EntryPoint\",\"urlTemplate\":\"https:\/\/www.eslebedasauto.at\/?s={search_term_string}\"},\"query-input\":{\"@type\":\"PropertyValueSpecification\",\"valueRequired\":true,\"valueName\":\"search_term_string\"}}],\"inLanguage\":\"it-IT\"},{\"@type\":\"Organization\",\"@id\":\"https:\/\/www.eslebedasauto.at\/#organization\",\"name\":\"eslebedasauto\",\"url\":\"https:\/\/www.eslebedasauto.at\/\",\"logo\":{\"@type\":\"ImageObject\",\"inLanguage\":\"it-IT\",\"@id\":\"https:\/\/www.eslebedasauto.at\/#\/schema\/logo\/image\/\",\"url\":\"https:\/\/www.eslebedasauto.at\/wp-content\/uploads\/2025\/10\/eldarund.png\",\"contentUrl\":\"https:\/\/www.eslebedasauto.at\/wp-content\/uploads\/2025\/10\/eldarund.png\",\"width\":1024,\"height\":1024,\"caption\":\"eslebedasauto\"},\"image\":{\"@id\":\"https:\/\/www.eslebedasauto.at\/#\/schema\/logo\/image\/\"},\"sameAs\":[\"https:\/\/www.facebook.com\/eslebedasauto.at\",\"https:\/\/www.instagram.com\/es_lebe_das_auto\/\"]},{\"@type\":\"Person\",\"@id\":\"https:\/\/www.eslebedasauto.at\/#\/schema\/person\/fb81218b0bed500d225ff518f9f17033\",\"name\":\"gerhard\",\"url\":\"https:\/\/www.eslebedasauto.at\/it\/author\/gerhard\/\"}]}<\/script>\n<!-- \/ Yoast SEO plugin. -->","yoast_head_json":{"title":"Abarth legt nach. - Es lebe das Auto","description":"Abarth und Stellantis Motorsport entwickeln ein neues vollelektrisches Modell mit einer Leistung von 240 PS.","robots":{"index":"index","follow":"follow","max-snippet":"max-snippet:-1","max-image-preview":"max-image-preview:large","max-video-preview":"max-video-preview:-1"},"canonical":"https:\/\/www.eslebedasauto.at\/it\/abarth-600e-neu\/","og_locale":"it_IT","og_type":"article","og_title":"Abarth legt nach. - Es lebe das Auto","og_description":"Abarth und Stellantis Motorsport entwickeln ein neues vollelektrisches Modell mit einer Leistung von 240 PS.","og_url":"https:\/\/www.eslebedasauto.at\/it\/abarth-600e-neu\/","og_site_name":"Es lebe das Auto","article_publisher":"https:\/\/www.facebook.com\/eslebedasauto.at","article_published_time":"2024-01-12T11:30:01+00:00","article_modified_time":"2024-01-12T11:36:11+00:00","og_image":[{"width":2508,"height":1672,"url":"https:\/\/www.eslebedasauto.at\/wp-content\/uploads\/2024\/01\/ampnet_photo_20240111_232035.jpg","type":"image\/jpeg"}],"author":"gerhard","twitter_card":"summary_large_image","twitter_misc":{"Scritto da":"gerhard","Tempo di lettura stimato":"1 minuto"},"schema":{"@context":"https:\/\/schema.org","@graph":[{"@type":"Article","@id":"https:\/\/www.eslebedasauto.at\/abarth-600e-neu\/#article","isPartOf":{"@id":"https:\/\/www.eslebedasauto.at\/abarth-600e-neu\/"},"author":{"name":"gerhard","@id":"https:\/\/www.eslebedasauto.at\/#\/schema\/person\/fb81218b0bed500d225ff518f9f17033"},"headline":"Abarth legt nach.","datePublished":"2024-01-12T11:30:01+00:00","dateModified":"2024-01-12T11:36:11+00:00","mainEntityOfPage":{"@id":"https:\/\/www.eslebedasauto.at\/abarth-600e-neu\/"},"wordCount":100,"commentCount":0,"publisher":{"@id":"https:\/\/www.eslebedasauto.at\/#organization"},"image":{"@id":"https:\/\/www.eslebedasauto.at\/abarth-600e-neu\/#primaryimage"},"thumbnailUrl":"https:\/\/www.eslebedasauto.at\/wp-content\/uploads\/2024\/01\/ampnet_photo_20240111_232035.jpg","articleSection":["Electrofun","Shortmotornews"],"inLanguage":"it-IT","potentialAction":[{"@type":"CommentAction","name":"Comment","target":["https:\/\/www.eslebedasauto.at\/abarth-600e-neu\/#respond"]}]},{"@type":"WebPage","@id":"https:\/\/www.eslebedasauto.at\/abarth-600e-neu\/","url":"https:\/\/www.eslebedasauto.at\/abarth-600e-neu\/","name":"Abarth legt nach. - Es lebe das Auto","isPartOf":{"@id":"https:\/\/www.eslebedasauto.at\/#website"},"primaryImageOfPage":{"@id":"https:\/\/www.eslebedasauto.at\/abarth-600e-neu\/#primaryimage"},"image":{"@id":"https:\/\/www.eslebedasauto.at\/abarth-600e-neu\/#primaryimage"},"thumbnailUrl":"https:\/\/www.eslebedasauto.at\/wp-content\/uploads\/2024\/01\/ampnet_photo_20240111_232035.jpg","datePublished":"2024-01-12T11:30:01+00:00","dateModified":"2024-01-12T11:36:11+00:00","description":"Abarth und Stellantis Motorsport entwickeln ein neues vollelektrisches Modell mit einer Leistung von 240 PS.","breadcrumb":{"@id":"https:\/\/www.eslebedasauto.at\/abarth-600e-neu\/#breadcrumb"},"inLanguage":"it-IT","potentialAction":[{"@type":"ReadAction","target":["https:\/\/www.eslebedasauto.at\/abarth-600e-neu\/"]}]},{"@type":"ImageObject","inLanguage":"it-IT","@id":"https:\/\/www.eslebedasauto.at\/abarth-600e-neu\/#primaryimage","url":"https:\/\/www.eslebedasauto.at\/wp-content\/uploads\/2024\/01\/ampnet_photo_20240111_232035.jpg","contentUrl":"https:\/\/www.eslebedasauto.at\/wp-content\/uploads\/2024\/01\/ampnet_photo_20240111_232035.jpg","width":2508,"height":1672},{"@type":"BreadcrumbList","@id":"https:\/\/www.eslebedasauto.at\/abarth-600e-neu\/#breadcrumb","itemListElement":[{"@type":"ListItem","position":1,"name":"Startseite","item":"https:\/\/www.eslebedasauto.at\/"},{"@type":"ListItem","position":2,"name":"Abarth legt nach."}]},{"@type":"WebSite","@id":"https:\/\/www.eslebedasauto.at\/#website","url":"https:\/\/www.eslebedasauto.at\/","name":"Es lebe das Auto","description":"ein Hoch auf den Individualverkehr","publisher":{"@id":"https:\/\/www.eslebedasauto.at\/#organization"},"potentialAction":[{"@type":"SearchAction","target":{"@type":"EntryPoint","urlTemplate":"https:\/\/www.eslebedasauto.at\/?s={search_term_string}"},"query-input":{"@type":"PropertyValueSpecification","valueRequired":true,"valueName":"search_term_string"}}],"inLanguage":"it-IT"},{"@type":"Organization","@id":"https:\/\/www.eslebedasauto.at\/#organization","name":"eslebedasauto","url":"https:\/\/www.eslebedasauto.at\/","logo":{"@type":"ImageObject","inLanguage":"it-IT","@id":"https:\/\/www.eslebedasauto.at\/#\/schema\/logo\/image\/","url":"https:\/\/www.eslebedasauto.at\/wp-content\/uploads\/2025\/10\/eldarund.png","contentUrl":"https:\/\/www.eslebedasauto.at\/wp-content\/uploads\/2025\/10\/eldarund.png","width":1024,"height":1024,"caption":"eslebedasauto"},"image":{"@id":"https:\/\/www.eslebedasauto.at\/#\/schema\/logo\/image\/"},"sameAs":["https:\/\/www.facebook.com\/eslebedasauto.at","https:\/\/www.instagram.com\/es_lebe_das_auto\/"]},{"@type":"Person","@id":"https:\/\/www.eslebedasauto.at\/#\/schema\/person\/fb81218b0bed500d225ff518f9f17033","name":"gerhard","url":"https:\/\/www.eslebedasauto.at\/it\/author\/gerhard\/"}]}},"_links":{"self":[{"href":"https:\/\/www.eslebedasauto.at\/it\/wp-json\/wp\/v2\/posts\/94423","targetHints":{"allow":["GET"]}}],"collection":[{"href":"https:\/\/www.eslebedasauto.at\/it\/wp-json\/wp\/v2\/posts"}],"about":[{"href":"https:\/\/www.eslebedasauto.at\/it\/wp-json\/wp\/v2\/types\/post"}],"author":[{"embeddable":true,"href":"https:\/\/www.eslebedasauto.at\/it\/wp-json\/wp\/v2\/users\/2"}],"replies":[{"embeddable":true,"href":"https:\/\/www.eslebedasauto.at\/it\/wp-json\/wp\/v2\/comments?post=94423"}],"version-history":[{"count":1,"href":"https:\/\/www.eslebedasauto.at\/it\/wp-json\/wp\/v2\/posts\/94423\/revisions"}],"predecessor-version":[{"id":94426,"href":"https:\/\/www.eslebedasauto.at\/it\/wp-json\/wp\/v2\/posts\/94423\/revisions\/94426"}],"wp:featuredmedia":[{"embeddable":true,"href":"https:\/\/www.eslebedasauto.at\/it\/wp-json\/wp\/v2\/media\/94425"}],"wp:attachment":[{"href":"https:\/\/www.eslebedasauto.at\/it\/wp-json\/wp\/v2\/media?parent=94423"}],"wp:term":[{"taxonomy":"category","embeddable":true,"href":"https:\/\/www.eslebedasauto.at\/it\/wp-json\/wp\/v2\/categories?post=94423"},{"taxonomy":"post_tag","embeddable":true,"href":"https:\/\/www.eslebedasauto.at\/it\/wp-json\/wp\/v2\/tags?post=94423"}],"curies":[{"name":"wp","href":"https:\/\/api.w.org\/{rel}","templated":true}]}}