{"id":94277,"date":"2023-12-22T12:39:54","date_gmt":"2023-12-22T11:39:54","guid":{"rendered":"https:\/\/www.eslebedasauto.at\/?p=94277"},"modified":"2024-01-07T16:56:10","modified_gmt":"2024-01-07T15:56:10","slug":"so-sehen-seriensieger-aus","status":"publish","type":"post","link":"https:\/\/www.eslebedasauto.at\/it\/so-sehen-seriensieger-aus\/","title":{"rendered":"So sehen Seriensieger aus."},"content":{"rendered":"<h4 id=\"der-erste-vollelektriker-von-jeep-nennt-sich-avenger-kommt-ohne-allrad-daher-und-gehort-zu-den-grosen-gewinnern-des-jahres-2023\" class=\"wp-block-heading\">Der erste Vollelektriker von Jeep nennt sich Avenger, kommt ohne Allrad daher und geh\u00f6rt zu den gro\u00dfen Gewinnern des Jahres 2023.<\/h4>\n\n\n\n<p>Mit den Award-Siegen als europ\u00e4isches \u201eAuto des Jahres 2023\u201c sowie als \u201eWomen\u2018s World Car of the Year\u201c hat der Jeep Avenger wahrlich einen Traumstart hingelegt. 20.000 Vorbestellungen in Europa hat noch kein Jeep zuvor erreicht. Wahrscheinlich liegt\u2018s aber auch daran, dass der nur gut vier Meter kurze Jeep mit seinem ikonischen Siebenschlitz-K\u00fchlergrill einfach nur verdammt gut aussieht.<\/p>\n\n\n\n<figure class=\"wp-block-image size-large\"><img fetchpriority=\"high\" decoding=\"async\" width=\"1024\" height=\"768\" src=\"https:\/\/www.eslebedasauto.at\/wp-content\/uploads\/2023\/12\/IMG_9706-1024x768.jpg\" alt=\"\" class=\"wp-image-94261\" srcset=\"https:\/\/www.eslebedasauto.at\/wp-content\/uploads\/2023\/12\/IMG_9706-1024x768.jpg 1024w, https:\/\/www.eslebedasauto.at\/wp-content\/uploads\/2023\/12\/IMG_9706-300x225.jpg 300w, https:\/\/www.eslebedasauto.at\/wp-content\/uploads\/2023\/12\/IMG_9706-768x576.jpg 768w, https:\/\/www.eslebedasauto.at\/wp-content\/uploads\/2023\/12\/IMG_9706-1536x1152.jpg 1536w, https:\/\/www.eslebedasauto.at\/wp-content\/uploads\/2023\/12\/IMG_9706-2048x1536.jpg 2048w, https:\/\/www.eslebedasauto.at\/wp-content\/uploads\/2023\/12\/IMG_9706-800x600.jpg 800w, https:\/\/www.eslebedasauto.at\/wp-content\/uploads\/2023\/12\/IMG_9706-1160x870.jpg 1160w\" sizes=\"(max-width: 1024px) 100vw, 1024px\" \/><\/figure>\n\n\n\n<p><strong>Wie alle Stromer verf\u00fcgt auch der Jeep Avenger \u00fcber kr\u00e4ftigen Durchzug. <\/strong>M\u00f6glich macht das in diesem Fall die neue ECMP2-Plattform von Stellantis, die mit ihrer 115 kW (156 PS) starken E-Maschine und der\u00a0 54 kWh-Batterie aus dem Stand 260 Newtonmeter Drehmoment mobilisiert. Damit bef\u00f6rdert sie das mit 1536 Kilogramm relativ leichte SUV in 9,0 Sekunden auf Hundert, bevor bei 150 km\/h elektronisch abgeregelt wird.<\/p>\n\n\n\n<figure class=\"wp-block-image size-large\"><img decoding=\"async\" width=\"768\" height=\"1024\" src=\"https:\/\/www.eslebedasauto.at\/wp-content\/uploads\/2023\/12\/IMG_9713-768x1024.jpg\" alt=\"\" class=\"wp-image-94268\" srcset=\"https:\/\/www.eslebedasauto.at\/wp-content\/uploads\/2023\/12\/IMG_9713-768x1024.jpg 768w, https:\/\/www.eslebedasauto.at\/wp-content\/uploads\/2023\/12\/IMG_9713-225x300.jpg 225w, https:\/\/www.eslebedasauto.at\/wp-content\/uploads\/2023\/12\/IMG_9713-1152x1536.jpg 1152w, https:\/\/www.eslebedasauto.at\/wp-content\/uploads\/2023\/12\/IMG_9713-1536x2048.jpg 1536w, https:\/\/www.eslebedasauto.at\/wp-content\/uploads\/2023\/12\/IMG_9713-800x1067.jpg 800w, https:\/\/www.eslebedasauto.at\/wp-content\/uploads\/2023\/12\/IMG_9713-1160x1547.jpg 1160w, https:\/\/www.eslebedasauto.at\/wp-content\/uploads\/2023\/12\/IMG_9713-scaled.jpg 1920w\" sizes=\"(max-width: 768px) 100vw, 768px\" \/><\/figure>\n\n\n\n<p>Das geringe Gewicht ist auch mitverantwortlich, dass der Avenger laut WLTP einen Verbrauch von 15,3 kWh und somit eine Reichweite von rund 400 Kilometer erm\u00f6glichen soll. In unserem Testzeitraum schafften wir die WLTP nicht ganz. Das lag aber auch an den tiefwinterlichen Temperaturen. Mit rund 20 kWh Testschnitt sind da jedoch auch recht alltagstaugliche Werte herausgekommen. Vor allem in der Stadt und rundherum, wo dieser Jeep ja ganz sicher am h\u00e4ufigsten anzutreffen sein wird, f\u00fchlt man sich mit den gebotenen elektrischen Ressourcen recht gut aufgehoben.<\/p>\n\n\n\n<figure class=\"wp-block-gallery has-nested-images columns-default is-cropped wp-block-gallery-1 is-layout-flex wp-block-gallery-is-layout-flex\">\n<figure class=\"wp-block-image size-large\"><img decoding=\"async\" width=\"1024\" height=\"768\" data-id=\"94264\" src=\"https:\/\/www.eslebedasauto.at\/wp-content\/uploads\/2023\/12\/IMG_9709-1024x768.jpg\" alt=\"\" class=\"wp-image-94264\" srcset=\"https:\/\/www.eslebedasauto.at\/wp-content\/uploads\/2023\/12\/IMG_9709-1024x768.jpg 1024w, https:\/\/www.eslebedasauto.at\/wp-content\/uploads\/2023\/12\/IMG_9709-300x225.jpg 300w, https:\/\/www.eslebedasauto.at\/wp-content\/uploads\/2023\/12\/IMG_9709-768x576.jpg 768w, https:\/\/www.eslebedasauto.at\/wp-content\/uploads\/2023\/12\/IMG_9709-1536x1152.jpg 1536w, https:\/\/www.eslebedasauto.at\/wp-content\/uploads\/2023\/12\/IMG_9709-2048x1536.jpg 2048w, https:\/\/www.eslebedasauto.at\/wp-content\/uploads\/2023\/12\/IMG_9709-800x600.jpg 800w, https:\/\/www.eslebedasauto.at\/wp-content\/uploads\/2023\/12\/IMG_9709-1160x870.jpg 1160w\" sizes=\"(max-width: 1024px) 100vw, 1024px\" \/><\/figure>\n\n\n\n<figure class=\"wp-block-image size-large\"><img loading=\"lazy\" decoding=\"async\" width=\"1024\" height=\"768\" data-id=\"94271\" src=\"https:\/\/www.eslebedasauto.at\/wp-content\/uploads\/2023\/12\/IMG_9716-1024x768.jpg\" alt=\"\" class=\"wp-image-94271\" srcset=\"https:\/\/www.eslebedasauto.at\/wp-content\/uploads\/2023\/12\/IMG_9716-1024x768.jpg 1024w, https:\/\/www.eslebedasauto.at\/wp-content\/uploads\/2023\/12\/IMG_9716-300x225.jpg 300w, https:\/\/www.eslebedasauto.at\/wp-content\/uploads\/2023\/12\/IMG_9716-768x576.jpg 768w, https:\/\/www.eslebedasauto.at\/wp-content\/uploads\/2023\/12\/IMG_9716-1536x1152.jpg 1536w, https:\/\/www.eslebedasauto.at\/wp-content\/uploads\/2023\/12\/IMG_9716-2048x1536.jpg 2048w, https:\/\/www.eslebedasauto.at\/wp-content\/uploads\/2023\/12\/IMG_9716-800x600.jpg 800w, https:\/\/www.eslebedasauto.at\/wp-content\/uploads\/2023\/12\/IMG_9716-1160x870.jpg 1160w\" sizes=\"(max-width: 1024px) 100vw, 1024px\" \/><\/figure>\n<\/figure>\n\n\n\n<p>Wer gerade nicht an der heimischen Wechselstrom-Wallbox mit bis zu 11 kW in rund <strong>f\u00fcnfeinhalb Stunden seinen Jeep auf 100 Prozent<\/strong> pusht, der kann den Akku auch an einer DC-S\u00e4ule mit maximal 100 kW in <strong>24 Minuten von 20 auf 80 Prozent <\/strong>f\u00fcllen. Das ist zwar kein Rekordwert aber seien wir uns ehrlich, h\u00f6here Werte bekommt man sowieso kaum aus den meisten Schnellladern \u2013 rund um Linz zumindest.<\/p>\n\n\n\n<figure class=\"wp-block-image size-large\"><img loading=\"lazy\" decoding=\"async\" width=\"1024\" height=\"1024\" src=\"https:\/\/www.eslebedasauto.at\/wp-content\/uploads\/2023\/12\/8F98110C-FEDC-44AA-818D-90BBA6C39D5B-1024x1024.jpg\" alt=\"\" class=\"wp-image-94278\" srcset=\"https:\/\/www.eslebedasauto.at\/wp-content\/uploads\/2023\/12\/8F98110C-FEDC-44AA-818D-90BBA6C39D5B-1024x1024.jpg 1024w, https:\/\/www.eslebedasauto.at\/wp-content\/uploads\/2023\/12\/8F98110C-FEDC-44AA-818D-90BBA6C39D5B-300x300.jpg 300w, https:\/\/www.eslebedasauto.at\/wp-content\/uploads\/2023\/12\/8F98110C-FEDC-44AA-818D-90BBA6C39D5B-150x150.jpg 150w, https:\/\/www.eslebedasauto.at\/wp-content\/uploads\/2023\/12\/8F98110C-FEDC-44AA-818D-90BBA6C39D5B-768x768.jpg 768w, https:\/\/www.eslebedasauto.at\/wp-content\/uploads\/2023\/12\/8F98110C-FEDC-44AA-818D-90BBA6C39D5B-1536x1536.jpg 1536w, https:\/\/www.eslebedasauto.at\/wp-content\/uploads\/2023\/12\/8F98110C-FEDC-44AA-818D-90BBA6C39D5B-2048x2048.jpg 2048w, https:\/\/www.eslebedasauto.at\/wp-content\/uploads\/2023\/12\/8F98110C-FEDC-44AA-818D-90BBA6C39D5B-80x80.jpg 80w, https:\/\/www.eslebedasauto.at\/wp-content\/uploads\/2023\/12\/8F98110C-FEDC-44AA-818D-90BBA6C39D5B-800x800.jpg 800w, https:\/\/www.eslebedasauto.at\/wp-content\/uploads\/2023\/12\/8F98110C-FEDC-44AA-818D-90BBA6C39D5B-1160x1160.jpg 1160w\" sizes=\"(max-width: 1024px) 100vw, 1024px\" \/><\/figure>\n\n\n\n<p><strong>Wie oben schon erw\u00e4hnt, verf\u00fcgt der Jeep Avenger nicht \u00fcber Allrad <\/strong>\u2013 das w\u00e4re vor Kurzem noch v\u00f6llig undenkbar gewesen, musste doch ein jeder Jeep den ber\u00fcchtigten \u201eRubicon\u201c-Trail bew\u00e4ltigen. Als 4WD-Ersatz verpasste Stellantis dem Avenger das sogenannte Selec-Terrain-System. Es bietet die Modi \u201eNormal\u201c f\u00fcr allt\u00e4gliche Fahrten, \u201eEco\u201c f\u00fcr optimale Reichweite und \u201eSport\u201c f\u00fcr mehr Traktion und Griffigkeit. Dazu kommen noch die Funktionen \u201eSnow\u201c, \u201eMud\u201c und \u201eSand\u201c. Mit \u201eSnow\u201c sind wir im tiefwinterlichen Terrain recht gut vorw\u00e4rts gekommen &#8211; klassische Offroad-Tugenden wie 20 Zentimeter Bodenfreiheit oder der B\u00f6schungswinkel von 20 Grad vorn und 32 Grad hinten bringen den\u00a0Avenger\u00a0ebenfalls im tiefen Schnee gut voran.<\/p>\n\n\n\n<figure class=\"wp-block-image size-large\"><img loading=\"lazy\" decoding=\"async\" width=\"1024\" height=\"768\" src=\"https:\/\/www.eslebedasauto.at\/wp-content\/uploads\/2023\/12\/IMG_5853-1-1024x768.jpeg\" alt=\"\" class=\"wp-image-94281\" srcset=\"https:\/\/www.eslebedasauto.at\/wp-content\/uploads\/2023\/12\/IMG_5853-1-1024x768.jpeg 1024w, https:\/\/www.eslebedasauto.at\/wp-content\/uploads\/2023\/12\/IMG_5853-1-300x225.jpeg 300w, https:\/\/www.eslebedasauto.at\/wp-content\/uploads\/2023\/12\/IMG_5853-1-768x576.jpeg 768w, https:\/\/www.eslebedasauto.at\/wp-content\/uploads\/2023\/12\/IMG_5853-1-1536x1152.jpeg 1536w, https:\/\/www.eslebedasauto.at\/wp-content\/uploads\/2023\/12\/IMG_5853-1-800x600.jpeg 800w, https:\/\/www.eslebedasauto.at\/wp-content\/uploads\/2023\/12\/IMG_5853-1-1160x870.jpeg 1160w, https:\/\/www.eslebedasauto.at\/wp-content\/uploads\/2023\/12\/IMG_5853-1.jpeg 2048w\" sizes=\"(max-width: 1024px) 100vw, 1024px\" \/><\/figure>\n\n\n\n<p>Als sinnvolles Hilfsinstrument auf eisiger, abfallender Stra\u00dfe gibt es dann auch noch eine <strong>serienm\u00e4\u00dfige Bergabfahrhilfe<\/strong>. Ebenfalls toll fanden wir den kleinen Wendekreis von nur 10,5 Metern, der sowohl beim Rangieren in engen Gassen oder Parkh\u00e4usern als auch auf kurvigen Offroad-Pfaden ideal ist.<\/p>\n\n\n\n<figure class=\"wp-block-gallery has-nested-images columns-default is-cropped wp-block-gallery-2 is-layout-flex wp-block-gallery-is-layout-flex\">\n<figure class=\"wp-block-image size-large\"><img loading=\"lazy\" decoding=\"async\" width=\"1024\" height=\"768\" data-id=\"94272\" src=\"https:\/\/www.eslebedasauto.at\/wp-content\/uploads\/2023\/12\/IMG_9717-1024x768.jpg\" alt=\"\" class=\"wp-image-94272\" srcset=\"https:\/\/www.eslebedasauto.at\/wp-content\/uploads\/2023\/12\/IMG_9717-1024x768.jpg 1024w, https:\/\/www.eslebedasauto.at\/wp-content\/uploads\/2023\/12\/IMG_9717-300x225.jpg 300w, https:\/\/www.eslebedasauto.at\/wp-content\/uploads\/2023\/12\/IMG_9717-768x576.jpg 768w, https:\/\/www.eslebedasauto.at\/wp-content\/uploads\/2023\/12\/IMG_9717-1536x1152.jpg 1536w, https:\/\/www.eslebedasauto.at\/wp-content\/uploads\/2023\/12\/IMG_9717-2048x1536.jpg 2048w, https:\/\/www.eslebedasauto.at\/wp-content\/uploads\/2023\/12\/IMG_9717-800x600.jpg 800w, https:\/\/www.eslebedasauto.at\/wp-content\/uploads\/2023\/12\/IMG_9717-1160x870.jpg 1160w\" sizes=\"(max-width: 1024px) 100vw, 1024px\" \/><\/figure>\n\n\n\n<figure class=\"wp-block-image size-large\"><img loading=\"lazy\" decoding=\"async\" width=\"1024\" height=\"768\" data-id=\"94266\" src=\"https:\/\/www.eslebedasauto.at\/wp-content\/uploads\/2023\/12\/IMG_9711-1024x768.jpg\" alt=\"\" class=\"wp-image-94266\" srcset=\"https:\/\/www.eslebedasauto.at\/wp-content\/uploads\/2023\/12\/IMG_9711-1024x768.jpg 1024w, https:\/\/www.eslebedasauto.at\/wp-content\/uploads\/2023\/12\/IMG_9711-300x225.jpg 300w, https:\/\/www.eslebedasauto.at\/wp-content\/uploads\/2023\/12\/IMG_9711-768x576.jpg 768w, https:\/\/www.eslebedasauto.at\/wp-content\/uploads\/2023\/12\/IMG_9711-1536x1152.jpg 1536w, https:\/\/www.eslebedasauto.at\/wp-content\/uploads\/2023\/12\/IMG_9711-2048x1536.jpg 2048w, https:\/\/www.eslebedasauto.at\/wp-content\/uploads\/2023\/12\/IMG_9711-800x600.jpg 800w, https:\/\/www.eslebedasauto.at\/wp-content\/uploads\/2023\/12\/IMG_9711-1160x870.jpg 1160w\" sizes=\"(max-width: 1024px) 100vw, 1024px\" \/><\/figure>\n<\/figure>\n\n\n\n<p><strong>Auch das Interieur des Jeep Avenger gef\u00e4llt mit seinem \u00fcber die gesamte Breite gestreckten Instrumententr\u00e4ger<\/strong>, der alle Bedienelemente, die L\u00fcftungsd\u00fcsen und den zentralen Touchscreen mit 26 Zentimetern Bildschirmdiagonale enth\u00e4lt. Darunter befindet sich reichlich Ablageraum, inklusive einer ger\u00e4umigen Konsole die sich mit einer coolen magnetischen Abdeckung im Stile einer i-Pad H\u00fclle schlie\u00dfen l\u00e4sst. Der Mitteltunnel ist flexibel und modular aufgebaut und kann je nach Gr\u00f6\u00dfe der Gegenst\u00e4nde verschoben oder sogar entfernt werden, um Platz f\u00fcr gr\u00f6\u00dfere Gegenst\u00e4nde zu schaffen.<\/p>\n\n\n\n<figure class=\"wp-block-gallery has-nested-images columns-default is-cropped wp-block-gallery-3 is-layout-flex wp-block-gallery-is-layout-flex\">\n<figure class=\"wp-block-image size-large\"><img loading=\"lazy\" decoding=\"async\" width=\"768\" height=\"1024\" data-id=\"94274\" src=\"https:\/\/www.eslebedasauto.at\/wp-content\/uploads\/2023\/12\/IMG_9719-768x1024.jpg\" alt=\"\" class=\"wp-image-94274\" srcset=\"https:\/\/www.eslebedasauto.at\/wp-content\/uploads\/2023\/12\/IMG_9719-768x1024.jpg 768w, https:\/\/www.eslebedasauto.at\/wp-content\/uploads\/2023\/12\/IMG_9719-225x300.jpg 225w, https:\/\/www.eslebedasauto.at\/wp-content\/uploads\/2023\/12\/IMG_9719-1152x1536.jpg 1152w, https:\/\/www.eslebedasauto.at\/wp-content\/uploads\/2023\/12\/IMG_9719-1536x2048.jpg 1536w, https:\/\/www.eslebedasauto.at\/wp-content\/uploads\/2023\/12\/IMG_9719-800x1067.jpg 800w, https:\/\/www.eslebedasauto.at\/wp-content\/uploads\/2023\/12\/IMG_9719-1160x1547.jpg 1160w, https:\/\/www.eslebedasauto.at\/wp-content\/uploads\/2023\/12\/IMG_9719-scaled.jpg 1920w\" sizes=\"(max-width: 768px) 100vw, 768px\" \/><\/figure>\n\n\n\n<figure class=\"wp-block-image size-large\"><img loading=\"lazy\" decoding=\"async\" width=\"768\" height=\"1024\" data-id=\"94273\" src=\"https:\/\/www.eslebedasauto.at\/wp-content\/uploads\/2023\/12\/IMG_9718-768x1024.jpg\" alt=\"\" class=\"wp-image-94273\" srcset=\"https:\/\/www.eslebedasauto.at\/wp-content\/uploads\/2023\/12\/IMG_9718-768x1024.jpg 768w, https:\/\/www.eslebedasauto.at\/wp-content\/uploads\/2023\/12\/IMG_9718-225x300.jpg 225w, https:\/\/www.eslebedasauto.at\/wp-content\/uploads\/2023\/12\/IMG_9718-1152x1536.jpg 1152w, https:\/\/www.eslebedasauto.at\/wp-content\/uploads\/2023\/12\/IMG_9718-1536x2048.jpg 1536w, https:\/\/www.eslebedasauto.at\/wp-content\/uploads\/2023\/12\/IMG_9718-800x1067.jpg 800w, https:\/\/www.eslebedasauto.at\/wp-content\/uploads\/2023\/12\/IMG_9718-1160x1547.jpg 1160w, https:\/\/www.eslebedasauto.at\/wp-content\/uploads\/2023\/12\/IMG_9718-scaled.jpg 1920w\" sizes=\"(max-width: 768px) 100vw, 768px\" \/><\/figure>\n<\/figure>\n\n\n\n<p><strong>Vorne sitzt es sich dank vielf\u00e4ltiger Verstellm\u00f6glichkeiten kommod<\/strong>, hinten k\u00f6nnte es f\u00fcr Gro\u00dfgewachsene etwas enger werden. Daf\u00fcr punktet der Kofferraum mit seinem Volumen von 355 Liter. Er l\u00e4sst sich optional durch eine elektrisch angetriebenen Heckklappe \u00f6ffnen und \u00fcber die lediglich 72 Zentimeter tiefe Ladekante bequem bef\u00fcllen. Auch in punkto Sicherheit ist der\u00a0Avenger\u00a0ganz vorne mit dabei. So h\u00e4lt er auf Wunsch Abstand und Spur dank adaptiver Cruise Control mit Spurhalte-Assistent. Dazu kommt noch ein Stau- und Bremsassistent, 360 Grad-Parksensoren mit aktiver Einparkhilfe sowie eine 180-Grad-R\u00fcckfahrkamera.<\/p>\n\n\n\n<figure class=\"wp-block-image size-large\"><img loading=\"lazy\" decoding=\"async\" width=\"1024\" height=\"768\" src=\"https:\/\/www.eslebedasauto.at\/wp-content\/uploads\/2023\/12\/IMG_9714-1024x768.jpg\" alt=\"\" class=\"wp-image-94269\" srcset=\"https:\/\/www.eslebedasauto.at\/wp-content\/uploads\/2023\/12\/IMG_9714-1024x768.jpg 1024w, https:\/\/www.eslebedasauto.at\/wp-content\/uploads\/2023\/12\/IMG_9714-300x225.jpg 300w, https:\/\/www.eslebedasauto.at\/wp-content\/uploads\/2023\/12\/IMG_9714-768x576.jpg 768w, https:\/\/www.eslebedasauto.at\/wp-content\/uploads\/2023\/12\/IMG_9714-1536x1152.jpg 1536w, https:\/\/www.eslebedasauto.at\/wp-content\/uploads\/2023\/12\/IMG_9714-2048x1536.jpg 2048w, https:\/\/www.eslebedasauto.at\/wp-content\/uploads\/2023\/12\/IMG_9714-800x600.jpg 800w, https:\/\/www.eslebedasauto.at\/wp-content\/uploads\/2023\/12\/IMG_9714-1160x870.jpg 1160w\" sizes=\"(max-width: 1024px) 100vw, 1024px\" \/><\/figure>\n\n\n\n<p><strong>Der Jeep\u00a0Avenger\u00a0startet in \u00d6sterreich ab 38.500 Euro.<\/strong> Ab Werk dabei sind LED-Scheinwerfer, Klimaautomatik, Selec-Terrain-Fahr- und Infotainmentsystem mit 10,25-Zoll Touchscreen mit kabelloser Smartphone-Integration sowie einige Assistenzsysteme wie der automatische Spurhalter, M\u00fcdigkeits- und Verkehrszeichenerkennung sowie Notbremse mit Fu\u00dfg\u00e4nger- und Radfahrererkennung dabei. In der getesteten Ausstattung Summit erh\u00e4lt man obendrauf unter anderem 18-Zoll-Alufelgen, Autobahn-Assistent, R\u00fcckfahrkamera, Totwinkel- und Fernlichtassistent sowie Ambientebeleuchtung.<\/p>\n\n\n\n<figure class=\"wp-block-image size-large\"><img loading=\"lazy\" decoding=\"async\" width=\"1024\" height=\"768\" src=\"https:\/\/www.eslebedasauto.at\/wp-content\/uploads\/2023\/12\/IMG_9712-1024x768.jpg\" alt=\"\" class=\"wp-image-94267\" srcset=\"https:\/\/www.eslebedasauto.at\/wp-content\/uploads\/2023\/12\/IMG_9712-1024x768.jpg 1024w, https:\/\/www.eslebedasauto.at\/wp-content\/uploads\/2023\/12\/IMG_9712-300x225.jpg 300w, https:\/\/www.eslebedasauto.at\/wp-content\/uploads\/2023\/12\/IMG_9712-768x576.jpg 768w, https:\/\/www.eslebedasauto.at\/wp-content\/uploads\/2023\/12\/IMG_9712-1536x1152.jpg 1536w, https:\/\/www.eslebedasauto.at\/wp-content\/uploads\/2023\/12\/IMG_9712-2048x1536.jpg 2048w, https:\/\/www.eslebedasauto.at\/wp-content\/uploads\/2023\/12\/IMG_9712-800x600.jpg 800w, https:\/\/www.eslebedasauto.at\/wp-content\/uploads\/2023\/12\/IMG_9712-1160x870.jpg 1160w\" sizes=\"(max-width: 1024px) 100vw, 1024px\" \/><\/figure>\n\n\n\n<p><strong>Daten Fakten Jeep\u00a0Avenger<\/strong><br>Antrieb: Elektromotor Frontantrieb<br>Leistung: 156 PS<br>Drehmoment: 260 Nm<br>Vmax: 150 km\/h<br>0 &#8211; 100 km\/h: 9 Sek.<br>Elektr. Reichweite: 389-404 km (WLTP)<br>WLTP-Durchschnittsverbrauch: 15,9-15,3 kWh\/100 km<br>Test-Durchschnittsverbrauch: 20,4 kWh<br>Akku: 54 kWh<br>Preis: ab 38.500 Euro<\/p>","protected":false},"excerpt":{"rendered":"<p>Rein optisch ist der Avenger ein echter Jeep. Er f\u00e4hrt vollelektrisch vor und fr\u00f6nt eher dem urbanen Gedanken, daher fehlt Allrad eher nicht.<\/p>","protected":false},"author":2,"featured_media":94280,"comment_status":"open","ping_status":"open","sticky":false,"template":"","format":"standard","meta":{"neve_meta_sidebar":"","neve_meta_container":"","neve_meta_enable_content_width":"","neve_meta_content_width":0,"neve_meta_title_alignment":"","neve_meta_author_avatar":"","neve_post_elements_order":"","neve_meta_disable_header":"","neve_meta_disable_footer":"","neve_meta_disable_title":"","neve_meta_reading_time":"","footnotes":""},"categories":[555,335],"tags":[],"class_list":["post-94277","post","type-post","status-publish","format-standard","has-post-thumbnail","hentry","category-electrofun","category-fahrberichte"],"yoast_head":"<!-- This site is optimized with the Yoast SEO plugin v26.8 - https:\/\/yoast.com\/product\/yoast-seo-wordpress\/ -->\n<title>So sehen Seriensieger aus. - Es lebe das Auto<\/title>\n<meta name=\"description\" content=\"Rein optisch ist der Avenger ein echter Jeep. Er f\u00e4hrt vollelektrisch vor und fr\u00f6nt eher dem urbanen Gedanken, daher fehlt Allrad eher nicht.\" \/>\n<meta name=\"robots\" content=\"index, follow, max-snippet:-1, max-image-preview:large, max-video-preview:-1\" \/>\n<link rel=\"canonical\" href=\"https:\/\/www.eslebedasauto.at\/it\/so-sehen-seriensieger-aus\/\" \/>\n<meta property=\"og:locale\" content=\"it_IT\" \/>\n<meta property=\"og:type\" content=\"article\" \/>\n<meta property=\"og:title\" content=\"So sehen Seriensieger aus. - Es lebe das Auto\" \/>\n<meta property=\"og:description\" content=\"Rein optisch ist der Avenger ein echter Jeep. Er f\u00e4hrt vollelektrisch vor und fr\u00f6nt eher dem urbanen Gedanken, daher fehlt Allrad eher nicht.\" \/>\n<meta property=\"og:url\" content=\"https:\/\/www.eslebedasauto.at\/it\/so-sehen-seriensieger-aus\/\" \/>\n<meta property=\"og:site_name\" content=\"Es lebe das Auto\" \/>\n<meta property=\"article:publisher\" content=\"https:\/\/www.facebook.com\/eslebedasauto.at\" \/>\n<meta property=\"article:published_time\" content=\"2023-12-22T11:39:54+00:00\" \/>\n<meta property=\"article:modified_time\" content=\"2024-01-07T15:56:10+00:00\" \/>\n<meta property=\"og:image\" content=\"https:\/\/www.eslebedasauto.at\/wp-content\/uploads\/2023\/12\/IMG_5852-1.jpeg\" \/>\n\t<meta property=\"og:image:width\" content=\"2048\" \/>\n\t<meta property=\"og:image:height\" content=\"1536\" \/>\n\t<meta property=\"og:image:type\" content=\"image\/jpeg\" \/>\n<meta name=\"author\" content=\"gerhard\" \/>\n<meta name=\"twitter:card\" content=\"summary_large_image\" \/>\n<meta name=\"twitter:label1\" content=\"Scritto da\" \/>\n\t<meta name=\"twitter:data1\" content=\"gerhard\" \/>\n\t<meta name=\"twitter:label2\" content=\"Tempo di lettura stimato\" \/>\n\t<meta name=\"twitter:data2\" content=\"7 minuti\" \/>\n<script type=\"application\/ld+json\" class=\"yoast-schema-graph\">{\"@context\":\"https:\/\/schema.org\",\"@graph\":[{\"@type\":\"Article\",\"@id\":\"https:\/\/www.eslebedasauto.at\/so-sehen-seriensieger-aus\/#article\",\"isPartOf\":{\"@id\":\"https:\/\/www.eslebedasauto.at\/so-sehen-seriensieger-aus\/\"},\"author\":{\"name\":\"gerhard\",\"@id\":\"https:\/\/www.eslebedasauto.at\/#\/schema\/person\/fb81218b0bed500d225ff518f9f17033\"},\"headline\":\"So sehen Seriensieger aus.\",\"datePublished\":\"2023-12-22T11:39:54+00:00\",\"dateModified\":\"2024-01-07T15:56:10+00:00\",\"mainEntityOfPage\":{\"@id\":\"https:\/\/www.eslebedasauto.at\/so-sehen-seriensieger-aus\/\"},\"wordCount\":730,\"commentCount\":0,\"publisher\":{\"@id\":\"https:\/\/www.eslebedasauto.at\/#organization\"},\"image\":{\"@id\":\"https:\/\/www.eslebedasauto.at\/so-sehen-seriensieger-aus\/#primaryimage\"},\"thumbnailUrl\":\"https:\/\/www.eslebedasauto.at\/wp-content\/uploads\/2023\/12\/IMG_5852-1.jpeg\",\"articleSection\":[\"Electrofun\",\"Fahrberichte\"],\"inLanguage\":\"it-IT\",\"potentialAction\":[{\"@type\":\"CommentAction\",\"name\":\"Comment\",\"target\":[\"https:\/\/www.eslebedasauto.at\/so-sehen-seriensieger-aus\/#respond\"]}]},{\"@type\":\"WebPage\",\"@id\":\"https:\/\/www.eslebedasauto.at\/so-sehen-seriensieger-aus\/\",\"url\":\"https:\/\/www.eslebedasauto.at\/so-sehen-seriensieger-aus\/\",\"name\":\"So sehen Seriensieger aus. - Es lebe das Auto\",\"isPartOf\":{\"@id\":\"https:\/\/www.eslebedasauto.at\/#website\"},\"primaryImageOfPage\":{\"@id\":\"https:\/\/www.eslebedasauto.at\/so-sehen-seriensieger-aus\/#primaryimage\"},\"image\":{\"@id\":\"https:\/\/www.eslebedasauto.at\/so-sehen-seriensieger-aus\/#primaryimage\"},\"thumbnailUrl\":\"https:\/\/www.eslebedasauto.at\/wp-content\/uploads\/2023\/12\/IMG_5852-1.jpeg\",\"datePublished\":\"2023-12-22T11:39:54+00:00\",\"dateModified\":\"2024-01-07T15:56:10+00:00\",\"description\":\"Rein optisch ist der Avenger ein echter Jeep. Er f\u00e4hrt vollelektrisch vor und fr\u00f6nt eher dem urbanen Gedanken, daher fehlt Allrad eher nicht.\",\"breadcrumb\":{\"@id\":\"https:\/\/www.eslebedasauto.at\/so-sehen-seriensieger-aus\/#breadcrumb\"},\"inLanguage\":\"it-IT\",\"potentialAction\":[{\"@type\":\"ReadAction\",\"target\":[\"https:\/\/www.eslebedasauto.at\/so-sehen-seriensieger-aus\/\"]}]},{\"@type\":\"ImageObject\",\"inLanguage\":\"it-IT\",\"@id\":\"https:\/\/www.eslebedasauto.at\/so-sehen-seriensieger-aus\/#primaryimage\",\"url\":\"https:\/\/www.eslebedasauto.at\/wp-content\/uploads\/2023\/12\/IMG_5852-1.jpeg\",\"contentUrl\":\"https:\/\/www.eslebedasauto.at\/wp-content\/uploads\/2023\/12\/IMG_5852-1.jpeg\",\"width\":2048,\"height\":1536},{\"@type\":\"BreadcrumbList\",\"@id\":\"https:\/\/www.eslebedasauto.at\/so-sehen-seriensieger-aus\/#breadcrumb\",\"itemListElement\":[{\"@type\":\"ListItem\",\"position\":1,\"name\":\"Startseite\",\"item\":\"https:\/\/www.eslebedasauto.at\/\"},{\"@type\":\"ListItem\",\"position\":2,\"name\":\"So sehen Seriensieger aus.\"}]},{\"@type\":\"WebSite\",\"@id\":\"https:\/\/www.eslebedasauto.at\/#website\",\"url\":\"https:\/\/www.eslebedasauto.at\/\",\"name\":\"Es lebe das Auto\",\"description\":\"ein Hoch auf den Individualverkehr\",\"publisher\":{\"@id\":\"https:\/\/www.eslebedasauto.at\/#organization\"},\"potentialAction\":[{\"@type\":\"SearchAction\",\"target\":{\"@type\":\"EntryPoint\",\"urlTemplate\":\"https:\/\/www.eslebedasauto.at\/?s={search_term_string}\"},\"query-input\":{\"@type\":\"PropertyValueSpecification\",\"valueRequired\":true,\"valueName\":\"search_term_string\"}}],\"inLanguage\":\"it-IT\"},{\"@type\":\"Organization\",\"@id\":\"https:\/\/www.eslebedasauto.at\/#organization\",\"name\":\"eslebedasauto\",\"url\":\"https:\/\/www.eslebedasauto.at\/\",\"logo\":{\"@type\":\"ImageObject\",\"inLanguage\":\"it-IT\",\"@id\":\"https:\/\/www.eslebedasauto.at\/#\/schema\/logo\/image\/\",\"url\":\"https:\/\/www.eslebedasauto.at\/wp-content\/uploads\/2025\/10\/eldarund.png\",\"contentUrl\":\"https:\/\/www.eslebedasauto.at\/wp-content\/uploads\/2025\/10\/eldarund.png\",\"width\":1024,\"height\":1024,\"caption\":\"eslebedasauto\"},\"image\":{\"@id\":\"https:\/\/www.eslebedasauto.at\/#\/schema\/logo\/image\/\"},\"sameAs\":[\"https:\/\/www.facebook.com\/eslebedasauto.at\",\"https:\/\/www.instagram.com\/es_lebe_das_auto\/\"]},{\"@type\":\"Person\",\"@id\":\"https:\/\/www.eslebedasauto.at\/#\/schema\/person\/fb81218b0bed500d225ff518f9f17033\",\"name\":\"gerhard\",\"url\":\"https:\/\/www.eslebedasauto.at\/it\/author\/gerhard\/\"}]}<\/script>\n<!-- \/ Yoast SEO plugin. -->","yoast_head_json":{"title":"So sehen Seriensieger aus. - Es lebe das Auto","description":"Rein optisch ist der Avenger ein echter Jeep. Er f\u00e4hrt vollelektrisch vor und fr\u00f6nt eher dem urbanen Gedanken, daher fehlt Allrad eher nicht.","robots":{"index":"index","follow":"follow","max-snippet":"max-snippet:-1","max-image-preview":"max-image-preview:large","max-video-preview":"max-video-preview:-1"},"canonical":"https:\/\/www.eslebedasauto.at\/it\/so-sehen-seriensieger-aus\/","og_locale":"it_IT","og_type":"article","og_title":"So sehen Seriensieger aus. - Es lebe das Auto","og_description":"Rein optisch ist der Avenger ein echter Jeep. Er f\u00e4hrt vollelektrisch vor und fr\u00f6nt eher dem urbanen Gedanken, daher fehlt Allrad eher nicht.","og_url":"https:\/\/www.eslebedasauto.at\/it\/so-sehen-seriensieger-aus\/","og_site_name":"Es lebe das Auto","article_publisher":"https:\/\/www.facebook.com\/eslebedasauto.at","article_published_time":"2023-12-22T11:39:54+00:00","article_modified_time":"2024-01-07T15:56:10+00:00","og_image":[{"width":2048,"height":1536,"url":"https:\/\/www.eslebedasauto.at\/wp-content\/uploads\/2023\/12\/IMG_5852-1.jpeg","type":"image\/jpeg"}],"author":"gerhard","twitter_card":"summary_large_image","twitter_misc":{"Scritto da":"gerhard","Tempo di lettura stimato":"7 minuti"},"schema":{"@context":"https:\/\/schema.org","@graph":[{"@type":"Article","@id":"https:\/\/www.eslebedasauto.at\/so-sehen-seriensieger-aus\/#article","isPartOf":{"@id":"https:\/\/www.eslebedasauto.at\/so-sehen-seriensieger-aus\/"},"author":{"name":"gerhard","@id":"https:\/\/www.eslebedasauto.at\/#\/schema\/person\/fb81218b0bed500d225ff518f9f17033"},"headline":"So sehen Seriensieger aus.","datePublished":"2023-12-22T11:39:54+00:00","dateModified":"2024-01-07T15:56:10+00:00","mainEntityOfPage":{"@id":"https:\/\/www.eslebedasauto.at\/so-sehen-seriensieger-aus\/"},"wordCount":730,"commentCount":0,"publisher":{"@id":"https:\/\/www.eslebedasauto.at\/#organization"},"image":{"@id":"https:\/\/www.eslebedasauto.at\/so-sehen-seriensieger-aus\/#primaryimage"},"thumbnailUrl":"https:\/\/www.eslebedasauto.at\/wp-content\/uploads\/2023\/12\/IMG_5852-1.jpeg","articleSection":["Electrofun","Fahrberichte"],"inLanguage":"it-IT","potentialAction":[{"@type":"CommentAction","name":"Comment","target":["https:\/\/www.eslebedasauto.at\/so-sehen-seriensieger-aus\/#respond"]}]},{"@type":"WebPage","@id":"https:\/\/www.eslebedasauto.at\/so-sehen-seriensieger-aus\/","url":"https:\/\/www.eslebedasauto.at\/so-sehen-seriensieger-aus\/","name":"So sehen Seriensieger aus. - Es lebe das Auto","isPartOf":{"@id":"https:\/\/www.eslebedasauto.at\/#website"},"primaryImageOfPage":{"@id":"https:\/\/www.eslebedasauto.at\/so-sehen-seriensieger-aus\/#primaryimage"},"image":{"@id":"https:\/\/www.eslebedasauto.at\/so-sehen-seriensieger-aus\/#primaryimage"},"thumbnailUrl":"https:\/\/www.eslebedasauto.at\/wp-content\/uploads\/2023\/12\/IMG_5852-1.jpeg","datePublished":"2023-12-22T11:39:54+00:00","dateModified":"2024-01-07T15:56:10+00:00","description":"Rein optisch ist der Avenger ein echter Jeep. Er f\u00e4hrt vollelektrisch vor und fr\u00f6nt eher dem urbanen Gedanken, daher fehlt Allrad eher nicht.","breadcrumb":{"@id":"https:\/\/www.eslebedasauto.at\/so-sehen-seriensieger-aus\/#breadcrumb"},"inLanguage":"it-IT","potentialAction":[{"@type":"ReadAction","target":["https:\/\/www.eslebedasauto.at\/so-sehen-seriensieger-aus\/"]}]},{"@type":"ImageObject","inLanguage":"it-IT","@id":"https:\/\/www.eslebedasauto.at\/so-sehen-seriensieger-aus\/#primaryimage","url":"https:\/\/www.eslebedasauto.at\/wp-content\/uploads\/2023\/12\/IMG_5852-1.jpeg","contentUrl":"https:\/\/www.eslebedasauto.at\/wp-content\/uploads\/2023\/12\/IMG_5852-1.jpeg","width":2048,"height":1536},{"@type":"BreadcrumbList","@id":"https:\/\/www.eslebedasauto.at\/so-sehen-seriensieger-aus\/#breadcrumb","itemListElement":[{"@type":"ListItem","position":1,"name":"Startseite","item":"https:\/\/www.eslebedasauto.at\/"},{"@type":"ListItem","position":2,"name":"So sehen Seriensieger aus."}]},{"@type":"WebSite","@id":"https:\/\/www.eslebedasauto.at\/#website","url":"https:\/\/www.eslebedasauto.at\/","name":"Es lebe das Auto","description":"ein Hoch auf den Individualverkehr","publisher":{"@id":"https:\/\/www.eslebedasauto.at\/#organization"},"potentialAction":[{"@type":"SearchAction","target":{"@type":"EntryPoint","urlTemplate":"https:\/\/www.eslebedasauto.at\/?s={search_term_string}"},"query-input":{"@type":"PropertyValueSpecification","valueRequired":true,"valueName":"search_term_string"}}],"inLanguage":"it-IT"},{"@type":"Organization","@id":"https:\/\/www.eslebedasauto.at\/#organization","name":"eslebedasauto","url":"https:\/\/www.eslebedasauto.at\/","logo":{"@type":"ImageObject","inLanguage":"it-IT","@id":"https:\/\/www.eslebedasauto.at\/#\/schema\/logo\/image\/","url":"https:\/\/www.eslebedasauto.at\/wp-content\/uploads\/2025\/10\/eldarund.png","contentUrl":"https:\/\/www.eslebedasauto.at\/wp-content\/uploads\/2025\/10\/eldarund.png","width":1024,"height":1024,"caption":"eslebedasauto"},"image":{"@id":"https:\/\/www.eslebedasauto.at\/#\/schema\/logo\/image\/"},"sameAs":["https:\/\/www.facebook.com\/eslebedasauto.at","https:\/\/www.instagram.com\/es_lebe_das_auto\/"]},{"@type":"Person","@id":"https:\/\/www.eslebedasauto.at\/#\/schema\/person\/fb81218b0bed500d225ff518f9f17033","name":"gerhard","url":"https:\/\/www.eslebedasauto.at\/it\/author\/gerhard\/"}]}},"_links":{"self":[{"href":"https:\/\/www.eslebedasauto.at\/it\/wp-json\/wp\/v2\/posts\/94277","targetHints":{"allow":["GET"]}}],"collection":[{"href":"https:\/\/www.eslebedasauto.at\/it\/wp-json\/wp\/v2\/posts"}],"about":[{"href":"https:\/\/www.eslebedasauto.at\/it\/wp-json\/wp\/v2\/types\/post"}],"author":[{"embeddable":true,"href":"https:\/\/www.eslebedasauto.at\/it\/wp-json\/wp\/v2\/users\/2"}],"replies":[{"embeddable":true,"href":"https:\/\/www.eslebedasauto.at\/it\/wp-json\/wp\/v2\/comments?post=94277"}],"version-history":[{"count":1,"href":"https:\/\/www.eslebedasauto.at\/it\/wp-json\/wp\/v2\/posts\/94277\/revisions"}],"predecessor-version":[{"id":94284,"href":"https:\/\/www.eslebedasauto.at\/it\/wp-json\/wp\/v2\/posts\/94277\/revisions\/94284"}],"wp:featuredmedia":[{"embeddable":true,"href":"https:\/\/www.eslebedasauto.at\/it\/wp-json\/wp\/v2\/media\/94280"}],"wp:attachment":[{"href":"https:\/\/www.eslebedasauto.at\/it\/wp-json\/wp\/v2\/media?parent=94277"}],"wp:term":[{"taxonomy":"category","embeddable":true,"href":"https:\/\/www.eslebedasauto.at\/it\/wp-json\/wp\/v2\/categories?post=94277"},{"taxonomy":"post_tag","embeddable":true,"href":"https:\/\/www.eslebedasauto.at\/it\/wp-json\/wp\/v2\/tags?post=94277"}],"curies":[{"name":"wp","href":"https:\/\/api.w.org\/{rel}","templated":true}]}}