{"id":94188,"date":"2023-12-13T08:27:13","date_gmt":"2023-12-13T07:27:13","guid":{"rendered":"https:\/\/www.eslebedasauto.at\/?p=94188"},"modified":"2024-01-07T16:56:28","modified_gmt":"2024-01-07T15:56:28","slug":"renault-espace-test","status":"publish","type":"post","link":"https:\/\/www.eslebedasauto.at\/it\/renault-espace-test\/","title":{"rendered":"Renault Espace &#8211; total verSUVt."},"content":{"rendered":"<h3 id=\"wenn-der-markt-nach-etwas-verlangt-dann-muss-gehandelt-werden-und-der-markt-verlangt-schon-seit-langerem-nach-suv-das-bekam-jetzt-auch-der-parade-van-espace-zu-spuren\" class=\"wp-block-heading\">Wenn der Markt nach etwas verlangt, dann muss gehandelt werden. Und der Markt verlangt schon seit l\u00e4ngerem nach SUV. Das bekam jetzt auch der Parade-Van Espace zu sp\u00fcren.<\/h3>\n\n\n\n<p>Streng genommen ist der\u00a0Espace\u00a0keiner mehr, sondern er ist zum <a href=\"https:\/\/www.eslebedasauto.at\/it\/renault-austral-160-test\/\">Renault Austral<\/a> in verl\u00e4ngerter XL-Ausgabe mutiert. Family-Vans sind out und die Nachfrage nach ger\u00e4umigen Familientransportern hat bei der Kundschaft schon vor Jahren stark abgenommen. <\/p>\n\n\n\n<figure class=\"wp-block-gallery has-nested-images columns-3 is-cropped wp-block-gallery-1 is-layout-flex wp-block-gallery-is-layout-flex\">\n<figure class=\"wp-block-image size-large\"><a href=\"https:\/\/www.eslebedasauto.at\/wp-content\/uploads\/2023\/12\/IMG_6293-scaled.jpg\"><img fetchpriority=\"high\" decoding=\"async\" width=\"1024\" height=\"768\" data-id=\"94205\" src=\"https:\/\/www.eslebedasauto.at\/wp-content\/uploads\/2023\/12\/IMG_6293-1024x768.jpg\" alt=\"\" class=\"wp-image-94205\" srcset=\"https:\/\/www.eslebedasauto.at\/wp-content\/uploads\/2023\/12\/IMG_6293-1024x768.jpg 1024w, https:\/\/www.eslebedasauto.at\/wp-content\/uploads\/2023\/12\/IMG_6293-300x225.jpg 300w, https:\/\/www.eslebedasauto.at\/wp-content\/uploads\/2023\/12\/IMG_6293-768x576.jpg 768w, https:\/\/www.eslebedasauto.at\/wp-content\/uploads\/2023\/12\/IMG_6293-1536x1152.jpg 1536w, https:\/\/www.eslebedasauto.at\/wp-content\/uploads\/2023\/12\/IMG_6293-2048x1536.jpg 2048w, https:\/\/www.eslebedasauto.at\/wp-content\/uploads\/2023\/12\/IMG_6293-800x600.jpg 800w, https:\/\/www.eslebedasauto.at\/wp-content\/uploads\/2023\/12\/IMG_6293-1160x870.jpg 1160w\" sizes=\"(max-width: 1024px) 100vw, 1024px\" \/><\/a><\/figure>\n\n\n\n<figure class=\"wp-block-image size-large\"><a href=\"https:\/\/www.eslebedasauto.at\/wp-content\/uploads\/2023\/12\/IMG_6297-scaled.jpg\"><img decoding=\"async\" width=\"1024\" height=\"768\" data-id=\"94209\" src=\"https:\/\/www.eslebedasauto.at\/wp-content\/uploads\/2023\/12\/IMG_6297-1024x768.jpg\" alt=\"\" class=\"wp-image-94209\" srcset=\"https:\/\/www.eslebedasauto.at\/wp-content\/uploads\/2023\/12\/IMG_6297-1024x768.jpg 1024w, https:\/\/www.eslebedasauto.at\/wp-content\/uploads\/2023\/12\/IMG_6297-300x225.jpg 300w, https:\/\/www.eslebedasauto.at\/wp-content\/uploads\/2023\/12\/IMG_6297-768x576.jpg 768w, https:\/\/www.eslebedasauto.at\/wp-content\/uploads\/2023\/12\/IMG_6297-1536x1152.jpg 1536w, https:\/\/www.eslebedasauto.at\/wp-content\/uploads\/2023\/12\/IMG_6297-2048x1536.jpg 2048w, https:\/\/www.eslebedasauto.at\/wp-content\/uploads\/2023\/12\/IMG_6297-800x600.jpg 800w, https:\/\/www.eslebedasauto.at\/wp-content\/uploads\/2023\/12\/IMG_6297-1160x870.jpg 1160w\" sizes=\"(max-width: 1024px) 100vw, 1024px\" \/><\/a><\/figure>\n\n\n\n<figure class=\"wp-block-image size-large\"><a href=\"https:\/\/www.eslebedasauto.at\/wp-content\/uploads\/2023\/12\/IMG_6299-scaled.jpg\"><img decoding=\"async\" width=\"1024\" height=\"768\" data-id=\"94211\" src=\"https:\/\/www.eslebedasauto.at\/wp-content\/uploads\/2023\/12\/IMG_6299-1024x768.jpg\" alt=\"\" class=\"wp-image-94211\" srcset=\"https:\/\/www.eslebedasauto.at\/wp-content\/uploads\/2023\/12\/IMG_6299-1024x768.jpg 1024w, https:\/\/www.eslebedasauto.at\/wp-content\/uploads\/2023\/12\/IMG_6299-300x225.jpg 300w, https:\/\/www.eslebedasauto.at\/wp-content\/uploads\/2023\/12\/IMG_6299-768x576.jpg 768w, https:\/\/www.eslebedasauto.at\/wp-content\/uploads\/2023\/12\/IMG_6299-1536x1152.jpg 1536w, https:\/\/www.eslebedasauto.at\/wp-content\/uploads\/2023\/12\/IMG_6299-2048x1536.jpg 2048w, https:\/\/www.eslebedasauto.at\/wp-content\/uploads\/2023\/12\/IMG_6299-800x600.jpg 800w, https:\/\/www.eslebedasauto.at\/wp-content\/uploads\/2023\/12\/IMG_6299-1160x870.jpg 1160w\" sizes=\"(max-width: 1024px) 100vw, 1024px\" \/><\/a><\/figure>\n\n\n\n<figure class=\"wp-block-image size-large\"><a href=\"https:\/\/www.eslebedasauto.at\/wp-content\/uploads\/2023\/12\/IMG_6300-scaled.jpg\"><img loading=\"lazy\" decoding=\"async\" width=\"768\" height=\"1024\" data-id=\"94212\" src=\"https:\/\/www.eslebedasauto.at\/wp-content\/uploads\/2023\/12\/IMG_6300-768x1024.jpg\" alt=\"\" class=\"wp-image-94212\" srcset=\"https:\/\/www.eslebedasauto.at\/wp-content\/uploads\/2023\/12\/IMG_6300-768x1024.jpg 768w, https:\/\/www.eslebedasauto.at\/wp-content\/uploads\/2023\/12\/IMG_6300-225x300.jpg 225w, https:\/\/www.eslebedasauto.at\/wp-content\/uploads\/2023\/12\/IMG_6300-1152x1536.jpg 1152w, https:\/\/www.eslebedasauto.at\/wp-content\/uploads\/2023\/12\/IMG_6300-1536x2048.jpg 1536w, https:\/\/www.eslebedasauto.at\/wp-content\/uploads\/2023\/12\/IMG_6300-800x1067.jpg 800w, https:\/\/www.eslebedasauto.at\/wp-content\/uploads\/2023\/12\/IMG_6300-1160x1547.jpg 1160w, https:\/\/www.eslebedasauto.at\/wp-content\/uploads\/2023\/12\/IMG_6300-scaled.jpg 1920w\" sizes=\"(max-width: 768px) 100vw, 768px\" \/><\/a><\/figure>\n\n\n\n<figure class=\"wp-block-image size-large\"><a href=\"https:\/\/www.eslebedasauto.at\/wp-content\/uploads\/2023\/12\/IMG_6302-scaled.jpg\"><img loading=\"lazy\" decoding=\"async\" width=\"768\" height=\"1024\" data-id=\"94214\" src=\"https:\/\/www.eslebedasauto.at\/wp-content\/uploads\/2023\/12\/IMG_6302-768x1024.jpg\" alt=\"\" class=\"wp-image-94214\" srcset=\"https:\/\/www.eslebedasauto.at\/wp-content\/uploads\/2023\/12\/IMG_6302-768x1024.jpg 768w, https:\/\/www.eslebedasauto.at\/wp-content\/uploads\/2023\/12\/IMG_6302-225x300.jpg 225w, https:\/\/www.eslebedasauto.at\/wp-content\/uploads\/2023\/12\/IMG_6302-1152x1536.jpg 1152w, https:\/\/www.eslebedasauto.at\/wp-content\/uploads\/2023\/12\/IMG_6302-1536x2048.jpg 1536w, https:\/\/www.eslebedasauto.at\/wp-content\/uploads\/2023\/12\/IMG_6302-800x1067.jpg 800w, https:\/\/www.eslebedasauto.at\/wp-content\/uploads\/2023\/12\/IMG_6302-1160x1547.jpg 1160w, https:\/\/www.eslebedasauto.at\/wp-content\/uploads\/2023\/12\/IMG_6302-scaled.jpg 1920w\" sizes=\"(max-width: 768px) 100vw, 768px\" \/><\/a><\/figure>\n\n\n\n<figure class=\"wp-block-image size-large\"><a href=\"https:\/\/www.eslebedasauto.at\/wp-content\/uploads\/2023\/12\/IMG_6303-scaled.jpg\"><img loading=\"lazy\" decoding=\"async\" width=\"768\" height=\"1024\" data-id=\"94216\" src=\"https:\/\/www.eslebedasauto.at\/wp-content\/uploads\/2023\/12\/IMG_6303-768x1024.jpg\" alt=\"\" class=\"wp-image-94216\" srcset=\"https:\/\/www.eslebedasauto.at\/wp-content\/uploads\/2023\/12\/IMG_6303-768x1024.jpg 768w, https:\/\/www.eslebedasauto.at\/wp-content\/uploads\/2023\/12\/IMG_6303-225x300.jpg 225w, https:\/\/www.eslebedasauto.at\/wp-content\/uploads\/2023\/12\/IMG_6303-1152x1536.jpg 1152w, https:\/\/www.eslebedasauto.at\/wp-content\/uploads\/2023\/12\/IMG_6303-1536x2048.jpg 1536w, https:\/\/www.eslebedasauto.at\/wp-content\/uploads\/2023\/12\/IMG_6303-800x1067.jpg 800w, https:\/\/www.eslebedasauto.at\/wp-content\/uploads\/2023\/12\/IMG_6303-1160x1547.jpg 1160w, https:\/\/www.eslebedasauto.at\/wp-content\/uploads\/2023\/12\/IMG_6303-scaled.jpg 1920w\" sizes=\"(max-width: 768px) 100vw, 768px\" \/><\/a><\/figure>\n<\/figure>\n\n\n\n<p>Auf diesen Wandel hatten die Franzosen schon beim letzten&nbsp;Espace&nbsp;reagiert und ihn 2015 als Crossover pr\u00e4sentiert. Die nun sechste&nbsp;Espace-Generation verabschiedete sich nun komplett vom Van-Konzept. Eigentlich traurig: Selbst die einstigen Gr\u00fcnder des vor 40 Jahren in Europa entstandenen Segments sagen Adieu zum alten Konzept.<\/p>\n\n\n\n<p><strong>Komischerweise ist das \u00fcppige Raumangebot der alten Vans zweitrangig. <\/strong>Der Neue basiert auf der CMF-CD-Plattform und ist mit einer L\u00e4nge von 4,72 Metern im Vergleich zum Vorg\u00e4nger knapp 14 Zentimeter k\u00fcrzer (und mit 1.659 Kilogramm sogar auch 215 Kilo leichter).<\/p>\n\n\n\n<p><strong>Optisch ist der neue Espace, dem Austral wie aus dem Gesicht geschnitten.<\/strong> Einzig der auf stattliche 2,74 Meter gestreckte Radstand (plus sieben Zentimeter) sowie die hochgezogene D-S\u00e4ule inklusive gr\u00f6\u00dferer Seitenfenster hinten machen bei der Austral-Langversion den Unterschied. Platz bietet der\u00a0Espace\u00a0f\u00fcr bis zu sieben Personen &#8211; und das serienm\u00e4\u00dfig. Man kann aber auch den F\u00fcnfsitzer nehmen.<br><br><strong>Wer maximales Kofferraumvolumen (von 581 bis 1818 Litern) ben\u00f6tigt, sollte den F\u00fcnfsitzer nehmen. <\/strong>Mit maximaler Bestuhlung schrumpft das Gep\u00e4ckabteil dagegen auf l\u00e4ppische 159 bis 1714 Liter zusammen. Au\u00dferdem gen\u00fcgt der Platz beim Siebensitzer in der letzten Reihe allenfalls Kindern oder man faltet sich als Erwachsener auf der Kurzstrecke zusammen. Auch der Ein- und Ausstieg nach ganz hinten erfordert klarerweise ein gewisses Ma\u00df an Gelenkigkeit. Aber das ist bei allen Siebensitzern am Markt das Gleiche.<br><\/p>\n\n\n\n<figure class=\"wp-block-gallery has-nested-images columns-4 is-cropped wp-block-gallery-2 is-layout-flex wp-block-gallery-is-layout-flex\">\n<figure class=\"wp-block-image size-large\"><a href=\"https:\/\/www.eslebedasauto.at\/wp-content\/uploads\/2023\/12\/IMG_6304-scaled.jpg\"><img loading=\"lazy\" decoding=\"async\" width=\"768\" height=\"1024\" data-id=\"94217\" src=\"https:\/\/www.eslebedasauto.at\/wp-content\/uploads\/2023\/12\/IMG_6304-768x1024.jpg\" alt=\"\" class=\"wp-image-94217\" srcset=\"https:\/\/www.eslebedasauto.at\/wp-content\/uploads\/2023\/12\/IMG_6304-768x1024.jpg 768w, https:\/\/www.eslebedasauto.at\/wp-content\/uploads\/2023\/12\/IMG_6304-225x300.jpg 225w, https:\/\/www.eslebedasauto.at\/wp-content\/uploads\/2023\/12\/IMG_6304-1152x1536.jpg 1152w, https:\/\/www.eslebedasauto.at\/wp-content\/uploads\/2023\/12\/IMG_6304-1536x2048.jpg 1536w, https:\/\/www.eslebedasauto.at\/wp-content\/uploads\/2023\/12\/IMG_6304-800x1067.jpg 800w, https:\/\/www.eslebedasauto.at\/wp-content\/uploads\/2023\/12\/IMG_6304-1160x1547.jpg 1160w, https:\/\/www.eslebedasauto.at\/wp-content\/uploads\/2023\/12\/IMG_6304-scaled.jpg 1920w\" sizes=\"(max-width: 768px) 100vw, 768px\" \/><\/a><\/figure>\n\n\n\n<figure class=\"wp-block-image size-large\"><a href=\"https:\/\/www.eslebedasauto.at\/wp-content\/uploads\/2023\/12\/IMG_6307-scaled.jpg\"><img loading=\"lazy\" decoding=\"async\" width=\"768\" height=\"1024\" data-id=\"94220\" src=\"https:\/\/www.eslebedasauto.at\/wp-content\/uploads\/2023\/12\/IMG_6307-768x1024.jpg\" alt=\"\" class=\"wp-image-94220\" srcset=\"https:\/\/www.eslebedasauto.at\/wp-content\/uploads\/2023\/12\/IMG_6307-768x1024.jpg 768w, https:\/\/www.eslebedasauto.at\/wp-content\/uploads\/2023\/12\/IMG_6307-225x300.jpg 225w, https:\/\/www.eslebedasauto.at\/wp-content\/uploads\/2023\/12\/IMG_6307-1152x1536.jpg 1152w, https:\/\/www.eslebedasauto.at\/wp-content\/uploads\/2023\/12\/IMG_6307-1536x2048.jpg 1536w, https:\/\/www.eslebedasauto.at\/wp-content\/uploads\/2023\/12\/IMG_6307-800x1067.jpg 800w, https:\/\/www.eslebedasauto.at\/wp-content\/uploads\/2023\/12\/IMG_6307-1160x1547.jpg 1160w, https:\/\/www.eslebedasauto.at\/wp-content\/uploads\/2023\/12\/IMG_6307-scaled.jpg 1920w\" sizes=\"(max-width: 768px) 100vw, 768px\" \/><\/a><\/figure>\n\n\n\n<figure class=\"wp-block-image size-large\"><a href=\"https:\/\/www.eslebedasauto.at\/wp-content\/uploads\/2023\/12\/IMG_6309-scaled.jpg\"><img loading=\"lazy\" decoding=\"async\" width=\"768\" height=\"1024\" data-id=\"94221\" src=\"https:\/\/www.eslebedasauto.at\/wp-content\/uploads\/2023\/12\/IMG_6309-768x1024.jpg\" alt=\"\" class=\"wp-image-94221\" srcset=\"https:\/\/www.eslebedasauto.at\/wp-content\/uploads\/2023\/12\/IMG_6309-768x1024.jpg 768w, https:\/\/www.eslebedasauto.at\/wp-content\/uploads\/2023\/12\/IMG_6309-225x300.jpg 225w, https:\/\/www.eslebedasauto.at\/wp-content\/uploads\/2023\/12\/IMG_6309-1152x1536.jpg 1152w, https:\/\/www.eslebedasauto.at\/wp-content\/uploads\/2023\/12\/IMG_6309-1536x2048.jpg 1536w, https:\/\/www.eslebedasauto.at\/wp-content\/uploads\/2023\/12\/IMG_6309-800x1067.jpg 800w, https:\/\/www.eslebedasauto.at\/wp-content\/uploads\/2023\/12\/IMG_6309-1160x1547.jpg 1160w, https:\/\/www.eslebedasauto.at\/wp-content\/uploads\/2023\/12\/IMG_6309-scaled.jpg 1920w\" sizes=\"(max-width: 768px) 100vw, 768px\" \/><\/a><\/figure>\n\n\n\n<figure class=\"wp-block-image size-large\"><a href=\"https:\/\/www.eslebedasauto.at\/wp-content\/uploads\/2023\/12\/IMG_6310-scaled.jpg\"><img loading=\"lazy\" decoding=\"async\" width=\"768\" height=\"1024\" data-id=\"94222\" src=\"https:\/\/www.eslebedasauto.at\/wp-content\/uploads\/2023\/12\/IMG_6310-768x1024.jpg\" alt=\"\" class=\"wp-image-94222\" srcset=\"https:\/\/www.eslebedasauto.at\/wp-content\/uploads\/2023\/12\/IMG_6310-768x1024.jpg 768w, https:\/\/www.eslebedasauto.at\/wp-content\/uploads\/2023\/12\/IMG_6310-225x300.jpg 225w, https:\/\/www.eslebedasauto.at\/wp-content\/uploads\/2023\/12\/IMG_6310-1152x1536.jpg 1152w, https:\/\/www.eslebedasauto.at\/wp-content\/uploads\/2023\/12\/IMG_6310-1536x2048.jpg 1536w, https:\/\/www.eslebedasauto.at\/wp-content\/uploads\/2023\/12\/IMG_6310-800x1067.jpg 800w, https:\/\/www.eslebedasauto.at\/wp-content\/uploads\/2023\/12\/IMG_6310-1160x1547.jpg 1160w, https:\/\/www.eslebedasauto.at\/wp-content\/uploads\/2023\/12\/IMG_6310-scaled.jpg 1920w\" sizes=\"(max-width: 768px) 100vw, 768px\" \/><\/a><\/figure>\n\n\n\n<figure class=\"wp-block-image size-large\"><a href=\"https:\/\/www.eslebedasauto.at\/wp-content\/uploads\/2023\/12\/IMG_6311-scaled.jpg\"><img loading=\"lazy\" decoding=\"async\" width=\"768\" height=\"1024\" data-id=\"94223\" src=\"https:\/\/www.eslebedasauto.at\/wp-content\/uploads\/2023\/12\/IMG_6311-768x1024.jpg\" alt=\"\" class=\"wp-image-94223\" srcset=\"https:\/\/www.eslebedasauto.at\/wp-content\/uploads\/2023\/12\/IMG_6311-768x1024.jpg 768w, https:\/\/www.eslebedasauto.at\/wp-content\/uploads\/2023\/12\/IMG_6311-225x300.jpg 225w, https:\/\/www.eslebedasauto.at\/wp-content\/uploads\/2023\/12\/IMG_6311-1152x1536.jpg 1152w, https:\/\/www.eslebedasauto.at\/wp-content\/uploads\/2023\/12\/IMG_6311-1536x2048.jpg 1536w, https:\/\/www.eslebedasauto.at\/wp-content\/uploads\/2023\/12\/IMG_6311-800x1067.jpg 800w, https:\/\/www.eslebedasauto.at\/wp-content\/uploads\/2023\/12\/IMG_6311-1160x1547.jpg 1160w, https:\/\/www.eslebedasauto.at\/wp-content\/uploads\/2023\/12\/IMG_6311-scaled.jpg 1920w\" sizes=\"(max-width: 768px) 100vw, 768px\" \/><\/a><\/figure>\n\n\n\n<figure class=\"wp-block-image size-large\"><a href=\"https:\/\/www.eslebedasauto.at\/wp-content\/uploads\/2023\/12\/IMG_6305-scaled.jpg\"><img loading=\"lazy\" decoding=\"async\" width=\"768\" height=\"1024\" data-id=\"94218\" src=\"https:\/\/www.eslebedasauto.at\/wp-content\/uploads\/2023\/12\/IMG_6305-768x1024.jpg\" alt=\"\" class=\"wp-image-94218\" srcset=\"https:\/\/www.eslebedasauto.at\/wp-content\/uploads\/2023\/12\/IMG_6305-768x1024.jpg 768w, https:\/\/www.eslebedasauto.at\/wp-content\/uploads\/2023\/12\/IMG_6305-225x300.jpg 225w, https:\/\/www.eslebedasauto.at\/wp-content\/uploads\/2023\/12\/IMG_6305-1152x1536.jpg 1152w, https:\/\/www.eslebedasauto.at\/wp-content\/uploads\/2023\/12\/IMG_6305-1536x2048.jpg 1536w, https:\/\/www.eslebedasauto.at\/wp-content\/uploads\/2023\/12\/IMG_6305-800x1067.jpg 800w, https:\/\/www.eslebedasauto.at\/wp-content\/uploads\/2023\/12\/IMG_6305-1160x1547.jpg 1160w, https:\/\/www.eslebedasauto.at\/wp-content\/uploads\/2023\/12\/IMG_6305-scaled.jpg 1920w\" sizes=\"(max-width: 768px) 100vw, 768px\" \/><\/a><\/figure>\n\n\n\n<figure class=\"wp-block-image size-large\"><a href=\"https:\/\/www.eslebedasauto.at\/wp-content\/uploads\/2023\/12\/IMG_6306-scaled.jpg\"><img loading=\"lazy\" decoding=\"async\" width=\"768\" height=\"1024\" data-id=\"94219\" src=\"https:\/\/www.eslebedasauto.at\/wp-content\/uploads\/2023\/12\/IMG_6306-768x1024.jpg\" alt=\"\" class=\"wp-image-94219\" srcset=\"https:\/\/www.eslebedasauto.at\/wp-content\/uploads\/2023\/12\/IMG_6306-768x1024.jpg 768w, https:\/\/www.eslebedasauto.at\/wp-content\/uploads\/2023\/12\/IMG_6306-225x300.jpg 225w, https:\/\/www.eslebedasauto.at\/wp-content\/uploads\/2023\/12\/IMG_6306-1152x1536.jpg 1152w, https:\/\/www.eslebedasauto.at\/wp-content\/uploads\/2023\/12\/IMG_6306-1536x2048.jpg 1536w, https:\/\/www.eslebedasauto.at\/wp-content\/uploads\/2023\/12\/IMG_6306-800x1067.jpg 800w, https:\/\/www.eslebedasauto.at\/wp-content\/uploads\/2023\/12\/IMG_6306-1160x1547.jpg 1160w, https:\/\/www.eslebedasauto.at\/wp-content\/uploads\/2023\/12\/IMG_6306-scaled.jpg 1920w\" sizes=\"(max-width: 768px) 100vw, 768px\" \/><\/a><\/figure>\n<\/figure>\n\n\n\n<p><br>Daf\u00fcr sitzt es sich vorne super-bequem und dank der um 22 Zentimeter l\u00e4ngs verschiebbaren R\u00fcckbank herrscht in der mittleren Reihe feudale Bewegungsfreiheit. Der Fahrer blickt auf ein digitales Kombinstrument sowie den markentypisch hochkant stehenden Zw\u00f6lf-Zoll-Touchscreen des \u201eOpenR Link\u201c-Multimediasystems. Die Bedienung des online basierenden Infotainments erweist sich weitgehend selbsterkl\u00e4rend und die Routenf\u00fchrung via Google Maps ist bekannt zielf\u00fchrend.<br><br><strong>Renault hat es vermieden, alles via Touch zu bedienen, so gibt es im\u00a0Espace\u00a0noch gen\u00fcgend herk\u00f6mmliche Schalter, die einem den Alltag erleichtern.<\/strong> Unser Testwagen war \u00fcppig ausgestattet &#8211; er verf\u00fcgte \u00fcber jede Menge Komfortfeatures und Fahrerassistenten. Ebenfalls an Bord war ein vollwertiges Head-up-Display, welches die Infos direkt in die Windschutzscheibe einspielt und ein riesiges Panorama-Glasdach. Dieses l\u00e4sst sich leider nicht \u00f6ffnen, bringt aber sehr viel Licht und gute Stimmung in den Innenraum. Als praktisch erwiesen sich zudem die vielen Ablagem\u00f6glichkeiten im Renault, die mit einem Stauvolumen von insgesamt 39 Litern f\u00fcr allerhand Kleinkram bereitstehen. <\/p>\n\n\n\n<figure class=\"wp-block-gallery has-nested-images columns-default is-cropped wp-block-gallery-3 is-layout-flex wp-block-gallery-is-layout-flex\">\n<figure class=\"wp-block-image size-large\"><a href=\"https:\/\/www.eslebedasauto.at\/wp-content\/uploads\/2023\/12\/IMG_6319-scaled.jpg\"><img loading=\"lazy\" decoding=\"async\" width=\"1024\" height=\"768\" data-id=\"94231\" src=\"https:\/\/www.eslebedasauto.at\/wp-content\/uploads\/2023\/12\/IMG_6319-1024x768.jpg\" alt=\"\" class=\"wp-image-94231\" srcset=\"https:\/\/www.eslebedasauto.at\/wp-content\/uploads\/2023\/12\/IMG_6319-1024x768.jpg 1024w, https:\/\/www.eslebedasauto.at\/wp-content\/uploads\/2023\/12\/IMG_6319-300x225.jpg 300w, https:\/\/www.eslebedasauto.at\/wp-content\/uploads\/2023\/12\/IMG_6319-768x576.jpg 768w, https:\/\/www.eslebedasauto.at\/wp-content\/uploads\/2023\/12\/IMG_6319-1536x1152.jpg 1536w, https:\/\/www.eslebedasauto.at\/wp-content\/uploads\/2023\/12\/IMG_6319-2048x1536.jpg 2048w, https:\/\/www.eslebedasauto.at\/wp-content\/uploads\/2023\/12\/IMG_6319-800x600.jpg 800w, https:\/\/www.eslebedasauto.at\/wp-content\/uploads\/2023\/12\/IMG_6319-1160x870.jpg 1160w\" sizes=\"(max-width: 1024px) 100vw, 1024px\" \/><\/a><\/figure>\n\n\n\n<figure class=\"wp-block-image size-large\"><a href=\"https:\/\/www.eslebedasauto.at\/wp-content\/uploads\/2023\/12\/IMG_6324-scaled.jpg\"><img loading=\"lazy\" decoding=\"async\" width=\"768\" height=\"1024\" data-id=\"94236\" src=\"https:\/\/www.eslebedasauto.at\/wp-content\/uploads\/2023\/12\/IMG_6324-768x1024.jpg\" alt=\"\" class=\"wp-image-94236\" srcset=\"https:\/\/www.eslebedasauto.at\/wp-content\/uploads\/2023\/12\/IMG_6324-768x1024.jpg 768w, https:\/\/www.eslebedasauto.at\/wp-content\/uploads\/2023\/12\/IMG_6324-225x300.jpg 225w, https:\/\/www.eslebedasauto.at\/wp-content\/uploads\/2023\/12\/IMG_6324-1152x1536.jpg 1152w, https:\/\/www.eslebedasauto.at\/wp-content\/uploads\/2023\/12\/IMG_6324-1536x2048.jpg 1536w, https:\/\/www.eslebedasauto.at\/wp-content\/uploads\/2023\/12\/IMG_6324-800x1067.jpg 800w, https:\/\/www.eslebedasauto.at\/wp-content\/uploads\/2023\/12\/IMG_6324-1160x1547.jpg 1160w, https:\/\/www.eslebedasauto.at\/wp-content\/uploads\/2023\/12\/IMG_6324-scaled.jpg 1920w\" sizes=\"(max-width: 768px) 100vw, 768px\" \/><\/a><\/figure>\n\n\n\n<figure class=\"wp-block-image size-large\"><a href=\"https:\/\/www.eslebedasauto.at\/wp-content\/uploads\/2023\/12\/IMG_6323-scaled.jpg\"><img loading=\"lazy\" decoding=\"async\" width=\"768\" height=\"1024\" data-id=\"94235\" src=\"https:\/\/www.eslebedasauto.at\/wp-content\/uploads\/2023\/12\/IMG_6323-768x1024.jpg\" alt=\"\" class=\"wp-image-94235\" srcset=\"https:\/\/www.eslebedasauto.at\/wp-content\/uploads\/2023\/12\/IMG_6323-768x1024.jpg 768w, https:\/\/www.eslebedasauto.at\/wp-content\/uploads\/2023\/12\/IMG_6323-225x300.jpg 225w, https:\/\/www.eslebedasauto.at\/wp-content\/uploads\/2023\/12\/IMG_6323-1152x1536.jpg 1152w, https:\/\/www.eslebedasauto.at\/wp-content\/uploads\/2023\/12\/IMG_6323-1536x2048.jpg 1536w, https:\/\/www.eslebedasauto.at\/wp-content\/uploads\/2023\/12\/IMG_6323-800x1067.jpg 800w, https:\/\/www.eslebedasauto.at\/wp-content\/uploads\/2023\/12\/IMG_6323-1160x1547.jpg 1160w, https:\/\/www.eslebedasauto.at\/wp-content\/uploads\/2023\/12\/IMG_6323-scaled.jpg 1920w\" sizes=\"(max-width: 768px) 100vw, 768px\" \/><\/a><\/figure>\n\n\n\n<figure class=\"wp-block-image size-large\"><a href=\"https:\/\/www.eslebedasauto.at\/wp-content\/uploads\/2023\/12\/IMG_6322-scaled.jpg\"><img loading=\"lazy\" decoding=\"async\" width=\"768\" height=\"1024\" data-id=\"94234\" src=\"https:\/\/www.eslebedasauto.at\/wp-content\/uploads\/2023\/12\/IMG_6322-768x1024.jpg\" alt=\"\" class=\"wp-image-94234\" srcset=\"https:\/\/www.eslebedasauto.at\/wp-content\/uploads\/2023\/12\/IMG_6322-768x1024.jpg 768w, https:\/\/www.eslebedasauto.at\/wp-content\/uploads\/2023\/12\/IMG_6322-225x300.jpg 225w, https:\/\/www.eslebedasauto.at\/wp-content\/uploads\/2023\/12\/IMG_6322-1152x1536.jpg 1152w, https:\/\/www.eslebedasauto.at\/wp-content\/uploads\/2023\/12\/IMG_6322-1536x2048.jpg 1536w, https:\/\/www.eslebedasauto.at\/wp-content\/uploads\/2023\/12\/IMG_6322-800x1067.jpg 800w, https:\/\/www.eslebedasauto.at\/wp-content\/uploads\/2023\/12\/IMG_6322-1160x1547.jpg 1160w, https:\/\/www.eslebedasauto.at\/wp-content\/uploads\/2023\/12\/IMG_6322-scaled.jpg 1920w\" sizes=\"(max-width: 768px) 100vw, 768px\" \/><\/a><\/figure>\n\n\n\n<figure class=\"wp-block-image size-large\"><a href=\"https:\/\/www.eslebedasauto.at\/wp-content\/uploads\/2023\/12\/IMG_6321-scaled.jpg\"><img loading=\"lazy\" decoding=\"async\" width=\"768\" height=\"1024\" data-id=\"94233\" src=\"https:\/\/www.eslebedasauto.at\/wp-content\/uploads\/2023\/12\/IMG_6321-768x1024.jpg\" alt=\"\" class=\"wp-image-94233\" srcset=\"https:\/\/www.eslebedasauto.at\/wp-content\/uploads\/2023\/12\/IMG_6321-768x1024.jpg 768w, https:\/\/www.eslebedasauto.at\/wp-content\/uploads\/2023\/12\/IMG_6321-225x300.jpg 225w, https:\/\/www.eslebedasauto.at\/wp-content\/uploads\/2023\/12\/IMG_6321-1152x1536.jpg 1152w, https:\/\/www.eslebedasauto.at\/wp-content\/uploads\/2023\/12\/IMG_6321-1536x2048.jpg 1536w, https:\/\/www.eslebedasauto.at\/wp-content\/uploads\/2023\/12\/IMG_6321-800x1067.jpg 800w, https:\/\/www.eslebedasauto.at\/wp-content\/uploads\/2023\/12\/IMG_6321-1160x1547.jpg 1160w, https:\/\/www.eslebedasauto.at\/wp-content\/uploads\/2023\/12\/IMG_6321-scaled.jpg 1920w\" sizes=\"(max-width: 768px) 100vw, 768px\" \/><\/a><\/figure>\n\n\n\n<figure class=\"wp-block-image size-large\"><a href=\"https:\/\/www.eslebedasauto.at\/wp-content\/uploads\/2023\/12\/IMG_6320-scaled.jpg\"><img loading=\"lazy\" decoding=\"async\" width=\"1024\" height=\"768\" data-id=\"94232\" src=\"https:\/\/www.eslebedasauto.at\/wp-content\/uploads\/2023\/12\/IMG_6320-1024x768.jpg\" alt=\"\" class=\"wp-image-94232\" srcset=\"https:\/\/www.eslebedasauto.at\/wp-content\/uploads\/2023\/12\/IMG_6320-1024x768.jpg 1024w, https:\/\/www.eslebedasauto.at\/wp-content\/uploads\/2023\/12\/IMG_6320-300x225.jpg 300w, https:\/\/www.eslebedasauto.at\/wp-content\/uploads\/2023\/12\/IMG_6320-768x576.jpg 768w, https:\/\/www.eslebedasauto.at\/wp-content\/uploads\/2023\/12\/IMG_6320-1536x1152.jpg 1536w, https:\/\/www.eslebedasauto.at\/wp-content\/uploads\/2023\/12\/IMG_6320-2048x1536.jpg 2048w, https:\/\/www.eslebedasauto.at\/wp-content\/uploads\/2023\/12\/IMG_6320-800x600.jpg 800w, https:\/\/www.eslebedasauto.at\/wp-content\/uploads\/2023\/12\/IMG_6320-1160x870.jpg 1160w\" sizes=\"(max-width: 1024px) 100vw, 1024px\" \/><\/a><\/figure>\n\n\n\n<figure class=\"wp-block-image size-large\"><a href=\"https:\/\/www.eslebedasauto.at\/wp-content\/uploads\/2023\/12\/IMG_6313-scaled.jpg\"><img loading=\"lazy\" decoding=\"async\" width=\"768\" height=\"1024\" data-id=\"94225\" src=\"https:\/\/www.eslebedasauto.at\/wp-content\/uploads\/2023\/12\/IMG_6313-768x1024.jpg\" alt=\"\" class=\"wp-image-94225\" srcset=\"https:\/\/www.eslebedasauto.at\/wp-content\/uploads\/2023\/12\/IMG_6313-768x1024.jpg 768w, https:\/\/www.eslebedasauto.at\/wp-content\/uploads\/2023\/12\/IMG_6313-225x300.jpg 225w, https:\/\/www.eslebedasauto.at\/wp-content\/uploads\/2023\/12\/IMG_6313-1152x1536.jpg 1152w, https:\/\/www.eslebedasauto.at\/wp-content\/uploads\/2023\/12\/IMG_6313-1536x2048.jpg 1536w, https:\/\/www.eslebedasauto.at\/wp-content\/uploads\/2023\/12\/IMG_6313-800x1067.jpg 800w, https:\/\/www.eslebedasauto.at\/wp-content\/uploads\/2023\/12\/IMG_6313-1160x1547.jpg 1160w, https:\/\/www.eslebedasauto.at\/wp-content\/uploads\/2023\/12\/IMG_6313-scaled.jpg 1920w\" sizes=\"(max-width: 768px) 100vw, 768px\" \/><\/a><\/figure>\n\n\n\n<figure class=\"wp-block-image size-large\"><a href=\"https:\/\/www.eslebedasauto.at\/wp-content\/uploads\/2023\/12\/IMG_6312-scaled.jpg\"><img loading=\"lazy\" decoding=\"async\" width=\"768\" height=\"1024\" data-id=\"94224\" src=\"https:\/\/www.eslebedasauto.at\/wp-content\/uploads\/2023\/12\/IMG_6312-768x1024.jpg\" alt=\"\" class=\"wp-image-94224\" srcset=\"https:\/\/www.eslebedasauto.at\/wp-content\/uploads\/2023\/12\/IMG_6312-768x1024.jpg 768w, https:\/\/www.eslebedasauto.at\/wp-content\/uploads\/2023\/12\/IMG_6312-225x300.jpg 225w, https:\/\/www.eslebedasauto.at\/wp-content\/uploads\/2023\/12\/IMG_6312-1152x1536.jpg 1152w, https:\/\/www.eslebedasauto.at\/wp-content\/uploads\/2023\/12\/IMG_6312-1536x2048.jpg 1536w, https:\/\/www.eslebedasauto.at\/wp-content\/uploads\/2023\/12\/IMG_6312-800x1067.jpg 800w, https:\/\/www.eslebedasauto.at\/wp-content\/uploads\/2023\/12\/IMG_6312-1160x1547.jpg 1160w, https:\/\/www.eslebedasauto.at\/wp-content\/uploads\/2023\/12\/IMG_6312-scaled.jpg 1920w\" sizes=\"(max-width: 768px) 100vw, 768px\" \/><\/a><\/figure>\n<\/figure>\n\n\n\n<p>Wir waren im Testzeitraum mit dem <strong>Renault&nbsp;Espace&nbsp;Esprit Alpine E-Tech Full Hybrid 200<\/strong> unterwegs. Dieser verf\u00fcgt \u00fcber eine Kombination aus einem kleinen Dreizylinder-Turbobenziner mit 1,2 Litern Hubraum sowie zweier Elektromotoren mit 18 kW (25 PS) und 50 kW (68 PS) &#8211; zusammen liefert diese Motorenkombination 199 PS. Wobei dazu gesagt werden muss, dass der kleinere E-Motor als Generator dient und die 1,7 kWh-Batterie im Heck mit Strom versorgt.<\/p>\n\n\n\n<p>In der Stadt f\u00e4hrt der\u00a0Renault Espace\u00a0h\u00e4ufig rein elektrisch und dass unter der Motorhaube nur ein kleiner Dreizylinder arbeitet, l\u00e4sst sich nicht erahnen. Der Renault\u00a0Espace\u00a0ist sehr gut ged\u00e4mmt &#8211; auch Wind und Abrollger\u00e4usche sind wirksam gekapselt, so dass sie kaum h\u00f6rbar sind.<br><br><strong>Mit seiner Antriebseinheit ist der\u00a0Renault Espace\u00a0keinesfalls untermotorisiert.<\/strong> Er beschleunigt in 8,8 Sekunden auf Hundert und l\u00e4uft 174 km\/h Spitze. Einen Dynamiker zu erwarten, ginge allerdings zu weit &#8211; selbst im Sportmodus bleibt der Renault ein komfortabler Cruiser, der mit einem Testverbrauch von rund 6,9 Litern Super auf hohe Effizienz ausgelegt ist. <\/p>\n\n\n\n<figure class=\"wp-block-gallery has-nested-images columns-default is-cropped wp-block-gallery-4 is-layout-flex wp-block-gallery-is-layout-flex\">\n<figure class=\"wp-block-image size-large\"><a href=\"https:\/\/www.eslebedasauto.at\/wp-content\/uploads\/2023\/12\/IMG_6315-scaled.jpg\"><img loading=\"lazy\" decoding=\"async\" width=\"768\" height=\"1024\" data-id=\"94227\" src=\"https:\/\/www.eslebedasauto.at\/wp-content\/uploads\/2023\/12\/IMG_6315-768x1024.jpg\" alt=\"\" class=\"wp-image-94227\" srcset=\"https:\/\/www.eslebedasauto.at\/wp-content\/uploads\/2023\/12\/IMG_6315-768x1024.jpg 768w, https:\/\/www.eslebedasauto.at\/wp-content\/uploads\/2023\/12\/IMG_6315-225x300.jpg 225w, https:\/\/www.eslebedasauto.at\/wp-content\/uploads\/2023\/12\/IMG_6315-1152x1536.jpg 1152w, https:\/\/www.eslebedasauto.at\/wp-content\/uploads\/2023\/12\/IMG_6315-1536x2048.jpg 1536w, https:\/\/www.eslebedasauto.at\/wp-content\/uploads\/2023\/12\/IMG_6315-800x1067.jpg 800w, https:\/\/www.eslebedasauto.at\/wp-content\/uploads\/2023\/12\/IMG_6315-1160x1547.jpg 1160w, https:\/\/www.eslebedasauto.at\/wp-content\/uploads\/2023\/12\/IMG_6315-scaled.jpg 1920w\" sizes=\"(max-width: 768px) 100vw, 768px\" \/><\/a><\/figure>\n\n\n\n<figure class=\"wp-block-image size-large\"><a href=\"https:\/\/www.eslebedasauto.at\/wp-content\/uploads\/2023\/12\/IMG_6314-scaled.jpg\"><img loading=\"lazy\" decoding=\"async\" width=\"768\" height=\"1024\" data-id=\"94226\" src=\"https:\/\/www.eslebedasauto.at\/wp-content\/uploads\/2023\/12\/IMG_6314-768x1024.jpg\" alt=\"\" class=\"wp-image-94226\" srcset=\"https:\/\/www.eslebedasauto.at\/wp-content\/uploads\/2023\/12\/IMG_6314-768x1024.jpg 768w, https:\/\/www.eslebedasauto.at\/wp-content\/uploads\/2023\/12\/IMG_6314-225x300.jpg 225w, https:\/\/www.eslebedasauto.at\/wp-content\/uploads\/2023\/12\/IMG_6314-1152x1536.jpg 1152w, https:\/\/www.eslebedasauto.at\/wp-content\/uploads\/2023\/12\/IMG_6314-1536x2048.jpg 1536w, https:\/\/www.eslebedasauto.at\/wp-content\/uploads\/2023\/12\/IMG_6314-800x1067.jpg 800w, https:\/\/www.eslebedasauto.at\/wp-content\/uploads\/2023\/12\/IMG_6314-1160x1547.jpg 1160w, https:\/\/www.eslebedasauto.at\/wp-content\/uploads\/2023\/12\/IMG_6314-scaled.jpg 1920w\" sizes=\"(max-width: 768px) 100vw, 768px\" \/><\/a><\/figure>\n\n\n\n<figure class=\"wp-block-image size-large\"><a href=\"https:\/\/www.eslebedasauto.at\/wp-content\/uploads\/2023\/12\/IMG_6317-scaled.jpg\"><img loading=\"lazy\" decoding=\"async\" width=\"1024\" height=\"768\" data-id=\"94229\" src=\"https:\/\/www.eslebedasauto.at\/wp-content\/uploads\/2023\/12\/IMG_6317-1024x768.jpg\" alt=\"\" class=\"wp-image-94229\" srcset=\"https:\/\/www.eslebedasauto.at\/wp-content\/uploads\/2023\/12\/IMG_6317-1024x768.jpg 1024w, https:\/\/www.eslebedasauto.at\/wp-content\/uploads\/2023\/12\/IMG_6317-300x225.jpg 300w, https:\/\/www.eslebedasauto.at\/wp-content\/uploads\/2023\/12\/IMG_6317-768x576.jpg 768w, https:\/\/www.eslebedasauto.at\/wp-content\/uploads\/2023\/12\/IMG_6317-1536x1152.jpg 1536w, https:\/\/www.eslebedasauto.at\/wp-content\/uploads\/2023\/12\/IMG_6317-2048x1536.jpg 2048w, https:\/\/www.eslebedasauto.at\/wp-content\/uploads\/2023\/12\/IMG_6317-800x600.jpg 800w, https:\/\/www.eslebedasauto.at\/wp-content\/uploads\/2023\/12\/IMG_6317-1160x870.jpg 1160w\" sizes=\"(max-width: 1024px) 100vw, 1024px\" \/><\/a><\/figure>\n\n\n\n<figure class=\"wp-block-image size-large\"><a href=\"https:\/\/www.eslebedasauto.at\/wp-content\/uploads\/2023\/12\/IMG_6298-scaled.jpg\"><img loading=\"lazy\" decoding=\"async\" width=\"1024\" height=\"768\" data-id=\"94210\" src=\"https:\/\/www.eslebedasauto.at\/wp-content\/uploads\/2023\/12\/IMG_6298-1024x768.jpg\" alt=\"\" class=\"wp-image-94210\" srcset=\"https:\/\/www.eslebedasauto.at\/wp-content\/uploads\/2023\/12\/IMG_6298-1024x768.jpg 1024w, https:\/\/www.eslebedasauto.at\/wp-content\/uploads\/2023\/12\/IMG_6298-300x225.jpg 300w, https:\/\/www.eslebedasauto.at\/wp-content\/uploads\/2023\/12\/IMG_6298-768x576.jpg 768w, https:\/\/www.eslebedasauto.at\/wp-content\/uploads\/2023\/12\/IMG_6298-1536x1152.jpg 1536w, https:\/\/www.eslebedasauto.at\/wp-content\/uploads\/2023\/12\/IMG_6298-2048x1536.jpg 2048w, https:\/\/www.eslebedasauto.at\/wp-content\/uploads\/2023\/12\/IMG_6298-800x600.jpg 800w, https:\/\/www.eslebedasauto.at\/wp-content\/uploads\/2023\/12\/IMG_6298-1160x870.jpg 1160w\" sizes=\"(max-width: 1024px) 100vw, 1024px\" \/><\/a><\/figure>\n<\/figure>\n\n\n\n<p>Super fanden wir die Allradlenkung, die den&nbsp;Espace&nbsp;auf kurvigen Serpentinen sp\u00fcrbar handlicher macht und gleichzeitig den Wendekreis auf Tiefgaragen-taugliche 10,4 Meter reduziert. Die sogenannte \u201e4Control advanced\u201c-Lenkung z\u00e4hlt im Falle unserer Ausstattungsvariante Esprit Alpine zum Serienumfang, Die mit sportlichen Akzenten sowie reichlich Alcantara ausgestattete Version Esprit Alpine startet bei 44.390 Euro. <br><br><strong>Daten Fakten Renault&nbsp;Espace&nbsp;Esprit Alpine E-Tech Full Hybrid 200<br><\/strong>Antrieb: Dreizylinder-Turbobenziner \/ 2 E-Motoren (50 kW\/18 kW)<br>Hubraum: 1199 ccm<br>Systemleistung: 146 kW \/ 199 PS<br>Drehmoment: 230 Nm bei 1750 U\/min E-Motor: 205 Nm<br>H\u00f6chstgeschwindigkeit: 174 km\/h<br>0 &#8211; 100 km\/h: 8,8 Sek.<br>WLTP-Durchschnittsverbrauch: 4,6 Liter<br>Testverbrauch: 6,9 Liter \/ 100 km<br>Basispreis:&nbsp;ab EUR 44.390,-<br>Testautopreis: EUR 47.690,-<\/p>\n\n\n\n<p><\/p>","protected":false},"excerpt":{"rendered":"<p>Streng genommen ist der\u00a0Renault Espace kein Espace\u00a0mehr, sondern er ist zum Renault Austral in verl\u00e4ngerter XL-Ausgabe mutiert. <\/p>","protected":false},"author":2,"featured_media":94204,"comment_status":"open","ping_status":"open","sticky":false,"template":"","format":"standard","meta":{"neve_meta_sidebar":"","neve_meta_container":"","neve_meta_enable_content_width":"","neve_meta_content_width":0,"neve_meta_title_alignment":"","neve_meta_author_avatar":"","neve_post_elements_order":"","neve_meta_disable_header":"","neve_meta_disable_footer":"","neve_meta_disable_title":"","neve_meta_reading_time":"","footnotes":""},"categories":[335,12],"tags":[],"class_list":["post-94188","post","type-post","status-publish","format-standard","has-post-thumbnail","hentry","category-fahrberichte","category-hybrid"],"yoast_head":"<!-- This site is optimized with the Yoast SEO plugin v26.8 - https:\/\/yoast.com\/product\/yoast-seo-wordpress\/ -->\n<title>Renault Espace - total verSUVt. - Es lebe das Auto<\/title>\n<meta name=\"description\" content=\"Streng genommen ist der\u00a0Renault Espace kein Espace\u00a0mehr, sondern er ist zum Renault Austral in verl\u00e4ngerter XL-Ausgabe mutiert.\" \/>\n<meta name=\"robots\" content=\"index, follow, max-snippet:-1, max-image-preview:large, max-video-preview:-1\" \/>\n<link rel=\"canonical\" href=\"https:\/\/www.eslebedasauto.at\/it\/renault-espace-test\/\" \/>\n<meta property=\"og:locale\" content=\"it_IT\" \/>\n<meta property=\"og:type\" content=\"article\" \/>\n<meta property=\"og:title\" content=\"Renault Espace - total verSUVt. - Es lebe das Auto\" \/>\n<meta property=\"og:description\" content=\"Streng genommen ist der\u00a0Renault Espace kein Espace\u00a0mehr, sondern er ist zum Renault Austral in verl\u00e4ngerter XL-Ausgabe mutiert.\" \/>\n<meta property=\"og:url\" content=\"https:\/\/www.eslebedasauto.at\/it\/renault-espace-test\/\" \/>\n<meta property=\"og:site_name\" content=\"Es lebe das Auto\" \/>\n<meta property=\"article:publisher\" content=\"https:\/\/www.facebook.com\/eslebedasauto.at\" \/>\n<meta property=\"article:published_time\" content=\"2023-12-13T07:27:13+00:00\" \/>\n<meta property=\"article:modified_time\" content=\"2024-01-07T15:56:28+00:00\" \/>\n<meta property=\"og:image\" content=\"https:\/\/www.eslebedasauto.at\/wp-content\/uploads\/2023\/12\/IMG_6292-scaled.jpg\" \/>\n\t<meta property=\"og:image:width\" content=\"1920\" \/>\n\t<meta property=\"og:image:height\" content=\"2560\" \/>\n\t<meta property=\"og:image:type\" content=\"image\/jpeg\" \/>\n<meta name=\"author\" content=\"gerhard\" \/>\n<meta name=\"twitter:card\" content=\"summary_large_image\" \/>\n<meta name=\"twitter:label1\" content=\"Scritto da\" \/>\n\t<meta name=\"twitter:data1\" content=\"gerhard\" \/>\n\t<meta name=\"twitter:label2\" content=\"Tempo di lettura stimato\" \/>\n\t<meta name=\"twitter:data2\" content=\"10 minuti\" \/>\n<script type=\"application\/ld+json\" class=\"yoast-schema-graph\">{\"@context\":\"https:\/\/schema.org\",\"@graph\":[{\"@type\":\"Article\",\"@id\":\"https:\/\/www.eslebedasauto.at\/renault-espace-test\/#article\",\"isPartOf\":{\"@id\":\"https:\/\/www.eslebedasauto.at\/renault-espace-test\/\"},\"author\":{\"name\":\"gerhard\",\"@id\":\"https:\/\/www.eslebedasauto.at\/#\/schema\/person\/fb81218b0bed500d225ff518f9f17033\"},\"headline\":\"Renault Espace &#8211; total verSUVt.\",\"datePublished\":\"2023-12-13T07:27:13+00:00\",\"dateModified\":\"2024-01-07T15:56:28+00:00\",\"mainEntityOfPage\":{\"@id\":\"https:\/\/www.eslebedasauto.at\/renault-espace-test\/\"},\"wordCount\":724,\"commentCount\":0,\"publisher\":{\"@id\":\"https:\/\/www.eslebedasauto.at\/#organization\"},\"image\":{\"@id\":\"https:\/\/www.eslebedasauto.at\/renault-espace-test\/#primaryimage\"},\"thumbnailUrl\":\"https:\/\/www.eslebedasauto.at\/wp-content\/uploads\/2023\/12\/IMG_6292-scaled.jpg\",\"articleSection\":[\"Fahrberichte\",\"Hybrid\"],\"inLanguage\":\"it-IT\",\"potentialAction\":[{\"@type\":\"CommentAction\",\"name\":\"Comment\",\"target\":[\"https:\/\/www.eslebedasauto.at\/renault-espace-test\/#respond\"]}]},{\"@type\":\"WebPage\",\"@id\":\"https:\/\/www.eslebedasauto.at\/renault-espace-test\/\",\"url\":\"https:\/\/www.eslebedasauto.at\/renault-espace-test\/\",\"name\":\"Renault Espace - total verSUVt. - Es lebe das Auto\",\"isPartOf\":{\"@id\":\"https:\/\/www.eslebedasauto.at\/#website\"},\"primaryImageOfPage\":{\"@id\":\"https:\/\/www.eslebedasauto.at\/renault-espace-test\/#primaryimage\"},\"image\":{\"@id\":\"https:\/\/www.eslebedasauto.at\/renault-espace-test\/#primaryimage\"},\"thumbnailUrl\":\"https:\/\/www.eslebedasauto.at\/wp-content\/uploads\/2023\/12\/IMG_6292-scaled.jpg\",\"datePublished\":\"2023-12-13T07:27:13+00:00\",\"dateModified\":\"2024-01-07T15:56:28+00:00\",\"description\":\"Streng genommen ist der\u00a0Renault Espace kein Espace\u00a0mehr, sondern er ist zum Renault Austral in verl\u00e4ngerter XL-Ausgabe mutiert.\",\"breadcrumb\":{\"@id\":\"https:\/\/www.eslebedasauto.at\/renault-espace-test\/#breadcrumb\"},\"inLanguage\":\"it-IT\",\"potentialAction\":[{\"@type\":\"ReadAction\",\"target\":[\"https:\/\/www.eslebedasauto.at\/renault-espace-test\/\"]}]},{\"@type\":\"ImageObject\",\"inLanguage\":\"it-IT\",\"@id\":\"https:\/\/www.eslebedasauto.at\/renault-espace-test\/#primaryimage\",\"url\":\"https:\/\/www.eslebedasauto.at\/wp-content\/uploads\/2023\/12\/IMG_6292-scaled.jpg\",\"contentUrl\":\"https:\/\/www.eslebedasauto.at\/wp-content\/uploads\/2023\/12\/IMG_6292-scaled.jpg\",\"width\":1920,\"height\":2560},{\"@type\":\"BreadcrumbList\",\"@id\":\"https:\/\/www.eslebedasauto.at\/renault-espace-test\/#breadcrumb\",\"itemListElement\":[{\"@type\":\"ListItem\",\"position\":1,\"name\":\"Startseite\",\"item\":\"https:\/\/www.eslebedasauto.at\/\"},{\"@type\":\"ListItem\",\"position\":2,\"name\":\"Renault Espace &#8211; total verSUVt.\"}]},{\"@type\":\"WebSite\",\"@id\":\"https:\/\/www.eslebedasauto.at\/#website\",\"url\":\"https:\/\/www.eslebedasauto.at\/\",\"name\":\"Es lebe das Auto\",\"description\":\"ein Hoch auf den Individualverkehr\",\"publisher\":{\"@id\":\"https:\/\/www.eslebedasauto.at\/#organization\"},\"potentialAction\":[{\"@type\":\"SearchAction\",\"target\":{\"@type\":\"EntryPoint\",\"urlTemplate\":\"https:\/\/www.eslebedasauto.at\/?s={search_term_string}\"},\"query-input\":{\"@type\":\"PropertyValueSpecification\",\"valueRequired\":true,\"valueName\":\"search_term_string\"}}],\"inLanguage\":\"it-IT\"},{\"@type\":\"Organization\",\"@id\":\"https:\/\/www.eslebedasauto.at\/#organization\",\"name\":\"eslebedasauto\",\"url\":\"https:\/\/www.eslebedasauto.at\/\",\"logo\":{\"@type\":\"ImageObject\",\"inLanguage\":\"it-IT\",\"@id\":\"https:\/\/www.eslebedasauto.at\/#\/schema\/logo\/image\/\",\"url\":\"https:\/\/www.eslebedasauto.at\/wp-content\/uploads\/2025\/10\/eldarund.png\",\"contentUrl\":\"https:\/\/www.eslebedasauto.at\/wp-content\/uploads\/2025\/10\/eldarund.png\",\"width\":1024,\"height\":1024,\"caption\":\"eslebedasauto\"},\"image\":{\"@id\":\"https:\/\/www.eslebedasauto.at\/#\/schema\/logo\/image\/\"},\"sameAs\":[\"https:\/\/www.facebook.com\/eslebedasauto.at\",\"https:\/\/www.instagram.com\/es_lebe_das_auto\/\"]},{\"@type\":\"Person\",\"@id\":\"https:\/\/www.eslebedasauto.at\/#\/schema\/person\/fb81218b0bed500d225ff518f9f17033\",\"name\":\"gerhard\",\"url\":\"https:\/\/www.eslebedasauto.at\/it\/author\/gerhard\/\"}]}<\/script>\n<!-- \/ Yoast SEO plugin. -->","yoast_head_json":{"title":"Renault Espace - total verSUVt. - Es lebe das Auto","description":"Streng genommen ist der\u00a0Renault Espace kein Espace\u00a0mehr, sondern er ist zum Renault Austral in verl\u00e4ngerter XL-Ausgabe mutiert.","robots":{"index":"index","follow":"follow","max-snippet":"max-snippet:-1","max-image-preview":"max-image-preview:large","max-video-preview":"max-video-preview:-1"},"canonical":"https:\/\/www.eslebedasauto.at\/it\/renault-espace-test\/","og_locale":"it_IT","og_type":"article","og_title":"Renault Espace - total verSUVt. - Es lebe das Auto","og_description":"Streng genommen ist der\u00a0Renault Espace kein Espace\u00a0mehr, sondern er ist zum Renault Austral in verl\u00e4ngerter XL-Ausgabe mutiert.","og_url":"https:\/\/www.eslebedasauto.at\/it\/renault-espace-test\/","og_site_name":"Es lebe das Auto","article_publisher":"https:\/\/www.facebook.com\/eslebedasauto.at","article_published_time":"2023-12-13T07:27:13+00:00","article_modified_time":"2024-01-07T15:56:28+00:00","og_image":[{"width":1920,"height":2560,"url":"https:\/\/www.eslebedasauto.at\/wp-content\/uploads\/2023\/12\/IMG_6292-scaled.jpg","type":"image\/jpeg"}],"author":"gerhard","twitter_card":"summary_large_image","twitter_misc":{"Scritto da":"gerhard","Tempo di lettura stimato":"10 minuti"},"schema":{"@context":"https:\/\/schema.org","@graph":[{"@type":"Article","@id":"https:\/\/www.eslebedasauto.at\/renault-espace-test\/#article","isPartOf":{"@id":"https:\/\/www.eslebedasauto.at\/renault-espace-test\/"},"author":{"name":"gerhard","@id":"https:\/\/www.eslebedasauto.at\/#\/schema\/person\/fb81218b0bed500d225ff518f9f17033"},"headline":"Renault Espace &#8211; total verSUVt.","datePublished":"2023-12-13T07:27:13+00:00","dateModified":"2024-01-07T15:56:28+00:00","mainEntityOfPage":{"@id":"https:\/\/www.eslebedasauto.at\/renault-espace-test\/"},"wordCount":724,"commentCount":0,"publisher":{"@id":"https:\/\/www.eslebedasauto.at\/#organization"},"image":{"@id":"https:\/\/www.eslebedasauto.at\/renault-espace-test\/#primaryimage"},"thumbnailUrl":"https:\/\/www.eslebedasauto.at\/wp-content\/uploads\/2023\/12\/IMG_6292-scaled.jpg","articleSection":["Fahrberichte","Hybrid"],"inLanguage":"it-IT","potentialAction":[{"@type":"CommentAction","name":"Comment","target":["https:\/\/www.eslebedasauto.at\/renault-espace-test\/#respond"]}]},{"@type":"WebPage","@id":"https:\/\/www.eslebedasauto.at\/renault-espace-test\/","url":"https:\/\/www.eslebedasauto.at\/renault-espace-test\/","name":"Renault Espace - total verSUVt. - Es lebe das Auto","isPartOf":{"@id":"https:\/\/www.eslebedasauto.at\/#website"},"primaryImageOfPage":{"@id":"https:\/\/www.eslebedasauto.at\/renault-espace-test\/#primaryimage"},"image":{"@id":"https:\/\/www.eslebedasauto.at\/renault-espace-test\/#primaryimage"},"thumbnailUrl":"https:\/\/www.eslebedasauto.at\/wp-content\/uploads\/2023\/12\/IMG_6292-scaled.jpg","datePublished":"2023-12-13T07:27:13+00:00","dateModified":"2024-01-07T15:56:28+00:00","description":"Streng genommen ist der\u00a0Renault Espace kein Espace\u00a0mehr, sondern er ist zum Renault Austral in verl\u00e4ngerter XL-Ausgabe mutiert.","breadcrumb":{"@id":"https:\/\/www.eslebedasauto.at\/renault-espace-test\/#breadcrumb"},"inLanguage":"it-IT","potentialAction":[{"@type":"ReadAction","target":["https:\/\/www.eslebedasauto.at\/renault-espace-test\/"]}]},{"@type":"ImageObject","inLanguage":"it-IT","@id":"https:\/\/www.eslebedasauto.at\/renault-espace-test\/#primaryimage","url":"https:\/\/www.eslebedasauto.at\/wp-content\/uploads\/2023\/12\/IMG_6292-scaled.jpg","contentUrl":"https:\/\/www.eslebedasauto.at\/wp-content\/uploads\/2023\/12\/IMG_6292-scaled.jpg","width":1920,"height":2560},{"@type":"BreadcrumbList","@id":"https:\/\/www.eslebedasauto.at\/renault-espace-test\/#breadcrumb","itemListElement":[{"@type":"ListItem","position":1,"name":"Startseite","item":"https:\/\/www.eslebedasauto.at\/"},{"@type":"ListItem","position":2,"name":"Renault Espace &#8211; total verSUVt."}]},{"@type":"WebSite","@id":"https:\/\/www.eslebedasauto.at\/#website","url":"https:\/\/www.eslebedasauto.at\/","name":"Es lebe das Auto","description":"ein Hoch auf den Individualverkehr","publisher":{"@id":"https:\/\/www.eslebedasauto.at\/#organization"},"potentialAction":[{"@type":"SearchAction","target":{"@type":"EntryPoint","urlTemplate":"https:\/\/www.eslebedasauto.at\/?s={search_term_string}"},"query-input":{"@type":"PropertyValueSpecification","valueRequired":true,"valueName":"search_term_string"}}],"inLanguage":"it-IT"},{"@type":"Organization","@id":"https:\/\/www.eslebedasauto.at\/#organization","name":"eslebedasauto","url":"https:\/\/www.eslebedasauto.at\/","logo":{"@type":"ImageObject","inLanguage":"it-IT","@id":"https:\/\/www.eslebedasauto.at\/#\/schema\/logo\/image\/","url":"https:\/\/www.eslebedasauto.at\/wp-content\/uploads\/2025\/10\/eldarund.png","contentUrl":"https:\/\/www.eslebedasauto.at\/wp-content\/uploads\/2025\/10\/eldarund.png","width":1024,"height":1024,"caption":"eslebedasauto"},"image":{"@id":"https:\/\/www.eslebedasauto.at\/#\/schema\/logo\/image\/"},"sameAs":["https:\/\/www.facebook.com\/eslebedasauto.at","https:\/\/www.instagram.com\/es_lebe_das_auto\/"]},{"@type":"Person","@id":"https:\/\/www.eslebedasauto.at\/#\/schema\/person\/fb81218b0bed500d225ff518f9f17033","name":"gerhard","url":"https:\/\/www.eslebedasauto.at\/it\/author\/gerhard\/"}]}},"_links":{"self":[{"href":"https:\/\/www.eslebedasauto.at\/it\/wp-json\/wp\/v2\/posts\/94188","targetHints":{"allow":["GET"]}}],"collection":[{"href":"https:\/\/www.eslebedasauto.at\/it\/wp-json\/wp\/v2\/posts"}],"about":[{"href":"https:\/\/www.eslebedasauto.at\/it\/wp-json\/wp\/v2\/types\/post"}],"author":[{"embeddable":true,"href":"https:\/\/www.eslebedasauto.at\/it\/wp-json\/wp\/v2\/users\/2"}],"replies":[{"embeddable":true,"href":"https:\/\/www.eslebedasauto.at\/it\/wp-json\/wp\/v2\/comments?post=94188"}],"version-history":[{"count":4,"href":"https:\/\/www.eslebedasauto.at\/it\/wp-json\/wp\/v2\/posts\/94188\/revisions"}],"predecessor-version":[{"id":94237,"href":"https:\/\/www.eslebedasauto.at\/it\/wp-json\/wp\/v2\/posts\/94188\/revisions\/94237"}],"wp:featuredmedia":[{"embeddable":true,"href":"https:\/\/www.eslebedasauto.at\/it\/wp-json\/wp\/v2\/media\/94204"}],"wp:attachment":[{"href":"https:\/\/www.eslebedasauto.at\/it\/wp-json\/wp\/v2\/media?parent=94188"}],"wp:term":[{"taxonomy":"category","embeddable":true,"href":"https:\/\/www.eslebedasauto.at\/it\/wp-json\/wp\/v2\/categories?post=94188"},{"taxonomy":"post_tag","embeddable":true,"href":"https:\/\/www.eslebedasauto.at\/it\/wp-json\/wp\/v2\/tags?post=94188"}],"curies":[{"name":"wp","href":"https:\/\/api.w.org\/{rel}","templated":true}]}}