{"id":94034,"date":"2023-11-27T17:34:34","date_gmt":"2023-11-27T16:34:34","guid":{"rendered":"https:\/\/www.eslebedasauto.at\/?p=94034"},"modified":"2023-11-27T17:51:52","modified_gmt":"2023-11-27T16:51:52","slug":"opel-movano-electric","status":"publish","type":"post","link":"https:\/\/www.eslebedasauto.at\/it\/opel-movano-electric\/","title":{"rendered":"Opel Movano re\u00fcssiert mit voller Elektropower."},"content":{"rendered":"<h2 id=\"high-voltage-fur-opels-big-boy\" class=\"wp-block-heading\">High Voltage f\u00fcr Opels Big Boy.  <br><\/h2>\n\n\n\n<p><\/p>\n\n\n\n<p>Der \u201eGro\u00dfe\u201c von Opel \u00fcberzeugt seit vielen Jahren mit seinen unz\u00e4hligen Konfigurationsm\u00f6glichkeiten, einem Ladevolumen von bis zu 17 m<sup>3<\/sup>&nbsp;und einer Nutzlast bis zu 2 Tonnen, die ihn perfekt f\u00fcr so gut wie jedes Gewerbe und Arbeitsprofil machen.&nbsp;Jetzt hat ihm Opel einen 110 kWh Akku und 270 PS verpasst. <\/p>\n\n\n\n<figure class=\"wp-block-image size-large\"><img fetchpriority=\"high\" decoding=\"async\" width=\"1024\" height=\"576\" src=\"https:\/\/www.eslebedasauto.at\/wp-content\/uploads\/2023\/11\/IMG_5807-1024x576.jpeg\" alt=\"\" class=\"wp-image-94035\" srcset=\"https:\/\/www.eslebedasauto.at\/wp-content\/uploads\/2023\/11\/IMG_5807-1024x576.jpeg 1024w, https:\/\/www.eslebedasauto.at\/wp-content\/uploads\/2023\/11\/IMG_5807-300x169.jpeg 300w, https:\/\/www.eslebedasauto.at\/wp-content\/uploads\/2023\/11\/IMG_5807-768x432.jpeg 768w, https:\/\/www.eslebedasauto.at\/wp-content\/uploads\/2023\/11\/IMG_5807-1536x864.jpeg 1536w, https:\/\/www.eslebedasauto.at\/wp-content\/uploads\/2023\/11\/IMG_5807-2048x1152.jpeg 2048w, https:\/\/www.eslebedasauto.at\/wp-content\/uploads\/2023\/11\/IMG_5807-800x450.jpeg 800w, https:\/\/www.eslebedasauto.at\/wp-content\/uploads\/2023\/11\/IMG_5807-1160x652.jpeg 1160w\" sizes=\"(max-width: 1024px) 100vw, 1024px\" \/><\/figure>\n\n\n\n<p>Der Elektro-Transporter mit dem Blitz f\u00e4hrt k\u00fcnftig mit m\u00e4chtigem 400&nbsp;Newtonmeter direkt anliegendem Drehmoment vor. Dank neuer 110 kWh-Batterie kann der neue Movano Electric bis zu 420 Kilometer (WLTP)&nbsp;ohne Ladestopp zur\u00fccklegen \u2013 damit wird er auch auf langen Strecken zum verl\u00e4sslichen \u201eArbeitstier\u201c. F\u00fcr h\u00f6chste Flexibilit\u00e4t sorgt auch die neue 230-Volt-Steckdose an der Armaturentafel, mit der sich weitere elektrische Ger\u00e4te laden lassen.<\/p>\n\n\n\n<figure class=\"wp-block-image size-large\"><img decoding=\"async\" width=\"1024\" height=\"724\" src=\"https:\/\/www.eslebedasauto.at\/wp-content\/uploads\/2023\/11\/IMG_5810-1024x724.jpeg\" alt=\"\" class=\"wp-image-94038\" srcset=\"https:\/\/www.eslebedasauto.at\/wp-content\/uploads\/2023\/11\/IMG_5810-1024x724.jpeg 1024w, https:\/\/www.eslebedasauto.at\/wp-content\/uploads\/2023\/11\/IMG_5810-300x212.jpeg 300w, https:\/\/www.eslebedasauto.at\/wp-content\/uploads\/2023\/11\/IMG_5810-768x543.jpeg 768w, https:\/\/www.eslebedasauto.at\/wp-content\/uploads\/2023\/11\/IMG_5810-1536x1086.jpeg 1536w, https:\/\/www.eslebedasauto.at\/wp-content\/uploads\/2023\/11\/IMG_5810-2048x1448.jpeg 2048w, https:\/\/www.eslebedasauto.at\/wp-content\/uploads\/2023\/11\/IMG_5810-800x566.jpeg 800w, https:\/\/www.eslebedasauto.at\/wp-content\/uploads\/2023\/11\/IMG_5810-1160x820.jpeg 1160w\" sizes=\"(max-width: 1024px) 100vw, 1024px\" \/><\/figure>\n\n\n\n<p>Der neue Opel Movano Electric ist serienm\u00e4\u00dfig mit einem dreiphasigen 11 kW-Onboard-Charger zum Wechselstromladen ausgestattet. Als erster Opel bietet er aber auch die M\u00f6glichkeit, mit bis zu 150 kW Gleichstrom zu laden. An einer \u00f6ffentlichen Schnellladestation ben\u00f6tigt er so gerade einmal 55 Minuten zum Laden auf 80 Prozent der Batteriekapazit\u00e4t.<\/p>\n\n\n\n<figure class=\"wp-block-image size-large\"><img decoding=\"async\" width=\"1024\" height=\"724\" src=\"https:\/\/www.eslebedasauto.at\/wp-content\/uploads\/2023\/11\/IMG_5808-1024x724.jpeg\" alt=\"\" class=\"wp-image-94036\" srcset=\"https:\/\/www.eslebedasauto.at\/wp-content\/uploads\/2023\/11\/IMG_5808-1024x724.jpeg 1024w, https:\/\/www.eslebedasauto.at\/wp-content\/uploads\/2023\/11\/IMG_5808-300x212.jpeg 300w, https:\/\/www.eslebedasauto.at\/wp-content\/uploads\/2023\/11\/IMG_5808-768x543.jpeg 768w, https:\/\/www.eslebedasauto.at\/wp-content\/uploads\/2023\/11\/IMG_5808-1536x1086.jpeg 1536w, https:\/\/www.eslebedasauto.at\/wp-content\/uploads\/2023\/11\/IMG_5808-2048x1448.jpeg 2048w, https:\/\/www.eslebedasauto.at\/wp-content\/uploads\/2023\/11\/IMG_5808-800x566.jpeg 800w, https:\/\/www.eslebedasauto.at\/wp-content\/uploads\/2023\/11\/IMG_5808-1160x820.jpeg 1160w\" sizes=\"(max-width: 1024px) 100vw, 1024px\" \/><\/figure>\n\n\n\n<p>Im Innenraum werden Konnektivit\u00e4t, Ergonomie und Komfort gro\u00dfgeschrieben: Das neugestaltete Cockpit bietet optional ein farbiges 7-Zoll-Fahrerinfodisplay und Infotainmentsysteme mit bis zu 10 Zoll gro\u00dfem Farb-Touchscreen.<\/p>\n\n\n\n<p>In wenigen Wochen \u00f6ffnet Opel die Bestellb\u00fccher f\u00fcr den neuen Movano.<\/p>\n\n\n\n<p><\/p>","protected":false},"excerpt":{"rendered":"<p>Opel geht beim neuen Movano elektrisch in die Vollen. Ein 110 kWh fassender Akku sorgt f\u00fcr langen Atem. <\/p>","protected":false},"author":2,"featured_media":94037,"comment_status":"open","ping_status":"open","sticky":false,"template":"","format":"standard","meta":{"neve_meta_sidebar":"","neve_meta_container":"","neve_meta_enable_content_width":"","neve_meta_content_width":0,"neve_meta_title_alignment":"","neve_meta_author_avatar":"","neve_post_elements_order":"","neve_meta_disable_header":"","neve_meta_disable_footer":"","neve_meta_disable_title":"","neve_meta_reading_time":"","footnotes":""},"categories":[598],"tags":[],"class_list":["post-94034","post","type-post","status-publish","format-standard","has-post-thumbnail","hentry","category-shortmotornews"],"yoast_head":"<!-- This site is optimized with the Yoast SEO plugin v26.8 - https:\/\/yoast.com\/product\/yoast-seo-wordpress\/ -->\n<title>Opel Movano re\u00fcssiert mit voller Elektropower. - Es lebe das Auto<\/title>\n<meta name=\"description\" content=\"Opel geht beim neuen Movano elektrisch in die Vollen. Ein 110 kWh fassender Akku sorgt f\u00fcr langen Atem.\" \/>\n<meta name=\"robots\" content=\"index, follow, max-snippet:-1, max-image-preview:large, max-video-preview:-1\" \/>\n<link rel=\"canonical\" href=\"https:\/\/www.eslebedasauto.at\/it\/opel-movano-electric\/\" \/>\n<meta property=\"og:locale\" content=\"it_IT\" \/>\n<meta property=\"og:type\" content=\"article\" \/>\n<meta property=\"og:title\" content=\"Opel Movano re\u00fcssiert mit voller Elektropower. - Es lebe das Auto\" \/>\n<meta property=\"og:description\" content=\"Opel geht beim neuen Movano elektrisch in die Vollen. Ein 110 kWh fassender Akku sorgt f\u00fcr langen Atem.\" \/>\n<meta property=\"og:url\" content=\"https:\/\/www.eslebedasauto.at\/it\/opel-movano-electric\/\" \/>\n<meta property=\"og:site_name\" content=\"Es lebe das Auto\" \/>\n<meta property=\"article:publisher\" content=\"https:\/\/www.facebook.com\/eslebedasauto.at\" \/>\n<meta property=\"article:published_time\" content=\"2023-11-27T16:34:34+00:00\" \/>\n<meta property=\"article:modified_time\" content=\"2023-11-27T16:51:52+00:00\" \/>\n<meta property=\"og:image\" content=\"https:\/\/www.eslebedasauto.at\/wp-content\/uploads\/2023\/11\/IMG_5809-scaled.jpeg\" \/>\n\t<meta property=\"og:image:width\" content=\"2560\" \/>\n\t<meta property=\"og:image:height\" content=\"1440\" \/>\n\t<meta property=\"og:image:type\" content=\"image\/jpeg\" \/>\n<meta name=\"author\" content=\"gerhard\" \/>\n<meta name=\"twitter:card\" content=\"summary_large_image\" \/>\n<meta name=\"twitter:label1\" content=\"Scritto da\" \/>\n\t<meta name=\"twitter:data1\" content=\"gerhard\" \/>\n\t<meta name=\"twitter:label2\" content=\"Tempo di lettura stimato\" \/>\n\t<meta name=\"twitter:data2\" content=\"2 minuti\" \/>\n<script type=\"application\/ld+json\" class=\"yoast-schema-graph\">{\"@context\":\"https:\/\/schema.org\",\"@graph\":[{\"@type\":\"Article\",\"@id\":\"https:\/\/www.eslebedasauto.at\/opel-movano-electric\/#article\",\"isPartOf\":{\"@id\":\"https:\/\/www.eslebedasauto.at\/opel-movano-electric\/\"},\"author\":{\"name\":\"gerhard\",\"@id\":\"https:\/\/www.eslebedasauto.at\/#\/schema\/person\/fb81218b0bed500d225ff518f9f17033\"},\"headline\":\"Opel Movano re\u00fcssiert mit voller Elektropower.\",\"datePublished\":\"2023-11-27T16:34:34+00:00\",\"dateModified\":\"2023-11-27T16:51:52+00:00\",\"mainEntityOfPage\":{\"@id\":\"https:\/\/www.eslebedasauto.at\/opel-movano-electric\/\"},\"wordCount\":225,\"commentCount\":0,\"publisher\":{\"@id\":\"https:\/\/www.eslebedasauto.at\/#organization\"},\"image\":{\"@id\":\"https:\/\/www.eslebedasauto.at\/opel-movano-electric\/#primaryimage\"},\"thumbnailUrl\":\"https:\/\/www.eslebedasauto.at\/wp-content\/uploads\/2023\/11\/IMG_5809-scaled.jpeg\",\"articleSection\":[\"Shortmotornews\"],\"inLanguage\":\"it-IT\",\"potentialAction\":[{\"@type\":\"CommentAction\",\"name\":\"Comment\",\"target\":[\"https:\/\/www.eslebedasauto.at\/opel-movano-electric\/#respond\"]}]},{\"@type\":\"WebPage\",\"@id\":\"https:\/\/www.eslebedasauto.at\/opel-movano-electric\/\",\"url\":\"https:\/\/www.eslebedasauto.at\/opel-movano-electric\/\",\"name\":\"Opel Movano re\u00fcssiert mit voller Elektropower. - Es lebe das Auto\",\"isPartOf\":{\"@id\":\"https:\/\/www.eslebedasauto.at\/#website\"},\"primaryImageOfPage\":{\"@id\":\"https:\/\/www.eslebedasauto.at\/opel-movano-electric\/#primaryimage\"},\"image\":{\"@id\":\"https:\/\/www.eslebedasauto.at\/opel-movano-electric\/#primaryimage\"},\"thumbnailUrl\":\"https:\/\/www.eslebedasauto.at\/wp-content\/uploads\/2023\/11\/IMG_5809-scaled.jpeg\",\"datePublished\":\"2023-11-27T16:34:34+00:00\",\"dateModified\":\"2023-11-27T16:51:52+00:00\",\"description\":\"Opel geht beim neuen Movano elektrisch in die Vollen. Ein 110 kWh fassender Akku sorgt f\u00fcr langen Atem.\",\"breadcrumb\":{\"@id\":\"https:\/\/www.eslebedasauto.at\/opel-movano-electric\/#breadcrumb\"},\"inLanguage\":\"it-IT\",\"potentialAction\":[{\"@type\":\"ReadAction\",\"target\":[\"https:\/\/www.eslebedasauto.at\/opel-movano-electric\/\"]}]},{\"@type\":\"ImageObject\",\"inLanguage\":\"it-IT\",\"@id\":\"https:\/\/www.eslebedasauto.at\/opel-movano-electric\/#primaryimage\",\"url\":\"https:\/\/www.eslebedasauto.at\/wp-content\/uploads\/2023\/11\/IMG_5809-scaled.jpeg\",\"contentUrl\":\"https:\/\/www.eslebedasauto.at\/wp-content\/uploads\/2023\/11\/IMG_5809-scaled.jpeg\",\"width\":2560,\"height\":1440},{\"@type\":\"BreadcrumbList\",\"@id\":\"https:\/\/www.eslebedasauto.at\/opel-movano-electric\/#breadcrumb\",\"itemListElement\":[{\"@type\":\"ListItem\",\"position\":1,\"name\":\"Startseite\",\"item\":\"https:\/\/www.eslebedasauto.at\/\"},{\"@type\":\"ListItem\",\"position\":2,\"name\":\"Opel Movano re\u00fcssiert mit voller Elektropower.\"}]},{\"@type\":\"WebSite\",\"@id\":\"https:\/\/www.eslebedasauto.at\/#website\",\"url\":\"https:\/\/www.eslebedasauto.at\/\",\"name\":\"Es lebe das Auto\",\"description\":\"ein Hoch auf den Individualverkehr\",\"publisher\":{\"@id\":\"https:\/\/www.eslebedasauto.at\/#organization\"},\"potentialAction\":[{\"@type\":\"SearchAction\",\"target\":{\"@type\":\"EntryPoint\",\"urlTemplate\":\"https:\/\/www.eslebedasauto.at\/?s={search_term_string}\"},\"query-input\":{\"@type\":\"PropertyValueSpecification\",\"valueRequired\":true,\"valueName\":\"search_term_string\"}}],\"inLanguage\":\"it-IT\"},{\"@type\":\"Organization\",\"@id\":\"https:\/\/www.eslebedasauto.at\/#organization\",\"name\":\"eslebedasauto\",\"url\":\"https:\/\/www.eslebedasauto.at\/\",\"logo\":{\"@type\":\"ImageObject\",\"inLanguage\":\"it-IT\",\"@id\":\"https:\/\/www.eslebedasauto.at\/#\/schema\/logo\/image\/\",\"url\":\"https:\/\/www.eslebedasauto.at\/wp-content\/uploads\/2025\/10\/eldarund.png\",\"contentUrl\":\"https:\/\/www.eslebedasauto.at\/wp-content\/uploads\/2025\/10\/eldarund.png\",\"width\":1024,\"height\":1024,\"caption\":\"eslebedasauto\"},\"image\":{\"@id\":\"https:\/\/www.eslebedasauto.at\/#\/schema\/logo\/image\/\"},\"sameAs\":[\"https:\/\/www.facebook.com\/eslebedasauto.at\",\"https:\/\/www.instagram.com\/es_lebe_das_auto\/\"]},{\"@type\":\"Person\",\"@id\":\"https:\/\/www.eslebedasauto.at\/#\/schema\/person\/fb81218b0bed500d225ff518f9f17033\",\"name\":\"gerhard\",\"url\":\"https:\/\/www.eslebedasauto.at\/it\/author\/gerhard\/\"}]}<\/script>\n<!-- \/ Yoast SEO plugin. -->","yoast_head_json":{"title":"Opel Movano re\u00fcssiert mit voller Elektropower. - Es lebe das Auto","description":"Opel geht beim neuen Movano elektrisch in die Vollen. Ein 110 kWh fassender Akku sorgt f\u00fcr langen Atem.","robots":{"index":"index","follow":"follow","max-snippet":"max-snippet:-1","max-image-preview":"max-image-preview:large","max-video-preview":"max-video-preview:-1"},"canonical":"https:\/\/www.eslebedasauto.at\/it\/opel-movano-electric\/","og_locale":"it_IT","og_type":"article","og_title":"Opel Movano re\u00fcssiert mit voller Elektropower. - Es lebe das Auto","og_description":"Opel geht beim neuen Movano elektrisch in die Vollen. Ein 110 kWh fassender Akku sorgt f\u00fcr langen Atem.","og_url":"https:\/\/www.eslebedasauto.at\/it\/opel-movano-electric\/","og_site_name":"Es lebe das Auto","article_publisher":"https:\/\/www.facebook.com\/eslebedasauto.at","article_published_time":"2023-11-27T16:34:34+00:00","article_modified_time":"2023-11-27T16:51:52+00:00","og_image":[{"width":2560,"height":1440,"url":"https:\/\/www.eslebedasauto.at\/wp-content\/uploads\/2023\/11\/IMG_5809-scaled.jpeg","type":"image\/jpeg"}],"author":"gerhard","twitter_card":"summary_large_image","twitter_misc":{"Scritto da":"gerhard","Tempo di lettura stimato":"2 minuti"},"schema":{"@context":"https:\/\/schema.org","@graph":[{"@type":"Article","@id":"https:\/\/www.eslebedasauto.at\/opel-movano-electric\/#article","isPartOf":{"@id":"https:\/\/www.eslebedasauto.at\/opel-movano-electric\/"},"author":{"name":"gerhard","@id":"https:\/\/www.eslebedasauto.at\/#\/schema\/person\/fb81218b0bed500d225ff518f9f17033"},"headline":"Opel Movano re\u00fcssiert mit voller Elektropower.","datePublished":"2023-11-27T16:34:34+00:00","dateModified":"2023-11-27T16:51:52+00:00","mainEntityOfPage":{"@id":"https:\/\/www.eslebedasauto.at\/opel-movano-electric\/"},"wordCount":225,"commentCount":0,"publisher":{"@id":"https:\/\/www.eslebedasauto.at\/#organization"},"image":{"@id":"https:\/\/www.eslebedasauto.at\/opel-movano-electric\/#primaryimage"},"thumbnailUrl":"https:\/\/www.eslebedasauto.at\/wp-content\/uploads\/2023\/11\/IMG_5809-scaled.jpeg","articleSection":["Shortmotornews"],"inLanguage":"it-IT","potentialAction":[{"@type":"CommentAction","name":"Comment","target":["https:\/\/www.eslebedasauto.at\/opel-movano-electric\/#respond"]}]},{"@type":"WebPage","@id":"https:\/\/www.eslebedasauto.at\/opel-movano-electric\/","url":"https:\/\/www.eslebedasauto.at\/opel-movano-electric\/","name":"Opel Movano re\u00fcssiert mit voller Elektropower. - Es lebe das Auto","isPartOf":{"@id":"https:\/\/www.eslebedasauto.at\/#website"},"primaryImageOfPage":{"@id":"https:\/\/www.eslebedasauto.at\/opel-movano-electric\/#primaryimage"},"image":{"@id":"https:\/\/www.eslebedasauto.at\/opel-movano-electric\/#primaryimage"},"thumbnailUrl":"https:\/\/www.eslebedasauto.at\/wp-content\/uploads\/2023\/11\/IMG_5809-scaled.jpeg","datePublished":"2023-11-27T16:34:34+00:00","dateModified":"2023-11-27T16:51:52+00:00","description":"Opel geht beim neuen Movano elektrisch in die Vollen. Ein 110 kWh fassender Akku sorgt f\u00fcr langen Atem.","breadcrumb":{"@id":"https:\/\/www.eslebedasauto.at\/opel-movano-electric\/#breadcrumb"},"inLanguage":"it-IT","potentialAction":[{"@type":"ReadAction","target":["https:\/\/www.eslebedasauto.at\/opel-movano-electric\/"]}]},{"@type":"ImageObject","inLanguage":"it-IT","@id":"https:\/\/www.eslebedasauto.at\/opel-movano-electric\/#primaryimage","url":"https:\/\/www.eslebedasauto.at\/wp-content\/uploads\/2023\/11\/IMG_5809-scaled.jpeg","contentUrl":"https:\/\/www.eslebedasauto.at\/wp-content\/uploads\/2023\/11\/IMG_5809-scaled.jpeg","width":2560,"height":1440},{"@type":"BreadcrumbList","@id":"https:\/\/www.eslebedasauto.at\/opel-movano-electric\/#breadcrumb","itemListElement":[{"@type":"ListItem","position":1,"name":"Startseite","item":"https:\/\/www.eslebedasauto.at\/"},{"@type":"ListItem","position":2,"name":"Opel Movano re\u00fcssiert mit voller Elektropower."}]},{"@type":"WebSite","@id":"https:\/\/www.eslebedasauto.at\/#website","url":"https:\/\/www.eslebedasauto.at\/","name":"Es lebe das Auto","description":"ein Hoch auf den Individualverkehr","publisher":{"@id":"https:\/\/www.eslebedasauto.at\/#organization"},"potentialAction":[{"@type":"SearchAction","target":{"@type":"EntryPoint","urlTemplate":"https:\/\/www.eslebedasauto.at\/?s={search_term_string}"},"query-input":{"@type":"PropertyValueSpecification","valueRequired":true,"valueName":"search_term_string"}}],"inLanguage":"it-IT"},{"@type":"Organization","@id":"https:\/\/www.eslebedasauto.at\/#organization","name":"eslebedasauto","url":"https:\/\/www.eslebedasauto.at\/","logo":{"@type":"ImageObject","inLanguage":"it-IT","@id":"https:\/\/www.eslebedasauto.at\/#\/schema\/logo\/image\/","url":"https:\/\/www.eslebedasauto.at\/wp-content\/uploads\/2025\/10\/eldarund.png","contentUrl":"https:\/\/www.eslebedasauto.at\/wp-content\/uploads\/2025\/10\/eldarund.png","width":1024,"height":1024,"caption":"eslebedasauto"},"image":{"@id":"https:\/\/www.eslebedasauto.at\/#\/schema\/logo\/image\/"},"sameAs":["https:\/\/www.facebook.com\/eslebedasauto.at","https:\/\/www.instagram.com\/es_lebe_das_auto\/"]},{"@type":"Person","@id":"https:\/\/www.eslebedasauto.at\/#\/schema\/person\/fb81218b0bed500d225ff518f9f17033","name":"gerhard","url":"https:\/\/www.eslebedasauto.at\/it\/author\/gerhard\/"}]}},"_links":{"self":[{"href":"https:\/\/www.eslebedasauto.at\/it\/wp-json\/wp\/v2\/posts\/94034","targetHints":{"allow":["GET"]}}],"collection":[{"href":"https:\/\/www.eslebedasauto.at\/it\/wp-json\/wp\/v2\/posts"}],"about":[{"href":"https:\/\/www.eslebedasauto.at\/it\/wp-json\/wp\/v2\/types\/post"}],"author":[{"embeddable":true,"href":"https:\/\/www.eslebedasauto.at\/it\/wp-json\/wp\/v2\/users\/2"}],"replies":[{"embeddable":true,"href":"https:\/\/www.eslebedasauto.at\/it\/wp-json\/wp\/v2\/comments?post=94034"}],"version-history":[{"count":3,"href":"https:\/\/www.eslebedasauto.at\/it\/wp-json\/wp\/v2\/posts\/94034\/revisions"}],"predecessor-version":[{"id":94042,"href":"https:\/\/www.eslebedasauto.at\/it\/wp-json\/wp\/v2\/posts\/94034\/revisions\/94042"}],"wp:featuredmedia":[{"embeddable":true,"href":"https:\/\/www.eslebedasauto.at\/it\/wp-json\/wp\/v2\/media\/94037"}],"wp:attachment":[{"href":"https:\/\/www.eslebedasauto.at\/it\/wp-json\/wp\/v2\/media?parent=94034"}],"wp:term":[{"taxonomy":"category","embeddable":true,"href":"https:\/\/www.eslebedasauto.at\/it\/wp-json\/wp\/v2\/categories?post=94034"},{"taxonomy":"post_tag","embeddable":true,"href":"https:\/\/www.eslebedasauto.at\/it\/wp-json\/wp\/v2\/tags?post=94034"}],"curies":[{"name":"wp","href":"https:\/\/api.w.org\/{rel}","templated":true}]}}