{"id":93983,"date":"2023-11-20T18:02:59","date_gmt":"2023-11-20T17:02:59","guid":{"rendered":"https:\/\/www.eslebedasauto.at\/?p=93983"},"modified":"2023-11-20T18:23:10","modified_gmt":"2023-11-20T17:23:10","slug":"mit-dem-strom-schwimmen","status":"publish","type":"post","link":"https:\/\/www.eslebedasauto.at\/it\/mit-dem-strom-schwimmen\/","title":{"rendered":"Mit dem Strom schwimmen"},"content":{"rendered":"<h2 id=\"wie-gestaltet-sich-der-alltag-mit-einem-elektroauto-und-wie-wichtig-ist-die-reichweite-wirklich-wir-habens-ausprobiert\" class=\"wp-block-heading\">Wie gestaltet sich der Alltag mit einem Elektroauto und wie wichtig ist die Reichweite wirklich? Wir haben\u00b4s ausprobiert.<\/h2>\n\n\n\n<figure class=\"wp-block-image size-large\"><img fetchpriority=\"high\" decoding=\"async\" width=\"1024\" height=\"768\" src=\"https:\/\/www.eslebedasauto.at\/wp-content\/uploads\/2023\/11\/IMG_5642-1024x768.jpeg\" alt=\"\" class=\"wp-image-94000\" srcset=\"https:\/\/www.eslebedasauto.at\/wp-content\/uploads\/2023\/11\/IMG_5642-1024x768.jpeg 1024w, https:\/\/www.eslebedasauto.at\/wp-content\/uploads\/2023\/11\/IMG_5642-300x225.jpeg 300w, https:\/\/www.eslebedasauto.at\/wp-content\/uploads\/2023\/11\/IMG_5642-768x576.jpeg 768w, https:\/\/www.eslebedasauto.at\/wp-content\/uploads\/2023\/11\/IMG_5642-1536x1152.jpeg 1536w, https:\/\/www.eslebedasauto.at\/wp-content\/uploads\/2023\/11\/IMG_5642-800x600.jpeg 800w, https:\/\/www.eslebedasauto.at\/wp-content\/uploads\/2023\/11\/IMG_5642-1160x870.jpeg 1160w, https:\/\/www.eslebedasauto.at\/wp-content\/uploads\/2023\/11\/IMG_5642.jpeg 2048w\" sizes=\"(max-width: 1024px) 100vw, 1024px\" \/><\/figure>\n\n\n\n<p>Wenn man \u00fcber Elektromobilit\u00e4t redet, dann eskaliert nicht selten das Gespr\u00e4ch. Die einen reden von Gewohnheitseffekt und toller Sache und die anderen verteufeln das Ganze. Das Hauptargument der Gegner ist meistens die fehlende Reichweite sowie der Verlust von Spontanit\u00e4t. Doch wie sieht die Sache wirklich aus, wenn man sich so ein Auto dann tats\u00e4chlich kauft?<\/p>\n\n\n\n<figure class=\"wp-block-image size-large\"><img decoding=\"async\" width=\"1024\" height=\"768\" src=\"https:\/\/www.eslebedasauto.at\/wp-content\/uploads\/2023\/11\/IMG_5579-1024x768.jpeg\" alt=\"\" class=\"wp-image-93994\" srcset=\"https:\/\/www.eslebedasauto.at\/wp-content\/uploads\/2023\/11\/IMG_5579-1024x768.jpeg 1024w, https:\/\/www.eslebedasauto.at\/wp-content\/uploads\/2023\/11\/IMG_5579-300x225.jpeg 300w, https:\/\/www.eslebedasauto.at\/wp-content\/uploads\/2023\/11\/IMG_5579-768x576.jpeg 768w, https:\/\/www.eslebedasauto.at\/wp-content\/uploads\/2023\/11\/IMG_5579-1536x1152.jpeg 1536w, https:\/\/www.eslebedasauto.at\/wp-content\/uploads\/2023\/11\/IMG_5579-800x600.jpeg 800w, https:\/\/www.eslebedasauto.at\/wp-content\/uploads\/2023\/11\/IMG_5579-1160x870.jpeg 1160w, https:\/\/www.eslebedasauto.at\/wp-content\/uploads\/2023\/11\/IMG_5579.jpeg 2048w\" sizes=\"(max-width: 1024px) 100vw, 1024px\" \/><\/figure>\n\n\n\n<h4 id=\"wie-bei-jedem-autokauf-will-das-ganze-gut-geplant-sein\" class=\"wp-block-heading\">Wie bei jedem Autokauf, will das Ganze gut geplant sein.<\/h4>\n\n\n\n<p>Die Entscheidungen rund um einen Autokauf waren in der &#8222;guten alten Zeit&#8220; etwas einfacher: Die Fragen nach Gr\u00f6\u00dfe, Benzin oder Diesel, Leistung, Lieblingsmarke, Farbe, Ausstattung und schlussendlich der Preis wollten zuerst beantwortet werden. <\/p>\n\n\n\n<p>Fast noch wichtiger sind jetzt zus\u00e4tzliche Fragen, die eher auf den Umgang mit dem neuen Auto abzielen: Man sollte sich \u00fcberlegen, was man mit dem Auto generell vorhat, wo man damit f\u00e4hrt, wie weit und nicht zuletzt ob die infrastrukturellen Umst\u00e4nde passen. Schlie\u00dflich will man sein Elektroauto ja nicht dauernd am teuren Schnelllader aufladen.<\/p>\n\n\n\n<figure class=\"wp-block-image size-large\"><img decoding=\"async\" width=\"1024\" height=\"768\" src=\"https:\/\/www.eslebedasauto.at\/wp-content\/uploads\/2023\/11\/IMG_5581-1024x768.jpeg\" alt=\"\" class=\"wp-image-93995\" srcset=\"https:\/\/www.eslebedasauto.at\/wp-content\/uploads\/2023\/11\/IMG_5581-1024x768.jpeg 1024w, https:\/\/www.eslebedasauto.at\/wp-content\/uploads\/2023\/11\/IMG_5581-300x225.jpeg 300w, https:\/\/www.eslebedasauto.at\/wp-content\/uploads\/2023\/11\/IMG_5581-768x576.jpeg 768w, https:\/\/www.eslebedasauto.at\/wp-content\/uploads\/2023\/11\/IMG_5581-1536x1152.jpeg 1536w, https:\/\/www.eslebedasauto.at\/wp-content\/uploads\/2023\/11\/IMG_5581-800x600.jpeg 800w, https:\/\/www.eslebedasauto.at\/wp-content\/uploads\/2023\/11\/IMG_5581-1160x870.jpeg 1160w, https:\/\/www.eslebedasauto.at\/wp-content\/uploads\/2023\/11\/IMG_5581.jpeg 2048w\" sizes=\"(max-width: 1024px) 100vw, 1024px\" \/><\/figure>\n\n\n\n<h4 id=\"zuerst-einmal-die-basisfragen-die-wir-fur-uns-gleich-beantwortet-haben\" class=\"wp-block-heading\">Zuerst einmal die Basisfragen, die wir f\u00fcr uns gleich beantwortet haben:<\/h4>\n\n\n\n<ul class=\"wp-block-list\">\n<li><strong>Erst- oder Zweitwagen? <\/strong>Gibt\u00b4s ein Backup f\u00fcr l\u00e4ngere Fahrten?<br><strong>Antwort<\/strong>: Eindeutig Zweitwagen und ja, es gibt einen Verbrenner f\u00fcr etwaige Langstrecken.<\/li>\n\n\n\n<li><strong>Einsatzgebiet? <\/strong>Speckg\u00fcrtel? City? Reise?<br><strong>Antwort<\/strong>: Eindeutig Speckg\u00fcrtel und Cityfahrten. Handliche Gr\u00f6\u00dfe f\u00fcr Parkplatzsuche in der Innenstadt n\u00f6tig.<\/li>\n\n\n\n<li><strong>Fahrzeuggr\u00f6\u00dfe? <\/strong>Wie viele Personen m\u00fcssen mit? Laderaum? Parkplatzgr\u00f6\u00dfe?<br><strong>Antwort<\/strong>: In der Regel maximal 2-4 Personen mit wenig Gep\u00e4ck, Privatparkplatz am eigenen Grundst\u00fcck ist vorhanden aber KEINE Garage oder Carport.<\/li>\n\n\n\n<li><strong>Infrastruktur? <\/strong>Kann ich zuhause laden? Wallbox? Ladem\u00f6glichkeiten in der N\u00e4he?<br><strong>Antwort<\/strong>: Haushaltssteckdose zuhause ist vorhanden &#8211; <a href=\"https:\/\/www.eslebedasauto.at\/it\/juice-booster-flexiblitaet-fuer-elektromobilisten\/\">Tragbare Wallbox<\/a> wird angeschafft. Ladem\u00f6glichkeiten in der N\u00e4he ansonsten ebenfalls vorhanden.<\/li>\n\n\n\n<li><strong>Preis?<\/strong> <br><strong>Antwort<\/strong>: Wenn m\u00f6glich unter 30.000 Euro.<\/li>\n<\/ul>\n\n\n\n<figure class=\"wp-block-gallery has-nested-images columns-default is-cropped wp-block-gallery-1 is-layout-flex wp-block-gallery-is-layout-flex\">\n<figure class=\"wp-block-image size-large\"><img loading=\"lazy\" decoding=\"async\" width=\"768\" height=\"1024\" data-id=\"93989\" src=\"https:\/\/www.eslebedasauto.at\/wp-content\/uploads\/2023\/11\/IMG_5660-768x1024.jpeg\" alt=\"\" class=\"wp-image-93989\" srcset=\"https:\/\/www.eslebedasauto.at\/wp-content\/uploads\/2023\/11\/IMG_5660-768x1024.jpeg 768w, https:\/\/www.eslebedasauto.at\/wp-content\/uploads\/2023\/11\/IMG_5660-225x300.jpeg 225w, https:\/\/www.eslebedasauto.at\/wp-content\/uploads\/2023\/11\/IMG_5660-1152x1536.jpeg 1152w, https:\/\/www.eslebedasauto.at\/wp-content\/uploads\/2023\/11\/IMG_5660-800x1067.jpeg 800w, https:\/\/www.eslebedasauto.at\/wp-content\/uploads\/2023\/11\/IMG_5660-1160x1547.jpeg 1160w, https:\/\/www.eslebedasauto.at\/wp-content\/uploads\/2023\/11\/IMG_5660.jpeg 1536w\" sizes=\"(max-width: 768px) 100vw, 768px\" \/><\/figure>\n\n\n\n<figure class=\"wp-block-image size-large\"><img loading=\"lazy\" decoding=\"async\" width=\"768\" height=\"1024\" data-id=\"93988\" src=\"https:\/\/www.eslebedasauto.at\/wp-content\/uploads\/2023\/11\/IMG_5657-768x1024.jpeg\" alt=\"\" class=\"wp-image-93988\" srcset=\"https:\/\/www.eslebedasauto.at\/wp-content\/uploads\/2023\/11\/IMG_5657-768x1024.jpeg 768w, https:\/\/www.eslebedasauto.at\/wp-content\/uploads\/2023\/11\/IMG_5657-225x300.jpeg 225w, https:\/\/www.eslebedasauto.at\/wp-content\/uploads\/2023\/11\/IMG_5657-1152x1536.jpeg 1152w, https:\/\/www.eslebedasauto.at\/wp-content\/uploads\/2023\/11\/IMG_5657-800x1067.jpeg 800w, https:\/\/www.eslebedasauto.at\/wp-content\/uploads\/2023\/11\/IMG_5657-1160x1547.jpeg 1160w, https:\/\/www.eslebedasauto.at\/wp-content\/uploads\/2023\/11\/IMG_5657.jpeg 1536w\" sizes=\"(max-width: 768px) 100vw, 768px\" \/><\/figure>\n<\/figure>\n\n\n\n<p><strong>Nach kurzer Recherche war klar, dass es wohl keines dieser elektrischen PS-Monster werden w\u00fcrde &#8211; Stichwort Preis.<\/strong> Unsere Wahl fiel auf einen Peugeot e-208, ein Auto welches f\u00fcr viele Neuwagenk\u00e4ufer quasi noch am Boden der Realit\u00e4ten geblieben ist und so ziemlich punktgenau unseren Erfordernissen entspricht. Klar, auch der e-208 ist teurer als seine verbrennenden Kollegen aber dennoch f\u00fcr viele dank des Einstiegspreises von unter 30.000 Euro noch leistbar. Unser Peugeot ist noch das &#8222;alte&#8220; Modell &#8211; er leistet geradeaus 100 kW und hat einen 50 kWh fassenden Akku. Die maximale Ladeleistung liegt bei 100 kWh &#8211; an der heimischen Wallbox schafft er 11 kWh. Ein <a href=\"https:\/\/www.eslebedasauto.at\/it\/peugeot-208-facelift-2023\/\">M<\/a><a href=\"https:\/\/www.eslebedasauto.at\/it\/update-fuer-den-peugeot-e-208\/\">odell-Update mit mehr Leistung und gr\u00f6\u00dferem Akku<\/a> steht unmittelbar bevor.<\/p>\n\n\n\n<figure class=\"wp-block-image size-large\"><img loading=\"lazy\" decoding=\"async\" width=\"1024\" height=\"768\" src=\"https:\/\/www.eslebedasauto.at\/wp-content\/uploads\/2023\/11\/IMG_5637-1024x768.jpeg\" alt=\"\" class=\"wp-image-93997\" srcset=\"https:\/\/www.eslebedasauto.at\/wp-content\/uploads\/2023\/11\/IMG_5637-1024x768.jpeg 1024w, https:\/\/www.eslebedasauto.at\/wp-content\/uploads\/2023\/11\/IMG_5637-300x225.jpeg 300w, https:\/\/www.eslebedasauto.at\/wp-content\/uploads\/2023\/11\/IMG_5637-768x576.jpeg 768w, https:\/\/www.eslebedasauto.at\/wp-content\/uploads\/2023\/11\/IMG_5637-1536x1152.jpeg 1536w, https:\/\/www.eslebedasauto.at\/wp-content\/uploads\/2023\/11\/IMG_5637-800x600.jpeg 800w, https:\/\/www.eslebedasauto.at\/wp-content\/uploads\/2023\/11\/IMG_5637-1160x870.jpeg 1160w, https:\/\/www.eslebedasauto.at\/wp-content\/uploads\/2023\/11\/IMG_5637.jpeg 2048w\" sizes=\"(max-width: 1024px) 100vw, 1024px\" \/><\/figure>\n\n\n\n<h4 id=\"reicht-die-reichweite\" class=\"wp-block-heading\">Reicht die Reichweite?<\/h4>\n\n\n\n<p>Peugeot gibt eine WLTP Reichweite von 350 Kilometern an &#8211; wie wir alle wissen, ein theoretischer Wert, den wir auch nicht erfahren konnten, in unserem Fall waren es rund 300 Kilometer im gemischten Betrieb. Wichtiger Hinweis: Wir bewegen unsere elektrischen Testwagen nicht verhalten sondern wie gewohnt ohne &#8222;Gasstreicheleinheiten&#8220;. Nat\u00fcrlich knabbern extreme Temperaturen &#8211; egal ob zu hei\u00df oder zu kalt &#8211; an der Reichweite.<\/p>\n\n\n\n<figure class=\"wp-block-image size-large\"><img loading=\"lazy\" decoding=\"async\" width=\"1024\" height=\"768\" src=\"https:\/\/www.eslebedasauto.at\/wp-content\/uploads\/2023\/11\/IMG_5582-1024x768.jpeg\" alt=\"\" class=\"wp-image-93996\" srcset=\"https:\/\/www.eslebedasauto.at\/wp-content\/uploads\/2023\/11\/IMG_5582-1024x768.jpeg 1024w, https:\/\/www.eslebedasauto.at\/wp-content\/uploads\/2023\/11\/IMG_5582-300x225.jpeg 300w, https:\/\/www.eslebedasauto.at\/wp-content\/uploads\/2023\/11\/IMG_5582-768x576.jpeg 768w, https:\/\/www.eslebedasauto.at\/wp-content\/uploads\/2023\/11\/IMG_5582-1536x1152.jpeg 1536w, https:\/\/www.eslebedasauto.at\/wp-content\/uploads\/2023\/11\/IMG_5582-800x600.jpeg 800w, https:\/\/www.eslebedasauto.at\/wp-content\/uploads\/2023\/11\/IMG_5582-1160x870.jpeg 1160w, https:\/\/www.eslebedasauto.at\/wp-content\/uploads\/2023\/11\/IMG_5582.jpeg 2048w\" sizes=\"(max-width: 1024px) 100vw, 1024px\" \/><\/figure>\n\n\n\n<h4 id=\"und-die-reichweite-im-alltag\" class=\"wp-block-heading\">Und die Reichweite im Alltag? <\/h4>\n\n\n\n<p>Die Reichweitenfrage stellt sich nach kurzer Zeit gar nicht mehr. Warum? Ganz einfach, das Auto wird st\u00e4ndig &#8222;sanft&#8220; mit niedriger Leistung daheim geladen &#8211; hat somit so gut wie immer einen gut gef\u00fcllten Akku. Und die gebotenen 300 Kilometer Echtreichweite muss man einmal im Speckg\u00fcrtel-City-Einsatz verbrauchen. Fazit: Mehr braucht in diesem Einsatzgebiet kein Mensch. Und wenn doch mal Not am Mann ist, ist der relativ kleine 50-kWh-Akku am Schnelllader in Windeseile wieder gef\u00fcllt &#8211; Stichwort 100 kW Ladeleistung.<\/p>\n\n\n\n<figure class=\"wp-block-image size-large\"><img loading=\"lazy\" decoding=\"async\" width=\"1024\" height=\"768\" src=\"https:\/\/www.eslebedasauto.at\/wp-content\/uploads\/2023\/11\/IMG_5645-1024x768.jpeg\" alt=\"\" class=\"wp-image-94002\" srcset=\"https:\/\/www.eslebedasauto.at\/wp-content\/uploads\/2023\/11\/IMG_5645-1024x768.jpeg 1024w, https:\/\/www.eslebedasauto.at\/wp-content\/uploads\/2023\/11\/IMG_5645-300x225.jpeg 300w, https:\/\/www.eslebedasauto.at\/wp-content\/uploads\/2023\/11\/IMG_5645-768x576.jpeg 768w, https:\/\/www.eslebedasauto.at\/wp-content\/uploads\/2023\/11\/IMG_5645-1536x1152.jpeg 1536w, https:\/\/www.eslebedasauto.at\/wp-content\/uploads\/2023\/11\/IMG_5645-800x600.jpeg 800w, https:\/\/www.eslebedasauto.at\/wp-content\/uploads\/2023\/11\/IMG_5645-1160x870.jpeg 1160w, https:\/\/www.eslebedasauto.at\/wp-content\/uploads\/2023\/11\/IMG_5645.jpeg 2048w\" sizes=\"(max-width: 1024px) 100vw, 1024px\" \/><\/figure>\n\n\n\n<h4 id=\"gehts-ohne-garage\" class=\"wp-block-heading\">Geht\u00b4s ohne Garage?<\/h4>\n\n\n\n<p>Ohne Probleme! Wichtig ist nur der hemmungslose Zugang zu einer Steckdose. Sorgen vor Eis und Schnee braucht man sich sowieso keine machen, der Peugeot e-208 hat, wie fast alle Elektroautos eine programmierbare Standheizung &#8211; und zwar serienm\u00e4\u00dfig. Ebenso wie eine effiziente W\u00e4rmepumpe, die den Innenraum in Windeseile aufw\u00e4rmt.<\/p>\n\n\n\n<figure class=\"wp-block-gallery has-nested-images columns-default is-cropped wp-block-gallery-2 is-layout-flex wp-block-gallery-is-layout-flex\">\n<figure class=\"wp-block-image size-large\"><img loading=\"lazy\" decoding=\"async\" width=\"1024\" height=\"768\" data-id=\"94006\" src=\"https:\/\/www.eslebedasauto.at\/wp-content\/uploads\/2023\/11\/IMG_5651-1024x768.jpeg\" alt=\"\" class=\"wp-image-94006\" srcset=\"https:\/\/www.eslebedasauto.at\/wp-content\/uploads\/2023\/11\/IMG_5651-1024x768.jpeg 1024w, https:\/\/www.eslebedasauto.at\/wp-content\/uploads\/2023\/11\/IMG_5651-300x225.jpeg 300w, https:\/\/www.eslebedasauto.at\/wp-content\/uploads\/2023\/11\/IMG_5651-768x576.jpeg 768w, https:\/\/www.eslebedasauto.at\/wp-content\/uploads\/2023\/11\/IMG_5651-1536x1152.jpeg 1536w, https:\/\/www.eslebedasauto.at\/wp-content\/uploads\/2023\/11\/IMG_5651-800x600.jpeg 800w, https:\/\/www.eslebedasauto.at\/wp-content\/uploads\/2023\/11\/IMG_5651-1160x870.jpeg 1160w, https:\/\/www.eslebedasauto.at\/wp-content\/uploads\/2023\/11\/IMG_5651.jpeg 2048w\" sizes=\"(max-width: 1024px) 100vw, 1024px\" \/><figcaption class=\"wp-element-caption\">L\u00e4ssiges kleines Sportlenkrad<\/figcaption><\/figure>\n\n\n\n<figure class=\"wp-block-image size-large\"><img loading=\"lazy\" decoding=\"async\" width=\"1024\" height=\"768\" data-id=\"93990\" src=\"https:\/\/www.eslebedasauto.at\/wp-content\/uploads\/2023\/11\/IMG_5662-1024x768.jpeg\" alt=\"\" class=\"wp-image-93990\" srcset=\"https:\/\/www.eslebedasauto.at\/wp-content\/uploads\/2023\/11\/IMG_5662-1024x768.jpeg 1024w, https:\/\/www.eslebedasauto.at\/wp-content\/uploads\/2023\/11\/IMG_5662-300x225.jpeg 300w, https:\/\/www.eslebedasauto.at\/wp-content\/uploads\/2023\/11\/IMG_5662-768x576.jpeg 768w, https:\/\/www.eslebedasauto.at\/wp-content\/uploads\/2023\/11\/IMG_5662-1536x1152.jpeg 1536w, https:\/\/www.eslebedasauto.at\/wp-content\/uploads\/2023\/11\/IMG_5662-800x600.jpeg 800w, https:\/\/www.eslebedasauto.at\/wp-content\/uploads\/2023\/11\/IMG_5662-1160x870.jpeg 1160w, https:\/\/www.eslebedasauto.at\/wp-content\/uploads\/2023\/11\/IMG_5662.jpeg 2048w\" sizes=\"(max-width: 1024px) 100vw, 1024px\" \/><figcaption class=\"wp-element-caption\">Oberfl\u00e4chen im Carbon-Look<\/figcaption><\/figure>\n<\/figure>\n\n\n\n<h4 id=\"und-wie-fahrt-er-sich-im-alltag\" class=\"wp-block-heading\">Und wie f\u00e4hrt er sich im Alltag?<\/h4>\n\n\n\n<p><strong>Der h\u00fcbsche Peugeot e-208 hat sich schnell zum Liebling der Familie gemausert.<\/strong> Der Wagen f\u00fchlt sich richtig sportlich an &#8211; das liegt am kleinen Lenkrad und dem damit verbundenen GoKart-Feeling und am im Wagenboden sitzenden Akku samt tiefem Schwerpunkt. Kurven schnupft der e-208 mit Verve &#8211; das liegt auch am noch nicht allzu hohen Gewicht. Gefahren wird im Regelfall im Normal-Modus. Der birgt den besten Spagat zwischen Vernunft und Gaudi &#8211; die vollen 100 kW Leistung gibt\u00b4s nur im Sport-Modus &#8211; ein Fall f\u00fcr die lustigen Momente. Auch nicht schlecht, der Eco-Modus &#8211; vor allem wenn der Verkehr dicht ist und man im Stop&amp;Go Verkehr festh\u00e4ngt.<\/p>\n\n\n\n<figure class=\"wp-block-image size-large\"><img loading=\"lazy\" decoding=\"async\" width=\"1024\" height=\"768\" src=\"https:\/\/www.eslebedasauto.at\/wp-content\/uploads\/2023\/11\/IMG_5652-1024x768.jpeg\" alt=\"\" class=\"wp-image-94007\" srcset=\"https:\/\/www.eslebedasauto.at\/wp-content\/uploads\/2023\/11\/IMG_5652-1024x768.jpeg 1024w, https:\/\/www.eslebedasauto.at\/wp-content\/uploads\/2023\/11\/IMG_5652-300x225.jpeg 300w, https:\/\/www.eslebedasauto.at\/wp-content\/uploads\/2023\/11\/IMG_5652-768x576.jpeg 768w, https:\/\/www.eslebedasauto.at\/wp-content\/uploads\/2023\/11\/IMG_5652-1536x1152.jpeg 1536w, https:\/\/www.eslebedasauto.at\/wp-content\/uploads\/2023\/11\/IMG_5652-800x600.jpeg 800w, https:\/\/www.eslebedasauto.at\/wp-content\/uploads\/2023\/11\/IMG_5652-1160x870.jpeg 1160w, https:\/\/www.eslebedasauto.at\/wp-content\/uploads\/2023\/11\/IMG_5652.jpeg 2048w\" sizes=\"(max-width: 1024px) 100vw, 1024px\" \/><\/figure>\n\n\n\n<h4 id=\"und-wenns-dann-doch-mal-auf-die-langstrecke-geht\" class=\"wp-block-heading\">Und wenn\u00b4s dann doch mal auf die Langstrecke geht?<\/h4>\n\n\n\n<p>Auch das funktioniert mit dem kleinen Peugeot eigentlich recht gut. Ok, ein wenig Planung geh\u00f6rt schon dazu, denn so alle 200 Kilometer im Schnitt sollte man einen Schnelllader ansteuern. Und das will eben geplant sein. Mit den 100 kW Ladeleistung ist der Akku dann relativ schnell wieder gut gef\u00fcllt &#8211; und wenn man sich ehrlich ist, ist eine kleine Kaffeepause nach gut zwei Stunden Fahrt eh auch ganz nett.<\/p>\n\n\n\n<figure class=\"wp-block-image size-large\"><img loading=\"lazy\" decoding=\"async\" width=\"1024\" height=\"768\" src=\"https:\/\/www.eslebedasauto.at\/wp-content\/uploads\/2023\/11\/IMG_5636-1024x768.jpeg\" alt=\"\" class=\"wp-image-93987\" srcset=\"https:\/\/www.eslebedasauto.at\/wp-content\/uploads\/2023\/11\/IMG_5636-1024x768.jpeg 1024w, https:\/\/www.eslebedasauto.at\/wp-content\/uploads\/2023\/11\/IMG_5636-300x225.jpeg 300w, https:\/\/www.eslebedasauto.at\/wp-content\/uploads\/2023\/11\/IMG_5636-768x576.jpeg 768w, https:\/\/www.eslebedasauto.at\/wp-content\/uploads\/2023\/11\/IMG_5636-1536x1152.jpeg 1536w, https:\/\/www.eslebedasauto.at\/wp-content\/uploads\/2023\/11\/IMG_5636-800x600.jpeg 800w, https:\/\/www.eslebedasauto.at\/wp-content\/uploads\/2023\/11\/IMG_5636-1160x870.jpeg 1160w, https:\/\/www.eslebedasauto.at\/wp-content\/uploads\/2023\/11\/IMG_5636.jpeg 2048w\" sizes=\"(max-width: 1024px) 100vw, 1024px\" \/><\/figure>\n\n\n\n<h4 id=\"auf-was-sollte-man-beim-kauf-eines-peugeot-e-208-achten\" class=\"wp-block-heading\">Auf was sollte man beim Kauf eines Peugeot e-208 achten?<\/h4>\n\n\n\n<p>Das meiste bekommt man, wenn man die sportliche GT-Version w\u00e4hlt (ab EUR 33.410,-). Sch\u00f6ne Felgen, tolle Sportsitze und die coolen 3D-Instrumente sind dann dabei. Was man beim Konfigurieren nicht vergessen sollte: Keyless Go <strong>AND<\/strong> Entry. Sonst muss man jedes mal seinen Schl\u00fcssel aus der Tasche fummeln beim \u00d6ffnen der T\u00fcren. Und auch wenn unser e-208 in Schwarz mit schwarzen Felgen und schwarzem Interieur echt super aussieht &#8211; das Auto verdreckt innerhalb von gef\u00fchlten f\u00fcnf Minuten. Also besser helle Farben w\u00e4hlen &#8211; hei\u00dfer Tipp: Gelb oder Blau. Aber das ist Geschmackssache.<\/p>","protected":false},"excerpt":{"rendered":"<p>Viele reden vom komplizierten Umgang mit Elektroautos im Alltag und vom stets vakanten Reichweitenproblem &#8211; wir haben den Alltagstest mit einem Peugeot e-208 gemacht.<\/p>","protected":false},"author":2,"featured_media":93992,"comment_status":"open","ping_status":"open","sticky":false,"template":"","format":"standard","meta":{"neve_meta_sidebar":"","neve_meta_container":"","neve_meta_enable_content_width":"","neve_meta_content_width":0,"neve_meta_title_alignment":"","neve_meta_author_avatar":"","neve_post_elements_order":"","neve_meta_disable_header":"","neve_meta_disable_footer":"","neve_meta_disable_title":"","neve_meta_reading_time":"","footnotes":""},"categories":[555,335,598],"tags":[],"class_list":["post-93983","post","type-post","status-publish","format-standard","has-post-thumbnail","hentry","category-electrofun","category-fahrberichte","category-shortmotornews"],"yoast_head":"<!-- This site is optimized with the Yoast SEO plugin v26.8 - https:\/\/yoast.com\/product\/yoast-seo-wordpress\/ -->\n<title>Mit dem Strom schwimmen - Es lebe das Auto<\/title>\n<meta name=\"description\" content=\"Viele reden vom komplizierten Umgang mit Elektroautos im Alltag und vom stets vakanten Reichweitenproblem - wir haben den Alltagstest mit einem Peugeot e-208 gemacht.\" \/>\n<meta name=\"robots\" content=\"index, follow, max-snippet:-1, max-image-preview:large, max-video-preview:-1\" \/>\n<link rel=\"canonical\" href=\"https:\/\/www.eslebedasauto.at\/it\/mit-dem-strom-schwimmen\/\" \/>\n<meta property=\"og:locale\" content=\"it_IT\" \/>\n<meta property=\"og:type\" content=\"article\" \/>\n<meta property=\"og:title\" content=\"Mit dem Strom schwimmen - Es lebe das Auto\" \/>\n<meta property=\"og:description\" content=\"Viele reden vom komplizierten Umgang mit Elektroautos im Alltag und vom stets vakanten Reichweitenproblem - wir haben den Alltagstest mit einem Peugeot e-208 gemacht.\" \/>\n<meta property=\"og:url\" content=\"https:\/\/www.eslebedasauto.at\/it\/mit-dem-strom-schwimmen\/\" \/>\n<meta property=\"og:site_name\" content=\"Es lebe das Auto\" \/>\n<meta property=\"article:publisher\" content=\"https:\/\/www.facebook.com\/eslebedasauto.at\" \/>\n<meta property=\"article:published_time\" content=\"2023-11-20T17:02:59+00:00\" \/>\n<meta property=\"article:modified_time\" content=\"2023-11-20T17:23:10+00:00\" \/>\n<meta property=\"og:image\" content=\"https:\/\/www.eslebedasauto.at\/wp-content\/uploads\/2023\/11\/IMG_5574.jpeg\" \/>\n\t<meta property=\"og:image:width\" content=\"2048\" \/>\n\t<meta property=\"og:image:height\" content=\"1536\" \/>\n\t<meta property=\"og:image:type\" content=\"image\/jpeg\" \/>\n<meta name=\"author\" content=\"gerhard\" \/>\n<meta name=\"twitter:card\" content=\"summary_large_image\" \/>\n<meta name=\"twitter:label1\" content=\"Scritto da\" \/>\n\t<meta name=\"twitter:data1\" content=\"gerhard\" \/>\n\t<meta name=\"twitter:label2\" content=\"Tempo di lettura stimato\" \/>\n\t<meta name=\"twitter:data2\" content=\"8 minuti\" \/>\n<script type=\"application\/ld+json\" class=\"yoast-schema-graph\">{\"@context\":\"https:\/\/schema.org\",\"@graph\":[{\"@type\":\"Article\",\"@id\":\"https:\/\/www.eslebedasauto.at\/mit-dem-strom-schwimmen\/#article\",\"isPartOf\":{\"@id\":\"https:\/\/www.eslebedasauto.at\/mit-dem-strom-schwimmen\/\"},\"author\":{\"name\":\"gerhard\",\"@id\":\"https:\/\/www.eslebedasauto.at\/#\/schema\/person\/fb81218b0bed500d225ff518f9f17033\"},\"headline\":\"Mit dem Strom schwimmen\",\"datePublished\":\"2023-11-20T17:02:59+00:00\",\"dateModified\":\"2023-11-20T17:23:10+00:00\",\"mainEntityOfPage\":{\"@id\":\"https:\/\/www.eslebedasauto.at\/mit-dem-strom-schwimmen\/\"},\"wordCount\":953,\"commentCount\":0,\"publisher\":{\"@id\":\"https:\/\/www.eslebedasauto.at\/#organization\"},\"image\":{\"@id\":\"https:\/\/www.eslebedasauto.at\/mit-dem-strom-schwimmen\/#primaryimage\"},\"thumbnailUrl\":\"https:\/\/www.eslebedasauto.at\/wp-content\/uploads\/2023\/11\/IMG_5574.jpeg\",\"articleSection\":[\"Electrofun\",\"Fahrberichte\",\"Shortmotornews\"],\"inLanguage\":\"it-IT\",\"potentialAction\":[{\"@type\":\"CommentAction\",\"name\":\"Comment\",\"target\":[\"https:\/\/www.eslebedasauto.at\/mit-dem-strom-schwimmen\/#respond\"]}]},{\"@type\":\"WebPage\",\"@id\":\"https:\/\/www.eslebedasauto.at\/mit-dem-strom-schwimmen\/\",\"url\":\"https:\/\/www.eslebedasauto.at\/mit-dem-strom-schwimmen\/\",\"name\":\"Mit dem Strom schwimmen - Es lebe das Auto\",\"isPartOf\":{\"@id\":\"https:\/\/www.eslebedasauto.at\/#website\"},\"primaryImageOfPage\":{\"@id\":\"https:\/\/www.eslebedasauto.at\/mit-dem-strom-schwimmen\/#primaryimage\"},\"image\":{\"@id\":\"https:\/\/www.eslebedasauto.at\/mit-dem-strom-schwimmen\/#primaryimage\"},\"thumbnailUrl\":\"https:\/\/www.eslebedasauto.at\/wp-content\/uploads\/2023\/11\/IMG_5574.jpeg\",\"datePublished\":\"2023-11-20T17:02:59+00:00\",\"dateModified\":\"2023-11-20T17:23:10+00:00\",\"description\":\"Viele reden vom komplizierten Umgang mit Elektroautos im Alltag und vom stets vakanten Reichweitenproblem - wir haben den Alltagstest mit einem Peugeot e-208 gemacht.\",\"breadcrumb\":{\"@id\":\"https:\/\/www.eslebedasauto.at\/mit-dem-strom-schwimmen\/#breadcrumb\"},\"inLanguage\":\"it-IT\",\"potentialAction\":[{\"@type\":\"ReadAction\",\"target\":[\"https:\/\/www.eslebedasauto.at\/mit-dem-strom-schwimmen\/\"]}]},{\"@type\":\"ImageObject\",\"inLanguage\":\"it-IT\",\"@id\":\"https:\/\/www.eslebedasauto.at\/mit-dem-strom-schwimmen\/#primaryimage\",\"url\":\"https:\/\/www.eslebedasauto.at\/wp-content\/uploads\/2023\/11\/IMG_5574.jpeg\",\"contentUrl\":\"https:\/\/www.eslebedasauto.at\/wp-content\/uploads\/2023\/11\/IMG_5574.jpeg\",\"width\":2048,\"height\":1536},{\"@type\":\"BreadcrumbList\",\"@id\":\"https:\/\/www.eslebedasauto.at\/mit-dem-strom-schwimmen\/#breadcrumb\",\"itemListElement\":[{\"@type\":\"ListItem\",\"position\":1,\"name\":\"Startseite\",\"item\":\"https:\/\/www.eslebedasauto.at\/\"},{\"@type\":\"ListItem\",\"position\":2,\"name\":\"Mit dem Strom schwimmen\"}]},{\"@type\":\"WebSite\",\"@id\":\"https:\/\/www.eslebedasauto.at\/#website\",\"url\":\"https:\/\/www.eslebedasauto.at\/\",\"name\":\"Es lebe das Auto\",\"description\":\"ein Hoch auf den Individualverkehr\",\"publisher\":{\"@id\":\"https:\/\/www.eslebedasauto.at\/#organization\"},\"potentialAction\":[{\"@type\":\"SearchAction\",\"target\":{\"@type\":\"EntryPoint\",\"urlTemplate\":\"https:\/\/www.eslebedasauto.at\/?s={search_term_string}\"},\"query-input\":{\"@type\":\"PropertyValueSpecification\",\"valueRequired\":true,\"valueName\":\"search_term_string\"}}],\"inLanguage\":\"it-IT\"},{\"@type\":\"Organization\",\"@id\":\"https:\/\/www.eslebedasauto.at\/#organization\",\"name\":\"eslebedasauto\",\"url\":\"https:\/\/www.eslebedasauto.at\/\",\"logo\":{\"@type\":\"ImageObject\",\"inLanguage\":\"it-IT\",\"@id\":\"https:\/\/www.eslebedasauto.at\/#\/schema\/logo\/image\/\",\"url\":\"https:\/\/www.eslebedasauto.at\/wp-content\/uploads\/2025\/10\/eldarund.png\",\"contentUrl\":\"https:\/\/www.eslebedasauto.at\/wp-content\/uploads\/2025\/10\/eldarund.png\",\"width\":1024,\"height\":1024,\"caption\":\"eslebedasauto\"},\"image\":{\"@id\":\"https:\/\/www.eslebedasauto.at\/#\/schema\/logo\/image\/\"},\"sameAs\":[\"https:\/\/www.facebook.com\/eslebedasauto.at\",\"https:\/\/www.instagram.com\/es_lebe_das_auto\/\"]},{\"@type\":\"Person\",\"@id\":\"https:\/\/www.eslebedasauto.at\/#\/schema\/person\/fb81218b0bed500d225ff518f9f17033\",\"name\":\"gerhard\",\"url\":\"https:\/\/www.eslebedasauto.at\/it\/author\/gerhard\/\"}]}<\/script>\n<!-- \/ Yoast SEO plugin. -->","yoast_head_json":{"title":"Mit dem Strom schwimmen - Es lebe das Auto","description":"Viele reden vom komplizierten Umgang mit Elektroautos im Alltag und vom stets vakanten Reichweitenproblem - wir haben den Alltagstest mit einem Peugeot e-208 gemacht.","robots":{"index":"index","follow":"follow","max-snippet":"max-snippet:-1","max-image-preview":"max-image-preview:large","max-video-preview":"max-video-preview:-1"},"canonical":"https:\/\/www.eslebedasauto.at\/it\/mit-dem-strom-schwimmen\/","og_locale":"it_IT","og_type":"article","og_title":"Mit dem Strom schwimmen - Es lebe das Auto","og_description":"Viele reden vom komplizierten Umgang mit Elektroautos im Alltag und vom stets vakanten Reichweitenproblem - wir haben den Alltagstest mit einem Peugeot e-208 gemacht.","og_url":"https:\/\/www.eslebedasauto.at\/it\/mit-dem-strom-schwimmen\/","og_site_name":"Es lebe das Auto","article_publisher":"https:\/\/www.facebook.com\/eslebedasauto.at","article_published_time":"2023-11-20T17:02:59+00:00","article_modified_time":"2023-11-20T17:23:10+00:00","og_image":[{"width":2048,"height":1536,"url":"https:\/\/www.eslebedasauto.at\/wp-content\/uploads\/2023\/11\/IMG_5574.jpeg","type":"image\/jpeg"}],"author":"gerhard","twitter_card":"summary_large_image","twitter_misc":{"Scritto da":"gerhard","Tempo di lettura stimato":"8 minuti"},"schema":{"@context":"https:\/\/schema.org","@graph":[{"@type":"Article","@id":"https:\/\/www.eslebedasauto.at\/mit-dem-strom-schwimmen\/#article","isPartOf":{"@id":"https:\/\/www.eslebedasauto.at\/mit-dem-strom-schwimmen\/"},"author":{"name":"gerhard","@id":"https:\/\/www.eslebedasauto.at\/#\/schema\/person\/fb81218b0bed500d225ff518f9f17033"},"headline":"Mit dem Strom schwimmen","datePublished":"2023-11-20T17:02:59+00:00","dateModified":"2023-11-20T17:23:10+00:00","mainEntityOfPage":{"@id":"https:\/\/www.eslebedasauto.at\/mit-dem-strom-schwimmen\/"},"wordCount":953,"commentCount":0,"publisher":{"@id":"https:\/\/www.eslebedasauto.at\/#organization"},"image":{"@id":"https:\/\/www.eslebedasauto.at\/mit-dem-strom-schwimmen\/#primaryimage"},"thumbnailUrl":"https:\/\/www.eslebedasauto.at\/wp-content\/uploads\/2023\/11\/IMG_5574.jpeg","articleSection":["Electrofun","Fahrberichte","Shortmotornews"],"inLanguage":"it-IT","potentialAction":[{"@type":"CommentAction","name":"Comment","target":["https:\/\/www.eslebedasauto.at\/mit-dem-strom-schwimmen\/#respond"]}]},{"@type":"WebPage","@id":"https:\/\/www.eslebedasauto.at\/mit-dem-strom-schwimmen\/","url":"https:\/\/www.eslebedasauto.at\/mit-dem-strom-schwimmen\/","name":"Mit dem Strom schwimmen - Es lebe das Auto","isPartOf":{"@id":"https:\/\/www.eslebedasauto.at\/#website"},"primaryImageOfPage":{"@id":"https:\/\/www.eslebedasauto.at\/mit-dem-strom-schwimmen\/#primaryimage"},"image":{"@id":"https:\/\/www.eslebedasauto.at\/mit-dem-strom-schwimmen\/#primaryimage"},"thumbnailUrl":"https:\/\/www.eslebedasauto.at\/wp-content\/uploads\/2023\/11\/IMG_5574.jpeg","datePublished":"2023-11-20T17:02:59+00:00","dateModified":"2023-11-20T17:23:10+00:00","description":"Viele reden vom komplizierten Umgang mit Elektroautos im Alltag und vom stets vakanten Reichweitenproblem - wir haben den Alltagstest mit einem Peugeot e-208 gemacht.","breadcrumb":{"@id":"https:\/\/www.eslebedasauto.at\/mit-dem-strom-schwimmen\/#breadcrumb"},"inLanguage":"it-IT","potentialAction":[{"@type":"ReadAction","target":["https:\/\/www.eslebedasauto.at\/mit-dem-strom-schwimmen\/"]}]},{"@type":"ImageObject","inLanguage":"it-IT","@id":"https:\/\/www.eslebedasauto.at\/mit-dem-strom-schwimmen\/#primaryimage","url":"https:\/\/www.eslebedasauto.at\/wp-content\/uploads\/2023\/11\/IMG_5574.jpeg","contentUrl":"https:\/\/www.eslebedasauto.at\/wp-content\/uploads\/2023\/11\/IMG_5574.jpeg","width":2048,"height":1536},{"@type":"BreadcrumbList","@id":"https:\/\/www.eslebedasauto.at\/mit-dem-strom-schwimmen\/#breadcrumb","itemListElement":[{"@type":"ListItem","position":1,"name":"Startseite","item":"https:\/\/www.eslebedasauto.at\/"},{"@type":"ListItem","position":2,"name":"Mit dem Strom schwimmen"}]},{"@type":"WebSite","@id":"https:\/\/www.eslebedasauto.at\/#website","url":"https:\/\/www.eslebedasauto.at\/","name":"Es lebe das Auto","description":"ein Hoch auf den Individualverkehr","publisher":{"@id":"https:\/\/www.eslebedasauto.at\/#organization"},"potentialAction":[{"@type":"SearchAction","target":{"@type":"EntryPoint","urlTemplate":"https:\/\/www.eslebedasauto.at\/?s={search_term_string}"},"query-input":{"@type":"PropertyValueSpecification","valueRequired":true,"valueName":"search_term_string"}}],"inLanguage":"it-IT"},{"@type":"Organization","@id":"https:\/\/www.eslebedasauto.at\/#organization","name":"eslebedasauto","url":"https:\/\/www.eslebedasauto.at\/","logo":{"@type":"ImageObject","inLanguage":"it-IT","@id":"https:\/\/www.eslebedasauto.at\/#\/schema\/logo\/image\/","url":"https:\/\/www.eslebedasauto.at\/wp-content\/uploads\/2025\/10\/eldarund.png","contentUrl":"https:\/\/www.eslebedasauto.at\/wp-content\/uploads\/2025\/10\/eldarund.png","width":1024,"height":1024,"caption":"eslebedasauto"},"image":{"@id":"https:\/\/www.eslebedasauto.at\/#\/schema\/logo\/image\/"},"sameAs":["https:\/\/www.facebook.com\/eslebedasauto.at","https:\/\/www.instagram.com\/es_lebe_das_auto\/"]},{"@type":"Person","@id":"https:\/\/www.eslebedasauto.at\/#\/schema\/person\/fb81218b0bed500d225ff518f9f17033","name":"gerhard","url":"https:\/\/www.eslebedasauto.at\/it\/author\/gerhard\/"}]}},"_links":{"self":[{"href":"https:\/\/www.eslebedasauto.at\/it\/wp-json\/wp\/v2\/posts\/93983","targetHints":{"allow":["GET"]}}],"collection":[{"href":"https:\/\/www.eslebedasauto.at\/it\/wp-json\/wp\/v2\/posts"}],"about":[{"href":"https:\/\/www.eslebedasauto.at\/it\/wp-json\/wp\/v2\/types\/post"}],"author":[{"embeddable":true,"href":"https:\/\/www.eslebedasauto.at\/it\/wp-json\/wp\/v2\/users\/2"}],"replies":[{"embeddable":true,"href":"https:\/\/www.eslebedasauto.at\/it\/wp-json\/wp\/v2\/comments?post=93983"}],"version-history":[{"count":7,"href":"https:\/\/www.eslebedasauto.at\/it\/wp-json\/wp\/v2\/posts\/93983\/revisions"}],"predecessor-version":[{"id":94030,"href":"https:\/\/www.eslebedasauto.at\/it\/wp-json\/wp\/v2\/posts\/93983\/revisions\/94030"}],"wp:featuredmedia":[{"embeddable":true,"href":"https:\/\/www.eslebedasauto.at\/it\/wp-json\/wp\/v2\/media\/93992"}],"wp:attachment":[{"href":"https:\/\/www.eslebedasauto.at\/it\/wp-json\/wp\/v2\/media?parent=93983"}],"wp:term":[{"taxonomy":"category","embeddable":true,"href":"https:\/\/www.eslebedasauto.at\/it\/wp-json\/wp\/v2\/categories?post=93983"},{"taxonomy":"post_tag","embeddable":true,"href":"https:\/\/www.eslebedasauto.at\/it\/wp-json\/wp\/v2\/tags?post=93983"}],"curies":[{"name":"wp","href":"https:\/\/api.w.org\/{rel}","templated":true}]}}