{"id":93890,"date":"2023-11-06T09:54:40","date_gmt":"2023-11-06T08:54:40","guid":{"rendered":"https:\/\/www.eslebedasauto.at\/?p=93890"},"modified":"2023-11-06T09:56:13","modified_gmt":"2023-11-06T08:56:13","slug":"abarth-500e-cabrio-test","status":"publish","type":"post","link":"https:\/\/www.eslebedasauto.at\/it\/abarth-500e-cabrio-test\/","title":{"rendered":"Carlo unter Strom"},"content":{"rendered":"<h3 id=\"abarth-hat-seinen-funfhunderter-ins-elektrozeitalter-gebeamt\" class=\"wp-block-heading\">Abarth hat seinen F\u00fcnfhunderter ins Elektrozeitalter gebeamt. <\/h3>\n\n\n\n<figure class=\"wp-block-image size-large\"><img fetchpriority=\"high\" decoding=\"async\" width=\"1024\" height=\"768\" src=\"https:\/\/www.eslebedasauto.at\/wp-content\/uploads\/2023\/10\/IMG_5443-1024x768.jpeg\" alt=\"\" class=\"wp-image-93690\" srcset=\"https:\/\/www.eslebedasauto.at\/wp-content\/uploads\/2023\/10\/IMG_5443-1024x768.jpeg 1024w, https:\/\/www.eslebedasauto.at\/wp-content\/uploads\/2023\/10\/IMG_5443-300x225.jpeg 300w, https:\/\/www.eslebedasauto.at\/wp-content\/uploads\/2023\/10\/IMG_5443-768x576.jpeg 768w, https:\/\/www.eslebedasauto.at\/wp-content\/uploads\/2023\/10\/IMG_5443-1536x1152.jpeg 1536w, https:\/\/www.eslebedasauto.at\/wp-content\/uploads\/2023\/10\/IMG_5443-800x600.jpeg 800w, https:\/\/www.eslebedasauto.at\/wp-content\/uploads\/2023\/10\/IMG_5443-1160x870.jpeg 1160w, https:\/\/www.eslebedasauto.at\/wp-content\/uploads\/2023\/10\/IMG_5443.jpeg 2048w\" sizes=\"(max-width: 1024px) 100vw, 1024px\" \/><\/figure>\n\n\n\n<p>Blitzblau lackiert hockt unser Abarth 500E Testwagen vor der T\u00fcr. An der Front tr\u00e4gt er stolz den Schriftzug ABARTH, die Flanken zieren neongelb gef\u00e4rbte Skorpione. Die gro\u00dfen R\u00e4der schlie\u00dfen b\u00fcndig mit der Karosserie ab und f\u00fcllen die bauchigen Kotfl\u00fcgel gut aus. Die Optik des kleinen Autos ist den Italienern einfach herrlich bullig und pr\u00e4sent gelungen. <\/p>\n\n\n\n<figure class=\"wp-block-image size-large\"><img decoding=\"async\" width=\"1024\" height=\"768\" src=\"https:\/\/www.eslebedasauto.at\/wp-content\/uploads\/2023\/10\/IMG_5442-1024x768.jpeg\" alt=\"\" class=\"wp-image-93689\" srcset=\"https:\/\/www.eslebedasauto.at\/wp-content\/uploads\/2023\/10\/IMG_5442-1024x768.jpeg 1024w, https:\/\/www.eslebedasauto.at\/wp-content\/uploads\/2023\/10\/IMG_5442-300x225.jpeg 300w, https:\/\/www.eslebedasauto.at\/wp-content\/uploads\/2023\/10\/IMG_5442-768x576.jpeg 768w, https:\/\/www.eslebedasauto.at\/wp-content\/uploads\/2023\/10\/IMG_5442-1536x1152.jpeg 1536w, https:\/\/www.eslebedasauto.at\/wp-content\/uploads\/2023\/10\/IMG_5442-800x600.jpeg 800w, https:\/\/www.eslebedasauto.at\/wp-content\/uploads\/2023\/10\/IMG_5442-1160x870.jpeg 1160w, https:\/\/www.eslebedasauto.at\/wp-content\/uploads\/2023\/10\/IMG_5442.jpeg 2048w\" sizes=\"(max-width: 1024px) 100vw, 1024px\" \/><\/figure>\n\n\n\n<p><strong>Ebenso sportlich zeigt sich der Innenraum,<\/strong> dessen Herzst\u00fcck das feine, mit Alcantara bezogene Sportlenkrad ist. Das selbe Material findet man auch auf den packend geschnittenen Sitzen. Auch das Kombiinstrument hinterm Lenkrad hat jetzt Abarth Style &#8211; es \u00e4ndert sich je nach Fahrmodus. Einzig die Fahrtrichtungstasten wollen nicht so recht zum sportlichen Charakter passen &#8211; da h\u00e4tten wir uns einen handfesten W\u00e4hlhebel gew\u00fcnscht. Aber man kann nicht alles haben &#8230;<\/p>\n\n\n\n<figure class=\"wp-block-image size-large\"><img decoding=\"async\" width=\"1024\" height=\"768\" src=\"https:\/\/www.eslebedasauto.at\/wp-content\/uploads\/2023\/10\/IMG_5434-1024x768.jpeg\" alt=\"\" class=\"wp-image-93681\" srcset=\"https:\/\/www.eslebedasauto.at\/wp-content\/uploads\/2023\/10\/IMG_5434-1024x768.jpeg 1024w, https:\/\/www.eslebedasauto.at\/wp-content\/uploads\/2023\/10\/IMG_5434-300x225.jpeg 300w, https:\/\/www.eslebedasauto.at\/wp-content\/uploads\/2023\/10\/IMG_5434-768x576.jpeg 768w, https:\/\/www.eslebedasauto.at\/wp-content\/uploads\/2023\/10\/IMG_5434-1536x1152.jpeg 1536w, https:\/\/www.eslebedasauto.at\/wp-content\/uploads\/2023\/10\/IMG_5434-800x600.jpeg 800w, https:\/\/www.eslebedasauto.at\/wp-content\/uploads\/2023\/10\/IMG_5434-1160x870.jpeg 1160w, https:\/\/www.eslebedasauto.at\/wp-content\/uploads\/2023\/10\/IMG_5434.jpeg 2048w\" sizes=\"(max-width: 1024px) 100vw, 1024px\" \/><\/figure>\n\n\n\n<p><strong>Der kleine Abarth 500E hat alles, wonach sich die Fans der sportlichen Fiat-Tochter sehnen: <\/strong>Tolle Optik, ordentlich Power und sogar einen bei Bedarf brabbelnden \u201eMotorsound\u201c. Schlie\u00dflich z\u00e4hlt satter Sound zu den wichtigsten Kaufkriterien. Abarth war das bewusst, deshalb montierten sie einfach einen Lautsprecher im Wagenboden, der k\u00fcnstlich auf V8 macht. Das macht beim ersten Ausprobieren durchaus Spa\u00df, dennoch kennen wir niemanden, der den Sound nicht nach wenigen Kilometer deaktiviert h\u00e4tte. Erstens nervt das Ger\u00e4usch dann doch und zweitens braucht der Abarth 500E einfach keine akustische Unterst\u00fctzung &#8211; er funktioniert auch leise sehr gut.<\/p>\n\n\n\n<figure class=\"wp-block-image size-large\"><img loading=\"lazy\" decoding=\"async\" width=\"1024\" height=\"768\" src=\"https:\/\/www.eslebedasauto.at\/wp-content\/uploads\/2023\/10\/IMG_5431-1024x768.jpeg\" alt=\"\" class=\"wp-image-93678\" srcset=\"https:\/\/www.eslebedasauto.at\/wp-content\/uploads\/2023\/10\/IMG_5431-1024x768.jpeg 1024w, https:\/\/www.eslebedasauto.at\/wp-content\/uploads\/2023\/10\/IMG_5431-300x225.jpeg 300w, https:\/\/www.eslebedasauto.at\/wp-content\/uploads\/2023\/10\/IMG_5431-768x576.jpeg 768w, https:\/\/www.eslebedasauto.at\/wp-content\/uploads\/2023\/10\/IMG_5431-1536x1152.jpeg 1536w, https:\/\/www.eslebedasauto.at\/wp-content\/uploads\/2023\/10\/IMG_5431-800x600.jpeg 800w, https:\/\/www.eslebedasauto.at\/wp-content\/uploads\/2023\/10\/IMG_5431-1160x870.jpeg 1160w, https:\/\/www.eslebedasauto.at\/wp-content\/uploads\/2023\/10\/IMG_5431.jpeg 2048w\" sizes=\"(max-width: 1024px) 100vw, 1024px\" \/><\/figure>\n\n\n\n<figure class=\"wp-block-gallery has-nested-images columns-default is-cropped wp-block-gallery-1 is-layout-flex wp-block-gallery-is-layout-flex\">\n<figure class=\"wp-block-image size-large\"><img loading=\"lazy\" decoding=\"async\" width=\"1024\" height=\"768\" data-id=\"93679\" src=\"https:\/\/www.eslebedasauto.at\/wp-content\/uploads\/2023\/10\/IMG_5432-1024x768.jpeg\" alt=\"\" class=\"wp-image-93679\" srcset=\"https:\/\/www.eslebedasauto.at\/wp-content\/uploads\/2023\/10\/IMG_5432-1024x768.jpeg 1024w, https:\/\/www.eslebedasauto.at\/wp-content\/uploads\/2023\/10\/IMG_5432-300x225.jpeg 300w, https:\/\/www.eslebedasauto.at\/wp-content\/uploads\/2023\/10\/IMG_5432-768x576.jpeg 768w, https:\/\/www.eslebedasauto.at\/wp-content\/uploads\/2023\/10\/IMG_5432-1536x1152.jpeg 1536w, https:\/\/www.eslebedasauto.at\/wp-content\/uploads\/2023\/10\/IMG_5432-800x600.jpeg 800w, https:\/\/www.eslebedasauto.at\/wp-content\/uploads\/2023\/10\/IMG_5432-1160x870.jpeg 1160w, https:\/\/www.eslebedasauto.at\/wp-content\/uploads\/2023\/10\/IMG_5432.jpeg 2048w\" sizes=\"(max-width: 1024px) 100vw, 1024px\" \/><\/figure>\n\n\n\n<figure class=\"wp-block-image size-large\"><img loading=\"lazy\" decoding=\"async\" width=\"1024\" height=\"768\" data-id=\"93677\" src=\"https:\/\/www.eslebedasauto.at\/wp-content\/uploads\/2023\/10\/IMG_5430-1024x768.jpeg\" alt=\"\" class=\"wp-image-93677\" srcset=\"https:\/\/www.eslebedasauto.at\/wp-content\/uploads\/2023\/10\/IMG_5430-1024x768.jpeg 1024w, https:\/\/www.eslebedasauto.at\/wp-content\/uploads\/2023\/10\/IMG_5430-300x225.jpeg 300w, https:\/\/www.eslebedasauto.at\/wp-content\/uploads\/2023\/10\/IMG_5430-768x576.jpeg 768w, https:\/\/www.eslebedasauto.at\/wp-content\/uploads\/2023\/10\/IMG_5430-1536x1152.jpeg 1536w, https:\/\/www.eslebedasauto.at\/wp-content\/uploads\/2023\/10\/IMG_5430-800x600.jpeg 800w, https:\/\/www.eslebedasauto.at\/wp-content\/uploads\/2023\/10\/IMG_5430-1160x870.jpeg 1160w, https:\/\/www.eslebedasauto.at\/wp-content\/uploads\/2023\/10\/IMG_5430.jpeg 2048w\" sizes=\"(max-width: 1024px) 100vw, 1024px\" \/><\/figure>\n<\/figure>\n\n\n\n<p><strong>Seine 155 PS bef\u00f6rdern den Kleinwagen in exakt sieben Sekunden von Null auf Hundert.<\/strong> Eingefangen wird er dann elektronisch bei Tempo 155. Somit ist er f\u00fcnf km\/h schneller als der Basis-500E. Der vorne eingepflanzte Elektromotor ist im Grunde mit diesem identisch, allerdings verf\u00fcgt die Abarth-Version \u00fcber eine andere Steuerungssoftware sowie Getriebe\u00fcbersetzung. <\/p>\n\n\n\n<figure class=\"wp-block-image size-large\"><img loading=\"lazy\" decoding=\"async\" width=\"1024\" height=\"768\" src=\"https:\/\/www.eslebedasauto.at\/wp-content\/uploads\/2023\/10\/IMG_5489-1024x768.jpeg\" alt=\"\" class=\"wp-image-93691\" srcset=\"https:\/\/www.eslebedasauto.at\/wp-content\/uploads\/2023\/10\/IMG_5489-1024x768.jpeg 1024w, https:\/\/www.eslebedasauto.at\/wp-content\/uploads\/2023\/10\/IMG_5489-300x225.jpeg 300w, https:\/\/www.eslebedasauto.at\/wp-content\/uploads\/2023\/10\/IMG_5489-768x576.jpeg 768w, https:\/\/www.eslebedasauto.at\/wp-content\/uploads\/2023\/10\/IMG_5489-1536x1152.jpeg 1536w, https:\/\/www.eslebedasauto.at\/wp-content\/uploads\/2023\/10\/IMG_5489-800x600.jpeg 800w, https:\/\/www.eslebedasauto.at\/wp-content\/uploads\/2023\/10\/IMG_5489-1160x870.jpeg 1160w, https:\/\/www.eslebedasauto.at\/wp-content\/uploads\/2023\/10\/IMG_5489.jpeg 2048w\" sizes=\"(max-width: 1024px) 100vw, 1024px\" \/><\/figure>\n\n\n\n<p><strong>Die maximale Reichweite liegt bei \u00fcberschaubaren 265 Kilometern (WLTP).<\/strong> Im Falle des Abarth 500E w\u00fcrden wir diesen Wert aber vernachl\u00e4ssigen, schlie\u00dflich wird so ein Auto wohl auch nie f\u00fcr Langstreckenfahrten hergenommen &#8211; da reichen auch die von uns erfahrenen rund 200 Kilometer. Seine Eins\u00e4tze als Zweitauto werden sich in der Regel auf kurze aber heftige Ausfl\u00fcge ins kurvige Umland beschr\u00e4nken. F\u00fcr sowas ist er gebaut und das macht er perfekt.<\/p>\n\n\n\n<figure class=\"wp-block-gallery has-nested-images columns-default is-cropped wp-block-gallery-2 is-layout-flex wp-block-gallery-is-layout-flex\">\n<figure class=\"wp-block-image size-large\"><img loading=\"lazy\" decoding=\"async\" width=\"768\" height=\"1024\" data-id=\"93683\" src=\"https:\/\/www.eslebedasauto.at\/wp-content\/uploads\/2023\/10\/IMG_5440-768x1024.jpeg\" alt=\"\" class=\"wp-image-93683\" srcset=\"https:\/\/www.eslebedasauto.at\/wp-content\/uploads\/2023\/10\/IMG_5440-768x1024.jpeg 768w, https:\/\/www.eslebedasauto.at\/wp-content\/uploads\/2023\/10\/IMG_5440-225x300.jpeg 225w, https:\/\/www.eslebedasauto.at\/wp-content\/uploads\/2023\/10\/IMG_5440-1152x1536.jpeg 1152w, https:\/\/www.eslebedasauto.at\/wp-content\/uploads\/2023\/10\/IMG_5440-800x1067.jpeg 800w, https:\/\/www.eslebedasauto.at\/wp-content\/uploads\/2023\/10\/IMG_5440-1160x1547.jpeg 1160w, https:\/\/www.eslebedasauto.at\/wp-content\/uploads\/2023\/10\/IMG_5440.jpeg 1536w\" sizes=\"(max-width: 768px) 100vw, 768px\" \/><\/figure>\n\n\n\n<figure class=\"wp-block-image size-large\"><img loading=\"lazy\" decoding=\"async\" width=\"768\" height=\"1024\" data-id=\"93682\" src=\"https:\/\/www.eslebedasauto.at\/wp-content\/uploads\/2023\/10\/IMG_5439-768x1024.jpeg\" alt=\"\" class=\"wp-image-93682\" srcset=\"https:\/\/www.eslebedasauto.at\/wp-content\/uploads\/2023\/10\/IMG_5439-768x1024.jpeg 768w, https:\/\/www.eslebedasauto.at\/wp-content\/uploads\/2023\/10\/IMG_5439-225x300.jpeg 225w, https:\/\/www.eslebedasauto.at\/wp-content\/uploads\/2023\/10\/IMG_5439-1152x1536.jpeg 1152w, https:\/\/www.eslebedasauto.at\/wp-content\/uploads\/2023\/10\/IMG_5439-800x1067.jpeg 800w, https:\/\/www.eslebedasauto.at\/wp-content\/uploads\/2023\/10\/IMG_5439-1160x1547.jpeg 1160w, https:\/\/www.eslebedasauto.at\/wp-content\/uploads\/2023\/10\/IMG_5439.jpeg 1536w\" sizes=\"(max-width: 768px) 100vw, 768px\" \/><\/figure>\n\n\n\n<figure class=\"wp-block-image size-large\"><img loading=\"lazy\" decoding=\"async\" width=\"1024\" height=\"768\" data-id=\"93676\" src=\"https:\/\/www.eslebedasauto.at\/wp-content\/uploads\/2023\/10\/IMG_5428-1024x768.jpeg\" alt=\"\" class=\"wp-image-93676\" srcset=\"https:\/\/www.eslebedasauto.at\/wp-content\/uploads\/2023\/10\/IMG_5428-1024x768.jpeg 1024w, https:\/\/www.eslebedasauto.at\/wp-content\/uploads\/2023\/10\/IMG_5428-300x225.jpeg 300w, https:\/\/www.eslebedasauto.at\/wp-content\/uploads\/2023\/10\/IMG_5428-768x576.jpeg 768w, https:\/\/www.eslebedasauto.at\/wp-content\/uploads\/2023\/10\/IMG_5428-1536x1152.jpeg 1536w, https:\/\/www.eslebedasauto.at\/wp-content\/uploads\/2023\/10\/IMG_5428-800x600.jpeg 800w, https:\/\/www.eslebedasauto.at\/wp-content\/uploads\/2023\/10\/IMG_5428-1160x870.jpeg 1160w, https:\/\/www.eslebedasauto.at\/wp-content\/uploads\/2023\/10\/IMG_5428.jpeg 2048w\" sizes=\"(max-width: 1024px) 100vw, 1024px\" \/><\/figure>\n<\/figure>\n\n\n\n<p><strong>Der elektrische Abarth tritt aus niedrigen Geschwindigkeiten im Vergleich zu seinen verbrennenden Br\u00fcdern nochmals bissiger an<\/strong>, obwohl er mit seinen 1,4 Tonnen etwa 240 Kilogramm schwerer ist. Das Mehrgewicht hat aber den Vorteil, dass er deutlich weniger hoppelig unterwegs ist &#8211; der 42 kWh-Akku im Wagenboden erdet das Fahrzeug und sorgt f\u00fcr dadurch f\u00fcr eine harmonische Kurvenlage sowie tolle Handlichkeit. Zudem arbeitet die Lenkung sehr pr\u00e4zise. Der Abarth umrundet Kurven stets sicher und ist frei von jenen Lastwechselreaktionen, f\u00fcr die der Benziner bekannt war. <strong>Was Abarth au\u00dferdem gut gelungen ist, ist die Abstimmung des Fahrwerks.<\/strong> Der Abarth 500E liegt zwar gewohnt straff, legt dabei aber trotzdem einen noch alltagtauglichen Restkomfort an den Tag. <\/p>\n\n\n\n<figure class=\"wp-block-gallery has-nested-images columns-default is-cropped wp-block-gallery-3 is-layout-flex wp-block-gallery-is-layout-flex\">\n<figure class=\"wp-block-image size-large\"><img loading=\"lazy\" decoding=\"async\" width=\"1024\" height=\"768\" data-id=\"93684\" src=\"https:\/\/www.eslebedasauto.at\/wp-content\/uploads\/2023\/10\/IMG_5444-1024x768.jpeg\" alt=\"\" class=\"wp-image-93684\" srcset=\"https:\/\/www.eslebedasauto.at\/wp-content\/uploads\/2023\/10\/IMG_5444-1024x768.jpeg 1024w, https:\/\/www.eslebedasauto.at\/wp-content\/uploads\/2023\/10\/IMG_5444-300x225.jpeg 300w, https:\/\/www.eslebedasauto.at\/wp-content\/uploads\/2023\/10\/IMG_5444-768x576.jpeg 768w, https:\/\/www.eslebedasauto.at\/wp-content\/uploads\/2023\/10\/IMG_5444-1536x1152.jpeg 1536w, https:\/\/www.eslebedasauto.at\/wp-content\/uploads\/2023\/10\/IMG_5444-800x600.jpeg 800w, https:\/\/www.eslebedasauto.at\/wp-content\/uploads\/2023\/10\/IMG_5444-1160x870.jpeg 1160w, https:\/\/www.eslebedasauto.at\/wp-content\/uploads\/2023\/10\/IMG_5444.jpeg 2048w\" sizes=\"(max-width: 1024px) 100vw, 1024px\" \/><\/figure>\n\n\n\n<figure class=\"wp-block-image size-large\"><img loading=\"lazy\" decoding=\"async\" width=\"1024\" height=\"768\" data-id=\"93675\" src=\"https:\/\/www.eslebedasauto.at\/wp-content\/uploads\/2023\/10\/IMG_5427-1024x768.jpeg\" alt=\"\" class=\"wp-image-93675\" srcset=\"https:\/\/www.eslebedasauto.at\/wp-content\/uploads\/2023\/10\/IMG_5427-1024x768.jpeg 1024w, https:\/\/www.eslebedasauto.at\/wp-content\/uploads\/2023\/10\/IMG_5427-300x225.jpeg 300w, https:\/\/www.eslebedasauto.at\/wp-content\/uploads\/2023\/10\/IMG_5427-768x576.jpeg 768w, https:\/\/www.eslebedasauto.at\/wp-content\/uploads\/2023\/10\/IMG_5427-1536x1152.jpeg 1536w, https:\/\/www.eslebedasauto.at\/wp-content\/uploads\/2023\/10\/IMG_5427-800x600.jpeg 800w, https:\/\/www.eslebedasauto.at\/wp-content\/uploads\/2023\/10\/IMG_5427-1160x870.jpeg 1160w, https:\/\/www.eslebedasauto.at\/wp-content\/uploads\/2023\/10\/IMG_5427.jpeg 2048w\" sizes=\"(max-width: 1024px) 100vw, 1024px\" \/><\/figure>\n<\/figure>\n\n\n\n<p>Erh\u00e4ltlich ist der Abarth 500E sowohl als Limousine als auch als Cabrio &#8211; die Preise starten bei 38.200 Euro. Die von uns getestete offene Variante kostet 3000 Euro mehr. <\/p>\n\n\n\n<figure class=\"wp-block-image size-large\"><img loading=\"lazy\" decoding=\"async\" width=\"1024\" height=\"768\" src=\"https:\/\/www.eslebedasauto.at\/wp-content\/uploads\/2023\/10\/IMG_5425-1024x768.jpeg\" alt=\"\" class=\"wp-image-93674\" srcset=\"https:\/\/www.eslebedasauto.at\/wp-content\/uploads\/2023\/10\/IMG_5425-1024x768.jpeg 1024w, https:\/\/www.eslebedasauto.at\/wp-content\/uploads\/2023\/10\/IMG_5425-300x225.jpeg 300w, https:\/\/www.eslebedasauto.at\/wp-content\/uploads\/2023\/10\/IMG_5425-768x576.jpeg 768w, https:\/\/www.eslebedasauto.at\/wp-content\/uploads\/2023\/10\/IMG_5425-1536x1152.jpeg 1536w, https:\/\/www.eslebedasauto.at\/wp-content\/uploads\/2023\/10\/IMG_5425-800x600.jpeg 800w, https:\/\/www.eslebedasauto.at\/wp-content\/uploads\/2023\/10\/IMG_5425-1160x870.jpeg 1160w, https:\/\/www.eslebedasauto.at\/wp-content\/uploads\/2023\/10\/IMG_5425.jpeg 2048w\" sizes=\"(max-width: 1024px) 100vw, 1024px\" \/><\/figure>\n\n\n\n<p><strong>Daten Fakten Abarth 500E Cabrio<br><\/strong>Antrieb: E-Motor<br>Leistung: 155 PS<br>Drehmoment: 265 Nm<br>Vmax: 155 km\/h<br>0 &#8211; 100 km\/h: 7,0 Sek.<br>WLTP-Reichweite: 265 km<br>Test-Reichweite: 200 km<br>Preis: ab 41.200 Euro<\/p>","protected":false},"excerpt":{"rendered":"<p>Wer sich einen Abarth 500E zulegt, der sucht eindeutig Fahrspa\u00df und nicht Reichweite. Und diesen Spa\u00df serviert der Kleinwagen einfach perfekt.<\/p>","protected":false},"author":2,"featured_media":93688,"comment_status":"open","ping_status":"open","sticky":false,"template":"","format":"standard","meta":{"neve_meta_sidebar":"","neve_meta_container":"","neve_meta_enable_content_width":"","neve_meta_content_width":0,"neve_meta_title_alignment":"","neve_meta_author_avatar":"","neve_post_elements_order":"","neve_meta_disable_header":"","neve_meta_disable_footer":"","neve_meta_disable_title":"","neve_meta_reading_time":"","footnotes":""},"categories":[555,335,598],"tags":[],"class_list":["post-93890","post","type-post","status-publish","format-standard","has-post-thumbnail","hentry","category-electrofun","category-fahrberichte","category-shortmotornews"],"yoast_head":"<!-- This site is optimized with the Yoast SEO plugin v26.8 - https:\/\/yoast.com\/product\/yoast-seo-wordpress\/ -->\n<title>Carlo unter Strom - Es lebe das Auto<\/title>\n<meta name=\"description\" content=\"Wer sich einen Abarth 500E zulegt, der sucht eindeutig Fahrspa\u00df und nicht Reichweite. Und diesen Spa\u00df serviert der Kleinwagen einfach perfekt.\" \/>\n<meta name=\"robots\" content=\"index, follow, max-snippet:-1, max-image-preview:large, max-video-preview:-1\" \/>\n<link rel=\"canonical\" href=\"https:\/\/www.eslebedasauto.at\/it\/abarth-500e-cabrio-test\/\" \/>\n<meta property=\"og:locale\" content=\"it_IT\" \/>\n<meta property=\"og:type\" content=\"article\" \/>\n<meta property=\"og:title\" content=\"Carlo unter Strom - Es lebe das Auto\" \/>\n<meta property=\"og:description\" content=\"Wer sich einen Abarth 500E zulegt, der sucht eindeutig Fahrspa\u00df und nicht Reichweite. Und diesen Spa\u00df serviert der Kleinwagen einfach perfekt.\" \/>\n<meta property=\"og:url\" content=\"https:\/\/www.eslebedasauto.at\/it\/abarth-500e-cabrio-test\/\" \/>\n<meta property=\"og:site_name\" content=\"Es lebe das Auto\" \/>\n<meta property=\"article:publisher\" content=\"https:\/\/www.facebook.com\/eslebedasauto.at\" \/>\n<meta property=\"article:published_time\" content=\"2023-11-06T08:54:40+00:00\" \/>\n<meta property=\"article:modified_time\" content=\"2023-11-06T08:56:13+00:00\" \/>\n<meta property=\"og:image\" content=\"https:\/\/www.eslebedasauto.at\/wp-content\/uploads\/2023\/10\/IMG_5437.jpeg\" \/>\n\t<meta property=\"og:image:width\" content=\"2048\" \/>\n\t<meta property=\"og:image:height\" content=\"1536\" \/>\n\t<meta property=\"og:image:type\" content=\"image\/jpeg\" \/>\n<meta name=\"author\" content=\"gerhard\" \/>\n<meta name=\"twitter:card\" content=\"summary_large_image\" \/>\n<meta name=\"twitter:label1\" content=\"Scritto da\" \/>\n\t<meta name=\"twitter:data1\" content=\"gerhard\" \/>\n\t<meta name=\"twitter:label2\" content=\"Tempo di lettura stimato\" \/>\n\t<meta name=\"twitter:data2\" content=\"6 minuti\" \/>\n<script type=\"application\/ld+json\" class=\"yoast-schema-graph\">{\"@context\":\"https:\/\/schema.org\",\"@graph\":[{\"@type\":\"Article\",\"@id\":\"https:\/\/www.eslebedasauto.at\/abarth-500e-cabrio-test\/#article\",\"isPartOf\":{\"@id\":\"https:\/\/www.eslebedasauto.at\/abarth-500e-cabrio-test\/\"},\"author\":{\"name\":\"gerhard\",\"@id\":\"https:\/\/www.eslebedasauto.at\/#\/schema\/person\/fb81218b0bed500d225ff518f9f17033\"},\"headline\":\"Carlo unter Strom\",\"datePublished\":\"2023-11-06T08:54:40+00:00\",\"dateModified\":\"2023-11-06T08:56:13+00:00\",\"mainEntityOfPage\":{\"@id\":\"https:\/\/www.eslebedasauto.at\/abarth-500e-cabrio-test\/\"},\"wordCount\":542,\"commentCount\":0,\"publisher\":{\"@id\":\"https:\/\/www.eslebedasauto.at\/#organization\"},\"image\":{\"@id\":\"https:\/\/www.eslebedasauto.at\/abarth-500e-cabrio-test\/#primaryimage\"},\"thumbnailUrl\":\"https:\/\/www.eslebedasauto.at\/wp-content\/uploads\/2023\/10\/IMG_5437.jpeg\",\"articleSection\":[\"Electrofun\",\"Fahrberichte\",\"Shortmotornews\"],\"inLanguage\":\"it-IT\",\"potentialAction\":[{\"@type\":\"CommentAction\",\"name\":\"Comment\",\"target\":[\"https:\/\/www.eslebedasauto.at\/abarth-500e-cabrio-test\/#respond\"]}]},{\"@type\":\"WebPage\",\"@id\":\"https:\/\/www.eslebedasauto.at\/abarth-500e-cabrio-test\/\",\"url\":\"https:\/\/www.eslebedasauto.at\/abarth-500e-cabrio-test\/\",\"name\":\"Carlo unter Strom - Es lebe das Auto\",\"isPartOf\":{\"@id\":\"https:\/\/www.eslebedasauto.at\/#website\"},\"primaryImageOfPage\":{\"@id\":\"https:\/\/www.eslebedasauto.at\/abarth-500e-cabrio-test\/#primaryimage\"},\"image\":{\"@id\":\"https:\/\/www.eslebedasauto.at\/abarth-500e-cabrio-test\/#primaryimage\"},\"thumbnailUrl\":\"https:\/\/www.eslebedasauto.at\/wp-content\/uploads\/2023\/10\/IMG_5437.jpeg\",\"datePublished\":\"2023-11-06T08:54:40+00:00\",\"dateModified\":\"2023-11-06T08:56:13+00:00\",\"description\":\"Wer sich einen Abarth 500E zulegt, der sucht eindeutig Fahrspa\u00df und nicht Reichweite. Und diesen Spa\u00df serviert der Kleinwagen einfach perfekt.\",\"breadcrumb\":{\"@id\":\"https:\/\/www.eslebedasauto.at\/abarth-500e-cabrio-test\/#breadcrumb\"},\"inLanguage\":\"it-IT\",\"potentialAction\":[{\"@type\":\"ReadAction\",\"target\":[\"https:\/\/www.eslebedasauto.at\/abarth-500e-cabrio-test\/\"]}]},{\"@type\":\"ImageObject\",\"inLanguage\":\"it-IT\",\"@id\":\"https:\/\/www.eslebedasauto.at\/abarth-500e-cabrio-test\/#primaryimage\",\"url\":\"https:\/\/www.eslebedasauto.at\/wp-content\/uploads\/2023\/10\/IMG_5437.jpeg\",\"contentUrl\":\"https:\/\/www.eslebedasauto.at\/wp-content\/uploads\/2023\/10\/IMG_5437.jpeg\",\"width\":2048,\"height\":1536},{\"@type\":\"BreadcrumbList\",\"@id\":\"https:\/\/www.eslebedasauto.at\/abarth-500e-cabrio-test\/#breadcrumb\",\"itemListElement\":[{\"@type\":\"ListItem\",\"position\":1,\"name\":\"Startseite\",\"item\":\"https:\/\/www.eslebedasauto.at\/\"},{\"@type\":\"ListItem\",\"position\":2,\"name\":\"Carlo unter Strom\"}]},{\"@type\":\"WebSite\",\"@id\":\"https:\/\/www.eslebedasauto.at\/#website\",\"url\":\"https:\/\/www.eslebedasauto.at\/\",\"name\":\"Es lebe das Auto\",\"description\":\"ein Hoch auf den Individualverkehr\",\"publisher\":{\"@id\":\"https:\/\/www.eslebedasauto.at\/#organization\"},\"potentialAction\":[{\"@type\":\"SearchAction\",\"target\":{\"@type\":\"EntryPoint\",\"urlTemplate\":\"https:\/\/www.eslebedasauto.at\/?s={search_term_string}\"},\"query-input\":{\"@type\":\"PropertyValueSpecification\",\"valueRequired\":true,\"valueName\":\"search_term_string\"}}],\"inLanguage\":\"it-IT\"},{\"@type\":\"Organization\",\"@id\":\"https:\/\/www.eslebedasauto.at\/#organization\",\"name\":\"eslebedasauto\",\"url\":\"https:\/\/www.eslebedasauto.at\/\",\"logo\":{\"@type\":\"ImageObject\",\"inLanguage\":\"it-IT\",\"@id\":\"https:\/\/www.eslebedasauto.at\/#\/schema\/logo\/image\/\",\"url\":\"https:\/\/www.eslebedasauto.at\/wp-content\/uploads\/2025\/10\/eldarund.png\",\"contentUrl\":\"https:\/\/www.eslebedasauto.at\/wp-content\/uploads\/2025\/10\/eldarund.png\",\"width\":1024,\"height\":1024,\"caption\":\"eslebedasauto\"},\"image\":{\"@id\":\"https:\/\/www.eslebedasauto.at\/#\/schema\/logo\/image\/\"},\"sameAs\":[\"https:\/\/www.facebook.com\/eslebedasauto.at\",\"https:\/\/www.instagram.com\/es_lebe_das_auto\/\"]},{\"@type\":\"Person\",\"@id\":\"https:\/\/www.eslebedasauto.at\/#\/schema\/person\/fb81218b0bed500d225ff518f9f17033\",\"name\":\"gerhard\",\"url\":\"https:\/\/www.eslebedasauto.at\/it\/author\/gerhard\/\"}]}<\/script>\n<!-- \/ Yoast SEO plugin. -->","yoast_head_json":{"title":"Carlo unter Strom - Es lebe das Auto","description":"Wer sich einen Abarth 500E zulegt, der sucht eindeutig Fahrspa\u00df und nicht Reichweite. Und diesen Spa\u00df serviert der Kleinwagen einfach perfekt.","robots":{"index":"index","follow":"follow","max-snippet":"max-snippet:-1","max-image-preview":"max-image-preview:large","max-video-preview":"max-video-preview:-1"},"canonical":"https:\/\/www.eslebedasauto.at\/it\/abarth-500e-cabrio-test\/","og_locale":"it_IT","og_type":"article","og_title":"Carlo unter Strom - Es lebe das Auto","og_description":"Wer sich einen Abarth 500E zulegt, der sucht eindeutig Fahrspa\u00df und nicht Reichweite. Und diesen Spa\u00df serviert der Kleinwagen einfach perfekt.","og_url":"https:\/\/www.eslebedasauto.at\/it\/abarth-500e-cabrio-test\/","og_site_name":"Es lebe das Auto","article_publisher":"https:\/\/www.facebook.com\/eslebedasauto.at","article_published_time":"2023-11-06T08:54:40+00:00","article_modified_time":"2023-11-06T08:56:13+00:00","og_image":[{"width":2048,"height":1536,"url":"https:\/\/www.eslebedasauto.at\/wp-content\/uploads\/2023\/10\/IMG_5437.jpeg","type":"image\/jpeg"}],"author":"gerhard","twitter_card":"summary_large_image","twitter_misc":{"Scritto da":"gerhard","Tempo di lettura stimato":"6 minuti"},"schema":{"@context":"https:\/\/schema.org","@graph":[{"@type":"Article","@id":"https:\/\/www.eslebedasauto.at\/abarth-500e-cabrio-test\/#article","isPartOf":{"@id":"https:\/\/www.eslebedasauto.at\/abarth-500e-cabrio-test\/"},"author":{"name":"gerhard","@id":"https:\/\/www.eslebedasauto.at\/#\/schema\/person\/fb81218b0bed500d225ff518f9f17033"},"headline":"Carlo unter Strom","datePublished":"2023-11-06T08:54:40+00:00","dateModified":"2023-11-06T08:56:13+00:00","mainEntityOfPage":{"@id":"https:\/\/www.eslebedasauto.at\/abarth-500e-cabrio-test\/"},"wordCount":542,"commentCount":0,"publisher":{"@id":"https:\/\/www.eslebedasauto.at\/#organization"},"image":{"@id":"https:\/\/www.eslebedasauto.at\/abarth-500e-cabrio-test\/#primaryimage"},"thumbnailUrl":"https:\/\/www.eslebedasauto.at\/wp-content\/uploads\/2023\/10\/IMG_5437.jpeg","articleSection":["Electrofun","Fahrberichte","Shortmotornews"],"inLanguage":"it-IT","potentialAction":[{"@type":"CommentAction","name":"Comment","target":["https:\/\/www.eslebedasauto.at\/abarth-500e-cabrio-test\/#respond"]}]},{"@type":"WebPage","@id":"https:\/\/www.eslebedasauto.at\/abarth-500e-cabrio-test\/","url":"https:\/\/www.eslebedasauto.at\/abarth-500e-cabrio-test\/","name":"Carlo unter Strom - Es lebe das Auto","isPartOf":{"@id":"https:\/\/www.eslebedasauto.at\/#website"},"primaryImageOfPage":{"@id":"https:\/\/www.eslebedasauto.at\/abarth-500e-cabrio-test\/#primaryimage"},"image":{"@id":"https:\/\/www.eslebedasauto.at\/abarth-500e-cabrio-test\/#primaryimage"},"thumbnailUrl":"https:\/\/www.eslebedasauto.at\/wp-content\/uploads\/2023\/10\/IMG_5437.jpeg","datePublished":"2023-11-06T08:54:40+00:00","dateModified":"2023-11-06T08:56:13+00:00","description":"Wer sich einen Abarth 500E zulegt, der sucht eindeutig Fahrspa\u00df und nicht Reichweite. Und diesen Spa\u00df serviert der Kleinwagen einfach perfekt.","breadcrumb":{"@id":"https:\/\/www.eslebedasauto.at\/abarth-500e-cabrio-test\/#breadcrumb"},"inLanguage":"it-IT","potentialAction":[{"@type":"ReadAction","target":["https:\/\/www.eslebedasauto.at\/abarth-500e-cabrio-test\/"]}]},{"@type":"ImageObject","inLanguage":"it-IT","@id":"https:\/\/www.eslebedasauto.at\/abarth-500e-cabrio-test\/#primaryimage","url":"https:\/\/www.eslebedasauto.at\/wp-content\/uploads\/2023\/10\/IMG_5437.jpeg","contentUrl":"https:\/\/www.eslebedasauto.at\/wp-content\/uploads\/2023\/10\/IMG_5437.jpeg","width":2048,"height":1536},{"@type":"BreadcrumbList","@id":"https:\/\/www.eslebedasauto.at\/abarth-500e-cabrio-test\/#breadcrumb","itemListElement":[{"@type":"ListItem","position":1,"name":"Startseite","item":"https:\/\/www.eslebedasauto.at\/"},{"@type":"ListItem","position":2,"name":"Carlo unter Strom"}]},{"@type":"WebSite","@id":"https:\/\/www.eslebedasauto.at\/#website","url":"https:\/\/www.eslebedasauto.at\/","name":"Es lebe das Auto","description":"ein Hoch auf den Individualverkehr","publisher":{"@id":"https:\/\/www.eslebedasauto.at\/#organization"},"potentialAction":[{"@type":"SearchAction","target":{"@type":"EntryPoint","urlTemplate":"https:\/\/www.eslebedasauto.at\/?s={search_term_string}"},"query-input":{"@type":"PropertyValueSpecification","valueRequired":true,"valueName":"search_term_string"}}],"inLanguage":"it-IT"},{"@type":"Organization","@id":"https:\/\/www.eslebedasauto.at\/#organization","name":"eslebedasauto","url":"https:\/\/www.eslebedasauto.at\/","logo":{"@type":"ImageObject","inLanguage":"it-IT","@id":"https:\/\/www.eslebedasauto.at\/#\/schema\/logo\/image\/","url":"https:\/\/www.eslebedasauto.at\/wp-content\/uploads\/2025\/10\/eldarund.png","contentUrl":"https:\/\/www.eslebedasauto.at\/wp-content\/uploads\/2025\/10\/eldarund.png","width":1024,"height":1024,"caption":"eslebedasauto"},"image":{"@id":"https:\/\/www.eslebedasauto.at\/#\/schema\/logo\/image\/"},"sameAs":["https:\/\/www.facebook.com\/eslebedasauto.at","https:\/\/www.instagram.com\/es_lebe_das_auto\/"]},{"@type":"Person","@id":"https:\/\/www.eslebedasauto.at\/#\/schema\/person\/fb81218b0bed500d225ff518f9f17033","name":"gerhard","url":"https:\/\/www.eslebedasauto.at\/it\/author\/gerhard\/"}]}},"_links":{"self":[{"href":"https:\/\/www.eslebedasauto.at\/it\/wp-json\/wp\/v2\/posts\/93890","targetHints":{"allow":["GET"]}}],"collection":[{"href":"https:\/\/www.eslebedasauto.at\/it\/wp-json\/wp\/v2\/posts"}],"about":[{"href":"https:\/\/www.eslebedasauto.at\/it\/wp-json\/wp\/v2\/types\/post"}],"author":[{"embeddable":true,"href":"https:\/\/www.eslebedasauto.at\/it\/wp-json\/wp\/v2\/users\/2"}],"replies":[{"embeddable":true,"href":"https:\/\/www.eslebedasauto.at\/it\/wp-json\/wp\/v2\/comments?post=93890"}],"version-history":[{"count":2,"href":"https:\/\/www.eslebedasauto.at\/it\/wp-json\/wp\/v2\/posts\/93890\/revisions"}],"predecessor-version":[{"id":93892,"href":"https:\/\/www.eslebedasauto.at\/it\/wp-json\/wp\/v2\/posts\/93890\/revisions\/93892"}],"wp:featuredmedia":[{"embeddable":true,"href":"https:\/\/www.eslebedasauto.at\/it\/wp-json\/wp\/v2\/media\/93688"}],"wp:attachment":[{"href":"https:\/\/www.eslebedasauto.at\/it\/wp-json\/wp\/v2\/media?parent=93890"}],"wp:term":[{"taxonomy":"category","embeddable":true,"href":"https:\/\/www.eslebedasauto.at\/it\/wp-json\/wp\/v2\/categories?post=93890"},{"taxonomy":"post_tag","embeddable":true,"href":"https:\/\/www.eslebedasauto.at\/it\/wp-json\/wp\/v2\/tags?post=93890"}],"curies":[{"name":"wp","href":"https:\/\/api.w.org\/{rel}","templated":true}]}}