{"id":93614,"date":"2023-10-06T13:08:14","date_gmt":"2023-10-06T11:08:14","guid":{"rendered":"https:\/\/www.eslebedasauto.at\/?p=93614"},"modified":"2023-10-06T13:08:14","modified_gmt":"2023-10-06T11:08:14","slug":"opel-grandland-gse-test","status":"publish","type":"post","link":"https:\/\/www.eslebedasauto.at\/it\/opel-grandland-gse-test\/","title":{"rendered":"Teilzeitstromer mit Sportambitionen"},"content":{"rendered":"<p><\/p>\n\n\n\n<h4 id=\"die-gse-modelle-waren-bei-opel-immer-die-dynamiker-im-programm-das-hat-sich-nicht-geandert-nur-steht-das-kleine-e-jetzt-fur-elektrounterstutzung\" class=\"wp-block-heading\">Die GSe Modelle waren bei Opel immer die Dynamiker im Programm. Das hat sich nicht ge\u00e4ndert, nur steht das kleine \u201ee\u201c jetzt f\u00fcr Elektrounterst\u00fctzung.<\/h4>\n\n\n\n<figure class=\"wp-block-image size-large is-resized\"><img fetchpriority=\"high\" decoding=\"async\" src=\"https:\/\/www.eslebedasauto.at\/wp-content\/uploads\/2023\/09\/IMG_4711-1024x768.jpeg\" alt=\"\" class=\"wp-image-93319\" style=\"width:360px;height:270px\" width=\"360\" height=\"270\" srcset=\"https:\/\/www.eslebedasauto.at\/wp-content\/uploads\/2023\/09\/IMG_4711-1024x768.jpeg 1024w, https:\/\/www.eslebedasauto.at\/wp-content\/uploads\/2023\/09\/IMG_4711-300x225.jpeg 300w, https:\/\/www.eslebedasauto.at\/wp-content\/uploads\/2023\/09\/IMG_4711-768x576.jpeg 768w, https:\/\/www.eslebedasauto.at\/wp-content\/uploads\/2023\/09\/IMG_4711-1536x1152.jpeg 1536w, https:\/\/www.eslebedasauto.at\/wp-content\/uploads\/2023\/09\/IMG_4711-800x600.jpeg 800w, https:\/\/www.eslebedasauto.at\/wp-content\/uploads\/2023\/09\/IMG_4711-1160x870.jpeg 1160w, https:\/\/www.eslebedasauto.at\/wp-content\/uploads\/2023\/09\/IMG_4711.jpeg 2048w\" sizes=\"(max-width: 360px) 100vw, 360px\" \/><\/figure>\n\n\n\n<p>Opel hat auch den Grandland mit einer GSe-Spitzenversion aufgewertet. Angetrieben wird das SUV vom bekannten Plug-in-Hybrid Antrieb mit einer Systemleistung von 300 PS. Was neu ist, sind die Nachsch\u00e4rfungen im Detail. So haben die Techniker das Fahrwerk deutlich straffer abgestimmt und die Lenkung ist nun um einiges direkter als bei den schw\u00e4cheren Varianten.<\/p>\n\n\n\n<figure class=\"wp-block-gallery has-nested-images columns-default is-cropped wp-block-gallery-1 is-layout-flex wp-block-gallery-is-layout-flex\">\n<figure class=\"wp-block-image size-large\"><img decoding=\"async\" width=\"1024\" height=\"768\" data-id=\"93322\" src=\"https:\/\/www.eslebedasauto.at\/wp-content\/uploads\/2023\/09\/IMG_4714-1024x768.jpeg\" alt=\"\" class=\"wp-image-93322\" srcset=\"https:\/\/www.eslebedasauto.at\/wp-content\/uploads\/2023\/09\/IMG_4714-1024x768.jpeg 1024w, https:\/\/www.eslebedasauto.at\/wp-content\/uploads\/2023\/09\/IMG_4714-300x225.jpeg 300w, https:\/\/www.eslebedasauto.at\/wp-content\/uploads\/2023\/09\/IMG_4714-768x576.jpeg 768w, https:\/\/www.eslebedasauto.at\/wp-content\/uploads\/2023\/09\/IMG_4714-1536x1152.jpeg 1536w, https:\/\/www.eslebedasauto.at\/wp-content\/uploads\/2023\/09\/IMG_4714-800x600.jpeg 800w, https:\/\/www.eslebedasauto.at\/wp-content\/uploads\/2023\/09\/IMG_4714-1160x870.jpeg 1160w, https:\/\/www.eslebedasauto.at\/wp-content\/uploads\/2023\/09\/IMG_4714.jpeg 2048w\" sizes=\"(max-width: 1024px) 100vw, 1024px\" \/><\/figure>\n\n\n\n<figure class=\"wp-block-image size-large\"><img decoding=\"async\" width=\"1024\" height=\"768\" data-id=\"93315\" src=\"https:\/\/www.eslebedasauto.at\/wp-content\/uploads\/2023\/09\/IMG_4704-1024x768.jpeg\" alt=\"\" class=\"wp-image-93315\" srcset=\"https:\/\/www.eslebedasauto.at\/wp-content\/uploads\/2023\/09\/IMG_4704-1024x768.jpeg 1024w, https:\/\/www.eslebedasauto.at\/wp-content\/uploads\/2023\/09\/IMG_4704-300x225.jpeg 300w, https:\/\/www.eslebedasauto.at\/wp-content\/uploads\/2023\/09\/IMG_4704-768x576.jpeg 768w, https:\/\/www.eslebedasauto.at\/wp-content\/uploads\/2023\/09\/IMG_4704-1536x1152.jpeg 1536w, https:\/\/www.eslebedasauto.at\/wp-content\/uploads\/2023\/09\/IMG_4704-800x600.jpeg 800w, https:\/\/www.eslebedasauto.at\/wp-content\/uploads\/2023\/09\/IMG_4704-1160x870.jpeg 1160w, https:\/\/www.eslebedasauto.at\/wp-content\/uploads\/2023\/09\/IMG_4704.jpeg 2048w\" sizes=\"(max-width: 1024px) 100vw, 1024px\" \/><\/figure>\n\n\n\n<figure class=\"wp-block-image size-large\"><img loading=\"lazy\" decoding=\"async\" width=\"1024\" height=\"768\" data-id=\"93314\" src=\"https:\/\/www.eslebedasauto.at\/wp-content\/uploads\/2023\/09\/IMG_4703-1024x768.jpeg\" alt=\"\" class=\"wp-image-93314\" srcset=\"https:\/\/www.eslebedasauto.at\/wp-content\/uploads\/2023\/09\/IMG_4703-1024x768.jpeg 1024w, https:\/\/www.eslebedasauto.at\/wp-content\/uploads\/2023\/09\/IMG_4703-300x225.jpeg 300w, https:\/\/www.eslebedasauto.at\/wp-content\/uploads\/2023\/09\/IMG_4703-768x576.jpeg 768w, https:\/\/www.eslebedasauto.at\/wp-content\/uploads\/2023\/09\/IMG_4703-1536x1152.jpeg 1536w, https:\/\/www.eslebedasauto.at\/wp-content\/uploads\/2023\/09\/IMG_4703-800x600.jpeg 800w, https:\/\/www.eslebedasauto.at\/wp-content\/uploads\/2023\/09\/IMG_4703-1160x870.jpeg 1160w, https:\/\/www.eslebedasauto.at\/wp-content\/uploads\/2023\/09\/IMG_4703.jpeg 2048w\" sizes=\"(max-width: 1024px) 100vw, 1024px\" \/><\/figure>\n<\/figure>\n\n\n\n<p>Ebenso spricht das Gaspedal spitzer an \u2013 im Sportmodus sorgt der 1,6 Liter Turbo-Benziner im Verein mit zwei Elektromotoren vorne und hinten f\u00fcr spontanen Vortrieb. Allrad gew\u00e4hrleistet die daf\u00fcr n\u00f6tige Traktion und die bekannte EAT8 Wandlerautomatik sorgt f\u00fcr perfekte Kraft\u00fcbertragung. Damit geht\u2019s in lockeren 6,1 Sekunden auf Hundert \u2013 bei 235 km\/h endet der Vortrieb auf der deutschen Autobahn. Auch rein elektrisch ist der Opel Grandland GSe mit maximal 135 km\/h flott unterwegs, wenngleich der Spa\u00df dann nur von kurzer Dauer ist.<\/p>\n\n\n\n<figure class=\"wp-block-image size-large\"><img loading=\"lazy\" decoding=\"async\" width=\"1024\" height=\"768\" src=\"https:\/\/www.eslebedasauto.at\/wp-content\/uploads\/2023\/09\/IMG_4712-1024x768.jpeg\" alt=\"\" class=\"wp-image-93320\" srcset=\"https:\/\/www.eslebedasauto.at\/wp-content\/uploads\/2023\/09\/IMG_4712-1024x768.jpeg 1024w, https:\/\/www.eslebedasauto.at\/wp-content\/uploads\/2023\/09\/IMG_4712-300x225.jpeg 300w, https:\/\/www.eslebedasauto.at\/wp-content\/uploads\/2023\/09\/IMG_4712-768x576.jpeg 768w, https:\/\/www.eslebedasauto.at\/wp-content\/uploads\/2023\/09\/IMG_4712-1536x1152.jpeg 1536w, https:\/\/www.eslebedasauto.at\/wp-content\/uploads\/2023\/09\/IMG_4712-800x600.jpeg 800w, https:\/\/www.eslebedasauto.at\/wp-content\/uploads\/2023\/09\/IMG_4712-1160x870.jpeg 1160w, https:\/\/www.eslebedasauto.at\/wp-content\/uploads\/2023\/09\/IMG_4712.jpeg 2048w\" sizes=\"(max-width: 1024px) 100vw, 1024px\" \/><\/figure>\n\n\n\n<p>Die ganzen GSe-Bestrebungen sp\u00fcrt man im Grandland auf jedem Meter Fahrt. Vor allem die Fahrwerksabstimmung ist Opel wirklich perfekt gelungen \u2013 der Wagen zirkelt neutral und pr\u00e4zise um jede Kurve, dass es eine Freude ist. Angenehm ist dabei die Tatsache, dass der GSe dabei nicht allzu unbequem wird. Unterstrichen wird diese Dynamik noch von allerlei optischen Versch\u00e4rfungen.<\/p>\n\n\n\n<figure class=\"wp-block-image size-large\"><img loading=\"lazy\" decoding=\"async\" width=\"768\" height=\"1024\" src=\"https:\/\/www.eslebedasauto.at\/wp-content\/uploads\/2023\/09\/IMG_4710-768x1024.jpeg\" alt=\"\" class=\"wp-image-93318\" srcset=\"https:\/\/www.eslebedasauto.at\/wp-content\/uploads\/2023\/09\/IMG_4710-768x1024.jpeg 768w, https:\/\/www.eslebedasauto.at\/wp-content\/uploads\/2023\/09\/IMG_4710-225x300.jpeg 225w, https:\/\/www.eslebedasauto.at\/wp-content\/uploads\/2023\/09\/IMG_4710-1152x1536.jpeg 1152w, https:\/\/www.eslebedasauto.at\/wp-content\/uploads\/2023\/09\/IMG_4710-800x1067.jpeg 800w, https:\/\/www.eslebedasauto.at\/wp-content\/uploads\/2023\/09\/IMG_4710-1160x1547.jpeg 1160w, https:\/\/www.eslebedasauto.at\/wp-content\/uploads\/2023\/09\/IMG_4710.jpeg 1536w\" sizes=\"(max-width: 768px) 100vw, 768px\" \/><\/figure>\n\n\n\n<p>So geh\u00f6ren spezielle 19-Zoll Alus ebenso zur Serienausstattung, wie ein dezenter Heckdiffusor und wer sich wirklich der alten Zeiten wegen eine schwarz lackierte Motorhaube um lapidare 289 Euro leisten will, der bekommt auch eine \u2013 sieht ziemlich cool aus, finden wir. Innen sorgt Alcantara f\u00fcr den sportlichen Touch, man findet es unter anderem auf den bekannt tollen Sportsitzen. Alle anderen Funktionen blieben gegen\u00fcber den \u201ezivilen\u201c Grandland-Varianten ident.<\/p>\n\n\n\n<figure class=\"wp-block-image size-large\"><img loading=\"lazy\" decoding=\"async\" width=\"1024\" height=\"768\" src=\"https:\/\/www.eslebedasauto.at\/wp-content\/uploads\/2023\/09\/IMG_4709-1024x768.jpeg\" alt=\"\" class=\"wp-image-93317\" srcset=\"https:\/\/www.eslebedasauto.at\/wp-content\/uploads\/2023\/09\/IMG_4709-1024x768.jpeg 1024w, https:\/\/www.eslebedasauto.at\/wp-content\/uploads\/2023\/09\/IMG_4709-300x225.jpeg 300w, https:\/\/www.eslebedasauto.at\/wp-content\/uploads\/2023\/09\/IMG_4709-768x576.jpeg 768w, https:\/\/www.eslebedasauto.at\/wp-content\/uploads\/2023\/09\/IMG_4709-1536x1152.jpeg 1536w, https:\/\/www.eslebedasauto.at\/wp-content\/uploads\/2023\/09\/IMG_4709-800x600.jpeg 800w, https:\/\/www.eslebedasauto.at\/wp-content\/uploads\/2023\/09\/IMG_4709-1160x870.jpeg 1160w, https:\/\/www.eslebedasauto.at\/wp-content\/uploads\/2023\/09\/IMG_4709.jpeg 2048w\" sizes=\"(max-width: 1024px) 100vw, 1024px\" \/><\/figure>\n\n\n\n<p>Nat\u00fcrlich kosten so ein Opel Grandland GSe mit einem Preis von ab 49.999,17 Euro schon ein wenig mehr als seine weniger versch\u00e4rften Modellbr\u00fcder. Dennoch muss man anmerken, dass Opel doch eine Menge sportliche Technik implementiert hat \u2013 wer auf sowas abf\u00e4hrt, der ist mit dem GSe sicher sehr gut bedient.<\/p>\n\n\n\n<p><\/p>\n\n\n\n<figure class=\"wp-block-image size-large\"><img loading=\"lazy\" decoding=\"async\" width=\"1024\" height=\"768\" src=\"https:\/\/www.eslebedasauto.at\/wp-content\/uploads\/2023\/09\/IMG_4698-1024x768.jpeg\" alt=\"\" class=\"wp-image-93312\" srcset=\"https:\/\/www.eslebedasauto.at\/wp-content\/uploads\/2023\/09\/IMG_4698-1024x768.jpeg 1024w, https:\/\/www.eslebedasauto.at\/wp-content\/uploads\/2023\/09\/IMG_4698-300x225.jpeg 300w, https:\/\/www.eslebedasauto.at\/wp-content\/uploads\/2023\/09\/IMG_4698-768x576.jpeg 768w, https:\/\/www.eslebedasauto.at\/wp-content\/uploads\/2023\/09\/IMG_4698-1536x1152.jpeg 1536w, https:\/\/www.eslebedasauto.at\/wp-content\/uploads\/2023\/09\/IMG_4698-800x600.jpeg 800w, https:\/\/www.eslebedasauto.at\/wp-content\/uploads\/2023\/09\/IMG_4698-1160x870.jpeg 1160w, https:\/\/www.eslebedasauto.at\/wp-content\/uploads\/2023\/09\/IMG_4698.jpeg 2048w\" sizes=\"(max-width: 1024px) 100vw, 1024px\" \/><\/figure>","protected":false},"excerpt":{"rendered":"<p>Wenn\u00b4s den Papa mal juckt greift er am besten zum Opel Grandland GSe.<\/p>","protected":false},"author":2,"featured_media":93321,"comment_status":"open","ping_status":"open","sticky":false,"template":"","format":"standard","meta":{"neve_meta_sidebar":"","neve_meta_container":"","neve_meta_enable_content_width":"","neve_meta_content_width":0,"neve_meta_title_alignment":"","neve_meta_author_avatar":"","neve_post_elements_order":"","neve_meta_disable_header":"","neve_meta_disable_footer":"","neve_meta_disable_title":"","neve_meta_reading_time":"","footnotes":""},"categories":[335,12,598],"tags":[],"class_list":["post-93614","post","type-post","status-publish","format-standard","has-post-thumbnail","hentry","category-fahrberichte","category-hybrid","category-shortmotornews"],"yoast_head":"<!-- This site is optimized with the Yoast SEO plugin v26.8 - https:\/\/yoast.com\/product\/yoast-seo-wordpress\/ -->\n<title>Teilzeitstromer mit Sportambitionen - Es lebe das Auto<\/title>\n<meta name=\"description\" content=\"Wenn\u00b4s den Papa mal juckt greift er am besten zum Opel Grandland GSe.\" \/>\n<meta name=\"robots\" content=\"index, follow, max-snippet:-1, max-image-preview:large, max-video-preview:-1\" \/>\n<link rel=\"canonical\" href=\"https:\/\/www.eslebedasauto.at\/it\/opel-grandland-gse-test\/\" \/>\n<meta property=\"og:locale\" content=\"it_IT\" \/>\n<meta property=\"og:type\" content=\"article\" \/>\n<meta property=\"og:title\" content=\"Teilzeitstromer mit Sportambitionen - Es lebe das Auto\" \/>\n<meta property=\"og:description\" content=\"Wenn\u00b4s den Papa mal juckt greift er am besten zum Opel Grandland GSe.\" \/>\n<meta property=\"og:url\" content=\"https:\/\/www.eslebedasauto.at\/it\/opel-grandland-gse-test\/\" \/>\n<meta property=\"og:site_name\" content=\"Es lebe das Auto\" \/>\n<meta property=\"article:publisher\" content=\"https:\/\/www.facebook.com\/eslebedasauto.at\" \/>\n<meta property=\"article:published_time\" content=\"2023-10-06T11:08:14+00:00\" \/>\n<meta property=\"og:image\" content=\"https:\/\/www.eslebedasauto.at\/wp-content\/uploads\/2023\/09\/IMG_4713.jpeg\" \/>\n\t<meta property=\"og:image:width\" content=\"2048\" \/>\n\t<meta property=\"og:image:height\" content=\"1536\" \/>\n\t<meta property=\"og:image:type\" content=\"image\/jpeg\" \/>\n<meta name=\"author\" content=\"gerhard\" \/>\n<meta name=\"twitter:card\" content=\"summary_large_image\" \/>\n<meta name=\"twitter:label1\" content=\"Scritto da\" \/>\n\t<meta name=\"twitter:data1\" content=\"gerhard\" \/>\n\t<meta name=\"twitter:label2\" content=\"Tempo di lettura stimato\" \/>\n\t<meta name=\"twitter:data2\" content=\"4 minuti\" \/>\n<script type=\"application\/ld+json\" class=\"yoast-schema-graph\">{\"@context\":\"https:\/\/schema.org\",\"@graph\":[{\"@type\":\"Article\",\"@id\":\"https:\/\/www.eslebedasauto.at\/opel-grandland-gse-test\/#article\",\"isPartOf\":{\"@id\":\"https:\/\/www.eslebedasauto.at\/opel-grandland-gse-test\/\"},\"author\":{\"name\":\"gerhard\",\"@id\":\"https:\/\/www.eslebedasauto.at\/#\/schema\/person\/fb81218b0bed500d225ff518f9f17033\"},\"headline\":\"Teilzeitstromer mit Sportambitionen\",\"datePublished\":\"2023-10-06T11:08:14+00:00\",\"mainEntityOfPage\":{\"@id\":\"https:\/\/www.eslebedasauto.at\/opel-grandland-gse-test\/\"},\"wordCount\":348,\"commentCount\":0,\"publisher\":{\"@id\":\"https:\/\/www.eslebedasauto.at\/#organization\"},\"image\":{\"@id\":\"https:\/\/www.eslebedasauto.at\/opel-grandland-gse-test\/#primaryimage\"},\"thumbnailUrl\":\"https:\/\/www.eslebedasauto.at\/wp-content\/uploads\/2023\/09\/IMG_4713.jpeg\",\"articleSection\":[\"Fahrberichte\",\"Hybrid\",\"Shortmotornews\"],\"inLanguage\":\"it-IT\",\"potentialAction\":[{\"@type\":\"CommentAction\",\"name\":\"Comment\",\"target\":[\"https:\/\/www.eslebedasauto.at\/opel-grandland-gse-test\/#respond\"]}]},{\"@type\":\"WebPage\",\"@id\":\"https:\/\/www.eslebedasauto.at\/opel-grandland-gse-test\/\",\"url\":\"https:\/\/www.eslebedasauto.at\/opel-grandland-gse-test\/\",\"name\":\"Teilzeitstromer mit Sportambitionen - Es lebe das Auto\",\"isPartOf\":{\"@id\":\"https:\/\/www.eslebedasauto.at\/#website\"},\"primaryImageOfPage\":{\"@id\":\"https:\/\/www.eslebedasauto.at\/opel-grandland-gse-test\/#primaryimage\"},\"image\":{\"@id\":\"https:\/\/www.eslebedasauto.at\/opel-grandland-gse-test\/#primaryimage\"},\"thumbnailUrl\":\"https:\/\/www.eslebedasauto.at\/wp-content\/uploads\/2023\/09\/IMG_4713.jpeg\",\"datePublished\":\"2023-10-06T11:08:14+00:00\",\"description\":\"Wenn\u00b4s den Papa mal juckt greift er am besten zum Opel Grandland GSe.\",\"breadcrumb\":{\"@id\":\"https:\/\/www.eslebedasauto.at\/opel-grandland-gse-test\/#breadcrumb\"},\"inLanguage\":\"it-IT\",\"potentialAction\":[{\"@type\":\"ReadAction\",\"target\":[\"https:\/\/www.eslebedasauto.at\/opel-grandland-gse-test\/\"]}]},{\"@type\":\"ImageObject\",\"inLanguage\":\"it-IT\",\"@id\":\"https:\/\/www.eslebedasauto.at\/opel-grandland-gse-test\/#primaryimage\",\"url\":\"https:\/\/www.eslebedasauto.at\/wp-content\/uploads\/2023\/09\/IMG_4713.jpeg\",\"contentUrl\":\"https:\/\/www.eslebedasauto.at\/wp-content\/uploads\/2023\/09\/IMG_4713.jpeg\",\"width\":2048,\"height\":1536},{\"@type\":\"BreadcrumbList\",\"@id\":\"https:\/\/www.eslebedasauto.at\/opel-grandland-gse-test\/#breadcrumb\",\"itemListElement\":[{\"@type\":\"ListItem\",\"position\":1,\"name\":\"Startseite\",\"item\":\"https:\/\/www.eslebedasauto.at\/\"},{\"@type\":\"ListItem\",\"position\":2,\"name\":\"Teilzeitstromer mit Sportambitionen\"}]},{\"@type\":\"WebSite\",\"@id\":\"https:\/\/www.eslebedasauto.at\/#website\",\"url\":\"https:\/\/www.eslebedasauto.at\/\",\"name\":\"Es lebe das Auto\",\"description\":\"ein Hoch auf den Individualverkehr\",\"publisher\":{\"@id\":\"https:\/\/www.eslebedasauto.at\/#organization\"},\"potentialAction\":[{\"@type\":\"SearchAction\",\"target\":{\"@type\":\"EntryPoint\",\"urlTemplate\":\"https:\/\/www.eslebedasauto.at\/?s={search_term_string}\"},\"query-input\":{\"@type\":\"PropertyValueSpecification\",\"valueRequired\":true,\"valueName\":\"search_term_string\"}}],\"inLanguage\":\"it-IT\"},{\"@type\":\"Organization\",\"@id\":\"https:\/\/www.eslebedasauto.at\/#organization\",\"name\":\"eslebedasauto\",\"url\":\"https:\/\/www.eslebedasauto.at\/\",\"logo\":{\"@type\":\"ImageObject\",\"inLanguage\":\"it-IT\",\"@id\":\"https:\/\/www.eslebedasauto.at\/#\/schema\/logo\/image\/\",\"url\":\"https:\/\/www.eslebedasauto.at\/wp-content\/uploads\/2025\/10\/eldarund.png\",\"contentUrl\":\"https:\/\/www.eslebedasauto.at\/wp-content\/uploads\/2025\/10\/eldarund.png\",\"width\":1024,\"height\":1024,\"caption\":\"eslebedasauto\"},\"image\":{\"@id\":\"https:\/\/www.eslebedasauto.at\/#\/schema\/logo\/image\/\"},\"sameAs\":[\"https:\/\/www.facebook.com\/eslebedasauto.at\",\"https:\/\/www.instagram.com\/es_lebe_das_auto\/\"]},{\"@type\":\"Person\",\"@id\":\"https:\/\/www.eslebedasauto.at\/#\/schema\/person\/fb81218b0bed500d225ff518f9f17033\",\"name\":\"gerhard\",\"url\":\"https:\/\/www.eslebedasauto.at\/it\/author\/gerhard\/\"}]}<\/script>\n<!-- \/ Yoast SEO plugin. -->","yoast_head_json":{"title":"Teilzeitstromer mit Sportambitionen - Es lebe das Auto","description":"Wenn\u00b4s den Papa mal juckt greift er am besten zum Opel Grandland GSe.","robots":{"index":"index","follow":"follow","max-snippet":"max-snippet:-1","max-image-preview":"max-image-preview:large","max-video-preview":"max-video-preview:-1"},"canonical":"https:\/\/www.eslebedasauto.at\/it\/opel-grandland-gse-test\/","og_locale":"it_IT","og_type":"article","og_title":"Teilzeitstromer mit Sportambitionen - Es lebe das Auto","og_description":"Wenn\u00b4s den Papa mal juckt greift er am besten zum Opel Grandland GSe.","og_url":"https:\/\/www.eslebedasauto.at\/it\/opel-grandland-gse-test\/","og_site_name":"Es lebe das Auto","article_publisher":"https:\/\/www.facebook.com\/eslebedasauto.at","article_published_time":"2023-10-06T11:08:14+00:00","og_image":[{"width":2048,"height":1536,"url":"https:\/\/www.eslebedasauto.at\/wp-content\/uploads\/2023\/09\/IMG_4713.jpeg","type":"image\/jpeg"}],"author":"gerhard","twitter_card":"summary_large_image","twitter_misc":{"Scritto da":"gerhard","Tempo di lettura stimato":"4 minuti"},"schema":{"@context":"https:\/\/schema.org","@graph":[{"@type":"Article","@id":"https:\/\/www.eslebedasauto.at\/opel-grandland-gse-test\/#article","isPartOf":{"@id":"https:\/\/www.eslebedasauto.at\/opel-grandland-gse-test\/"},"author":{"name":"gerhard","@id":"https:\/\/www.eslebedasauto.at\/#\/schema\/person\/fb81218b0bed500d225ff518f9f17033"},"headline":"Teilzeitstromer mit Sportambitionen","datePublished":"2023-10-06T11:08:14+00:00","mainEntityOfPage":{"@id":"https:\/\/www.eslebedasauto.at\/opel-grandland-gse-test\/"},"wordCount":348,"commentCount":0,"publisher":{"@id":"https:\/\/www.eslebedasauto.at\/#organization"},"image":{"@id":"https:\/\/www.eslebedasauto.at\/opel-grandland-gse-test\/#primaryimage"},"thumbnailUrl":"https:\/\/www.eslebedasauto.at\/wp-content\/uploads\/2023\/09\/IMG_4713.jpeg","articleSection":["Fahrberichte","Hybrid","Shortmotornews"],"inLanguage":"it-IT","potentialAction":[{"@type":"CommentAction","name":"Comment","target":["https:\/\/www.eslebedasauto.at\/opel-grandland-gse-test\/#respond"]}]},{"@type":"WebPage","@id":"https:\/\/www.eslebedasauto.at\/opel-grandland-gse-test\/","url":"https:\/\/www.eslebedasauto.at\/opel-grandland-gse-test\/","name":"Teilzeitstromer mit Sportambitionen - Es lebe das Auto","isPartOf":{"@id":"https:\/\/www.eslebedasauto.at\/#website"},"primaryImageOfPage":{"@id":"https:\/\/www.eslebedasauto.at\/opel-grandland-gse-test\/#primaryimage"},"image":{"@id":"https:\/\/www.eslebedasauto.at\/opel-grandland-gse-test\/#primaryimage"},"thumbnailUrl":"https:\/\/www.eslebedasauto.at\/wp-content\/uploads\/2023\/09\/IMG_4713.jpeg","datePublished":"2023-10-06T11:08:14+00:00","description":"Wenn\u00b4s den Papa mal juckt greift er am besten zum Opel Grandland GSe.","breadcrumb":{"@id":"https:\/\/www.eslebedasauto.at\/opel-grandland-gse-test\/#breadcrumb"},"inLanguage":"it-IT","potentialAction":[{"@type":"ReadAction","target":["https:\/\/www.eslebedasauto.at\/opel-grandland-gse-test\/"]}]},{"@type":"ImageObject","inLanguage":"it-IT","@id":"https:\/\/www.eslebedasauto.at\/opel-grandland-gse-test\/#primaryimage","url":"https:\/\/www.eslebedasauto.at\/wp-content\/uploads\/2023\/09\/IMG_4713.jpeg","contentUrl":"https:\/\/www.eslebedasauto.at\/wp-content\/uploads\/2023\/09\/IMG_4713.jpeg","width":2048,"height":1536},{"@type":"BreadcrumbList","@id":"https:\/\/www.eslebedasauto.at\/opel-grandland-gse-test\/#breadcrumb","itemListElement":[{"@type":"ListItem","position":1,"name":"Startseite","item":"https:\/\/www.eslebedasauto.at\/"},{"@type":"ListItem","position":2,"name":"Teilzeitstromer mit Sportambitionen"}]},{"@type":"WebSite","@id":"https:\/\/www.eslebedasauto.at\/#website","url":"https:\/\/www.eslebedasauto.at\/","name":"Es lebe das Auto","description":"ein Hoch auf den Individualverkehr","publisher":{"@id":"https:\/\/www.eslebedasauto.at\/#organization"},"potentialAction":[{"@type":"SearchAction","target":{"@type":"EntryPoint","urlTemplate":"https:\/\/www.eslebedasauto.at\/?s={search_term_string}"},"query-input":{"@type":"PropertyValueSpecification","valueRequired":true,"valueName":"search_term_string"}}],"inLanguage":"it-IT"},{"@type":"Organization","@id":"https:\/\/www.eslebedasauto.at\/#organization","name":"eslebedasauto","url":"https:\/\/www.eslebedasauto.at\/","logo":{"@type":"ImageObject","inLanguage":"it-IT","@id":"https:\/\/www.eslebedasauto.at\/#\/schema\/logo\/image\/","url":"https:\/\/www.eslebedasauto.at\/wp-content\/uploads\/2025\/10\/eldarund.png","contentUrl":"https:\/\/www.eslebedasauto.at\/wp-content\/uploads\/2025\/10\/eldarund.png","width":1024,"height":1024,"caption":"eslebedasauto"},"image":{"@id":"https:\/\/www.eslebedasauto.at\/#\/schema\/logo\/image\/"},"sameAs":["https:\/\/www.facebook.com\/eslebedasauto.at","https:\/\/www.instagram.com\/es_lebe_das_auto\/"]},{"@type":"Person","@id":"https:\/\/www.eslebedasauto.at\/#\/schema\/person\/fb81218b0bed500d225ff518f9f17033","name":"gerhard","url":"https:\/\/www.eslebedasauto.at\/it\/author\/gerhard\/"}]}},"_links":{"self":[{"href":"https:\/\/www.eslebedasauto.at\/it\/wp-json\/wp\/v2\/posts\/93614","targetHints":{"allow":["GET"]}}],"collection":[{"href":"https:\/\/www.eslebedasauto.at\/it\/wp-json\/wp\/v2\/posts"}],"about":[{"href":"https:\/\/www.eslebedasauto.at\/it\/wp-json\/wp\/v2\/types\/post"}],"author":[{"embeddable":true,"href":"https:\/\/www.eslebedasauto.at\/it\/wp-json\/wp\/v2\/users\/2"}],"replies":[{"embeddable":true,"href":"https:\/\/www.eslebedasauto.at\/it\/wp-json\/wp\/v2\/comments?post=93614"}],"version-history":[{"count":2,"href":"https:\/\/www.eslebedasauto.at\/it\/wp-json\/wp\/v2\/posts\/93614\/revisions"}],"predecessor-version":[{"id":93616,"href":"https:\/\/www.eslebedasauto.at\/it\/wp-json\/wp\/v2\/posts\/93614\/revisions\/93616"}],"wp:featuredmedia":[{"embeddable":true,"href":"https:\/\/www.eslebedasauto.at\/it\/wp-json\/wp\/v2\/media\/93321"}],"wp:attachment":[{"href":"https:\/\/www.eslebedasauto.at\/it\/wp-json\/wp\/v2\/media?parent=93614"}],"wp:term":[{"taxonomy":"category","embeddable":true,"href":"https:\/\/www.eslebedasauto.at\/it\/wp-json\/wp\/v2\/categories?post=93614"},{"taxonomy":"post_tag","embeddable":true,"href":"https:\/\/www.eslebedasauto.at\/it\/wp-json\/wp\/v2\/tags?post=93614"}],"curies":[{"name":"wp","href":"https:\/\/api.w.org\/{rel}","templated":true}]}}