{"id":92654,"date":"2023-07-08T06:59:11","date_gmt":"2023-07-08T04:59:11","guid":{"rendered":"https:\/\/www.eslebedasauto.at\/?p=92654"},"modified":"2023-07-08T07:08:23","modified_gmt":"2023-07-08T05:08:23","slug":"grossartiges-jubilaeumsevent-von-audi-feiert-25-jahre-audi-tt-in-kaprun-oesterreich","status":"publish","type":"post","link":"https:\/\/www.eslebedasauto.at\/it\/grossartiges-jubilaeumsevent-von-audi-feiert-25-jahre-audi-tt-in-kaprun-oesterreich\/","title":{"rendered":"Der Audi TT feierte 25 Jahre und wir waren dabei!"},"content":{"rendered":"<figure class=\"wp-block-video\"><video controls src=\"https:\/\/www.eslebedasauto.at\/wp-content\/uploads\/2023\/07\/25-Jahre-Audi-TT-Kaprun.mp4\"><\/video><\/figure>\n\n\n\n<p>Vom 3. bis 5. Juli 2023 fand in Kaprun ein spektakul\u00e4res Motorsport Event statt, um das 25-j\u00e4hrige Jubil\u00e4um einer Legende zu feiern. Redakteure aus der \u00f6sterreichischen Auto- und Motorsport Szene und Partner von Audi in \u00d6sterreich hatten die Gelegenheit, an diesem zweit\u00e4gigen Event teilzunehmen und die gesamte Bandbreite der Audi TT Palette der Serien 1 bis 3 zu testen. <br><\/p>\n\n\n\n<figure class=\"wp-block-gallery has-nested-images columns-2 is-cropped wp-block-gallery-1 is-layout-flex wp-block-gallery-is-layout-flex\">\n<figure class=\"wp-block-image size-large\"><a href=\"https:\/\/www.eslebedasauto.at\/wp-content\/uploads\/2023\/07\/230704CH_H0912-scaled.jpg\"><img fetchpriority=\"high\" decoding=\"async\" width=\"1024\" height=\"683\" data-id=\"92781\" src=\"https:\/\/www.eslebedasauto.at\/wp-content\/uploads\/2023\/07\/230704CH_H0912-1024x683.jpg\" alt=\"\" class=\"wp-image-92781\" srcset=\"https:\/\/www.eslebedasauto.at\/wp-content\/uploads\/2023\/07\/230704CH_H0912-1024x683.jpg 1024w, https:\/\/www.eslebedasauto.at\/wp-content\/uploads\/2023\/07\/230704CH_H0912-300x200.jpg 300w, https:\/\/www.eslebedasauto.at\/wp-content\/uploads\/2023\/07\/230704CH_H0912-768x512.jpg 768w, https:\/\/www.eslebedasauto.at\/wp-content\/uploads\/2023\/07\/230704CH_H0912-1536x1024.jpg 1536w, https:\/\/www.eslebedasauto.at\/wp-content\/uploads\/2023\/07\/230704CH_H0912-2048x1365.jpg 2048w, https:\/\/www.eslebedasauto.at\/wp-content\/uploads\/2023\/07\/230704CH_H0912-800x533.jpg 800w, https:\/\/www.eslebedasauto.at\/wp-content\/uploads\/2023\/07\/230704CH_H0912-1160x773.jpg 1160w\" sizes=\"(max-width: 1024px) 100vw, 1024px\" \/><\/a><figcaption class=\"wp-element-caption\">25 Jahre Audi TT<\/figcaption><\/figure>\n\n\n\n<figure class=\"wp-block-image size-large\"><a href=\"https:\/\/www.eslebedasauto.at\/wp-content\/uploads\/2023\/07\/230703CH_H9310-scaled.jpg\"><img decoding=\"async\" width=\"1024\" height=\"683\" data-id=\"92780\" src=\"https:\/\/www.eslebedasauto.at\/wp-content\/uploads\/2023\/07\/230703CH_H9310-1024x683.jpg\" alt=\"\" class=\"wp-image-92780\" srcset=\"https:\/\/www.eslebedasauto.at\/wp-content\/uploads\/2023\/07\/230703CH_H9310-1024x683.jpg 1024w, https:\/\/www.eslebedasauto.at\/wp-content\/uploads\/2023\/07\/230703CH_H9310-300x200.jpg 300w, https:\/\/www.eslebedasauto.at\/wp-content\/uploads\/2023\/07\/230703CH_H9310-768x512.jpg 768w, https:\/\/www.eslebedasauto.at\/wp-content\/uploads\/2023\/07\/230703CH_H9310-1536x1024.jpg 1536w, https:\/\/www.eslebedasauto.at\/wp-content\/uploads\/2023\/07\/230703CH_H9310-2048x1365.jpg 2048w, https:\/\/www.eslebedasauto.at\/wp-content\/uploads\/2023\/07\/230703CH_H9310-800x533.jpg 800w, https:\/\/www.eslebedasauto.at\/wp-content\/uploads\/2023\/07\/230703CH_H9310-1160x773.jpg 1160w\" sizes=\"(max-width: 1024px) 100vw, 1024px\" \/><\/a><figcaption class=\"wp-element-caption\">25 Jahre Audi TT<\/figcaption><\/figure>\n\n\n\n<figure class=\"wp-block-image size-large\"><a href=\"https:\/\/www.eslebedasauto.at\/wp-content\/uploads\/2023\/07\/230705CH_H2470-scaled.jpg\"><img decoding=\"async\" width=\"683\" height=\"1024\" data-id=\"92779\" src=\"https:\/\/www.eslebedasauto.at\/wp-content\/uploads\/2023\/07\/230705CH_H2470-683x1024.jpg\" alt=\"\" class=\"wp-image-92779\" srcset=\"https:\/\/www.eslebedasauto.at\/wp-content\/uploads\/2023\/07\/230705CH_H2470-683x1024.jpg 683w, https:\/\/www.eslebedasauto.at\/wp-content\/uploads\/2023\/07\/230705CH_H2470-200x300.jpg 200w, https:\/\/www.eslebedasauto.at\/wp-content\/uploads\/2023\/07\/230705CH_H2470-768x1152.jpg 768w, https:\/\/www.eslebedasauto.at\/wp-content\/uploads\/2023\/07\/230705CH_H2470-1024x1536.jpg 1024w, https:\/\/www.eslebedasauto.at\/wp-content\/uploads\/2023\/07\/230705CH_H2470-1365x2048.jpg 1365w, https:\/\/www.eslebedasauto.at\/wp-content\/uploads\/2023\/07\/230705CH_H2470-800x1200.jpg 800w, https:\/\/www.eslebedasauto.at\/wp-content\/uploads\/2023\/07\/230705CH_H2470-1160x1740.jpg 1160w, https:\/\/www.eslebedasauto.at\/wp-content\/uploads\/2023\/07\/230705CH_H2470-scaled.jpg 1707w\" sizes=\"(max-width: 683px) 100vw, 683px\" \/><\/a><\/figure>\n\n\n\n<figure class=\"wp-block-image size-large\"><a href=\"https:\/\/www.eslebedasauto.at\/wp-content\/uploads\/2023\/07\/230704CH_H1086-scaled.jpg\"><img loading=\"lazy\" decoding=\"async\" width=\"1024\" height=\"683\" data-id=\"92777\" src=\"https:\/\/www.eslebedasauto.at\/wp-content\/uploads\/2023\/07\/230704CH_H1086-1024x683.jpg\" alt=\"\" class=\"wp-image-92777\" srcset=\"https:\/\/www.eslebedasauto.at\/wp-content\/uploads\/2023\/07\/230704CH_H1086-1024x683.jpg 1024w, https:\/\/www.eslebedasauto.at\/wp-content\/uploads\/2023\/07\/230704CH_H1086-300x200.jpg 300w, https:\/\/www.eslebedasauto.at\/wp-content\/uploads\/2023\/07\/230704CH_H1086-768x512.jpg 768w, https:\/\/www.eslebedasauto.at\/wp-content\/uploads\/2023\/07\/230704CH_H1086-1536x1024.jpg 1536w, https:\/\/www.eslebedasauto.at\/wp-content\/uploads\/2023\/07\/230704CH_H1086-2048x1365.jpg 2048w, https:\/\/www.eslebedasauto.at\/wp-content\/uploads\/2023\/07\/230704CH_H1086-800x533.jpg 800w, https:\/\/www.eslebedasauto.at\/wp-content\/uploads\/2023\/07\/230704CH_H1086-1160x773.jpg 1160w\" sizes=\"(max-width: 1024px) 100vw, 1024px\" \/><\/a><figcaption class=\"wp-element-caption\">25 Jahre Audi TT<\/figcaption><\/figure>\n\n\n\n<figure class=\"wp-block-image size-large\"><a href=\"https:\/\/www.eslebedasauto.at\/wp-content\/uploads\/2023\/07\/230703CH_H9139-scaled.jpg\"><img loading=\"lazy\" decoding=\"async\" width=\"1024\" height=\"683\" data-id=\"92776\" src=\"https:\/\/www.eslebedasauto.at\/wp-content\/uploads\/2023\/07\/230703CH_H9139-1024x683.jpg\" alt=\"\" class=\"wp-image-92776\" srcset=\"https:\/\/www.eslebedasauto.at\/wp-content\/uploads\/2023\/07\/230703CH_H9139-1024x683.jpg 1024w, https:\/\/www.eslebedasauto.at\/wp-content\/uploads\/2023\/07\/230703CH_H9139-300x200.jpg 300w, https:\/\/www.eslebedasauto.at\/wp-content\/uploads\/2023\/07\/230703CH_H9139-768x512.jpg 768w, https:\/\/www.eslebedasauto.at\/wp-content\/uploads\/2023\/07\/230703CH_H9139-1536x1024.jpg 1536w, https:\/\/www.eslebedasauto.at\/wp-content\/uploads\/2023\/07\/230703CH_H9139-2048x1365.jpg 2048w, https:\/\/www.eslebedasauto.at\/wp-content\/uploads\/2023\/07\/230703CH_H9139-800x533.jpg 800w, https:\/\/www.eslebedasauto.at\/wp-content\/uploads\/2023\/07\/230703CH_H9139-1160x773.jpg 1160w\" sizes=\"(max-width: 1024px) 100vw, 1024px\" \/><\/a><figcaption class=\"wp-element-caption\">25 Jahre Audi TT<\/figcaption><\/figure>\n\n\n\n<figure class=\"wp-block-image size-large\"><a href=\"https:\/\/www.eslebedasauto.at\/wp-content\/uploads\/2023\/07\/230703CH_H9115-scaled.jpg\"><img loading=\"lazy\" decoding=\"async\" width=\"1024\" height=\"683\" data-id=\"92775\" src=\"https:\/\/www.eslebedasauto.at\/wp-content\/uploads\/2023\/07\/230703CH_H9115-1024x683.jpg\" alt=\"\" class=\"wp-image-92775\" srcset=\"https:\/\/www.eslebedasauto.at\/wp-content\/uploads\/2023\/07\/230703CH_H9115-1024x683.jpg 1024w, https:\/\/www.eslebedasauto.at\/wp-content\/uploads\/2023\/07\/230703CH_H9115-300x200.jpg 300w, https:\/\/www.eslebedasauto.at\/wp-content\/uploads\/2023\/07\/230703CH_H9115-768x512.jpg 768w, https:\/\/www.eslebedasauto.at\/wp-content\/uploads\/2023\/07\/230703CH_H9115-1536x1024.jpg 1536w, https:\/\/www.eslebedasauto.at\/wp-content\/uploads\/2023\/07\/230703CH_H9115-2048x1365.jpg 2048w, https:\/\/www.eslebedasauto.at\/wp-content\/uploads\/2023\/07\/230703CH_H9115-800x533.jpg 800w, https:\/\/www.eslebedasauto.at\/wp-content\/uploads\/2023\/07\/230703CH_H9115-1160x773.jpg 1160w\" sizes=\"(max-width: 1024px) 100vw, 1024px\" \/><\/a><figcaption class=\"wp-element-caption\">25 Jahre Audi TT<\/figcaption><\/figure>\n\n\n\n<figure class=\"wp-block-image size-large\"><a href=\"https:\/\/www.eslebedasauto.at\/wp-content\/uploads\/2023\/07\/230705CH_H2393-scaled.jpg\"><img loading=\"lazy\" decoding=\"async\" width=\"1024\" height=\"683\" data-id=\"92774\" src=\"https:\/\/www.eslebedasauto.at\/wp-content\/uploads\/2023\/07\/230705CH_H2393-1024x683.jpg\" alt=\"\" class=\"wp-image-92774\" srcset=\"https:\/\/www.eslebedasauto.at\/wp-content\/uploads\/2023\/07\/230705CH_H2393-1024x683.jpg 1024w, https:\/\/www.eslebedasauto.at\/wp-content\/uploads\/2023\/07\/230705CH_H2393-300x200.jpg 300w, https:\/\/www.eslebedasauto.at\/wp-content\/uploads\/2023\/07\/230705CH_H2393-768x512.jpg 768w, https:\/\/www.eslebedasauto.at\/wp-content\/uploads\/2023\/07\/230705CH_H2393-1536x1024.jpg 1536w, https:\/\/www.eslebedasauto.at\/wp-content\/uploads\/2023\/07\/230705CH_H2393-2048x1365.jpg 2048w, https:\/\/www.eslebedasauto.at\/wp-content\/uploads\/2023\/07\/230705CH_H2393-800x533.jpg 800w, https:\/\/www.eslebedasauto.at\/wp-content\/uploads\/2023\/07\/230705CH_H2393-1160x773.jpg 1160w\" sizes=\"(max-width: 1024px) 100vw, 1024px\" \/><\/a><\/figure>\n\n\n\n<figure class=\"wp-block-image size-large\"><a href=\"https:\/\/www.eslebedasauto.at\/wp-content\/uploads\/2023\/07\/230704CH_H9332-scaled.jpg\"><img loading=\"lazy\" decoding=\"async\" width=\"1024\" height=\"683\" data-id=\"92773\" src=\"https:\/\/www.eslebedasauto.at\/wp-content\/uploads\/2023\/07\/230704CH_H9332-1024x683.jpg\" alt=\"\" class=\"wp-image-92773\" srcset=\"https:\/\/www.eslebedasauto.at\/wp-content\/uploads\/2023\/07\/230704CH_H9332-1024x683.jpg 1024w, https:\/\/www.eslebedasauto.at\/wp-content\/uploads\/2023\/07\/230704CH_H9332-300x200.jpg 300w, https:\/\/www.eslebedasauto.at\/wp-content\/uploads\/2023\/07\/230704CH_H9332-768x512.jpg 768w, https:\/\/www.eslebedasauto.at\/wp-content\/uploads\/2023\/07\/230704CH_H9332-1536x1024.jpg 1536w, https:\/\/www.eslebedasauto.at\/wp-content\/uploads\/2023\/07\/230704CH_H9332-2048x1365.jpg 2048w, https:\/\/www.eslebedasauto.at\/wp-content\/uploads\/2023\/07\/230704CH_H9332-800x533.jpg 800w, https:\/\/www.eslebedasauto.at\/wp-content\/uploads\/2023\/07\/230704CH_H9332-1160x773.jpg 1160w\" sizes=\"(max-width: 1024px) 100vw, 1024px\" \/><\/a><figcaption class=\"wp-element-caption\">25 Jahre Audi TT<\/figcaption><\/figure>\n\n\n\n<figure class=\"wp-block-image size-large\"><a href=\"https:\/\/www.eslebedasauto.at\/wp-content\/uploads\/2023\/07\/230703CH_H9078-scaled.jpg\"><img loading=\"lazy\" decoding=\"async\" width=\"1024\" height=\"683\" data-id=\"92772\" src=\"https:\/\/www.eslebedasauto.at\/wp-content\/uploads\/2023\/07\/230703CH_H9078-1024x683.jpg\" alt=\"\" class=\"wp-image-92772\" srcset=\"https:\/\/www.eslebedasauto.at\/wp-content\/uploads\/2023\/07\/230703CH_H9078-1024x683.jpg 1024w, https:\/\/www.eslebedasauto.at\/wp-content\/uploads\/2023\/07\/230703CH_H9078-300x200.jpg 300w, https:\/\/www.eslebedasauto.at\/wp-content\/uploads\/2023\/07\/230703CH_H9078-768x512.jpg 768w, https:\/\/www.eslebedasauto.at\/wp-content\/uploads\/2023\/07\/230703CH_H9078-1536x1024.jpg 1536w, https:\/\/www.eslebedasauto.at\/wp-content\/uploads\/2023\/07\/230703CH_H9078-2048x1365.jpg 2048w, https:\/\/www.eslebedasauto.at\/wp-content\/uploads\/2023\/07\/230703CH_H9078-800x533.jpg 800w, https:\/\/www.eslebedasauto.at\/wp-content\/uploads\/2023\/07\/230703CH_H9078-1160x773.jpg 1160w\" sizes=\"(max-width: 1024px) 100vw, 1024px\" \/><\/a><figcaption class=\"wp-element-caption\">25 Jahre Audi TT<\/figcaption><\/figure>\n\n\n\n<figure class=\"wp-block-image size-large\"><a href=\"https:\/\/www.eslebedasauto.at\/wp-content\/uploads\/2023\/07\/230703CH_H9033-scaled.jpg\"><img loading=\"lazy\" decoding=\"async\" width=\"1024\" height=\"636\" data-id=\"92771\" src=\"https:\/\/www.eslebedasauto.at\/wp-content\/uploads\/2023\/07\/230703CH_H9033-1024x636.jpg\" alt=\"\" class=\"wp-image-92771\" srcset=\"https:\/\/www.eslebedasauto.at\/wp-content\/uploads\/2023\/07\/230703CH_H9033-1024x636.jpg 1024w, https:\/\/www.eslebedasauto.at\/wp-content\/uploads\/2023\/07\/230703CH_H9033-300x186.jpg 300w, https:\/\/www.eslebedasauto.at\/wp-content\/uploads\/2023\/07\/230703CH_H9033-768x477.jpg 768w, https:\/\/www.eslebedasauto.at\/wp-content\/uploads\/2023\/07\/230703CH_H9033-1536x954.jpg 1536w, https:\/\/www.eslebedasauto.at\/wp-content\/uploads\/2023\/07\/230703CH_H9033-2048x1272.jpg 2048w, https:\/\/www.eslebedasauto.at\/wp-content\/uploads\/2023\/07\/230703CH_H9033-800x497.jpg 800w, https:\/\/www.eslebedasauto.at\/wp-content\/uploads\/2023\/07\/230703CH_H9033-1160x721.jpg 1160w\" sizes=\"(max-width: 1024px) 100vw, 1024px\" \/><\/a><figcaption class=\"wp-element-caption\">25 Jahre Audi TT<\/figcaption><\/figure>\n\n\n\n<figure class=\"wp-block-image size-large\"><a href=\"https:\/\/www.eslebedasauto.at\/wp-content\/uploads\/2023\/07\/230704CH_H1046-scaled.jpg\"><img loading=\"lazy\" decoding=\"async\" width=\"1024\" height=\"683\" data-id=\"92770\" src=\"https:\/\/www.eslebedasauto.at\/wp-content\/uploads\/2023\/07\/230704CH_H1046-1024x683.jpg\" alt=\"\" class=\"wp-image-92770\" srcset=\"https:\/\/www.eslebedasauto.at\/wp-content\/uploads\/2023\/07\/230704CH_H1046-1024x683.jpg 1024w, https:\/\/www.eslebedasauto.at\/wp-content\/uploads\/2023\/07\/230704CH_H1046-300x200.jpg 300w, https:\/\/www.eslebedasauto.at\/wp-content\/uploads\/2023\/07\/230704CH_H1046-768x512.jpg 768w, https:\/\/www.eslebedasauto.at\/wp-content\/uploads\/2023\/07\/230704CH_H1046-1536x1024.jpg 1536w, https:\/\/www.eslebedasauto.at\/wp-content\/uploads\/2023\/07\/230704CH_H1046-2048x1365.jpg 2048w, https:\/\/www.eslebedasauto.at\/wp-content\/uploads\/2023\/07\/230704CH_H1046-800x533.jpg 800w, https:\/\/www.eslebedasauto.at\/wp-content\/uploads\/2023\/07\/230704CH_H1046-1160x773.jpg 1160w\" sizes=\"(max-width: 1024px) 100vw, 1024px\" \/><\/a><figcaption class=\"wp-element-caption\">25 Jahre Audi TT<\/figcaption><\/figure>\n\n\n\n<figure class=\"wp-block-image size-large\"><a href=\"https:\/\/www.eslebedasauto.at\/wp-content\/uploads\/2023\/07\/230704CH_H9347-scaled.jpg\"><img loading=\"lazy\" decoding=\"async\" width=\"1024\" height=\"683\" data-id=\"92768\" src=\"https:\/\/www.eslebedasauto.at\/wp-content\/uploads\/2023\/07\/230704CH_H9347-1024x683.jpg\" alt=\"\" class=\"wp-image-92768\" srcset=\"https:\/\/www.eslebedasauto.at\/wp-content\/uploads\/2023\/07\/230704CH_H9347-1024x683.jpg 1024w, https:\/\/www.eslebedasauto.at\/wp-content\/uploads\/2023\/07\/230704CH_H9347-300x200.jpg 300w, https:\/\/www.eslebedasauto.at\/wp-content\/uploads\/2023\/07\/230704CH_H9347-768x512.jpg 768w, https:\/\/www.eslebedasauto.at\/wp-content\/uploads\/2023\/07\/230704CH_H9347-1536x1024.jpg 1536w, https:\/\/www.eslebedasauto.at\/wp-content\/uploads\/2023\/07\/230704CH_H9347-2048x1365.jpg 2048w, https:\/\/www.eslebedasauto.at\/wp-content\/uploads\/2023\/07\/230704CH_H9347-800x533.jpg 800w, https:\/\/www.eslebedasauto.at\/wp-content\/uploads\/2023\/07\/230704CH_H9347-1160x773.jpg 1160w\" sizes=\"(max-width: 1024px) 100vw, 1024px\" \/><\/a><figcaption class=\"wp-element-caption\">25 Jahre Audi TT<\/figcaption><\/figure>\n\n\n\n<figure class=\"wp-block-image size-large\"><a href=\"https:\/\/www.eslebedasauto.at\/wp-content\/uploads\/2023\/07\/230704CH_H1396-scaled.jpg\"><img loading=\"lazy\" decoding=\"async\" width=\"1024\" height=\"683\" data-id=\"92767\" src=\"https:\/\/www.eslebedasauto.at\/wp-content\/uploads\/2023\/07\/230704CH_H1396-1024x683.jpg\" alt=\"\" class=\"wp-image-92767\" srcset=\"https:\/\/www.eslebedasauto.at\/wp-content\/uploads\/2023\/07\/230704CH_H1396-1024x683.jpg 1024w, https:\/\/www.eslebedasauto.at\/wp-content\/uploads\/2023\/07\/230704CH_H1396-300x200.jpg 300w, https:\/\/www.eslebedasauto.at\/wp-content\/uploads\/2023\/07\/230704CH_H1396-768x512.jpg 768w, https:\/\/www.eslebedasauto.at\/wp-content\/uploads\/2023\/07\/230704CH_H1396-1536x1024.jpg 1536w, https:\/\/www.eslebedasauto.at\/wp-content\/uploads\/2023\/07\/230704CH_H1396-2048x1365.jpg 2048w, https:\/\/www.eslebedasauto.at\/wp-content\/uploads\/2023\/07\/230704CH_H1396-800x533.jpg 800w, https:\/\/www.eslebedasauto.at\/wp-content\/uploads\/2023\/07\/230704CH_H1396-1160x773.jpg 1160w\" sizes=\"(max-width: 1024px) 100vw, 1024px\" \/><\/a><figcaption class=\"wp-element-caption\">25 Jahre Audi TT<\/figcaption><\/figure>\n\n\n\n<figure class=\"wp-block-image size-large\"><a href=\"https:\/\/www.eslebedasauto.at\/wp-content\/uploads\/2023\/07\/230704CH_H0020-scaled.jpg\"><img loading=\"lazy\" decoding=\"async\" width=\"1024\" height=\"683\" data-id=\"92766\" src=\"https:\/\/www.eslebedasauto.at\/wp-content\/uploads\/2023\/07\/230704CH_H0020-1024x683.jpg\" alt=\"\" class=\"wp-image-92766\" srcset=\"https:\/\/www.eslebedasauto.at\/wp-content\/uploads\/2023\/07\/230704CH_H0020-1024x683.jpg 1024w, https:\/\/www.eslebedasauto.at\/wp-content\/uploads\/2023\/07\/230704CH_H0020-300x200.jpg 300w, https:\/\/www.eslebedasauto.at\/wp-content\/uploads\/2023\/07\/230704CH_H0020-768x512.jpg 768w, https:\/\/www.eslebedasauto.at\/wp-content\/uploads\/2023\/07\/230704CH_H0020-1536x1024.jpg 1536w, https:\/\/www.eslebedasauto.at\/wp-content\/uploads\/2023\/07\/230704CH_H0020-2048x1365.jpg 2048w, https:\/\/www.eslebedasauto.at\/wp-content\/uploads\/2023\/07\/230704CH_H0020-800x533.jpg 800w, https:\/\/www.eslebedasauto.at\/wp-content\/uploads\/2023\/07\/230704CH_H0020-1160x773.jpg 1160w\" sizes=\"(max-width: 1024px) 100vw, 1024px\" \/><\/a><figcaption class=\"wp-element-caption\">25 Jahre Audi TT<\/figcaption><\/figure>\n\n\n\n<figure class=\"wp-block-image size-large\"><a href=\"https:\/\/www.eslebedasauto.at\/wp-content\/uploads\/2023\/07\/230704CH_H1269-scaled.jpg\"><img loading=\"lazy\" decoding=\"async\" width=\"1024\" height=\"683\" data-id=\"92765\" src=\"https:\/\/www.eslebedasauto.at\/wp-content\/uploads\/2023\/07\/230704CH_H1269-1024x683.jpg\" alt=\"\" class=\"wp-image-92765\" srcset=\"https:\/\/www.eslebedasauto.at\/wp-content\/uploads\/2023\/07\/230704CH_H1269-1024x683.jpg 1024w, https:\/\/www.eslebedasauto.at\/wp-content\/uploads\/2023\/07\/230704CH_H1269-300x200.jpg 300w, https:\/\/www.eslebedasauto.at\/wp-content\/uploads\/2023\/07\/230704CH_H1269-768x512.jpg 768w, https:\/\/www.eslebedasauto.at\/wp-content\/uploads\/2023\/07\/230704CH_H1269-1536x1024.jpg 1536w, https:\/\/www.eslebedasauto.at\/wp-content\/uploads\/2023\/07\/230704CH_H1269-2048x1365.jpg 2048w, https:\/\/www.eslebedasauto.at\/wp-content\/uploads\/2023\/07\/230704CH_H1269-800x533.jpg 800w, https:\/\/www.eslebedasauto.at\/wp-content\/uploads\/2023\/07\/230704CH_H1269-1160x773.jpg 1160w\" sizes=\"(max-width: 1024px) 100vw, 1024px\" \/><\/a><figcaption class=\"wp-element-caption\">25 Jahre Audi TT<\/figcaption><\/figure>\n\n\n\n<figure class=\"wp-block-image size-large\"><a href=\"https:\/\/www.eslebedasauto.at\/wp-content\/uploads\/2023\/07\/230704CH_H1266-scaled.jpg\"><img loading=\"lazy\" decoding=\"async\" width=\"1024\" height=\"683\" data-id=\"92764\" src=\"https:\/\/www.eslebedasauto.at\/wp-content\/uploads\/2023\/07\/230704CH_H1266-1024x683.jpg\" alt=\"\" class=\"wp-image-92764\" srcset=\"https:\/\/www.eslebedasauto.at\/wp-content\/uploads\/2023\/07\/230704CH_H1266-1024x683.jpg 1024w, https:\/\/www.eslebedasauto.at\/wp-content\/uploads\/2023\/07\/230704CH_H1266-300x200.jpg 300w, https:\/\/www.eslebedasauto.at\/wp-content\/uploads\/2023\/07\/230704CH_H1266-768x512.jpg 768w, https:\/\/www.eslebedasauto.at\/wp-content\/uploads\/2023\/07\/230704CH_H1266-1536x1024.jpg 1536w, https:\/\/www.eslebedasauto.at\/wp-content\/uploads\/2023\/07\/230704CH_H1266-2048x1365.jpg 2048w, https:\/\/www.eslebedasauto.at\/wp-content\/uploads\/2023\/07\/230704CH_H1266-800x533.jpg 800w, https:\/\/www.eslebedasauto.at\/wp-content\/uploads\/2023\/07\/230704CH_H1266-1160x773.jpg 1160w\" sizes=\"(max-width: 1024px) 100vw, 1024px\" \/><\/a><figcaption class=\"wp-element-caption\">25 Jahre Audi TT<\/figcaption><\/figure>\n\n\n\n<figure class=\"wp-block-image size-large\"><a href=\"https:\/\/www.eslebedasauto.at\/wp-content\/uploads\/2023\/07\/230704CH_H1436-scaled.jpg\"><img loading=\"lazy\" decoding=\"async\" width=\"683\" height=\"1024\" data-id=\"92763\" src=\"https:\/\/www.eslebedasauto.at\/wp-content\/uploads\/2023\/07\/230704CH_H1436-683x1024.jpg\" alt=\"\" class=\"wp-image-92763\" srcset=\"https:\/\/www.eslebedasauto.at\/wp-content\/uploads\/2023\/07\/230704CH_H1436-683x1024.jpg 683w, https:\/\/www.eslebedasauto.at\/wp-content\/uploads\/2023\/07\/230704CH_H1436-200x300.jpg 200w, https:\/\/www.eslebedasauto.at\/wp-content\/uploads\/2023\/07\/230704CH_H1436-768x1152.jpg 768w, https:\/\/www.eslebedasauto.at\/wp-content\/uploads\/2023\/07\/230704CH_H1436-1024x1536.jpg 1024w, https:\/\/www.eslebedasauto.at\/wp-content\/uploads\/2023\/07\/230704CH_H1436-1365x2048.jpg 1365w, https:\/\/www.eslebedasauto.at\/wp-content\/uploads\/2023\/07\/230704CH_H1436-800x1200.jpg 800w, https:\/\/www.eslebedasauto.at\/wp-content\/uploads\/2023\/07\/230704CH_H1436-1160x1740.jpg 1160w, https:\/\/www.eslebedasauto.at\/wp-content\/uploads\/2023\/07\/230704CH_H1436-scaled.jpg 1707w\" sizes=\"(max-width: 683px) 100vw, 683px\" \/><\/a><figcaption class=\"wp-element-caption\">25 Jahre Audi TT<\/figcaption><\/figure>\n\n\n\n<figure class=\"wp-block-image size-large\"><a href=\"https:\/\/www.eslebedasauto.at\/wp-content\/uploads\/2023\/07\/230704CH_H0303-scaled.jpg\"><img loading=\"lazy\" decoding=\"async\" width=\"1024\" height=\"683\" data-id=\"92762\" src=\"https:\/\/www.eslebedasauto.at\/wp-content\/uploads\/2023\/07\/230704CH_H0303-1024x683.jpg\" alt=\"\" class=\"wp-image-92762\" srcset=\"https:\/\/www.eslebedasauto.at\/wp-content\/uploads\/2023\/07\/230704CH_H0303-1024x683.jpg 1024w, https:\/\/www.eslebedasauto.at\/wp-content\/uploads\/2023\/07\/230704CH_H0303-300x200.jpg 300w, https:\/\/www.eslebedasauto.at\/wp-content\/uploads\/2023\/07\/230704CH_H0303-768x512.jpg 768w, https:\/\/www.eslebedasauto.at\/wp-content\/uploads\/2023\/07\/230704CH_H0303-1536x1024.jpg 1536w, https:\/\/www.eslebedasauto.at\/wp-content\/uploads\/2023\/07\/230704CH_H0303-2048x1365.jpg 2048w, https:\/\/www.eslebedasauto.at\/wp-content\/uploads\/2023\/07\/230704CH_H0303-800x533.jpg 800w, https:\/\/www.eslebedasauto.at\/wp-content\/uploads\/2023\/07\/230704CH_H0303-1160x773.jpg 1160w\" sizes=\"(max-width: 1024px) 100vw, 1024px\" \/><\/a><figcaption class=\"wp-element-caption\">25 Jahre Audi TT<\/figcaption><\/figure>\n\n\n\n<figure class=\"wp-block-image size-large\"><a href=\"https:\/\/www.eslebedasauto.at\/wp-content\/uploads\/2023\/07\/230704CH_H0137-scaled.jpg\"><img loading=\"lazy\" decoding=\"async\" width=\"1024\" height=\"683\" data-id=\"92761\" src=\"https:\/\/www.eslebedasauto.at\/wp-content\/uploads\/2023\/07\/230704CH_H0137-1024x683.jpg\" alt=\"\" class=\"wp-image-92761\" srcset=\"https:\/\/www.eslebedasauto.at\/wp-content\/uploads\/2023\/07\/230704CH_H0137-1024x683.jpg 1024w, https:\/\/www.eslebedasauto.at\/wp-content\/uploads\/2023\/07\/230704CH_H0137-300x200.jpg 300w, https:\/\/www.eslebedasauto.at\/wp-content\/uploads\/2023\/07\/230704CH_H0137-768x512.jpg 768w, https:\/\/www.eslebedasauto.at\/wp-content\/uploads\/2023\/07\/230704CH_H0137-1536x1024.jpg 1536w, https:\/\/www.eslebedasauto.at\/wp-content\/uploads\/2023\/07\/230704CH_H0137-2048x1365.jpg 2048w, https:\/\/www.eslebedasauto.at\/wp-content\/uploads\/2023\/07\/230704CH_H0137-800x533.jpg 800w, https:\/\/www.eslebedasauto.at\/wp-content\/uploads\/2023\/07\/230704CH_H0137-1160x773.jpg 1160w\" sizes=\"(max-width: 1024px) 100vw, 1024px\" \/><\/a><figcaption class=\"wp-element-caption\">25 Jahre Audi TT<\/figcaption><\/figure>\n<\/figure>\n\n\n\n<h3 id=\"rauf-auf-den-glockner\" class=\"wp-block-heading\">Rauf auf den Glockner!<\/h3>\n\n\n\n<p>Die von Audi organisierte Veranstaltung bot den Teilnehmern eine beeindruckende Streckenf\u00fchrung, die von Kaprun bis zum Gipfel des Gro\u00dfglockners f\u00fchrte. Ironischerweise fiel der Veranstaltungstag mit der j\u00e4hrlichen \u00d6sterreich-Rundfahrt der Rennradfahrer zusammen, was die Teilnehmer zu einer verl\u00e4ngerten Mittagspause im &#8222;Mankei&#8220; zwang. Mankei, der Name ist dem dort ans\u00e4ssigen Murmeltier geschuldet ;). Dort bot sich die Gelegenheit, Fotos von den dort platzierten Audi TT Modellen zu schie\u00dfen.<\/p>\n\n\n\n<figure class=\"wp-block-gallery has-nested-images columns-default is-cropped wp-block-gallery-2 is-layout-flex wp-block-gallery-is-layout-flex\">\n<figure class=\"wp-block-image size-large\"><a href=\"https:\/\/www.eslebedasauto.at\/wp-content\/uploads\/2023\/07\/IMG_4188-scaled.jpg\"><img loading=\"lazy\" decoding=\"async\" width=\"768\" height=\"1024\" data-id=\"92676\" src=\"https:\/\/www.eslebedasauto.at\/wp-content\/uploads\/2023\/07\/IMG_4188-768x1024.jpg\" alt=\"\" class=\"wp-image-92676\" srcset=\"https:\/\/www.eslebedasauto.at\/wp-content\/uploads\/2023\/07\/IMG_4188-768x1024.jpg 768w, https:\/\/www.eslebedasauto.at\/wp-content\/uploads\/2023\/07\/IMG_4188-225x300.jpg 225w, https:\/\/www.eslebedasauto.at\/wp-content\/uploads\/2023\/07\/IMG_4188-1152x1536.jpg 1152w, https:\/\/www.eslebedasauto.at\/wp-content\/uploads\/2023\/07\/IMG_4188-1536x2048.jpg 1536w, https:\/\/www.eslebedasauto.at\/wp-content\/uploads\/2023\/07\/IMG_4188-800x1067.jpg 800w, https:\/\/www.eslebedasauto.at\/wp-content\/uploads\/2023\/07\/IMG_4188-1160x1547.jpg 1160w, https:\/\/www.eslebedasauto.at\/wp-content\/uploads\/2023\/07\/IMG_4188-scaled.jpg 1920w\" sizes=\"(max-width: 768px) 100vw, 768px\" \/><\/a><\/figure>\n\n\n\n<figure class=\"wp-block-image size-large\"><a href=\"https:\/\/www.eslebedasauto.at\/wp-content\/uploads\/2023\/07\/IMG_4178-scaled.jpg\"><img loading=\"lazy\" decoding=\"async\" width=\"768\" height=\"1024\" data-id=\"92673\" src=\"https:\/\/www.eslebedasauto.at\/wp-content\/uploads\/2023\/07\/IMG_4178-768x1024.jpg\" alt=\"\" class=\"wp-image-92673\" srcset=\"https:\/\/www.eslebedasauto.at\/wp-content\/uploads\/2023\/07\/IMG_4178-768x1024.jpg 768w, https:\/\/www.eslebedasauto.at\/wp-content\/uploads\/2023\/07\/IMG_4178-225x300.jpg 225w, https:\/\/www.eslebedasauto.at\/wp-content\/uploads\/2023\/07\/IMG_4178-1152x1536.jpg 1152w, https:\/\/www.eslebedasauto.at\/wp-content\/uploads\/2023\/07\/IMG_4178-1536x2048.jpg 1536w, https:\/\/www.eslebedasauto.at\/wp-content\/uploads\/2023\/07\/IMG_4178-800x1067.jpg 800w, https:\/\/www.eslebedasauto.at\/wp-content\/uploads\/2023\/07\/IMG_4178-1160x1547.jpg 1160w, https:\/\/www.eslebedasauto.at\/wp-content\/uploads\/2023\/07\/IMG_4178-scaled.jpg 1920w\" sizes=\"(max-width: 768px) 100vw, 768px\" \/><\/a><\/figure>\n\n\n\n<figure class=\"wp-block-image size-large\"><a href=\"https:\/\/www.eslebedasauto.at\/wp-content\/uploads\/2023\/07\/IMG_4185-scaled.jpg\"><img loading=\"lazy\" decoding=\"async\" width=\"768\" height=\"1024\" data-id=\"92674\" src=\"https:\/\/www.eslebedasauto.at\/wp-content\/uploads\/2023\/07\/IMG_4185-768x1024.jpg\" alt=\"\" class=\"wp-image-92674\" srcset=\"https:\/\/www.eslebedasauto.at\/wp-content\/uploads\/2023\/07\/IMG_4185-768x1024.jpg 768w, https:\/\/www.eslebedasauto.at\/wp-content\/uploads\/2023\/07\/IMG_4185-225x300.jpg 225w, https:\/\/www.eslebedasauto.at\/wp-content\/uploads\/2023\/07\/IMG_4185-1152x1536.jpg 1152w, https:\/\/www.eslebedasauto.at\/wp-content\/uploads\/2023\/07\/IMG_4185-1536x2048.jpg 1536w, https:\/\/www.eslebedasauto.at\/wp-content\/uploads\/2023\/07\/IMG_4185-800x1067.jpg 800w, https:\/\/www.eslebedasauto.at\/wp-content\/uploads\/2023\/07\/IMG_4185-1160x1547.jpg 1160w, https:\/\/www.eslebedasauto.at\/wp-content\/uploads\/2023\/07\/IMG_4185-scaled.jpg 1920w\" sizes=\"(max-width: 768px) 100vw, 768px\" \/><\/a><\/figure>\n\n\n\n<figure class=\"wp-block-image size-large\"><a href=\"https:\/\/www.eslebedasauto.at\/wp-content\/uploads\/2023\/07\/IMG_4166-scaled.jpg\"><img loading=\"lazy\" decoding=\"async\" width=\"768\" height=\"1024\" data-id=\"92670\" src=\"https:\/\/www.eslebedasauto.at\/wp-content\/uploads\/2023\/07\/IMG_4166-768x1024.jpg\" alt=\"\" class=\"wp-image-92670\" srcset=\"https:\/\/www.eslebedasauto.at\/wp-content\/uploads\/2023\/07\/IMG_4166-768x1024.jpg 768w, https:\/\/www.eslebedasauto.at\/wp-content\/uploads\/2023\/07\/IMG_4166-225x300.jpg 225w, https:\/\/www.eslebedasauto.at\/wp-content\/uploads\/2023\/07\/IMG_4166-1152x1536.jpg 1152w, https:\/\/www.eslebedasauto.at\/wp-content\/uploads\/2023\/07\/IMG_4166-1536x2048.jpg 1536w, https:\/\/www.eslebedasauto.at\/wp-content\/uploads\/2023\/07\/IMG_4166-800x1067.jpg 800w, https:\/\/www.eslebedasauto.at\/wp-content\/uploads\/2023\/07\/IMG_4166-1160x1547.jpg 1160w, https:\/\/www.eslebedasauto.at\/wp-content\/uploads\/2023\/07\/IMG_4166-scaled.jpg 1920w\" sizes=\"(max-width: 768px) 100vw, 768px\" \/><\/a><\/figure>\n\n\n\n<figure class=\"wp-block-image size-large\"><a href=\"https:\/\/www.eslebedasauto.at\/wp-content\/uploads\/2023\/07\/IMG_4187-scaled.jpg\"><img loading=\"lazy\" decoding=\"async\" width=\"768\" height=\"1024\" data-id=\"92675\" src=\"https:\/\/www.eslebedasauto.at\/wp-content\/uploads\/2023\/07\/IMG_4187-768x1024.jpg\" alt=\"\" class=\"wp-image-92675\" srcset=\"https:\/\/www.eslebedasauto.at\/wp-content\/uploads\/2023\/07\/IMG_4187-768x1024.jpg 768w, https:\/\/www.eslebedasauto.at\/wp-content\/uploads\/2023\/07\/IMG_4187-225x300.jpg 225w, https:\/\/www.eslebedasauto.at\/wp-content\/uploads\/2023\/07\/IMG_4187-1152x1536.jpg 1152w, https:\/\/www.eslebedasauto.at\/wp-content\/uploads\/2023\/07\/IMG_4187-1536x2048.jpg 1536w, https:\/\/www.eslebedasauto.at\/wp-content\/uploads\/2023\/07\/IMG_4187-800x1067.jpg 800w, https:\/\/www.eslebedasauto.at\/wp-content\/uploads\/2023\/07\/IMG_4187-1160x1547.jpg 1160w, https:\/\/www.eslebedasauto.at\/wp-content\/uploads\/2023\/07\/IMG_4187-scaled.jpg 1920w\" sizes=\"(max-width: 768px) 100vw, 768px\" \/><\/a><\/figure>\n\n\n\n<figure class=\"wp-block-image size-large\"><a href=\"https:\/\/www.eslebedasauto.at\/wp-content\/uploads\/2023\/07\/IMG_4167-scaled.jpg\"><img loading=\"lazy\" decoding=\"async\" width=\"768\" height=\"1024\" data-id=\"92671\" src=\"https:\/\/www.eslebedasauto.at\/wp-content\/uploads\/2023\/07\/IMG_4167-768x1024.jpg\" alt=\"\" class=\"wp-image-92671\" srcset=\"https:\/\/www.eslebedasauto.at\/wp-content\/uploads\/2023\/07\/IMG_4167-768x1024.jpg 768w, https:\/\/www.eslebedasauto.at\/wp-content\/uploads\/2023\/07\/IMG_4167-225x300.jpg 225w, https:\/\/www.eslebedasauto.at\/wp-content\/uploads\/2023\/07\/IMG_4167-1152x1536.jpg 1152w, https:\/\/www.eslebedasauto.at\/wp-content\/uploads\/2023\/07\/IMG_4167-1536x2048.jpg 1536w, https:\/\/www.eslebedasauto.at\/wp-content\/uploads\/2023\/07\/IMG_4167-800x1067.jpg 800w, https:\/\/www.eslebedasauto.at\/wp-content\/uploads\/2023\/07\/IMG_4167-1160x1547.jpg 1160w, https:\/\/www.eslebedasauto.at\/wp-content\/uploads\/2023\/07\/IMG_4167-scaled.jpg 1920w\" sizes=\"(max-width: 768px) 100vw, 768px\" \/><\/a><\/figure>\n\n\n\n<figure class=\"wp-block-image size-large\"><a href=\"https:\/\/www.eslebedasauto.at\/wp-content\/uploads\/2023\/07\/IMG_4147-scaled.jpg\"><img loading=\"lazy\" decoding=\"async\" width=\"1024\" height=\"768\" data-id=\"92665\" src=\"https:\/\/www.eslebedasauto.at\/wp-content\/uploads\/2023\/07\/IMG_4147-1024x768.jpg\" alt=\"\" class=\"wp-image-92665\" srcset=\"https:\/\/www.eslebedasauto.at\/wp-content\/uploads\/2023\/07\/IMG_4147-1024x768.jpg 1024w, https:\/\/www.eslebedasauto.at\/wp-content\/uploads\/2023\/07\/IMG_4147-300x225.jpg 300w, https:\/\/www.eslebedasauto.at\/wp-content\/uploads\/2023\/07\/IMG_4147-768x576.jpg 768w, https:\/\/www.eslebedasauto.at\/wp-content\/uploads\/2023\/07\/IMG_4147-1536x1152.jpg 1536w, https:\/\/www.eslebedasauto.at\/wp-content\/uploads\/2023\/07\/IMG_4147-2048x1536.jpg 2048w, https:\/\/www.eslebedasauto.at\/wp-content\/uploads\/2023\/07\/IMG_4147-800x600.jpg 800w, https:\/\/www.eslebedasauto.at\/wp-content\/uploads\/2023\/07\/IMG_4147-1160x870.jpg 1160w\" sizes=\"(max-width: 1024px) 100vw, 1024px\" \/><\/a><\/figure>\n<\/figure>\n\n\n\n<p>Ein weiteres Highlight war die Pr\u00e4sentation von <strong>Dany Garand<\/strong>,&nbsp; <strong>Exterieur Designer<\/strong> des <strong>Audi TT<\/strong>. Der Kanadier fesselte, gemeinsam mit <strong>J\u00fcrgen L\u00f6ffler<\/strong> (<strong>Designer AUDI AG<\/strong>) das Publikum mit spannenden Einblicken in den Entstehungsprozess des Designs und wie verschiedene Einfl\u00fcsse das Team \u00fcber die Jahre begleiteten. Dabei stellte Dany die Geschichte und seine Highlights vor. Vom Bauhausstil des Ur-TT, \u00fcber die Einfl\u00fcsse von K\u00fcnstlern und ber\u00fchmten Pers\u00f6nlichkeiten und einschneidenden Ereignissen.<\/p>\n\n\n\n<h3 id=\"dies-alles-lies-vor-uber-25-jahren-das-design-des-tt-reifen\" class=\"wp-block-heading\">Dies alles lie\u00df vor \u00fcber 25 Jahren das Design des TT reifen.<\/h3>\n\n\n\n<p>Dabei ist der Prozess der Formfindung ein stetiger Wettkampf unter den Designer bei Audi, erz\u00e4hlte Dany im Einzelgespr\u00e4ch. Das Ganze dauert bis zu vier Jahre und man muss richtiggehend daf\u00fcr k\u00e4mpfen. Audi wei\u00df, dass Konkurrenz das Gesch\u00e4ft belebt, auch bei internen Arbeitsabl\u00e4ufen. Ein besondere Moment, war dann noch die \u00dcbergabe einer Design-Skizze durch J\u00fcrgen L\u00f6ffler an unseren Redakteur J\u00fcrgen.<\/p>\n\n\n\n<p>Beim gemeinsamen Abendessen hatten die Teilnehmer au\u00dferdem die M\u00f6glichkeit, mit Dany Garand pers\u00f6nlich \u00fcber den Entstehungsprozess eines Fahrzeug-Designs zu sprechen und mehr \u00fcber die Bedeutung einer Skizze zu erfahren. Auch die Damen von der Kommunikation sowie die Experten der Audi Tradition Brigade, die sich um die Pflege und Betreuung der \u00e4lteren Audi TT-Modelle k\u00fcmmern, waren mit an Bord und trugen zum Erfolg des Events bei.<\/p>\n\n\n\n<h3 id=\"unser-redakteur-hatte-das-privileg-eine-reihe-von-fahrzeugen-zu-testen-und-erlebte-die-faszination-des-audi-tt-hautnah\" class=\"wp-block-heading\">Unser Redakteur hatte das Privileg, eine Reihe von Fahrzeugen zu testen und erlebte die Faszination des Audi TT hautnah. <\/h3>\n\n\n\n<p>Unter anderem standen ihm Fahrzeuge wie der <strong>TT Roadster 1.8T<\/strong> (1999) mit 132 kW in der Farbe Steppengras, das <strong>TT Coup\u00e9 1.8T quattro<\/strong> (2000) mit 165 kW in Lichtsilber metallic sowie das <strong>TT RS Coup\u00e9 2.5TFSI quattro<\/strong> (2012) mit 265 kW in Floridablau und der brandneue <strong>TT RS Roadster<\/strong> mit 235 kW in Tangorot zur Verf\u00fcgung. Jedes Fahrzeug bot ein einzigartiges Fahrerlebnis und verk\u00f6rperte die Leidenschaft und das unverkennbare Design des Audi TT. Wir pers\u00f6nlich lieben die Handschalter, hier kam bei der Fahrt auf den Glockner zeitweise echtes Rennfeeling auf. Der Audi Fotograf leistete ganze Arbeit und wir hatten bei der Auffahrt zum Mankei auch noch perfektes Wetter.<\/p>\n\n\n\n<figure class=\"wp-block-gallery has-nested-images columns-default is-cropped wp-block-gallery-3 is-layout-flex wp-block-gallery-is-layout-flex\"><\/figure>\n\n\n\n<p><\/p>\n\n\n\n<p>Das Jubil\u00e4umsevent war nicht nur ein Meilenstein f\u00fcr den Audi TT, sondern auch eine Hommage an die Fans und Enthusiasten, die den Erfolg des Modells \u00fcber die Jahre hinweg mitgetragen haben. Es war eine Gelegenheit, die Erfolge und Errungenschaften des Audi TT zu feiern und die Zukunft der Marke zu erkunden.<br><\/p>\n\n\n\n<figure class=\"wp-block-gallery has-nested-images columns-default is-cropped wp-block-gallery-4 is-layout-flex wp-block-gallery-is-layout-flex\">\n<figure class=\"wp-block-image size-large\"><a href=\"https:\/\/www.eslebedasauto.at\/wp-content\/uploads\/2023\/07\/230703CH_H9007-scaled.jpg\"><img loading=\"lazy\" decoding=\"async\" width=\"1024\" height=\"527\" data-id=\"92778\" src=\"https:\/\/www.eslebedasauto.at\/wp-content\/uploads\/2023\/07\/230703CH_H9007-1024x527.jpg\" alt=\"\" class=\"wp-image-92778\" srcset=\"https:\/\/www.eslebedasauto.at\/wp-content\/uploads\/2023\/07\/230703CH_H9007-1024x527.jpg 1024w, https:\/\/www.eslebedasauto.at\/wp-content\/uploads\/2023\/07\/230703CH_H9007-300x155.jpg 300w, https:\/\/www.eslebedasauto.at\/wp-content\/uploads\/2023\/07\/230703CH_H9007-768x396.jpg 768w, https:\/\/www.eslebedasauto.at\/wp-content\/uploads\/2023\/07\/230703CH_H9007-1536x791.jpg 1536w, https:\/\/www.eslebedasauto.at\/wp-content\/uploads\/2023\/07\/230703CH_H9007-2048x1055.jpg 2048w, https:\/\/www.eslebedasauto.at\/wp-content\/uploads\/2023\/07\/230703CH_H9007-800x412.jpg 800w, https:\/\/www.eslebedasauto.at\/wp-content\/uploads\/2023\/07\/230703CH_H9007-1160x597.jpg 1160w\" sizes=\"(max-width: 1024px) 100vw, 1024px\" \/><\/a><figcaption class=\"wp-element-caption\">25 Jahre Audi TT<\/figcaption><\/figure>\n\n\n\n<figure class=\"wp-block-image size-large\"><a href=\"https:\/\/www.eslebedasauto.at\/wp-content\/uploads\/2023\/07\/230704CH_H1237-scaled.jpg\"><img loading=\"lazy\" decoding=\"async\" width=\"1024\" height=\"683\" data-id=\"92769\" src=\"https:\/\/www.eslebedasauto.at\/wp-content\/uploads\/2023\/07\/230704CH_H1237-1024x683.jpg\" alt=\"\" class=\"wp-image-92769\" srcset=\"https:\/\/www.eslebedasauto.at\/wp-content\/uploads\/2023\/07\/230704CH_H1237-1024x683.jpg 1024w, https:\/\/www.eslebedasauto.at\/wp-content\/uploads\/2023\/07\/230704CH_H1237-300x200.jpg 300w, https:\/\/www.eslebedasauto.at\/wp-content\/uploads\/2023\/07\/230704CH_H1237-768x512.jpg 768w, https:\/\/www.eslebedasauto.at\/wp-content\/uploads\/2023\/07\/230704CH_H1237-1536x1024.jpg 1536w, https:\/\/www.eslebedasauto.at\/wp-content\/uploads\/2023\/07\/230704CH_H1237-2048x1365.jpg 2048w, https:\/\/www.eslebedasauto.at\/wp-content\/uploads\/2023\/07\/230704CH_H1237-800x533.jpg 800w, https:\/\/www.eslebedasauto.at\/wp-content\/uploads\/2023\/07\/230704CH_H1237-1160x773.jpg 1160w\" sizes=\"(max-width: 1024px) 100vw, 1024px\" \/><\/a><figcaption class=\"wp-element-caption\">25 Jahre Audi TT<\/figcaption><\/figure>\n\n\n\n<figure class=\"wp-block-image size-large\"><a href=\"https:\/\/www.eslebedasauto.at\/wp-content\/uploads\/2023\/07\/IMG_4218-scaled.jpg\"><img loading=\"lazy\" decoding=\"async\" width=\"768\" height=\"1024\" data-id=\"92679\" src=\"https:\/\/www.eslebedasauto.at\/wp-content\/uploads\/2023\/07\/IMG_4218-768x1024.jpg\" alt=\"\" class=\"wp-image-92679\" srcset=\"https:\/\/www.eslebedasauto.at\/wp-content\/uploads\/2023\/07\/IMG_4218-768x1024.jpg 768w, https:\/\/www.eslebedasauto.at\/wp-content\/uploads\/2023\/07\/IMG_4218-225x300.jpg 225w, https:\/\/www.eslebedasauto.at\/wp-content\/uploads\/2023\/07\/IMG_4218-1152x1536.jpg 1152w, https:\/\/www.eslebedasauto.at\/wp-content\/uploads\/2023\/07\/IMG_4218-1536x2048.jpg 1536w, https:\/\/www.eslebedasauto.at\/wp-content\/uploads\/2023\/07\/IMG_4218-800x1067.jpg 800w, https:\/\/www.eslebedasauto.at\/wp-content\/uploads\/2023\/07\/IMG_4218-1160x1547.jpg 1160w, https:\/\/www.eslebedasauto.at\/wp-content\/uploads\/2023\/07\/IMG_4218-scaled.jpg 1920w\" sizes=\"(max-width: 768px) 100vw, 768px\" \/><\/a><\/figure>\n\n\n\n<figure class=\"wp-block-image size-large\"><a href=\"https:\/\/www.eslebedasauto.at\/wp-content\/uploads\/2023\/07\/IMG_4213-scaled.jpg\"><img loading=\"lazy\" decoding=\"async\" width=\"768\" height=\"1024\" data-id=\"92678\" src=\"https:\/\/www.eslebedasauto.at\/wp-content\/uploads\/2023\/07\/IMG_4213-768x1024.jpg\" alt=\"\" class=\"wp-image-92678\" srcset=\"https:\/\/www.eslebedasauto.at\/wp-content\/uploads\/2023\/07\/IMG_4213-768x1024.jpg 768w, https:\/\/www.eslebedasauto.at\/wp-content\/uploads\/2023\/07\/IMG_4213-225x300.jpg 225w, https:\/\/www.eslebedasauto.at\/wp-content\/uploads\/2023\/07\/IMG_4213-1152x1536.jpg 1152w, https:\/\/www.eslebedasauto.at\/wp-content\/uploads\/2023\/07\/IMG_4213-1536x2048.jpg 1536w, https:\/\/www.eslebedasauto.at\/wp-content\/uploads\/2023\/07\/IMG_4213-800x1067.jpg 800w, https:\/\/www.eslebedasauto.at\/wp-content\/uploads\/2023\/07\/IMG_4213-1160x1547.jpg 1160w, https:\/\/www.eslebedasauto.at\/wp-content\/uploads\/2023\/07\/IMG_4213-scaled.jpg 1920w\" sizes=\"(max-width: 768px) 100vw, 768px\" \/><\/a><\/figure>\n\n\n\n<figure class=\"wp-block-image size-large\"><a href=\"https:\/\/www.eslebedasauto.at\/wp-content\/uploads\/2023\/07\/IMG_4141-scaled.jpg\"><img loading=\"lazy\" decoding=\"async\" width=\"768\" height=\"1024\" data-id=\"92663\" src=\"https:\/\/www.eslebedasauto.at\/wp-content\/uploads\/2023\/07\/IMG_4141-768x1024.jpg\" alt=\"\" class=\"wp-image-92663\" srcset=\"https:\/\/www.eslebedasauto.at\/wp-content\/uploads\/2023\/07\/IMG_4141-768x1024.jpg 768w, https:\/\/www.eslebedasauto.at\/wp-content\/uploads\/2023\/07\/IMG_4141-225x300.jpg 225w, https:\/\/www.eslebedasauto.at\/wp-content\/uploads\/2023\/07\/IMG_4141-1152x1536.jpg 1152w, https:\/\/www.eslebedasauto.at\/wp-content\/uploads\/2023\/07\/IMG_4141-1536x2048.jpg 1536w, https:\/\/www.eslebedasauto.at\/wp-content\/uploads\/2023\/07\/IMG_4141-800x1067.jpg 800w, https:\/\/www.eslebedasauto.at\/wp-content\/uploads\/2023\/07\/IMG_4141-1160x1547.jpg 1160w, https:\/\/www.eslebedasauto.at\/wp-content\/uploads\/2023\/07\/IMG_4141-scaled.jpg 1920w\" sizes=\"(max-width: 768px) 100vw, 768px\" \/><\/a><\/figure>\n<\/figure>\n\n\n\n<p>Insgesamt war das Jubil\u00e4umsevent von Audi in Kaprun ein voller Erfolg und ein unvergessliches Erlebnis f\u00fcr alle Teilnehmer. Die Kombination aus atemberaubender Landschaft, leistungsstarken Fahrzeugen und faszinierenden Einblicken in das Design machten das Event zu einem wahren Motorsport-Spektakel.<\/p>\n\n\n\n<p>Fotocredit: \u00a9 J\u00fcrgen H\u00f6glinger \/ \u00a9 HOUDEK PHOTOGRAPHIE<\/p>","protected":false},"excerpt":{"rendered":"<p>Wenn eine Legende wie der Audi TT seinen 25 -j\u00e4hrigen Geburtstag feiert, dann sollte man sich diese Fete nicht entgehen lassen!<\/p>","protected":false},"author":1,"featured_media":92783,"comment_status":"open","ping_status":"open","sticky":false,"template":"","format":"standard","meta":{"neve_meta_sidebar":"","neve_meta_container":"","neve_meta_enable_content_width":"","neve_meta_content_width":0,"neve_meta_title_alignment":"","neve_meta_author_avatar":"","neve_post_elements_order":"","neve_meta_disable_header":"","neve_meta_disable_footer":"","neve_meta_disable_title":"","neve_meta_reading_time":"","footnotes":""},"categories":[335,328],"tags":[],"class_list":["post-92654","post","type-post","status-publish","format-standard","has-post-thumbnail","hentry","category-fahrberichte","category-news"],"yoast_head":"<!-- This site is optimized with the Yoast SEO plugin v26.8 - https:\/\/yoast.com\/product\/yoast-seo-wordpress\/ -->\n<title>Der Audi TT feierte 25 Jahre und wir waren dabei! - Es lebe das Auto<\/title>\n<meta name=\"description\" content=\"Wenn eine Legende wie der Audi TT seinen 25 -j\u00e4hrigen Geburtstag feiert, dann sollte man sich diese Fete nicht entgehen lassen!\" \/>\n<meta name=\"robots\" content=\"index, follow, max-snippet:-1, max-image-preview:large, max-video-preview:-1\" \/>\n<link rel=\"canonical\" href=\"https:\/\/www.eslebedasauto.at\/it\/grossartiges-jubilaeumsevent-von-audi-feiert-25-jahre-audi-tt-in-kaprun-oesterreich\/\" \/>\n<meta property=\"og:locale\" content=\"it_IT\" \/>\n<meta property=\"og:type\" content=\"article\" \/>\n<meta property=\"og:title\" content=\"Der Audi TT feierte 25 Jahre und wir waren dabei! - Es lebe das Auto\" \/>\n<meta property=\"og:description\" content=\"Wenn eine Legende wie der Audi TT seinen 25 -j\u00e4hrigen Geburtstag feiert, dann sollte man sich diese Fete nicht entgehen lassen!\" \/>\n<meta property=\"og:url\" content=\"https:\/\/www.eslebedasauto.at\/it\/grossartiges-jubilaeumsevent-von-audi-feiert-25-jahre-audi-tt-in-kaprun-oesterreich\/\" \/>\n<meta property=\"og:site_name\" content=\"Es lebe das Auto\" \/>\n<meta property=\"article:publisher\" content=\"https:\/\/www.facebook.com\/eslebedasauto.at\" \/>\n<meta property=\"article:published_time\" content=\"2023-07-08T04:59:11+00:00\" \/>\n<meta property=\"article:modified_time\" content=\"2023-07-08T05:08:23+00:00\" \/>\n<meta property=\"og:image\" content=\"https:\/\/www.eslebedasauto.at\/wp-content\/uploads\/2023\/07\/230704CH_H0370-scaled.jpg\" \/>\n\t<meta property=\"og:image:width\" content=\"2560\" \/>\n\t<meta property=\"og:image:height\" content=\"1707\" \/>\n\t<meta property=\"og:image:type\" content=\"image\/jpeg\" \/>\n<meta name=\"author\" content=\"Juergen\" \/>\n<meta name=\"twitter:card\" content=\"summary_large_image\" \/>\n<meta name=\"twitter:label1\" content=\"Scritto da\" \/>\n\t<meta name=\"twitter:data1\" content=\"Juergen\" \/>\n\t<meta name=\"twitter:label2\" content=\"Tempo di lettura stimato\" \/>\n\t<meta name=\"twitter:data2\" content=\"10 minuti\" \/>\n<script type=\"application\/ld+json\" class=\"yoast-schema-graph\">{\"@context\":\"https:\/\/schema.org\",\"@graph\":[{\"@type\":\"Article\",\"@id\":\"https:\/\/www.eslebedasauto.at\/grossartiges-jubilaeumsevent-von-audi-feiert-25-jahre-audi-tt-in-kaprun-oesterreich\/#article\",\"isPartOf\":{\"@id\":\"https:\/\/www.eslebedasauto.at\/grossartiges-jubilaeumsevent-von-audi-feiert-25-jahre-audi-tt-in-kaprun-oesterreich\/\"},\"author\":{\"name\":\"Juergen\",\"@id\":\"https:\/\/www.eslebedasauto.at\/#\/schema\/person\/4ecfb7fe1eb40654e5370227118c3fc2\"},\"headline\":\"Der Audi TT feierte 25 Jahre und wir waren dabei!\",\"datePublished\":\"2023-07-08T04:59:11+00:00\",\"dateModified\":\"2023-07-08T05:08:23+00:00\",\"mainEntityOfPage\":{\"@id\":\"https:\/\/www.eslebedasauto.at\/grossartiges-jubilaeumsevent-von-audi-feiert-25-jahre-audi-tt-in-kaprun-oesterreich\/\"},\"wordCount\":648,\"commentCount\":0,\"publisher\":{\"@id\":\"https:\/\/www.eslebedasauto.at\/#organization\"},\"image\":{\"@id\":\"https:\/\/www.eslebedasauto.at\/grossartiges-jubilaeumsevent-von-audi-feiert-25-jahre-audi-tt-in-kaprun-oesterreich\/#primaryimage\"},\"thumbnailUrl\":\"https:\/\/www.eslebedasauto.at\/wp-content\/uploads\/2023\/07\/230704CH_H0370-scaled.jpg\",\"articleSection\":[\"Fahrberichte\",\"News\"],\"inLanguage\":\"it-IT\",\"potentialAction\":[{\"@type\":\"CommentAction\",\"name\":\"Comment\",\"target\":[\"https:\/\/www.eslebedasauto.at\/grossartiges-jubilaeumsevent-von-audi-feiert-25-jahre-audi-tt-in-kaprun-oesterreich\/#respond\"]}]},{\"@type\":\"WebPage\",\"@id\":\"https:\/\/www.eslebedasauto.at\/grossartiges-jubilaeumsevent-von-audi-feiert-25-jahre-audi-tt-in-kaprun-oesterreich\/\",\"url\":\"https:\/\/www.eslebedasauto.at\/grossartiges-jubilaeumsevent-von-audi-feiert-25-jahre-audi-tt-in-kaprun-oesterreich\/\",\"name\":\"Der Audi TT feierte 25 Jahre und wir waren dabei! - Es lebe das Auto\",\"isPartOf\":{\"@id\":\"https:\/\/www.eslebedasauto.at\/#website\"},\"primaryImageOfPage\":{\"@id\":\"https:\/\/www.eslebedasauto.at\/grossartiges-jubilaeumsevent-von-audi-feiert-25-jahre-audi-tt-in-kaprun-oesterreich\/#primaryimage\"},\"image\":{\"@id\":\"https:\/\/www.eslebedasauto.at\/grossartiges-jubilaeumsevent-von-audi-feiert-25-jahre-audi-tt-in-kaprun-oesterreich\/#primaryimage\"},\"thumbnailUrl\":\"https:\/\/www.eslebedasauto.at\/wp-content\/uploads\/2023\/07\/230704CH_H0370-scaled.jpg\",\"datePublished\":\"2023-07-08T04:59:11+00:00\",\"dateModified\":\"2023-07-08T05:08:23+00:00\",\"description\":\"Wenn eine Legende wie der Audi TT seinen 25 -j\u00e4hrigen Geburtstag feiert, dann sollte man sich diese Fete nicht entgehen lassen!\",\"breadcrumb\":{\"@id\":\"https:\/\/www.eslebedasauto.at\/grossartiges-jubilaeumsevent-von-audi-feiert-25-jahre-audi-tt-in-kaprun-oesterreich\/#breadcrumb\"},\"inLanguage\":\"it-IT\",\"potentialAction\":[{\"@type\":\"ReadAction\",\"target\":[\"https:\/\/www.eslebedasauto.at\/grossartiges-jubilaeumsevent-von-audi-feiert-25-jahre-audi-tt-in-kaprun-oesterreich\/\"]}]},{\"@type\":\"ImageObject\",\"inLanguage\":\"it-IT\",\"@id\":\"https:\/\/www.eslebedasauto.at\/grossartiges-jubilaeumsevent-von-audi-feiert-25-jahre-audi-tt-in-kaprun-oesterreich\/#primaryimage\",\"url\":\"https:\/\/www.eslebedasauto.at\/wp-content\/uploads\/2023\/07\/230704CH_H0370-scaled.jpg\",\"contentUrl\":\"https:\/\/www.eslebedasauto.at\/wp-content\/uploads\/2023\/07\/230704CH_H0370-scaled.jpg\",\"width\":2560,\"height\":1707,\"caption\":\"25 Jahre Audi TT\"},{\"@type\":\"BreadcrumbList\",\"@id\":\"https:\/\/www.eslebedasauto.at\/grossartiges-jubilaeumsevent-von-audi-feiert-25-jahre-audi-tt-in-kaprun-oesterreich\/#breadcrumb\",\"itemListElement\":[{\"@type\":\"ListItem\",\"position\":1,\"name\":\"Startseite\",\"item\":\"https:\/\/www.eslebedasauto.at\/\"},{\"@type\":\"ListItem\",\"position\":2,\"name\":\"Der Audi TT feierte 25 Jahre und wir waren dabei!\"}]},{\"@type\":\"WebSite\",\"@id\":\"https:\/\/www.eslebedasauto.at\/#website\",\"url\":\"https:\/\/www.eslebedasauto.at\/\",\"name\":\"Es lebe das Auto\",\"description\":\"ein Hoch auf den Individualverkehr\",\"publisher\":{\"@id\":\"https:\/\/www.eslebedasauto.at\/#organization\"},\"potentialAction\":[{\"@type\":\"SearchAction\",\"target\":{\"@type\":\"EntryPoint\",\"urlTemplate\":\"https:\/\/www.eslebedasauto.at\/?s={search_term_string}\"},\"query-input\":{\"@type\":\"PropertyValueSpecification\",\"valueRequired\":true,\"valueName\":\"search_term_string\"}}],\"inLanguage\":\"it-IT\"},{\"@type\":\"Organization\",\"@id\":\"https:\/\/www.eslebedasauto.at\/#organization\",\"name\":\"eslebedasauto\",\"url\":\"https:\/\/www.eslebedasauto.at\/\",\"logo\":{\"@type\":\"ImageObject\",\"inLanguage\":\"it-IT\",\"@id\":\"https:\/\/www.eslebedasauto.at\/#\/schema\/logo\/image\/\",\"url\":\"https:\/\/www.eslebedasauto.at\/wp-content\/uploads\/2025\/10\/eldarund.png\",\"contentUrl\":\"https:\/\/www.eslebedasauto.at\/wp-content\/uploads\/2025\/10\/eldarund.png\",\"width\":1024,\"height\":1024,\"caption\":\"eslebedasauto\"},\"image\":{\"@id\":\"https:\/\/www.eslebedasauto.at\/#\/schema\/logo\/image\/\"},\"sameAs\":[\"https:\/\/www.facebook.com\/eslebedasauto.at\",\"https:\/\/www.instagram.com\/es_lebe_das_auto\/\"]},{\"@type\":\"Person\",\"@id\":\"https:\/\/www.eslebedasauto.at\/#\/schema\/person\/4ecfb7fe1eb40654e5370227118c3fc2\",\"name\":\"Juergen\",\"url\":\"https:\/\/www.eslebedasauto.at\/it\/author\/netzwerkkapitaene-og\/\"}]}<\/script>\n<!-- \/ Yoast SEO plugin. -->","yoast_head_json":{"title":"Der Audi TT feierte 25 Jahre und wir waren dabei! - Es lebe das Auto","description":"Wenn eine Legende wie der Audi TT seinen 25 -j\u00e4hrigen Geburtstag feiert, dann sollte man sich diese Fete nicht entgehen lassen!","robots":{"index":"index","follow":"follow","max-snippet":"max-snippet:-1","max-image-preview":"max-image-preview:large","max-video-preview":"max-video-preview:-1"},"canonical":"https:\/\/www.eslebedasauto.at\/it\/grossartiges-jubilaeumsevent-von-audi-feiert-25-jahre-audi-tt-in-kaprun-oesterreich\/","og_locale":"it_IT","og_type":"article","og_title":"Der Audi TT feierte 25 Jahre und wir waren dabei! - Es lebe das Auto","og_description":"Wenn eine Legende wie der Audi TT seinen 25 -j\u00e4hrigen Geburtstag feiert, dann sollte man sich diese Fete nicht entgehen lassen!","og_url":"https:\/\/www.eslebedasauto.at\/it\/grossartiges-jubilaeumsevent-von-audi-feiert-25-jahre-audi-tt-in-kaprun-oesterreich\/","og_site_name":"Es lebe das Auto","article_publisher":"https:\/\/www.facebook.com\/eslebedasauto.at","article_published_time":"2023-07-08T04:59:11+00:00","article_modified_time":"2023-07-08T05:08:23+00:00","og_image":[{"width":2560,"height":1707,"url":"https:\/\/www.eslebedasauto.at\/wp-content\/uploads\/2023\/07\/230704CH_H0370-scaled.jpg","type":"image\/jpeg"}],"author":"Juergen","twitter_card":"summary_large_image","twitter_misc":{"Scritto da":"Juergen","Tempo di lettura stimato":"10 minuti"},"schema":{"@context":"https:\/\/schema.org","@graph":[{"@type":"Article","@id":"https:\/\/www.eslebedasauto.at\/grossartiges-jubilaeumsevent-von-audi-feiert-25-jahre-audi-tt-in-kaprun-oesterreich\/#article","isPartOf":{"@id":"https:\/\/www.eslebedasauto.at\/grossartiges-jubilaeumsevent-von-audi-feiert-25-jahre-audi-tt-in-kaprun-oesterreich\/"},"author":{"name":"Juergen","@id":"https:\/\/www.eslebedasauto.at\/#\/schema\/person\/4ecfb7fe1eb40654e5370227118c3fc2"},"headline":"Der Audi TT feierte 25 Jahre und wir waren dabei!","datePublished":"2023-07-08T04:59:11+00:00","dateModified":"2023-07-08T05:08:23+00:00","mainEntityOfPage":{"@id":"https:\/\/www.eslebedasauto.at\/grossartiges-jubilaeumsevent-von-audi-feiert-25-jahre-audi-tt-in-kaprun-oesterreich\/"},"wordCount":648,"commentCount":0,"publisher":{"@id":"https:\/\/www.eslebedasauto.at\/#organization"},"image":{"@id":"https:\/\/www.eslebedasauto.at\/grossartiges-jubilaeumsevent-von-audi-feiert-25-jahre-audi-tt-in-kaprun-oesterreich\/#primaryimage"},"thumbnailUrl":"https:\/\/www.eslebedasauto.at\/wp-content\/uploads\/2023\/07\/230704CH_H0370-scaled.jpg","articleSection":["Fahrberichte","News"],"inLanguage":"it-IT","potentialAction":[{"@type":"CommentAction","name":"Comment","target":["https:\/\/www.eslebedasauto.at\/grossartiges-jubilaeumsevent-von-audi-feiert-25-jahre-audi-tt-in-kaprun-oesterreich\/#respond"]}]},{"@type":"WebPage","@id":"https:\/\/www.eslebedasauto.at\/grossartiges-jubilaeumsevent-von-audi-feiert-25-jahre-audi-tt-in-kaprun-oesterreich\/","url":"https:\/\/www.eslebedasauto.at\/grossartiges-jubilaeumsevent-von-audi-feiert-25-jahre-audi-tt-in-kaprun-oesterreich\/","name":"Der Audi TT feierte 25 Jahre und wir waren dabei! - Es lebe das Auto","isPartOf":{"@id":"https:\/\/www.eslebedasauto.at\/#website"},"primaryImageOfPage":{"@id":"https:\/\/www.eslebedasauto.at\/grossartiges-jubilaeumsevent-von-audi-feiert-25-jahre-audi-tt-in-kaprun-oesterreich\/#primaryimage"},"image":{"@id":"https:\/\/www.eslebedasauto.at\/grossartiges-jubilaeumsevent-von-audi-feiert-25-jahre-audi-tt-in-kaprun-oesterreich\/#primaryimage"},"thumbnailUrl":"https:\/\/www.eslebedasauto.at\/wp-content\/uploads\/2023\/07\/230704CH_H0370-scaled.jpg","datePublished":"2023-07-08T04:59:11+00:00","dateModified":"2023-07-08T05:08:23+00:00","description":"Wenn eine Legende wie der Audi TT seinen 25 -j\u00e4hrigen Geburtstag feiert, dann sollte man sich diese Fete nicht entgehen lassen!","breadcrumb":{"@id":"https:\/\/www.eslebedasauto.at\/grossartiges-jubilaeumsevent-von-audi-feiert-25-jahre-audi-tt-in-kaprun-oesterreich\/#breadcrumb"},"inLanguage":"it-IT","potentialAction":[{"@type":"ReadAction","target":["https:\/\/www.eslebedasauto.at\/grossartiges-jubilaeumsevent-von-audi-feiert-25-jahre-audi-tt-in-kaprun-oesterreich\/"]}]},{"@type":"ImageObject","inLanguage":"it-IT","@id":"https:\/\/www.eslebedasauto.at\/grossartiges-jubilaeumsevent-von-audi-feiert-25-jahre-audi-tt-in-kaprun-oesterreich\/#primaryimage","url":"https:\/\/www.eslebedasauto.at\/wp-content\/uploads\/2023\/07\/230704CH_H0370-scaled.jpg","contentUrl":"https:\/\/www.eslebedasauto.at\/wp-content\/uploads\/2023\/07\/230704CH_H0370-scaled.jpg","width":2560,"height":1707,"caption":"25 Jahre Audi TT"},{"@type":"BreadcrumbList","@id":"https:\/\/www.eslebedasauto.at\/grossartiges-jubilaeumsevent-von-audi-feiert-25-jahre-audi-tt-in-kaprun-oesterreich\/#breadcrumb","itemListElement":[{"@type":"ListItem","position":1,"name":"Startseite","item":"https:\/\/www.eslebedasauto.at\/"},{"@type":"ListItem","position":2,"name":"Der Audi TT feierte 25 Jahre und wir waren dabei!"}]},{"@type":"WebSite","@id":"https:\/\/www.eslebedasauto.at\/#website","url":"https:\/\/www.eslebedasauto.at\/","name":"Es lebe das Auto","description":"ein Hoch auf den Individualverkehr","publisher":{"@id":"https:\/\/www.eslebedasauto.at\/#organization"},"potentialAction":[{"@type":"SearchAction","target":{"@type":"EntryPoint","urlTemplate":"https:\/\/www.eslebedasauto.at\/?s={search_term_string}"},"query-input":{"@type":"PropertyValueSpecification","valueRequired":true,"valueName":"search_term_string"}}],"inLanguage":"it-IT"},{"@type":"Organization","@id":"https:\/\/www.eslebedasauto.at\/#organization","name":"eslebedasauto","url":"https:\/\/www.eslebedasauto.at\/","logo":{"@type":"ImageObject","inLanguage":"it-IT","@id":"https:\/\/www.eslebedasauto.at\/#\/schema\/logo\/image\/","url":"https:\/\/www.eslebedasauto.at\/wp-content\/uploads\/2025\/10\/eldarund.png","contentUrl":"https:\/\/www.eslebedasauto.at\/wp-content\/uploads\/2025\/10\/eldarund.png","width":1024,"height":1024,"caption":"eslebedasauto"},"image":{"@id":"https:\/\/www.eslebedasauto.at\/#\/schema\/logo\/image\/"},"sameAs":["https:\/\/www.facebook.com\/eslebedasauto.at","https:\/\/www.instagram.com\/es_lebe_das_auto\/"]},{"@type":"Person","@id":"https:\/\/www.eslebedasauto.at\/#\/schema\/person\/4ecfb7fe1eb40654e5370227118c3fc2","name":"Juergen","url":"https:\/\/www.eslebedasauto.at\/it\/author\/netzwerkkapitaene-og\/"}]}},"_links":{"self":[{"href":"https:\/\/www.eslebedasauto.at\/it\/wp-json\/wp\/v2\/posts\/92654","targetHints":{"allow":["GET"]}}],"collection":[{"href":"https:\/\/www.eslebedasauto.at\/it\/wp-json\/wp\/v2\/posts"}],"about":[{"href":"https:\/\/www.eslebedasauto.at\/it\/wp-json\/wp\/v2\/types\/post"}],"author":[{"embeddable":true,"href":"https:\/\/www.eslebedasauto.at\/it\/wp-json\/wp\/v2\/users\/1"}],"replies":[{"embeddable":true,"href":"https:\/\/www.eslebedasauto.at\/it\/wp-json\/wp\/v2\/comments?post=92654"}],"version-history":[{"count":17,"href":"https:\/\/www.eslebedasauto.at\/it\/wp-json\/wp\/v2\/posts\/92654\/revisions"}],"predecessor-version":[{"id":92793,"href":"https:\/\/www.eslebedasauto.at\/it\/wp-json\/wp\/v2\/posts\/92654\/revisions\/92793"}],"wp:featuredmedia":[{"embeddable":true,"href":"https:\/\/www.eslebedasauto.at\/it\/wp-json\/wp\/v2\/media\/92783"}],"wp:attachment":[{"href":"https:\/\/www.eslebedasauto.at\/it\/wp-json\/wp\/v2\/media?parent=92654"}],"wp:term":[{"taxonomy":"category","embeddable":true,"href":"https:\/\/www.eslebedasauto.at\/it\/wp-json\/wp\/v2\/categories?post=92654"},{"taxonomy":"post_tag","embeddable":true,"href":"https:\/\/www.eslebedasauto.at\/it\/wp-json\/wp\/v2\/tags?post=92654"}],"curies":[{"name":"wp","href":"https:\/\/api.w.org\/{rel}","templated":true}]}}