{"id":92623,"date":"2023-07-06T10:18:22","date_gmt":"2023-07-06T08:18:22","guid":{"rendered":"https:\/\/www.eslebedasauto.at\/?p=92623"},"modified":"2023-07-06T10:22:37","modified_gmt":"2023-07-06T08:22:37","slug":"peugeot-208-facelift-2023","status":"publish","type":"post","link":"https:\/\/www.eslebedasauto.at\/it\/peugeot-208-facelift-2023\/","title":{"rendered":"Facelift f\u00fcr einen Bestseller."},"content":{"rendered":"<h4 id=\"in-gut-drei-jahren-weltweit-fast-eine-million-produzierte-fahrzeuge-in-den-letzten-zwei-jahren-meistverkauftes-auto-in-europa-und-das-uber-alle-segmente-hinweg-der-peugeot-208-hat-definitiv\" class=\"wp-block-heading\">In gut drei Jahren weltweit fast eine Million produzierte Fahrzeuge, in den letzten zwei Jahren meistverkauftes Auto in Europa &#8211; und das \u00fcber alle Segmente hinweg. Der <a href=\"https:\/\/www.eslebedasauto.at\/it\/update-fuer-den-peugeot-e-208\/\">Peugeot 208<\/a> hat definitiv am Markt eingeschlagen. <\/h4>\n\n\n\n<p>Dasselbe gilt auch f\u00fcr den elektrischen 208, der letztes Jahr in Europa als meistverkauftes Elektrofahrzeug im B-Segment und in Frankreich sogar als meistverkaufter Stromer \u00fcberhaupt brillierte. Um das Feuer am Lodern zu halten, hat jetzt Peugeot eine \u00dcberarbeitung des 208 durchgef\u00fchrt.<\/p>\n\n\n\n<figure class=\"wp-block-image size-large\"><img fetchpriority=\"high\" decoding=\"async\" width=\"1024\" height=\"678\" src=\"https:\/\/www.eslebedasauto.at\/wp-content\/uploads\/2023\/07\/ampnet_photo_20230706_225582-1024x678.jpg\" alt=\"\" class=\"wp-image-92629\" srcset=\"https:\/\/www.eslebedasauto.at\/wp-content\/uploads\/2023\/07\/ampnet_photo_20230706_225582-1024x678.jpg 1024w, https:\/\/www.eslebedasauto.at\/wp-content\/uploads\/2023\/07\/ampnet_photo_20230706_225582-300x198.jpg 300w, https:\/\/www.eslebedasauto.at\/wp-content\/uploads\/2023\/07\/ampnet_photo_20230706_225582-768x508.jpg 768w, https:\/\/www.eslebedasauto.at\/wp-content\/uploads\/2023\/07\/ampnet_photo_20230706_225582-1536x1016.jpg 1536w, https:\/\/www.eslebedasauto.at\/wp-content\/uploads\/2023\/07\/ampnet_photo_20230706_225582-2048x1355.jpg 2048w, https:\/\/www.eslebedasauto.at\/wp-content\/uploads\/2023\/07\/ampnet_photo_20230706_225582-800x529.jpg 800w, https:\/\/www.eslebedasauto.at\/wp-content\/uploads\/2023\/07\/ampnet_photo_20230706_225582-1160x767.jpg 1160w\" sizes=\"(max-width: 1024px) 100vw, 1024px\" \/><\/figure>\n\n\n\n<p><strong>Dazu geh\u00f6rten die \u00fcblichen Retuschen an Frontscheinwerfern und R\u00fcckleuchten<\/strong>, wobei die deutlichste davon die drei vertikalen Lichtkrallen im vorderen Sto\u00dff\u00e4nger sind. Eine ebenfalls neue Lichtsignatur am Heck soll diesem mehr optische Breite verleihen, die charakteristischen roten Krallen sind hier nun horizontal angeordnet. Dazu gesellen sich neue Leichtmetallfelgen ebenso wie zus\u00e4tzliche Lackierungen in knalligem Agueda Gelb oder sportlichem Selenium Grau, gl\u00e4nzend schwarz lackierte Au\u00dfenspiegel sowie der Markenschriftzug der jetzt \u00fcber die gesamte Breite der Kofferraumklappe reicht. Die Abmessungen des Peugeot 208 sind freilich gleich geblieben.<br><\/p>\n\n\n\n<figure class=\"wp-block-image size-large\"><img decoding=\"async\" width=\"1024\" height=\"643\" src=\"https:\/\/www.eslebedasauto.at\/wp-content\/uploads\/2023\/07\/ampnet_photo_20230706_225583-1024x643.jpg\" alt=\"\" class=\"wp-image-92628\" srcset=\"https:\/\/www.eslebedasauto.at\/wp-content\/uploads\/2023\/07\/ampnet_photo_20230706_225583-1024x643.jpg 1024w, https:\/\/www.eslebedasauto.at\/wp-content\/uploads\/2023\/07\/ampnet_photo_20230706_225583-300x188.jpg 300w, https:\/\/www.eslebedasauto.at\/wp-content\/uploads\/2023\/07\/ampnet_photo_20230706_225583-768x482.jpg 768w, https:\/\/www.eslebedasauto.at\/wp-content\/uploads\/2023\/07\/ampnet_photo_20230706_225583-1536x965.jpg 1536w, https:\/\/www.eslebedasauto.at\/wp-content\/uploads\/2023\/07\/ampnet_photo_20230706_225583-2048x1287.jpg 2048w, https:\/\/www.eslebedasauto.at\/wp-content\/uploads\/2023\/07\/ampnet_photo_20230706_225583-800x503.jpg 800w, https:\/\/www.eslebedasauto.at\/wp-content\/uploads\/2023\/07\/ampnet_photo_20230706_225583-1160x729.jpg 1160w\" sizes=\"(max-width: 1024px) 100vw, 1024px\" \/><\/figure>\n\n\n\n<h3 id=\"auch-das-interieur-wurde-aufgefrischt\" class=\"wp-block-heading\">Auch das Interieur wurde aufgefrischt.<\/h3>\n\n\n\n<p>Serie in allen Ausstattungen ist nun der 10-Zoll-Touchscreen mit Swipe-Funktion, \u00fcber den Radio- und Telefonfunktionen (Active) oder eine neue Generation der Infotainmentsysteme gesteuert werden. In den Versionen Allure und GT ist der zentrale Bildschirm mit HD-Technologie ausgestattet, darunter wurden die \u201eToggle Switches\u201c-Tasten f\u00fcr den schnellen Zugriff auf die wichtigsten Funktionen beibehalten. <\/p>\n\n\n\n<figure class=\"wp-block-image size-large\"><img decoding=\"async\" width=\"1024\" height=\"768\" src=\"https:\/\/www.eslebedasauto.at\/wp-content\/uploads\/2023\/07\/ampnet_photo_20230706_225587-1024x768.jpg\" alt=\"\" class=\"wp-image-92627\" srcset=\"https:\/\/www.eslebedasauto.at\/wp-content\/uploads\/2023\/07\/ampnet_photo_20230706_225587-1024x768.jpg 1024w, https:\/\/www.eslebedasauto.at\/wp-content\/uploads\/2023\/07\/ampnet_photo_20230706_225587-300x225.jpg 300w, https:\/\/www.eslebedasauto.at\/wp-content\/uploads\/2023\/07\/ampnet_photo_20230706_225587-768x576.jpg 768w, https:\/\/www.eslebedasauto.at\/wp-content\/uploads\/2023\/07\/ampnet_photo_20230706_225587-1536x1152.jpg 1536w, https:\/\/www.eslebedasauto.at\/wp-content\/uploads\/2023\/07\/ampnet_photo_20230706_225587-2048x1535.jpg 2048w, https:\/\/www.eslebedasauto.at\/wp-content\/uploads\/2023\/07\/ampnet_photo_20230706_225587-800x600.jpg 800w, https:\/\/www.eslebedasauto.at\/wp-content\/uploads\/2023\/07\/ampnet_photo_20230706_225587-1160x870.jpg 1160w\" sizes=\"(max-width: 1024px) 100vw, 1024px\" \/><\/figure>\n\n\n\n<p>Au\u00dferdem gibt es jetzt mehr USB-Anschl\u00fcsse, ein st\u00e4rkeres Pad zum induktiven Laden des Smartphones sowie ein umfangreiches Angebot an Assistenzsystemen, unter anderem ein adaptiver Tempomat mit Stop&amp;Go-Funktion, Notbremse und Kollisonswarner mit Fu\u00dfg\u00e4nger-und Radfahrererkennung, sowie ein aktiver Spurhalter mit Lenkeingriff.<\/p>\n\n\n\n<h3 id=\"die-grosten-veranderungen-gibts-bei-den-antrieben\" class=\"wp-block-heading\">Die gr\u00f6\u00dften Ver\u00e4nderungen gibt\u00b4s bei den Antrieben. <\/h3>\n\n\n\n<p>So f\u00e4hrt der E-208 k\u00fcnftig mit der neuen Elektro-Standardkonfiguration von Stellantis, bestehend aus der st\u00e4rkeren 115 kW (156 PS) E-Maschine und einer 54-kWh-Batterie, die f\u00fcr bis zu 400 Kilometer Reichweite nach WLTP-Norm gut sein soll. <strong>Daf\u00fcr wurde aus dem kleinen \u201ee\u201c ein gro\u00dfes \u201eE\u201c in der Bezeichnung<\/strong>. Die Ladeleistung mit maximal 100 kW blieb gleich. Peugeot gibt f\u00fcr die Ladezeit von 20 auf 80 Prozent 35 Minuten an. <\/p>\n\n\n\n<figure class=\"wp-block-gallery has-nested-images columns-default is-cropped wp-block-gallery-1 is-layout-flex wp-block-gallery-is-layout-flex\">\n<figure class=\"wp-block-image size-large\"><img loading=\"lazy\" decoding=\"async\" width=\"1024\" height=\"683\" data-id=\"92625\" src=\"https:\/\/www.eslebedasauto.at\/wp-content\/uploads\/2023\/07\/ampnet_photo_20230706_225578-1024x683.jpg\" alt=\"\" class=\"wp-image-92625\" srcset=\"https:\/\/www.eslebedasauto.at\/wp-content\/uploads\/2023\/07\/ampnet_photo_20230706_225578-1024x683.jpg 1024w, https:\/\/www.eslebedasauto.at\/wp-content\/uploads\/2023\/07\/ampnet_photo_20230706_225578-300x200.jpg 300w, https:\/\/www.eslebedasauto.at\/wp-content\/uploads\/2023\/07\/ampnet_photo_20230706_225578-768x512.jpg 768w, https:\/\/www.eslebedasauto.at\/wp-content\/uploads\/2023\/07\/ampnet_photo_20230706_225578-1536x1024.jpg 1536w, https:\/\/www.eslebedasauto.at\/wp-content\/uploads\/2023\/07\/ampnet_photo_20230706_225578-2048x1366.jpg 2048w, https:\/\/www.eslebedasauto.at\/wp-content\/uploads\/2023\/07\/ampnet_photo_20230706_225578-800x534.jpg 800w, https:\/\/www.eslebedasauto.at\/wp-content\/uploads\/2023\/07\/ampnet_photo_20230706_225578-1160x774.jpg 1160w\" sizes=\"(max-width: 1024px) 100vw, 1024px\" \/><\/figure>\n\n\n\n<figure class=\"wp-block-image size-large\"><img loading=\"lazy\" decoding=\"async\" width=\"1024\" height=\"683\" data-id=\"92626\" src=\"https:\/\/www.eslebedasauto.at\/wp-content\/uploads\/2023\/07\/ampnet_photo_20230706_225576-1024x683.jpg\" alt=\"\" class=\"wp-image-92626\" srcset=\"https:\/\/www.eslebedasauto.at\/wp-content\/uploads\/2023\/07\/ampnet_photo_20230706_225576-1024x683.jpg 1024w, https:\/\/www.eslebedasauto.at\/wp-content\/uploads\/2023\/07\/ampnet_photo_20230706_225576-300x200.jpg 300w, https:\/\/www.eslebedasauto.at\/wp-content\/uploads\/2023\/07\/ampnet_photo_20230706_225576-768x512.jpg 768w, https:\/\/www.eslebedasauto.at\/wp-content\/uploads\/2023\/07\/ampnet_photo_20230706_225576-1536x1024.jpg 1536w, https:\/\/www.eslebedasauto.at\/wp-content\/uploads\/2023\/07\/ampnet_photo_20230706_225576-2048x1365.jpg 2048w, https:\/\/www.eslebedasauto.at\/wp-content\/uploads\/2023\/07\/ampnet_photo_20230706_225576-800x533.jpg 800w, https:\/\/www.eslebedasauto.at\/wp-content\/uploads\/2023\/07\/ampnet_photo_20230706_225576-1160x773.jpg 1160w\" sizes=\"(max-width: 1024px) 100vw, 1024px\" \/><\/figure>\n<\/figure>\n\n\n\n<p><strong>Au\u00dferdem gibt es zwei neue 48-Volt-Mildhybrid-Varianten<\/strong>, bestehend aus einem Dreizylinder-Benziner mit 100 PS und 136 PS sowie jeweils einer E-Maschine, die mit einem neuen elektrifizierten Sechsgang-Doppelkupplungsgetriebe gekoppelt ist. Reine Verbrenner sind ebenfalls noch im Angebot, in Form des handgeschalteten 1,2-Liter-Dreizylinder-Benziners mit 75 PS sowie einer100 PS Version mit Stopp-Start-System und 6-Gang-Automatik. Auf den Diesel wurde komplett verzichtet.<\/p>\n\n\n\n<p>Die Preise stehen noch nicht fest, weil der neue 208 erst im Herbst 2023 auf den Markt kommen soll. Gestrafft wurde auch das Ausstattungsangebot. K\u00fcnftig wird es nur noch die drei Linien Active, Allure und GT geben. <\/p>","protected":false},"excerpt":{"rendered":"<p>Zeit f\u00fcr ein Facelift, dachte Peugeot und pr\u00e4sentierte jetzt den runderneuerten 208 in frischerer Optik und mit verbesserter Technik.<\/p>","protected":false},"author":2,"featured_media":92630,"comment_status":"open","ping_status":"open","sticky":false,"template":"","format":"standard","meta":{"neve_meta_sidebar":"","neve_meta_container":"","neve_meta_enable_content_width":"","neve_meta_content_width":0,"neve_meta_title_alignment":"","neve_meta_author_avatar":"","neve_post_elements_order":"","neve_meta_disable_header":"","neve_meta_disable_footer":"","neve_meta_disable_title":"","neve_meta_reading_time":"","footnotes":""},"categories":[555,598],"tags":[],"class_list":["post-92623","post","type-post","status-publish","format-standard","has-post-thumbnail","hentry","category-electrofun","category-shortmotornews"],"yoast_head":"<!-- This site is optimized with the Yoast SEO plugin v26.8 - https:\/\/yoast.com\/product\/yoast-seo-wordpress\/ -->\n<title>Facelift f\u00fcr einen Bestseller. - Es lebe das Auto<\/title>\n<meta name=\"description\" content=\"Zeit f\u00fcr ein Facelift, dachte Peugeot und pr\u00e4sentierte jetzt den runderneuerten 208 in frischerer Optik und mit verbesserter Technik.\" \/>\n<meta name=\"robots\" content=\"index, follow, max-snippet:-1, max-image-preview:large, max-video-preview:-1\" \/>\n<link rel=\"canonical\" href=\"https:\/\/www.eslebedasauto.at\/it\/peugeot-208-facelift-2023\/\" \/>\n<meta property=\"og:locale\" content=\"it_IT\" \/>\n<meta property=\"og:type\" content=\"article\" \/>\n<meta property=\"og:title\" content=\"Facelift f\u00fcr einen Bestseller. - Es lebe das Auto\" \/>\n<meta property=\"og:description\" content=\"Zeit f\u00fcr ein Facelift, dachte Peugeot und pr\u00e4sentierte jetzt den runderneuerten 208 in frischerer Optik und mit verbesserter Technik.\" \/>\n<meta property=\"og:url\" content=\"https:\/\/www.eslebedasauto.at\/it\/peugeot-208-facelift-2023\/\" \/>\n<meta property=\"og:site_name\" content=\"Es lebe das Auto\" \/>\n<meta property=\"article:publisher\" content=\"https:\/\/www.facebook.com\/eslebedasauto.at\" \/>\n<meta property=\"article:published_time\" content=\"2023-07-06T08:18:22+00:00\" \/>\n<meta property=\"article:modified_time\" content=\"2023-07-06T08:22:37+00:00\" \/>\n<meta property=\"og:image\" content=\"https:\/\/www.eslebedasauto.at\/wp-content\/uploads\/2023\/07\/ampnet_photo_20230706_225581-1024x731.jpg\" \/>\n\t<meta property=\"og:image:width\" content=\"1024\" \/>\n\t<meta property=\"og:image:height\" content=\"731\" \/>\n\t<meta property=\"og:image:type\" content=\"image\/jpeg\" \/>\n<meta name=\"author\" content=\"gerhard\" \/>\n<meta name=\"twitter:card\" content=\"summary_large_image\" \/>\n<meta name=\"twitter:label1\" content=\"Scritto da\" \/>\n\t<meta name=\"twitter:data1\" content=\"gerhard\" \/>\n\t<meta name=\"twitter:label2\" content=\"Tempo di lettura stimato\" \/>\n\t<meta name=\"twitter:data2\" content=\"4 minuti\" \/>\n<script type=\"application\/ld+json\" class=\"yoast-schema-graph\">{\"@context\":\"https:\/\/schema.org\",\"@graph\":[{\"@type\":\"Article\",\"@id\":\"https:\/\/www.eslebedasauto.at\/peugeot-208-facelift-2023\/#article\",\"isPartOf\":{\"@id\":\"https:\/\/www.eslebedasauto.at\/peugeot-208-facelift-2023\/\"},\"author\":{\"name\":\"gerhard\",\"@id\":\"https:\/\/www.eslebedasauto.at\/#\/schema\/person\/fb81218b0bed500d225ff518f9f17033\"},\"headline\":\"Facelift f\u00fcr einen Bestseller.\",\"datePublished\":\"2023-07-06T08:18:22+00:00\",\"dateModified\":\"2023-07-06T08:22:37+00:00\",\"mainEntityOfPage\":{\"@id\":\"https:\/\/www.eslebedasauto.at\/peugeot-208-facelift-2023\/\"},\"wordCount\":442,\"commentCount\":0,\"publisher\":{\"@id\":\"https:\/\/www.eslebedasauto.at\/#organization\"},\"image\":{\"@id\":\"https:\/\/www.eslebedasauto.at\/peugeot-208-facelift-2023\/#primaryimage\"},\"thumbnailUrl\":\"https:\/\/www.eslebedasauto.at\/wp-content\/uploads\/2023\/07\/ampnet_photo_20230706_225581.jpg\",\"articleSection\":[\"Electrofun\",\"Shortmotornews\"],\"inLanguage\":\"it-IT\",\"potentialAction\":[{\"@type\":\"CommentAction\",\"name\":\"Comment\",\"target\":[\"https:\/\/www.eslebedasauto.at\/peugeot-208-facelift-2023\/#respond\"]}]},{\"@type\":\"WebPage\",\"@id\":\"https:\/\/www.eslebedasauto.at\/peugeot-208-facelift-2023\/\",\"url\":\"https:\/\/www.eslebedasauto.at\/peugeot-208-facelift-2023\/\",\"name\":\"Facelift f\u00fcr einen Bestseller. - Es lebe das Auto\",\"isPartOf\":{\"@id\":\"https:\/\/www.eslebedasauto.at\/#website\"},\"primaryImageOfPage\":{\"@id\":\"https:\/\/www.eslebedasauto.at\/peugeot-208-facelift-2023\/#primaryimage\"},\"image\":{\"@id\":\"https:\/\/www.eslebedasauto.at\/peugeot-208-facelift-2023\/#primaryimage\"},\"thumbnailUrl\":\"https:\/\/www.eslebedasauto.at\/wp-content\/uploads\/2023\/07\/ampnet_photo_20230706_225581.jpg\",\"datePublished\":\"2023-07-06T08:18:22+00:00\",\"dateModified\":\"2023-07-06T08:22:37+00:00\",\"description\":\"Zeit f\u00fcr ein Facelift, dachte Peugeot und pr\u00e4sentierte jetzt den runderneuerten 208 in frischerer Optik und mit verbesserter Technik.\",\"breadcrumb\":{\"@id\":\"https:\/\/www.eslebedasauto.at\/peugeot-208-facelift-2023\/#breadcrumb\"},\"inLanguage\":\"it-IT\",\"potentialAction\":[{\"@type\":\"ReadAction\",\"target\":[\"https:\/\/www.eslebedasauto.at\/peugeot-208-facelift-2023\/\"]}]},{\"@type\":\"ImageObject\",\"inLanguage\":\"it-IT\",\"@id\":\"https:\/\/www.eslebedasauto.at\/peugeot-208-facelift-2023\/#primaryimage\",\"url\":\"https:\/\/www.eslebedasauto.at\/wp-content\/uploads\/2023\/07\/ampnet_photo_20230706_225581.jpg\",\"contentUrl\":\"https:\/\/www.eslebedasauto.at\/wp-content\/uploads\/2023\/07\/ampnet_photo_20230706_225581.jpg\",\"width\":2129,\"height\":1519},{\"@type\":\"BreadcrumbList\",\"@id\":\"https:\/\/www.eslebedasauto.at\/peugeot-208-facelift-2023\/#breadcrumb\",\"itemListElement\":[{\"@type\":\"ListItem\",\"position\":1,\"name\":\"Startseite\",\"item\":\"https:\/\/www.eslebedasauto.at\/\"},{\"@type\":\"ListItem\",\"position\":2,\"name\":\"Facelift f\u00fcr einen Bestseller.\"}]},{\"@type\":\"WebSite\",\"@id\":\"https:\/\/www.eslebedasauto.at\/#website\",\"url\":\"https:\/\/www.eslebedasauto.at\/\",\"name\":\"Es lebe das Auto\",\"description\":\"ein Hoch auf den Individualverkehr\",\"publisher\":{\"@id\":\"https:\/\/www.eslebedasauto.at\/#organization\"},\"potentialAction\":[{\"@type\":\"SearchAction\",\"target\":{\"@type\":\"EntryPoint\",\"urlTemplate\":\"https:\/\/www.eslebedasauto.at\/?s={search_term_string}\"},\"query-input\":{\"@type\":\"PropertyValueSpecification\",\"valueRequired\":true,\"valueName\":\"search_term_string\"}}],\"inLanguage\":\"it-IT\"},{\"@type\":\"Organization\",\"@id\":\"https:\/\/www.eslebedasauto.at\/#organization\",\"name\":\"eslebedasauto\",\"url\":\"https:\/\/www.eslebedasauto.at\/\",\"logo\":{\"@type\":\"ImageObject\",\"inLanguage\":\"it-IT\",\"@id\":\"https:\/\/www.eslebedasauto.at\/#\/schema\/logo\/image\/\",\"url\":\"https:\/\/www.eslebedasauto.at\/wp-content\/uploads\/2025\/10\/eldarund.png\",\"contentUrl\":\"https:\/\/www.eslebedasauto.at\/wp-content\/uploads\/2025\/10\/eldarund.png\",\"width\":1024,\"height\":1024,\"caption\":\"eslebedasauto\"},\"image\":{\"@id\":\"https:\/\/www.eslebedasauto.at\/#\/schema\/logo\/image\/\"},\"sameAs\":[\"https:\/\/www.facebook.com\/eslebedasauto.at\",\"https:\/\/www.instagram.com\/es_lebe_das_auto\/\"]},{\"@type\":\"Person\",\"@id\":\"https:\/\/www.eslebedasauto.at\/#\/schema\/person\/fb81218b0bed500d225ff518f9f17033\",\"name\":\"gerhard\",\"url\":\"https:\/\/www.eslebedasauto.at\/it\/author\/gerhard\/\"}]}<\/script>\n<!-- \/ Yoast SEO plugin. -->","yoast_head_json":{"title":"Facelift f\u00fcr einen Bestseller. - Es lebe das Auto","description":"Zeit f\u00fcr ein Facelift, dachte Peugeot und pr\u00e4sentierte jetzt den runderneuerten 208 in frischerer Optik und mit verbesserter Technik.","robots":{"index":"index","follow":"follow","max-snippet":"max-snippet:-1","max-image-preview":"max-image-preview:large","max-video-preview":"max-video-preview:-1"},"canonical":"https:\/\/www.eslebedasauto.at\/it\/peugeot-208-facelift-2023\/","og_locale":"it_IT","og_type":"article","og_title":"Facelift f\u00fcr einen Bestseller. - Es lebe das Auto","og_description":"Zeit f\u00fcr ein Facelift, dachte Peugeot und pr\u00e4sentierte jetzt den runderneuerten 208 in frischerer Optik und mit verbesserter Technik.","og_url":"https:\/\/www.eslebedasauto.at\/it\/peugeot-208-facelift-2023\/","og_site_name":"Es lebe das Auto","article_publisher":"https:\/\/www.facebook.com\/eslebedasauto.at","article_published_time":"2023-07-06T08:18:22+00:00","article_modified_time":"2023-07-06T08:22:37+00:00","og_image":[{"width":1024,"height":731,"url":"https:\/\/www.eslebedasauto.at\/wp-content\/uploads\/2023\/07\/ampnet_photo_20230706_225581-1024x731.jpg","type":"image\/jpeg"}],"author":"gerhard","twitter_card":"summary_large_image","twitter_misc":{"Scritto da":"gerhard","Tempo di lettura stimato":"4 minuti"},"schema":{"@context":"https:\/\/schema.org","@graph":[{"@type":"Article","@id":"https:\/\/www.eslebedasauto.at\/peugeot-208-facelift-2023\/#article","isPartOf":{"@id":"https:\/\/www.eslebedasauto.at\/peugeot-208-facelift-2023\/"},"author":{"name":"gerhard","@id":"https:\/\/www.eslebedasauto.at\/#\/schema\/person\/fb81218b0bed500d225ff518f9f17033"},"headline":"Facelift f\u00fcr einen Bestseller.","datePublished":"2023-07-06T08:18:22+00:00","dateModified":"2023-07-06T08:22:37+00:00","mainEntityOfPage":{"@id":"https:\/\/www.eslebedasauto.at\/peugeot-208-facelift-2023\/"},"wordCount":442,"commentCount":0,"publisher":{"@id":"https:\/\/www.eslebedasauto.at\/#organization"},"image":{"@id":"https:\/\/www.eslebedasauto.at\/peugeot-208-facelift-2023\/#primaryimage"},"thumbnailUrl":"https:\/\/www.eslebedasauto.at\/wp-content\/uploads\/2023\/07\/ampnet_photo_20230706_225581.jpg","articleSection":["Electrofun","Shortmotornews"],"inLanguage":"it-IT","potentialAction":[{"@type":"CommentAction","name":"Comment","target":["https:\/\/www.eslebedasauto.at\/peugeot-208-facelift-2023\/#respond"]}]},{"@type":"WebPage","@id":"https:\/\/www.eslebedasauto.at\/peugeot-208-facelift-2023\/","url":"https:\/\/www.eslebedasauto.at\/peugeot-208-facelift-2023\/","name":"Facelift f\u00fcr einen Bestseller. - Es lebe das Auto","isPartOf":{"@id":"https:\/\/www.eslebedasauto.at\/#website"},"primaryImageOfPage":{"@id":"https:\/\/www.eslebedasauto.at\/peugeot-208-facelift-2023\/#primaryimage"},"image":{"@id":"https:\/\/www.eslebedasauto.at\/peugeot-208-facelift-2023\/#primaryimage"},"thumbnailUrl":"https:\/\/www.eslebedasauto.at\/wp-content\/uploads\/2023\/07\/ampnet_photo_20230706_225581.jpg","datePublished":"2023-07-06T08:18:22+00:00","dateModified":"2023-07-06T08:22:37+00:00","description":"Zeit f\u00fcr ein Facelift, dachte Peugeot und pr\u00e4sentierte jetzt den runderneuerten 208 in frischerer Optik und mit verbesserter Technik.","breadcrumb":{"@id":"https:\/\/www.eslebedasauto.at\/peugeot-208-facelift-2023\/#breadcrumb"},"inLanguage":"it-IT","potentialAction":[{"@type":"ReadAction","target":["https:\/\/www.eslebedasauto.at\/peugeot-208-facelift-2023\/"]}]},{"@type":"ImageObject","inLanguage":"it-IT","@id":"https:\/\/www.eslebedasauto.at\/peugeot-208-facelift-2023\/#primaryimage","url":"https:\/\/www.eslebedasauto.at\/wp-content\/uploads\/2023\/07\/ampnet_photo_20230706_225581.jpg","contentUrl":"https:\/\/www.eslebedasauto.at\/wp-content\/uploads\/2023\/07\/ampnet_photo_20230706_225581.jpg","width":2129,"height":1519},{"@type":"BreadcrumbList","@id":"https:\/\/www.eslebedasauto.at\/peugeot-208-facelift-2023\/#breadcrumb","itemListElement":[{"@type":"ListItem","position":1,"name":"Startseite","item":"https:\/\/www.eslebedasauto.at\/"},{"@type":"ListItem","position":2,"name":"Facelift f\u00fcr einen Bestseller."}]},{"@type":"WebSite","@id":"https:\/\/www.eslebedasauto.at\/#website","url":"https:\/\/www.eslebedasauto.at\/","name":"Es lebe das Auto","description":"ein Hoch auf den Individualverkehr","publisher":{"@id":"https:\/\/www.eslebedasauto.at\/#organization"},"potentialAction":[{"@type":"SearchAction","target":{"@type":"EntryPoint","urlTemplate":"https:\/\/www.eslebedasauto.at\/?s={search_term_string}"},"query-input":{"@type":"PropertyValueSpecification","valueRequired":true,"valueName":"search_term_string"}}],"inLanguage":"it-IT"},{"@type":"Organization","@id":"https:\/\/www.eslebedasauto.at\/#organization","name":"eslebedasauto","url":"https:\/\/www.eslebedasauto.at\/","logo":{"@type":"ImageObject","inLanguage":"it-IT","@id":"https:\/\/www.eslebedasauto.at\/#\/schema\/logo\/image\/","url":"https:\/\/www.eslebedasauto.at\/wp-content\/uploads\/2025\/10\/eldarund.png","contentUrl":"https:\/\/www.eslebedasauto.at\/wp-content\/uploads\/2025\/10\/eldarund.png","width":1024,"height":1024,"caption":"eslebedasauto"},"image":{"@id":"https:\/\/www.eslebedasauto.at\/#\/schema\/logo\/image\/"},"sameAs":["https:\/\/www.facebook.com\/eslebedasauto.at","https:\/\/www.instagram.com\/es_lebe_das_auto\/"]},{"@type":"Person","@id":"https:\/\/www.eslebedasauto.at\/#\/schema\/person\/fb81218b0bed500d225ff518f9f17033","name":"gerhard","url":"https:\/\/www.eslebedasauto.at\/it\/author\/gerhard\/"}]}},"_links":{"self":[{"href":"https:\/\/www.eslebedasauto.at\/it\/wp-json\/wp\/v2\/posts\/92623","targetHints":{"allow":["GET"]}}],"collection":[{"href":"https:\/\/www.eslebedasauto.at\/it\/wp-json\/wp\/v2\/posts"}],"about":[{"href":"https:\/\/www.eslebedasauto.at\/it\/wp-json\/wp\/v2\/types\/post"}],"author":[{"embeddable":true,"href":"https:\/\/www.eslebedasauto.at\/it\/wp-json\/wp\/v2\/users\/2"}],"replies":[{"embeddable":true,"href":"https:\/\/www.eslebedasauto.at\/it\/wp-json\/wp\/v2\/comments?post=92623"}],"version-history":[{"count":4,"href":"https:\/\/www.eslebedasauto.at\/it\/wp-json\/wp\/v2\/posts\/92623\/revisions"}],"predecessor-version":[{"id":92634,"href":"https:\/\/www.eslebedasauto.at\/it\/wp-json\/wp\/v2\/posts\/92623\/revisions\/92634"}],"wp:featuredmedia":[{"embeddable":true,"href":"https:\/\/www.eslebedasauto.at\/it\/wp-json\/wp\/v2\/media\/92630"}],"wp:attachment":[{"href":"https:\/\/www.eslebedasauto.at\/it\/wp-json\/wp\/v2\/media?parent=92623"}],"wp:term":[{"taxonomy":"category","embeddable":true,"href":"https:\/\/www.eslebedasauto.at\/it\/wp-json\/wp\/v2\/categories?post=92623"},{"taxonomy":"post_tag","embeddable":true,"href":"https:\/\/www.eslebedasauto.at\/it\/wp-json\/wp\/v2\/tags?post=92623"}],"curies":[{"name":"wp","href":"https:\/\/api.w.org\/{rel}","templated":true}]}}