{"id":92435,"date":"2023-06-23T21:12:41","date_gmt":"2023-06-23T19:12:41","guid":{"rendered":"https:\/\/www.eslebedasauto.at\/?p=92435"},"modified":"2023-06-23T21:20:22","modified_gmt":"2023-06-23T19:20:22","slug":"opel-astra-hybrid-test","status":"publish","type":"post","link":"https:\/\/www.eslebedasauto.at\/it\/opel-astra-hybrid-test\/","title":{"rendered":"Die goldene Mitte"},"content":{"rendered":"<h3 id=\"es-muss-nicht-gleich-der-gse-sein-mit-der-kleineren-plug-in-hybrid-variante-des-opel-astra-kann-man-eigentlich-nichts-falsch-machen\" class=\"wp-block-heading\">Es muss nicht gleich der GSe sein &#8211; mit der kleineren Plug-in-Hybrid Variante des Opel Astra kann man eigentlich nichts falsch machen.<\/h3>\n\n\n\n<p>Als Motorjournalist bekommt man sehr oft die Spitzenversionen der jeweiligen Autos zum Test. Klar, diese punkten meistens mit Souver\u00e4nit\u00e4t und perfekter Ausstattung. Umso interessanter ist es aber dann, wenn man entweder die Einstiegsvariante oder wie unserem Fall die goldene Mitte des Astra-Portfolios als Testwagen bekommt.<\/p>\n\n\n\n<figure class=\"wp-block-image size-full\"><img fetchpriority=\"high\" decoding=\"async\" width=\"2048\" height=\"1536\" src=\"https:\/\/www.eslebedasauto.at\/wp-content\/uploads\/2023\/06\/IMG_2837.jpeg\" alt=\"\" class=\"wp-image-92446\"\/><\/figure>\n\n\n\n<p><strong>Die Palette des Opel Astra ist ja mittlerweile schon recht gro\u00df geworden. <\/strong>Interessenten k\u00f6nnen zwischen Kombi und Limousine w\u00e4hlen. Danach muss man sich entscheiden, welche Antriebsart man nimmt. Das Angebot reicht von braven Diesel- und Benzinverbrennern bis zu starken Plug-in-Hybrid-Varianten (bis zu 225 PS Systemleistung). Seit kurzem gibt\u00b4s den Astra jetzt auch noch als E-Mobil &#8211; auch hier darf man zwischen Kombi und Limo w\u00e4hlen.<\/p>\n\n\n\n<figure class=\"wp-block-gallery has-nested-images columns-default is-cropped wp-block-gallery-1 is-layout-flex wp-block-gallery-is-layout-flex\">\n<figure class=\"wp-block-image size-large\"><img decoding=\"async\" width=\"1024\" height=\"768\" data-id=\"92448\" src=\"https:\/\/www.eslebedasauto.at\/wp-content\/uploads\/2023\/06\/IMG_2846-1024x768.jpeg\" alt=\"\" class=\"wp-image-92448\" srcset=\"https:\/\/www.eslebedasauto.at\/wp-content\/uploads\/2023\/06\/IMG_2846-1024x768.jpeg 1024w, https:\/\/www.eslebedasauto.at\/wp-content\/uploads\/2023\/06\/IMG_2846-300x225.jpeg 300w, https:\/\/www.eslebedasauto.at\/wp-content\/uploads\/2023\/06\/IMG_2846-768x576.jpeg 768w, https:\/\/www.eslebedasauto.at\/wp-content\/uploads\/2023\/06\/IMG_2846-1536x1152.jpeg 1536w, https:\/\/www.eslebedasauto.at\/wp-content\/uploads\/2023\/06\/IMG_2846-800x600.jpeg 800w, https:\/\/www.eslebedasauto.at\/wp-content\/uploads\/2023\/06\/IMG_2846-1160x870.jpeg 1160w, https:\/\/www.eslebedasauto.at\/wp-content\/uploads\/2023\/06\/IMG_2846.jpeg 2048w\" sizes=\"(max-width: 1024px) 100vw, 1024px\" \/><\/figure>\n\n\n\n<figure class=\"wp-block-image size-large\"><img decoding=\"async\" width=\"1024\" height=\"768\" data-id=\"92437\" src=\"https:\/\/www.eslebedasauto.at\/wp-content\/uploads\/2023\/06\/IMG_2823-1024x768.jpeg\" alt=\"\" class=\"wp-image-92437\" srcset=\"https:\/\/www.eslebedasauto.at\/wp-content\/uploads\/2023\/06\/IMG_2823-1024x768.jpeg 1024w, https:\/\/www.eslebedasauto.at\/wp-content\/uploads\/2023\/06\/IMG_2823-300x225.jpeg 300w, https:\/\/www.eslebedasauto.at\/wp-content\/uploads\/2023\/06\/IMG_2823-768x576.jpeg 768w, https:\/\/www.eslebedasauto.at\/wp-content\/uploads\/2023\/06\/IMG_2823-1536x1152.jpeg 1536w, https:\/\/www.eslebedasauto.at\/wp-content\/uploads\/2023\/06\/IMG_2823-800x600.jpeg 800w, https:\/\/www.eslebedasauto.at\/wp-content\/uploads\/2023\/06\/IMG_2823-1160x870.jpeg 1160w, https:\/\/www.eslebedasauto.at\/wp-content\/uploads\/2023\/06\/IMG_2823.jpeg 2048w\" sizes=\"(max-width: 1024px) 100vw, 1024px\" \/><\/figure>\n<\/figure>\n\n\n\n<p><strong>Wir hatten jetzt die kleinere der beiden Hybrid-Versionen bei uns zu Gast.<\/strong> Sie wird von einem 1,6 Liter Turbo-Benziner mit 150 PS und einer E-Maschine mit 81 kW angetrieben. Zusammen liefert das Motoren-Duo eine Systemleistung von 180 PS. Den Saft holt sich der Elektromotor aus einem 12,4 kWh fassenden Akku im Wagenboden. Dieser reicht laut Opel f\u00fcr rund 60 rein elektrische Kilometer und kann je nach Leistung des Anschlusses in vier bis sieben Stunden aufgeladen werden &#8211; was auch sehr empfehlenswert ist, denn nur so kann man die Spitzenleistung absch\u00f6pfen und sich auch den werkseitig angegebenen WLTP-Werten von 1,1 Liter pro 100 Kilometer ann\u00e4hern.<\/p>\n\n\n\n<figure class=\"wp-block-image size-large\"><img loading=\"lazy\" decoding=\"async\" width=\"1024\" height=\"768\" src=\"https:\/\/www.eslebedasauto.at\/wp-content\/uploads\/2023\/06\/IMG_2826-1024x768.jpeg\" alt=\"\" class=\"wp-image-92438\" srcset=\"https:\/\/www.eslebedasauto.at\/wp-content\/uploads\/2023\/06\/IMG_2826-1024x768.jpeg 1024w, https:\/\/www.eslebedasauto.at\/wp-content\/uploads\/2023\/06\/IMG_2826-300x225.jpeg 300w, https:\/\/www.eslebedasauto.at\/wp-content\/uploads\/2023\/06\/IMG_2826-768x576.jpeg 768w, https:\/\/www.eslebedasauto.at\/wp-content\/uploads\/2023\/06\/IMG_2826-1536x1152.jpeg 1536w, https:\/\/www.eslebedasauto.at\/wp-content\/uploads\/2023\/06\/IMG_2826-800x600.jpeg 800w, https:\/\/www.eslebedasauto.at\/wp-content\/uploads\/2023\/06\/IMG_2826-1160x870.jpeg 1160w, https:\/\/www.eslebedasauto.at\/wp-content\/uploads\/2023\/06\/IMG_2826.jpeg 2048w\" sizes=\"(max-width: 1024px) 100vw, 1024px\" \/><\/figure>\n\n\n\n<p><strong>Nach dem Druck auf die Starttaste f\u00e4hrt der&nbsp;Astra&nbsp;immer rein elektrisch los. <\/strong>Das funktioniert auch bei geringem Ladezustand, da h\u00e4lt die Batterie stets gen\u00fcgend Saft zur\u00fcck, um das Anfahren an der Ampel oder das Rangieren beim Ausparken elektrisch zu erledigen. Das Systemdrehmoment von 360 Newtonmeter bietet dann in weiterer Folge jede Menge Durchzug in allen Lebenslagen.<\/p>\n\n\n\n<figure class=\"wp-block-image size-large\"><img loading=\"lazy\" decoding=\"async\" width=\"1024\" height=\"768\" src=\"https:\/\/www.eslebedasauto.at\/wp-content\/uploads\/2023\/06\/IMG_2831-1024x768.jpeg\" alt=\"\" class=\"wp-image-92441\" srcset=\"https:\/\/www.eslebedasauto.at\/wp-content\/uploads\/2023\/06\/IMG_2831-1024x768.jpeg 1024w, https:\/\/www.eslebedasauto.at\/wp-content\/uploads\/2023\/06\/IMG_2831-300x225.jpeg 300w, https:\/\/www.eslebedasauto.at\/wp-content\/uploads\/2023\/06\/IMG_2831-768x576.jpeg 768w, https:\/\/www.eslebedasauto.at\/wp-content\/uploads\/2023\/06\/IMG_2831-1536x1152.jpeg 1536w, https:\/\/www.eslebedasauto.at\/wp-content\/uploads\/2023\/06\/IMG_2831-800x600.jpeg 800w, https:\/\/www.eslebedasauto.at\/wp-content\/uploads\/2023\/06\/IMG_2831-1160x870.jpeg 1160w, https:\/\/www.eslebedasauto.at\/wp-content\/uploads\/2023\/06\/IMG_2831.jpeg 2048w\" sizes=\"(max-width: 1024px) 100vw, 1024px\" \/><\/figure>\n\n\n\n<p><strong>Die Fahrleistungen des kleinen Opel Astra Plug-in-Hybrid sind tats\u00e4chlich beachtlich. <\/strong>Der Astra ben\u00f6tigt lediglich 7,6 Sekunden f\u00fcr den Sprint auf 100 km\/h und auch die H\u00f6chstgeschwindigkeit von 225 km\/h sollte der Hybrid-Astra&nbsp;ohne M\u00fche erreichen, rein elektrisch schafft er \u00fcbrigens 135 km\/h, das aber nur \u00fcber wenige Kilometer. <\/p>\n\n\n\n<figure class=\"wp-block-image size-large\"><img loading=\"lazy\" decoding=\"async\" width=\"1024\" height=\"768\" src=\"https:\/\/www.eslebedasauto.at\/wp-content\/uploads\/2023\/06\/IMG_2833-1024x768.jpeg\" alt=\"\" class=\"wp-image-92442\" srcset=\"https:\/\/www.eslebedasauto.at\/wp-content\/uploads\/2023\/06\/IMG_2833-1024x768.jpeg 1024w, https:\/\/www.eslebedasauto.at\/wp-content\/uploads\/2023\/06\/IMG_2833-300x225.jpeg 300w, https:\/\/www.eslebedasauto.at\/wp-content\/uploads\/2023\/06\/IMG_2833-768x576.jpeg 768w, https:\/\/www.eslebedasauto.at\/wp-content\/uploads\/2023\/06\/IMG_2833-1536x1152.jpeg 1536w, https:\/\/www.eslebedasauto.at\/wp-content\/uploads\/2023\/06\/IMG_2833-800x600.jpeg 800w, https:\/\/www.eslebedasauto.at\/wp-content\/uploads\/2023\/06\/IMG_2833-1160x870.jpeg 1160w, https:\/\/www.eslebedasauto.at\/wp-content\/uploads\/2023\/06\/IMG_2833.jpeg 2048w\" sizes=\"(max-width: 1024px) 100vw, 1024px\" \/><\/figure>\n\n\n\n<p><strong>Der Opel Astra bleibt in Fahrt stets angenehm leise <\/strong>&#8211; auch die Windger\u00e4usche sind niedrig, dies spricht f\u00fcr viel aerodynamische Feinarbeit die auch dem Verbrauch zugute kommt. In dem Bereich benimmt sich klarerweise auch der Opel wie alle anderen Plug-in-Hybride. Die ersten 45 bis 50 Kilometer ist er emissionsfrei unterwegs, danach steigt der 1,6-Liter-Turbobenziner ein und will gef\u00fcttert werden. Die angegebenen 1,1 Liter kann man schaffen, wenn man oft an der Dose h\u00e4ngt und seinen Gasfu\u00df z\u00fcgelt. Die Realit\u00e4t sieht freilich anders aus, da f\u00e4hrt man dann oft im Hybrid-Modus, bei dem beide Motoren perfekt miteinander harmonieren und bei uns im Test rund f\u00fcnf Liter pro Hundert Kilometer f\u00e4llig werden.<\/p>\n\n\n\n<figure class=\"wp-block-image size-large\"><img loading=\"lazy\" decoding=\"async\" width=\"1024\" height=\"768\" src=\"https:\/\/www.eslebedasauto.at\/wp-content\/uploads\/2023\/06\/IMG_2835-1024x768.jpeg\" alt=\"\" class=\"wp-image-92444\" srcset=\"https:\/\/www.eslebedasauto.at\/wp-content\/uploads\/2023\/06\/IMG_2835-1024x768.jpeg 1024w, https:\/\/www.eslebedasauto.at\/wp-content\/uploads\/2023\/06\/IMG_2835-300x225.jpeg 300w, https:\/\/www.eslebedasauto.at\/wp-content\/uploads\/2023\/06\/IMG_2835-768x576.jpeg 768w, https:\/\/www.eslebedasauto.at\/wp-content\/uploads\/2023\/06\/IMG_2835-1536x1152.jpeg 1536w, https:\/\/www.eslebedasauto.at\/wp-content\/uploads\/2023\/06\/IMG_2835-800x600.jpeg 800w, https:\/\/www.eslebedasauto.at\/wp-content\/uploads\/2023\/06\/IMG_2835-1160x870.jpeg 1160w, https:\/\/www.eslebedasauto.at\/wp-content\/uploads\/2023\/06\/IMG_2835.jpeg 2048w\" sizes=\"(max-width: 1024px) 100vw, 1024px\" \/><\/figure>\n\n\n\n<figure class=\"wp-block-gallery has-nested-images columns-default is-cropped wp-block-gallery-2 is-layout-flex wp-block-gallery-is-layout-flex\">\n<figure class=\"wp-block-image size-large\"><img loading=\"lazy\" decoding=\"async\" width=\"1024\" height=\"768\" data-id=\"92439\" src=\"https:\/\/www.eslebedasauto.at\/wp-content\/uploads\/2023\/06\/IMG_2828-1024x768.jpeg\" alt=\"\" class=\"wp-image-92439\" srcset=\"https:\/\/www.eslebedasauto.at\/wp-content\/uploads\/2023\/06\/IMG_2828-1024x768.jpeg 1024w, https:\/\/www.eslebedasauto.at\/wp-content\/uploads\/2023\/06\/IMG_2828-300x225.jpeg 300w, https:\/\/www.eslebedasauto.at\/wp-content\/uploads\/2023\/06\/IMG_2828-768x576.jpeg 768w, https:\/\/www.eslebedasauto.at\/wp-content\/uploads\/2023\/06\/IMG_2828-1536x1152.jpeg 1536w, https:\/\/www.eslebedasauto.at\/wp-content\/uploads\/2023\/06\/IMG_2828-800x600.jpeg 800w, https:\/\/www.eslebedasauto.at\/wp-content\/uploads\/2023\/06\/IMG_2828-1160x870.jpeg 1160w, https:\/\/www.eslebedasauto.at\/wp-content\/uploads\/2023\/06\/IMG_2828.jpeg 2048w\" sizes=\"(max-width: 1024px) 100vw, 1024px\" \/><\/figure>\n\n\n\n<figure class=\"wp-block-image size-large\"><img decoding=\"async\" width=\"1024\" height=\"768\" data-id=\"92437\" src=\"https:\/\/www.eslebedasauto.at\/wp-content\/uploads\/2023\/06\/IMG_2823-1024x768.jpeg\" alt=\"\" class=\"wp-image-92437\" srcset=\"https:\/\/www.eslebedasauto.at\/wp-content\/uploads\/2023\/06\/IMG_2823-1024x768.jpeg 1024w, https:\/\/www.eslebedasauto.at\/wp-content\/uploads\/2023\/06\/IMG_2823-300x225.jpeg 300w, https:\/\/www.eslebedasauto.at\/wp-content\/uploads\/2023\/06\/IMG_2823-768x576.jpeg 768w, https:\/\/www.eslebedasauto.at\/wp-content\/uploads\/2023\/06\/IMG_2823-1536x1152.jpeg 1536w, https:\/\/www.eslebedasauto.at\/wp-content\/uploads\/2023\/06\/IMG_2823-800x600.jpeg 800w, https:\/\/www.eslebedasauto.at\/wp-content\/uploads\/2023\/06\/IMG_2823-1160x870.jpeg 1160w, https:\/\/www.eslebedasauto.at\/wp-content\/uploads\/2023\/06\/IMG_2823.jpeg 2048w\" sizes=\"(max-width: 1024px) 100vw, 1024px\" \/><\/figure>\n<\/figure>\n\n\n\n<p>Insgesamt betrachtet ist der&nbsp;Astra als Hybrid ein sehr fahraktives Fahrzeug. Unterstrichen wird das Ganze noch, wenn man die Ausstattungsvariante GS-Line w\u00e4hlt. Dann erh\u00e4lt man auch ein dezent-sportives Outfit mit sch\u00f6nen R\u00e4dern, sportiver geschnittenen Sitzen und in unserem Fall auf Wunsch auch Bi-Color-Lackierung. Wer sich traut, w\u00e4hlt die Farbgebung des Testwagens &#8211; wir finden, dass diese Lackierung einen Lichtblick im \u00fcblicherweise grau-tr\u00fcben Verkehrsalltag darstellt. <\/p>\n\n\n\n<figure class=\"wp-block-image size-large\"><img loading=\"lazy\" decoding=\"async\" width=\"1024\" height=\"768\" src=\"https:\/\/www.eslebedasauto.at\/wp-content\/uploads\/2023\/06\/IMG_2839-1024x768.jpeg\" alt=\"\" class=\"wp-image-92447\" srcset=\"https:\/\/www.eslebedasauto.at\/wp-content\/uploads\/2023\/06\/IMG_2839-1024x768.jpeg 1024w, https:\/\/www.eslebedasauto.at\/wp-content\/uploads\/2023\/06\/IMG_2839-300x225.jpeg 300w, https:\/\/www.eslebedasauto.at\/wp-content\/uploads\/2023\/06\/IMG_2839-768x576.jpeg 768w, https:\/\/www.eslebedasauto.at\/wp-content\/uploads\/2023\/06\/IMG_2839-1536x1152.jpeg 1536w, https:\/\/www.eslebedasauto.at\/wp-content\/uploads\/2023\/06\/IMG_2839-800x600.jpeg 800w, https:\/\/www.eslebedasauto.at\/wp-content\/uploads\/2023\/06\/IMG_2839-1160x870.jpeg 1160w, https:\/\/www.eslebedasauto.at\/wp-content\/uploads\/2023\/06\/IMG_2839.jpeg 2048w\" sizes=\"(max-width: 1024px) 100vw, 1024px\" \/><\/figure>\n\n\n\n<p><strong>Daten Fakten Opel&nbsp;Astra&nbsp;Hybrid 1,6T<br><\/strong>Motoren: 4-Zyl-Benziner, 1598 ccm, 150 PS, Turbo, Direkteinspritzung, 81-kW-E-Motor, <br>Systemleistung: 180 PS<br>Drehmoment 360 Nm<br>Batterie: 12,4 kWh (brutto)<br>Vmax: 225 km\/h<br>0 &#8211; 100 km\/h: 7,6 Sek.<br>WLTP-Durchschnittsverbrauch: 1,1 Liter<br>Testverbrauch: 5,1 Liter<br>Preis: ab 39.149 Euro<\/p>\n\n\n\n<p><\/p>","protected":false},"excerpt":{"rendered":"<p>Auch die kleinere der beiden Hybrid-Varianten macht aus dem Opel Astra ein  sehr fahraktives, dynamisches Fahrzeug.<\/p>","protected":false},"author":2,"featured_media":92447,"comment_status":"open","ping_status":"open","sticky":false,"template":"","format":"standard","meta":{"neve_meta_sidebar":"","neve_meta_container":"","neve_meta_enable_content_width":"","neve_meta_content_width":0,"neve_meta_title_alignment":"","neve_meta_author_avatar":"","neve_post_elements_order":"","neve_meta_disable_header":"","neve_meta_disable_footer":"","neve_meta_disable_title":"","neve_meta_reading_time":"","footnotes":""},"categories":[335,12,598],"tags":[],"class_list":["post-92435","post","type-post","status-publish","format-standard","has-post-thumbnail","hentry","category-fahrberichte","category-hybrid","category-shortmotornews"],"yoast_head":"<!-- This site is optimized with the Yoast SEO plugin v26.8 - https:\/\/yoast.com\/product\/yoast-seo-wordpress\/ -->\n<title>Die goldene Mitte - Es lebe das Auto<\/title>\n<meta name=\"description\" content=\"Auch die kleinere der beiden Hybrid-Varianten macht aus dem Opel Astra ein sehr fahraktives, dynamisches Fahrzeug.\" \/>\n<meta name=\"robots\" content=\"index, follow, max-snippet:-1, max-image-preview:large, max-video-preview:-1\" \/>\n<link rel=\"canonical\" href=\"https:\/\/www.eslebedasauto.at\/it\/opel-astra-hybrid-test\/\" \/>\n<meta property=\"og:locale\" content=\"it_IT\" \/>\n<meta property=\"og:type\" content=\"article\" \/>\n<meta property=\"og:title\" content=\"Die goldene Mitte - Es lebe das Auto\" \/>\n<meta property=\"og:description\" content=\"Auch die kleinere der beiden Hybrid-Varianten macht aus dem Opel Astra ein sehr fahraktives, dynamisches Fahrzeug.\" \/>\n<meta property=\"og:url\" content=\"https:\/\/www.eslebedasauto.at\/it\/opel-astra-hybrid-test\/\" \/>\n<meta property=\"og:site_name\" content=\"Es lebe das Auto\" \/>\n<meta property=\"article:publisher\" content=\"https:\/\/www.facebook.com\/eslebedasauto.at\" \/>\n<meta property=\"article:published_time\" content=\"2023-06-23T19:12:41+00:00\" \/>\n<meta property=\"article:modified_time\" content=\"2023-06-23T19:20:22+00:00\" \/>\n<meta property=\"og:image\" content=\"https:\/\/www.eslebedasauto.at\/wp-content\/uploads\/2023\/06\/IMG_2839.jpeg\" \/>\n\t<meta property=\"og:image:width\" content=\"2048\" \/>\n\t<meta property=\"og:image:height\" content=\"1536\" \/>\n\t<meta property=\"og:image:type\" content=\"image\/jpeg\" \/>\n<meta name=\"author\" content=\"gerhard\" \/>\n<meta name=\"twitter:card\" content=\"summary_large_image\" \/>\n<meta name=\"twitter:label1\" content=\"Scritto da\" \/>\n\t<meta name=\"twitter:data1\" content=\"gerhard\" \/>\n\t<meta name=\"twitter:label2\" content=\"Tempo di lettura stimato\" \/>\n\t<meta name=\"twitter:data2\" content=\"6 minuti\" \/>\n<script type=\"application\/ld+json\" class=\"yoast-schema-graph\">{\"@context\":\"https:\/\/schema.org\",\"@graph\":[{\"@type\":\"Article\",\"@id\":\"https:\/\/www.eslebedasauto.at\/opel-astra-hybrid-test\/#article\",\"isPartOf\":{\"@id\":\"https:\/\/www.eslebedasauto.at\/opel-astra-hybrid-test\/\"},\"author\":{\"name\":\"gerhard\",\"@id\":\"https:\/\/www.eslebedasauto.at\/#\/schema\/person\/fb81218b0bed500d225ff518f9f17033\"},\"headline\":\"Die goldene Mitte\",\"datePublished\":\"2023-06-23T19:12:41+00:00\",\"dateModified\":\"2023-06-23T19:20:22+00:00\",\"mainEntityOfPage\":{\"@id\":\"https:\/\/www.eslebedasauto.at\/opel-astra-hybrid-test\/\"},\"wordCount\":573,\"commentCount\":0,\"publisher\":{\"@id\":\"https:\/\/www.eslebedasauto.at\/#organization\"},\"image\":{\"@id\":\"https:\/\/www.eslebedasauto.at\/opel-astra-hybrid-test\/#primaryimage\"},\"thumbnailUrl\":\"https:\/\/www.eslebedasauto.at\/wp-content\/uploads\/2023\/06\/IMG_2839.jpeg\",\"articleSection\":[\"Fahrberichte\",\"Hybrid\",\"Shortmotornews\"],\"inLanguage\":\"it-IT\",\"potentialAction\":[{\"@type\":\"CommentAction\",\"name\":\"Comment\",\"target\":[\"https:\/\/www.eslebedasauto.at\/opel-astra-hybrid-test\/#respond\"]}]},{\"@type\":\"WebPage\",\"@id\":\"https:\/\/www.eslebedasauto.at\/opel-astra-hybrid-test\/\",\"url\":\"https:\/\/www.eslebedasauto.at\/opel-astra-hybrid-test\/\",\"name\":\"Die goldene Mitte - Es lebe das Auto\",\"isPartOf\":{\"@id\":\"https:\/\/www.eslebedasauto.at\/#website\"},\"primaryImageOfPage\":{\"@id\":\"https:\/\/www.eslebedasauto.at\/opel-astra-hybrid-test\/#primaryimage\"},\"image\":{\"@id\":\"https:\/\/www.eslebedasauto.at\/opel-astra-hybrid-test\/#primaryimage\"},\"thumbnailUrl\":\"https:\/\/www.eslebedasauto.at\/wp-content\/uploads\/2023\/06\/IMG_2839.jpeg\",\"datePublished\":\"2023-06-23T19:12:41+00:00\",\"dateModified\":\"2023-06-23T19:20:22+00:00\",\"description\":\"Auch die kleinere der beiden Hybrid-Varianten macht aus dem Opel Astra ein sehr fahraktives, dynamisches Fahrzeug.\",\"breadcrumb\":{\"@id\":\"https:\/\/www.eslebedasauto.at\/opel-astra-hybrid-test\/#breadcrumb\"},\"inLanguage\":\"it-IT\",\"potentialAction\":[{\"@type\":\"ReadAction\",\"target\":[\"https:\/\/www.eslebedasauto.at\/opel-astra-hybrid-test\/\"]}]},{\"@type\":\"ImageObject\",\"inLanguage\":\"it-IT\",\"@id\":\"https:\/\/www.eslebedasauto.at\/opel-astra-hybrid-test\/#primaryimage\",\"url\":\"https:\/\/www.eslebedasauto.at\/wp-content\/uploads\/2023\/06\/IMG_2839.jpeg\",\"contentUrl\":\"https:\/\/www.eslebedasauto.at\/wp-content\/uploads\/2023\/06\/IMG_2839.jpeg\",\"width\":2048,\"height\":1536},{\"@type\":\"BreadcrumbList\",\"@id\":\"https:\/\/www.eslebedasauto.at\/opel-astra-hybrid-test\/#breadcrumb\",\"itemListElement\":[{\"@type\":\"ListItem\",\"position\":1,\"name\":\"Startseite\",\"item\":\"https:\/\/www.eslebedasauto.at\/\"},{\"@type\":\"ListItem\",\"position\":2,\"name\":\"Die goldene Mitte\"}]},{\"@type\":\"WebSite\",\"@id\":\"https:\/\/www.eslebedasauto.at\/#website\",\"url\":\"https:\/\/www.eslebedasauto.at\/\",\"name\":\"Es lebe das Auto\",\"description\":\"ein Hoch auf den Individualverkehr\",\"publisher\":{\"@id\":\"https:\/\/www.eslebedasauto.at\/#organization\"},\"potentialAction\":[{\"@type\":\"SearchAction\",\"target\":{\"@type\":\"EntryPoint\",\"urlTemplate\":\"https:\/\/www.eslebedasauto.at\/?s={search_term_string}\"},\"query-input\":{\"@type\":\"PropertyValueSpecification\",\"valueRequired\":true,\"valueName\":\"search_term_string\"}}],\"inLanguage\":\"it-IT\"},{\"@type\":\"Organization\",\"@id\":\"https:\/\/www.eslebedasauto.at\/#organization\",\"name\":\"eslebedasauto\",\"url\":\"https:\/\/www.eslebedasauto.at\/\",\"logo\":{\"@type\":\"ImageObject\",\"inLanguage\":\"it-IT\",\"@id\":\"https:\/\/www.eslebedasauto.at\/#\/schema\/logo\/image\/\",\"url\":\"https:\/\/www.eslebedasauto.at\/wp-content\/uploads\/2025\/10\/eldarund.png\",\"contentUrl\":\"https:\/\/www.eslebedasauto.at\/wp-content\/uploads\/2025\/10\/eldarund.png\",\"width\":1024,\"height\":1024,\"caption\":\"eslebedasauto\"},\"image\":{\"@id\":\"https:\/\/www.eslebedasauto.at\/#\/schema\/logo\/image\/\"},\"sameAs\":[\"https:\/\/www.facebook.com\/eslebedasauto.at\",\"https:\/\/www.instagram.com\/es_lebe_das_auto\/\"]},{\"@type\":\"Person\",\"@id\":\"https:\/\/www.eslebedasauto.at\/#\/schema\/person\/fb81218b0bed500d225ff518f9f17033\",\"name\":\"gerhard\",\"url\":\"https:\/\/www.eslebedasauto.at\/it\/author\/gerhard\/\"}]}<\/script>\n<!-- \/ Yoast SEO plugin. -->","yoast_head_json":{"title":"Die goldene Mitte - Es lebe das Auto","description":"Auch die kleinere der beiden Hybrid-Varianten macht aus dem Opel Astra ein sehr fahraktives, dynamisches Fahrzeug.","robots":{"index":"index","follow":"follow","max-snippet":"max-snippet:-1","max-image-preview":"max-image-preview:large","max-video-preview":"max-video-preview:-1"},"canonical":"https:\/\/www.eslebedasauto.at\/it\/opel-astra-hybrid-test\/","og_locale":"it_IT","og_type":"article","og_title":"Die goldene Mitte - Es lebe das Auto","og_description":"Auch die kleinere der beiden Hybrid-Varianten macht aus dem Opel Astra ein sehr fahraktives, dynamisches Fahrzeug.","og_url":"https:\/\/www.eslebedasauto.at\/it\/opel-astra-hybrid-test\/","og_site_name":"Es lebe das Auto","article_publisher":"https:\/\/www.facebook.com\/eslebedasauto.at","article_published_time":"2023-06-23T19:12:41+00:00","article_modified_time":"2023-06-23T19:20:22+00:00","og_image":[{"width":2048,"height":1536,"url":"https:\/\/www.eslebedasauto.at\/wp-content\/uploads\/2023\/06\/IMG_2839.jpeg","type":"image\/jpeg"}],"author":"gerhard","twitter_card":"summary_large_image","twitter_misc":{"Scritto da":"gerhard","Tempo di lettura stimato":"6 minuti"},"schema":{"@context":"https:\/\/schema.org","@graph":[{"@type":"Article","@id":"https:\/\/www.eslebedasauto.at\/opel-astra-hybrid-test\/#article","isPartOf":{"@id":"https:\/\/www.eslebedasauto.at\/opel-astra-hybrid-test\/"},"author":{"name":"gerhard","@id":"https:\/\/www.eslebedasauto.at\/#\/schema\/person\/fb81218b0bed500d225ff518f9f17033"},"headline":"Die goldene Mitte","datePublished":"2023-06-23T19:12:41+00:00","dateModified":"2023-06-23T19:20:22+00:00","mainEntityOfPage":{"@id":"https:\/\/www.eslebedasauto.at\/opel-astra-hybrid-test\/"},"wordCount":573,"commentCount":0,"publisher":{"@id":"https:\/\/www.eslebedasauto.at\/#organization"},"image":{"@id":"https:\/\/www.eslebedasauto.at\/opel-astra-hybrid-test\/#primaryimage"},"thumbnailUrl":"https:\/\/www.eslebedasauto.at\/wp-content\/uploads\/2023\/06\/IMG_2839.jpeg","articleSection":["Fahrberichte","Hybrid","Shortmotornews"],"inLanguage":"it-IT","potentialAction":[{"@type":"CommentAction","name":"Comment","target":["https:\/\/www.eslebedasauto.at\/opel-astra-hybrid-test\/#respond"]}]},{"@type":"WebPage","@id":"https:\/\/www.eslebedasauto.at\/opel-astra-hybrid-test\/","url":"https:\/\/www.eslebedasauto.at\/opel-astra-hybrid-test\/","name":"Die goldene Mitte - Es lebe das Auto","isPartOf":{"@id":"https:\/\/www.eslebedasauto.at\/#website"},"primaryImageOfPage":{"@id":"https:\/\/www.eslebedasauto.at\/opel-astra-hybrid-test\/#primaryimage"},"image":{"@id":"https:\/\/www.eslebedasauto.at\/opel-astra-hybrid-test\/#primaryimage"},"thumbnailUrl":"https:\/\/www.eslebedasauto.at\/wp-content\/uploads\/2023\/06\/IMG_2839.jpeg","datePublished":"2023-06-23T19:12:41+00:00","dateModified":"2023-06-23T19:20:22+00:00","description":"Auch die kleinere der beiden Hybrid-Varianten macht aus dem Opel Astra ein sehr fahraktives, dynamisches Fahrzeug.","breadcrumb":{"@id":"https:\/\/www.eslebedasauto.at\/opel-astra-hybrid-test\/#breadcrumb"},"inLanguage":"it-IT","potentialAction":[{"@type":"ReadAction","target":["https:\/\/www.eslebedasauto.at\/opel-astra-hybrid-test\/"]}]},{"@type":"ImageObject","inLanguage":"it-IT","@id":"https:\/\/www.eslebedasauto.at\/opel-astra-hybrid-test\/#primaryimage","url":"https:\/\/www.eslebedasauto.at\/wp-content\/uploads\/2023\/06\/IMG_2839.jpeg","contentUrl":"https:\/\/www.eslebedasauto.at\/wp-content\/uploads\/2023\/06\/IMG_2839.jpeg","width":2048,"height":1536},{"@type":"BreadcrumbList","@id":"https:\/\/www.eslebedasauto.at\/opel-astra-hybrid-test\/#breadcrumb","itemListElement":[{"@type":"ListItem","position":1,"name":"Startseite","item":"https:\/\/www.eslebedasauto.at\/"},{"@type":"ListItem","position":2,"name":"Die goldene Mitte"}]},{"@type":"WebSite","@id":"https:\/\/www.eslebedasauto.at\/#website","url":"https:\/\/www.eslebedasauto.at\/","name":"Es lebe das Auto","description":"ein Hoch auf den Individualverkehr","publisher":{"@id":"https:\/\/www.eslebedasauto.at\/#organization"},"potentialAction":[{"@type":"SearchAction","target":{"@type":"EntryPoint","urlTemplate":"https:\/\/www.eslebedasauto.at\/?s={search_term_string}"},"query-input":{"@type":"PropertyValueSpecification","valueRequired":true,"valueName":"search_term_string"}}],"inLanguage":"it-IT"},{"@type":"Organization","@id":"https:\/\/www.eslebedasauto.at\/#organization","name":"eslebedasauto","url":"https:\/\/www.eslebedasauto.at\/","logo":{"@type":"ImageObject","inLanguage":"it-IT","@id":"https:\/\/www.eslebedasauto.at\/#\/schema\/logo\/image\/","url":"https:\/\/www.eslebedasauto.at\/wp-content\/uploads\/2025\/10\/eldarund.png","contentUrl":"https:\/\/www.eslebedasauto.at\/wp-content\/uploads\/2025\/10\/eldarund.png","width":1024,"height":1024,"caption":"eslebedasauto"},"image":{"@id":"https:\/\/www.eslebedasauto.at\/#\/schema\/logo\/image\/"},"sameAs":["https:\/\/www.facebook.com\/eslebedasauto.at","https:\/\/www.instagram.com\/es_lebe_das_auto\/"]},{"@type":"Person","@id":"https:\/\/www.eslebedasauto.at\/#\/schema\/person\/fb81218b0bed500d225ff518f9f17033","name":"gerhard","url":"https:\/\/www.eslebedasauto.at\/it\/author\/gerhard\/"}]}},"_links":{"self":[{"href":"https:\/\/www.eslebedasauto.at\/it\/wp-json\/wp\/v2\/posts\/92435","targetHints":{"allow":["GET"]}}],"collection":[{"href":"https:\/\/www.eslebedasauto.at\/it\/wp-json\/wp\/v2\/posts"}],"about":[{"href":"https:\/\/www.eslebedasauto.at\/it\/wp-json\/wp\/v2\/types\/post"}],"author":[{"embeddable":true,"href":"https:\/\/www.eslebedasauto.at\/it\/wp-json\/wp\/v2\/users\/2"}],"replies":[{"embeddable":true,"href":"https:\/\/www.eslebedasauto.at\/it\/wp-json\/wp\/v2\/comments?post=92435"}],"version-history":[{"count":3,"href":"https:\/\/www.eslebedasauto.at\/it\/wp-json\/wp\/v2\/posts\/92435\/revisions"}],"predecessor-version":[{"id":92460,"href":"https:\/\/www.eslebedasauto.at\/it\/wp-json\/wp\/v2\/posts\/92435\/revisions\/92460"}],"wp:featuredmedia":[{"embeddable":true,"href":"https:\/\/www.eslebedasauto.at\/it\/wp-json\/wp\/v2\/media\/92447"}],"wp:attachment":[{"href":"https:\/\/www.eslebedasauto.at\/it\/wp-json\/wp\/v2\/media?parent=92435"}],"wp:term":[{"taxonomy":"category","embeddable":true,"href":"https:\/\/www.eslebedasauto.at\/it\/wp-json\/wp\/v2\/categories?post=92435"},{"taxonomy":"post_tag","embeddable":true,"href":"https:\/\/www.eslebedasauto.at\/it\/wp-json\/wp\/v2\/tags?post=92435"}],"curies":[{"name":"wp","href":"https:\/\/api.w.org\/{rel}","templated":true}]}}