{"id":92178,"date":"2023-06-02T10:43:29","date_gmt":"2023-06-02T08:43:29","guid":{"rendered":"https:\/\/www.eslebedasauto.at\/?p=92178"},"modified":"2023-06-02T10:45:29","modified_gmt":"2023-06-02T08:45:29","slug":"black-forester-im-gruenen","status":"publish","type":"post","link":"https:\/\/www.eslebedasauto.at\/it\/black-forester-im-gruenen\/","title":{"rendered":"Black Forester im Gr\u00fcnen"},"content":{"rendered":"<h4 id=\"subaru-punktet-mit-einem-neuen-sondermodell-es-nennt-sich-forester-black-edition-und-ist-ein-gelungener-mix-aus-stil-und-funktionalitat-fur-durchaus-auch-abenteuerlustige-fahrer\" class=\"wp-block-heading\">Subaru punktet mit einem neuen Sondermodell. Es nennt sich Forester Black Edition und ist ein gelungener Mix aus Stil und Funktionalit\u00e4t f\u00fcr durchaus auch abenteuerlustige Fahrer.<\/h4>\n\n\n\n<p>Subaru, seines Zeichens Pionier auf dem Gebiet der Allradtechnologie \u00fcberlie\u00df uns das neue Sondermodell des Forester f\u00fcr einen Test. Dieses Auto vereint die bew\u00e4hrte Zuverl\u00e4ssigkeit und Leistung von Subaru mit markantem Design. <\/p>\n\n\n\n<h4 id=\"wir-haben-den-subaru-forester-black-edition-in-der-oberosterreichischen-region-scharten-die-fur-ihren-apfel-und-marillen-anbau-bekannt-ist-ausgiebig-getestet\" class=\"wp-block-heading\">Wir haben den Subaru Forester Black Edition in der ober\u00f6sterreichischen Region Scharten, die f\u00fcr ihren Apfel- und Marillen-Anbau bekannt ist, ausgiebig getestet.<\/h4>\n\n\n\n<figure class=\"wp-block-gallery has-nested-images columns-default is-cropped wp-block-gallery-1 is-layout-flex wp-block-gallery-is-layout-flex\">\n<figure class=\"wp-block-image size-large\"><img fetchpriority=\"high\" decoding=\"async\" width=\"1024\" height=\"768\" data-id=\"92174\" src=\"https:\/\/www.eslebedasauto.at\/wp-content\/uploads\/2023\/05\/IMG_3824-1024x768.jpg\" alt=\"\" class=\"wp-image-92174\" srcset=\"https:\/\/www.eslebedasauto.at\/wp-content\/uploads\/2023\/05\/IMG_3824-1024x768.jpg 1024w, https:\/\/www.eslebedasauto.at\/wp-content\/uploads\/2023\/05\/IMG_3824-300x225.jpg 300w, https:\/\/www.eslebedasauto.at\/wp-content\/uploads\/2023\/05\/IMG_3824-768x576.jpg 768w, https:\/\/www.eslebedasauto.at\/wp-content\/uploads\/2023\/05\/IMG_3824-1536x1152.jpg 1536w, https:\/\/www.eslebedasauto.at\/wp-content\/uploads\/2023\/05\/IMG_3824-2048x1536.jpg 2048w, https:\/\/www.eslebedasauto.at\/wp-content\/uploads\/2023\/05\/IMG_3824-800x600.jpg 800w, https:\/\/www.eslebedasauto.at\/wp-content\/uploads\/2023\/05\/IMG_3824-1160x870.jpg 1160w\" sizes=\"(max-width: 1024px) 100vw, 1024px\" \/><\/figure>\n\n\n\n<figure class=\"wp-block-image size-large\"><img decoding=\"async\" width=\"1024\" height=\"768\" data-id=\"92170\" src=\"https:\/\/www.eslebedasauto.at\/wp-content\/uploads\/2023\/05\/IMG_3818-1024x768.jpg\" alt=\"\" class=\"wp-image-92170\" srcset=\"https:\/\/www.eslebedasauto.at\/wp-content\/uploads\/2023\/05\/IMG_3818-1024x768.jpg 1024w, https:\/\/www.eslebedasauto.at\/wp-content\/uploads\/2023\/05\/IMG_3818-300x225.jpg 300w, https:\/\/www.eslebedasauto.at\/wp-content\/uploads\/2023\/05\/IMG_3818-768x576.jpg 768w, https:\/\/www.eslebedasauto.at\/wp-content\/uploads\/2023\/05\/IMG_3818-1536x1152.jpg 1536w, https:\/\/www.eslebedasauto.at\/wp-content\/uploads\/2023\/05\/IMG_3818-2048x1536.jpg 2048w, https:\/\/www.eslebedasauto.at\/wp-content\/uploads\/2023\/05\/IMG_3818-800x600.jpg 800w, https:\/\/www.eslebedasauto.at\/wp-content\/uploads\/2023\/05\/IMG_3818-1160x870.jpg 1160w\" sizes=\"(max-width: 1024px) 100vw, 1024px\" \/><\/figure>\n\n\n\n<figure class=\"wp-block-image size-large\"><img decoding=\"async\" width=\"768\" height=\"1024\" data-id=\"92146\" src=\"https:\/\/www.eslebedasauto.at\/wp-content\/uploads\/2023\/05\/IMG_3791-768x1024.jpg\" alt=\"\" class=\"wp-image-92146\" srcset=\"https:\/\/www.eslebedasauto.at\/wp-content\/uploads\/2023\/05\/IMG_3791-768x1024.jpg 768w, https:\/\/www.eslebedasauto.at\/wp-content\/uploads\/2023\/05\/IMG_3791-225x300.jpg 225w, https:\/\/www.eslebedasauto.at\/wp-content\/uploads\/2023\/05\/IMG_3791-1152x1536.jpg 1152w, https:\/\/www.eslebedasauto.at\/wp-content\/uploads\/2023\/05\/IMG_3791-1536x2048.jpg 1536w, https:\/\/www.eslebedasauto.at\/wp-content\/uploads\/2023\/05\/IMG_3791-800x1067.jpg 800w, https:\/\/www.eslebedasauto.at\/wp-content\/uploads\/2023\/05\/IMG_3791-1160x1547.jpg 1160w, https:\/\/www.eslebedasauto.at\/wp-content\/uploads\/2023\/05\/IMG_3791-scaled.jpg 1920w\" sizes=\"(max-width: 768px) 100vw, 768px\" \/><\/figure>\n<\/figure>\n\n\n\n<p><strong>Ausgestattet mit dem bekannt praktikablen Allradsystem (Symmetrical AWD<\/strong>)<strong>,<\/strong> ist der Forester allzeit bereit, sich den Herausforderungen anspruchsvoller Stra\u00dfen und Wege zu stellen. Egal ob verschneite Bergp\u00e4sse oder schlammige Feldwege, der Subaru Forester eBoxer meistert fast jede Situation mit Bravour und sorgt dabei f\u00fcr ein erstklassiges Fahrerlebnis. <\/p>\n\n\n\n<p><strong>Dabei ist der Subaru Forester noch immer ein Auto f\u00fcr echte (Aus-)Kenner<\/strong>, welches trotz Kombistatur in Punkto Allrad, Schr\u00e4glage,  Bergauf- oder Bergabfahrassistenz ordentlich abliefert, ohne dabei auf den allgegenw\u00e4rtigen SUV-Zug aufzuspringen. <\/p>\n\n\n\n<p><strong>Ganz in Schwarz gehalten f\u00e4llt die Black Edition des Subaru Forester sofort ins Auge.<\/strong> Mit einer Vielzahl an eleganten schwarzen Akzenten verleiht diese Sonderedition dem Forester einen fast schon aggressiven und zumindest unverwechselbaren Look. Das dunkle Design wird durch schwarze Ledersitze im Innenraum stilvoll erg\u00e4nzt. <\/p>\n\n\n\n<p><strong>Der markentypische 2.0 Liter Benziner-Boxer, hier gepaart mit einem Mildhybrid<\/strong> und dem stufenlosen Automatikgetriebe Lineartronic machen es m\u00f6glich, so manchen Wald- oder Bergweg still und heimlich erkunden. Das mildert etwaige Konfrontationen im Gel\u00e4nde mit Wanderern ab, wenn man so daherschleicht. Au\u00dferdem kommt dann noch das spezielle Image der Marke Subaru zum Tragen &#8211; nach dem Motto: Da muss wohl der F\u00f6rster, J\u00e4ger oder Grundbesitzer drinnen sitzen, also regen wir uns lieber gleich gar nicht auf.<\/p>\n\n\n\n<p>Jedenfalls ist der Subaru Forester Black Edition ein au\u00dfergew\u00f6hnliches Fahrzeug, welches f\u00fcr Fahrer entwickelt wurde, die Wert auf Leistung, Vielseitigkeit und unverwechselbares Design legen.<\/p>\n\n\n\n<figure class=\"wp-block-gallery has-nested-images columns-default is-cropped wp-block-gallery-2 is-layout-flex wp-block-gallery-is-layout-flex\">\n<figure class=\"wp-block-image size-large\"><img loading=\"lazy\" decoding=\"async\" width=\"1024\" height=\"768\" data-id=\"92143\" src=\"https:\/\/www.eslebedasauto.at\/wp-content\/uploads\/2023\/05\/IMG_3786-1024x768.jpg\" alt=\"\" class=\"wp-image-92143\" srcset=\"https:\/\/www.eslebedasauto.at\/wp-content\/uploads\/2023\/05\/IMG_3786-1024x768.jpg 1024w, https:\/\/www.eslebedasauto.at\/wp-content\/uploads\/2023\/05\/IMG_3786-300x225.jpg 300w, https:\/\/www.eslebedasauto.at\/wp-content\/uploads\/2023\/05\/IMG_3786-768x576.jpg 768w, https:\/\/www.eslebedasauto.at\/wp-content\/uploads\/2023\/05\/IMG_3786-1536x1152.jpg 1536w, https:\/\/www.eslebedasauto.at\/wp-content\/uploads\/2023\/05\/IMG_3786-2048x1536.jpg 2048w, https:\/\/www.eslebedasauto.at\/wp-content\/uploads\/2023\/05\/IMG_3786-800x600.jpg 800w, https:\/\/www.eslebedasauto.at\/wp-content\/uploads\/2023\/05\/IMG_3786-1160x870.jpg 1160w\" sizes=\"(max-width: 1024px) 100vw, 1024px\" \/><\/figure>\n\n\n\n<figure class=\"wp-block-image size-large\"><img loading=\"lazy\" decoding=\"async\" width=\"768\" height=\"1024\" data-id=\"92144\" src=\"https:\/\/www.eslebedasauto.at\/wp-content\/uploads\/2023\/05\/IMG_3789-768x1024.jpg\" alt=\"\" class=\"wp-image-92144\" srcset=\"https:\/\/www.eslebedasauto.at\/wp-content\/uploads\/2023\/05\/IMG_3789-768x1024.jpg 768w, https:\/\/www.eslebedasauto.at\/wp-content\/uploads\/2023\/05\/IMG_3789-225x300.jpg 225w, https:\/\/www.eslebedasauto.at\/wp-content\/uploads\/2023\/05\/IMG_3789-1152x1536.jpg 1152w, https:\/\/www.eslebedasauto.at\/wp-content\/uploads\/2023\/05\/IMG_3789-1536x2048.jpg 1536w, https:\/\/www.eslebedasauto.at\/wp-content\/uploads\/2023\/05\/IMG_3789-800x1067.jpg 800w, https:\/\/www.eslebedasauto.at\/wp-content\/uploads\/2023\/05\/IMG_3789-1160x1547.jpg 1160w, https:\/\/www.eslebedasauto.at\/wp-content\/uploads\/2023\/05\/IMG_3789-scaled.jpg 1920w\" sizes=\"(max-width: 768px) 100vw, 768px\" \/><\/figure>\n\n\n\n<figure class=\"wp-block-image size-large\"><img loading=\"lazy\" decoding=\"async\" width=\"768\" height=\"1024\" data-id=\"92166\" src=\"https:\/\/www.eslebedasauto.at\/wp-content\/uploads\/2023\/05\/IMG_3813-768x1024.jpg\" alt=\"\" class=\"wp-image-92166\" srcset=\"https:\/\/www.eslebedasauto.at\/wp-content\/uploads\/2023\/05\/IMG_3813-768x1024.jpg 768w, https:\/\/www.eslebedasauto.at\/wp-content\/uploads\/2023\/05\/IMG_3813-225x300.jpg 225w, https:\/\/www.eslebedasauto.at\/wp-content\/uploads\/2023\/05\/IMG_3813-1152x1536.jpg 1152w, https:\/\/www.eslebedasauto.at\/wp-content\/uploads\/2023\/05\/IMG_3813-1536x2048.jpg 1536w, https:\/\/www.eslebedasauto.at\/wp-content\/uploads\/2023\/05\/IMG_3813-800x1067.jpg 800w, https:\/\/www.eslebedasauto.at\/wp-content\/uploads\/2023\/05\/IMG_3813-1160x1547.jpg 1160w, https:\/\/www.eslebedasauto.at\/wp-content\/uploads\/2023\/05\/IMG_3813-scaled.jpg 1920w\" sizes=\"(max-width: 768px) 100vw, 768px\" \/><\/figure>\n\n\n\n<figure class=\"wp-block-image size-large\"><img loading=\"lazy\" decoding=\"async\" width=\"1024\" height=\"768\" data-id=\"92158\" src=\"https:\/\/www.eslebedasauto.at\/wp-content\/uploads\/2023\/05\/IMG_3805-1024x768.jpg\" alt=\"\" class=\"wp-image-92158\" srcset=\"https:\/\/www.eslebedasauto.at\/wp-content\/uploads\/2023\/05\/IMG_3805-1024x768.jpg 1024w, https:\/\/www.eslebedasauto.at\/wp-content\/uploads\/2023\/05\/IMG_3805-300x225.jpg 300w, https:\/\/www.eslebedasauto.at\/wp-content\/uploads\/2023\/05\/IMG_3805-768x576.jpg 768w, https:\/\/www.eslebedasauto.at\/wp-content\/uploads\/2023\/05\/IMG_3805-1536x1152.jpg 1536w, https:\/\/www.eslebedasauto.at\/wp-content\/uploads\/2023\/05\/IMG_3805-2048x1536.jpg 2048w, https:\/\/www.eslebedasauto.at\/wp-content\/uploads\/2023\/05\/IMG_3805-800x600.jpg 800w, https:\/\/www.eslebedasauto.at\/wp-content\/uploads\/2023\/05\/IMG_3805-1160x870.jpg 1160w\" sizes=\"(max-width: 1024px) 100vw, 1024px\" \/><\/figure>\n<\/figure>\n\n\n\n<p><strong>Der Subaru Forester Black Edition ist nicht nur optisch ansprechend, sondern auch mit modernster Technologie ausgestattet. <\/strong>Das innovative Infotainmentsystem bietet Konnektivit\u00e4tsoptionen wie Apple CarPlay und Android Auto, sodass jeder Fahrer seine Lieblingsmusik streamen und auf wichtige Apps zugreifen kann. Dar\u00fcber hinaus sorgen fortschrittliche Sicherheitsfunktionen wie der<strong> Subaru EyeSight-Assistent<\/strong> f\u00fcr ein zus\u00e4tzlich beruhigtes Fahrerlebnis.<\/p>\n\n\n\n<figure class=\"wp-block-gallery has-nested-images columns-default is-cropped wp-block-gallery-3 is-layout-flex wp-block-gallery-is-layout-flex\">\n<figure class=\"wp-block-image size-large\"><img loading=\"lazy\" decoding=\"async\" width=\"1024\" height=\"768\" data-id=\"92169\" src=\"https:\/\/www.eslebedasauto.at\/wp-content\/uploads\/2023\/05\/IMG_3816-1024x768.jpg\" alt=\"\" class=\"wp-image-92169\" srcset=\"https:\/\/www.eslebedasauto.at\/wp-content\/uploads\/2023\/05\/IMG_3816-1024x768.jpg 1024w, https:\/\/www.eslebedasauto.at\/wp-content\/uploads\/2023\/05\/IMG_3816-300x225.jpg 300w, https:\/\/www.eslebedasauto.at\/wp-content\/uploads\/2023\/05\/IMG_3816-768x576.jpg 768w, https:\/\/www.eslebedasauto.at\/wp-content\/uploads\/2023\/05\/IMG_3816-1536x1152.jpg 1536w, https:\/\/www.eslebedasauto.at\/wp-content\/uploads\/2023\/05\/IMG_3816-2048x1536.jpg 2048w, https:\/\/www.eslebedasauto.at\/wp-content\/uploads\/2023\/05\/IMG_3816-800x600.jpg 800w, https:\/\/www.eslebedasauto.at\/wp-content\/uploads\/2023\/05\/IMG_3816-1160x870.jpg 1160w\" sizes=\"(max-width: 1024px) 100vw, 1024px\" \/><\/figure>\n\n\n\n<figure class=\"wp-block-image size-large\"><img loading=\"lazy\" decoding=\"async\" width=\"1024\" height=\"768\" data-id=\"92168\" src=\"https:\/\/www.eslebedasauto.at\/wp-content\/uploads\/2023\/05\/IMG_3815-1024x768.jpg\" alt=\"\" class=\"wp-image-92168\" srcset=\"https:\/\/www.eslebedasauto.at\/wp-content\/uploads\/2023\/05\/IMG_3815-1024x768.jpg 1024w, https:\/\/www.eslebedasauto.at\/wp-content\/uploads\/2023\/05\/IMG_3815-300x225.jpg 300w, https:\/\/www.eslebedasauto.at\/wp-content\/uploads\/2023\/05\/IMG_3815-768x576.jpg 768w, https:\/\/www.eslebedasauto.at\/wp-content\/uploads\/2023\/05\/IMG_3815-1536x1152.jpg 1536w, https:\/\/www.eslebedasauto.at\/wp-content\/uploads\/2023\/05\/IMG_3815-2048x1536.jpg 2048w, https:\/\/www.eslebedasauto.at\/wp-content\/uploads\/2023\/05\/IMG_3815-800x600.jpg 800w, https:\/\/www.eslebedasauto.at\/wp-content\/uploads\/2023\/05\/IMG_3815-1160x870.jpg 1160w\" sizes=\"(max-width: 1024px) 100vw, 1024px\" \/><\/figure>\n\n\n\n<figure class=\"wp-block-image size-large\"><img loading=\"lazy\" decoding=\"async\" width=\"1024\" height=\"768\" data-id=\"92167\" src=\"https:\/\/www.eslebedasauto.at\/wp-content\/uploads\/2023\/05\/IMG_3814-1024x768.jpg\" alt=\"\" class=\"wp-image-92167\" srcset=\"https:\/\/www.eslebedasauto.at\/wp-content\/uploads\/2023\/05\/IMG_3814-1024x768.jpg 1024w, https:\/\/www.eslebedasauto.at\/wp-content\/uploads\/2023\/05\/IMG_3814-300x225.jpg 300w, https:\/\/www.eslebedasauto.at\/wp-content\/uploads\/2023\/05\/IMG_3814-768x576.jpg 768w, https:\/\/www.eslebedasauto.at\/wp-content\/uploads\/2023\/05\/IMG_3814-1536x1152.jpg 1536w, https:\/\/www.eslebedasauto.at\/wp-content\/uploads\/2023\/05\/IMG_3814-2048x1536.jpg 2048w, https:\/\/www.eslebedasauto.at\/wp-content\/uploads\/2023\/05\/IMG_3814-800x600.jpg 800w, https:\/\/www.eslebedasauto.at\/wp-content\/uploads\/2023\/05\/IMG_3814-1160x870.jpg 1160w\" sizes=\"(max-width: 1024px) 100vw, 1024px\" \/><\/figure>\n\n\n\n<figure class=\"wp-block-image size-large\"><img loading=\"lazy\" decoding=\"async\" width=\"1024\" height=\"768\" data-id=\"92165\" src=\"https:\/\/www.eslebedasauto.at\/wp-content\/uploads\/2023\/05\/IMG_3812-1024x768.jpg\" alt=\"\" class=\"wp-image-92165\" srcset=\"https:\/\/www.eslebedasauto.at\/wp-content\/uploads\/2023\/05\/IMG_3812-1024x768.jpg 1024w, https:\/\/www.eslebedasauto.at\/wp-content\/uploads\/2023\/05\/IMG_3812-300x225.jpg 300w, https:\/\/www.eslebedasauto.at\/wp-content\/uploads\/2023\/05\/IMG_3812-768x576.jpg 768w, https:\/\/www.eslebedasauto.at\/wp-content\/uploads\/2023\/05\/IMG_3812-1536x1152.jpg 1536w, https:\/\/www.eslebedasauto.at\/wp-content\/uploads\/2023\/05\/IMG_3812-2048x1536.jpg 2048w, https:\/\/www.eslebedasauto.at\/wp-content\/uploads\/2023\/05\/IMG_3812-800x600.jpg 800w, https:\/\/www.eslebedasauto.at\/wp-content\/uploads\/2023\/05\/IMG_3812-1160x870.jpg 1160w\" sizes=\"(max-width: 1024px) 100vw, 1024px\" \/><\/figure>\n\n\n\n<figure class=\"wp-block-image size-large\"><img loading=\"lazy\" decoding=\"async\" width=\"768\" height=\"1024\" data-id=\"92164\" src=\"https:\/\/www.eslebedasauto.at\/wp-content\/uploads\/2023\/05\/IMG_3811-768x1024.jpg\" alt=\"\" class=\"wp-image-92164\" srcset=\"https:\/\/www.eslebedasauto.at\/wp-content\/uploads\/2023\/05\/IMG_3811-768x1024.jpg 768w, https:\/\/www.eslebedasauto.at\/wp-content\/uploads\/2023\/05\/IMG_3811-225x300.jpg 225w, https:\/\/www.eslebedasauto.at\/wp-content\/uploads\/2023\/05\/IMG_3811-1152x1536.jpg 1152w, https:\/\/www.eslebedasauto.at\/wp-content\/uploads\/2023\/05\/IMG_3811-1536x2048.jpg 1536w, https:\/\/www.eslebedasauto.at\/wp-content\/uploads\/2023\/05\/IMG_3811-800x1067.jpg 800w, https:\/\/www.eslebedasauto.at\/wp-content\/uploads\/2023\/05\/IMG_3811-1160x1547.jpg 1160w, https:\/\/www.eslebedasauto.at\/wp-content\/uploads\/2023\/05\/IMG_3811-scaled.jpg 1920w\" sizes=\"(max-width: 768px) 100vw, 768px\" \/><\/figure>\n\n\n\n<figure class=\"wp-block-image size-large\"><img loading=\"lazy\" decoding=\"async\" width=\"1024\" height=\"768\" data-id=\"92163\" src=\"https:\/\/www.eslebedasauto.at\/wp-content\/uploads\/2023\/05\/IMG_3810-1024x768.jpg\" alt=\"\" class=\"wp-image-92163\" srcset=\"https:\/\/www.eslebedasauto.at\/wp-content\/uploads\/2023\/05\/IMG_3810-1024x768.jpg 1024w, https:\/\/www.eslebedasauto.at\/wp-content\/uploads\/2023\/05\/IMG_3810-300x225.jpg 300w, https:\/\/www.eslebedasauto.at\/wp-content\/uploads\/2023\/05\/IMG_3810-768x576.jpg 768w, https:\/\/www.eslebedasauto.at\/wp-content\/uploads\/2023\/05\/IMG_3810-1536x1152.jpg 1536w, https:\/\/www.eslebedasauto.at\/wp-content\/uploads\/2023\/05\/IMG_3810-2048x1536.jpg 2048w, https:\/\/www.eslebedasauto.at\/wp-content\/uploads\/2023\/05\/IMG_3810-800x600.jpg 800w, https:\/\/www.eslebedasauto.at\/wp-content\/uploads\/2023\/05\/IMG_3810-1160x870.jpg 1160w\" sizes=\"(max-width: 1024px) 100vw, 1024px\" \/><\/figure>\n\n\n\n<figure class=\"wp-block-image size-large\"><img loading=\"lazy\" decoding=\"async\" width=\"1024\" height=\"768\" data-id=\"92162\" src=\"https:\/\/www.eslebedasauto.at\/wp-content\/uploads\/2023\/05\/IMG_3809-1024x768.jpg\" alt=\"\" class=\"wp-image-92162\" srcset=\"https:\/\/www.eslebedasauto.at\/wp-content\/uploads\/2023\/05\/IMG_3809-1024x768.jpg 1024w, https:\/\/www.eslebedasauto.at\/wp-content\/uploads\/2023\/05\/IMG_3809-300x225.jpg 300w, https:\/\/www.eslebedasauto.at\/wp-content\/uploads\/2023\/05\/IMG_3809-768x576.jpg 768w, https:\/\/www.eslebedasauto.at\/wp-content\/uploads\/2023\/05\/IMG_3809-1536x1152.jpg 1536w, https:\/\/www.eslebedasauto.at\/wp-content\/uploads\/2023\/05\/IMG_3809-2048x1536.jpg 2048w, https:\/\/www.eslebedasauto.at\/wp-content\/uploads\/2023\/05\/IMG_3809-800x600.jpg 800w, https:\/\/www.eslebedasauto.at\/wp-content\/uploads\/2023\/05\/IMG_3809-1160x870.jpg 1160w\" sizes=\"(max-width: 1024px) 100vw, 1024px\" \/><\/figure>\n\n\n\n<figure class=\"wp-block-image size-large\"><img loading=\"lazy\" decoding=\"async\" width=\"768\" height=\"1024\" data-id=\"92161\" src=\"https:\/\/www.eslebedasauto.at\/wp-content\/uploads\/2023\/05\/IMG_3808-768x1024.jpg\" alt=\"\" class=\"wp-image-92161\" srcset=\"https:\/\/www.eslebedasauto.at\/wp-content\/uploads\/2023\/05\/IMG_3808-768x1024.jpg 768w, https:\/\/www.eslebedasauto.at\/wp-content\/uploads\/2023\/05\/IMG_3808-225x300.jpg 225w, https:\/\/www.eslebedasauto.at\/wp-content\/uploads\/2023\/05\/IMG_3808-1152x1536.jpg 1152w, https:\/\/www.eslebedasauto.at\/wp-content\/uploads\/2023\/05\/IMG_3808-1536x2048.jpg 1536w, https:\/\/www.eslebedasauto.at\/wp-content\/uploads\/2023\/05\/IMG_3808-800x1067.jpg 800w, https:\/\/www.eslebedasauto.at\/wp-content\/uploads\/2023\/05\/IMG_3808-1160x1547.jpg 1160w, https:\/\/www.eslebedasauto.at\/wp-content\/uploads\/2023\/05\/IMG_3808-scaled.jpg 1920w\" sizes=\"(max-width: 768px) 100vw, 768px\" \/><\/figure>\n\n\n\n<figure class=\"wp-block-image size-large\"><img loading=\"lazy\" decoding=\"async\" width=\"1024\" height=\"768\" data-id=\"92160\" src=\"https:\/\/www.eslebedasauto.at\/wp-content\/uploads\/2023\/05\/IMG_3807-1024x768.jpg\" alt=\"\" class=\"wp-image-92160\" srcset=\"https:\/\/www.eslebedasauto.at\/wp-content\/uploads\/2023\/05\/IMG_3807-1024x768.jpg 1024w, https:\/\/www.eslebedasauto.at\/wp-content\/uploads\/2023\/05\/IMG_3807-300x225.jpg 300w, https:\/\/www.eslebedasauto.at\/wp-content\/uploads\/2023\/05\/IMG_3807-768x576.jpg 768w, https:\/\/www.eslebedasauto.at\/wp-content\/uploads\/2023\/05\/IMG_3807-1536x1152.jpg 1536w, https:\/\/www.eslebedasauto.at\/wp-content\/uploads\/2023\/05\/IMG_3807-2048x1536.jpg 2048w, https:\/\/www.eslebedasauto.at\/wp-content\/uploads\/2023\/05\/IMG_3807-800x600.jpg 800w, https:\/\/www.eslebedasauto.at\/wp-content\/uploads\/2023\/05\/IMG_3807-1160x870.jpg 1160w\" sizes=\"(max-width: 1024px) 100vw, 1024px\" \/><\/figure>\n\n\n\n<figure class=\"wp-block-image size-large\"><img loading=\"lazy\" decoding=\"async\" width=\"1024\" height=\"768\" data-id=\"92157\" src=\"https:\/\/www.eslebedasauto.at\/wp-content\/uploads\/2023\/05\/IMG_3804-1024x768.jpg\" alt=\"\" class=\"wp-image-92157\" srcset=\"https:\/\/www.eslebedasauto.at\/wp-content\/uploads\/2023\/05\/IMG_3804-1024x768.jpg 1024w, https:\/\/www.eslebedasauto.at\/wp-content\/uploads\/2023\/05\/IMG_3804-300x225.jpg 300w, https:\/\/www.eslebedasauto.at\/wp-content\/uploads\/2023\/05\/IMG_3804-768x576.jpg 768w, https:\/\/www.eslebedasauto.at\/wp-content\/uploads\/2023\/05\/IMG_3804-1536x1152.jpg 1536w, https:\/\/www.eslebedasauto.at\/wp-content\/uploads\/2023\/05\/IMG_3804-2048x1536.jpg 2048w, https:\/\/www.eslebedasauto.at\/wp-content\/uploads\/2023\/05\/IMG_3804-800x600.jpg 800w, https:\/\/www.eslebedasauto.at\/wp-content\/uploads\/2023\/05\/IMG_3804-1160x870.jpg 1160w\" sizes=\"(max-width: 1024px) 100vw, 1024px\" \/><\/figure>\n\n\n\n<figure class=\"wp-block-image size-large\"><img loading=\"lazy\" decoding=\"async\" width=\"768\" height=\"1024\" data-id=\"92156\" src=\"https:\/\/www.eslebedasauto.at\/wp-content\/uploads\/2023\/05\/IMG_3803-768x1024.jpg\" alt=\"\" class=\"wp-image-92156\" srcset=\"https:\/\/www.eslebedasauto.at\/wp-content\/uploads\/2023\/05\/IMG_3803-768x1024.jpg 768w, https:\/\/www.eslebedasauto.at\/wp-content\/uploads\/2023\/05\/IMG_3803-225x300.jpg 225w, https:\/\/www.eslebedasauto.at\/wp-content\/uploads\/2023\/05\/IMG_3803-1152x1536.jpg 1152w, https:\/\/www.eslebedasauto.at\/wp-content\/uploads\/2023\/05\/IMG_3803-1536x2048.jpg 1536w, https:\/\/www.eslebedasauto.at\/wp-content\/uploads\/2023\/05\/IMG_3803-800x1067.jpg 800w, https:\/\/www.eslebedasauto.at\/wp-content\/uploads\/2023\/05\/IMG_3803-1160x1547.jpg 1160w, https:\/\/www.eslebedasauto.at\/wp-content\/uploads\/2023\/05\/IMG_3803-scaled.jpg 1920w\" sizes=\"(max-width: 768px) 100vw, 768px\" \/><\/figure>\n\n\n\n<figure class=\"wp-block-image size-large\"><img loading=\"lazy\" decoding=\"async\" width=\"768\" height=\"1024\" data-id=\"92154\" src=\"https:\/\/www.eslebedasauto.at\/wp-content\/uploads\/2023\/05\/IMG_3801-768x1024.jpg\" alt=\"\" class=\"wp-image-92154\" srcset=\"https:\/\/www.eslebedasauto.at\/wp-content\/uploads\/2023\/05\/IMG_3801-768x1024.jpg 768w, https:\/\/www.eslebedasauto.at\/wp-content\/uploads\/2023\/05\/IMG_3801-225x300.jpg 225w, https:\/\/www.eslebedasauto.at\/wp-content\/uploads\/2023\/05\/IMG_3801-1152x1536.jpg 1152w, https:\/\/www.eslebedasauto.at\/wp-content\/uploads\/2023\/05\/IMG_3801-1536x2048.jpg 1536w, https:\/\/www.eslebedasauto.at\/wp-content\/uploads\/2023\/05\/IMG_3801-800x1067.jpg 800w, https:\/\/www.eslebedasauto.at\/wp-content\/uploads\/2023\/05\/IMG_3801-1160x1547.jpg 1160w, https:\/\/www.eslebedasauto.at\/wp-content\/uploads\/2023\/05\/IMG_3801-scaled.jpg 1920w\" sizes=\"(max-width: 768px) 100vw, 768px\" \/><\/figure>\n\n\n\n<figure class=\"wp-block-image size-large\"><img loading=\"lazy\" decoding=\"async\" width=\"768\" height=\"1024\" data-id=\"92153\" src=\"https:\/\/www.eslebedasauto.at\/wp-content\/uploads\/2023\/05\/IMG_3800-768x1024.jpg\" alt=\"\" class=\"wp-image-92153\" srcset=\"https:\/\/www.eslebedasauto.at\/wp-content\/uploads\/2023\/05\/IMG_3800-768x1024.jpg 768w, https:\/\/www.eslebedasauto.at\/wp-content\/uploads\/2023\/05\/IMG_3800-225x300.jpg 225w, https:\/\/www.eslebedasauto.at\/wp-content\/uploads\/2023\/05\/IMG_3800-1152x1536.jpg 1152w, https:\/\/www.eslebedasauto.at\/wp-content\/uploads\/2023\/05\/IMG_3800-1536x2048.jpg 1536w, https:\/\/www.eslebedasauto.at\/wp-content\/uploads\/2023\/05\/IMG_3800-800x1067.jpg 800w, https:\/\/www.eslebedasauto.at\/wp-content\/uploads\/2023\/05\/IMG_3800-1160x1547.jpg 1160w, https:\/\/www.eslebedasauto.at\/wp-content\/uploads\/2023\/05\/IMG_3800-scaled.jpg 1920w\" sizes=\"(max-width: 768px) 100vw, 768px\" \/><\/figure>\n\n\n\n<figure class=\"wp-block-image size-large\"><img loading=\"lazy\" decoding=\"async\" width=\"768\" height=\"1024\" data-id=\"92152\" src=\"https:\/\/www.eslebedasauto.at\/wp-content\/uploads\/2023\/05\/IMG_3799-768x1024.jpg\" alt=\"\" class=\"wp-image-92152\" srcset=\"https:\/\/www.eslebedasauto.at\/wp-content\/uploads\/2023\/05\/IMG_3799-768x1024.jpg 768w, https:\/\/www.eslebedasauto.at\/wp-content\/uploads\/2023\/05\/IMG_3799-225x300.jpg 225w, https:\/\/www.eslebedasauto.at\/wp-content\/uploads\/2023\/05\/IMG_3799-1152x1536.jpg 1152w, https:\/\/www.eslebedasauto.at\/wp-content\/uploads\/2023\/05\/IMG_3799-1536x2048.jpg 1536w, https:\/\/www.eslebedasauto.at\/wp-content\/uploads\/2023\/05\/IMG_3799-800x1067.jpg 800w, https:\/\/www.eslebedasauto.at\/wp-content\/uploads\/2023\/05\/IMG_3799-1160x1547.jpg 1160w, https:\/\/www.eslebedasauto.at\/wp-content\/uploads\/2023\/05\/IMG_3799-scaled.jpg 1920w\" sizes=\"(max-width: 768px) 100vw, 768px\" \/><\/figure>\n\n\n\n<figure class=\"wp-block-image size-large\"><img loading=\"lazy\" decoding=\"async\" width=\"1024\" height=\"768\" data-id=\"92150\" src=\"https:\/\/www.eslebedasauto.at\/wp-content\/uploads\/2023\/05\/IMG_3796-1024x768.jpg\" alt=\"\" class=\"wp-image-92150\" srcset=\"https:\/\/www.eslebedasauto.at\/wp-content\/uploads\/2023\/05\/IMG_3796-1024x768.jpg 1024w, https:\/\/www.eslebedasauto.at\/wp-content\/uploads\/2023\/05\/IMG_3796-300x225.jpg 300w, https:\/\/www.eslebedasauto.at\/wp-content\/uploads\/2023\/05\/IMG_3796-768x576.jpg 768w, https:\/\/www.eslebedasauto.at\/wp-content\/uploads\/2023\/05\/IMG_3796-1536x1152.jpg 1536w, https:\/\/www.eslebedasauto.at\/wp-content\/uploads\/2023\/05\/IMG_3796-2048x1536.jpg 2048w, https:\/\/www.eslebedasauto.at\/wp-content\/uploads\/2023\/05\/IMG_3796-800x600.jpg 800w, https:\/\/www.eslebedasauto.at\/wp-content\/uploads\/2023\/05\/IMG_3796-1160x870.jpg 1160w\" sizes=\"(max-width: 1024px) 100vw, 1024px\" \/><\/figure>\n\n\n\n<figure class=\"wp-block-image size-large\"><img loading=\"lazy\" decoding=\"async\" width=\"768\" height=\"1024\" data-id=\"92149\" src=\"https:\/\/www.eslebedasauto.at\/wp-content\/uploads\/2023\/05\/IMG_3795-768x1024.jpg\" alt=\"\" class=\"wp-image-92149\" srcset=\"https:\/\/www.eslebedasauto.at\/wp-content\/uploads\/2023\/05\/IMG_3795-768x1024.jpg 768w, https:\/\/www.eslebedasauto.at\/wp-content\/uploads\/2023\/05\/IMG_3795-225x300.jpg 225w, https:\/\/www.eslebedasauto.at\/wp-content\/uploads\/2023\/05\/IMG_3795-1152x1536.jpg 1152w, https:\/\/www.eslebedasauto.at\/wp-content\/uploads\/2023\/05\/IMG_3795-1536x2048.jpg 1536w, https:\/\/www.eslebedasauto.at\/wp-content\/uploads\/2023\/05\/IMG_3795-800x1067.jpg 800w, https:\/\/www.eslebedasauto.at\/wp-content\/uploads\/2023\/05\/IMG_3795-1160x1547.jpg 1160w, https:\/\/www.eslebedasauto.at\/wp-content\/uploads\/2023\/05\/IMG_3795-scaled.jpg 1920w\" sizes=\"(max-width: 768px) 100vw, 768px\" \/><\/figure>\n\n\n\n<figure class=\"wp-block-image size-large\"><img loading=\"lazy\" decoding=\"async\" width=\"768\" height=\"1024\" data-id=\"92148\" src=\"https:\/\/www.eslebedasauto.at\/wp-content\/uploads\/2023\/05\/IMG_3794-768x1024.jpg\" alt=\"\" class=\"wp-image-92148\" srcset=\"https:\/\/www.eslebedasauto.at\/wp-content\/uploads\/2023\/05\/IMG_3794-768x1024.jpg 768w, https:\/\/www.eslebedasauto.at\/wp-content\/uploads\/2023\/05\/IMG_3794-225x300.jpg 225w, https:\/\/www.eslebedasauto.at\/wp-content\/uploads\/2023\/05\/IMG_3794-1152x1536.jpg 1152w, https:\/\/www.eslebedasauto.at\/wp-content\/uploads\/2023\/05\/IMG_3794-1536x2048.jpg 1536w, https:\/\/www.eslebedasauto.at\/wp-content\/uploads\/2023\/05\/IMG_3794-800x1067.jpg 800w, https:\/\/www.eslebedasauto.at\/wp-content\/uploads\/2023\/05\/IMG_3794-1160x1547.jpg 1160w, https:\/\/www.eslebedasauto.at\/wp-content\/uploads\/2023\/05\/IMG_3794-scaled.jpg 1920w\" sizes=\"(max-width: 768px) 100vw, 768px\" \/><\/figure>\n<\/figure>\n\n\n\n<p><strong>Zum Preis des Subaru Forester 2,0 eBoxer Black Edition:<br><\/strong>\u20ac 52.490,00 Liste &#8211; wohlgemerkt, voll ausgestattet.<\/p>","protected":false},"excerpt":{"rendered":"<p>Ganz in Schwarz, stark motorisiert und nat\u00fcrlich mit Allrad ausgestattet kommt der Subaru Forester e-Boxer Black Edition daher.<\/p>","protected":false},"author":1,"featured_media":92140,"comment_status":"open","ping_status":"open","sticky":false,"template":"","format":"standard","meta":{"neve_meta_sidebar":"","neve_meta_container":"","neve_meta_enable_content_width":"","neve_meta_content_width":0,"neve_meta_title_alignment":"","neve_meta_author_avatar":"","neve_post_elements_order":"","neve_meta_disable_header":"","neve_meta_disable_footer":"","neve_meta_disable_title":"","neve_meta_reading_time":"","footnotes":""},"categories":[14,335,598],"tags":[],"class_list":["post-92178","post","type-post","status-publish","format-standard","has-post-thumbnail","hentry","category-benzin","category-fahrberichte","category-shortmotornews"],"yoast_head":"<!-- This site is optimized with the Yoast SEO plugin v26.8 - https:\/\/yoast.com\/product\/yoast-seo-wordpress\/ -->\n<title>Black Forester im Gr\u00fcnen - Es lebe das Auto<\/title>\n<meta name=\"description\" content=\"Ganz in Schwarz, stark motorisiert und nat\u00fcrlich mit Allrad ausgestattet kommt der Subaru Forester e-Boxer Black Edition daher.\" \/>\n<meta name=\"robots\" content=\"index, follow, max-snippet:-1, max-image-preview:large, max-video-preview:-1\" \/>\n<link rel=\"canonical\" href=\"https:\/\/www.eslebedasauto.at\/it\/black-forester-im-gruenen\/\" \/>\n<meta property=\"og:locale\" content=\"it_IT\" \/>\n<meta property=\"og:type\" content=\"article\" \/>\n<meta property=\"og:title\" content=\"Black Forester im Gr\u00fcnen - Es lebe das Auto\" \/>\n<meta property=\"og:description\" content=\"Ganz in Schwarz, stark motorisiert und nat\u00fcrlich mit Allrad ausgestattet kommt der Subaru Forester e-Boxer Black Edition daher.\" \/>\n<meta property=\"og:url\" content=\"https:\/\/www.eslebedasauto.at\/it\/black-forester-im-gruenen\/\" \/>\n<meta property=\"og:site_name\" content=\"Es lebe das Auto\" \/>\n<meta property=\"article:publisher\" content=\"https:\/\/www.facebook.com\/eslebedasauto.at\" \/>\n<meta property=\"article:published_time\" content=\"2023-06-02T08:43:29+00:00\" \/>\n<meta property=\"article:modified_time\" content=\"2023-06-02T08:45:29+00:00\" \/>\n<meta property=\"og:image\" content=\"https:\/\/www.eslebedasauto.at\/wp-content\/uploads\/2023\/05\/3F192678-A233-496B-B81B-35CFC06E56B4-819x1024.jpg\" \/>\n\t<meta property=\"og:image:width\" content=\"819\" \/>\n\t<meta property=\"og:image:height\" content=\"1024\" \/>\n\t<meta property=\"og:image:type\" content=\"image\/jpeg\" \/>\n<meta name=\"author\" content=\"Juergen\" \/>\n<meta name=\"twitter:card\" content=\"summary_large_image\" \/>\n<meta name=\"twitter:label1\" content=\"Scritto da\" \/>\n\t<meta name=\"twitter:data1\" content=\"Juergen\" \/>\n\t<meta name=\"twitter:label2\" content=\"Tempo di lettura stimato\" \/>\n\t<meta name=\"twitter:data2\" content=\"7 minuti\" \/>\n<script type=\"application\/ld+json\" class=\"yoast-schema-graph\">{\"@context\":\"https:\/\/schema.org\",\"@graph\":[{\"@type\":\"Article\",\"@id\":\"https:\/\/www.eslebedasauto.at\/black-forester-im-gruenen\/#article\",\"isPartOf\":{\"@id\":\"https:\/\/www.eslebedasauto.at\/black-forester-im-gruenen\/\"},\"author\":{\"name\":\"Juergen\",\"@id\":\"https:\/\/www.eslebedasauto.at\/#\/schema\/person\/4ecfb7fe1eb40654e5370227118c3fc2\"},\"headline\":\"Black Forester im Gr\u00fcnen\",\"datePublished\":\"2023-06-02T08:43:29+00:00\",\"dateModified\":\"2023-06-02T08:45:29+00:00\",\"mainEntityOfPage\":{\"@id\":\"https:\/\/www.eslebedasauto.at\/black-forester-im-gruenen\/\"},\"wordCount\":399,\"commentCount\":0,\"publisher\":{\"@id\":\"https:\/\/www.eslebedasauto.at\/#organization\"},\"image\":{\"@id\":\"https:\/\/www.eslebedasauto.at\/black-forester-im-gruenen\/#primaryimage\"},\"thumbnailUrl\":\"https:\/\/www.eslebedasauto.at\/wp-content\/uploads\/2023\/05\/3F192678-A233-496B-B81B-35CFC06E56B4-scaled.jpg\",\"articleSection\":[\"Benzin\",\"Fahrberichte\",\"Shortmotornews\"],\"inLanguage\":\"it-IT\",\"potentialAction\":[{\"@type\":\"CommentAction\",\"name\":\"Comment\",\"target\":[\"https:\/\/www.eslebedasauto.at\/black-forester-im-gruenen\/#respond\"]}]},{\"@type\":\"WebPage\",\"@id\":\"https:\/\/www.eslebedasauto.at\/black-forester-im-gruenen\/\",\"url\":\"https:\/\/www.eslebedasauto.at\/black-forester-im-gruenen\/\",\"name\":\"Black Forester im Gr\u00fcnen - Es lebe das Auto\",\"isPartOf\":{\"@id\":\"https:\/\/www.eslebedasauto.at\/#website\"},\"primaryImageOfPage\":{\"@id\":\"https:\/\/www.eslebedasauto.at\/black-forester-im-gruenen\/#primaryimage\"},\"image\":{\"@id\":\"https:\/\/www.eslebedasauto.at\/black-forester-im-gruenen\/#primaryimage\"},\"thumbnailUrl\":\"https:\/\/www.eslebedasauto.at\/wp-content\/uploads\/2023\/05\/3F192678-A233-496B-B81B-35CFC06E56B4-scaled.jpg\",\"datePublished\":\"2023-06-02T08:43:29+00:00\",\"dateModified\":\"2023-06-02T08:45:29+00:00\",\"description\":\"Ganz in Schwarz, stark motorisiert und nat\u00fcrlich mit Allrad ausgestattet kommt der Subaru Forester e-Boxer Black Edition daher.\",\"breadcrumb\":{\"@id\":\"https:\/\/www.eslebedasauto.at\/black-forester-im-gruenen\/#breadcrumb\"},\"inLanguage\":\"it-IT\",\"potentialAction\":[{\"@type\":\"ReadAction\",\"target\":[\"https:\/\/www.eslebedasauto.at\/black-forester-im-gruenen\/\"]}]},{\"@type\":\"ImageObject\",\"inLanguage\":\"it-IT\",\"@id\":\"https:\/\/www.eslebedasauto.at\/black-forester-im-gruenen\/#primaryimage\",\"url\":\"https:\/\/www.eslebedasauto.at\/wp-content\/uploads\/2023\/05\/3F192678-A233-496B-B81B-35CFC06E56B4-scaled.jpg\",\"contentUrl\":\"https:\/\/www.eslebedasauto.at\/wp-content\/uploads\/2023\/05\/3F192678-A233-496B-B81B-35CFC06E56B4-scaled.jpg\",\"width\":2048,\"height\":2560},{\"@type\":\"BreadcrumbList\",\"@id\":\"https:\/\/www.eslebedasauto.at\/black-forester-im-gruenen\/#breadcrumb\",\"itemListElement\":[{\"@type\":\"ListItem\",\"position\":1,\"name\":\"Startseite\",\"item\":\"https:\/\/www.eslebedasauto.at\/\"},{\"@type\":\"ListItem\",\"position\":2,\"name\":\"Black Forester im Gr\u00fcnen\"}]},{\"@type\":\"WebSite\",\"@id\":\"https:\/\/www.eslebedasauto.at\/#website\",\"url\":\"https:\/\/www.eslebedasauto.at\/\",\"name\":\"Es lebe das Auto\",\"description\":\"ein Hoch auf den Individualverkehr\",\"publisher\":{\"@id\":\"https:\/\/www.eslebedasauto.at\/#organization\"},\"potentialAction\":[{\"@type\":\"SearchAction\",\"target\":{\"@type\":\"EntryPoint\",\"urlTemplate\":\"https:\/\/www.eslebedasauto.at\/?s={search_term_string}\"},\"query-input\":{\"@type\":\"PropertyValueSpecification\",\"valueRequired\":true,\"valueName\":\"search_term_string\"}}],\"inLanguage\":\"it-IT\"},{\"@type\":\"Organization\",\"@id\":\"https:\/\/www.eslebedasauto.at\/#organization\",\"name\":\"eslebedasauto\",\"url\":\"https:\/\/www.eslebedasauto.at\/\",\"logo\":{\"@type\":\"ImageObject\",\"inLanguage\":\"it-IT\",\"@id\":\"https:\/\/www.eslebedasauto.at\/#\/schema\/logo\/image\/\",\"url\":\"https:\/\/www.eslebedasauto.at\/wp-content\/uploads\/2025\/10\/eldarund.png\",\"contentUrl\":\"https:\/\/www.eslebedasauto.at\/wp-content\/uploads\/2025\/10\/eldarund.png\",\"width\":1024,\"height\":1024,\"caption\":\"eslebedasauto\"},\"image\":{\"@id\":\"https:\/\/www.eslebedasauto.at\/#\/schema\/logo\/image\/\"},\"sameAs\":[\"https:\/\/www.facebook.com\/eslebedasauto.at\",\"https:\/\/www.instagram.com\/es_lebe_das_auto\/\"]},{\"@type\":\"Person\",\"@id\":\"https:\/\/www.eslebedasauto.at\/#\/schema\/person\/4ecfb7fe1eb40654e5370227118c3fc2\",\"name\":\"Juergen\",\"url\":\"https:\/\/www.eslebedasauto.at\/it\/author\/netzwerkkapitaene-og\/\"}]}<\/script>\n<!-- \/ Yoast SEO plugin. -->","yoast_head_json":{"title":"Black Forester im Gr\u00fcnen - Es lebe das Auto","description":"Ganz in Schwarz, stark motorisiert und nat\u00fcrlich mit Allrad ausgestattet kommt der Subaru Forester e-Boxer Black Edition daher.","robots":{"index":"index","follow":"follow","max-snippet":"max-snippet:-1","max-image-preview":"max-image-preview:large","max-video-preview":"max-video-preview:-1"},"canonical":"https:\/\/www.eslebedasauto.at\/it\/black-forester-im-gruenen\/","og_locale":"it_IT","og_type":"article","og_title":"Black Forester im Gr\u00fcnen - Es lebe das Auto","og_description":"Ganz in Schwarz, stark motorisiert und nat\u00fcrlich mit Allrad ausgestattet kommt der Subaru Forester e-Boxer Black Edition daher.","og_url":"https:\/\/www.eslebedasauto.at\/it\/black-forester-im-gruenen\/","og_site_name":"Es lebe das Auto","article_publisher":"https:\/\/www.facebook.com\/eslebedasauto.at","article_published_time":"2023-06-02T08:43:29+00:00","article_modified_time":"2023-06-02T08:45:29+00:00","og_image":[{"width":819,"height":1024,"url":"https:\/\/www.eslebedasauto.at\/wp-content\/uploads\/2023\/05\/3F192678-A233-496B-B81B-35CFC06E56B4-819x1024.jpg","type":"image\/jpeg"}],"author":"Juergen","twitter_card":"summary_large_image","twitter_misc":{"Scritto da":"Juergen","Tempo di lettura stimato":"7 minuti"},"schema":{"@context":"https:\/\/schema.org","@graph":[{"@type":"Article","@id":"https:\/\/www.eslebedasauto.at\/black-forester-im-gruenen\/#article","isPartOf":{"@id":"https:\/\/www.eslebedasauto.at\/black-forester-im-gruenen\/"},"author":{"name":"Juergen","@id":"https:\/\/www.eslebedasauto.at\/#\/schema\/person\/4ecfb7fe1eb40654e5370227118c3fc2"},"headline":"Black Forester im Gr\u00fcnen","datePublished":"2023-06-02T08:43:29+00:00","dateModified":"2023-06-02T08:45:29+00:00","mainEntityOfPage":{"@id":"https:\/\/www.eslebedasauto.at\/black-forester-im-gruenen\/"},"wordCount":399,"commentCount":0,"publisher":{"@id":"https:\/\/www.eslebedasauto.at\/#organization"},"image":{"@id":"https:\/\/www.eslebedasauto.at\/black-forester-im-gruenen\/#primaryimage"},"thumbnailUrl":"https:\/\/www.eslebedasauto.at\/wp-content\/uploads\/2023\/05\/3F192678-A233-496B-B81B-35CFC06E56B4-scaled.jpg","articleSection":["Benzin","Fahrberichte","Shortmotornews"],"inLanguage":"it-IT","potentialAction":[{"@type":"CommentAction","name":"Comment","target":["https:\/\/www.eslebedasauto.at\/black-forester-im-gruenen\/#respond"]}]},{"@type":"WebPage","@id":"https:\/\/www.eslebedasauto.at\/black-forester-im-gruenen\/","url":"https:\/\/www.eslebedasauto.at\/black-forester-im-gruenen\/","name":"Black Forester im Gr\u00fcnen - Es lebe das Auto","isPartOf":{"@id":"https:\/\/www.eslebedasauto.at\/#website"},"primaryImageOfPage":{"@id":"https:\/\/www.eslebedasauto.at\/black-forester-im-gruenen\/#primaryimage"},"image":{"@id":"https:\/\/www.eslebedasauto.at\/black-forester-im-gruenen\/#primaryimage"},"thumbnailUrl":"https:\/\/www.eslebedasauto.at\/wp-content\/uploads\/2023\/05\/3F192678-A233-496B-B81B-35CFC06E56B4-scaled.jpg","datePublished":"2023-06-02T08:43:29+00:00","dateModified":"2023-06-02T08:45:29+00:00","description":"Ganz in Schwarz, stark motorisiert und nat\u00fcrlich mit Allrad ausgestattet kommt der Subaru Forester e-Boxer Black Edition daher.","breadcrumb":{"@id":"https:\/\/www.eslebedasauto.at\/black-forester-im-gruenen\/#breadcrumb"},"inLanguage":"it-IT","potentialAction":[{"@type":"ReadAction","target":["https:\/\/www.eslebedasauto.at\/black-forester-im-gruenen\/"]}]},{"@type":"ImageObject","inLanguage":"it-IT","@id":"https:\/\/www.eslebedasauto.at\/black-forester-im-gruenen\/#primaryimage","url":"https:\/\/www.eslebedasauto.at\/wp-content\/uploads\/2023\/05\/3F192678-A233-496B-B81B-35CFC06E56B4-scaled.jpg","contentUrl":"https:\/\/www.eslebedasauto.at\/wp-content\/uploads\/2023\/05\/3F192678-A233-496B-B81B-35CFC06E56B4-scaled.jpg","width":2048,"height":2560},{"@type":"BreadcrumbList","@id":"https:\/\/www.eslebedasauto.at\/black-forester-im-gruenen\/#breadcrumb","itemListElement":[{"@type":"ListItem","position":1,"name":"Startseite","item":"https:\/\/www.eslebedasauto.at\/"},{"@type":"ListItem","position":2,"name":"Black Forester im Gr\u00fcnen"}]},{"@type":"WebSite","@id":"https:\/\/www.eslebedasauto.at\/#website","url":"https:\/\/www.eslebedasauto.at\/","name":"Es lebe das Auto","description":"ein Hoch auf den Individualverkehr","publisher":{"@id":"https:\/\/www.eslebedasauto.at\/#organization"},"potentialAction":[{"@type":"SearchAction","target":{"@type":"EntryPoint","urlTemplate":"https:\/\/www.eslebedasauto.at\/?s={search_term_string}"},"query-input":{"@type":"PropertyValueSpecification","valueRequired":true,"valueName":"search_term_string"}}],"inLanguage":"it-IT"},{"@type":"Organization","@id":"https:\/\/www.eslebedasauto.at\/#organization","name":"eslebedasauto","url":"https:\/\/www.eslebedasauto.at\/","logo":{"@type":"ImageObject","inLanguage":"it-IT","@id":"https:\/\/www.eslebedasauto.at\/#\/schema\/logo\/image\/","url":"https:\/\/www.eslebedasauto.at\/wp-content\/uploads\/2025\/10\/eldarund.png","contentUrl":"https:\/\/www.eslebedasauto.at\/wp-content\/uploads\/2025\/10\/eldarund.png","width":1024,"height":1024,"caption":"eslebedasauto"},"image":{"@id":"https:\/\/www.eslebedasauto.at\/#\/schema\/logo\/image\/"},"sameAs":["https:\/\/www.facebook.com\/eslebedasauto.at","https:\/\/www.instagram.com\/es_lebe_das_auto\/"]},{"@type":"Person","@id":"https:\/\/www.eslebedasauto.at\/#\/schema\/person\/4ecfb7fe1eb40654e5370227118c3fc2","name":"Juergen","url":"https:\/\/www.eslebedasauto.at\/it\/author\/netzwerkkapitaene-og\/"}]}},"_links":{"self":[{"href":"https:\/\/www.eslebedasauto.at\/it\/wp-json\/wp\/v2\/posts\/92178","targetHints":{"allow":["GET"]}}],"collection":[{"href":"https:\/\/www.eslebedasauto.at\/it\/wp-json\/wp\/v2\/posts"}],"about":[{"href":"https:\/\/www.eslebedasauto.at\/it\/wp-json\/wp\/v2\/types\/post"}],"author":[{"embeddable":true,"href":"https:\/\/www.eslebedasauto.at\/it\/wp-json\/wp\/v2\/users\/1"}],"replies":[{"embeddable":true,"href":"https:\/\/www.eslebedasauto.at\/it\/wp-json\/wp\/v2\/comments?post=92178"}],"version-history":[{"count":3,"href":"https:\/\/www.eslebedasauto.at\/it\/wp-json\/wp\/v2\/posts\/92178\/revisions"}],"predecessor-version":[{"id":92214,"href":"https:\/\/www.eslebedasauto.at\/it\/wp-json\/wp\/v2\/posts\/92178\/revisions\/92214"}],"wp:featuredmedia":[{"embeddable":true,"href":"https:\/\/www.eslebedasauto.at\/it\/wp-json\/wp\/v2\/media\/92140"}],"wp:attachment":[{"href":"https:\/\/www.eslebedasauto.at\/it\/wp-json\/wp\/v2\/media?parent=92178"}],"wp:term":[{"taxonomy":"category","embeddable":true,"href":"https:\/\/www.eslebedasauto.at\/it\/wp-json\/wp\/v2\/categories?post=92178"},{"taxonomy":"post_tag","embeddable":true,"href":"https:\/\/www.eslebedasauto.at\/it\/wp-json\/wp\/v2\/tags?post=92178"}],"curies":[{"name":"wp","href":"https:\/\/api.w.org\/{rel}","templated":true}]}}