{"id":91554,"date":"2023-03-16T21:11:54","date_gmt":"2023-03-16T20:11:54","guid":{"rendered":"https:\/\/www.eslebedasauto.at\/?p=91554"},"modified":"2023-03-16T21:11:55","modified_gmt":"2023-03-16T20:11:55","slug":"yippieeiyeee-schweinebacke","status":"publish","type":"post","link":"https:\/\/www.eslebedasauto.at\/it\/yippieeiyeee-schweinebacke\/","title":{"rendered":"Yippieeiyeee Schweinebacke!"},"content":{"rendered":"<h2 id=\"ford-wird-in-kurze-auch-in-europa-bestellungen-fur-den-bronco-entgegennehmen\" class=\"wp-block-heading\">Ford wird in K\u00fcrze auch in Europa Bestellungen f\u00fcr den Bronco entgegennehmen. <\/h2>\n\n\n\n<p>Die US-Allrad-Ikone kommt in limitierter St\u00fcckzahl \u00fcber den Atlantik. Der Offroader wird voraussichtlich in den beiden Varianten Outer Banks und Badlands angeboten, deren 2,7-Liter-V6-Motor jeweils 335 PS (246 kW) und 563 Newtonmeter Drehmoment liefert. <\/p>\n\n\n\n<figure class=\"wp-block-image size-large\"><img fetchpriority=\"high\" decoding=\"async\" width=\"1024\" height=\"713\" src=\"https:\/\/www.eslebedasauto.at\/wp-content\/uploads\/2023\/03\/ampnet_photo_20230315_220734-1024x713.jpg\" alt=\"\" class=\"wp-image-91556\" srcset=\"https:\/\/www.eslebedasauto.at\/wp-content\/uploads\/2023\/03\/ampnet_photo_20230315_220734-1024x713.jpg 1024w, https:\/\/www.eslebedasauto.at\/wp-content\/uploads\/2023\/03\/ampnet_photo_20230315_220734-300x209.jpg 300w, https:\/\/www.eslebedasauto.at\/wp-content\/uploads\/2023\/03\/ampnet_photo_20230315_220734-768x535.jpg 768w, https:\/\/www.eslebedasauto.at\/wp-content\/uploads\/2023\/03\/ampnet_photo_20230315_220734-1536x1070.jpg 1536w, https:\/\/www.eslebedasauto.at\/wp-content\/uploads\/2023\/03\/ampnet_photo_20230315_220734-2048x1427.jpg 2048w, https:\/\/www.eslebedasauto.at\/wp-content\/uploads\/2023\/03\/ampnet_photo_20230315_220734-800x557.jpg 800w, https:\/\/www.eslebedasauto.at\/wp-content\/uploads\/2023\/03\/ampnet_photo_20230315_220734-1160x808.jpg 1160w\" sizes=\"(max-width: 1024px) 100vw, 1024px\" \/><\/figure>\n\n\n\n<h3 id=\"ford-hat-den-bronco-ganz-gezielt-auf-offroad-getrimmt\" class=\"wp-block-heading\">Ford hat den Bronco ganz gezielt auf Offroad getrimmt. <\/h3>\n\n\n\n<p>Die Kotfl\u00fcgel des Gel\u00e4ndewagens sind angeschraubt, das serienm\u00e4\u00dfige Hardtop besteht aus vier leicht herausnehmbaren Teilen und auch die T\u00fcren lassen sich demontieren. Als Zubeh\u00f6r gibt es unter anderem Neopren-Sitzbez\u00fcge. Die Zehn-Gang-Automatik verf\u00fcgt \u00fcber ein zweistufiges Verteilergetriebe und Gel\u00e4ndeuntersetzung sowie ganze sieben Fahrmodi. <\/p>\n\n\n\n<figure class=\"wp-block-image size-large\"><img decoding=\"async\" width=\"1024\" height=\"683\" src=\"https:\/\/www.eslebedasauto.at\/wp-content\/uploads\/2023\/03\/ampnet_photo_20230315_220736-1024x683.jpg\" alt=\"\" class=\"wp-image-91555\" srcset=\"https:\/\/www.eslebedasauto.at\/wp-content\/uploads\/2023\/03\/ampnet_photo_20230315_220736-1024x683.jpg 1024w, https:\/\/www.eslebedasauto.at\/wp-content\/uploads\/2023\/03\/ampnet_photo_20230315_220736-300x200.jpg 300w, https:\/\/www.eslebedasauto.at\/wp-content\/uploads\/2023\/03\/ampnet_photo_20230315_220736-768x512.jpg 768w, https:\/\/www.eslebedasauto.at\/wp-content\/uploads\/2023\/03\/ampnet_photo_20230315_220736-1536x1024.jpg 1536w, https:\/\/www.eslebedasauto.at\/wp-content\/uploads\/2023\/03\/ampnet_photo_20230315_220736-2048x1366.jpg 2048w, https:\/\/www.eslebedasauto.at\/wp-content\/uploads\/2023\/03\/ampnet_photo_20230315_220736-800x534.jpg 800w, https:\/\/www.eslebedasauto.at\/wp-content\/uploads\/2023\/03\/ampnet_photo_20230315_220736-1160x774.jpg 1160w\" sizes=\"(max-width: 1024px) 100vw, 1024px\" \/><\/figure>\n\n\n\n<p><\/p>","protected":false},"excerpt":{"rendered":"<p>Ford entwickelt sich immer mehr zum Garant f\u00fcr politisch unkorrekte und daf\u00fcr umso geilere Autos. Wir lieben Ford daf\u00fcr!<\/p>","protected":false},"author":2,"featured_media":91557,"comment_status":"open","ping_status":"open","sticky":false,"template":"","format":"standard","meta":{"neve_meta_sidebar":"","neve_meta_container":"","neve_meta_enable_content_width":"","neve_meta_content_width":0,"neve_meta_title_alignment":"","neve_meta_author_avatar":"","neve_post_elements_order":"","neve_meta_disable_header":"","neve_meta_disable_footer":"","neve_meta_disable_title":"","neve_meta_reading_time":"","footnotes":""},"categories":[598],"tags":[],"class_list":["post-91554","post","type-post","status-publish","format-standard","has-post-thumbnail","hentry","category-shortmotornews"],"yoast_head":"<!-- This site is optimized with the Yoast SEO plugin v26.8 - https:\/\/yoast.com\/product\/yoast-seo-wordpress\/ -->\n<title>Yippieeiyeee Schweinebacke! - Es lebe das Auto<\/title>\n<meta name=\"robots\" content=\"index, follow, max-snippet:-1, max-image-preview:large, max-video-preview:-1\" \/>\n<link rel=\"canonical\" href=\"https:\/\/www.eslebedasauto.at\/it\/yippieeiyeee-schweinebacke\/\" \/>\n<meta property=\"og:locale\" content=\"it_IT\" \/>\n<meta property=\"og:type\" content=\"article\" \/>\n<meta property=\"og:title\" content=\"Yippieeiyeee Schweinebacke! - Es lebe das Auto\" \/>\n<meta property=\"og:description\" content=\"Ford entwickelt sich immer mehr zum Garant f\u00fcr politisch unkorrekte und daf\u00fcr umso geilere Autos. Wir lieben Ford daf\u00fcr!\" \/>\n<meta property=\"og:url\" content=\"https:\/\/www.eslebedasauto.at\/it\/yippieeiyeee-schweinebacke\/\" \/>\n<meta property=\"og:site_name\" content=\"Es lebe das Auto\" \/>\n<meta property=\"article:publisher\" content=\"https:\/\/www.facebook.com\/eslebedasauto.at\" \/>\n<meta property=\"article:published_time\" content=\"2023-03-16T20:11:54+00:00\" \/>\n<meta property=\"article:modified_time\" content=\"2023-03-16T20:11:55+00:00\" \/>\n<meta property=\"og:image\" content=\"https:\/\/www.eslebedasauto.at\/wp-content\/uploads\/2023\/03\/ampnet_photo_20230315_220735.jpg\" \/>\n\t<meta property=\"og:image:width\" content=\"2507\" \/>\n\t<meta property=\"og:image:height\" content=\"1672\" \/>\n\t<meta property=\"og:image:type\" content=\"image\/jpeg\" \/>\n<meta name=\"author\" content=\"gerhard\" \/>\n<meta name=\"twitter:card\" content=\"summary_large_image\" \/>\n<meta name=\"twitter:label1\" content=\"Scritto da\" \/>\n\t<meta name=\"twitter:data1\" content=\"gerhard\" \/>\n\t<meta name=\"twitter:label2\" content=\"Tempo di lettura stimato\" \/>\n\t<meta name=\"twitter:data2\" content=\"1 minuto\" \/>\n<script type=\"application\/ld+json\" class=\"yoast-schema-graph\">{\"@context\":\"https:\/\/schema.org\",\"@graph\":[{\"@type\":\"Article\",\"@id\":\"https:\/\/www.eslebedasauto.at\/yippieeiyeee-schweinebacke\/#article\",\"isPartOf\":{\"@id\":\"https:\/\/www.eslebedasauto.at\/yippieeiyeee-schweinebacke\/\"},\"author\":{\"name\":\"gerhard\",\"@id\":\"https:\/\/www.eslebedasauto.at\/#\/schema\/person\/fb81218b0bed500d225ff518f9f17033\"},\"headline\":\"Yippieeiyeee Schweinebacke!\",\"datePublished\":\"2023-03-16T20:11:54+00:00\",\"dateModified\":\"2023-03-16T20:11:55+00:00\",\"mainEntityOfPage\":{\"@id\":\"https:\/\/www.eslebedasauto.at\/yippieeiyeee-schweinebacke\/\"},\"wordCount\":108,\"commentCount\":0,\"publisher\":{\"@id\":\"https:\/\/www.eslebedasauto.at\/#organization\"},\"image\":{\"@id\":\"https:\/\/www.eslebedasauto.at\/yippieeiyeee-schweinebacke\/#primaryimage\"},\"thumbnailUrl\":\"https:\/\/www.eslebedasauto.at\/wp-content\/uploads\/2023\/03\/ampnet_photo_20230315_220735.jpg\",\"articleSection\":[\"Shortmotornews\"],\"inLanguage\":\"it-IT\",\"potentialAction\":[{\"@type\":\"CommentAction\",\"name\":\"Comment\",\"target\":[\"https:\/\/www.eslebedasauto.at\/yippieeiyeee-schweinebacke\/#respond\"]}]},{\"@type\":\"WebPage\",\"@id\":\"https:\/\/www.eslebedasauto.at\/yippieeiyeee-schweinebacke\/\",\"url\":\"https:\/\/www.eslebedasauto.at\/yippieeiyeee-schweinebacke\/\",\"name\":\"Yippieeiyeee Schweinebacke! - Es lebe das Auto\",\"isPartOf\":{\"@id\":\"https:\/\/www.eslebedasauto.at\/#website\"},\"primaryImageOfPage\":{\"@id\":\"https:\/\/www.eslebedasauto.at\/yippieeiyeee-schweinebacke\/#primaryimage\"},\"image\":{\"@id\":\"https:\/\/www.eslebedasauto.at\/yippieeiyeee-schweinebacke\/#primaryimage\"},\"thumbnailUrl\":\"https:\/\/www.eslebedasauto.at\/wp-content\/uploads\/2023\/03\/ampnet_photo_20230315_220735.jpg\",\"datePublished\":\"2023-03-16T20:11:54+00:00\",\"dateModified\":\"2023-03-16T20:11:55+00:00\",\"breadcrumb\":{\"@id\":\"https:\/\/www.eslebedasauto.at\/yippieeiyeee-schweinebacke\/#breadcrumb\"},\"inLanguage\":\"it-IT\",\"potentialAction\":[{\"@type\":\"ReadAction\",\"target\":[\"https:\/\/www.eslebedasauto.at\/yippieeiyeee-schweinebacke\/\"]}]},{\"@type\":\"ImageObject\",\"inLanguage\":\"it-IT\",\"@id\":\"https:\/\/www.eslebedasauto.at\/yippieeiyeee-schweinebacke\/#primaryimage\",\"url\":\"https:\/\/www.eslebedasauto.at\/wp-content\/uploads\/2023\/03\/ampnet_photo_20230315_220735.jpg\",\"contentUrl\":\"https:\/\/www.eslebedasauto.at\/wp-content\/uploads\/2023\/03\/ampnet_photo_20230315_220735.jpg\",\"width\":2507,\"height\":1672},{\"@type\":\"BreadcrumbList\",\"@id\":\"https:\/\/www.eslebedasauto.at\/yippieeiyeee-schweinebacke\/#breadcrumb\",\"itemListElement\":[{\"@type\":\"ListItem\",\"position\":1,\"name\":\"Startseite\",\"item\":\"https:\/\/www.eslebedasauto.at\/\"},{\"@type\":\"ListItem\",\"position\":2,\"name\":\"Yippieeiyeee Schweinebacke!\"}]},{\"@type\":\"WebSite\",\"@id\":\"https:\/\/www.eslebedasauto.at\/#website\",\"url\":\"https:\/\/www.eslebedasauto.at\/\",\"name\":\"Es lebe das Auto\",\"description\":\"ein Hoch auf den Individualverkehr\",\"publisher\":{\"@id\":\"https:\/\/www.eslebedasauto.at\/#organization\"},\"potentialAction\":[{\"@type\":\"SearchAction\",\"target\":{\"@type\":\"EntryPoint\",\"urlTemplate\":\"https:\/\/www.eslebedasauto.at\/?s={search_term_string}\"},\"query-input\":{\"@type\":\"PropertyValueSpecification\",\"valueRequired\":true,\"valueName\":\"search_term_string\"}}],\"inLanguage\":\"it-IT\"},{\"@type\":\"Organization\",\"@id\":\"https:\/\/www.eslebedasauto.at\/#organization\",\"name\":\"eslebedasauto\",\"url\":\"https:\/\/www.eslebedasauto.at\/\",\"logo\":{\"@type\":\"ImageObject\",\"inLanguage\":\"it-IT\",\"@id\":\"https:\/\/www.eslebedasauto.at\/#\/schema\/logo\/image\/\",\"url\":\"https:\/\/www.eslebedasauto.at\/wp-content\/uploads\/2025\/10\/eldarund.png\",\"contentUrl\":\"https:\/\/www.eslebedasauto.at\/wp-content\/uploads\/2025\/10\/eldarund.png\",\"width\":1024,\"height\":1024,\"caption\":\"eslebedasauto\"},\"image\":{\"@id\":\"https:\/\/www.eslebedasauto.at\/#\/schema\/logo\/image\/\"},\"sameAs\":[\"https:\/\/www.facebook.com\/eslebedasauto.at\",\"https:\/\/www.instagram.com\/es_lebe_das_auto\/\"]},{\"@type\":\"Person\",\"@id\":\"https:\/\/www.eslebedasauto.at\/#\/schema\/person\/fb81218b0bed500d225ff518f9f17033\",\"name\":\"gerhard\",\"url\":\"https:\/\/www.eslebedasauto.at\/it\/author\/gerhard\/\"}]}<\/script>\n<!-- \/ Yoast SEO plugin. -->","yoast_head_json":{"title":"Yippieeiyeee Schweinebacke! - Es lebe das Auto","robots":{"index":"index","follow":"follow","max-snippet":"max-snippet:-1","max-image-preview":"max-image-preview:large","max-video-preview":"max-video-preview:-1"},"canonical":"https:\/\/www.eslebedasauto.at\/it\/yippieeiyeee-schweinebacke\/","og_locale":"it_IT","og_type":"article","og_title":"Yippieeiyeee Schweinebacke! - Es lebe das Auto","og_description":"Ford entwickelt sich immer mehr zum Garant f\u00fcr politisch unkorrekte und daf\u00fcr umso geilere Autos. Wir lieben Ford daf\u00fcr!","og_url":"https:\/\/www.eslebedasauto.at\/it\/yippieeiyeee-schweinebacke\/","og_site_name":"Es lebe das Auto","article_publisher":"https:\/\/www.facebook.com\/eslebedasauto.at","article_published_time":"2023-03-16T20:11:54+00:00","article_modified_time":"2023-03-16T20:11:55+00:00","og_image":[{"width":2507,"height":1672,"url":"https:\/\/www.eslebedasauto.at\/wp-content\/uploads\/2023\/03\/ampnet_photo_20230315_220735.jpg","type":"image\/jpeg"}],"author":"gerhard","twitter_card":"summary_large_image","twitter_misc":{"Scritto da":"gerhard","Tempo di lettura stimato":"1 minuto"},"schema":{"@context":"https:\/\/schema.org","@graph":[{"@type":"Article","@id":"https:\/\/www.eslebedasauto.at\/yippieeiyeee-schweinebacke\/#article","isPartOf":{"@id":"https:\/\/www.eslebedasauto.at\/yippieeiyeee-schweinebacke\/"},"author":{"name":"gerhard","@id":"https:\/\/www.eslebedasauto.at\/#\/schema\/person\/fb81218b0bed500d225ff518f9f17033"},"headline":"Yippieeiyeee Schweinebacke!","datePublished":"2023-03-16T20:11:54+00:00","dateModified":"2023-03-16T20:11:55+00:00","mainEntityOfPage":{"@id":"https:\/\/www.eslebedasauto.at\/yippieeiyeee-schweinebacke\/"},"wordCount":108,"commentCount":0,"publisher":{"@id":"https:\/\/www.eslebedasauto.at\/#organization"},"image":{"@id":"https:\/\/www.eslebedasauto.at\/yippieeiyeee-schweinebacke\/#primaryimage"},"thumbnailUrl":"https:\/\/www.eslebedasauto.at\/wp-content\/uploads\/2023\/03\/ampnet_photo_20230315_220735.jpg","articleSection":["Shortmotornews"],"inLanguage":"it-IT","potentialAction":[{"@type":"CommentAction","name":"Comment","target":["https:\/\/www.eslebedasauto.at\/yippieeiyeee-schweinebacke\/#respond"]}]},{"@type":"WebPage","@id":"https:\/\/www.eslebedasauto.at\/yippieeiyeee-schweinebacke\/","url":"https:\/\/www.eslebedasauto.at\/yippieeiyeee-schweinebacke\/","name":"Yippieeiyeee Schweinebacke! - Es lebe das Auto","isPartOf":{"@id":"https:\/\/www.eslebedasauto.at\/#website"},"primaryImageOfPage":{"@id":"https:\/\/www.eslebedasauto.at\/yippieeiyeee-schweinebacke\/#primaryimage"},"image":{"@id":"https:\/\/www.eslebedasauto.at\/yippieeiyeee-schweinebacke\/#primaryimage"},"thumbnailUrl":"https:\/\/www.eslebedasauto.at\/wp-content\/uploads\/2023\/03\/ampnet_photo_20230315_220735.jpg","datePublished":"2023-03-16T20:11:54+00:00","dateModified":"2023-03-16T20:11:55+00:00","breadcrumb":{"@id":"https:\/\/www.eslebedasauto.at\/yippieeiyeee-schweinebacke\/#breadcrumb"},"inLanguage":"it-IT","potentialAction":[{"@type":"ReadAction","target":["https:\/\/www.eslebedasauto.at\/yippieeiyeee-schweinebacke\/"]}]},{"@type":"ImageObject","inLanguage":"it-IT","@id":"https:\/\/www.eslebedasauto.at\/yippieeiyeee-schweinebacke\/#primaryimage","url":"https:\/\/www.eslebedasauto.at\/wp-content\/uploads\/2023\/03\/ampnet_photo_20230315_220735.jpg","contentUrl":"https:\/\/www.eslebedasauto.at\/wp-content\/uploads\/2023\/03\/ampnet_photo_20230315_220735.jpg","width":2507,"height":1672},{"@type":"BreadcrumbList","@id":"https:\/\/www.eslebedasauto.at\/yippieeiyeee-schweinebacke\/#breadcrumb","itemListElement":[{"@type":"ListItem","position":1,"name":"Startseite","item":"https:\/\/www.eslebedasauto.at\/"},{"@type":"ListItem","position":2,"name":"Yippieeiyeee Schweinebacke!"}]},{"@type":"WebSite","@id":"https:\/\/www.eslebedasauto.at\/#website","url":"https:\/\/www.eslebedasauto.at\/","name":"Es lebe das Auto","description":"ein Hoch auf den Individualverkehr","publisher":{"@id":"https:\/\/www.eslebedasauto.at\/#organization"},"potentialAction":[{"@type":"SearchAction","target":{"@type":"EntryPoint","urlTemplate":"https:\/\/www.eslebedasauto.at\/?s={search_term_string}"},"query-input":{"@type":"PropertyValueSpecification","valueRequired":true,"valueName":"search_term_string"}}],"inLanguage":"it-IT"},{"@type":"Organization","@id":"https:\/\/www.eslebedasauto.at\/#organization","name":"eslebedasauto","url":"https:\/\/www.eslebedasauto.at\/","logo":{"@type":"ImageObject","inLanguage":"it-IT","@id":"https:\/\/www.eslebedasauto.at\/#\/schema\/logo\/image\/","url":"https:\/\/www.eslebedasauto.at\/wp-content\/uploads\/2025\/10\/eldarund.png","contentUrl":"https:\/\/www.eslebedasauto.at\/wp-content\/uploads\/2025\/10\/eldarund.png","width":1024,"height":1024,"caption":"eslebedasauto"},"image":{"@id":"https:\/\/www.eslebedasauto.at\/#\/schema\/logo\/image\/"},"sameAs":["https:\/\/www.facebook.com\/eslebedasauto.at","https:\/\/www.instagram.com\/es_lebe_das_auto\/"]},{"@type":"Person","@id":"https:\/\/www.eslebedasauto.at\/#\/schema\/person\/fb81218b0bed500d225ff518f9f17033","name":"gerhard","url":"https:\/\/www.eslebedasauto.at\/it\/author\/gerhard\/"}]}},"_links":{"self":[{"href":"https:\/\/www.eslebedasauto.at\/it\/wp-json\/wp\/v2\/posts\/91554","targetHints":{"allow":["GET"]}}],"collection":[{"href":"https:\/\/www.eslebedasauto.at\/it\/wp-json\/wp\/v2\/posts"}],"about":[{"href":"https:\/\/www.eslebedasauto.at\/it\/wp-json\/wp\/v2\/types\/post"}],"author":[{"embeddable":true,"href":"https:\/\/www.eslebedasauto.at\/it\/wp-json\/wp\/v2\/users\/2"}],"replies":[{"embeddable":true,"href":"https:\/\/www.eslebedasauto.at\/it\/wp-json\/wp\/v2\/comments?post=91554"}],"version-history":[{"count":1,"href":"https:\/\/www.eslebedasauto.at\/it\/wp-json\/wp\/v2\/posts\/91554\/revisions"}],"predecessor-version":[{"id":91558,"href":"https:\/\/www.eslebedasauto.at\/it\/wp-json\/wp\/v2\/posts\/91554\/revisions\/91558"}],"wp:featuredmedia":[{"embeddable":true,"href":"https:\/\/www.eslebedasauto.at\/it\/wp-json\/wp\/v2\/media\/91557"}],"wp:attachment":[{"href":"https:\/\/www.eslebedasauto.at\/it\/wp-json\/wp\/v2\/media?parent=91554"}],"wp:term":[{"taxonomy":"category","embeddable":true,"href":"https:\/\/www.eslebedasauto.at\/it\/wp-json\/wp\/v2\/categories?post=91554"},{"taxonomy":"post_tag","embeddable":true,"href":"https:\/\/www.eslebedasauto.at\/it\/wp-json\/wp\/v2\/tags?post=91554"}],"curies":[{"name":"wp","href":"https:\/\/api.w.org\/{rel}","templated":true}]}}