{"id":91312,"date":"2023-02-24T09:48:02","date_gmt":"2023-02-24T08:48:02","guid":{"rendered":"https:\/\/www.eslebedasauto.at\/?p=91312"},"modified":"2023-02-24T09:48:03","modified_gmt":"2023-02-24T08:48:03","slug":"neues-gesicht-fuer-den-chef-loewen","status":"publish","type":"post","link":"https:\/\/www.eslebedasauto.at\/it\/neues-gesicht-fuer-den-chef-loewen\/","title":{"rendered":"Neues Gesicht f\u00fcr den Chef-L\u00f6wen"},"content":{"rendered":"<p><\/p>\n\n\n\n<p>Mit einem prominenteren K\u00fchlergrill, der den Sto\u00dff\u00e4nger mit einbezieht, und neu gestalteten Scheinwerfern inklusive pr\u00e4gnanterer \u201eDreikrallen\u201c-Tagfahrlichter f\u00e4hrt ab Mitte 2023 der modellgepflegte Peugeot 508 vor.&nbsp;<\/p>\n\n\n\n<figure class=\"wp-block-image size-large\"><img fetchpriority=\"high\" decoding=\"async\" width=\"1024\" height=\"576\" src=\"https:\/\/www.eslebedasauto.at\/wp-content\/uploads\/2023\/02\/52AF3E1C-A851-4640-A20B-442A58E03663-1024x576.jpeg\" alt=\"\" class=\"wp-image-91313\" srcset=\"https:\/\/www.eslebedasauto.at\/wp-content\/uploads\/2023\/02\/52AF3E1C-A851-4640-A20B-442A58E03663-1024x576.jpeg 1024w, https:\/\/www.eslebedasauto.at\/wp-content\/uploads\/2023\/02\/52AF3E1C-A851-4640-A20B-442A58E03663-300x169.jpeg 300w, https:\/\/www.eslebedasauto.at\/wp-content\/uploads\/2023\/02\/52AF3E1C-A851-4640-A20B-442A58E03663-768x432.jpeg 768w, https:\/\/www.eslebedasauto.at\/wp-content\/uploads\/2023\/02\/52AF3E1C-A851-4640-A20B-442A58E03663-1536x864.jpeg 1536w, https:\/\/www.eslebedasauto.at\/wp-content\/uploads\/2023\/02\/52AF3E1C-A851-4640-A20B-442A58E03663-2048x1152.jpeg 2048w, https:\/\/www.eslebedasauto.at\/wp-content\/uploads\/2023\/02\/52AF3E1C-A851-4640-A20B-442A58E03663-800x450.jpeg 800w, https:\/\/www.eslebedasauto.at\/wp-content\/uploads\/2023\/02\/52AF3E1C-A851-4640-A20B-442A58E03663-1160x652.jpeg 1160w\" sizes=\"(max-width: 1024px) 100vw, 1024px\" \/><\/figure>\n\n\n\n<p>Ebenfalls aufgewertet wurde das Interieur. Das Bedienkonzept sowie das Infotainment- und die Assistenzsysteme bekommen au\u00dferdem eine Auffrischung. Das Motorenangebot erg\u00e4nzt in weiterer Folge ein Plug-in-Hybrid mit 180 PS (132 kW). Topmodell bleibt der 508 PSE mit 360 PS (265 kW) und Allradantrieb.<\/p>\n\n\n\n<figure class=\"wp-block-image size-large\"><img decoding=\"async\" width=\"1024\" height=\"569\" src=\"https:\/\/www.eslebedasauto.at\/wp-content\/uploads\/2023\/02\/259F2B1E-464B-41A9-83F7-ECAD3C7D284A-1024x569.jpeg\" alt=\"\" class=\"wp-image-91314\" srcset=\"https:\/\/www.eslebedasauto.at\/wp-content\/uploads\/2023\/02\/259F2B1E-464B-41A9-83F7-ECAD3C7D284A-1024x569.jpeg 1024w, https:\/\/www.eslebedasauto.at\/wp-content\/uploads\/2023\/02\/259F2B1E-464B-41A9-83F7-ECAD3C7D284A-300x167.jpeg 300w, https:\/\/www.eslebedasauto.at\/wp-content\/uploads\/2023\/02\/259F2B1E-464B-41A9-83F7-ECAD3C7D284A-768x427.jpeg 768w, https:\/\/www.eslebedasauto.at\/wp-content\/uploads\/2023\/02\/259F2B1E-464B-41A9-83F7-ECAD3C7D284A-1536x853.jpeg 1536w, https:\/\/www.eslebedasauto.at\/wp-content\/uploads\/2023\/02\/259F2B1E-464B-41A9-83F7-ECAD3C7D284A-2048x1138.jpeg 2048w, https:\/\/www.eslebedasauto.at\/wp-content\/uploads\/2023\/02\/259F2B1E-464B-41A9-83F7-ECAD3C7D284A-200x110.jpeg 200w, https:\/\/www.eslebedasauto.at\/wp-content\/uploads\/2023\/02\/259F2B1E-464B-41A9-83F7-ECAD3C7D284A-800x444.jpeg 800w, https:\/\/www.eslebedasauto.at\/wp-content\/uploads\/2023\/02\/259F2B1E-464B-41A9-83F7-ECAD3C7D284A-1160x644.jpeg 1160w\" sizes=\"(max-width: 1024px) 100vw, 1024px\" \/><\/figure>","protected":false},"excerpt":{"rendered":"<p>Zur Mitte seines Lebenszyklus wurde nun der Peugeot 508 deutlich au\u00dfen und innen \u00fcberarbeitet.<\/p>","protected":false},"author":2,"featured_media":91315,"comment_status":"open","ping_status":"open","sticky":false,"template":"","format":"standard","meta":{"neve_meta_sidebar":"","neve_meta_container":"","neve_meta_enable_content_width":"","neve_meta_content_width":0,"neve_meta_title_alignment":"","neve_meta_author_avatar":"","neve_post_elements_order":"","neve_meta_disable_header":"","neve_meta_disable_footer":"","neve_meta_disable_title":"","neve_meta_reading_time":"","footnotes":""},"categories":[598],"tags":[],"class_list":["post-91312","post","type-post","status-publish","format-standard","has-post-thumbnail","hentry","category-shortmotornews"],"yoast_head":"<!-- This site is optimized with the Yoast SEO plugin v26.8 - https:\/\/yoast.com\/product\/yoast-seo-wordpress\/ -->\n<title>Neues Gesicht f\u00fcr den Chef-L\u00f6wen - Es lebe das Auto<\/title>\n<meta name=\"description\" content=\"Zur Mitte seines Lebenszyklus wurde nun der Peugeot 508 deutlich au\u00dfen und innen \u00fcberarbeitet.\" \/>\n<meta name=\"robots\" content=\"index, follow, max-snippet:-1, max-image-preview:large, max-video-preview:-1\" \/>\n<link rel=\"canonical\" href=\"https:\/\/www.eslebedasauto.at\/it\/neues-gesicht-fuer-den-chef-loewen\/\" \/>\n<meta property=\"og:locale\" content=\"it_IT\" \/>\n<meta property=\"og:type\" content=\"article\" \/>\n<meta property=\"og:title\" content=\"Neues Gesicht f\u00fcr den Chef-L\u00f6wen - Es lebe das Auto\" \/>\n<meta property=\"og:description\" content=\"Zur Mitte seines Lebenszyklus wurde nun der Peugeot 508 deutlich au\u00dfen und innen \u00fcberarbeitet.\" \/>\n<meta property=\"og:url\" content=\"https:\/\/www.eslebedasauto.at\/it\/neues-gesicht-fuer-den-chef-loewen\/\" \/>\n<meta property=\"og:site_name\" content=\"Es lebe das Auto\" \/>\n<meta property=\"article:publisher\" content=\"https:\/\/www.facebook.com\/eslebedasauto.at\" \/>\n<meta property=\"article:published_time\" content=\"2023-02-24T08:48:02+00:00\" \/>\n<meta property=\"article:modified_time\" content=\"2023-02-24T08:48:03+00:00\" \/>\n<meta property=\"og:image\" content=\"https:\/\/www.eslebedasauto.at\/wp-content\/uploads\/2023\/02\/D4B05C28-6C26-4E76-9F1F-C3D6C55DD665.jpeg\" \/>\n\t<meta property=\"og:image:width\" content=\"2183\" \/>\n\t<meta property=\"og:image:height\" content=\"1440\" \/>\n\t<meta property=\"og:image:type\" content=\"image\/jpeg\" \/>\n<meta name=\"author\" content=\"gerhard\" \/>\n<meta name=\"twitter:card\" content=\"summary_large_image\" \/>\n<meta name=\"twitter:label1\" content=\"Scritto da\" \/>\n\t<meta name=\"twitter:data1\" content=\"gerhard\" \/>\n\t<meta name=\"twitter:label2\" content=\"Tempo di lettura stimato\" \/>\n\t<meta name=\"twitter:data2\" content=\"1 minuto\" \/>\n<script type=\"application\/ld+json\" class=\"yoast-schema-graph\">{\"@context\":\"https:\/\/schema.org\",\"@graph\":[{\"@type\":\"Article\",\"@id\":\"https:\/\/www.eslebedasauto.at\/neues-gesicht-fuer-den-chef-loewen\/#article\",\"isPartOf\":{\"@id\":\"https:\/\/www.eslebedasauto.at\/neues-gesicht-fuer-den-chef-loewen\/\"},\"author\":{\"name\":\"gerhard\",\"@id\":\"https:\/\/www.eslebedasauto.at\/#\/schema\/person\/fb81218b0bed500d225ff518f9f17033\"},\"headline\":\"Neues Gesicht f\u00fcr den Chef-L\u00f6wen\",\"datePublished\":\"2023-02-24T08:48:02+00:00\",\"dateModified\":\"2023-02-24T08:48:03+00:00\",\"mainEntityOfPage\":{\"@id\":\"https:\/\/www.eslebedasauto.at\/neues-gesicht-fuer-den-chef-loewen\/\"},\"wordCount\":76,\"commentCount\":0,\"publisher\":{\"@id\":\"https:\/\/www.eslebedasauto.at\/#organization\"},\"image\":{\"@id\":\"https:\/\/www.eslebedasauto.at\/neues-gesicht-fuer-den-chef-loewen\/#primaryimage\"},\"thumbnailUrl\":\"https:\/\/www.eslebedasauto.at\/wp-content\/uploads\/2023\/02\/D4B05C28-6C26-4E76-9F1F-C3D6C55DD665.jpeg\",\"articleSection\":[\"Shortmotornews\"],\"inLanguage\":\"it-IT\",\"potentialAction\":[{\"@type\":\"CommentAction\",\"name\":\"Comment\",\"target\":[\"https:\/\/www.eslebedasauto.at\/neues-gesicht-fuer-den-chef-loewen\/#respond\"]}]},{\"@type\":\"WebPage\",\"@id\":\"https:\/\/www.eslebedasauto.at\/neues-gesicht-fuer-den-chef-loewen\/\",\"url\":\"https:\/\/www.eslebedasauto.at\/neues-gesicht-fuer-den-chef-loewen\/\",\"name\":\"Neues Gesicht f\u00fcr den Chef-L\u00f6wen - Es lebe das Auto\",\"isPartOf\":{\"@id\":\"https:\/\/www.eslebedasauto.at\/#website\"},\"primaryImageOfPage\":{\"@id\":\"https:\/\/www.eslebedasauto.at\/neues-gesicht-fuer-den-chef-loewen\/#primaryimage\"},\"image\":{\"@id\":\"https:\/\/www.eslebedasauto.at\/neues-gesicht-fuer-den-chef-loewen\/#primaryimage\"},\"thumbnailUrl\":\"https:\/\/www.eslebedasauto.at\/wp-content\/uploads\/2023\/02\/D4B05C28-6C26-4E76-9F1F-C3D6C55DD665.jpeg\",\"datePublished\":\"2023-02-24T08:48:02+00:00\",\"dateModified\":\"2023-02-24T08:48:03+00:00\",\"description\":\"Zur Mitte seines Lebenszyklus wurde nun der Peugeot 508 deutlich au\u00dfen und innen \u00fcberarbeitet.\",\"breadcrumb\":{\"@id\":\"https:\/\/www.eslebedasauto.at\/neues-gesicht-fuer-den-chef-loewen\/#breadcrumb\"},\"inLanguage\":\"it-IT\",\"potentialAction\":[{\"@type\":\"ReadAction\",\"target\":[\"https:\/\/www.eslebedasauto.at\/neues-gesicht-fuer-den-chef-loewen\/\"]}]},{\"@type\":\"ImageObject\",\"inLanguage\":\"it-IT\",\"@id\":\"https:\/\/www.eslebedasauto.at\/neues-gesicht-fuer-den-chef-loewen\/#primaryimage\",\"url\":\"https:\/\/www.eslebedasauto.at\/wp-content\/uploads\/2023\/02\/D4B05C28-6C26-4E76-9F1F-C3D6C55DD665.jpeg\",\"contentUrl\":\"https:\/\/www.eslebedasauto.at\/wp-content\/uploads\/2023\/02\/D4B05C28-6C26-4E76-9F1F-C3D6C55DD665.jpeg\",\"width\":2183,\"height\":1440},{\"@type\":\"BreadcrumbList\",\"@id\":\"https:\/\/www.eslebedasauto.at\/neues-gesicht-fuer-den-chef-loewen\/#breadcrumb\",\"itemListElement\":[{\"@type\":\"ListItem\",\"position\":1,\"name\":\"Startseite\",\"item\":\"https:\/\/www.eslebedasauto.at\/\"},{\"@type\":\"ListItem\",\"position\":2,\"name\":\"Neues Gesicht f\u00fcr den Chef-L\u00f6wen\"}]},{\"@type\":\"WebSite\",\"@id\":\"https:\/\/www.eslebedasauto.at\/#website\",\"url\":\"https:\/\/www.eslebedasauto.at\/\",\"name\":\"Es lebe das Auto\",\"description\":\"ein Hoch auf den Individualverkehr\",\"publisher\":{\"@id\":\"https:\/\/www.eslebedasauto.at\/#organization\"},\"potentialAction\":[{\"@type\":\"SearchAction\",\"target\":{\"@type\":\"EntryPoint\",\"urlTemplate\":\"https:\/\/www.eslebedasauto.at\/?s={search_term_string}\"},\"query-input\":{\"@type\":\"PropertyValueSpecification\",\"valueRequired\":true,\"valueName\":\"search_term_string\"}}],\"inLanguage\":\"it-IT\"},{\"@type\":\"Organization\",\"@id\":\"https:\/\/www.eslebedasauto.at\/#organization\",\"name\":\"eslebedasauto\",\"url\":\"https:\/\/www.eslebedasauto.at\/\",\"logo\":{\"@type\":\"ImageObject\",\"inLanguage\":\"it-IT\",\"@id\":\"https:\/\/www.eslebedasauto.at\/#\/schema\/logo\/image\/\",\"url\":\"https:\/\/www.eslebedasauto.at\/wp-content\/uploads\/2025\/10\/eldarund.png\",\"contentUrl\":\"https:\/\/www.eslebedasauto.at\/wp-content\/uploads\/2025\/10\/eldarund.png\",\"width\":1024,\"height\":1024,\"caption\":\"eslebedasauto\"},\"image\":{\"@id\":\"https:\/\/www.eslebedasauto.at\/#\/schema\/logo\/image\/\"},\"sameAs\":[\"https:\/\/www.facebook.com\/eslebedasauto.at\",\"https:\/\/www.instagram.com\/es_lebe_das_auto\/\"]},{\"@type\":\"Person\",\"@id\":\"https:\/\/www.eslebedasauto.at\/#\/schema\/person\/fb81218b0bed500d225ff518f9f17033\",\"name\":\"gerhard\",\"url\":\"https:\/\/www.eslebedasauto.at\/it\/author\/gerhard\/\"}]}<\/script>\n<!-- \/ Yoast SEO plugin. -->","yoast_head_json":{"title":"Neues Gesicht f\u00fcr den Chef-L\u00f6wen - Es lebe das Auto","description":"Zur Mitte seines Lebenszyklus wurde nun der Peugeot 508 deutlich au\u00dfen und innen \u00fcberarbeitet.","robots":{"index":"index","follow":"follow","max-snippet":"max-snippet:-1","max-image-preview":"max-image-preview:large","max-video-preview":"max-video-preview:-1"},"canonical":"https:\/\/www.eslebedasauto.at\/it\/neues-gesicht-fuer-den-chef-loewen\/","og_locale":"it_IT","og_type":"article","og_title":"Neues Gesicht f\u00fcr den Chef-L\u00f6wen - Es lebe das Auto","og_description":"Zur Mitte seines Lebenszyklus wurde nun der Peugeot 508 deutlich au\u00dfen und innen \u00fcberarbeitet.","og_url":"https:\/\/www.eslebedasauto.at\/it\/neues-gesicht-fuer-den-chef-loewen\/","og_site_name":"Es lebe das Auto","article_publisher":"https:\/\/www.facebook.com\/eslebedasauto.at","article_published_time":"2023-02-24T08:48:02+00:00","article_modified_time":"2023-02-24T08:48:03+00:00","og_image":[{"width":2183,"height":1440,"url":"https:\/\/www.eslebedasauto.at\/wp-content\/uploads\/2023\/02\/D4B05C28-6C26-4E76-9F1F-C3D6C55DD665.jpeg","type":"image\/jpeg"}],"author":"gerhard","twitter_card":"summary_large_image","twitter_misc":{"Scritto da":"gerhard","Tempo di lettura stimato":"1 minuto"},"schema":{"@context":"https:\/\/schema.org","@graph":[{"@type":"Article","@id":"https:\/\/www.eslebedasauto.at\/neues-gesicht-fuer-den-chef-loewen\/#article","isPartOf":{"@id":"https:\/\/www.eslebedasauto.at\/neues-gesicht-fuer-den-chef-loewen\/"},"author":{"name":"gerhard","@id":"https:\/\/www.eslebedasauto.at\/#\/schema\/person\/fb81218b0bed500d225ff518f9f17033"},"headline":"Neues Gesicht f\u00fcr den Chef-L\u00f6wen","datePublished":"2023-02-24T08:48:02+00:00","dateModified":"2023-02-24T08:48:03+00:00","mainEntityOfPage":{"@id":"https:\/\/www.eslebedasauto.at\/neues-gesicht-fuer-den-chef-loewen\/"},"wordCount":76,"commentCount":0,"publisher":{"@id":"https:\/\/www.eslebedasauto.at\/#organization"},"image":{"@id":"https:\/\/www.eslebedasauto.at\/neues-gesicht-fuer-den-chef-loewen\/#primaryimage"},"thumbnailUrl":"https:\/\/www.eslebedasauto.at\/wp-content\/uploads\/2023\/02\/D4B05C28-6C26-4E76-9F1F-C3D6C55DD665.jpeg","articleSection":["Shortmotornews"],"inLanguage":"it-IT","potentialAction":[{"@type":"CommentAction","name":"Comment","target":["https:\/\/www.eslebedasauto.at\/neues-gesicht-fuer-den-chef-loewen\/#respond"]}]},{"@type":"WebPage","@id":"https:\/\/www.eslebedasauto.at\/neues-gesicht-fuer-den-chef-loewen\/","url":"https:\/\/www.eslebedasauto.at\/neues-gesicht-fuer-den-chef-loewen\/","name":"Neues Gesicht f\u00fcr den Chef-L\u00f6wen - Es lebe das Auto","isPartOf":{"@id":"https:\/\/www.eslebedasauto.at\/#website"},"primaryImageOfPage":{"@id":"https:\/\/www.eslebedasauto.at\/neues-gesicht-fuer-den-chef-loewen\/#primaryimage"},"image":{"@id":"https:\/\/www.eslebedasauto.at\/neues-gesicht-fuer-den-chef-loewen\/#primaryimage"},"thumbnailUrl":"https:\/\/www.eslebedasauto.at\/wp-content\/uploads\/2023\/02\/D4B05C28-6C26-4E76-9F1F-C3D6C55DD665.jpeg","datePublished":"2023-02-24T08:48:02+00:00","dateModified":"2023-02-24T08:48:03+00:00","description":"Zur Mitte seines Lebenszyklus wurde nun der Peugeot 508 deutlich au\u00dfen und innen \u00fcberarbeitet.","breadcrumb":{"@id":"https:\/\/www.eslebedasauto.at\/neues-gesicht-fuer-den-chef-loewen\/#breadcrumb"},"inLanguage":"it-IT","potentialAction":[{"@type":"ReadAction","target":["https:\/\/www.eslebedasauto.at\/neues-gesicht-fuer-den-chef-loewen\/"]}]},{"@type":"ImageObject","inLanguage":"it-IT","@id":"https:\/\/www.eslebedasauto.at\/neues-gesicht-fuer-den-chef-loewen\/#primaryimage","url":"https:\/\/www.eslebedasauto.at\/wp-content\/uploads\/2023\/02\/D4B05C28-6C26-4E76-9F1F-C3D6C55DD665.jpeg","contentUrl":"https:\/\/www.eslebedasauto.at\/wp-content\/uploads\/2023\/02\/D4B05C28-6C26-4E76-9F1F-C3D6C55DD665.jpeg","width":2183,"height":1440},{"@type":"BreadcrumbList","@id":"https:\/\/www.eslebedasauto.at\/neues-gesicht-fuer-den-chef-loewen\/#breadcrumb","itemListElement":[{"@type":"ListItem","position":1,"name":"Startseite","item":"https:\/\/www.eslebedasauto.at\/"},{"@type":"ListItem","position":2,"name":"Neues Gesicht f\u00fcr den Chef-L\u00f6wen"}]},{"@type":"WebSite","@id":"https:\/\/www.eslebedasauto.at\/#website","url":"https:\/\/www.eslebedasauto.at\/","name":"Es lebe das Auto","description":"ein Hoch auf den Individualverkehr","publisher":{"@id":"https:\/\/www.eslebedasauto.at\/#organization"},"potentialAction":[{"@type":"SearchAction","target":{"@type":"EntryPoint","urlTemplate":"https:\/\/www.eslebedasauto.at\/?s={search_term_string}"},"query-input":{"@type":"PropertyValueSpecification","valueRequired":true,"valueName":"search_term_string"}}],"inLanguage":"it-IT"},{"@type":"Organization","@id":"https:\/\/www.eslebedasauto.at\/#organization","name":"eslebedasauto","url":"https:\/\/www.eslebedasauto.at\/","logo":{"@type":"ImageObject","inLanguage":"it-IT","@id":"https:\/\/www.eslebedasauto.at\/#\/schema\/logo\/image\/","url":"https:\/\/www.eslebedasauto.at\/wp-content\/uploads\/2025\/10\/eldarund.png","contentUrl":"https:\/\/www.eslebedasauto.at\/wp-content\/uploads\/2025\/10\/eldarund.png","width":1024,"height":1024,"caption":"eslebedasauto"},"image":{"@id":"https:\/\/www.eslebedasauto.at\/#\/schema\/logo\/image\/"},"sameAs":["https:\/\/www.facebook.com\/eslebedasauto.at","https:\/\/www.instagram.com\/es_lebe_das_auto\/"]},{"@type":"Person","@id":"https:\/\/www.eslebedasauto.at\/#\/schema\/person\/fb81218b0bed500d225ff518f9f17033","name":"gerhard","url":"https:\/\/www.eslebedasauto.at\/it\/author\/gerhard\/"}]}},"_links":{"self":[{"href":"https:\/\/www.eslebedasauto.at\/it\/wp-json\/wp\/v2\/posts\/91312","targetHints":{"allow":["GET"]}}],"collection":[{"href":"https:\/\/www.eslebedasauto.at\/it\/wp-json\/wp\/v2\/posts"}],"about":[{"href":"https:\/\/www.eslebedasauto.at\/it\/wp-json\/wp\/v2\/types\/post"}],"author":[{"embeddable":true,"href":"https:\/\/www.eslebedasauto.at\/it\/wp-json\/wp\/v2\/users\/2"}],"replies":[{"embeddable":true,"href":"https:\/\/www.eslebedasauto.at\/it\/wp-json\/wp\/v2\/comments?post=91312"}],"version-history":[{"count":1,"href":"https:\/\/www.eslebedasauto.at\/it\/wp-json\/wp\/v2\/posts\/91312\/revisions"}],"predecessor-version":[{"id":91316,"href":"https:\/\/www.eslebedasauto.at\/it\/wp-json\/wp\/v2\/posts\/91312\/revisions\/91316"}],"wp:featuredmedia":[{"embeddable":true,"href":"https:\/\/www.eslebedasauto.at\/it\/wp-json\/wp\/v2\/media\/91315"}],"wp:attachment":[{"href":"https:\/\/www.eslebedasauto.at\/it\/wp-json\/wp\/v2\/media?parent=91312"}],"wp:term":[{"taxonomy":"category","embeddable":true,"href":"https:\/\/www.eslebedasauto.at\/it\/wp-json\/wp\/v2\/categories?post=91312"},{"taxonomy":"post_tag","embeddable":true,"href":"https:\/\/www.eslebedasauto.at\/it\/wp-json\/wp\/v2\/tags?post=91312"}],"curies":[{"name":"wp","href":"https:\/\/api.w.org\/{rel}","templated":true}]}}