{"id":90821,"date":"2023-01-18T18:46:37","date_gmt":"2023-01-18T17:46:37","guid":{"rendered":"https:\/\/www.eslebedasauto.at\/?p=90821"},"modified":"2023-01-18T18:46:38","modified_gmt":"2023-01-18T17:46:38","slug":"spaet-aber-doch","status":"publish","type":"post","link":"https:\/\/www.eslebedasauto.at\/it\/spaet-aber-doch\/","title":{"rendered":"Sp\u00e4t aber doch"},"content":{"rendered":"<p><\/p>\n\n\n\n<h3 id=\"suzuki-hat-auf-der-auto-expo-2023-in-indien-ein-vollelektrisches-konzeptfahrzeug-vorgestellt\" class=\"wp-block-heading\">Suzuki hat auf der Auto Expo 2023 in Indien ein vollelektrisches Konzeptfahrzeug vorgestellt. <\/h3>\n\n\n\n<p>Die Serienversion des eVX soll 2025 auf verschiedenen M\u00e4rkten eingef\u00fchrt werden. Die 4,30 Meter lange SUV-Studie verf\u00fcgt \u00fcber Allradantrieb und eine Batteriekapazit\u00e4t von 60 kWh. Die Reichweite wird nach dem modifizierten indischen Fahrzyklus mit 550 Kilometern angegeben.<\/p>","protected":false},"excerpt":{"rendered":"<p>Ob der neue elektrische Suzuki wirklich so kommt, man wird sehen und wir hoffen stark darauf.<\/p>","protected":false},"author":2,"featured_media":90799,"comment_status":"open","ping_status":"open","sticky":false,"template":"","format":"standard","meta":{"neve_meta_sidebar":"","neve_meta_container":"","neve_meta_enable_content_width":"","neve_meta_content_width":0,"neve_meta_title_alignment":"","neve_meta_author_avatar":"","neve_post_elements_order":"","neve_meta_disable_header":"","neve_meta_disable_footer":"","neve_meta_disable_title":"","neve_meta_reading_time":"","footnotes":""},"categories":[598],"tags":[],"class_list":["post-90821","post","type-post","status-publish","format-standard","has-post-thumbnail","hentry","category-shortmotornews"],"yoast_head":"<!-- This site is optimized with the Yoast SEO plugin v26.8 - https:\/\/yoast.com\/product\/yoast-seo-wordpress\/ -->\n<title>Sp\u00e4t aber doch - Es lebe das Auto<\/title>\n<meta name=\"description\" content=\"Ob der neue elektrische Suzuki wirklich so kommt, man wird sehen und wir hoffen stark darauf.\" \/>\n<meta name=\"robots\" content=\"index, follow, max-snippet:-1, max-image-preview:large, max-video-preview:-1\" \/>\n<link rel=\"canonical\" href=\"https:\/\/www.eslebedasauto.at\/it\/spaet-aber-doch\/\" \/>\n<meta property=\"og:locale\" content=\"it_IT\" \/>\n<meta property=\"og:type\" content=\"article\" \/>\n<meta property=\"og:title\" content=\"Sp\u00e4t aber doch - Es lebe das Auto\" \/>\n<meta property=\"og:description\" content=\"Ob der neue elektrische Suzuki wirklich so kommt, man wird sehen und wir hoffen stark darauf.\" \/>\n<meta property=\"og:url\" content=\"https:\/\/www.eslebedasauto.at\/it\/spaet-aber-doch\/\" \/>\n<meta property=\"og:site_name\" content=\"Es lebe das Auto\" \/>\n<meta property=\"article:publisher\" content=\"https:\/\/www.facebook.com\/eslebedasauto.at\" \/>\n<meta property=\"article:published_time\" content=\"2023-01-18T17:46:37+00:00\" \/>\n<meta property=\"article:modified_time\" content=\"2023-01-18T17:46:38+00:00\" \/>\n<meta property=\"og:image\" content=\"https:\/\/www.eslebedasauto.at\/wp-content\/uploads\/2023\/01\/ampnet_photo_20230112_218766-scaled.jpg\" \/>\n\t<meta property=\"og:image:width\" content=\"2560\" \/>\n\t<meta property=\"og:image:height\" content=\"1450\" \/>\n\t<meta property=\"og:image:type\" content=\"image\/jpeg\" \/>\n<meta name=\"author\" content=\"gerhard\" \/>\n<meta name=\"twitter:card\" content=\"summary_large_image\" \/>\n<meta name=\"twitter:label1\" content=\"Scritto da\" \/>\n\t<meta name=\"twitter:data1\" content=\"gerhard\" \/>\n\t<meta name=\"twitter:label2\" content=\"Tempo di lettura stimato\" \/>\n\t<meta name=\"twitter:data2\" content=\"1 minuto\" \/>\n<script type=\"application\/ld+json\" class=\"yoast-schema-graph\">{\"@context\":\"https:\/\/schema.org\",\"@graph\":[{\"@type\":\"Article\",\"@id\":\"https:\/\/www.eslebedasauto.at\/spaet-aber-doch\/#article\",\"isPartOf\":{\"@id\":\"https:\/\/www.eslebedasauto.at\/spaet-aber-doch\/\"},\"author\":{\"name\":\"gerhard\",\"@id\":\"https:\/\/www.eslebedasauto.at\/#\/schema\/person\/fb81218b0bed500d225ff518f9f17033\"},\"headline\":\"Sp\u00e4t aber doch\",\"datePublished\":\"2023-01-18T17:46:37+00:00\",\"dateModified\":\"2023-01-18T17:46:38+00:00\",\"mainEntityOfPage\":{\"@id\":\"https:\/\/www.eslebedasauto.at\/spaet-aber-doch\/\"},\"wordCount\":53,\"commentCount\":0,\"publisher\":{\"@id\":\"https:\/\/www.eslebedasauto.at\/#organization\"},\"image\":{\"@id\":\"https:\/\/www.eslebedasauto.at\/spaet-aber-doch\/#primaryimage\"},\"thumbnailUrl\":\"https:\/\/www.eslebedasauto.at\/wp-content\/uploads\/2023\/01\/ampnet_photo_20230112_218766-scaled.jpg\",\"articleSection\":[\"Shortmotornews\"],\"inLanguage\":\"it-IT\",\"potentialAction\":[{\"@type\":\"CommentAction\",\"name\":\"Comment\",\"target\":[\"https:\/\/www.eslebedasauto.at\/spaet-aber-doch\/#respond\"]}]},{\"@type\":\"WebPage\",\"@id\":\"https:\/\/www.eslebedasauto.at\/spaet-aber-doch\/\",\"url\":\"https:\/\/www.eslebedasauto.at\/spaet-aber-doch\/\",\"name\":\"Sp\u00e4t aber doch - Es lebe das Auto\",\"isPartOf\":{\"@id\":\"https:\/\/www.eslebedasauto.at\/#website\"},\"primaryImageOfPage\":{\"@id\":\"https:\/\/www.eslebedasauto.at\/spaet-aber-doch\/#primaryimage\"},\"image\":{\"@id\":\"https:\/\/www.eslebedasauto.at\/spaet-aber-doch\/#primaryimage\"},\"thumbnailUrl\":\"https:\/\/www.eslebedasauto.at\/wp-content\/uploads\/2023\/01\/ampnet_photo_20230112_218766-scaled.jpg\",\"datePublished\":\"2023-01-18T17:46:37+00:00\",\"dateModified\":\"2023-01-18T17:46:38+00:00\",\"description\":\"Ob der neue elektrische Suzuki wirklich so kommt, man wird sehen und wir hoffen stark darauf.\",\"breadcrumb\":{\"@id\":\"https:\/\/www.eslebedasauto.at\/spaet-aber-doch\/#breadcrumb\"},\"inLanguage\":\"it-IT\",\"potentialAction\":[{\"@type\":\"ReadAction\",\"target\":[\"https:\/\/www.eslebedasauto.at\/spaet-aber-doch\/\"]}]},{\"@type\":\"ImageObject\",\"inLanguage\":\"it-IT\",\"@id\":\"https:\/\/www.eslebedasauto.at\/spaet-aber-doch\/#primaryimage\",\"url\":\"https:\/\/www.eslebedasauto.at\/wp-content\/uploads\/2023\/01\/ampnet_photo_20230112_218766-scaled.jpg\",\"contentUrl\":\"https:\/\/www.eslebedasauto.at\/wp-content\/uploads\/2023\/01\/ampnet_photo_20230112_218766-scaled.jpg\",\"width\":2560,\"height\":1450},{\"@type\":\"BreadcrumbList\",\"@id\":\"https:\/\/www.eslebedasauto.at\/spaet-aber-doch\/#breadcrumb\",\"itemListElement\":[{\"@type\":\"ListItem\",\"position\":1,\"name\":\"Startseite\",\"item\":\"https:\/\/www.eslebedasauto.at\/\"},{\"@type\":\"ListItem\",\"position\":2,\"name\":\"Sp\u00e4t aber doch\"}]},{\"@type\":\"WebSite\",\"@id\":\"https:\/\/www.eslebedasauto.at\/#website\",\"url\":\"https:\/\/www.eslebedasauto.at\/\",\"name\":\"Es lebe das Auto\",\"description\":\"ein Hoch auf den Individualverkehr\",\"publisher\":{\"@id\":\"https:\/\/www.eslebedasauto.at\/#organization\"},\"potentialAction\":[{\"@type\":\"SearchAction\",\"target\":{\"@type\":\"EntryPoint\",\"urlTemplate\":\"https:\/\/www.eslebedasauto.at\/?s={search_term_string}\"},\"query-input\":{\"@type\":\"PropertyValueSpecification\",\"valueRequired\":true,\"valueName\":\"search_term_string\"}}],\"inLanguage\":\"it-IT\"},{\"@type\":\"Organization\",\"@id\":\"https:\/\/www.eslebedasauto.at\/#organization\",\"name\":\"eslebedasauto\",\"url\":\"https:\/\/www.eslebedasauto.at\/\",\"logo\":{\"@type\":\"ImageObject\",\"inLanguage\":\"it-IT\",\"@id\":\"https:\/\/www.eslebedasauto.at\/#\/schema\/logo\/image\/\",\"url\":\"https:\/\/www.eslebedasauto.at\/wp-content\/uploads\/2025\/10\/eldarund.png\",\"contentUrl\":\"https:\/\/www.eslebedasauto.at\/wp-content\/uploads\/2025\/10\/eldarund.png\",\"width\":1024,\"height\":1024,\"caption\":\"eslebedasauto\"},\"image\":{\"@id\":\"https:\/\/www.eslebedasauto.at\/#\/schema\/logo\/image\/\"},\"sameAs\":[\"https:\/\/www.facebook.com\/eslebedasauto.at\",\"https:\/\/www.instagram.com\/es_lebe_das_auto\/\"]},{\"@type\":\"Person\",\"@id\":\"https:\/\/www.eslebedasauto.at\/#\/schema\/person\/fb81218b0bed500d225ff518f9f17033\",\"name\":\"gerhard\",\"url\":\"https:\/\/www.eslebedasauto.at\/it\/author\/gerhard\/\"}]}<\/script>\n<!-- \/ Yoast SEO plugin. -->","yoast_head_json":{"title":"Sp\u00e4t aber doch - Es lebe das Auto","description":"Ob der neue elektrische Suzuki wirklich so kommt, man wird sehen und wir hoffen stark darauf.","robots":{"index":"index","follow":"follow","max-snippet":"max-snippet:-1","max-image-preview":"max-image-preview:large","max-video-preview":"max-video-preview:-1"},"canonical":"https:\/\/www.eslebedasauto.at\/it\/spaet-aber-doch\/","og_locale":"it_IT","og_type":"article","og_title":"Sp\u00e4t aber doch - Es lebe das Auto","og_description":"Ob der neue elektrische Suzuki wirklich so kommt, man wird sehen und wir hoffen stark darauf.","og_url":"https:\/\/www.eslebedasauto.at\/it\/spaet-aber-doch\/","og_site_name":"Es lebe das Auto","article_publisher":"https:\/\/www.facebook.com\/eslebedasauto.at","article_published_time":"2023-01-18T17:46:37+00:00","article_modified_time":"2023-01-18T17:46:38+00:00","og_image":[{"width":2560,"height":1450,"url":"https:\/\/www.eslebedasauto.at\/wp-content\/uploads\/2023\/01\/ampnet_photo_20230112_218766-scaled.jpg","type":"image\/jpeg"}],"author":"gerhard","twitter_card":"summary_large_image","twitter_misc":{"Scritto da":"gerhard","Tempo di lettura stimato":"1 minuto"},"schema":{"@context":"https:\/\/schema.org","@graph":[{"@type":"Article","@id":"https:\/\/www.eslebedasauto.at\/spaet-aber-doch\/#article","isPartOf":{"@id":"https:\/\/www.eslebedasauto.at\/spaet-aber-doch\/"},"author":{"name":"gerhard","@id":"https:\/\/www.eslebedasauto.at\/#\/schema\/person\/fb81218b0bed500d225ff518f9f17033"},"headline":"Sp\u00e4t aber doch","datePublished":"2023-01-18T17:46:37+00:00","dateModified":"2023-01-18T17:46:38+00:00","mainEntityOfPage":{"@id":"https:\/\/www.eslebedasauto.at\/spaet-aber-doch\/"},"wordCount":53,"commentCount":0,"publisher":{"@id":"https:\/\/www.eslebedasauto.at\/#organization"},"image":{"@id":"https:\/\/www.eslebedasauto.at\/spaet-aber-doch\/#primaryimage"},"thumbnailUrl":"https:\/\/www.eslebedasauto.at\/wp-content\/uploads\/2023\/01\/ampnet_photo_20230112_218766-scaled.jpg","articleSection":["Shortmotornews"],"inLanguage":"it-IT","potentialAction":[{"@type":"CommentAction","name":"Comment","target":["https:\/\/www.eslebedasauto.at\/spaet-aber-doch\/#respond"]}]},{"@type":"WebPage","@id":"https:\/\/www.eslebedasauto.at\/spaet-aber-doch\/","url":"https:\/\/www.eslebedasauto.at\/spaet-aber-doch\/","name":"Sp\u00e4t aber doch - Es lebe das Auto","isPartOf":{"@id":"https:\/\/www.eslebedasauto.at\/#website"},"primaryImageOfPage":{"@id":"https:\/\/www.eslebedasauto.at\/spaet-aber-doch\/#primaryimage"},"image":{"@id":"https:\/\/www.eslebedasauto.at\/spaet-aber-doch\/#primaryimage"},"thumbnailUrl":"https:\/\/www.eslebedasauto.at\/wp-content\/uploads\/2023\/01\/ampnet_photo_20230112_218766-scaled.jpg","datePublished":"2023-01-18T17:46:37+00:00","dateModified":"2023-01-18T17:46:38+00:00","description":"Ob der neue elektrische Suzuki wirklich so kommt, man wird sehen und wir hoffen stark darauf.","breadcrumb":{"@id":"https:\/\/www.eslebedasauto.at\/spaet-aber-doch\/#breadcrumb"},"inLanguage":"it-IT","potentialAction":[{"@type":"ReadAction","target":["https:\/\/www.eslebedasauto.at\/spaet-aber-doch\/"]}]},{"@type":"ImageObject","inLanguage":"it-IT","@id":"https:\/\/www.eslebedasauto.at\/spaet-aber-doch\/#primaryimage","url":"https:\/\/www.eslebedasauto.at\/wp-content\/uploads\/2023\/01\/ampnet_photo_20230112_218766-scaled.jpg","contentUrl":"https:\/\/www.eslebedasauto.at\/wp-content\/uploads\/2023\/01\/ampnet_photo_20230112_218766-scaled.jpg","width":2560,"height":1450},{"@type":"BreadcrumbList","@id":"https:\/\/www.eslebedasauto.at\/spaet-aber-doch\/#breadcrumb","itemListElement":[{"@type":"ListItem","position":1,"name":"Startseite","item":"https:\/\/www.eslebedasauto.at\/"},{"@type":"ListItem","position":2,"name":"Sp\u00e4t aber doch"}]},{"@type":"WebSite","@id":"https:\/\/www.eslebedasauto.at\/#website","url":"https:\/\/www.eslebedasauto.at\/","name":"Es lebe das Auto","description":"ein Hoch auf den Individualverkehr","publisher":{"@id":"https:\/\/www.eslebedasauto.at\/#organization"},"potentialAction":[{"@type":"SearchAction","target":{"@type":"EntryPoint","urlTemplate":"https:\/\/www.eslebedasauto.at\/?s={search_term_string}"},"query-input":{"@type":"PropertyValueSpecification","valueRequired":true,"valueName":"search_term_string"}}],"inLanguage":"it-IT"},{"@type":"Organization","@id":"https:\/\/www.eslebedasauto.at\/#organization","name":"eslebedasauto","url":"https:\/\/www.eslebedasauto.at\/","logo":{"@type":"ImageObject","inLanguage":"it-IT","@id":"https:\/\/www.eslebedasauto.at\/#\/schema\/logo\/image\/","url":"https:\/\/www.eslebedasauto.at\/wp-content\/uploads\/2025\/10\/eldarund.png","contentUrl":"https:\/\/www.eslebedasauto.at\/wp-content\/uploads\/2025\/10\/eldarund.png","width":1024,"height":1024,"caption":"eslebedasauto"},"image":{"@id":"https:\/\/www.eslebedasauto.at\/#\/schema\/logo\/image\/"},"sameAs":["https:\/\/www.facebook.com\/eslebedasauto.at","https:\/\/www.instagram.com\/es_lebe_das_auto\/"]},{"@type":"Person","@id":"https:\/\/www.eslebedasauto.at\/#\/schema\/person\/fb81218b0bed500d225ff518f9f17033","name":"gerhard","url":"https:\/\/www.eslebedasauto.at\/it\/author\/gerhard\/"}]}},"_links":{"self":[{"href":"https:\/\/www.eslebedasauto.at\/it\/wp-json\/wp\/v2\/posts\/90821","targetHints":{"allow":["GET"]}}],"collection":[{"href":"https:\/\/www.eslebedasauto.at\/it\/wp-json\/wp\/v2\/posts"}],"about":[{"href":"https:\/\/www.eslebedasauto.at\/it\/wp-json\/wp\/v2\/types\/post"}],"author":[{"embeddable":true,"href":"https:\/\/www.eslebedasauto.at\/it\/wp-json\/wp\/v2\/users\/2"}],"replies":[{"embeddable":true,"href":"https:\/\/www.eslebedasauto.at\/it\/wp-json\/wp\/v2\/comments?post=90821"}],"version-history":[{"count":1,"href":"https:\/\/www.eslebedasauto.at\/it\/wp-json\/wp\/v2\/posts\/90821\/revisions"}],"predecessor-version":[{"id":90822,"href":"https:\/\/www.eslebedasauto.at\/it\/wp-json\/wp\/v2\/posts\/90821\/revisions\/90822"}],"wp:featuredmedia":[{"embeddable":true,"href":"https:\/\/www.eslebedasauto.at\/it\/wp-json\/wp\/v2\/media\/90799"}],"wp:attachment":[{"href":"https:\/\/www.eslebedasauto.at\/it\/wp-json\/wp\/v2\/media?parent=90821"}],"wp:term":[{"taxonomy":"category","embeddable":true,"href":"https:\/\/www.eslebedasauto.at\/it\/wp-json\/wp\/v2\/categories?post=90821"},{"taxonomy":"post_tag","embeddable":true,"href":"https:\/\/www.eslebedasauto.at\/it\/wp-json\/wp\/v2\/tags?post=90821"}],"curies":[{"name":"wp","href":"https:\/\/api.w.org\/{rel}","templated":true}]}}