{"id":90815,"date":"2023-01-16T19:17:23","date_gmt":"2023-01-16T18:17:23","guid":{"rendered":"https:\/\/www.eslebedasauto.at\/?p=90815"},"modified":"2023-01-16T19:17:24","modified_gmt":"2023-01-16T18:17:24","slug":"stellantis-hebt-ab","status":"publish","type":"post","link":"https:\/\/www.eslebedasauto.at\/it\/stellantis-hebt-ab\/","title":{"rendered":"<strong>Stellantis hebt ab<\/strong>"},"content":{"rendered":"<h4 id=\"stellantis-investiert-weiter-in-den-amerikanischen-flugzeugbauer-archer-aviation-mit-dem-bereits-seit-2020-kooperiert-wird\" class=\"wp-block-heading\">Stellantis investiert weiter in den amerikanischen Flugzeugbauer Archer Aviation, mit dem bereits seit 2020 kooperiert wird. <\/h4>\n\n\n\n<p>Bei einer maximalen Reichweite von etwa 160 Kilometern ist die Archer Midnight f\u00fcr Kurzstrecken von rund 30 Kilometern vorgesehen. Als Ladezeit zwischen den Fl\u00fcgen gibt Archer zehn Minuten an. Die Maschine mit einer Nutzlast von knapp 460 Kilogramm soll im n\u00e4chsten Jahr in Produktion gehen und wird von Stellantis hergestellt.<\/p>","protected":false},"excerpt":{"rendered":"<p>Geplant ist ein f\u00fcnfsitziger elektrisch betriebener Senkrechtstarter f\u00fcr Kurzstreckenfl\u00fcge.<\/p>","protected":false},"author":2,"featured_media":90796,"comment_status":"open","ping_status":"open","sticky":false,"template":"","format":"standard","meta":{"neve_meta_sidebar":"","neve_meta_container":"","neve_meta_enable_content_width":"","neve_meta_content_width":0,"neve_meta_title_alignment":"","neve_meta_author_avatar":"","neve_post_elements_order":"","neve_meta_disable_header":"","neve_meta_disable_footer":"","neve_meta_disable_title":"","neve_meta_reading_time":"","footnotes":""},"categories":[598],"tags":[],"class_list":["post-90815","post","type-post","status-publish","format-standard","has-post-thumbnail","hentry","category-shortmotornews"],"yoast_head":"<!-- This site is optimized with the Yoast SEO plugin v26.8 - https:\/\/yoast.com\/product\/yoast-seo-wordpress\/ -->\n<title>Stellantis hebt ab - Es lebe das Auto<\/title>\n<meta name=\"description\" content=\"Geplant ist ein f\u00fcnfsitziger elektrisch betriebener Senkrechtstarter f\u00fcr Kurzstreckenfl\u00fcge.\" \/>\n<meta name=\"robots\" content=\"index, follow, max-snippet:-1, max-image-preview:large, max-video-preview:-1\" \/>\n<link rel=\"canonical\" href=\"https:\/\/www.eslebedasauto.at\/it\/stellantis-hebt-ab\/\" \/>\n<meta property=\"og:locale\" content=\"it_IT\" \/>\n<meta property=\"og:type\" content=\"article\" \/>\n<meta property=\"og:title\" content=\"Stellantis hebt ab - Es lebe das Auto\" \/>\n<meta property=\"og:description\" content=\"Geplant ist ein f\u00fcnfsitziger elektrisch betriebener Senkrechtstarter f\u00fcr Kurzstreckenfl\u00fcge.\" \/>\n<meta property=\"og:url\" content=\"https:\/\/www.eslebedasauto.at\/it\/stellantis-hebt-ab\/\" \/>\n<meta property=\"og:site_name\" content=\"Es lebe das Auto\" \/>\n<meta property=\"article:publisher\" content=\"https:\/\/www.facebook.com\/eslebedasauto.at\" \/>\n<meta property=\"article:published_time\" content=\"2023-01-16T18:17:23+00:00\" \/>\n<meta property=\"article:modified_time\" content=\"2023-01-16T18:17:24+00:00\" \/>\n<meta property=\"og:image\" content=\"https:\/\/www.eslebedasauto.at\/wp-content\/uploads\/2023\/01\/ampnet_photo_20230105_218551.jpg\" \/>\n\t<meta property=\"og:image:width\" content=\"2542\" \/>\n\t<meta property=\"og:image:height\" content=\"1649\" \/>\n\t<meta property=\"og:image:type\" content=\"image\/jpeg\" \/>\n<meta name=\"author\" content=\"gerhard\" \/>\n<meta name=\"twitter:card\" content=\"summary_large_image\" \/>\n<meta name=\"twitter:label1\" content=\"Scritto da\" \/>\n\t<meta name=\"twitter:data1\" content=\"gerhard\" \/>\n\t<meta name=\"twitter:label2\" content=\"Tempo di lettura stimato\" \/>\n\t<meta name=\"twitter:data2\" content=\"1 minuto\" \/>\n<script type=\"application\/ld+json\" class=\"yoast-schema-graph\">{\"@context\":\"https:\/\/schema.org\",\"@graph\":[{\"@type\":\"Article\",\"@id\":\"https:\/\/www.eslebedasauto.at\/stellantis-hebt-ab\/#article\",\"isPartOf\":{\"@id\":\"https:\/\/www.eslebedasauto.at\/stellantis-hebt-ab\/\"},\"author\":{\"name\":\"gerhard\",\"@id\":\"https:\/\/www.eslebedasauto.at\/#\/schema\/person\/fb81218b0bed500d225ff518f9f17033\"},\"headline\":\"Stellantis hebt ab\",\"datePublished\":\"2023-01-16T18:17:23+00:00\",\"dateModified\":\"2023-01-16T18:17:24+00:00\",\"mainEntityOfPage\":{\"@id\":\"https:\/\/www.eslebedasauto.at\/stellantis-hebt-ab\/\"},\"wordCount\":68,\"commentCount\":0,\"publisher\":{\"@id\":\"https:\/\/www.eslebedasauto.at\/#organization\"},\"image\":{\"@id\":\"https:\/\/www.eslebedasauto.at\/stellantis-hebt-ab\/#primaryimage\"},\"thumbnailUrl\":\"https:\/\/www.eslebedasauto.at\/wp-content\/uploads\/2023\/01\/ampnet_photo_20230105_218551.jpg\",\"articleSection\":[\"Shortmotornews\"],\"inLanguage\":\"it-IT\",\"potentialAction\":[{\"@type\":\"CommentAction\",\"name\":\"Comment\",\"target\":[\"https:\/\/www.eslebedasauto.at\/stellantis-hebt-ab\/#respond\"]}]},{\"@type\":\"WebPage\",\"@id\":\"https:\/\/www.eslebedasauto.at\/stellantis-hebt-ab\/\",\"url\":\"https:\/\/www.eslebedasauto.at\/stellantis-hebt-ab\/\",\"name\":\"Stellantis hebt ab - Es lebe das Auto\",\"isPartOf\":{\"@id\":\"https:\/\/www.eslebedasauto.at\/#website\"},\"primaryImageOfPage\":{\"@id\":\"https:\/\/www.eslebedasauto.at\/stellantis-hebt-ab\/#primaryimage\"},\"image\":{\"@id\":\"https:\/\/www.eslebedasauto.at\/stellantis-hebt-ab\/#primaryimage\"},\"thumbnailUrl\":\"https:\/\/www.eslebedasauto.at\/wp-content\/uploads\/2023\/01\/ampnet_photo_20230105_218551.jpg\",\"datePublished\":\"2023-01-16T18:17:23+00:00\",\"dateModified\":\"2023-01-16T18:17:24+00:00\",\"description\":\"Geplant ist ein f\u00fcnfsitziger elektrisch betriebener Senkrechtstarter f\u00fcr Kurzstreckenfl\u00fcge.\",\"breadcrumb\":{\"@id\":\"https:\/\/www.eslebedasauto.at\/stellantis-hebt-ab\/#breadcrumb\"},\"inLanguage\":\"it-IT\",\"potentialAction\":[{\"@type\":\"ReadAction\",\"target\":[\"https:\/\/www.eslebedasauto.at\/stellantis-hebt-ab\/\"]}]},{\"@type\":\"ImageObject\",\"inLanguage\":\"it-IT\",\"@id\":\"https:\/\/www.eslebedasauto.at\/stellantis-hebt-ab\/#primaryimage\",\"url\":\"https:\/\/www.eslebedasauto.at\/wp-content\/uploads\/2023\/01\/ampnet_photo_20230105_218551.jpg\",\"contentUrl\":\"https:\/\/www.eslebedasauto.at\/wp-content\/uploads\/2023\/01\/ampnet_photo_20230105_218551.jpg\",\"width\":2542,\"height\":1649},{\"@type\":\"BreadcrumbList\",\"@id\":\"https:\/\/www.eslebedasauto.at\/stellantis-hebt-ab\/#breadcrumb\",\"itemListElement\":[{\"@type\":\"ListItem\",\"position\":1,\"name\":\"Startseite\",\"item\":\"https:\/\/www.eslebedasauto.at\/\"},{\"@type\":\"ListItem\",\"position\":2,\"name\":\"Stellantis hebt ab\"}]},{\"@type\":\"WebSite\",\"@id\":\"https:\/\/www.eslebedasauto.at\/#website\",\"url\":\"https:\/\/www.eslebedasauto.at\/\",\"name\":\"Es lebe das Auto\",\"description\":\"ein Hoch auf den Individualverkehr\",\"publisher\":{\"@id\":\"https:\/\/www.eslebedasauto.at\/#organization\"},\"potentialAction\":[{\"@type\":\"SearchAction\",\"target\":{\"@type\":\"EntryPoint\",\"urlTemplate\":\"https:\/\/www.eslebedasauto.at\/?s={search_term_string}\"},\"query-input\":{\"@type\":\"PropertyValueSpecification\",\"valueRequired\":true,\"valueName\":\"search_term_string\"}}],\"inLanguage\":\"it-IT\"},{\"@type\":\"Organization\",\"@id\":\"https:\/\/www.eslebedasauto.at\/#organization\",\"name\":\"eslebedasauto\",\"url\":\"https:\/\/www.eslebedasauto.at\/\",\"logo\":{\"@type\":\"ImageObject\",\"inLanguage\":\"it-IT\",\"@id\":\"https:\/\/www.eslebedasauto.at\/#\/schema\/logo\/image\/\",\"url\":\"https:\/\/www.eslebedasauto.at\/wp-content\/uploads\/2025\/10\/eldarund.png\",\"contentUrl\":\"https:\/\/www.eslebedasauto.at\/wp-content\/uploads\/2025\/10\/eldarund.png\",\"width\":1024,\"height\":1024,\"caption\":\"eslebedasauto\"},\"image\":{\"@id\":\"https:\/\/www.eslebedasauto.at\/#\/schema\/logo\/image\/\"},\"sameAs\":[\"https:\/\/www.facebook.com\/eslebedasauto.at\",\"https:\/\/www.instagram.com\/es_lebe_das_auto\/\"]},{\"@type\":\"Person\",\"@id\":\"https:\/\/www.eslebedasauto.at\/#\/schema\/person\/fb81218b0bed500d225ff518f9f17033\",\"name\":\"gerhard\",\"url\":\"https:\/\/www.eslebedasauto.at\/it\/author\/gerhard\/\"}]}<\/script>\n<!-- \/ Yoast SEO plugin. -->","yoast_head_json":{"title":"Stellantis hebt ab - Es lebe das Auto","description":"Geplant ist ein f\u00fcnfsitziger elektrisch betriebener Senkrechtstarter f\u00fcr Kurzstreckenfl\u00fcge.","robots":{"index":"index","follow":"follow","max-snippet":"max-snippet:-1","max-image-preview":"max-image-preview:large","max-video-preview":"max-video-preview:-1"},"canonical":"https:\/\/www.eslebedasauto.at\/it\/stellantis-hebt-ab\/","og_locale":"it_IT","og_type":"article","og_title":"Stellantis hebt ab - Es lebe das Auto","og_description":"Geplant ist ein f\u00fcnfsitziger elektrisch betriebener Senkrechtstarter f\u00fcr Kurzstreckenfl\u00fcge.","og_url":"https:\/\/www.eslebedasauto.at\/it\/stellantis-hebt-ab\/","og_site_name":"Es lebe das Auto","article_publisher":"https:\/\/www.facebook.com\/eslebedasauto.at","article_published_time":"2023-01-16T18:17:23+00:00","article_modified_time":"2023-01-16T18:17:24+00:00","og_image":[{"width":2542,"height":1649,"url":"https:\/\/www.eslebedasauto.at\/wp-content\/uploads\/2023\/01\/ampnet_photo_20230105_218551.jpg","type":"image\/jpeg"}],"author":"gerhard","twitter_card":"summary_large_image","twitter_misc":{"Scritto da":"gerhard","Tempo di lettura stimato":"1 minuto"},"schema":{"@context":"https:\/\/schema.org","@graph":[{"@type":"Article","@id":"https:\/\/www.eslebedasauto.at\/stellantis-hebt-ab\/#article","isPartOf":{"@id":"https:\/\/www.eslebedasauto.at\/stellantis-hebt-ab\/"},"author":{"name":"gerhard","@id":"https:\/\/www.eslebedasauto.at\/#\/schema\/person\/fb81218b0bed500d225ff518f9f17033"},"headline":"Stellantis hebt ab","datePublished":"2023-01-16T18:17:23+00:00","dateModified":"2023-01-16T18:17:24+00:00","mainEntityOfPage":{"@id":"https:\/\/www.eslebedasauto.at\/stellantis-hebt-ab\/"},"wordCount":68,"commentCount":0,"publisher":{"@id":"https:\/\/www.eslebedasauto.at\/#organization"},"image":{"@id":"https:\/\/www.eslebedasauto.at\/stellantis-hebt-ab\/#primaryimage"},"thumbnailUrl":"https:\/\/www.eslebedasauto.at\/wp-content\/uploads\/2023\/01\/ampnet_photo_20230105_218551.jpg","articleSection":["Shortmotornews"],"inLanguage":"it-IT","potentialAction":[{"@type":"CommentAction","name":"Comment","target":["https:\/\/www.eslebedasauto.at\/stellantis-hebt-ab\/#respond"]}]},{"@type":"WebPage","@id":"https:\/\/www.eslebedasauto.at\/stellantis-hebt-ab\/","url":"https:\/\/www.eslebedasauto.at\/stellantis-hebt-ab\/","name":"Stellantis hebt ab - Es lebe das Auto","isPartOf":{"@id":"https:\/\/www.eslebedasauto.at\/#website"},"primaryImageOfPage":{"@id":"https:\/\/www.eslebedasauto.at\/stellantis-hebt-ab\/#primaryimage"},"image":{"@id":"https:\/\/www.eslebedasauto.at\/stellantis-hebt-ab\/#primaryimage"},"thumbnailUrl":"https:\/\/www.eslebedasauto.at\/wp-content\/uploads\/2023\/01\/ampnet_photo_20230105_218551.jpg","datePublished":"2023-01-16T18:17:23+00:00","dateModified":"2023-01-16T18:17:24+00:00","description":"Geplant ist ein f\u00fcnfsitziger elektrisch betriebener Senkrechtstarter f\u00fcr Kurzstreckenfl\u00fcge.","breadcrumb":{"@id":"https:\/\/www.eslebedasauto.at\/stellantis-hebt-ab\/#breadcrumb"},"inLanguage":"it-IT","potentialAction":[{"@type":"ReadAction","target":["https:\/\/www.eslebedasauto.at\/stellantis-hebt-ab\/"]}]},{"@type":"ImageObject","inLanguage":"it-IT","@id":"https:\/\/www.eslebedasauto.at\/stellantis-hebt-ab\/#primaryimage","url":"https:\/\/www.eslebedasauto.at\/wp-content\/uploads\/2023\/01\/ampnet_photo_20230105_218551.jpg","contentUrl":"https:\/\/www.eslebedasauto.at\/wp-content\/uploads\/2023\/01\/ampnet_photo_20230105_218551.jpg","width":2542,"height":1649},{"@type":"BreadcrumbList","@id":"https:\/\/www.eslebedasauto.at\/stellantis-hebt-ab\/#breadcrumb","itemListElement":[{"@type":"ListItem","position":1,"name":"Startseite","item":"https:\/\/www.eslebedasauto.at\/"},{"@type":"ListItem","position":2,"name":"Stellantis hebt ab"}]},{"@type":"WebSite","@id":"https:\/\/www.eslebedasauto.at\/#website","url":"https:\/\/www.eslebedasauto.at\/","name":"Es lebe das Auto","description":"ein Hoch auf den Individualverkehr","publisher":{"@id":"https:\/\/www.eslebedasauto.at\/#organization"},"potentialAction":[{"@type":"SearchAction","target":{"@type":"EntryPoint","urlTemplate":"https:\/\/www.eslebedasauto.at\/?s={search_term_string}"},"query-input":{"@type":"PropertyValueSpecification","valueRequired":true,"valueName":"search_term_string"}}],"inLanguage":"it-IT"},{"@type":"Organization","@id":"https:\/\/www.eslebedasauto.at\/#organization","name":"eslebedasauto","url":"https:\/\/www.eslebedasauto.at\/","logo":{"@type":"ImageObject","inLanguage":"it-IT","@id":"https:\/\/www.eslebedasauto.at\/#\/schema\/logo\/image\/","url":"https:\/\/www.eslebedasauto.at\/wp-content\/uploads\/2025\/10\/eldarund.png","contentUrl":"https:\/\/www.eslebedasauto.at\/wp-content\/uploads\/2025\/10\/eldarund.png","width":1024,"height":1024,"caption":"eslebedasauto"},"image":{"@id":"https:\/\/www.eslebedasauto.at\/#\/schema\/logo\/image\/"},"sameAs":["https:\/\/www.facebook.com\/eslebedasauto.at","https:\/\/www.instagram.com\/es_lebe_das_auto\/"]},{"@type":"Person","@id":"https:\/\/www.eslebedasauto.at\/#\/schema\/person\/fb81218b0bed500d225ff518f9f17033","name":"gerhard","url":"https:\/\/www.eslebedasauto.at\/it\/author\/gerhard\/"}]}},"_links":{"self":[{"href":"https:\/\/www.eslebedasauto.at\/it\/wp-json\/wp\/v2\/posts\/90815","targetHints":{"allow":["GET"]}}],"collection":[{"href":"https:\/\/www.eslebedasauto.at\/it\/wp-json\/wp\/v2\/posts"}],"about":[{"href":"https:\/\/www.eslebedasauto.at\/it\/wp-json\/wp\/v2\/types\/post"}],"author":[{"embeddable":true,"href":"https:\/\/www.eslebedasauto.at\/it\/wp-json\/wp\/v2\/users\/2"}],"replies":[{"embeddable":true,"href":"https:\/\/www.eslebedasauto.at\/it\/wp-json\/wp\/v2\/comments?post=90815"}],"version-history":[{"count":1,"href":"https:\/\/www.eslebedasauto.at\/it\/wp-json\/wp\/v2\/posts\/90815\/revisions"}],"predecessor-version":[{"id":90816,"href":"https:\/\/www.eslebedasauto.at\/it\/wp-json\/wp\/v2\/posts\/90815\/revisions\/90816"}],"wp:featuredmedia":[{"embeddable":true,"href":"https:\/\/www.eslebedasauto.at\/it\/wp-json\/wp\/v2\/media\/90796"}],"wp:attachment":[{"href":"https:\/\/www.eslebedasauto.at\/it\/wp-json\/wp\/v2\/media?parent=90815"}],"wp:term":[{"taxonomy":"category","embeddable":true,"href":"https:\/\/www.eslebedasauto.at\/it\/wp-json\/wp\/v2\/categories?post=90815"},{"taxonomy":"post_tag","embeddable":true,"href":"https:\/\/www.eslebedasauto.at\/it\/wp-json\/wp\/v2\/tags?post=90815"}],"curies":[{"name":"wp","href":"https:\/\/api.w.org\/{rel}","templated":true}]}}