{"id":89244,"date":"2024-03-18T09:01:03","date_gmt":"2024-03-18T08:01:03","guid":{"rendered":"https:\/\/www.eslebedasauto.at\/?p=89244"},"modified":"2024-03-18T09:01:03","modified_gmt":"2024-03-18T08:01:03","slug":"hyundai-enthuellt-das-design-des-vollelektrischen-ioniq-6","status":"publish","type":"post","link":"https:\/\/www.eslebedasauto.at\/it\/hyundai-enthuellt-das-design-des-vollelektrischen-ioniq-6\/","title":{"rendered":"Hyundai enth\u00fcllt das Design des vollelektrischen IONIQ 6"},"content":{"rendered":"<ul class=\"wp-block-list\"><li><strong>Hyundais neuester Zugang in der IONIQ-BEV-Linie zeichnet sich durch stromlinienf\u00f6rmige \u00c4sthetik und funktionale Effizienz unter dem Designthema der \u201eEthical Uniqueness\u201c aus<\/strong><\/li><li><strong>Das aerodynamische Profil und die akribisch ausgearbeiteten Konturen sorgen bei Hyundai f\u00fcr den bislang niedrigsten Luftwiderstandsbeiwert von 0,21<sup>1<\/sup><\/strong><\/li><li><strong>Der kokonartige Fahrgastraum mit umfassenden Komfortfunktionen bietet eine pers\u00f6nliche Wohlf\u00fchlatmosph\u00e4re<\/strong><\/li><li><strong>Mit dem IONIQ 6 wird ein neu gestaltetes&nbsp;<em>\u201eH&#8220;<\/em>-Emblem eingef\u00fchrt<\/strong><\/li><li><strong>Nachhaltige Materialien festigen das Engagement f\u00fcr eine saubere Mobilit\u00e4t<\/strong><\/li><\/ul>\n\n\n\n<p>Die Hyundai Motor Company enth\u00fcllt heute das stromlinienf\u00f6rmige und zeitlose Design des mit Spannung erwarteten IONIQ 6, des zweiten Modells der Marke IONIQ. Der IONIQ 6, der als &#8222;Electrified Streamliner&#8220; kommuniziert wird, ist effizient aerodynamisch modelliert, um die Reichweite zu maximieren. Er nutzt auf innovative Weise ethische und nachhaltige Materialien f\u00fcr hohe Qualit\u00e4t und progressive Relevanz.<\/p>\n\n\n\n<figure class=\"wp-block-gallery has-nested-images columns-default is-cropped wp-block-gallery-1 is-layout-flex wp-block-gallery-is-layout-flex\">\n<figure class=\"wp-block-image size-large\"><a href=\"https:\/\/www.eslebedasauto.at\/wp-content\/uploads\/2022\/06\/ioniq-6_design_jun22-3.jpg\"><img fetchpriority=\"high\" decoding=\"async\" width=\"1024\" height=\"549\" data-id=\"89245\" src=\"https:\/\/www.eslebedasauto.at\/wp-content\/uploads\/2022\/06\/ioniq-6_design_jun22-3-1024x549.jpg\" alt=\"\" class=\"wp-image-89245\" srcset=\"https:\/\/www.eslebedasauto.at\/wp-content\/uploads\/2022\/06\/ioniq-6_design_jun22-3-1024x549.jpg 1024w, https:\/\/www.eslebedasauto.at\/wp-content\/uploads\/2022\/06\/ioniq-6_design_jun22-3-300x160.jpg 300w, https:\/\/www.eslebedasauto.at\/wp-content\/uploads\/2022\/06\/ioniq-6_design_jun22-3-768x411.jpg 768w, https:\/\/www.eslebedasauto.at\/wp-content\/uploads\/2022\/06\/ioniq-6_design_jun22-3-260x140.jpg 260w, https:\/\/www.eslebedasauto.at\/wp-content\/uploads\/2022\/06\/ioniq-6_design_jun22-3-800x429.jpg 800w, https:\/\/www.eslebedasauto.at\/wp-content\/uploads\/2022\/06\/ioniq-6_design_jun22-3-560x300.jpg 560w, https:\/\/www.eslebedasauto.at\/wp-content\/uploads\/2022\/06\/ioniq-6_design_jun22-3.jpg 1120w\" sizes=\"(max-width: 1024px) 100vw, 1024px\" \/><\/a><\/figure>\n\n\n\n<figure class=\"wp-block-image size-large\"><a href=\"https:\/\/www.eslebedasauto.at\/wp-content\/uploads\/2022\/06\/ioniq-6_design_jun22-6-scaled.jpg\"><img decoding=\"async\" width=\"1024\" height=\"525\" data-id=\"89247\" src=\"https:\/\/www.eslebedasauto.at\/wp-content\/uploads\/2022\/06\/ioniq-6_design_jun22-6-1024x525.jpg\" alt=\"\" class=\"wp-image-89247\" srcset=\"https:\/\/www.eslebedasauto.at\/wp-content\/uploads\/2022\/06\/ioniq-6_design_jun22-6-1024x525.jpg 1024w, https:\/\/www.eslebedasauto.at\/wp-content\/uploads\/2022\/06\/ioniq-6_design_jun22-6-300x154.jpg 300w, https:\/\/www.eslebedasauto.at\/wp-content\/uploads\/2022\/06\/ioniq-6_design_jun22-6-768x394.jpg 768w, https:\/\/www.eslebedasauto.at\/wp-content\/uploads\/2022\/06\/ioniq-6_design_jun22-6-1536x788.jpg 1536w, https:\/\/www.eslebedasauto.at\/wp-content\/uploads\/2022\/06\/ioniq-6_design_jun22-6-2048x1050.jpg 2048w, https:\/\/www.eslebedasauto.at\/wp-content\/uploads\/2022\/06\/ioniq-6_design_jun22-6-800x410.jpg 800w, https:\/\/www.eslebedasauto.at\/wp-content\/uploads\/2022\/06\/ioniq-6_design_jun22-6-1160x595.jpg 1160w\" sizes=\"(max-width: 1024px) 100vw, 1024px\" \/><\/a><\/figure>\n\n\n\n<figure class=\"wp-block-image size-large\"><a href=\"https:\/\/www.eslebedasauto.at\/wp-content\/uploads\/2022\/06\/ioniq-6_design_jun22-7-scaled.jpg\"><img decoding=\"async\" width=\"1024\" height=\"576\" data-id=\"89249\" src=\"https:\/\/www.eslebedasauto.at\/wp-content\/uploads\/2022\/06\/ioniq-6_design_jun22-7-1024x576.jpg\" alt=\"\" class=\"wp-image-89249\" srcset=\"https:\/\/www.eslebedasauto.at\/wp-content\/uploads\/2022\/06\/ioniq-6_design_jun22-7-1024x576.jpg 1024w, https:\/\/www.eslebedasauto.at\/wp-content\/uploads\/2022\/06\/ioniq-6_design_jun22-7-300x169.jpg 300w, https:\/\/www.eslebedasauto.at\/wp-content\/uploads\/2022\/06\/ioniq-6_design_jun22-7-768x432.jpg 768w, https:\/\/www.eslebedasauto.at\/wp-content\/uploads\/2022\/06\/ioniq-6_design_jun22-7-1536x864.jpg 1536w, https:\/\/www.eslebedasauto.at\/wp-content\/uploads\/2022\/06\/ioniq-6_design_jun22-7-2048x1152.jpg 2048w, https:\/\/www.eslebedasauto.at\/wp-content\/uploads\/2022\/06\/ioniq-6_design_jun22-7-800x450.jpg 800w, https:\/\/www.eslebedasauto.at\/wp-content\/uploads\/2022\/06\/ioniq-6_design_jun22-7-1160x653.jpg 1160w\" sizes=\"(max-width: 1024px) 100vw, 1024px\" \/><\/a><\/figure>\n\n\n\n<figure class=\"wp-block-image size-large\"><a href=\"https:\/\/www.eslebedasauto.at\/wp-content\/uploads\/2022\/06\/ioniq-6_design_jun22-8-scaled.jpg\"><img loading=\"lazy\" decoding=\"async\" width=\"1024\" height=\"596\" data-id=\"89246\" src=\"https:\/\/www.eslebedasauto.at\/wp-content\/uploads\/2022\/06\/ioniq-6_design_jun22-8-1024x596.jpg\" alt=\"\" class=\"wp-image-89246\" srcset=\"https:\/\/www.eslebedasauto.at\/wp-content\/uploads\/2022\/06\/ioniq-6_design_jun22-8-1024x596.jpg 1024w, https:\/\/www.eslebedasauto.at\/wp-content\/uploads\/2022\/06\/ioniq-6_design_jun22-8-300x175.jpg 300w, https:\/\/www.eslebedasauto.at\/wp-content\/uploads\/2022\/06\/ioniq-6_design_jun22-8-768x447.jpg 768w, https:\/\/www.eslebedasauto.at\/wp-content\/uploads\/2022\/06\/ioniq-6_design_jun22-8-1536x895.jpg 1536w, https:\/\/www.eslebedasauto.at\/wp-content\/uploads\/2022\/06\/ioniq-6_design_jun22-8-2048x1193.jpg 2048w, https:\/\/www.eslebedasauto.at\/wp-content\/uploads\/2022\/06\/ioniq-6_design_jun22-8-800x466.jpg 800w, https:\/\/www.eslebedasauto.at\/wp-content\/uploads\/2022\/06\/ioniq-6_design_jun22-8-1160x676.jpg 1160w\" sizes=\"(max-width: 1024px) 100vw, 1024px\" \/><\/a><\/figure>\n\n\n\n<figure class=\"wp-block-image size-large\"><a href=\"https:\/\/www.eslebedasauto.at\/wp-content\/uploads\/2022\/06\/ioniq-6_design_jun22-14-scaled.jpg\"><img loading=\"lazy\" decoding=\"async\" width=\"1024\" height=\"560\" data-id=\"89248\" src=\"https:\/\/www.eslebedasauto.at\/wp-content\/uploads\/2022\/06\/ioniq-6_design_jun22-14-1024x560.jpg\" alt=\"\" class=\"wp-image-89248\" srcset=\"https:\/\/www.eslebedasauto.at\/wp-content\/uploads\/2022\/06\/ioniq-6_design_jun22-14-1024x560.jpg 1024w, https:\/\/www.eslebedasauto.at\/wp-content\/uploads\/2022\/06\/ioniq-6_design_jun22-14-300x164.jpg 300w, https:\/\/www.eslebedasauto.at\/wp-content\/uploads\/2022\/06\/ioniq-6_design_jun22-14-768x420.jpg 768w, https:\/\/www.eslebedasauto.at\/wp-content\/uploads\/2022\/06\/ioniq-6_design_jun22-14-1536x840.jpg 1536w, https:\/\/www.eslebedasauto.at\/wp-content\/uploads\/2022\/06\/ioniq-6_design_jun22-14-2048x1120.jpg 2048w, https:\/\/www.eslebedasauto.at\/wp-content\/uploads\/2022\/06\/ioniq-6_design_jun22-14-200x110.jpg 200w, https:\/\/www.eslebedasauto.at\/wp-content\/uploads\/2022\/06\/ioniq-6_design_jun22-14-800x438.jpg 800w, https:\/\/www.eslebedasauto.at\/wp-content\/uploads\/2022\/06\/ioniq-6_design_jun22-14-1160x635.jpg 1160w\" sizes=\"(max-width: 1024px) 100vw, 1024px\" \/><\/a><\/figure>\n<\/figure>\n\n\n\n<p>Weitere Informationen zum IONIQ 6 finden Sie auf der Kampagnenseite:\u00a0<a href=\"https:\/\/ioniq6.hyundai.com\/designunveil\/eu\/\">https:\/\/ioniq6.hyundai.com.<\/a><\/p>","protected":false},"excerpt":{"rendered":"<p>Hyundais neuester Zugang in der IONIQ-BEV-Linie zeichnet sich durch stromlinienf\u00f6rmige \u00c4sthetik und funktionale Effizienz unter dem Designthema der \u201eEthical Uniqueness\u201c aus Das aerodynamische Profil und die akribisch ausgearbeiteten Konturen sorgen bei Hyundai f\u00fcr den bislang niedrigsten Luftwiderstandsbeiwert von 0,211 Der kokonartige Fahrgastraum mit umfassenden Komfortfunktionen bietet eine pers\u00f6nliche Wohlf\u00fchlatmosph\u00e4re Mit dem IONIQ 6 wird ein&hellip;&nbsp;<a href=\"https:\/\/www.eslebedasauto.at\/it\/hyundai-enthuellt-das-design-des-vollelektrischen-ioniq-6\/\" rel=\"bookmark\">Read More &raquo;<span class=\"screen-reader-text\">Hyundai enth\u00fcllt das Design des vollelektrischen IONIQ 6<\/span><\/a><\/p>","protected":false},"author":1,"featured_media":89249,"comment_status":"open","ping_status":"open","sticky":false,"template":"","format":"standard","meta":{"neve_meta_sidebar":"","neve_meta_container":"","neve_meta_enable_content_width":"","neve_meta_content_width":0,"neve_meta_title_alignment":"","neve_meta_author_avatar":"","neve_post_elements_order":"","neve_meta_disable_header":"","neve_meta_disable_footer":"","neve_meta_disable_title":"","neve_meta_reading_time":"","footnotes":""},"categories":[598],"tags":[],"class_list":["post-89244","post","type-post","status-publish","format-standard","has-post-thumbnail","hentry","category-shortmotornews"],"yoast_head":"<!-- This site is optimized with the Yoast SEO plugin v26.8 - https:\/\/yoast.com\/product\/yoast-seo-wordpress\/ -->\n<title>Hyundai enth\u00fcllt das Design des vollelektrischen IONIQ 6 - Es lebe das Auto<\/title>\n<meta name=\"robots\" content=\"index, follow, max-snippet:-1, max-image-preview:large, max-video-preview:-1\" \/>\n<link rel=\"canonical\" href=\"https:\/\/www.eslebedasauto.at\/it\/hyundai-enthuellt-das-design-des-vollelektrischen-ioniq-6\/\" \/>\n<meta property=\"og:locale\" content=\"it_IT\" \/>\n<meta property=\"og:type\" content=\"article\" \/>\n<meta property=\"og:title\" content=\"Hyundai enth\u00fcllt das Design des vollelektrischen IONIQ 6 - Es lebe das Auto\" \/>\n<meta property=\"og:description\" content=\"Hyundais neuester Zugang in der IONIQ-BEV-Linie zeichnet sich durch stromlinienf\u00f6rmige \u00c4sthetik und funktionale Effizienz unter dem Designthema der \u201eEthical Uniqueness\u201c aus Das aerodynamische Profil und die akribisch ausgearbeiteten Konturen sorgen bei Hyundai f\u00fcr den bislang niedrigsten Luftwiderstandsbeiwert von 0,211 Der kokonartige Fahrgastraum mit umfassenden Komfortfunktionen bietet eine pers\u00f6nliche Wohlf\u00fchlatmosph\u00e4re Mit dem IONIQ 6 wird ein&hellip;&nbsp;Read More &raquo;Hyundai enth\u00fcllt das Design des vollelektrischen IONIQ 6\" \/>\n<meta property=\"og:url\" content=\"https:\/\/www.eslebedasauto.at\/it\/hyundai-enthuellt-das-design-des-vollelektrischen-ioniq-6\/\" \/>\n<meta property=\"og:site_name\" content=\"Es lebe das Auto\" \/>\n<meta property=\"article:publisher\" content=\"https:\/\/www.facebook.com\/eslebedasauto.at\" \/>\n<meta property=\"article:published_time\" content=\"2024-03-18T08:01:03+00:00\" \/>\n<meta property=\"og:image\" content=\"https:\/\/www.eslebedasauto.at\/wp-content\/uploads\/2022\/06\/ioniq-6_design_jun22-7-scaled.jpg\" \/>\n\t<meta property=\"og:image:width\" content=\"2560\" \/>\n\t<meta property=\"og:image:height\" content=\"1440\" \/>\n\t<meta property=\"og:image:type\" content=\"image\/jpeg\" \/>\n<meta name=\"author\" content=\"Juergen\" \/>\n<meta name=\"twitter:card\" content=\"summary_large_image\" \/>\n<meta name=\"twitter:label1\" content=\"Scritto da\" \/>\n\t<meta name=\"twitter:data1\" content=\"Juergen\" \/>\n\t<meta name=\"twitter:label2\" content=\"Tempo di lettura stimato\" \/>\n\t<meta name=\"twitter:data2\" content=\"2 minuti\" \/>\n<script type=\"application\/ld+json\" class=\"yoast-schema-graph\">{\"@context\":\"https:\/\/schema.org\",\"@graph\":[{\"@type\":\"Article\",\"@id\":\"https:\/\/www.eslebedasauto.at\/hyundai-enthuellt-das-design-des-vollelektrischen-ioniq-6\/#article\",\"isPartOf\":{\"@id\":\"https:\/\/www.eslebedasauto.at\/hyundai-enthuellt-das-design-des-vollelektrischen-ioniq-6\/\"},\"author\":{\"name\":\"Juergen\",\"@id\":\"https:\/\/www.eslebedasauto.at\/#\/schema\/person\/4ecfb7fe1eb40654e5370227118c3fc2\"},\"headline\":\"Hyundai enth\u00fcllt das Design des vollelektrischen IONIQ 6\",\"datePublished\":\"2024-03-18T08:01:03+00:00\",\"mainEntityOfPage\":{\"@id\":\"https:\/\/www.eslebedasauto.at\/hyundai-enthuellt-das-design-des-vollelektrischen-ioniq-6\/\"},\"wordCount\":155,\"commentCount\":0,\"publisher\":{\"@id\":\"https:\/\/www.eslebedasauto.at\/#organization\"},\"image\":{\"@id\":\"https:\/\/www.eslebedasauto.at\/hyundai-enthuellt-das-design-des-vollelektrischen-ioniq-6\/#primaryimage\"},\"thumbnailUrl\":\"https:\/\/www.eslebedasauto.at\/wp-content\/uploads\/2022\/06\/ioniq-6_design_jun22-7-scaled.jpg\",\"articleSection\":[\"Shortmotornews\"],\"inLanguage\":\"it-IT\",\"potentialAction\":[{\"@type\":\"CommentAction\",\"name\":\"Comment\",\"target\":[\"https:\/\/www.eslebedasauto.at\/hyundai-enthuellt-das-design-des-vollelektrischen-ioniq-6\/#respond\"]}]},{\"@type\":\"WebPage\",\"@id\":\"https:\/\/www.eslebedasauto.at\/hyundai-enthuellt-das-design-des-vollelektrischen-ioniq-6\/\",\"url\":\"https:\/\/www.eslebedasauto.at\/hyundai-enthuellt-das-design-des-vollelektrischen-ioniq-6\/\",\"name\":\"Hyundai enth\u00fcllt das Design des vollelektrischen IONIQ 6 - Es lebe das Auto\",\"isPartOf\":{\"@id\":\"https:\/\/www.eslebedasauto.at\/#website\"},\"primaryImageOfPage\":{\"@id\":\"https:\/\/www.eslebedasauto.at\/hyundai-enthuellt-das-design-des-vollelektrischen-ioniq-6\/#primaryimage\"},\"image\":{\"@id\":\"https:\/\/www.eslebedasauto.at\/hyundai-enthuellt-das-design-des-vollelektrischen-ioniq-6\/#primaryimage\"},\"thumbnailUrl\":\"https:\/\/www.eslebedasauto.at\/wp-content\/uploads\/2022\/06\/ioniq-6_design_jun22-7-scaled.jpg\",\"datePublished\":\"2024-03-18T08:01:03+00:00\",\"breadcrumb\":{\"@id\":\"https:\/\/www.eslebedasauto.at\/hyundai-enthuellt-das-design-des-vollelektrischen-ioniq-6\/#breadcrumb\"},\"inLanguage\":\"it-IT\",\"potentialAction\":[{\"@type\":\"ReadAction\",\"target\":[\"https:\/\/www.eslebedasauto.at\/hyundai-enthuellt-das-design-des-vollelektrischen-ioniq-6\/\"]}]},{\"@type\":\"ImageObject\",\"inLanguage\":\"it-IT\",\"@id\":\"https:\/\/www.eslebedasauto.at\/hyundai-enthuellt-das-design-des-vollelektrischen-ioniq-6\/#primaryimage\",\"url\":\"https:\/\/www.eslebedasauto.at\/wp-content\/uploads\/2022\/06\/ioniq-6_design_jun22-7-scaled.jpg\",\"contentUrl\":\"https:\/\/www.eslebedasauto.at\/wp-content\/uploads\/2022\/06\/ioniq-6_design_jun22-7-scaled.jpg\",\"width\":2560,\"height\":1440},{\"@type\":\"BreadcrumbList\",\"@id\":\"https:\/\/www.eslebedasauto.at\/hyundai-enthuellt-das-design-des-vollelektrischen-ioniq-6\/#breadcrumb\",\"itemListElement\":[{\"@type\":\"ListItem\",\"position\":1,\"name\":\"Startseite\",\"item\":\"https:\/\/www.eslebedasauto.at\/\"},{\"@type\":\"ListItem\",\"position\":2,\"name\":\"Hyundai enth\u00fcllt das Design des vollelektrischen IONIQ 6\"}]},{\"@type\":\"WebSite\",\"@id\":\"https:\/\/www.eslebedasauto.at\/#website\",\"url\":\"https:\/\/www.eslebedasauto.at\/\",\"name\":\"Es lebe das Auto\",\"description\":\"ein Hoch auf den Individualverkehr\",\"publisher\":{\"@id\":\"https:\/\/www.eslebedasauto.at\/#organization\"},\"potentialAction\":[{\"@type\":\"SearchAction\",\"target\":{\"@type\":\"EntryPoint\",\"urlTemplate\":\"https:\/\/www.eslebedasauto.at\/?s={search_term_string}\"},\"query-input\":{\"@type\":\"PropertyValueSpecification\",\"valueRequired\":true,\"valueName\":\"search_term_string\"}}],\"inLanguage\":\"it-IT\"},{\"@type\":\"Organization\",\"@id\":\"https:\/\/www.eslebedasauto.at\/#organization\",\"name\":\"eslebedasauto\",\"url\":\"https:\/\/www.eslebedasauto.at\/\",\"logo\":{\"@type\":\"ImageObject\",\"inLanguage\":\"it-IT\",\"@id\":\"https:\/\/www.eslebedasauto.at\/#\/schema\/logo\/image\/\",\"url\":\"https:\/\/www.eslebedasauto.at\/wp-content\/uploads\/2025\/10\/eldarund.png\",\"contentUrl\":\"https:\/\/www.eslebedasauto.at\/wp-content\/uploads\/2025\/10\/eldarund.png\",\"width\":1024,\"height\":1024,\"caption\":\"eslebedasauto\"},\"image\":{\"@id\":\"https:\/\/www.eslebedasauto.at\/#\/schema\/logo\/image\/\"},\"sameAs\":[\"https:\/\/www.facebook.com\/eslebedasauto.at\",\"https:\/\/www.instagram.com\/es_lebe_das_auto\/\"]},{\"@type\":\"Person\",\"@id\":\"https:\/\/www.eslebedasauto.at\/#\/schema\/person\/4ecfb7fe1eb40654e5370227118c3fc2\",\"name\":\"Juergen\",\"url\":\"https:\/\/www.eslebedasauto.at\/it\/author\/netzwerkkapitaene-og\/\"}]}<\/script>\n<!-- \/ Yoast SEO plugin. -->","yoast_head_json":{"title":"Hyundai enth\u00fcllt das Design des vollelektrischen IONIQ 6 - Es lebe das Auto","robots":{"index":"index","follow":"follow","max-snippet":"max-snippet:-1","max-image-preview":"max-image-preview:large","max-video-preview":"max-video-preview:-1"},"canonical":"https:\/\/www.eslebedasauto.at\/it\/hyundai-enthuellt-das-design-des-vollelektrischen-ioniq-6\/","og_locale":"it_IT","og_type":"article","og_title":"Hyundai enth\u00fcllt das Design des vollelektrischen IONIQ 6 - Es lebe das Auto","og_description":"Hyundais neuester Zugang in der IONIQ-BEV-Linie zeichnet sich durch stromlinienf\u00f6rmige \u00c4sthetik und funktionale Effizienz unter dem Designthema der \u201eEthical Uniqueness\u201c aus Das aerodynamische Profil und die akribisch ausgearbeiteten Konturen sorgen bei Hyundai f\u00fcr den bislang niedrigsten Luftwiderstandsbeiwert von 0,211 Der kokonartige Fahrgastraum mit umfassenden Komfortfunktionen bietet eine pers\u00f6nliche Wohlf\u00fchlatmosph\u00e4re Mit dem IONIQ 6 wird ein&hellip;&nbsp;Read More &raquo;Hyundai enth\u00fcllt das Design des vollelektrischen IONIQ 6","og_url":"https:\/\/www.eslebedasauto.at\/it\/hyundai-enthuellt-das-design-des-vollelektrischen-ioniq-6\/","og_site_name":"Es lebe das Auto","article_publisher":"https:\/\/www.facebook.com\/eslebedasauto.at","article_published_time":"2024-03-18T08:01:03+00:00","og_image":[{"width":2560,"height":1440,"url":"https:\/\/www.eslebedasauto.at\/wp-content\/uploads\/2022\/06\/ioniq-6_design_jun22-7-scaled.jpg","type":"image\/jpeg"}],"author":"Juergen","twitter_card":"summary_large_image","twitter_misc":{"Scritto da":"Juergen","Tempo di lettura stimato":"2 minuti"},"schema":{"@context":"https:\/\/schema.org","@graph":[{"@type":"Article","@id":"https:\/\/www.eslebedasauto.at\/hyundai-enthuellt-das-design-des-vollelektrischen-ioniq-6\/#article","isPartOf":{"@id":"https:\/\/www.eslebedasauto.at\/hyundai-enthuellt-das-design-des-vollelektrischen-ioniq-6\/"},"author":{"name":"Juergen","@id":"https:\/\/www.eslebedasauto.at\/#\/schema\/person\/4ecfb7fe1eb40654e5370227118c3fc2"},"headline":"Hyundai enth\u00fcllt das Design des vollelektrischen IONIQ 6","datePublished":"2024-03-18T08:01:03+00:00","mainEntityOfPage":{"@id":"https:\/\/www.eslebedasauto.at\/hyundai-enthuellt-das-design-des-vollelektrischen-ioniq-6\/"},"wordCount":155,"commentCount":0,"publisher":{"@id":"https:\/\/www.eslebedasauto.at\/#organization"},"image":{"@id":"https:\/\/www.eslebedasauto.at\/hyundai-enthuellt-das-design-des-vollelektrischen-ioniq-6\/#primaryimage"},"thumbnailUrl":"https:\/\/www.eslebedasauto.at\/wp-content\/uploads\/2022\/06\/ioniq-6_design_jun22-7-scaled.jpg","articleSection":["Shortmotornews"],"inLanguage":"it-IT","potentialAction":[{"@type":"CommentAction","name":"Comment","target":["https:\/\/www.eslebedasauto.at\/hyundai-enthuellt-das-design-des-vollelektrischen-ioniq-6\/#respond"]}]},{"@type":"WebPage","@id":"https:\/\/www.eslebedasauto.at\/hyundai-enthuellt-das-design-des-vollelektrischen-ioniq-6\/","url":"https:\/\/www.eslebedasauto.at\/hyundai-enthuellt-das-design-des-vollelektrischen-ioniq-6\/","name":"Hyundai enth\u00fcllt das Design des vollelektrischen IONIQ 6 - Es lebe das Auto","isPartOf":{"@id":"https:\/\/www.eslebedasauto.at\/#website"},"primaryImageOfPage":{"@id":"https:\/\/www.eslebedasauto.at\/hyundai-enthuellt-das-design-des-vollelektrischen-ioniq-6\/#primaryimage"},"image":{"@id":"https:\/\/www.eslebedasauto.at\/hyundai-enthuellt-das-design-des-vollelektrischen-ioniq-6\/#primaryimage"},"thumbnailUrl":"https:\/\/www.eslebedasauto.at\/wp-content\/uploads\/2022\/06\/ioniq-6_design_jun22-7-scaled.jpg","datePublished":"2024-03-18T08:01:03+00:00","breadcrumb":{"@id":"https:\/\/www.eslebedasauto.at\/hyundai-enthuellt-das-design-des-vollelektrischen-ioniq-6\/#breadcrumb"},"inLanguage":"it-IT","potentialAction":[{"@type":"ReadAction","target":["https:\/\/www.eslebedasauto.at\/hyundai-enthuellt-das-design-des-vollelektrischen-ioniq-6\/"]}]},{"@type":"ImageObject","inLanguage":"it-IT","@id":"https:\/\/www.eslebedasauto.at\/hyundai-enthuellt-das-design-des-vollelektrischen-ioniq-6\/#primaryimage","url":"https:\/\/www.eslebedasauto.at\/wp-content\/uploads\/2022\/06\/ioniq-6_design_jun22-7-scaled.jpg","contentUrl":"https:\/\/www.eslebedasauto.at\/wp-content\/uploads\/2022\/06\/ioniq-6_design_jun22-7-scaled.jpg","width":2560,"height":1440},{"@type":"BreadcrumbList","@id":"https:\/\/www.eslebedasauto.at\/hyundai-enthuellt-das-design-des-vollelektrischen-ioniq-6\/#breadcrumb","itemListElement":[{"@type":"ListItem","position":1,"name":"Startseite","item":"https:\/\/www.eslebedasauto.at\/"},{"@type":"ListItem","position":2,"name":"Hyundai enth\u00fcllt das Design des vollelektrischen IONIQ 6"}]},{"@type":"WebSite","@id":"https:\/\/www.eslebedasauto.at\/#website","url":"https:\/\/www.eslebedasauto.at\/","name":"Es lebe das Auto","description":"ein Hoch auf den Individualverkehr","publisher":{"@id":"https:\/\/www.eslebedasauto.at\/#organization"},"potentialAction":[{"@type":"SearchAction","target":{"@type":"EntryPoint","urlTemplate":"https:\/\/www.eslebedasauto.at\/?s={search_term_string}"},"query-input":{"@type":"PropertyValueSpecification","valueRequired":true,"valueName":"search_term_string"}}],"inLanguage":"it-IT"},{"@type":"Organization","@id":"https:\/\/www.eslebedasauto.at\/#organization","name":"eslebedasauto","url":"https:\/\/www.eslebedasauto.at\/","logo":{"@type":"ImageObject","inLanguage":"it-IT","@id":"https:\/\/www.eslebedasauto.at\/#\/schema\/logo\/image\/","url":"https:\/\/www.eslebedasauto.at\/wp-content\/uploads\/2025\/10\/eldarund.png","contentUrl":"https:\/\/www.eslebedasauto.at\/wp-content\/uploads\/2025\/10\/eldarund.png","width":1024,"height":1024,"caption":"eslebedasauto"},"image":{"@id":"https:\/\/www.eslebedasauto.at\/#\/schema\/logo\/image\/"},"sameAs":["https:\/\/www.facebook.com\/eslebedasauto.at","https:\/\/www.instagram.com\/es_lebe_das_auto\/"]},{"@type":"Person","@id":"https:\/\/www.eslebedasauto.at\/#\/schema\/person\/4ecfb7fe1eb40654e5370227118c3fc2","name":"Juergen","url":"https:\/\/www.eslebedasauto.at\/it\/author\/netzwerkkapitaene-og\/"}]}},"_links":{"self":[{"href":"https:\/\/www.eslebedasauto.at\/it\/wp-json\/wp\/v2\/posts\/89244","targetHints":{"allow":["GET"]}}],"collection":[{"href":"https:\/\/www.eslebedasauto.at\/it\/wp-json\/wp\/v2\/posts"}],"about":[{"href":"https:\/\/www.eslebedasauto.at\/it\/wp-json\/wp\/v2\/types\/post"}],"author":[{"embeddable":true,"href":"https:\/\/www.eslebedasauto.at\/it\/wp-json\/wp\/v2\/users\/1"}],"replies":[{"embeddable":true,"href":"https:\/\/www.eslebedasauto.at\/it\/wp-json\/wp\/v2\/comments?post=89244"}],"version-history":[{"count":2,"href":"https:\/\/www.eslebedasauto.at\/it\/wp-json\/wp\/v2\/posts\/89244\/revisions"}],"predecessor-version":[{"id":89251,"href":"https:\/\/www.eslebedasauto.at\/it\/wp-json\/wp\/v2\/posts\/89244\/revisions\/89251"}],"wp:featuredmedia":[{"embeddable":true,"href":"https:\/\/www.eslebedasauto.at\/it\/wp-json\/wp\/v2\/media\/89249"}],"wp:attachment":[{"href":"https:\/\/www.eslebedasauto.at\/it\/wp-json\/wp\/v2\/media?parent=89244"}],"wp:term":[{"taxonomy":"category","embeddable":true,"href":"https:\/\/www.eslebedasauto.at\/it\/wp-json\/wp\/v2\/categories?post=89244"},{"taxonomy":"post_tag","embeddable":true,"href":"https:\/\/www.eslebedasauto.at\/it\/wp-json\/wp\/v2\/tags?post=89244"}],"curies":[{"name":"wp","href":"https:\/\/api.w.org\/{rel}","templated":true}]}}