{"id":89124,"date":"2024-03-18T09:01:03","date_gmt":"2024-03-18T08:01:03","guid":{"rendered":"https:\/\/www.eslebedasauto.at\/?p=89124"},"modified":"2024-03-18T09:01:03","modified_gmt":"2024-03-18T08:01:03","slug":"honda-hrv-test","status":"publish","type":"post","link":"https:\/\/www.eslebedasauto.at\/it\/honda-hrv-test\/","title":{"rendered":"Honda HR-V. Hybrid &#8211; neu gedacht.\u00a0"},"content":{"rendered":"<h4 id=\"schon-seit-ende-der-90er-jahre-hat-honda-den-hr-v-im-programm-ist-quasi-ein-pionier-in-der-suv-szene\" class=\"wp-block-heading\">Schon seit Ende der 90er-Jahre hat Honda den HR-V im Programm &#8211; ist quasi ein Pionier in der SUV Szene. <\/h4>\n\n\n\n<p>Nachdem das Auto \u00fcber die Jahre mehrere, teils schr\u00e4ge Karosserievarianten verpasst bekam, ist der HR-V in seiner j\u00fcngsten Generation seit Anfang diesen Jahres wieder deutlich mehrheitstauglicher. Das mit 4,34 Meter relativ kurze SUV wirkt irgendwie deutlich gr\u00f6\u00dfer als es tats\u00e4chlich ist. Der HR-V eckt optisch in keinster Weise an, wirkt aber dabei dennoch nicht langweilig.&nbsp;<\/p>\n\n\n\n<figure class=\"wp-block-gallery has-nested-images columns-default is-cropped wp-block-gallery-1 is-layout-flex wp-block-gallery-is-layout-flex\">\n<figure class=\"wp-block-image size-large\"><a href=\"https:\/\/www.eslebedasauto.at\/wp-content\/uploads\/2022\/06\/D8887CF3-4F2E-460B-B1D6-57E3DB0931C9-scaled.jpg\"><img fetchpriority=\"high\" decoding=\"async\" width=\"2560\" height=\"1920\" data-id=\"89200\" src=\"https:\/\/www.eslebedasauto.at\/wp-content\/uploads\/2022\/06\/D8887CF3-4F2E-460B-B1D6-57E3DB0931C9-scaled.jpg\" alt=\"\" class=\"wp-image-89200\" srcset=\"https:\/\/www.eslebedasauto.at\/wp-content\/uploads\/2022\/06\/D8887CF3-4F2E-460B-B1D6-57E3DB0931C9-scaled.jpg 2560w, https:\/\/www.eslebedasauto.at\/wp-content\/uploads\/2022\/06\/D8887CF3-4F2E-460B-B1D6-57E3DB0931C9-300x225.jpg 300w, https:\/\/www.eslebedasauto.at\/wp-content\/uploads\/2022\/06\/D8887CF3-4F2E-460B-B1D6-57E3DB0931C9-1024x768.jpg 1024w, https:\/\/www.eslebedasauto.at\/wp-content\/uploads\/2022\/06\/D8887CF3-4F2E-460B-B1D6-57E3DB0931C9-768x576.jpg 768w, https:\/\/www.eslebedasauto.at\/wp-content\/uploads\/2022\/06\/D8887CF3-4F2E-460B-B1D6-57E3DB0931C9-1536x1152.jpg 1536w, https:\/\/www.eslebedasauto.at\/wp-content\/uploads\/2022\/06\/D8887CF3-4F2E-460B-B1D6-57E3DB0931C9-2048x1536.jpg 2048w, https:\/\/www.eslebedasauto.at\/wp-content\/uploads\/2022\/06\/D8887CF3-4F2E-460B-B1D6-57E3DB0931C9-800x600.jpg 800w, https:\/\/www.eslebedasauto.at\/wp-content\/uploads\/2022\/06\/D8887CF3-4F2E-460B-B1D6-57E3DB0931C9-1160x870.jpg 1160w\" sizes=\"(max-width: 2560px) 100vw, 2560px\" \/><\/a><\/figure>\n\n\n\n<figure class=\"wp-block-image size-large\"><a href=\"https:\/\/www.eslebedasauto.at\/wp-content\/uploads\/2022\/06\/IMG_1125-scaled.jpg\"><img decoding=\"async\" width=\"2560\" height=\"1920\" data-id=\"89192\" src=\"https:\/\/www.eslebedasauto.at\/wp-content\/uploads\/2022\/06\/IMG_1125-scaled.jpg\" alt=\"\" class=\"wp-image-89192\"\/><\/a><\/figure>\n\n\n\n<figure class=\"wp-block-image size-large\"><a href=\"https:\/\/www.eslebedasauto.at\/wp-content\/uploads\/2022\/06\/IMG_1130-scaled.jpg\"><img decoding=\"async\" width=\"2560\" height=\"1920\" data-id=\"89197\" src=\"https:\/\/www.eslebedasauto.at\/wp-content\/uploads\/2022\/06\/IMG_1130-scaled.jpg\" alt=\"\" class=\"wp-image-89197\" srcset=\"https:\/\/www.eslebedasauto.at\/wp-content\/uploads\/2022\/06\/IMG_1130-scaled.jpg 2560w, https:\/\/www.eslebedasauto.at\/wp-content\/uploads\/2022\/06\/IMG_1130-300x225.jpg 300w\" sizes=\"(max-width: 2560px) 100vw, 2560px\" \/><\/a><\/figure>\n<\/figure>\n\n\n\n<p>Das liegt vor allem an der hohen Schulterlinie und dem in Wagenfarbe gehaltenen K\u00fchlergrill, der scheinbar nahtlos in die LED-Scheinwerfer \u00fcbergeht. Die Dachpartie des Honda ist relativ niedrig und f\u00e4llt coup\u00e9haft nach hinten ab. Auch wenn der\u00a0HR-V\u00a0mit seinen 1,58 Meter H\u00f6he etwas niedriger als sein Vorg\u00e4nger ist, besitzt er dessen Praktikabilit\u00e4t, nicht nur dank seiner serienm\u00e4\u00dfigen \u201eMagic Seats\u201c, die immer wieder aufs Neue begeistern. Dabei lassen sich die R\u00fccksitzlehnen nicht nur normal umklappen, sondern auch die Sitzkissen wie im Kino hochstellen. Damit lassen sich sperrige Dinge aufrecht stehend transportieren. Eher entt\u00e4uschend dagegen der Kofferraum: Der fasst nur bescheidene 320 Liter.<br><br>Die sportliche Dachlinie fordert von Hintensitzenden ebenfalls etwas Kompromissbereitschaft. Bis 1,80 Meter K\u00f6rpergr\u00f6\u00dfe kein Problem &#8211; Gr\u00f6\u00dfere kommen mit dem Dachhimmel in Konflikt und sollten wegen des T\u00fcrausschnitts beim Einsteigen den Kopf einziehen. Das Interieur des Honda HR-V hat uns \u00fcbrigens sehr gefallen. Statt kunterbunter, un\u00fcbersichtlicher Anzeigen gibt es ein aufger\u00e4umt-\u00fcbersichtliches Cockpit mit informativen Anzeigen sowie geschmackvoll ausgesuchten Materialien. Vor allem Details wie die hochwertig anmutenden Drehschalter sehen toll aus.\u00a0<\/p>\n\n\n\n<figure class=\"wp-block-gallery has-nested-images columns-default is-cropped wp-block-gallery-2 is-layout-flex wp-block-gallery-is-layout-flex\">\n<figure class=\"wp-block-image size-large\"><a href=\"https:\/\/www.eslebedasauto.at\/wp-content\/uploads\/2022\/06\/IMG_1153-scaled.jpg\"><img loading=\"lazy\" decoding=\"async\" width=\"2560\" height=\"1920\" data-id=\"89184\" src=\"https:\/\/www.eslebedasauto.at\/wp-content\/uploads\/2022\/06\/IMG_1153-scaled.jpg\" alt=\"\" class=\"wp-image-89184\"\/><\/a><\/figure>\n\n\n\n<figure class=\"wp-block-image size-large\"><a href=\"https:\/\/www.eslebedasauto.at\/wp-content\/uploads\/2022\/06\/IMG_1141-scaled.jpg\"><img loading=\"lazy\" decoding=\"async\" width=\"2560\" height=\"1920\" data-id=\"89188\" src=\"https:\/\/www.eslebedasauto.at\/wp-content\/uploads\/2022\/06\/IMG_1141-scaled.jpg\" alt=\"\" class=\"wp-image-89188\" srcset=\"https:\/\/www.eslebedasauto.at\/wp-content\/uploads\/2022\/06\/IMG_1141-scaled.jpg 2560w, https:\/\/www.eslebedasauto.at\/wp-content\/uploads\/2022\/06\/IMG_1141-300x225.jpg 300w\" sizes=\"(max-width: 2560px) 100vw, 2560px\" \/><\/a><\/figure>\n\n\n\n<figure class=\"wp-block-image size-large\"><a href=\"https:\/\/www.eslebedasauto.at\/wp-content\/uploads\/2022\/06\/IMG_1145-scaled.jpg\"><img loading=\"lazy\" decoding=\"async\" width=\"1920\" height=\"2560\" data-id=\"89186\" src=\"https:\/\/www.eslebedasauto.at\/wp-content\/uploads\/2022\/06\/IMG_1145-scaled.jpg\" alt=\"\" class=\"wp-image-89186\" srcset=\"https:\/\/www.eslebedasauto.at\/wp-content\/uploads\/2022\/06\/IMG_1145-scaled.jpg 1920w, https:\/\/www.eslebedasauto.at\/wp-content\/uploads\/2022\/06\/IMG_1145-225x300.jpg 225w, https:\/\/www.eslebedasauto.at\/wp-content\/uploads\/2022\/06\/IMG_1145-768x1024.jpg 768w\" sizes=\"(max-width: 1920px) 100vw, 1920px\" \/><\/a><\/figure>\n\n\n\n<figure class=\"wp-block-image size-large\"><a href=\"https:\/\/www.eslebedasauto.at\/wp-content\/uploads\/2022\/06\/IMG_1143-scaled.jpg\"><img loading=\"lazy\" decoding=\"async\" width=\"2560\" height=\"1920\" data-id=\"89185\" src=\"https:\/\/www.eslebedasauto.at\/wp-content\/uploads\/2022\/06\/IMG_1143-scaled.jpg\" alt=\"\" class=\"wp-image-89185\" srcset=\"https:\/\/www.eslebedasauto.at\/wp-content\/uploads\/2022\/06\/IMG_1143-scaled.jpg 2560w, https:\/\/www.eslebedasauto.at\/wp-content\/uploads\/2022\/06\/IMG_1143-300x225.jpg 300w, https:\/\/www.eslebedasauto.at\/wp-content\/uploads\/2022\/06\/IMG_1143-1024x768.jpg 1024w, https:\/\/www.eslebedasauto.at\/wp-content\/uploads\/2022\/06\/IMG_1143-768x576.jpg 768w, https:\/\/www.eslebedasauto.at\/wp-content\/uploads\/2022\/06\/IMG_1143-1536x1152.jpg 1536w, https:\/\/www.eslebedasauto.at\/wp-content\/uploads\/2022\/06\/IMG_1143-2048x1536.jpg 2048w, https:\/\/www.eslebedasauto.at\/wp-content\/uploads\/2022\/06\/IMG_1143-800x600.jpg 800w, https:\/\/www.eslebedasauto.at\/wp-content\/uploads\/2022\/06\/IMG_1143-1160x870.jpg 1160w\" sizes=\"(max-width: 2560px) 100vw, 2560px\" \/><\/a><\/figure>\n<\/figure>\n\n\n\n<p>Die Bedienung des Infortainment-Systems erfolgt \u00fcber den mittig platzierten 9-Zoll-Touchscreen. Alles ist weitgehend intuitiv und selbsterkl\u00e4rend angelegt. Wer m\u00f6chte, kann das eigene Smartphone \u00fcber Apple CarPlay oder Android Auto einbinden. Ebenfalls an Bord sind ein WLAN-Hotspot und eine induktive Handy-Ladeschale.\u00a0<\/p>\n\n\n\n<figure class=\"wp-block-image size-full\"><a href=\"https:\/\/www.eslebedasauto.at\/wp-content\/uploads\/2022\/06\/IMG_1152-scaled.jpg\"><img loading=\"lazy\" decoding=\"async\" width=\"2560\" height=\"1920\" src=\"https:\/\/www.eslebedasauto.at\/wp-content\/uploads\/2022\/06\/IMG_1152-scaled.jpg\" alt=\"\" class=\"wp-image-89183\" srcset=\"https:\/\/www.eslebedasauto.at\/wp-content\/uploads\/2022\/06\/IMG_1152-scaled.jpg 2560w, https:\/\/www.eslebedasauto.at\/wp-content\/uploads\/2022\/06\/IMG_1152-300x225.jpg 300w\" sizes=\"(max-width: 2560px) 100vw, 2560px\" \/><\/a><\/figure>\n\n\n\n<p>Konsequenterweise verpasste Honda dem HR-V einen Hybridantrieb als einzige Motorisierung. Dieser nennt sich e:HEV und wird so auch im Honda Jazz eingesetzt. Gerade beim lockeren Cruisen oder in der City spielt die 131 PS starke Kombination aus Benziner und zwei Elektromotoren ihre St\u00e4rken aus. Da wird rein elektrisch angefahren und der Wechsel zwischen Elektro- und Hybridmodus ist kaum wahrnehmbar Bei niedrigen Geschwindigkeiten dient der 107 PS leistende F\u00fcnfzehnhunderter-Vierzylinder vor allem zur Stromerzeugung, indem er eine der beiden E-Maschinen antreibt, die dann als Generator die Lithium-Ionen-Batterie l\u00e4dt. Somit f\u00e4hrt der Honda HR-V\u00a0unter urbanen Bedingungen die meiste Zeit elektrisch \u2013 auch wenn man den Verbrenner oft zu h\u00f6ren bekommt.<\/p>\n\n\n\n<figure class=\"wp-block-gallery has-nested-images columns-default is-cropped wp-block-gallery-3 is-layout-flex wp-block-gallery-is-layout-flex\">\n<figure class=\"wp-block-image size-large\"><a href=\"https:\/\/www.eslebedasauto.at\/wp-content\/uploads\/2022\/06\/IMG_1137-scaled.jpg\"><img loading=\"lazy\" decoding=\"async\" width=\"2560\" height=\"1920\" data-id=\"89179\" src=\"https:\/\/www.eslebedasauto.at\/wp-content\/uploads\/2022\/06\/IMG_1137-scaled.jpg\" alt=\"\" class=\"wp-image-89179\" srcset=\"https:\/\/www.eslebedasauto.at\/wp-content\/uploads\/2022\/06\/IMG_1137-scaled.jpg 2560w, https:\/\/www.eslebedasauto.at\/wp-content\/uploads\/2022\/06\/IMG_1137-300x225.jpg 300w\" sizes=\"(max-width: 2560px) 100vw, 2560px\" \/><\/a><\/figure>\n\n\n\n<figure class=\"wp-block-image size-large\"><a href=\"https:\/\/www.eslebedasauto.at\/wp-content\/uploads\/2022\/06\/IMG_1139-scaled.jpg\"><img loading=\"lazy\" decoding=\"async\" width=\"2560\" height=\"1920\" data-id=\"89178\" src=\"https:\/\/www.eslebedasauto.at\/wp-content\/uploads\/2022\/06\/IMG_1139-scaled.jpg\" alt=\"\" class=\"wp-image-89178\" srcset=\"https:\/\/www.eslebedasauto.at\/wp-content\/uploads\/2022\/06\/IMG_1139-scaled.jpg 2560w, https:\/\/www.eslebedasauto.at\/wp-content\/uploads\/2022\/06\/IMG_1139-300x225.jpg 300w\" sizes=\"(max-width: 2560px) 100vw, 2560px\" \/><\/a><\/figure>\n\n\n\n<figure class=\"wp-block-image size-large\"><a href=\"https:\/\/www.eslebedasauto.at\/wp-content\/uploads\/2022\/06\/IMG_1138-scaled.jpg\"><img loading=\"lazy\" decoding=\"async\" width=\"2560\" height=\"1920\" data-id=\"89181\" src=\"https:\/\/www.eslebedasauto.at\/wp-content\/uploads\/2022\/06\/IMG_1138-scaled.jpg\" alt=\"\" class=\"wp-image-89181\" srcset=\"https:\/\/www.eslebedasauto.at\/wp-content\/uploads\/2022\/06\/IMG_1138-scaled.jpg 2560w, https:\/\/www.eslebedasauto.at\/wp-content\/uploads\/2022\/06\/IMG_1138-300x225.jpg 300w, https:\/\/www.eslebedasauto.at\/wp-content\/uploads\/2022\/06\/IMG_1138-1024x768.jpg 1024w\" sizes=\"(max-width: 2560px) 100vw, 2560px\" \/><\/a><\/figure>\n\n\n\n<figure class=\"wp-block-image size-large\"><a href=\"https:\/\/www.eslebedasauto.at\/wp-content\/uploads\/2022\/06\/IMG_1136-scaled.jpg\"><img loading=\"lazy\" decoding=\"async\" width=\"2560\" height=\"1920\" data-id=\"89196\" src=\"https:\/\/www.eslebedasauto.at\/wp-content\/uploads\/2022\/06\/IMG_1136-scaled.jpg\" alt=\"\" class=\"wp-image-89196\" srcset=\"https:\/\/www.eslebedasauto.at\/wp-content\/uploads\/2022\/06\/IMG_1136-scaled.jpg 2560w, https:\/\/www.eslebedasauto.at\/wp-content\/uploads\/2022\/06\/IMG_1136-300x225.jpg 300w\" sizes=\"(max-width: 2560px) 100vw, 2560px\" \/><\/a><\/figure>\n<\/figure>\n\n\n\n<p><br>Gibt man mehr Gas, schaltet das System in den so genannten Engine Drive und der Benziner ist blitzschnell mit den Antriebsr\u00e4dern verbunden. Solange man einen Kickdown vermeidet, funktioniert das alles ganz gut. Bei st\u00e4rkerem Gaspedaleinsatz reagiert der Direktantrieb, der quasi ohne Getriebe auskommt, \u00e4hnlich wie man das von den stufenlosen Automatikgetrieben kennt: Der Wagen wird nur verhalten schneller, sondern eher nur lauter. Die Beschleunigung auf 100 km\/h in 10,6 Sekunden haben wir gleich gar nicht ausprobiert. Ein wesentlicher Nachteil: \u00dcberholman\u00f6ver sollten wegen des tr\u00e4gen Antritts gut \u00fcberlegt sein. Eine kleine Abhilfe schafft dann der \u201eSport\u201c-Modus, mit dem sich das Ansprechverhalten etwas verbessert. So richtig flott wird das SUV aber auch damit nicht. Die Vorz\u00fcge des Honda HR-V liegen eindeutig in der stressfreien, gleichm\u00e4\u00dfigen Fahrt. Dann n\u00e4hert man sich auch der WLTP-Herstellerangabe von 5,4 Liter pro 100 Kilometer an. Vor allem innerst\u00e4dtisch geht dank der M\u00f6glichkeit stark zu rekuperieren (Fahrstufe &#8222;B&#8220;) auch etwas weniger, w\u00e4hrend auf der Autobahn schnell mal ein Achter vor dem Komma erscheint.<br><br>Nichts zu bekritteln gibt\u2019s am Fahrverhalten. Das mit seinen 1452 Kilogramm nicht allzu schwere SUV f\u00e4hrt sich komfortabel und \u00fcberzeugt mit guter Laufruhe. Dabei ist das Fahrwerk eher straff, wobei die Federung auch heftigere Fahrbahnsch\u00e4den ordentlich ausb\u00fcgelt. Ebenfalls gefallen hat uns die pr\u00e4zise Lenkung und die bissfesten Bremsen.<\/p>\n\n\n\n<figure class=\"wp-block-gallery has-nested-images columns-default is-cropped wp-block-gallery-4 is-layout-flex wp-block-gallery-is-layout-flex\">\n<figure class=\"wp-block-image size-large\"><a href=\"https:\/\/www.eslebedasauto.at\/wp-content\/uploads\/2022\/06\/E3A4D5E5-2B66-4267-BB6D-89D54EACE258-scaled.jpg\"><img loading=\"lazy\" decoding=\"async\" width=\"2560\" height=\"1920\" data-id=\"89187\" src=\"https:\/\/www.eslebedasauto.at\/wp-content\/uploads\/2022\/06\/E3A4D5E5-2B66-4267-BB6D-89D54EACE258-scaled.jpg\" alt=\"\" class=\"wp-image-89187\" srcset=\"https:\/\/www.eslebedasauto.at\/wp-content\/uploads\/2022\/06\/E3A4D5E5-2B66-4267-BB6D-89D54EACE258-scaled.jpg 2560w, https:\/\/www.eslebedasauto.at\/wp-content\/uploads\/2022\/06\/E3A4D5E5-2B66-4267-BB6D-89D54EACE258-300x225.jpg 300w, https:\/\/www.eslebedasauto.at\/wp-content\/uploads\/2022\/06\/E3A4D5E5-2B66-4267-BB6D-89D54EACE258-1024x768.jpg 1024w, https:\/\/www.eslebedasauto.at\/wp-content\/uploads\/2022\/06\/E3A4D5E5-2B66-4267-BB6D-89D54EACE258-768x576.jpg 768w, https:\/\/www.eslebedasauto.at\/wp-content\/uploads\/2022\/06\/E3A4D5E5-2B66-4267-BB6D-89D54EACE258-1536x1152.jpg 1536w, https:\/\/www.eslebedasauto.at\/wp-content\/uploads\/2022\/06\/E3A4D5E5-2B66-4267-BB6D-89D54EACE258-2048x1536.jpg 2048w, https:\/\/www.eslebedasauto.at\/wp-content\/uploads\/2022\/06\/E3A4D5E5-2B66-4267-BB6D-89D54EACE258-800x600.jpg 800w, https:\/\/www.eslebedasauto.at\/wp-content\/uploads\/2022\/06\/E3A4D5E5-2B66-4267-BB6D-89D54EACE258-1160x870.jpg 1160w\" sizes=\"(max-width: 2560px) 100vw, 2560px\" \/><\/a><\/figure>\n\n\n\n<figure class=\"wp-block-image size-large\"><a href=\"https:\/\/www.eslebedasauto.at\/wp-content\/uploads\/2022\/06\/IMG_1150-scaled.jpg\"><img loading=\"lazy\" decoding=\"async\" width=\"2560\" height=\"1920\" data-id=\"89194\" src=\"https:\/\/www.eslebedasauto.at\/wp-content\/uploads\/2022\/06\/IMG_1150-scaled.jpg\" alt=\"\" class=\"wp-image-89194\" srcset=\"https:\/\/www.eslebedasauto.at\/wp-content\/uploads\/2022\/06\/IMG_1150-scaled.jpg 2560w, https:\/\/www.eslebedasauto.at\/wp-content\/uploads\/2022\/06\/IMG_1150-300x225.jpg 300w\" sizes=\"(max-width: 2560px) 100vw, 2560px\" \/><\/a><\/figure>\n\n\n\n<figure class=\"wp-block-image size-large\"><a href=\"https:\/\/www.eslebedasauto.at\/wp-content\/uploads\/2022\/06\/IMG_1133-scaled.jpg\"><img loading=\"lazy\" decoding=\"async\" width=\"2560\" height=\"1920\" data-id=\"89193\" src=\"https:\/\/www.eslebedasauto.at\/wp-content\/uploads\/2022\/06\/IMG_1133-scaled.jpg\" alt=\"\" class=\"wp-image-89193\"\/><\/a><\/figure>\n<\/figure>\n\n\n\n<p>Preislich startet der Honda bei EUR 31.790, da bekommt man dann auch schon jede Menge Serienausstattung zu der unter anderem ein Navi, eine R\u00fcckfahrkamera sowie fast alle Assistenzsysteme z\u00e4hlen. In der von uns gefahren Topausf\u00fchrung Advance Style ab 36.990 Euro kommt eine Dachreling, die kabellose Handy-Ladestation, zehn Lautsprecher sowie eine Zweifarblackierung hinzu.<\/p>\n\n\n\n<p><br><strong>Fazit<\/strong><\/p>\n\n\n\n<p>Der Honda HR-V ist definiv kein SUV von der Stange &#8211; weder stilistisch noch technisch. Die Hybrid-Motorisierung gef\u00e4llt vor allem, wenn man es nicht eilig hat oder eher generell zu den Gleitern geh\u00f6rt. Wem dynamische Auftritte mit dem Auto fremd sind, der ist mit dem Honda HR-V e:HEV sehr gut bedient.&nbsp;<br><br><strong>Daten Fakten Honda HRV e:HEV<\/strong><br>Antrieb: Vollhybrid mit 4-Zyl.-Benziner<br>Hubraum: 1498 ccm<br>Systemleistung: 131 PS<br>Drehmoment: 253 Nm<br>Vmax: 170 km\/h<br>0 auf 100 km\/h: 10,7 Sek.<br>WLTP-Durchschnittsverbrauch: 5,4 Liter<br>Basispreis:  31.790 Euro<\/p>","protected":false},"excerpt":{"rendered":"<p>Honda geht mit dem HR-V eigene Wege. Das funktioniert in vielen Bereichen sehr gut. Es gibt aber auch Situationen, die der HR-V nicht so mag. <\/p>","protected":false},"author":1,"featured_media":89192,"comment_status":"open","ping_status":"open","sticky":false,"template":"","format":"standard","meta":{"neve_meta_sidebar":"","neve_meta_container":"","neve_meta_enable_content_width":"","neve_meta_content_width":0,"neve_meta_title_alignment":"","neve_meta_author_avatar":"","neve_post_elements_order":"","neve_meta_disable_header":"","neve_meta_disable_footer":"","neve_meta_disable_title":"","neve_meta_reading_time":"","footnotes":""},"categories":[335,12],"tags":[],"class_list":["post-89124","post","type-post","status-publish","format-standard","has-post-thumbnail","hentry","category-fahrberichte","category-hybrid"],"yoast_head":"<!-- This site is optimized with the Yoast SEO plugin v26.8 - https:\/\/yoast.com\/product\/yoast-seo-wordpress\/ -->\n<title>Honda HR-V. Hybrid - neu gedacht.\u00a0 - Es lebe das Auto<\/title>\n<meta name=\"description\" content=\"Honda geht mit dem HR-V eigene Wege. Das funktioniert in vielen Bereichen sehr gut. Es gibt aber auch Situationen, die der HR-V nicht so mag.\" \/>\n<meta name=\"robots\" content=\"index, follow, max-snippet:-1, max-image-preview:large, max-video-preview:-1\" \/>\n<link rel=\"canonical\" href=\"https:\/\/www.eslebedasauto.at\/it\/honda-hrv-test\/\" \/>\n<meta property=\"og:locale\" content=\"it_IT\" \/>\n<meta property=\"og:type\" content=\"article\" \/>\n<meta property=\"og:title\" content=\"Honda HR-V. Hybrid - neu gedacht.\u00a0 - Es lebe das Auto\" \/>\n<meta property=\"og:description\" content=\"Honda geht mit dem HR-V eigene Wege. Das funktioniert in vielen Bereichen sehr gut. Es gibt aber auch Situationen, die der HR-V nicht so mag.\" \/>\n<meta property=\"og:url\" content=\"https:\/\/www.eslebedasauto.at\/it\/honda-hrv-test\/\" \/>\n<meta property=\"og:site_name\" content=\"Es lebe das Auto\" \/>\n<meta property=\"article:publisher\" content=\"https:\/\/www.facebook.com\/eslebedasauto.at\" \/>\n<meta property=\"article:published_time\" content=\"2024-03-18T08:01:03+00:00\" \/>\n<meta property=\"og:image\" content=\"https:\/\/www.eslebedasauto.at\/wp-content\/uploads\/2022\/06\/IMG_1125-scaled.jpg\" \/>\n\t<meta property=\"og:image:width\" content=\"2560\" \/>\n\t<meta property=\"og:image:height\" content=\"1920\" \/>\n\t<meta property=\"og:image:type\" content=\"image\/jpeg\" \/>\n<meta name=\"author\" content=\"Juergen\" \/>\n<meta name=\"twitter:card\" content=\"summary_large_image\" \/>\n<meta name=\"twitter:label1\" content=\"Scritto da\" \/>\n\t<meta name=\"twitter:data1\" content=\"Juergen\" \/>\n\t<meta name=\"twitter:label2\" content=\"Tempo di lettura stimato\" \/>\n\t<meta name=\"twitter:data2\" content=\"8 minuti\" \/>\n<script type=\"application\/ld+json\" class=\"yoast-schema-graph\">{\"@context\":\"https:\/\/schema.org\",\"@graph\":[{\"@type\":\"Article\",\"@id\":\"https:\/\/www.eslebedasauto.at\/honda-hrv-test\/#article\",\"isPartOf\":{\"@id\":\"https:\/\/www.eslebedasauto.at\/honda-hrv-test\/\"},\"author\":{\"name\":\"Juergen\",\"@id\":\"https:\/\/www.eslebedasauto.at\/#\/schema\/person\/4ecfb7fe1eb40654e5370227118c3fc2\"},\"headline\":\"Honda HR-V. Hybrid &#8211; neu gedacht.\u00a0\",\"datePublished\":\"2024-03-18T08:01:03+00:00\",\"mainEntityOfPage\":{\"@id\":\"https:\/\/www.eslebedasauto.at\/honda-hrv-test\/\"},\"wordCount\":780,\"commentCount\":0,\"publisher\":{\"@id\":\"https:\/\/www.eslebedasauto.at\/#organization\"},\"image\":{\"@id\":\"https:\/\/www.eslebedasauto.at\/honda-hrv-test\/#primaryimage\"},\"thumbnailUrl\":\"https:\/\/www.eslebedasauto.at\/wp-content\/uploads\/2022\/06\/IMG_1125-scaled.jpg\",\"articleSection\":[\"Fahrberichte\",\"Hybrid\"],\"inLanguage\":\"it-IT\",\"potentialAction\":[{\"@type\":\"CommentAction\",\"name\":\"Comment\",\"target\":[\"https:\/\/www.eslebedasauto.at\/honda-hrv-test\/#respond\"]}]},{\"@type\":\"WebPage\",\"@id\":\"https:\/\/www.eslebedasauto.at\/honda-hrv-test\/\",\"url\":\"https:\/\/www.eslebedasauto.at\/honda-hrv-test\/\",\"name\":\"Honda HR-V. Hybrid - neu gedacht.\u00a0 - Es lebe das Auto\",\"isPartOf\":{\"@id\":\"https:\/\/www.eslebedasauto.at\/#website\"},\"primaryImageOfPage\":{\"@id\":\"https:\/\/www.eslebedasauto.at\/honda-hrv-test\/#primaryimage\"},\"image\":{\"@id\":\"https:\/\/www.eslebedasauto.at\/honda-hrv-test\/#primaryimage\"},\"thumbnailUrl\":\"https:\/\/www.eslebedasauto.at\/wp-content\/uploads\/2022\/06\/IMG_1125-scaled.jpg\",\"datePublished\":\"2024-03-18T08:01:03+00:00\",\"description\":\"Honda geht mit dem HR-V eigene Wege. Das funktioniert in vielen Bereichen sehr gut. Es gibt aber auch Situationen, die der HR-V nicht so mag.\",\"breadcrumb\":{\"@id\":\"https:\/\/www.eslebedasauto.at\/honda-hrv-test\/#breadcrumb\"},\"inLanguage\":\"it-IT\",\"potentialAction\":[{\"@type\":\"ReadAction\",\"target\":[\"https:\/\/www.eslebedasauto.at\/honda-hrv-test\/\"]}]},{\"@type\":\"ImageObject\",\"inLanguage\":\"it-IT\",\"@id\":\"https:\/\/www.eslebedasauto.at\/honda-hrv-test\/#primaryimage\",\"url\":\"https:\/\/www.eslebedasauto.at\/wp-content\/uploads\/2022\/06\/IMG_1125-scaled.jpg\",\"contentUrl\":\"https:\/\/www.eslebedasauto.at\/wp-content\/uploads\/2022\/06\/IMG_1125-scaled.jpg\",\"width\":2560,\"height\":1920},{\"@type\":\"BreadcrumbList\",\"@id\":\"https:\/\/www.eslebedasauto.at\/honda-hrv-test\/#breadcrumb\",\"itemListElement\":[{\"@type\":\"ListItem\",\"position\":1,\"name\":\"Startseite\",\"item\":\"https:\/\/www.eslebedasauto.at\/\"},{\"@type\":\"ListItem\",\"position\":2,\"name\":\"Honda HR-V. Hybrid &#8211; neu gedacht.\u00a0\"}]},{\"@type\":\"WebSite\",\"@id\":\"https:\/\/www.eslebedasauto.at\/#website\",\"url\":\"https:\/\/www.eslebedasauto.at\/\",\"name\":\"Es lebe das Auto\",\"description\":\"ein Hoch auf den Individualverkehr\",\"publisher\":{\"@id\":\"https:\/\/www.eslebedasauto.at\/#organization\"},\"potentialAction\":[{\"@type\":\"SearchAction\",\"target\":{\"@type\":\"EntryPoint\",\"urlTemplate\":\"https:\/\/www.eslebedasauto.at\/?s={search_term_string}\"},\"query-input\":{\"@type\":\"PropertyValueSpecification\",\"valueRequired\":true,\"valueName\":\"search_term_string\"}}],\"inLanguage\":\"it-IT\"},{\"@type\":\"Organization\",\"@id\":\"https:\/\/www.eslebedasauto.at\/#organization\",\"name\":\"eslebedasauto\",\"url\":\"https:\/\/www.eslebedasauto.at\/\",\"logo\":{\"@type\":\"ImageObject\",\"inLanguage\":\"it-IT\",\"@id\":\"https:\/\/www.eslebedasauto.at\/#\/schema\/logo\/image\/\",\"url\":\"https:\/\/www.eslebedasauto.at\/wp-content\/uploads\/2025\/10\/eldarund.png\",\"contentUrl\":\"https:\/\/www.eslebedasauto.at\/wp-content\/uploads\/2025\/10\/eldarund.png\",\"width\":1024,\"height\":1024,\"caption\":\"eslebedasauto\"},\"image\":{\"@id\":\"https:\/\/www.eslebedasauto.at\/#\/schema\/logo\/image\/\"},\"sameAs\":[\"https:\/\/www.facebook.com\/eslebedasauto.at\",\"https:\/\/www.instagram.com\/es_lebe_das_auto\/\"]},{\"@type\":\"Person\",\"@id\":\"https:\/\/www.eslebedasauto.at\/#\/schema\/person\/4ecfb7fe1eb40654e5370227118c3fc2\",\"name\":\"Juergen\",\"url\":\"https:\/\/www.eslebedasauto.at\/it\/author\/netzwerkkapitaene-og\/\"}]}<\/script>\n<!-- \/ Yoast SEO plugin. -->","yoast_head_json":{"title":"Honda HR-V. Hybrid - neu gedacht.\u00a0 - Es lebe das Auto","description":"Honda geht mit dem HR-V eigene Wege. Das funktioniert in vielen Bereichen sehr gut. Es gibt aber auch Situationen, die der HR-V nicht so mag.","robots":{"index":"index","follow":"follow","max-snippet":"max-snippet:-1","max-image-preview":"max-image-preview:large","max-video-preview":"max-video-preview:-1"},"canonical":"https:\/\/www.eslebedasauto.at\/it\/honda-hrv-test\/","og_locale":"it_IT","og_type":"article","og_title":"Honda HR-V. Hybrid - neu gedacht.\u00a0 - Es lebe das Auto","og_description":"Honda geht mit dem HR-V eigene Wege. Das funktioniert in vielen Bereichen sehr gut. Es gibt aber auch Situationen, die der HR-V nicht so mag.","og_url":"https:\/\/www.eslebedasauto.at\/it\/honda-hrv-test\/","og_site_name":"Es lebe das Auto","article_publisher":"https:\/\/www.facebook.com\/eslebedasauto.at","article_published_time":"2024-03-18T08:01:03+00:00","og_image":[{"width":2560,"height":1920,"url":"https:\/\/www.eslebedasauto.at\/wp-content\/uploads\/2022\/06\/IMG_1125-scaled.jpg","type":"image\/jpeg"}],"author":"Juergen","twitter_card":"summary_large_image","twitter_misc":{"Scritto da":"Juergen","Tempo di lettura stimato":"8 minuti"},"schema":{"@context":"https:\/\/schema.org","@graph":[{"@type":"Article","@id":"https:\/\/www.eslebedasauto.at\/honda-hrv-test\/#article","isPartOf":{"@id":"https:\/\/www.eslebedasauto.at\/honda-hrv-test\/"},"author":{"name":"Juergen","@id":"https:\/\/www.eslebedasauto.at\/#\/schema\/person\/4ecfb7fe1eb40654e5370227118c3fc2"},"headline":"Honda HR-V. Hybrid &#8211; neu gedacht.\u00a0","datePublished":"2024-03-18T08:01:03+00:00","mainEntityOfPage":{"@id":"https:\/\/www.eslebedasauto.at\/honda-hrv-test\/"},"wordCount":780,"commentCount":0,"publisher":{"@id":"https:\/\/www.eslebedasauto.at\/#organization"},"image":{"@id":"https:\/\/www.eslebedasauto.at\/honda-hrv-test\/#primaryimage"},"thumbnailUrl":"https:\/\/www.eslebedasauto.at\/wp-content\/uploads\/2022\/06\/IMG_1125-scaled.jpg","articleSection":["Fahrberichte","Hybrid"],"inLanguage":"it-IT","potentialAction":[{"@type":"CommentAction","name":"Comment","target":["https:\/\/www.eslebedasauto.at\/honda-hrv-test\/#respond"]}]},{"@type":"WebPage","@id":"https:\/\/www.eslebedasauto.at\/honda-hrv-test\/","url":"https:\/\/www.eslebedasauto.at\/honda-hrv-test\/","name":"Honda HR-V. Hybrid - neu gedacht.\u00a0 - Es lebe das Auto","isPartOf":{"@id":"https:\/\/www.eslebedasauto.at\/#website"},"primaryImageOfPage":{"@id":"https:\/\/www.eslebedasauto.at\/honda-hrv-test\/#primaryimage"},"image":{"@id":"https:\/\/www.eslebedasauto.at\/honda-hrv-test\/#primaryimage"},"thumbnailUrl":"https:\/\/www.eslebedasauto.at\/wp-content\/uploads\/2022\/06\/IMG_1125-scaled.jpg","datePublished":"2024-03-18T08:01:03+00:00","description":"Honda geht mit dem HR-V eigene Wege. Das funktioniert in vielen Bereichen sehr gut. Es gibt aber auch Situationen, die der HR-V nicht so mag.","breadcrumb":{"@id":"https:\/\/www.eslebedasauto.at\/honda-hrv-test\/#breadcrumb"},"inLanguage":"it-IT","potentialAction":[{"@type":"ReadAction","target":["https:\/\/www.eslebedasauto.at\/honda-hrv-test\/"]}]},{"@type":"ImageObject","inLanguage":"it-IT","@id":"https:\/\/www.eslebedasauto.at\/honda-hrv-test\/#primaryimage","url":"https:\/\/www.eslebedasauto.at\/wp-content\/uploads\/2022\/06\/IMG_1125-scaled.jpg","contentUrl":"https:\/\/www.eslebedasauto.at\/wp-content\/uploads\/2022\/06\/IMG_1125-scaled.jpg","width":2560,"height":1920},{"@type":"BreadcrumbList","@id":"https:\/\/www.eslebedasauto.at\/honda-hrv-test\/#breadcrumb","itemListElement":[{"@type":"ListItem","position":1,"name":"Startseite","item":"https:\/\/www.eslebedasauto.at\/"},{"@type":"ListItem","position":2,"name":"Honda HR-V. Hybrid &#8211; neu gedacht.\u00a0"}]},{"@type":"WebSite","@id":"https:\/\/www.eslebedasauto.at\/#website","url":"https:\/\/www.eslebedasauto.at\/","name":"Es lebe das Auto","description":"ein Hoch auf den Individualverkehr","publisher":{"@id":"https:\/\/www.eslebedasauto.at\/#organization"},"potentialAction":[{"@type":"SearchAction","target":{"@type":"EntryPoint","urlTemplate":"https:\/\/www.eslebedasauto.at\/?s={search_term_string}"},"query-input":{"@type":"PropertyValueSpecification","valueRequired":true,"valueName":"search_term_string"}}],"inLanguage":"it-IT"},{"@type":"Organization","@id":"https:\/\/www.eslebedasauto.at\/#organization","name":"eslebedasauto","url":"https:\/\/www.eslebedasauto.at\/","logo":{"@type":"ImageObject","inLanguage":"it-IT","@id":"https:\/\/www.eslebedasauto.at\/#\/schema\/logo\/image\/","url":"https:\/\/www.eslebedasauto.at\/wp-content\/uploads\/2025\/10\/eldarund.png","contentUrl":"https:\/\/www.eslebedasauto.at\/wp-content\/uploads\/2025\/10\/eldarund.png","width":1024,"height":1024,"caption":"eslebedasauto"},"image":{"@id":"https:\/\/www.eslebedasauto.at\/#\/schema\/logo\/image\/"},"sameAs":["https:\/\/www.facebook.com\/eslebedasauto.at","https:\/\/www.instagram.com\/es_lebe_das_auto\/"]},{"@type":"Person","@id":"https:\/\/www.eslebedasauto.at\/#\/schema\/person\/4ecfb7fe1eb40654e5370227118c3fc2","name":"Juergen","url":"https:\/\/www.eslebedasauto.at\/it\/author\/netzwerkkapitaene-og\/"}]}},"_links":{"self":[{"href":"https:\/\/www.eslebedasauto.at\/it\/wp-json\/wp\/v2\/posts\/89124","targetHints":{"allow":["GET"]}}],"collection":[{"href":"https:\/\/www.eslebedasauto.at\/it\/wp-json\/wp\/v2\/posts"}],"about":[{"href":"https:\/\/www.eslebedasauto.at\/it\/wp-json\/wp\/v2\/types\/post"}],"author":[{"embeddable":true,"href":"https:\/\/www.eslebedasauto.at\/it\/wp-json\/wp\/v2\/users\/1"}],"replies":[{"embeddable":true,"href":"https:\/\/www.eslebedasauto.at\/it\/wp-json\/wp\/v2\/comments?post=89124"}],"version-history":[{"count":5,"href":"https:\/\/www.eslebedasauto.at\/it\/wp-json\/wp\/v2\/posts\/89124\/revisions"}],"predecessor-version":[{"id":89204,"href":"https:\/\/www.eslebedasauto.at\/it\/wp-json\/wp\/v2\/posts\/89124\/revisions\/89204"}],"wp:featuredmedia":[{"embeddable":true,"href":"https:\/\/www.eslebedasauto.at\/it\/wp-json\/wp\/v2\/media\/89192"}],"wp:attachment":[{"href":"https:\/\/www.eslebedasauto.at\/it\/wp-json\/wp\/v2\/media?parent=89124"}],"wp:term":[{"taxonomy":"category","embeddable":true,"href":"https:\/\/www.eslebedasauto.at\/it\/wp-json\/wp\/v2\/categories?post=89124"},{"taxonomy":"post_tag","embeddable":true,"href":"https:\/\/www.eslebedasauto.at\/it\/wp-json\/wp\/v2\/tags?post=89124"}],"curies":[{"name":"wp","href":"https:\/\/api.w.org\/{rel}","templated":true}]}}