{"id":88960,"date":"2024-03-18T09:01:04","date_gmt":"2024-03-18T08:01:04","guid":{"rendered":"https:\/\/www.eslebedasauto.at\/?p=88960"},"modified":"2024-03-18T09:01:04","modified_gmt":"2024-03-18T08:01:04","slug":"flotter-achter","status":"publish","type":"post","link":"https:\/\/www.eslebedasauto.at\/it\/flotter-achter\/","title":{"rendered":"Flotter Achter"},"content":{"rendered":"<h4 id=\"land-rover-erweitert-sein-modellprogramm-um-den-defender-130-verbarg-sich-dahinter-fruher-die-ausfuhrung-mit-doppelkabine-und-pritsche-mutiert-die-langversion-in-der-neuzeit-zum-achtsitzer\" class=\"wp-block-heading\">Land Rover erweitert sein Modellprogramm um den Defender 130. Verbarg sich dahinter fr\u00fcher die Ausf\u00fchrung mit Doppelkabine und Pritsche mutiert die Langversion in der Neuzeit zum Achtsitzer. <\/h4>\n\n\n\n<p>Das neue Modell ist satte 34 Zentimeter l\u00e4nger als der Defender 110 und bietet bei umgeklappten Sitzen ein maximales Ladevolumen von 2516 Litern. Die drei zus\u00e4tzlichen Pl\u00e4tze in Reihe drei sind laut Land Rover \u201evollwertige Sitze\u201c. <\/p>\n\n\n\n<figure class=\"wp-block-image size-large\"><img fetchpriority=\"high\" decoding=\"async\" width=\"1024\" height=\"588\" src=\"https:\/\/www.eslebedasauto.at\/wp-content\/uploads\/2022\/06\/ampnet_photo_20220531_210800-1024x588.jpg\" alt=\"\" class=\"wp-image-88964\" srcset=\"https:\/\/www.eslebedasauto.at\/wp-content\/uploads\/2022\/06\/ampnet_photo_20220531_210800-1024x588.jpg 1024w, https:\/\/www.eslebedasauto.at\/wp-content\/uploads\/2022\/06\/ampnet_photo_20220531_210800-300x172.jpg 300w, https:\/\/www.eslebedasauto.at\/wp-content\/uploads\/2022\/06\/ampnet_photo_20220531_210800-768x441.jpg 768w, https:\/\/www.eslebedasauto.at\/wp-content\/uploads\/2022\/06\/ampnet_photo_20220531_210800-1536x883.jpg 1536w, https:\/\/www.eslebedasauto.at\/wp-content\/uploads\/2022\/06\/ampnet_photo_20220531_210800-2048x1177.jpg 2048w, https:\/\/www.eslebedasauto.at\/wp-content\/uploads\/2022\/06\/ampnet_photo_20220531_210800-800x460.jpg 800w, https:\/\/www.eslebedasauto.at\/wp-content\/uploads\/2022\/06\/ampnet_photo_20220531_210800-1160x667.jpg 1160w\" sizes=\"(max-width: 1024px) 100vw, 1024px\" \/><\/figure>\n\n\n\n<p>Zum Marktstart gibt es eine umfangreich ausgestattete \u201eFirst Edition\u201c. Aus Anlass des Platin-Thronjubil\u00e4ums von K\u00f6nigin Elisabeth II. stiftet Land Rover au\u00dferdem einen speziellen Defender 130 f\u00fcr das Britische Rote Kreuz.<\/p>\n\n\n\n<figure class=\"wp-block-image size-large\"><img decoding=\"async\" width=\"1024\" height=\"677\" src=\"https:\/\/www.eslebedasauto.at\/wp-content\/uploads\/2022\/06\/ampnet_photo_20220531_210797-1024x677.jpg\" alt=\"\" class=\"wp-image-88965\" srcset=\"https:\/\/www.eslebedasauto.at\/wp-content\/uploads\/2022\/06\/ampnet_photo_20220531_210797-1024x677.jpg 1024w, https:\/\/www.eslebedasauto.at\/wp-content\/uploads\/2022\/06\/ampnet_photo_20220531_210797-300x198.jpg 300w, https:\/\/www.eslebedasauto.at\/wp-content\/uploads\/2022\/06\/ampnet_photo_20220531_210797-768x508.jpg 768w, https:\/\/www.eslebedasauto.at\/wp-content\/uploads\/2022\/06\/ampnet_photo_20220531_210797-1536x1016.jpg 1536w, https:\/\/www.eslebedasauto.at\/wp-content\/uploads\/2022\/06\/ampnet_photo_20220531_210797-2048x1355.jpg 2048w, https:\/\/www.eslebedasauto.at\/wp-content\/uploads\/2022\/06\/ampnet_photo_20220531_210797-800x529.jpg 800w, https:\/\/www.eslebedasauto.at\/wp-content\/uploads\/2022\/06\/ampnet_photo_20220531_210797-1160x767.jpg 1160w\" sizes=\"(max-width: 1024px) 100vw, 1024px\" \/><\/figure>\n\n\n\n<p>Der Land Rover Defender 130 kann ab sofort bestellt werden.<\/p>","protected":false},"excerpt":{"rendered":"<p>Der Land Rover Defender wird dank l\u00e4ngerer Karosserie fast zum Mini-Van, beh\u00e4lt aber seine Gel\u00e4ndekompetenz vollumf\u00e4nglich.<\/p>","protected":false},"author":2,"featured_media":88961,"comment_status":"open","ping_status":"open","sticky":false,"template":"","format":"standard","meta":{"neve_meta_sidebar":"","neve_meta_container":"","neve_meta_enable_content_width":"","neve_meta_content_width":0,"neve_meta_title_alignment":"","neve_meta_author_avatar":"","neve_post_elements_order":"","neve_meta_disable_header":"","neve_meta_disable_footer":"","neve_meta_disable_title":"","neve_meta_reading_time":"","footnotes":""},"categories":[598],"tags":[],"class_list":["post-88960","post","type-post","status-publish","format-standard","has-post-thumbnail","hentry","category-shortmotornews"],"yoast_head":"<!-- This site is optimized with the Yoast SEO plugin v26.8 - https:\/\/yoast.com\/product\/yoast-seo-wordpress\/ -->\n<title>Flotter Achter - Es lebe das Auto<\/title>\n<meta name=\"description\" content=\"Der Land Rover Defender wird dank l\u00e4ngerer Karosserie fast zum Mini-Van, beh\u00e4lt aber seine Gel\u00e4ndekompetenz vollumf\u00e4nglich.\" \/>\n<meta name=\"robots\" content=\"index, follow, max-snippet:-1, max-image-preview:large, max-video-preview:-1\" \/>\n<link rel=\"canonical\" href=\"https:\/\/www.eslebedasauto.at\/it\/flotter-achter\/\" \/>\n<meta property=\"og:locale\" content=\"it_IT\" \/>\n<meta property=\"og:type\" content=\"article\" \/>\n<meta property=\"og:title\" content=\"Flotter Achter - Es lebe das Auto\" \/>\n<meta property=\"og:description\" content=\"Der Land Rover Defender wird dank l\u00e4ngerer Karosserie fast zum Mini-Van, beh\u00e4lt aber seine Gel\u00e4ndekompetenz vollumf\u00e4nglich.\" \/>\n<meta property=\"og:url\" content=\"https:\/\/www.eslebedasauto.at\/it\/flotter-achter\/\" \/>\n<meta property=\"og:site_name\" content=\"Es lebe das Auto\" \/>\n<meta property=\"article:publisher\" content=\"https:\/\/www.facebook.com\/eslebedasauto.at\" \/>\n<meta property=\"article:published_time\" content=\"2024-03-18T08:01:04+00:00\" \/>\n<meta property=\"og:image\" content=\"https:\/\/www.eslebedasauto.at\/wp-content\/uploads\/2022\/06\/ampnet_photo_20220531_210794.jpg\" \/>\n\t<meta property=\"og:image:width\" content=\"2508\" \/>\n\t<meta property=\"og:image:height\" content=\"1672\" \/>\n\t<meta property=\"og:image:type\" content=\"image\/jpeg\" \/>\n<meta name=\"author\" content=\"gerhard\" \/>\n<meta name=\"twitter:card\" content=\"summary_large_image\" \/>\n<meta name=\"twitter:label1\" content=\"Scritto da\" \/>\n\t<meta name=\"twitter:data1\" content=\"gerhard\" \/>\n\t<meta name=\"twitter:label2\" content=\"Tempo di lettura stimato\" \/>\n\t<meta name=\"twitter:data2\" content=\"1 minuto\" \/>\n<script type=\"application\/ld+json\" class=\"yoast-schema-graph\">{\"@context\":\"https:\/\/schema.org\",\"@graph\":[{\"@type\":\"Article\",\"@id\":\"https:\/\/www.eslebedasauto.at\/flotter-achter\/#article\",\"isPartOf\":{\"@id\":\"https:\/\/www.eslebedasauto.at\/flotter-achter\/\"},\"author\":{\"name\":\"gerhard\",\"@id\":\"https:\/\/www.eslebedasauto.at\/#\/schema\/person\/fb81218b0bed500d225ff518f9f17033\"},\"headline\":\"Flotter Achter\",\"datePublished\":\"2024-03-18T08:01:04+00:00\",\"mainEntityOfPage\":{\"@id\":\"https:\/\/www.eslebedasauto.at\/flotter-achter\/\"},\"wordCount\":108,\"commentCount\":0,\"publisher\":{\"@id\":\"https:\/\/www.eslebedasauto.at\/#organization\"},\"image\":{\"@id\":\"https:\/\/www.eslebedasauto.at\/flotter-achter\/#primaryimage\"},\"thumbnailUrl\":\"https:\/\/www.eslebedasauto.at\/wp-content\/uploads\/2022\/06\/ampnet_photo_20220531_210794.jpg\",\"articleSection\":[\"Shortmotornews\"],\"inLanguage\":\"it-IT\",\"potentialAction\":[{\"@type\":\"CommentAction\",\"name\":\"Comment\",\"target\":[\"https:\/\/www.eslebedasauto.at\/flotter-achter\/#respond\"]}]},{\"@type\":\"WebPage\",\"@id\":\"https:\/\/www.eslebedasauto.at\/flotter-achter\/\",\"url\":\"https:\/\/www.eslebedasauto.at\/flotter-achter\/\",\"name\":\"Flotter Achter - Es lebe das Auto\",\"isPartOf\":{\"@id\":\"https:\/\/www.eslebedasauto.at\/#website\"},\"primaryImageOfPage\":{\"@id\":\"https:\/\/www.eslebedasauto.at\/flotter-achter\/#primaryimage\"},\"image\":{\"@id\":\"https:\/\/www.eslebedasauto.at\/flotter-achter\/#primaryimage\"},\"thumbnailUrl\":\"https:\/\/www.eslebedasauto.at\/wp-content\/uploads\/2022\/06\/ampnet_photo_20220531_210794.jpg\",\"datePublished\":\"2024-03-18T08:01:04+00:00\",\"description\":\"Der Land Rover Defender wird dank l\u00e4ngerer Karosserie fast zum Mini-Van, beh\u00e4lt aber seine Gel\u00e4ndekompetenz vollumf\u00e4nglich.\",\"breadcrumb\":{\"@id\":\"https:\/\/www.eslebedasauto.at\/flotter-achter\/#breadcrumb\"},\"inLanguage\":\"it-IT\",\"potentialAction\":[{\"@type\":\"ReadAction\",\"target\":[\"https:\/\/www.eslebedasauto.at\/flotter-achter\/\"]}]},{\"@type\":\"ImageObject\",\"inLanguage\":\"it-IT\",\"@id\":\"https:\/\/www.eslebedasauto.at\/flotter-achter\/#primaryimage\",\"url\":\"https:\/\/www.eslebedasauto.at\/wp-content\/uploads\/2022\/06\/ampnet_photo_20220531_210794.jpg\",\"contentUrl\":\"https:\/\/www.eslebedasauto.at\/wp-content\/uploads\/2022\/06\/ampnet_photo_20220531_210794.jpg\",\"width\":2508,\"height\":1672},{\"@type\":\"BreadcrumbList\",\"@id\":\"https:\/\/www.eslebedasauto.at\/flotter-achter\/#breadcrumb\",\"itemListElement\":[{\"@type\":\"ListItem\",\"position\":1,\"name\":\"Startseite\",\"item\":\"https:\/\/www.eslebedasauto.at\/\"},{\"@type\":\"ListItem\",\"position\":2,\"name\":\"Flotter Achter\"}]},{\"@type\":\"WebSite\",\"@id\":\"https:\/\/www.eslebedasauto.at\/#website\",\"url\":\"https:\/\/www.eslebedasauto.at\/\",\"name\":\"Es lebe das Auto\",\"description\":\"ein Hoch auf den Individualverkehr\",\"publisher\":{\"@id\":\"https:\/\/www.eslebedasauto.at\/#organization\"},\"potentialAction\":[{\"@type\":\"SearchAction\",\"target\":{\"@type\":\"EntryPoint\",\"urlTemplate\":\"https:\/\/www.eslebedasauto.at\/?s={search_term_string}\"},\"query-input\":{\"@type\":\"PropertyValueSpecification\",\"valueRequired\":true,\"valueName\":\"search_term_string\"}}],\"inLanguage\":\"it-IT\"},{\"@type\":\"Organization\",\"@id\":\"https:\/\/www.eslebedasauto.at\/#organization\",\"name\":\"eslebedasauto\",\"url\":\"https:\/\/www.eslebedasauto.at\/\",\"logo\":{\"@type\":\"ImageObject\",\"inLanguage\":\"it-IT\",\"@id\":\"https:\/\/www.eslebedasauto.at\/#\/schema\/logo\/image\/\",\"url\":\"https:\/\/www.eslebedasauto.at\/wp-content\/uploads\/2025\/10\/eldarund.png\",\"contentUrl\":\"https:\/\/www.eslebedasauto.at\/wp-content\/uploads\/2025\/10\/eldarund.png\",\"width\":1024,\"height\":1024,\"caption\":\"eslebedasauto\"},\"image\":{\"@id\":\"https:\/\/www.eslebedasauto.at\/#\/schema\/logo\/image\/\"},\"sameAs\":[\"https:\/\/www.facebook.com\/eslebedasauto.at\",\"https:\/\/www.instagram.com\/es_lebe_das_auto\/\"]},{\"@type\":\"Person\",\"@id\":\"https:\/\/www.eslebedasauto.at\/#\/schema\/person\/fb81218b0bed500d225ff518f9f17033\",\"name\":\"gerhard\",\"url\":\"https:\/\/www.eslebedasauto.at\/it\/author\/gerhard\/\"}]}<\/script>\n<!-- \/ Yoast SEO plugin. -->","yoast_head_json":{"title":"Flotter Achter - Es lebe das Auto","description":"Der Land Rover Defender wird dank l\u00e4ngerer Karosserie fast zum Mini-Van, beh\u00e4lt aber seine Gel\u00e4ndekompetenz vollumf\u00e4nglich.","robots":{"index":"index","follow":"follow","max-snippet":"max-snippet:-1","max-image-preview":"max-image-preview:large","max-video-preview":"max-video-preview:-1"},"canonical":"https:\/\/www.eslebedasauto.at\/it\/flotter-achter\/","og_locale":"it_IT","og_type":"article","og_title":"Flotter Achter - Es lebe das Auto","og_description":"Der Land Rover Defender wird dank l\u00e4ngerer Karosserie fast zum Mini-Van, beh\u00e4lt aber seine Gel\u00e4ndekompetenz vollumf\u00e4nglich.","og_url":"https:\/\/www.eslebedasauto.at\/it\/flotter-achter\/","og_site_name":"Es lebe das Auto","article_publisher":"https:\/\/www.facebook.com\/eslebedasauto.at","article_published_time":"2024-03-18T08:01:04+00:00","og_image":[{"width":2508,"height":1672,"url":"https:\/\/www.eslebedasauto.at\/wp-content\/uploads\/2022\/06\/ampnet_photo_20220531_210794.jpg","type":"image\/jpeg"}],"author":"gerhard","twitter_card":"summary_large_image","twitter_misc":{"Scritto da":"gerhard","Tempo di lettura stimato":"1 minuto"},"schema":{"@context":"https:\/\/schema.org","@graph":[{"@type":"Article","@id":"https:\/\/www.eslebedasauto.at\/flotter-achter\/#article","isPartOf":{"@id":"https:\/\/www.eslebedasauto.at\/flotter-achter\/"},"author":{"name":"gerhard","@id":"https:\/\/www.eslebedasauto.at\/#\/schema\/person\/fb81218b0bed500d225ff518f9f17033"},"headline":"Flotter Achter","datePublished":"2024-03-18T08:01:04+00:00","mainEntityOfPage":{"@id":"https:\/\/www.eslebedasauto.at\/flotter-achter\/"},"wordCount":108,"commentCount":0,"publisher":{"@id":"https:\/\/www.eslebedasauto.at\/#organization"},"image":{"@id":"https:\/\/www.eslebedasauto.at\/flotter-achter\/#primaryimage"},"thumbnailUrl":"https:\/\/www.eslebedasauto.at\/wp-content\/uploads\/2022\/06\/ampnet_photo_20220531_210794.jpg","articleSection":["Shortmotornews"],"inLanguage":"it-IT","potentialAction":[{"@type":"CommentAction","name":"Comment","target":["https:\/\/www.eslebedasauto.at\/flotter-achter\/#respond"]}]},{"@type":"WebPage","@id":"https:\/\/www.eslebedasauto.at\/flotter-achter\/","url":"https:\/\/www.eslebedasauto.at\/flotter-achter\/","name":"Flotter Achter - Es lebe das Auto","isPartOf":{"@id":"https:\/\/www.eslebedasauto.at\/#website"},"primaryImageOfPage":{"@id":"https:\/\/www.eslebedasauto.at\/flotter-achter\/#primaryimage"},"image":{"@id":"https:\/\/www.eslebedasauto.at\/flotter-achter\/#primaryimage"},"thumbnailUrl":"https:\/\/www.eslebedasauto.at\/wp-content\/uploads\/2022\/06\/ampnet_photo_20220531_210794.jpg","datePublished":"2024-03-18T08:01:04+00:00","description":"Der Land Rover Defender wird dank l\u00e4ngerer Karosserie fast zum Mini-Van, beh\u00e4lt aber seine Gel\u00e4ndekompetenz vollumf\u00e4nglich.","breadcrumb":{"@id":"https:\/\/www.eslebedasauto.at\/flotter-achter\/#breadcrumb"},"inLanguage":"it-IT","potentialAction":[{"@type":"ReadAction","target":["https:\/\/www.eslebedasauto.at\/flotter-achter\/"]}]},{"@type":"ImageObject","inLanguage":"it-IT","@id":"https:\/\/www.eslebedasauto.at\/flotter-achter\/#primaryimage","url":"https:\/\/www.eslebedasauto.at\/wp-content\/uploads\/2022\/06\/ampnet_photo_20220531_210794.jpg","contentUrl":"https:\/\/www.eslebedasauto.at\/wp-content\/uploads\/2022\/06\/ampnet_photo_20220531_210794.jpg","width":2508,"height":1672},{"@type":"BreadcrumbList","@id":"https:\/\/www.eslebedasauto.at\/flotter-achter\/#breadcrumb","itemListElement":[{"@type":"ListItem","position":1,"name":"Startseite","item":"https:\/\/www.eslebedasauto.at\/"},{"@type":"ListItem","position":2,"name":"Flotter Achter"}]},{"@type":"WebSite","@id":"https:\/\/www.eslebedasauto.at\/#website","url":"https:\/\/www.eslebedasauto.at\/","name":"Es lebe das Auto","description":"ein Hoch auf den Individualverkehr","publisher":{"@id":"https:\/\/www.eslebedasauto.at\/#organization"},"potentialAction":[{"@type":"SearchAction","target":{"@type":"EntryPoint","urlTemplate":"https:\/\/www.eslebedasauto.at\/?s={search_term_string}"},"query-input":{"@type":"PropertyValueSpecification","valueRequired":true,"valueName":"search_term_string"}}],"inLanguage":"it-IT"},{"@type":"Organization","@id":"https:\/\/www.eslebedasauto.at\/#organization","name":"eslebedasauto","url":"https:\/\/www.eslebedasauto.at\/","logo":{"@type":"ImageObject","inLanguage":"it-IT","@id":"https:\/\/www.eslebedasauto.at\/#\/schema\/logo\/image\/","url":"https:\/\/www.eslebedasauto.at\/wp-content\/uploads\/2025\/10\/eldarund.png","contentUrl":"https:\/\/www.eslebedasauto.at\/wp-content\/uploads\/2025\/10\/eldarund.png","width":1024,"height":1024,"caption":"eslebedasauto"},"image":{"@id":"https:\/\/www.eslebedasauto.at\/#\/schema\/logo\/image\/"},"sameAs":["https:\/\/www.facebook.com\/eslebedasauto.at","https:\/\/www.instagram.com\/es_lebe_das_auto\/"]},{"@type":"Person","@id":"https:\/\/www.eslebedasauto.at\/#\/schema\/person\/fb81218b0bed500d225ff518f9f17033","name":"gerhard","url":"https:\/\/www.eslebedasauto.at\/it\/author\/gerhard\/"}]}},"_links":{"self":[{"href":"https:\/\/www.eslebedasauto.at\/it\/wp-json\/wp\/v2\/posts\/88960","targetHints":{"allow":["GET"]}}],"collection":[{"href":"https:\/\/www.eslebedasauto.at\/it\/wp-json\/wp\/v2\/posts"}],"about":[{"href":"https:\/\/www.eslebedasauto.at\/it\/wp-json\/wp\/v2\/types\/post"}],"author":[{"embeddable":true,"href":"https:\/\/www.eslebedasauto.at\/it\/wp-json\/wp\/v2\/users\/2"}],"replies":[{"embeddable":true,"href":"https:\/\/www.eslebedasauto.at\/it\/wp-json\/wp\/v2\/comments?post=88960"}],"version-history":[{"count":3,"href":"https:\/\/www.eslebedasauto.at\/it\/wp-json\/wp\/v2\/posts\/88960\/revisions"}],"predecessor-version":[{"id":88966,"href":"https:\/\/www.eslebedasauto.at\/it\/wp-json\/wp\/v2\/posts\/88960\/revisions\/88966"}],"wp:featuredmedia":[{"embeddable":true,"href":"https:\/\/www.eslebedasauto.at\/it\/wp-json\/wp\/v2\/media\/88961"}],"wp:attachment":[{"href":"https:\/\/www.eslebedasauto.at\/it\/wp-json\/wp\/v2\/media?parent=88960"}],"wp:term":[{"taxonomy":"category","embeddable":true,"href":"https:\/\/www.eslebedasauto.at\/it\/wp-json\/wp\/v2\/categories?post=88960"},{"taxonomy":"post_tag","embeddable":true,"href":"https:\/\/www.eslebedasauto.at\/it\/wp-json\/wp\/v2\/tags?post=88960"}],"curies":[{"name":"wp","href":"https:\/\/api.w.org\/{rel}","templated":true}]}}