{"id":88753,"date":"2023-11-08T07:11:00","date_gmt":"2023-11-08T06:11:00","guid":{"rendered":"https:\/\/www.eslebedasauto.at\/?p=88753"},"modified":"2023-11-06T16:55:29","modified_gmt":"2023-11-06T15:55:29","slug":"toyota-proace-city-verso-ev-test","status":"publish","type":"post","link":"https:\/\/www.eslebedasauto.at\/it\/toyota-proace-city-verso-ev-test\/","title":{"rendered":"Herbstzeit ist Elektrozeit."},"content":{"rendered":"<h4 id=\"im-herbst-leben-e-mobilfahrer-so-richtig-auf-auch-der-vollelektrische-toyota-proace-city-verso-ev-spielt-dann-seine-starken-so-richtig-aus\" class=\"wp-block-heading\">Im Herbst leben E-Mobilfahrer so richtig auf. Auch der vollelektrische Toyota Proace City Verso EV spielt dann seine St\u00e4rken so richtig aus.<\/h4>\n\n\n\n<figure class=\"wp-block-image size-large\"><img fetchpriority=\"high\" decoding=\"async\" width=\"1024\" height=\"768\" src=\"https:\/\/www.eslebedasauto.at\/wp-content\/uploads\/2023\/11\/IMG_5942-1024x768.jpg\" alt=\"\" class=\"wp-image-93884\" srcset=\"https:\/\/www.eslebedasauto.at\/wp-content\/uploads\/2023\/11\/IMG_5942-1024x768.jpg 1024w, https:\/\/www.eslebedasauto.at\/wp-content\/uploads\/2023\/11\/IMG_5942-300x225.jpg 300w, https:\/\/www.eslebedasauto.at\/wp-content\/uploads\/2023\/11\/IMG_5942-768x576.jpg 768w, https:\/\/www.eslebedasauto.at\/wp-content\/uploads\/2023\/11\/IMG_5942-1536x1152.jpg 1536w, https:\/\/www.eslebedasauto.at\/wp-content\/uploads\/2023\/11\/IMG_5942-2048x1536.jpg 2048w, https:\/\/www.eslebedasauto.at\/wp-content\/uploads\/2023\/11\/IMG_5942-800x600.jpg 800w, https:\/\/www.eslebedasauto.at\/wp-content\/uploads\/2023\/11\/IMG_5942-1160x870.jpg 1160w\" sizes=\"(max-width: 1024px) 100vw, 1024px\" \/><\/figure>\n\n\n\n<p>Warum das so ist? Ganz einfach: Extreme K\u00e4lte oder Hitze mag die Batterie nicht. Au\u00dferdem wird dann der energieintensive Einsatz von Heizung oder Klimatisierung notwendig &#8211; im Herbst, vor allem, wenn er so mild ausf\u00e4llt wie heuer, kann man sich das meistens sparen und erntet daf\u00fcr zu Reichweite.<\/p>\n\n\n\n<figure class=\"wp-block-image size-large\"><img decoding=\"async\" width=\"1024\" height=\"768\" src=\"https:\/\/www.eslebedasauto.at\/wp-content\/uploads\/2023\/11\/IMG_5923-1024x768.jpg\" alt=\"\" class=\"wp-image-93873\" srcset=\"https:\/\/www.eslebedasauto.at\/wp-content\/uploads\/2023\/11\/IMG_5923-1024x768.jpg 1024w, https:\/\/www.eslebedasauto.at\/wp-content\/uploads\/2023\/11\/IMG_5923-300x225.jpg 300w, https:\/\/www.eslebedasauto.at\/wp-content\/uploads\/2023\/11\/IMG_5923-768x576.jpg 768w, https:\/\/www.eslebedasauto.at\/wp-content\/uploads\/2023\/11\/IMG_5923-1536x1152.jpg 1536w, https:\/\/www.eslebedasauto.at\/wp-content\/uploads\/2023\/11\/IMG_5923-2048x1536.jpg 2048w, https:\/\/www.eslebedasauto.at\/wp-content\/uploads\/2023\/11\/IMG_5923-800x600.jpg 800w, https:\/\/www.eslebedasauto.at\/wp-content\/uploads\/2023\/11\/IMG_5923-1160x870.jpg 1160w\" sizes=\"(max-width: 1024px) 100vw, 1024px\" \/><\/figure>\n\n\n\n<p>Toyota treibt die Elektrifizierung seiner Modellpalette stetig voran. Auch den Proace City hat\u00b4s erwischt. Er wird in zwei L\u00e4ngen und mit bis zu sieben Sitzen mit der aus dem Stellantis-Konzern verwendeten Antriebskombination mit 136 PS starkem Elektromotor und 50 kWh-Batterie angeboten. <\/p>\n\n\n\n<figure class=\"wp-block-gallery has-nested-images columns-default is-cropped wp-block-gallery-1 is-layout-flex wp-block-gallery-is-layout-flex\">\n<figure class=\"wp-block-image size-large\"><img decoding=\"async\" width=\"768\" height=\"1024\" data-id=\"93876\" src=\"https:\/\/www.eslebedasauto.at\/wp-content\/uploads\/2023\/11\/IMG_5929-768x1024.jpg\" alt=\"\" class=\"wp-image-93876\" srcset=\"https:\/\/www.eslebedasauto.at\/wp-content\/uploads\/2023\/11\/IMG_5929-768x1024.jpg 768w, https:\/\/www.eslebedasauto.at\/wp-content\/uploads\/2023\/11\/IMG_5929-225x300.jpg 225w, https:\/\/www.eslebedasauto.at\/wp-content\/uploads\/2023\/11\/IMG_5929-1152x1536.jpg 1152w, https:\/\/www.eslebedasauto.at\/wp-content\/uploads\/2023\/11\/IMG_5929-1536x2048.jpg 1536w, https:\/\/www.eslebedasauto.at\/wp-content\/uploads\/2023\/11\/IMG_5929-800x1067.jpg 800w, https:\/\/www.eslebedasauto.at\/wp-content\/uploads\/2023\/11\/IMG_5929-1160x1547.jpg 1160w, https:\/\/www.eslebedasauto.at\/wp-content\/uploads\/2023\/11\/IMG_5929-scaled.jpg 1920w\" sizes=\"(max-width: 768px) 100vw, 768px\" \/><\/figure>\n\n\n\n<figure class=\"wp-block-image size-large\"><img loading=\"lazy\" decoding=\"async\" width=\"768\" height=\"1024\" data-id=\"93879\" src=\"https:\/\/www.eslebedasauto.at\/wp-content\/uploads\/2023\/11\/IMG_5932-768x1024.jpg\" alt=\"\" class=\"wp-image-93879\" srcset=\"https:\/\/www.eslebedasauto.at\/wp-content\/uploads\/2023\/11\/IMG_5932-768x1024.jpg 768w, https:\/\/www.eslebedasauto.at\/wp-content\/uploads\/2023\/11\/IMG_5932-225x300.jpg 225w, https:\/\/www.eslebedasauto.at\/wp-content\/uploads\/2023\/11\/IMG_5932-1152x1536.jpg 1152w, https:\/\/www.eslebedasauto.at\/wp-content\/uploads\/2023\/11\/IMG_5932-1536x2048.jpg 1536w, https:\/\/www.eslebedasauto.at\/wp-content\/uploads\/2023\/11\/IMG_5932-800x1067.jpg 800w, https:\/\/www.eslebedasauto.at\/wp-content\/uploads\/2023\/11\/IMG_5932-1160x1547.jpg 1160w, https:\/\/www.eslebedasauto.at\/wp-content\/uploads\/2023\/11\/IMG_5932-scaled.jpg 1920w\" sizes=\"(max-width: 768px) 100vw, 768px\" \/><\/figure>\n\n\n\n<figure class=\"wp-block-image size-large\"><img loading=\"lazy\" decoding=\"async\" width=\"768\" height=\"1024\" data-id=\"93889\" src=\"https:\/\/www.eslebedasauto.at\/wp-content\/uploads\/2023\/11\/IMG_5950-768x1024.jpg\" alt=\"\" class=\"wp-image-93889\" srcset=\"https:\/\/www.eslebedasauto.at\/wp-content\/uploads\/2023\/11\/IMG_5950-768x1024.jpg 768w, https:\/\/www.eslebedasauto.at\/wp-content\/uploads\/2023\/11\/IMG_5950-225x300.jpg 225w, https:\/\/www.eslebedasauto.at\/wp-content\/uploads\/2023\/11\/IMG_5950-1152x1536.jpg 1152w, https:\/\/www.eslebedasauto.at\/wp-content\/uploads\/2023\/11\/IMG_5950-1536x2048.jpg 1536w, https:\/\/www.eslebedasauto.at\/wp-content\/uploads\/2023\/11\/IMG_5950-800x1067.jpg 800w, https:\/\/www.eslebedasauto.at\/wp-content\/uploads\/2023\/11\/IMG_5950-1160x1547.jpg 1160w, https:\/\/www.eslebedasauto.at\/wp-content\/uploads\/2023\/11\/IMG_5950-scaled.jpg 1920w\" sizes=\"(max-width: 768px) 100vw, 768px\" \/><\/figure>\n<\/figure>\n\n\n\n<h4 id=\"auf-den-ersten-blick-erkennt-man-den-toyota-nur-am-schriftzug-und-dem-grunen-kennzeichen-in-osterreich\" class=\"wp-block-heading\">Auf den ersten Blick erkennt man den Toyota nur am Schriftzug und dem gr\u00fcnen Kennzeichen in \u00d6sterreich. <\/h4>\n\n\n\n<p>Ansonsten ist er ganz der Alte geblieben, was Optik, Praktikabilit\u00e4t und Fahrverhalten betrifft. Die Praktikabilit\u00e4t, sprich das Platzangebot und die Belad- und Bedienbarkeit des Japaners blieben unangetastet. Die Kastenform des Hecks schreit nach Ladung und eine Vielzahl an Ablagen wollen erst einmal bef\u00fcllt werden. <\/p>\n\n\n\n<figure class=\"wp-block-image size-large\"><img loading=\"lazy\" decoding=\"async\" width=\"768\" height=\"1024\" src=\"https:\/\/www.eslebedasauto.at\/wp-content\/uploads\/2023\/11\/IMG_5947-768x1024.jpg\" alt=\"\" class=\"wp-image-93888\" srcset=\"https:\/\/www.eslebedasauto.at\/wp-content\/uploads\/2023\/11\/IMG_5947-768x1024.jpg 768w, https:\/\/www.eslebedasauto.at\/wp-content\/uploads\/2023\/11\/IMG_5947-225x300.jpg 225w, https:\/\/www.eslebedasauto.at\/wp-content\/uploads\/2023\/11\/IMG_5947-1152x1536.jpg 1152w, https:\/\/www.eslebedasauto.at\/wp-content\/uploads\/2023\/11\/IMG_5947-1536x2048.jpg 1536w, https:\/\/www.eslebedasauto.at\/wp-content\/uploads\/2023\/11\/IMG_5947-800x1067.jpg 800w, https:\/\/www.eslebedasauto.at\/wp-content\/uploads\/2023\/11\/IMG_5947-1160x1547.jpg 1160w, https:\/\/www.eslebedasauto.at\/wp-content\/uploads\/2023\/11\/IMG_5947-scaled.jpg 1920w\" sizes=\"(max-width: 768px) 100vw, 768px\" \/><\/figure>\n\n\n\n<p>Die Bedienbarkeit ist Toyota-typisch top. Eine praktische Mischung aus Touchscreen- und Tastenbedienung sorgt f\u00fcr friktionsfreie Usability. Sieht man vom Wegfall des Verbrennungsger\u00e4usches ab, so ist auch das Fahrgef\u00fchl weitgehend gleich geblieben. Der E-Motor bef\u00f6rdert den Verso anst\u00e4ndig vorw\u00e4rts &#8211; in der City wird man wohl kaum den POWER-Mode brauchen, der die vollen 100 kW zur Verf\u00fcgung stellt. Den w\u00e4hlt man dann bei Vollbeladung oder wenn man\u00b4s mal etwas eiliger hat. F\u00fcr den Alltag reicht NORMAL oder sogar ECO v\u00f6llig aus.<\/p>\n\n\n\n<figure class=\"wp-block-gallery has-nested-images columns-default is-cropped wp-block-gallery-2 is-layout-flex wp-block-gallery-is-layout-flex\">\n<figure class=\"wp-block-image size-large\"><img loading=\"lazy\" decoding=\"async\" width=\"768\" height=\"1024\" data-id=\"93887\" src=\"https:\/\/www.eslebedasauto.at\/wp-content\/uploads\/2023\/11\/IMG_5946-768x1024.jpg\" alt=\"\" class=\"wp-image-93887\" srcset=\"https:\/\/www.eslebedasauto.at\/wp-content\/uploads\/2023\/11\/IMG_5946-768x1024.jpg 768w, https:\/\/www.eslebedasauto.at\/wp-content\/uploads\/2023\/11\/IMG_5946-225x300.jpg 225w, https:\/\/www.eslebedasauto.at\/wp-content\/uploads\/2023\/11\/IMG_5946-1152x1536.jpg 1152w, https:\/\/www.eslebedasauto.at\/wp-content\/uploads\/2023\/11\/IMG_5946-1536x2048.jpg 1536w, https:\/\/www.eslebedasauto.at\/wp-content\/uploads\/2023\/11\/IMG_5946-800x1067.jpg 800w, https:\/\/www.eslebedasauto.at\/wp-content\/uploads\/2023\/11\/IMG_5946-1160x1547.jpg 1160w, https:\/\/www.eslebedasauto.at\/wp-content\/uploads\/2023\/11\/IMG_5946-scaled.jpg 1920w\" sizes=\"(max-width: 768px) 100vw, 768px\" \/><\/figure>\n\n\n\n<figure class=\"wp-block-image size-large\"><img loading=\"lazy\" decoding=\"async\" width=\"768\" height=\"1024\" data-id=\"93886\" src=\"https:\/\/www.eslebedasauto.at\/wp-content\/uploads\/2023\/11\/IMG_5945-768x1024.jpg\" alt=\"\" class=\"wp-image-93886\" srcset=\"https:\/\/www.eslebedasauto.at\/wp-content\/uploads\/2023\/11\/IMG_5945-768x1024.jpg 768w, https:\/\/www.eslebedasauto.at\/wp-content\/uploads\/2023\/11\/IMG_5945-225x300.jpg 225w, https:\/\/www.eslebedasauto.at\/wp-content\/uploads\/2023\/11\/IMG_5945-1152x1536.jpg 1152w, https:\/\/www.eslebedasauto.at\/wp-content\/uploads\/2023\/11\/IMG_5945-1536x2048.jpg 1536w, https:\/\/www.eslebedasauto.at\/wp-content\/uploads\/2023\/11\/IMG_5945-800x1067.jpg 800w, https:\/\/www.eslebedasauto.at\/wp-content\/uploads\/2023\/11\/IMG_5945-1160x1547.jpg 1160w, https:\/\/www.eslebedasauto.at\/wp-content\/uploads\/2023\/11\/IMG_5945-scaled.jpg 1920w\" sizes=\"(max-width: 768px) 100vw, 768px\" \/><\/figure>\n\n\n\n<figure class=\"wp-block-image size-large\"><img loading=\"lazy\" decoding=\"async\" width=\"768\" height=\"1024\" data-id=\"93885\" src=\"https:\/\/www.eslebedasauto.at\/wp-content\/uploads\/2023\/11\/IMG_5943-768x1024.jpg\" alt=\"\" class=\"wp-image-93885\" srcset=\"https:\/\/www.eslebedasauto.at\/wp-content\/uploads\/2023\/11\/IMG_5943-768x1024.jpg 768w, https:\/\/www.eslebedasauto.at\/wp-content\/uploads\/2023\/11\/IMG_5943-225x300.jpg 225w, https:\/\/www.eslebedasauto.at\/wp-content\/uploads\/2023\/11\/IMG_5943-1152x1536.jpg 1152w, https:\/\/www.eslebedasauto.at\/wp-content\/uploads\/2023\/11\/IMG_5943-1536x2048.jpg 1536w, https:\/\/www.eslebedasauto.at\/wp-content\/uploads\/2023\/11\/IMG_5943-800x1067.jpg 800w, https:\/\/www.eslebedasauto.at\/wp-content\/uploads\/2023\/11\/IMG_5943-1160x1547.jpg 1160w, https:\/\/www.eslebedasauto.at\/wp-content\/uploads\/2023\/11\/IMG_5943-scaled.jpg 1920w\" sizes=\"(max-width: 768px) 100vw, 768px\" \/><\/figure>\n\n\n\n<figure class=\"wp-block-image size-large\"><img loading=\"lazy\" decoding=\"async\" width=\"768\" height=\"1024\" data-id=\"93882\" src=\"https:\/\/www.eslebedasauto.at\/wp-content\/uploads\/2023\/11\/IMG_5939-768x1024.jpg\" alt=\"\" class=\"wp-image-93882\" srcset=\"https:\/\/www.eslebedasauto.at\/wp-content\/uploads\/2023\/11\/IMG_5939-768x1024.jpg 768w, https:\/\/www.eslebedasauto.at\/wp-content\/uploads\/2023\/11\/IMG_5939-225x300.jpg 225w, https:\/\/www.eslebedasauto.at\/wp-content\/uploads\/2023\/11\/IMG_5939-1152x1536.jpg 1152w, https:\/\/www.eslebedasauto.at\/wp-content\/uploads\/2023\/11\/IMG_5939-1536x2048.jpg 1536w, https:\/\/www.eslebedasauto.at\/wp-content\/uploads\/2023\/11\/IMG_5939-800x1067.jpg 800w, https:\/\/www.eslebedasauto.at\/wp-content\/uploads\/2023\/11\/IMG_5939-1160x1547.jpg 1160w, https:\/\/www.eslebedasauto.at\/wp-content\/uploads\/2023\/11\/IMG_5939-scaled.jpg 1920w\" sizes=\"(max-width: 768px) 100vw, 768px\" \/><\/figure>\n\n\n\n<figure class=\"wp-block-image size-large\"><img loading=\"lazy\" decoding=\"async\" width=\"768\" height=\"1024\" data-id=\"93881\" src=\"https:\/\/www.eslebedasauto.at\/wp-content\/uploads\/2023\/11\/IMG_5936-768x1024.jpg\" alt=\"\" class=\"wp-image-93881\" srcset=\"https:\/\/www.eslebedasauto.at\/wp-content\/uploads\/2023\/11\/IMG_5936-768x1024.jpg 768w, https:\/\/www.eslebedasauto.at\/wp-content\/uploads\/2023\/11\/IMG_5936-225x300.jpg 225w, https:\/\/www.eslebedasauto.at\/wp-content\/uploads\/2023\/11\/IMG_5936-1152x1536.jpg 1152w, https:\/\/www.eslebedasauto.at\/wp-content\/uploads\/2023\/11\/IMG_5936-1536x2048.jpg 1536w, https:\/\/www.eslebedasauto.at\/wp-content\/uploads\/2023\/11\/IMG_5936-800x1067.jpg 800w, https:\/\/www.eslebedasauto.at\/wp-content\/uploads\/2023\/11\/IMG_5936-1160x1547.jpg 1160w, https:\/\/www.eslebedasauto.at\/wp-content\/uploads\/2023\/11\/IMG_5936-scaled.jpg 1920w\" sizes=\"(max-width: 768px) 100vw, 768px\" \/><\/figure>\n\n\n\n<figure class=\"wp-block-image size-large\"><img loading=\"lazy\" decoding=\"async\" width=\"768\" height=\"1024\" data-id=\"93880\" src=\"https:\/\/www.eslebedasauto.at\/wp-content\/uploads\/2023\/11\/IMG_5934-768x1024.jpg\" alt=\"\" class=\"wp-image-93880\" srcset=\"https:\/\/www.eslebedasauto.at\/wp-content\/uploads\/2023\/11\/IMG_5934-768x1024.jpg 768w, https:\/\/www.eslebedasauto.at\/wp-content\/uploads\/2023\/11\/IMG_5934-225x300.jpg 225w, https:\/\/www.eslebedasauto.at\/wp-content\/uploads\/2023\/11\/IMG_5934-1152x1536.jpg 1152w, https:\/\/www.eslebedasauto.at\/wp-content\/uploads\/2023\/11\/IMG_5934-1536x2048.jpg 1536w, https:\/\/www.eslebedasauto.at\/wp-content\/uploads\/2023\/11\/IMG_5934-800x1067.jpg 800w, https:\/\/www.eslebedasauto.at\/wp-content\/uploads\/2023\/11\/IMG_5934-1160x1547.jpg 1160w, https:\/\/www.eslebedasauto.at\/wp-content\/uploads\/2023\/11\/IMG_5934-scaled.jpg 1920w\" sizes=\"(max-width: 768px) 100vw, 768px\" \/><\/figure>\n<\/figure>\n\n\n\n<p>Die WLTP-Reichweite des Proace City Verso EV gibt Toyota mit bis zu 280 Kilometern an. Die oben angesprochene \u00dcbergangszeit mit Idealtemperaturen von um die 15 Grad Celsius erm\u00f6glichten uns eine ordentliche Testreichweite von rund 240 Kilometern. Gefahren sind wir dabei sowohl im urbanen Bereich als auch (gem\u00fctlich) auf der Autobahn. <\/p>\n\n\n\n<figure class=\"wp-block-image size-large\"><img loading=\"lazy\" decoding=\"async\" width=\"768\" height=\"1024\" src=\"https:\/\/www.eslebedasauto.at\/wp-content\/uploads\/2023\/11\/IMG_5940-768x1024.jpg\" alt=\"\" class=\"wp-image-93883\" srcset=\"https:\/\/www.eslebedasauto.at\/wp-content\/uploads\/2023\/11\/IMG_5940-768x1024.jpg 768w, https:\/\/www.eslebedasauto.at\/wp-content\/uploads\/2023\/11\/IMG_5940-225x300.jpg 225w, https:\/\/www.eslebedasauto.at\/wp-content\/uploads\/2023\/11\/IMG_5940-1152x1536.jpg 1152w, https:\/\/www.eslebedasauto.at\/wp-content\/uploads\/2023\/11\/IMG_5940-1536x2048.jpg 1536w, https:\/\/www.eslebedasauto.at\/wp-content\/uploads\/2023\/11\/IMG_5940-800x1067.jpg 800w, https:\/\/www.eslebedasauto.at\/wp-content\/uploads\/2023\/11\/IMG_5940-1160x1547.jpg 1160w, https:\/\/www.eslebedasauto.at\/wp-content\/uploads\/2023\/11\/IMG_5940-scaled.jpg 1920w\" sizes=\"(max-width: 768px) 100vw, 768px\" \/><\/figure>\n\n\n\n<p>Serienm\u00e4\u00dfig ist ein 11-kW-Ladeger\u00e4t an Bord, mit dem die Batterie in knapp f\u00fcnf Stunden an der heimischen Wallbox aufgeladen werden kann. An einer \u00f6ffentlichen Schnellladestation sollte der Akku mit 100 kWh Ladeleistung nach einer halben Stunde zu 80 Prozent gef\u00fcllt sein. <\/p>\n\n\n\n<figure class=\"wp-block-image size-large\"><img decoding=\"async\" width=\"1024\" height=\"768\" src=\"https:\/\/www.eslebedasauto.at\/wp-content\/uploads\/2023\/11\/IMG_5923-1024x768.jpg\" alt=\"\" class=\"wp-image-93873\" srcset=\"https:\/\/www.eslebedasauto.at\/wp-content\/uploads\/2023\/11\/IMG_5923-1024x768.jpg 1024w, https:\/\/www.eslebedasauto.at\/wp-content\/uploads\/2023\/11\/IMG_5923-300x225.jpg 300w, https:\/\/www.eslebedasauto.at\/wp-content\/uploads\/2023\/11\/IMG_5923-768x576.jpg 768w, https:\/\/www.eslebedasauto.at\/wp-content\/uploads\/2023\/11\/IMG_5923-1536x1152.jpg 1536w, https:\/\/www.eslebedasauto.at\/wp-content\/uploads\/2023\/11\/IMG_5923-2048x1536.jpg 2048w, https:\/\/www.eslebedasauto.at\/wp-content\/uploads\/2023\/11\/IMG_5923-800x600.jpg 800w, https:\/\/www.eslebedasauto.at\/wp-content\/uploads\/2023\/11\/IMG_5923-1160x870.jpg 1160w\" sizes=\"(max-width: 1024px) 100vw, 1024px\" \/><\/figure>\n\n\n\n<p>Insgesamt ist der Toyota Proace City Verso EV sowohl als Familiengef\u00e4hrt als auch als Transporter f\u00fcr ambitionierte Hobbysportler, die Wert auf Elektromobilit\u00e4t legen, eine sehr gute Wahl. Der Stromer steht ab EUR 42.950,- beim H\u00e4ndler. <\/p>\n\n\n\n<figure class=\"wp-block-image size-large\"><img loading=\"lazy\" decoding=\"async\" width=\"1024\" height=\"768\" src=\"https:\/\/www.eslebedasauto.at\/wp-content\/uploads\/2023\/11\/IMG_5924-1024x768.jpg\" alt=\"\" class=\"wp-image-93874\" srcset=\"https:\/\/www.eslebedasauto.at\/wp-content\/uploads\/2023\/11\/IMG_5924-1024x768.jpg 1024w, https:\/\/www.eslebedasauto.at\/wp-content\/uploads\/2023\/11\/IMG_5924-300x225.jpg 300w, https:\/\/www.eslebedasauto.at\/wp-content\/uploads\/2023\/11\/IMG_5924-768x576.jpg 768w, https:\/\/www.eslebedasauto.at\/wp-content\/uploads\/2023\/11\/IMG_5924-1536x1152.jpg 1536w, https:\/\/www.eslebedasauto.at\/wp-content\/uploads\/2023\/11\/IMG_5924-2048x1536.jpg 2048w, https:\/\/www.eslebedasauto.at\/wp-content\/uploads\/2023\/11\/IMG_5924-800x600.jpg 800w, https:\/\/www.eslebedasauto.at\/wp-content\/uploads\/2023\/11\/IMG_5924-1160x870.jpg 1160w\" sizes=\"(max-width: 1024px) 100vw, 1024px\" \/><\/figure>","protected":false},"excerpt":{"rendered":"<p>Mit dem Proace City Verso EV bietet Toyota familientaugliche E-Mobilit\u00e4t an &#8211; f\u00fcr alle die nicht unbedingt damit verreisen wollen.<\/p>","protected":false},"author":2,"featured_media":93873,"comment_status":"open","ping_status":"open","sticky":false,"template":"","format":"standard","meta":{"neve_meta_sidebar":"","neve_meta_container":"","neve_meta_enable_content_width":"","neve_meta_content_width":0,"neve_meta_title_alignment":"","neve_meta_author_avatar":"","neve_post_elements_order":"","neve_meta_disable_header":"","neve_meta_disable_footer":"","neve_meta_disable_title":"","neve_meta_reading_time":"","footnotes":""},"categories":[555,335,598],"tags":[],"class_list":["post-88753","post","type-post","status-publish","format-standard","has-post-thumbnail","hentry","category-electrofun","category-fahrberichte","category-shortmotornews"],"yoast_head":"<!-- This site is optimized with the Yoast SEO plugin v26.8 - https:\/\/yoast.com\/product\/yoast-seo-wordpress\/ -->\n<title>Herbstzeit ist Elektrozeit. - Es lebe das Auto<\/title>\n<meta name=\"description\" content=\"Mit dem Proace City Verso EV bietet Toyota familientaugliche E-Mobilit\u00e4t an - f\u00fcr alle die nicht unbedingt damit verreisen wollen.\" \/>\n<meta name=\"robots\" content=\"index, follow, max-snippet:-1, max-image-preview:large, max-video-preview:-1\" \/>\n<link rel=\"canonical\" href=\"https:\/\/www.eslebedasauto.at\/it\/toyota-proace-city-verso-ev-test\/\" \/>\n<meta property=\"og:locale\" content=\"it_IT\" \/>\n<meta property=\"og:type\" content=\"article\" \/>\n<meta property=\"og:title\" content=\"Herbstzeit ist Elektrozeit. - Es lebe das Auto\" \/>\n<meta property=\"og:description\" content=\"Mit dem Proace City Verso EV bietet Toyota familientaugliche E-Mobilit\u00e4t an - f\u00fcr alle die nicht unbedingt damit verreisen wollen.\" \/>\n<meta property=\"og:url\" content=\"https:\/\/www.eslebedasauto.at\/it\/toyota-proace-city-verso-ev-test\/\" \/>\n<meta property=\"og:site_name\" content=\"Es lebe das Auto\" \/>\n<meta property=\"article:publisher\" content=\"https:\/\/www.facebook.com\/eslebedasauto.at\" \/>\n<meta property=\"article:published_time\" content=\"2023-11-08T06:11:00+00:00\" \/>\n<meta property=\"og:image\" content=\"https:\/\/www.eslebedasauto.at\/wp-content\/uploads\/2023\/11\/IMG_5923-scaled.jpg\" \/>\n\t<meta property=\"og:image:width\" content=\"2560\" \/>\n\t<meta property=\"og:image:height\" content=\"1920\" \/>\n\t<meta property=\"og:image:type\" content=\"image\/jpeg\" \/>\n<meta name=\"author\" content=\"gerhard\" \/>\n<meta name=\"twitter:card\" content=\"summary_large_image\" \/>\n<meta name=\"twitter:label1\" content=\"Scritto da\" \/>\n\t<meta name=\"twitter:data1\" content=\"gerhard\" \/>\n\t<meta name=\"twitter:label2\" content=\"Tempo di lettura stimato\" \/>\n\t<meta name=\"twitter:data2\" content=\"6 minuti\" \/>\n<script type=\"application\/ld+json\" class=\"yoast-schema-graph\">{\"@context\":\"https:\/\/schema.org\",\"@graph\":[{\"@type\":\"Article\",\"@id\":\"https:\/\/www.eslebedasauto.at\/toyota-proace-city-verso-ev-test\/#article\",\"isPartOf\":{\"@id\":\"https:\/\/www.eslebedasauto.at\/toyota-proace-city-verso-ev-test\/\"},\"author\":{\"name\":\"gerhard\",\"@id\":\"https:\/\/www.eslebedasauto.at\/#\/schema\/person\/fb81218b0bed500d225ff518f9f17033\"},\"headline\":\"Herbstzeit ist Elektrozeit.\",\"datePublished\":\"2023-11-08T06:11:00+00:00\",\"mainEntityOfPage\":{\"@id\":\"https:\/\/www.eslebedasauto.at\/toyota-proace-city-verso-ev-test\/\"},\"wordCount\":405,\"commentCount\":0,\"publisher\":{\"@id\":\"https:\/\/www.eslebedasauto.at\/#organization\"},\"image\":{\"@id\":\"https:\/\/www.eslebedasauto.at\/toyota-proace-city-verso-ev-test\/#primaryimage\"},\"thumbnailUrl\":\"https:\/\/www.eslebedasauto.at\/wp-content\/uploads\/2023\/11\/IMG_5923-scaled.jpg\",\"articleSection\":[\"Electrofun\",\"Fahrberichte\",\"Shortmotornews\"],\"inLanguage\":\"it-IT\",\"potentialAction\":[{\"@type\":\"CommentAction\",\"name\":\"Comment\",\"target\":[\"https:\/\/www.eslebedasauto.at\/toyota-proace-city-verso-ev-test\/#respond\"]}]},{\"@type\":\"WebPage\",\"@id\":\"https:\/\/www.eslebedasauto.at\/toyota-proace-city-verso-ev-test\/\",\"url\":\"https:\/\/www.eslebedasauto.at\/toyota-proace-city-verso-ev-test\/\",\"name\":\"Herbstzeit ist Elektrozeit. - Es lebe das Auto\",\"isPartOf\":{\"@id\":\"https:\/\/www.eslebedasauto.at\/#website\"},\"primaryImageOfPage\":{\"@id\":\"https:\/\/www.eslebedasauto.at\/toyota-proace-city-verso-ev-test\/#primaryimage\"},\"image\":{\"@id\":\"https:\/\/www.eslebedasauto.at\/toyota-proace-city-verso-ev-test\/#primaryimage\"},\"thumbnailUrl\":\"https:\/\/www.eslebedasauto.at\/wp-content\/uploads\/2023\/11\/IMG_5923-scaled.jpg\",\"datePublished\":\"2023-11-08T06:11:00+00:00\",\"description\":\"Mit dem Proace City Verso EV bietet Toyota familientaugliche E-Mobilit\u00e4t an - f\u00fcr alle die nicht unbedingt damit verreisen wollen.\",\"breadcrumb\":{\"@id\":\"https:\/\/www.eslebedasauto.at\/toyota-proace-city-verso-ev-test\/#breadcrumb\"},\"inLanguage\":\"it-IT\",\"potentialAction\":[{\"@type\":\"ReadAction\",\"target\":[\"https:\/\/www.eslebedasauto.at\/toyota-proace-city-verso-ev-test\/\"]}]},{\"@type\":\"ImageObject\",\"inLanguage\":\"it-IT\",\"@id\":\"https:\/\/www.eslebedasauto.at\/toyota-proace-city-verso-ev-test\/#primaryimage\",\"url\":\"https:\/\/www.eslebedasauto.at\/wp-content\/uploads\/2023\/11\/IMG_5923-scaled.jpg\",\"contentUrl\":\"https:\/\/www.eslebedasauto.at\/wp-content\/uploads\/2023\/11\/IMG_5923-scaled.jpg\",\"width\":2560,\"height\":1920},{\"@type\":\"BreadcrumbList\",\"@id\":\"https:\/\/www.eslebedasauto.at\/toyota-proace-city-verso-ev-test\/#breadcrumb\",\"itemListElement\":[{\"@type\":\"ListItem\",\"position\":1,\"name\":\"Startseite\",\"item\":\"https:\/\/www.eslebedasauto.at\/\"},{\"@type\":\"ListItem\",\"position\":2,\"name\":\"Herbstzeit ist Elektrozeit.\"}]},{\"@type\":\"WebSite\",\"@id\":\"https:\/\/www.eslebedasauto.at\/#website\",\"url\":\"https:\/\/www.eslebedasauto.at\/\",\"name\":\"Es lebe das Auto\",\"description\":\"ein Hoch auf den Individualverkehr\",\"publisher\":{\"@id\":\"https:\/\/www.eslebedasauto.at\/#organization\"},\"potentialAction\":[{\"@type\":\"SearchAction\",\"target\":{\"@type\":\"EntryPoint\",\"urlTemplate\":\"https:\/\/www.eslebedasauto.at\/?s={search_term_string}\"},\"query-input\":{\"@type\":\"PropertyValueSpecification\",\"valueRequired\":true,\"valueName\":\"search_term_string\"}}],\"inLanguage\":\"it-IT\"},{\"@type\":\"Organization\",\"@id\":\"https:\/\/www.eslebedasauto.at\/#organization\",\"name\":\"eslebedasauto\",\"url\":\"https:\/\/www.eslebedasauto.at\/\",\"logo\":{\"@type\":\"ImageObject\",\"inLanguage\":\"it-IT\",\"@id\":\"https:\/\/www.eslebedasauto.at\/#\/schema\/logo\/image\/\",\"url\":\"https:\/\/www.eslebedasauto.at\/wp-content\/uploads\/2025\/10\/eldarund.png\",\"contentUrl\":\"https:\/\/www.eslebedasauto.at\/wp-content\/uploads\/2025\/10\/eldarund.png\",\"width\":1024,\"height\":1024,\"caption\":\"eslebedasauto\"},\"image\":{\"@id\":\"https:\/\/www.eslebedasauto.at\/#\/schema\/logo\/image\/\"},\"sameAs\":[\"https:\/\/www.facebook.com\/eslebedasauto.at\",\"https:\/\/www.instagram.com\/es_lebe_das_auto\/\"]},{\"@type\":\"Person\",\"@id\":\"https:\/\/www.eslebedasauto.at\/#\/schema\/person\/fb81218b0bed500d225ff518f9f17033\",\"name\":\"gerhard\",\"url\":\"https:\/\/www.eslebedasauto.at\/it\/author\/gerhard\/\"}]}<\/script>\n<!-- \/ Yoast SEO plugin. -->","yoast_head_json":{"title":"Herbstzeit ist Elektrozeit. - Es lebe das Auto","description":"Mit dem Proace City Verso EV bietet Toyota familientaugliche E-Mobilit\u00e4t an - f\u00fcr alle die nicht unbedingt damit verreisen wollen.","robots":{"index":"index","follow":"follow","max-snippet":"max-snippet:-1","max-image-preview":"max-image-preview:large","max-video-preview":"max-video-preview:-1"},"canonical":"https:\/\/www.eslebedasauto.at\/it\/toyota-proace-city-verso-ev-test\/","og_locale":"it_IT","og_type":"article","og_title":"Herbstzeit ist Elektrozeit. - Es lebe das Auto","og_description":"Mit dem Proace City Verso EV bietet Toyota familientaugliche E-Mobilit\u00e4t an - f\u00fcr alle die nicht unbedingt damit verreisen wollen.","og_url":"https:\/\/www.eslebedasauto.at\/it\/toyota-proace-city-verso-ev-test\/","og_site_name":"Es lebe das Auto","article_publisher":"https:\/\/www.facebook.com\/eslebedasauto.at","article_published_time":"2023-11-08T06:11:00+00:00","og_image":[{"width":2560,"height":1920,"url":"https:\/\/www.eslebedasauto.at\/wp-content\/uploads\/2023\/11\/IMG_5923-scaled.jpg","type":"image\/jpeg"}],"author":"gerhard","twitter_card":"summary_large_image","twitter_misc":{"Scritto da":"gerhard","Tempo di lettura stimato":"6 minuti"},"schema":{"@context":"https:\/\/schema.org","@graph":[{"@type":"Article","@id":"https:\/\/www.eslebedasauto.at\/toyota-proace-city-verso-ev-test\/#article","isPartOf":{"@id":"https:\/\/www.eslebedasauto.at\/toyota-proace-city-verso-ev-test\/"},"author":{"name":"gerhard","@id":"https:\/\/www.eslebedasauto.at\/#\/schema\/person\/fb81218b0bed500d225ff518f9f17033"},"headline":"Herbstzeit ist Elektrozeit.","datePublished":"2023-11-08T06:11:00+00:00","mainEntityOfPage":{"@id":"https:\/\/www.eslebedasauto.at\/toyota-proace-city-verso-ev-test\/"},"wordCount":405,"commentCount":0,"publisher":{"@id":"https:\/\/www.eslebedasauto.at\/#organization"},"image":{"@id":"https:\/\/www.eslebedasauto.at\/toyota-proace-city-verso-ev-test\/#primaryimage"},"thumbnailUrl":"https:\/\/www.eslebedasauto.at\/wp-content\/uploads\/2023\/11\/IMG_5923-scaled.jpg","articleSection":["Electrofun","Fahrberichte","Shortmotornews"],"inLanguage":"it-IT","potentialAction":[{"@type":"CommentAction","name":"Comment","target":["https:\/\/www.eslebedasauto.at\/toyota-proace-city-verso-ev-test\/#respond"]}]},{"@type":"WebPage","@id":"https:\/\/www.eslebedasauto.at\/toyota-proace-city-verso-ev-test\/","url":"https:\/\/www.eslebedasauto.at\/toyota-proace-city-verso-ev-test\/","name":"Herbstzeit ist Elektrozeit. - Es lebe das Auto","isPartOf":{"@id":"https:\/\/www.eslebedasauto.at\/#website"},"primaryImageOfPage":{"@id":"https:\/\/www.eslebedasauto.at\/toyota-proace-city-verso-ev-test\/#primaryimage"},"image":{"@id":"https:\/\/www.eslebedasauto.at\/toyota-proace-city-verso-ev-test\/#primaryimage"},"thumbnailUrl":"https:\/\/www.eslebedasauto.at\/wp-content\/uploads\/2023\/11\/IMG_5923-scaled.jpg","datePublished":"2023-11-08T06:11:00+00:00","description":"Mit dem Proace City Verso EV bietet Toyota familientaugliche E-Mobilit\u00e4t an - f\u00fcr alle die nicht unbedingt damit verreisen wollen.","breadcrumb":{"@id":"https:\/\/www.eslebedasauto.at\/toyota-proace-city-verso-ev-test\/#breadcrumb"},"inLanguage":"it-IT","potentialAction":[{"@type":"ReadAction","target":["https:\/\/www.eslebedasauto.at\/toyota-proace-city-verso-ev-test\/"]}]},{"@type":"ImageObject","inLanguage":"it-IT","@id":"https:\/\/www.eslebedasauto.at\/toyota-proace-city-verso-ev-test\/#primaryimage","url":"https:\/\/www.eslebedasauto.at\/wp-content\/uploads\/2023\/11\/IMG_5923-scaled.jpg","contentUrl":"https:\/\/www.eslebedasauto.at\/wp-content\/uploads\/2023\/11\/IMG_5923-scaled.jpg","width":2560,"height":1920},{"@type":"BreadcrumbList","@id":"https:\/\/www.eslebedasauto.at\/toyota-proace-city-verso-ev-test\/#breadcrumb","itemListElement":[{"@type":"ListItem","position":1,"name":"Startseite","item":"https:\/\/www.eslebedasauto.at\/"},{"@type":"ListItem","position":2,"name":"Herbstzeit ist Elektrozeit."}]},{"@type":"WebSite","@id":"https:\/\/www.eslebedasauto.at\/#website","url":"https:\/\/www.eslebedasauto.at\/","name":"Es lebe das Auto","description":"ein Hoch auf den Individualverkehr","publisher":{"@id":"https:\/\/www.eslebedasauto.at\/#organization"},"potentialAction":[{"@type":"SearchAction","target":{"@type":"EntryPoint","urlTemplate":"https:\/\/www.eslebedasauto.at\/?s={search_term_string}"},"query-input":{"@type":"PropertyValueSpecification","valueRequired":true,"valueName":"search_term_string"}}],"inLanguage":"it-IT"},{"@type":"Organization","@id":"https:\/\/www.eslebedasauto.at\/#organization","name":"eslebedasauto","url":"https:\/\/www.eslebedasauto.at\/","logo":{"@type":"ImageObject","inLanguage":"it-IT","@id":"https:\/\/www.eslebedasauto.at\/#\/schema\/logo\/image\/","url":"https:\/\/www.eslebedasauto.at\/wp-content\/uploads\/2025\/10\/eldarund.png","contentUrl":"https:\/\/www.eslebedasauto.at\/wp-content\/uploads\/2025\/10\/eldarund.png","width":1024,"height":1024,"caption":"eslebedasauto"},"image":{"@id":"https:\/\/www.eslebedasauto.at\/#\/schema\/logo\/image\/"},"sameAs":["https:\/\/www.facebook.com\/eslebedasauto.at","https:\/\/www.instagram.com\/es_lebe_das_auto\/"]},{"@type":"Person","@id":"https:\/\/www.eslebedasauto.at\/#\/schema\/person\/fb81218b0bed500d225ff518f9f17033","name":"gerhard","url":"https:\/\/www.eslebedasauto.at\/it\/author\/gerhard\/"}]}},"_links":{"self":[{"href":"https:\/\/www.eslebedasauto.at\/it\/wp-json\/wp\/v2\/posts\/88753","targetHints":{"allow":["GET"]}}],"collection":[{"href":"https:\/\/www.eslebedasauto.at\/it\/wp-json\/wp\/v2\/posts"}],"about":[{"href":"https:\/\/www.eslebedasauto.at\/it\/wp-json\/wp\/v2\/types\/post"}],"author":[{"embeddable":true,"href":"https:\/\/www.eslebedasauto.at\/it\/wp-json\/wp\/v2\/users\/2"}],"replies":[{"embeddable":true,"href":"https:\/\/www.eslebedasauto.at\/it\/wp-json\/wp\/v2\/comments?post=88753"}],"version-history":[{"count":10,"href":"https:\/\/www.eslebedasauto.at\/it\/wp-json\/wp\/v2\/posts\/88753\/revisions"}],"predecessor-version":[{"id":93951,"href":"https:\/\/www.eslebedasauto.at\/it\/wp-json\/wp\/v2\/posts\/88753\/revisions\/93951"}],"wp:featuredmedia":[{"embeddable":true,"href":"https:\/\/www.eslebedasauto.at\/it\/wp-json\/wp\/v2\/media\/93873"}],"wp:attachment":[{"href":"https:\/\/www.eslebedasauto.at\/it\/wp-json\/wp\/v2\/media?parent=88753"}],"wp:term":[{"taxonomy":"category","embeddable":true,"href":"https:\/\/www.eslebedasauto.at\/it\/wp-json\/wp\/v2\/categories?post=88753"},{"taxonomy":"post_tag","embeddable":true,"href":"https:\/\/www.eslebedasauto.at\/it\/wp-json\/wp\/v2\/tags?post=88753"}],"curies":[{"name":"wp","href":"https:\/\/api.w.org\/{rel}","templated":true}]}}