{"id":88698,"date":"2024-12-12T09:01:04","date_gmt":"2024-12-12T08:01:04","guid":{"rendered":"https:\/\/www.eslebedasauto.at\/?p=88698"},"modified":"2024-12-13T16:50:14","modified_gmt":"2024-12-13T15:50:14","slug":"alfa-romeo-stelvio-veloce-2-0-awd-test","status":"publish","type":"post","link":"https:\/\/www.eslebedasauto.at\/it\/alfa-romeo-stelvio-veloce-2-0-awd-test\/","title":{"rendered":"Der Alfa Romeo Stelvio 2.0 AWD im Test"},"content":{"rendered":"<h2 id=\"der-alfa-romeo-stelvio-kombiniert-nach-wie-vor-eindrucksvoll-schnelligkeit-mit-eleganz-und-hoher-nutzbarkeit\" class=\"wp-block-heading\">Der Alfa Romeo Stelvio kombiniert nach wie vor eindrucksvoll Schnelligkeit mit Eleganz und hoher Nutzbarkeit.<\/h2>\n\n\n\n<figure class=\"wp-block-image size-large\"><img fetchpriority=\"high\" decoding=\"async\" width=\"1024\" height=\"768\" src=\"https:\/\/www.eslebedasauto.at\/wp-content\/uploads\/2024\/12\/IMG_0505-1024x768.jpeg\" alt=\"\" class=\"wp-image-97354\" srcset=\"https:\/\/www.eslebedasauto.at\/wp-content\/uploads\/2024\/12\/IMG_0505-1024x768.jpeg 1024w, https:\/\/www.eslebedasauto.at\/wp-content\/uploads\/2024\/12\/IMG_0505-300x225.jpeg 300w, https:\/\/www.eslebedasauto.at\/wp-content\/uploads\/2024\/12\/IMG_0505-768x576.jpeg 768w, https:\/\/www.eslebedasauto.at\/wp-content\/uploads\/2024\/12\/IMG_0505-1536x1152.jpeg 1536w, https:\/\/www.eslebedasauto.at\/wp-content\/uploads\/2024\/12\/IMG_0505.jpeg 2048w\" sizes=\"(max-width: 1024px) 100vw, 1024px\" \/><\/figure>\n\n\n\n<p>Die italienischen Designer haben es geschafft, typische Schwachstellen von SUVs gekonnt zu kaschieren. Besonders das Heck, oft ein kritischer Punkt in dieser Fahrzeugklasse, ist hervorragend gelungen: Es wirkt kompakt und dynamisch.<\/p>\n\n\n\n<figure class=\"wp-block-image size-large\"><img decoding=\"async\" width=\"1024\" height=\"768\" src=\"https:\/\/www.eslebedasauto.at\/wp-content\/uploads\/2024\/12\/IMG_0502-1024x768.jpeg\" alt=\"\" class=\"wp-image-97352\" srcset=\"https:\/\/www.eslebedasauto.at\/wp-content\/uploads\/2024\/12\/IMG_0502-1024x768.jpeg 1024w, https:\/\/www.eslebedasauto.at\/wp-content\/uploads\/2024\/12\/IMG_0502-300x225.jpeg 300w, https:\/\/www.eslebedasauto.at\/wp-content\/uploads\/2024\/12\/IMG_0502-768x576.jpeg 768w, https:\/\/www.eslebedasauto.at\/wp-content\/uploads\/2024\/12\/IMG_0502-1536x1152.jpeg 1536w, https:\/\/www.eslebedasauto.at\/wp-content\/uploads\/2024\/12\/IMG_0502.jpeg 2048w\" sizes=\"(max-width: 1024px) 100vw, 1024px\" \/><\/figure>\n\n\n\n<p><strong>Auch die Seitenansicht des Stelvio \u00fcberzeugt:<\/strong> Gro\u00dfz\u00fcgige Blechfl\u00e4chen werden durch stilvoll eingesetzte Sicken und geschwungene Linien optisch aufgelockert. Die Dimensionen des SUV lassen sich anhand der 20-Zoll-R\u00e4der erahnen, die erstaunlich dezent wirken.<\/p>\n\n\n\n<figure class=\"wp-block-image size-large\"><img decoding=\"async\" width=\"1024\" height=\"768\" src=\"https:\/\/www.eslebedasauto.at\/wp-content\/uploads\/2024\/12\/IMG_0499-1024x768.jpeg\" alt=\"\" class=\"wp-image-97349\" srcset=\"https:\/\/www.eslebedasauto.at\/wp-content\/uploads\/2024\/12\/IMG_0499-1024x768.jpeg 1024w, https:\/\/www.eslebedasauto.at\/wp-content\/uploads\/2024\/12\/IMG_0499-300x225.jpeg 300w, https:\/\/www.eslebedasauto.at\/wp-content\/uploads\/2024\/12\/IMG_0499-768x576.jpeg 768w, https:\/\/www.eslebedasauto.at\/wp-content\/uploads\/2024\/12\/IMG_0499-1536x1152.jpeg 1536w, https:\/\/www.eslebedasauto.at\/wp-content\/uploads\/2024\/12\/IMG_0499.jpeg 2048w\" sizes=\"(max-width: 1024px) 100vw, 1024px\" \/><\/figure>\n\n\n\n<p>An der Front zeigt sich allerdings das fortgeschrittene Alter des Stelvio, besonders im Vergleich mit dem  taufrischen Junior oder dem Alfa Romeo Tonale. Die k\u00fcrzlich modernisierten Lichteinheiten vorne bemerken nur eingefleischte Alfa-Fans.<\/p>\n\n\n\n<figure class=\"wp-block-image size-large\"><img loading=\"lazy\" decoding=\"async\" width=\"1024\" height=\"768\" src=\"https:\/\/www.eslebedasauto.at\/wp-content\/uploads\/2024\/12\/IMG_0506-1024x768.jpeg\" alt=\"\" class=\"wp-image-97355\" srcset=\"https:\/\/www.eslebedasauto.at\/wp-content\/uploads\/2024\/12\/IMG_0506-1024x768.jpeg 1024w, https:\/\/www.eslebedasauto.at\/wp-content\/uploads\/2024\/12\/IMG_0506-300x225.jpeg 300w, https:\/\/www.eslebedasauto.at\/wp-content\/uploads\/2024\/12\/IMG_0506-768x576.jpeg 768w, https:\/\/www.eslebedasauto.at\/wp-content\/uploads\/2024\/12\/IMG_0506-1536x1152.jpeg 1536w, https:\/\/www.eslebedasauto.at\/wp-content\/uploads\/2024\/12\/IMG_0506.jpeg 2048w\" sizes=\"(max-width: 1024px) 100vw, 1024px\" \/><\/figure>\n\n\n\n<h3 id=\"innenraum-luxus-trifft-sportlichkeit\" class=\"wp-block-heading\">Innenraum: Luxus trifft Sportlichkeit<\/h3>\n\n\n\n<p>Der Innenraum des Stelvio bietet eine gelungene Kombination aus gro\u00dfz\u00fcgigem Platzangebot, hochwertigem Luxus und sportlichen Details. Besonders die eng geschnittenen Sportsitze, beledert und vielfach elektrisch verstellbar, stechen hervor. Das sportlich gestaltete Lederlenkrad integriert den Startknopf und wird durch fest an der Lenks\u00e4ule montierte Schaltpaddel erg\u00e4nzt. Letztere sind beim manuellen Schalten eine Freude, k\u00f6nnen im Automatikmodus jedoch leicht beim Blinken oder Scheibenwischen st\u00f6ren.<\/p>\n\n\n\n<figure class=\"wp-block-image size-large\"><img loading=\"lazy\" decoding=\"async\" width=\"1024\" height=\"768\" src=\"https:\/\/www.eslebedasauto.at\/wp-content\/uploads\/2024\/12\/IMG_0503-1024x768.jpeg\" alt=\"\" class=\"wp-image-97360\" srcset=\"https:\/\/www.eslebedasauto.at\/wp-content\/uploads\/2024\/12\/IMG_0503-1024x768.jpeg 1024w, https:\/\/www.eslebedasauto.at\/wp-content\/uploads\/2024\/12\/IMG_0503-300x225.jpeg 300w, https:\/\/www.eslebedasauto.at\/wp-content\/uploads\/2024\/12\/IMG_0503-768x576.jpeg 768w, https:\/\/www.eslebedasauto.at\/wp-content\/uploads\/2024\/12\/IMG_0503-1536x1152.jpeg 1536w, https:\/\/www.eslebedasauto.at\/wp-content\/uploads\/2024\/12\/IMG_0503.jpeg 2048w\" sizes=\"(max-width: 1024px) 100vw, 1024px\" \/><\/figure>\n\n\n\n<p>Das Cockpit kombiniert klassische Elemente wie die tiefen Tuben f\u00fcr Drehzahlmesser und Tacho mit einem modernen, wenn auch eher kompakten Touchscreen. Hinzu kommen konventionelle Schalter und eine gut funktionierende Sprachsteuerung, was zusammen eine intuitive Bedienung erm\u00f6glicht.<\/p>\n\n\n\n<figure class=\"wp-block-gallery has-nested-images columns-default is-cropped wp-block-gallery-1 is-layout-flex wp-block-gallery-is-layout-flex\">\n<figure class=\"wp-block-image size-large\"><img loading=\"lazy\" decoding=\"async\" width=\"1024\" height=\"768\" data-id=\"97361\" src=\"https:\/\/www.eslebedasauto.at\/wp-content\/uploads\/2024\/12\/IMG_0507-1024x768.jpeg\" alt=\"\" class=\"wp-image-97361\" srcset=\"https:\/\/www.eslebedasauto.at\/wp-content\/uploads\/2024\/12\/IMG_0507-1024x768.jpeg 1024w, https:\/\/www.eslebedasauto.at\/wp-content\/uploads\/2024\/12\/IMG_0507-300x225.jpeg 300w, https:\/\/www.eslebedasauto.at\/wp-content\/uploads\/2024\/12\/IMG_0507-768x576.jpeg 768w, https:\/\/www.eslebedasauto.at\/wp-content\/uploads\/2024\/12\/IMG_0507-1536x1152.jpeg 1536w, https:\/\/www.eslebedasauto.at\/wp-content\/uploads\/2024\/12\/IMG_0507.jpeg 2048w\" sizes=\"(max-width: 1024px) 100vw, 1024px\" \/><\/figure>\n\n\n\n<figure class=\"wp-block-image size-large\"><img loading=\"lazy\" decoding=\"async\" width=\"1024\" height=\"768\" data-id=\"97362\" src=\"https:\/\/www.eslebedasauto.at\/wp-content\/uploads\/2024\/12\/IMG_0508-1024x768.jpeg\" alt=\"\" class=\"wp-image-97362\" srcset=\"https:\/\/www.eslebedasauto.at\/wp-content\/uploads\/2024\/12\/IMG_0508-1024x768.jpeg 1024w, https:\/\/www.eslebedasauto.at\/wp-content\/uploads\/2024\/12\/IMG_0508-300x225.jpeg 300w, https:\/\/www.eslebedasauto.at\/wp-content\/uploads\/2024\/12\/IMG_0508-768x576.jpeg 768w, https:\/\/www.eslebedasauto.at\/wp-content\/uploads\/2024\/12\/IMG_0508-1536x1152.jpeg 1536w, https:\/\/www.eslebedasauto.at\/wp-content\/uploads\/2024\/12\/IMG_0508.jpeg 2048w\" sizes=\"(max-width: 1024px) 100vw, 1024px\" \/><\/figure>\n\n\n\n<figure class=\"wp-block-image size-large\"><img loading=\"lazy\" decoding=\"async\" width=\"1024\" height=\"768\" data-id=\"97364\" src=\"https:\/\/www.eslebedasauto.at\/wp-content\/uploads\/2024\/12\/IMG_0510-1024x768.jpeg\" alt=\"\" class=\"wp-image-97364\" srcset=\"https:\/\/www.eslebedasauto.at\/wp-content\/uploads\/2024\/12\/IMG_0510-1024x768.jpeg 1024w, https:\/\/www.eslebedasauto.at\/wp-content\/uploads\/2024\/12\/IMG_0510-300x225.jpeg 300w, https:\/\/www.eslebedasauto.at\/wp-content\/uploads\/2024\/12\/IMG_0510-768x576.jpeg 768w, https:\/\/www.eslebedasauto.at\/wp-content\/uploads\/2024\/12\/IMG_0510-1536x1152.jpeg 1536w, https:\/\/www.eslebedasauto.at\/wp-content\/uploads\/2024\/12\/IMG_0510.jpeg 2048w\" sizes=\"(max-width: 1024px) 100vw, 1024px\" \/><\/figure>\n<\/figure>\n\n\n\n<figure class=\"wp-block-image size-large\"><img loading=\"lazy\" decoding=\"async\" width=\"1024\" height=\"768\" src=\"https:\/\/www.eslebedasauto.at\/wp-content\/uploads\/2024\/12\/IMG_0508-1024x768.jpeg\" alt=\"\" class=\"wp-image-97362\" srcset=\"https:\/\/www.eslebedasauto.at\/wp-content\/uploads\/2024\/12\/IMG_0508-1024x768.jpeg 1024w, https:\/\/www.eslebedasauto.at\/wp-content\/uploads\/2024\/12\/IMG_0508-300x225.jpeg 300w, https:\/\/www.eslebedasauto.at\/wp-content\/uploads\/2024\/12\/IMG_0508-768x576.jpeg 768w, https:\/\/www.eslebedasauto.at\/wp-content\/uploads\/2024\/12\/IMG_0508-1536x1152.jpeg 1536w, https:\/\/www.eslebedasauto.at\/wp-content\/uploads\/2024\/12\/IMG_0508.jpeg 2048w\" sizes=\"(max-width: 1024px) 100vw, 1024px\" \/><\/figure>\n\n\n\n<h3 id=\"fahrverhalten-dynamik-pur\" class=\"wp-block-heading\">Fahrverhalten: Dynamik pur<\/h3>\n\n\n\n<p><strong>Der Stelvio Veloce 2.0 AWD h\u00e4lt, was sein Name verspricht.<\/strong> Unter der Haube arbeitet ein 280 PS starker Zweiliter-Vierzylinder mit Twin-Scroll-Turbo, der sein maximales Drehmoment von 400 Newtonmeter bereits ab 2.250 U\/min liefert. Den Sprint auf 100 km\/h bew\u00e4ltigt der Italiener in 5,7 Sekunden, die H\u00f6chstgeschwindigkeit liegt bei 230 km\/h. Dabei bleibt der Motor akustisch zur\u00fcckhaltend, es sei denn, man fordert ihn heraus \u2013 ein etwas kernigerer Sound h\u00e4tte jedoch nicht geschadet.<\/p>\n\n\n\n<figure class=\"wp-block-image size-large\"><img loading=\"lazy\" decoding=\"async\" width=\"1024\" height=\"768\" src=\"https:\/\/www.eslebedasauto.at\/wp-content\/uploads\/2024\/12\/IMG_0500-1024x768.jpeg\" alt=\"\" class=\"wp-image-97350\" srcset=\"https:\/\/www.eslebedasauto.at\/wp-content\/uploads\/2024\/12\/IMG_0500-1024x768.jpeg 1024w, https:\/\/www.eslebedasauto.at\/wp-content\/uploads\/2024\/12\/IMG_0500-300x225.jpeg 300w, https:\/\/www.eslebedasauto.at\/wp-content\/uploads\/2024\/12\/IMG_0500-768x576.jpeg 768w, https:\/\/www.eslebedasauto.at\/wp-content\/uploads\/2024\/12\/IMG_0500-1536x1152.jpeg 1536w, https:\/\/www.eslebedasauto.at\/wp-content\/uploads\/2024\/12\/IMG_0500.jpeg 2048w\" sizes=\"(max-width: 1024px) 100vw, 1024px\" \/><\/figure>\n\n\n\n<p><strong>Das pr\u00e4zise Fahrwerk l\u00e4sst sich individuell anpassen<\/strong> und bietet sowohl in Kurven als auch auf der Autobahn beeindruckende Performance. Die Fahrdynamikregelung sorgt daf\u00fcr, dass der Stelvio sowohl beim Kurvenspa\u00df am Stilfser Joch als auch auf langen Strecken \u00fcberzeugt. Einzig der Verbrauch ist SUV-typisch: Im Test lag dieser bei 10,2 Litern auf 100 Kilometer.<\/p>\n\n\n\n<figure class=\"wp-block-image size-large\"><img loading=\"lazy\" decoding=\"async\" width=\"1024\" height=\"768\" src=\"https:\/\/www.eslebedasauto.at\/wp-content\/uploads\/2024\/12\/IMG_0498-1024x768.jpeg\" alt=\"\" class=\"wp-image-97348\" srcset=\"https:\/\/www.eslebedasauto.at\/wp-content\/uploads\/2024\/12\/IMG_0498-1024x768.jpeg 1024w, https:\/\/www.eslebedasauto.at\/wp-content\/uploads\/2024\/12\/IMG_0498-300x225.jpeg 300w, https:\/\/www.eslebedasauto.at\/wp-content\/uploads\/2024\/12\/IMG_0498-768x576.jpeg 768w, https:\/\/www.eslebedasauto.at\/wp-content\/uploads\/2024\/12\/IMG_0498-1536x1152.jpeg 1536w, https:\/\/www.eslebedasauto.at\/wp-content\/uploads\/2024\/12\/IMG_0498.jpeg 2048w\" sizes=\"(max-width: 1024px) 100vw, 1024px\" \/><\/figure>\n\n\n\n<h3 id=\"fazit\" class=\"wp-block-heading\">Fazit<\/h3>\n\n\n\n<p>Ein elegantes SUV zu entwickeln, ist keine leichte Aufgabe, doch Alfa Romeo hat mit dem Stelvio ein Meisterst\u00fcck abgeliefert, welches trotz seiner langen Bauzeit noch immer taufrisch wirkt. Die &#8222;Veloce&#8220;-Variante \u2013 italienisch f\u00fcr &#8222;schnell&#8220; \u2013 macht ihrem Namen alle Ehre und punktet mit sportlichem Fahrspa\u00df. Technisch, qualitativ und preislich positioniert sich der Stelvio Veloce 2.0 AWD auf Augenh\u00f6he mit der Konkurrenz. Der Einstiegspreis liegt bei 82.100 Euro.<\/p>\n\n\n\n<h4 id=\"daten-fakten-alfa-romeo-stelvio-veloce-2-0-awd\" class=\"wp-block-heading\">Daten Fakten Alfa Romeo Stelvio Veloce 2.0 AWD<\/h4>\n\n\n\n<p>Motor: Reihen-Vierzylinder Twin-Scroll Turbo<br>Hubraum: 1.995 ccm<br>Leistung: 280 PS<br>Drehmoment: 400 Nm 2.250 U\/min<br>0-100 km\/h: 5,7 Sekunden<br>Vmax: 230 km\/h<br>Testverbrauch: 10,2 Liter \/100 km<br>Preis: ab EUR 82.100,-<\/p>","protected":false},"excerpt":{"rendered":"<p>Auch wenn der k\u00fcrzlich aufgefrischte Stelvio schon einige Jahre auf dem Markt ist, f\u00e4hrt er sich taufrisch und auch die Optik ist alles andere als altbacken.<\/p>","protected":false},"author":2,"featured_media":97351,"comment_status":"open","ping_status":"open","sticky":false,"template":"","format":"standard","meta":{"neve_meta_sidebar":"","neve_meta_container":"","neve_meta_enable_content_width":"","neve_meta_content_width":0,"neve_meta_title_alignment":"","neve_meta_author_avatar":"","neve_post_elements_order":"","neve_meta_disable_header":"","neve_meta_disable_footer":"","neve_meta_disable_title":"","neve_meta_reading_time":"","footnotes":""},"categories":[14,335],"tags":[],"class_list":["post-88698","post","type-post","status-publish","format-standard","has-post-thumbnail","hentry","category-benzin","category-fahrberichte"],"yoast_head":"<!-- This site is optimized with the Yoast SEO plugin v26.8 - https:\/\/yoast.com\/product\/yoast-seo-wordpress\/ -->\n<title>Der Alfa Romeo Stelvio 2.0 AWD im Test - Es lebe das Auto<\/title>\n<meta name=\"description\" content=\"Auch wenn der k\u00fcrzlich aufgefrischte Stelvio schon einige Jahre auf dem Markt ist, f\u00e4hrt er sich taufrisch und auch die Optik ist alles andere als altbacken.\" \/>\n<meta name=\"robots\" content=\"index, follow, max-snippet:-1, max-image-preview:large, max-video-preview:-1\" \/>\n<link rel=\"canonical\" href=\"https:\/\/www.eslebedasauto.at\/it\/alfa-romeo-stelvio-veloce-2-0-awd-test\/\" \/>\n<meta property=\"og:locale\" content=\"it_IT\" \/>\n<meta property=\"og:type\" content=\"article\" \/>\n<meta property=\"og:title\" content=\"Der Alfa Romeo Stelvio 2.0 AWD im Test - Es lebe das Auto\" \/>\n<meta property=\"og:description\" content=\"Auch wenn der k\u00fcrzlich aufgefrischte Stelvio schon einige Jahre auf dem Markt ist, f\u00e4hrt er sich taufrisch und auch die Optik ist alles andere als altbacken.\" \/>\n<meta property=\"og:url\" content=\"https:\/\/www.eslebedasauto.at\/it\/alfa-romeo-stelvio-veloce-2-0-awd-test\/\" \/>\n<meta property=\"og:site_name\" content=\"Es lebe das Auto\" \/>\n<meta property=\"article:publisher\" content=\"https:\/\/www.facebook.com\/eslebedasauto.at\" \/>\n<meta property=\"article:published_time\" content=\"2024-12-12T08:01:04+00:00\" \/>\n<meta property=\"article:modified_time\" content=\"2024-12-13T15:50:14+00:00\" \/>\n<meta property=\"og:image\" content=\"https:\/\/www.eslebedasauto.at\/wp-content\/uploads\/2024\/12\/IMG_0501.jpeg\" \/>\n\t<meta property=\"og:image:width\" content=\"2048\" \/>\n\t<meta property=\"og:image:height\" content=\"1536\" \/>\n\t<meta property=\"og:image:type\" content=\"image\/jpeg\" \/>\n<meta name=\"author\" content=\"gerhard\" \/>\n<meta name=\"twitter:card\" content=\"summary_large_image\" \/>\n<meta name=\"twitter:label1\" content=\"Scritto da\" \/>\n\t<meta name=\"twitter:data1\" content=\"gerhard\" \/>\n\t<meta name=\"twitter:label2\" content=\"Tempo di lettura stimato\" \/>\n\t<meta name=\"twitter:data2\" content=\"5 minuti\" \/>\n<script type=\"application\/ld+json\" class=\"yoast-schema-graph\">{\"@context\":\"https:\/\/schema.org\",\"@graph\":[{\"@type\":\"Article\",\"@id\":\"https:\/\/www.eslebedasauto.at\/alfa-romeo-stelvio-veloce-2-0-awd-test\/#article\",\"isPartOf\":{\"@id\":\"https:\/\/www.eslebedasauto.at\/alfa-romeo-stelvio-veloce-2-0-awd-test\/\"},\"author\":{\"name\":\"gerhard\",\"@id\":\"https:\/\/www.eslebedasauto.at\/#\/schema\/person\/fb81218b0bed500d225ff518f9f17033\"},\"headline\":\"Der Alfa Romeo Stelvio 2.0 AWD im Test\",\"datePublished\":\"2024-12-12T08:01:04+00:00\",\"dateModified\":\"2024-12-13T15:50:14+00:00\",\"mainEntityOfPage\":{\"@id\":\"https:\/\/www.eslebedasauto.at\/alfa-romeo-stelvio-veloce-2-0-awd-test\/\"},\"wordCount\":455,\"commentCount\":0,\"publisher\":{\"@id\":\"https:\/\/www.eslebedasauto.at\/#organization\"},\"image\":{\"@id\":\"https:\/\/www.eslebedasauto.at\/alfa-romeo-stelvio-veloce-2-0-awd-test\/#primaryimage\"},\"thumbnailUrl\":\"https:\/\/www.eslebedasauto.at\/wp-content\/uploads\/2024\/12\/IMG_0501.jpeg\",\"articleSection\":[\"Benzin\",\"Fahrberichte\"],\"inLanguage\":\"it-IT\",\"potentialAction\":[{\"@type\":\"CommentAction\",\"name\":\"Comment\",\"target\":[\"https:\/\/www.eslebedasauto.at\/alfa-romeo-stelvio-veloce-2-0-awd-test\/#respond\"]}]},{\"@type\":\"WebPage\",\"@id\":\"https:\/\/www.eslebedasauto.at\/alfa-romeo-stelvio-veloce-2-0-awd-test\/\",\"url\":\"https:\/\/www.eslebedasauto.at\/alfa-romeo-stelvio-veloce-2-0-awd-test\/\",\"name\":\"Der Alfa Romeo Stelvio 2.0 AWD im Test - Es lebe das Auto\",\"isPartOf\":{\"@id\":\"https:\/\/www.eslebedasauto.at\/#website\"},\"primaryImageOfPage\":{\"@id\":\"https:\/\/www.eslebedasauto.at\/alfa-romeo-stelvio-veloce-2-0-awd-test\/#primaryimage\"},\"image\":{\"@id\":\"https:\/\/www.eslebedasauto.at\/alfa-romeo-stelvio-veloce-2-0-awd-test\/#primaryimage\"},\"thumbnailUrl\":\"https:\/\/www.eslebedasauto.at\/wp-content\/uploads\/2024\/12\/IMG_0501.jpeg\",\"datePublished\":\"2024-12-12T08:01:04+00:00\",\"dateModified\":\"2024-12-13T15:50:14+00:00\",\"description\":\"Auch wenn der k\u00fcrzlich aufgefrischte Stelvio schon einige Jahre auf dem Markt ist, f\u00e4hrt er sich taufrisch und auch die Optik ist alles andere als altbacken.\",\"breadcrumb\":{\"@id\":\"https:\/\/www.eslebedasauto.at\/alfa-romeo-stelvio-veloce-2-0-awd-test\/#breadcrumb\"},\"inLanguage\":\"it-IT\",\"potentialAction\":[{\"@type\":\"ReadAction\",\"target\":[\"https:\/\/www.eslebedasauto.at\/alfa-romeo-stelvio-veloce-2-0-awd-test\/\"]}]},{\"@type\":\"ImageObject\",\"inLanguage\":\"it-IT\",\"@id\":\"https:\/\/www.eslebedasauto.at\/alfa-romeo-stelvio-veloce-2-0-awd-test\/#primaryimage\",\"url\":\"https:\/\/www.eslebedasauto.at\/wp-content\/uploads\/2024\/12\/IMG_0501.jpeg\",\"contentUrl\":\"https:\/\/www.eslebedasauto.at\/wp-content\/uploads\/2024\/12\/IMG_0501.jpeg\",\"width\":2048,\"height\":1536},{\"@type\":\"BreadcrumbList\",\"@id\":\"https:\/\/www.eslebedasauto.at\/alfa-romeo-stelvio-veloce-2-0-awd-test\/#breadcrumb\",\"itemListElement\":[{\"@type\":\"ListItem\",\"position\":1,\"name\":\"Startseite\",\"item\":\"https:\/\/www.eslebedasauto.at\/\"},{\"@type\":\"ListItem\",\"position\":2,\"name\":\"Der Alfa Romeo Stelvio 2.0 AWD im Test\"}]},{\"@type\":\"WebSite\",\"@id\":\"https:\/\/www.eslebedasauto.at\/#website\",\"url\":\"https:\/\/www.eslebedasauto.at\/\",\"name\":\"Es lebe das Auto\",\"description\":\"ein Hoch auf den Individualverkehr\",\"publisher\":{\"@id\":\"https:\/\/www.eslebedasauto.at\/#organization\"},\"potentialAction\":[{\"@type\":\"SearchAction\",\"target\":{\"@type\":\"EntryPoint\",\"urlTemplate\":\"https:\/\/www.eslebedasauto.at\/?s={search_term_string}\"},\"query-input\":{\"@type\":\"PropertyValueSpecification\",\"valueRequired\":true,\"valueName\":\"search_term_string\"}}],\"inLanguage\":\"it-IT\"},{\"@type\":\"Organization\",\"@id\":\"https:\/\/www.eslebedasauto.at\/#organization\",\"name\":\"eslebedasauto\",\"url\":\"https:\/\/www.eslebedasauto.at\/\",\"logo\":{\"@type\":\"ImageObject\",\"inLanguage\":\"it-IT\",\"@id\":\"https:\/\/www.eslebedasauto.at\/#\/schema\/logo\/image\/\",\"url\":\"https:\/\/www.eslebedasauto.at\/wp-content\/uploads\/2025\/10\/eldarund.png\",\"contentUrl\":\"https:\/\/www.eslebedasauto.at\/wp-content\/uploads\/2025\/10\/eldarund.png\",\"width\":1024,\"height\":1024,\"caption\":\"eslebedasauto\"},\"image\":{\"@id\":\"https:\/\/www.eslebedasauto.at\/#\/schema\/logo\/image\/\"},\"sameAs\":[\"https:\/\/www.facebook.com\/eslebedasauto.at\",\"https:\/\/www.instagram.com\/es_lebe_das_auto\/\"]},{\"@type\":\"Person\",\"@id\":\"https:\/\/www.eslebedasauto.at\/#\/schema\/person\/fb81218b0bed500d225ff518f9f17033\",\"name\":\"gerhard\",\"url\":\"https:\/\/www.eslebedasauto.at\/it\/author\/gerhard\/\"}]}<\/script>\n<!-- \/ Yoast SEO plugin. -->","yoast_head_json":{"title":"Der Alfa Romeo Stelvio 2.0 AWD im Test - Es lebe das Auto","description":"Auch wenn der k\u00fcrzlich aufgefrischte Stelvio schon einige Jahre auf dem Markt ist, f\u00e4hrt er sich taufrisch und auch die Optik ist alles andere als altbacken.","robots":{"index":"index","follow":"follow","max-snippet":"max-snippet:-1","max-image-preview":"max-image-preview:large","max-video-preview":"max-video-preview:-1"},"canonical":"https:\/\/www.eslebedasauto.at\/it\/alfa-romeo-stelvio-veloce-2-0-awd-test\/","og_locale":"it_IT","og_type":"article","og_title":"Der Alfa Romeo Stelvio 2.0 AWD im Test - Es lebe das Auto","og_description":"Auch wenn der k\u00fcrzlich aufgefrischte Stelvio schon einige Jahre auf dem Markt ist, f\u00e4hrt er sich taufrisch und auch die Optik ist alles andere als altbacken.","og_url":"https:\/\/www.eslebedasauto.at\/it\/alfa-romeo-stelvio-veloce-2-0-awd-test\/","og_site_name":"Es lebe das Auto","article_publisher":"https:\/\/www.facebook.com\/eslebedasauto.at","article_published_time":"2024-12-12T08:01:04+00:00","article_modified_time":"2024-12-13T15:50:14+00:00","og_image":[{"width":2048,"height":1536,"url":"https:\/\/www.eslebedasauto.at\/wp-content\/uploads\/2024\/12\/IMG_0501.jpeg","type":"image\/jpeg"}],"author":"gerhard","twitter_card":"summary_large_image","twitter_misc":{"Scritto da":"gerhard","Tempo di lettura stimato":"5 minuti"},"schema":{"@context":"https:\/\/schema.org","@graph":[{"@type":"Article","@id":"https:\/\/www.eslebedasauto.at\/alfa-romeo-stelvio-veloce-2-0-awd-test\/#article","isPartOf":{"@id":"https:\/\/www.eslebedasauto.at\/alfa-romeo-stelvio-veloce-2-0-awd-test\/"},"author":{"name":"gerhard","@id":"https:\/\/www.eslebedasauto.at\/#\/schema\/person\/fb81218b0bed500d225ff518f9f17033"},"headline":"Der Alfa Romeo Stelvio 2.0 AWD im Test","datePublished":"2024-12-12T08:01:04+00:00","dateModified":"2024-12-13T15:50:14+00:00","mainEntityOfPage":{"@id":"https:\/\/www.eslebedasauto.at\/alfa-romeo-stelvio-veloce-2-0-awd-test\/"},"wordCount":455,"commentCount":0,"publisher":{"@id":"https:\/\/www.eslebedasauto.at\/#organization"},"image":{"@id":"https:\/\/www.eslebedasauto.at\/alfa-romeo-stelvio-veloce-2-0-awd-test\/#primaryimage"},"thumbnailUrl":"https:\/\/www.eslebedasauto.at\/wp-content\/uploads\/2024\/12\/IMG_0501.jpeg","articleSection":["Benzin","Fahrberichte"],"inLanguage":"it-IT","potentialAction":[{"@type":"CommentAction","name":"Comment","target":["https:\/\/www.eslebedasauto.at\/alfa-romeo-stelvio-veloce-2-0-awd-test\/#respond"]}]},{"@type":"WebPage","@id":"https:\/\/www.eslebedasauto.at\/alfa-romeo-stelvio-veloce-2-0-awd-test\/","url":"https:\/\/www.eslebedasauto.at\/alfa-romeo-stelvio-veloce-2-0-awd-test\/","name":"Der Alfa Romeo Stelvio 2.0 AWD im Test - Es lebe das Auto","isPartOf":{"@id":"https:\/\/www.eslebedasauto.at\/#website"},"primaryImageOfPage":{"@id":"https:\/\/www.eslebedasauto.at\/alfa-romeo-stelvio-veloce-2-0-awd-test\/#primaryimage"},"image":{"@id":"https:\/\/www.eslebedasauto.at\/alfa-romeo-stelvio-veloce-2-0-awd-test\/#primaryimage"},"thumbnailUrl":"https:\/\/www.eslebedasauto.at\/wp-content\/uploads\/2024\/12\/IMG_0501.jpeg","datePublished":"2024-12-12T08:01:04+00:00","dateModified":"2024-12-13T15:50:14+00:00","description":"Auch wenn der k\u00fcrzlich aufgefrischte Stelvio schon einige Jahre auf dem Markt ist, f\u00e4hrt er sich taufrisch und auch die Optik ist alles andere als altbacken.","breadcrumb":{"@id":"https:\/\/www.eslebedasauto.at\/alfa-romeo-stelvio-veloce-2-0-awd-test\/#breadcrumb"},"inLanguage":"it-IT","potentialAction":[{"@type":"ReadAction","target":["https:\/\/www.eslebedasauto.at\/alfa-romeo-stelvio-veloce-2-0-awd-test\/"]}]},{"@type":"ImageObject","inLanguage":"it-IT","@id":"https:\/\/www.eslebedasauto.at\/alfa-romeo-stelvio-veloce-2-0-awd-test\/#primaryimage","url":"https:\/\/www.eslebedasauto.at\/wp-content\/uploads\/2024\/12\/IMG_0501.jpeg","contentUrl":"https:\/\/www.eslebedasauto.at\/wp-content\/uploads\/2024\/12\/IMG_0501.jpeg","width":2048,"height":1536},{"@type":"BreadcrumbList","@id":"https:\/\/www.eslebedasauto.at\/alfa-romeo-stelvio-veloce-2-0-awd-test\/#breadcrumb","itemListElement":[{"@type":"ListItem","position":1,"name":"Startseite","item":"https:\/\/www.eslebedasauto.at\/"},{"@type":"ListItem","position":2,"name":"Der Alfa Romeo Stelvio 2.0 AWD im Test"}]},{"@type":"WebSite","@id":"https:\/\/www.eslebedasauto.at\/#website","url":"https:\/\/www.eslebedasauto.at\/","name":"Es lebe das Auto","description":"ein Hoch auf den Individualverkehr","publisher":{"@id":"https:\/\/www.eslebedasauto.at\/#organization"},"potentialAction":[{"@type":"SearchAction","target":{"@type":"EntryPoint","urlTemplate":"https:\/\/www.eslebedasauto.at\/?s={search_term_string}"},"query-input":{"@type":"PropertyValueSpecification","valueRequired":true,"valueName":"search_term_string"}}],"inLanguage":"it-IT"},{"@type":"Organization","@id":"https:\/\/www.eslebedasauto.at\/#organization","name":"eslebedasauto","url":"https:\/\/www.eslebedasauto.at\/","logo":{"@type":"ImageObject","inLanguage":"it-IT","@id":"https:\/\/www.eslebedasauto.at\/#\/schema\/logo\/image\/","url":"https:\/\/www.eslebedasauto.at\/wp-content\/uploads\/2025\/10\/eldarund.png","contentUrl":"https:\/\/www.eslebedasauto.at\/wp-content\/uploads\/2025\/10\/eldarund.png","width":1024,"height":1024,"caption":"eslebedasauto"},"image":{"@id":"https:\/\/www.eslebedasauto.at\/#\/schema\/logo\/image\/"},"sameAs":["https:\/\/www.facebook.com\/eslebedasauto.at","https:\/\/www.instagram.com\/es_lebe_das_auto\/"]},{"@type":"Person","@id":"https:\/\/www.eslebedasauto.at\/#\/schema\/person\/fb81218b0bed500d225ff518f9f17033","name":"gerhard","url":"https:\/\/www.eslebedasauto.at\/it\/author\/gerhard\/"}]}},"_links":{"self":[{"href":"https:\/\/www.eslebedasauto.at\/it\/wp-json\/wp\/v2\/posts\/88698","targetHints":{"allow":["GET"]}}],"collection":[{"href":"https:\/\/www.eslebedasauto.at\/it\/wp-json\/wp\/v2\/posts"}],"about":[{"href":"https:\/\/www.eslebedasauto.at\/it\/wp-json\/wp\/v2\/types\/post"}],"author":[{"embeddable":true,"href":"https:\/\/www.eslebedasauto.at\/it\/wp-json\/wp\/v2\/users\/2"}],"replies":[{"embeddable":true,"href":"https:\/\/www.eslebedasauto.at\/it\/wp-json\/wp\/v2\/comments?post=88698"}],"version-history":[{"count":9,"href":"https:\/\/www.eslebedasauto.at\/it\/wp-json\/wp\/v2\/posts\/88698\/revisions"}],"predecessor-version":[{"id":97383,"href":"https:\/\/www.eslebedasauto.at\/it\/wp-json\/wp\/v2\/posts\/88698\/revisions\/97383"}],"wp:featuredmedia":[{"embeddable":true,"href":"https:\/\/www.eslebedasauto.at\/it\/wp-json\/wp\/v2\/media\/97351"}],"wp:attachment":[{"href":"https:\/\/www.eslebedasauto.at\/it\/wp-json\/wp\/v2\/media?parent=88698"}],"wp:term":[{"taxonomy":"category","embeddable":true,"href":"https:\/\/www.eslebedasauto.at\/it\/wp-json\/wp\/v2\/categories?post=88698"},{"taxonomy":"post_tag","embeddable":true,"href":"https:\/\/www.eslebedasauto.at\/it\/wp-json\/wp\/v2\/tags?post=88698"}],"curies":[{"name":"wp","href":"https:\/\/api.w.org\/{rel}","templated":true}]}}