{"id":87896,"date":"2024-03-18T09:01:05","date_gmt":"2024-03-18T08:01:05","guid":{"rendered":"https:\/\/www.eslebedasauto.at\/?p=87896"},"modified":"2024-03-18T09:01:05","modified_gmt":"2024-03-18T08:01:05","slug":"porsche-taycan-sport-turismo-test","status":"publish","type":"post","link":"https:\/\/www.eslebedasauto.at\/it\/porsche-taycan-sport-turismo-test\/","title":{"rendered":"Taycan, der Dritte."},"content":{"rendered":"<h4 class=\"wp-block-heading\" id=\"wem-der-porsche-taycan-zu-limousinenhaft-und-der-cross-turismo-zu-cross-ist-fur-den-gibt-es-ab-sofort-den-taycan-sport-turismo\">Wem der Porsche Taycan zu limousinenhaft und der Cross Turismo zu cross ist, f\u00fcr den gibt es ab sofort den Taycan Sport Turismo. <\/h4>\n\n\n\n<figure class=\"wp-block-image size-large\"><img fetchpriority=\"high\" decoding=\"async\" width=\"1024\" height=\"663\" src=\"https:\/\/www.eslebedasauto.at\/wp-content\/uploads\/2022\/02\/IMG_6605-1024x663.jpeg\" alt=\"\" class=\"wp-image-87910\" srcset=\"https:\/\/www.eslebedasauto.at\/wp-content\/uploads\/2022\/02\/IMG_6605-1024x663.jpeg 1024w, https:\/\/www.eslebedasauto.at\/wp-content\/uploads\/2022\/02\/IMG_6605-300x194.jpeg 300w, https:\/\/www.eslebedasauto.at\/wp-content\/uploads\/2022\/02\/IMG_6605-768x497.jpeg 768w, https:\/\/www.eslebedasauto.at\/wp-content\/uploads\/2022\/02\/IMG_6605-1536x995.jpeg 1536w, https:\/\/www.eslebedasauto.at\/wp-content\/uploads\/2022\/02\/IMG_6605-2048x1326.jpeg 2048w, https:\/\/www.eslebedasauto.at\/wp-content\/uploads\/2022\/02\/IMG_6605-800x518.jpeg 800w, https:\/\/www.eslebedasauto.at\/wp-content\/uploads\/2022\/02\/IMG_6605-1160x751.jpeg 1160w\" sizes=\"(max-width: 1024px) 100vw, 1024px\" \/><\/figure>\n\n\n\n<p>Die Karosseriepalette des Porsche&nbsp;Taycan&nbsp;wird immer breiter: Seit kurzem gibt es neben der Flie\u00dfheck-Variante mit kleinem Kofferraumdeckel und dem etwas hochgebockten Cross Turismo mit Heckklappe eine dritte Variante namens Sport Turismo. Diese Version &#8211; anfangs nur als GTS zu bekommen &#8211; kann ab sofort in allen g\u00e4ngigen Leistungsstufen geordert werden. Wie schon erw\u00e4hnt, verf\u00fcgt sie \u00fcber die Karosserie des Cross Turismo, verzichtet aber auf die H\u00f6herlegung sowie die Anbauteile in Kontrastfarbe. Auch wenn es Porsche nicht so gerne h\u00f6rt, handelt es sich beim Sport Turismo schlicht um die Kombivariante des Taycan.<\/p>\n\n\n\n<figure class=\"wp-block-image size-large\"><img decoding=\"async\" width=\"1024\" height=\"768\" src=\"https:\/\/www.eslebedasauto.at\/wp-content\/uploads\/2022\/02\/IMG_6602-1024x768.jpeg\" alt=\"\" class=\"wp-image-87909\" srcset=\"https:\/\/www.eslebedasauto.at\/wp-content\/uploads\/2022\/02\/IMG_6602-1024x768.jpeg 1024w, https:\/\/www.eslebedasauto.at\/wp-content\/uploads\/2022\/02\/IMG_6602-300x225.jpeg 300w, https:\/\/www.eslebedasauto.at\/wp-content\/uploads\/2022\/02\/IMG_6602-768x576.jpeg 768w, https:\/\/www.eslebedasauto.at\/wp-content\/uploads\/2022\/02\/IMG_6602-1536x1152.jpeg 1536w, https:\/\/www.eslebedasauto.at\/wp-content\/uploads\/2022\/02\/IMG_6602-800x600.jpeg 800w, https:\/\/www.eslebedasauto.at\/wp-content\/uploads\/2022\/02\/IMG_6602-1160x870.jpeg 1160w, https:\/\/www.eslebedasauto.at\/wp-content\/uploads\/2022\/02\/IMG_6602.jpeg 2048w\" sizes=\"(max-width: 1024px) 100vw, 1024px\" \/><\/figure>\n\n\n\n<h5 class=\"wp-block-heading\" id=\"viper-grun-speed-gelb-oder-indisch-rot-lauter-tolle-porsche-farben-wahre-helden-wahlen-allerdings-frozenberry-metallic-auf-den-ersten-blick-irgendwie-schockierend-auf-den-zweiten-gar-nicht-so-ubel-wer-traut-sich\"><span id=\"viper-grun-speed-gelb-oder-indisch-rot-lauter-tolle-porsche-farben-wahre-helden-wahlen-allerdings-frozenberry-metallic-auf-den-ersten-blick-irgendwie-schockierend-auf\">Viper-Gr\u00fcn, Speed-Gelb oder Indisch-Rot &#8211; lauter tolle Porsche-Farben. Wahre Helden w\u00e4hlen allerdings &#8222;Frozenberry Metallic&#8220; &#8211; auf den ersten Blick irgendwie schockierend, auf den zweiten gar nicht so \u00fcbel. Wer traut sich?<\/span><\/h5>\n\n\n\n<p>Wer jetzt an tolles Raumangebot oder Familienkutsche denkt, wird klarerweise ein klein wenig entt\u00e4uscht. Trotz Heckklappe ist auch dieser Porsche kein Raumwunder, sondern eher eine Art &#8222;Shootingbrake&#8220;. Hinten sitzt es sich gut aber nicht ausladend, durch die relativ gerade Dachlinie hat man aber weitaus mehr Kopffreiheit als im normalen Taycan. Dieser hat \u00fcbrigens das idente Kofferraumvolumen wie der Sport Turismo unterhalb der Abdeckung, nur l\u00e4sst er sich \u00fcber den normalen Kofferraumdeckel nicht so easy beladen.<\/p>\n\n\n\n<figure class=\"wp-block-image size-large\"><img decoding=\"async\" width=\"1024\" height=\"768\" src=\"https:\/\/www.eslebedasauto.at\/wp-content\/uploads\/2022\/02\/IMG_6614-1024x768.jpeg\" alt=\"\" class=\"wp-image-87913\" srcset=\"https:\/\/www.eslebedasauto.at\/wp-content\/uploads\/2022\/02\/IMG_6614-1024x768.jpeg 1024w, https:\/\/www.eslebedasauto.at\/wp-content\/uploads\/2022\/02\/IMG_6614-300x225.jpeg 300w, https:\/\/www.eslebedasauto.at\/wp-content\/uploads\/2022\/02\/IMG_6614-768x576.jpeg 768w, https:\/\/www.eslebedasauto.at\/wp-content\/uploads\/2022\/02\/IMG_6614-1536x1152.jpeg 1536w, https:\/\/www.eslebedasauto.at\/wp-content\/uploads\/2022\/02\/IMG_6614-800x600.jpeg 800w, https:\/\/www.eslebedasauto.at\/wp-content\/uploads\/2022\/02\/IMG_6614-1160x870.jpeg 1160w, https:\/\/www.eslebedasauto.at\/wp-content\/uploads\/2022\/02\/IMG_6614.jpeg 2048w\" sizes=\"(max-width: 1024px) 100vw, 1024px\" \/><figcaption>F\u00fcnf (!) Bildschirme haben wir in unserem Testwagen gefunden. Dennoch l\u00e4sst sich alles tadellos einfach bedienen. <\/figcaption><\/figure>\n\n\n\n<blockquote class=\"wp-block-quote has-text-align-center is-layout-flow wp-block-quote-is-layout-flow\"><p><em>Gewichtsfetischisten werden das Mehrgewicht von 15 Kilogramm bei einem 2,2 Tonnen-Fahrzeug verschmerzen, genauso wie Pfennigfuchser der Mehrpreis von weniger als 1000 Euro f\u00fcr die Heckgestaltung nicht tangieren wird. Da kostet sogar die Metallic-Lackierung des Testswagens mehr.<\/em><\/p><cite>#eslebedasauto<\/cite><\/blockquote>\n\n\n\n<figure class=\"wp-block-image size-large\"><img loading=\"lazy\" decoding=\"async\" width=\"1024\" height=\"768\" src=\"https:\/\/www.eslebedasauto.at\/wp-content\/uploads\/2022\/02\/IMG_6582-1024x768.jpeg\" alt=\"\" class=\"wp-image-87901\" srcset=\"https:\/\/www.eslebedasauto.at\/wp-content\/uploads\/2022\/02\/IMG_6582-1024x768.jpeg 1024w, https:\/\/www.eslebedasauto.at\/wp-content\/uploads\/2022\/02\/IMG_6582-300x225.jpeg 300w, https:\/\/www.eslebedasauto.at\/wp-content\/uploads\/2022\/02\/IMG_6582-768x576.jpeg 768w, https:\/\/www.eslebedasauto.at\/wp-content\/uploads\/2022\/02\/IMG_6582-1536x1152.jpeg 1536w, https:\/\/www.eslebedasauto.at\/wp-content\/uploads\/2022\/02\/IMG_6582-800x600.jpeg 800w, https:\/\/www.eslebedasauto.at\/wp-content\/uploads\/2022\/02\/IMG_6582-1160x870.jpeg 1160w, https:\/\/www.eslebedasauto.at\/wp-content\/uploads\/2022\/02\/IMG_6582.jpeg 2048w\" sizes=\"(max-width: 1024px) 100vw, 1024px\" \/><\/figure>\n\n\n\n<p>Wir hatten jetzt den &#8222;normalen&#8220; Porsche Taycan Sport Turismo im Testfuhrpark &#8211; also ohne irgendwelche kecken K\u00fcrzel \u00e0 la 4S, Turbo, Turbo S oder GTS am Heck. Somit f\u00e4llt der Allrad-Antrieb flach und von Leistungseskalation kann auch keine Rede sein. Der Hunderter f\u00e4llt in 5,4 Sekunden. Ist ok aber das k\u00f6nnen andere auch. Verhungern muss man trotzdem nicht &#8211; wir reden immerhin von einer Dauerleistung von 375 PS &#8211; im Overboost sind bis zu 476 PS drin. <\/p>\n\n\n\n<figure class=\"wp-block-image size-large\"><img loading=\"lazy\" decoding=\"async\" width=\"1024\" height=\"768\" src=\"https:\/\/www.eslebedasauto.at\/wp-content\/uploads\/2022\/02\/IMG_6589-1024x768.jpeg\" alt=\"\" class=\"wp-image-87903\" srcset=\"https:\/\/www.eslebedasauto.at\/wp-content\/uploads\/2022\/02\/IMG_6589-1024x768.jpeg 1024w, https:\/\/www.eslebedasauto.at\/wp-content\/uploads\/2022\/02\/IMG_6589-300x225.jpeg 300w, https:\/\/www.eslebedasauto.at\/wp-content\/uploads\/2022\/02\/IMG_6589-768x576.jpeg 768w, https:\/\/www.eslebedasauto.at\/wp-content\/uploads\/2022\/02\/IMG_6589-1536x1152.jpeg 1536w, https:\/\/www.eslebedasauto.at\/wp-content\/uploads\/2022\/02\/IMG_6589-800x600.jpeg 800w, https:\/\/www.eslebedasauto.at\/wp-content\/uploads\/2022\/02\/IMG_6589-1160x870.jpeg 1160w, https:\/\/www.eslebedasauto.at\/wp-content\/uploads\/2022\/02\/IMG_6589.jpeg 2048w\" sizes=\"(max-width: 1024px) 100vw, 1024px\" \/><figcaption>Auch der Taycan f\u00e4hrt sich wie ein echter Porsche &#8211; vor allem die Lenkung ist sowas von pr\u00e4zise. <\/figcaption><\/figure>\n\n\n\n<p>Bevor jetzt jemand &#8222;Kassen-Taycan&#8220; schreit: Auch der schw\u00e4chste Taycan liefert gediegenen Druck mit satten Spitzen fern aber jener Brachialit\u00e4t, wie wir sie bereits im Porsche Taycan Turbo S genossen haben. Dennoch jede Menge Spa\u00df inklusive lustiger Heckschw\u00e4nzler beim Kurvenausgang. <\/p>\n\n\n\n<figure class=\"wp-block-image size-large\"><img loading=\"lazy\" decoding=\"async\" width=\"1024\" height=\"768\" src=\"https:\/\/www.eslebedasauto.at\/wp-content\/uploads\/2022\/02\/IMG_6590-1024x768.jpeg\" alt=\"\" class=\"wp-image-87904\" srcset=\"https:\/\/www.eslebedasauto.at\/wp-content\/uploads\/2022\/02\/IMG_6590-1024x768.jpeg 1024w, https:\/\/www.eslebedasauto.at\/wp-content\/uploads\/2022\/02\/IMG_6590-300x225.jpeg 300w, https:\/\/www.eslebedasauto.at\/wp-content\/uploads\/2022\/02\/IMG_6590-768x576.jpeg 768w, https:\/\/www.eslebedasauto.at\/wp-content\/uploads\/2022\/02\/IMG_6590-1536x1152.jpeg 1536w, https:\/\/www.eslebedasauto.at\/wp-content\/uploads\/2022\/02\/IMG_6590-800x600.jpeg 800w, https:\/\/www.eslebedasauto.at\/wp-content\/uploads\/2022\/02\/IMG_6590-1160x870.jpeg 1160w, https:\/\/www.eslebedasauto.at\/wp-content\/uploads\/2022\/02\/IMG_6590.jpeg 2048w\" sizes=\"(max-width: 1024px) 100vw, 1024px\" \/><figcaption>L\u00e4ngsbeschleunigung ist nicht alles. Wenn die erste Kurve kommt, schl\u00e4gt die Stunde des Porsche Taycan.<\/figcaption><\/figure>\n\n\n\n<p>Was auch dieser Taycan perfekt beherrscht, ist die immense Spreizung seiner F\u00e4higkeiten &#8211; mittels Drehknopf am Lenkrad kann man sich von gem\u00fctlicher Langstreckentauglichkeit bis zu rescherem Anstr\u00f6men inklusive elektronischem Gegr\u00f6le, sogar mit simulierten Zwischengasst\u00f6\u00dfen &#8211; hat ja schlie\u00dflich zwei G\u00e4nge \ud83d\ude09 &#8211; einiges g\u00f6nnen.<\/p>\n\n\n\n<figure class=\"wp-block-image size-large\"><img loading=\"lazy\" decoding=\"async\" width=\"1024\" height=\"768\" src=\"https:\/\/www.eslebedasauto.at\/wp-content\/uploads\/2022\/02\/IMG_6598-1024x768.jpeg\" alt=\"\" class=\"wp-image-87907\" srcset=\"https:\/\/www.eslebedasauto.at\/wp-content\/uploads\/2022\/02\/IMG_6598-1024x768.jpeg 1024w, https:\/\/www.eslebedasauto.at\/wp-content\/uploads\/2022\/02\/IMG_6598-300x225.jpeg 300w, https:\/\/www.eslebedasauto.at\/wp-content\/uploads\/2022\/02\/IMG_6598-768x576.jpeg 768w, https:\/\/www.eslebedasauto.at\/wp-content\/uploads\/2022\/02\/IMG_6598-1536x1152.jpeg 1536w, https:\/\/www.eslebedasauto.at\/wp-content\/uploads\/2022\/02\/IMG_6598-800x600.jpeg 800w, https:\/\/www.eslebedasauto.at\/wp-content\/uploads\/2022\/02\/IMG_6598-1160x870.jpeg 1160w, https:\/\/www.eslebedasauto.at\/wp-content\/uploads\/2022\/02\/IMG_6598.jpeg 2048w\" sizes=\"(max-width: 1024px) 100vw, 1024px\" \/><\/figure>\n\n\n\n<p>Ja, auch Langstrecke funktioniert im Porsche Taycan Sport Turismo. Sogar bei winterlichen Temperaturen sollte man 300 Kilometer am St\u00fcck schaffen, danach saugt die 800-Volt-Architektur des Taycan die Akkus in Windeseile wieder voll. Maximal 270 kWh Ladeleistung sind einfach eine Ansage &#8211; da dauert die Ladung an der passenden S\u00e4ule ziemlich genau diesen einen Kaffee, den man f\u00fcr die n\u00e4chsten 300 Kilometer sowieso braucht.<\/p>\n\n\n\n<figure class=\"wp-block-image size-large\"><img loading=\"lazy\" decoding=\"async\" width=\"1024\" height=\"768\" src=\"https:\/\/www.eslebedasauto.at\/wp-content\/uploads\/2022\/02\/IMG_6609-1024x768.jpeg\" alt=\"\" class=\"wp-image-87912\" srcset=\"https:\/\/www.eslebedasauto.at\/wp-content\/uploads\/2022\/02\/IMG_6609-1024x768.jpeg 1024w, https:\/\/www.eslebedasauto.at\/wp-content\/uploads\/2022\/02\/IMG_6609-300x225.jpeg 300w, https:\/\/www.eslebedasauto.at\/wp-content\/uploads\/2022\/02\/IMG_6609-768x576.jpeg 768w, https:\/\/www.eslebedasauto.at\/wp-content\/uploads\/2022\/02\/IMG_6609-1536x1152.jpeg 1536w, https:\/\/www.eslebedasauto.at\/wp-content\/uploads\/2022\/02\/IMG_6609-800x600.jpeg 800w, https:\/\/www.eslebedasauto.at\/wp-content\/uploads\/2022\/02\/IMG_6609-1160x870.jpeg 1160w, https:\/\/www.eslebedasauto.at\/wp-content\/uploads\/2022\/02\/IMG_6609.jpeg 2048w\" sizes=\"(max-width: 1024px) 100vw, 1024px\" \/><\/figure>\n\n\n\n<p>Und die Kosten? Tja, der Einstiegspreis unseres Testwagens liegt bei 89.000 Euro. Eigentlich nicht arg, m\u00f6chte man meinen. Wenn nur nicht diese verf\u00fchrerischen K\u00e4stchen zum Ankreuzen im Konfigurator w\u00e4ren. <\/p>\n\n\n\n<p>Kleiner Auszug: Metallic 1.129 Euro, Leder 4.189 Euro, Porsche Electric Sound 514 Euro, Performancebatterie plus 5.900 Euro, adaptive Luftfederung 2.228 Euro, 20 Zoll Alus 2.589 Euro, Parkassist 2.214 Euro, Ger\u00e4usch- und W\u00e4rmeschutzglas 1.896 Euro oder so Schmankerl wie Gurte in Brombeer um 502 Euro, ein Ladekabel um satte 306 Euro oder den Schisack um 232 Euro.<\/p>\n\n\n\n<figure class=\"wp-block-image size-large\"><img loading=\"lazy\" decoding=\"async\" width=\"1024\" height=\"768\" src=\"https:\/\/www.eslebedasauto.at\/wp-content\/uploads\/2022\/02\/IMG_6579-1024x768.jpeg\" alt=\"\" class=\"wp-image-87899\" srcset=\"https:\/\/www.eslebedasauto.at\/wp-content\/uploads\/2022\/02\/IMG_6579-1024x768.jpeg 1024w, https:\/\/www.eslebedasauto.at\/wp-content\/uploads\/2022\/02\/IMG_6579-300x225.jpeg 300w, https:\/\/www.eslebedasauto.at\/wp-content\/uploads\/2022\/02\/IMG_6579-768x576.jpeg 768w, https:\/\/www.eslebedasauto.at\/wp-content\/uploads\/2022\/02\/IMG_6579-1536x1152.jpeg 1536w, https:\/\/www.eslebedasauto.at\/wp-content\/uploads\/2022\/02\/IMG_6579-800x600.jpeg 800w, https:\/\/www.eslebedasauto.at\/wp-content\/uploads\/2022\/02\/IMG_6579-1160x870.jpeg 1160w, https:\/\/www.eslebedasauto.at\/wp-content\/uploads\/2022\/02\/IMG_6579.jpeg 2048w\" sizes=\"(max-width: 1024px) 100vw, 1024px\" \/><\/figure>\n\n\n\n<p>Und ehe man es sich versieht, stehen schwuppdiwupp stolze EUR 131.722,31 auf dem Preiszettel. Aber was soll\u00b4s, wer sich das nicht leisten kann, wird sich auch die Servicekosten nicht leisten k\u00f6nnen. Trotzdem sch\u00f6n, dass es genug Leute gibt, die sich solche Autos kaufen &#8211; der Taycan ist zu einem echter Verkaufsschlager geworden.<\/p>\n\n\n\n<figure class=\"wp-block-image size-large\"><img loading=\"lazy\" decoding=\"async\" width=\"1024\" height=\"768\" src=\"https:\/\/www.eslebedasauto.at\/wp-content\/uploads\/2022\/02\/IMG_6590-1024x768.jpeg\" alt=\"\" class=\"wp-image-87904\" srcset=\"https:\/\/www.eslebedasauto.at\/wp-content\/uploads\/2022\/02\/IMG_6590-1024x768.jpeg 1024w, https:\/\/www.eslebedasauto.at\/wp-content\/uploads\/2022\/02\/IMG_6590-300x225.jpeg 300w, https:\/\/www.eslebedasauto.at\/wp-content\/uploads\/2022\/02\/IMG_6590-768x576.jpeg 768w, https:\/\/www.eslebedasauto.at\/wp-content\/uploads\/2022\/02\/IMG_6590-1536x1152.jpeg 1536w, https:\/\/www.eslebedasauto.at\/wp-content\/uploads\/2022\/02\/IMG_6590-800x600.jpeg 800w, https:\/\/www.eslebedasauto.at\/wp-content\/uploads\/2022\/02\/IMG_6590-1160x870.jpeg 1160w, https:\/\/www.eslebedasauto.at\/wp-content\/uploads\/2022\/02\/IMG_6590.jpeg 2048w\" sizes=\"(max-width: 1024px) 100vw, 1024px\" \/><\/figure>","protected":false},"excerpt":{"rendered":"<p>Auch der schw\u00e4chste Taycan liefert gediegenen Druck mit satten Spitzen fern aber jener Brachialit\u00e4t, wie wir sie bereits im Porsche Taycan Turbo S genossen haben.<\/p>","protected":false},"author":2,"featured_media":87911,"comment_status":"open","ping_status":"open","sticky":false,"template":"","format":"standard","meta":{"neve_meta_sidebar":"","neve_meta_container":"","neve_meta_enable_content_width":"","neve_meta_content_width":0,"neve_meta_title_alignment":"","neve_meta_author_avatar":"","neve_post_elements_order":"","neve_meta_disable_header":"","neve_meta_disable_footer":"","neve_meta_disable_title":"","neve_meta_reading_time":"","footnotes":""},"categories":[555,335],"tags":[],"class_list":["post-87896","post","type-post","status-publish","format-standard","has-post-thumbnail","hentry","category-electrofun","category-fahrberichte"],"yoast_head":"<!-- This site is optimized with the Yoast SEO plugin v26.8 - https:\/\/yoast.com\/product\/yoast-seo-wordpress\/ -->\n<title>Taycan, der Dritte. - Es lebe das Auto<\/title>\n<meta name=\"description\" content=\"Auch der schw\u00e4chste Taycan liefert ordentlich Druck mit satten Spitzen fern aber jener Brachialit\u00e4t, wie sie der Porsche Taycan Turbo bietet.\" \/>\n<meta name=\"robots\" content=\"index, follow, max-snippet:-1, max-image-preview:large, max-video-preview:-1\" \/>\n<link rel=\"canonical\" href=\"https:\/\/www.eslebedasauto.at\/it\/porsche-taycan-sport-turismo-test\/\" \/>\n<meta property=\"og:locale\" content=\"it_IT\" \/>\n<meta property=\"og:type\" content=\"article\" \/>\n<meta property=\"og:title\" content=\"Taycan, der Dritte. - Es lebe das Auto\" \/>\n<meta property=\"og:description\" content=\"Auch der schw\u00e4chste Taycan liefert ordentlich Druck mit satten Spitzen fern aber jener Brachialit\u00e4t, wie sie der Porsche Taycan Turbo bietet.\" \/>\n<meta property=\"og:url\" content=\"https:\/\/www.eslebedasauto.at\/it\/porsche-taycan-sport-turismo-test\/\" \/>\n<meta property=\"og:site_name\" content=\"Es lebe das Auto\" \/>\n<meta property=\"article:publisher\" content=\"https:\/\/www.facebook.com\/eslebedasauto.at\" \/>\n<meta property=\"article:published_time\" content=\"2024-03-18T08:01:05+00:00\" \/>\n<meta property=\"og:image\" content=\"https:\/\/www.eslebedasauto.at\/wp-content\/uploads\/2022\/02\/IMG_6607.jpeg\" \/>\n\t<meta property=\"og:image:width\" content=\"2048\" \/>\n\t<meta property=\"og:image:height\" content=\"1536\" \/>\n\t<meta property=\"og:image:type\" content=\"image\/jpeg\" \/>\n<meta name=\"author\" content=\"gerhard\" \/>\n<meta name=\"twitter:card\" content=\"summary_large_image\" \/>\n<meta name=\"twitter:label1\" content=\"Scritto da\" \/>\n\t<meta name=\"twitter:data1\" content=\"gerhard\" \/>\n\t<meta name=\"twitter:label2\" content=\"Tempo di lettura stimato\" \/>\n\t<meta name=\"twitter:data2\" content=\"6 minuti\" \/>\n<script type=\"application\/ld+json\" class=\"yoast-schema-graph\">{\"@context\":\"https:\/\/schema.org\",\"@graph\":[{\"@type\":\"Article\",\"@id\":\"https:\/\/www.eslebedasauto.at\/porsche-taycan-sport-turismo-test\/#article\",\"isPartOf\":{\"@id\":\"https:\/\/www.eslebedasauto.at\/porsche-taycan-sport-turismo-test\/\"},\"author\":{\"name\":\"gerhard\",\"@id\":\"https:\/\/www.eslebedasauto.at\/#\/schema\/person\/fb81218b0bed500d225ff518f9f17033\"},\"headline\":\"Taycan, der Dritte.\",\"datePublished\":\"2024-03-18T08:01:05+00:00\",\"mainEntityOfPage\":{\"@id\":\"https:\/\/www.eslebedasauto.at\/porsche-taycan-sport-turismo-test\/\"},\"wordCount\":693,\"commentCount\":0,\"publisher\":{\"@id\":\"https:\/\/www.eslebedasauto.at\/#organization\"},\"image\":{\"@id\":\"https:\/\/www.eslebedasauto.at\/porsche-taycan-sport-turismo-test\/#primaryimage\"},\"thumbnailUrl\":\"https:\/\/www.eslebedasauto.at\/wp-content\/uploads\/2022\/02\/IMG_6607.jpeg\",\"articleSection\":[\"Electrofun\",\"Fahrberichte\"],\"inLanguage\":\"it-IT\",\"potentialAction\":[{\"@type\":\"CommentAction\",\"name\":\"Comment\",\"target\":[\"https:\/\/www.eslebedasauto.at\/porsche-taycan-sport-turismo-test\/#respond\"]}]},{\"@type\":\"WebPage\",\"@id\":\"https:\/\/www.eslebedasauto.at\/porsche-taycan-sport-turismo-test\/\",\"url\":\"https:\/\/www.eslebedasauto.at\/porsche-taycan-sport-turismo-test\/\",\"name\":\"Taycan, der Dritte. - Es lebe das Auto\",\"isPartOf\":{\"@id\":\"https:\/\/www.eslebedasauto.at\/#website\"},\"primaryImageOfPage\":{\"@id\":\"https:\/\/www.eslebedasauto.at\/porsche-taycan-sport-turismo-test\/#primaryimage\"},\"image\":{\"@id\":\"https:\/\/www.eslebedasauto.at\/porsche-taycan-sport-turismo-test\/#primaryimage\"},\"thumbnailUrl\":\"https:\/\/www.eslebedasauto.at\/wp-content\/uploads\/2022\/02\/IMG_6607.jpeg\",\"datePublished\":\"2024-03-18T08:01:05+00:00\",\"description\":\"Auch der schw\u00e4chste Taycan liefert ordentlich Druck mit satten Spitzen fern aber jener Brachialit\u00e4t, wie sie der Porsche Taycan Turbo bietet.\",\"breadcrumb\":{\"@id\":\"https:\/\/www.eslebedasauto.at\/porsche-taycan-sport-turismo-test\/#breadcrumb\"},\"inLanguage\":\"it-IT\",\"potentialAction\":[{\"@type\":\"ReadAction\",\"target\":[\"https:\/\/www.eslebedasauto.at\/porsche-taycan-sport-turismo-test\/\"]}]},{\"@type\":\"ImageObject\",\"inLanguage\":\"it-IT\",\"@id\":\"https:\/\/www.eslebedasauto.at\/porsche-taycan-sport-turismo-test\/#primaryimage\",\"url\":\"https:\/\/www.eslebedasauto.at\/wp-content\/uploads\/2022\/02\/IMG_6607.jpeg\",\"contentUrl\":\"https:\/\/www.eslebedasauto.at\/wp-content\/uploads\/2022\/02\/IMG_6607.jpeg\",\"width\":2048,\"height\":1536},{\"@type\":\"BreadcrumbList\",\"@id\":\"https:\/\/www.eslebedasauto.at\/porsche-taycan-sport-turismo-test\/#breadcrumb\",\"itemListElement\":[{\"@type\":\"ListItem\",\"position\":1,\"name\":\"Startseite\",\"item\":\"https:\/\/www.eslebedasauto.at\/\"},{\"@type\":\"ListItem\",\"position\":2,\"name\":\"Taycan, der Dritte.\"}]},{\"@type\":\"WebSite\",\"@id\":\"https:\/\/www.eslebedasauto.at\/#website\",\"url\":\"https:\/\/www.eslebedasauto.at\/\",\"name\":\"Es lebe das Auto\",\"description\":\"ein Hoch auf den Individualverkehr\",\"publisher\":{\"@id\":\"https:\/\/www.eslebedasauto.at\/#organization\"},\"potentialAction\":[{\"@type\":\"SearchAction\",\"target\":{\"@type\":\"EntryPoint\",\"urlTemplate\":\"https:\/\/www.eslebedasauto.at\/?s={search_term_string}\"},\"query-input\":{\"@type\":\"PropertyValueSpecification\",\"valueRequired\":true,\"valueName\":\"search_term_string\"}}],\"inLanguage\":\"it-IT\"},{\"@type\":\"Organization\",\"@id\":\"https:\/\/www.eslebedasauto.at\/#organization\",\"name\":\"eslebedasauto\",\"url\":\"https:\/\/www.eslebedasauto.at\/\",\"logo\":{\"@type\":\"ImageObject\",\"inLanguage\":\"it-IT\",\"@id\":\"https:\/\/www.eslebedasauto.at\/#\/schema\/logo\/image\/\",\"url\":\"https:\/\/www.eslebedasauto.at\/wp-content\/uploads\/2025\/10\/eldarund.png\",\"contentUrl\":\"https:\/\/www.eslebedasauto.at\/wp-content\/uploads\/2025\/10\/eldarund.png\",\"width\":1024,\"height\":1024,\"caption\":\"eslebedasauto\"},\"image\":{\"@id\":\"https:\/\/www.eslebedasauto.at\/#\/schema\/logo\/image\/\"},\"sameAs\":[\"https:\/\/www.facebook.com\/eslebedasauto.at\",\"https:\/\/www.instagram.com\/es_lebe_das_auto\/\"]},{\"@type\":\"Person\",\"@id\":\"https:\/\/www.eslebedasauto.at\/#\/schema\/person\/fb81218b0bed500d225ff518f9f17033\",\"name\":\"gerhard\",\"url\":\"https:\/\/www.eslebedasauto.at\/it\/author\/gerhard\/\"}]}<\/script>\n<!-- \/ Yoast SEO plugin. -->","yoast_head_json":{"title":"Taycan, der Dritte. - Es lebe das Auto","description":"Auch der schw\u00e4chste Taycan liefert ordentlich Druck mit satten Spitzen fern aber jener Brachialit\u00e4t, wie sie der Porsche Taycan Turbo bietet.","robots":{"index":"index","follow":"follow","max-snippet":"max-snippet:-1","max-image-preview":"max-image-preview:large","max-video-preview":"max-video-preview:-1"},"canonical":"https:\/\/www.eslebedasauto.at\/it\/porsche-taycan-sport-turismo-test\/","og_locale":"it_IT","og_type":"article","og_title":"Taycan, der Dritte. - Es lebe das Auto","og_description":"Auch der schw\u00e4chste Taycan liefert ordentlich Druck mit satten Spitzen fern aber jener Brachialit\u00e4t, wie sie der Porsche Taycan Turbo bietet.","og_url":"https:\/\/www.eslebedasauto.at\/it\/porsche-taycan-sport-turismo-test\/","og_site_name":"Es lebe das Auto","article_publisher":"https:\/\/www.facebook.com\/eslebedasauto.at","article_published_time":"2024-03-18T08:01:05+00:00","og_image":[{"width":2048,"height":1536,"url":"https:\/\/www.eslebedasauto.at\/wp-content\/uploads\/2022\/02\/IMG_6607.jpeg","type":"image\/jpeg"}],"author":"gerhard","twitter_card":"summary_large_image","twitter_misc":{"Scritto da":"gerhard","Tempo di lettura stimato":"6 minuti"},"schema":{"@context":"https:\/\/schema.org","@graph":[{"@type":"Article","@id":"https:\/\/www.eslebedasauto.at\/porsche-taycan-sport-turismo-test\/#article","isPartOf":{"@id":"https:\/\/www.eslebedasauto.at\/porsche-taycan-sport-turismo-test\/"},"author":{"name":"gerhard","@id":"https:\/\/www.eslebedasauto.at\/#\/schema\/person\/fb81218b0bed500d225ff518f9f17033"},"headline":"Taycan, der Dritte.","datePublished":"2024-03-18T08:01:05+00:00","mainEntityOfPage":{"@id":"https:\/\/www.eslebedasauto.at\/porsche-taycan-sport-turismo-test\/"},"wordCount":693,"commentCount":0,"publisher":{"@id":"https:\/\/www.eslebedasauto.at\/#organization"},"image":{"@id":"https:\/\/www.eslebedasauto.at\/porsche-taycan-sport-turismo-test\/#primaryimage"},"thumbnailUrl":"https:\/\/www.eslebedasauto.at\/wp-content\/uploads\/2022\/02\/IMG_6607.jpeg","articleSection":["Electrofun","Fahrberichte"],"inLanguage":"it-IT","potentialAction":[{"@type":"CommentAction","name":"Comment","target":["https:\/\/www.eslebedasauto.at\/porsche-taycan-sport-turismo-test\/#respond"]}]},{"@type":"WebPage","@id":"https:\/\/www.eslebedasauto.at\/porsche-taycan-sport-turismo-test\/","url":"https:\/\/www.eslebedasauto.at\/porsche-taycan-sport-turismo-test\/","name":"Taycan, der Dritte. - Es lebe das Auto","isPartOf":{"@id":"https:\/\/www.eslebedasauto.at\/#website"},"primaryImageOfPage":{"@id":"https:\/\/www.eslebedasauto.at\/porsche-taycan-sport-turismo-test\/#primaryimage"},"image":{"@id":"https:\/\/www.eslebedasauto.at\/porsche-taycan-sport-turismo-test\/#primaryimage"},"thumbnailUrl":"https:\/\/www.eslebedasauto.at\/wp-content\/uploads\/2022\/02\/IMG_6607.jpeg","datePublished":"2024-03-18T08:01:05+00:00","description":"Auch der schw\u00e4chste Taycan liefert ordentlich Druck mit satten Spitzen fern aber jener Brachialit\u00e4t, wie sie der Porsche Taycan Turbo bietet.","breadcrumb":{"@id":"https:\/\/www.eslebedasauto.at\/porsche-taycan-sport-turismo-test\/#breadcrumb"},"inLanguage":"it-IT","potentialAction":[{"@type":"ReadAction","target":["https:\/\/www.eslebedasauto.at\/porsche-taycan-sport-turismo-test\/"]}]},{"@type":"ImageObject","inLanguage":"it-IT","@id":"https:\/\/www.eslebedasauto.at\/porsche-taycan-sport-turismo-test\/#primaryimage","url":"https:\/\/www.eslebedasauto.at\/wp-content\/uploads\/2022\/02\/IMG_6607.jpeg","contentUrl":"https:\/\/www.eslebedasauto.at\/wp-content\/uploads\/2022\/02\/IMG_6607.jpeg","width":2048,"height":1536},{"@type":"BreadcrumbList","@id":"https:\/\/www.eslebedasauto.at\/porsche-taycan-sport-turismo-test\/#breadcrumb","itemListElement":[{"@type":"ListItem","position":1,"name":"Startseite","item":"https:\/\/www.eslebedasauto.at\/"},{"@type":"ListItem","position":2,"name":"Taycan, der Dritte."}]},{"@type":"WebSite","@id":"https:\/\/www.eslebedasauto.at\/#website","url":"https:\/\/www.eslebedasauto.at\/","name":"Es lebe das Auto","description":"ein Hoch auf den Individualverkehr","publisher":{"@id":"https:\/\/www.eslebedasauto.at\/#organization"},"potentialAction":[{"@type":"SearchAction","target":{"@type":"EntryPoint","urlTemplate":"https:\/\/www.eslebedasauto.at\/?s={search_term_string}"},"query-input":{"@type":"PropertyValueSpecification","valueRequired":true,"valueName":"search_term_string"}}],"inLanguage":"it-IT"},{"@type":"Organization","@id":"https:\/\/www.eslebedasauto.at\/#organization","name":"eslebedasauto","url":"https:\/\/www.eslebedasauto.at\/","logo":{"@type":"ImageObject","inLanguage":"it-IT","@id":"https:\/\/www.eslebedasauto.at\/#\/schema\/logo\/image\/","url":"https:\/\/www.eslebedasauto.at\/wp-content\/uploads\/2025\/10\/eldarund.png","contentUrl":"https:\/\/www.eslebedasauto.at\/wp-content\/uploads\/2025\/10\/eldarund.png","width":1024,"height":1024,"caption":"eslebedasauto"},"image":{"@id":"https:\/\/www.eslebedasauto.at\/#\/schema\/logo\/image\/"},"sameAs":["https:\/\/www.facebook.com\/eslebedasauto.at","https:\/\/www.instagram.com\/es_lebe_das_auto\/"]},{"@type":"Person","@id":"https:\/\/www.eslebedasauto.at\/#\/schema\/person\/fb81218b0bed500d225ff518f9f17033","name":"gerhard","url":"https:\/\/www.eslebedasauto.at\/it\/author\/gerhard\/"}]}},"_links":{"self":[{"href":"https:\/\/www.eslebedasauto.at\/it\/wp-json\/wp\/v2\/posts\/87896","targetHints":{"allow":["GET"]}}],"collection":[{"href":"https:\/\/www.eslebedasauto.at\/it\/wp-json\/wp\/v2\/posts"}],"about":[{"href":"https:\/\/www.eslebedasauto.at\/it\/wp-json\/wp\/v2\/types\/post"}],"author":[{"embeddable":true,"href":"https:\/\/www.eslebedasauto.at\/it\/wp-json\/wp\/v2\/users\/2"}],"replies":[{"embeddable":true,"href":"https:\/\/www.eslebedasauto.at\/it\/wp-json\/wp\/v2\/comments?post=87896"}],"version-history":[{"count":8,"href":"https:\/\/www.eslebedasauto.at\/it\/wp-json\/wp\/v2\/posts\/87896\/revisions"}],"predecessor-version":[{"id":87928,"href":"https:\/\/www.eslebedasauto.at\/it\/wp-json\/wp\/v2\/posts\/87896\/revisions\/87928"}],"wp:featuredmedia":[{"embeddable":true,"href":"https:\/\/www.eslebedasauto.at\/it\/wp-json\/wp\/v2\/media\/87911"}],"wp:attachment":[{"href":"https:\/\/www.eslebedasauto.at\/it\/wp-json\/wp\/v2\/media?parent=87896"}],"wp:term":[{"taxonomy":"category","embeddable":true,"href":"https:\/\/www.eslebedasauto.at\/it\/wp-json\/wp\/v2\/categories?post=87896"},{"taxonomy":"post_tag","embeddable":true,"href":"https:\/\/www.eslebedasauto.at\/it\/wp-json\/wp\/v2\/tags?post=87896"}],"curies":[{"name":"wp","href":"https:\/\/api.w.org\/{rel}","templated":true}]}}