{"id":87568,"date":"2024-03-18T09:01:06","date_gmt":"2024-03-18T08:01:06","guid":{"rendered":"https:\/\/www.eslebedasauto.at\/?p=87568"},"modified":"2024-03-18T09:01:06","modified_gmt":"2024-03-18T08:01:06","slug":"ds-9-e-tense-250","status":"publish","type":"post","link":"https:\/\/www.eslebedasauto.at\/it\/ds-9-e-tense-250\/","title":{"rendered":"Nachwuchs f\u00fcr den DS 9"},"content":{"rendered":"<h4 id=\"seit-der-grundung-der-marke-vor-gut-acht-jahren-verfolgt-ds-automobiles-eine-konsequente-elektrifizierungsstrategie-ein-ergebnis-davon-ist-der-neue-ds-9-e-tense-250\" class=\"wp-block-heading\">Seit der Gr\u00fcndung der Marke vor gut acht Jahren verfolgt DS Automobiles eine konsequente Elektrifizierungsstrategie &#8211; ein Ergebnis davon ist der neue DS 9 E-Tense 250.<\/h4>\n\n\n\n<p><br>Der DS 9 E-Tense 250 verf\u00fcgt \u00fcber einen 4-Zylinder-PureTech-Benzinmotor mit 200 PS, welchcer mit einem 110 PS starken Elektromotor kombiniert wird. Eine neue Batterie mit einer Gesamtkapazit\u00e4t von 15,6 kWh erm\u00f6glicht eine Reichweite von bis zu 67 Kilometern im WLTP-Zyklus.<\/p>\n\n\n\n<figure class=\"wp-block-image size-large\"><img fetchpriority=\"high\" decoding=\"async\" width=\"1024\" height=\"512\" src=\"https:\/\/www.eslebedasauto.at\/wp-content\/uploads\/2022\/01\/DS_9_E-TENSE_CL-19.503.019-1024x512.jpg\" alt=\"\" class=\"wp-image-87571\" srcset=\"https:\/\/www.eslebedasauto.at\/wp-content\/uploads\/2022\/01\/DS_9_E-TENSE_CL-19.503.019-1024x512.jpg 1024w, https:\/\/www.eslebedasauto.at\/wp-content\/uploads\/2022\/01\/DS_9_E-TENSE_CL-19.503.019-300x150.jpg 300w, https:\/\/www.eslebedasauto.at\/wp-content\/uploads\/2022\/01\/DS_9_E-TENSE_CL-19.503.019-768x384.jpg 768w, https:\/\/www.eslebedasauto.at\/wp-content\/uploads\/2022\/01\/DS_9_E-TENSE_CL-19.503.019-1536x768.jpg 1536w, https:\/\/www.eslebedasauto.at\/wp-content\/uploads\/2022\/01\/DS_9_E-TENSE_CL-19.503.019-2048x1024.jpg 2048w, https:\/\/www.eslebedasauto.at\/wp-content\/uploads\/2022\/01\/DS_9_E-TENSE_CL-19.503.019-800x400.jpg 800w, https:\/\/www.eslebedasauto.at\/wp-content\/uploads\/2022\/01\/DS_9_E-TENSE_CL-19.503.019-1160x580.jpg 1160w\" sizes=\"(max-width: 1024px) 100vw, 1024px\" \/><\/figure>\n\n\n\n<p>Mit dem serienm\u00e4\u00dfigen 7,4-kW-On-Board-Charger erfolgt die Aufladung von 0 auf 100 Prozent in flotten zwei Stunden und 23 Minuten. Das Ergebnis sind CO2-Emissionen von lediglich 26 g\/km bei einem zertifizierten Benzinverbrauch von 1,1 l\/100 km im WLTP-Zyklus.<\/p>\n\n\n\n<p>Die H\u00f6chstgeschwindigkeit des DS 9 E-Tense 250 ist elektronisch auf 240 km\/h  begrenzt, mit der M\u00f6glichkeit, 135 km\/h im reinen Elektroantrieb zu erreichen.<\/p>\n\n\n\n<h4 id=\"interessant-fur-unternehmen\" class=\"wp-block-heading\">Interessant f\u00fcr Unternehmen:<\/h4>\n\n\n\n<p class=\"has-text-align-center\">Ein Kauf wird mit der Elektromobilit\u00e4tsf\u00f6rderung unterst\u00fctzt.<br>Bei Kauf f\u00e4llt auf Grund der niedrigen CO2-Werte keine NoVA an.<br>Dienstwagenfahrer profitieren vom erm\u00e4\u00dfigten Sachbezugssatz<br><\/p>\n\n\n\n<p>Die Preise f\u00fcr den DS 9 E-Tense 250 starten in \u00d6sterreich bei 55.650 Euro f\u00fcr die sportlichere Ausstattungsvariante Performance Line + und bei 56.900 Euro f\u00fcr die elegante Rivoli + Version.<\/p>","protected":false},"excerpt":{"rendered":"<p>DS setzt die konstequente Elektrifizierungsstrategie fort. Neuestes Ergebnis: Der DS 9 E-Tense 250<\/p>","protected":false},"author":2,"featured_media":87570,"comment_status":"open","ping_status":"open","sticky":false,"template":"","format":"standard","meta":{"neve_meta_sidebar":"","neve_meta_container":"","neve_meta_enable_content_width":"","neve_meta_content_width":0,"neve_meta_title_alignment":"","neve_meta_author_avatar":"","neve_post_elements_order":"","neve_meta_disable_header":"","neve_meta_disable_footer":"","neve_meta_disable_title":"","neve_meta_reading_time":"","footnotes":""},"categories":[12,598],"tags":[],"class_list":["post-87568","post","type-post","status-publish","format-standard","has-post-thumbnail","hentry","category-hybrid","category-shortmotornews"],"yoast_head":"<!-- This site is optimized with the Yoast SEO plugin v26.8 - https:\/\/yoast.com\/product\/yoast-seo-wordpress\/ -->\n<title>Nachwuchs f\u00fcr den DS 9 - Es lebe das Auto<\/title>\n<meta name=\"description\" content=\"DS setzt die konstequente Elektrifizierungsstrategie der Modellpalette fort. Neuestes Ergebnis: Der DS 9 E-Tense 250\" \/>\n<meta name=\"robots\" content=\"index, follow, max-snippet:-1, max-image-preview:large, max-video-preview:-1\" \/>\n<link rel=\"canonical\" href=\"https:\/\/www.eslebedasauto.at\/it\/ds-9-e-tense-250\/\" \/>\n<meta property=\"og:locale\" content=\"it_IT\" \/>\n<meta property=\"og:type\" content=\"article\" \/>\n<meta property=\"og:title\" content=\"Nachwuchs f\u00fcr den DS 9 - Es lebe das Auto\" \/>\n<meta property=\"og:description\" content=\"DS setzt die konstequente Elektrifizierungsstrategie der Modellpalette fort. Neuestes Ergebnis: Der DS 9 E-Tense 250\" \/>\n<meta property=\"og:url\" content=\"https:\/\/www.eslebedasauto.at\/it\/ds-9-e-tense-250\/\" \/>\n<meta property=\"og:site_name\" content=\"Es lebe das Auto\" \/>\n<meta property=\"article:publisher\" content=\"https:\/\/www.facebook.com\/eslebedasauto.at\" \/>\n<meta property=\"article:published_time\" content=\"2024-03-18T08:01:06+00:00\" \/>\n<meta property=\"og:image\" content=\"https:\/\/www.eslebedasauto.at\/wp-content\/uploads\/2022\/01\/DS_9_E-TENSE_CL-19.503.006-scaled.jpg\" \/>\n\t<meta property=\"og:image:width\" content=\"2560\" \/>\n\t<meta property=\"og:image:height\" content=\"1440\" \/>\n\t<meta property=\"og:image:type\" content=\"image\/jpeg\" \/>\n<meta name=\"author\" content=\"gerhard\" \/>\n<meta name=\"twitter:card\" content=\"summary_large_image\" \/>\n<meta name=\"twitter:label1\" content=\"Scritto da\" \/>\n\t<meta name=\"twitter:data1\" content=\"gerhard\" \/>\n\t<meta name=\"twitter:label2\" content=\"Tempo di lettura stimato\" \/>\n\t<meta name=\"twitter:data2\" content=\"2 minuti\" \/>\n<script type=\"application\/ld+json\" class=\"yoast-schema-graph\">{\"@context\":\"https:\/\/schema.org\",\"@graph\":[{\"@type\":\"Article\",\"@id\":\"https:\/\/www.eslebedasauto.at\/ds-9-e-tense-250\/#article\",\"isPartOf\":{\"@id\":\"https:\/\/www.eslebedasauto.at\/ds-9-e-tense-250\/\"},\"author\":{\"name\":\"gerhard\",\"@id\":\"https:\/\/www.eslebedasauto.at\/#\/schema\/person\/fb81218b0bed500d225ff518f9f17033\"},\"headline\":\"Nachwuchs f\u00fcr den DS 9\",\"datePublished\":\"2024-03-18T08:01:06+00:00\",\"mainEntityOfPage\":{\"@id\":\"https:\/\/www.eslebedasauto.at\/ds-9-e-tense-250\/\"},\"wordCount\":186,\"commentCount\":0,\"publisher\":{\"@id\":\"https:\/\/www.eslebedasauto.at\/#organization\"},\"image\":{\"@id\":\"https:\/\/www.eslebedasauto.at\/ds-9-e-tense-250\/#primaryimage\"},\"thumbnailUrl\":\"https:\/\/www.eslebedasauto.at\/wp-content\/uploads\/2022\/01\/DS_9_E-TENSE_CL-19.503.006-scaled.jpg\",\"articleSection\":[\"Hybrid\",\"Shortmotornews\"],\"inLanguage\":\"it-IT\",\"potentialAction\":[{\"@type\":\"CommentAction\",\"name\":\"Comment\",\"target\":[\"https:\/\/www.eslebedasauto.at\/ds-9-e-tense-250\/#respond\"]}]},{\"@type\":\"WebPage\",\"@id\":\"https:\/\/www.eslebedasauto.at\/ds-9-e-tense-250\/\",\"url\":\"https:\/\/www.eslebedasauto.at\/ds-9-e-tense-250\/\",\"name\":\"Nachwuchs f\u00fcr den DS 9 - Es lebe das Auto\",\"isPartOf\":{\"@id\":\"https:\/\/www.eslebedasauto.at\/#website\"},\"primaryImageOfPage\":{\"@id\":\"https:\/\/www.eslebedasauto.at\/ds-9-e-tense-250\/#primaryimage\"},\"image\":{\"@id\":\"https:\/\/www.eslebedasauto.at\/ds-9-e-tense-250\/#primaryimage\"},\"thumbnailUrl\":\"https:\/\/www.eslebedasauto.at\/wp-content\/uploads\/2022\/01\/DS_9_E-TENSE_CL-19.503.006-scaled.jpg\",\"datePublished\":\"2024-03-18T08:01:06+00:00\",\"description\":\"DS setzt die konstequente Elektrifizierungsstrategie der Modellpalette fort. Neuestes Ergebnis: Der DS 9 E-Tense 250\",\"breadcrumb\":{\"@id\":\"https:\/\/www.eslebedasauto.at\/ds-9-e-tense-250\/#breadcrumb\"},\"inLanguage\":\"it-IT\",\"potentialAction\":[{\"@type\":\"ReadAction\",\"target\":[\"https:\/\/www.eslebedasauto.at\/ds-9-e-tense-250\/\"]}]},{\"@type\":\"ImageObject\",\"inLanguage\":\"it-IT\",\"@id\":\"https:\/\/www.eslebedasauto.at\/ds-9-e-tense-250\/#primaryimage\",\"url\":\"https:\/\/www.eslebedasauto.at\/wp-content\/uploads\/2022\/01\/DS_9_E-TENSE_CL-19.503.006-scaled.jpg\",\"contentUrl\":\"https:\/\/www.eslebedasauto.at\/wp-content\/uploads\/2022\/01\/DS_9_E-TENSE_CL-19.503.006-scaled.jpg\",\"width\":2560,\"height\":1440,\"caption\":\"Post-production : Astuce Productions\"},{\"@type\":\"BreadcrumbList\",\"@id\":\"https:\/\/www.eslebedasauto.at\/ds-9-e-tense-250\/#breadcrumb\",\"itemListElement\":[{\"@type\":\"ListItem\",\"position\":1,\"name\":\"Startseite\",\"item\":\"https:\/\/www.eslebedasauto.at\/\"},{\"@type\":\"ListItem\",\"position\":2,\"name\":\"Nachwuchs f\u00fcr den DS 9\"}]},{\"@type\":\"WebSite\",\"@id\":\"https:\/\/www.eslebedasauto.at\/#website\",\"url\":\"https:\/\/www.eslebedasauto.at\/\",\"name\":\"Es lebe das Auto\",\"description\":\"ein Hoch auf den Individualverkehr\",\"publisher\":{\"@id\":\"https:\/\/www.eslebedasauto.at\/#organization\"},\"potentialAction\":[{\"@type\":\"SearchAction\",\"target\":{\"@type\":\"EntryPoint\",\"urlTemplate\":\"https:\/\/www.eslebedasauto.at\/?s={search_term_string}\"},\"query-input\":{\"@type\":\"PropertyValueSpecification\",\"valueRequired\":true,\"valueName\":\"search_term_string\"}}],\"inLanguage\":\"it-IT\"},{\"@type\":\"Organization\",\"@id\":\"https:\/\/www.eslebedasauto.at\/#organization\",\"name\":\"eslebedasauto\",\"url\":\"https:\/\/www.eslebedasauto.at\/\",\"logo\":{\"@type\":\"ImageObject\",\"inLanguage\":\"it-IT\",\"@id\":\"https:\/\/www.eslebedasauto.at\/#\/schema\/logo\/image\/\",\"url\":\"https:\/\/www.eslebedasauto.at\/wp-content\/uploads\/2025\/10\/eldarund.png\",\"contentUrl\":\"https:\/\/www.eslebedasauto.at\/wp-content\/uploads\/2025\/10\/eldarund.png\",\"width\":1024,\"height\":1024,\"caption\":\"eslebedasauto\"},\"image\":{\"@id\":\"https:\/\/www.eslebedasauto.at\/#\/schema\/logo\/image\/\"},\"sameAs\":[\"https:\/\/www.facebook.com\/eslebedasauto.at\",\"https:\/\/www.instagram.com\/es_lebe_das_auto\/\"]},{\"@type\":\"Person\",\"@id\":\"https:\/\/www.eslebedasauto.at\/#\/schema\/person\/fb81218b0bed500d225ff518f9f17033\",\"name\":\"gerhard\",\"url\":\"https:\/\/www.eslebedasauto.at\/it\/author\/gerhard\/\"}]}<\/script>\n<!-- \/ Yoast SEO plugin. -->","yoast_head_json":{"title":"Nachwuchs f\u00fcr den DS 9 - Es lebe das Auto","description":"DS setzt die konstequente Elektrifizierungsstrategie der Modellpalette fort. Neuestes Ergebnis: Der DS 9 E-Tense 250","robots":{"index":"index","follow":"follow","max-snippet":"max-snippet:-1","max-image-preview":"max-image-preview:large","max-video-preview":"max-video-preview:-1"},"canonical":"https:\/\/www.eslebedasauto.at\/it\/ds-9-e-tense-250\/","og_locale":"it_IT","og_type":"article","og_title":"Nachwuchs f\u00fcr den DS 9 - Es lebe das Auto","og_description":"DS setzt die konstequente Elektrifizierungsstrategie der Modellpalette fort. Neuestes Ergebnis: Der DS 9 E-Tense 250","og_url":"https:\/\/www.eslebedasauto.at\/it\/ds-9-e-tense-250\/","og_site_name":"Es lebe das Auto","article_publisher":"https:\/\/www.facebook.com\/eslebedasauto.at","article_published_time":"2024-03-18T08:01:06+00:00","og_image":[{"width":2560,"height":1440,"url":"https:\/\/www.eslebedasauto.at\/wp-content\/uploads\/2022\/01\/DS_9_E-TENSE_CL-19.503.006-scaled.jpg","type":"image\/jpeg"}],"author":"gerhard","twitter_card":"summary_large_image","twitter_misc":{"Scritto da":"gerhard","Tempo di lettura stimato":"2 minuti"},"schema":{"@context":"https:\/\/schema.org","@graph":[{"@type":"Article","@id":"https:\/\/www.eslebedasauto.at\/ds-9-e-tense-250\/#article","isPartOf":{"@id":"https:\/\/www.eslebedasauto.at\/ds-9-e-tense-250\/"},"author":{"name":"gerhard","@id":"https:\/\/www.eslebedasauto.at\/#\/schema\/person\/fb81218b0bed500d225ff518f9f17033"},"headline":"Nachwuchs f\u00fcr den DS 9","datePublished":"2024-03-18T08:01:06+00:00","mainEntityOfPage":{"@id":"https:\/\/www.eslebedasauto.at\/ds-9-e-tense-250\/"},"wordCount":186,"commentCount":0,"publisher":{"@id":"https:\/\/www.eslebedasauto.at\/#organization"},"image":{"@id":"https:\/\/www.eslebedasauto.at\/ds-9-e-tense-250\/#primaryimage"},"thumbnailUrl":"https:\/\/www.eslebedasauto.at\/wp-content\/uploads\/2022\/01\/DS_9_E-TENSE_CL-19.503.006-scaled.jpg","articleSection":["Hybrid","Shortmotornews"],"inLanguage":"it-IT","potentialAction":[{"@type":"CommentAction","name":"Comment","target":["https:\/\/www.eslebedasauto.at\/ds-9-e-tense-250\/#respond"]}]},{"@type":"WebPage","@id":"https:\/\/www.eslebedasauto.at\/ds-9-e-tense-250\/","url":"https:\/\/www.eslebedasauto.at\/ds-9-e-tense-250\/","name":"Nachwuchs f\u00fcr den DS 9 - Es lebe das Auto","isPartOf":{"@id":"https:\/\/www.eslebedasauto.at\/#website"},"primaryImageOfPage":{"@id":"https:\/\/www.eslebedasauto.at\/ds-9-e-tense-250\/#primaryimage"},"image":{"@id":"https:\/\/www.eslebedasauto.at\/ds-9-e-tense-250\/#primaryimage"},"thumbnailUrl":"https:\/\/www.eslebedasauto.at\/wp-content\/uploads\/2022\/01\/DS_9_E-TENSE_CL-19.503.006-scaled.jpg","datePublished":"2024-03-18T08:01:06+00:00","description":"DS setzt die konstequente Elektrifizierungsstrategie der Modellpalette fort. Neuestes Ergebnis: Der DS 9 E-Tense 250","breadcrumb":{"@id":"https:\/\/www.eslebedasauto.at\/ds-9-e-tense-250\/#breadcrumb"},"inLanguage":"it-IT","potentialAction":[{"@type":"ReadAction","target":["https:\/\/www.eslebedasauto.at\/ds-9-e-tense-250\/"]}]},{"@type":"ImageObject","inLanguage":"it-IT","@id":"https:\/\/www.eslebedasauto.at\/ds-9-e-tense-250\/#primaryimage","url":"https:\/\/www.eslebedasauto.at\/wp-content\/uploads\/2022\/01\/DS_9_E-TENSE_CL-19.503.006-scaled.jpg","contentUrl":"https:\/\/www.eslebedasauto.at\/wp-content\/uploads\/2022\/01\/DS_9_E-TENSE_CL-19.503.006-scaled.jpg","width":2560,"height":1440,"caption":"Post-production : Astuce Productions"},{"@type":"BreadcrumbList","@id":"https:\/\/www.eslebedasauto.at\/ds-9-e-tense-250\/#breadcrumb","itemListElement":[{"@type":"ListItem","position":1,"name":"Startseite","item":"https:\/\/www.eslebedasauto.at\/"},{"@type":"ListItem","position":2,"name":"Nachwuchs f\u00fcr den DS 9"}]},{"@type":"WebSite","@id":"https:\/\/www.eslebedasauto.at\/#website","url":"https:\/\/www.eslebedasauto.at\/","name":"Es lebe das Auto","description":"ein Hoch auf den Individualverkehr","publisher":{"@id":"https:\/\/www.eslebedasauto.at\/#organization"},"potentialAction":[{"@type":"SearchAction","target":{"@type":"EntryPoint","urlTemplate":"https:\/\/www.eslebedasauto.at\/?s={search_term_string}"},"query-input":{"@type":"PropertyValueSpecification","valueRequired":true,"valueName":"search_term_string"}}],"inLanguage":"it-IT"},{"@type":"Organization","@id":"https:\/\/www.eslebedasauto.at\/#organization","name":"eslebedasauto","url":"https:\/\/www.eslebedasauto.at\/","logo":{"@type":"ImageObject","inLanguage":"it-IT","@id":"https:\/\/www.eslebedasauto.at\/#\/schema\/logo\/image\/","url":"https:\/\/www.eslebedasauto.at\/wp-content\/uploads\/2025\/10\/eldarund.png","contentUrl":"https:\/\/www.eslebedasauto.at\/wp-content\/uploads\/2025\/10\/eldarund.png","width":1024,"height":1024,"caption":"eslebedasauto"},"image":{"@id":"https:\/\/www.eslebedasauto.at\/#\/schema\/logo\/image\/"},"sameAs":["https:\/\/www.facebook.com\/eslebedasauto.at","https:\/\/www.instagram.com\/es_lebe_das_auto\/"]},{"@type":"Person","@id":"https:\/\/www.eslebedasauto.at\/#\/schema\/person\/fb81218b0bed500d225ff518f9f17033","name":"gerhard","url":"https:\/\/www.eslebedasauto.at\/it\/author\/gerhard\/"}]}},"_links":{"self":[{"href":"https:\/\/www.eslebedasauto.at\/it\/wp-json\/wp\/v2\/posts\/87568","targetHints":{"allow":["GET"]}}],"collection":[{"href":"https:\/\/www.eslebedasauto.at\/it\/wp-json\/wp\/v2\/posts"}],"about":[{"href":"https:\/\/www.eslebedasauto.at\/it\/wp-json\/wp\/v2\/types\/post"}],"author":[{"embeddable":true,"href":"https:\/\/www.eslebedasauto.at\/it\/wp-json\/wp\/v2\/users\/2"}],"replies":[{"embeddable":true,"href":"https:\/\/www.eslebedasauto.at\/it\/wp-json\/wp\/v2\/comments?post=87568"}],"version-history":[{"count":2,"href":"https:\/\/www.eslebedasauto.at\/it\/wp-json\/wp\/v2\/posts\/87568\/revisions"}],"predecessor-version":[{"id":87572,"href":"https:\/\/www.eslebedasauto.at\/it\/wp-json\/wp\/v2\/posts\/87568\/revisions\/87572"}],"wp:featuredmedia":[{"embeddable":true,"href":"https:\/\/www.eslebedasauto.at\/it\/wp-json\/wp\/v2\/media\/87570"}],"wp:attachment":[{"href":"https:\/\/www.eslebedasauto.at\/it\/wp-json\/wp\/v2\/media?parent=87568"}],"wp:term":[{"taxonomy":"category","embeddable":true,"href":"https:\/\/www.eslebedasauto.at\/it\/wp-json\/wp\/v2\/categories?post=87568"},{"taxonomy":"post_tag","embeddable":true,"href":"https:\/\/www.eslebedasauto.at\/it\/wp-json\/wp\/v2\/tags?post=87568"}],"curies":[{"name":"wp","href":"https:\/\/api.w.org\/{rel}","templated":true}]}}