{"id":100610,"date":"2025-09-30T18:12:10","date_gmt":"2025-09-30T16:12:10","guid":{"rendered":"https:\/\/www.eslebedasauto.at\/?p=100610"},"modified":"2025-09-30T18:12:14","modified_gmt":"2025-09-30T16:12:14","slug":"citroen-e-c3-aircross-vollwert-suv-fuer-preisbewusste","status":"publish","type":"post","link":"https:\/\/www.eslebedasauto.at\/it\/citroen-e-c3-aircross-vollwert-suv-fuer-preisbewusste\/","title":{"rendered":"Citro\u00ebn \u00eb-C3 Aircross \u2013 Vollwert-SUV f\u00fcr Preisbewusste."},"content":{"rendered":"<h4 id=\"wer-beim-neuen-citroen-e-c3-aircross-lediglich-eine-gestreckte-version-des-kleinen-e-c3-vermutet-irrt-gewaltig-die-namenserweiterung-aircross-verleiht-dem-einsteiger-citroen-deutlich-m\" class=\"wp-block-heading\">Wer beim neuen Citro\u00ebn \u00eb-C3 Aircross lediglich eine gestreckte Version des kleinen \u00eb-C3 vermutet, irrt gewaltig. Die Namenserweiterung &#8222;Aircross&#8220; verleiht dem Einsteiger-Citro\u00ebn deutlich mehr Nutzwert und Charakter.<\/h4>\n\n\n\n<figure class=\"wp-block-image size-large\"><img fetchpriority=\"high\" decoding=\"async\" width=\"1024\" height=\"768\" src=\"https:\/\/www.eslebedasauto.at\/wp-content\/uploads\/2025\/09\/IMG_4092-1024x768.jpeg\" alt=\"\" class=\"wp-image-100616\" srcset=\"https:\/\/www.eslebedasauto.at\/wp-content\/uploads\/2025\/09\/IMG_4092-1024x768.jpeg 1024w, https:\/\/www.eslebedasauto.at\/wp-content\/uploads\/2025\/09\/IMG_4092-300x225.jpeg 300w, https:\/\/www.eslebedasauto.at\/wp-content\/uploads\/2025\/09\/IMG_4092-768x576.jpeg 768w, https:\/\/www.eslebedasauto.at\/wp-content\/uploads\/2025\/09\/IMG_4092-1536x1152.jpeg 1536w, https:\/\/www.eslebedasauto.at\/wp-content\/uploads\/2025\/09\/IMG_4092.jpeg 2048w\" sizes=\"(max-width: 1024px) 100vw, 1024px\" \/><\/figure>\n\n\n\n<p>Der Aircross ist nicht nur deutlich familienfreundlicher sondern auch praktischer und souver\u00e4ner im Auftritt. Citro\u00ebn positioniert ihn als vollelektrischen Allrounder, der im Alltag vieles richtig macht und dabei fast das tolle Preis-Leistungs-Verh\u00e4ltnis seines kleinen Bruders bietet.<\/p>\n\n\n\n<figure class=\"wp-block-gallery has-nested-images columns-default is-cropped wp-block-gallery-1 is-layout-flex wp-block-gallery-is-layout-flex\">\n<figure class=\"wp-block-image size-large\"><img decoding=\"async\" width=\"1024\" height=\"768\" data-id=\"100621\" src=\"https:\/\/www.eslebedasauto.at\/wp-content\/uploads\/2025\/09\/IMG_4101-1024x768.jpeg\" alt=\"\" class=\"wp-image-100621\" srcset=\"https:\/\/www.eslebedasauto.at\/wp-content\/uploads\/2025\/09\/IMG_4101-1024x768.jpeg 1024w, https:\/\/www.eslebedasauto.at\/wp-content\/uploads\/2025\/09\/IMG_4101-300x225.jpeg 300w, https:\/\/www.eslebedasauto.at\/wp-content\/uploads\/2025\/09\/IMG_4101-768x576.jpeg 768w, https:\/\/www.eslebedasauto.at\/wp-content\/uploads\/2025\/09\/IMG_4101-1536x1152.jpeg 1536w, https:\/\/www.eslebedasauto.at\/wp-content\/uploads\/2025\/09\/IMG_4101.jpeg 2048w\" sizes=\"(max-width: 1024px) 100vw, 1024px\" \/><\/figure>\n\n\n\n<figure class=\"wp-block-image size-large\"><img decoding=\"async\" width=\"1024\" height=\"768\" data-id=\"100617\" src=\"https:\/\/www.eslebedasauto.at\/wp-content\/uploads\/2025\/09\/IMG_4093-1024x768.jpeg\" alt=\"\" class=\"wp-image-100617\" srcset=\"https:\/\/www.eslebedasauto.at\/wp-content\/uploads\/2025\/09\/IMG_4093-1024x768.jpeg 1024w, https:\/\/www.eslebedasauto.at\/wp-content\/uploads\/2025\/09\/IMG_4093-300x225.jpeg 300w, https:\/\/www.eslebedasauto.at\/wp-content\/uploads\/2025\/09\/IMG_4093-768x576.jpeg 768w, https:\/\/www.eslebedasauto.at\/wp-content\/uploads\/2025\/09\/IMG_4093-1536x1152.jpeg 1536w, https:\/\/www.eslebedasauto.at\/wp-content\/uploads\/2025\/09\/IMG_4093.jpeg 2048w\" sizes=\"(max-width: 1024px) 100vw, 1024px\" \/><\/figure>\n<\/figure>\n\n\n\n<p><\/p>\n\n\n\n<h3 id=\"mehr-raum-mehr-auftritt\" class=\"wp-block-heading\">Mehr Raum, mehr Auftritt<\/h3>\n\n\n\n<p><strong>Schon optisch unterscheidet sich der \u00eb-C3 Aircross klar von seinem kleinen Bruder. <\/strong>Mit einer L\u00e4nge von 4,39 Metern und einem Radstand von 2,67 Metern wirkt er bulliger, erwachsener und steht viel pr\u00e4senter auf der Stra\u00dfe. Auch der Innenraum profitiert davon: Hinten genie\u00dfen Passagiere mehr Knieraum, die Kopffreiheit ist gro\u00dfz\u00fcgig und der Kofferraum bietet mit satten 460 Litern beachtliches Volumen. Damit empfiehlt sich der Aircross als vollwertiges Familienauto, w\u00e4hrend der kompakte \u00eb-C3 eher auf den urbanen Einzel- oder Zweipersonenhaushalt zugeschnitten ist.<\/p>\n\n\n\n<figure class=\"wp-block-image size-large\"><img loading=\"lazy\" decoding=\"async\" width=\"1024\" height=\"768\" src=\"https:\/\/www.eslebedasauto.at\/wp-content\/uploads\/2025\/09\/IMG_4090-1024x768.jpeg\" alt=\"\" class=\"wp-image-100614\" srcset=\"https:\/\/www.eslebedasauto.at\/wp-content\/uploads\/2025\/09\/IMG_4090-1024x768.jpeg 1024w, https:\/\/www.eslebedasauto.at\/wp-content\/uploads\/2025\/09\/IMG_4090-300x225.jpeg 300w, https:\/\/www.eslebedasauto.at\/wp-content\/uploads\/2025\/09\/IMG_4090-768x576.jpeg 768w, https:\/\/www.eslebedasauto.at\/wp-content\/uploads\/2025\/09\/IMG_4090-1536x1152.jpeg 1536w, https:\/\/www.eslebedasauto.at\/wp-content\/uploads\/2025\/09\/IMG_4090.jpeg 2048w\" sizes=\"(max-width: 1024px) 100vw, 1024px\" \/><\/figure>\n\n\n\n<h3 id=\"komfort-und-alltagstauglichkeit\" class=\"wp-block-heading\">Komfort und Alltagstauglichkeit<\/h3>\n\n\n\n<p><strong>Beim Fahrgef\u00fchl zeigt sich die DNA von Citro\u00ebn: <\/strong>Die weiche aber dennoch pr\u00e4zise arbeitende Federung und die bekannt flauschigen Sitzpolster sorgen f\u00fcr Komfort erster G\u00fcte. Selbst auf schlechteren Stra\u00dfen bleibt der Aircross gelassen. Der Elektromotor leistet zwar nur 113 PS, dennoch liefert er ausreichend Durchzug f\u00fcr allt\u00e4gliche Situationen \u2013 \u00dcberholman\u00f6ver und Autobahnetappen sollte man aber eher wie mit einem Verbrenner angehen, den bekannt brachialen Elektro-Boost findet man hier nicht. Ebenso vern\u00fcnftig: Die H\u00f6chstgeschwindigkeit liegt bei 145 km\/h. <\/p>\n\n\n\n<figure class=\"wp-block-image size-large\"><img loading=\"lazy\" decoding=\"async\" width=\"1024\" height=\"768\" src=\"https:\/\/www.eslebedasauto.at\/wp-content\/uploads\/2025\/09\/IMG_4096-1024x768.jpeg\" alt=\"\" class=\"wp-image-100618\" srcset=\"https:\/\/www.eslebedasauto.at\/wp-content\/uploads\/2025\/09\/IMG_4096-1024x768.jpeg 1024w, https:\/\/www.eslebedasauto.at\/wp-content\/uploads\/2025\/09\/IMG_4096-300x225.jpeg 300w, https:\/\/www.eslebedasauto.at\/wp-content\/uploads\/2025\/09\/IMG_4096-768x576.jpeg 768w, https:\/\/www.eslebedasauto.at\/wp-content\/uploads\/2025\/09\/IMG_4096-1536x1152.jpeg 1536w, https:\/\/www.eslebedasauto.at\/wp-content\/uploads\/2025\/09\/IMG_4096.jpeg 2048w\" sizes=\"(max-width: 1024px) 100vw, 1024px\" \/><\/figure>\n\n\n\n<p>Ebenso klar ist: Der \u00eb-C3 Aircross ist nur bedingt ein Langstreckenl\u00e4ufer. Mit einer realistischen Reichweite von rund 300 Kilometern eignet er sich vor allem f\u00fcr den t\u00e4glichen Einsatz \u2013 Pendeln, Einkaufen, Familienfahrten ins Umland. Wer gut plant und auch ein wenig Geduld mitbringt, der wird aber auch auf Urlaubsfahrten mit dem Aircross sein Gl\u00fcck finden.<\/p>\n\n\n\n<figure class=\"wp-block-image size-large\"><img loading=\"lazy\" decoding=\"async\" width=\"1024\" height=\"768\" src=\"https:\/\/www.eslebedasauto.at\/wp-content\/uploads\/2025\/09\/IMG_4103-1024x768.jpeg\" alt=\"\" class=\"wp-image-100622\" srcset=\"https:\/\/www.eslebedasauto.at\/wp-content\/uploads\/2025\/09\/IMG_4103-1024x768.jpeg 1024w, https:\/\/www.eslebedasauto.at\/wp-content\/uploads\/2025\/09\/IMG_4103-300x225.jpeg 300w, https:\/\/www.eslebedasauto.at\/wp-content\/uploads\/2025\/09\/IMG_4103-768x576.jpeg 768w, https:\/\/www.eslebedasauto.at\/wp-content\/uploads\/2025\/09\/IMG_4103-1536x1152.jpeg 1536w, https:\/\/www.eslebedasauto.at\/wp-content\/uploads\/2025\/09\/IMG_4103.jpeg 2048w\" sizes=\"(max-width: 1024px) 100vw, 1024px\" \/><\/figure>\n\n\n\n<h3 id=\"laden-ohne-hektik\" class=\"wp-block-heading\">Laden ohne Hektik<\/h3>\n\n\n\n<p>Bei der Ladeleistung zeigt sich der Aircross ebenfalls pragmatisch: Bis zu 100 kW am Schnelllader sind m\u00f6glich, was eine Ladung von 20 auf 80 Prozent in rund 30 Minuten erlaubt. Das AC-Laden an der heimischen Wallbox verl\u00e4uft wie \u00fcblich \u00fcber mehrere Stunden, bis der 53 kWh Akku des Aircross wieder gef\u00fcllt ist.<\/p>\n\n\n\n<figure class=\"wp-block-gallery has-nested-images columns-default is-cropped wp-block-gallery-2 is-layout-flex wp-block-gallery-is-layout-flex\">\n<figure class=\"wp-block-image size-large\"><img loading=\"lazy\" decoding=\"async\" width=\"1024\" height=\"768\" data-id=\"100625\" src=\"https:\/\/www.eslebedasauto.at\/wp-content\/uploads\/2025\/09\/IMG_4107-1024x768.jpeg\" alt=\"\" class=\"wp-image-100625\" srcset=\"https:\/\/www.eslebedasauto.at\/wp-content\/uploads\/2025\/09\/IMG_4107-1024x768.jpeg 1024w, https:\/\/www.eslebedasauto.at\/wp-content\/uploads\/2025\/09\/IMG_4107-300x225.jpeg 300w, https:\/\/www.eslebedasauto.at\/wp-content\/uploads\/2025\/09\/IMG_4107-768x576.jpeg 768w, https:\/\/www.eslebedasauto.at\/wp-content\/uploads\/2025\/09\/IMG_4107-1536x1152.jpeg 1536w, https:\/\/www.eslebedasauto.at\/wp-content\/uploads\/2025\/09\/IMG_4107.jpeg 2048w\" sizes=\"(max-width: 1024px) 100vw, 1024px\" \/><\/figure>\n\n\n\n<figure class=\"wp-block-image size-large\"><img loading=\"lazy\" decoding=\"async\" width=\"1024\" height=\"768\" data-id=\"100624\" src=\"https:\/\/www.eslebedasauto.at\/wp-content\/uploads\/2025\/09\/IMG_4106-1024x768.jpeg\" alt=\"\" class=\"wp-image-100624\" srcset=\"https:\/\/www.eslebedasauto.at\/wp-content\/uploads\/2025\/09\/IMG_4106-1024x768.jpeg 1024w, https:\/\/www.eslebedasauto.at\/wp-content\/uploads\/2025\/09\/IMG_4106-300x225.jpeg 300w, https:\/\/www.eslebedasauto.at\/wp-content\/uploads\/2025\/09\/IMG_4106-768x576.jpeg 768w, https:\/\/www.eslebedasauto.at\/wp-content\/uploads\/2025\/09\/IMG_4106-1536x1152.jpeg 1536w, https:\/\/www.eslebedasauto.at\/wp-content\/uploads\/2025\/09\/IMG_4106.jpeg 2048w\" sizes=\"(max-width: 1024px) 100vw, 1024px\" \/><\/figure>\n\n\n\n<figure class=\"wp-block-image size-large\"><img loading=\"lazy\" decoding=\"async\" width=\"1024\" height=\"768\" data-id=\"100623\" src=\"https:\/\/www.eslebedasauto.at\/wp-content\/uploads\/2025\/09\/IMG_4104-1024x768.jpeg\" alt=\"\" class=\"wp-image-100623\" srcset=\"https:\/\/www.eslebedasauto.at\/wp-content\/uploads\/2025\/09\/IMG_4104-1024x768.jpeg 1024w, https:\/\/www.eslebedasauto.at\/wp-content\/uploads\/2025\/09\/IMG_4104-300x225.jpeg 300w, https:\/\/www.eslebedasauto.at\/wp-content\/uploads\/2025\/09\/IMG_4104-768x576.jpeg 768w, https:\/\/www.eslebedasauto.at\/wp-content\/uploads\/2025\/09\/IMG_4104-1536x1152.jpeg 1536w, https:\/\/www.eslebedasauto.at\/wp-content\/uploads\/2025\/09\/IMG_4104.jpeg 2048w\" sizes=\"(max-width: 1024px) 100vw, 1024px\" \/><\/figure>\n<\/figure>\n\n\n\n<p><\/p>\n\n\n\n<h3 id=\"preis-und-ausstattung\" class=\"wp-block-heading\">Preis und Ausstattung<\/h3>\n\n\n\n<p>Citro\u00ebn bleibt seiner Linie treu und bietet den \u00eb-C3 Aircross in \u00d6sterreich zu einem sehr attraktiven Tarif an. Die Preise starten bei rund <strong>27.880 Euro<\/strong> (YOU 44 kWh),  die Preisliste der 53 kWh-Version beginnt bei <strong>32.080 Euro<\/strong>. Angesichts des Raumangebots und der Ausstattung ist das ein starkes Angebot. <\/p>\n\n\n\n<figure class=\"wp-block-image size-large\"><img loading=\"lazy\" decoding=\"async\" width=\"1024\" height=\"768\" src=\"https:\/\/www.eslebedasauto.at\/wp-content\/uploads\/2025\/09\/IMG_4094-1024x768.jpeg\" alt=\"\" class=\"wp-image-100612\" srcset=\"https:\/\/www.eslebedasauto.at\/wp-content\/uploads\/2025\/09\/IMG_4094-1024x768.jpeg 1024w, https:\/\/www.eslebedasauto.at\/wp-content\/uploads\/2025\/09\/IMG_4094-300x225.jpeg 300w, https:\/\/www.eslebedasauto.at\/wp-content\/uploads\/2025\/09\/IMG_4094-768x576.jpeg 768w, https:\/\/www.eslebedasauto.at\/wp-content\/uploads\/2025\/09\/IMG_4094-1536x1152.jpeg 1536w, https:\/\/www.eslebedasauto.at\/wp-content\/uploads\/2025\/09\/IMG_4094.jpeg 2048w\" sizes=\"(max-width: 1024px) 100vw, 1024px\" \/><\/figure>\n\n\n\n<h3 id=\"fazit\" class=\"wp-block-heading\">Fazit<\/h3>\n\n\n\n<p>Der Citro\u00ebn \u00eb-C3 Aircross ist mehr als nur die gr\u00f6\u00dfere Version des kleinen \u00eb-C3. Er tritt mit eigenem Charakter auf, bietet deutlich mehr Platz, wirkt souver\u00e4ner auf der Stra\u00dfe und ist damit der wesentlich bessere Familienbegleiter. Sein Elektroantrieb ist eher bodenst\u00e4ndig als aufregend, aber absolut ausreichend f\u00fcr den Alltag. Mit markentypisch gutem Komfort, gro\u00dfem Kofferraum und einem hervorragenden Preis-Leistungs-Verh\u00e4ltnis ist der \u00eb-C3 Aircross ein Auto, das vielen Familien den Einstieg in die Elektromobilit\u00e4t erleichtern d\u00fcrfte.<\/p>\n\n\n\n<figure class=\"wp-block-image size-large\"><img loading=\"lazy\" decoding=\"async\" width=\"1024\" height=\"768\" src=\"https:\/\/www.eslebedasauto.at\/wp-content\/uploads\/2025\/09\/IMG_4097-1024x768.jpeg\" alt=\"\" class=\"wp-image-100613\" srcset=\"https:\/\/www.eslebedasauto.at\/wp-content\/uploads\/2025\/09\/IMG_4097-1024x768.jpeg 1024w, https:\/\/www.eslebedasauto.at\/wp-content\/uploads\/2025\/09\/IMG_4097-300x225.jpeg 300w, https:\/\/www.eslebedasauto.at\/wp-content\/uploads\/2025\/09\/IMG_4097-768x576.jpeg 768w, https:\/\/www.eslebedasauto.at\/wp-content\/uploads\/2025\/09\/IMG_4097-1536x1152.jpeg 1536w, https:\/\/www.eslebedasauto.at\/wp-content\/uploads\/2025\/09\/IMG_4097.jpeg 2048w\" sizes=\"(max-width: 1024px) 100vw, 1024px\" \/><\/figure>","protected":false},"excerpt":{"rendered":"<p>Der Citro\u00ebn \u00eb-C3 Aircross ist mehr als ein gr\u00f6\u00dferer \u00eb-C3. Er bietet mehr Charakter, wirkt souver\u00e4ner auf der Stra\u00dfe und ist auch der wesentlich bessere Familienbegleiter. <\/p>","protected":false},"author":2,"featured_media":100615,"comment_status":"open","ping_status":"open","sticky":false,"template":"","format":"standard","meta":{"neve_meta_sidebar":"","neve_meta_container":"","neve_meta_enable_content_width":"","neve_meta_content_width":0,"neve_meta_title_alignment":"","neve_meta_author_avatar":"","neve_post_elements_order":"","neve_meta_disable_header":"","neve_meta_disable_footer":"","neve_meta_disable_title":"","neve_meta_reading_time":"","footnotes":""},"categories":[1],"tags":[],"class_list":["post-100610","post","type-post","status-publish","format-standard","has-post-thumbnail","hentry","category-allgemein"],"yoast_head":"<!-- This site is optimized with the Yoast SEO plugin v26.8 - https:\/\/yoast.com\/product\/yoast-seo-wordpress\/ -->\n<title>Citro\u00ebn \u00eb-C3 Aircross \u2013 Vollwert-SUV f\u00fcr Preisbewusste. - Es lebe das Auto<\/title>\n<meta name=\"description\" content=\"Der Citro\u00ebn \u00eb-C3 Aircross bietet mehr Charakter, wirkt souver\u00e4ner auf der Stra\u00dfe und ist auch der wesentlich bessere Familienbegleiter als sein kleiner Bruder \u00eb-C3.\" \/>\n<meta name=\"robots\" content=\"index, follow, max-snippet:-1, max-image-preview:large, max-video-preview:-1\" \/>\n<link rel=\"canonical\" href=\"https:\/\/www.eslebedasauto.at\/it\/citroen-e-c3-aircross-vollwert-suv-fuer-preisbewusste\/\" \/>\n<meta property=\"og:locale\" content=\"it_IT\" \/>\n<meta property=\"og:type\" content=\"article\" \/>\n<meta property=\"og:title\" content=\"Citro\u00ebn \u00eb-C3 Aircross \u2013 Vollwert-SUV f\u00fcr Preisbewusste. - Es lebe das Auto\" \/>\n<meta property=\"og:description\" content=\"Der Citro\u00ebn \u00eb-C3 Aircross bietet mehr Charakter, wirkt souver\u00e4ner auf der Stra\u00dfe und ist auch der wesentlich bessere Familienbegleiter als sein kleiner Bruder \u00eb-C3.\" \/>\n<meta property=\"og:url\" content=\"https:\/\/www.eslebedasauto.at\/it\/citroen-e-c3-aircross-vollwert-suv-fuer-preisbewusste\/\" \/>\n<meta property=\"og:site_name\" content=\"Es lebe das Auto\" \/>\n<meta property=\"article:publisher\" content=\"https:\/\/www.facebook.com\/eslebedasauto.at\" \/>\n<meta property=\"article:published_time\" content=\"2025-09-30T16:12:10+00:00\" \/>\n<meta property=\"article:modified_time\" content=\"2025-09-30T16:12:14+00:00\" \/>\n<meta property=\"og:image\" content=\"https:\/\/www.eslebedasauto.at\/wp-content\/uploads\/2025\/09\/IMG_4091.jpeg\" \/>\n\t<meta property=\"og:image:width\" content=\"2048\" \/>\n\t<meta property=\"og:image:height\" content=\"1536\" \/>\n\t<meta property=\"og:image:type\" content=\"image\/jpeg\" \/>\n<meta name=\"author\" content=\"gerhard\" \/>\n<meta name=\"twitter:card\" content=\"summary_large_image\" \/>\n<meta name=\"twitter:label1\" content=\"Scritto da\" \/>\n\t<meta name=\"twitter:data1\" content=\"gerhard\" \/>\n\t<meta name=\"twitter:label2\" content=\"Tempo di lettura stimato\" \/>\n\t<meta name=\"twitter:data2\" content=\"5 minuti\" \/>\n<script type=\"application\/ld+json\" class=\"yoast-schema-graph\">{\"@context\":\"https:\/\/schema.org\",\"@graph\":[{\"@type\":\"Article\",\"@id\":\"https:\/\/www.eslebedasauto.at\/citroen-e-c3-aircross-vollwert-suv-fuer-preisbewusste\/#article\",\"isPartOf\":{\"@id\":\"https:\/\/www.eslebedasauto.at\/citroen-e-c3-aircross-vollwert-suv-fuer-preisbewusste\/\"},\"author\":{\"name\":\"gerhard\",\"@id\":\"https:\/\/www.eslebedasauto.at\/#\/schema\/person\/fb81218b0bed500d225ff518f9f17033\"},\"headline\":\"Citro\u00ebn \u00eb-C3 Aircross \u2013 Vollwert-SUV f\u00fcr Preisbewusste.\",\"datePublished\":\"2025-09-30T16:12:10+00:00\",\"dateModified\":\"2025-09-30T16:12:14+00:00\",\"mainEntityOfPage\":{\"@id\":\"https:\/\/www.eslebedasauto.at\/citroen-e-c3-aircross-vollwert-suv-fuer-preisbewusste\/\"},\"wordCount\":497,\"commentCount\":0,\"publisher\":{\"@id\":\"https:\/\/www.eslebedasauto.at\/#organization\"},\"image\":{\"@id\":\"https:\/\/www.eslebedasauto.at\/citroen-e-c3-aircross-vollwert-suv-fuer-preisbewusste\/#primaryimage\"},\"thumbnailUrl\":\"https:\/\/www.eslebedasauto.at\/wp-content\/uploads\/2025\/09\/IMG_4091.jpeg\",\"articleSection\":[\"Allgemein\"],\"inLanguage\":\"it-IT\",\"potentialAction\":[{\"@type\":\"CommentAction\",\"name\":\"Comment\",\"target\":[\"https:\/\/www.eslebedasauto.at\/citroen-e-c3-aircross-vollwert-suv-fuer-preisbewusste\/#respond\"]}]},{\"@type\":\"WebPage\",\"@id\":\"https:\/\/www.eslebedasauto.at\/citroen-e-c3-aircross-vollwert-suv-fuer-preisbewusste\/\",\"url\":\"https:\/\/www.eslebedasauto.at\/citroen-e-c3-aircross-vollwert-suv-fuer-preisbewusste\/\",\"name\":\"Citro\u00ebn \u00eb-C3 Aircross \u2013 Vollwert-SUV f\u00fcr Preisbewusste. - Es lebe das Auto\",\"isPartOf\":{\"@id\":\"https:\/\/www.eslebedasauto.at\/#website\"},\"primaryImageOfPage\":{\"@id\":\"https:\/\/www.eslebedasauto.at\/citroen-e-c3-aircross-vollwert-suv-fuer-preisbewusste\/#primaryimage\"},\"image\":{\"@id\":\"https:\/\/www.eslebedasauto.at\/citroen-e-c3-aircross-vollwert-suv-fuer-preisbewusste\/#primaryimage\"},\"thumbnailUrl\":\"https:\/\/www.eslebedasauto.at\/wp-content\/uploads\/2025\/09\/IMG_4091.jpeg\",\"datePublished\":\"2025-09-30T16:12:10+00:00\",\"dateModified\":\"2025-09-30T16:12:14+00:00\",\"description\":\"Der Citro\u00ebn \u00eb-C3 Aircross bietet mehr Charakter, wirkt souver\u00e4ner auf der Stra\u00dfe und ist auch der wesentlich bessere Familienbegleiter als sein kleiner Bruder \u00eb-C3.\",\"breadcrumb\":{\"@id\":\"https:\/\/www.eslebedasauto.at\/citroen-e-c3-aircross-vollwert-suv-fuer-preisbewusste\/#breadcrumb\"},\"inLanguage\":\"it-IT\",\"potentialAction\":[{\"@type\":\"ReadAction\",\"target\":[\"https:\/\/www.eslebedasauto.at\/citroen-e-c3-aircross-vollwert-suv-fuer-preisbewusste\/\"]}]},{\"@type\":\"ImageObject\",\"inLanguage\":\"it-IT\",\"@id\":\"https:\/\/www.eslebedasauto.at\/citroen-e-c3-aircross-vollwert-suv-fuer-preisbewusste\/#primaryimage\",\"url\":\"https:\/\/www.eslebedasauto.at\/wp-content\/uploads\/2025\/09\/IMG_4091.jpeg\",\"contentUrl\":\"https:\/\/www.eslebedasauto.at\/wp-content\/uploads\/2025\/09\/IMG_4091.jpeg\",\"width\":2048,\"height\":1536},{\"@type\":\"BreadcrumbList\",\"@id\":\"https:\/\/www.eslebedasauto.at\/citroen-e-c3-aircross-vollwert-suv-fuer-preisbewusste\/#breadcrumb\",\"itemListElement\":[{\"@type\":\"ListItem\",\"position\":1,\"name\":\"Startseite\",\"item\":\"https:\/\/www.eslebedasauto.at\/\"},{\"@type\":\"ListItem\",\"position\":2,\"name\":\"Citro\u00ebn \u00eb-C3 Aircross \u2013 Vollwert-SUV f\u00fcr Preisbewusste.\"}]},{\"@type\":\"WebSite\",\"@id\":\"https:\/\/www.eslebedasauto.at\/#website\",\"url\":\"https:\/\/www.eslebedasauto.at\/\",\"name\":\"Es lebe das Auto\",\"description\":\"ein Hoch auf den Individualverkehr\",\"publisher\":{\"@id\":\"https:\/\/www.eslebedasauto.at\/#organization\"},\"potentialAction\":[{\"@type\":\"SearchAction\",\"target\":{\"@type\":\"EntryPoint\",\"urlTemplate\":\"https:\/\/www.eslebedasauto.at\/?s={search_term_string}\"},\"query-input\":{\"@type\":\"PropertyValueSpecification\",\"valueRequired\":true,\"valueName\":\"search_term_string\"}}],\"inLanguage\":\"it-IT\"},{\"@type\":\"Organization\",\"@id\":\"https:\/\/www.eslebedasauto.at\/#organization\",\"name\":\"eslebedasauto\",\"url\":\"https:\/\/www.eslebedasauto.at\/\",\"logo\":{\"@type\":\"ImageObject\",\"inLanguage\":\"it-IT\",\"@id\":\"https:\/\/www.eslebedasauto.at\/#\/schema\/logo\/image\/\",\"url\":\"https:\/\/www.eslebedasauto.at\/wp-content\/uploads\/2025\/10\/eldarund.png\",\"contentUrl\":\"https:\/\/www.eslebedasauto.at\/wp-content\/uploads\/2025\/10\/eldarund.png\",\"width\":1024,\"height\":1024,\"caption\":\"eslebedasauto\"},\"image\":{\"@id\":\"https:\/\/www.eslebedasauto.at\/#\/schema\/logo\/image\/\"},\"sameAs\":[\"https:\/\/www.facebook.com\/eslebedasauto.at\",\"https:\/\/www.instagram.com\/es_lebe_das_auto\/\"]},{\"@type\":\"Person\",\"@id\":\"https:\/\/www.eslebedasauto.at\/#\/schema\/person\/fb81218b0bed500d225ff518f9f17033\",\"name\":\"gerhard\",\"url\":\"https:\/\/www.eslebedasauto.at\/it\/author\/gerhard\/\"}]}<\/script>\n<!-- \/ Yoast SEO plugin. -->","yoast_head_json":{"title":"Citro\u00ebn \u00eb-C3 Aircross \u2013 Vollwert-SUV f\u00fcr Preisbewusste. - Es lebe das Auto","description":"Der Citro\u00ebn \u00eb-C3 Aircross bietet mehr Charakter, wirkt souver\u00e4ner auf der Stra\u00dfe und ist auch der wesentlich bessere Familienbegleiter als sein kleiner Bruder \u00eb-C3.","robots":{"index":"index","follow":"follow","max-snippet":"max-snippet:-1","max-image-preview":"max-image-preview:large","max-video-preview":"max-video-preview:-1"},"canonical":"https:\/\/www.eslebedasauto.at\/it\/citroen-e-c3-aircross-vollwert-suv-fuer-preisbewusste\/","og_locale":"it_IT","og_type":"article","og_title":"Citro\u00ebn \u00eb-C3 Aircross \u2013 Vollwert-SUV f\u00fcr Preisbewusste. - Es lebe das Auto","og_description":"Der Citro\u00ebn \u00eb-C3 Aircross bietet mehr Charakter, wirkt souver\u00e4ner auf der Stra\u00dfe und ist auch der wesentlich bessere Familienbegleiter als sein kleiner Bruder \u00eb-C3.","og_url":"https:\/\/www.eslebedasauto.at\/it\/citroen-e-c3-aircross-vollwert-suv-fuer-preisbewusste\/","og_site_name":"Es lebe das Auto","article_publisher":"https:\/\/www.facebook.com\/eslebedasauto.at","article_published_time":"2025-09-30T16:12:10+00:00","article_modified_time":"2025-09-30T16:12:14+00:00","og_image":[{"width":2048,"height":1536,"url":"https:\/\/www.eslebedasauto.at\/wp-content\/uploads\/2025\/09\/IMG_4091.jpeg","type":"image\/jpeg"}],"author":"gerhard","twitter_card":"summary_large_image","twitter_misc":{"Scritto da":"gerhard","Tempo di lettura stimato":"5 minuti"},"schema":{"@context":"https:\/\/schema.org","@graph":[{"@type":"Article","@id":"https:\/\/www.eslebedasauto.at\/citroen-e-c3-aircross-vollwert-suv-fuer-preisbewusste\/#article","isPartOf":{"@id":"https:\/\/www.eslebedasauto.at\/citroen-e-c3-aircross-vollwert-suv-fuer-preisbewusste\/"},"author":{"name":"gerhard","@id":"https:\/\/www.eslebedasauto.at\/#\/schema\/person\/fb81218b0bed500d225ff518f9f17033"},"headline":"Citro\u00ebn \u00eb-C3 Aircross \u2013 Vollwert-SUV f\u00fcr Preisbewusste.","datePublished":"2025-09-30T16:12:10+00:00","dateModified":"2025-09-30T16:12:14+00:00","mainEntityOfPage":{"@id":"https:\/\/www.eslebedasauto.at\/citroen-e-c3-aircross-vollwert-suv-fuer-preisbewusste\/"},"wordCount":497,"commentCount":0,"publisher":{"@id":"https:\/\/www.eslebedasauto.at\/#organization"},"image":{"@id":"https:\/\/www.eslebedasauto.at\/citroen-e-c3-aircross-vollwert-suv-fuer-preisbewusste\/#primaryimage"},"thumbnailUrl":"https:\/\/www.eslebedasauto.at\/wp-content\/uploads\/2025\/09\/IMG_4091.jpeg","articleSection":["Allgemein"],"inLanguage":"it-IT","potentialAction":[{"@type":"CommentAction","name":"Comment","target":["https:\/\/www.eslebedasauto.at\/citroen-e-c3-aircross-vollwert-suv-fuer-preisbewusste\/#respond"]}]},{"@type":"WebPage","@id":"https:\/\/www.eslebedasauto.at\/citroen-e-c3-aircross-vollwert-suv-fuer-preisbewusste\/","url":"https:\/\/www.eslebedasauto.at\/citroen-e-c3-aircross-vollwert-suv-fuer-preisbewusste\/","name":"Citro\u00ebn \u00eb-C3 Aircross \u2013 Vollwert-SUV f\u00fcr Preisbewusste. - Es lebe das Auto","isPartOf":{"@id":"https:\/\/www.eslebedasauto.at\/#website"},"primaryImageOfPage":{"@id":"https:\/\/www.eslebedasauto.at\/citroen-e-c3-aircross-vollwert-suv-fuer-preisbewusste\/#primaryimage"},"image":{"@id":"https:\/\/www.eslebedasauto.at\/citroen-e-c3-aircross-vollwert-suv-fuer-preisbewusste\/#primaryimage"},"thumbnailUrl":"https:\/\/www.eslebedasauto.at\/wp-content\/uploads\/2025\/09\/IMG_4091.jpeg","datePublished":"2025-09-30T16:12:10+00:00","dateModified":"2025-09-30T16:12:14+00:00","description":"Der Citro\u00ebn \u00eb-C3 Aircross bietet mehr Charakter, wirkt souver\u00e4ner auf der Stra\u00dfe und ist auch der wesentlich bessere Familienbegleiter als sein kleiner Bruder \u00eb-C3.","breadcrumb":{"@id":"https:\/\/www.eslebedasauto.at\/citroen-e-c3-aircross-vollwert-suv-fuer-preisbewusste\/#breadcrumb"},"inLanguage":"it-IT","potentialAction":[{"@type":"ReadAction","target":["https:\/\/www.eslebedasauto.at\/citroen-e-c3-aircross-vollwert-suv-fuer-preisbewusste\/"]}]},{"@type":"ImageObject","inLanguage":"it-IT","@id":"https:\/\/www.eslebedasauto.at\/citroen-e-c3-aircross-vollwert-suv-fuer-preisbewusste\/#primaryimage","url":"https:\/\/www.eslebedasauto.at\/wp-content\/uploads\/2025\/09\/IMG_4091.jpeg","contentUrl":"https:\/\/www.eslebedasauto.at\/wp-content\/uploads\/2025\/09\/IMG_4091.jpeg","width":2048,"height":1536},{"@type":"BreadcrumbList","@id":"https:\/\/www.eslebedasauto.at\/citroen-e-c3-aircross-vollwert-suv-fuer-preisbewusste\/#breadcrumb","itemListElement":[{"@type":"ListItem","position":1,"name":"Startseite","item":"https:\/\/www.eslebedasauto.at\/"},{"@type":"ListItem","position":2,"name":"Citro\u00ebn \u00eb-C3 Aircross \u2013 Vollwert-SUV f\u00fcr Preisbewusste."}]},{"@type":"WebSite","@id":"https:\/\/www.eslebedasauto.at\/#website","url":"https:\/\/www.eslebedasauto.at\/","name":"Es lebe das Auto","description":"ein Hoch auf den Individualverkehr","publisher":{"@id":"https:\/\/www.eslebedasauto.at\/#organization"},"potentialAction":[{"@type":"SearchAction","target":{"@type":"EntryPoint","urlTemplate":"https:\/\/www.eslebedasauto.at\/?s={search_term_string}"},"query-input":{"@type":"PropertyValueSpecification","valueRequired":true,"valueName":"search_term_string"}}],"inLanguage":"it-IT"},{"@type":"Organization","@id":"https:\/\/www.eslebedasauto.at\/#organization","name":"eslebedasauto","url":"https:\/\/www.eslebedasauto.at\/","logo":{"@type":"ImageObject","inLanguage":"it-IT","@id":"https:\/\/www.eslebedasauto.at\/#\/schema\/logo\/image\/","url":"https:\/\/www.eslebedasauto.at\/wp-content\/uploads\/2025\/10\/eldarund.png","contentUrl":"https:\/\/www.eslebedasauto.at\/wp-content\/uploads\/2025\/10\/eldarund.png","width":1024,"height":1024,"caption":"eslebedasauto"},"image":{"@id":"https:\/\/www.eslebedasauto.at\/#\/schema\/logo\/image\/"},"sameAs":["https:\/\/www.facebook.com\/eslebedasauto.at","https:\/\/www.instagram.com\/es_lebe_das_auto\/"]},{"@type":"Person","@id":"https:\/\/www.eslebedasauto.at\/#\/schema\/person\/fb81218b0bed500d225ff518f9f17033","name":"gerhard","url":"https:\/\/www.eslebedasauto.at\/it\/author\/gerhard\/"}]}},"_links":{"self":[{"href":"https:\/\/www.eslebedasauto.at\/it\/wp-json\/wp\/v2\/posts\/100610","targetHints":{"allow":["GET"]}}],"collection":[{"href":"https:\/\/www.eslebedasauto.at\/it\/wp-json\/wp\/v2\/posts"}],"about":[{"href":"https:\/\/www.eslebedasauto.at\/it\/wp-json\/wp\/v2\/types\/post"}],"author":[{"embeddable":true,"href":"https:\/\/www.eslebedasauto.at\/it\/wp-json\/wp\/v2\/users\/2"}],"replies":[{"embeddable":true,"href":"https:\/\/www.eslebedasauto.at\/it\/wp-json\/wp\/v2\/comments?post=100610"}],"version-history":[{"count":2,"href":"https:\/\/www.eslebedasauto.at\/it\/wp-json\/wp\/v2\/posts\/100610\/revisions"}],"predecessor-version":[{"id":100627,"href":"https:\/\/www.eslebedasauto.at\/it\/wp-json\/wp\/v2\/posts\/100610\/revisions\/100627"}],"wp:featuredmedia":[{"embeddable":true,"href":"https:\/\/www.eslebedasauto.at\/it\/wp-json\/wp\/v2\/media\/100615"}],"wp:attachment":[{"href":"https:\/\/www.eslebedasauto.at\/it\/wp-json\/wp\/v2\/media?parent=100610"}],"wp:term":[{"taxonomy":"category","embeddable":true,"href":"https:\/\/www.eslebedasauto.at\/it\/wp-json\/wp\/v2\/categories?post=100610"},{"taxonomy":"post_tag","embeddable":true,"href":"https:\/\/www.eslebedasauto.at\/it\/wp-json\/wp\/v2\/tags?post=100610"}],"curies":[{"name":"wp","href":"https:\/\/api.w.org\/{rel}","templated":true}]}}