{"id":100455,"date":"2025-09-20T20:26:18","date_gmt":"2025-09-20T18:26:18","guid":{"rendered":"https:\/\/www.eslebedasauto.at\/?p=100455"},"modified":"2025-09-20T20:34:15","modified_gmt":"2025-09-20T18:34:15","slug":"renault-rafale-e-tech-plug-in-hybrid-fahrbericht","status":"publish","type":"post","link":"https:\/\/www.eslebedasauto.at\/it\/renault-rafale-e-tech-plug-in-hybrid-fahrbericht\/","title":{"rendered":"Der Renault Rafale E-Tech Plug-in-Hybrid im Fahrbericht."},"content":{"rendered":"<p>Es gibt Autos, die ziehen die Blicke auf sich. Der neue <strong>Renault Rafale E-Tech Plug-in-Hybrid<\/strong> ist definitiv so eines. Ein m\u00e4chtiges <strong>SUV-Coup\u00e9<\/strong> mit gesch\u00e4rften Konturen, muskul\u00f6sen Fl\u00e4chen und einer Silhouette, die Sportlichkeit und Eleganz perfekt vereint. <\/p>\n\n\n\n<figure class=\"wp-block-image size-large\"><img fetchpriority=\"high\" decoding=\"async\" width=\"1024\" height=\"768\" src=\"https:\/\/www.eslebedasauto.at\/wp-content\/uploads\/2025\/09\/IMG_3578-1024x768.jpeg\" alt=\"\" class=\"wp-image-100283\" srcset=\"https:\/\/www.eslebedasauto.at\/wp-content\/uploads\/2025\/09\/IMG_3578-1024x768.jpeg 1024w, https:\/\/www.eslebedasauto.at\/wp-content\/uploads\/2025\/09\/IMG_3578-300x225.jpeg 300w, https:\/\/www.eslebedasauto.at\/wp-content\/uploads\/2025\/09\/IMG_3578-768x576.jpeg 768w, https:\/\/www.eslebedasauto.at\/wp-content\/uploads\/2025\/09\/IMG_3578-1536x1152.jpeg 1536w, https:\/\/www.eslebedasauto.at\/wp-content\/uploads\/2025\/09\/IMG_3578.jpeg 2048w\" sizes=\"(max-width: 1024px) 100vw, 1024px\" \/><\/figure>\n\n\n\n<h4 id=\"schon-beim-ersten-anblick-wird-klar-hier-will-renault-nicht-einfach-nur-ein-weiteres-suv-auf-die-strase-schicken\" class=\"wp-block-heading\">Schon beim ersten Anblick wird klar: Hier will Renault nicht einfach nur ein weiteres SUV auf die Stra\u00dfe schicken.<\/h4>\n\n\n\n<p>Die <strong>Linienf\u00fchrung<\/strong> des Rafale ist durchaus spektakul\u00e4r. Die Front tr\u00e4gt selbstbewusst den neuen Renault-Rhombus, flankiert von schlanken LED-Matrix-Scheinwerfern. Die Motorhaube ist kraftvoll konturiert, die Schulterpartie breit und athletisch. Das Dach f\u00e4llt sanft zum Heck ab, was dem Rafale seinen Coup\u00e9-Charakter verleiht. In Natura wirkt der Franzose deutlich sportlicher als auf Bildern \u2013 er ist ein echter <strong>Headturner<\/strong>.<\/p>\n\n\n\n<figure class=\"wp-block-image size-large\"><img decoding=\"async\" width=\"1024\" height=\"768\" src=\"https:\/\/www.eslebedasauto.at\/wp-content\/uploads\/2025\/09\/IMG_3584-1024x768.jpeg\" alt=\"\" class=\"wp-image-100286\" srcset=\"https:\/\/www.eslebedasauto.at\/wp-content\/uploads\/2025\/09\/IMG_3584-1024x768.jpeg 1024w, https:\/\/www.eslebedasauto.at\/wp-content\/uploads\/2025\/09\/IMG_3584-300x225.jpeg 300w, https:\/\/www.eslebedasauto.at\/wp-content\/uploads\/2025\/09\/IMG_3584-768x576.jpeg 768w, https:\/\/www.eslebedasauto.at\/wp-content\/uploads\/2025\/09\/IMG_3584-1536x1152.jpeg 1536w, https:\/\/www.eslebedasauto.at\/wp-content\/uploads\/2025\/09\/IMG_3584.jpeg 2048w\" sizes=\"(max-width: 1024px) 100vw, 1024px\" \/><\/figure>\n\n\n\n<p>Unser Testwagen kommt in der <strong>Vollausstattung \u201eEsprit Alpine\u201c<\/strong>, die neben speziellen Lackfarben auch 20-Zoll-Alufelgen, schwarze Akzente und jede Menge Alpine-Logos mitbringt. Ein bisschen franz\u00f6sischer Chic, gepaart mit technischer, sportiv angehauchter Raffinesse.<\/p>\n\n\n\n<figure class=\"wp-block-image size-large\"><img decoding=\"async\" width=\"1024\" height=\"768\" src=\"https:\/\/www.eslebedasauto.at\/wp-content\/uploads\/2025\/09\/IMG_3573-1024x768.jpeg\" alt=\"\" class=\"wp-image-100256\" srcset=\"https:\/\/www.eslebedasauto.at\/wp-content\/uploads\/2025\/09\/IMG_3573-1024x768.jpeg 1024w, https:\/\/www.eslebedasauto.at\/wp-content\/uploads\/2025\/09\/IMG_3573-300x225.jpeg 300w, https:\/\/www.eslebedasauto.at\/wp-content\/uploads\/2025\/09\/IMG_3573-768x576.jpeg 768w, https:\/\/www.eslebedasauto.at\/wp-content\/uploads\/2025\/09\/IMG_3573-1536x1152.jpeg 1536w, https:\/\/www.eslebedasauto.at\/wp-content\/uploads\/2025\/09\/IMG_3573.jpeg 2048w\" sizes=\"(max-width: 1024px) 100vw, 1024px\" \/><\/figure>\n\n\n\n<p>Unter der Haube arbeitet das hauseigene <strong>E-Tech Plug-in-Hybrid-System<\/strong> mit rund <strong>300 PS Systemleistung<\/strong>. Im Alltag f\u00e4hrt der Rafale dank der kr\u00e4ftigen E-Maschine h\u00e4ufig rein elektrisch \u2013 zumindest so lange der Akku voll ist. Mit geladenem Akku sprintet das SUV-Coup\u00e9 auch ordentlich los. Die <strong>Achtstufenautomatik<\/strong> verteilt die Leistung pr\u00e4zise, der <strong>Allradantrieb<\/strong> sorgt f\u00fcr Traktion bei Bedarf &#8211; wurde also in unserem Sommertest nie t\u00e4tig.<\/p>\n\n\n\n<figure class=\"wp-block-image size-large\"><img loading=\"lazy\" decoding=\"async\" width=\"1024\" height=\"768\" src=\"https:\/\/www.eslebedasauto.at\/wp-content\/uploads\/2025\/09\/IMG_3550-1024x768.jpeg\" alt=\"\" class=\"wp-image-100275\" srcset=\"https:\/\/www.eslebedasauto.at\/wp-content\/uploads\/2025\/09\/IMG_3550-1024x768.jpeg 1024w, https:\/\/www.eslebedasauto.at\/wp-content\/uploads\/2025\/09\/IMG_3550-300x225.jpeg 300w, https:\/\/www.eslebedasauto.at\/wp-content\/uploads\/2025\/09\/IMG_3550-768x576.jpeg 768w, https:\/\/www.eslebedasauto.at\/wp-content\/uploads\/2025\/09\/IMG_3550-1536x1152.jpeg 1536w, https:\/\/www.eslebedasauto.at\/wp-content\/uploads\/2025\/09\/IMG_3550.jpeg 2048w\" sizes=\"(max-width: 1024px) 100vw, 1024px\" \/><\/figure>\n\n\n\n<p>Im Hybridmodus harmoniert der Benziner sehr gut mit den Elektromotoren. Auf der Landstra\u00dfe genie\u00dft man die Ruhe, auf der Autobahn sorgt die volle Systemleistung f\u00fcr souver\u00e4nen Vortrieb. Wer den Gasfu\u00df z\u00fcgelt, kann bis zu <strong>100 Kilometer rein elektrisch<\/strong> zur\u00fccklegen \u2013 ideal f\u00fcr den t\u00e4glichen Pendelverkehr. Geht die Ladung der Batterie zur Neige, verliert der Rafale leider etwas an Souver\u00e4nit\u00e4t &#8211; dann h\u00f6rt man den Verbrenner teilweise recht deutlich.<\/p>\n\n\n\n<figure class=\"wp-block-gallery has-nested-images columns-default is-cropped wp-block-gallery-1 is-layout-flex wp-block-gallery-is-layout-flex\">\n<figure class=\"wp-block-image size-large\"><img loading=\"lazy\" decoding=\"async\" width=\"1024\" height=\"768\" data-id=\"100261\" src=\"https:\/\/www.eslebedasauto.at\/wp-content\/uploads\/2025\/09\/IMG_3589-1024x768.jpeg\" alt=\"\" class=\"wp-image-100261\" srcset=\"https:\/\/www.eslebedasauto.at\/wp-content\/uploads\/2025\/09\/IMG_3589-1024x768.jpeg 1024w, https:\/\/www.eslebedasauto.at\/wp-content\/uploads\/2025\/09\/IMG_3589-300x225.jpeg 300w, https:\/\/www.eslebedasauto.at\/wp-content\/uploads\/2025\/09\/IMG_3589-768x576.jpeg 768w, https:\/\/www.eslebedasauto.at\/wp-content\/uploads\/2025\/09\/IMG_3589-1536x1152.jpeg 1536w, https:\/\/www.eslebedasauto.at\/wp-content\/uploads\/2025\/09\/IMG_3589.jpeg 2048w\" sizes=\"(max-width: 1024px) 100vw, 1024px\" \/><\/figure>\n\n\n\n<figure class=\"wp-block-image size-large\"><img loading=\"lazy\" decoding=\"async\" width=\"1024\" height=\"768\" data-id=\"100257\" src=\"https:\/\/www.eslebedasauto.at\/wp-content\/uploads\/2025\/09\/IMG_3575-1024x768.jpeg\" alt=\"\" class=\"wp-image-100257\" srcset=\"https:\/\/www.eslebedasauto.at\/wp-content\/uploads\/2025\/09\/IMG_3575-1024x768.jpeg 1024w, https:\/\/www.eslebedasauto.at\/wp-content\/uploads\/2025\/09\/IMG_3575-300x225.jpeg 300w, https:\/\/www.eslebedasauto.at\/wp-content\/uploads\/2025\/09\/IMG_3575-768x576.jpeg 768w, https:\/\/www.eslebedasauto.at\/wp-content\/uploads\/2025\/09\/IMG_3575-1536x1152.jpeg 1536w, https:\/\/www.eslebedasauto.at\/wp-content\/uploads\/2025\/09\/IMG_3575.jpeg 2048w\" sizes=\"(max-width: 1024px) 100vw, 1024px\" \/><\/figure>\n<\/figure>\n\n\n\n<p>Trotz seines dynamischen Auftritts ist der Rafale kein echtes Sport-SUV. Renault hat das <strong>Fahrwerk bewusst komfortabel abgestimmt<\/strong> &#8211; typisch franz\u00f6sisch eben. Unebenheiten, Querfugen und Kopfsteinpflaster? Alles kein Problem. Selbst auf l\u00e4ngeren Autobahnetappen bleibt der Franzose entspannt, ohne aber jemals schwammig zu wirken.<\/p>\n\n\n\n<figure class=\"wp-block-image size-large\"><img loading=\"lazy\" decoding=\"async\" width=\"1024\" height=\"768\" src=\"https:\/\/www.eslebedasauto.at\/wp-content\/uploads\/2025\/09\/IMG_3590-1024x768.jpeg\" alt=\"\" class=\"wp-image-100288\" srcset=\"https:\/\/www.eslebedasauto.at\/wp-content\/uploads\/2025\/09\/IMG_3590-1024x768.jpeg 1024w, https:\/\/www.eslebedasauto.at\/wp-content\/uploads\/2025\/09\/IMG_3590-300x225.jpeg 300w, https:\/\/www.eslebedasauto.at\/wp-content\/uploads\/2025\/09\/IMG_3590-768x576.jpeg 768w, https:\/\/www.eslebedasauto.at\/wp-content\/uploads\/2025\/09\/IMG_3590-1536x1152.jpeg 1536w, https:\/\/www.eslebedasauto.at\/wp-content\/uploads\/2025\/09\/IMG_3590.jpeg 2048w\" sizes=\"(max-width: 1024px) 100vw, 1024px\" \/><\/figure>\n\n\n\n<p>In engen Kurven hilft die <strong>Hinterachslenkung<\/strong>, die den Wendekreis massiv verkleinert und dem fast f\u00fcnf Meter langen SUV-Coup\u00e9 unerwartete Agilit\u00e4t verleiht. Das Zusammenspiel aus Komfort und Fahrdynamik ist Renault ausgesprochen gut gelungen \u2013 man steigt nach Stunden aus und f\u00fchlt sich trotzdem frisch.<\/p>\n\n\n\n<figure class=\"wp-block-image size-large\"><img loading=\"lazy\" decoding=\"async\" width=\"1024\" height=\"768\" src=\"https:\/\/www.eslebedasauto.at\/wp-content\/uploads\/2025\/09\/IMG_3585-1024x768.jpeg\" alt=\"\" class=\"wp-image-100259\" srcset=\"https:\/\/www.eslebedasauto.at\/wp-content\/uploads\/2025\/09\/IMG_3585-1024x768.jpeg 1024w, https:\/\/www.eslebedasauto.at\/wp-content\/uploads\/2025\/09\/IMG_3585-300x225.jpeg 300w, https:\/\/www.eslebedasauto.at\/wp-content\/uploads\/2025\/09\/IMG_3585-768x576.jpeg 768w, https:\/\/www.eslebedasauto.at\/wp-content\/uploads\/2025\/09\/IMG_3585-1536x1152.jpeg 1536w, https:\/\/www.eslebedasauto.at\/wp-content\/uploads\/2025\/09\/IMG_3585.jpeg 2048w\" sizes=\"(max-width: 1024px) 100vw, 1024px\" \/><\/figure>\n\n\n\n<h3 id=\"innenraum-groszugigkeit-trifft-hightech\" class=\"wp-block-heading\">Innenraum: Gro\u00dfz\u00fcgigkeit trifft Hightech<\/h3>\n\n\n\n<p>Innen empf\u00e4ngt uns ein <strong>modern gestalteter Innenraum<\/strong> und viel Platz. Die <strong>Vollausstattung<\/strong> verw\u00f6hnt mit angenehmen Materialien, perforiertem Leder, Alcantara-Eins\u00e4tzen und den Alpine-typischen dezent-blauen Ziern\u00e4hten. Ein Highlight ist das <strong>OpenR Link-System<\/strong>: Zwei riesige Displays, die sich fast nahtlos \u00fcber das Armaturenbrett ziehen, liefern gestochen scharfe Grafiken und sind mit Google-Technik ausgestattet. Navigationsdaten, Musikstreaming und Sprachsteuerung funktionieren daher tadellos. Auch die R\u00fcckbank \u00fcberzeugt mit \u00fcppiger Beinfreiheit, auch der Kofferraum bietet mehr als genug Platz f\u00fcr Gep\u00e4ck, Kinderwagen oder Sportequipment.<\/p>\n\n\n\n<figure class=\"wp-block-image size-large\"><img loading=\"lazy\" decoding=\"async\" width=\"1024\" height=\"768\" src=\"https:\/\/www.eslebedasauto.at\/wp-content\/uploads\/2025\/09\/IMG_3587-1024x768.jpeg\" alt=\"\" class=\"wp-image-100260\" srcset=\"https:\/\/www.eslebedasauto.at\/wp-content\/uploads\/2025\/09\/IMG_3587-1024x768.jpeg 1024w, https:\/\/www.eslebedasauto.at\/wp-content\/uploads\/2025\/09\/IMG_3587-300x225.jpeg 300w, https:\/\/www.eslebedasauto.at\/wp-content\/uploads\/2025\/09\/IMG_3587-768x576.jpeg 768w, https:\/\/www.eslebedasauto.at\/wp-content\/uploads\/2025\/09\/IMG_3587-1536x1152.jpeg 1536w, https:\/\/www.eslebedasauto.at\/wp-content\/uploads\/2025\/09\/IMG_3587.jpeg 2048w\" sizes=\"(max-width: 1024px) 100vw, 1024px\" \/><\/figure>\n\n\n\n<h3 id=\"unterm-strich\" class=\"wp-block-heading\">Unterm Strich<\/h3>\n\n\n\n<p>Mit dem <strong>Rafale E-Tech Plug-in-Hybrid<\/strong> hebt Renault das SUV-Spiel auf ein neues Level. Kraftvoller Hybridantrieb, spektakul\u00e4res Design, gro\u00dfz\u00fcgiger Innenraum und sehr guter Komfort \u2013 der Rafale ist nicht nur technisch auf der H\u00f6he der Zeit, sondern auch optisch ein Statement. Er richtet sich an alle, die nicht unbedingt ein deutsches Logo auf der Haube brauchen. Der Renault Rafale f\u00e4hrt selbstbewusst, effizient und dabei richtig stilvoll. Der <strong>Renault Rafale E-Tech Plug-in-Hybrid 4\u00d74 300<\/strong> steht ab <strong>\u20ac 52.760<\/strong> in der Ausstattung Esprit Alpine in der Renault-Preisliste.<\/p>\n\n\n\n<figure class=\"wp-block-image size-large\"><img loading=\"lazy\" decoding=\"async\" width=\"1024\" height=\"768\" src=\"https:\/\/www.eslebedasauto.at\/wp-content\/uploads\/2025\/09\/IMG_3572-1024x768.jpeg\" alt=\"\" class=\"wp-image-100255\" srcset=\"https:\/\/www.eslebedasauto.at\/wp-content\/uploads\/2025\/09\/IMG_3572-1024x768.jpeg 1024w, https:\/\/www.eslebedasauto.at\/wp-content\/uploads\/2025\/09\/IMG_3572-300x225.jpeg 300w, https:\/\/www.eslebedasauto.at\/wp-content\/uploads\/2025\/09\/IMG_3572-768x576.jpeg 768w, https:\/\/www.eslebedasauto.at\/wp-content\/uploads\/2025\/09\/IMG_3572-1536x1152.jpeg 1536w, https:\/\/www.eslebedasauto.at\/wp-content\/uploads\/2025\/09\/IMG_3572.jpeg 2048w\" sizes=\"(max-width: 1024px) 100vw, 1024px\" \/><\/figure>","protected":false},"excerpt":{"rendered":"<p>Es gibt Autos, die ziehen die Blicke auf sich. Der neue Renault Rafale E-Tech Plug-in-Hybrid ist definitiv so eines. <\/p>","protected":false},"author":2,"featured_media":100289,"comment_status":"open","ping_status":"open","sticky":false,"template":"","format":"standard","meta":{"neve_meta_sidebar":"","neve_meta_container":"","neve_meta_enable_content_width":"","neve_meta_content_width":0,"neve_meta_title_alignment":"","neve_meta_author_avatar":"","neve_post_elements_order":"","neve_meta_disable_header":"","neve_meta_disable_footer":"","neve_meta_disable_title":"","neve_meta_reading_time":"","footnotes":""},"categories":[335,12],"tags":[],"class_list":["post-100455","post","type-post","status-publish","format-standard","has-post-thumbnail","hentry","category-fahrberichte","category-hybrid"],"yoast_head":"<!-- This site is optimized with the Yoast SEO plugin v26.8 - https:\/\/yoast.com\/product\/yoast-seo-wordpress\/ -->\n<title>Der Renault Rafale E-Tech Plug-in-Hybrid im Fahrbericht. - Es lebe das Auto<\/title>\n<meta name=\"description\" content=\"Es gibt Autos, die ziehen die Blicke auf sich. Der neue Renault Rafale E-Tech Plug-in-Hybrid ist definitiv so eines.\" \/>\n<meta name=\"robots\" content=\"index, follow, max-snippet:-1, max-image-preview:large, max-video-preview:-1\" \/>\n<link rel=\"canonical\" href=\"https:\/\/www.eslebedasauto.at\/it\/renault-rafale-e-tech-plug-in-hybrid-fahrbericht\/\" \/>\n<meta property=\"og:locale\" content=\"it_IT\" \/>\n<meta property=\"og:type\" content=\"article\" \/>\n<meta property=\"og:title\" content=\"Der Renault Rafale E-Tech Plug-in-Hybrid im Fahrbericht. - Es lebe das Auto\" \/>\n<meta property=\"og:description\" content=\"Es gibt Autos, die ziehen die Blicke auf sich. Der neue Renault Rafale E-Tech Plug-in-Hybrid ist definitiv so eines.\" \/>\n<meta property=\"og:url\" content=\"https:\/\/www.eslebedasauto.at\/it\/renault-rafale-e-tech-plug-in-hybrid-fahrbericht\/\" \/>\n<meta property=\"og:site_name\" content=\"Es lebe das Auto\" \/>\n<meta property=\"article:publisher\" content=\"https:\/\/www.facebook.com\/eslebedasauto.at\" \/>\n<meta property=\"article:published_time\" content=\"2025-09-20T18:26:18+00:00\" \/>\n<meta property=\"article:modified_time\" content=\"2025-09-20T18:34:15+00:00\" \/>\n<meta property=\"og:image\" content=\"https:\/\/www.eslebedasauto.at\/wp-content\/uploads\/2025\/09\/IMG_3591.jpeg\" \/>\n\t<meta property=\"og:image:width\" content=\"2048\" \/>\n\t<meta property=\"og:image:height\" content=\"1536\" \/>\n\t<meta property=\"og:image:type\" content=\"image\/jpeg\" \/>\n<meta name=\"author\" content=\"gerhard\" \/>\n<meta name=\"twitter:card\" content=\"summary_large_image\" \/>\n<meta name=\"twitter:label1\" content=\"Scritto da\" \/>\n\t<meta name=\"twitter:data1\" content=\"gerhard\" \/>\n\t<meta name=\"twitter:label2\" content=\"Tempo di lettura stimato\" \/>\n\t<meta name=\"twitter:data2\" content=\"6 minuti\" \/>\n<script type=\"application\/ld+json\" class=\"yoast-schema-graph\">{\"@context\":\"https:\/\/schema.org\",\"@graph\":[{\"@type\":\"Article\",\"@id\":\"https:\/\/www.eslebedasauto.at\/renault-rafale-e-tech-plug-in-hybrid-fahrbericht\/#article\",\"isPartOf\":{\"@id\":\"https:\/\/www.eslebedasauto.at\/renault-rafale-e-tech-plug-in-hybrid-fahrbericht\/\"},\"author\":{\"name\":\"gerhard\",\"@id\":\"https:\/\/www.eslebedasauto.at\/#\/schema\/person\/fb81218b0bed500d225ff518f9f17033\"},\"headline\":\"Der Renault Rafale E-Tech Plug-in-Hybrid im Fahrbericht.\",\"datePublished\":\"2025-09-20T18:26:18+00:00\",\"dateModified\":\"2025-09-20T18:34:15+00:00\",\"mainEntityOfPage\":{\"@id\":\"https:\/\/www.eslebedasauto.at\/renault-rafale-e-tech-plug-in-hybrid-fahrbericht\/\"},\"wordCount\":569,\"commentCount\":0,\"publisher\":{\"@id\":\"https:\/\/www.eslebedasauto.at\/#organization\"},\"image\":{\"@id\":\"https:\/\/www.eslebedasauto.at\/renault-rafale-e-tech-plug-in-hybrid-fahrbericht\/#primaryimage\"},\"thumbnailUrl\":\"https:\/\/www.eslebedasauto.at\/wp-content\/uploads\/2025\/09\/IMG_3591.jpeg\",\"articleSection\":[\"Fahrberichte\",\"Hybrid\"],\"inLanguage\":\"it-IT\",\"potentialAction\":[{\"@type\":\"CommentAction\",\"name\":\"Comment\",\"target\":[\"https:\/\/www.eslebedasauto.at\/renault-rafale-e-tech-plug-in-hybrid-fahrbericht\/#respond\"]}]},{\"@type\":\"WebPage\",\"@id\":\"https:\/\/www.eslebedasauto.at\/renault-rafale-e-tech-plug-in-hybrid-fahrbericht\/\",\"url\":\"https:\/\/www.eslebedasauto.at\/renault-rafale-e-tech-plug-in-hybrid-fahrbericht\/\",\"name\":\"Der Renault Rafale E-Tech Plug-in-Hybrid im Fahrbericht. - Es lebe das Auto\",\"isPartOf\":{\"@id\":\"https:\/\/www.eslebedasauto.at\/#website\"},\"primaryImageOfPage\":{\"@id\":\"https:\/\/www.eslebedasauto.at\/renault-rafale-e-tech-plug-in-hybrid-fahrbericht\/#primaryimage\"},\"image\":{\"@id\":\"https:\/\/www.eslebedasauto.at\/renault-rafale-e-tech-plug-in-hybrid-fahrbericht\/#primaryimage\"},\"thumbnailUrl\":\"https:\/\/www.eslebedasauto.at\/wp-content\/uploads\/2025\/09\/IMG_3591.jpeg\",\"datePublished\":\"2025-09-20T18:26:18+00:00\",\"dateModified\":\"2025-09-20T18:34:15+00:00\",\"description\":\"Es gibt Autos, die ziehen die Blicke auf sich. Der neue Renault Rafale E-Tech Plug-in-Hybrid ist definitiv so eines.\",\"breadcrumb\":{\"@id\":\"https:\/\/www.eslebedasauto.at\/renault-rafale-e-tech-plug-in-hybrid-fahrbericht\/#breadcrumb\"},\"inLanguage\":\"it-IT\",\"potentialAction\":[{\"@type\":\"ReadAction\",\"target\":[\"https:\/\/www.eslebedasauto.at\/renault-rafale-e-tech-plug-in-hybrid-fahrbericht\/\"]}]},{\"@type\":\"ImageObject\",\"inLanguage\":\"it-IT\",\"@id\":\"https:\/\/www.eslebedasauto.at\/renault-rafale-e-tech-plug-in-hybrid-fahrbericht\/#primaryimage\",\"url\":\"https:\/\/www.eslebedasauto.at\/wp-content\/uploads\/2025\/09\/IMG_3591.jpeg\",\"contentUrl\":\"https:\/\/www.eslebedasauto.at\/wp-content\/uploads\/2025\/09\/IMG_3591.jpeg\",\"width\":2048,\"height\":1536},{\"@type\":\"BreadcrumbList\",\"@id\":\"https:\/\/www.eslebedasauto.at\/renault-rafale-e-tech-plug-in-hybrid-fahrbericht\/#breadcrumb\",\"itemListElement\":[{\"@type\":\"ListItem\",\"position\":1,\"name\":\"Startseite\",\"item\":\"https:\/\/www.eslebedasauto.at\/\"},{\"@type\":\"ListItem\",\"position\":2,\"name\":\"Der Renault Rafale E-Tech Plug-in-Hybrid im Fahrbericht.\"}]},{\"@type\":\"WebSite\",\"@id\":\"https:\/\/www.eslebedasauto.at\/#website\",\"url\":\"https:\/\/www.eslebedasauto.at\/\",\"name\":\"Es lebe das Auto\",\"description\":\"ein Hoch auf den Individualverkehr\",\"publisher\":{\"@id\":\"https:\/\/www.eslebedasauto.at\/#organization\"},\"potentialAction\":[{\"@type\":\"SearchAction\",\"target\":{\"@type\":\"EntryPoint\",\"urlTemplate\":\"https:\/\/www.eslebedasauto.at\/?s={search_term_string}\"},\"query-input\":{\"@type\":\"PropertyValueSpecification\",\"valueRequired\":true,\"valueName\":\"search_term_string\"}}],\"inLanguage\":\"it-IT\"},{\"@type\":\"Organization\",\"@id\":\"https:\/\/www.eslebedasauto.at\/#organization\",\"name\":\"eslebedasauto\",\"url\":\"https:\/\/www.eslebedasauto.at\/\",\"logo\":{\"@type\":\"ImageObject\",\"inLanguage\":\"it-IT\",\"@id\":\"https:\/\/www.eslebedasauto.at\/#\/schema\/logo\/image\/\",\"url\":\"https:\/\/www.eslebedasauto.at\/wp-content\/uploads\/2025\/10\/eldarund.png\",\"contentUrl\":\"https:\/\/www.eslebedasauto.at\/wp-content\/uploads\/2025\/10\/eldarund.png\",\"width\":1024,\"height\":1024,\"caption\":\"eslebedasauto\"},\"image\":{\"@id\":\"https:\/\/www.eslebedasauto.at\/#\/schema\/logo\/image\/\"},\"sameAs\":[\"https:\/\/www.facebook.com\/eslebedasauto.at\",\"https:\/\/www.instagram.com\/es_lebe_das_auto\/\"]},{\"@type\":\"Person\",\"@id\":\"https:\/\/www.eslebedasauto.at\/#\/schema\/person\/fb81218b0bed500d225ff518f9f17033\",\"name\":\"gerhard\",\"url\":\"https:\/\/www.eslebedasauto.at\/it\/author\/gerhard\/\"}]}<\/script>\n<!-- \/ Yoast SEO plugin. -->","yoast_head_json":{"title":"Der Renault Rafale E-Tech Plug-in-Hybrid im Fahrbericht. - Es lebe das Auto","description":"Es gibt Autos, die ziehen die Blicke auf sich. Der neue Renault Rafale E-Tech Plug-in-Hybrid ist definitiv so eines.","robots":{"index":"index","follow":"follow","max-snippet":"max-snippet:-1","max-image-preview":"max-image-preview:large","max-video-preview":"max-video-preview:-1"},"canonical":"https:\/\/www.eslebedasauto.at\/it\/renault-rafale-e-tech-plug-in-hybrid-fahrbericht\/","og_locale":"it_IT","og_type":"article","og_title":"Der Renault Rafale E-Tech Plug-in-Hybrid im Fahrbericht. - Es lebe das Auto","og_description":"Es gibt Autos, die ziehen die Blicke auf sich. Der neue Renault Rafale E-Tech Plug-in-Hybrid ist definitiv so eines.","og_url":"https:\/\/www.eslebedasauto.at\/it\/renault-rafale-e-tech-plug-in-hybrid-fahrbericht\/","og_site_name":"Es lebe das Auto","article_publisher":"https:\/\/www.facebook.com\/eslebedasauto.at","article_published_time":"2025-09-20T18:26:18+00:00","article_modified_time":"2025-09-20T18:34:15+00:00","og_image":[{"width":2048,"height":1536,"url":"https:\/\/www.eslebedasauto.at\/wp-content\/uploads\/2025\/09\/IMG_3591.jpeg","type":"image\/jpeg"}],"author":"gerhard","twitter_card":"summary_large_image","twitter_misc":{"Scritto da":"gerhard","Tempo di lettura stimato":"6 minuti"},"schema":{"@context":"https:\/\/schema.org","@graph":[{"@type":"Article","@id":"https:\/\/www.eslebedasauto.at\/renault-rafale-e-tech-plug-in-hybrid-fahrbericht\/#article","isPartOf":{"@id":"https:\/\/www.eslebedasauto.at\/renault-rafale-e-tech-plug-in-hybrid-fahrbericht\/"},"author":{"name":"gerhard","@id":"https:\/\/www.eslebedasauto.at\/#\/schema\/person\/fb81218b0bed500d225ff518f9f17033"},"headline":"Der Renault Rafale E-Tech Plug-in-Hybrid im Fahrbericht.","datePublished":"2025-09-20T18:26:18+00:00","dateModified":"2025-09-20T18:34:15+00:00","mainEntityOfPage":{"@id":"https:\/\/www.eslebedasauto.at\/renault-rafale-e-tech-plug-in-hybrid-fahrbericht\/"},"wordCount":569,"commentCount":0,"publisher":{"@id":"https:\/\/www.eslebedasauto.at\/#organization"},"image":{"@id":"https:\/\/www.eslebedasauto.at\/renault-rafale-e-tech-plug-in-hybrid-fahrbericht\/#primaryimage"},"thumbnailUrl":"https:\/\/www.eslebedasauto.at\/wp-content\/uploads\/2025\/09\/IMG_3591.jpeg","articleSection":["Fahrberichte","Hybrid"],"inLanguage":"it-IT","potentialAction":[{"@type":"CommentAction","name":"Comment","target":["https:\/\/www.eslebedasauto.at\/renault-rafale-e-tech-plug-in-hybrid-fahrbericht\/#respond"]}]},{"@type":"WebPage","@id":"https:\/\/www.eslebedasauto.at\/renault-rafale-e-tech-plug-in-hybrid-fahrbericht\/","url":"https:\/\/www.eslebedasauto.at\/renault-rafale-e-tech-plug-in-hybrid-fahrbericht\/","name":"Der Renault Rafale E-Tech Plug-in-Hybrid im Fahrbericht. - Es lebe das Auto","isPartOf":{"@id":"https:\/\/www.eslebedasauto.at\/#website"},"primaryImageOfPage":{"@id":"https:\/\/www.eslebedasauto.at\/renault-rafale-e-tech-plug-in-hybrid-fahrbericht\/#primaryimage"},"image":{"@id":"https:\/\/www.eslebedasauto.at\/renault-rafale-e-tech-plug-in-hybrid-fahrbericht\/#primaryimage"},"thumbnailUrl":"https:\/\/www.eslebedasauto.at\/wp-content\/uploads\/2025\/09\/IMG_3591.jpeg","datePublished":"2025-09-20T18:26:18+00:00","dateModified":"2025-09-20T18:34:15+00:00","description":"Es gibt Autos, die ziehen die Blicke auf sich. Der neue Renault Rafale E-Tech Plug-in-Hybrid ist definitiv so eines.","breadcrumb":{"@id":"https:\/\/www.eslebedasauto.at\/renault-rafale-e-tech-plug-in-hybrid-fahrbericht\/#breadcrumb"},"inLanguage":"it-IT","potentialAction":[{"@type":"ReadAction","target":["https:\/\/www.eslebedasauto.at\/renault-rafale-e-tech-plug-in-hybrid-fahrbericht\/"]}]},{"@type":"ImageObject","inLanguage":"it-IT","@id":"https:\/\/www.eslebedasauto.at\/renault-rafale-e-tech-plug-in-hybrid-fahrbericht\/#primaryimage","url":"https:\/\/www.eslebedasauto.at\/wp-content\/uploads\/2025\/09\/IMG_3591.jpeg","contentUrl":"https:\/\/www.eslebedasauto.at\/wp-content\/uploads\/2025\/09\/IMG_3591.jpeg","width":2048,"height":1536},{"@type":"BreadcrumbList","@id":"https:\/\/www.eslebedasauto.at\/renault-rafale-e-tech-plug-in-hybrid-fahrbericht\/#breadcrumb","itemListElement":[{"@type":"ListItem","position":1,"name":"Startseite","item":"https:\/\/www.eslebedasauto.at\/"},{"@type":"ListItem","position":2,"name":"Der Renault Rafale E-Tech Plug-in-Hybrid im Fahrbericht."}]},{"@type":"WebSite","@id":"https:\/\/www.eslebedasauto.at\/#website","url":"https:\/\/www.eslebedasauto.at\/","name":"Es lebe das Auto","description":"ein Hoch auf den Individualverkehr","publisher":{"@id":"https:\/\/www.eslebedasauto.at\/#organization"},"potentialAction":[{"@type":"SearchAction","target":{"@type":"EntryPoint","urlTemplate":"https:\/\/www.eslebedasauto.at\/?s={search_term_string}"},"query-input":{"@type":"PropertyValueSpecification","valueRequired":true,"valueName":"search_term_string"}}],"inLanguage":"it-IT"},{"@type":"Organization","@id":"https:\/\/www.eslebedasauto.at\/#organization","name":"eslebedasauto","url":"https:\/\/www.eslebedasauto.at\/","logo":{"@type":"ImageObject","inLanguage":"it-IT","@id":"https:\/\/www.eslebedasauto.at\/#\/schema\/logo\/image\/","url":"https:\/\/www.eslebedasauto.at\/wp-content\/uploads\/2025\/10\/eldarund.png","contentUrl":"https:\/\/www.eslebedasauto.at\/wp-content\/uploads\/2025\/10\/eldarund.png","width":1024,"height":1024,"caption":"eslebedasauto"},"image":{"@id":"https:\/\/www.eslebedasauto.at\/#\/schema\/logo\/image\/"},"sameAs":["https:\/\/www.facebook.com\/eslebedasauto.at","https:\/\/www.instagram.com\/es_lebe_das_auto\/"]},{"@type":"Person","@id":"https:\/\/www.eslebedasauto.at\/#\/schema\/person\/fb81218b0bed500d225ff518f9f17033","name":"gerhard","url":"https:\/\/www.eslebedasauto.at\/it\/author\/gerhard\/"}]}},"_links":{"self":[{"href":"https:\/\/www.eslebedasauto.at\/it\/wp-json\/wp\/v2\/posts\/100455","targetHints":{"allow":["GET"]}}],"collection":[{"href":"https:\/\/www.eslebedasauto.at\/it\/wp-json\/wp\/v2\/posts"}],"about":[{"href":"https:\/\/www.eslebedasauto.at\/it\/wp-json\/wp\/v2\/types\/post"}],"author":[{"embeddable":true,"href":"https:\/\/www.eslebedasauto.at\/it\/wp-json\/wp\/v2\/users\/2"}],"replies":[{"embeddable":true,"href":"https:\/\/www.eslebedasauto.at\/it\/wp-json\/wp\/v2\/comments?post=100455"}],"version-history":[{"count":5,"href":"https:\/\/www.eslebedasauto.at\/it\/wp-json\/wp\/v2\/posts\/100455\/revisions"}],"predecessor-version":[{"id":100539,"href":"https:\/\/www.eslebedasauto.at\/it\/wp-json\/wp\/v2\/posts\/100455\/revisions\/100539"}],"wp:featuredmedia":[{"embeddable":true,"href":"https:\/\/www.eslebedasauto.at\/it\/wp-json\/wp\/v2\/media\/100289"}],"wp:attachment":[{"href":"https:\/\/www.eslebedasauto.at\/it\/wp-json\/wp\/v2\/media?parent=100455"}],"wp:term":[{"taxonomy":"category","embeddable":true,"href":"https:\/\/www.eslebedasauto.at\/it\/wp-json\/wp\/v2\/categories?post=100455"},{"taxonomy":"post_tag","embeddable":true,"href":"https:\/\/www.eslebedasauto.at\/it\/wp-json\/wp\/v2\/tags?post=100455"}],"curies":[{"name":"wp","href":"https:\/\/api.w.org\/{rel}","templated":true}]}}