{"id":99746,"date":"2025-07-27T14:26:51","date_gmt":"2025-07-27T12:26:51","guid":{"rendered":"https:\/\/www.eslebedasauto.at\/?p=99746"},"modified":"2025-07-27T14:34:24","modified_gmt":"2025-07-27T12:34:24","slug":"fahrbericht-hyundai-inster-test","status":"publish","type":"post","link":"https:\/\/www.eslebedasauto.at\/en\/fahrbericht-hyundai-inster-test\/","title":{"rendered":"Fahrbericht Hyundai Inster: Der gro\u00dfe Kleine von Hyundai"},"content":{"rendered":"<h4 id=\"kleinwagen-konnen-langweilig-sein-mussen-sie-aber-nicht-der-hyundai-inster-beweist-dass-stadtautos-richtig-spas-machen-konnen-und-dabei-sogar-noch-praktisch-hochwertig-und-relativ-guns\" class=\"wp-block-heading\">Kleinwagen k\u00f6nnen langweilig sein. M\u00fcssen sie aber nicht. Der Hyundai Inster beweist, dass Stadtautos richtig Spa\u00df machen k\u00f6nnen \u2013 und dabei sogar noch praktisch, hochwertig und (relativ) g\u00fcnstig sind. <\/h4>\n\n\n\n<figure class=\"wp-block-image size-large\"><img fetchpriority=\"high\" decoding=\"async\" width=\"1024\" height=\"768\" src=\"https:\/\/www.eslebedasauto.at\/wp-content\/uploads\/2025\/07\/IMG_2909-1024x768.jpeg\" alt=\"\" class=\"wp-image-99759\" srcset=\"https:\/\/www.eslebedasauto.at\/wp-content\/uploads\/2025\/07\/IMG_2909-1024x768.jpeg 1024w, https:\/\/www.eslebedasauto.at\/wp-content\/uploads\/2025\/07\/IMG_2909-300x225.jpeg 300w, https:\/\/www.eslebedasauto.at\/wp-content\/uploads\/2025\/07\/IMG_2909-768x576.jpeg 768w, https:\/\/www.eslebedasauto.at\/wp-content\/uploads\/2025\/07\/IMG_2909-1536x1152.jpeg 1536w, https:\/\/www.eslebedasauto.at\/wp-content\/uploads\/2025\/07\/IMG_2909.jpeg 2048w\" sizes=\"(max-width: 1024px) 100vw, 1024px\" \/><\/figure>\n\n\n\n<p><strong>Optisch ist der Inster sicher kein Auto f\u00fcr alle.<\/strong> Die kantige Front, die kugelrunden Scheinwerfer, das pixelige Lichtdesign hinten und die kantige, &#8222;schmalpickte&#8220; Silhouette wirken auf den ersten Blick gew\u00f6hnungsbed\u00fcrftig. Aber: Je l\u00e4nger wir mit dem Inster unterwegs waren, desto mehr wuchs uns der kleine Koreaner ans Herz. Denn was ihm an Rundungen fehlt, macht er mit Charme, Praktikabilit\u00e4t und Fahrspa\u00df wieder wett.<\/p>\n\n\n\n<figure class=\"wp-block-gallery has-nested-images columns-default is-cropped wp-block-gallery-1 is-layout-flex wp-block-gallery-is-layout-flex\">\n<figure class=\"wp-block-image size-large\"><img decoding=\"async\" width=\"1024\" height=\"768\" data-id=\"99758\" src=\"https:\/\/www.eslebedasauto.at\/wp-content\/uploads\/2025\/07\/IMG_2908-1024x768.jpeg\" alt=\"\" class=\"wp-image-99758\" srcset=\"https:\/\/www.eslebedasauto.at\/wp-content\/uploads\/2025\/07\/IMG_2908-1024x768.jpeg 1024w, https:\/\/www.eslebedasauto.at\/wp-content\/uploads\/2025\/07\/IMG_2908-300x225.jpeg 300w, https:\/\/www.eslebedasauto.at\/wp-content\/uploads\/2025\/07\/IMG_2908-768x576.jpeg 768w, https:\/\/www.eslebedasauto.at\/wp-content\/uploads\/2025\/07\/IMG_2908-1536x1152.jpeg 1536w, https:\/\/www.eslebedasauto.at\/wp-content\/uploads\/2025\/07\/IMG_2908.jpeg 2048w\" sizes=\"(max-width: 1024px) 100vw, 1024px\" \/><\/figure>\n\n\n\n<figure class=\"wp-block-image size-large\"><img decoding=\"async\" width=\"1024\" height=\"768\" data-id=\"99757\" src=\"https:\/\/www.eslebedasauto.at\/wp-content\/uploads\/2025\/07\/IMG_2906-1024x768.jpeg\" alt=\"\" class=\"wp-image-99757\" srcset=\"https:\/\/www.eslebedasauto.at\/wp-content\/uploads\/2025\/07\/IMG_2906-1024x768.jpeg 1024w, https:\/\/www.eslebedasauto.at\/wp-content\/uploads\/2025\/07\/IMG_2906-300x225.jpeg 300w, https:\/\/www.eslebedasauto.at\/wp-content\/uploads\/2025\/07\/IMG_2906-768x576.jpeg 768w, https:\/\/www.eslebedasauto.at\/wp-content\/uploads\/2025\/07\/IMG_2906-1536x1152.jpeg 1536w, https:\/\/www.eslebedasauto.at\/wp-content\/uploads\/2025\/07\/IMG_2906.jpeg 2048w\" sizes=\"(max-width: 1024px) 100vw, 1024px\" \/><\/figure>\n<\/figure>\n\n\n\n<p><\/p>\n\n\n\n<p><strong>Besonders beeindruckt haben uns die Platzverh\u00e4ltnisse.<\/strong> Au\u00dfen so kompakt wie ein typischer Stadtfloh, bietet der Hyundai Inster innen verbl\u00fcffend viel Raum \u2013 selbst auf der R\u00fcckbank f\u00fchlen sich Erwachsene nicht wie Gep\u00e4ckst\u00fccke. Auch der Kofferraum ist f\u00fcr die Fahrzeugklasse \u00fcberaus gro\u00dfz\u00fcgig dimensioniert. Wer hier mit dem Nachwuchs oder der Clique unterwegs ist, wird nichts vermissen.<\/p>\n\n\n\n<figure class=\"wp-block-image size-large\"><img loading=\"lazy\" decoding=\"async\" width=\"1024\" height=\"768\" src=\"https:\/\/www.eslebedasauto.at\/wp-content\/uploads\/2025\/07\/IMG_2905-1024x768.jpeg\" alt=\"\" class=\"wp-image-99756\" srcset=\"https:\/\/www.eslebedasauto.at\/wp-content\/uploads\/2025\/07\/IMG_2905-1024x768.jpeg 1024w, https:\/\/www.eslebedasauto.at\/wp-content\/uploads\/2025\/07\/IMG_2905-300x225.jpeg 300w, https:\/\/www.eslebedasauto.at\/wp-content\/uploads\/2025\/07\/IMG_2905-768x576.jpeg 768w, https:\/\/www.eslebedasauto.at\/wp-content\/uploads\/2025\/07\/IMG_2905-1536x1152.jpeg 1536w, https:\/\/www.eslebedasauto.at\/wp-content\/uploads\/2025\/07\/IMG_2905.jpeg 2048w\" sizes=\"(max-width: 1024px) 100vw, 1024px\" \/><\/figure>\n\n\n\n<figure class=\"wp-block-gallery has-nested-images columns-default is-cropped wp-block-gallery-2 is-layout-flex wp-block-gallery-is-layout-flex\">\n<figure class=\"wp-block-image size-large\"><img loading=\"lazy\" decoding=\"async\" width=\"1024\" height=\"768\" data-id=\"99755\" src=\"https:\/\/www.eslebedasauto.at\/wp-content\/uploads\/2025\/07\/IMG_2896-1024x768.jpeg\" alt=\"\" class=\"wp-image-99755\" srcset=\"https:\/\/www.eslebedasauto.at\/wp-content\/uploads\/2025\/07\/IMG_2896-1024x768.jpeg 1024w, https:\/\/www.eslebedasauto.at\/wp-content\/uploads\/2025\/07\/IMG_2896-300x225.jpeg 300w, https:\/\/www.eslebedasauto.at\/wp-content\/uploads\/2025\/07\/IMG_2896-768x576.jpeg 768w, https:\/\/www.eslebedasauto.at\/wp-content\/uploads\/2025\/07\/IMG_2896-1536x1152.jpeg 1536w, https:\/\/www.eslebedasauto.at\/wp-content\/uploads\/2025\/07\/IMG_2896.jpeg 2048w\" sizes=\"(max-width: 1024px) 100vw, 1024px\" \/><\/figure>\n\n\n\n<figure class=\"wp-block-image size-large\"><img loading=\"lazy\" decoding=\"async\" width=\"1024\" height=\"768\" data-id=\"99754\" src=\"https:\/\/www.eslebedasauto.at\/wp-content\/uploads\/2025\/07\/IMG_2895-1024x768.jpeg\" alt=\"\" class=\"wp-image-99754\" srcset=\"https:\/\/www.eslebedasauto.at\/wp-content\/uploads\/2025\/07\/IMG_2895-1024x768.jpeg 1024w, https:\/\/www.eslebedasauto.at\/wp-content\/uploads\/2025\/07\/IMG_2895-300x225.jpeg 300w, https:\/\/www.eslebedasauto.at\/wp-content\/uploads\/2025\/07\/IMG_2895-768x576.jpeg 768w, https:\/\/www.eslebedasauto.at\/wp-content\/uploads\/2025\/07\/IMG_2895-1536x1152.jpeg 1536w, https:\/\/www.eslebedasauto.at\/wp-content\/uploads\/2025\/07\/IMG_2895.jpeg 2048w\" sizes=\"(max-width: 1024px) 100vw, 1024px\" \/><\/figure>\n\n\n\n<figure class=\"wp-block-image size-large\"><img loading=\"lazy\" decoding=\"async\" width=\"1024\" height=\"768\" data-id=\"99753\" src=\"https:\/\/www.eslebedasauto.at\/wp-content\/uploads\/2025\/07\/IMG_2894-1024x768.jpeg\" alt=\"\" class=\"wp-image-99753\" srcset=\"https:\/\/www.eslebedasauto.at\/wp-content\/uploads\/2025\/07\/IMG_2894-1024x768.jpeg 1024w, https:\/\/www.eslebedasauto.at\/wp-content\/uploads\/2025\/07\/IMG_2894-300x225.jpeg 300w, https:\/\/www.eslebedasauto.at\/wp-content\/uploads\/2025\/07\/IMG_2894-768x576.jpeg 768w, https:\/\/www.eslebedasauto.at\/wp-content\/uploads\/2025\/07\/IMG_2894-1536x1152.jpeg 1536w, https:\/\/www.eslebedasauto.at\/wp-content\/uploads\/2025\/07\/IMG_2894.jpeg 2048w\" sizes=\"(max-width: 1024px) 100vw, 1024px\" \/><\/figure>\n\n\n\n<figure class=\"wp-block-image size-large\"><img loading=\"lazy\" decoding=\"async\" width=\"1024\" height=\"768\" data-id=\"99752\" src=\"https:\/\/www.eslebedasauto.at\/wp-content\/uploads\/2025\/07\/IMG_2893-1024x768.jpeg\" alt=\"\" class=\"wp-image-99752\" srcset=\"https:\/\/www.eslebedasauto.at\/wp-content\/uploads\/2025\/07\/IMG_2893-1024x768.jpeg 1024w, https:\/\/www.eslebedasauto.at\/wp-content\/uploads\/2025\/07\/IMG_2893-300x225.jpeg 300w, https:\/\/www.eslebedasauto.at\/wp-content\/uploads\/2025\/07\/IMG_2893-768x576.jpeg 768w, https:\/\/www.eslebedasauto.at\/wp-content\/uploads\/2025\/07\/IMG_2893-1536x1152.jpeg 1536w, https:\/\/www.eslebedasauto.at\/wp-content\/uploads\/2025\/07\/IMG_2893.jpeg 2048w\" sizes=\"(max-width: 1024px) 100vw, 1024px\" \/><\/figure>\n\n\n\n<figure class=\"wp-block-image size-large\"><img loading=\"lazy\" decoding=\"async\" width=\"1024\" height=\"768\" data-id=\"99751\" src=\"https:\/\/www.eslebedasauto.at\/wp-content\/uploads\/2025\/07\/IMG_2892-1024x768.jpeg\" alt=\"\" class=\"wp-image-99751\" srcset=\"https:\/\/www.eslebedasauto.at\/wp-content\/uploads\/2025\/07\/IMG_2892-1024x768.jpeg 1024w, https:\/\/www.eslebedasauto.at\/wp-content\/uploads\/2025\/07\/IMG_2892-300x225.jpeg 300w, https:\/\/www.eslebedasauto.at\/wp-content\/uploads\/2025\/07\/IMG_2892-768x576.jpeg 768w, https:\/\/www.eslebedasauto.at\/wp-content\/uploads\/2025\/07\/IMG_2892-1536x1152.jpeg 1536w, https:\/\/www.eslebedasauto.at\/wp-content\/uploads\/2025\/07\/IMG_2892.jpeg 2048w\" sizes=\"(max-width: 1024px) 100vw, 1024px\" \/><\/figure>\n<\/figure>\n\n\n\n<p><\/p>\n\n\n\n<p>Apropos Nachwuchs: <strong>Der Inster ist wie gemacht f\u00fcr Jugendliche und Fahranf\u00e4nger. <\/strong>\u00dcbersichtlich, wendig, leicht zu bedienen \u2013 und dabei kein bisschen altbacken. Das digitale Cockpit ist intuitiv aufgebaut, die Men\u00fcf\u00fchrung am Touchscreen angenehm logisch. Gro\u00dfe haptische Tasten und klare Icons sorgen daf\u00fcr, dass man auch w\u00e4hrend der Fahrt den \u00dcberblick beh\u00e4lt. Die Materialien im Innenraum wirken hochwertiger, als es der Einstiegspreis vermuten l\u00e4sst. Da wackelt und klappert nichts \u2013 Respekt, Hyundai!<\/p>\n\n\n\n<figure class=\"wp-block-image size-large\"><img loading=\"lazy\" decoding=\"async\" width=\"1024\" height=\"768\" src=\"https:\/\/www.eslebedasauto.at\/wp-content\/uploads\/2025\/07\/IMG_2925-1024x768.jpeg\" alt=\"\" class=\"wp-image-99765\" srcset=\"https:\/\/www.eslebedasauto.at\/wp-content\/uploads\/2025\/07\/IMG_2925-1024x768.jpeg 1024w, https:\/\/www.eslebedasauto.at\/wp-content\/uploads\/2025\/07\/IMG_2925-300x225.jpeg 300w, https:\/\/www.eslebedasauto.at\/wp-content\/uploads\/2025\/07\/IMG_2925-768x576.jpeg 768w, https:\/\/www.eslebedasauto.at\/wp-content\/uploads\/2025\/07\/IMG_2925-1536x1152.jpeg 1536w, https:\/\/www.eslebedasauto.at\/wp-content\/uploads\/2025\/07\/IMG_2925.jpeg 2048w\" sizes=\"(max-width: 1024px) 100vw, 1024px\" \/><\/figure>\n\n\n\n<p>Ab 22.990 Euro bekommt man hier ein richtig gut ausgestattetes, vollelektrisches Stadtauto mit rund <strong>400 Kilometern Reichweite<\/strong> (in der Version mit gro\u00dfem Akku). Unser Testverbrauch lag bei <strong>unter 14 kWh pro 100 Kilometer<\/strong> \u2013 das ist in dieser Klasse absolute Spitze. Damit ist der Hyundai Inster nicht nur f\u00fcr den urbanen Alltag geeignet, sondern auch erstaunlich langstreckentauglich. Ein Wochenende am See oder der Trip zur Uni in eine andere Stadt? Kein Problem, und das weitgehend ohne Reichweitenpanik.<\/p>\n\n\n\n<figure class=\"wp-block-image size-large\"><img loading=\"lazy\" decoding=\"async\" width=\"1024\" height=\"768\" src=\"https:\/\/www.eslebedasauto.at\/wp-content\/uploads\/2025\/07\/IMG_2920-1024x768.jpeg\" alt=\"\" class=\"wp-image-99763\" srcset=\"https:\/\/www.eslebedasauto.at\/wp-content\/uploads\/2025\/07\/IMG_2920-1024x768.jpeg 1024w, https:\/\/www.eslebedasauto.at\/wp-content\/uploads\/2025\/07\/IMG_2920-300x225.jpeg 300w, https:\/\/www.eslebedasauto.at\/wp-content\/uploads\/2025\/07\/IMG_2920-768x576.jpeg 768w, https:\/\/www.eslebedasauto.at\/wp-content\/uploads\/2025\/07\/IMG_2920-1536x1152.jpeg 1536w, https:\/\/www.eslebedasauto.at\/wp-content\/uploads\/2025\/07\/IMG_2920.jpeg 2048w\" sizes=\"(max-width: 1024px) 100vw, 1024px\" \/><\/figure>\n\n\n\n<p><strong>Auf der Stra\u00dfe gibt sich der Inster l\u00e4ssig und leichtf\u00fc\u00dfig. <\/strong>Der Elektromotor sorgt f\u00fcr ein flottes Ansprechverhalten an der Ampel, in der Stadt wuselt man spielend durch den Verkehr. Die Lenkung ist direkt, das Fahrwerk komfortabel abgestimmt. Klar, bei der Autobahnfahrt mit 130 km\/h wird\u2019s wegen der Windger\u00e4usche etwas lauter \u2013 aber das f\u00e4llt wegen der ansonsten weitgehend lautlosen Fortbewegung nat\u00fcrlich umso mehr auf.<\/p>\n\n\n\n<figure class=\"wp-block-image size-large\"><img loading=\"lazy\" decoding=\"async\" width=\"1024\" height=\"768\" src=\"https:\/\/www.eslebedasauto.at\/wp-content\/uploads\/2025\/07\/IMG_2889-1024x768.jpeg\" alt=\"\" class=\"wp-image-99749\" srcset=\"https:\/\/www.eslebedasauto.at\/wp-content\/uploads\/2025\/07\/IMG_2889-1024x768.jpeg 1024w, https:\/\/www.eslebedasauto.at\/wp-content\/uploads\/2025\/07\/IMG_2889-300x225.jpeg 300w, https:\/\/www.eslebedasauto.at\/wp-content\/uploads\/2025\/07\/IMG_2889-768x576.jpeg 768w, https:\/\/www.eslebedasauto.at\/wp-content\/uploads\/2025\/07\/IMG_2889-1536x1152.jpeg 1536w, https:\/\/www.eslebedasauto.at\/wp-content\/uploads\/2025\/07\/IMG_2889.jpeg 2048w\" sizes=\"(max-width: 1024px) 100vw, 1024px\" \/><\/figure>\n\n\n\n<p>Kein Kritikpunkt, vielmehr ein Wunsch ans Hyundai-Christkind: Uns fehlt ein <strong>Stoffschiebedach<\/strong>! Ein bisschen Frischluft und Sonne w\u00fcrden dem Hyundai Inster hervorragend stehen und das luftige Raumgef\u00fchl noch verst\u00e4rken. Vielleicht legt Hyundai da ja noch nach?<\/p>\n\n\n\n<figure class=\"wp-block-image size-large\"><img loading=\"lazy\" decoding=\"async\" width=\"1024\" height=\"768\" src=\"https:\/\/www.eslebedasauto.at\/wp-content\/uploads\/2025\/07\/IMG_2922-1024x768.jpeg\" alt=\"\" class=\"wp-image-99764\" srcset=\"https:\/\/www.eslebedasauto.at\/wp-content\/uploads\/2025\/07\/IMG_2922-1024x768.jpeg 1024w, https:\/\/www.eslebedasauto.at\/wp-content\/uploads\/2025\/07\/IMG_2922-300x225.jpeg 300w, https:\/\/www.eslebedasauto.at\/wp-content\/uploads\/2025\/07\/IMG_2922-768x576.jpeg 768w, https:\/\/www.eslebedasauto.at\/wp-content\/uploads\/2025\/07\/IMG_2922-1536x1152.jpeg 1536w, https:\/\/www.eslebedasauto.at\/wp-content\/uploads\/2025\/07\/IMG_2922.jpeg 2048w\" sizes=\"(max-width: 1024px) 100vw, 1024px\" \/><\/figure>\n\n\n\n<p><strong>Fazit:<\/strong> Der Hyundai Inster ist kein Blender, sondern ein echter Sympathietr\u00e4ger. Er will nicht auffallen \u2013 tut es aber trotzdem. Und zwar auf die charmante Art. Nach kurzer Eingew\u00f6hnung wollten wir ihn gar nicht mehr abgeben. Ein cooler Elektro-Zwerg mit gro\u00dfem Herz \u2013 besonders in Orange.<\/p>","protected":false},"excerpt":{"rendered":"<p>Optisch ist der Inster sicher kein Auto f\u00fcr alle. Die kantige Front, die kugelrunden Scheinwerfer, das pixelige Lichtdesign hinten und die &#8222;schmalpickte&#8220; Silhouette wirken auf den ersten Blick gew\u00f6hnungsbed\u00fcrftig. <\/p>","protected":false},"author":2,"featured_media":99762,"comment_status":"open","ping_status":"open","sticky":false,"template":"","format":"standard","meta":{"neve_meta_sidebar":"","neve_meta_container":"","neve_meta_enable_content_width":"","neve_meta_content_width":0,"neve_meta_title_alignment":"","neve_meta_author_avatar":"","neve_post_elements_order":"","neve_meta_disable_header":"","neve_meta_disable_footer":"","neve_meta_disable_title":"","neve_meta_reading_time":"","footnotes":""},"categories":[555,335],"tags":[],"class_list":["post-99746","post","type-post","status-publish","format-standard","has-post-thumbnail","hentry","category-electrofun","category-fahrberichte"],"yoast_head":"<!-- This site is optimized with the Yoast SEO plugin v26.8 - https:\/\/yoast.com\/product\/yoast-seo-wordpress\/ -->\n<title>Fahrbericht Hyundai Inster: Der gro\u00dfe Kleine von Hyundai - Es lebe das Auto<\/title>\n<meta name=\"description\" content=\"Optisch ist der Inster sicher kein Auto f\u00fcr alle. Die die kugelrunden Scheinwerfer, das pixelige Lichtdesign hinten und die &quot;schmalpickte&quot; Silhouette wirken auf den ersten Blick gew\u00f6hnungsbed\u00fcrftig.\" \/>\n<meta name=\"robots\" content=\"index, follow, max-snippet:-1, max-image-preview:large, max-video-preview:-1\" \/>\n<link rel=\"canonical\" href=\"https:\/\/www.eslebedasauto.at\/en\/fahrbericht-hyundai-inster-test\/\" \/>\n<meta property=\"og:locale\" content=\"en_GB\" \/>\n<meta property=\"og:type\" content=\"article\" \/>\n<meta property=\"og:title\" content=\"Fahrbericht Hyundai Inster: Der gro\u00dfe Kleine von Hyundai - Es lebe das Auto\" \/>\n<meta property=\"og:description\" content=\"Optisch ist der Inster sicher kein Auto f\u00fcr alle. Die die kugelrunden Scheinwerfer, das pixelige Lichtdesign hinten und die &quot;schmalpickte&quot; Silhouette wirken auf den ersten Blick gew\u00f6hnungsbed\u00fcrftig.\" \/>\n<meta property=\"og:url\" content=\"https:\/\/www.eslebedasauto.at\/en\/fahrbericht-hyundai-inster-test\/\" \/>\n<meta property=\"og:site_name\" content=\"Es lebe das Auto\" \/>\n<meta property=\"article:publisher\" content=\"https:\/\/www.facebook.com\/eslebedasauto.at\" \/>\n<meta property=\"article:published_time\" content=\"2025-07-27T12:26:51+00:00\" \/>\n<meta property=\"article:modified_time\" content=\"2025-07-27T12:34:24+00:00\" \/>\n<meta property=\"og:image\" content=\"https:\/\/www.eslebedasauto.at\/wp-content\/uploads\/2025\/07\/IMG_2914.jpeg\" \/>\n\t<meta property=\"og:image:width\" content=\"2048\" \/>\n\t<meta property=\"og:image:height\" content=\"1536\" \/>\n\t<meta property=\"og:image:type\" content=\"image\/jpeg\" \/>\n<meta name=\"author\" content=\"gerhard\" \/>\n<meta name=\"twitter:card\" content=\"summary_large_image\" \/>\n<meta name=\"twitter:label1\" content=\"Written by\" \/>\n\t<meta name=\"twitter:data1\" content=\"gerhard\" \/>\n\t<meta name=\"twitter:label2\" content=\"Estimated reading time\" \/>\n\t<meta name=\"twitter:data2\" content=\"6 minutes\" \/>\n<script type=\"application\/ld+json\" class=\"yoast-schema-graph\">{\"@context\":\"https:\/\/schema.org\",\"@graph\":[{\"@type\":\"Article\",\"@id\":\"https:\/\/www.eslebedasauto.at\/fahrbericht-hyundai-inster-test\/#article\",\"isPartOf\":{\"@id\":\"https:\/\/www.eslebedasauto.at\/fahrbericht-hyundai-inster-test\/\"},\"author\":{\"name\":\"gerhard\",\"@id\":\"https:\/\/www.eslebedasauto.at\/#\/schema\/person\/fb81218b0bed500d225ff518f9f17033\"},\"headline\":\"Fahrbericht Hyundai Inster: Der gro\u00dfe Kleine von Hyundai\",\"datePublished\":\"2025-07-27T12:26:51+00:00\",\"dateModified\":\"2025-07-27T12:34:24+00:00\",\"mainEntityOfPage\":{\"@id\":\"https:\/\/www.eslebedasauto.at\/fahrbericht-hyundai-inster-test\/\"},\"wordCount\":481,\"commentCount\":0,\"publisher\":{\"@id\":\"https:\/\/www.eslebedasauto.at\/#organization\"},\"image\":{\"@id\":\"https:\/\/www.eslebedasauto.at\/fahrbericht-hyundai-inster-test\/#primaryimage\"},\"thumbnailUrl\":\"https:\/\/www.eslebedasauto.at\/wp-content\/uploads\/2025\/07\/IMG_2914.jpeg\",\"articleSection\":[\"Electrofun\",\"Fahrberichte\"],\"inLanguage\":\"en-GB\",\"potentialAction\":[{\"@type\":\"CommentAction\",\"name\":\"Comment\",\"target\":[\"https:\/\/www.eslebedasauto.at\/fahrbericht-hyundai-inster-test\/#respond\"]}]},{\"@type\":\"WebPage\",\"@id\":\"https:\/\/www.eslebedasauto.at\/fahrbericht-hyundai-inster-test\/\",\"url\":\"https:\/\/www.eslebedasauto.at\/fahrbericht-hyundai-inster-test\/\",\"name\":\"Fahrbericht Hyundai Inster: Der gro\u00dfe Kleine von Hyundai - Es lebe das Auto\",\"isPartOf\":{\"@id\":\"https:\/\/www.eslebedasauto.at\/#website\"},\"primaryImageOfPage\":{\"@id\":\"https:\/\/www.eslebedasauto.at\/fahrbericht-hyundai-inster-test\/#primaryimage\"},\"image\":{\"@id\":\"https:\/\/www.eslebedasauto.at\/fahrbericht-hyundai-inster-test\/#primaryimage\"},\"thumbnailUrl\":\"https:\/\/www.eslebedasauto.at\/wp-content\/uploads\/2025\/07\/IMG_2914.jpeg\",\"datePublished\":\"2025-07-27T12:26:51+00:00\",\"dateModified\":\"2025-07-27T12:34:24+00:00\",\"description\":\"Optisch ist der Inster sicher kein Auto f\u00fcr alle. Die die kugelrunden Scheinwerfer, das pixelige Lichtdesign hinten und die \\\"schmalpickte\\\" Silhouette wirken auf den ersten Blick gew\u00f6hnungsbed\u00fcrftig.\",\"breadcrumb\":{\"@id\":\"https:\/\/www.eslebedasauto.at\/fahrbericht-hyundai-inster-test\/#breadcrumb\"},\"inLanguage\":\"en-GB\",\"potentialAction\":[{\"@type\":\"ReadAction\",\"target\":[\"https:\/\/www.eslebedasauto.at\/fahrbericht-hyundai-inster-test\/\"]}]},{\"@type\":\"ImageObject\",\"inLanguage\":\"en-GB\",\"@id\":\"https:\/\/www.eslebedasauto.at\/fahrbericht-hyundai-inster-test\/#primaryimage\",\"url\":\"https:\/\/www.eslebedasauto.at\/wp-content\/uploads\/2025\/07\/IMG_2914.jpeg\",\"contentUrl\":\"https:\/\/www.eslebedasauto.at\/wp-content\/uploads\/2025\/07\/IMG_2914.jpeg\",\"width\":2048,\"height\":1536},{\"@type\":\"BreadcrumbList\",\"@id\":\"https:\/\/www.eslebedasauto.at\/fahrbericht-hyundai-inster-test\/#breadcrumb\",\"itemListElement\":[{\"@type\":\"ListItem\",\"position\":1,\"name\":\"Startseite\",\"item\":\"https:\/\/www.eslebedasauto.at\/\"},{\"@type\":\"ListItem\",\"position\":2,\"name\":\"Fahrbericht Hyundai Inster: Der gro\u00dfe Kleine von Hyundai\"}]},{\"@type\":\"WebSite\",\"@id\":\"https:\/\/www.eslebedasauto.at\/#website\",\"url\":\"https:\/\/www.eslebedasauto.at\/\",\"name\":\"Es lebe das Auto\",\"description\":\"ein Hoch auf den Individualverkehr\",\"publisher\":{\"@id\":\"https:\/\/www.eslebedasauto.at\/#organization\"},\"potentialAction\":[{\"@type\":\"SearchAction\",\"target\":{\"@type\":\"EntryPoint\",\"urlTemplate\":\"https:\/\/www.eslebedasauto.at\/?s={search_term_string}\"},\"query-input\":{\"@type\":\"PropertyValueSpecification\",\"valueRequired\":true,\"valueName\":\"search_term_string\"}}],\"inLanguage\":\"en-GB\"},{\"@type\":\"Organization\",\"@id\":\"https:\/\/www.eslebedasauto.at\/#organization\",\"name\":\"eslebedasauto\",\"url\":\"https:\/\/www.eslebedasauto.at\/\",\"logo\":{\"@type\":\"ImageObject\",\"inLanguage\":\"en-GB\",\"@id\":\"https:\/\/www.eslebedasauto.at\/#\/schema\/logo\/image\/\",\"url\":\"https:\/\/www.eslebedasauto.at\/wp-content\/uploads\/2025\/10\/eldarund.png\",\"contentUrl\":\"https:\/\/www.eslebedasauto.at\/wp-content\/uploads\/2025\/10\/eldarund.png\",\"width\":1024,\"height\":1024,\"caption\":\"eslebedasauto\"},\"image\":{\"@id\":\"https:\/\/www.eslebedasauto.at\/#\/schema\/logo\/image\/\"},\"sameAs\":[\"https:\/\/www.facebook.com\/eslebedasauto.at\",\"https:\/\/www.instagram.com\/es_lebe_das_auto\/\"]},{\"@type\":\"Person\",\"@id\":\"https:\/\/www.eslebedasauto.at\/#\/schema\/person\/fb81218b0bed500d225ff518f9f17033\",\"name\":\"gerhard\",\"url\":\"https:\/\/www.eslebedasauto.at\/en\/author\/gerhard\/\"}]}<\/script>\n<!-- \/ Yoast SEO plugin. -->","yoast_head_json":{"title":"Fahrbericht Hyundai Inster: Der gro\u00dfe Kleine von Hyundai - Es lebe das Auto","description":"Optisch ist der Inster sicher kein Auto f\u00fcr alle. Die die kugelrunden Scheinwerfer, das pixelige Lichtdesign hinten und die \"schmalpickte\" Silhouette wirken auf den ersten Blick gew\u00f6hnungsbed\u00fcrftig.","robots":{"index":"index","follow":"follow","max-snippet":"max-snippet:-1","max-image-preview":"max-image-preview:large","max-video-preview":"max-video-preview:-1"},"canonical":"https:\/\/www.eslebedasauto.at\/en\/fahrbericht-hyundai-inster-test\/","og_locale":"en_GB","og_type":"article","og_title":"Fahrbericht Hyundai Inster: Der gro\u00dfe Kleine von Hyundai - Es lebe das Auto","og_description":"Optisch ist der Inster sicher kein Auto f\u00fcr alle. Die die kugelrunden Scheinwerfer, das pixelige Lichtdesign hinten und die \"schmalpickte\" Silhouette wirken auf den ersten Blick gew\u00f6hnungsbed\u00fcrftig.","og_url":"https:\/\/www.eslebedasauto.at\/en\/fahrbericht-hyundai-inster-test\/","og_site_name":"Es lebe das Auto","article_publisher":"https:\/\/www.facebook.com\/eslebedasauto.at","article_published_time":"2025-07-27T12:26:51+00:00","article_modified_time":"2025-07-27T12:34:24+00:00","og_image":[{"width":2048,"height":1536,"url":"https:\/\/www.eslebedasauto.at\/wp-content\/uploads\/2025\/07\/IMG_2914.jpeg","type":"image\/jpeg"}],"author":"gerhard","twitter_card":"summary_large_image","twitter_misc":{"Written by":"gerhard","Estimated reading time":"6 minutes"},"schema":{"@context":"https:\/\/schema.org","@graph":[{"@type":"Article","@id":"https:\/\/www.eslebedasauto.at\/fahrbericht-hyundai-inster-test\/#article","isPartOf":{"@id":"https:\/\/www.eslebedasauto.at\/fahrbericht-hyundai-inster-test\/"},"author":{"name":"gerhard","@id":"https:\/\/www.eslebedasauto.at\/#\/schema\/person\/fb81218b0bed500d225ff518f9f17033"},"headline":"Fahrbericht Hyundai Inster: Der gro\u00dfe Kleine von Hyundai","datePublished":"2025-07-27T12:26:51+00:00","dateModified":"2025-07-27T12:34:24+00:00","mainEntityOfPage":{"@id":"https:\/\/www.eslebedasauto.at\/fahrbericht-hyundai-inster-test\/"},"wordCount":481,"commentCount":0,"publisher":{"@id":"https:\/\/www.eslebedasauto.at\/#organization"},"image":{"@id":"https:\/\/www.eslebedasauto.at\/fahrbericht-hyundai-inster-test\/#primaryimage"},"thumbnailUrl":"https:\/\/www.eslebedasauto.at\/wp-content\/uploads\/2025\/07\/IMG_2914.jpeg","articleSection":["Electrofun","Fahrberichte"],"inLanguage":"en-GB","potentialAction":[{"@type":"CommentAction","name":"Comment","target":["https:\/\/www.eslebedasauto.at\/fahrbericht-hyundai-inster-test\/#respond"]}]},{"@type":"WebPage","@id":"https:\/\/www.eslebedasauto.at\/fahrbericht-hyundai-inster-test\/","url":"https:\/\/www.eslebedasauto.at\/fahrbericht-hyundai-inster-test\/","name":"Fahrbericht Hyundai Inster: Der gro\u00dfe Kleine von Hyundai - Es lebe das Auto","isPartOf":{"@id":"https:\/\/www.eslebedasauto.at\/#website"},"primaryImageOfPage":{"@id":"https:\/\/www.eslebedasauto.at\/fahrbericht-hyundai-inster-test\/#primaryimage"},"image":{"@id":"https:\/\/www.eslebedasauto.at\/fahrbericht-hyundai-inster-test\/#primaryimage"},"thumbnailUrl":"https:\/\/www.eslebedasauto.at\/wp-content\/uploads\/2025\/07\/IMG_2914.jpeg","datePublished":"2025-07-27T12:26:51+00:00","dateModified":"2025-07-27T12:34:24+00:00","description":"Optisch ist der Inster sicher kein Auto f\u00fcr alle. Die die kugelrunden Scheinwerfer, das pixelige Lichtdesign hinten und die \"schmalpickte\" Silhouette wirken auf den ersten Blick gew\u00f6hnungsbed\u00fcrftig.","breadcrumb":{"@id":"https:\/\/www.eslebedasauto.at\/fahrbericht-hyundai-inster-test\/#breadcrumb"},"inLanguage":"en-GB","potentialAction":[{"@type":"ReadAction","target":["https:\/\/www.eslebedasauto.at\/fahrbericht-hyundai-inster-test\/"]}]},{"@type":"ImageObject","inLanguage":"en-GB","@id":"https:\/\/www.eslebedasauto.at\/fahrbericht-hyundai-inster-test\/#primaryimage","url":"https:\/\/www.eslebedasauto.at\/wp-content\/uploads\/2025\/07\/IMG_2914.jpeg","contentUrl":"https:\/\/www.eslebedasauto.at\/wp-content\/uploads\/2025\/07\/IMG_2914.jpeg","width":2048,"height":1536},{"@type":"BreadcrumbList","@id":"https:\/\/www.eslebedasauto.at\/fahrbericht-hyundai-inster-test\/#breadcrumb","itemListElement":[{"@type":"ListItem","position":1,"name":"Startseite","item":"https:\/\/www.eslebedasauto.at\/"},{"@type":"ListItem","position":2,"name":"Fahrbericht Hyundai Inster: Der gro\u00dfe Kleine von Hyundai"}]},{"@type":"WebSite","@id":"https:\/\/www.eslebedasauto.at\/#website","url":"https:\/\/www.eslebedasauto.at\/","name":"Es lebe das Auto","description":"ein Hoch auf den Individualverkehr","publisher":{"@id":"https:\/\/www.eslebedasauto.at\/#organization"},"potentialAction":[{"@type":"SearchAction","target":{"@type":"EntryPoint","urlTemplate":"https:\/\/www.eslebedasauto.at\/?s={search_term_string}"},"query-input":{"@type":"PropertyValueSpecification","valueRequired":true,"valueName":"search_term_string"}}],"inLanguage":"en-GB"},{"@type":"Organization","@id":"https:\/\/www.eslebedasauto.at\/#organization","name":"eslebedasauto","url":"https:\/\/www.eslebedasauto.at\/","logo":{"@type":"ImageObject","inLanguage":"en-GB","@id":"https:\/\/www.eslebedasauto.at\/#\/schema\/logo\/image\/","url":"https:\/\/www.eslebedasauto.at\/wp-content\/uploads\/2025\/10\/eldarund.png","contentUrl":"https:\/\/www.eslebedasauto.at\/wp-content\/uploads\/2025\/10\/eldarund.png","width":1024,"height":1024,"caption":"eslebedasauto"},"image":{"@id":"https:\/\/www.eslebedasauto.at\/#\/schema\/logo\/image\/"},"sameAs":["https:\/\/www.facebook.com\/eslebedasauto.at","https:\/\/www.instagram.com\/es_lebe_das_auto\/"]},{"@type":"Person","@id":"https:\/\/www.eslebedasauto.at\/#\/schema\/person\/fb81218b0bed500d225ff518f9f17033","name":"gerhard","url":"https:\/\/www.eslebedasauto.at\/en\/author\/gerhard\/"}]}},"_links":{"self":[{"href":"https:\/\/www.eslebedasauto.at\/en\/wp-json\/wp\/v2\/posts\/99746","targetHints":{"allow":["GET"]}}],"collection":[{"href":"https:\/\/www.eslebedasauto.at\/en\/wp-json\/wp\/v2\/posts"}],"about":[{"href":"https:\/\/www.eslebedasauto.at\/en\/wp-json\/wp\/v2\/types\/post"}],"author":[{"embeddable":true,"href":"https:\/\/www.eslebedasauto.at\/en\/wp-json\/wp\/v2\/users\/2"}],"replies":[{"embeddable":true,"href":"https:\/\/www.eslebedasauto.at\/en\/wp-json\/wp\/v2\/comments?post=99746"}],"version-history":[{"count":4,"href":"https:\/\/www.eslebedasauto.at\/en\/wp-json\/wp\/v2\/posts\/99746\/revisions"}],"predecessor-version":[{"id":99770,"href":"https:\/\/www.eslebedasauto.at\/en\/wp-json\/wp\/v2\/posts\/99746\/revisions\/99770"}],"wp:featuredmedia":[{"embeddable":true,"href":"https:\/\/www.eslebedasauto.at\/en\/wp-json\/wp\/v2\/media\/99762"}],"wp:attachment":[{"href":"https:\/\/www.eslebedasauto.at\/en\/wp-json\/wp\/v2\/media?parent=99746"}],"wp:term":[{"taxonomy":"category","embeddable":true,"href":"https:\/\/www.eslebedasauto.at\/en\/wp-json\/wp\/v2\/categories?post=99746"},{"taxonomy":"post_tag","embeddable":true,"href":"https:\/\/www.eslebedasauto.at\/en\/wp-json\/wp\/v2\/tags?post=99746"}],"curies":[{"name":"wp","href":"https:\/\/api.w.org\/{rel}","templated":true}]}}