{"id":99500,"date":"2025-07-07T16:51:41","date_gmt":"2025-07-07T14:51:41","guid":{"rendered":"https:\/\/www.eslebedasauto.at\/?p=99500"},"modified":"2025-07-07T17:02:04","modified_gmt":"2025-07-07T15:02:04","slug":"opel-corsa-electric-kleinwagen-war-gestern","status":"publish","type":"post","link":"https:\/\/www.eslebedasauto.at\/en\/opel-corsa-electric-kleinwagen-war-gestern\/","title":{"rendered":"Opel Corsa e \u2013 Kleinwagen war gestern"},"content":{"rendered":"<h3 id=\"der-opel-corsa-ist-nicht-nur-ein-klassiker-er-ist-schlichtweg-der-bestseller-der-marke-opel-und-in-der-neuesten-auspragung-zeigt-er-sich-elektrifiziert-und-erwachsener-denn-je\" class=\"wp-block-heading\">Der Opel Corsa ist nicht nur ein Klassiker \u2013 er ist schlichtweg <em>der<\/em> Bestseller der Marke Opel. Und in der neuesten Auspr\u00e4gung zeigt er sich elektrifiziert und erwachsener denn je. <\/h3>\n\n\n\n<figure class=\"wp-block-image size-large\"><img fetchpriority=\"high\" decoding=\"async\" width=\"1024\" height=\"768\" src=\"https:\/\/www.eslebedasauto.at\/wp-content\/uploads\/2025\/07\/IMG_2632-1024x768.jpeg\" alt=\"\" class=\"wp-image-99505\" srcset=\"https:\/\/www.eslebedasauto.at\/wp-content\/uploads\/2025\/07\/IMG_2632-1024x768.jpeg 1024w, https:\/\/www.eslebedasauto.at\/wp-content\/uploads\/2025\/07\/IMG_2632-300x225.jpeg 300w, https:\/\/www.eslebedasauto.at\/wp-content\/uploads\/2025\/07\/IMG_2632-768x576.jpeg 768w, https:\/\/www.eslebedasauto.at\/wp-content\/uploads\/2025\/07\/IMG_2632-1536x1152.jpeg 1536w, https:\/\/www.eslebedasauto.at\/wp-content\/uploads\/2025\/07\/IMG_2632.jpeg 2048w\" sizes=\"(max-width: 1024px) 100vw, 1024px\" \/><\/figure>\n\n\n\n<p>Das j\u00fcngste Facelift bringt nicht nur optischen Feinschliff, sondern vor allem unter dem Blech neue Power und mehr Reichweite. Doch wie f\u00e4hrt sich der \u201eneue\u201c Stromer wirklich? Wir haben den <strong>Corsa Electric mit 156 PS (115 kW)<\/strong> \u00fcber Stadt, Landstra\u00dfe und Autobahn gefahren \u2013 und waren \u00fcberrascht, wie wenig Kleinwagengef\u00fchl da noch \u00fcbrig geblieben ist.<\/p>\n\n\n\n<figure class=\"wp-block-image size-large\"><img decoding=\"async\" width=\"1024\" height=\"768\" src=\"https:\/\/www.eslebedasauto.at\/wp-content\/uploads\/2025\/07\/IMG_2633-1024x768.jpeg\" alt=\"\" class=\"wp-image-99506\" srcset=\"https:\/\/www.eslebedasauto.at\/wp-content\/uploads\/2025\/07\/IMG_2633-1024x768.jpeg 1024w, https:\/\/www.eslebedasauto.at\/wp-content\/uploads\/2025\/07\/IMG_2633-300x225.jpeg 300w, https:\/\/www.eslebedasauto.at\/wp-content\/uploads\/2025\/07\/IMG_2633-768x576.jpeg 768w, https:\/\/www.eslebedasauto.at\/wp-content\/uploads\/2025\/07\/IMG_2633-1536x1152.jpeg 1536w, https:\/\/www.eslebedasauto.at\/wp-content\/uploads\/2025\/07\/IMG_2633.jpeg 2048w\" sizes=\"(max-width: 1024px) 100vw, 1024px\" \/><\/figure>\n\n\n\n<h3 id=\"neuer-look-bekannte-gene\" class=\"wp-block-heading\">Neuer Look, bekannte Gene<\/h3>\n\n\n\n<p>Optisch zeigt der Corsa klare Kante: Das Opel-\u201e<strong>Vizor<\/strong>\u201c-Markengesicht verleiht ihm einen selbstbewussten Auftritt, der mehr nach urbanem Lifestyle-Flitzer als nach Vernunft-Auto aussieht. Die schmalen LED-Leuchten und das cleane Frontdesign lassen ihn deutlich moderner wirken als seine Vorg\u00e4nger.<\/p>\n\n\n\n<figure class=\"wp-block-image size-large\"><img decoding=\"async\" width=\"1024\" height=\"768\" src=\"https:\/\/www.eslebedasauto.at\/wp-content\/uploads\/2025\/07\/IMG_2635-1024x768.jpeg\" alt=\"\" class=\"wp-image-99508\" srcset=\"https:\/\/www.eslebedasauto.at\/wp-content\/uploads\/2025\/07\/IMG_2635-1024x768.jpeg 1024w, https:\/\/www.eslebedasauto.at\/wp-content\/uploads\/2025\/07\/IMG_2635-300x225.jpeg 300w, https:\/\/www.eslebedasauto.at\/wp-content\/uploads\/2025\/07\/IMG_2635-768x576.jpeg 768w, https:\/\/www.eslebedasauto.at\/wp-content\/uploads\/2025\/07\/IMG_2635-1536x1152.jpeg 1536w, https:\/\/www.eslebedasauto.at\/wp-content\/uploads\/2025\/07\/IMG_2635.jpeg 2048w\" sizes=\"(max-width: 1024px) 100vw, 1024px\" \/><\/figure>\n\n\n\n<h3 id=\"reichweite-fur-den-alltag-und-daruber-hinaus\" class=\"wp-block-heading\">Reichweite f\u00fcr den Alltag \u2013 und dar\u00fcber hinaus<\/h3>\n\n\n\n<p>Unter der Haube werkt eine <strong>Elektromaschine mit 115 kW (156 PS)<\/strong> \u2013 ein Triebwerk, das auch in anderen Stellantis-Modellen verbaut ist. Im Corsa sorgt es f\u00fcr flotten Antritt, vor allem aus dem Stand. Der \u00fcberarbeitete Akku speichert jetzt <strong>51 kWh netto<\/strong> und soll laut WLTP bis zu <strong>405 Kilometer<\/strong> Reichweite liefern. In der Realit\u00e4t pendeln sich realistische Werte je nach Fahrweise irgendwo zwischen 280 und 350 Kilometern ein \u2013 mehr als genug f\u00fcr Pendler, Stadtmenschen und Wochenendflitzer. Wie auch sein hochgestellter Bruder Mokka e, hat auch der Corsa e im Test mit ausgezeichneten Verbrauchswerten gepunktet &#8211; er hat mit rund 13,4 kWh pro hundert Kilometer den ausgezeichneten Mokka-Wert noch unterboten. Geladen wird mit bis zu <strong>100 kW Gleichstrom<\/strong>, das bedeutet: In rund 30 Minuten ist der Akku von 20 auf 80 Prozent gef\u00fcllt \u2013 Kaffee trinken, fertig.<\/p>\n\n\n\n<figure class=\"wp-block-image size-large\"><img loading=\"lazy\" decoding=\"async\" width=\"1024\" height=\"768\" src=\"https:\/\/www.eslebedasauto.at\/wp-content\/uploads\/2025\/07\/IMG_2636-1024x768.jpeg\" alt=\"\" class=\"wp-image-99509\" srcset=\"https:\/\/www.eslebedasauto.at\/wp-content\/uploads\/2025\/07\/IMG_2636-1024x768.jpeg 1024w, https:\/\/www.eslebedasauto.at\/wp-content\/uploads\/2025\/07\/IMG_2636-300x225.jpeg 300w, https:\/\/www.eslebedasauto.at\/wp-content\/uploads\/2025\/07\/IMG_2636-768x576.jpeg 768w, https:\/\/www.eslebedasauto.at\/wp-content\/uploads\/2025\/07\/IMG_2636-1536x1152.jpeg 1536w, https:\/\/www.eslebedasauto.at\/wp-content\/uploads\/2025\/07\/IMG_2636.jpeg 2048w\" sizes=\"(max-width: 1024px) 100vw, 1024px\" \/><\/figure>\n\n\n\n<h3 id=\"fahrgefuhl-souveran-nicht-verspielt\" class=\"wp-block-heading\">Fahrgef\u00fchl: souver\u00e4n, nicht verspielt<\/h3>\n\n\n\n<p>Was den neuen Corsa Electric wirklich besonders macht, ist sein Fahrverhalten. Kein Wippen, kein Hoppeln, keine typisch nerv\u00f6se Kleinwagendynamik. <strong>Das Fahrwerk ist komfortabel abgestimmt, bleibt aber in Kurven angenehm straff.<\/strong> Die Lenkung arbeitet ebenfalls sehr pr\u00e4zise. Es ist ein sehr erwachsener Auftritt, den der Corsa hier hinlegt \u2013 <strong>ein perfekter Daily Driver<\/strong>, der auch auf der Autobahn mit 130 km\/h souver\u00e4n mitschwimmt.<\/p>\n\n\n\n<figure class=\"wp-block-gallery has-nested-images columns-default is-cropped wp-block-gallery-1 is-layout-flex wp-block-gallery-is-layout-flex\">\n<figure class=\"wp-block-image size-large\"><img loading=\"lazy\" decoding=\"async\" width=\"1024\" height=\"768\" data-id=\"99513\" src=\"https:\/\/www.eslebedasauto.at\/wp-content\/uploads\/2025\/07\/IMG_2640-1024x768.jpeg\" alt=\"\" class=\"wp-image-99513\" srcset=\"https:\/\/www.eslebedasauto.at\/wp-content\/uploads\/2025\/07\/IMG_2640-1024x768.jpeg 1024w, https:\/\/www.eslebedasauto.at\/wp-content\/uploads\/2025\/07\/IMG_2640-300x225.jpeg 300w, https:\/\/www.eslebedasauto.at\/wp-content\/uploads\/2025\/07\/IMG_2640-768x576.jpeg 768w, https:\/\/www.eslebedasauto.at\/wp-content\/uploads\/2025\/07\/IMG_2640-1536x1152.jpeg 1536w, https:\/\/www.eslebedasauto.at\/wp-content\/uploads\/2025\/07\/IMG_2640.jpeg 2048w\" sizes=\"(max-width: 1024px) 100vw, 1024px\" \/><\/figure>\n\n\n\n<figure class=\"wp-block-image size-large\"><img loading=\"lazy\" decoding=\"async\" width=\"1024\" height=\"768\" data-id=\"99511\" src=\"https:\/\/www.eslebedasauto.at\/wp-content\/uploads\/2025\/07\/IMG_2638-1024x768.jpeg\" alt=\"\" class=\"wp-image-99511\" srcset=\"https:\/\/www.eslebedasauto.at\/wp-content\/uploads\/2025\/07\/IMG_2638-1024x768.jpeg 1024w, https:\/\/www.eslebedasauto.at\/wp-content\/uploads\/2025\/07\/IMG_2638-300x225.jpeg 300w, https:\/\/www.eslebedasauto.at\/wp-content\/uploads\/2025\/07\/IMG_2638-768x576.jpeg 768w, https:\/\/www.eslebedasauto.at\/wp-content\/uploads\/2025\/07\/IMG_2638-1536x1152.jpeg 1536w, https:\/\/www.eslebedasauto.at\/wp-content\/uploads\/2025\/07\/IMG_2638.jpeg 2048w\" sizes=\"(max-width: 1024px) 100vw, 1024px\" \/><\/figure>\n<\/figure>\n\n\n\n<p><\/p>\n\n\n\n<p><strong>Auch innen gibt sich der Opel wertig:<\/strong> Die Sitze st\u00fctzen ordentlich, die Bedienelemente wirken aufger\u00e4umt, und auch das Infotainment l\u00e4sst sich ohne Technikstudium verstehen. Alles wirkt ausgereift \u2013 keine Experimente, sondern Funktionalit\u00e4t ohne Luxusall\u00fcren.<\/p>\n\n\n\n<figure class=\"wp-block-image size-large\"><img loading=\"lazy\" decoding=\"async\" width=\"1024\" height=\"768\" src=\"https:\/\/www.eslebedasauto.at\/wp-content\/uploads\/2025\/07\/IMG_2641-1024x768.jpeg\" alt=\"\" class=\"wp-image-99514\" srcset=\"https:\/\/www.eslebedasauto.at\/wp-content\/uploads\/2025\/07\/IMG_2641-1024x768.jpeg 1024w, https:\/\/www.eslebedasauto.at\/wp-content\/uploads\/2025\/07\/IMG_2641-300x225.jpeg 300w, https:\/\/www.eslebedasauto.at\/wp-content\/uploads\/2025\/07\/IMG_2641-768x576.jpeg 768w, https:\/\/www.eslebedasauto.at\/wp-content\/uploads\/2025\/07\/IMG_2641-1536x1152.jpeg 1536w, https:\/\/www.eslebedasauto.at\/wp-content\/uploads\/2025\/07\/IMG_2641.jpeg 2048w\" sizes=\"(max-width: 1024px) 100vw, 1024px\" \/><\/figure>\n\n\n\n<h3 id=\"unterm-strich\" class=\"wp-block-heading\">Unterm Strich<\/h3>\n\n\n\n<p>Der <strong>Opel Corsa Electric<\/strong> ist ein echtes Statement in der Kleinwagenklasse. Mit seinem neuen Design, mehr Leistung und alltagstauglicher Reichweite zeigt er, dass Elektromobilit\u00e4t nicht kompliziert oder teuer sein muss.<\/p>\n\n\n\n<p><strong>Ab 32.199 Euro<\/strong> ist er zu haben &#8211; wir finden das fair kalkuliert. Und mit dem Plus an Komfort, Dynamik und Qualit\u00e4t f\u00fchlt sich dieser Corsa viel mehr nach einem kompakten Erstwagen an, als nach Zweitauto f\u00fcr die Stadt. Opel hat hier vieles richtig gemacht \u2013 und dem Begriff \u201eKleinwagen\u201c endg\u00fcltig das Kindchenschema ausgetrieben.<\/p>\n\n\n\n<figure class=\"wp-block-image size-large\"><img loading=\"lazy\" decoding=\"async\" width=\"768\" height=\"1024\" src=\"https:\/\/www.eslebedasauto.at\/wp-content\/uploads\/2025\/07\/IMG_2631-768x1024.jpeg\" alt=\"\" class=\"wp-image-99504\" srcset=\"https:\/\/www.eslebedasauto.at\/wp-content\/uploads\/2025\/07\/IMG_2631-768x1024.jpeg 768w, https:\/\/www.eslebedasauto.at\/wp-content\/uploads\/2025\/07\/IMG_2631-225x300.jpeg 225w, https:\/\/www.eslebedasauto.at\/wp-content\/uploads\/2025\/07\/IMG_2631-1152x1536.jpeg 1152w, https:\/\/www.eslebedasauto.at\/wp-content\/uploads\/2025\/07\/IMG_2631.jpeg 1536w\" sizes=\"(max-width: 768px) 100vw, 768px\" \/><\/figure>","protected":false},"excerpt":{"rendered":"<p>Der Opel Corsa ist nicht nur ein Klassiker \u2013 er ist schlichtweg der Bestseller der Marke Opel. In der neuesten Auspr\u00e4gung zeigt er sich elektrifiziert und erwachsener denn je. <\/p>","protected":false},"author":2,"featured_media":99503,"comment_status":"open","ping_status":"open","sticky":false,"template":"","format":"standard","meta":{"neve_meta_sidebar":"","neve_meta_container":"","neve_meta_enable_content_width":"","neve_meta_content_width":0,"neve_meta_title_alignment":"","neve_meta_author_avatar":"","neve_post_elements_order":"","neve_meta_disable_header":"","neve_meta_disable_footer":"","neve_meta_disable_title":"","neve_meta_reading_time":"","footnotes":""},"categories":[555,335],"tags":[],"class_list":["post-99500","post","type-post","status-publish","format-standard","has-post-thumbnail","hentry","category-electrofun","category-fahrberichte"],"yoast_head":"<!-- This site is optimized with the Yoast SEO plugin v26.8 - https:\/\/yoast.com\/product\/yoast-seo-wordpress\/ -->\n<title>Opel Corsa e \u2013 Kleinwagen war gestern - Es lebe das Auto<\/title>\n<meta name=\"description\" content=\"Der Opel Corsa ist nicht nur ein Klassiker \u2013 er ist der Bestseller der Marke. In der letzten Auspr\u00e4gung zeigt er sich erwachsener denn je.\" \/>\n<meta name=\"robots\" content=\"index, follow, max-snippet:-1, max-image-preview:large, max-video-preview:-1\" \/>\n<link rel=\"canonical\" href=\"https:\/\/www.eslebedasauto.at\/en\/opel-corsa-electric-kleinwagen-war-gestern\/\" \/>\n<meta property=\"og:locale\" content=\"en_GB\" \/>\n<meta property=\"og:type\" content=\"article\" \/>\n<meta property=\"og:title\" content=\"Opel Corsa e \u2013 Kleinwagen war gestern - Es lebe das Auto\" \/>\n<meta property=\"og:description\" content=\"Der Opel Corsa ist nicht nur ein Klassiker \u2013 er ist der Bestseller der Marke. In der letzten Auspr\u00e4gung zeigt er sich erwachsener denn je.\" \/>\n<meta property=\"og:url\" content=\"https:\/\/www.eslebedasauto.at\/en\/opel-corsa-electric-kleinwagen-war-gestern\/\" \/>\n<meta property=\"og:site_name\" content=\"Es lebe das Auto\" \/>\n<meta property=\"article:publisher\" content=\"https:\/\/www.facebook.com\/eslebedasauto.at\" \/>\n<meta property=\"article:published_time\" content=\"2025-07-07T14:51:41+00:00\" \/>\n<meta property=\"article:modified_time\" content=\"2025-07-07T15:02:04+00:00\" \/>\n<meta property=\"og:image\" content=\"https:\/\/www.eslebedasauto.at\/wp-content\/uploads\/2025\/07\/IMG_2630.jpeg\" \/>\n\t<meta property=\"og:image:width\" content=\"2048\" \/>\n\t<meta property=\"og:image:height\" content=\"1536\" \/>\n\t<meta property=\"og:image:type\" content=\"image\/jpeg\" \/>\n<meta name=\"author\" content=\"gerhard\" \/>\n<meta name=\"twitter:card\" content=\"summary_large_image\" \/>\n<meta name=\"twitter:label1\" content=\"Written by\" \/>\n\t<meta name=\"twitter:data1\" content=\"gerhard\" \/>\n\t<meta name=\"twitter:label2\" content=\"Estimated reading time\" \/>\n\t<meta name=\"twitter:data2\" content=\"5 minutes\" \/>\n<script type=\"application\/ld+json\" class=\"yoast-schema-graph\">{\"@context\":\"https:\/\/schema.org\",\"@graph\":[{\"@type\":\"Article\",\"@id\":\"https:\/\/www.eslebedasauto.at\/opel-corsa-electric-kleinwagen-war-gestern\/#article\",\"isPartOf\":{\"@id\":\"https:\/\/www.eslebedasauto.at\/opel-corsa-electric-kleinwagen-war-gestern\/\"},\"author\":{\"name\":\"gerhard\",\"@id\":\"https:\/\/www.eslebedasauto.at\/#\/schema\/person\/fb81218b0bed500d225ff518f9f17033\"},\"headline\":\"Opel Corsa e \u2013 Kleinwagen war gestern\",\"datePublished\":\"2025-07-07T14:51:41+00:00\",\"dateModified\":\"2025-07-07T15:02:04+00:00\",\"mainEntityOfPage\":{\"@id\":\"https:\/\/www.eslebedasauto.at\/opel-corsa-electric-kleinwagen-war-gestern\/\"},\"wordCount\":469,\"commentCount\":0,\"publisher\":{\"@id\":\"https:\/\/www.eslebedasauto.at\/#organization\"},\"image\":{\"@id\":\"https:\/\/www.eslebedasauto.at\/opel-corsa-electric-kleinwagen-war-gestern\/#primaryimage\"},\"thumbnailUrl\":\"https:\/\/www.eslebedasauto.at\/wp-content\/uploads\/2025\/07\/IMG_2630.jpeg\",\"articleSection\":[\"Electrofun\",\"Fahrberichte\"],\"inLanguage\":\"en-GB\",\"potentialAction\":[{\"@type\":\"CommentAction\",\"name\":\"Comment\",\"target\":[\"https:\/\/www.eslebedasauto.at\/opel-corsa-electric-kleinwagen-war-gestern\/#respond\"]}]},{\"@type\":\"WebPage\",\"@id\":\"https:\/\/www.eslebedasauto.at\/opel-corsa-electric-kleinwagen-war-gestern\/\",\"url\":\"https:\/\/www.eslebedasauto.at\/opel-corsa-electric-kleinwagen-war-gestern\/\",\"name\":\"Opel Corsa e \u2013 Kleinwagen war gestern - Es lebe das Auto\",\"isPartOf\":{\"@id\":\"https:\/\/www.eslebedasauto.at\/#website\"},\"primaryImageOfPage\":{\"@id\":\"https:\/\/www.eslebedasauto.at\/opel-corsa-electric-kleinwagen-war-gestern\/#primaryimage\"},\"image\":{\"@id\":\"https:\/\/www.eslebedasauto.at\/opel-corsa-electric-kleinwagen-war-gestern\/#primaryimage\"},\"thumbnailUrl\":\"https:\/\/www.eslebedasauto.at\/wp-content\/uploads\/2025\/07\/IMG_2630.jpeg\",\"datePublished\":\"2025-07-07T14:51:41+00:00\",\"dateModified\":\"2025-07-07T15:02:04+00:00\",\"description\":\"Der Opel Corsa ist nicht nur ein Klassiker \u2013 er ist der Bestseller der Marke. In der letzten Auspr\u00e4gung zeigt er sich erwachsener denn je.\",\"breadcrumb\":{\"@id\":\"https:\/\/www.eslebedasauto.at\/opel-corsa-electric-kleinwagen-war-gestern\/#breadcrumb\"},\"inLanguage\":\"en-GB\",\"potentialAction\":[{\"@type\":\"ReadAction\",\"target\":[\"https:\/\/www.eslebedasauto.at\/opel-corsa-electric-kleinwagen-war-gestern\/\"]}]},{\"@type\":\"ImageObject\",\"inLanguage\":\"en-GB\",\"@id\":\"https:\/\/www.eslebedasauto.at\/opel-corsa-electric-kleinwagen-war-gestern\/#primaryimage\",\"url\":\"https:\/\/www.eslebedasauto.at\/wp-content\/uploads\/2025\/07\/IMG_2630.jpeg\",\"contentUrl\":\"https:\/\/www.eslebedasauto.at\/wp-content\/uploads\/2025\/07\/IMG_2630.jpeg\",\"width\":2048,\"height\":1536},{\"@type\":\"BreadcrumbList\",\"@id\":\"https:\/\/www.eslebedasauto.at\/opel-corsa-electric-kleinwagen-war-gestern\/#breadcrumb\",\"itemListElement\":[{\"@type\":\"ListItem\",\"position\":1,\"name\":\"Startseite\",\"item\":\"https:\/\/www.eslebedasauto.at\/\"},{\"@type\":\"ListItem\",\"position\":2,\"name\":\"Opel Corsa e \u2013 Kleinwagen war gestern\"}]},{\"@type\":\"WebSite\",\"@id\":\"https:\/\/www.eslebedasauto.at\/#website\",\"url\":\"https:\/\/www.eslebedasauto.at\/\",\"name\":\"Es lebe das Auto\",\"description\":\"ein Hoch auf den Individualverkehr\",\"publisher\":{\"@id\":\"https:\/\/www.eslebedasauto.at\/#organization\"},\"potentialAction\":[{\"@type\":\"SearchAction\",\"target\":{\"@type\":\"EntryPoint\",\"urlTemplate\":\"https:\/\/www.eslebedasauto.at\/?s={search_term_string}\"},\"query-input\":{\"@type\":\"PropertyValueSpecification\",\"valueRequired\":true,\"valueName\":\"search_term_string\"}}],\"inLanguage\":\"en-GB\"},{\"@type\":\"Organization\",\"@id\":\"https:\/\/www.eslebedasauto.at\/#organization\",\"name\":\"eslebedasauto\",\"url\":\"https:\/\/www.eslebedasauto.at\/\",\"logo\":{\"@type\":\"ImageObject\",\"inLanguage\":\"en-GB\",\"@id\":\"https:\/\/www.eslebedasauto.at\/#\/schema\/logo\/image\/\",\"url\":\"https:\/\/www.eslebedasauto.at\/wp-content\/uploads\/2025\/10\/eldarund.png\",\"contentUrl\":\"https:\/\/www.eslebedasauto.at\/wp-content\/uploads\/2025\/10\/eldarund.png\",\"width\":1024,\"height\":1024,\"caption\":\"eslebedasauto\"},\"image\":{\"@id\":\"https:\/\/www.eslebedasauto.at\/#\/schema\/logo\/image\/\"},\"sameAs\":[\"https:\/\/www.facebook.com\/eslebedasauto.at\",\"https:\/\/www.instagram.com\/es_lebe_das_auto\/\"]},{\"@type\":\"Person\",\"@id\":\"https:\/\/www.eslebedasauto.at\/#\/schema\/person\/fb81218b0bed500d225ff518f9f17033\",\"name\":\"gerhard\",\"url\":\"https:\/\/www.eslebedasauto.at\/en\/author\/gerhard\/\"}]}<\/script>\n<!-- \/ Yoast SEO plugin. -->","yoast_head_json":{"title":"Opel Corsa e \u2013 Kleinwagen war gestern - Es lebe das Auto","description":"Der Opel Corsa ist nicht nur ein Klassiker \u2013 er ist der Bestseller der Marke. In der letzten Auspr\u00e4gung zeigt er sich erwachsener denn je.","robots":{"index":"index","follow":"follow","max-snippet":"max-snippet:-1","max-image-preview":"max-image-preview:large","max-video-preview":"max-video-preview:-1"},"canonical":"https:\/\/www.eslebedasauto.at\/en\/opel-corsa-electric-kleinwagen-war-gestern\/","og_locale":"en_GB","og_type":"article","og_title":"Opel Corsa e \u2013 Kleinwagen war gestern - Es lebe das Auto","og_description":"Der Opel Corsa ist nicht nur ein Klassiker \u2013 er ist der Bestseller der Marke. In der letzten Auspr\u00e4gung zeigt er sich erwachsener denn je.","og_url":"https:\/\/www.eslebedasauto.at\/en\/opel-corsa-electric-kleinwagen-war-gestern\/","og_site_name":"Es lebe das Auto","article_publisher":"https:\/\/www.facebook.com\/eslebedasauto.at","article_published_time":"2025-07-07T14:51:41+00:00","article_modified_time":"2025-07-07T15:02:04+00:00","og_image":[{"width":2048,"height":1536,"url":"https:\/\/www.eslebedasauto.at\/wp-content\/uploads\/2025\/07\/IMG_2630.jpeg","type":"image\/jpeg"}],"author":"gerhard","twitter_card":"summary_large_image","twitter_misc":{"Written by":"gerhard","Estimated reading time":"5 minutes"},"schema":{"@context":"https:\/\/schema.org","@graph":[{"@type":"Article","@id":"https:\/\/www.eslebedasauto.at\/opel-corsa-electric-kleinwagen-war-gestern\/#article","isPartOf":{"@id":"https:\/\/www.eslebedasauto.at\/opel-corsa-electric-kleinwagen-war-gestern\/"},"author":{"name":"gerhard","@id":"https:\/\/www.eslebedasauto.at\/#\/schema\/person\/fb81218b0bed500d225ff518f9f17033"},"headline":"Opel Corsa e \u2013 Kleinwagen war gestern","datePublished":"2025-07-07T14:51:41+00:00","dateModified":"2025-07-07T15:02:04+00:00","mainEntityOfPage":{"@id":"https:\/\/www.eslebedasauto.at\/opel-corsa-electric-kleinwagen-war-gestern\/"},"wordCount":469,"commentCount":0,"publisher":{"@id":"https:\/\/www.eslebedasauto.at\/#organization"},"image":{"@id":"https:\/\/www.eslebedasauto.at\/opel-corsa-electric-kleinwagen-war-gestern\/#primaryimage"},"thumbnailUrl":"https:\/\/www.eslebedasauto.at\/wp-content\/uploads\/2025\/07\/IMG_2630.jpeg","articleSection":["Electrofun","Fahrberichte"],"inLanguage":"en-GB","potentialAction":[{"@type":"CommentAction","name":"Comment","target":["https:\/\/www.eslebedasauto.at\/opel-corsa-electric-kleinwagen-war-gestern\/#respond"]}]},{"@type":"WebPage","@id":"https:\/\/www.eslebedasauto.at\/opel-corsa-electric-kleinwagen-war-gestern\/","url":"https:\/\/www.eslebedasauto.at\/opel-corsa-electric-kleinwagen-war-gestern\/","name":"Opel Corsa e \u2013 Kleinwagen war gestern - Es lebe das Auto","isPartOf":{"@id":"https:\/\/www.eslebedasauto.at\/#website"},"primaryImageOfPage":{"@id":"https:\/\/www.eslebedasauto.at\/opel-corsa-electric-kleinwagen-war-gestern\/#primaryimage"},"image":{"@id":"https:\/\/www.eslebedasauto.at\/opel-corsa-electric-kleinwagen-war-gestern\/#primaryimage"},"thumbnailUrl":"https:\/\/www.eslebedasauto.at\/wp-content\/uploads\/2025\/07\/IMG_2630.jpeg","datePublished":"2025-07-07T14:51:41+00:00","dateModified":"2025-07-07T15:02:04+00:00","description":"Der Opel Corsa ist nicht nur ein Klassiker \u2013 er ist der Bestseller der Marke. In der letzten Auspr\u00e4gung zeigt er sich erwachsener denn je.","breadcrumb":{"@id":"https:\/\/www.eslebedasauto.at\/opel-corsa-electric-kleinwagen-war-gestern\/#breadcrumb"},"inLanguage":"en-GB","potentialAction":[{"@type":"ReadAction","target":["https:\/\/www.eslebedasauto.at\/opel-corsa-electric-kleinwagen-war-gestern\/"]}]},{"@type":"ImageObject","inLanguage":"en-GB","@id":"https:\/\/www.eslebedasauto.at\/opel-corsa-electric-kleinwagen-war-gestern\/#primaryimage","url":"https:\/\/www.eslebedasauto.at\/wp-content\/uploads\/2025\/07\/IMG_2630.jpeg","contentUrl":"https:\/\/www.eslebedasauto.at\/wp-content\/uploads\/2025\/07\/IMG_2630.jpeg","width":2048,"height":1536},{"@type":"BreadcrumbList","@id":"https:\/\/www.eslebedasauto.at\/opel-corsa-electric-kleinwagen-war-gestern\/#breadcrumb","itemListElement":[{"@type":"ListItem","position":1,"name":"Startseite","item":"https:\/\/www.eslebedasauto.at\/"},{"@type":"ListItem","position":2,"name":"Opel Corsa e \u2013 Kleinwagen war gestern"}]},{"@type":"WebSite","@id":"https:\/\/www.eslebedasauto.at\/#website","url":"https:\/\/www.eslebedasauto.at\/","name":"Es lebe das Auto","description":"ein Hoch auf den Individualverkehr","publisher":{"@id":"https:\/\/www.eslebedasauto.at\/#organization"},"potentialAction":[{"@type":"SearchAction","target":{"@type":"EntryPoint","urlTemplate":"https:\/\/www.eslebedasauto.at\/?s={search_term_string}"},"query-input":{"@type":"PropertyValueSpecification","valueRequired":true,"valueName":"search_term_string"}}],"inLanguage":"en-GB"},{"@type":"Organization","@id":"https:\/\/www.eslebedasauto.at\/#organization","name":"eslebedasauto","url":"https:\/\/www.eslebedasauto.at\/","logo":{"@type":"ImageObject","inLanguage":"en-GB","@id":"https:\/\/www.eslebedasauto.at\/#\/schema\/logo\/image\/","url":"https:\/\/www.eslebedasauto.at\/wp-content\/uploads\/2025\/10\/eldarund.png","contentUrl":"https:\/\/www.eslebedasauto.at\/wp-content\/uploads\/2025\/10\/eldarund.png","width":1024,"height":1024,"caption":"eslebedasauto"},"image":{"@id":"https:\/\/www.eslebedasauto.at\/#\/schema\/logo\/image\/"},"sameAs":["https:\/\/www.facebook.com\/eslebedasauto.at","https:\/\/www.instagram.com\/es_lebe_das_auto\/"]},{"@type":"Person","@id":"https:\/\/www.eslebedasauto.at\/#\/schema\/person\/fb81218b0bed500d225ff518f9f17033","name":"gerhard","url":"https:\/\/www.eslebedasauto.at\/en\/author\/gerhard\/"}]}},"_links":{"self":[{"href":"https:\/\/www.eslebedasauto.at\/en\/wp-json\/wp\/v2\/posts\/99500","targetHints":{"allow":["GET"]}}],"collection":[{"href":"https:\/\/www.eslebedasauto.at\/en\/wp-json\/wp\/v2\/posts"}],"about":[{"href":"https:\/\/www.eslebedasauto.at\/en\/wp-json\/wp\/v2\/types\/post"}],"author":[{"embeddable":true,"href":"https:\/\/www.eslebedasauto.at\/en\/wp-json\/wp\/v2\/users\/2"}],"replies":[{"embeddable":true,"href":"https:\/\/www.eslebedasauto.at\/en\/wp-json\/wp\/v2\/comments?post=99500"}],"version-history":[{"count":3,"href":"https:\/\/www.eslebedasauto.at\/en\/wp-json\/wp\/v2\/posts\/99500\/revisions"}],"predecessor-version":[{"id":99520,"href":"https:\/\/www.eslebedasauto.at\/en\/wp-json\/wp\/v2\/posts\/99500\/revisions\/99520"}],"wp:featuredmedia":[{"embeddable":true,"href":"https:\/\/www.eslebedasauto.at\/en\/wp-json\/wp\/v2\/media\/99503"}],"wp:attachment":[{"href":"https:\/\/www.eslebedasauto.at\/en\/wp-json\/wp\/v2\/media?parent=99500"}],"wp:term":[{"taxonomy":"category","embeddable":true,"href":"https:\/\/www.eslebedasauto.at\/en\/wp-json\/wp\/v2\/categories?post=99500"},{"taxonomy":"post_tag","embeddable":true,"href":"https:\/\/www.eslebedasauto.at\/en\/wp-json\/wp\/v2\/tags?post=99500"}],"curies":[{"name":"wp","href":"https:\/\/api.w.org\/{rel}","templated":true}]}}