{"id":99481,"date":"2025-07-07T16:23:23","date_gmt":"2025-07-07T14:23:23","guid":{"rendered":"https:\/\/www.eslebedasauto.at\/?p=99481"},"modified":"2025-07-07T16:25:00","modified_gmt":"2025-07-07T14:25:00","slug":"alfa-romeo-junior-speciale-test","status":"publish","type":"post","link":"https:\/\/www.eslebedasauto.at\/en\/alfa-romeo-junior-speciale-test\/","title":{"rendered":"Alfa Romeo Junior Veloce &#8211; Charakterkopf auf vier R\u00e4dern"},"content":{"rendered":"<p>Was f\u00fcr ein Auftritt! Der <strong>Alfa Romeo Junior Elettrica Veloce mit 280 PS<\/strong> ist nicht einfach ein weiteres Elektroauto \u2013 er ist auch eine fahrdynamische Kampfansage im B-Segment. Wer dachte, dass mit dem Umstieg auf Elektromobilit\u00e4t die italienische Leidenschaft verloren geht, wird hier eines Besseren belehrt.<\/p>\n\n\n\n<figure class=\"wp-block-image size-large\"><img fetchpriority=\"high\" decoding=\"async\" width=\"1024\" height=\"768\" src=\"https:\/\/www.eslebedasauto.at\/wp-content\/uploads\/2025\/07\/IMG_2761-1024x768.jpeg\" alt=\"\" class=\"wp-image-99488\" srcset=\"https:\/\/www.eslebedasauto.at\/wp-content\/uploads\/2025\/07\/IMG_2761-1024x768.jpeg 1024w, https:\/\/www.eslebedasauto.at\/wp-content\/uploads\/2025\/07\/IMG_2761-300x225.jpeg 300w, https:\/\/www.eslebedasauto.at\/wp-content\/uploads\/2025\/07\/IMG_2761-768x576.jpeg 768w, https:\/\/www.eslebedasauto.at\/wp-content\/uploads\/2025\/07\/IMG_2761-1536x1152.jpeg 1536w, https:\/\/www.eslebedasauto.at\/wp-content\/uploads\/2025\/07\/IMG_2761.jpeg 2048w\" sizes=\"(max-width: 1024px) 100vw, 1024px\" \/><\/figure>\n\n\n\n<h3 id=\"emotionaler-auftritt-trifft-italienische-linie\" class=\"wp-block-heading\">Emotionaler Auftritt trifft italienische Linie.<\/h3>\n\n\n\n<p>Von vorn bis hinten tr\u00e4gt der Junior das Alfa-Erbe mit Stolz: Der markentypische Scudetto-K\u00fchlergrill sitzt modernisiert prominent an der Front, der knackige B\u00fcrzel am Heck zitiert klassische Alfa-Modelle. Die ausgestellten Radh\u00e4user samt den ber\u00fchmten <strong>Kleeblatt-Felgen<\/strong> &#8211; hier in extra-gro\u00dfer 20-Zoll-Ausf\u00fchrung &#8211; lassen das sportliche Versprechen schon im Stand anklingen. Und ja \u2013 der Junior polarisiert. Aber genau das macht ihn spannend. Hier wurde nicht der n\u00e4chste seelenlose Stromer gezeichnet, sondern ein echter Charakterkopf auf vier R\u00e4dern.<\/p>\n\n\n\n<figure class=\"wp-block-gallery has-nested-images columns-default is-cropped wp-block-gallery-1 is-layout-flex wp-block-gallery-is-layout-flex\">\n<figure class=\"wp-block-image size-large\"><img decoding=\"async\" width=\"1024\" height=\"768\" data-id=\"99493\" src=\"https:\/\/www.eslebedasauto.at\/wp-content\/uploads\/2025\/07\/IMG_2766-1024x768.jpeg\" alt=\"\" class=\"wp-image-99493\" srcset=\"https:\/\/www.eslebedasauto.at\/wp-content\/uploads\/2025\/07\/IMG_2766-1024x768.jpeg 1024w, https:\/\/www.eslebedasauto.at\/wp-content\/uploads\/2025\/07\/IMG_2766-300x225.jpeg 300w, https:\/\/www.eslebedasauto.at\/wp-content\/uploads\/2025\/07\/IMG_2766-768x576.jpeg 768w, https:\/\/www.eslebedasauto.at\/wp-content\/uploads\/2025\/07\/IMG_2766-1536x1152.jpeg 1536w, https:\/\/www.eslebedasauto.at\/wp-content\/uploads\/2025\/07\/IMG_2766.jpeg 2048w\" sizes=\"(max-width: 1024px) 100vw, 1024px\" \/><\/figure>\n\n\n\n<figure class=\"wp-block-image size-large\"><img decoding=\"async\" width=\"1024\" height=\"768\" data-id=\"99492\" src=\"https:\/\/www.eslebedasauto.at\/wp-content\/uploads\/2025\/07\/IMG_2765-1024x768.jpeg\" alt=\"\" class=\"wp-image-99492\" srcset=\"https:\/\/www.eslebedasauto.at\/wp-content\/uploads\/2025\/07\/IMG_2765-1024x768.jpeg 1024w, https:\/\/www.eslebedasauto.at\/wp-content\/uploads\/2025\/07\/IMG_2765-300x225.jpeg 300w, https:\/\/www.eslebedasauto.at\/wp-content\/uploads\/2025\/07\/IMG_2765-768x576.jpeg 768w, https:\/\/www.eslebedasauto.at\/wp-content\/uploads\/2025\/07\/IMG_2765-1536x1152.jpeg 1536w, https:\/\/www.eslebedasauto.at\/wp-content\/uploads\/2025\/07\/IMG_2765.jpeg 2048w\" sizes=\"(max-width: 1024px) 100vw, 1024px\" \/><\/figure>\n<\/figure>\n\n\n\n<p><\/p>\n\n\n\n<h3 id=\"innen-wie-ein-masgeschneiderter-rennanzug\" class=\"wp-block-heading\">Innen wie ein ma\u00dfgeschneiderter Rennanzug<\/h3>\n\n\n\n<p>Im Cockpit setzt Alfa konsequent auf <strong>Fahrspa\u00df statt Futurismus<\/strong>. Das digitale Kombiinstrument steckt in klassischen Rundtuben, der Touchscreen neigt sich fahrerzentriert Richtung Pilot, darunter sitzt der Startknopf. Die Atmosph\u00e4re ist dunkel, fast wie ein Boxentunnel vor dem Start \u2013 <strong>Alcantara dominiert<\/strong>, rote Ziern\u00e4hte durchziehen Sitze, Armaturen und das griffige Lenkrad.<\/p>\n\n\n\n<figure class=\"wp-block-gallery has-nested-images columns-default is-cropped wp-block-gallery-2 is-layout-flex wp-block-gallery-is-layout-flex\">\n<figure class=\"wp-block-image size-large\"><img loading=\"lazy\" decoding=\"async\" width=\"768\" height=\"1024\" data-id=\"99497\" src=\"https:\/\/www.eslebedasauto.at\/wp-content\/uploads\/2025\/07\/IMG_2770-768x1024.jpeg\" alt=\"\" class=\"wp-image-99497\" srcset=\"https:\/\/www.eslebedasauto.at\/wp-content\/uploads\/2025\/07\/IMG_2770-768x1024.jpeg 768w, https:\/\/www.eslebedasauto.at\/wp-content\/uploads\/2025\/07\/IMG_2770-225x300.jpeg 225w, https:\/\/www.eslebedasauto.at\/wp-content\/uploads\/2025\/07\/IMG_2770-1152x1536.jpeg 1152w, https:\/\/www.eslebedasauto.at\/wp-content\/uploads\/2025\/07\/IMG_2770.jpeg 1536w\" sizes=\"(max-width: 768px) 100vw, 768px\" \/><\/figure>\n\n\n\n<figure class=\"wp-block-image size-large\"><img loading=\"lazy\" decoding=\"async\" width=\"1024\" height=\"768\" data-id=\"99491\" src=\"https:\/\/www.eslebedasauto.at\/wp-content\/uploads\/2025\/07\/IMG_2764-1024x768.jpeg\" alt=\"\" class=\"wp-image-99491\" srcset=\"https:\/\/www.eslebedasauto.at\/wp-content\/uploads\/2025\/07\/IMG_2764-1024x768.jpeg 1024w, https:\/\/www.eslebedasauto.at\/wp-content\/uploads\/2025\/07\/IMG_2764-300x225.jpeg 300w, https:\/\/www.eslebedasauto.at\/wp-content\/uploads\/2025\/07\/IMG_2764-768x576.jpeg 768w, https:\/\/www.eslebedasauto.at\/wp-content\/uploads\/2025\/07\/IMG_2764-1536x1152.jpeg 1536w, https:\/\/www.eslebedasauto.at\/wp-content\/uploads\/2025\/07\/IMG_2764.jpeg 2048w\" sizes=\"(max-width: 1024px) 100vw, 1024px\" \/><\/figure>\n\n\n\n<figure class=\"wp-block-image size-large\"><img loading=\"lazy\" decoding=\"async\" width=\"768\" height=\"1024\" data-id=\"99490\" src=\"https:\/\/www.eslebedasauto.at\/wp-content\/uploads\/2025\/07\/IMG_2763-768x1024.jpeg\" alt=\"\" class=\"wp-image-99490\" srcset=\"https:\/\/www.eslebedasauto.at\/wp-content\/uploads\/2025\/07\/IMG_2763-768x1024.jpeg 768w, https:\/\/www.eslebedasauto.at\/wp-content\/uploads\/2025\/07\/IMG_2763-225x300.jpeg 225w, https:\/\/www.eslebedasauto.at\/wp-content\/uploads\/2025\/07\/IMG_2763-1152x1536.jpeg 1152w, https:\/\/www.eslebedasauto.at\/wp-content\/uploads\/2025\/07\/IMG_2763.jpeg 1536w\" sizes=\"(max-width: 768px) 100vw, 768px\" \/><\/figure>\n<\/figure>\n\n\n\n<p><\/p>\n\n\n\n<p>Und dann diese <strong>Sabelt-Schalensitze<\/strong>! Wer sich einmal hineingesetzt hat, will nicht mehr aussteigen. Kein Schnickschnack, kein Komfortbalast \u2013 einfach fester Halt, direktes Feedback und ein Look, der nach Rennstrecke schreit. <\/p>\n\n\n\n<figure class=\"wp-block-image size-large\"><img loading=\"lazy\" decoding=\"async\" width=\"1024\" height=\"768\" src=\"https:\/\/www.eslebedasauto.at\/wp-content\/uploads\/2025\/07\/IMG_2768-1024x768.jpeg\" alt=\"\" class=\"wp-image-99495\" srcset=\"https:\/\/www.eslebedasauto.at\/wp-content\/uploads\/2025\/07\/IMG_2768-1024x768.jpeg 1024w, https:\/\/www.eslebedasauto.at\/wp-content\/uploads\/2025\/07\/IMG_2768-300x225.jpeg 300w, https:\/\/www.eslebedasauto.at\/wp-content\/uploads\/2025\/07\/IMG_2768-768x576.jpeg 768w, https:\/\/www.eslebedasauto.at\/wp-content\/uploads\/2025\/07\/IMG_2768-1536x1152.jpeg 1536w, https:\/\/www.eslebedasauto.at\/wp-content\/uploads\/2025\/07\/IMG_2768.jpeg 2048w\" sizes=\"(max-width: 1024px) 100vw, 1024px\" \/><\/figure>\n\n\n\n<h3 id=\"und-wie-fahrt-er\" class=\"wp-block-heading\">Und wie f\u00e4hrt er?<\/h3>\n\n\n\n<p>Kurz gesagt: Der <strong>Junior Veloce mit 280 PS ist ein Kurvenr\u00e4uber par excellence<\/strong>. Schon die Basisversion zeigte Ans\u00e4tze sportlicher Dynamik \u2013 aber was der Top-Junior aus dem Fahrwerk herausholt, ist eine andere Liga.<\/p>\n\n\n\n<figure class=\"wp-block-image size-large\"><img loading=\"lazy\" decoding=\"async\" width=\"1024\" height=\"768\" src=\"https:\/\/www.eslebedasauto.at\/wp-content\/uploads\/2025\/07\/IMG_2681-1024x768.jpeg\" alt=\"\" class=\"wp-image-99485\" srcset=\"https:\/\/www.eslebedasauto.at\/wp-content\/uploads\/2025\/07\/IMG_2681-1024x768.jpeg 1024w, https:\/\/www.eslebedasauto.at\/wp-content\/uploads\/2025\/07\/IMG_2681-300x225.jpeg 300w, https:\/\/www.eslebedasauto.at\/wp-content\/uploads\/2025\/07\/IMG_2681-768x576.jpeg 768w, https:\/\/www.eslebedasauto.at\/wp-content\/uploads\/2025\/07\/IMG_2681-1536x1152.jpeg 1536w, https:\/\/www.eslebedasauto.at\/wp-content\/uploads\/2025\/07\/IMG_2681.jpeg 2048w\" sizes=\"(max-width: 1024px) 100vw, 1024px\" \/><\/figure>\n\n\n\n<p>Die <strong>Lenkung spricht direkt an<\/strong>, die <strong>Bremsen bei\u00dfen kr\u00e4ftig<\/strong>, das Gewicht bleibt mit rund 1.550 Kilogramm erfreulich niedrig, und der <strong>tiefe Schwerpunkt dank Batterie<\/strong> sorgt f\u00fcr perfektes Einlenkverhalten. In schnellen Kurven klebt der Alfa f\u00f6rmlich auf dem Asphalt.<\/p>\n\n\n\n<figure class=\"wp-block-image size-large\"><img loading=\"lazy\" decoding=\"async\" width=\"768\" height=\"1024\" src=\"https:\/\/www.eslebedasauto.at\/wp-content\/uploads\/2025\/07\/IMG_2769-768x1024.jpeg\" alt=\"\" class=\"wp-image-99496\" srcset=\"https:\/\/www.eslebedasauto.at\/wp-content\/uploads\/2025\/07\/IMG_2769-768x1024.jpeg 768w, https:\/\/www.eslebedasauto.at\/wp-content\/uploads\/2025\/07\/IMG_2769-225x300.jpeg 225w, https:\/\/www.eslebedasauto.at\/wp-content\/uploads\/2025\/07\/IMG_2769-1152x1536.jpeg 1152w, https:\/\/www.eslebedasauto.at\/wp-content\/uploads\/2025\/07\/IMG_2769.jpeg 1536w\" sizes=\"(max-width: 768px) 100vw, 768px\" \/><\/figure>\n\n\n\n<p><strong>Dabei wirkt der Antritt aus dem Stand energisch<\/strong>, die 280 PS schieben kr\u00e4ftig an. Kein nerv\u00f6ses Zucken, sondern sauberer, linearer Vortrieb. Der Junior ist dabei kein Dragstrip-Renner, sondern ein <strong>emotionales Fahrinstrument<\/strong>, das die kurvige Landstra\u00dfe liebt.<\/p>\n\n\n\n<figure class=\"wp-block-image size-large\"><img loading=\"lazy\" decoding=\"async\" width=\"1024\" height=\"1024\" src=\"https:\/\/www.eslebedasauto.at\/wp-content\/uploads\/2025\/07\/772F776C-9F9C-4133-B02C-F502CA54AF65-1024x1024.jpg\" alt=\"\" class=\"wp-image-99483\" srcset=\"https:\/\/www.eslebedasauto.at\/wp-content\/uploads\/2025\/07\/772F776C-9F9C-4133-B02C-F502CA54AF65-1024x1024.jpg 1024w, https:\/\/www.eslebedasauto.at\/wp-content\/uploads\/2025\/07\/772F776C-9F9C-4133-B02C-F502CA54AF65-300x300.jpg 300w, https:\/\/www.eslebedasauto.at\/wp-content\/uploads\/2025\/07\/772F776C-9F9C-4133-B02C-F502CA54AF65-150x150.jpg 150w, https:\/\/www.eslebedasauto.at\/wp-content\/uploads\/2025\/07\/772F776C-9F9C-4133-B02C-F502CA54AF65-768x768.jpg 768w, https:\/\/www.eslebedasauto.at\/wp-content\/uploads\/2025\/07\/772F776C-9F9C-4133-B02C-F502CA54AF65-1536x1536.jpg 1536w, https:\/\/www.eslebedasauto.at\/wp-content\/uploads\/2025\/07\/772F776C-9F9C-4133-B02C-F502CA54AF65-2048x2048.jpg 2048w, https:\/\/www.eslebedasauto.at\/wp-content\/uploads\/2025\/07\/772F776C-9F9C-4133-B02C-F502CA54AF65-80x80.jpg 80w\" sizes=\"(max-width: 1024px) 100vw, 1024px\" \/><\/figure>\n\n\n\n<h3 id=\"fazit\" class=\"wp-block-heading\">Fazit<\/h3>\n\n\n\n<p>Der <strong>Alfa Romeo Junior Elettrica Veloce <\/strong>bringt endlich das zusammen, was viele Elektroautos vermissen lassen: <strong>Herz, Stil und echtes Fahrgef\u00fchl<\/strong>. Er sieht nicht nur sportlich aus, er f\u00fchlt sich auch so an \u2013 nicht trotz, sondern wegen seiner elektrischen Gene. F\u00fcr alle, die Kurven gerne ein bisschen knackiger angehen, ist dieser Junior ein gro\u00dfer Wurf.<\/p>\n\n\n\n<p>Preislich liegt die 280-PS-Version mit einem ab-Preis von\u202f48.900\u202f\u20ac klarerweise deutlich \u00fcber der Basis, aber daf\u00fcr bekommt man: <strong>Italienische Emotionen<\/strong>. Und die sind bekanntlich unbezahlbar.<\/p>\n\n\n\n<figure class=\"wp-block-image size-large\"><img loading=\"lazy\" decoding=\"async\" width=\"1024\" height=\"768\" src=\"https:\/\/www.eslebedasauto.at\/wp-content\/uploads\/2025\/07\/IMG_2767-1024x768.jpeg\" alt=\"\" class=\"wp-image-99494\" srcset=\"https:\/\/www.eslebedasauto.at\/wp-content\/uploads\/2025\/07\/IMG_2767-1024x768.jpeg 1024w, https:\/\/www.eslebedasauto.at\/wp-content\/uploads\/2025\/07\/IMG_2767-300x225.jpeg 300w, https:\/\/www.eslebedasauto.at\/wp-content\/uploads\/2025\/07\/IMG_2767-768x576.jpeg 768w, https:\/\/www.eslebedasauto.at\/wp-content\/uploads\/2025\/07\/IMG_2767-1536x1152.jpeg 1536w, https:\/\/www.eslebedasauto.at\/wp-content\/uploads\/2025\/07\/IMG_2767.jpeg 2048w\" sizes=\"(max-width: 1024px) 100vw, 1024px\" \/><\/figure>","protected":false},"excerpt":{"rendered":"<p>Der Alfa Romeo Junior Elettrica Veloce<br \/>\nmit 280 PS ist nicht einfach ein weiteres Elektroauto \u2013 er ist auch eine fahrdynamische Kampfansage im B-Segment. <\/p>","protected":false},"author":2,"featured_media":99486,"comment_status":"open","ping_status":"open","sticky":false,"template":"","format":"standard","meta":{"neve_meta_sidebar":"","neve_meta_container":"","neve_meta_enable_content_width":"","neve_meta_content_width":0,"neve_meta_title_alignment":"","neve_meta_author_avatar":"","neve_post_elements_order":"","neve_meta_disable_header":"","neve_meta_disable_footer":"","neve_meta_disable_title":"","neve_meta_reading_time":"","footnotes":""},"categories":[555,335],"tags":[],"class_list":["post-99481","post","type-post","status-publish","format-standard","has-post-thumbnail","hentry","category-electrofun","category-fahrberichte"],"yoast_head":"<!-- This site is optimized with the Yoast SEO plugin v26.8 - https:\/\/yoast.com\/product\/yoast-seo-wordpress\/ -->\n<title>Alfa Romeo Junior Veloce - Charakterkopf auf vier R\u00e4dern - Es lebe das Auto<\/title>\n<meta name=\"description\" content=\"Der neue Alfa Romeo Junior Speciale mit 280 PS ist nicht einfach ein weiteres Elektroauto \u2013 er ist auch eine fahrdynamische Kampfansage.\" \/>\n<meta name=\"robots\" content=\"index, follow, max-snippet:-1, max-image-preview:large, max-video-preview:-1\" \/>\n<link rel=\"canonical\" href=\"https:\/\/www.eslebedasauto.at\/en\/alfa-romeo-junior-speciale-test\/\" \/>\n<meta property=\"og:locale\" content=\"en_GB\" \/>\n<meta property=\"og:type\" content=\"article\" \/>\n<meta property=\"og:title\" content=\"Alfa Romeo Junior Veloce - Charakterkopf auf vier R\u00e4dern - Es lebe das Auto\" \/>\n<meta property=\"og:description\" content=\"Der neue Alfa Romeo Junior Speciale mit 280 PS ist nicht einfach ein weiteres Elektroauto \u2013 er ist auch eine fahrdynamische Kampfansage.\" \/>\n<meta property=\"og:url\" content=\"https:\/\/www.eslebedasauto.at\/en\/alfa-romeo-junior-speciale-test\/\" \/>\n<meta property=\"og:site_name\" content=\"Es lebe das Auto\" \/>\n<meta property=\"article:publisher\" content=\"https:\/\/www.facebook.com\/eslebedasauto.at\" \/>\n<meta property=\"article:published_time\" content=\"2025-07-07T14:23:23+00:00\" \/>\n<meta property=\"article:modified_time\" content=\"2025-07-07T14:25:00+00:00\" \/>\n<meta property=\"og:image\" content=\"https:\/\/www.eslebedasauto.at\/wp-content\/uploads\/2025\/07\/IMG_2759.jpeg\" \/>\n\t<meta property=\"og:image:width\" content=\"2048\" \/>\n\t<meta property=\"og:image:height\" content=\"1536\" \/>\n\t<meta property=\"og:image:type\" content=\"image\/jpeg\" \/>\n<meta name=\"author\" content=\"gerhard\" \/>\n<meta name=\"twitter:card\" content=\"summary_large_image\" \/>\n<meta name=\"twitter:label1\" content=\"Written by\" \/>\n\t<meta name=\"twitter:data1\" content=\"gerhard\" \/>\n\t<meta name=\"twitter:label2\" content=\"Estimated reading time\" \/>\n\t<meta name=\"twitter:data2\" content=\"5 minutes\" \/>\n<script type=\"application\/ld+json\" class=\"yoast-schema-graph\">{\"@context\":\"https:\/\/schema.org\",\"@graph\":[{\"@type\":\"Article\",\"@id\":\"https:\/\/www.eslebedasauto.at\/alfa-romeo-junior-speciale-test\/#article\",\"isPartOf\":{\"@id\":\"https:\/\/www.eslebedasauto.at\/alfa-romeo-junior-speciale-test\/\"},\"author\":{\"name\":\"gerhard\",\"@id\":\"https:\/\/www.eslebedasauto.at\/#\/schema\/person\/fb81218b0bed500d225ff518f9f17033\"},\"headline\":\"Alfa Romeo Junior Veloce &#8211; Charakterkopf auf vier R\u00e4dern\",\"datePublished\":\"2025-07-07T14:23:23+00:00\",\"dateModified\":\"2025-07-07T14:25:00+00:00\",\"mainEntityOfPage\":{\"@id\":\"https:\/\/www.eslebedasauto.at\/alfa-romeo-junior-speciale-test\/\"},\"wordCount\":432,\"commentCount\":0,\"publisher\":{\"@id\":\"https:\/\/www.eslebedasauto.at\/#organization\"},\"image\":{\"@id\":\"https:\/\/www.eslebedasauto.at\/alfa-romeo-junior-speciale-test\/#primaryimage\"},\"thumbnailUrl\":\"https:\/\/www.eslebedasauto.at\/wp-content\/uploads\/2025\/07\/IMG_2759.jpeg\",\"articleSection\":[\"Electrofun\",\"Fahrberichte\"],\"inLanguage\":\"en-GB\",\"potentialAction\":[{\"@type\":\"CommentAction\",\"name\":\"Comment\",\"target\":[\"https:\/\/www.eslebedasauto.at\/alfa-romeo-junior-speciale-test\/#respond\"]}]},{\"@type\":\"WebPage\",\"@id\":\"https:\/\/www.eslebedasauto.at\/alfa-romeo-junior-speciale-test\/\",\"url\":\"https:\/\/www.eslebedasauto.at\/alfa-romeo-junior-speciale-test\/\",\"name\":\"Alfa Romeo Junior Veloce - Charakterkopf auf vier R\u00e4dern - Es lebe das Auto\",\"isPartOf\":{\"@id\":\"https:\/\/www.eslebedasauto.at\/#website\"},\"primaryImageOfPage\":{\"@id\":\"https:\/\/www.eslebedasauto.at\/alfa-romeo-junior-speciale-test\/#primaryimage\"},\"image\":{\"@id\":\"https:\/\/www.eslebedasauto.at\/alfa-romeo-junior-speciale-test\/#primaryimage\"},\"thumbnailUrl\":\"https:\/\/www.eslebedasauto.at\/wp-content\/uploads\/2025\/07\/IMG_2759.jpeg\",\"datePublished\":\"2025-07-07T14:23:23+00:00\",\"dateModified\":\"2025-07-07T14:25:00+00:00\",\"description\":\"Der neue Alfa Romeo Junior Speciale mit 280 PS ist nicht einfach ein weiteres Elektroauto \u2013 er ist auch eine fahrdynamische Kampfansage.\",\"breadcrumb\":{\"@id\":\"https:\/\/www.eslebedasauto.at\/alfa-romeo-junior-speciale-test\/#breadcrumb\"},\"inLanguage\":\"en-GB\",\"potentialAction\":[{\"@type\":\"ReadAction\",\"target\":[\"https:\/\/www.eslebedasauto.at\/alfa-romeo-junior-speciale-test\/\"]}]},{\"@type\":\"ImageObject\",\"inLanguage\":\"en-GB\",\"@id\":\"https:\/\/www.eslebedasauto.at\/alfa-romeo-junior-speciale-test\/#primaryimage\",\"url\":\"https:\/\/www.eslebedasauto.at\/wp-content\/uploads\/2025\/07\/IMG_2759.jpeg\",\"contentUrl\":\"https:\/\/www.eslebedasauto.at\/wp-content\/uploads\/2025\/07\/IMG_2759.jpeg\",\"width\":2048,\"height\":1536},{\"@type\":\"BreadcrumbList\",\"@id\":\"https:\/\/www.eslebedasauto.at\/alfa-romeo-junior-speciale-test\/#breadcrumb\",\"itemListElement\":[{\"@type\":\"ListItem\",\"position\":1,\"name\":\"Startseite\",\"item\":\"https:\/\/www.eslebedasauto.at\/\"},{\"@type\":\"ListItem\",\"position\":2,\"name\":\"Alfa Romeo Junior Veloce &#8211; Charakterkopf auf vier R\u00e4dern\"}]},{\"@type\":\"WebSite\",\"@id\":\"https:\/\/www.eslebedasauto.at\/#website\",\"url\":\"https:\/\/www.eslebedasauto.at\/\",\"name\":\"Es lebe das Auto\",\"description\":\"ein Hoch auf den Individualverkehr\",\"publisher\":{\"@id\":\"https:\/\/www.eslebedasauto.at\/#organization\"},\"potentialAction\":[{\"@type\":\"SearchAction\",\"target\":{\"@type\":\"EntryPoint\",\"urlTemplate\":\"https:\/\/www.eslebedasauto.at\/?s={search_term_string}\"},\"query-input\":{\"@type\":\"PropertyValueSpecification\",\"valueRequired\":true,\"valueName\":\"search_term_string\"}}],\"inLanguage\":\"en-GB\"},{\"@type\":\"Organization\",\"@id\":\"https:\/\/www.eslebedasauto.at\/#organization\",\"name\":\"eslebedasauto\",\"url\":\"https:\/\/www.eslebedasauto.at\/\",\"logo\":{\"@type\":\"ImageObject\",\"inLanguage\":\"en-GB\",\"@id\":\"https:\/\/www.eslebedasauto.at\/#\/schema\/logo\/image\/\",\"url\":\"https:\/\/www.eslebedasauto.at\/wp-content\/uploads\/2025\/10\/eldarund.png\",\"contentUrl\":\"https:\/\/www.eslebedasauto.at\/wp-content\/uploads\/2025\/10\/eldarund.png\",\"width\":1024,\"height\":1024,\"caption\":\"eslebedasauto\"},\"image\":{\"@id\":\"https:\/\/www.eslebedasauto.at\/#\/schema\/logo\/image\/\"},\"sameAs\":[\"https:\/\/www.facebook.com\/eslebedasauto.at\",\"https:\/\/www.instagram.com\/es_lebe_das_auto\/\"]},{\"@type\":\"Person\",\"@id\":\"https:\/\/www.eslebedasauto.at\/#\/schema\/person\/fb81218b0bed500d225ff518f9f17033\",\"name\":\"gerhard\",\"url\":\"https:\/\/www.eslebedasauto.at\/en\/author\/gerhard\/\"}]}<\/script>\n<!-- \/ Yoast SEO plugin. -->","yoast_head_json":{"title":"Alfa Romeo Junior Veloce - Charakterkopf auf vier R\u00e4dern - Es lebe das Auto","description":"Der neue Alfa Romeo Junior Speciale mit 280 PS ist nicht einfach ein weiteres Elektroauto \u2013 er ist auch eine fahrdynamische Kampfansage.","robots":{"index":"index","follow":"follow","max-snippet":"max-snippet:-1","max-image-preview":"max-image-preview:large","max-video-preview":"max-video-preview:-1"},"canonical":"https:\/\/www.eslebedasauto.at\/en\/alfa-romeo-junior-speciale-test\/","og_locale":"en_GB","og_type":"article","og_title":"Alfa Romeo Junior Veloce - Charakterkopf auf vier R\u00e4dern - Es lebe das Auto","og_description":"Der neue Alfa Romeo Junior Speciale mit 280 PS ist nicht einfach ein weiteres Elektroauto \u2013 er ist auch eine fahrdynamische Kampfansage.","og_url":"https:\/\/www.eslebedasauto.at\/en\/alfa-romeo-junior-speciale-test\/","og_site_name":"Es lebe das Auto","article_publisher":"https:\/\/www.facebook.com\/eslebedasauto.at","article_published_time":"2025-07-07T14:23:23+00:00","article_modified_time":"2025-07-07T14:25:00+00:00","og_image":[{"width":2048,"height":1536,"url":"https:\/\/www.eslebedasauto.at\/wp-content\/uploads\/2025\/07\/IMG_2759.jpeg","type":"image\/jpeg"}],"author":"gerhard","twitter_card":"summary_large_image","twitter_misc":{"Written by":"gerhard","Estimated reading time":"5 minutes"},"schema":{"@context":"https:\/\/schema.org","@graph":[{"@type":"Article","@id":"https:\/\/www.eslebedasauto.at\/alfa-romeo-junior-speciale-test\/#article","isPartOf":{"@id":"https:\/\/www.eslebedasauto.at\/alfa-romeo-junior-speciale-test\/"},"author":{"name":"gerhard","@id":"https:\/\/www.eslebedasauto.at\/#\/schema\/person\/fb81218b0bed500d225ff518f9f17033"},"headline":"Alfa Romeo Junior Veloce &#8211; Charakterkopf auf vier R\u00e4dern","datePublished":"2025-07-07T14:23:23+00:00","dateModified":"2025-07-07T14:25:00+00:00","mainEntityOfPage":{"@id":"https:\/\/www.eslebedasauto.at\/alfa-romeo-junior-speciale-test\/"},"wordCount":432,"commentCount":0,"publisher":{"@id":"https:\/\/www.eslebedasauto.at\/#organization"},"image":{"@id":"https:\/\/www.eslebedasauto.at\/alfa-romeo-junior-speciale-test\/#primaryimage"},"thumbnailUrl":"https:\/\/www.eslebedasauto.at\/wp-content\/uploads\/2025\/07\/IMG_2759.jpeg","articleSection":["Electrofun","Fahrberichte"],"inLanguage":"en-GB","potentialAction":[{"@type":"CommentAction","name":"Comment","target":["https:\/\/www.eslebedasauto.at\/alfa-romeo-junior-speciale-test\/#respond"]}]},{"@type":"WebPage","@id":"https:\/\/www.eslebedasauto.at\/alfa-romeo-junior-speciale-test\/","url":"https:\/\/www.eslebedasauto.at\/alfa-romeo-junior-speciale-test\/","name":"Alfa Romeo Junior Veloce - Charakterkopf auf vier R\u00e4dern - Es lebe das Auto","isPartOf":{"@id":"https:\/\/www.eslebedasauto.at\/#website"},"primaryImageOfPage":{"@id":"https:\/\/www.eslebedasauto.at\/alfa-romeo-junior-speciale-test\/#primaryimage"},"image":{"@id":"https:\/\/www.eslebedasauto.at\/alfa-romeo-junior-speciale-test\/#primaryimage"},"thumbnailUrl":"https:\/\/www.eslebedasauto.at\/wp-content\/uploads\/2025\/07\/IMG_2759.jpeg","datePublished":"2025-07-07T14:23:23+00:00","dateModified":"2025-07-07T14:25:00+00:00","description":"Der neue Alfa Romeo Junior Speciale mit 280 PS ist nicht einfach ein weiteres Elektroauto \u2013 er ist auch eine fahrdynamische Kampfansage.","breadcrumb":{"@id":"https:\/\/www.eslebedasauto.at\/alfa-romeo-junior-speciale-test\/#breadcrumb"},"inLanguage":"en-GB","potentialAction":[{"@type":"ReadAction","target":["https:\/\/www.eslebedasauto.at\/alfa-romeo-junior-speciale-test\/"]}]},{"@type":"ImageObject","inLanguage":"en-GB","@id":"https:\/\/www.eslebedasauto.at\/alfa-romeo-junior-speciale-test\/#primaryimage","url":"https:\/\/www.eslebedasauto.at\/wp-content\/uploads\/2025\/07\/IMG_2759.jpeg","contentUrl":"https:\/\/www.eslebedasauto.at\/wp-content\/uploads\/2025\/07\/IMG_2759.jpeg","width":2048,"height":1536},{"@type":"BreadcrumbList","@id":"https:\/\/www.eslebedasauto.at\/alfa-romeo-junior-speciale-test\/#breadcrumb","itemListElement":[{"@type":"ListItem","position":1,"name":"Startseite","item":"https:\/\/www.eslebedasauto.at\/"},{"@type":"ListItem","position":2,"name":"Alfa Romeo Junior Veloce &#8211; Charakterkopf auf vier R\u00e4dern"}]},{"@type":"WebSite","@id":"https:\/\/www.eslebedasauto.at\/#website","url":"https:\/\/www.eslebedasauto.at\/","name":"Es lebe das Auto","description":"ein Hoch auf den Individualverkehr","publisher":{"@id":"https:\/\/www.eslebedasauto.at\/#organization"},"potentialAction":[{"@type":"SearchAction","target":{"@type":"EntryPoint","urlTemplate":"https:\/\/www.eslebedasauto.at\/?s={search_term_string}"},"query-input":{"@type":"PropertyValueSpecification","valueRequired":true,"valueName":"search_term_string"}}],"inLanguage":"en-GB"},{"@type":"Organization","@id":"https:\/\/www.eslebedasauto.at\/#organization","name":"eslebedasauto","url":"https:\/\/www.eslebedasauto.at\/","logo":{"@type":"ImageObject","inLanguage":"en-GB","@id":"https:\/\/www.eslebedasauto.at\/#\/schema\/logo\/image\/","url":"https:\/\/www.eslebedasauto.at\/wp-content\/uploads\/2025\/10\/eldarund.png","contentUrl":"https:\/\/www.eslebedasauto.at\/wp-content\/uploads\/2025\/10\/eldarund.png","width":1024,"height":1024,"caption":"eslebedasauto"},"image":{"@id":"https:\/\/www.eslebedasauto.at\/#\/schema\/logo\/image\/"},"sameAs":["https:\/\/www.facebook.com\/eslebedasauto.at","https:\/\/www.instagram.com\/es_lebe_das_auto\/"]},{"@type":"Person","@id":"https:\/\/www.eslebedasauto.at\/#\/schema\/person\/fb81218b0bed500d225ff518f9f17033","name":"gerhard","url":"https:\/\/www.eslebedasauto.at\/en\/author\/gerhard\/"}]}},"_links":{"self":[{"href":"https:\/\/www.eslebedasauto.at\/en\/wp-json\/wp\/v2\/posts\/99481","targetHints":{"allow":["GET"]}}],"collection":[{"href":"https:\/\/www.eslebedasauto.at\/en\/wp-json\/wp\/v2\/posts"}],"about":[{"href":"https:\/\/www.eslebedasauto.at\/en\/wp-json\/wp\/v2\/types\/post"}],"author":[{"embeddable":true,"href":"https:\/\/www.eslebedasauto.at\/en\/wp-json\/wp\/v2\/users\/2"}],"replies":[{"embeddable":true,"href":"https:\/\/www.eslebedasauto.at\/en\/wp-json\/wp\/v2\/comments?post=99481"}],"version-history":[{"count":3,"href":"https:\/\/www.eslebedasauto.at\/en\/wp-json\/wp\/v2\/posts\/99481\/revisions"}],"predecessor-version":[{"id":99499,"href":"https:\/\/www.eslebedasauto.at\/en\/wp-json\/wp\/v2\/posts\/99481\/revisions\/99499"}],"wp:featuredmedia":[{"embeddable":true,"href":"https:\/\/www.eslebedasauto.at\/en\/wp-json\/wp\/v2\/media\/99486"}],"wp:attachment":[{"href":"https:\/\/www.eslebedasauto.at\/en\/wp-json\/wp\/v2\/media?parent=99481"}],"wp:term":[{"taxonomy":"category","embeddable":true,"href":"https:\/\/www.eslebedasauto.at\/en\/wp-json\/wp\/v2\/categories?post=99481"},{"taxonomy":"post_tag","embeddable":true,"href":"https:\/\/www.eslebedasauto.at\/en\/wp-json\/wp\/v2\/tags?post=99481"}],"curies":[{"name":"wp","href":"https:\/\/api.w.org\/{rel}","templated":true}]}}