{"id":99102,"date":"2025-06-03T08:44:11","date_gmt":"2025-06-03T06:44:11","guid":{"rendered":"https:\/\/www.eslebedasauto.at\/?p=99102"},"modified":"2025-06-03T08:45:22","modified_gmt":"2025-06-03T06:45:22","slug":"opel-grandland-2025-im-test-ein-echter-aufsteiger-mit-anspruch","status":"publish","type":"post","link":"https:\/\/www.eslebedasauto.at\/en\/opel-grandland-2025-im-test-ein-echter-aufsteiger-mit-anspruch\/","title":{"rendered":"Opel Grandland 2025 im Test \u2013 Ein echter Aufsteiger mit Anspruch"},"content":{"rendered":"<h2 id=\"der-neue-anspruch-eines-alten-bekannten\" class=\"wp-block-heading\"><strong>Der neue Anspruch eines alten Bekannten<\/strong><\/h2>\n\n\n\n<p>Es gibt Fahrzeuge, die einem sofort ins Auge springen \u2013 und es gibt solche, die bei genauerem Hinsehen umso mehr \u00fcberraschen. Der neue <strong>Opel Grandland<\/strong>, den wir als Redaktion von <em>eslebedasauto<\/em> in der <strong>Edition Mildhybrid-Version<\/strong> testen durften, schafft beides: Erst f\u00e4llt er durch sein gewachsenes, kraftvoll modelliertes \u00c4u\u00dferes auf \u2013 dann durch das beeindruckende Preis-Leistungs-Verh\u00e4ltnis, seine Technik und den neuen Fahrkomfort. Opel hat den Grandland f\u00fcr das Modelljahr 2025 sp\u00fcrbar erwachsen werden lassen \u2013 und gibt damit eine selbstbewusste Antwort auf SUV-Konkurrenz aus Frankreich, Korea oder sogar aus dem eigenen Konzern.<br><\/p>\n\n\n\n<figure class=\"wp-block-gallery has-nested-images columns-2 is-cropped wp-block-gallery-1 is-layout-flex wp-block-gallery-is-layout-flex\">\n<figure class=\"wp-block-image\"><img fetchpriority=\"high\" decoding=\"async\" width=\"2560\" height=\"1440\" data-id=\"99069\" src=\"https:\/\/www.eslebedasauto.at\/wp-content\/uploads\/2025\/06\/IMG_1594-scaled.jpg\" alt=\"\" class=\"wp-image-99069\" srcset=\"https:\/\/www.eslebedasauto.at\/wp-content\/uploads\/2025\/06\/IMG_1594-scaled.jpg 2560w, https:\/\/www.eslebedasauto.at\/wp-content\/uploads\/2025\/06\/IMG_1594-300x169.jpg 300w, https:\/\/www.eslebedasauto.at\/wp-content\/uploads\/2025\/06\/IMG_1594-1024x576.jpg 1024w, https:\/\/www.eslebedasauto.at\/wp-content\/uploads\/2025\/06\/IMG_1594-768x432.jpg 768w, https:\/\/www.eslebedasauto.at\/wp-content\/uploads\/2025\/06\/IMG_1594-1536x864.jpg 1536w, https:\/\/www.eslebedasauto.at\/wp-content\/uploads\/2025\/06\/IMG_1594-2048x1152.jpg 2048w\" sizes=\"(max-width: 2560px) 100vw, 2560px\" \/><\/figure>\n\n\n\n<figure class=\"wp-block-image\"><img decoding=\"async\" width=\"1440\" height=\"2560\" data-id=\"99073\" src=\"https:\/\/www.eslebedasauto.at\/wp-content\/uploads\/2025\/06\/IMG_1598-scaled.jpg\" alt=\"\" class=\"wp-image-99073\" srcset=\"https:\/\/www.eslebedasauto.at\/wp-content\/uploads\/2025\/06\/IMG_1598-scaled.jpg 1440w, https:\/\/www.eslebedasauto.at\/wp-content\/uploads\/2025\/06\/IMG_1598-169x300.jpg 169w, https:\/\/www.eslebedasauto.at\/wp-content\/uploads\/2025\/06\/IMG_1598-576x1024.jpg 576w, https:\/\/www.eslebedasauto.at\/wp-content\/uploads\/2025\/06\/IMG_1598-768x1365.jpg 768w, https:\/\/www.eslebedasauto.at\/wp-content\/uploads\/2025\/06\/IMG_1598-864x1536.jpg 864w, https:\/\/www.eslebedasauto.at\/wp-content\/uploads\/2025\/06\/IMG_1598-1152x2048.jpg 1152w\" sizes=\"(max-width: 1440px) 100vw, 1440px\" \/><\/figure>\n\n\n\n<figure class=\"wp-block-image\"><img decoding=\"async\" width=\"2560\" height=\"1440\" data-id=\"99072\" src=\"https:\/\/www.eslebedasauto.at\/wp-content\/uploads\/2025\/06\/IMG_1597-scaled.jpg\" alt=\"\" class=\"wp-image-99072\" srcset=\"https:\/\/www.eslebedasauto.at\/wp-content\/uploads\/2025\/06\/IMG_1597-scaled.jpg 2560w, https:\/\/www.eslebedasauto.at\/wp-content\/uploads\/2025\/06\/IMG_1597-300x169.jpg 300w, https:\/\/www.eslebedasauto.at\/wp-content\/uploads\/2025\/06\/IMG_1597-1024x576.jpg 1024w, https:\/\/www.eslebedasauto.at\/wp-content\/uploads\/2025\/06\/IMG_1597-768x432.jpg 768w, https:\/\/www.eslebedasauto.at\/wp-content\/uploads\/2025\/06\/IMG_1597-1536x864.jpg 1536w, https:\/\/www.eslebedasauto.at\/wp-content\/uploads\/2025\/06\/IMG_1597-2048x1152.jpg 2048w\" sizes=\"(max-width: 2560px) 100vw, 2560px\" \/><\/figure>\n\n\n\n<figure class=\"wp-block-image\"><img loading=\"lazy\" decoding=\"async\" width=\"1440\" height=\"2560\" data-id=\"99083\" src=\"https:\/\/www.eslebedasauto.at\/wp-content\/uploads\/2025\/06\/IMG_1608-scaled.jpg\" alt=\"\" class=\"wp-image-99083\" srcset=\"https:\/\/www.eslebedasauto.at\/wp-content\/uploads\/2025\/06\/IMG_1608-scaled.jpg 1440w, https:\/\/www.eslebedasauto.at\/wp-content\/uploads\/2025\/06\/IMG_1608-169x300.jpg 169w, https:\/\/www.eslebedasauto.at\/wp-content\/uploads\/2025\/06\/IMG_1608-576x1024.jpg 576w, https:\/\/www.eslebedasauto.at\/wp-content\/uploads\/2025\/06\/IMG_1608-768x1365.jpg 768w, https:\/\/www.eslebedasauto.at\/wp-content\/uploads\/2025\/06\/IMG_1608-864x1536.jpg 864w, https:\/\/www.eslebedasauto.at\/wp-content\/uploads\/2025\/06\/IMG_1608-1152x2048.jpg 1152w\" sizes=\"(max-width: 1440px) 100vw, 1440px\" \/><\/figure>\n\n\n\n<figure class=\"wp-block-image\"><img loading=\"lazy\" decoding=\"async\" width=\"2560\" height=\"1440\" data-id=\"99071\" src=\"https:\/\/www.eslebedasauto.at\/wp-content\/uploads\/2025\/06\/IMG_1596-scaled.jpg\" alt=\"\" class=\"wp-image-99071\" srcset=\"https:\/\/www.eslebedasauto.at\/wp-content\/uploads\/2025\/06\/IMG_1596-scaled.jpg 2560w, https:\/\/www.eslebedasauto.at\/wp-content\/uploads\/2025\/06\/IMG_1596-300x169.jpg 300w, https:\/\/www.eslebedasauto.at\/wp-content\/uploads\/2025\/06\/IMG_1596-1024x576.jpg 1024w, https:\/\/www.eslebedasauto.at\/wp-content\/uploads\/2025\/06\/IMG_1596-768x432.jpg 768w, https:\/\/www.eslebedasauto.at\/wp-content\/uploads\/2025\/06\/IMG_1596-1536x864.jpg 1536w, https:\/\/www.eslebedasauto.at\/wp-content\/uploads\/2025\/06\/IMG_1596-2048x1152.jpg 2048w\" sizes=\"(max-width: 2560px) 100vw, 2560px\" \/><\/figure>\n<\/figure>\n\n\n\n<p><\/p>\n\n\n\n<h2 id=\"design-mut-zur-grose-und-kante\" class=\"wp-block-heading\"><strong>Design: Mut zur Gr\u00f6\u00dfe und Kante<\/strong><\/h2>\n\n\n\n<p>Mit einer <strong>L\u00e4nge von 4,65 Metern<\/strong>, einer <strong>Breite von \u00fcber zwei Metern (inkl. Spiegel)<\/strong> und einem <strong>Radstand von knapp 2,79 Metern<\/strong> ist der neue Grandland alles andere als ein Kompakt-SUV alter Schule.<br><br>Seine Erscheinung wirkt jetzt satt, modern und europ\u00e4isch klar. Der \u201eOpel Vizor\u201c \u2013 die markante, durchgehende Frontmaske \u2013 verleiht dem Gesicht des Fahrzeugs eine durchgehende Lichtsignatur und Wiedererkennbarkeit. Auch das Heck \u00fcberzeugt durch den integrierten Schriftzug GRANDLAND und dem integrierten Schriftzug OPEL, der dank LED Technologie in einem sch\u00f6nen Rotton erstrahlt.<\/p>\n\n\n\n<p>Das kantige, markant modellierte Blechkleid steht ihm ausgezeichnet. Die getestete Edition-Version kommt mit <strong>19-Zoll-Leichtmetallfelgen in Anthra-Grau<\/strong>, lackierten Sto\u00dff\u00e4ngern, schwarz abgesetztem Dach und muskul\u00f6s gezeichneten Radh\u00e4usern. Das wirkt stimmig und durchaus sportlich \u2013 ohne in aufgesetzte Aggressivit\u00e4t zu verfallen.<\/p>\n\n\n\n<p>Auch in Sachen Aerodynamik hat Opel sp\u00fcrbar nachgelegt \u2013 die Windger\u00e4usche auf der Autobahn sind im Vergleich zum Vorg\u00e4nger deutlich reduziert. Kein Wunder: Das <strong>Dach verl\u00e4uft flacher<\/strong>, die A-S\u00e4ulen sind windschnittiger und die Form der R\u00fccklichter ist wie aus einem Guss ins Heck integriert.<\/p>\n\n\n\n<h2 id=\"innenraum-willkommen-im-digital-zeitalter\" class=\"wp-block-heading\"><strong>Innenraum: Willkommen im Digital-Zeitalter<\/strong><\/h2>\n\n\n\n<p>Schon beim \u00d6ffnen der T\u00fcren \u00fcberrascht der Grandland mit einem Cockpit, das sich klar vom Vorg\u00e4nger abhebt. Die <strong>Multimedia-Einheit mit 10-Zoll-Touchscreen und 10-Zoll-Fahrerinfodisplay<\/strong> geh\u00f6rt zur Serienausstattung<\/p>\n\n\n\n<p>Das sogenannte \u201ePure Panel\u201c pr\u00e4sentiert sich aufger\u00e4umt, klar strukturiert und ergonomisch durchdacht. \u00dcber Apple CarPlay und Android Auto lassen sich Smartphones kabellos integrieren \u2013 das hat im Test zuverl\u00e4ssig funktioniert.<\/p>\n\n\n\n<p>Die Sitze verdienen ein Extra-Lob: Opel stattet bereits die Edition mit <strong>Intelli-Sitzen aus Stoff und recyceltem Material<\/strong> aus \u2013 samt Ergonomie-Feature zur Entlastung des Stei\u00dfbeins. Sie sind vielfach einstellbar, bieten Seitenhalt und auch auf l\u00e4ngeren Strecken angenehmen Komfort.<\/p>\n\n\n\n<figure class=\"wp-block-gallery has-nested-images columns-2 is-cropped wp-block-gallery-2 is-layout-flex wp-block-gallery-is-layout-flex\">\n<figure class=\"wp-block-image size-large\"><a href=\"https:\/\/www.eslebedasauto.at\/wp-content\/uploads\/2025\/06\/IMG_1615-scaled.jpg\"><img loading=\"lazy\" decoding=\"async\" width=\"576\" height=\"1024\" data-id=\"99090\" src=\"https:\/\/www.eslebedasauto.at\/wp-content\/uploads\/2025\/06\/IMG_1615-576x1024.jpg\" alt=\"\" class=\"wp-image-99090\" srcset=\"https:\/\/www.eslebedasauto.at\/wp-content\/uploads\/2025\/06\/IMG_1615-576x1024.jpg 576w, https:\/\/www.eslebedasauto.at\/wp-content\/uploads\/2025\/06\/IMG_1615-169x300.jpg 169w, https:\/\/www.eslebedasauto.at\/wp-content\/uploads\/2025\/06\/IMG_1615-768x1365.jpg 768w, https:\/\/www.eslebedasauto.at\/wp-content\/uploads\/2025\/06\/IMG_1615-864x1536.jpg 864w, https:\/\/www.eslebedasauto.at\/wp-content\/uploads\/2025\/06\/IMG_1615-1152x2048.jpg 1152w, https:\/\/www.eslebedasauto.at\/wp-content\/uploads\/2025\/06\/IMG_1615-scaled.jpg 1440w\" sizes=\"(max-width: 576px) 100vw, 576px\" \/><\/a><\/figure>\n\n\n\n<figure class=\"wp-block-image size-large\"><a href=\"https:\/\/www.eslebedasauto.at\/wp-content\/uploads\/2025\/06\/IMG_1621-scaled.jpg\"><img loading=\"lazy\" decoding=\"async\" width=\"1024\" height=\"576\" data-id=\"99096\" src=\"https:\/\/www.eslebedasauto.at\/wp-content\/uploads\/2025\/06\/IMG_1621-1024x576.jpg\" alt=\"\" class=\"wp-image-99096\" srcset=\"https:\/\/www.eslebedasauto.at\/wp-content\/uploads\/2025\/06\/IMG_1621-1024x576.jpg 1024w, https:\/\/www.eslebedasauto.at\/wp-content\/uploads\/2025\/06\/IMG_1621-300x169.jpg 300w, https:\/\/www.eslebedasauto.at\/wp-content\/uploads\/2025\/06\/IMG_1621-768x432.jpg 768w, https:\/\/www.eslebedasauto.at\/wp-content\/uploads\/2025\/06\/IMG_1621-1536x864.jpg 1536w, https:\/\/www.eslebedasauto.at\/wp-content\/uploads\/2025\/06\/IMG_1621-2048x1152.jpg 2048w\" sizes=\"(max-width: 1024px) 100vw, 1024px\" \/><\/a><\/figure>\n\n\n\n<figure class=\"wp-block-image size-large\"><a href=\"https:\/\/www.eslebedasauto.at\/wp-content\/uploads\/2025\/06\/IMG_1622-scaled.jpg\"><img loading=\"lazy\" decoding=\"async\" width=\"576\" height=\"1024\" data-id=\"99097\" src=\"https:\/\/www.eslebedasauto.at\/wp-content\/uploads\/2025\/06\/IMG_1622-576x1024.jpg\" alt=\"\" class=\"wp-image-99097\" srcset=\"https:\/\/www.eslebedasauto.at\/wp-content\/uploads\/2025\/06\/IMG_1622-576x1024.jpg 576w, https:\/\/www.eslebedasauto.at\/wp-content\/uploads\/2025\/06\/IMG_1622-169x300.jpg 169w, https:\/\/www.eslebedasauto.at\/wp-content\/uploads\/2025\/06\/IMG_1622-768x1365.jpg 768w, https:\/\/www.eslebedasauto.at\/wp-content\/uploads\/2025\/06\/IMG_1622-864x1536.jpg 864w, https:\/\/www.eslebedasauto.at\/wp-content\/uploads\/2025\/06\/IMG_1622-1152x2048.jpg 1152w, https:\/\/www.eslebedasauto.at\/wp-content\/uploads\/2025\/06\/IMG_1622-scaled.jpg 1440w\" sizes=\"(max-width: 576px) 100vw, 576px\" \/><\/a><\/figure>\n\n\n\n<figure class=\"wp-block-image size-large\"><a href=\"https:\/\/www.eslebedasauto.at\/wp-content\/uploads\/2025\/06\/IMG_1623-scaled.jpg\"><img loading=\"lazy\" decoding=\"async\" width=\"576\" height=\"1024\" data-id=\"99098\" src=\"https:\/\/www.eslebedasauto.at\/wp-content\/uploads\/2025\/06\/IMG_1623-576x1024.jpg\" alt=\"\" class=\"wp-image-99098\" srcset=\"https:\/\/www.eslebedasauto.at\/wp-content\/uploads\/2025\/06\/IMG_1623-576x1024.jpg 576w, https:\/\/www.eslebedasauto.at\/wp-content\/uploads\/2025\/06\/IMG_1623-169x300.jpg 169w, https:\/\/www.eslebedasauto.at\/wp-content\/uploads\/2025\/06\/IMG_1623-768x1365.jpg 768w, https:\/\/www.eslebedasauto.at\/wp-content\/uploads\/2025\/06\/IMG_1623-864x1536.jpg 864w, https:\/\/www.eslebedasauto.at\/wp-content\/uploads\/2025\/06\/IMG_1623-1152x2048.jpg 1152w, https:\/\/www.eslebedasauto.at\/wp-content\/uploads\/2025\/06\/IMG_1623-scaled.jpg 1440w\" sizes=\"(max-width: 576px) 100vw, 576px\" \/><\/a><\/figure>\n\n\n\n<figure class=\"wp-block-image size-large\"><a href=\"https:\/\/www.eslebedasauto.at\/wp-content\/uploads\/2025\/06\/IMG_1624-scaled.jpg\"><img loading=\"lazy\" decoding=\"async\" width=\"576\" height=\"1024\" data-id=\"99099\" src=\"https:\/\/www.eslebedasauto.at\/wp-content\/uploads\/2025\/06\/IMG_1624-576x1024.jpg\" alt=\"\" class=\"wp-image-99099\" srcset=\"https:\/\/www.eslebedasauto.at\/wp-content\/uploads\/2025\/06\/IMG_1624-576x1024.jpg 576w, https:\/\/www.eslebedasauto.at\/wp-content\/uploads\/2025\/06\/IMG_1624-169x300.jpg 169w, https:\/\/www.eslebedasauto.at\/wp-content\/uploads\/2025\/06\/IMG_1624-768x1365.jpg 768w, https:\/\/www.eslebedasauto.at\/wp-content\/uploads\/2025\/06\/IMG_1624-864x1536.jpg 864w, https:\/\/www.eslebedasauto.at\/wp-content\/uploads\/2025\/06\/IMG_1624-1152x2048.jpg 1152w, https:\/\/www.eslebedasauto.at\/wp-content\/uploads\/2025\/06\/IMG_1624-scaled.jpg 1440w\" sizes=\"(max-width: 576px) 100vw, 576px\" \/><\/a><\/figure>\n\n\n\n<figure class=\"wp-block-image size-large\"><a href=\"https:\/\/www.eslebedasauto.at\/wp-content\/uploads\/2025\/06\/IMG_1625-scaled.jpg\"><img loading=\"lazy\" decoding=\"async\" width=\"1024\" height=\"576\" data-id=\"99100\" src=\"https:\/\/www.eslebedasauto.at\/wp-content\/uploads\/2025\/06\/IMG_1625-1024x576.jpg\" alt=\"\" class=\"wp-image-99100\" srcset=\"https:\/\/www.eslebedasauto.at\/wp-content\/uploads\/2025\/06\/IMG_1625-1024x576.jpg 1024w, https:\/\/www.eslebedasauto.at\/wp-content\/uploads\/2025\/06\/IMG_1625-300x169.jpg 300w, https:\/\/www.eslebedasauto.at\/wp-content\/uploads\/2025\/06\/IMG_1625-768x432.jpg 768w, https:\/\/www.eslebedasauto.at\/wp-content\/uploads\/2025\/06\/IMG_1625-1536x864.jpg 1536w, https:\/\/www.eslebedasauto.at\/wp-content\/uploads\/2025\/06\/IMG_1625-2048x1152.jpg 2048w\" sizes=\"(max-width: 1024px) 100vw, 1024px\" \/><\/a><\/figure>\n\n\n\n<figure class=\"wp-block-image size-large\"><a href=\"https:\/\/www.eslebedasauto.at\/wp-content\/uploads\/2025\/06\/IMG_1626-scaled.jpg\"><img loading=\"lazy\" decoding=\"async\" width=\"1024\" height=\"576\" data-id=\"99101\" src=\"https:\/\/www.eslebedasauto.at\/wp-content\/uploads\/2025\/06\/IMG_1626-1024x576.jpg\" alt=\"\" class=\"wp-image-99101\" srcset=\"https:\/\/www.eslebedasauto.at\/wp-content\/uploads\/2025\/06\/IMG_1626-1024x576.jpg 1024w, https:\/\/www.eslebedasauto.at\/wp-content\/uploads\/2025\/06\/IMG_1626-300x169.jpg 300w, https:\/\/www.eslebedasauto.at\/wp-content\/uploads\/2025\/06\/IMG_1626-768x432.jpg 768w, https:\/\/www.eslebedasauto.at\/wp-content\/uploads\/2025\/06\/IMG_1626-1536x864.jpg 1536w, https:\/\/www.eslebedasauto.at\/wp-content\/uploads\/2025\/06\/IMG_1626-2048x1152.jpg 2048w\" sizes=\"(max-width: 1024px) 100vw, 1024px\" \/><\/a><\/figure>\n\n\n\n<figure class=\"wp-block-image size-large\"><a href=\"https:\/\/www.eslebedasauto.at\/wp-content\/uploads\/2025\/06\/IMG_1614-scaled.jpg\"><img loading=\"lazy\" decoding=\"async\" width=\"1024\" height=\"576\" data-id=\"99089\" src=\"https:\/\/www.eslebedasauto.at\/wp-content\/uploads\/2025\/06\/IMG_1614-1024x576.jpg\" alt=\"\" class=\"wp-image-99089\" srcset=\"https:\/\/www.eslebedasauto.at\/wp-content\/uploads\/2025\/06\/IMG_1614-1024x576.jpg 1024w, https:\/\/www.eslebedasauto.at\/wp-content\/uploads\/2025\/06\/IMG_1614-300x169.jpg 300w, https:\/\/www.eslebedasauto.at\/wp-content\/uploads\/2025\/06\/IMG_1614-768x432.jpg 768w, https:\/\/www.eslebedasauto.at\/wp-content\/uploads\/2025\/06\/IMG_1614-1536x864.jpg 1536w, https:\/\/www.eslebedasauto.at\/wp-content\/uploads\/2025\/06\/IMG_1614-2048x1152.jpg 2048w\" sizes=\"(max-width: 1024px) 100vw, 1024px\" \/><\/a><\/figure>\n\n\n\n<figure class=\"wp-block-image size-large\"><a href=\"https:\/\/www.eslebedasauto.at\/wp-content\/uploads\/2025\/06\/IMG_1612-scaled.jpg\"><img loading=\"lazy\" decoding=\"async\" width=\"1024\" height=\"576\" data-id=\"99087\" src=\"https:\/\/www.eslebedasauto.at\/wp-content\/uploads\/2025\/06\/IMG_1612-1024x576.jpg\" alt=\"\" class=\"wp-image-99087\" srcset=\"https:\/\/www.eslebedasauto.at\/wp-content\/uploads\/2025\/06\/IMG_1612-1024x576.jpg 1024w, https:\/\/www.eslebedasauto.at\/wp-content\/uploads\/2025\/06\/IMG_1612-300x169.jpg 300w, https:\/\/www.eslebedasauto.at\/wp-content\/uploads\/2025\/06\/IMG_1612-768x432.jpg 768w, https:\/\/www.eslebedasauto.at\/wp-content\/uploads\/2025\/06\/IMG_1612-1536x864.jpg 1536w, https:\/\/www.eslebedasauto.at\/wp-content\/uploads\/2025\/06\/IMG_1612-2048x1152.jpg 2048w\" sizes=\"(max-width: 1024px) 100vw, 1024px\" \/><\/a><\/figure>\n<\/figure>\n\n\n\n<p><\/p>\n\n\n\n<p>Der Fond ist gro\u00dfz\u00fcgig: Erwachsene sitzen hinten luftig, auch zu dritt. Dazu ein Kofferraumvolumen von <strong>550 bis 1.641 Litern<\/strong> \u2013 das reicht f\u00fcr Urlaub, Alltag oder Freizeit gleicherma\u00dfen. Lobenswert: Der Grandland bietet trotz fairer Preisgestaltung viele Komfortdetails serienm\u00e4\u00dfig \u2013 etwa eine <strong>2-Zonen-Klimaanlage<\/strong>, schl\u00fcsselloses Zugangssystem, elektrisch anklappbare Spiegel, LED-Innenbeleuchtung und Ambientelicht.<\/p>\n\n\n\n<h2 id=\"motor-und-fahreindruck-mildhybrid-mit-souveranem-charakter\" class=\"wp-block-heading\"><strong>Motor und Fahreindruck: Mildhybrid mit souver\u00e4nem Charakter<\/strong><\/h2>\n\n\n\n<p>Unsere Testversion war der <strong>Mildhybrid 1.2 Direct Injection Turbo mit 145 PS<\/strong>, gekoppelt an ein <strong>6-Gang-Doppelkupplungsgetriebe<\/strong>. Der Dreizylinder leistet <strong>107 kW (145 PS)<\/strong> bei 5.500 U\/min und liefert ein maximales Drehmoment von <strong>230 Nm ab 1.750 U\/min<\/strong>. Unterst\u00fctzt wird er von einem 21-kW-Elektromotor, der f\u00fcr zus\u00e4tzliche Effizienz und einen sanften Start sorgt \u2013 ideal im Stop-and-Go-Verkehr.<\/p>\n\n\n\n<p>Auf der Stra\u00dfe \u00fcberzeugt der Antrieb mit \u00fcberraschend spritziger Dynamik: <strong>0 auf 100 km\/h in 10,2 Sekunden<\/strong> ist kein Sportwagenwert, aber absolut ausreichend f\u00fcr den Alltag. Die <strong>H\u00f6chstgeschwindigkeit liegt bei 202 km\/h<\/strong>, wobei der Grandland auf der Autobahn angenehm leise und ruhig bleibt.<br>Der Verbrauch liegt laut WLTP bei <strong>5,5 bis 5,6 Litern pro 100 km<\/strong> \u2013 im Praxistest kamen wir auf Werte um die <strong>6,2 Liter<\/strong>, was f\u00fcr ein Fahrzeug dieser Gr\u00f6\u00dfe und Gewichtsklasse respektabel ist.<\/p>\n\n\n\n<p>Das <strong>Fahrwerk mit adaptiver D\u00e4mpfung (FSD)<\/strong> zeigt sich in allen Situationen souver\u00e4n: Es filtert Querfugen sauber weg, bleibt in Kurven stabil und l\u00e4sst sich in verschiedenen Modi (Normal\/ECO\/Sport) anpassen. Besonders im Sport-Modus agiert der Grandland erstaunlich direkt und agil, ohne unkomfortabel zu wirken.<\/p>\n\n\n\n<h2 id=\"ausstattung-technik-viel-auto-furs-geld\" class=\"wp-block-heading\"><strong>Ausstattung &amp; Technik: Viel Auto f\u00fcrs Geld<\/strong><\/h2>\n\n\n\n<p>Opel bietet den Grandland in mehreren Varianten an \u2013 unsere getestete <strong>Edition Mildhybrid<\/strong> startet bei rund <strong>\u20ac<\/strong> <strong>37.125 Euro brutto<\/strong>. Das Preis-Leistungs-Verh\u00e4ltnis ist exzellent, wenn man sich die Serienausstattung ansieht:<\/p>\n\n\n\n<ul class=\"wp-block-list\">\n<li>LED-Scheinwerfer &amp; LED-R\u00fcckleuchten<\/li>\n\n\n\n<li>umfangreiche Sicherheitsassistenten: Frontkollisionswarner, Spurhalteassistent, Verkehrszeichenerkennung, M\u00fcdigkeitserkennung<\/li>\n\n\n\n<li>Parkpilot vorn &amp; hinten<\/li>\n\n\n\n<li>R\u00fcckfahrkamera (optional mit Waschfunktion)<\/li>\n\n\n\n<li>Fahrmodus-Wahlschalter<\/li>\n\n\n\n<li>19-Zoll-Alur\u00e4der<\/li>\n\n\n\n<li>Zwei-Zonen-Klimaautomatik<\/li>\n\n\n\n<li>Multimediasystem mit Navigation (optional)<\/li>\n<\/ul>\n\n\n\n<p>Auch technisch bietet der Grandland viele moderne Features wie das <strong>Opel Connect-System<\/strong>, <strong>kabelloses Laden<\/strong>, eine <strong>App-Steuerung per myOpel<\/strong> sowie diverse Assistenzpakete wie <strong>Totwinkelwarner, Querverkehrsassistent<\/strong> oder <strong>Head-Up-Display<\/strong> \u2013 teils gegen Aufpreis in Ausstattungspaketen.<\/p>\n\n\n\n<figure class=\"wp-block-gallery has-nested-images columns-2 is-cropped wp-block-gallery-3 is-layout-flex wp-block-gallery-is-layout-flex\">\n<figure class=\"wp-block-image size-large\"><a href=\"https:\/\/www.eslebedasauto.at\/wp-content\/uploads\/2025\/06\/IMG_1603-scaled.jpg\"><img loading=\"lazy\" decoding=\"async\" width=\"1024\" height=\"576\" data-id=\"99078\" src=\"https:\/\/www.eslebedasauto.at\/wp-content\/uploads\/2025\/06\/IMG_1603-1024x576.jpg\" alt=\"\" class=\"wp-image-99078\" srcset=\"https:\/\/www.eslebedasauto.at\/wp-content\/uploads\/2025\/06\/IMG_1603-1024x576.jpg 1024w, https:\/\/www.eslebedasauto.at\/wp-content\/uploads\/2025\/06\/IMG_1603-300x169.jpg 300w, https:\/\/www.eslebedasauto.at\/wp-content\/uploads\/2025\/06\/IMG_1603-768x432.jpg 768w, https:\/\/www.eslebedasauto.at\/wp-content\/uploads\/2025\/06\/IMG_1603-1536x864.jpg 1536w, https:\/\/www.eslebedasauto.at\/wp-content\/uploads\/2025\/06\/IMG_1603-2048x1152.jpg 2048w\" sizes=\"(max-width: 1024px) 100vw, 1024px\" \/><\/a><\/figure>\n\n\n\n<figure class=\"wp-block-image size-large\"><a href=\"https:\/\/www.eslebedasauto.at\/wp-content\/uploads\/2025\/06\/IMG_1606-scaled.jpg\"><img loading=\"lazy\" decoding=\"async\" width=\"576\" height=\"1024\" data-id=\"99081\" src=\"https:\/\/www.eslebedasauto.at\/wp-content\/uploads\/2025\/06\/IMG_1606-576x1024.jpg\" alt=\"\" class=\"wp-image-99081\" srcset=\"https:\/\/www.eslebedasauto.at\/wp-content\/uploads\/2025\/06\/IMG_1606-576x1024.jpg 576w, https:\/\/www.eslebedasauto.at\/wp-content\/uploads\/2025\/06\/IMG_1606-169x300.jpg 169w, https:\/\/www.eslebedasauto.at\/wp-content\/uploads\/2025\/06\/IMG_1606-768x1365.jpg 768w, https:\/\/www.eslebedasauto.at\/wp-content\/uploads\/2025\/06\/IMG_1606-864x1536.jpg 864w, https:\/\/www.eslebedasauto.at\/wp-content\/uploads\/2025\/06\/IMG_1606-1152x2048.jpg 1152w, https:\/\/www.eslebedasauto.at\/wp-content\/uploads\/2025\/06\/IMG_1606-scaled.jpg 1440w\" sizes=\"(max-width: 576px) 100vw, 576px\" \/><\/a><\/figure>\n\n\n\n<figure class=\"wp-block-image size-large\"><a href=\"https:\/\/www.eslebedasauto.at\/wp-content\/uploads\/2025\/06\/IMG_1600-scaled.jpg\"><img loading=\"lazy\" decoding=\"async\" width=\"576\" height=\"1024\" data-id=\"99075\" src=\"https:\/\/www.eslebedasauto.at\/wp-content\/uploads\/2025\/06\/IMG_1600-576x1024.jpg\" alt=\"\" class=\"wp-image-99075\" srcset=\"https:\/\/www.eslebedasauto.at\/wp-content\/uploads\/2025\/06\/IMG_1600-576x1024.jpg 576w, https:\/\/www.eslebedasauto.at\/wp-content\/uploads\/2025\/06\/IMG_1600-169x300.jpg 169w, https:\/\/www.eslebedasauto.at\/wp-content\/uploads\/2025\/06\/IMG_1600-768x1365.jpg 768w, https:\/\/www.eslebedasauto.at\/wp-content\/uploads\/2025\/06\/IMG_1600-864x1536.jpg 864w, https:\/\/www.eslebedasauto.at\/wp-content\/uploads\/2025\/06\/IMG_1600-1152x2048.jpg 1152w, https:\/\/www.eslebedasauto.at\/wp-content\/uploads\/2025\/06\/IMG_1600-scaled.jpg 1440w\" sizes=\"(max-width: 576px) 100vw, 576px\" \/><\/a><\/figure>\n\n\n\n<figure class=\"wp-block-image size-large\"><a href=\"https:\/\/www.eslebedasauto.at\/wp-content\/uploads\/2025\/06\/IMG_1607-scaled.jpg\"><img loading=\"lazy\" decoding=\"async\" width=\"1024\" height=\"576\" data-id=\"99082\" src=\"https:\/\/www.eslebedasauto.at\/wp-content\/uploads\/2025\/06\/IMG_1607-1024x576.jpg\" alt=\"\" class=\"wp-image-99082\" srcset=\"https:\/\/www.eslebedasauto.at\/wp-content\/uploads\/2025\/06\/IMG_1607-1024x576.jpg 1024w, https:\/\/www.eslebedasauto.at\/wp-content\/uploads\/2025\/06\/IMG_1607-300x169.jpg 300w, https:\/\/www.eslebedasauto.at\/wp-content\/uploads\/2025\/06\/IMG_1607-768x432.jpg 768w, https:\/\/www.eslebedasauto.at\/wp-content\/uploads\/2025\/06\/IMG_1607-1536x864.jpg 1536w, https:\/\/www.eslebedasauto.at\/wp-content\/uploads\/2025\/06\/IMG_1607-2048x1152.jpg 2048w\" sizes=\"(max-width: 1024px) 100vw, 1024px\" \/><\/a><\/figure>\n<\/figure>\n\n\n\n<p><\/p>\n\n\n\n<h2 id=\"fazit-der-neue-grandland-trifft-den-nerv-der-zeit\" class=\"wp-block-heading\"><strong>Fazit: Der neue Grandland trifft den Nerv der Zeit<\/strong><\/h2>\n\n\n\n<p>Der neue Opel Grandland ist mehr als nur ein Facelift seines Vorg\u00e4ngers. Er ist gr\u00f6\u00dfer, klarer, digitaler \u2013 und bleibt dennoch bezahlbar. In der getesteten Mildhybrid-Edition punktet er mit durchdachter Ausstattung, tollem Fahrkomfort und angenehmer Effizienz.<\/p>\n\n\n\n<p>Was ihn besonders auszeichnet, ist die Ausgewogenheit: Er will kein extremer Sportler sein, aber auch kein langweiliger Alltagskombi. Er trifft den Sweet Spot zwischen <strong>Vernunft, Stil und Substanz<\/strong> \u2013 und genau das macht ihn zu einer der spannendsten Neuerscheinungen im europ\u00e4ischen SUV-Segment 2025.<\/p>\n\n\n\n<p>Wer ein alltagstaugliches, komfortables und gleichzeitig modern ausgestattetes Fahrzeug sucht, sollte den neuen Grandland definitiv zur Probefahrt einladen. Besonders in der Mildhybrid-Variante bietet er ein hervorragendes Preis-Leistungs-Verh\u00e4ltnis \u2013 ein echter <em>Hidden Champion<\/em> auf vier R\u00e4dern.<\/p>","protected":false},"excerpt":{"rendered":"<p>Der neue Anspruch eines alten Bekannten Es gibt Fahrzeuge, die einem sofort ins Auge springen \u2013 und es gibt solche, die bei genauerem Hinsehen umso mehr \u00fcberraschen. Der neue Opel Grandland, den wir als Redaktion von eslebedasauto in der Edition Mildhybrid-Version testen durften, schafft beides: Erst f\u00e4llt er durch sein gewachsenes, kraftvoll modelliertes \u00c4u\u00dferes auf&hellip;&nbsp;<a href=\"https:\/\/www.eslebedasauto.at\/en\/opel-grandland-2025-im-test-ein-echter-aufsteiger-mit-anspruch\/\" rel=\"bookmark\">Read More &raquo;<span class=\"screen-reader-text\">Opel Grandland 2025 im Test \u2013 Ein echter Aufsteiger mit Anspruch<\/span><\/a><\/p>","protected":false},"author":1,"featured_media":99080,"comment_status":"open","ping_status":"open","sticky":false,"template":"","format":"standard","meta":{"neve_meta_sidebar":"","neve_meta_container":"","neve_meta_enable_content_width":"","neve_meta_content_width":0,"neve_meta_title_alignment":"","neve_meta_author_avatar":"","neve_post_elements_order":"","neve_meta_disable_header":"","neve_meta_disable_footer":"","neve_meta_disable_title":"","neve_meta_reading_time":"","footnotes":""},"categories":[1],"tags":[],"class_list":["post-99102","post","type-post","status-publish","format-standard","has-post-thumbnail","hentry","category-allgemein"],"yoast_head":"<!-- This site is optimized with the Yoast SEO plugin v26.8 - https:\/\/yoast.com\/product\/yoast-seo-wordpress\/ -->\n<title>Opel Grandland 2025 im Test: SUV mit Stil &amp; Technik<\/title>\n<meta name=\"description\" content=\"Der neue Opel Grandland 2025 \u00fcberzeugt im Test als Mildhybrid mit starkem Design, moderner Technik, hohem Komfort und starkem Preis-Leistungs-Verh\u00e4ltnis.\" \/>\n<meta name=\"robots\" content=\"index, follow, max-snippet:-1, max-image-preview:large, max-video-preview:-1\" \/>\n<link rel=\"canonical\" href=\"https:\/\/www.eslebedasauto.at\/en\/opel-grandland-2025-im-test-ein-echter-aufsteiger-mit-anspruch\/\" \/>\n<meta property=\"og:locale\" content=\"en_GB\" \/>\n<meta property=\"og:type\" content=\"article\" \/>\n<meta property=\"og:title\" content=\"Opel Grandland 2025 im Test: SUV mit Stil &amp; Technik\" \/>\n<meta property=\"og:description\" content=\"Der neue Opel Grandland 2025 \u00fcberzeugt im Test als Mildhybrid mit starkem Design, moderner Technik, hohem Komfort und starkem Preis-Leistungs-Verh\u00e4ltnis.\" \/>\n<meta property=\"og:url\" content=\"https:\/\/www.eslebedasauto.at\/en\/opel-grandland-2025-im-test-ein-echter-aufsteiger-mit-anspruch\/\" \/>\n<meta property=\"og:site_name\" content=\"Es lebe das Auto\" \/>\n<meta property=\"article:publisher\" content=\"https:\/\/www.facebook.com\/eslebedasauto.at\" \/>\n<meta property=\"article:published_time\" content=\"2025-06-03T06:44:11+00:00\" \/>\n<meta property=\"article:modified_time\" content=\"2025-06-03T06:45:22+00:00\" \/>\n<meta property=\"og:image\" content=\"https:\/\/www.eslebedasauto.at\/wp-content\/uploads\/2025\/06\/IMG_1605-scaled.jpg\" \/>\n\t<meta property=\"og:image:width\" content=\"2560\" \/>\n\t<meta property=\"og:image:height\" content=\"1440\" \/>\n\t<meta property=\"og:image:type\" content=\"image\/jpeg\" \/>\n<meta name=\"author\" content=\"Juergen\" \/>\n<meta name=\"twitter:card\" content=\"summary_large_image\" \/>\n<meta name=\"twitter:label1\" content=\"Written by\" \/>\n\t<meta name=\"twitter:data1\" content=\"Juergen\" \/>\n\t<meta name=\"twitter:label2\" content=\"Estimated reading time\" \/>\n\t<meta name=\"twitter:data2\" content=\"9 minutes\" \/>\n<script type=\"application\/ld+json\" class=\"yoast-schema-graph\">{\"@context\":\"https:\/\/schema.org\",\"@graph\":[{\"@type\":\"Article\",\"@id\":\"https:\/\/www.eslebedasauto.at\/opel-grandland-2025-im-test-ein-echter-aufsteiger-mit-anspruch\/#article\",\"isPartOf\":{\"@id\":\"https:\/\/www.eslebedasauto.at\/opel-grandland-2025-im-test-ein-echter-aufsteiger-mit-anspruch\/\"},\"author\":{\"name\":\"Juergen\",\"@id\":\"https:\/\/www.eslebedasauto.at\/#\/schema\/person\/4ecfb7fe1eb40654e5370227118c3fc2\"},\"headline\":\"Opel Grandland 2025 im Test \u2013 Ein echter Aufsteiger mit Anspruch\",\"datePublished\":\"2025-06-03T06:44:11+00:00\",\"dateModified\":\"2025-06-03T06:45:22+00:00\",\"mainEntityOfPage\":{\"@id\":\"https:\/\/www.eslebedasauto.at\/opel-grandland-2025-im-test-ein-echter-aufsteiger-mit-anspruch\/\"},\"wordCount\":846,\"commentCount\":0,\"publisher\":{\"@id\":\"https:\/\/www.eslebedasauto.at\/#organization\"},\"image\":{\"@id\":\"https:\/\/www.eslebedasauto.at\/opel-grandland-2025-im-test-ein-echter-aufsteiger-mit-anspruch\/#primaryimage\"},\"thumbnailUrl\":\"https:\/\/www.eslebedasauto.at\/wp-content\/uploads\/2025\/06\/IMG_1605-scaled.jpg\",\"articleSection\":[\"Allgemein\"],\"inLanguage\":\"en-GB\",\"potentialAction\":[{\"@type\":\"CommentAction\",\"name\":\"Comment\",\"target\":[\"https:\/\/www.eslebedasauto.at\/opel-grandland-2025-im-test-ein-echter-aufsteiger-mit-anspruch\/#respond\"]}]},{\"@type\":\"WebPage\",\"@id\":\"https:\/\/www.eslebedasauto.at\/opel-grandland-2025-im-test-ein-echter-aufsteiger-mit-anspruch\/\",\"url\":\"https:\/\/www.eslebedasauto.at\/opel-grandland-2025-im-test-ein-echter-aufsteiger-mit-anspruch\/\",\"name\":\"Opel Grandland 2025 im Test: SUV mit Stil & Technik\",\"isPartOf\":{\"@id\":\"https:\/\/www.eslebedasauto.at\/#website\"},\"primaryImageOfPage\":{\"@id\":\"https:\/\/www.eslebedasauto.at\/opel-grandland-2025-im-test-ein-echter-aufsteiger-mit-anspruch\/#primaryimage\"},\"image\":{\"@id\":\"https:\/\/www.eslebedasauto.at\/opel-grandland-2025-im-test-ein-echter-aufsteiger-mit-anspruch\/#primaryimage\"},\"thumbnailUrl\":\"https:\/\/www.eslebedasauto.at\/wp-content\/uploads\/2025\/06\/IMG_1605-scaled.jpg\",\"datePublished\":\"2025-06-03T06:44:11+00:00\",\"dateModified\":\"2025-06-03T06:45:22+00:00\",\"description\":\"Der neue Opel Grandland 2025 \u00fcberzeugt im Test als Mildhybrid mit starkem Design, moderner Technik, hohem Komfort und starkem Preis-Leistungs-Verh\u00e4ltnis.\",\"breadcrumb\":{\"@id\":\"https:\/\/www.eslebedasauto.at\/opel-grandland-2025-im-test-ein-echter-aufsteiger-mit-anspruch\/#breadcrumb\"},\"inLanguage\":\"en-GB\",\"potentialAction\":[{\"@type\":\"ReadAction\",\"target\":[\"https:\/\/www.eslebedasauto.at\/opel-grandland-2025-im-test-ein-echter-aufsteiger-mit-anspruch\/\"]}]},{\"@type\":\"ImageObject\",\"inLanguage\":\"en-GB\",\"@id\":\"https:\/\/www.eslebedasauto.at\/opel-grandland-2025-im-test-ein-echter-aufsteiger-mit-anspruch\/#primaryimage\",\"url\":\"https:\/\/www.eslebedasauto.at\/wp-content\/uploads\/2025\/06\/IMG_1605-scaled.jpg\",\"contentUrl\":\"https:\/\/www.eslebedasauto.at\/wp-content\/uploads\/2025\/06\/IMG_1605-scaled.jpg\",\"width\":2560,\"height\":1440},{\"@type\":\"BreadcrumbList\",\"@id\":\"https:\/\/www.eslebedasauto.at\/opel-grandland-2025-im-test-ein-echter-aufsteiger-mit-anspruch\/#breadcrumb\",\"itemListElement\":[{\"@type\":\"ListItem\",\"position\":1,\"name\":\"Startseite\",\"item\":\"https:\/\/www.eslebedasauto.at\/\"},{\"@type\":\"ListItem\",\"position\":2,\"name\":\"Opel Grandland 2025 im Test \u2013 Ein echter Aufsteiger mit Anspruch\"}]},{\"@type\":\"WebSite\",\"@id\":\"https:\/\/www.eslebedasauto.at\/#website\",\"url\":\"https:\/\/www.eslebedasauto.at\/\",\"name\":\"Es lebe das Auto\",\"description\":\"ein Hoch auf den Individualverkehr\",\"publisher\":{\"@id\":\"https:\/\/www.eslebedasauto.at\/#organization\"},\"potentialAction\":[{\"@type\":\"SearchAction\",\"target\":{\"@type\":\"EntryPoint\",\"urlTemplate\":\"https:\/\/www.eslebedasauto.at\/?s={search_term_string}\"},\"query-input\":{\"@type\":\"PropertyValueSpecification\",\"valueRequired\":true,\"valueName\":\"search_term_string\"}}],\"inLanguage\":\"en-GB\"},{\"@type\":\"Organization\",\"@id\":\"https:\/\/www.eslebedasauto.at\/#organization\",\"name\":\"eslebedasauto\",\"url\":\"https:\/\/www.eslebedasauto.at\/\",\"logo\":{\"@type\":\"ImageObject\",\"inLanguage\":\"en-GB\",\"@id\":\"https:\/\/www.eslebedasauto.at\/#\/schema\/logo\/image\/\",\"url\":\"https:\/\/www.eslebedasauto.at\/wp-content\/uploads\/2025\/10\/eldarund.png\",\"contentUrl\":\"https:\/\/www.eslebedasauto.at\/wp-content\/uploads\/2025\/10\/eldarund.png\",\"width\":1024,\"height\":1024,\"caption\":\"eslebedasauto\"},\"image\":{\"@id\":\"https:\/\/www.eslebedasauto.at\/#\/schema\/logo\/image\/\"},\"sameAs\":[\"https:\/\/www.facebook.com\/eslebedasauto.at\",\"https:\/\/www.instagram.com\/es_lebe_das_auto\/\"]},{\"@type\":\"Person\",\"@id\":\"https:\/\/www.eslebedasauto.at\/#\/schema\/person\/4ecfb7fe1eb40654e5370227118c3fc2\",\"name\":\"Juergen\",\"url\":\"https:\/\/www.eslebedasauto.at\/en\/author\/netzwerkkapitaene-og\/\"}]}<\/script>\n<!-- \/ Yoast SEO plugin. -->","yoast_head_json":{"title":"Opel Grandland 2025 im Test: SUV mit Stil & Technik","description":"Der neue Opel Grandland 2025 \u00fcberzeugt im Test als Mildhybrid mit starkem Design, moderner Technik, hohem Komfort und starkem Preis-Leistungs-Verh\u00e4ltnis.","robots":{"index":"index","follow":"follow","max-snippet":"max-snippet:-1","max-image-preview":"max-image-preview:large","max-video-preview":"max-video-preview:-1"},"canonical":"https:\/\/www.eslebedasauto.at\/en\/opel-grandland-2025-im-test-ein-echter-aufsteiger-mit-anspruch\/","og_locale":"en_GB","og_type":"article","og_title":"Opel Grandland 2025 im Test: SUV mit Stil & Technik","og_description":"Der neue Opel Grandland 2025 \u00fcberzeugt im Test als Mildhybrid mit starkem Design, moderner Technik, hohem Komfort und starkem Preis-Leistungs-Verh\u00e4ltnis.","og_url":"https:\/\/www.eslebedasauto.at\/en\/opel-grandland-2025-im-test-ein-echter-aufsteiger-mit-anspruch\/","og_site_name":"Es lebe das Auto","article_publisher":"https:\/\/www.facebook.com\/eslebedasauto.at","article_published_time":"2025-06-03T06:44:11+00:00","article_modified_time":"2025-06-03T06:45:22+00:00","og_image":[{"width":2560,"height":1440,"url":"https:\/\/www.eslebedasauto.at\/wp-content\/uploads\/2025\/06\/IMG_1605-scaled.jpg","type":"image\/jpeg"}],"author":"Juergen","twitter_card":"summary_large_image","twitter_misc":{"Written by":"Juergen","Estimated reading time":"9 minutes"},"schema":{"@context":"https:\/\/schema.org","@graph":[{"@type":"Article","@id":"https:\/\/www.eslebedasauto.at\/opel-grandland-2025-im-test-ein-echter-aufsteiger-mit-anspruch\/#article","isPartOf":{"@id":"https:\/\/www.eslebedasauto.at\/opel-grandland-2025-im-test-ein-echter-aufsteiger-mit-anspruch\/"},"author":{"name":"Juergen","@id":"https:\/\/www.eslebedasauto.at\/#\/schema\/person\/4ecfb7fe1eb40654e5370227118c3fc2"},"headline":"Opel Grandland 2025 im Test \u2013 Ein echter Aufsteiger mit Anspruch","datePublished":"2025-06-03T06:44:11+00:00","dateModified":"2025-06-03T06:45:22+00:00","mainEntityOfPage":{"@id":"https:\/\/www.eslebedasauto.at\/opel-grandland-2025-im-test-ein-echter-aufsteiger-mit-anspruch\/"},"wordCount":846,"commentCount":0,"publisher":{"@id":"https:\/\/www.eslebedasauto.at\/#organization"},"image":{"@id":"https:\/\/www.eslebedasauto.at\/opel-grandland-2025-im-test-ein-echter-aufsteiger-mit-anspruch\/#primaryimage"},"thumbnailUrl":"https:\/\/www.eslebedasauto.at\/wp-content\/uploads\/2025\/06\/IMG_1605-scaled.jpg","articleSection":["Allgemein"],"inLanguage":"en-GB","potentialAction":[{"@type":"CommentAction","name":"Comment","target":["https:\/\/www.eslebedasauto.at\/opel-grandland-2025-im-test-ein-echter-aufsteiger-mit-anspruch\/#respond"]}]},{"@type":"WebPage","@id":"https:\/\/www.eslebedasauto.at\/opel-grandland-2025-im-test-ein-echter-aufsteiger-mit-anspruch\/","url":"https:\/\/www.eslebedasauto.at\/opel-grandland-2025-im-test-ein-echter-aufsteiger-mit-anspruch\/","name":"Opel Grandland 2025 im Test: SUV mit Stil & Technik","isPartOf":{"@id":"https:\/\/www.eslebedasauto.at\/#website"},"primaryImageOfPage":{"@id":"https:\/\/www.eslebedasauto.at\/opel-grandland-2025-im-test-ein-echter-aufsteiger-mit-anspruch\/#primaryimage"},"image":{"@id":"https:\/\/www.eslebedasauto.at\/opel-grandland-2025-im-test-ein-echter-aufsteiger-mit-anspruch\/#primaryimage"},"thumbnailUrl":"https:\/\/www.eslebedasauto.at\/wp-content\/uploads\/2025\/06\/IMG_1605-scaled.jpg","datePublished":"2025-06-03T06:44:11+00:00","dateModified":"2025-06-03T06:45:22+00:00","description":"Der neue Opel Grandland 2025 \u00fcberzeugt im Test als Mildhybrid mit starkem Design, moderner Technik, hohem Komfort und starkem Preis-Leistungs-Verh\u00e4ltnis.","breadcrumb":{"@id":"https:\/\/www.eslebedasauto.at\/opel-grandland-2025-im-test-ein-echter-aufsteiger-mit-anspruch\/#breadcrumb"},"inLanguage":"en-GB","potentialAction":[{"@type":"ReadAction","target":["https:\/\/www.eslebedasauto.at\/opel-grandland-2025-im-test-ein-echter-aufsteiger-mit-anspruch\/"]}]},{"@type":"ImageObject","inLanguage":"en-GB","@id":"https:\/\/www.eslebedasauto.at\/opel-grandland-2025-im-test-ein-echter-aufsteiger-mit-anspruch\/#primaryimage","url":"https:\/\/www.eslebedasauto.at\/wp-content\/uploads\/2025\/06\/IMG_1605-scaled.jpg","contentUrl":"https:\/\/www.eslebedasauto.at\/wp-content\/uploads\/2025\/06\/IMG_1605-scaled.jpg","width":2560,"height":1440},{"@type":"BreadcrumbList","@id":"https:\/\/www.eslebedasauto.at\/opel-grandland-2025-im-test-ein-echter-aufsteiger-mit-anspruch\/#breadcrumb","itemListElement":[{"@type":"ListItem","position":1,"name":"Startseite","item":"https:\/\/www.eslebedasauto.at\/"},{"@type":"ListItem","position":2,"name":"Opel Grandland 2025 im Test \u2013 Ein echter Aufsteiger mit Anspruch"}]},{"@type":"WebSite","@id":"https:\/\/www.eslebedasauto.at\/#website","url":"https:\/\/www.eslebedasauto.at\/","name":"Es lebe das Auto","description":"ein Hoch auf den Individualverkehr","publisher":{"@id":"https:\/\/www.eslebedasauto.at\/#organization"},"potentialAction":[{"@type":"SearchAction","target":{"@type":"EntryPoint","urlTemplate":"https:\/\/www.eslebedasauto.at\/?s={search_term_string}"},"query-input":{"@type":"PropertyValueSpecification","valueRequired":true,"valueName":"search_term_string"}}],"inLanguage":"en-GB"},{"@type":"Organization","@id":"https:\/\/www.eslebedasauto.at\/#organization","name":"eslebedasauto","url":"https:\/\/www.eslebedasauto.at\/","logo":{"@type":"ImageObject","inLanguage":"en-GB","@id":"https:\/\/www.eslebedasauto.at\/#\/schema\/logo\/image\/","url":"https:\/\/www.eslebedasauto.at\/wp-content\/uploads\/2025\/10\/eldarund.png","contentUrl":"https:\/\/www.eslebedasauto.at\/wp-content\/uploads\/2025\/10\/eldarund.png","width":1024,"height":1024,"caption":"eslebedasauto"},"image":{"@id":"https:\/\/www.eslebedasauto.at\/#\/schema\/logo\/image\/"},"sameAs":["https:\/\/www.facebook.com\/eslebedasauto.at","https:\/\/www.instagram.com\/es_lebe_das_auto\/"]},{"@type":"Person","@id":"https:\/\/www.eslebedasauto.at\/#\/schema\/person\/4ecfb7fe1eb40654e5370227118c3fc2","name":"Juergen","url":"https:\/\/www.eslebedasauto.at\/en\/author\/netzwerkkapitaene-og\/"}]}},"_links":{"self":[{"href":"https:\/\/www.eslebedasauto.at\/en\/wp-json\/wp\/v2\/posts\/99102","targetHints":{"allow":["GET"]}}],"collection":[{"href":"https:\/\/www.eslebedasauto.at\/en\/wp-json\/wp\/v2\/posts"}],"about":[{"href":"https:\/\/www.eslebedasauto.at\/en\/wp-json\/wp\/v2\/types\/post"}],"author":[{"embeddable":true,"href":"https:\/\/www.eslebedasauto.at\/en\/wp-json\/wp\/v2\/users\/1"}],"replies":[{"embeddable":true,"href":"https:\/\/www.eslebedasauto.at\/en\/wp-json\/wp\/v2\/comments?post=99102"}],"version-history":[{"count":4,"href":"https:\/\/www.eslebedasauto.at\/en\/wp-json\/wp\/v2\/posts\/99102\/revisions"}],"predecessor-version":[{"id":99107,"href":"https:\/\/www.eslebedasauto.at\/en\/wp-json\/wp\/v2\/posts\/99102\/revisions\/99107"}],"wp:featuredmedia":[{"embeddable":true,"href":"https:\/\/www.eslebedasauto.at\/en\/wp-json\/wp\/v2\/media\/99080"}],"wp:attachment":[{"href":"https:\/\/www.eslebedasauto.at\/en\/wp-json\/wp\/v2\/media?parent=99102"}],"wp:term":[{"taxonomy":"category","embeddable":true,"href":"https:\/\/www.eslebedasauto.at\/en\/wp-json\/wp\/v2\/categories?post=99102"},{"taxonomy":"post_tag","embeddable":true,"href":"https:\/\/www.eslebedasauto.at\/en\/wp-json\/wp\/v2\/tags?post=99102"}],"curies":[{"name":"wp","href":"https:\/\/api.w.org\/{rel}","templated":true}]}}