{"id":98764,"date":"2025-05-07T19:31:31","date_gmt":"2025-05-07T17:31:31","guid":{"rendered":"https:\/\/www.eslebedasauto.at\/?p=98764"},"modified":"2025-05-07T19:43:07","modified_gmt":"2025-05-07T17:43:07","slug":"peugeot-408-gt-phev-test","status":"publish","type":"post","link":"https:\/\/www.eslebedasauto.at\/en\/peugeot-408-gt-phev-test\/","title":{"rendered":"Peugeot 408 &#8211; Gro\u00dfartig reisen."},"content":{"rendered":"<h4 id=\"zu-viert-nach-italien-das-erfordert-naturlich-das-passende-reiseauto-dass-es-dabei-nicht-zwangslaufig-ein-suv-sein-muss-wenn-es-ums-kilometerfressen-geht-belegt-der-elegante-peugeot-408\" class=\"wp-block-heading\">Zu viert nach Italien. Das erfordert nat\u00fcrlich das passende Reiseauto. Dass es dabei nicht zwangsl\u00e4ufig ein SUV sein muss, wenn es um\u00b4s Kilometerfressen geht, belegt der elegante Peugeot 408.<\/h4>\n\n\n\n<figure class=\"wp-block-image size-large\"><img fetchpriority=\"high\" decoding=\"async\" width=\"1024\" height=\"768\" src=\"https:\/\/www.eslebedasauto.at\/wp-content\/uploads\/2025\/04\/IMG_1840-1024x768.jpeg\" alt=\"\" class=\"wp-image-98590\" srcset=\"https:\/\/www.eslebedasauto.at\/wp-content\/uploads\/2025\/04\/IMG_1840-1024x768.jpeg 1024w, https:\/\/www.eslebedasauto.at\/wp-content\/uploads\/2025\/04\/IMG_1840-300x225.jpeg 300w, https:\/\/www.eslebedasauto.at\/wp-content\/uploads\/2025\/04\/IMG_1840-768x576.jpeg 768w, https:\/\/www.eslebedasauto.at\/wp-content\/uploads\/2025\/04\/IMG_1840-1536x1152.jpeg 1536w, https:\/\/www.eslebedasauto.at\/wp-content\/uploads\/2025\/04\/IMG_1840.jpeg 2048w\" sizes=\"(max-width: 1024px) 100vw, 1024px\" \/><\/figure>\n\n\n\n<p><strong>Nat\u00fcrlich liegt auch dieses Auto sanft hochgebockt auf der Stra\u00dfe<\/strong>, dennoch strahlt der 408 in erster Linie elegantes GranTurismo-Feeling aus. Langgestreckt, mit scharfer Dachlinie und extra langem Radstand verspr\u00fcht der Franzose schon am Stand Dynamik und Reiselust. Der Radstand verschafft ihm und uns auch den n\u00f6tigen Raum, um zu viert lange Reisestrecken abzusitzen &#8211; hinten im Kofferraum gehen sich dann auch noch vier mittelgro\u00dfe Trolleys und ein paar Rucks\u00e4cke aus.<\/p>\n\n\n\n<figure class=\"wp-block-image size-large\"><img decoding=\"async\" width=\"1024\" height=\"768\" src=\"https:\/\/www.eslebedasauto.at\/wp-content\/uploads\/2025\/04\/IMG_1737-1024x768.jpeg\" alt=\"\" class=\"wp-image-98585\" srcset=\"https:\/\/www.eslebedasauto.at\/wp-content\/uploads\/2025\/04\/IMG_1737-1024x768.jpeg 1024w, https:\/\/www.eslebedasauto.at\/wp-content\/uploads\/2025\/04\/IMG_1737-300x225.jpeg 300w, https:\/\/www.eslebedasauto.at\/wp-content\/uploads\/2025\/04\/IMG_1737-768x576.jpeg 768w, https:\/\/www.eslebedasauto.at\/wp-content\/uploads\/2025\/04\/IMG_1737-1536x1152.jpeg 1536w, https:\/\/www.eslebedasauto.at\/wp-content\/uploads\/2025\/04\/IMG_1737.jpeg 2048w\" sizes=\"(max-width: 1024px) 100vw, 1024px\" \/><\/figure>\n\n\n\n<p><strong>Apropos sitzen &#8211; vorne residiert man auf extra bequemem Gest\u00fchl<\/strong> &#8211; Peugeot z\u00e4hlt ebenfalls zu den Anbietern von AGR-Sitzen. &#8222;Aktion gesunder R\u00fccken&#8220; ist eine deutsche Initiative, die sich die perfekte Sitzergonomie auf ihre Fahnen geheftet hat &#8211; Opel war hier automobiler Vorreiter, jetzt im Stellantis-Verbund profitiert unter anderem auch Peugeot von diesem Know-how. Man findet tats\u00e4chlich sehr schnell seine ideale Sitzposition und m\u00fcsste man nicht hin und wieder mal eine Pinkelpause einlegen oder den eher klein geratenen Tank bef\u00fcllen, man k\u00f6nnte in einem Rutscher ohne jegliche R\u00fcckenbeschwerden direkt nach Italien reisen. Das sehr komfortabel abgestimmte Fahrwerk spielt da ebenfalls voll mit.<\/p>\n\n\n\n<figure class=\"wp-block-image size-large\"><img decoding=\"async\" width=\"1024\" height=\"768\" src=\"https:\/\/www.eslebedasauto.at\/wp-content\/uploads\/2025\/04\/IMG_1732-1024x768.jpeg\" alt=\"\" class=\"wp-image-98583\" srcset=\"https:\/\/www.eslebedasauto.at\/wp-content\/uploads\/2025\/04\/IMG_1732-1024x768.jpeg 1024w, https:\/\/www.eslebedasauto.at\/wp-content\/uploads\/2025\/04\/IMG_1732-300x225.jpeg 300w, https:\/\/www.eslebedasauto.at\/wp-content\/uploads\/2025\/04\/IMG_1732-768x576.jpeg 768w, https:\/\/www.eslebedasauto.at\/wp-content\/uploads\/2025\/04\/IMG_1732-1536x1152.jpeg 1536w, https:\/\/www.eslebedasauto.at\/wp-content\/uploads\/2025\/04\/IMG_1732.jpeg 2048w\" sizes=\"(max-width: 1024px) 100vw, 1024px\" \/><\/figure>\n\n\n\n<p><strong>Wie bei Peugeot \u00fcblich, blickt man auch hier \u00fcber ein relativ kleines Lenkrad <\/strong>auf die hochstellten <strong>iCockpit-Armaturen<\/strong>, die sich nach Belieben konfigurieren lassen &#8211; damit erspart man sich ein teures Head-up-Display. Der Rest ist wie immer markentypisch einfach zu bedienen &#8211; sch\u00f6n finden wir, dass Peugeot auf einen der \u00fcblichen, hochkant stehenden Riesenbildschirm in der Mitte verzichtet &#8211; so wirkt das Ganze angenehm schlank und dank etlicher haptischer Schalter sowie individuell belegbaren iToggles auch easy handlebar.<\/p>\n\n\n\n<figure class=\"wp-block-gallery has-nested-images columns-default is-cropped wp-block-gallery-1 is-layout-flex wp-block-gallery-is-layout-flex\">\n<figure class=\"wp-block-image size-large\"><img loading=\"lazy\" decoding=\"async\" width=\"1024\" height=\"768\" data-id=\"98594\" src=\"https:\/\/www.eslebedasauto.at\/wp-content\/uploads\/2025\/04\/IMG_1844-1024x768.jpeg\" alt=\"\" class=\"wp-image-98594\" srcset=\"https:\/\/www.eslebedasauto.at\/wp-content\/uploads\/2025\/04\/IMG_1844-1024x768.jpeg 1024w, https:\/\/www.eslebedasauto.at\/wp-content\/uploads\/2025\/04\/IMG_1844-300x225.jpeg 300w, https:\/\/www.eslebedasauto.at\/wp-content\/uploads\/2025\/04\/IMG_1844-768x576.jpeg 768w, https:\/\/www.eslebedasauto.at\/wp-content\/uploads\/2025\/04\/IMG_1844-1536x1152.jpeg 1536w, https:\/\/www.eslebedasauto.at\/wp-content\/uploads\/2025\/04\/IMG_1844.jpeg 2048w\" sizes=\"(max-width: 1024px) 100vw, 1024px\" \/><\/figure>\n\n\n\n<figure class=\"wp-block-image size-large\"><img loading=\"lazy\" decoding=\"async\" width=\"1024\" height=\"768\" data-id=\"98592\" src=\"https:\/\/www.eslebedasauto.at\/wp-content\/uploads\/2025\/04\/IMG_1842-1024x768.jpeg\" alt=\"\" class=\"wp-image-98592\" srcset=\"https:\/\/www.eslebedasauto.at\/wp-content\/uploads\/2025\/04\/IMG_1842-1024x768.jpeg 1024w, https:\/\/www.eslebedasauto.at\/wp-content\/uploads\/2025\/04\/IMG_1842-300x225.jpeg 300w, https:\/\/www.eslebedasauto.at\/wp-content\/uploads\/2025\/04\/IMG_1842-768x576.jpeg 768w, https:\/\/www.eslebedasauto.at\/wp-content\/uploads\/2025\/04\/IMG_1842-1536x1152.jpeg 1536w, https:\/\/www.eslebedasauto.at\/wp-content\/uploads\/2025\/04\/IMG_1842.jpeg 2048w\" sizes=\"(max-width: 1024px) 100vw, 1024px\" \/><\/figure>\n\n\n\n<figure class=\"wp-block-image size-large\"><img loading=\"lazy\" decoding=\"async\" width=\"1024\" height=\"768\" data-id=\"98593\" src=\"https:\/\/www.eslebedasauto.at\/wp-content\/uploads\/2025\/04\/IMG_1843-1024x768.jpeg\" alt=\"\" class=\"wp-image-98593\" srcset=\"https:\/\/www.eslebedasauto.at\/wp-content\/uploads\/2025\/04\/IMG_1843-1024x768.jpeg 1024w, https:\/\/www.eslebedasauto.at\/wp-content\/uploads\/2025\/04\/IMG_1843-300x225.jpeg 300w, https:\/\/www.eslebedasauto.at\/wp-content\/uploads\/2025\/04\/IMG_1843-768x576.jpeg 768w, https:\/\/www.eslebedasauto.at\/wp-content\/uploads\/2025\/04\/IMG_1843-1536x1152.jpeg 1536w, https:\/\/www.eslebedasauto.at\/wp-content\/uploads\/2025\/04\/IMG_1843.jpeg 2048w\" sizes=\"(max-width: 1024px) 100vw, 1024px\" \/><\/figure>\n<\/figure>\n\n\n\n<p><\/p>\n\n\n\n<p><strong>Unser Reisewagen war mit einem modernen Plug-in-Hybrid ausger\u00fcstet.<\/strong> Dieses System sorgt f\u00fcr eine Leistung von 225 PS und hat den Vorteil, dass man zwar nicht zwangsl\u00e4ufig immer laden muss, sich aber dennoch genug Strom f\u00fcr\u00b4s rein elektrische Weiterkommen (bis zu ca. 50 km) in den mittlerweile sehr h\u00e4ufigen innerst\u00e4dtischen Umweltzonen in Italien aufheben kann. Daf\u00fcr sorgt die Funktion &#8222;e-Save&#8220;. <\/p>\n\n\n\n<figure class=\"wp-block-image size-large\"><img loading=\"lazy\" decoding=\"async\" width=\"768\" height=\"1024\" src=\"https:\/\/www.eslebedasauto.at\/wp-content\/uploads\/2025\/04\/IMG_1736-768x1024.jpeg\" alt=\"\" class=\"wp-image-98584\" srcset=\"https:\/\/www.eslebedasauto.at\/wp-content\/uploads\/2025\/04\/IMG_1736-768x1024.jpeg 768w, https:\/\/www.eslebedasauto.at\/wp-content\/uploads\/2025\/04\/IMG_1736-225x300.jpeg 225w, https:\/\/www.eslebedasauto.at\/wp-content\/uploads\/2025\/04\/IMG_1736-1152x1536.jpeg 1152w, https:\/\/www.eslebedasauto.at\/wp-content\/uploads\/2025\/04\/IMG_1736.jpeg 1536w\" sizes=\"(max-width: 768px) 100vw, 768px\" \/><\/figure>\n\n\n\n<p><strong>F\u00fcr unsere Reise starteten wir mit vollem Akku und Tank und genossen den Hybrid-Modus<\/strong> des 408. Dieser sorgt f\u00fcr leises, entspanntes Weiterkommen und angenehm niedrige Durchschnittsverbr\u00e4uche (ca. 7 Liter \/ 100 km). Leider spielt, wie oben erw\u00e4hnt, der sehr kleine Tank nicht ganz mit.  Mehr als 450 Kilometer schafft man nicht, dann muss man wieder eine Tankstelle ansteuern.<\/p>\n\n\n\n<figure class=\"wp-block-gallery has-nested-images columns-default is-cropped wp-block-gallery-2 is-layout-flex wp-block-gallery-is-layout-flex\">\n<figure class=\"wp-block-image size-large\"><img loading=\"lazy\" decoding=\"async\" width=\"768\" height=\"1024\" data-id=\"98597\" src=\"https:\/\/www.eslebedasauto.at\/wp-content\/uploads\/2025\/04\/IMG_1847-768x1024.jpeg\" alt=\"\" class=\"wp-image-98597\" srcset=\"https:\/\/www.eslebedasauto.at\/wp-content\/uploads\/2025\/04\/IMG_1847-768x1024.jpeg 768w, https:\/\/www.eslebedasauto.at\/wp-content\/uploads\/2025\/04\/IMG_1847-225x300.jpeg 225w, https:\/\/www.eslebedasauto.at\/wp-content\/uploads\/2025\/04\/IMG_1847-1152x1536.jpeg 1152w, https:\/\/www.eslebedasauto.at\/wp-content\/uploads\/2025\/04\/IMG_1847.jpeg 1536w\" sizes=\"(max-width: 768px) 100vw, 768px\" \/><\/figure>\n\n\n\n<figure class=\"wp-block-image size-large\"><img loading=\"lazy\" decoding=\"async\" width=\"1024\" height=\"768\" data-id=\"98591\" src=\"https:\/\/www.eslebedasauto.at\/wp-content\/uploads\/2025\/04\/IMG_1841-1024x768.jpeg\" alt=\"\" class=\"wp-image-98591\" srcset=\"https:\/\/www.eslebedasauto.at\/wp-content\/uploads\/2025\/04\/IMG_1841-1024x768.jpeg 1024w, https:\/\/www.eslebedasauto.at\/wp-content\/uploads\/2025\/04\/IMG_1841-300x225.jpeg 300w, https:\/\/www.eslebedasauto.at\/wp-content\/uploads\/2025\/04\/IMG_1841-768x576.jpeg 768w, https:\/\/www.eslebedasauto.at\/wp-content\/uploads\/2025\/04\/IMG_1841-1536x1152.jpeg 1536w, https:\/\/www.eslebedasauto.at\/wp-content\/uploads\/2025\/04\/IMG_1841.jpeg 2048w\" sizes=\"(max-width: 1024px) 100vw, 1024px\" \/><\/figure>\n<\/figure>\n\n\n\n<p><\/p>\n\n\n\n<h3 id=\"unterm-strich\" class=\"wp-block-heading\">Unterm Strich<\/h3>\n\n\n\n<p>Man muss nicht immer \u00fcber den Dingen sitzen um angenehm zu reisen. Der Peugeot 408 GT Plug-in-Hybrid 225 e-EAT8 bietet absolute GranTurismo-Qualit\u00e4ten, bietet sensationellen Komfort und gro\u00dfz\u00fcgige Platzverh\u00e4ltnisse und f\u00e4hrt sich auch sehr effizient. Toll fanden wir die M\u00f6glichkeit, die Umweltzonen in Italien rein elektrisch zu erobern sowie die vielen anerkennenden Blicke, denn so ein Peugeot 408 steht nicht an jeder Ecke rum. <br>Preis ab EUR 49.500,-<\/p>\n\n\n\n<figure class=\"wp-block-image size-large\"><img loading=\"lazy\" decoding=\"async\" width=\"1024\" height=\"768\" src=\"https:\/\/www.eslebedasauto.at\/wp-content\/uploads\/2025\/04\/IMG_1849-1024x768.jpeg\" alt=\"\" class=\"wp-image-98598\" srcset=\"https:\/\/www.eslebedasauto.at\/wp-content\/uploads\/2025\/04\/IMG_1849-1024x768.jpeg 1024w, https:\/\/www.eslebedasauto.at\/wp-content\/uploads\/2025\/04\/IMG_1849-300x225.jpeg 300w, https:\/\/www.eslebedasauto.at\/wp-content\/uploads\/2025\/04\/IMG_1849-768x576.jpeg 768w, https:\/\/www.eslebedasauto.at\/wp-content\/uploads\/2025\/04\/IMG_1849-1536x1152.jpeg 1536w, https:\/\/www.eslebedasauto.at\/wp-content\/uploads\/2025\/04\/IMG_1849.jpeg 2048w\" sizes=\"(max-width: 1024px) 100vw, 1024px\" \/><figcaption class=\"wp-element-caption\">Und dann haben wir in Italien doch noch einen zweiten Peugeot 408 getroffen. \ud83d\ude42<\/figcaption><\/figure>\n\n\n\n<p><\/p>","protected":false},"excerpt":{"rendered":"<p>Zu viert nach Italien. Das erfordert nat\u00fcrlich das passende Reiseauto. Dass es dabei nicht unbedingt ein SUV sein muss, belegt der elegante Peugeot 408.<\/p>","protected":false},"author":2,"featured_media":98595,"comment_status":"open","ping_status":"open","sticky":false,"template":"","format":"standard","meta":{"neve_meta_sidebar":"","neve_meta_container":"","neve_meta_enable_content_width":"","neve_meta_content_width":0,"neve_meta_title_alignment":"","neve_meta_author_avatar":"","neve_post_elements_order":"","neve_meta_disable_header":"","neve_meta_disable_footer":"","neve_meta_disable_title":"","neve_meta_reading_time":"","footnotes":""},"categories":[335,12],"tags":[],"class_list":["post-98764","post","type-post","status-publish","format-standard","has-post-thumbnail","hentry","category-fahrberichte","category-hybrid"],"yoast_head":"<!-- This site is optimized with the Yoast SEO plugin v26.8 - https:\/\/yoast.com\/product\/yoast-seo-wordpress\/ -->\n<title>Peugeot 408 - Gro\u00dfartig reisen. - Es lebe das Auto<\/title>\n<meta name=\"description\" content=\"Zu viert nach Italien. Das erfordert das passende Reiseauto. Dass es dabei nicht unbedingt ein SUV sein muss, belegt der elegante Peugeot 408.\" \/>\n<meta name=\"robots\" content=\"index, follow, max-snippet:-1, max-image-preview:large, max-video-preview:-1\" \/>\n<link rel=\"canonical\" href=\"https:\/\/www.eslebedasauto.at\/en\/peugeot-408-gt-phev-test\/\" \/>\n<meta property=\"og:locale\" content=\"en_GB\" \/>\n<meta property=\"og:type\" content=\"article\" \/>\n<meta property=\"og:title\" content=\"Peugeot 408 - Gro\u00dfartig reisen. - Es lebe das Auto\" \/>\n<meta property=\"og:description\" content=\"Zu viert nach Italien. Das erfordert das passende Reiseauto. Dass es dabei nicht unbedingt ein SUV sein muss, belegt der elegante Peugeot 408.\" \/>\n<meta property=\"og:url\" content=\"https:\/\/www.eslebedasauto.at\/en\/peugeot-408-gt-phev-test\/\" \/>\n<meta property=\"og:site_name\" content=\"Es lebe das Auto\" \/>\n<meta property=\"article:publisher\" content=\"https:\/\/www.facebook.com\/eslebedasauto.at\" \/>\n<meta property=\"article:published_time\" content=\"2025-05-07T17:31:31+00:00\" \/>\n<meta property=\"article:modified_time\" content=\"2025-05-07T17:43:07+00:00\" \/>\n<meta property=\"og:image\" content=\"https:\/\/www.eslebedasauto.at\/wp-content\/uploads\/2025\/04\/IMG_1845.jpeg\" \/>\n\t<meta property=\"og:image:width\" content=\"2048\" \/>\n\t<meta property=\"og:image:height\" content=\"1536\" \/>\n\t<meta property=\"og:image:type\" content=\"image\/jpeg\" \/>\n<meta name=\"author\" content=\"gerhard\" \/>\n<meta name=\"twitter:card\" content=\"summary_large_image\" \/>\n<meta name=\"twitter:label1\" content=\"Written by\" \/>\n\t<meta name=\"twitter:data1\" content=\"gerhard\" \/>\n\t<meta name=\"twitter:label2\" content=\"Estimated reading time\" \/>\n\t<meta name=\"twitter:data2\" content=\"5 minutes\" \/>\n<script type=\"application\/ld+json\" class=\"yoast-schema-graph\">{\"@context\":\"https:\/\/schema.org\",\"@graph\":[{\"@type\":\"Article\",\"@id\":\"https:\/\/www.eslebedasauto.at\/peugeot-408-gt-phev-test\/#article\",\"isPartOf\":{\"@id\":\"https:\/\/www.eslebedasauto.at\/peugeot-408-gt-phev-test\/\"},\"author\":{\"name\":\"gerhard\",\"@id\":\"https:\/\/www.eslebedasauto.at\/#\/schema\/person\/fb81218b0bed500d225ff518f9f17033\"},\"headline\":\"Peugeot 408 &#8211; Gro\u00dfartig reisen.\",\"datePublished\":\"2025-05-07T17:31:31+00:00\",\"dateModified\":\"2025-05-07T17:43:07+00:00\",\"mainEntityOfPage\":{\"@id\":\"https:\/\/www.eslebedasauto.at\/peugeot-408-gt-phev-test\/\"},\"wordCount\":504,\"commentCount\":0,\"publisher\":{\"@id\":\"https:\/\/www.eslebedasauto.at\/#organization\"},\"image\":{\"@id\":\"https:\/\/www.eslebedasauto.at\/peugeot-408-gt-phev-test\/#primaryimage\"},\"thumbnailUrl\":\"https:\/\/www.eslebedasauto.at\/wp-content\/uploads\/2025\/04\/IMG_1845.jpeg\",\"articleSection\":[\"Fahrberichte\",\"Hybrid\"],\"inLanguage\":\"en-GB\",\"potentialAction\":[{\"@type\":\"CommentAction\",\"name\":\"Comment\",\"target\":[\"https:\/\/www.eslebedasauto.at\/peugeot-408-gt-phev-test\/#respond\"]}]},{\"@type\":\"WebPage\",\"@id\":\"https:\/\/www.eslebedasauto.at\/peugeot-408-gt-phev-test\/\",\"url\":\"https:\/\/www.eslebedasauto.at\/peugeot-408-gt-phev-test\/\",\"name\":\"Peugeot 408 - Gro\u00dfartig reisen. - Es lebe das Auto\",\"isPartOf\":{\"@id\":\"https:\/\/www.eslebedasauto.at\/#website\"},\"primaryImageOfPage\":{\"@id\":\"https:\/\/www.eslebedasauto.at\/peugeot-408-gt-phev-test\/#primaryimage\"},\"image\":{\"@id\":\"https:\/\/www.eslebedasauto.at\/peugeot-408-gt-phev-test\/#primaryimage\"},\"thumbnailUrl\":\"https:\/\/www.eslebedasauto.at\/wp-content\/uploads\/2025\/04\/IMG_1845.jpeg\",\"datePublished\":\"2025-05-07T17:31:31+00:00\",\"dateModified\":\"2025-05-07T17:43:07+00:00\",\"description\":\"Zu viert nach Italien. Das erfordert das passende Reiseauto. Dass es dabei nicht unbedingt ein SUV sein muss, belegt der elegante Peugeot 408.\",\"breadcrumb\":{\"@id\":\"https:\/\/www.eslebedasauto.at\/peugeot-408-gt-phev-test\/#breadcrumb\"},\"inLanguage\":\"en-GB\",\"potentialAction\":[{\"@type\":\"ReadAction\",\"target\":[\"https:\/\/www.eslebedasauto.at\/peugeot-408-gt-phev-test\/\"]}]},{\"@type\":\"ImageObject\",\"inLanguage\":\"en-GB\",\"@id\":\"https:\/\/www.eslebedasauto.at\/peugeot-408-gt-phev-test\/#primaryimage\",\"url\":\"https:\/\/www.eslebedasauto.at\/wp-content\/uploads\/2025\/04\/IMG_1845.jpeg\",\"contentUrl\":\"https:\/\/www.eslebedasauto.at\/wp-content\/uploads\/2025\/04\/IMG_1845.jpeg\",\"width\":2048,\"height\":1536},{\"@type\":\"BreadcrumbList\",\"@id\":\"https:\/\/www.eslebedasauto.at\/peugeot-408-gt-phev-test\/#breadcrumb\",\"itemListElement\":[{\"@type\":\"ListItem\",\"position\":1,\"name\":\"Startseite\",\"item\":\"https:\/\/www.eslebedasauto.at\/\"},{\"@type\":\"ListItem\",\"position\":2,\"name\":\"Peugeot 408 &#8211; Gro\u00dfartig reisen.\"}]},{\"@type\":\"WebSite\",\"@id\":\"https:\/\/www.eslebedasauto.at\/#website\",\"url\":\"https:\/\/www.eslebedasauto.at\/\",\"name\":\"Es lebe das Auto\",\"description\":\"ein Hoch auf den Individualverkehr\",\"publisher\":{\"@id\":\"https:\/\/www.eslebedasauto.at\/#organization\"},\"potentialAction\":[{\"@type\":\"SearchAction\",\"target\":{\"@type\":\"EntryPoint\",\"urlTemplate\":\"https:\/\/www.eslebedasauto.at\/?s={search_term_string}\"},\"query-input\":{\"@type\":\"PropertyValueSpecification\",\"valueRequired\":true,\"valueName\":\"search_term_string\"}}],\"inLanguage\":\"en-GB\"},{\"@type\":\"Organization\",\"@id\":\"https:\/\/www.eslebedasauto.at\/#organization\",\"name\":\"eslebedasauto\",\"url\":\"https:\/\/www.eslebedasauto.at\/\",\"logo\":{\"@type\":\"ImageObject\",\"inLanguage\":\"en-GB\",\"@id\":\"https:\/\/www.eslebedasauto.at\/#\/schema\/logo\/image\/\",\"url\":\"https:\/\/www.eslebedasauto.at\/wp-content\/uploads\/2025\/10\/eldarund.png\",\"contentUrl\":\"https:\/\/www.eslebedasauto.at\/wp-content\/uploads\/2025\/10\/eldarund.png\",\"width\":1024,\"height\":1024,\"caption\":\"eslebedasauto\"},\"image\":{\"@id\":\"https:\/\/www.eslebedasauto.at\/#\/schema\/logo\/image\/\"},\"sameAs\":[\"https:\/\/www.facebook.com\/eslebedasauto.at\",\"https:\/\/www.instagram.com\/es_lebe_das_auto\/\"]},{\"@type\":\"Person\",\"@id\":\"https:\/\/www.eslebedasauto.at\/#\/schema\/person\/fb81218b0bed500d225ff518f9f17033\",\"name\":\"gerhard\",\"url\":\"https:\/\/www.eslebedasauto.at\/en\/author\/gerhard\/\"}]}<\/script>\n<!-- \/ Yoast SEO plugin. -->","yoast_head_json":{"title":"Peugeot 408 - Gro\u00dfartig reisen. - Es lebe das Auto","description":"Zu viert nach Italien. Das erfordert das passende Reiseauto. Dass es dabei nicht unbedingt ein SUV sein muss, belegt der elegante Peugeot 408.","robots":{"index":"index","follow":"follow","max-snippet":"max-snippet:-1","max-image-preview":"max-image-preview:large","max-video-preview":"max-video-preview:-1"},"canonical":"https:\/\/www.eslebedasauto.at\/en\/peugeot-408-gt-phev-test\/","og_locale":"en_GB","og_type":"article","og_title":"Peugeot 408 - Gro\u00dfartig reisen. - Es lebe das Auto","og_description":"Zu viert nach Italien. Das erfordert das passende Reiseauto. Dass es dabei nicht unbedingt ein SUV sein muss, belegt der elegante Peugeot 408.","og_url":"https:\/\/www.eslebedasauto.at\/en\/peugeot-408-gt-phev-test\/","og_site_name":"Es lebe das Auto","article_publisher":"https:\/\/www.facebook.com\/eslebedasauto.at","article_published_time":"2025-05-07T17:31:31+00:00","article_modified_time":"2025-05-07T17:43:07+00:00","og_image":[{"width":2048,"height":1536,"url":"https:\/\/www.eslebedasauto.at\/wp-content\/uploads\/2025\/04\/IMG_1845.jpeg","type":"image\/jpeg"}],"author":"gerhard","twitter_card":"summary_large_image","twitter_misc":{"Written by":"gerhard","Estimated reading time":"5 minutes"},"schema":{"@context":"https:\/\/schema.org","@graph":[{"@type":"Article","@id":"https:\/\/www.eslebedasauto.at\/peugeot-408-gt-phev-test\/#article","isPartOf":{"@id":"https:\/\/www.eslebedasauto.at\/peugeot-408-gt-phev-test\/"},"author":{"name":"gerhard","@id":"https:\/\/www.eslebedasauto.at\/#\/schema\/person\/fb81218b0bed500d225ff518f9f17033"},"headline":"Peugeot 408 &#8211; Gro\u00dfartig reisen.","datePublished":"2025-05-07T17:31:31+00:00","dateModified":"2025-05-07T17:43:07+00:00","mainEntityOfPage":{"@id":"https:\/\/www.eslebedasauto.at\/peugeot-408-gt-phev-test\/"},"wordCount":504,"commentCount":0,"publisher":{"@id":"https:\/\/www.eslebedasauto.at\/#organization"},"image":{"@id":"https:\/\/www.eslebedasauto.at\/peugeot-408-gt-phev-test\/#primaryimage"},"thumbnailUrl":"https:\/\/www.eslebedasauto.at\/wp-content\/uploads\/2025\/04\/IMG_1845.jpeg","articleSection":["Fahrberichte","Hybrid"],"inLanguage":"en-GB","potentialAction":[{"@type":"CommentAction","name":"Comment","target":["https:\/\/www.eslebedasauto.at\/peugeot-408-gt-phev-test\/#respond"]}]},{"@type":"WebPage","@id":"https:\/\/www.eslebedasauto.at\/peugeot-408-gt-phev-test\/","url":"https:\/\/www.eslebedasauto.at\/peugeot-408-gt-phev-test\/","name":"Peugeot 408 - Gro\u00dfartig reisen. - Es lebe das Auto","isPartOf":{"@id":"https:\/\/www.eslebedasauto.at\/#website"},"primaryImageOfPage":{"@id":"https:\/\/www.eslebedasauto.at\/peugeot-408-gt-phev-test\/#primaryimage"},"image":{"@id":"https:\/\/www.eslebedasauto.at\/peugeot-408-gt-phev-test\/#primaryimage"},"thumbnailUrl":"https:\/\/www.eslebedasauto.at\/wp-content\/uploads\/2025\/04\/IMG_1845.jpeg","datePublished":"2025-05-07T17:31:31+00:00","dateModified":"2025-05-07T17:43:07+00:00","description":"Zu viert nach Italien. Das erfordert das passende Reiseauto. Dass es dabei nicht unbedingt ein SUV sein muss, belegt der elegante Peugeot 408.","breadcrumb":{"@id":"https:\/\/www.eslebedasauto.at\/peugeot-408-gt-phev-test\/#breadcrumb"},"inLanguage":"en-GB","potentialAction":[{"@type":"ReadAction","target":["https:\/\/www.eslebedasauto.at\/peugeot-408-gt-phev-test\/"]}]},{"@type":"ImageObject","inLanguage":"en-GB","@id":"https:\/\/www.eslebedasauto.at\/peugeot-408-gt-phev-test\/#primaryimage","url":"https:\/\/www.eslebedasauto.at\/wp-content\/uploads\/2025\/04\/IMG_1845.jpeg","contentUrl":"https:\/\/www.eslebedasauto.at\/wp-content\/uploads\/2025\/04\/IMG_1845.jpeg","width":2048,"height":1536},{"@type":"BreadcrumbList","@id":"https:\/\/www.eslebedasauto.at\/peugeot-408-gt-phev-test\/#breadcrumb","itemListElement":[{"@type":"ListItem","position":1,"name":"Startseite","item":"https:\/\/www.eslebedasauto.at\/"},{"@type":"ListItem","position":2,"name":"Peugeot 408 &#8211; Gro\u00dfartig reisen."}]},{"@type":"WebSite","@id":"https:\/\/www.eslebedasauto.at\/#website","url":"https:\/\/www.eslebedasauto.at\/","name":"Es lebe das Auto","description":"ein Hoch auf den Individualverkehr","publisher":{"@id":"https:\/\/www.eslebedasauto.at\/#organization"},"potentialAction":[{"@type":"SearchAction","target":{"@type":"EntryPoint","urlTemplate":"https:\/\/www.eslebedasauto.at\/?s={search_term_string}"},"query-input":{"@type":"PropertyValueSpecification","valueRequired":true,"valueName":"search_term_string"}}],"inLanguage":"en-GB"},{"@type":"Organization","@id":"https:\/\/www.eslebedasauto.at\/#organization","name":"eslebedasauto","url":"https:\/\/www.eslebedasauto.at\/","logo":{"@type":"ImageObject","inLanguage":"en-GB","@id":"https:\/\/www.eslebedasauto.at\/#\/schema\/logo\/image\/","url":"https:\/\/www.eslebedasauto.at\/wp-content\/uploads\/2025\/10\/eldarund.png","contentUrl":"https:\/\/www.eslebedasauto.at\/wp-content\/uploads\/2025\/10\/eldarund.png","width":1024,"height":1024,"caption":"eslebedasauto"},"image":{"@id":"https:\/\/www.eslebedasauto.at\/#\/schema\/logo\/image\/"},"sameAs":["https:\/\/www.facebook.com\/eslebedasauto.at","https:\/\/www.instagram.com\/es_lebe_das_auto\/"]},{"@type":"Person","@id":"https:\/\/www.eslebedasauto.at\/#\/schema\/person\/fb81218b0bed500d225ff518f9f17033","name":"gerhard","url":"https:\/\/www.eslebedasauto.at\/en\/author\/gerhard\/"}]}},"_links":{"self":[{"href":"https:\/\/www.eslebedasauto.at\/en\/wp-json\/wp\/v2\/posts\/98764","targetHints":{"allow":["GET"]}}],"collection":[{"href":"https:\/\/www.eslebedasauto.at\/en\/wp-json\/wp\/v2\/posts"}],"about":[{"href":"https:\/\/www.eslebedasauto.at\/en\/wp-json\/wp\/v2\/types\/post"}],"author":[{"embeddable":true,"href":"https:\/\/www.eslebedasauto.at\/en\/wp-json\/wp\/v2\/users\/2"}],"replies":[{"embeddable":true,"href":"https:\/\/www.eslebedasauto.at\/en\/wp-json\/wp\/v2\/comments?post=98764"}],"version-history":[{"count":3,"href":"https:\/\/www.eslebedasauto.at\/en\/wp-json\/wp\/v2\/posts\/98764\/revisions"}],"predecessor-version":[{"id":98770,"href":"https:\/\/www.eslebedasauto.at\/en\/wp-json\/wp\/v2\/posts\/98764\/revisions\/98770"}],"wp:featuredmedia":[{"embeddable":true,"href":"https:\/\/www.eslebedasauto.at\/en\/wp-json\/wp\/v2\/media\/98595"}],"wp:attachment":[{"href":"https:\/\/www.eslebedasauto.at\/en\/wp-json\/wp\/v2\/media?parent=98764"}],"wp:term":[{"taxonomy":"category","embeddable":true,"href":"https:\/\/www.eslebedasauto.at\/en\/wp-json\/wp\/v2\/categories?post=98764"},{"taxonomy":"post_tag","embeddable":true,"href":"https:\/\/www.eslebedasauto.at\/en\/wp-json\/wp\/v2\/tags?post=98764"}],"curies":[{"name":"wp","href":"https:\/\/api.w.org\/{rel}","templated":true}]}}