{"id":98554,"date":"2025-04-21T16:41:49","date_gmt":"2025-04-21T14:41:49","guid":{"rendered":"https:\/\/www.eslebedasauto.at\/?p=98554"},"modified":"2025-04-21T16:41:51","modified_gmt":"2025-04-21T14:41:51","slug":"hyundai-santa-fe-test","status":"publish","type":"post","link":"https:\/\/www.eslebedasauto.at\/en\/hyundai-santa-fe-test\/","title":{"rendered":"Hyundai Santa Fe &#8211; Voll die Kante."},"content":{"rendered":"<h4 id=\"wenn-man-ein-kind-bittet-ein-auto-zu-zeichnen-dann-wird-das-ergebnis-wahrscheinlich-wie-der-neue-hyundai-santa-fe-aussehen-das-soll-jetzt-kein-vorwurf-an-hyundai-sein-zeigt-aber-dass-die-koreaner\" class=\"wp-block-heading\">Wenn man ein Kind bittet, ein Auto zu zeichnen, dann wird das Ergebnis wahrscheinlich wie der neue Hyundai Santa Fe aussehen. Das soll jetzt kein Vorwurf an Hyundai sein, zeigt aber, dass die Koreaner mit ihrem gr\u00f6\u00dften SUV nicht falsch liegen k\u00f6nnen &#8211; denn Kinder haben immer recht. \ud83d\ude42<\/h4>\n\n\n\n<figure class=\"wp-block-image size-large\"><img fetchpriority=\"high\" decoding=\"async\" width=\"1024\" height=\"768\" src=\"https:\/\/www.eslebedasauto.at\/wp-content\/uploads\/2025\/04\/IMG_1599-1024x768.jpeg\" alt=\"\" class=\"wp-image-98556\" srcset=\"https:\/\/www.eslebedasauto.at\/wp-content\/uploads\/2025\/04\/IMG_1599-1024x768.jpeg 1024w, https:\/\/www.eslebedasauto.at\/wp-content\/uploads\/2025\/04\/IMG_1599-300x225.jpeg 300w, https:\/\/www.eslebedasauto.at\/wp-content\/uploads\/2025\/04\/IMG_1599-768x576.jpeg 768w, https:\/\/www.eslebedasauto.at\/wp-content\/uploads\/2025\/04\/IMG_1599-1536x1152.jpeg 1536w, https:\/\/www.eslebedasauto.at\/wp-content\/uploads\/2025\/04\/IMG_1599.jpeg 2048w\" sizes=\"(max-width: 1024px) 100vw, 1024px\" \/><\/figure>\n\n\n\n<p><strong>Hyundai hat beim neuen Santa Fe radikal durchgegriffen und nahezu s\u00e4mtliche Rundungen eliminiert.<\/strong> Lediglich die Radl\u00e4ufe k\u00f6nnen zweckentsprechend nicht mithalten &#8211; sonst w\u00e4ren ja auch die R\u00e4der eckig. So aber: Voll die Kante. Und es sieht cool aus &#8211; meinen zumindest wir. Hyundai ist es n\u00e4mlich gelungen, nicht blo\u00df ein gro\u00dfes (4,83 m), eckiges Auto auf die Stra\u00dfe zu stellen. Gekonnte Kunstgriffe sorgen f\u00fcr so manchen Aha-Effekt. Alleine der H-Style bei den LED-Lichtern vorne und hinten hat viele Bewunderer gefunden.<\/p>\n\n\n\n<figure class=\"wp-block-image size-large\"><img decoding=\"async\" width=\"1024\" height=\"768\" src=\"https:\/\/www.eslebedasauto.at\/wp-content\/uploads\/2025\/04\/IMG_1595-1024x768.jpeg\" alt=\"\" class=\"wp-image-98555\" srcset=\"https:\/\/www.eslebedasauto.at\/wp-content\/uploads\/2025\/04\/IMG_1595-1024x768.jpeg 1024w, https:\/\/www.eslebedasauto.at\/wp-content\/uploads\/2025\/04\/IMG_1595-300x225.jpeg 300w, https:\/\/www.eslebedasauto.at\/wp-content\/uploads\/2025\/04\/IMG_1595-768x576.jpeg 768w, https:\/\/www.eslebedasauto.at\/wp-content\/uploads\/2025\/04\/IMG_1595-1536x1152.jpeg 1536w, https:\/\/www.eslebedasauto.at\/wp-content\/uploads\/2025\/04\/IMG_1595.jpeg 2048w\" sizes=\"(max-width: 1024px) 100vw, 1024px\" \/><\/figure>\n\n\n\n<p><strong>Was ebenfalls positiv aufgefallen ist, ist die weitgehend lautlose Fortbewegung mit dem Hyundai Santa Fe.<\/strong> Angesichts der Kantigkeit, \u00fcberrascht die Absenz st\u00f6render Windger\u00e4usche und auch der perfekt arbeitende Plug-in-Hybrid (Systemleistung 215 PS) jongliert gekonnt zwischen Elektro- und Verbrennungsmotor. Auf der Autobahn wird so oft es geht lautlos dahingesegelt &#8211; also ohne motorischer Unterst\u00fctzung. Das sorgt f\u00fcr hervorragende Effizienz &#8211; unser Testschnitt lag bei rund sieben Liter Super &#8211; trotz jeder Menge Kilometer auf deutschen Autobahnen.<\/p>\n\n\n\n<figure class=\"wp-block-image size-large\"><img decoding=\"async\" width=\"768\" height=\"1024\" src=\"https:\/\/www.eslebedasauto.at\/wp-content\/uploads\/2025\/03\/IMG_4234-768x1024.jpg\" alt=\"\" class=\"wp-image-98275\" srcset=\"https:\/\/www.eslebedasauto.at\/wp-content\/uploads\/2025\/03\/IMG_4234-768x1024.jpg 768w, https:\/\/www.eslebedasauto.at\/wp-content\/uploads\/2025\/03\/IMG_4234-225x300.jpg 225w, https:\/\/www.eslebedasauto.at\/wp-content\/uploads\/2025\/03\/IMG_4234-1152x1536.jpg 1152w, https:\/\/www.eslebedasauto.at\/wp-content\/uploads\/2025\/03\/IMG_4234-1536x2048.jpg 1536w, https:\/\/www.eslebedasauto.at\/wp-content\/uploads\/2025\/03\/IMG_4234-scaled.jpg 1920w\" sizes=\"(max-width: 768px) 100vw, 768px\" \/><\/figure>\n\n\n\n<h3 id=\"lange-reisen-sind-uberhaupt-die-starke-des-santa-fe\" class=\"wp-block-heading\">Lange Reisen sind \u00fcberhaupt die St\u00e4rke des Santa Fe. <\/h3>\n\n\n\n<p>Man thront auf hervorragenden Sitzen &#8211; selbstverst\u00e4ndlich voll klimatisiert &#8211; und navigiert mit lockerer Hand dahin. Die Lenkung ist pr\u00e4zise und leichtg\u00e4ngig. Der Fahrkomfort wird hoch gehalten &#8211; selbst schlechte Stra\u00dfen werden von der langhubigen Federung weggeb\u00fcgelt. Auch die Bedienung des Infotainmentsystems- eine gekonnte Mischung aus haptischen Tasten- und Touchscreen-Befehlen geht leicht von der Hand. Dass auch der Hyundai Santa Fe mit akustischen Warnt\u00f6nen nicht geizt, hat uns nicht \u00fcberrascht, in Korea scheint sowas ziemlich trendy zu sein &#8211; leider wei\u00df man oft nicht, warum jetzt gerade gewarnt wurde.<\/p>\n\n\n\n<figure class=\"wp-block-image size-large\"><img loading=\"lazy\" decoding=\"async\" width=\"768\" height=\"1024\" src=\"https:\/\/www.eslebedasauto.at\/wp-content\/uploads\/2025\/03\/IMG_4227-768x1024.jpg\" alt=\"\" class=\"wp-image-98268\" srcset=\"https:\/\/www.eslebedasauto.at\/wp-content\/uploads\/2025\/03\/IMG_4227-768x1024.jpg 768w, https:\/\/www.eslebedasauto.at\/wp-content\/uploads\/2025\/03\/IMG_4227-225x300.jpg 225w, https:\/\/www.eslebedasauto.at\/wp-content\/uploads\/2025\/03\/IMG_4227-1152x1536.jpg 1152w, https:\/\/www.eslebedasauto.at\/wp-content\/uploads\/2025\/03\/IMG_4227-1536x2048.jpg 1536w, https:\/\/www.eslebedasauto.at\/wp-content\/uploads\/2025\/03\/IMG_4227-scaled.jpg 1920w\" sizes=\"(max-width: 768px) 100vw, 768px\" \/><\/figure>\n\n\n\n<figure class=\"wp-block-gallery has-nested-images columns-default is-cropped wp-block-gallery-1 is-layout-flex wp-block-gallery-is-layout-flex\">\n<figure class=\"wp-block-image size-large\"><img loading=\"lazy\" decoding=\"async\" width=\"1024\" height=\"768\" data-id=\"98281\" src=\"https:\/\/www.eslebedasauto.at\/wp-content\/uploads\/2025\/03\/IMG_4240-1024x768.jpg\" alt=\"\" class=\"wp-image-98281\" srcset=\"https:\/\/www.eslebedasauto.at\/wp-content\/uploads\/2025\/03\/IMG_4240-1024x768.jpg 1024w, https:\/\/www.eslebedasauto.at\/wp-content\/uploads\/2025\/03\/IMG_4240-300x225.jpg 300w, https:\/\/www.eslebedasauto.at\/wp-content\/uploads\/2025\/03\/IMG_4240-768x576.jpg 768w, https:\/\/www.eslebedasauto.at\/wp-content\/uploads\/2025\/03\/IMG_4240-1536x1152.jpg 1536w, https:\/\/www.eslebedasauto.at\/wp-content\/uploads\/2025\/03\/IMG_4240-2048x1536.jpg 2048w\" sizes=\"(max-width: 1024px) 100vw, 1024px\" \/><\/figure>\n\n\n\n<figure class=\"wp-block-image size-large\"><img loading=\"lazy\" decoding=\"async\" width=\"768\" height=\"1024\" data-id=\"98280\" src=\"https:\/\/www.eslebedasauto.at\/wp-content\/uploads\/2025\/03\/IMG_4239-768x1024.jpg\" alt=\"\" class=\"wp-image-98280\" srcset=\"https:\/\/www.eslebedasauto.at\/wp-content\/uploads\/2025\/03\/IMG_4239-768x1024.jpg 768w, https:\/\/www.eslebedasauto.at\/wp-content\/uploads\/2025\/03\/IMG_4239-225x300.jpg 225w, https:\/\/www.eslebedasauto.at\/wp-content\/uploads\/2025\/03\/IMG_4239-1152x1536.jpg 1152w, https:\/\/www.eslebedasauto.at\/wp-content\/uploads\/2025\/03\/IMG_4239-1536x2048.jpg 1536w, https:\/\/www.eslebedasauto.at\/wp-content\/uploads\/2025\/03\/IMG_4239-scaled.jpg 1920w\" sizes=\"(max-width: 768px) 100vw, 768px\" \/><\/figure>\n\n\n\n<figure class=\"wp-block-image size-large\"><img loading=\"lazy\" decoding=\"async\" width=\"768\" height=\"1024\" data-id=\"98278\" src=\"https:\/\/www.eslebedasauto.at\/wp-content\/uploads\/2025\/03\/IMG_4237-768x1024.jpg\" alt=\"\" class=\"wp-image-98278\" srcset=\"https:\/\/www.eslebedasauto.at\/wp-content\/uploads\/2025\/03\/IMG_4237-768x1024.jpg 768w, https:\/\/www.eslebedasauto.at\/wp-content\/uploads\/2025\/03\/IMG_4237-225x300.jpg 225w, https:\/\/www.eslebedasauto.at\/wp-content\/uploads\/2025\/03\/IMG_4237-1152x1536.jpg 1152w, https:\/\/www.eslebedasauto.at\/wp-content\/uploads\/2025\/03\/IMG_4237-1536x2048.jpg 1536w, https:\/\/www.eslebedasauto.at\/wp-content\/uploads\/2025\/03\/IMG_4237-scaled.jpg 1920w\" sizes=\"(max-width: 768px) 100vw, 768px\" \/><\/figure>\n\n\n\n<figure class=\"wp-block-image size-large\"><img loading=\"lazy\" decoding=\"async\" width=\"768\" height=\"1024\" data-id=\"98282\" src=\"https:\/\/www.eslebedasauto.at\/wp-content\/uploads\/2025\/03\/IMG_4241-768x1024.jpg\" alt=\"\" class=\"wp-image-98282\" srcset=\"https:\/\/www.eslebedasauto.at\/wp-content\/uploads\/2025\/03\/IMG_4241-768x1024.jpg 768w, https:\/\/www.eslebedasauto.at\/wp-content\/uploads\/2025\/03\/IMG_4241-225x300.jpg 225w, https:\/\/www.eslebedasauto.at\/wp-content\/uploads\/2025\/03\/IMG_4241-1152x1536.jpg 1152w, https:\/\/www.eslebedasauto.at\/wp-content\/uploads\/2025\/03\/IMG_4241-1536x2048.jpg 1536w, https:\/\/www.eslebedasauto.at\/wp-content\/uploads\/2025\/03\/IMG_4241-scaled.jpg 1920w\" sizes=\"(max-width: 768px) 100vw, 768px\" \/><\/figure>\n\n\n\n<figure class=\"wp-block-image size-large\"><img loading=\"lazy\" decoding=\"async\" width=\"768\" height=\"1024\" data-id=\"98267\" src=\"https:\/\/www.eslebedasauto.at\/wp-content\/uploads\/2025\/03\/IMG_4226-768x1024.jpg\" alt=\"\" class=\"wp-image-98267\" srcset=\"https:\/\/www.eslebedasauto.at\/wp-content\/uploads\/2025\/03\/IMG_4226-768x1024.jpg 768w, https:\/\/www.eslebedasauto.at\/wp-content\/uploads\/2025\/03\/IMG_4226-225x300.jpg 225w, https:\/\/www.eslebedasauto.at\/wp-content\/uploads\/2025\/03\/IMG_4226-1152x1536.jpg 1152w, https:\/\/www.eslebedasauto.at\/wp-content\/uploads\/2025\/03\/IMG_4226-1536x2048.jpg 1536w, https:\/\/www.eslebedasauto.at\/wp-content\/uploads\/2025\/03\/IMG_4226-scaled.jpg 1920w\" sizes=\"(max-width: 768px) 100vw, 768px\" \/><\/figure>\n<\/figure>\n\n\n\n<p><\/p>\n\n\n\n<p><strong>Die Vorteile des Box-Designs liegen auf der Hand beziehungsweise im Inneren.<\/strong> Der verf\u00fcgbare Platz ist einfach ph\u00e4nomenal &#8211; da wird kein Liter Fassungsverm\u00f6gen in irgendwelchen Rundungen verschenkt &#8211; somit eignet sich der Santa Fe vortrefflich als Reiseauto mit Vollbesetzung und Vollbeladung. Der zweite Vorteil ist die \u00dcbersichtlichkeit &#8211; dort wo das Auto nicht mehr sichtbar ist, h\u00f6rt es auch auf. Zus\u00e4tzliche Kameras rundum helfen dann auch noch beim Rangieren.<\/p>\n\n\n\n<figure class=\"wp-block-gallery has-nested-images columns-default is-cropped wp-block-gallery-2 is-layout-flex wp-block-gallery-is-layout-flex\">\n<figure class=\"wp-block-image size-large\"><img loading=\"lazy\" decoding=\"async\" width=\"768\" height=\"1024\" data-id=\"98277\" src=\"https:\/\/www.eslebedasauto.at\/wp-content\/uploads\/2025\/03\/IMG_4236-768x1024.jpg\" alt=\"\" class=\"wp-image-98277\" srcset=\"https:\/\/www.eslebedasauto.at\/wp-content\/uploads\/2025\/03\/IMG_4236-768x1024.jpg 768w, https:\/\/www.eslebedasauto.at\/wp-content\/uploads\/2025\/03\/IMG_4236-225x300.jpg 225w, https:\/\/www.eslebedasauto.at\/wp-content\/uploads\/2025\/03\/IMG_4236-1152x1536.jpg 1152w, https:\/\/www.eslebedasauto.at\/wp-content\/uploads\/2025\/03\/IMG_4236-1536x2048.jpg 1536w, https:\/\/www.eslebedasauto.at\/wp-content\/uploads\/2025\/03\/IMG_4236-scaled.jpg 1920w\" sizes=\"(max-width: 768px) 100vw, 768px\" \/><\/figure>\n\n\n\n<figure class=\"wp-block-image size-large\"><img loading=\"lazy\" decoding=\"async\" width=\"768\" height=\"1024\" data-id=\"98271\" src=\"https:\/\/www.eslebedasauto.at\/wp-content\/uploads\/2025\/03\/IMG_4230-768x1024.jpg\" alt=\"\" class=\"wp-image-98271\" srcset=\"https:\/\/www.eslebedasauto.at\/wp-content\/uploads\/2025\/03\/IMG_4230-768x1024.jpg 768w, https:\/\/www.eslebedasauto.at\/wp-content\/uploads\/2025\/03\/IMG_4230-225x300.jpg 225w, https:\/\/www.eslebedasauto.at\/wp-content\/uploads\/2025\/03\/IMG_4230-1152x1536.jpg 1152w, https:\/\/www.eslebedasauto.at\/wp-content\/uploads\/2025\/03\/IMG_4230-1536x2048.jpg 1536w, https:\/\/www.eslebedasauto.at\/wp-content\/uploads\/2025\/03\/IMG_4230-scaled.jpg 1920w\" sizes=\"(max-width: 768px) 100vw, 768px\" \/><\/figure>\n\n\n\n<figure class=\"wp-block-image size-large\"><img loading=\"lazy\" decoding=\"async\" width=\"768\" height=\"1024\" data-id=\"98273\" src=\"https:\/\/www.eslebedasauto.at\/wp-content\/uploads\/2025\/03\/IMG_4232-768x1024.jpg\" alt=\"\" class=\"wp-image-98273\" srcset=\"https:\/\/www.eslebedasauto.at\/wp-content\/uploads\/2025\/03\/IMG_4232-768x1024.jpg 768w, https:\/\/www.eslebedasauto.at\/wp-content\/uploads\/2025\/03\/IMG_4232-225x300.jpg 225w, https:\/\/www.eslebedasauto.at\/wp-content\/uploads\/2025\/03\/IMG_4232-1152x1536.jpg 1152w, https:\/\/www.eslebedasauto.at\/wp-content\/uploads\/2025\/03\/IMG_4232-1536x2048.jpg 1536w, https:\/\/www.eslebedasauto.at\/wp-content\/uploads\/2025\/03\/IMG_4232-scaled.jpg 1920w\" sizes=\"(max-width: 768px) 100vw, 768px\" \/><\/figure>\n<\/figure>\n\n\n\n<p><\/p>\n\n\n\n<h3 id=\"unterm-strich\" class=\"wp-block-heading\">Unterm Strich<\/h3>\n\n\n\n<p>Wer ein Vollwert-SUV sucht, das nicht an jeder Ecke rumsteht und auf tolle Preis-Leistungsverh\u00e4ltnisse abf\u00e4hrt, der sollte sich den Hyundai Santa Fe n\u00e4her ansehen. Der Koreaner punktet mit hochwertiger Ausstattung, bester Verarbeitung und einem bodenst\u00e4ndigen, weil leistungsm\u00e4\u00dfig nicht ausufernden Plug-in-Antrieb. Ab 53.490 Euro steht der Hyundai Santa Fe schon sehr gut ausgestattet beim H\u00e4ndler. <\/p>","protected":false},"excerpt":{"rendered":"<p>Hyundai hat beim neuen Santa Fe radikal durchgegriffen und nahezu s\u00e4mtliche Rundungen eliminiert. <\/p>","protected":false},"author":2,"featured_media":98270,"comment_status":"open","ping_status":"open","sticky":false,"template":"","format":"standard","meta":{"neve_meta_sidebar":"","neve_meta_container":"","neve_meta_enable_content_width":"","neve_meta_content_width":0,"neve_meta_title_alignment":"","neve_meta_author_avatar":"","neve_post_elements_order":"","neve_meta_disable_header":"","neve_meta_disable_footer":"","neve_meta_disable_title":"","neve_meta_reading_time":"","footnotes":""},"categories":[335,12],"tags":[],"class_list":["post-98554","post","type-post","status-publish","format-standard","has-post-thumbnail","hentry","category-fahrberichte","category-hybrid"],"yoast_head":"<!-- This site is optimized with the Yoast SEO plugin v26.8 - https:\/\/yoast.com\/product\/yoast-seo-wordpress\/ -->\n<title>Hyundai Santa Fe - Voll die Kante. - Es lebe das Auto<\/title>\n<meta name=\"description\" content=\"Hyundai hat beim neuen Santa Fe radikal durchgegriffen und nahezu s\u00e4mtliche Rundungen eliminiert.\" \/>\n<meta name=\"robots\" content=\"index, follow, max-snippet:-1, max-image-preview:large, max-video-preview:-1\" \/>\n<link rel=\"canonical\" href=\"https:\/\/www.eslebedasauto.at\/en\/hyundai-santa-fe-test\/\" \/>\n<meta property=\"og:locale\" content=\"en_GB\" \/>\n<meta property=\"og:type\" content=\"article\" \/>\n<meta property=\"og:title\" content=\"Hyundai Santa Fe - Voll die Kante. - Es lebe das Auto\" \/>\n<meta property=\"og:description\" content=\"Hyundai hat beim neuen Santa Fe radikal durchgegriffen und nahezu s\u00e4mtliche Rundungen eliminiert.\" \/>\n<meta property=\"og:url\" content=\"https:\/\/www.eslebedasauto.at\/en\/hyundai-santa-fe-test\/\" \/>\n<meta property=\"og:site_name\" content=\"Es lebe das Auto\" \/>\n<meta property=\"article:publisher\" content=\"https:\/\/www.facebook.com\/eslebedasauto.at\" \/>\n<meta property=\"article:published_time\" content=\"2025-04-21T14:41:49+00:00\" \/>\n<meta property=\"article:modified_time\" content=\"2025-04-21T14:41:51+00:00\" \/>\n<meta property=\"og:image\" content=\"https:\/\/www.eslebedasauto.at\/wp-content\/uploads\/2025\/03\/IMG_4229-scaled.jpg\" \/>\n\t<meta property=\"og:image:width\" content=\"1920\" \/>\n\t<meta property=\"og:image:height\" content=\"2560\" \/>\n\t<meta property=\"og:image:type\" content=\"image\/jpeg\" \/>\n<meta name=\"author\" content=\"gerhard\" \/>\n<meta name=\"twitter:card\" content=\"summary_large_image\" \/>\n<meta name=\"twitter:label1\" content=\"Written by\" \/>\n\t<meta name=\"twitter:data1\" content=\"gerhard\" \/>\n\t<meta name=\"twitter:label2\" content=\"Estimated reading time\" \/>\n\t<meta name=\"twitter:data2\" content=\"5 minutes\" \/>\n<script type=\"application\/ld+json\" class=\"yoast-schema-graph\">{\"@context\":\"https:\/\/schema.org\",\"@graph\":[{\"@type\":\"Article\",\"@id\":\"https:\/\/www.eslebedasauto.at\/hyundai-santa-fe-test\/#article\",\"isPartOf\":{\"@id\":\"https:\/\/www.eslebedasauto.at\/hyundai-santa-fe-test\/\"},\"author\":{\"name\":\"gerhard\",\"@id\":\"https:\/\/www.eslebedasauto.at\/#\/schema\/person\/fb81218b0bed500d225ff518f9f17033\"},\"headline\":\"Hyundai Santa Fe &#8211; Voll die Kante.\",\"datePublished\":\"2025-04-21T14:41:49+00:00\",\"dateModified\":\"2025-04-21T14:41:51+00:00\",\"mainEntityOfPage\":{\"@id\":\"https:\/\/www.eslebedasauto.at\/hyundai-santa-fe-test\/\"},\"wordCount\":464,\"commentCount\":0,\"publisher\":{\"@id\":\"https:\/\/www.eslebedasauto.at\/#organization\"},\"image\":{\"@id\":\"https:\/\/www.eslebedasauto.at\/hyundai-santa-fe-test\/#primaryimage\"},\"thumbnailUrl\":\"https:\/\/www.eslebedasauto.at\/wp-content\/uploads\/2025\/03\/IMG_4229-scaled.jpg\",\"articleSection\":[\"Fahrberichte\",\"Hybrid\"],\"inLanguage\":\"en-GB\",\"potentialAction\":[{\"@type\":\"CommentAction\",\"name\":\"Comment\",\"target\":[\"https:\/\/www.eslebedasauto.at\/hyundai-santa-fe-test\/#respond\"]}]},{\"@type\":\"WebPage\",\"@id\":\"https:\/\/www.eslebedasauto.at\/hyundai-santa-fe-test\/\",\"url\":\"https:\/\/www.eslebedasauto.at\/hyundai-santa-fe-test\/\",\"name\":\"Hyundai Santa Fe - Voll die Kante. - Es lebe das Auto\",\"isPartOf\":{\"@id\":\"https:\/\/www.eslebedasauto.at\/#website\"},\"primaryImageOfPage\":{\"@id\":\"https:\/\/www.eslebedasauto.at\/hyundai-santa-fe-test\/#primaryimage\"},\"image\":{\"@id\":\"https:\/\/www.eslebedasauto.at\/hyundai-santa-fe-test\/#primaryimage\"},\"thumbnailUrl\":\"https:\/\/www.eslebedasauto.at\/wp-content\/uploads\/2025\/03\/IMG_4229-scaled.jpg\",\"datePublished\":\"2025-04-21T14:41:49+00:00\",\"dateModified\":\"2025-04-21T14:41:51+00:00\",\"description\":\"Hyundai hat beim neuen Santa Fe radikal durchgegriffen und nahezu s\u00e4mtliche Rundungen eliminiert.\",\"breadcrumb\":{\"@id\":\"https:\/\/www.eslebedasauto.at\/hyundai-santa-fe-test\/#breadcrumb\"},\"inLanguage\":\"en-GB\",\"potentialAction\":[{\"@type\":\"ReadAction\",\"target\":[\"https:\/\/www.eslebedasauto.at\/hyundai-santa-fe-test\/\"]}]},{\"@type\":\"ImageObject\",\"inLanguage\":\"en-GB\",\"@id\":\"https:\/\/www.eslebedasauto.at\/hyundai-santa-fe-test\/#primaryimage\",\"url\":\"https:\/\/www.eslebedasauto.at\/wp-content\/uploads\/2025\/03\/IMG_4229-scaled.jpg\",\"contentUrl\":\"https:\/\/www.eslebedasauto.at\/wp-content\/uploads\/2025\/03\/IMG_4229-scaled.jpg\",\"width\":1920,\"height\":2560},{\"@type\":\"BreadcrumbList\",\"@id\":\"https:\/\/www.eslebedasauto.at\/hyundai-santa-fe-test\/#breadcrumb\",\"itemListElement\":[{\"@type\":\"ListItem\",\"position\":1,\"name\":\"Startseite\",\"item\":\"https:\/\/www.eslebedasauto.at\/\"},{\"@type\":\"ListItem\",\"position\":2,\"name\":\"Hyundai Santa Fe &#8211; Voll die Kante.\"}]},{\"@type\":\"WebSite\",\"@id\":\"https:\/\/www.eslebedasauto.at\/#website\",\"url\":\"https:\/\/www.eslebedasauto.at\/\",\"name\":\"Es lebe das Auto\",\"description\":\"ein Hoch auf den Individualverkehr\",\"publisher\":{\"@id\":\"https:\/\/www.eslebedasauto.at\/#organization\"},\"potentialAction\":[{\"@type\":\"SearchAction\",\"target\":{\"@type\":\"EntryPoint\",\"urlTemplate\":\"https:\/\/www.eslebedasauto.at\/?s={search_term_string}\"},\"query-input\":{\"@type\":\"PropertyValueSpecification\",\"valueRequired\":true,\"valueName\":\"search_term_string\"}}],\"inLanguage\":\"en-GB\"},{\"@type\":\"Organization\",\"@id\":\"https:\/\/www.eslebedasauto.at\/#organization\",\"name\":\"eslebedasauto\",\"url\":\"https:\/\/www.eslebedasauto.at\/\",\"logo\":{\"@type\":\"ImageObject\",\"inLanguage\":\"en-GB\",\"@id\":\"https:\/\/www.eslebedasauto.at\/#\/schema\/logo\/image\/\",\"url\":\"https:\/\/www.eslebedasauto.at\/wp-content\/uploads\/2025\/10\/eldarund.png\",\"contentUrl\":\"https:\/\/www.eslebedasauto.at\/wp-content\/uploads\/2025\/10\/eldarund.png\",\"width\":1024,\"height\":1024,\"caption\":\"eslebedasauto\"},\"image\":{\"@id\":\"https:\/\/www.eslebedasauto.at\/#\/schema\/logo\/image\/\"},\"sameAs\":[\"https:\/\/www.facebook.com\/eslebedasauto.at\",\"https:\/\/www.instagram.com\/es_lebe_das_auto\/\"]},{\"@type\":\"Person\",\"@id\":\"https:\/\/www.eslebedasauto.at\/#\/schema\/person\/fb81218b0bed500d225ff518f9f17033\",\"name\":\"gerhard\",\"url\":\"https:\/\/www.eslebedasauto.at\/en\/author\/gerhard\/\"}]}<\/script>\n<!-- \/ Yoast SEO plugin. -->","yoast_head_json":{"title":"Hyundai Santa Fe - Voll die Kante. - Es lebe das Auto","description":"Hyundai hat beim neuen Santa Fe radikal durchgegriffen und nahezu s\u00e4mtliche Rundungen eliminiert.","robots":{"index":"index","follow":"follow","max-snippet":"max-snippet:-1","max-image-preview":"max-image-preview:large","max-video-preview":"max-video-preview:-1"},"canonical":"https:\/\/www.eslebedasauto.at\/en\/hyundai-santa-fe-test\/","og_locale":"en_GB","og_type":"article","og_title":"Hyundai Santa Fe - Voll die Kante. - Es lebe das Auto","og_description":"Hyundai hat beim neuen Santa Fe radikal durchgegriffen und nahezu s\u00e4mtliche Rundungen eliminiert.","og_url":"https:\/\/www.eslebedasauto.at\/en\/hyundai-santa-fe-test\/","og_site_name":"Es lebe das Auto","article_publisher":"https:\/\/www.facebook.com\/eslebedasauto.at","article_published_time":"2025-04-21T14:41:49+00:00","article_modified_time":"2025-04-21T14:41:51+00:00","og_image":[{"width":1920,"height":2560,"url":"https:\/\/www.eslebedasauto.at\/wp-content\/uploads\/2025\/03\/IMG_4229-scaled.jpg","type":"image\/jpeg"}],"author":"gerhard","twitter_card":"summary_large_image","twitter_misc":{"Written by":"gerhard","Estimated reading time":"5 minutes"},"schema":{"@context":"https:\/\/schema.org","@graph":[{"@type":"Article","@id":"https:\/\/www.eslebedasauto.at\/hyundai-santa-fe-test\/#article","isPartOf":{"@id":"https:\/\/www.eslebedasauto.at\/hyundai-santa-fe-test\/"},"author":{"name":"gerhard","@id":"https:\/\/www.eslebedasauto.at\/#\/schema\/person\/fb81218b0bed500d225ff518f9f17033"},"headline":"Hyundai Santa Fe &#8211; Voll die Kante.","datePublished":"2025-04-21T14:41:49+00:00","dateModified":"2025-04-21T14:41:51+00:00","mainEntityOfPage":{"@id":"https:\/\/www.eslebedasauto.at\/hyundai-santa-fe-test\/"},"wordCount":464,"commentCount":0,"publisher":{"@id":"https:\/\/www.eslebedasauto.at\/#organization"},"image":{"@id":"https:\/\/www.eslebedasauto.at\/hyundai-santa-fe-test\/#primaryimage"},"thumbnailUrl":"https:\/\/www.eslebedasauto.at\/wp-content\/uploads\/2025\/03\/IMG_4229-scaled.jpg","articleSection":["Fahrberichte","Hybrid"],"inLanguage":"en-GB","potentialAction":[{"@type":"CommentAction","name":"Comment","target":["https:\/\/www.eslebedasauto.at\/hyundai-santa-fe-test\/#respond"]}]},{"@type":"WebPage","@id":"https:\/\/www.eslebedasauto.at\/hyundai-santa-fe-test\/","url":"https:\/\/www.eslebedasauto.at\/hyundai-santa-fe-test\/","name":"Hyundai Santa Fe - Voll die Kante. - Es lebe das Auto","isPartOf":{"@id":"https:\/\/www.eslebedasauto.at\/#website"},"primaryImageOfPage":{"@id":"https:\/\/www.eslebedasauto.at\/hyundai-santa-fe-test\/#primaryimage"},"image":{"@id":"https:\/\/www.eslebedasauto.at\/hyundai-santa-fe-test\/#primaryimage"},"thumbnailUrl":"https:\/\/www.eslebedasauto.at\/wp-content\/uploads\/2025\/03\/IMG_4229-scaled.jpg","datePublished":"2025-04-21T14:41:49+00:00","dateModified":"2025-04-21T14:41:51+00:00","description":"Hyundai hat beim neuen Santa Fe radikal durchgegriffen und nahezu s\u00e4mtliche Rundungen eliminiert.","breadcrumb":{"@id":"https:\/\/www.eslebedasauto.at\/hyundai-santa-fe-test\/#breadcrumb"},"inLanguage":"en-GB","potentialAction":[{"@type":"ReadAction","target":["https:\/\/www.eslebedasauto.at\/hyundai-santa-fe-test\/"]}]},{"@type":"ImageObject","inLanguage":"en-GB","@id":"https:\/\/www.eslebedasauto.at\/hyundai-santa-fe-test\/#primaryimage","url":"https:\/\/www.eslebedasauto.at\/wp-content\/uploads\/2025\/03\/IMG_4229-scaled.jpg","contentUrl":"https:\/\/www.eslebedasauto.at\/wp-content\/uploads\/2025\/03\/IMG_4229-scaled.jpg","width":1920,"height":2560},{"@type":"BreadcrumbList","@id":"https:\/\/www.eslebedasauto.at\/hyundai-santa-fe-test\/#breadcrumb","itemListElement":[{"@type":"ListItem","position":1,"name":"Startseite","item":"https:\/\/www.eslebedasauto.at\/"},{"@type":"ListItem","position":2,"name":"Hyundai Santa Fe &#8211; Voll die Kante."}]},{"@type":"WebSite","@id":"https:\/\/www.eslebedasauto.at\/#website","url":"https:\/\/www.eslebedasauto.at\/","name":"Es lebe das Auto","description":"ein Hoch auf den Individualverkehr","publisher":{"@id":"https:\/\/www.eslebedasauto.at\/#organization"},"potentialAction":[{"@type":"SearchAction","target":{"@type":"EntryPoint","urlTemplate":"https:\/\/www.eslebedasauto.at\/?s={search_term_string}"},"query-input":{"@type":"PropertyValueSpecification","valueRequired":true,"valueName":"search_term_string"}}],"inLanguage":"en-GB"},{"@type":"Organization","@id":"https:\/\/www.eslebedasauto.at\/#organization","name":"eslebedasauto","url":"https:\/\/www.eslebedasauto.at\/","logo":{"@type":"ImageObject","inLanguage":"en-GB","@id":"https:\/\/www.eslebedasauto.at\/#\/schema\/logo\/image\/","url":"https:\/\/www.eslebedasauto.at\/wp-content\/uploads\/2025\/10\/eldarund.png","contentUrl":"https:\/\/www.eslebedasauto.at\/wp-content\/uploads\/2025\/10\/eldarund.png","width":1024,"height":1024,"caption":"eslebedasauto"},"image":{"@id":"https:\/\/www.eslebedasauto.at\/#\/schema\/logo\/image\/"},"sameAs":["https:\/\/www.facebook.com\/eslebedasauto.at","https:\/\/www.instagram.com\/es_lebe_das_auto\/"]},{"@type":"Person","@id":"https:\/\/www.eslebedasauto.at\/#\/schema\/person\/fb81218b0bed500d225ff518f9f17033","name":"gerhard","url":"https:\/\/www.eslebedasauto.at\/en\/author\/gerhard\/"}]}},"_links":{"self":[{"href":"https:\/\/www.eslebedasauto.at\/en\/wp-json\/wp\/v2\/posts\/98554","targetHints":{"allow":["GET"]}}],"collection":[{"href":"https:\/\/www.eslebedasauto.at\/en\/wp-json\/wp\/v2\/posts"}],"about":[{"href":"https:\/\/www.eslebedasauto.at\/en\/wp-json\/wp\/v2\/types\/post"}],"author":[{"embeddable":true,"href":"https:\/\/www.eslebedasauto.at\/en\/wp-json\/wp\/v2\/users\/2"}],"replies":[{"embeddable":true,"href":"https:\/\/www.eslebedasauto.at\/en\/wp-json\/wp\/v2\/comments?post=98554"}],"version-history":[{"count":1,"href":"https:\/\/www.eslebedasauto.at\/en\/wp-json\/wp\/v2\/posts\/98554\/revisions"}],"predecessor-version":[{"id":98557,"href":"https:\/\/www.eslebedasauto.at\/en\/wp-json\/wp\/v2\/posts\/98554\/revisions\/98557"}],"wp:featuredmedia":[{"embeddable":true,"href":"https:\/\/www.eslebedasauto.at\/en\/wp-json\/wp\/v2\/media\/98270"}],"wp:attachment":[{"href":"https:\/\/www.eslebedasauto.at\/en\/wp-json\/wp\/v2\/media?parent=98554"}],"wp:term":[{"taxonomy":"category","embeddable":true,"href":"https:\/\/www.eslebedasauto.at\/en\/wp-json\/wp\/v2\/categories?post=98554"},{"taxonomy":"post_tag","embeddable":true,"href":"https:\/\/www.eslebedasauto.at\/en\/wp-json\/wp\/v2\/tags?post=98554"}],"curies":[{"name":"wp","href":"https:\/\/api.w.org\/{rel}","templated":true}]}}