{"id":97743,"date":"2025-02-05T18:40:31","date_gmt":"2025-02-05T17:40:31","guid":{"rendered":"https:\/\/www.eslebedasauto.at\/?p=97743"},"modified":"2025-02-05T19:19:59","modified_gmt":"2025-02-05T18:19:59","slug":"citroen-c3-100-ps-test","status":"publish","type":"post","link":"https:\/\/www.eslebedasauto.at\/en\/citroen-c3-100-ps-test\/","title":{"rendered":"Citroen C3 &#8211; das Warten hat sich gelohnt."},"content":{"rendered":"<h4 id=\"endlich-ist-er-bei-den-handlern-angekommen-der-neue-citroen-c3-und-wir-haben-uns-gleich-die-100-ps-verbrenner-variante-fur-einen-ausfuhrlichen-test-geschnappt\" class=\"wp-block-heading\">Endlich ist er bei den H\u00e4ndlern angekommen, der neue Citroen C3. Und wir haben uns gleich die 100-PS Verbrenner-Variante f\u00fcr einen ausf\u00fchrlichen Test geschnappt.<\/h4>\n\n\n\n<figure class=\"wp-block-image size-large\"><img fetchpriority=\"high\" decoding=\"async\" width=\"1024\" height=\"768\" src=\"https:\/\/www.eslebedasauto.at\/wp-content\/uploads\/2025\/02\/IMG_1039-1024x768.jpeg\" alt=\"\" class=\"wp-image-97760\" srcset=\"https:\/\/www.eslebedasauto.at\/wp-content\/uploads\/2025\/02\/IMG_1039-1024x768.jpeg 1024w, https:\/\/www.eslebedasauto.at\/wp-content\/uploads\/2025\/02\/IMG_1039-300x225.jpeg 300w, https:\/\/www.eslebedasauto.at\/wp-content\/uploads\/2025\/02\/IMG_1039-768x576.jpeg 768w, https:\/\/www.eslebedasauto.at\/wp-content\/uploads\/2025\/02\/IMG_1039-1536x1152.jpeg 1536w, https:\/\/www.eslebedasauto.at\/wp-content\/uploads\/2025\/02\/IMG_1039.jpeg 2048w\" sizes=\"(max-width: 1024px) 100vw, 1024px\" \/><\/figure>\n\n\n\n<p>Bereits im Juni 2024 hatten wir die Gelegenheit die neue <a href=\"https:\/\/www.eslebedasauto.at\/en\/citroen-c3-ec3-vorstellung\/\">Einsteiger-Zitrone rund um den Neusiedlersee<\/a> zu scheuchen. Schon damals haben uns die von Citroen \u00d6sterreich zur Verf\u00fcgung gestellten Vorserienfahrzeuge beeindruckt und unsere Vorfreude auf ein intensiveres Zusammentreffen gesch\u00fcrt. <\/p>\n\n\n\n<figure class=\"wp-block-image size-large\"><img decoding=\"async\" width=\"768\" height=\"1024\" src=\"https:\/\/www.eslebedasauto.at\/wp-content\/uploads\/2025\/02\/IMG_1037-768x1024.jpeg\" alt=\"\" class=\"wp-image-97758\" srcset=\"https:\/\/www.eslebedasauto.at\/wp-content\/uploads\/2025\/02\/IMG_1037-768x1024.jpeg 768w, https:\/\/www.eslebedasauto.at\/wp-content\/uploads\/2025\/02\/IMG_1037-225x300.jpeg 225w, https:\/\/www.eslebedasauto.at\/wp-content\/uploads\/2025\/02\/IMG_1037-1152x1536.jpeg 1152w, https:\/\/www.eslebedasauto.at\/wp-content\/uploads\/2025\/02\/IMG_1037.jpeg 1536w\" sizes=\"(max-width: 768px) 100vw, 768px\" \/><\/figure>\n\n\n\n<p><strong>Jetzt steht er also vor unserer T\u00fcr. Der Citroen C3 in der 100 PS Benziner-Variante<\/strong> &#8211; fesch zweifarbig in wei\u00df mit schwarzem Dach und dezenten roten Akzenten lackiert &#8211; ganz Presseauto-like in der Bestausstattung MAX. Derzeit stellt der kleine Dreizylinder die Einstiegsmotorisierung dar &#8211; gekoppelt ist er an ein Sechsgang-Schaltgetriebe. Sp\u00e4ter wird noch eine Mild-hybridisierte Version nachgereicht &#8211; ebenfalls mit 100 PS aber Automatik-Getriebe.<\/p>\n\n\n\n<figure class=\"wp-block-image size-large\"><img decoding=\"async\" width=\"1024\" height=\"768\" src=\"https:\/\/www.eslebedasauto.at\/wp-content\/uploads\/2025\/02\/IMG_1028-1024x768.jpeg\" alt=\"\" class=\"wp-image-97750\" srcset=\"https:\/\/www.eslebedasauto.at\/wp-content\/uploads\/2025\/02\/IMG_1028-1024x768.jpeg 1024w, https:\/\/www.eslebedasauto.at\/wp-content\/uploads\/2025\/02\/IMG_1028-300x225.jpeg 300w, https:\/\/www.eslebedasauto.at\/wp-content\/uploads\/2025\/02\/IMG_1028-768x576.jpeg 768w, https:\/\/www.eslebedasauto.at\/wp-content\/uploads\/2025\/02\/IMG_1028-1536x1152.jpeg 1536w, https:\/\/www.eslebedasauto.at\/wp-content\/uploads\/2025\/02\/IMG_1028.jpeg 2048w\" sizes=\"(max-width: 1024px) 100vw, 1024px\" \/><\/figure>\n\n\n\n<p><strong>Citroen hat die idealen Abmessungen getroffen<\/strong> &#8211; der C3 ist kurz genug um bei der Jagd um die innerst\u00e4dtischen Parkpl\u00e4tze mitmischen zu k\u00f6nnen aber lang genug um einer Kleinfamilie den n\u00f6tigen Platz zu bieten. Als Vorbild diente die Studie OLI und das Ergebnis ist ein h\u00fcbsches kleines SUV, welches auf Anhieb sympathisch wirkt.<\/p>\n\n\n\n<figure class=\"wp-block-image size-large\"><img loading=\"lazy\" decoding=\"async\" width=\"1024\" height=\"768\" src=\"https:\/\/www.eslebedasauto.at\/wp-content\/uploads\/2025\/02\/IMG_1033-1024x768.jpeg\" alt=\"\" class=\"wp-image-97755\" srcset=\"https:\/\/www.eslebedasauto.at\/wp-content\/uploads\/2025\/02\/IMG_1033-1024x768.jpeg 1024w, https:\/\/www.eslebedasauto.at\/wp-content\/uploads\/2025\/02\/IMG_1033-300x225.jpeg 300w, https:\/\/www.eslebedasauto.at\/wp-content\/uploads\/2025\/02\/IMG_1033-768x576.jpeg 768w, https:\/\/www.eslebedasauto.at\/wp-content\/uploads\/2025\/02\/IMG_1033-1536x1152.jpeg 1536w, https:\/\/www.eslebedasauto.at\/wp-content\/uploads\/2025\/02\/IMG_1033.jpeg 2048w\" sizes=\"(max-width: 1024px) 100vw, 1024px\" \/><\/figure>\n\n\n\n<p><strong>Der lange Radstand, kombiniert mit den geringst m\u00f6glichen \u00dcberh\u00e4ngen vorne und hinten <\/strong>sowie eine relativ breite Spur samt feschen Alufelgen ergeben ein erfrischend knuffiges Auto, das sowohl bei \u00e4lteren Menschen (erh\u00f6hter Einstieg) als auch bei der Jugend (cooles Design) gut ankommt.<\/p>\n\n\n\n<figure class=\"wp-block-gallery has-nested-images columns-default is-cropped wp-block-gallery-1 is-layout-flex wp-block-gallery-is-layout-flex\">\n<figure class=\"wp-block-image size-large\"><img loading=\"lazy\" decoding=\"async\" width=\"1024\" height=\"768\" data-id=\"97763\" src=\"https:\/\/www.eslebedasauto.at\/wp-content\/uploads\/2025\/02\/IMG_1043-1024x768.jpeg\" alt=\"\" class=\"wp-image-97763\" srcset=\"https:\/\/www.eslebedasauto.at\/wp-content\/uploads\/2025\/02\/IMG_1043-1024x768.jpeg 1024w, https:\/\/www.eslebedasauto.at\/wp-content\/uploads\/2025\/02\/IMG_1043-300x225.jpeg 300w, https:\/\/www.eslebedasauto.at\/wp-content\/uploads\/2025\/02\/IMG_1043-768x576.jpeg 768w, https:\/\/www.eslebedasauto.at\/wp-content\/uploads\/2025\/02\/IMG_1043-1536x1152.jpeg 1536w, https:\/\/www.eslebedasauto.at\/wp-content\/uploads\/2025\/02\/IMG_1043.jpeg 2048w\" sizes=\"(max-width: 1024px) 100vw, 1024px\" \/><\/figure>\n\n\n\n<figure class=\"wp-block-image size-large\"><img loading=\"lazy\" decoding=\"async\" width=\"1024\" height=\"768\" data-id=\"97753\" src=\"https:\/\/www.eslebedasauto.at\/wp-content\/uploads\/2025\/02\/IMG_1031-1024x768.jpeg\" alt=\"\" class=\"wp-image-97753\" srcset=\"https:\/\/www.eslebedasauto.at\/wp-content\/uploads\/2025\/02\/IMG_1031-1024x768.jpeg 1024w, https:\/\/www.eslebedasauto.at\/wp-content\/uploads\/2025\/02\/IMG_1031-300x225.jpeg 300w, https:\/\/www.eslebedasauto.at\/wp-content\/uploads\/2025\/02\/IMG_1031-768x576.jpeg 768w, https:\/\/www.eslebedasauto.at\/wp-content\/uploads\/2025\/02\/IMG_1031-1536x1152.jpeg 1536w, https:\/\/www.eslebedasauto.at\/wp-content\/uploads\/2025\/02\/IMG_1031.jpeg 2048w\" sizes=\"(max-width: 1024px) 100vw, 1024px\" \/><\/figure>\n<\/figure>\n\n\n\n<p><\/p>\n\n\n\n<p><strong>Auch innen gef\u00e4llt der Kleine. <\/strong>Es kommt keinerlei Mangelerscheinung auf, obwohl der Preis (ab 17.090 Euro) wohltuend niedrig ausf\u00e4llt. Citroen kombiniert gekonnt stoffartige Texturen mit gar nicht billig wirkendem Plastik, pr\u00e4sentiert die Kombiinstrumente weit hinten in einer schwarzen, \u00fcber die gesamte Breite laufenden Leiste w\u00e4hrend man die Bedienung bei den besser ausgestatteten Varianten \u00fcber den obligatorischen Touchscreen abwickelt, funktioniert das im Einsteigermodell direkt \u00fcber das eigene Smartphone, welches in einer Halterung am Armaturenbrett sitzt &#8211; eine smarte L\u00f6sung. Auch die Sitze sehen nicht nur stylisch aus, sie bieten genau jenen Komfort, den man sich von Citroen erwartet &#8211; also die volle Flauschigkeit bei dennoch erhalten gebliebener Langstreckentauglichkeit.<\/p>\n\n\n\n<figure class=\"wp-block-gallery has-nested-images columns-default is-cropped wp-block-gallery-2 is-layout-flex wp-block-gallery-is-layout-flex\">\n<figure class=\"wp-block-image size-large\"><img loading=\"lazy\" decoding=\"async\" width=\"1024\" height=\"768\" data-id=\"97764\" src=\"https:\/\/www.eslebedasauto.at\/wp-content\/uploads\/2025\/02\/IMG_1044-1024x768.jpeg\" alt=\"\" class=\"wp-image-97764\" srcset=\"https:\/\/www.eslebedasauto.at\/wp-content\/uploads\/2025\/02\/IMG_1044-1024x768.jpeg 1024w, https:\/\/www.eslebedasauto.at\/wp-content\/uploads\/2025\/02\/IMG_1044-300x225.jpeg 300w, https:\/\/www.eslebedasauto.at\/wp-content\/uploads\/2025\/02\/IMG_1044-768x576.jpeg 768w, https:\/\/www.eslebedasauto.at\/wp-content\/uploads\/2025\/02\/IMG_1044-1536x1152.jpeg 1536w, https:\/\/www.eslebedasauto.at\/wp-content\/uploads\/2025\/02\/IMG_1044.jpeg 2048w\" sizes=\"(max-width: 1024px) 100vw, 1024px\" \/><\/figure>\n\n\n\n<figure class=\"wp-block-image size-large\"><img loading=\"lazy\" decoding=\"async\" width=\"1024\" height=\"768\" data-id=\"97762\" src=\"https:\/\/www.eslebedasauto.at\/wp-content\/uploads\/2025\/02\/IMG_1042-1024x768.jpeg\" alt=\"\" class=\"wp-image-97762\" srcset=\"https:\/\/www.eslebedasauto.at\/wp-content\/uploads\/2025\/02\/IMG_1042-1024x768.jpeg 1024w, https:\/\/www.eslebedasauto.at\/wp-content\/uploads\/2025\/02\/IMG_1042-300x225.jpeg 300w, https:\/\/www.eslebedasauto.at\/wp-content\/uploads\/2025\/02\/IMG_1042-768x576.jpeg 768w, https:\/\/www.eslebedasauto.at\/wp-content\/uploads\/2025\/02\/IMG_1042-1536x1152.jpeg 1536w, https:\/\/www.eslebedasauto.at\/wp-content\/uploads\/2025\/02\/IMG_1042.jpeg 2048w\" sizes=\"(max-width: 1024px) 100vw, 1024px\" \/><\/figure>\n<\/figure>\n\n\n\n<figure class=\"wp-block-image size-large\"><img loading=\"lazy\" decoding=\"async\" width=\"1024\" height=\"768\" src=\"https:\/\/www.eslebedasauto.at\/wp-content\/uploads\/2025\/02\/IMG_1029-1024x768.jpeg\" alt=\"\" class=\"wp-image-97751\" srcset=\"https:\/\/www.eslebedasauto.at\/wp-content\/uploads\/2025\/02\/IMG_1029-1024x768.jpeg 1024w, https:\/\/www.eslebedasauto.at\/wp-content\/uploads\/2025\/02\/IMG_1029-300x225.jpeg 300w, https:\/\/www.eslebedasauto.at\/wp-content\/uploads\/2025\/02\/IMG_1029-768x576.jpeg 768w, https:\/\/www.eslebedasauto.at\/wp-content\/uploads\/2025\/02\/IMG_1029-1536x1152.jpeg 1536w, https:\/\/www.eslebedasauto.at\/wp-content\/uploads\/2025\/02\/IMG_1029.jpeg 2048w\" sizes=\"(max-width: 1024px) 100vw, 1024px\" \/><\/figure>\n\n\n\n<p><\/p>\n\n\n\n<h3 id=\"optik-und-haptik-passen-auch-innen-well-done-citroen\" class=\"wp-block-heading\">Optik und Haptik passen auch innen &#8211; well done Citroen!<\/h3>\n\n\n\n<p>Alles zusammen fasst sich richtig gut an, wirkt hochwertig verarbeitet und wenn man das feiste Lenkrad in den H\u00e4nden h\u00e4lt, dann kann man es gar nicht mehr erwarten, den Z\u00fcndschl\u00fcssel rumzudrehen &#8211; ja, hier dreht man noch am Schl\u00fcssel. Die Sitzposition ist recht gut &#8211; obwohl man hier das Lenkrad nicht an sich heranziehen kann. Auch der relativ lange Schalthebel liegt perfekt zur Stelle &#8211; die Rechte f\u00e4llt automatisch auf den Knauf. Davor befindet sich eine altmodische &#8211; weil mechanische &#8211; Handbremse. Funktioniert und wird nicht kaputt &#8211; wir lieben sowas.<\/p>\n\n\n\n<figure class=\"wp-block-image size-large\"><img loading=\"lazy\" decoding=\"async\" width=\"1024\" height=\"768\" src=\"https:\/\/www.eslebedasauto.at\/wp-content\/uploads\/2025\/02\/IMG_1040-1024x768.jpeg\" alt=\"\" class=\"wp-image-97761\" srcset=\"https:\/\/www.eslebedasauto.at\/wp-content\/uploads\/2025\/02\/IMG_1040-1024x768.jpeg 1024w, https:\/\/www.eslebedasauto.at\/wp-content\/uploads\/2025\/02\/IMG_1040-300x225.jpeg 300w, https:\/\/www.eslebedasauto.at\/wp-content\/uploads\/2025\/02\/IMG_1040-768x576.jpeg 768w, https:\/\/www.eslebedasauto.at\/wp-content\/uploads\/2025\/02\/IMG_1040-1536x1152.jpeg 1536w, https:\/\/www.eslebedasauto.at\/wp-content\/uploads\/2025\/02\/IMG_1040.jpeg 2048w\" sizes=\"(max-width: 1024px) 100vw, 1024px\" \/><\/figure>\n\n\n\n<p><strong>Der kleine Dreizylinder erwacht mit einem satten Knurren zum Leben<\/strong>, Vibrationen erspart er uns &#8211; das hat Citroen richtig gut hinbekommen. Die Erste f\u00e4llt wie von selbst in die Schaltgasse &#8211; ebenso, wie alle anderen G\u00e4nge auch. Dieses Getriebe l\u00e4sst sich wirklich vortrefflich schalten. Munter dreht der kleine Motor hoch &#8211; leider wissen wir nicht, wie hoch &#8211; es gibt keinen Drehzahlmesser. Ein kleines Manko, \u00fcber das wir hinwegsehen. Dank des relativ geringen Gewichts reicht die gebotene Leistung locker aus &#8211; erst im sechsten Gang geht dem C3 ein wenig die Puste aus, wenn es bergauf geht. Ebenfalls sehr gut hat uns die Lenkung gefallen, die einerseits sehr leichtg\u00e4ngig ausf\u00e4llt aber trotzdem pr\u00e4zise und direkt arbeitet.<\/p>\n\n\n\n<figure class=\"wp-block-image size-large\"><img loading=\"lazy\" decoding=\"async\" width=\"1024\" height=\"768\" src=\"https:\/\/www.eslebedasauto.at\/wp-content\/uploads\/2025\/02\/IMG_1038-1024x768.jpeg\" alt=\"\" class=\"wp-image-97759\" srcset=\"https:\/\/www.eslebedasauto.at\/wp-content\/uploads\/2025\/02\/IMG_1038-1024x768.jpeg 1024w, https:\/\/www.eslebedasauto.at\/wp-content\/uploads\/2025\/02\/IMG_1038-300x225.jpeg 300w, https:\/\/www.eslebedasauto.at\/wp-content\/uploads\/2025\/02\/IMG_1038-768x576.jpeg 768w, https:\/\/www.eslebedasauto.at\/wp-content\/uploads\/2025\/02\/IMG_1038-1536x1152.jpeg 1536w, https:\/\/www.eslebedasauto.at\/wp-content\/uploads\/2025\/02\/IMG_1038.jpeg 2048w\" sizes=\"(max-width: 1024px) 100vw, 1024px\" \/><\/figure>\n\n\n\n<p><strong>Das Fahrwerk ist komfortabel aber nicht knieweich<\/strong> &#8211; es ist angenehm, wie spurtreu das kleine SUV auch auf der deutschen Autobahn bei Geschwindigkeiten jenseits der 150 auf der Stra\u00dfe liegt. Das macht Spa\u00df und dieser Spa\u00df wird nicht kleiner, wenn man sich auch noch unseren Testverbrauchsschnitt von 6,2 Liter Super ansieht.<\/p>\n\n\n\n<figure class=\"wp-block-gallery has-nested-images columns-default is-cropped wp-block-gallery-3 is-layout-flex wp-block-gallery-is-layout-flex\">\n<figure class=\"wp-block-image size-large\"><img loading=\"lazy\" decoding=\"async\" width=\"1024\" height=\"768\" data-id=\"97754\" src=\"https:\/\/www.eslebedasauto.at\/wp-content\/uploads\/2025\/02\/IMG_1032-1024x768.jpeg\" alt=\"\" class=\"wp-image-97754\" srcset=\"https:\/\/www.eslebedasauto.at\/wp-content\/uploads\/2025\/02\/IMG_1032-1024x768.jpeg 1024w, https:\/\/www.eslebedasauto.at\/wp-content\/uploads\/2025\/02\/IMG_1032-300x225.jpeg 300w, https:\/\/www.eslebedasauto.at\/wp-content\/uploads\/2025\/02\/IMG_1032-768x576.jpeg 768w, https:\/\/www.eslebedasauto.at\/wp-content\/uploads\/2025\/02\/IMG_1032-1536x1152.jpeg 1536w, https:\/\/www.eslebedasauto.at\/wp-content\/uploads\/2025\/02\/IMG_1032.jpeg 2048w\" sizes=\"(max-width: 1024px) 100vw, 1024px\" \/><\/figure>\n\n\n\n<figure class=\"wp-block-image size-large\"><img loading=\"lazy\" decoding=\"async\" width=\"1024\" height=\"768\" data-id=\"97749\" src=\"https:\/\/www.eslebedasauto.at\/wp-content\/uploads\/2025\/02\/IMG_1024-1024x768.jpeg\" alt=\"\" class=\"wp-image-97749\" srcset=\"https:\/\/www.eslebedasauto.at\/wp-content\/uploads\/2025\/02\/IMG_1024-1024x768.jpeg 1024w, https:\/\/www.eslebedasauto.at\/wp-content\/uploads\/2025\/02\/IMG_1024-300x225.jpeg 300w, https:\/\/www.eslebedasauto.at\/wp-content\/uploads\/2025\/02\/IMG_1024-768x576.jpeg 768w, https:\/\/www.eslebedasauto.at\/wp-content\/uploads\/2025\/02\/IMG_1024-1536x1152.jpeg 1536w, https:\/\/www.eslebedasauto.at\/wp-content\/uploads\/2025\/02\/IMG_1024.jpeg 2048w\" sizes=\"(max-width: 1024px) 100vw, 1024px\" \/><\/figure>\n<\/figure>\n\n\n\n<h3 id=\"unterm-strich\" class=\"wp-block-heading\">Unterm Strich<\/h3>\n\n\n\n<p><strong>Citroen hat den neuen C3 genau rechtzeitig auf den Markt gebracht<\/strong> &#8211; jetzt, wo an jeder Ecke die Leistbarkeit des Autofahrens aufgrund ausufernder Fahrzeugpreise angeprangert wird, tut ein vollwertiges Auto mit einem Einstiegspreis von EUR 17.090,- (YOU) so richtig gut. Und auch unser nahezu voll ausgestatteter C3 MAX liegt mit 21.490 Euro noch immer im Rahmen des Leistbaren. Gratulation zur Punktlandung, Citroen und auch viel Erfolg mit der ebenfalls erschwinglichen E-Version des C3.<\/p>\n\n\n\n<figure class=\"wp-block-image size-large\"><img loading=\"lazy\" decoding=\"async\" width=\"1024\" height=\"768\" src=\"https:\/\/www.eslebedasauto.at\/wp-content\/uploads\/2025\/02\/IMG_1035-1024x768.jpeg\" alt=\"\" class=\"wp-image-97757\" srcset=\"https:\/\/www.eslebedasauto.at\/wp-content\/uploads\/2025\/02\/IMG_1035-1024x768.jpeg 1024w, https:\/\/www.eslebedasauto.at\/wp-content\/uploads\/2025\/02\/IMG_1035-300x225.jpeg 300w, https:\/\/www.eslebedasauto.at\/wp-content\/uploads\/2025\/02\/IMG_1035-768x576.jpeg 768w, https:\/\/www.eslebedasauto.at\/wp-content\/uploads\/2025\/02\/IMG_1035-1536x1152.jpeg 1536w, https:\/\/www.eslebedasauto.at\/wp-content\/uploads\/2025\/02\/IMG_1035.jpeg 2048w\" sizes=\"(max-width: 1024px) 100vw, 1024px\" \/><\/figure>","protected":false},"excerpt":{"rendered":"<p>Endlich ist er bei den H\u00e4ndlern angekommen, der neue Citroen C3. Und wir haben uns gleich die Verbrenner-Variante f\u00fcr einen ausf\u00fchrlichen Test geschnappt.<\/p>","protected":false},"author":2,"featured_media":97748,"comment_status":"open","ping_status":"open","sticky":false,"template":"","format":"standard","meta":{"neve_meta_sidebar":"","neve_meta_container":"","neve_meta_enable_content_width":"","neve_meta_content_width":0,"neve_meta_title_alignment":"","neve_meta_author_avatar":"","neve_post_elements_order":"","neve_meta_disable_header":"","neve_meta_disable_footer":"","neve_meta_disable_title":"","neve_meta_reading_time":"","footnotes":""},"categories":[14,335],"tags":[],"class_list":["post-97743","post","type-post","status-publish","format-standard","has-post-thumbnail","hentry","category-benzin","category-fahrberichte"],"yoast_head":"<!-- This site is optimized with the Yoast SEO plugin v26.8 - https:\/\/yoast.com\/product\/yoast-seo-wordpress\/ -->\n<title>Citroen C3 - das Warten hat sich gelohnt. - Es lebe das Auto<\/title>\n<meta name=\"description\" content=\"Endlich ist er bei den H\u00e4ndlern angekommen, der neue Citroen C3. Und wir haben uns gleich die Verbrenner-Variante f\u00fcr einen ausf\u00fchrlichen Test geschnappt.\" \/>\n<meta name=\"robots\" content=\"index, follow, max-snippet:-1, max-image-preview:large, max-video-preview:-1\" \/>\n<link rel=\"canonical\" href=\"https:\/\/www.eslebedasauto.at\/en\/citroen-c3-100-ps-test\/\" \/>\n<meta property=\"og:locale\" content=\"en_GB\" \/>\n<meta property=\"og:type\" content=\"article\" \/>\n<meta property=\"og:title\" content=\"Citroen C3 - das Warten hat sich gelohnt. - Es lebe das Auto\" \/>\n<meta property=\"og:description\" content=\"Endlich ist er bei den H\u00e4ndlern angekommen, der neue Citroen C3. Und wir haben uns gleich die Verbrenner-Variante f\u00fcr einen ausf\u00fchrlichen Test geschnappt.\" \/>\n<meta property=\"og:url\" content=\"https:\/\/www.eslebedasauto.at\/en\/citroen-c3-100-ps-test\/\" \/>\n<meta property=\"og:site_name\" content=\"Es lebe das Auto\" \/>\n<meta property=\"article:publisher\" content=\"https:\/\/www.facebook.com\/eslebedasauto.at\" \/>\n<meta property=\"article:published_time\" content=\"2025-02-05T17:40:31+00:00\" \/>\n<meta property=\"article:modified_time\" content=\"2025-02-05T18:19:59+00:00\" \/>\n<meta property=\"og:image\" content=\"https:\/\/www.eslebedasauto.at\/wp-content\/uploads\/2025\/02\/IMG_1023.jpeg\" \/>\n\t<meta property=\"og:image:width\" content=\"2048\" \/>\n\t<meta property=\"og:image:height\" content=\"1536\" \/>\n\t<meta property=\"og:image:type\" content=\"image\/jpeg\" \/>\n<meta name=\"author\" content=\"gerhard\" \/>\n<meta name=\"twitter:card\" content=\"summary_large_image\" \/>\n<meta name=\"twitter:label1\" content=\"Written by\" \/>\n\t<meta name=\"twitter:data1\" content=\"gerhard\" \/>\n\t<meta name=\"twitter:label2\" content=\"Estimated reading time\" \/>\n\t<meta name=\"twitter:data2\" content=\"7 minutes\" \/>\n<script type=\"application\/ld+json\" class=\"yoast-schema-graph\">{\"@context\":\"https:\/\/schema.org\",\"@graph\":[{\"@type\":\"Article\",\"@id\":\"https:\/\/www.eslebedasauto.at\/citroen-c3-100-ps-test\/#article\",\"isPartOf\":{\"@id\":\"https:\/\/www.eslebedasauto.at\/citroen-c3-100-ps-test\/\"},\"author\":{\"name\":\"gerhard\",\"@id\":\"https:\/\/www.eslebedasauto.at\/#\/schema\/person\/fb81218b0bed500d225ff518f9f17033\"},\"headline\":\"Citroen C3 &#8211; das Warten hat sich gelohnt.\",\"datePublished\":\"2025-02-05T17:40:31+00:00\",\"dateModified\":\"2025-02-05T18:19:59+00:00\",\"mainEntityOfPage\":{\"@id\":\"https:\/\/www.eslebedasauto.at\/citroen-c3-100-ps-test\/\"},\"wordCount\":704,\"commentCount\":1,\"publisher\":{\"@id\":\"https:\/\/www.eslebedasauto.at\/#organization\"},\"image\":{\"@id\":\"https:\/\/www.eslebedasauto.at\/citroen-c3-100-ps-test\/#primaryimage\"},\"thumbnailUrl\":\"https:\/\/www.eslebedasauto.at\/wp-content\/uploads\/2025\/02\/IMG_1023.jpeg\",\"articleSection\":[\"Benzin\",\"Fahrberichte\"],\"inLanguage\":\"en-GB\",\"potentialAction\":[{\"@type\":\"CommentAction\",\"name\":\"Comment\",\"target\":[\"https:\/\/www.eslebedasauto.at\/citroen-c3-100-ps-test\/#respond\"]}]},{\"@type\":\"WebPage\",\"@id\":\"https:\/\/www.eslebedasauto.at\/citroen-c3-100-ps-test\/\",\"url\":\"https:\/\/www.eslebedasauto.at\/citroen-c3-100-ps-test\/\",\"name\":\"Citroen C3 - das Warten hat sich gelohnt. - Es lebe das Auto\",\"isPartOf\":{\"@id\":\"https:\/\/www.eslebedasauto.at\/#website\"},\"primaryImageOfPage\":{\"@id\":\"https:\/\/www.eslebedasauto.at\/citroen-c3-100-ps-test\/#primaryimage\"},\"image\":{\"@id\":\"https:\/\/www.eslebedasauto.at\/citroen-c3-100-ps-test\/#primaryimage\"},\"thumbnailUrl\":\"https:\/\/www.eslebedasauto.at\/wp-content\/uploads\/2025\/02\/IMG_1023.jpeg\",\"datePublished\":\"2025-02-05T17:40:31+00:00\",\"dateModified\":\"2025-02-05T18:19:59+00:00\",\"description\":\"Endlich ist er bei den H\u00e4ndlern angekommen, der neue Citroen C3. Und wir haben uns gleich die Verbrenner-Variante f\u00fcr einen ausf\u00fchrlichen Test geschnappt.\",\"breadcrumb\":{\"@id\":\"https:\/\/www.eslebedasauto.at\/citroen-c3-100-ps-test\/#breadcrumb\"},\"inLanguage\":\"en-GB\",\"potentialAction\":[{\"@type\":\"ReadAction\",\"target\":[\"https:\/\/www.eslebedasauto.at\/citroen-c3-100-ps-test\/\"]}]},{\"@type\":\"ImageObject\",\"inLanguage\":\"en-GB\",\"@id\":\"https:\/\/www.eslebedasauto.at\/citroen-c3-100-ps-test\/#primaryimage\",\"url\":\"https:\/\/www.eslebedasauto.at\/wp-content\/uploads\/2025\/02\/IMG_1023.jpeg\",\"contentUrl\":\"https:\/\/www.eslebedasauto.at\/wp-content\/uploads\/2025\/02\/IMG_1023.jpeg\",\"width\":2048,\"height\":1536},{\"@type\":\"BreadcrumbList\",\"@id\":\"https:\/\/www.eslebedasauto.at\/citroen-c3-100-ps-test\/#breadcrumb\",\"itemListElement\":[{\"@type\":\"ListItem\",\"position\":1,\"name\":\"Startseite\",\"item\":\"https:\/\/www.eslebedasauto.at\/\"},{\"@type\":\"ListItem\",\"position\":2,\"name\":\"Citroen C3 &#8211; das Warten hat sich gelohnt.\"}]},{\"@type\":\"WebSite\",\"@id\":\"https:\/\/www.eslebedasauto.at\/#website\",\"url\":\"https:\/\/www.eslebedasauto.at\/\",\"name\":\"Es lebe das Auto\",\"description\":\"ein Hoch auf den Individualverkehr\",\"publisher\":{\"@id\":\"https:\/\/www.eslebedasauto.at\/#organization\"},\"potentialAction\":[{\"@type\":\"SearchAction\",\"target\":{\"@type\":\"EntryPoint\",\"urlTemplate\":\"https:\/\/www.eslebedasauto.at\/?s={search_term_string}\"},\"query-input\":{\"@type\":\"PropertyValueSpecification\",\"valueRequired\":true,\"valueName\":\"search_term_string\"}}],\"inLanguage\":\"en-GB\"},{\"@type\":\"Organization\",\"@id\":\"https:\/\/www.eslebedasauto.at\/#organization\",\"name\":\"eslebedasauto\",\"url\":\"https:\/\/www.eslebedasauto.at\/\",\"logo\":{\"@type\":\"ImageObject\",\"inLanguage\":\"en-GB\",\"@id\":\"https:\/\/www.eslebedasauto.at\/#\/schema\/logo\/image\/\",\"url\":\"https:\/\/www.eslebedasauto.at\/wp-content\/uploads\/2025\/10\/eldarund.png\",\"contentUrl\":\"https:\/\/www.eslebedasauto.at\/wp-content\/uploads\/2025\/10\/eldarund.png\",\"width\":1024,\"height\":1024,\"caption\":\"eslebedasauto\"},\"image\":{\"@id\":\"https:\/\/www.eslebedasauto.at\/#\/schema\/logo\/image\/\"},\"sameAs\":[\"https:\/\/www.facebook.com\/eslebedasauto.at\",\"https:\/\/www.instagram.com\/es_lebe_das_auto\/\"]},{\"@type\":\"Person\",\"@id\":\"https:\/\/www.eslebedasauto.at\/#\/schema\/person\/fb81218b0bed500d225ff518f9f17033\",\"name\":\"gerhard\",\"url\":\"https:\/\/www.eslebedasauto.at\/en\/author\/gerhard\/\"}]}<\/script>\n<!-- \/ Yoast SEO plugin. -->","yoast_head_json":{"title":"Citroen C3 - das Warten hat sich gelohnt. - Es lebe das Auto","description":"Endlich ist er bei den H\u00e4ndlern angekommen, der neue Citroen C3. Und wir haben uns gleich die Verbrenner-Variante f\u00fcr einen ausf\u00fchrlichen Test geschnappt.","robots":{"index":"index","follow":"follow","max-snippet":"max-snippet:-1","max-image-preview":"max-image-preview:large","max-video-preview":"max-video-preview:-1"},"canonical":"https:\/\/www.eslebedasauto.at\/en\/citroen-c3-100-ps-test\/","og_locale":"en_GB","og_type":"article","og_title":"Citroen C3 - das Warten hat sich gelohnt. - Es lebe das Auto","og_description":"Endlich ist er bei den H\u00e4ndlern angekommen, der neue Citroen C3. Und wir haben uns gleich die Verbrenner-Variante f\u00fcr einen ausf\u00fchrlichen Test geschnappt.","og_url":"https:\/\/www.eslebedasauto.at\/en\/citroen-c3-100-ps-test\/","og_site_name":"Es lebe das Auto","article_publisher":"https:\/\/www.facebook.com\/eslebedasauto.at","article_published_time":"2025-02-05T17:40:31+00:00","article_modified_time":"2025-02-05T18:19:59+00:00","og_image":[{"width":2048,"height":1536,"url":"https:\/\/www.eslebedasauto.at\/wp-content\/uploads\/2025\/02\/IMG_1023.jpeg","type":"image\/jpeg"}],"author":"gerhard","twitter_card":"summary_large_image","twitter_misc":{"Written by":"gerhard","Estimated reading time":"7 minutes"},"schema":{"@context":"https:\/\/schema.org","@graph":[{"@type":"Article","@id":"https:\/\/www.eslebedasauto.at\/citroen-c3-100-ps-test\/#article","isPartOf":{"@id":"https:\/\/www.eslebedasauto.at\/citroen-c3-100-ps-test\/"},"author":{"name":"gerhard","@id":"https:\/\/www.eslebedasauto.at\/#\/schema\/person\/fb81218b0bed500d225ff518f9f17033"},"headline":"Citroen C3 &#8211; das Warten hat sich gelohnt.","datePublished":"2025-02-05T17:40:31+00:00","dateModified":"2025-02-05T18:19:59+00:00","mainEntityOfPage":{"@id":"https:\/\/www.eslebedasauto.at\/citroen-c3-100-ps-test\/"},"wordCount":704,"commentCount":1,"publisher":{"@id":"https:\/\/www.eslebedasauto.at\/#organization"},"image":{"@id":"https:\/\/www.eslebedasauto.at\/citroen-c3-100-ps-test\/#primaryimage"},"thumbnailUrl":"https:\/\/www.eslebedasauto.at\/wp-content\/uploads\/2025\/02\/IMG_1023.jpeg","articleSection":["Benzin","Fahrberichte"],"inLanguage":"en-GB","potentialAction":[{"@type":"CommentAction","name":"Comment","target":["https:\/\/www.eslebedasauto.at\/citroen-c3-100-ps-test\/#respond"]}]},{"@type":"WebPage","@id":"https:\/\/www.eslebedasauto.at\/citroen-c3-100-ps-test\/","url":"https:\/\/www.eslebedasauto.at\/citroen-c3-100-ps-test\/","name":"Citroen C3 - das Warten hat sich gelohnt. - Es lebe das Auto","isPartOf":{"@id":"https:\/\/www.eslebedasauto.at\/#website"},"primaryImageOfPage":{"@id":"https:\/\/www.eslebedasauto.at\/citroen-c3-100-ps-test\/#primaryimage"},"image":{"@id":"https:\/\/www.eslebedasauto.at\/citroen-c3-100-ps-test\/#primaryimage"},"thumbnailUrl":"https:\/\/www.eslebedasauto.at\/wp-content\/uploads\/2025\/02\/IMG_1023.jpeg","datePublished":"2025-02-05T17:40:31+00:00","dateModified":"2025-02-05T18:19:59+00:00","description":"Endlich ist er bei den H\u00e4ndlern angekommen, der neue Citroen C3. Und wir haben uns gleich die Verbrenner-Variante f\u00fcr einen ausf\u00fchrlichen Test geschnappt.","breadcrumb":{"@id":"https:\/\/www.eslebedasauto.at\/citroen-c3-100-ps-test\/#breadcrumb"},"inLanguage":"en-GB","potentialAction":[{"@type":"ReadAction","target":["https:\/\/www.eslebedasauto.at\/citroen-c3-100-ps-test\/"]}]},{"@type":"ImageObject","inLanguage":"en-GB","@id":"https:\/\/www.eslebedasauto.at\/citroen-c3-100-ps-test\/#primaryimage","url":"https:\/\/www.eslebedasauto.at\/wp-content\/uploads\/2025\/02\/IMG_1023.jpeg","contentUrl":"https:\/\/www.eslebedasauto.at\/wp-content\/uploads\/2025\/02\/IMG_1023.jpeg","width":2048,"height":1536},{"@type":"BreadcrumbList","@id":"https:\/\/www.eslebedasauto.at\/citroen-c3-100-ps-test\/#breadcrumb","itemListElement":[{"@type":"ListItem","position":1,"name":"Startseite","item":"https:\/\/www.eslebedasauto.at\/"},{"@type":"ListItem","position":2,"name":"Citroen C3 &#8211; das Warten hat sich gelohnt."}]},{"@type":"WebSite","@id":"https:\/\/www.eslebedasauto.at\/#website","url":"https:\/\/www.eslebedasauto.at\/","name":"Es lebe das Auto","description":"ein Hoch auf den Individualverkehr","publisher":{"@id":"https:\/\/www.eslebedasauto.at\/#organization"},"potentialAction":[{"@type":"SearchAction","target":{"@type":"EntryPoint","urlTemplate":"https:\/\/www.eslebedasauto.at\/?s={search_term_string}"},"query-input":{"@type":"PropertyValueSpecification","valueRequired":true,"valueName":"search_term_string"}}],"inLanguage":"en-GB"},{"@type":"Organization","@id":"https:\/\/www.eslebedasauto.at\/#organization","name":"eslebedasauto","url":"https:\/\/www.eslebedasauto.at\/","logo":{"@type":"ImageObject","inLanguage":"en-GB","@id":"https:\/\/www.eslebedasauto.at\/#\/schema\/logo\/image\/","url":"https:\/\/www.eslebedasauto.at\/wp-content\/uploads\/2025\/10\/eldarund.png","contentUrl":"https:\/\/www.eslebedasauto.at\/wp-content\/uploads\/2025\/10\/eldarund.png","width":1024,"height":1024,"caption":"eslebedasauto"},"image":{"@id":"https:\/\/www.eslebedasauto.at\/#\/schema\/logo\/image\/"},"sameAs":["https:\/\/www.facebook.com\/eslebedasauto.at","https:\/\/www.instagram.com\/es_lebe_das_auto\/"]},{"@type":"Person","@id":"https:\/\/www.eslebedasauto.at\/#\/schema\/person\/fb81218b0bed500d225ff518f9f17033","name":"gerhard","url":"https:\/\/www.eslebedasauto.at\/en\/author\/gerhard\/"}]}},"_links":{"self":[{"href":"https:\/\/www.eslebedasauto.at\/en\/wp-json\/wp\/v2\/posts\/97743","targetHints":{"allow":["GET"]}}],"collection":[{"href":"https:\/\/www.eslebedasauto.at\/en\/wp-json\/wp\/v2\/posts"}],"about":[{"href":"https:\/\/www.eslebedasauto.at\/en\/wp-json\/wp\/v2\/types\/post"}],"author":[{"embeddable":true,"href":"https:\/\/www.eslebedasauto.at\/en\/wp-json\/wp\/v2\/users\/2"}],"replies":[{"embeddable":true,"href":"https:\/\/www.eslebedasauto.at\/en\/wp-json\/wp\/v2\/comments?post=97743"}],"version-history":[{"count":12,"href":"https:\/\/www.eslebedasauto.at\/en\/wp-json\/wp\/v2\/posts\/97743\/revisions"}],"predecessor-version":[{"id":97782,"href":"https:\/\/www.eslebedasauto.at\/en\/wp-json\/wp\/v2\/posts\/97743\/revisions\/97782"}],"wp:featuredmedia":[{"embeddable":true,"href":"https:\/\/www.eslebedasauto.at\/en\/wp-json\/wp\/v2\/media\/97748"}],"wp:attachment":[{"href":"https:\/\/www.eslebedasauto.at\/en\/wp-json\/wp\/v2\/media?parent=97743"}],"wp:term":[{"taxonomy":"category","embeddable":true,"href":"https:\/\/www.eslebedasauto.at\/en\/wp-json\/wp\/v2\/categories?post=97743"},{"taxonomy":"post_tag","embeddable":true,"href":"https:\/\/www.eslebedasauto.at\/en\/wp-json\/wp\/v2\/tags?post=97743"}],"curies":[{"name":"wp","href":"https:\/\/api.w.org\/{rel}","templated":true}]}}