{"id":96967,"date":"2024-11-13T12:43:39","date_gmt":"2024-11-13T11:43:39","guid":{"rendered":"https:\/\/www.eslebedasauto.at\/?p=96967"},"modified":"2024-11-13T12:43:39","modified_gmt":"2024-11-13T11:43:39","slug":"smart-3-ein-bisschen-suv-ein-wenig-sport-etwas-shootingbrake-fertig-ist-der-e-suv-anwaerter","status":"publish","type":"post","link":"https:\/\/www.eslebedasauto.at\/en\/smart-3-ein-bisschen-suv-ein-wenig-sport-etwas-shootingbrake-fertig-ist-der-e-suv-anwaerter\/","title":{"rendered":"Smart #3 &#8211; ein bisschen SUV, ein wenig Sport, etwas Shootingbrake &#8211; fertig ist der E-SUV Anw\u00e4rter."},"content":{"rendered":"<p>Smart hat sich v\u00f6llig neu erfunden und bringt mit dem smart #3 ein Elektro-SUV-Coup\u00e9, das Platz, sportlichen Antrieb und modernes Design in der Kompaktklasse vereint. Das urspr\u00fcngliche Konzept von smart als City-Flitzer ist Vergangenheit: Stattdessen zeigt sich der neue smart #3 als erwachsenes, schnittiges Fahrzeug, das trotz einiger Schw\u00e4chen f\u00fcr das kompakte E-SUV-Segment eine interessante Wahl ist.<br><\/p>\n\n\n\n<figure class=\"wp-block-gallery has-nested-images columns-4 is-cropped wp-block-gallery-1 is-layout-flex wp-block-gallery-is-layout-flex\">\n<figure class=\"wp-block-image size-large\"><a href=\"https:\/\/www.eslebedasauto.at\/wp-content\/uploads\/2024\/11\/IMG_9319-scaled.jpg\"><img fetchpriority=\"high\" decoding=\"async\" width=\"1024\" height=\"768\" data-id=\"97006\" src=\"https:\/\/www.eslebedasauto.at\/wp-content\/uploads\/2024\/11\/IMG_9319-1024x768.jpg\" alt=\"\" class=\"wp-image-97006\" srcset=\"https:\/\/www.eslebedasauto.at\/wp-content\/uploads\/2024\/11\/IMG_9319-1024x768.jpg 1024w, https:\/\/www.eslebedasauto.at\/wp-content\/uploads\/2024\/11\/IMG_9319-300x225.jpg 300w, https:\/\/www.eslebedasauto.at\/wp-content\/uploads\/2024\/11\/IMG_9319-768x576.jpg 768w, https:\/\/www.eslebedasauto.at\/wp-content\/uploads\/2024\/11\/IMG_9319-1536x1152.jpg 1536w, https:\/\/www.eslebedasauto.at\/wp-content\/uploads\/2024\/11\/IMG_9319-2048x1536.jpg 2048w\" sizes=\"(max-width: 1024px) 100vw, 1024px\" \/><\/a><\/figure>\n\n\n\n<figure class=\"wp-block-image size-large\"><a href=\"https:\/\/www.eslebedasauto.at\/wp-content\/uploads\/2024\/11\/IMG_9316-scaled.jpg\"><img decoding=\"async\" width=\"768\" height=\"1024\" data-id=\"97003\" src=\"https:\/\/www.eslebedasauto.at\/wp-content\/uploads\/2024\/11\/IMG_9316-768x1024.jpg\" alt=\"\" class=\"wp-image-97003\" srcset=\"https:\/\/www.eslebedasauto.at\/wp-content\/uploads\/2024\/11\/IMG_9316-768x1024.jpg 768w, https:\/\/www.eslebedasauto.at\/wp-content\/uploads\/2024\/11\/IMG_9316-225x300.jpg 225w, https:\/\/www.eslebedasauto.at\/wp-content\/uploads\/2024\/11\/IMG_9316-1152x1536.jpg 1152w, https:\/\/www.eslebedasauto.at\/wp-content\/uploads\/2024\/11\/IMG_9316-1536x2048.jpg 1536w, https:\/\/www.eslebedasauto.at\/wp-content\/uploads\/2024\/11\/IMG_9316-scaled.jpg 1920w\" sizes=\"(max-width: 768px) 100vw, 768px\" \/><\/a><\/figure>\n\n\n\n<figure class=\"wp-block-image size-large\"><a href=\"https:\/\/www.eslebedasauto.at\/wp-content\/uploads\/2024\/11\/IMG_9314-scaled.jpg\"><img decoding=\"async\" width=\"768\" height=\"1024\" data-id=\"97001\" src=\"https:\/\/www.eslebedasauto.at\/wp-content\/uploads\/2024\/11\/IMG_9314-768x1024.jpg\" alt=\"\" class=\"wp-image-97001\" srcset=\"https:\/\/www.eslebedasauto.at\/wp-content\/uploads\/2024\/11\/IMG_9314-768x1024.jpg 768w, https:\/\/www.eslebedasauto.at\/wp-content\/uploads\/2024\/11\/IMG_9314-225x300.jpg 225w, https:\/\/www.eslebedasauto.at\/wp-content\/uploads\/2024\/11\/IMG_9314-1152x1536.jpg 1152w, https:\/\/www.eslebedasauto.at\/wp-content\/uploads\/2024\/11\/IMG_9314-1536x2048.jpg 1536w, https:\/\/www.eslebedasauto.at\/wp-content\/uploads\/2024\/11\/IMG_9314-scaled.jpg 1920w\" sizes=\"(max-width: 768px) 100vw, 768px\" \/><\/a><\/figure>\n\n\n\n<figure class=\"wp-block-image size-large\"><a href=\"https:\/\/www.eslebedasauto.at\/wp-content\/uploads\/2024\/11\/IMG_9310-scaled.jpg\"><img loading=\"lazy\" decoding=\"async\" width=\"768\" height=\"1024\" data-id=\"96998\" src=\"https:\/\/www.eslebedasauto.at\/wp-content\/uploads\/2024\/11\/IMG_9310-768x1024.jpg\" alt=\"\" class=\"wp-image-96998\" srcset=\"https:\/\/www.eslebedasauto.at\/wp-content\/uploads\/2024\/11\/IMG_9310-768x1024.jpg 768w, https:\/\/www.eslebedasauto.at\/wp-content\/uploads\/2024\/11\/IMG_9310-225x300.jpg 225w, https:\/\/www.eslebedasauto.at\/wp-content\/uploads\/2024\/11\/IMG_9310-1152x1536.jpg 1152w, https:\/\/www.eslebedasauto.at\/wp-content\/uploads\/2024\/11\/IMG_9310-1536x2048.jpg 1536w, https:\/\/www.eslebedasauto.at\/wp-content\/uploads\/2024\/11\/IMG_9310-scaled.jpg 1920w\" sizes=\"(max-width: 768px) 100vw, 768px\" \/><\/a><\/figure>\n<\/figure>\n\n\n\n<h3 id=\"design-und-innenraum\" class=\"wp-block-heading\">Design und Innenraum<\/h3>\n\n\n\n<p>Mit einer L\u00e4nge von 4,40 Meter positioniert sich der smart #3 im Mittelfeld der Kompakt-SUVs. Sein futuristisches, aufger\u00e4umtes Design hebt sich im Innenraum besonders hervor. Hier wurde gro\u00dfz\u00fcgig Platz geschaffen, was besonders vorne f\u00fcr Komfort sorgt, auch wenn die hohe Mittelkonsole und deren breiter, massiver Aufbau dem Raumgef\u00fchl etwas einengt. Trotzdem f\u00fchlt sich das Fahrzeug sehr modern und stylish an. Die Verarbeitung ist insgesamt hochwertig, auch wenn viel Hartplastik verwendet wurde, das aber durch geschickt platzierte Kunstleder-Elemente aufgewertet wird.<br><br>Hinten haben auch gr\u00f6\u00dfere Passagiere gen\u00fcgend Kopffreiheit, doch die Sitzposition ist nicht perfekt: Durch die leicht nach hinten abfallende R\u00fcckbank sitzen die hinteren Fahrg\u00e4ste relativ tief, was l\u00e4ngere Fahrten etwas unbequem macht. Der Kofferraum ist mit 385 bis 1.160 Liter Volumen f\u00fcr seine Klasse zwar in Ordnung, bleibt jedoch hinter der Konkurrenz zur\u00fcck. Besonders die hohe Ladekante und der vergleichsweise kleine \u201eFrunk\u201c (Front-Kofferraum) mit 15 Litern schm\u00e4lern die Alltagstauglichkeit.<br><\/p>\n\n\n\n<figure class=\"wp-block-gallery has-nested-images columns-8 is-cropped wp-block-gallery-2 is-layout-flex wp-block-gallery-is-layout-flex\">\n<figure class=\"wp-block-image size-large\"><a href=\"https:\/\/www.eslebedasauto.at\/wp-content\/uploads\/2024\/11\/IMG_9309-scaled.jpg\"><img loading=\"lazy\" decoding=\"async\" width=\"768\" height=\"1024\" data-id=\"96997\" src=\"https:\/\/www.eslebedasauto.at\/wp-content\/uploads\/2024\/11\/IMG_9309-768x1024.jpg\" alt=\"\" class=\"wp-image-96997\" srcset=\"https:\/\/www.eslebedasauto.at\/wp-content\/uploads\/2024\/11\/IMG_9309-768x1024.jpg 768w, https:\/\/www.eslebedasauto.at\/wp-content\/uploads\/2024\/11\/IMG_9309-225x300.jpg 225w, https:\/\/www.eslebedasauto.at\/wp-content\/uploads\/2024\/11\/IMG_9309-1152x1536.jpg 1152w, https:\/\/www.eslebedasauto.at\/wp-content\/uploads\/2024\/11\/IMG_9309-1536x2048.jpg 1536w, https:\/\/www.eslebedasauto.at\/wp-content\/uploads\/2024\/11\/IMG_9309-scaled.jpg 1920w\" sizes=\"(max-width: 768px) 100vw, 768px\" \/><\/a><\/figure>\n\n\n\n<figure class=\"wp-block-image size-large\"><a href=\"https:\/\/www.eslebedasauto.at\/wp-content\/uploads\/2024\/11\/IMG_9308-scaled.jpg\"><img loading=\"lazy\" decoding=\"async\" width=\"768\" height=\"1024\" data-id=\"96996\" src=\"https:\/\/www.eslebedasauto.at\/wp-content\/uploads\/2024\/11\/IMG_9308-768x1024.jpg\" alt=\"\" class=\"wp-image-96996\" srcset=\"https:\/\/www.eslebedasauto.at\/wp-content\/uploads\/2024\/11\/IMG_9308-768x1024.jpg 768w, https:\/\/www.eslebedasauto.at\/wp-content\/uploads\/2024\/11\/IMG_9308-225x300.jpg 225w, https:\/\/www.eslebedasauto.at\/wp-content\/uploads\/2024\/11\/IMG_9308-1152x1536.jpg 1152w, https:\/\/www.eslebedasauto.at\/wp-content\/uploads\/2024\/11\/IMG_9308-1536x2048.jpg 1536w, https:\/\/www.eslebedasauto.at\/wp-content\/uploads\/2024\/11\/IMG_9308-scaled.jpg 1920w\" sizes=\"(max-width: 768px) 100vw, 768px\" \/><\/a><\/figure>\n\n\n\n<figure class=\"wp-block-image size-large\"><a href=\"https:\/\/www.eslebedasauto.at\/wp-content\/uploads\/2024\/11\/IMG_9306-scaled.jpg\"><img loading=\"lazy\" decoding=\"async\" width=\"1024\" height=\"768\" data-id=\"96995\" src=\"https:\/\/www.eslebedasauto.at\/wp-content\/uploads\/2024\/11\/IMG_9306-1024x768.jpg\" alt=\"\" class=\"wp-image-96995\" srcset=\"https:\/\/www.eslebedasauto.at\/wp-content\/uploads\/2024\/11\/IMG_9306-1024x768.jpg 1024w, https:\/\/www.eslebedasauto.at\/wp-content\/uploads\/2024\/11\/IMG_9306-300x225.jpg 300w, https:\/\/www.eslebedasauto.at\/wp-content\/uploads\/2024\/11\/IMG_9306-768x576.jpg 768w, https:\/\/www.eslebedasauto.at\/wp-content\/uploads\/2024\/11\/IMG_9306-1536x1152.jpg 1536w, https:\/\/www.eslebedasauto.at\/wp-content\/uploads\/2024\/11\/IMG_9306-2048x1536.jpg 2048w\" sizes=\"(max-width: 1024px) 100vw, 1024px\" \/><\/a><\/figure>\n\n\n\n<figure class=\"wp-block-image size-large\"><a href=\"https:\/\/www.eslebedasauto.at\/wp-content\/uploads\/2024\/11\/IMG_9305-scaled.jpg\"><img loading=\"lazy\" decoding=\"async\" width=\"768\" height=\"1024\" data-id=\"96994\" src=\"https:\/\/www.eslebedasauto.at\/wp-content\/uploads\/2024\/11\/IMG_9305-768x1024.jpg\" alt=\"\" class=\"wp-image-96994\" srcset=\"https:\/\/www.eslebedasauto.at\/wp-content\/uploads\/2024\/11\/IMG_9305-768x1024.jpg 768w, https:\/\/www.eslebedasauto.at\/wp-content\/uploads\/2024\/11\/IMG_9305-225x300.jpg 225w, https:\/\/www.eslebedasauto.at\/wp-content\/uploads\/2024\/11\/IMG_9305-1152x1536.jpg 1152w, https:\/\/www.eslebedasauto.at\/wp-content\/uploads\/2024\/11\/IMG_9305-1536x2048.jpg 1536w, https:\/\/www.eslebedasauto.at\/wp-content\/uploads\/2024\/11\/IMG_9305-scaled.jpg 1920w\" sizes=\"(max-width: 768px) 100vw, 768px\" \/><\/a><\/figure>\n\n\n\n<figure class=\"wp-block-image size-large\"><a href=\"https:\/\/www.eslebedasauto.at\/wp-content\/uploads\/2024\/11\/IMG_9304-scaled.jpg\"><img loading=\"lazy\" decoding=\"async\" width=\"1024\" height=\"768\" data-id=\"96993\" src=\"https:\/\/www.eslebedasauto.at\/wp-content\/uploads\/2024\/11\/IMG_9304-1024x768.jpg\" alt=\"\" class=\"wp-image-96993\" srcset=\"https:\/\/www.eslebedasauto.at\/wp-content\/uploads\/2024\/11\/IMG_9304-1024x768.jpg 1024w, https:\/\/www.eslebedasauto.at\/wp-content\/uploads\/2024\/11\/IMG_9304-300x225.jpg 300w, https:\/\/www.eslebedasauto.at\/wp-content\/uploads\/2024\/11\/IMG_9304-768x576.jpg 768w, https:\/\/www.eslebedasauto.at\/wp-content\/uploads\/2024\/11\/IMG_9304-1536x1152.jpg 1536w, https:\/\/www.eslebedasauto.at\/wp-content\/uploads\/2024\/11\/IMG_9304-2048x1536.jpg 2048w\" sizes=\"(max-width: 1024px) 100vw, 1024px\" \/><\/a><\/figure>\n\n\n\n<figure class=\"wp-block-image size-large\"><a href=\"https:\/\/www.eslebedasauto.at\/wp-content\/uploads\/2024\/11\/IMG_9303-scaled.jpg\"><img loading=\"lazy\" decoding=\"async\" width=\"1024\" height=\"768\" data-id=\"96992\" src=\"https:\/\/www.eslebedasauto.at\/wp-content\/uploads\/2024\/11\/IMG_9303-1024x768.jpg\" alt=\"\" class=\"wp-image-96992\" srcset=\"https:\/\/www.eslebedasauto.at\/wp-content\/uploads\/2024\/11\/IMG_9303-1024x768.jpg 1024w, https:\/\/www.eslebedasauto.at\/wp-content\/uploads\/2024\/11\/IMG_9303-300x225.jpg 300w, https:\/\/www.eslebedasauto.at\/wp-content\/uploads\/2024\/11\/IMG_9303-768x576.jpg 768w, https:\/\/www.eslebedasauto.at\/wp-content\/uploads\/2024\/11\/IMG_9303-1536x1152.jpg 1536w, https:\/\/www.eslebedasauto.at\/wp-content\/uploads\/2024\/11\/IMG_9303-2048x1536.jpg 2048w\" sizes=\"(max-width: 1024px) 100vw, 1024px\" \/><\/a><\/figure>\n\n\n\n<figure class=\"wp-block-image size-large\"><a href=\"https:\/\/www.eslebedasauto.at\/wp-content\/uploads\/2024\/11\/IMG_9302-scaled.jpg\"><img loading=\"lazy\" decoding=\"async\" width=\"768\" height=\"1024\" data-id=\"96991\" src=\"https:\/\/www.eslebedasauto.at\/wp-content\/uploads\/2024\/11\/IMG_9302-768x1024.jpg\" alt=\"\" class=\"wp-image-96991\" srcset=\"https:\/\/www.eslebedasauto.at\/wp-content\/uploads\/2024\/11\/IMG_9302-768x1024.jpg 768w, https:\/\/www.eslebedasauto.at\/wp-content\/uploads\/2024\/11\/IMG_9302-225x300.jpg 225w, https:\/\/www.eslebedasauto.at\/wp-content\/uploads\/2024\/11\/IMG_9302-1152x1536.jpg 1152w, https:\/\/www.eslebedasauto.at\/wp-content\/uploads\/2024\/11\/IMG_9302-1536x2048.jpg 1536w, https:\/\/www.eslebedasauto.at\/wp-content\/uploads\/2024\/11\/IMG_9302-scaled.jpg 1920w\" sizes=\"(max-width: 768px) 100vw, 768px\" \/><\/a><\/figure>\n\n\n\n<figure class=\"wp-block-image size-large\"><a href=\"https:\/\/www.eslebedasauto.at\/wp-content\/uploads\/2024\/11\/IMG_9301-scaled.jpg\"><img loading=\"lazy\" decoding=\"async\" width=\"768\" height=\"1024\" data-id=\"96990\" src=\"https:\/\/www.eslebedasauto.at\/wp-content\/uploads\/2024\/11\/IMG_9301-768x1024.jpg\" alt=\"\" class=\"wp-image-96990\" srcset=\"https:\/\/www.eslebedasauto.at\/wp-content\/uploads\/2024\/11\/IMG_9301-768x1024.jpg 768w, https:\/\/www.eslebedasauto.at\/wp-content\/uploads\/2024\/11\/IMG_9301-225x300.jpg 225w, https:\/\/www.eslebedasauto.at\/wp-content\/uploads\/2024\/11\/IMG_9301-1152x1536.jpg 1152w, https:\/\/www.eslebedasauto.at\/wp-content\/uploads\/2024\/11\/IMG_9301-1536x2048.jpg 1536w, https:\/\/www.eslebedasauto.at\/wp-content\/uploads\/2024\/11\/IMG_9301-scaled.jpg 1920w\" sizes=\"(max-width: 768px) 100vw, 768px\" \/><\/a><\/figure>\n\n\n\n<figure class=\"wp-block-image size-large\"><a href=\"https:\/\/www.eslebedasauto.at\/wp-content\/uploads\/2024\/11\/IMG_9300-scaled.jpg\"><img loading=\"lazy\" decoding=\"async\" width=\"768\" height=\"1024\" data-id=\"96989\" src=\"https:\/\/www.eslebedasauto.at\/wp-content\/uploads\/2024\/11\/IMG_9300-768x1024.jpg\" alt=\"\" class=\"wp-image-96989\" srcset=\"https:\/\/www.eslebedasauto.at\/wp-content\/uploads\/2024\/11\/IMG_9300-768x1024.jpg 768w, https:\/\/www.eslebedasauto.at\/wp-content\/uploads\/2024\/11\/IMG_9300-225x300.jpg 225w, https:\/\/www.eslebedasauto.at\/wp-content\/uploads\/2024\/11\/IMG_9300-1152x1536.jpg 1152w, https:\/\/www.eslebedasauto.at\/wp-content\/uploads\/2024\/11\/IMG_9300-1536x2048.jpg 1536w, https:\/\/www.eslebedasauto.at\/wp-content\/uploads\/2024\/11\/IMG_9300-scaled.jpg 1920w\" sizes=\"(max-width: 768px) 100vw, 768px\" \/><\/a><\/figure>\n\n\n\n<figure class=\"wp-block-image size-large\"><a href=\"https:\/\/www.eslebedasauto.at\/wp-content\/uploads\/2024\/11\/IMG_9299-scaled.jpg\"><img loading=\"lazy\" decoding=\"async\" width=\"768\" height=\"1024\" data-id=\"96988\" src=\"https:\/\/www.eslebedasauto.at\/wp-content\/uploads\/2024\/11\/IMG_9299-768x1024.jpg\" alt=\"\" class=\"wp-image-96988\" srcset=\"https:\/\/www.eslebedasauto.at\/wp-content\/uploads\/2024\/11\/IMG_9299-768x1024.jpg 768w, https:\/\/www.eslebedasauto.at\/wp-content\/uploads\/2024\/11\/IMG_9299-225x300.jpg 225w, https:\/\/www.eslebedasauto.at\/wp-content\/uploads\/2024\/11\/IMG_9299-1152x1536.jpg 1152w, https:\/\/www.eslebedasauto.at\/wp-content\/uploads\/2024\/11\/IMG_9299-1536x2048.jpg 1536w, https:\/\/www.eslebedasauto.at\/wp-content\/uploads\/2024\/11\/IMG_9299-scaled.jpg 1920w\" sizes=\"(max-width: 768px) 100vw, 768px\" \/><\/a><\/figure>\n\n\n\n<figure class=\"wp-block-image size-large\"><a href=\"https:\/\/www.eslebedasauto.at\/wp-content\/uploads\/2024\/11\/IMG_9296-scaled.jpg\"><img loading=\"lazy\" decoding=\"async\" width=\"768\" height=\"1024\" data-id=\"96987\" src=\"https:\/\/www.eslebedasauto.at\/wp-content\/uploads\/2024\/11\/IMG_9296-768x1024.jpg\" alt=\"\" class=\"wp-image-96987\" srcset=\"https:\/\/www.eslebedasauto.at\/wp-content\/uploads\/2024\/11\/IMG_9296-768x1024.jpg 768w, https:\/\/www.eslebedasauto.at\/wp-content\/uploads\/2024\/11\/IMG_9296-225x300.jpg 225w, https:\/\/www.eslebedasauto.at\/wp-content\/uploads\/2024\/11\/IMG_9296-1152x1536.jpg 1152w, https:\/\/www.eslebedasauto.at\/wp-content\/uploads\/2024\/11\/IMG_9296-1536x2048.jpg 1536w, https:\/\/www.eslebedasauto.at\/wp-content\/uploads\/2024\/11\/IMG_9296-scaled.jpg 1920w\" sizes=\"(max-width: 768px) 100vw, 768px\" \/><\/a><\/figure>\n\n\n\n<figure class=\"wp-block-image size-large\"><a href=\"https:\/\/www.eslebedasauto.at\/wp-content\/uploads\/2024\/11\/IMG_9295-scaled.jpg\"><img loading=\"lazy\" decoding=\"async\" width=\"768\" height=\"1024\" data-id=\"96986\" src=\"https:\/\/www.eslebedasauto.at\/wp-content\/uploads\/2024\/11\/IMG_9295-768x1024.jpg\" alt=\"\" class=\"wp-image-96986\" srcset=\"https:\/\/www.eslebedasauto.at\/wp-content\/uploads\/2024\/11\/IMG_9295-768x1024.jpg 768w, https:\/\/www.eslebedasauto.at\/wp-content\/uploads\/2024\/11\/IMG_9295-225x300.jpg 225w, https:\/\/www.eslebedasauto.at\/wp-content\/uploads\/2024\/11\/IMG_9295-1152x1536.jpg 1152w, https:\/\/www.eslebedasauto.at\/wp-content\/uploads\/2024\/11\/IMG_9295-1536x2048.jpg 1536w, https:\/\/www.eslebedasauto.at\/wp-content\/uploads\/2024\/11\/IMG_9295-scaled.jpg 1920w\" sizes=\"(max-width: 768px) 100vw, 768px\" \/><\/a><\/figure>\n\n\n\n<figure class=\"wp-block-image size-large\"><a href=\"https:\/\/www.eslebedasauto.at\/wp-content\/uploads\/2024\/11\/IMG_9292-scaled.jpg\"><img loading=\"lazy\" decoding=\"async\" width=\"768\" height=\"1024\" data-id=\"96985\" src=\"https:\/\/www.eslebedasauto.at\/wp-content\/uploads\/2024\/11\/IMG_9292-768x1024.jpg\" alt=\"\" class=\"wp-image-96985\" srcset=\"https:\/\/www.eslebedasauto.at\/wp-content\/uploads\/2024\/11\/IMG_9292-768x1024.jpg 768w, https:\/\/www.eslebedasauto.at\/wp-content\/uploads\/2024\/11\/IMG_9292-225x300.jpg 225w, https:\/\/www.eslebedasauto.at\/wp-content\/uploads\/2024\/11\/IMG_9292-1152x1536.jpg 1152w, https:\/\/www.eslebedasauto.at\/wp-content\/uploads\/2024\/11\/IMG_9292-1536x2048.jpg 1536w, https:\/\/www.eslebedasauto.at\/wp-content\/uploads\/2024\/11\/IMG_9292-scaled.jpg 1920w\" sizes=\"(max-width: 768px) 100vw, 768px\" \/><\/a><\/figure>\n\n\n\n<figure class=\"wp-block-image size-large\"><a href=\"https:\/\/www.eslebedasauto.at\/wp-content\/uploads\/2024\/11\/IMG_9286-scaled.jpg\"><img loading=\"lazy\" decoding=\"async\" width=\"1024\" height=\"768\" data-id=\"96981\" src=\"https:\/\/www.eslebedasauto.at\/wp-content\/uploads\/2024\/11\/IMG_9286-1024x768.jpg\" alt=\"\" class=\"wp-image-96981\" srcset=\"https:\/\/www.eslebedasauto.at\/wp-content\/uploads\/2024\/11\/IMG_9286-1024x768.jpg 1024w, https:\/\/www.eslebedasauto.at\/wp-content\/uploads\/2024\/11\/IMG_9286-300x225.jpg 300w, https:\/\/www.eslebedasauto.at\/wp-content\/uploads\/2024\/11\/IMG_9286-768x576.jpg 768w, https:\/\/www.eslebedasauto.at\/wp-content\/uploads\/2024\/11\/IMG_9286-1536x1152.jpg 1536w, https:\/\/www.eslebedasauto.at\/wp-content\/uploads\/2024\/11\/IMG_9286-2048x1536.jpg 2048w\" sizes=\"(max-width: 1024px) 100vw, 1024px\" \/><\/a><\/figure>\n\n\n\n<figure class=\"wp-block-image size-large\"><a href=\"https:\/\/www.eslebedasauto.at\/wp-content\/uploads\/2024\/11\/IMG_9287-scaled.jpg\"><img loading=\"lazy\" decoding=\"async\" width=\"768\" height=\"1024\" data-id=\"96982\" src=\"https:\/\/www.eslebedasauto.at\/wp-content\/uploads\/2024\/11\/IMG_9287-768x1024.jpg\" alt=\"\" class=\"wp-image-96982\" srcset=\"https:\/\/www.eslebedasauto.at\/wp-content\/uploads\/2024\/11\/IMG_9287-768x1024.jpg 768w, https:\/\/www.eslebedasauto.at\/wp-content\/uploads\/2024\/11\/IMG_9287-225x300.jpg 225w, https:\/\/www.eslebedasauto.at\/wp-content\/uploads\/2024\/11\/IMG_9287-1152x1536.jpg 1152w, https:\/\/www.eslebedasauto.at\/wp-content\/uploads\/2024\/11\/IMG_9287-1536x2048.jpg 1536w, https:\/\/www.eslebedasauto.at\/wp-content\/uploads\/2024\/11\/IMG_9287-scaled.jpg 1920w\" sizes=\"(max-width: 768px) 100vw, 768px\" \/><\/a><\/figure>\n<\/figure>\n\n\n\n<h3 id=\"motorisierung-und-leistung\" class=\"wp-block-heading\">Motorisierung und Leistung<\/h3>\n\n\n\n<p>Der smart #3 wird ausschlie\u00dflich elektrisch angetrieben und kommt in f\u00fcnf Varianten, die sich in Leistung und Reichweite unterscheiden. Vier Modelle bieten mit 272 PS solide Power, w\u00e4hrend das Topmodell \u201eBrabus\u201c mit 428 PS und Allradantrieb besonders sportliche Performance bietet. Die Reichweiten liegen je nach Variante zwischen 325 und 455 Kilometer, wobei sich die Modelle \u201ePro+\u201c und \u201ePremium\u201c mit einer Reichweite von bis zu 455 Kilometern als besonders alltagstauglich erweisen.<\/p>\n\n\n\n<p>In puncto Fahrverhalten bietet der smart #3 eine sportliche Auslegung und liegt satt auf der Stra\u00dfe, was gerade bei h\u00f6heren Geschwindigkeiten auf der Autobahn f\u00fcr Stabilit\u00e4t sorgt. Trotz des Gewichts von rund 1,8 Tonnen bleibt das Fahrgef\u00fchl agil und leicht. Die Lenkung ist leichtg\u00e4ngig, vermittelt allerdings wenig Gef\u00fchl f\u00fcr die Stra\u00dfe. Beim Fahrkomfort punktet der smart #3 mit guter D\u00e4mmung und einer soliden Federung, die Unebenheiten zuverl\u00e4ssig schluckt.<\/p>\n\n\n\n<h3 id=\"ladezeiten-und-energieverbrauch\" class=\"wp-block-heading\">Ladezeiten und Energieverbrauch<\/h3>\n\n\n\n<p>Laden l\u00e4sst sich der smart #3 abh\u00e4ngig von der Ausstattung entweder mit 130 kW DC im Basismodell oder mit bis zu 150 kW DC bei den leistungsst\u00e4rkeren Modellen. So ist die Batterie in etwa 30 Minuten auf 80 Prozent geladen, was in der Praxis oft nur eine kurze Ladepause bedeutet. Im Schnitt liegt der Energieverbrauch bei etwa 20 kWh pro 100 Kilometer, womit der smart #3 sparsam und gleichzeitig kraftvoll unterwegs ist.<\/p>\n\n\n\n<h3 id=\"ausstattung-und-infotainment\" class=\"wp-block-heading\">Ausstattung und Infotainment<\/h3>\n\n\n\n<p>Der smart #3 ist bereits in der Basisversion mit vielen Funktionen ausgestattet. Dazu geh\u00f6ren ein 12,8 Zoll gro\u00dfes Touch-Display, Apple CarPlay, Android Auto, kabelloses Laden, digitale Assistenten und ein Panoramaglasdach, das f\u00fcr ein luftiges Raumgef\u00fchl sorgt. Die Bedienelemente sind stark digitalisiert, was die Bedienung \u00fcber das Display erfordert \u2013 selbst die Seitenspiegel m\u00fcssen \u00fcber das Infotainmentsystem justiert werden, was nicht immer praktisch ist. Ab der Premium-Ausstattung gibt es au\u00dferdem ein Beats-Soundsystem und ein Head-up-Display.<\/p>\n\n\n\n<h3 id=\"sicherheit-und-zuverlassigkeit\" class=\"wp-block-heading\">Sicherheit und Zuverl\u00e4ssigkeit<\/h3>\n\n\n\n<p>In Sachen Sicherheit \u00fcberzeugte der smart #3 im Euro NCAP-Test mit f\u00fcnf Sternen und punktet besonders mit seinen Assistenzsystemen. Serienm\u00e4\u00dfig sind ein Notbremsassistent, Spurhalteassistent und eine 360-Grad-Kamera verbaut. Kleinere Schw\u00e4chen wie eine teils fehlerhafte Tempolimit-Anzeige und die Sprachsteuerung, die nicht immer pr\u00e4zise reagiert, tr\u00fcben das Bild minimal, beeintr\u00e4chtigen die Sicherheit aber kaum.<\/p>\n\n\n\n<figure class=\"wp-block-gallery has-nested-images columns-default is-cropped wp-block-gallery-3 is-layout-flex wp-block-gallery-is-layout-flex\">\n<figure class=\"wp-block-image size-large\"><a href=\"https:\/\/www.eslebedasauto.at\/wp-content\/uploads\/2024\/11\/IMG_9266-scaled.jpg\"><img loading=\"lazy\" decoding=\"async\" width=\"768\" height=\"1024\" data-id=\"96969\" src=\"https:\/\/www.eslebedasauto.at\/wp-content\/uploads\/2024\/11\/IMG_9266-768x1024.jpg\" alt=\"\" class=\"wp-image-96969\" srcset=\"https:\/\/www.eslebedasauto.at\/wp-content\/uploads\/2024\/11\/IMG_9266-768x1024.jpg 768w, https:\/\/www.eslebedasauto.at\/wp-content\/uploads\/2024\/11\/IMG_9266-225x300.jpg 225w, https:\/\/www.eslebedasauto.at\/wp-content\/uploads\/2024\/11\/IMG_9266-1152x1536.jpg 1152w, https:\/\/www.eslebedasauto.at\/wp-content\/uploads\/2024\/11\/IMG_9266-1536x2048.jpg 1536w, https:\/\/www.eslebedasauto.at\/wp-content\/uploads\/2024\/11\/IMG_9266-scaled.jpg 1920w\" sizes=\"(max-width: 768px) 100vw, 768px\" \/><\/a><\/figure>\n\n\n\n<figure class=\"wp-block-image size-large\"><a href=\"https:\/\/www.eslebedasauto.at\/wp-content\/uploads\/2024\/11\/IMG_9267-scaled.jpg\"><img loading=\"lazy\" decoding=\"async\" width=\"1024\" height=\"768\" data-id=\"96970\" src=\"https:\/\/www.eslebedasauto.at\/wp-content\/uploads\/2024\/11\/IMG_9267-1024x768.jpg\" alt=\"\" class=\"wp-image-96970\" srcset=\"https:\/\/www.eslebedasauto.at\/wp-content\/uploads\/2024\/11\/IMG_9267-1024x768.jpg 1024w, https:\/\/www.eslebedasauto.at\/wp-content\/uploads\/2024\/11\/IMG_9267-300x225.jpg 300w, https:\/\/www.eslebedasauto.at\/wp-content\/uploads\/2024\/11\/IMG_9267-768x576.jpg 768w, https:\/\/www.eslebedasauto.at\/wp-content\/uploads\/2024\/11\/IMG_9267-1536x1152.jpg 1536w, https:\/\/www.eslebedasauto.at\/wp-content\/uploads\/2024\/11\/IMG_9267-2048x1536.jpg 2048w\" sizes=\"(max-width: 1024px) 100vw, 1024px\" \/><\/a><\/figure>\n\n\n\n<figure class=\"wp-block-image size-large\"><a href=\"https:\/\/www.eslebedasauto.at\/wp-content\/uploads\/2024\/11\/IMG_9269-scaled.jpg\"><img loading=\"lazy\" decoding=\"async\" width=\"1024\" height=\"768\" data-id=\"96971\" src=\"https:\/\/www.eslebedasauto.at\/wp-content\/uploads\/2024\/11\/IMG_9269-1024x768.jpg\" alt=\"\" class=\"wp-image-96971\" srcset=\"https:\/\/www.eslebedasauto.at\/wp-content\/uploads\/2024\/11\/IMG_9269-1024x768.jpg 1024w, https:\/\/www.eslebedasauto.at\/wp-content\/uploads\/2024\/11\/IMG_9269-300x225.jpg 300w, https:\/\/www.eslebedasauto.at\/wp-content\/uploads\/2024\/11\/IMG_9269-768x576.jpg 768w, https:\/\/www.eslebedasauto.at\/wp-content\/uploads\/2024\/11\/IMG_9269-1536x1152.jpg 1536w, https:\/\/www.eslebedasauto.at\/wp-content\/uploads\/2024\/11\/IMG_9269-2048x1536.jpg 2048w\" sizes=\"(max-width: 1024px) 100vw, 1024px\" \/><\/a><\/figure>\n\n\n\n<figure class=\"wp-block-image size-large\"><a href=\"https:\/\/www.eslebedasauto.at\/wp-content\/uploads\/2024\/11\/IMG_9271-scaled.jpg\"><img loading=\"lazy\" decoding=\"async\" width=\"768\" height=\"1024\" data-id=\"96972\" src=\"https:\/\/www.eslebedasauto.at\/wp-content\/uploads\/2024\/11\/IMG_9271-768x1024.jpg\" alt=\"\" class=\"wp-image-96972\" srcset=\"https:\/\/www.eslebedasauto.at\/wp-content\/uploads\/2024\/11\/IMG_9271-768x1024.jpg 768w, https:\/\/www.eslebedasauto.at\/wp-content\/uploads\/2024\/11\/IMG_9271-225x300.jpg 225w, https:\/\/www.eslebedasauto.at\/wp-content\/uploads\/2024\/11\/IMG_9271-1152x1536.jpg 1152w, https:\/\/www.eslebedasauto.at\/wp-content\/uploads\/2024\/11\/IMG_9271-1536x2048.jpg 1536w, https:\/\/www.eslebedasauto.at\/wp-content\/uploads\/2024\/11\/IMG_9271-scaled.jpg 1920w\" sizes=\"(max-width: 768px) 100vw, 768px\" \/><\/a><\/figure>\n\n\n\n<figure class=\"wp-block-image size-large\"><a href=\"https:\/\/www.eslebedasauto.at\/wp-content\/uploads\/2024\/11\/IMG_9273-scaled.jpg\"><img loading=\"lazy\" decoding=\"async\" width=\"768\" height=\"1024\" data-id=\"96973\" src=\"https:\/\/www.eslebedasauto.at\/wp-content\/uploads\/2024\/11\/IMG_9273-768x1024.jpg\" alt=\"\" class=\"wp-image-96973\" srcset=\"https:\/\/www.eslebedasauto.at\/wp-content\/uploads\/2024\/11\/IMG_9273-768x1024.jpg 768w, https:\/\/www.eslebedasauto.at\/wp-content\/uploads\/2024\/11\/IMG_9273-225x300.jpg 225w, https:\/\/www.eslebedasauto.at\/wp-content\/uploads\/2024\/11\/IMG_9273-1152x1536.jpg 1152w, https:\/\/www.eslebedasauto.at\/wp-content\/uploads\/2024\/11\/IMG_9273-1536x2048.jpg 1536w, https:\/\/www.eslebedasauto.at\/wp-content\/uploads\/2024\/11\/IMG_9273-scaled.jpg 1920w\" sizes=\"(max-width: 768px) 100vw, 768px\" \/><\/a><\/figure>\n\n\n\n<figure class=\"wp-block-image size-large\"><a href=\"https:\/\/www.eslebedasauto.at\/wp-content\/uploads\/2024\/11\/IMG_9275-scaled.jpg\"><img loading=\"lazy\" decoding=\"async\" width=\"1024\" height=\"768\" data-id=\"96974\" src=\"https:\/\/www.eslebedasauto.at\/wp-content\/uploads\/2024\/11\/IMG_9275-1024x768.jpg\" alt=\"\" class=\"wp-image-96974\" srcset=\"https:\/\/www.eslebedasauto.at\/wp-content\/uploads\/2024\/11\/IMG_9275-1024x768.jpg 1024w, https:\/\/www.eslebedasauto.at\/wp-content\/uploads\/2024\/11\/IMG_9275-300x225.jpg 300w, https:\/\/www.eslebedasauto.at\/wp-content\/uploads\/2024\/11\/IMG_9275-768x576.jpg 768w, https:\/\/www.eslebedasauto.at\/wp-content\/uploads\/2024\/11\/IMG_9275-1536x1152.jpg 1536w, https:\/\/www.eslebedasauto.at\/wp-content\/uploads\/2024\/11\/IMG_9275-2048x1536.jpg 2048w\" sizes=\"(max-width: 1024px) 100vw, 1024px\" \/><\/a><\/figure>\n\n\n\n<figure class=\"wp-block-image size-large\"><a href=\"https:\/\/www.eslebedasauto.at\/wp-content\/uploads\/2024\/11\/IMG_9277-scaled.jpg\"><img loading=\"lazy\" decoding=\"async\" width=\"768\" height=\"1024\" data-id=\"96975\" src=\"https:\/\/www.eslebedasauto.at\/wp-content\/uploads\/2024\/11\/IMG_9277-768x1024.jpg\" alt=\"\" class=\"wp-image-96975\" srcset=\"https:\/\/www.eslebedasauto.at\/wp-content\/uploads\/2024\/11\/IMG_9277-768x1024.jpg 768w, https:\/\/www.eslebedasauto.at\/wp-content\/uploads\/2024\/11\/IMG_9277-225x300.jpg 225w, https:\/\/www.eslebedasauto.at\/wp-content\/uploads\/2024\/11\/IMG_9277-1152x1536.jpg 1152w, https:\/\/www.eslebedasauto.at\/wp-content\/uploads\/2024\/11\/IMG_9277-1536x2048.jpg 1536w, https:\/\/www.eslebedasauto.at\/wp-content\/uploads\/2024\/11\/IMG_9277-scaled.jpg 1920w\" sizes=\"(max-width: 768px) 100vw, 768px\" \/><\/a><\/figure>\n\n\n\n<figure class=\"wp-block-image size-large\"><a href=\"https:\/\/www.eslebedasauto.at\/wp-content\/uploads\/2024\/11\/IMG_9279-scaled.jpg\"><img loading=\"lazy\" decoding=\"async\" width=\"768\" height=\"1024\" data-id=\"96976\" src=\"https:\/\/www.eslebedasauto.at\/wp-content\/uploads\/2024\/11\/IMG_9279-768x1024.jpg\" alt=\"\" class=\"wp-image-96976\" srcset=\"https:\/\/www.eslebedasauto.at\/wp-content\/uploads\/2024\/11\/IMG_9279-768x1024.jpg 768w, https:\/\/www.eslebedasauto.at\/wp-content\/uploads\/2024\/11\/IMG_9279-225x300.jpg 225w, https:\/\/www.eslebedasauto.at\/wp-content\/uploads\/2024\/11\/IMG_9279-1152x1536.jpg 1152w, https:\/\/www.eslebedasauto.at\/wp-content\/uploads\/2024\/11\/IMG_9279-1536x2048.jpg 1536w, https:\/\/www.eslebedasauto.at\/wp-content\/uploads\/2024\/11\/IMG_9279-scaled.jpg 1920w\" sizes=\"(max-width: 768px) 100vw, 768px\" \/><\/a><\/figure>\n\n\n\n<figure class=\"wp-block-image size-large\"><a href=\"https:\/\/www.eslebedasauto.at\/wp-content\/uploads\/2024\/11\/IMG_9290-scaled.jpg\"><img loading=\"lazy\" decoding=\"async\" width=\"768\" height=\"1024\" data-id=\"96984\" src=\"https:\/\/www.eslebedasauto.at\/wp-content\/uploads\/2024\/11\/IMG_9290-768x1024.jpg\" alt=\"\" class=\"wp-image-96984\" srcset=\"https:\/\/www.eslebedasauto.at\/wp-content\/uploads\/2024\/11\/IMG_9290-768x1024.jpg 768w, https:\/\/www.eslebedasauto.at\/wp-content\/uploads\/2024\/11\/IMG_9290-225x300.jpg 225w, https:\/\/www.eslebedasauto.at\/wp-content\/uploads\/2024\/11\/IMG_9290-1152x1536.jpg 1152w, https:\/\/www.eslebedasauto.at\/wp-content\/uploads\/2024\/11\/IMG_9290-1536x2048.jpg 1536w, https:\/\/www.eslebedasauto.at\/wp-content\/uploads\/2024\/11\/IMG_9290-scaled.jpg 1920w\" sizes=\"(max-width: 768px) 100vw, 768px\" \/><\/a><\/figure>\n\n\n\n<figure class=\"wp-block-image size-large\"><a href=\"https:\/\/www.eslebedasauto.at\/wp-content\/uploads\/2024\/11\/IMG_9289-scaled.jpg\"><img loading=\"lazy\" decoding=\"async\" width=\"768\" height=\"1024\" data-id=\"96983\" src=\"https:\/\/www.eslebedasauto.at\/wp-content\/uploads\/2024\/11\/IMG_9289-768x1024.jpg\" alt=\"\" class=\"wp-image-96983\" srcset=\"https:\/\/www.eslebedasauto.at\/wp-content\/uploads\/2024\/11\/IMG_9289-768x1024.jpg 768w, https:\/\/www.eslebedasauto.at\/wp-content\/uploads\/2024\/11\/IMG_9289-225x300.jpg 225w, https:\/\/www.eslebedasauto.at\/wp-content\/uploads\/2024\/11\/IMG_9289-1152x1536.jpg 1152w, https:\/\/www.eslebedasauto.at\/wp-content\/uploads\/2024\/11\/IMG_9289-1536x2048.jpg 1536w, https:\/\/www.eslebedasauto.at\/wp-content\/uploads\/2024\/11\/IMG_9289-scaled.jpg 1920w\" sizes=\"(max-width: 768px) 100vw, 768px\" \/><\/a><\/figure>\n\n\n\n<figure class=\"wp-block-image size-large\"><a href=\"https:\/\/www.eslebedasauto.at\/wp-content\/uploads\/2024\/11\/IMG_9284-scaled.jpg\"><img loading=\"lazy\" decoding=\"async\" width=\"1024\" height=\"768\" data-id=\"96979\" src=\"https:\/\/www.eslebedasauto.at\/wp-content\/uploads\/2024\/11\/IMG_9284-1024x768.jpg\" alt=\"\" class=\"wp-image-96979\" srcset=\"https:\/\/www.eslebedasauto.at\/wp-content\/uploads\/2024\/11\/IMG_9284-1024x768.jpg 1024w, https:\/\/www.eslebedasauto.at\/wp-content\/uploads\/2024\/11\/IMG_9284-300x225.jpg 300w, https:\/\/www.eslebedasauto.at\/wp-content\/uploads\/2024\/11\/IMG_9284-768x576.jpg 768w, https:\/\/www.eslebedasauto.at\/wp-content\/uploads\/2024\/11\/IMG_9284-1536x1152.jpg 1536w, https:\/\/www.eslebedasauto.at\/wp-content\/uploads\/2024\/11\/IMG_9284-2048x1536.jpg 2048w\" sizes=\"(max-width: 1024px) 100vw, 1024px\" \/><\/a><\/figure>\n<\/figure>\n\n\n\n<h3 id=\"fazit\" class=\"wp-block-heading\">Fazit<\/h3>\n\n\n\n<p>Der smart #3 ist ein gelungenes Elektro-SUV, das vor allem mit seinem sportlichen Fahrverhalten und einem hohen Spa\u00dffaktor auf der Stra\u00dfe punktet. Er richtet sich an diejenigen, die ein stylisches und praktisches Auto mit moderner Ausstattung suchen und dabei auf sportlichen Fahrspa\u00df Wert legen. Gegen\u00fcber Konkurrenten wie dem Hyundai Ioniq 5 oder Kia EV6 hat er in puncto Ladeleistung und Reichweite noch kleinen Nachholbedarf, bietet aber in der Stadt und auf Landstra\u00dfen eine hervorragende Leistung. Die Varianten \u201ePro+\u201c und \u201ePremium\u201c sind hier besonders zu empfehlen, da sie das beste Preis-Leistungs-Verh\u00e4ltnis und die optimale Reichweite bieten.<\/p>","protected":false},"excerpt":{"rendered":"<p>Smart hat sich v\u00f6llig neu erfunden und bringt mit dem smart #3 ein Elektro-SUV-Coup\u00e9, das Platz, sportlichen Antrieb und modernes Design in der Kompaktklasse vereint. Das urspr\u00fcngliche Konzept von smart als City-Flitzer ist Vergangenheit: Stattdessen zeigt sich der neue smart #3 als erwachsenes, schnittiges Fahrzeug, das trotz einiger Schw\u00e4chen f\u00fcr das kompakte E-SUV-Segment eine interessante&hellip;&nbsp;<a href=\"https:\/\/www.eslebedasauto.at\/en\/smart-3-ein-bisschen-suv-ein-wenig-sport-etwas-shootingbrake-fertig-ist-der-e-suv-anwaerter\/\" rel=\"bookmark\">Read More &raquo;<span class=\"screen-reader-text\">Smart #3 &#8211; ein bisschen SUV, ein wenig Sport, etwas Shootingbrake &#8211; fertig ist der E-SUV Anw\u00e4rter.<\/span><\/a><\/p>","protected":false},"author":1,"featured_media":96971,"comment_status":"open","ping_status":"open","sticky":false,"template":"","format":"standard","meta":{"neve_meta_sidebar":"","neve_meta_container":"","neve_meta_enable_content_width":"","neve_meta_content_width":0,"neve_meta_title_alignment":"","neve_meta_author_avatar":"","neve_post_elements_order":"","neve_meta_disable_header":"","neve_meta_disable_footer":"","neve_meta_disable_title":"","neve_meta_reading_time":"","footnotes":""},"categories":[1],"tags":[],"class_list":["post-96967","post","type-post","status-publish","format-standard","has-post-thumbnail","hentry","category-allgemein"],"yoast_head":"<!-- This site is optimized with the Yoast SEO plugin v26.8 - https:\/\/yoast.com\/product\/yoast-seo-wordpress\/ -->\n<title>Smart #3 - ein bisschen SUV, ein wenig Sport, etwas Shootingbrake - fertig ist der E-SUV Anw\u00e4rter. - Es lebe das Auto<\/title>\n<meta name=\"robots\" content=\"index, follow, max-snippet:-1, max-image-preview:large, max-video-preview:-1\" \/>\n<link rel=\"canonical\" href=\"https:\/\/www.eslebedasauto.at\/en\/smart-3-ein-bisschen-suv-ein-wenig-sport-etwas-shootingbrake-fertig-ist-der-e-suv-anwaerter\/\" \/>\n<meta property=\"og:locale\" content=\"en_GB\" \/>\n<meta property=\"og:type\" content=\"article\" \/>\n<meta property=\"og:title\" content=\"Smart #3 - ein bisschen SUV, ein wenig Sport, etwas Shootingbrake - fertig ist der E-SUV Anw\u00e4rter. - Es lebe das Auto\" \/>\n<meta property=\"og:description\" content=\"Smart hat sich v\u00f6llig neu erfunden und bringt mit dem smart #3 ein Elektro-SUV-Coup\u00e9, das Platz, sportlichen Antrieb und modernes Design in der Kompaktklasse vereint. Das urspr\u00fcngliche Konzept von smart als City-Flitzer ist Vergangenheit: Stattdessen zeigt sich der neue smart #3 als erwachsenes, schnittiges Fahrzeug, das trotz einiger Schw\u00e4chen f\u00fcr das kompakte E-SUV-Segment eine interessante&hellip;&nbsp;Read More &raquo;Smart #3 &#8211; ein bisschen SUV, ein wenig Sport, etwas Shootingbrake &#8211; fertig ist der E-SUV Anw\u00e4rter.\" \/>\n<meta property=\"og:url\" content=\"https:\/\/www.eslebedasauto.at\/en\/smart-3-ein-bisschen-suv-ein-wenig-sport-etwas-shootingbrake-fertig-ist-der-e-suv-anwaerter\/\" \/>\n<meta property=\"og:site_name\" content=\"Es lebe das Auto\" \/>\n<meta property=\"article:publisher\" content=\"https:\/\/www.facebook.com\/eslebedasauto.at\" \/>\n<meta property=\"article:published_time\" content=\"2024-11-13T11:43:39+00:00\" \/>\n<meta property=\"og:image\" content=\"https:\/\/www.eslebedasauto.at\/wp-content\/uploads\/2024\/11\/IMG_9269-scaled.jpg\" \/>\n\t<meta property=\"og:image:width\" content=\"2560\" \/>\n\t<meta property=\"og:image:height\" content=\"1920\" \/>\n\t<meta property=\"og:image:type\" content=\"image\/jpeg\" \/>\n<meta name=\"author\" content=\"Juergen\" \/>\n<meta name=\"twitter:card\" content=\"summary_large_image\" \/>\n<meta name=\"twitter:label1\" content=\"Written by\" \/>\n\t<meta name=\"twitter:data1\" content=\"Juergen\" \/>\n\t<meta name=\"twitter:label2\" content=\"Estimated reading time\" \/>\n\t<meta name=\"twitter:data2\" content=\"10 minutes\" \/>\n<script type=\"application\/ld+json\" class=\"yoast-schema-graph\">{\"@context\":\"https:\/\/schema.org\",\"@graph\":[{\"@type\":\"Article\",\"@id\":\"https:\/\/www.eslebedasauto.at\/smart-3-ein-bisschen-suv-ein-wenig-sport-etwas-shootingbrake-fertig-ist-der-e-suv-anwaerter\/#article\",\"isPartOf\":{\"@id\":\"https:\/\/www.eslebedasauto.at\/smart-3-ein-bisschen-suv-ein-wenig-sport-etwas-shootingbrake-fertig-ist-der-e-suv-anwaerter\/\"},\"author\":{\"name\":\"Juergen\",\"@id\":\"https:\/\/www.eslebedasauto.at\/#\/schema\/person\/4ecfb7fe1eb40654e5370227118c3fc2\"},\"headline\":\"Smart #3 &#8211; ein bisschen SUV, ein wenig Sport, etwas Shootingbrake &#8211; fertig ist der E-SUV Anw\u00e4rter.\",\"datePublished\":\"2024-11-13T11:43:39+00:00\",\"mainEntityOfPage\":{\"@id\":\"https:\/\/www.eslebedasauto.at\/smart-3-ein-bisschen-suv-ein-wenig-sport-etwas-shootingbrake-fertig-ist-der-e-suv-anwaerter\/\"},\"wordCount\":693,\"commentCount\":0,\"publisher\":{\"@id\":\"https:\/\/www.eslebedasauto.at\/#organization\"},\"image\":{\"@id\":\"https:\/\/www.eslebedasauto.at\/smart-3-ein-bisschen-suv-ein-wenig-sport-etwas-shootingbrake-fertig-ist-der-e-suv-anwaerter\/#primaryimage\"},\"thumbnailUrl\":\"https:\/\/www.eslebedasauto.at\/wp-content\/uploads\/2024\/11\/IMG_9269-scaled.jpg\",\"articleSection\":[\"Allgemein\"],\"inLanguage\":\"en-GB\",\"potentialAction\":[{\"@type\":\"CommentAction\",\"name\":\"Comment\",\"target\":[\"https:\/\/www.eslebedasauto.at\/smart-3-ein-bisschen-suv-ein-wenig-sport-etwas-shootingbrake-fertig-ist-der-e-suv-anwaerter\/#respond\"]}]},{\"@type\":\"WebPage\",\"@id\":\"https:\/\/www.eslebedasauto.at\/smart-3-ein-bisschen-suv-ein-wenig-sport-etwas-shootingbrake-fertig-ist-der-e-suv-anwaerter\/\",\"url\":\"https:\/\/www.eslebedasauto.at\/smart-3-ein-bisschen-suv-ein-wenig-sport-etwas-shootingbrake-fertig-ist-der-e-suv-anwaerter\/\",\"name\":\"Smart #3 - ein bisschen SUV, ein wenig Sport, etwas Shootingbrake - fertig ist der E-SUV Anw\u00e4rter. - Es lebe das Auto\",\"isPartOf\":{\"@id\":\"https:\/\/www.eslebedasauto.at\/#website\"},\"primaryImageOfPage\":{\"@id\":\"https:\/\/www.eslebedasauto.at\/smart-3-ein-bisschen-suv-ein-wenig-sport-etwas-shootingbrake-fertig-ist-der-e-suv-anwaerter\/#primaryimage\"},\"image\":{\"@id\":\"https:\/\/www.eslebedasauto.at\/smart-3-ein-bisschen-suv-ein-wenig-sport-etwas-shootingbrake-fertig-ist-der-e-suv-anwaerter\/#primaryimage\"},\"thumbnailUrl\":\"https:\/\/www.eslebedasauto.at\/wp-content\/uploads\/2024\/11\/IMG_9269-scaled.jpg\",\"datePublished\":\"2024-11-13T11:43:39+00:00\",\"breadcrumb\":{\"@id\":\"https:\/\/www.eslebedasauto.at\/smart-3-ein-bisschen-suv-ein-wenig-sport-etwas-shootingbrake-fertig-ist-der-e-suv-anwaerter\/#breadcrumb\"},\"inLanguage\":\"en-GB\",\"potentialAction\":[{\"@type\":\"ReadAction\",\"target\":[\"https:\/\/www.eslebedasauto.at\/smart-3-ein-bisschen-suv-ein-wenig-sport-etwas-shootingbrake-fertig-ist-der-e-suv-anwaerter\/\"]}]},{\"@type\":\"ImageObject\",\"inLanguage\":\"en-GB\",\"@id\":\"https:\/\/www.eslebedasauto.at\/smart-3-ein-bisschen-suv-ein-wenig-sport-etwas-shootingbrake-fertig-ist-der-e-suv-anwaerter\/#primaryimage\",\"url\":\"https:\/\/www.eslebedasauto.at\/wp-content\/uploads\/2024\/11\/IMG_9269-scaled.jpg\",\"contentUrl\":\"https:\/\/www.eslebedasauto.at\/wp-content\/uploads\/2024\/11\/IMG_9269-scaled.jpg\",\"width\":2560,\"height\":1920},{\"@type\":\"BreadcrumbList\",\"@id\":\"https:\/\/www.eslebedasauto.at\/smart-3-ein-bisschen-suv-ein-wenig-sport-etwas-shootingbrake-fertig-ist-der-e-suv-anwaerter\/#breadcrumb\",\"itemListElement\":[{\"@type\":\"ListItem\",\"position\":1,\"name\":\"Startseite\",\"item\":\"https:\/\/www.eslebedasauto.at\/\"},{\"@type\":\"ListItem\",\"position\":2,\"name\":\"Smart #3 &#8211; ein bisschen SUV, ein wenig Sport, etwas Shootingbrake &#8211; fertig ist der E-SUV Anw\u00e4rter.\"}]},{\"@type\":\"WebSite\",\"@id\":\"https:\/\/www.eslebedasauto.at\/#website\",\"url\":\"https:\/\/www.eslebedasauto.at\/\",\"name\":\"Es lebe das Auto\",\"description\":\"ein Hoch auf den Individualverkehr\",\"publisher\":{\"@id\":\"https:\/\/www.eslebedasauto.at\/#organization\"},\"potentialAction\":[{\"@type\":\"SearchAction\",\"target\":{\"@type\":\"EntryPoint\",\"urlTemplate\":\"https:\/\/www.eslebedasauto.at\/?s={search_term_string}\"},\"query-input\":{\"@type\":\"PropertyValueSpecification\",\"valueRequired\":true,\"valueName\":\"search_term_string\"}}],\"inLanguage\":\"en-GB\"},{\"@type\":\"Organization\",\"@id\":\"https:\/\/www.eslebedasauto.at\/#organization\",\"name\":\"eslebedasauto\",\"url\":\"https:\/\/www.eslebedasauto.at\/\",\"logo\":{\"@type\":\"ImageObject\",\"inLanguage\":\"en-GB\",\"@id\":\"https:\/\/www.eslebedasauto.at\/#\/schema\/logo\/image\/\",\"url\":\"https:\/\/www.eslebedasauto.at\/wp-content\/uploads\/2025\/10\/eldarund.png\",\"contentUrl\":\"https:\/\/www.eslebedasauto.at\/wp-content\/uploads\/2025\/10\/eldarund.png\",\"width\":1024,\"height\":1024,\"caption\":\"eslebedasauto\"},\"image\":{\"@id\":\"https:\/\/www.eslebedasauto.at\/#\/schema\/logo\/image\/\"},\"sameAs\":[\"https:\/\/www.facebook.com\/eslebedasauto.at\",\"https:\/\/www.instagram.com\/es_lebe_das_auto\/\"]},{\"@type\":\"Person\",\"@id\":\"https:\/\/www.eslebedasauto.at\/#\/schema\/person\/4ecfb7fe1eb40654e5370227118c3fc2\",\"name\":\"Juergen\",\"url\":\"https:\/\/www.eslebedasauto.at\/en\/author\/netzwerkkapitaene-og\/\"}]}<\/script>\n<!-- \/ Yoast SEO plugin. -->","yoast_head_json":{"title":"Smart #3 - ein bisschen SUV, ein wenig Sport, etwas Shootingbrake - fertig ist der E-SUV Anw\u00e4rter. - Es lebe das Auto","robots":{"index":"index","follow":"follow","max-snippet":"max-snippet:-1","max-image-preview":"max-image-preview:large","max-video-preview":"max-video-preview:-1"},"canonical":"https:\/\/www.eslebedasauto.at\/en\/smart-3-ein-bisschen-suv-ein-wenig-sport-etwas-shootingbrake-fertig-ist-der-e-suv-anwaerter\/","og_locale":"en_GB","og_type":"article","og_title":"Smart #3 - ein bisschen SUV, ein wenig Sport, etwas Shootingbrake - fertig ist der E-SUV Anw\u00e4rter. - Es lebe das Auto","og_description":"Smart hat sich v\u00f6llig neu erfunden und bringt mit dem smart #3 ein Elektro-SUV-Coup\u00e9, das Platz, sportlichen Antrieb und modernes Design in der Kompaktklasse vereint. Das urspr\u00fcngliche Konzept von smart als City-Flitzer ist Vergangenheit: Stattdessen zeigt sich der neue smart #3 als erwachsenes, schnittiges Fahrzeug, das trotz einiger Schw\u00e4chen f\u00fcr das kompakte E-SUV-Segment eine interessante&hellip;&nbsp;Read More &raquo;Smart #3 &#8211; ein bisschen SUV, ein wenig Sport, etwas Shootingbrake &#8211; fertig ist der E-SUV Anw\u00e4rter.","og_url":"https:\/\/www.eslebedasauto.at\/en\/smart-3-ein-bisschen-suv-ein-wenig-sport-etwas-shootingbrake-fertig-ist-der-e-suv-anwaerter\/","og_site_name":"Es lebe das Auto","article_publisher":"https:\/\/www.facebook.com\/eslebedasauto.at","article_published_time":"2024-11-13T11:43:39+00:00","og_image":[{"width":2560,"height":1920,"url":"https:\/\/www.eslebedasauto.at\/wp-content\/uploads\/2024\/11\/IMG_9269-scaled.jpg","type":"image\/jpeg"}],"author":"Juergen","twitter_card":"summary_large_image","twitter_misc":{"Written by":"Juergen","Estimated reading time":"10 minutes"},"schema":{"@context":"https:\/\/schema.org","@graph":[{"@type":"Article","@id":"https:\/\/www.eslebedasauto.at\/smart-3-ein-bisschen-suv-ein-wenig-sport-etwas-shootingbrake-fertig-ist-der-e-suv-anwaerter\/#article","isPartOf":{"@id":"https:\/\/www.eslebedasauto.at\/smart-3-ein-bisschen-suv-ein-wenig-sport-etwas-shootingbrake-fertig-ist-der-e-suv-anwaerter\/"},"author":{"name":"Juergen","@id":"https:\/\/www.eslebedasauto.at\/#\/schema\/person\/4ecfb7fe1eb40654e5370227118c3fc2"},"headline":"Smart #3 &#8211; ein bisschen SUV, ein wenig Sport, etwas Shootingbrake &#8211; fertig ist der E-SUV Anw\u00e4rter.","datePublished":"2024-11-13T11:43:39+00:00","mainEntityOfPage":{"@id":"https:\/\/www.eslebedasauto.at\/smart-3-ein-bisschen-suv-ein-wenig-sport-etwas-shootingbrake-fertig-ist-der-e-suv-anwaerter\/"},"wordCount":693,"commentCount":0,"publisher":{"@id":"https:\/\/www.eslebedasauto.at\/#organization"},"image":{"@id":"https:\/\/www.eslebedasauto.at\/smart-3-ein-bisschen-suv-ein-wenig-sport-etwas-shootingbrake-fertig-ist-der-e-suv-anwaerter\/#primaryimage"},"thumbnailUrl":"https:\/\/www.eslebedasauto.at\/wp-content\/uploads\/2024\/11\/IMG_9269-scaled.jpg","articleSection":["Allgemein"],"inLanguage":"en-GB","potentialAction":[{"@type":"CommentAction","name":"Comment","target":["https:\/\/www.eslebedasauto.at\/smart-3-ein-bisschen-suv-ein-wenig-sport-etwas-shootingbrake-fertig-ist-der-e-suv-anwaerter\/#respond"]}]},{"@type":"WebPage","@id":"https:\/\/www.eslebedasauto.at\/smart-3-ein-bisschen-suv-ein-wenig-sport-etwas-shootingbrake-fertig-ist-der-e-suv-anwaerter\/","url":"https:\/\/www.eslebedasauto.at\/smart-3-ein-bisschen-suv-ein-wenig-sport-etwas-shootingbrake-fertig-ist-der-e-suv-anwaerter\/","name":"Smart #3 - ein bisschen SUV, ein wenig Sport, etwas Shootingbrake - fertig ist der E-SUV Anw\u00e4rter. - Es lebe das Auto","isPartOf":{"@id":"https:\/\/www.eslebedasauto.at\/#website"},"primaryImageOfPage":{"@id":"https:\/\/www.eslebedasauto.at\/smart-3-ein-bisschen-suv-ein-wenig-sport-etwas-shootingbrake-fertig-ist-der-e-suv-anwaerter\/#primaryimage"},"image":{"@id":"https:\/\/www.eslebedasauto.at\/smart-3-ein-bisschen-suv-ein-wenig-sport-etwas-shootingbrake-fertig-ist-der-e-suv-anwaerter\/#primaryimage"},"thumbnailUrl":"https:\/\/www.eslebedasauto.at\/wp-content\/uploads\/2024\/11\/IMG_9269-scaled.jpg","datePublished":"2024-11-13T11:43:39+00:00","breadcrumb":{"@id":"https:\/\/www.eslebedasauto.at\/smart-3-ein-bisschen-suv-ein-wenig-sport-etwas-shootingbrake-fertig-ist-der-e-suv-anwaerter\/#breadcrumb"},"inLanguage":"en-GB","potentialAction":[{"@type":"ReadAction","target":["https:\/\/www.eslebedasauto.at\/smart-3-ein-bisschen-suv-ein-wenig-sport-etwas-shootingbrake-fertig-ist-der-e-suv-anwaerter\/"]}]},{"@type":"ImageObject","inLanguage":"en-GB","@id":"https:\/\/www.eslebedasauto.at\/smart-3-ein-bisschen-suv-ein-wenig-sport-etwas-shootingbrake-fertig-ist-der-e-suv-anwaerter\/#primaryimage","url":"https:\/\/www.eslebedasauto.at\/wp-content\/uploads\/2024\/11\/IMG_9269-scaled.jpg","contentUrl":"https:\/\/www.eslebedasauto.at\/wp-content\/uploads\/2024\/11\/IMG_9269-scaled.jpg","width":2560,"height":1920},{"@type":"BreadcrumbList","@id":"https:\/\/www.eslebedasauto.at\/smart-3-ein-bisschen-suv-ein-wenig-sport-etwas-shootingbrake-fertig-ist-der-e-suv-anwaerter\/#breadcrumb","itemListElement":[{"@type":"ListItem","position":1,"name":"Startseite","item":"https:\/\/www.eslebedasauto.at\/"},{"@type":"ListItem","position":2,"name":"Smart #3 &#8211; ein bisschen SUV, ein wenig Sport, etwas Shootingbrake &#8211; fertig ist der E-SUV Anw\u00e4rter."}]},{"@type":"WebSite","@id":"https:\/\/www.eslebedasauto.at\/#website","url":"https:\/\/www.eslebedasauto.at\/","name":"Es lebe das Auto","description":"ein Hoch auf den Individualverkehr","publisher":{"@id":"https:\/\/www.eslebedasauto.at\/#organization"},"potentialAction":[{"@type":"SearchAction","target":{"@type":"EntryPoint","urlTemplate":"https:\/\/www.eslebedasauto.at\/?s={search_term_string}"},"query-input":{"@type":"PropertyValueSpecification","valueRequired":true,"valueName":"search_term_string"}}],"inLanguage":"en-GB"},{"@type":"Organization","@id":"https:\/\/www.eslebedasauto.at\/#organization","name":"eslebedasauto","url":"https:\/\/www.eslebedasauto.at\/","logo":{"@type":"ImageObject","inLanguage":"en-GB","@id":"https:\/\/www.eslebedasauto.at\/#\/schema\/logo\/image\/","url":"https:\/\/www.eslebedasauto.at\/wp-content\/uploads\/2025\/10\/eldarund.png","contentUrl":"https:\/\/www.eslebedasauto.at\/wp-content\/uploads\/2025\/10\/eldarund.png","width":1024,"height":1024,"caption":"eslebedasauto"},"image":{"@id":"https:\/\/www.eslebedasauto.at\/#\/schema\/logo\/image\/"},"sameAs":["https:\/\/www.facebook.com\/eslebedasauto.at","https:\/\/www.instagram.com\/es_lebe_das_auto\/"]},{"@type":"Person","@id":"https:\/\/www.eslebedasauto.at\/#\/schema\/person\/4ecfb7fe1eb40654e5370227118c3fc2","name":"Juergen","url":"https:\/\/www.eslebedasauto.at\/en\/author\/netzwerkkapitaene-og\/"}]}},"_links":{"self":[{"href":"https:\/\/www.eslebedasauto.at\/en\/wp-json\/wp\/v2\/posts\/96967","targetHints":{"allow":["GET"]}}],"collection":[{"href":"https:\/\/www.eslebedasauto.at\/en\/wp-json\/wp\/v2\/posts"}],"about":[{"href":"https:\/\/www.eslebedasauto.at\/en\/wp-json\/wp\/v2\/types\/post"}],"author":[{"embeddable":true,"href":"https:\/\/www.eslebedasauto.at\/en\/wp-json\/wp\/v2\/users\/1"}],"replies":[{"embeddable":true,"href":"https:\/\/www.eslebedasauto.at\/en\/wp-json\/wp\/v2\/comments?post=96967"}],"version-history":[{"count":2,"href":"https:\/\/www.eslebedasauto.at\/en\/wp-json\/wp\/v2\/posts\/96967\/revisions"}],"predecessor-version":[{"id":97007,"href":"https:\/\/www.eslebedasauto.at\/en\/wp-json\/wp\/v2\/posts\/96967\/revisions\/97007"}],"wp:featuredmedia":[{"embeddable":true,"href":"https:\/\/www.eslebedasauto.at\/en\/wp-json\/wp\/v2\/media\/96971"}],"wp:attachment":[{"href":"https:\/\/www.eslebedasauto.at\/en\/wp-json\/wp\/v2\/media?parent=96967"}],"wp:term":[{"taxonomy":"category","embeddable":true,"href":"https:\/\/www.eslebedasauto.at\/en\/wp-json\/wp\/v2\/categories?post=96967"},{"taxonomy":"post_tag","embeddable":true,"href":"https:\/\/www.eslebedasauto.at\/en\/wp-json\/wp\/v2\/tags?post=96967"}],"curies":[{"name":"wp","href":"https:\/\/api.w.org\/{rel}","templated":true}]}}